{"id":45259,"date":"2020-03-10T19:15:13","date_gmt":"2020-03-10T22:15:13","guid":{"rendered":"https:\/\/webdelmaestrocmf.com\/portal\/?p=45259"},"modified":"2022-02-28T22:58:24","modified_gmt":"2022-03-01T01:58:24","slug":"modelos-de-programacion-anual-del-area-comunicacion","status":"publish","type":"post","link":"https:\/\/webdelmaestrocmf.com\/portal\/modelos-de-programacion-anual-del-area-comunicacion\/","title":{"rendered":"Modelos de programaci\u00f3n anual del \u00e1rea Comunicaci\u00f3n"},"content":{"rendered":"<h5 style=\"text-align: justify;\">El \u00e1rea de Comunicaci\u00f3n es una de las primeras en ser integradas al Nuevo Sistema Nacional de Desarrollo Curricular. Esto implica realizar una serie de cambios de forma y perspectiva a fin de llevar a cabo una implementaci\u00f3n coherente a la naturaleza de la nueva propuesta curricular. Dentro de su nueva matriz de competencias y capacidades el \u00c1rea de Comunicaci\u00f3n presenta 4 competencias y 19 capacidades. Cada competencia involucra un conjunto de capacidades y a su vez estas se eval\u00faan con sus respectivos indicadores de acuerdo al ciclo o grado.<\/h5>\n<p><!--more--><\/p>\n<p style=\"text-align: justify;\">El Nuevo Sistema Nacional de Desarrollo Curricular demanda tambi\u00e9n la evaluaci\u00f3n de las competencias con el prop\u00f3sito de monitorear peri\u00f3dicamente su desarrollo. Este es un proceso de evaluaci\u00f3n distinto al de evaluaci\u00f3n de las capacidades, el cual se lleva a cabo haciendo uso de los indicadores de desempe\u00f1o de la competencia correspondientes.<\/p>\n<p><img loading=\"lazy\" decoding=\"async\" class=\"alignnone wp-image-45261\" src=\"https:\/\/webdelmaestrocmf.com\/portal\/wp-content\/uploads\/2020\/03\/3c.jpg\" alt=\"\" width=\"689\" height=\"517\" srcset=\"https:\/\/webdelmaestrocmf.com\/portal\/wp-content\/uploads\/2020\/03\/3c.jpg 638w, https:\/\/webdelmaestrocmf.com\/portal\/wp-content\/uploads\/2020\/03\/3c-300x225.jpg 300w, https:\/\/webdelmaestrocmf.com\/portal\/wp-content\/uploads\/2020\/03\/3c-110x83.jpg 110w, https:\/\/webdelmaestrocmf.com\/portal\/wp-content\/uploads\/2020\/03\/3c-200x150.jpg 200w, https:\/\/webdelmaestrocmf.com\/portal\/wp-content\/uploads\/2020\/03\/3c-380x285.jpg 380w, https:\/\/webdelmaestrocmf.com\/portal\/wp-content\/uploads\/2020\/03\/3c-255x191.jpg 255w, https:\/\/webdelmaestrocmf.com\/portal\/wp-content\/uploads\/2020\/03\/3c-550x413.jpg 550w\" sizes=\"auto, (max-width: 689px) 100vw, 689px\" \/><\/p>\n<p style=\"text-align: justify;\">El enfoque a seguir es el Enfoque Comunicativo Textual a trav\u00e9s del cual se enfatiza el proceso comunicativo mediante la emisi\u00f3n de textos escritos u orales a partir de situaciones comunicativas contextualizadas a fin de favorecer la comunicaci\u00f3n con intenciones comunicativas reales y pertinentes a los intereses y necesidades de los estudiantes. El texto como una unidad comunicativa a su vez comprende diversos enunciados, siendo cada uno de estos \u00faltimos una unidad m\u00ednima de comunicaci\u00f3n sea una oraci\u00f3n o no.<\/p>\n<p><img loading=\"lazy\" decoding=\"async\" class=\"alignnone size-full wp-image-45260\" src=\"https:\/\/webdelmaestrocmf.com\/portal\/wp-content\/uploads\/2020\/03\/2c-6.jpg\" alt=\"\" width=\"1597\" height=\"1031\" srcset=\"https:\/\/webdelmaestrocmf.com\/portal\/wp-content\/uploads\/2020\/03\/2c-6.jpg 1597w, https:\/\/webdelmaestrocmf.com\/portal\/wp-content\/uploads\/2020\/03\/2c-6-300x194.jpg 300w, https:\/\/webdelmaestrocmf.com\/portal\/wp-content\/uploads\/2020\/03\/2c-6-1024x661.jpg 1024w, https:\/\/webdelmaestrocmf.com\/portal\/wp-content\/uploads\/2020\/03\/2c-6-768x496.jpg 768w, https:\/\/webdelmaestrocmf.com\/portal\/wp-content\/uploads\/2020\/03\/2c-6-1536x992.jpg 1536w, https:\/\/webdelmaestrocmf.com\/portal\/wp-content\/uploads\/2020\/03\/2c-6-110x71.jpg 110w, https:\/\/webdelmaestrocmf.com\/portal\/wp-content\/uploads\/2020\/03\/2c-6-200x129.jpg 200w, https:\/\/webdelmaestrocmf.com\/portal\/wp-content\/uploads\/2020\/03\/2c-6-380x245.jpg 380w, https:\/\/webdelmaestrocmf.com\/portal\/wp-content\/uploads\/2020\/03\/2c-6-255x165.jpg 255w, https:\/\/webdelmaestrocmf.com\/portal\/wp-content\/uploads\/2020\/03\/2c-6-550x355.jpg 550w, https:\/\/webdelmaestrocmf.com\/portal\/wp-content\/uploads\/2020\/03\/2c-6-800x516.jpg 800w, https:\/\/webdelmaestrocmf.com\/portal\/wp-content\/uploads\/2020\/03\/2c-6-1160x749.jpg 1160w\" sizes=\"auto, (max-width: 1597px) 100vw, 1597px\" \/><\/p>\n<p style=\"text-align: justify;\">Desarrollar las habilidades comunicativas de los estudiantes haciendo uso de su lengua materna es la finalidad de cada una de las competencias propuestas. La integralidad de las \u00e1reas propuesta con el nuevo sistema implica involucrar los procesos de aprendizaje de las dem\u00e1s \u00e1reas en el desarrollo de las capacidades y competencias comunicativas.<\/p>\n<p style=\"text-align: center;\">Recomendamos a la Comunidad Educativa Digital tener en cuenta que, el enlace y\/o la carpeta en donde est\u00e1n alojados los libros, recursos y\/o materiales, no es administrado por la Web del Maestro CMF, pueda ser que en cuesti\u00f3n de d\u00edas (o seg\u00fan el tiempo transcurrido desde su publicaci\u00f3n), los enlaces no funcionen y el material ya no se encuentre disponible. Gracias por su comprensi\u00f3n.<\/p>\n<h3><strong>ENLACE DE LECTURA:<\/strong><\/h3>\n<p style=\"text-align: center;\">\u00a1Comparte y as\u00ed m\u00e1s docentes utilizar\u00e1n estos recursos\u00a0gratis! Muchas gracias.<\/p>\n<p style=\"text-align: center;\"><span style=\"color: #000000;\">LECTURA 1: <a style=\"color: #000000;\" href=\"https:\/\/drive.google.com\/open?id=1p-l0KkX2IJ93Yzg08umCTGel_EUynm1f\" target=\"_blank\" rel=\"noopener noreferrer\">PROGRAMACI\u00d3N CURRICULAR ANUAL DE PRIMERO<\/a><\/span><br \/>\n<span style=\"color: #000000;\">LECTURA 2: <a style=\"color: #000000;\" href=\"https:\/\/drive.google.com\/open?id=1ybgmcHXd20ptAZJcCC4daRkEiQiHmPl6\">PROGRAMACION CURRICULAR ANUAL DE SEGUNDO<\/a><\/span><br \/>\n<span style=\"color: #000000;\">LECTURA 3: <a style=\"color: #000000;\" href=\"https:\/\/drive.google.com\/open?id=1R6jg4OYcMsPAGqaG731KPUpYgjQbHplt\" target=\"_blank\" rel=\"noopener noreferrer\">PROGRAMACI\u00d3N CURRICULAR ANUAL DE TERCERO<\/a><\/span><br \/>\n<span style=\"color: #000000;\">LECTURA 4: <a style=\"color: #000000;\" href=\"https:\/\/drive.google.com\/open?id=1lD4uX9RP4xTlW_EEhP-z4SJffm8kqQSX\" target=\"_blank\" rel=\"noopener noreferrer\">PROGRAMACI\u00d3N CURRICULAR ANUAL DE CUARTO<\/a><\/span><br \/>\n<span style=\"color: #000000;\">LECTURA 5: <a style=\"color: #000000;\" href=\"https:\/\/drive.google.com\/open?id=1Tz60slU-XRPIuGPEcj8VuZfP_7qkZZLh\" target=\"_blank\" rel=\"noopener noreferrer\">PROGRAMACI\u00d3N CURRICULAR ANUAL DE QUINTO<\/a><\/span><\/p>\n\t\t<div class=\"pk-inline-posts\">\n\t\t\t\n\t\t\t<div class=\"pk-inline-posts-container pk-inline-posts-template-list\"\n\t\t\t\tdata-columns=\"1\">\n\t\t\t\t\t\t<article id=\"post-118158\" class=\"post-118158 post type-post status-publish format-standard has-post-thumbnail category-descarga category-descargas-manuales-pdf category-pedagogia tag-aprendizaje-visual tag-ciencias-naturales tag-cuerpo-humano tag-educacion-inicial tag-educacion-primaria tag-ensenanza-de-ciencias tag-fichas-educativas tag-material-didactico tag-recursos-docentes tag-sistemas-humanos cs-entry cs-video-wrap\">\n\t\t\t<div class=\"pk-post-outer\">\n\n\t\t\t\t\t\t\t\t<div class=\"pk-post-inner\">\n\t\t\t\t\t<div class=\"entry-thumbnail\">\n\t\t\t\t\t\t<div class=\"pk-overlay pk-overlay-ratio pk-ratio-landscape\">\n\t\t\t\t\t\t\t<div class=\"pk-overlay-background\">\n\t\t\t\t\t\t\t\t<a href=\"https:\/\/webdelmaestrocmf.com\/portal\/descarga-las-fichas-educativas-de-los-sistemas-del-cuerpo-humano-tres-modelos-y-disenos\/\" class=\"pk-overlay-link\">\n\t\t\t\t\t\t\t\t\t<img loading=\"lazy\" decoding=\"async\" width=\"300\" height=\"225\" src=\"https:\/\/webdelmaestrocmf.com\/portal\/wp-content\/uploads\/2026\/04\/1AA-Banner-1-portada-imagen-10-1-copia-33-300x225.webp\" class=\"attachment-pk-thumbnail size-pk-thumbnail wp-post-image\" alt=\"\" \/>\t\t\t\t\t\t\t\t<\/a>\n\t\t\t\t\t\t\t<\/div>\n\t\t\t\t\t\t<\/div>\n\t\t\t\t\t<\/div>\n\t\t\t\t<\/div>\n\t\t\t\t\n\t\t\t\t<div class=\"pk-post-inner\">\n\t\t\t\t\t<header>\n\t\t\t\t\t\t<h3 class=\"pk-title\"><a href=\"https:\/\/webdelmaestrocmf.com\/portal\/descarga-las-fichas-educativas-de-los-sistemas-del-cuerpo-humano-tres-modelos-y-disenos\/\" rel=\"bookmark\">Descarga las fichas educativas de los Sistemas del cuerpo humano: tres modelos y dise\u00f1os<\/a><\/h3>\t\t\t\t\t<\/header><!-- .entry-header -->\n\t\t\t\t<\/div><!-- .post-inner -->\n\n\t\t\t<\/div><!-- .post-outer -->\n\t\t<\/article>\n\t\t\t\t<\/div>\n\t\t<\/div>\n\t\t\n","protected":false},"excerpt":{"rendered":"El \u00e1rea de Comunicaci\u00f3n es una de las primeras en ser integradas al Nuevo Sistema Nacional de Desarrollo&hellip;","protected":false},"author":1,"featured_media":45265,"comment_status":"open","ping_status":"closed","sticky":false,"template":"","format":"standard","meta":{"csco_display_header_overlay":false,"csco_singular_sidebar":"default","csco_page_header_type":"default","csco_page_load_nextpost":"default","csco_post_video_location":[],"csco_post_video_location_hash":"","csco_post_video_url":"","csco_post_video_bg_start_time":0,"csco_post_video_bg_end_time":0,"csco_post_video_bg_volume":false,"_jetpack_memberships_contains_paid_content":false,"footnotes":""},"categories":[2004,735],"tags":[2760,4762,1899,2739,2262],"class_list":{"0":"post-45259","1":"post","2":"type-post","3":"status-publish","4":"format-standard","5":"has-post-thumbnail","7":"category-descargas-manuales-pdf","8":"category-pedagogia","9":"tag-anual","10":"tag-area","11":"tag-comunicacion","12":"tag-modelos","13":"tag-programacion","14":"cs-entry","15":"cs-video-wrap"},"yoast_head":"<!-- This site is optimized with the Yoast SEO plugin v27.4 - https:\/\/yoast.com\/product\/yoast-seo-wordpress\/ -->\n<title>Modelos de programaci\u00f3n anual del \u00e1rea Comunicaci\u00f3n - 2026<\/title>\n<meta name=\"description\" content=\"El \u00e1rea de Comunicaci\u00f3n es una de las primeras en ser integradas al Nuevo Sistema Nacional de Desarrollo Curricular.\" \/>\n<meta name=\"robots\" content=\"index, follow, max-snippet:-1, max-image-preview:large, max-video-preview:-1\" \/>\n<link rel=\"canonical\" href=\"https:\/\/webdelmaestrocmf.com\/portal\/modelos-de-programacion-anual-del-area-comunicacion\/\" \/>\n<meta property=\"og:locale\" content=\"es_ES\" \/>\n<meta property=\"og:type\" content=\"article\" \/>\n<meta property=\"og:title\" content=\"Modelos de programaci\u00f3n anual del \u00e1rea Comunicaci\u00f3n - 2026\" \/>\n<meta property=\"og:description\" content=\"El \u00e1rea de Comunicaci\u00f3n es una de las primeras en ser integradas al Nuevo Sistema Nacional de Desarrollo Curricular.\" \/>\n<meta property=\"og:url\" content=\"https:\/\/webdelmaestrocmf.com\/portal\/modelos-de-programacion-anual-del-area-comunicacion\/\" \/>\n<meta property=\"og:site_name\" content=\"Web del Maestro CMF\" \/>\n<meta property=\"article:publisher\" content=\"https:\/\/www.facebook.com\/WebdelMaestroCMF\/\" \/>\n<meta property=\"article:author\" content=\"https:\/\/www.facebook.com\/WebdelMaestroCMF\/\" \/>\n<meta property=\"article:published_time\" content=\"2020-03-10T22:15:13+00:00\" \/>\n<meta property=\"article:modified_time\" content=\"2022-03-01T01:58:24+00:00\" \/>\n<meta property=\"og:image\" content=\"https:\/\/i0.wp.com\/webdelmaestrocmf.com\/portal\/wp-content\/uploads\/2020\/03\/1c-18.jpg?fit=1100%2C680&ssl=1\" \/>\n\t<meta property=\"og:image:width\" content=\"1100\" \/>\n\t<meta property=\"og:image:height\" content=\"680\" \/>\n\t<meta property=\"og:image:type\" content=\"image\/jpeg\" \/>\n<meta name=\"author\" content=\"Web del Maestro CMF\" \/>\n<meta name=\"twitter:card\" content=\"summary_large_image\" \/>\n<meta name=\"twitter:creator\" content=\"@cmf_w\" \/>\n<meta name=\"twitter:site\" content=\"@cmf_w\" \/>\n<meta name=\"twitter:label1\" content=\"Escrito por\" \/>\n\t<meta name=\"twitter:data1\" content=\"Web del Maestro CMF\" \/>\n\t<meta name=\"twitter:label2\" content=\"Tiempo de lectura\" \/>\n\t<meta name=\"twitter:data2\" content=\"2 minutos\" \/>\n<script type=\"application\/ld+json\" class=\"yoast-schema-graph\">{\"@context\":\"https:\\\/\\\/schema.org\",\"@graph\":[{\"@type\":\"ScholarlyArticle\",\"@id\":\"https:\\\/\\\/webdelmaestrocmf.com\\\/portal\\\/modelos-de-programacion-anual-del-area-comunicacion\\\/#article\",\"isPartOf\":{\"@id\":\"https:\\\/\\\/webdelmaestrocmf.com\\\/portal\\\/modelos-de-programacion-anual-del-area-comunicacion\\\/\"},\"author\":{\"name\":\"Web del Maestro CMF\",\"@id\":\"https:\\\/\\\/webdelmaestrocmf.com\\\/portal\\\/#\\\/schema\\\/person\\\/1072a2ed7bd960df8ef99a551fa35dc5\"},\"headline\":\"Modelos de programaci\u00f3n anual del \u00e1rea Comunicaci\u00f3n\",\"datePublished\":\"2020-03-10T22:15:13+00:00\",\"dateModified\":\"2022-03-01T01:58:24+00:00\",\"mainEntityOfPage\":{\"@id\":\"https:\\\/\\\/webdelmaestrocmf.com\\\/portal\\\/modelos-de-programacion-anual-del-area-comunicacion\\\/\"},\"wordCount\":423,\"commentCount\":0,\"publisher\":{\"@id\":\"https:\\\/\\\/webdelmaestrocmf.com\\\/portal\\\/#organization\"},\"image\":{\"@id\":\"https:\\\/\\\/webdelmaestrocmf.com\\\/portal\\\/modelos-de-programacion-anual-del-area-comunicacion\\\/#primaryimage\"},\"thumbnailUrl\":\"https:\\\/\\\/webdelmaestrocmf.com\\\/portal\\\/wp-content\\\/uploads\\\/2020\\\/03\\\/1c-18.jpg\",\"keywords\":[\"ANUAL\",\"\u00e1rea\",\"COMUNICACI\u00d3N\",\"MODELOS\",\"PROGRAMACI\u00d3N\"],\"articleSection\":[\"Descargas Manuales PDF\",\"Recursos\"],\"inLanguage\":\"es\",\"potentialAction\":[{\"@type\":\"CommentAction\",\"name\":\"Comment\",\"target\":[\"https:\\\/\\\/webdelmaestrocmf.com\\\/portal\\\/modelos-de-programacion-anual-del-area-comunicacion\\\/#respond\"]}]},{\"@type\":\"WebPage\",\"@id\":\"https:\\\/\\\/webdelmaestrocmf.com\\\/portal\\\/modelos-de-programacion-anual-del-area-comunicacion\\\/\",\"url\":\"https:\\\/\\\/webdelmaestrocmf.com\\\/portal\\\/modelos-de-programacion-anual-del-area-comunicacion\\\/\",\"name\":\"Modelos de programaci\u00f3n anual del \u00e1rea Comunicaci\u00f3n - 2026\",\"isPartOf\":{\"@id\":\"https:\\\/\\\/webdelmaestrocmf.com\\\/portal\\\/#website\"},\"primaryImageOfPage\":{\"@id\":\"https:\\\/\\\/webdelmaestrocmf.com\\\/portal\\\/modelos-de-programacion-anual-del-area-comunicacion\\\/#primaryimage\"},\"image\":{\"@id\":\"https:\\\/\\\/webdelmaestrocmf.com\\\/portal\\\/modelos-de-programacion-anual-del-area-comunicacion\\\/#primaryimage\"},\"thumbnailUrl\":\"https:\\\/\\\/webdelmaestrocmf.com\\\/portal\\\/wp-content\\\/uploads\\\/2020\\\/03\\\/1c-18.jpg\",\"datePublished\":\"2020-03-10T22:15:13+00:00\",\"dateModified\":\"2022-03-01T01:58:24+00:00\",\"description\":\"El \u00e1rea de Comunicaci\u00f3n es una de las primeras en ser integradas al Nuevo Sistema Nacional de Desarrollo Curricular.\",\"breadcrumb\":{\"@id\":\"https:\\\/\\\/webdelmaestrocmf.com\\\/portal\\\/modelos-de-programacion-anual-del-area-comunicacion\\\/#breadcrumb\"},\"inLanguage\":\"es\",\"potentialAction\":[{\"@type\":\"ReadAction\",\"target\":[\"https:\\\/\\\/webdelmaestrocmf.com\\\/portal\\\/modelos-de-programacion-anual-del-area-comunicacion\\\/\"]}]},{\"@type\":\"ImageObject\",\"inLanguage\":\"es\",\"@id\":\"https:\\\/\\\/webdelmaestrocmf.com\\\/portal\\\/modelos-de-programacion-anual-del-area-comunicacion\\\/#primaryimage\",\"url\":\"https:\\\/\\\/webdelmaestrocmf.com\\\/portal\\\/wp-content\\\/uploads\\\/2020\\\/03\\\/1c-18.jpg\",\"contentUrl\":\"https:\\\/\\\/webdelmaestrocmf.com\\\/portal\\\/wp-content\\\/uploads\\\/2020\\\/03\\\/1c-18.jpg\",\"width\":1100,\"height\":680},{\"@type\":\"BreadcrumbList\",\"@id\":\"https:\\\/\\\/webdelmaestrocmf.com\\\/portal\\\/modelos-de-programacion-anual-del-area-comunicacion\\\/#breadcrumb\",\"itemListElement\":[{\"@type\":\"ListItem\",\"position\":1,\"name\":\"Portada\",\"item\":\"https:\\\/\\\/webdelmaestrocmf.com\\\/portal\\\/\"},{\"@type\":\"ListItem\",\"position\":2,\"name\":\"Recursos\",\"item\":\"https:\\\/\\\/webdelmaestrocmf.com\\\/portal\\\/category\\\/pedagogia\\\/\"},{\"@type\":\"ListItem\",\"position\":3,\"name\":\"Modelos de programaci\u00f3n anual del \u00e1rea Comunicaci\u00f3n\"}]},{\"@type\":\"WebSite\",\"@id\":\"https:\\\/\\\/webdelmaestrocmf.com\\\/portal\\\/#website\",\"url\":\"https:\\\/\\\/webdelmaestrocmf.com\\\/portal\\\/\",\"name\":\"Web del Maestro CMF\",\"description\":\"Maestros al servicio de la educaci\u00f3n\",\"publisher\":{\"@id\":\"https:\\\/\\\/webdelmaestrocmf.com\\\/portal\\\/#organization\"},\"alternateName\":\"WMCMF\",\"potentialAction\":[{\"@type\":\"SearchAction\",\"target\":{\"@type\":\"EntryPoint\",\"urlTemplate\":\"https:\\\/\\\/webdelmaestrocmf.com\\\/portal\\\/?s={search_term_string}\"},\"query-input\":{\"@type\":\"PropertyValueSpecification\",\"valueRequired\":true,\"valueName\":\"search_term_string\"}}],\"inLanguage\":\"es\"},{\"@type\":\"Organization\",\"@id\":\"https:\\\/\\\/webdelmaestrocmf.com\\\/portal\\\/#organization\",\"name\":\"Web del Maestro CMF\",\"alternateName\":\"WMCMF\",\"url\":\"https:\\\/\\\/webdelmaestrocmf.com\\\/portal\\\/\",\"logo\":{\"@type\":\"ImageObject\",\"inLanguage\":\"es\",\"@id\":\"https:\\\/\\\/webdelmaestrocmf.com\\\/portal\\\/#\\\/schema\\\/logo\\\/image\\\/\",\"url\":\"https:\\\/\\\/webdelmaestrocmf.com\\\/portal\\\/wp-content\\\/uploads\\\/2023\\\/01\\\/logo-wmcmf-2.png\",\"contentUrl\":\"https:\\\/\\\/webdelmaestrocmf.com\\\/portal\\\/wp-content\\\/uploads\\\/2023\\\/01\\\/logo-wmcmf-2.png\",\"width\":200,\"height\":60,\"caption\":\"Web del Maestro CMF\"},\"image\":{\"@id\":\"https:\\\/\\\/webdelmaestrocmf.com\\\/portal\\\/#\\\/schema\\\/logo\\\/image\\\/\"},\"sameAs\":[\"https:\\\/\\\/www.facebook.com\\\/WebdelMaestroCMF\\\/\",\"https:\\\/\\\/x.com\\\/cmf_w\",\"https:\\\/\\\/www.pinterest.com\\\/WMCMF\\\/\",\"https:\\\/\\\/www.linkedin.com\\\/company\\\/web-del-maestro-cmf\\\/\",\"https:\\\/\\\/www.instagram.com\\\/wmcmf\\\/\",\"https:\\\/\\\/www.youtube.com\\\/channel\\\/UCDPSvjbdodE5sHnC3OxutHw\",\"https:\\\/\\\/mastodon.social\\\/@wmcmf\",\"https:\\\/\\\/www.tiktok.com\\\/@webdelmaestrocmf\"]},{\"@type\":\"Person\",\"@id\":\"https:\\\/\\\/webdelmaestrocmf.com\\\/portal\\\/#\\\/schema\\\/person\\\/1072a2ed7bd960df8ef99a551fa35dc5\",\"name\":\"Web del Maestro CMF\",\"image\":{\"@type\":\"ImageObject\",\"inLanguage\":\"es\",\"@id\":\"https:\\\/\\\/secure.gravatar.com\\\/avatar\\\/23291dd5b5ae1077dcff3dbb04c3e02bd28403fa75af6d8787d5e97c5bbbe30b?s=96&d=mm&r=g\",\"url\":\"https:\\\/\\\/secure.gravatar.com\\\/avatar\\\/23291dd5b5ae1077dcff3dbb04c3e02bd28403fa75af6d8787d5e97c5bbbe30b?s=96&d=mm&r=g\",\"contentUrl\":\"https:\\\/\\\/secure.gravatar.com\\\/avatar\\\/23291dd5b5ae1077dcff3dbb04c3e02bd28403fa75af6d8787d5e97c5bbbe30b?s=96&d=mm&r=g\",\"caption\":\"Web del Maestro CMF\"},\"description\":\"Esta Web se cre\u00f3 sin fines de lucro, con fines educativos, cient\u00edficos y acad\u00e9micos, para personas que tengan dificultades y\\\/o inconvenientes en visualizar el material original. El objetivo es entregar recursos, compartir experiencias y materiales que ayuden a los padres de familia, maestros y estudiantes en su actualizaci\u00f3n y formaci\u00f3n permanente, en bien de la Educaci\u00f3n.\",\"sameAs\":[\"http:\\\/\\\/webdelmaestrocmf.com\\\/portal\",\"https:\\\/\\\/www.facebook.com\\\/WebdelMaestroCMF\\\/\",\"https:\\\/\\\/www.instagram.com\\\/wmcmf\\\/\",\"https:\\\/\\\/cl.linkedin.com\\\/company\\\/web-del-maestro-cmf\",\"https:\\\/\\\/www.pinterest.com\\\/WMCMF\\\/publicaciones\\\/\",\"https:\\\/\\\/x.com\\\/cmf_w\",\"https:\\\/\\\/www.youtube.com\\\/@WMCMF\"]}]}<\/script>\n<!-- \/ Yoast SEO plugin. -->","yoast_head_json":{"title":"Modelos de programaci\u00f3n anual del \u00e1rea Comunicaci\u00f3n - 2026","description":"El \u00e1rea de Comunicaci\u00f3n es una de las primeras en ser integradas al Nuevo Sistema Nacional de Desarrollo Curricular.","robots":{"index":"index","follow":"follow","max-snippet":"max-snippet:-1","max-image-preview":"max-image-preview:large","max-video-preview":"max-video-preview:-1"},"canonical":"https:\/\/webdelmaestrocmf.com\/portal\/modelos-de-programacion-anual-del-area-comunicacion\/","og_locale":"es_ES","og_type":"article","og_title":"Modelos de programaci\u00f3n anual del \u00e1rea Comunicaci\u00f3n - 2026","og_description":"El \u00e1rea de Comunicaci\u00f3n es una de las primeras en ser integradas al Nuevo Sistema Nacional de Desarrollo Curricular.","og_url":"https:\/\/webdelmaestrocmf.com\/portal\/modelos-de-programacion-anual-del-area-comunicacion\/","og_site_name":"Web del Maestro CMF","article_publisher":"https:\/\/www.facebook.com\/WebdelMaestroCMF\/","article_author":"https:\/\/www.facebook.com\/WebdelMaestroCMF\/","article_published_time":"2020-03-10T22:15:13+00:00","article_modified_time":"2022-03-01T01:58:24+00:00","og_image":[{"width":1100,"height":680,"url":"https:\/\/i0.wp.com\/webdelmaestrocmf.com\/portal\/wp-content\/uploads\/2020\/03\/1c-18.jpg?fit=1100%2C680&ssl=1","type":"image\/jpeg"}],"author":"Web del Maestro CMF","twitter_card":"summary_large_image","twitter_creator":"@cmf_w","twitter_site":"@cmf_w","twitter_misc":{"Escrito por":"Web del Maestro CMF","Tiempo de lectura":"2 minutos"},"schema":{"@context":"https:\/\/schema.org","@graph":[{"@type":"ScholarlyArticle","@id":"https:\/\/webdelmaestrocmf.com\/portal\/modelos-de-programacion-anual-del-area-comunicacion\/#article","isPartOf":{"@id":"https:\/\/webdelmaestrocmf.com\/portal\/modelos-de-programacion-anual-del-area-comunicacion\/"},"author":{"name":"Web del Maestro CMF","@id":"https:\/\/webdelmaestrocmf.com\/portal\/#\/schema\/person\/1072a2ed7bd960df8ef99a551fa35dc5"},"headline":"Modelos de programaci\u00f3n anual del \u00e1rea Comunicaci\u00f3n","datePublished":"2020-03-10T22:15:13+00:00","dateModified":"2022-03-01T01:58:24+00:00","mainEntityOfPage":{"@id":"https:\/\/webdelmaestrocmf.com\/portal\/modelos-de-programacion-anual-del-area-comunicacion\/"},"wordCount":423,"commentCount":0,"publisher":{"@id":"https:\/\/webdelmaestrocmf.com\/portal\/#organization"},"image":{"@id":"https:\/\/webdelmaestrocmf.com\/portal\/modelos-de-programacion-anual-del-area-comunicacion\/#primaryimage"},"thumbnailUrl":"https:\/\/webdelmaestrocmf.com\/portal\/wp-content\/uploads\/2020\/03\/1c-18.jpg","keywords":["ANUAL","\u00e1rea","COMUNICACI\u00d3N","MODELOS","PROGRAMACI\u00d3N"],"articleSection":["Descargas Manuales PDF","Recursos"],"inLanguage":"es","potentialAction":[{"@type":"CommentAction","name":"Comment","target":["https:\/\/webdelmaestrocmf.com\/portal\/modelos-de-programacion-anual-del-area-comunicacion\/#respond"]}]},{"@type":"WebPage","@id":"https:\/\/webdelmaestrocmf.com\/portal\/modelos-de-programacion-anual-del-area-comunicacion\/","url":"https:\/\/webdelmaestrocmf.com\/portal\/modelos-de-programacion-anual-del-area-comunicacion\/","name":"Modelos de programaci\u00f3n anual del \u00e1rea Comunicaci\u00f3n - 2026","isPartOf":{"@id":"https:\/\/webdelmaestrocmf.com\/portal\/#website"},"primaryImageOfPage":{"@id":"https:\/\/webdelmaestrocmf.com\/portal\/modelos-de-programacion-anual-del-area-comunicacion\/#primaryimage"},"image":{"@id":"https:\/\/webdelmaestrocmf.com\/portal\/modelos-de-programacion-anual-del-area-comunicacion\/#primaryimage"},"thumbnailUrl":"https:\/\/webdelmaestrocmf.com\/portal\/wp-content\/uploads\/2020\/03\/1c-18.jpg","datePublished":"2020-03-10T22:15:13+00:00","dateModified":"2022-03-01T01:58:24+00:00","description":"El \u00e1rea de Comunicaci\u00f3n es una de las primeras en ser integradas al Nuevo Sistema Nacional de Desarrollo Curricular.","breadcrumb":{"@id":"https:\/\/webdelmaestrocmf.com\/portal\/modelos-de-programacion-anual-del-area-comunicacion\/#breadcrumb"},"inLanguage":"es","potentialAction":[{"@type":"ReadAction","target":["https:\/\/webdelmaestrocmf.com\/portal\/modelos-de-programacion-anual-del-area-comunicacion\/"]}]},{"@type":"ImageObject","inLanguage":"es","@id":"https:\/\/webdelmaestrocmf.com\/portal\/modelos-de-programacion-anual-del-area-comunicacion\/#primaryimage","url":"https:\/\/webdelmaestrocmf.com\/portal\/wp-content\/uploads\/2020\/03\/1c-18.jpg","contentUrl":"https:\/\/webdelmaestrocmf.com\/portal\/wp-content\/uploads\/2020\/03\/1c-18.jpg","width":1100,"height":680},{"@type":"BreadcrumbList","@id":"https:\/\/webdelmaestrocmf.com\/portal\/modelos-de-programacion-anual-del-area-comunicacion\/#breadcrumb","itemListElement":[{"@type":"ListItem","position":1,"name":"Portada","item":"https:\/\/webdelmaestrocmf.com\/portal\/"},{"@type":"ListItem","position":2,"name":"Recursos","item":"https:\/\/webdelmaestrocmf.com\/portal\/category\/pedagogia\/"},{"@type":"ListItem","position":3,"name":"Modelos de programaci\u00f3n anual del \u00e1rea Comunicaci\u00f3n"}]},{"@type":"WebSite","@id":"https:\/\/webdelmaestrocmf.com\/portal\/#website","url":"https:\/\/webdelmaestrocmf.com\/portal\/","name":"Web del Maestro CMF","description":"Maestros al servicio de la educaci\u00f3n","publisher":{"@id":"https:\/\/webdelmaestrocmf.com\/portal\/#organization"},"alternateName":"WMCMF","potentialAction":[{"@type":"SearchAction","target":{"@type":"EntryPoint","urlTemplate":"https:\/\/webdelmaestrocmf.com\/portal\/?s={search_term_string}"},"query-input":{"@type":"PropertyValueSpecification","valueRequired":true,"valueName":"search_term_string"}}],"inLanguage":"es"},{"@type":"Organization","@id":"https:\/\/webdelmaestrocmf.com\/portal\/#organization","name":"Web del Maestro CMF","alternateName":"WMCMF","url":"https:\/\/webdelmaestrocmf.com\/portal\/","logo":{"@type":"ImageObject","inLanguage":"es","@id":"https:\/\/webdelmaestrocmf.com\/portal\/#\/schema\/logo\/image\/","url":"https:\/\/webdelmaestrocmf.com\/portal\/wp-content\/uploads\/2023\/01\/logo-wmcmf-2.png","contentUrl":"https:\/\/webdelmaestrocmf.com\/portal\/wp-content\/uploads\/2023\/01\/logo-wmcmf-2.png","width":200,"height":60,"caption":"Web del Maestro CMF"},"image":{"@id":"https:\/\/webdelmaestrocmf.com\/portal\/#\/schema\/logo\/image\/"},"sameAs":["https:\/\/www.facebook.com\/WebdelMaestroCMF\/","https:\/\/x.com\/cmf_w","https:\/\/www.pinterest.com\/WMCMF\/","https:\/\/www.linkedin.com\/company\/web-del-maestro-cmf\/","https:\/\/www.instagram.com\/wmcmf\/","https:\/\/www.youtube.com\/channel\/UCDPSvjbdodE5sHnC3OxutHw","https:\/\/mastodon.social\/@wmcmf","https:\/\/www.tiktok.com\/@webdelmaestrocmf"]},{"@type":"Person","@id":"https:\/\/webdelmaestrocmf.com\/portal\/#\/schema\/person\/1072a2ed7bd960df8ef99a551fa35dc5","name":"Web del Maestro CMF","image":{"@type":"ImageObject","inLanguage":"es","@id":"https:\/\/secure.gravatar.com\/avatar\/23291dd5b5ae1077dcff3dbb04c3e02bd28403fa75af6d8787d5e97c5bbbe30b?s=96&d=mm&r=g","url":"https:\/\/secure.gravatar.com\/avatar\/23291dd5b5ae1077dcff3dbb04c3e02bd28403fa75af6d8787d5e97c5bbbe30b?s=96&d=mm&r=g","contentUrl":"https:\/\/secure.gravatar.com\/avatar\/23291dd5b5ae1077dcff3dbb04c3e02bd28403fa75af6d8787d5e97c5bbbe30b?s=96&d=mm&r=g","caption":"Web del Maestro CMF"},"description":"Esta Web se cre\u00f3 sin fines de lucro, con fines educativos, cient\u00edficos y acad\u00e9micos, para personas que tengan dificultades y\/o inconvenientes en visualizar el material original. El objetivo es entregar recursos, compartir experiencias y materiales que ayuden a los padres de familia, maestros y estudiantes en su actualizaci\u00f3n y formaci\u00f3n permanente, en bien de la Educaci\u00f3n.","sameAs":["http:\/\/webdelmaestrocmf.com\/portal","https:\/\/www.facebook.com\/WebdelMaestroCMF\/","https:\/\/www.instagram.com\/wmcmf\/","https:\/\/cl.linkedin.com\/company\/web-del-maestro-cmf","https:\/\/www.pinterest.com\/WMCMF\/publicaciones\/","https:\/\/x.com\/cmf_w","https:\/\/www.youtube.com\/@WMCMF"]}]}},"jetpack_featured_media_url":"https:\/\/webdelmaestrocmf.com\/portal\/wp-content\/uploads\/2020\/03\/1c-18.jpg","jetpack_sharing_enabled":true,"jetpack-related-posts":[{"id":103804,"url":"https:\/\/webdelmaestrocmf.com\/portal\/programacion-anual-y-curricular-2024-todas-las-areas-y-niveles\/","url_meta":{"origin":45259,"position":0},"title":"Programaci\u00f3n Anual y Curricular 2024 | Todas las \u00c1reas y niveles","author":"Web del Maestro CMF","date":"14 febrero, 2024","format":false,"excerpt":"Con gran entusiasmo, les presentamos la Programaci\u00f3n Curricular Anual 2024, una apuesta innovadora por la educaci\u00f3n del futuro, donde la tecnolog\u00eda, la flexibilidad y la evaluaci\u00f3n personalizada se unen para crear experiencias de aprendizaje inigualables. La Programaci\u00f3n Anual (PA) es un documento fundamental en la planificaci\u00f3n educativa del Per\u00fa. Es\u2026","rel":"","context":"En \u00abDescargas Manuales PDF\u00bb","block_context":{"text":"Descargas Manuales PDF","link":"https:\/\/webdelmaestrocmf.com\/portal\/category\/pedagogia\/descargas-manuales-pdf\/"},"img":{"alt_text":"PROGRAMACI\u00d3N","src":"https:\/\/i0.wp.com\/webdelmaestrocmf.com\/portal\/wp-content\/uploads\/2024\/02\/Banner-1-portada-imagen-10-1-8-2.jpg?resize=350%2C200&ssl=1","width":350,"height":200,"srcset":"https:\/\/i0.wp.com\/webdelmaestrocmf.com\/portal\/wp-content\/uploads\/2024\/02\/Banner-1-portada-imagen-10-1-8-2.jpg?resize=350%2C200&ssl=1 1x, https:\/\/i0.wp.com\/webdelmaestrocmf.com\/portal\/wp-content\/uploads\/2024\/02\/Banner-1-portada-imagen-10-1-8-2.jpg?resize=525%2C300&ssl=1 1.5x, https:\/\/i0.wp.com\/webdelmaestrocmf.com\/portal\/wp-content\/uploads\/2024\/02\/Banner-1-portada-imagen-10-1-8-2.jpg?resize=700%2C400&ssl=1 2x"},"classes":[]},{"id":16873,"url":"https:\/\/webdelmaestrocmf.com\/portal\/lo-que-debes-de-estudiar-para-el-concurso-de-oposicion-docente-2017-2018\/","url_meta":{"origin":45259,"position":1},"title":"Preparaci\u00f3n para el concurso docente: Qu\u00e9 estudiar","author":"Web del Maestro CMF","date":"11 noviembre, 2023","format":false,"excerpt":"El concurso de oposici\u00f3n o nombramiento docente es crucial para garantizar la calidad educativa al seleccionar a profesionales altamente capacitados. Al fomentar la competencia basada en el m\u00e9rito, se promueve la excelencia y se evitan influencias externas, como la pol\u00edtica o conexiones personales, en la selecci\u00f3n de educadores. Este proceso\u2026","rel":"","context":"En \u00abDescargas Manuales PDF\u00bb","block_context":{"text":"Descargas Manuales PDF","link":"https:\/\/webdelmaestrocmf.com\/portal\/category\/pedagogia\/descargas-manuales-pdf\/"},"img":{"alt_text":"concurso docente","src":"https:\/\/i0.wp.com\/webdelmaestrocmf.com\/portal\/wp-content\/uploads\/2017\/04\/A12B3C4D-2-1.jpg?resize=350%2C200&ssl=1","width":350,"height":200,"srcset":"https:\/\/i0.wp.com\/webdelmaestrocmf.com\/portal\/wp-content\/uploads\/2017\/04\/A12B3C4D-2-1.jpg?resize=350%2C200&ssl=1 1x, https:\/\/i0.wp.com\/webdelmaestrocmf.com\/portal\/wp-content\/uploads\/2017\/04\/A12B3C4D-2-1.jpg?resize=525%2C300&ssl=1 1.5x, https:\/\/i0.wp.com\/webdelmaestrocmf.com\/portal\/wp-content\/uploads\/2017\/04\/A12B3C4D-2-1.jpg?resize=700%2C400&ssl=1 2x"},"classes":[]},{"id":99544,"url":"https:\/\/webdelmaestrocmf.com\/portal\/como-se-evaluan-las-competencias\/","url_meta":{"origin":45259,"position":2},"title":"\u00bfC\u00f3mo se eval\u00faan las competencias?","author":"Web del Maestro CMF","date":"8 noviembre, 2023","format":false,"excerpt":"Luis Bretel Bibus, un destacado educador con amplia experiencia en la formulaci\u00f3n, implementaci\u00f3n y evaluaci\u00f3n de pol\u00edticas educativas, propuestas curriculares y metodol\u00f3gicas para la Educaci\u00f3n B\u00e1sica y la Educaci\u00f3n Superior, nos sumerge en el apasionante mundo de la evaluaci\u00f3n de competencias en el \u00e1mbito educativo. En su incisiva exploraci\u00f3n, Bretel\u2026","rel":"","context":"En \u00abCompetencias\u00bb","block_context":{"text":"Competencias","link":"https:\/\/webdelmaestrocmf.com\/portal\/category\/pedagogia\/competencias\/"},"img":{"alt_text":"C\u00f3mo se eval\u00faan las competencias","src":"https:\/\/i0.wp.com\/webdelmaestrocmf.com\/portal\/wp-content\/uploads\/2023\/11\/A12B3C4D-21.jpg?resize=350%2C200&ssl=1","width":350,"height":200,"srcset":"https:\/\/i0.wp.com\/webdelmaestrocmf.com\/portal\/wp-content\/uploads\/2023\/11\/A12B3C4D-21.jpg?resize=350%2C200&ssl=1 1x, https:\/\/i0.wp.com\/webdelmaestrocmf.com\/portal\/wp-content\/uploads\/2023\/11\/A12B3C4D-21.jpg?resize=525%2C300&ssl=1 1.5x, https:\/\/i0.wp.com\/webdelmaestrocmf.com\/portal\/wp-content\/uploads\/2023\/11\/A12B3C4D-21.jpg?resize=700%2C400&ssl=1 2x"},"classes":[]},{"id":78449,"url":"https:\/\/webdelmaestrocmf.com\/portal\/como-se-formula-una-situacion-significativa\/","url_meta":{"origin":45259,"position":3},"title":"C\u00f3mo se formula una situaci\u00f3n significativa","author":"Web del Maestro CMF","date":"12 julio, 2022","format":false,"excerpt":"El dise\u00f1o de un curr\u00edculo escolar y su ulterior implementaci\u00f3n requieren de un marco conceptual claro y preciso que explique cada una de las categor\u00edas que se espera utilizar en los procesos de planificaci\u00f3n y evaluaci\u00f3n, para que todos los maestros hablen el mismo lenguaje. Cuando esto no sucede, cada\u2026","rel":"","context":"En \u00abDocentes\u00bb","block_context":{"text":"Docentes","link":"https:\/\/webdelmaestrocmf.com\/portal\/category\/pedagogia\/docentes\/"},"img":{"alt_text":"","src":"https:\/\/i0.wp.com\/webdelmaestrocmf.com\/portal\/wp-content\/uploads\/2022\/07\/1a-17.jpg?resize=350%2C200&ssl=1","width":350,"height":200,"srcset":"https:\/\/i0.wp.com\/webdelmaestrocmf.com\/portal\/wp-content\/uploads\/2022\/07\/1a-17.jpg?resize=350%2C200&ssl=1 1x, https:\/\/i0.wp.com\/webdelmaestrocmf.com\/portal\/wp-content\/uploads\/2022\/07\/1a-17.jpg?resize=525%2C300&ssl=1 1.5x, https:\/\/i0.wp.com\/webdelmaestrocmf.com\/portal\/wp-content\/uploads\/2022\/07\/1a-17.jpg?resize=700%2C400&ssl=1 2x"},"classes":[]},{"id":86707,"url":"https:\/\/webdelmaestrocmf.com\/portal\/como-evaluar-competencias-transversales\/","url_meta":{"origin":45259,"position":4},"title":"C\u00f3mo evaluar competencias transversales","author":"Web del Maestro CMF","date":"5 abril, 2023","format":false,"excerpt":"La\u00a0educaci\u00f3n superior\u00a0tiene por finalidad preparar personas capaces de resolver con \u00e9xito demandas complejas, como las que habitualmente se encontrar\u00e1 en su vida profesional y tambi\u00e9n personal. Para poder hacerlo, el profesorado trabaja organizando el proceso educativo en\u00a0competencias\u00a0que facilitan a los estudiantes la adquisici\u00f3n de\u00a0conocimientos, habilidades, actitudes y valores. Las competencias\u2026","rel":"","context":"En \u00abCompetencias\u00bb","block_context":{"text":"Competencias","link":"https:\/\/webdelmaestrocmf.com\/portal\/category\/pedagogia\/competencias\/"},"img":{"alt_text":"","src":"https:\/\/i0.wp.com\/webdelmaestrocmf.com\/portal\/wp-content\/uploads\/2023\/04\/A12B3C4D-81.jpg?resize=350%2C200&ssl=1","width":350,"height":200,"srcset":"https:\/\/i0.wp.com\/webdelmaestrocmf.com\/portal\/wp-content\/uploads\/2023\/04\/A12B3C4D-81.jpg?resize=350%2C200&ssl=1 1x, https:\/\/i0.wp.com\/webdelmaestrocmf.com\/portal\/wp-content\/uploads\/2023\/04\/A12B3C4D-81.jpg?resize=525%2C300&ssl=1 1.5x, https:\/\/i0.wp.com\/webdelmaestrocmf.com\/portal\/wp-content\/uploads\/2023\/04\/A12B3C4D-81.jpg?resize=700%2C400&ssl=1 2x"},"classes":[]},{"id":116530,"url":"https:\/\/webdelmaestrocmf.com\/portal\/javier-valle-el-profesorado-se-siente-abandonado-ante-el-cambio-educativo-competencial\/","url_meta":{"origin":45259,"position":5},"title":"Javier Valle: El profesorado se siente abandonado ante el cambio educativo competencial","author":"Web del Maestro CMF","date":"16 marzo, 2026","format":false,"excerpt":"[...] no se le ha acompa\u00f1ado con formaci\u00f3n y recursos. Con digitalizaci\u00f3n de las aulas, materiales did\u00e1cticos competenciales\u2026","rel":"","context":"En \u00abEntrevistas\u00bb","block_context":{"text":"Entrevistas","link":"https:\/\/webdelmaestrocmf.com\/portal\/category\/noticias\/entrevistas\/"},"img":{"alt_text":"","src":"https:\/\/i0.wp.com\/webdelmaestrocmf.com\/portal\/wp-content\/uploads\/2026\/03\/1AA-Banner-1-portada-imagen-10-1-copia-6.webp?resize=350%2C200&ssl=1","width":350,"height":200,"srcset":"https:\/\/i0.wp.com\/webdelmaestrocmf.com\/portal\/wp-content\/uploads\/2026\/03\/1AA-Banner-1-portada-imagen-10-1-copia-6.webp?resize=350%2C200&ssl=1 1x, https:\/\/i0.wp.com\/webdelmaestrocmf.com\/portal\/wp-content\/uploads\/2026\/03\/1AA-Banner-1-portada-imagen-10-1-copia-6.webp?resize=525%2C300&ssl=1 1.5x, https:\/\/i0.wp.com\/webdelmaestrocmf.com\/portal\/wp-content\/uploads\/2026\/03\/1AA-Banner-1-portada-imagen-10-1-copia-6.webp?resize=700%2C400&ssl=1 2x, https:\/\/i0.wp.com\/webdelmaestrocmf.com\/portal\/wp-content\/uploads\/2026\/03\/1AA-Banner-1-portada-imagen-10-1-copia-6.webp?resize=1050%2C600&ssl=1 3x"},"classes":[]}],"_links":{"self":[{"href":"https:\/\/webdelmaestrocmf.com\/portal\/wp-json\/wp\/v2\/posts\/45259","targetHints":{"allow":["GET"]}}],"collection":[{"href":"https:\/\/webdelmaestrocmf.com\/portal\/wp-json\/wp\/v2\/posts"}],"about":[{"href":"https:\/\/webdelmaestrocmf.com\/portal\/wp-json\/wp\/v2\/types\/post"}],"author":[{"embeddable":true,"href":"https:\/\/webdelmaestrocmf.com\/portal\/wp-json\/wp\/v2\/users\/1"}],"replies":[{"embeddable":true,"href":"https:\/\/webdelmaestrocmf.com\/portal\/wp-json\/wp\/v2\/comments?post=45259"}],"version-history":[{"count":0,"href":"https:\/\/webdelmaestrocmf.com\/portal\/wp-json\/wp\/v2\/posts\/45259\/revisions"}],"wp:featuredmedia":[{"embeddable":true,"href":"https:\/\/webdelmaestrocmf.com\/portal\/wp-json\/wp\/v2\/media\/45265"}],"wp:attachment":[{"href":"https:\/\/webdelmaestrocmf.com\/portal\/wp-json\/wp\/v2\/media?parent=45259"}],"wp:term":[{"taxonomy":"category","embeddable":true,"href":"https:\/\/webdelmaestrocmf.com\/portal\/wp-json\/wp\/v2\/categories?post=45259"},{"taxonomy":"post_tag","embeddable":true,"href":"https:\/\/webdelmaestrocmf.com\/portal\/wp-json\/wp\/v2\/tags?post=45259"}],"curies":[{"name":"wp","href":"https:\/\/api.w.org\/{rel}","templated":true}]}}