{"id":44863,"date":"2020-02-29T11:31:52","date_gmt":"2020-02-29T14:31:52","guid":{"rendered":"https:\/\/webdelmaestrocmf.com\/portal\/?p=44863"},"modified":"2022-07-24T20:50:05","modified_gmt":"2022-07-25T00:50:05","slug":"claves-para-prevenir-el-brote-de-coronavirus-en-las-escuelas","status":"publish","type":"post","link":"https:\/\/webdelmaestrocmf.com\/portal\/claves-para-prevenir-el-brote-de-coronavirus-en-las-escuelas\/","title":{"rendered":"Claves para prevenir el brote de coronavirus en las escuelas"},"content":{"rendered":"<h5 style=\"text-align: justify;\"><strong>El\u00a0coronavirus<\/strong>\u00a0es una infecci\u00f3n que puede\u00a0causar enfermedades como el resfriado com\u00fan, el s\u00edndrome respiratorio agudo grave (SARS, por sus siglas en ingl\u00e9s), y el s\u00edndrome respiratorio de Oriente Medio (MERS). Si bien todav\u00eda no hay vacunas para prevenir la infecci\u00f3n,\u00a0<strong>existen algunas medidas que se pueden tomar para reducir el riesgo.\u00a0<\/strong><\/h5>\n<p><!--more--><\/p>\n<h5 style=\"text-align: justify;\">Sus proveedores de atenci\u00f3n m\u00e9dica y el personal de salud p\u00fablica evaluar\u00e1n si puede recibir cuidados en su casa. Si se determina que usted no necesita ser hospitalizado y que puede estar en aislamiento en su casa, ser\u00e1 monitoreado por personal de su departamento de salud local o estatal.<\/h5>\n<p><a href=\"https:\/\/www.youtube.com\/watch?v=I4L11jh-Q08\" target=\"_blank\" rel=\"noopener noreferrer\"><img loading=\"lazy\" decoding=\"async\" class=\"alignnone size-full wp-image-44837\" src=\"https:\/\/webdelmaestrocmf.com\/portal\/wp-content\/uploads\/2019\/07\/1-2.jpeg\" alt=\"\" width=\"1080\" height=\"1080\" srcset=\"https:\/\/webdelmaestrocmf.com\/portal\/wp-content\/uploads\/2019\/07\/1-2.jpeg 1080w, https:\/\/webdelmaestrocmf.com\/portal\/wp-content\/uploads\/2019\/07\/1-2-300x300.jpeg 300w, https:\/\/webdelmaestrocmf.com\/portal\/wp-content\/uploads\/2019\/07\/1-2-1024x1024.jpeg 1024w, https:\/\/webdelmaestrocmf.com\/portal\/wp-content\/uploads\/2019\/07\/1-2-150x150.jpeg 150w, https:\/\/webdelmaestrocmf.com\/portal\/wp-content\/uploads\/2019\/07\/1-2-768x768.jpeg 768w, https:\/\/webdelmaestrocmf.com\/portal\/wp-content\/uploads\/2019\/07\/1-2-80x80.jpeg 80w, https:\/\/webdelmaestrocmf.com\/portal\/wp-content\/uploads\/2019\/07\/1-2-110x110.jpeg 110w, https:\/\/webdelmaestrocmf.com\/portal\/wp-content\/uploads\/2019\/07\/1-2-200x200.jpeg 200w, https:\/\/webdelmaestrocmf.com\/portal\/wp-content\/uploads\/2019\/07\/1-2-380x380.jpeg 380w, https:\/\/webdelmaestrocmf.com\/portal\/wp-content\/uploads\/2019\/07\/1-2-255x255.jpeg 255w, https:\/\/webdelmaestrocmf.com\/portal\/wp-content\/uploads\/2019\/07\/1-2-550x550.jpeg 550w, https:\/\/webdelmaestrocmf.com\/portal\/wp-content\/uploads\/2019\/07\/1-2-800x800.jpeg 800w\" sizes=\"auto, (max-width: 1080px) 100vw, 1080px\" \/><\/a><\/p>\n<p style=\"text-align: justify;\">Debe seguir las medidas preventivas que aparecen a continuaci\u00f3n hasta que un proveedor de atenci\u00f3n m\u00e9dica, o el departamento de salud local o estatal, diga que usted puede regresar a sus actividades normales.<\/p>\n<p><iframe loading=\"lazy\" src=\"https:\/\/www.youtube.com\/embed\/I4L11jh-Q08\" width=\"100%\" height=\"400\" frameborder=\"0\" allowfullscreen=\"allowfullscreen\"><span data-mce-type=\"bookmark\" style=\"display: inline-block; width: 0px; overflow: hidden; line-height: 0;\" class=\"mce_SELRES_start\">\ufeff<\/span><\/iframe><\/p>\n<ol>\n<li>Lavarse las manos con agua y jab\u00f3n con frecuencia, o usar un desinfectante para manos a base de alcohol.<\/li>\n<li>Cubrirse la boca y la nariz con el codo o un pa\u00f1uelo descartable al toser o estornudar.<\/li>\n<li>No tocarse los ojos, la nariz o la boca si las manos no est\u00e1n limpias.<\/li>\n<li>Consultar al m\u00e9dico si aparece fiebre, tos, dificultad para respirar, dolores musculares y debilidad f\u00edsica.<strong>\u00a0En especial, si se visit\u00f3 alguna zona donde ya circula el coronavirus.<\/strong>\u00a0Los s\u00edntomas pueden aparecer hasta 14 d\u00edas despu\u00e9s de la exposici\u00f3n.<\/li>\n<li>No compartir platos, vasos, ropa de cama y otros objetos de la casa con una persona que presenta s\u00edntomas.<\/li>\n<li>Limpiar y desinfectar las superficies que se tocan con frecuencia.<\/li>\n<li>Quedarse en casa y no ir al trabajo, a la escuela, o a lugares p\u00fablicos si uno presenta s\u00edntomas.<\/li>\n<li>No comer carne cruda o poco cocida.<\/li>\n<li><strong>Evitar el contacto con animales vivos y superficies que puedan haber tocado esos animales.<\/strong><\/li>\n<\/ol>\n<p><img loading=\"lazy\" decoding=\"async\" class=\"alignnone size-full wp-image-44865\" src=\"https:\/\/webdelmaestrocmf.com\/portal\/wp-content\/uploads\/2020\/02\/1-27.jpeg\" alt=\"\" width=\"1559\" height=\"1848\" srcset=\"https:\/\/webdelmaestrocmf.com\/portal\/wp-content\/uploads\/2020\/02\/1-27.jpeg 1559w, https:\/\/webdelmaestrocmf.com\/portal\/wp-content\/uploads\/2020\/02\/1-27-253x300.jpeg 253w, https:\/\/webdelmaestrocmf.com\/portal\/wp-content\/uploads\/2020\/02\/1-27-864x1024.jpeg 864w, https:\/\/webdelmaestrocmf.com\/portal\/wp-content\/uploads\/2020\/02\/1-27-768x910.jpeg 768w, https:\/\/webdelmaestrocmf.com\/portal\/wp-content\/uploads\/2020\/02\/1-27-1296x1536.jpeg 1296w, https:\/\/webdelmaestrocmf.com\/portal\/wp-content\/uploads\/2020\/02\/1-27-110x130.jpeg 110w, https:\/\/webdelmaestrocmf.com\/portal\/wp-content\/uploads\/2020\/02\/1-27-200x237.jpeg 200w, https:\/\/webdelmaestrocmf.com\/portal\/wp-content\/uploads\/2020\/02\/1-27-380x450.jpeg 380w, https:\/\/webdelmaestrocmf.com\/portal\/wp-content\/uploads\/2020\/02\/1-27-255x302.jpeg 255w, https:\/\/webdelmaestrocmf.com\/portal\/wp-content\/uploads\/2020\/02\/1-27-300x356.jpeg 300w, https:\/\/webdelmaestrocmf.com\/portal\/wp-content\/uploads\/2020\/02\/1-27-550x652.jpeg 550w, https:\/\/webdelmaestrocmf.com\/portal\/wp-content\/uploads\/2020\/02\/1-27-800x948.jpeg 800w, https:\/\/webdelmaestrocmf.com\/portal\/wp-content\/uploads\/2020\/02\/1-27-1160x1375.jpeg 1160w\" sizes=\"auto, (max-width: 1559px) 100vw, 1559px\" \/><\/p>\n<p style=\"text-align: justify;\">En el siguiente enlace <a href=\"https:\/\/webdelmaestrocmf.com\/portal\/su-institucion-educativa-tiene-algun-protocolo-para-prevenir-el-coronavirus-sabia-que-la-higiene-es-la-accion-mas-efectiva-para-evitar-el-coronavirus\/\" target=\"_blank\" rel=\"noopener noreferrer\">\u00bfSab\u00eda que la higiene es la acci\u00f3n m\u00e1s efectiva para evitar el coronavirus?<\/a>) podr\u00e1 ampliar la informaci\u00f3n en donde les compartimos veinte consejos y caracter\u00edsticas del Covid-19 o coronavirus de Wuhan (que no est\u00e1n en orden de prioridad) difundidos por los medios de comunicaci\u00f3n, y que podr\u00edan ser de utilidad para definir las acciones preventivas o confeccionar un manual para prevenir el riesgo de contagio de esta epidemia mundial, en una instituci\u00f3n educativa.<\/p>\n<p style=\"text-align: center;\"><em>\u201cSi alguien busca la salud, preg\u00fantale si est\u00e1 dispuesto a evitar en el futuro las causas de la enfermedad; en caso contrario, abstente de ayudarle\u201d<\/em> (S\u00f3crates).<\/p>\n\t\t<div class=\"pk-inline-posts\">\n\t\t\t\n\t\t\t<div class=\"pk-inline-posts-container pk-inline-posts-template-list\"\n\t\t\t\tdata-columns=\"1\">\n\t\t\t\t\t\t<article id=\"post-44753\" class=\"post-44753 post type-post status-publish format-standard has-post-thumbnail category-pedagogia category-videos category-violencia category-youtube tag-borde tag-colapso tag-contra tag-docente tag-docentes tag-protejamos tag-violencia cs-entry cs-video-wrap\">\n\t\t\t<div class=\"pk-post-outer\">\n\n\t\t\t\t\t\t\t\t<div class=\"pk-post-inner\">\n\t\t\t\t\t<div class=\"entry-thumbnail\">\n\t\t\t\t\t\t<div class=\"pk-overlay pk-overlay-ratio pk-ratio-landscape\">\n\t\t\t\t\t\t\t<div class=\"pk-overlay-background\">\n\t\t\t\t\t\t\t\t<a href=\"https:\/\/webdelmaestrocmf.com\/portal\/protejamos-al-docente-docente\/\" class=\"pk-overlay-link\">\n\t\t\t\t\t\t\t\t\t<img loading=\"lazy\" decoding=\"async\" width=\"300\" height=\"225\" src=\"https:\/\/webdelmaestrocmf.com\/portal\/wp-content\/uploads\/2023\/01\/1a-1-300x225.jpg\" class=\"attachment-pk-thumbnail size-pk-thumbnail wp-post-image\" alt=\"\" srcset=\"https:\/\/webdelmaestrocmf.com\/portal\/wp-content\/uploads\/2023\/01\/1a-1-300x225.jpg 300w, https:\/\/webdelmaestrocmf.com\/portal\/wp-content\/uploads\/2023\/01\/1a-1-200x150.jpg 200w, https:\/\/webdelmaestrocmf.com\/portal\/wp-content\/uploads\/2023\/01\/1a-1-260x195.jpg 260w\" sizes=\"auto, (max-width: 300px) 100vw, 300px\" \/>\t\t\t\t\t\t\t\t<\/a>\n\t\t\t\t\t\t\t<\/div>\n\t\t\t\t\t\t<\/div>\n\t\t\t\t\t<\/div>\n\t\t\t\t<\/div>\n\t\t\t\t\n\t\t\t\t<div class=\"pk-post-inner\">\n\t\t\t\t\t<header>\n\t\t\t\t\t\t<h3 class=\"pk-title\"><a href=\"https:\/\/webdelmaestrocmf.com\/portal\/protejamos-al-docente-docente\/\" rel=\"bookmark\">Profesores al borde del colapso por violencia escolar<\/a><\/h3>\t\t\t\t\t<\/header><!-- .entry-header -->\n\t\t\t\t<\/div><!-- .post-inner -->\n\n\t\t\t<\/div><!-- .post-outer -->\n\t\t<\/article>\n\t\t\t\t<\/div>\n\t\t<\/div>\n\t\t\n","protected":false},"excerpt":{"rendered":"El\u00a0coronavirus\u00a0es una infecci\u00f3n que puede\u00a0causar enfermedades como el resfriado com\u00fan, el s\u00edndrome respiratorio agudo grave (SARS, por sus&hellip;","protected":false},"author":1,"featured_media":78842,"comment_status":"open","ping_status":"closed","sticky":false,"template":"","format":"standard","meta":{"csco_display_header_overlay":false,"csco_singular_sidebar":"default","csco_page_header_type":"large","csco_page_load_nextpost":"default","csco_post_video_location":["large-header"],"csco_post_video_location_hash":"","csco_post_video_url":"https:\/\/www.youtube.com\/watch?v=I4L11jh-Q08","csco_post_video_bg_start_time":0,"csco_post_video_bg_end_time":10,"csco_post_video_bg_volume":false,"_jetpack_memberships_contains_paid_content":false,"footnotes":""},"categories":[1763,4723],"tags":[4735,618,4734,155,1990],"class_list":{"0":"post-44863","1":"post","2":"type-post","3":"status-publish","4":"format-standard","5":"has-post-thumbnail","7":"category-videos","8":"category-youtube","9":"tag-brote","10":"tag-claves","11":"tag-coronavirus","12":"tag-escuelas","13":"tag-prevenir","14":"cs-entry","15":"cs-video-wrap"},"yoast_head":"<!-- This site is optimized with the Yoast SEO plugin v27.5 - https:\/\/yoast.com\/product\/yoast-seo-wordpress\/ -->\n<title>Claves para prevenir el brote de coronavirus en las escuelas - 2026<\/title>\n<meta name=\"description\" content=\"El\u00a0coronavirus\u00a0es una infecci\u00f3n que puede\u00a0causar enfermedades como el resfriado com\u00fan, el s\u00edndrome respiratorio agudo grave (SARS, por sus siglas...\" \/>\n<meta name=\"robots\" content=\"index, follow, max-snippet:-1, max-image-preview:large, max-video-preview:-1\" \/>\n<link rel=\"canonical\" href=\"https:\/\/webdelmaestrocmf.com\/portal\/claves-para-prevenir-el-brote-de-coronavirus-en-las-escuelas\/\" \/>\n<meta property=\"og:locale\" content=\"es_ES\" \/>\n<meta property=\"og:type\" content=\"article\" \/>\n<meta property=\"og:title\" content=\"Claves para prevenir el brote de coronavirus en las escuelas - 2026\" \/>\n<meta property=\"og:description\" content=\"El\u00a0coronavirus\u00a0es una infecci\u00f3n que puede\u00a0causar enfermedades como el resfriado com\u00fan, el s\u00edndrome respiratorio agudo grave (SARS, por sus siglas...\" \/>\n<meta property=\"og:url\" content=\"https:\/\/webdelmaestrocmf.com\/portal\/claves-para-prevenir-el-brote-de-coronavirus-en-las-escuelas\/\" \/>\n<meta property=\"og:site_name\" content=\"Web del Maestro CMF\" \/>\n<meta property=\"article:publisher\" content=\"https:\/\/www.facebook.com\/WebdelMaestroCMF\/\" \/>\n<meta property=\"article:author\" content=\"https:\/\/www.facebook.com\/WebdelMaestroCMF\/\" \/>\n<meta property=\"article:published_time\" content=\"2020-02-29T14:31:52+00:00\" \/>\n<meta property=\"article:modified_time\" content=\"2022-07-25T00:50:05+00:00\" \/>\n<meta property=\"og:image\" content=\"https:\/\/i0.wp.com\/webdelmaestrocmf.com\/portal\/wp-content\/uploads\/2020\/02\/1a.jpg?fit=900%2C556&ssl=1\" \/>\n\t<meta property=\"og:image:width\" content=\"900\" \/>\n\t<meta property=\"og:image:height\" content=\"556\" \/>\n\t<meta property=\"og:image:type\" content=\"image\/jpeg\" \/>\n<meta name=\"author\" content=\"Web del Maestro CMF\" \/>\n<meta name=\"twitter:card\" content=\"summary_large_image\" \/>\n<meta name=\"twitter:creator\" content=\"@cmf_w\" \/>\n<meta name=\"twitter:site\" content=\"@cmf_w\" \/>\n<script type=\"application\/ld+json\" class=\"yoast-schema-graph\">{\"@context\":\"https:\\\/\\\/schema.org\",\"@graph\":[{\"@type\":\"ScholarlyArticle\",\"@id\":\"https:\\\/\\\/webdelmaestrocmf.com\\\/portal\\\/claves-para-prevenir-el-brote-de-coronavirus-en-las-escuelas\\\/#article\",\"isPartOf\":{\"@id\":\"https:\\\/\\\/webdelmaestrocmf.com\\\/portal\\\/claves-para-prevenir-el-brote-de-coronavirus-en-las-escuelas\\\/\"},\"author\":{\"name\":\"Web del Maestro CMF\",\"@id\":\"https:\\\/\\\/webdelmaestrocmf.com\\\/portal\\\/#\\\/schema\\\/person\\\/1072a2ed7bd960df8ef99a551fa35dc5\"},\"headline\":\"Claves para prevenir el brote de coronavirus en las escuelas\",\"datePublished\":\"2020-02-29T14:31:52+00:00\",\"dateModified\":\"2022-07-25T00:50:05+00:00\",\"mainEntityOfPage\":{\"@id\":\"https:\\\/\\\/webdelmaestrocmf.com\\\/portal\\\/claves-para-prevenir-el-brote-de-coronavirus-en-las-escuelas\\\/\"},\"wordCount\":444,\"commentCount\":0,\"publisher\":{\"@id\":\"https:\\\/\\\/webdelmaestrocmf.com\\\/portal\\\/#organization\"},\"image\":{\"@id\":\"https:\\\/\\\/webdelmaestrocmf.com\\\/portal\\\/claves-para-prevenir-el-brote-de-coronavirus-en-las-escuelas\\\/#primaryimage\"},\"thumbnailUrl\":\"https:\\\/\\\/webdelmaestrocmf.com\\\/portal\\\/wp-content\\\/uploads\\\/2020\\\/02\\\/1a.jpg\",\"keywords\":[\"brote\",\"CLAVES\",\"coronavirus\",\"ESCUELAS\",\"PREVENIR\"],\"articleSection\":[\"VIDEO PRACTICA DOCENTE\",\"YOUTUBE\"],\"inLanguage\":\"es\",\"potentialAction\":[{\"@type\":\"CommentAction\",\"name\":\"Comment\",\"target\":[\"https:\\\/\\\/webdelmaestrocmf.com\\\/portal\\\/claves-para-prevenir-el-brote-de-coronavirus-en-las-escuelas\\\/#respond\"]}]},{\"@type\":\"WebPage\",\"@id\":\"https:\\\/\\\/webdelmaestrocmf.com\\\/portal\\\/claves-para-prevenir-el-brote-de-coronavirus-en-las-escuelas\\\/\",\"url\":\"https:\\\/\\\/webdelmaestrocmf.com\\\/portal\\\/claves-para-prevenir-el-brote-de-coronavirus-en-las-escuelas\\\/\",\"name\":\"Claves para prevenir el brote de coronavirus en las escuelas - 2026\",\"isPartOf\":{\"@id\":\"https:\\\/\\\/webdelmaestrocmf.com\\\/portal\\\/#website\"},\"primaryImageOfPage\":{\"@id\":\"https:\\\/\\\/webdelmaestrocmf.com\\\/portal\\\/claves-para-prevenir-el-brote-de-coronavirus-en-las-escuelas\\\/#primaryimage\"},\"image\":{\"@id\":\"https:\\\/\\\/webdelmaestrocmf.com\\\/portal\\\/claves-para-prevenir-el-brote-de-coronavirus-en-las-escuelas\\\/#primaryimage\"},\"thumbnailUrl\":\"https:\\\/\\\/webdelmaestrocmf.com\\\/portal\\\/wp-content\\\/uploads\\\/2020\\\/02\\\/1a.jpg\",\"datePublished\":\"2020-02-29T14:31:52+00:00\",\"dateModified\":\"2022-07-25T00:50:05+00:00\",\"description\":\"El\u00a0coronavirus\u00a0es una infecci\u00f3n que puede\u00a0causar enfermedades como el resfriado com\u00fan, el s\u00edndrome respiratorio agudo grave (SARS, por sus siglas...\",\"breadcrumb\":{\"@id\":\"https:\\\/\\\/webdelmaestrocmf.com\\\/portal\\\/claves-para-prevenir-el-brote-de-coronavirus-en-las-escuelas\\\/#breadcrumb\"},\"inLanguage\":\"es\",\"potentialAction\":[{\"@type\":\"ReadAction\",\"target\":[\"https:\\\/\\\/webdelmaestrocmf.com\\\/portal\\\/claves-para-prevenir-el-brote-de-coronavirus-en-las-escuelas\\\/\"]}]},{\"@type\":\"ImageObject\",\"inLanguage\":\"es\",\"@id\":\"https:\\\/\\\/webdelmaestrocmf.com\\\/portal\\\/claves-para-prevenir-el-brote-de-coronavirus-en-las-escuelas\\\/#primaryimage\",\"url\":\"https:\\\/\\\/webdelmaestrocmf.com\\\/portal\\\/wp-content\\\/uploads\\\/2020\\\/02\\\/1a.jpg\",\"contentUrl\":\"https:\\\/\\\/webdelmaestrocmf.com\\\/portal\\\/wp-content\\\/uploads\\\/2020\\\/02\\\/1a.jpg\",\"width\":900,\"height\":556},{\"@type\":\"BreadcrumbList\",\"@id\":\"https:\\\/\\\/webdelmaestrocmf.com\\\/portal\\\/claves-para-prevenir-el-brote-de-coronavirus-en-las-escuelas\\\/#breadcrumb\",\"itemListElement\":[{\"@type\":\"ListItem\",\"position\":1,\"name\":\"Portada\",\"item\":\"https:\\\/\\\/webdelmaestrocmf.com\\\/portal\\\/\"},{\"@type\":\"ListItem\",\"position\":2,\"name\":\"YOUTUBE\",\"item\":\"https:\\\/\\\/webdelmaestrocmf.com\\\/portal\\\/category\\\/youtube\\\/\"},{\"@type\":\"ListItem\",\"position\":3,\"name\":\"Claves para prevenir el brote de coronavirus en las escuelas\"}]},{\"@type\":\"WebSite\",\"@id\":\"https:\\\/\\\/webdelmaestrocmf.com\\\/portal\\\/#website\",\"url\":\"https:\\\/\\\/webdelmaestrocmf.com\\\/portal\\\/\",\"name\":\"Web del Maestro CMF\",\"description\":\"Maestros al servicio de la educaci\u00f3n\",\"publisher\":{\"@id\":\"https:\\\/\\\/webdelmaestrocmf.com\\\/portal\\\/#organization\"},\"alternateName\":\"WMCMF\",\"potentialAction\":[{\"@type\":\"SearchAction\",\"target\":{\"@type\":\"EntryPoint\",\"urlTemplate\":\"https:\\\/\\\/webdelmaestrocmf.com\\\/portal\\\/?s={search_term_string}\"},\"query-input\":{\"@type\":\"PropertyValueSpecification\",\"valueRequired\":true,\"valueName\":\"search_term_string\"}}],\"inLanguage\":\"es\"},{\"@type\":\"Organization\",\"@id\":\"https:\\\/\\\/webdelmaestrocmf.com\\\/portal\\\/#organization\",\"name\":\"Web del Maestro CMF\",\"alternateName\":\"WMCMF\",\"url\":\"https:\\\/\\\/webdelmaestrocmf.com\\\/portal\\\/\",\"logo\":{\"@type\":\"ImageObject\",\"inLanguage\":\"es\",\"@id\":\"https:\\\/\\\/webdelmaestrocmf.com\\\/portal\\\/#\\\/schema\\\/logo\\\/image\\\/\",\"url\":\"https:\\\/\\\/webdelmaestrocmf.com\\\/portal\\\/wp-content\\\/uploads\\\/2023\\\/01\\\/logo-wmcmf-2.png\",\"contentUrl\":\"https:\\\/\\\/webdelmaestrocmf.com\\\/portal\\\/wp-content\\\/uploads\\\/2023\\\/01\\\/logo-wmcmf-2.png\",\"width\":200,\"height\":60,\"caption\":\"Web del Maestro CMF\"},\"image\":{\"@id\":\"https:\\\/\\\/webdelmaestrocmf.com\\\/portal\\\/#\\\/schema\\\/logo\\\/image\\\/\"},\"sameAs\":[\"https:\\\/\\\/www.facebook.com\\\/WebdelMaestroCMF\\\/\",\"https:\\\/\\\/x.com\\\/cmf_w\",\"https:\\\/\\\/www.pinterest.com\\\/WMCMF\\\/\",\"https:\\\/\\\/www.linkedin.com\\\/company\\\/web-del-maestro-cmf\\\/\",\"https:\\\/\\\/www.instagram.com\\\/wmcmf\\\/\",\"https:\\\/\\\/www.youtube.com\\\/channel\\\/UCDPSvjbdodE5sHnC3OxutHw\",\"https:\\\/\\\/mastodon.social\\\/@wmcmf\",\"https:\\\/\\\/www.tiktok.com\\\/@webdelmaestrocmf\"]},{\"@type\":\"Person\",\"@id\":\"https:\\\/\\\/webdelmaestrocmf.com\\\/portal\\\/#\\\/schema\\\/person\\\/1072a2ed7bd960df8ef99a551fa35dc5\",\"name\":\"Web del Maestro CMF\",\"image\":{\"@type\":\"ImageObject\",\"inLanguage\":\"es\",\"@id\":\"https:\\\/\\\/secure.gravatar.com\\\/avatar\\\/23291dd5b5ae1077dcff3dbb04c3e02bd28403fa75af6d8787d5e97c5bbbe30b?s=96&d=mm&r=g\",\"url\":\"https:\\\/\\\/secure.gravatar.com\\\/avatar\\\/23291dd5b5ae1077dcff3dbb04c3e02bd28403fa75af6d8787d5e97c5bbbe30b?s=96&d=mm&r=g\",\"contentUrl\":\"https:\\\/\\\/secure.gravatar.com\\\/avatar\\\/23291dd5b5ae1077dcff3dbb04c3e02bd28403fa75af6d8787d5e97c5bbbe30b?s=96&d=mm&r=g\",\"caption\":\"Web del Maestro CMF\"},\"description\":\"Esta Web se cre\u00f3 sin fines de lucro, con fines educativos, cient\u00edficos y acad\u00e9micos, para personas que tengan dificultades y\\\/o inconvenientes en visualizar el material original. El objetivo es entregar recursos, compartir experiencias y materiales que ayuden a los padres de familia, maestros y estudiantes en su actualizaci\u00f3n y formaci\u00f3n permanente, en bien de la Educaci\u00f3n.\",\"sameAs\":[\"http:\\\/\\\/webdelmaestrocmf.com\\\/portal\",\"https:\\\/\\\/www.facebook.com\\\/WebdelMaestroCMF\\\/\",\"https:\\\/\\\/www.instagram.com\\\/wmcmf\\\/\",\"https:\\\/\\\/cl.linkedin.com\\\/company\\\/web-del-maestro-cmf\",\"https:\\\/\\\/www.pinterest.com\\\/WMCMF\\\/publicaciones\\\/\",\"https:\\\/\\\/x.com\\\/cmf_w\",\"https:\\\/\\\/www.youtube.com\\\/@WMCMF\"]}]}<\/script>\n<!-- \/ Yoast SEO plugin. -->","yoast_head_json":{"title":"Claves para prevenir el brote de coronavirus en las escuelas - 2026","description":"El\u00a0coronavirus\u00a0es una infecci\u00f3n que puede\u00a0causar enfermedades como el resfriado com\u00fan, el s\u00edndrome respiratorio agudo grave (SARS, por sus siglas...","robots":{"index":"index","follow":"follow","max-snippet":"max-snippet:-1","max-image-preview":"max-image-preview:large","max-video-preview":"max-video-preview:-1"},"canonical":"https:\/\/webdelmaestrocmf.com\/portal\/claves-para-prevenir-el-brote-de-coronavirus-en-las-escuelas\/","og_locale":"es_ES","og_type":"article","og_title":"Claves para prevenir el brote de coronavirus en las escuelas - 2026","og_description":"El\u00a0coronavirus\u00a0es una infecci\u00f3n que puede\u00a0causar enfermedades como el resfriado com\u00fan, el s\u00edndrome respiratorio agudo grave (SARS, por sus siglas...","og_url":"https:\/\/webdelmaestrocmf.com\/portal\/claves-para-prevenir-el-brote-de-coronavirus-en-las-escuelas\/","og_site_name":"Web del Maestro CMF","article_publisher":"https:\/\/www.facebook.com\/WebdelMaestroCMF\/","article_author":"https:\/\/www.facebook.com\/WebdelMaestroCMF\/","article_published_time":"2020-02-29T14:31:52+00:00","article_modified_time":"2022-07-25T00:50:05+00:00","og_image":[{"width":900,"height":556,"url":"https:\/\/i0.wp.com\/webdelmaestrocmf.com\/portal\/wp-content\/uploads\/2020\/02\/1a.jpg?fit=900%2C556&ssl=1","type":"image\/jpeg"}],"author":"Web del Maestro CMF","twitter_card":"summary_large_image","twitter_creator":"@cmf_w","twitter_site":"@cmf_w","schema":{"@context":"https:\/\/schema.org","@graph":[{"@type":"ScholarlyArticle","@id":"https:\/\/webdelmaestrocmf.com\/portal\/claves-para-prevenir-el-brote-de-coronavirus-en-las-escuelas\/#article","isPartOf":{"@id":"https:\/\/webdelmaestrocmf.com\/portal\/claves-para-prevenir-el-brote-de-coronavirus-en-las-escuelas\/"},"author":{"name":"Web del Maestro CMF","@id":"https:\/\/webdelmaestrocmf.com\/portal\/#\/schema\/person\/1072a2ed7bd960df8ef99a551fa35dc5"},"headline":"Claves para prevenir el brote de coronavirus en las escuelas","datePublished":"2020-02-29T14:31:52+00:00","dateModified":"2022-07-25T00:50:05+00:00","mainEntityOfPage":{"@id":"https:\/\/webdelmaestrocmf.com\/portal\/claves-para-prevenir-el-brote-de-coronavirus-en-las-escuelas\/"},"wordCount":444,"commentCount":0,"publisher":{"@id":"https:\/\/webdelmaestrocmf.com\/portal\/#organization"},"image":{"@id":"https:\/\/webdelmaestrocmf.com\/portal\/claves-para-prevenir-el-brote-de-coronavirus-en-las-escuelas\/#primaryimage"},"thumbnailUrl":"https:\/\/webdelmaestrocmf.com\/portal\/wp-content\/uploads\/2020\/02\/1a.jpg","keywords":["brote","CLAVES","coronavirus","ESCUELAS","PREVENIR"],"articleSection":["VIDEO PRACTICA DOCENTE","YOUTUBE"],"inLanguage":"es","potentialAction":[{"@type":"CommentAction","name":"Comment","target":["https:\/\/webdelmaestrocmf.com\/portal\/claves-para-prevenir-el-brote-de-coronavirus-en-las-escuelas\/#respond"]}]},{"@type":"WebPage","@id":"https:\/\/webdelmaestrocmf.com\/portal\/claves-para-prevenir-el-brote-de-coronavirus-en-las-escuelas\/","url":"https:\/\/webdelmaestrocmf.com\/portal\/claves-para-prevenir-el-brote-de-coronavirus-en-las-escuelas\/","name":"Claves para prevenir el brote de coronavirus en las escuelas - 2026","isPartOf":{"@id":"https:\/\/webdelmaestrocmf.com\/portal\/#website"},"primaryImageOfPage":{"@id":"https:\/\/webdelmaestrocmf.com\/portal\/claves-para-prevenir-el-brote-de-coronavirus-en-las-escuelas\/#primaryimage"},"image":{"@id":"https:\/\/webdelmaestrocmf.com\/portal\/claves-para-prevenir-el-brote-de-coronavirus-en-las-escuelas\/#primaryimage"},"thumbnailUrl":"https:\/\/webdelmaestrocmf.com\/portal\/wp-content\/uploads\/2020\/02\/1a.jpg","datePublished":"2020-02-29T14:31:52+00:00","dateModified":"2022-07-25T00:50:05+00:00","description":"El\u00a0coronavirus\u00a0es una infecci\u00f3n que puede\u00a0causar enfermedades como el resfriado com\u00fan, el s\u00edndrome respiratorio agudo grave (SARS, por sus siglas...","breadcrumb":{"@id":"https:\/\/webdelmaestrocmf.com\/portal\/claves-para-prevenir-el-brote-de-coronavirus-en-las-escuelas\/#breadcrumb"},"inLanguage":"es","potentialAction":[{"@type":"ReadAction","target":["https:\/\/webdelmaestrocmf.com\/portal\/claves-para-prevenir-el-brote-de-coronavirus-en-las-escuelas\/"]}]},{"@type":"ImageObject","inLanguage":"es","@id":"https:\/\/webdelmaestrocmf.com\/portal\/claves-para-prevenir-el-brote-de-coronavirus-en-las-escuelas\/#primaryimage","url":"https:\/\/webdelmaestrocmf.com\/portal\/wp-content\/uploads\/2020\/02\/1a.jpg","contentUrl":"https:\/\/webdelmaestrocmf.com\/portal\/wp-content\/uploads\/2020\/02\/1a.jpg","width":900,"height":556},{"@type":"BreadcrumbList","@id":"https:\/\/webdelmaestrocmf.com\/portal\/claves-para-prevenir-el-brote-de-coronavirus-en-las-escuelas\/#breadcrumb","itemListElement":[{"@type":"ListItem","position":1,"name":"Portada","item":"https:\/\/webdelmaestrocmf.com\/portal\/"},{"@type":"ListItem","position":2,"name":"YOUTUBE","item":"https:\/\/webdelmaestrocmf.com\/portal\/category\/youtube\/"},{"@type":"ListItem","position":3,"name":"Claves para prevenir el brote de coronavirus en las escuelas"}]},{"@type":"WebSite","@id":"https:\/\/webdelmaestrocmf.com\/portal\/#website","url":"https:\/\/webdelmaestrocmf.com\/portal\/","name":"Web del Maestro CMF","description":"Maestros al servicio de la educaci\u00f3n","publisher":{"@id":"https:\/\/webdelmaestrocmf.com\/portal\/#organization"},"alternateName":"WMCMF","potentialAction":[{"@type":"SearchAction","target":{"@type":"EntryPoint","urlTemplate":"https:\/\/webdelmaestrocmf.com\/portal\/?s={search_term_string}"},"query-input":{"@type":"PropertyValueSpecification","valueRequired":true,"valueName":"search_term_string"}}],"inLanguage":"es"},{"@type":"Organization","@id":"https:\/\/webdelmaestrocmf.com\/portal\/#organization","name":"Web del Maestro CMF","alternateName":"WMCMF","url":"https:\/\/webdelmaestrocmf.com\/portal\/","logo":{"@type":"ImageObject","inLanguage":"es","@id":"https:\/\/webdelmaestrocmf.com\/portal\/#\/schema\/logo\/image\/","url":"https:\/\/webdelmaestrocmf.com\/portal\/wp-content\/uploads\/2023\/01\/logo-wmcmf-2.png","contentUrl":"https:\/\/webdelmaestrocmf.com\/portal\/wp-content\/uploads\/2023\/01\/logo-wmcmf-2.png","width":200,"height":60,"caption":"Web del Maestro CMF"},"image":{"@id":"https:\/\/webdelmaestrocmf.com\/portal\/#\/schema\/logo\/image\/"},"sameAs":["https:\/\/www.facebook.com\/WebdelMaestroCMF\/","https:\/\/x.com\/cmf_w","https:\/\/www.pinterest.com\/WMCMF\/","https:\/\/www.linkedin.com\/company\/web-del-maestro-cmf\/","https:\/\/www.instagram.com\/wmcmf\/","https:\/\/www.youtube.com\/channel\/UCDPSvjbdodE5sHnC3OxutHw","https:\/\/mastodon.social\/@wmcmf","https:\/\/www.tiktok.com\/@webdelmaestrocmf"]},{"@type":"Person","@id":"https:\/\/webdelmaestrocmf.com\/portal\/#\/schema\/person\/1072a2ed7bd960df8ef99a551fa35dc5","name":"Web del Maestro CMF","image":{"@type":"ImageObject","inLanguage":"es","@id":"https:\/\/secure.gravatar.com\/avatar\/23291dd5b5ae1077dcff3dbb04c3e02bd28403fa75af6d8787d5e97c5bbbe30b?s=96&d=mm&r=g","url":"https:\/\/secure.gravatar.com\/avatar\/23291dd5b5ae1077dcff3dbb04c3e02bd28403fa75af6d8787d5e97c5bbbe30b?s=96&d=mm&r=g","contentUrl":"https:\/\/secure.gravatar.com\/avatar\/23291dd5b5ae1077dcff3dbb04c3e02bd28403fa75af6d8787d5e97c5bbbe30b?s=96&d=mm&r=g","caption":"Web del Maestro CMF"},"description":"Esta Web se cre\u00f3 sin fines de lucro, con fines educativos, cient\u00edficos y acad\u00e9micos, para personas que tengan dificultades y\/o inconvenientes en visualizar el material original. El objetivo es entregar recursos, compartir experiencias y materiales que ayuden a los padres de familia, maestros y estudiantes en su actualizaci\u00f3n y formaci\u00f3n permanente, en bien de la Educaci\u00f3n.","sameAs":["http:\/\/webdelmaestrocmf.com\/portal","https:\/\/www.facebook.com\/WebdelMaestroCMF\/","https:\/\/www.instagram.com\/wmcmf\/","https:\/\/cl.linkedin.com\/company\/web-del-maestro-cmf","https:\/\/www.pinterest.com\/WMCMF\/publicaciones\/","https:\/\/x.com\/cmf_w","https:\/\/www.youtube.com\/@WMCMF"]}]}},"jetpack_featured_media_url":"https:\/\/webdelmaestrocmf.com\/portal\/wp-content\/uploads\/2020\/02\/1a.jpg","jetpack_sharing_enabled":true,"jetpack-related-posts":[{"id":44823,"url":"https:\/\/webdelmaestrocmf.com\/portal\/su-institucion-educativa-tiene-algun-protocolo-para-prevenir-el-coronavirus-sabia-que-la-higiene-es-la-accion-mas-efectiva-para-evitar-el-coronavirus\/","url_meta":{"origin":44863,"position":0},"title":"\u00bfSab\u00eda que la higiene es la acci\u00f3n m\u00e1s efectiva para evitar el coronavirus?","author":"Web del Maestro CMF","date":"27 febrero, 2020","format":false,"excerpt":"El director general de la Organizaci\u00f3n Mundial de la Salud (OMS), Tedros Adhanom Ghebreyesus, ha opinado que la propagaci\u00f3n\u00a0 del coronavirus (Covid-19) de Wuhan, debe impulsar a aplicar medidas nacionales y de cooperaci\u00f3n internacional para evitar se propague lo que por ahora es una epidemia, pero que se podr\u00eda convertir\u2026","rel":"","context":"En \u00abYo opino - WMCMF\u00bb","block_context":{"text":"Yo opino - WMCMF","link":"https:\/\/webdelmaestrocmf.com\/portal\/category\/jamb\/"},"img":{"alt_text":"","src":"https:\/\/i0.wp.com\/webdelmaestrocmf.com\/portal\/wp-content\/uploads\/2020\/02\/1-26.jpeg?resize=350%2C200&ssl=1","width":350,"height":200,"srcset":"https:\/\/i0.wp.com\/webdelmaestrocmf.com\/portal\/wp-content\/uploads\/2020\/02\/1-26.jpeg?resize=350%2C200&ssl=1 1x, https:\/\/i0.wp.com\/webdelmaestrocmf.com\/portal\/wp-content\/uploads\/2020\/02\/1-26.jpeg?resize=525%2C300&ssl=1 1.5x, https:\/\/i0.wp.com\/webdelmaestrocmf.com\/portal\/wp-content\/uploads\/2020\/02\/1-26.jpeg?resize=700%2C400&ssl=1 2x, https:\/\/i0.wp.com\/webdelmaestrocmf.com\/portal\/wp-content\/uploads\/2020\/02\/1-26.jpeg?resize=1050%2C600&ssl=1 3x"},"classes":[]},{"id":113939,"url":"https:\/\/webdelmaestrocmf.com\/portal\/europa-enfrenta-un-fuerte-brote-de-gripe-h3n2-k-y-retoma-medidas-de-prevencion-escuelas-vuelven-a-implementar-protocolos-especiales\/","url_meta":{"origin":44863,"position":1},"title":"Europa enfrenta un fuerte brote de gripe H3N2 K y retoma medidas de prevenci\u00f3n: escuelas vuelven a implementar protocolos especiales","author":"Web del Maestro CMF","date":"11 diciembre, 2025","format":false,"excerpt":"Europa atraviesa uno de los brotes de gripe m\u00e1s intensos de los \u00faltimos a\u00f1os, impulsado por la r\u00e1pida expansi\u00f3n de la variante H3N2 K, una cepa que ha sorprendido a las autoridades sanitarias por su propagaci\u00f3n anticipada, comportamiento agresivo y capacidad para evadir parte de la inmunidad adquirida. El aumento\u2026","rel":"","context":"En \u00abNoticias Internacionales\u00bb","block_context":{"text":"Noticias Internacionales","link":"https:\/\/webdelmaestrocmf.com\/portal\/category\/noticias-internacionales\/"},"img":{"alt_text":"","src":"https:\/\/i0.wp.com\/webdelmaestrocmf.com\/portal\/wp-content\/uploads\/2025\/12\/1A-Banner-1-portada-imagen-10-1-copia-2-3.webp?resize=350%2C200&ssl=1","width":350,"height":200,"srcset":"https:\/\/i0.wp.com\/webdelmaestrocmf.com\/portal\/wp-content\/uploads\/2025\/12\/1A-Banner-1-portada-imagen-10-1-copia-2-3.webp?resize=350%2C200&ssl=1 1x, https:\/\/i0.wp.com\/webdelmaestrocmf.com\/portal\/wp-content\/uploads\/2025\/12\/1A-Banner-1-portada-imagen-10-1-copia-2-3.webp?resize=525%2C300&ssl=1 1.5x, https:\/\/i0.wp.com\/webdelmaestrocmf.com\/portal\/wp-content\/uploads\/2025\/12\/1A-Banner-1-portada-imagen-10-1-copia-2-3.webp?resize=700%2C400&ssl=1 2x"},"classes":[]},{"id":45369,"url":"https:\/\/webdelmaestrocmf.com\/portal\/frente-al-cierre-de-escuelas-para-mitigar-el-coronavirus-necesitamos-encontrar-soluciones-de-alta-tecnologia-baja-tecnologia-y-sin-tecnologia\/","url_meta":{"origin":44863,"position":2},"title":"Frente al nuevo cierre de escuelas, para mitigar el coronavirus, necesitamos encontrar soluciones de alta tecnolog\u00eda, baja tecnolog\u00eda y sin tecnolog\u00eda","author":"Web del Maestro CMF","date":"12 marzo, 2020","format":false,"excerpt":"La OMS ha declarado que el n\u00famero de casos, de decesos y de pa\u00edses afectados por el virus de Wuhan o coronavirus Covid 19 aumentar\u00e1 en los pr\u00f3ximos d\u00edas y semanas. \u201dNunca antes hab\u00edamos visto una pandemia provocada por un coronavirus y nunca antes hemos visto que pueda controlarse al\u2026","rel":"","context":"En \u00abYo opino - WMCMF\u00bb","block_context":{"text":"Yo opino - WMCMF","link":"https:\/\/webdelmaestrocmf.com\/portal\/category\/jamb\/"},"img":{"alt_text":"","src":"https:\/\/i0.wp.com\/webdelmaestrocmf.com\/portal\/wp-content\/uploads\/2020\/03\/4c.jpg?resize=350%2C200&ssl=1","width":350,"height":200,"srcset":"https:\/\/i0.wp.com\/webdelmaestrocmf.com\/portal\/wp-content\/uploads\/2020\/03\/4c.jpg?resize=350%2C200&ssl=1 1x, https:\/\/i0.wp.com\/webdelmaestrocmf.com\/portal\/wp-content\/uploads\/2020\/03\/4c.jpg?resize=525%2C300&ssl=1 1.5x, https:\/\/i0.wp.com\/webdelmaestrocmf.com\/portal\/wp-content\/uploads\/2020\/03\/4c.jpg?resize=700%2C400&ssl=1 2x, https:\/\/i0.wp.com\/webdelmaestrocmf.com\/portal\/wp-content\/uploads\/2020\/03\/4c.jpg?resize=1050%2C600&ssl=1 3x"},"classes":[]},{"id":67278,"url":"https:\/\/webdelmaestrocmf.com\/portal\/maestra-se-quita-cubrebocas-para-leer-y-contagio-de-covid-19-a-mas-de-la-mitad-de-sus-alumnos\/","url_meta":{"origin":44863,"position":3},"title":"Maestra se quita cubrebocas para leer y contagi\u00f3 de covid-19 a m\u00e1s de la mitad de sus alumnos","author":"Web del Maestro CMF","date":"30 agosto, 2021","format":false,"excerpt":"Una maestra de primaria no vacunada que se quit\u00f3 la mascarilla para leer a sus alumnos acab\u00f3 infectando a m\u00e1s de la mitad de ellos el pasado mes de mayo, y estos a su vez contagiaron a otros estudiantes, familiares y miembros de la comunidad, seg\u00fan informaron el viernes las\u2026","rel":"","context":"En \u00abNoticias\u00bb","block_context":{"text":"Noticias","link":"https:\/\/webdelmaestrocmf.com\/portal\/category\/pedagogia\/noticias-pedagogia\/"},"img":{"alt_text":"","src":"https:\/\/i0.wp.com\/webdelmaestrocmf.com\/portal\/wp-content\/uploads\/2021\/08\/1-214.jpg?resize=350%2C200&ssl=1","width":350,"height":200,"srcset":"https:\/\/i0.wp.com\/webdelmaestrocmf.com\/portal\/wp-content\/uploads\/2021\/08\/1-214.jpg?resize=350%2C200&ssl=1 1x, https:\/\/i0.wp.com\/webdelmaestrocmf.com\/portal\/wp-content\/uploads\/2021\/08\/1-214.jpg?resize=525%2C300&ssl=1 1.5x, https:\/\/i0.wp.com\/webdelmaestrocmf.com\/portal\/wp-content\/uploads\/2021\/08\/1-214.jpg?resize=700%2C400&ssl=1 2x, https:\/\/i0.wp.com\/webdelmaestrocmf.com\/portal\/wp-content\/uploads\/2021\/08\/1-214.jpg?resize=1050%2C600&ssl=1 3x"},"classes":[]},{"id":57396,"url":"https:\/\/webdelmaestrocmf.com\/portal\/asi-contagia-el-coronavirus-en-un-salon-de-clase\/","url_meta":{"origin":44863,"position":4},"title":"As\u00ed contagia el coronavirus en un sal\u00f3n de clase","author":"Web del Maestro CMF","date":"10 enero, 2021","format":false,"excerpt":"Los interiores son m\u00e1s peligrosos, pero es posible minimizar los riesgos si se ponen en juego todas las medidas disponibles para combatir el contagio por aerosoles. Esta es la probabilidad de infecci\u00f3n en este escenario cotidiano \u00a0dependiendo de la ventilaci\u00f3n, las mascarillas y la duraci\u00f3n del encuentro La covid se\u2026","rel":"","context":"En \u00abNoticias\u00bb","block_context":{"text":"Noticias","link":"https:\/\/webdelmaestrocmf.com\/portal\/category\/pedagogia\/noticias-pedagogia\/"},"img":{"alt_text":"","src":"https:\/\/i0.wp.com\/webdelmaestrocmf.com\/portal\/wp-content\/uploads\/2021\/01\/1-87.jpg?resize=350%2C200&ssl=1","width":350,"height":200,"srcset":"https:\/\/i0.wp.com\/webdelmaestrocmf.com\/portal\/wp-content\/uploads\/2021\/01\/1-87.jpg?resize=350%2C200&ssl=1 1x, https:\/\/i0.wp.com\/webdelmaestrocmf.com\/portal\/wp-content\/uploads\/2021\/01\/1-87.jpg?resize=525%2C300&ssl=1 1.5x, https:\/\/i0.wp.com\/webdelmaestrocmf.com\/portal\/wp-content\/uploads\/2021\/01\/1-87.jpg?resize=700%2C400&ssl=1 2x, https:\/\/i0.wp.com\/webdelmaestrocmf.com\/portal\/wp-content\/uploads\/2021\/01\/1-87.jpg?resize=1050%2C600&ssl=1 3x"},"classes":[]},{"id":46449,"url":"https:\/\/webdelmaestrocmf.com\/portal\/noam-chomsky-la-crisis-del-coronavirus-pudo-haberse-prevenido-de-haber-tenido-lideres-politicos-autenticos\/","url_meta":{"origin":44863,"position":5},"title":"Noam Chomsky: La distancia social comenz\u00f3 con el uso indiscriminado de la tecnolog\u00eda digital","author":"Web del Maestro CMF","date":"14 abril, 2020","format":false,"excerpt":"Avram Noam Chomsky (1928) es un ling\u00fcista, fil\u00f3sofo, polit\u00f3logo y activista estadounidense de origen jud\u00edo. Es profesor em\u00e9rito de ling\u00fc\u00edstica en el Instituto Tecnol\u00f3gico de Massachusetts (MIT) y una de las figuras m\u00e1s destacadas de la ling\u00fc\u00edstica del siglo XX, gracias a sus trabajos en teor\u00eda ling\u00fc\u00edstica y ciencia cognitiva.\u2026","rel":"","context":"En \u00abEntrevistas\u00bb","block_context":{"text":"Entrevistas","link":"https:\/\/webdelmaestrocmf.com\/portal\/category\/noticias\/entrevistas\/"},"img":{"alt_text":"","src":"https:\/\/i0.wp.com\/webdelmaestrocmf.com\/portal\/wp-content\/uploads\/2020\/04\/1-copia-7.jpg?resize=350%2C200&ssl=1","width":350,"height":200,"srcset":"https:\/\/i0.wp.com\/webdelmaestrocmf.com\/portal\/wp-content\/uploads\/2020\/04\/1-copia-7.jpg?resize=350%2C200&ssl=1 1x, https:\/\/i0.wp.com\/webdelmaestrocmf.com\/portal\/wp-content\/uploads\/2020\/04\/1-copia-7.jpg?resize=525%2C300&ssl=1 1.5x, https:\/\/i0.wp.com\/webdelmaestrocmf.com\/portal\/wp-content\/uploads\/2020\/04\/1-copia-7.jpg?resize=700%2C400&ssl=1 2x, https:\/\/i0.wp.com\/webdelmaestrocmf.com\/portal\/wp-content\/uploads\/2020\/04\/1-copia-7.jpg?resize=1050%2C600&ssl=1 3x"},"classes":[]}],"_links":{"self":[{"href":"https:\/\/webdelmaestrocmf.com\/portal\/wp-json\/wp\/v2\/posts\/44863","targetHints":{"allow":["GET"]}}],"collection":[{"href":"https:\/\/webdelmaestrocmf.com\/portal\/wp-json\/wp\/v2\/posts"}],"about":[{"href":"https:\/\/webdelmaestrocmf.com\/portal\/wp-json\/wp\/v2\/types\/post"}],"author":[{"embeddable":true,"href":"https:\/\/webdelmaestrocmf.com\/portal\/wp-json\/wp\/v2\/users\/1"}],"replies":[{"embeddable":true,"href":"https:\/\/webdelmaestrocmf.com\/portal\/wp-json\/wp\/v2\/comments?post=44863"}],"version-history":[{"count":0,"href":"https:\/\/webdelmaestrocmf.com\/portal\/wp-json\/wp\/v2\/posts\/44863\/revisions"}],"wp:featuredmedia":[{"embeddable":true,"href":"https:\/\/webdelmaestrocmf.com\/portal\/wp-json\/wp\/v2\/media\/78842"}],"wp:attachment":[{"href":"https:\/\/webdelmaestrocmf.com\/portal\/wp-json\/wp\/v2\/media?parent=44863"}],"wp:term":[{"taxonomy":"category","embeddable":true,"href":"https:\/\/webdelmaestrocmf.com\/portal\/wp-json\/wp\/v2\/categories?post=44863"},{"taxonomy":"post_tag","embeddable":true,"href":"https:\/\/webdelmaestrocmf.com\/portal\/wp-json\/wp\/v2\/tags?post=44863"}],"curies":[{"name":"wp","href":"https:\/\/api.w.org\/{rel}","templated":true}]}}