{"id":44779,"date":"2020-02-26T20:52:12","date_gmt":"2020-02-26T23:52:12","guid":{"rendered":"https:\/\/webdelmaestrocmf.com\/portal\/?p=44779"},"modified":"2022-03-26T20:23:45","modified_gmt":"2022-03-26T23:23:45","slug":"ficha-diagnostica-de-la-institucion-educativa","status":"publish","type":"post","link":"https:\/\/webdelmaestrocmf.com\/portal\/ficha-diagnostica-de-la-institucion-educativa\/","title":{"rendered":"Ficha diagn\u00f3stica de la instituci\u00f3n educativa"},"content":{"rendered":"<h5 style=\"text-align: justify;\">La palabra <strong>Diagn\u00f3stico<\/strong>, proviene del griego <strong>diagnostik\u00f3s<\/strong> formado por el prefijo <strong>d\u00eda<\/strong> (a trav\u00e9s), y <strong>gnosis<\/strong> (conocimiento o apto para conocer). En general, el t\u00e9rmino indica el an\u00e1lisis que se realiza para determinar cu\u00e1l es la situaci\u00f3n y cu\u00e1les son las tendencias de la misma. Esta determinaci\u00f3n se realiza sobre la base de informaciones, datos y hechos recogidos y ordenados sistem\u00e1ticamente, que permiten describir, analizar y determina mejor qu\u00e9 es lo que est\u00e1 pasando en la realidad.<\/h5>\n<p><!--more--><\/p>\n<h5><strong>\u00bfQu\u00e9 es un diagn\u00f3stico?<\/strong><\/h5>\n<p style=\"text-align: justify;\">Es un proceso que describe, analiza y determina la realidad de la instituci\u00f3n y de sus \u00e1mbitos educativos: Pedag\u00f3gica, Comunitaria, Organizativa, Administrativa.<\/p>\n<ul>\n<li style=\"text-align: justify;\">\u00bfPor qu\u00e9 es la importancia el diagn\u00f3stico en el proceso educativo?<\/li>\n<li style=\"text-align: justify;\">Nos permite lo siguiente:<\/li>\n<li style=\"text-align: justify;\">Sistematizar la informaci\u00f3n sobre las situaciones y problemas de una determinar realidad sobre la que se va actuar.<\/li>\n<li style=\"text-align: justify;\">Prever, las situaciones y problemas futuras.<\/li>\n<li style=\"text-align: justify;\">Conocer mejor a las personas que se beneficiaran con la ejecuci\u00f3n de nuestra planificaci\u00f3n.<\/li>\n<li style=\"text-align: justify;\">Tener claro nuestros objetivos dentro de nuestra planificaci\u00f3n que realizaremos.<\/li>\n<li style=\"text-align: justify;\">Determinar que recursos, metodolog\u00eda, contenidos podemos utilizar para ejecutar nuestra planificaci\u00f3n .<\/li>\n<li style=\"text-align: justify;\">Conocer, comprender y reflexionar sobre fortaleza, oportunidades, debilidades y amenazas de la instituci\u00f3n, aula, docentes, familia, comunidad (contexto) y alumnado. Etc.<\/li>\n<\/ul>\n<p><img loading=\"lazy\" decoding=\"async\" class=\"alignnone size-full wp-image-44789\" src=\"https:\/\/webdelmaestrocmf.com\/portal\/wp-content\/uploads\/2020\/02\/1aa.png\" alt=\"\" width=\"720\" height=\"487\" srcset=\"https:\/\/webdelmaestrocmf.com\/portal\/wp-content\/uploads\/2020\/02\/1aa.png 720w, https:\/\/webdelmaestrocmf.com\/portal\/wp-content\/uploads\/2020\/02\/1aa-300x203.png 300w, https:\/\/webdelmaestrocmf.com\/portal\/wp-content\/uploads\/2020\/02\/1aa-110x74.png 110w, https:\/\/webdelmaestrocmf.com\/portal\/wp-content\/uploads\/2020\/02\/1aa-200x135.png 200w, https:\/\/webdelmaestrocmf.com\/portal\/wp-content\/uploads\/2020\/02\/1aa-380x257.png 380w, https:\/\/webdelmaestrocmf.com\/portal\/wp-content\/uploads\/2020\/02\/1aa-255x172.png 255w, https:\/\/webdelmaestrocmf.com\/portal\/wp-content\/uploads\/2020\/02\/1aa-550x372.png 550w\" sizes=\"auto, (max-width: 720px) 100vw, 720px\" \/><\/p>\n<h5><strong>Para qu\u00e9 sirve el diagn\u00f3stico en el proceso de ense\u00f1anza aprendizaje<\/strong><\/h5>\n<ul>\n<li style=\"text-align: justify;\">Planificar, ejecutar y evaluar acciones concretas en el proceso educativo, que respondan a la realidad, necesidades, intereses y problemas del estudiantado, docentes, familia, etc.<\/li>\n<li style=\"text-align: justify;\">Permite conocer y prever situaciones, necesidades y problemas que afectan a las personas beneficiarias (estudiantes, docentes, padres, madres de familia, personal administrativo y servicio) y al desarrollo del proceso educativo.<\/li>\n<li style=\"text-align: justify;\">Permite identificar fortalezas, oportunidades, debilidades y amenazas del \u00e1mbitos pedag\u00f3gico, comunitario, administrativo y organizativo para el mejoramiento continuo de la calidad del proceso educativo y de las condiciones (internas y externas) en que se lleva a cabo.<\/li>\n<li style=\"text-align: justify;\">Descubrir las condiciones socioecon\u00f3micas y biosicosiciales del estudiantado, padres, madres de familia, personal de servicio y administrativo y profesorado.<\/li>\n<li style=\"text-align: justify;\">Descubre procesos que orientan el esfuerzo colectivo para la construcci\u00f3n de una mejora contin\u00faan en: propuesta educativa innovadoras y gesti\u00f3n, organizaci\u00f3n y administraci\u00f3n de recursos (humanos, materiales y financieros), tiempo, espacios, etc.<\/li>\n<li style=\"text-align: justify;\">Permite determinar el dise\u00f1o, ejecuci\u00f3n y evaluaci\u00f3n de planes y programas (objetivos, actividades, metodolog\u00eda, contenidos, recursos, evaluaci\u00f3n) para alcanzar un proceso educativo de calidad.<\/li>\n<li style=\"text-align: justify;\">Permite sistematizar la informaci\u00f3n sobre las situaciones, necesidades y problemas de una determinar realidad sobre la que se va actuar.<\/li>\n<\/ul>\n<p style=\"text-align: center;\"><iframe loading=\"lazy\" style=\"border: 1px solid #CCC; border-width: 1px; margin-bottom: 5px; max-width: 100%;\" src=\"https:\/\/www.slideshare.net\/slideshow\/embed_code\/key\/m6w2JTdEFMLS6l\" width=\"595\" height=\"485\" frameborder=\"0\" marginwidth=\"0\" marginheight=\"0\" scrolling=\"no\" allowfullscreen=\"allowfullscreen\"><span data-mce-type=\"bookmark\" style=\"display: inline-block; width: 0px; overflow: hidden; line-height: 0;\" class=\"mce_SELRES_start\">\ufeff<\/span> <\/iframe><\/p>\n<p style=\"text-align: center;\">Recomendamos a la Comunidad Educativa Digital tener en cuenta que, el enlace y\/o la carpeta en donde est\u00e1n alojados los libros, recursos y\/o materiales, no es administrado por la Web del Maestro CMF, pueda ser que en cuesti\u00f3n de d\u00edas (o seg\u00fan el tiempo transcurrido desde su publicaci\u00f3n), los enlaces no funcionen y el material ya no se encuentre disponible. Gracias por su comprensi\u00f3n.<\/p>\n<h3><strong>ENLACE DE LECTURA:<\/strong><\/h3>\n<p style=\"text-align: center;\">\u00a1Comparte y as\u00ed m\u00e1s docentes utilizar\u00e1n estos recursos\u00a0gratis! Muchas gracias.<\/p>\n<p style=\"text-align: center;\"><span style=\"color: #000000;\"><a style=\"color: #000000;\" href=\"https:\/\/mega.nz\/#F!KvZi0AqT!lDzNkCcIauYyQ4x-bZ5MOQ\" target=\"_blank\" rel=\"noopener noreferrer\"><strong>FICHA DIAGN\u00d3STICA DE LA INSTITUCI\u00d3N EDUCATIVA<\/strong><\/a><\/span><\/p>\n\t\t<div class=\"pk-inline-posts\">\n\t\t\t\n\t\t\t<div class=\"pk-inline-posts-container pk-inline-posts-template-list\"\n\t\t\t\tdata-columns=\"1\">\n\t\t\t\t\t\t<article id=\"post-101267\" class=\"post-101267 post type-post status-publish format-standard has-post-thumbnail category-calculo category-descargas-manuales-pdf category-pedagogia tag-calculo tag-desarrollar tag-guia tag-mental tag-ninos cs-entry cs-video-wrap\">\n\t\t\t<div class=\"pk-post-outer\">\n\n\t\t\t\t\t\t\t\t<div class=\"pk-post-inner\">\n\t\t\t\t\t<div class=\"entry-thumbnail\">\n\t\t\t\t\t\t<div class=\"pk-overlay pk-overlay-ratio pk-ratio-landscape\">\n\t\t\t\t\t\t\t<div class=\"pk-overlay-background\">\n\t\t\t\t\t\t\t\t<a href=\"https:\/\/webdelmaestrocmf.com\/portal\/guia-para-desarrollar-el-calculo-mental-en-ninos\/\" class=\"pk-overlay-link\">\n\t\t\t\t\t\t\t\t\t<img loading=\"lazy\" decoding=\"async\" width=\"300\" height=\"225\" src=\"https:\/\/webdelmaestrocmf.com\/portal\/wp-content\/uploads\/2023\/11\/1AA-Banner-1-portada-imagen-10-1-copia-1-300x225.webp\" class=\"attachment-pk-thumbnail size-pk-thumbnail wp-post-image\" alt=\"\" \/>\t\t\t\t\t\t\t\t<\/a>\n\t\t\t\t\t\t\t<\/div>\n\t\t\t\t\t\t<\/div>\n\t\t\t\t\t<\/div>\n\t\t\t\t<\/div>\n\t\t\t\t\n\t\t\t\t<div class=\"pk-post-inner\">\n\t\t\t\t\t<header>\n\t\t\t\t\t\t<h3 class=\"pk-title\"><a href=\"https:\/\/webdelmaestrocmf.com\/portal\/guia-para-desarrollar-el-calculo-mental-en-ninos\/\" rel=\"bookmark\">Gu\u00eda pr\u00e1ctica para desarrollar el c\u00e1lculo mental en ni\u00f1os: descarga los tres cuadernillos de c\u00e1lculo mental<\/a><\/h3>\t\t\t\t\t<\/header><!-- .entry-header -->\n\t\t\t\t<\/div><!-- .post-inner -->\n\n\t\t\t<\/div><!-- .post-outer -->\n\t\t<\/article>\n\t\t\t\t<\/div>\n\t\t<\/div>\n\t\t\n","protected":false},"excerpt":{"rendered":"La palabra Diagn\u00f3stico, proviene del griego diagnostik\u00f3s formado por el prefijo d\u00eda (a trav\u00e9s), y gnosis (conocimiento o&hellip;","protected":false},"author":1,"featured_media":44790,"comment_status":"open","ping_status":"closed","sticky":false,"template":"","format":"standard","meta":{"csco_display_header_overlay":false,"csco_singular_sidebar":"default","csco_page_header_type":"default","csco_page_load_nextpost":"default","csco_post_video_location":[],"csco_post_video_location_hash":"","csco_post_video_url":"","csco_post_video_bg_start_time":0,"csco_post_video_bg_end_time":0,"csco_post_video_bg_volume":false,"_jetpack_memberships_contains_paid_content":false,"footnotes":""},"categories":[2004,735],"tags":[4361,220,3398,2729],"class_list":{"0":"post-44779","1":"post","2":"type-post","3":"status-publish","4":"format-standard","5":"has-post-thumbnail","7":"category-descargas-manuales-pdf","8":"category-pedagogia","9":"tag-diagnostica","10":"tag-educativa","11":"tag-ficha","12":"tag-institucion","13":"cs-entry","14":"cs-video-wrap"},"yoast_head":"<!-- This site is optimized with the Yoast SEO plugin v27.5 - https:\/\/yoast.com\/product\/yoast-seo-wordpress\/ -->\n<title>Ficha diagn\u00f3stica de la instituci\u00f3n educativa - 2026<\/title>\n<meta name=\"description\" content=\"Comunidad de Maestros, Docentes y Profesores, en donde encontrar\u00e1s material, informaci\u00f3n y noticias del \u00e1mbito nacional y mundial.\" \/>\n<meta name=\"robots\" content=\"index, follow, max-snippet:-1, max-image-preview:large, max-video-preview:-1\" \/>\n<link rel=\"canonical\" href=\"https:\/\/webdelmaestrocmf.com\/portal\/ficha-diagnostica-de-la-institucion-educativa\/\" \/>\n<meta property=\"og:locale\" content=\"es_ES\" \/>\n<meta property=\"og:type\" content=\"article\" \/>\n<meta property=\"og:title\" content=\"Ficha diagn\u00f3stica de la instituci\u00f3n educativa - 2026\" \/>\n<meta property=\"og:description\" content=\"Comunidad de Maestros, Docentes y Profesores, en donde encontrar\u00e1s material, informaci\u00f3n y noticias del \u00e1mbito nacional y mundial.\" \/>\n<meta property=\"og:url\" content=\"https:\/\/webdelmaestrocmf.com\/portal\/ficha-diagnostica-de-la-institucion-educativa\/\" \/>\n<meta property=\"og:site_name\" content=\"Web del Maestro CMF\" \/>\n<meta property=\"article:publisher\" content=\"https:\/\/www.facebook.com\/WebdelMaestroCMF\/\" \/>\n<meta property=\"article:author\" content=\"https:\/\/www.facebook.com\/WebdelMaestroCMF\/\" \/>\n<meta property=\"article:published_time\" content=\"2020-02-26T23:52:12+00:00\" \/>\n<meta property=\"article:modified_time\" content=\"2022-03-26T23:23:45+00:00\" \/>\n<meta property=\"og:image\" content=\"https:\/\/i0.wp.com\/webdelmaestrocmf.com\/portal\/wp-content\/uploads\/2020\/02\/1-6.jpeg?fit=1100%2C680&ssl=1\" \/>\n\t<meta property=\"og:image:width\" content=\"1100\" \/>\n\t<meta property=\"og:image:height\" content=\"680\" \/>\n\t<meta property=\"og:image:type\" content=\"image\/jpeg\" \/>\n<meta name=\"author\" content=\"Web del Maestro CMF\" \/>\n<meta name=\"twitter:card\" content=\"summary_large_image\" \/>\n<meta name=\"twitter:creator\" content=\"@cmf_w\" \/>\n<meta name=\"twitter:site\" content=\"@cmf_w\" \/>\n<script type=\"application\/ld+json\" class=\"yoast-schema-graph\">{\"@context\":\"https:\\\/\\\/schema.org\",\"@graph\":[{\"@type\":\"ScholarlyArticle\",\"@id\":\"https:\\\/\\\/webdelmaestrocmf.com\\\/portal\\\/ficha-diagnostica-de-la-institucion-educativa\\\/#article\",\"isPartOf\":{\"@id\":\"https:\\\/\\\/webdelmaestrocmf.com\\\/portal\\\/ficha-diagnostica-de-la-institucion-educativa\\\/\"},\"author\":{\"name\":\"Web del Maestro CMF\",\"@id\":\"https:\\\/\\\/webdelmaestrocmf.com\\\/portal\\\/#\\\/schema\\\/person\\\/1072a2ed7bd960df8ef99a551fa35dc5\"},\"headline\":\"Ficha diagn\u00f3stica de la instituci\u00f3n educativa\",\"datePublished\":\"2020-02-26T23:52:12+00:00\",\"dateModified\":\"2022-03-26T23:23:45+00:00\",\"mainEntityOfPage\":{\"@id\":\"https:\\\/\\\/webdelmaestrocmf.com\\\/portal\\\/ficha-diagnostica-de-la-institucion-educativa\\\/\"},\"wordCount\":538,\"commentCount\":0,\"publisher\":{\"@id\":\"https:\\\/\\\/webdelmaestrocmf.com\\\/portal\\\/#organization\"},\"image\":{\"@id\":\"https:\\\/\\\/webdelmaestrocmf.com\\\/portal\\\/ficha-diagnostica-de-la-institucion-educativa\\\/#primaryimage\"},\"thumbnailUrl\":\"https:\\\/\\\/webdelmaestrocmf.com\\\/portal\\\/wp-content\\\/uploads\\\/2020\\\/02\\\/1-6.jpeg\",\"keywords\":[\"DIAGN\u00d3STICA\",\"EDUCATIVA\",\"FICHA\",\"INSTITUCI\u00d3N\"],\"articleSection\":[\"Descargas Manuales PDF\",\"Recursos\"],\"inLanguage\":\"es\",\"potentialAction\":[{\"@type\":\"CommentAction\",\"name\":\"Comment\",\"target\":[\"https:\\\/\\\/webdelmaestrocmf.com\\\/portal\\\/ficha-diagnostica-de-la-institucion-educativa\\\/#respond\"]}]},{\"@type\":\"WebPage\",\"@id\":\"https:\\\/\\\/webdelmaestrocmf.com\\\/portal\\\/ficha-diagnostica-de-la-institucion-educativa\\\/\",\"url\":\"https:\\\/\\\/webdelmaestrocmf.com\\\/portal\\\/ficha-diagnostica-de-la-institucion-educativa\\\/\",\"name\":\"Ficha diagn\u00f3stica de la instituci\u00f3n educativa - 2026\",\"isPartOf\":{\"@id\":\"https:\\\/\\\/webdelmaestrocmf.com\\\/portal\\\/#website\"},\"primaryImageOfPage\":{\"@id\":\"https:\\\/\\\/webdelmaestrocmf.com\\\/portal\\\/ficha-diagnostica-de-la-institucion-educativa\\\/#primaryimage\"},\"image\":{\"@id\":\"https:\\\/\\\/webdelmaestrocmf.com\\\/portal\\\/ficha-diagnostica-de-la-institucion-educativa\\\/#primaryimage\"},\"thumbnailUrl\":\"https:\\\/\\\/webdelmaestrocmf.com\\\/portal\\\/wp-content\\\/uploads\\\/2020\\\/02\\\/1-6.jpeg\",\"datePublished\":\"2020-02-26T23:52:12+00:00\",\"dateModified\":\"2022-03-26T23:23:45+00:00\",\"description\":\"Comunidad de Maestros, Docentes y Profesores, en donde encontrar\u00e1s material, informaci\u00f3n y noticias del \u00e1mbito nacional y mundial.\",\"breadcrumb\":{\"@id\":\"https:\\\/\\\/webdelmaestrocmf.com\\\/portal\\\/ficha-diagnostica-de-la-institucion-educativa\\\/#breadcrumb\"},\"inLanguage\":\"es\",\"potentialAction\":[{\"@type\":\"ReadAction\",\"target\":[\"https:\\\/\\\/webdelmaestrocmf.com\\\/portal\\\/ficha-diagnostica-de-la-institucion-educativa\\\/\"]}]},{\"@type\":\"ImageObject\",\"inLanguage\":\"es\",\"@id\":\"https:\\\/\\\/webdelmaestrocmf.com\\\/portal\\\/ficha-diagnostica-de-la-institucion-educativa\\\/#primaryimage\",\"url\":\"https:\\\/\\\/webdelmaestrocmf.com\\\/portal\\\/wp-content\\\/uploads\\\/2020\\\/02\\\/1-6.jpeg\",\"contentUrl\":\"https:\\\/\\\/webdelmaestrocmf.com\\\/portal\\\/wp-content\\\/uploads\\\/2020\\\/02\\\/1-6.jpeg\",\"width\":1100,\"height\":680},{\"@type\":\"BreadcrumbList\",\"@id\":\"https:\\\/\\\/webdelmaestrocmf.com\\\/portal\\\/ficha-diagnostica-de-la-institucion-educativa\\\/#breadcrumb\",\"itemListElement\":[{\"@type\":\"ListItem\",\"position\":1,\"name\":\"Portada\",\"item\":\"https:\\\/\\\/webdelmaestrocmf.com\\\/portal\\\/\"},{\"@type\":\"ListItem\",\"position\":2,\"name\":\"Recursos\",\"item\":\"https:\\\/\\\/webdelmaestrocmf.com\\\/portal\\\/category\\\/pedagogia\\\/\"},{\"@type\":\"ListItem\",\"position\":3,\"name\":\"Ficha diagn\u00f3stica de la instituci\u00f3n educativa\"}]},{\"@type\":\"WebSite\",\"@id\":\"https:\\\/\\\/webdelmaestrocmf.com\\\/portal\\\/#website\",\"url\":\"https:\\\/\\\/webdelmaestrocmf.com\\\/portal\\\/\",\"name\":\"Web del Maestro CMF\",\"description\":\"Maestros al servicio de la educaci\u00f3n\",\"publisher\":{\"@id\":\"https:\\\/\\\/webdelmaestrocmf.com\\\/portal\\\/#organization\"},\"alternateName\":\"WMCMF\",\"potentialAction\":[{\"@type\":\"SearchAction\",\"target\":{\"@type\":\"EntryPoint\",\"urlTemplate\":\"https:\\\/\\\/webdelmaestrocmf.com\\\/portal\\\/?s={search_term_string}\"},\"query-input\":{\"@type\":\"PropertyValueSpecification\",\"valueRequired\":true,\"valueName\":\"search_term_string\"}}],\"inLanguage\":\"es\"},{\"@type\":\"Organization\",\"@id\":\"https:\\\/\\\/webdelmaestrocmf.com\\\/portal\\\/#organization\",\"name\":\"Web del Maestro CMF\",\"alternateName\":\"WMCMF\",\"url\":\"https:\\\/\\\/webdelmaestrocmf.com\\\/portal\\\/\",\"logo\":{\"@type\":\"ImageObject\",\"inLanguage\":\"es\",\"@id\":\"https:\\\/\\\/webdelmaestrocmf.com\\\/portal\\\/#\\\/schema\\\/logo\\\/image\\\/\",\"url\":\"https:\\\/\\\/webdelmaestrocmf.com\\\/portal\\\/wp-content\\\/uploads\\\/2023\\\/01\\\/logo-wmcmf-2.png\",\"contentUrl\":\"https:\\\/\\\/webdelmaestrocmf.com\\\/portal\\\/wp-content\\\/uploads\\\/2023\\\/01\\\/logo-wmcmf-2.png\",\"width\":200,\"height\":60,\"caption\":\"Web del Maestro CMF\"},\"image\":{\"@id\":\"https:\\\/\\\/webdelmaestrocmf.com\\\/portal\\\/#\\\/schema\\\/logo\\\/image\\\/\"},\"sameAs\":[\"https:\\\/\\\/www.facebook.com\\\/WebdelMaestroCMF\\\/\",\"https:\\\/\\\/x.com\\\/cmf_w\",\"https:\\\/\\\/www.pinterest.com\\\/WMCMF\\\/\",\"https:\\\/\\\/www.linkedin.com\\\/company\\\/web-del-maestro-cmf\\\/\",\"https:\\\/\\\/www.instagram.com\\\/wmcmf\\\/\",\"https:\\\/\\\/www.youtube.com\\\/channel\\\/UCDPSvjbdodE5sHnC3OxutHw\",\"https:\\\/\\\/mastodon.social\\\/@wmcmf\",\"https:\\\/\\\/www.tiktok.com\\\/@webdelmaestrocmf\"]},{\"@type\":\"Person\",\"@id\":\"https:\\\/\\\/webdelmaestrocmf.com\\\/portal\\\/#\\\/schema\\\/person\\\/1072a2ed7bd960df8ef99a551fa35dc5\",\"name\":\"Web del Maestro CMF\",\"image\":{\"@type\":\"ImageObject\",\"inLanguage\":\"es\",\"@id\":\"https:\\\/\\\/secure.gravatar.com\\\/avatar\\\/23291dd5b5ae1077dcff3dbb04c3e02bd28403fa75af6d8787d5e97c5bbbe30b?s=96&d=mm&r=g\",\"url\":\"https:\\\/\\\/secure.gravatar.com\\\/avatar\\\/23291dd5b5ae1077dcff3dbb04c3e02bd28403fa75af6d8787d5e97c5bbbe30b?s=96&d=mm&r=g\",\"contentUrl\":\"https:\\\/\\\/secure.gravatar.com\\\/avatar\\\/23291dd5b5ae1077dcff3dbb04c3e02bd28403fa75af6d8787d5e97c5bbbe30b?s=96&d=mm&r=g\",\"caption\":\"Web del Maestro CMF\"},\"description\":\"Esta Web se cre\u00f3 sin fines de lucro, con fines educativos, cient\u00edficos y acad\u00e9micos, para personas que tengan dificultades y\\\/o inconvenientes en visualizar el material original. El objetivo es entregar recursos, compartir experiencias y materiales que ayuden a los padres de familia, maestros y estudiantes en su actualizaci\u00f3n y formaci\u00f3n permanente, en bien de la Educaci\u00f3n.\",\"sameAs\":[\"http:\\\/\\\/webdelmaestrocmf.com\\\/portal\",\"https:\\\/\\\/www.facebook.com\\\/WebdelMaestroCMF\\\/\",\"https:\\\/\\\/www.instagram.com\\\/wmcmf\\\/\",\"https:\\\/\\\/cl.linkedin.com\\\/company\\\/web-del-maestro-cmf\",\"https:\\\/\\\/www.pinterest.com\\\/WMCMF\\\/publicaciones\\\/\",\"https:\\\/\\\/x.com\\\/cmf_w\",\"https:\\\/\\\/www.youtube.com\\\/@WMCMF\"]}]}<\/script>\n<!-- \/ Yoast SEO plugin. -->","yoast_head_json":{"title":"Ficha diagn\u00f3stica de la instituci\u00f3n educativa - 2026","description":"Comunidad de Maestros, Docentes y Profesores, en donde encontrar\u00e1s material, informaci\u00f3n y noticias del \u00e1mbito nacional y mundial.","robots":{"index":"index","follow":"follow","max-snippet":"max-snippet:-1","max-image-preview":"max-image-preview:large","max-video-preview":"max-video-preview:-1"},"canonical":"https:\/\/webdelmaestrocmf.com\/portal\/ficha-diagnostica-de-la-institucion-educativa\/","og_locale":"es_ES","og_type":"article","og_title":"Ficha diagn\u00f3stica de la instituci\u00f3n educativa - 2026","og_description":"Comunidad de Maestros, Docentes y Profesores, en donde encontrar\u00e1s material, informaci\u00f3n y noticias del \u00e1mbito nacional y mundial.","og_url":"https:\/\/webdelmaestrocmf.com\/portal\/ficha-diagnostica-de-la-institucion-educativa\/","og_site_name":"Web del Maestro CMF","article_publisher":"https:\/\/www.facebook.com\/WebdelMaestroCMF\/","article_author":"https:\/\/www.facebook.com\/WebdelMaestroCMF\/","article_published_time":"2020-02-26T23:52:12+00:00","article_modified_time":"2022-03-26T23:23:45+00:00","og_image":[{"width":1100,"height":680,"url":"https:\/\/i0.wp.com\/webdelmaestrocmf.com\/portal\/wp-content\/uploads\/2020\/02\/1-6.jpeg?fit=1100%2C680&ssl=1","type":"image\/jpeg"}],"author":"Web del Maestro CMF","twitter_card":"summary_large_image","twitter_creator":"@cmf_w","twitter_site":"@cmf_w","schema":{"@context":"https:\/\/schema.org","@graph":[{"@type":"ScholarlyArticle","@id":"https:\/\/webdelmaestrocmf.com\/portal\/ficha-diagnostica-de-la-institucion-educativa\/#article","isPartOf":{"@id":"https:\/\/webdelmaestrocmf.com\/portal\/ficha-diagnostica-de-la-institucion-educativa\/"},"author":{"name":"Web del Maestro CMF","@id":"https:\/\/webdelmaestrocmf.com\/portal\/#\/schema\/person\/1072a2ed7bd960df8ef99a551fa35dc5"},"headline":"Ficha diagn\u00f3stica de la instituci\u00f3n educativa","datePublished":"2020-02-26T23:52:12+00:00","dateModified":"2022-03-26T23:23:45+00:00","mainEntityOfPage":{"@id":"https:\/\/webdelmaestrocmf.com\/portal\/ficha-diagnostica-de-la-institucion-educativa\/"},"wordCount":538,"commentCount":0,"publisher":{"@id":"https:\/\/webdelmaestrocmf.com\/portal\/#organization"},"image":{"@id":"https:\/\/webdelmaestrocmf.com\/portal\/ficha-diagnostica-de-la-institucion-educativa\/#primaryimage"},"thumbnailUrl":"https:\/\/webdelmaestrocmf.com\/portal\/wp-content\/uploads\/2020\/02\/1-6.jpeg","keywords":["DIAGN\u00d3STICA","EDUCATIVA","FICHA","INSTITUCI\u00d3N"],"articleSection":["Descargas Manuales PDF","Recursos"],"inLanguage":"es","potentialAction":[{"@type":"CommentAction","name":"Comment","target":["https:\/\/webdelmaestrocmf.com\/portal\/ficha-diagnostica-de-la-institucion-educativa\/#respond"]}]},{"@type":"WebPage","@id":"https:\/\/webdelmaestrocmf.com\/portal\/ficha-diagnostica-de-la-institucion-educativa\/","url":"https:\/\/webdelmaestrocmf.com\/portal\/ficha-diagnostica-de-la-institucion-educativa\/","name":"Ficha diagn\u00f3stica de la instituci\u00f3n educativa - 2026","isPartOf":{"@id":"https:\/\/webdelmaestrocmf.com\/portal\/#website"},"primaryImageOfPage":{"@id":"https:\/\/webdelmaestrocmf.com\/portal\/ficha-diagnostica-de-la-institucion-educativa\/#primaryimage"},"image":{"@id":"https:\/\/webdelmaestrocmf.com\/portal\/ficha-diagnostica-de-la-institucion-educativa\/#primaryimage"},"thumbnailUrl":"https:\/\/webdelmaestrocmf.com\/portal\/wp-content\/uploads\/2020\/02\/1-6.jpeg","datePublished":"2020-02-26T23:52:12+00:00","dateModified":"2022-03-26T23:23:45+00:00","description":"Comunidad de Maestros, Docentes y Profesores, en donde encontrar\u00e1s material, informaci\u00f3n y noticias del \u00e1mbito nacional y mundial.","breadcrumb":{"@id":"https:\/\/webdelmaestrocmf.com\/portal\/ficha-diagnostica-de-la-institucion-educativa\/#breadcrumb"},"inLanguage":"es","potentialAction":[{"@type":"ReadAction","target":["https:\/\/webdelmaestrocmf.com\/portal\/ficha-diagnostica-de-la-institucion-educativa\/"]}]},{"@type":"ImageObject","inLanguage":"es","@id":"https:\/\/webdelmaestrocmf.com\/portal\/ficha-diagnostica-de-la-institucion-educativa\/#primaryimage","url":"https:\/\/webdelmaestrocmf.com\/portal\/wp-content\/uploads\/2020\/02\/1-6.jpeg","contentUrl":"https:\/\/webdelmaestrocmf.com\/portal\/wp-content\/uploads\/2020\/02\/1-6.jpeg","width":1100,"height":680},{"@type":"BreadcrumbList","@id":"https:\/\/webdelmaestrocmf.com\/portal\/ficha-diagnostica-de-la-institucion-educativa\/#breadcrumb","itemListElement":[{"@type":"ListItem","position":1,"name":"Portada","item":"https:\/\/webdelmaestrocmf.com\/portal\/"},{"@type":"ListItem","position":2,"name":"Recursos","item":"https:\/\/webdelmaestrocmf.com\/portal\/category\/pedagogia\/"},{"@type":"ListItem","position":3,"name":"Ficha diagn\u00f3stica de la instituci\u00f3n educativa"}]},{"@type":"WebSite","@id":"https:\/\/webdelmaestrocmf.com\/portal\/#website","url":"https:\/\/webdelmaestrocmf.com\/portal\/","name":"Web del Maestro CMF","description":"Maestros al servicio de la educaci\u00f3n","publisher":{"@id":"https:\/\/webdelmaestrocmf.com\/portal\/#organization"},"alternateName":"WMCMF","potentialAction":[{"@type":"SearchAction","target":{"@type":"EntryPoint","urlTemplate":"https:\/\/webdelmaestrocmf.com\/portal\/?s={search_term_string}"},"query-input":{"@type":"PropertyValueSpecification","valueRequired":true,"valueName":"search_term_string"}}],"inLanguage":"es"},{"@type":"Organization","@id":"https:\/\/webdelmaestrocmf.com\/portal\/#organization","name":"Web del Maestro CMF","alternateName":"WMCMF","url":"https:\/\/webdelmaestrocmf.com\/portal\/","logo":{"@type":"ImageObject","inLanguage":"es","@id":"https:\/\/webdelmaestrocmf.com\/portal\/#\/schema\/logo\/image\/","url":"https:\/\/webdelmaestrocmf.com\/portal\/wp-content\/uploads\/2023\/01\/logo-wmcmf-2.png","contentUrl":"https:\/\/webdelmaestrocmf.com\/portal\/wp-content\/uploads\/2023\/01\/logo-wmcmf-2.png","width":200,"height":60,"caption":"Web del Maestro CMF"},"image":{"@id":"https:\/\/webdelmaestrocmf.com\/portal\/#\/schema\/logo\/image\/"},"sameAs":["https:\/\/www.facebook.com\/WebdelMaestroCMF\/","https:\/\/x.com\/cmf_w","https:\/\/www.pinterest.com\/WMCMF\/","https:\/\/www.linkedin.com\/company\/web-del-maestro-cmf\/","https:\/\/www.instagram.com\/wmcmf\/","https:\/\/www.youtube.com\/channel\/UCDPSvjbdodE5sHnC3OxutHw","https:\/\/mastodon.social\/@wmcmf","https:\/\/www.tiktok.com\/@webdelmaestrocmf"]},{"@type":"Person","@id":"https:\/\/webdelmaestrocmf.com\/portal\/#\/schema\/person\/1072a2ed7bd960df8ef99a551fa35dc5","name":"Web del Maestro CMF","image":{"@type":"ImageObject","inLanguage":"es","@id":"https:\/\/secure.gravatar.com\/avatar\/23291dd5b5ae1077dcff3dbb04c3e02bd28403fa75af6d8787d5e97c5bbbe30b?s=96&d=mm&r=g","url":"https:\/\/secure.gravatar.com\/avatar\/23291dd5b5ae1077dcff3dbb04c3e02bd28403fa75af6d8787d5e97c5bbbe30b?s=96&d=mm&r=g","contentUrl":"https:\/\/secure.gravatar.com\/avatar\/23291dd5b5ae1077dcff3dbb04c3e02bd28403fa75af6d8787d5e97c5bbbe30b?s=96&d=mm&r=g","caption":"Web del Maestro CMF"},"description":"Esta Web se cre\u00f3 sin fines de lucro, con fines educativos, cient\u00edficos y acad\u00e9micos, para personas que tengan dificultades y\/o inconvenientes en visualizar el material original. El objetivo es entregar recursos, compartir experiencias y materiales que ayuden a los padres de familia, maestros y estudiantes en su actualizaci\u00f3n y formaci\u00f3n permanente, en bien de la Educaci\u00f3n.","sameAs":["http:\/\/webdelmaestrocmf.com\/portal","https:\/\/www.facebook.com\/WebdelMaestroCMF\/","https:\/\/www.instagram.com\/wmcmf\/","https:\/\/cl.linkedin.com\/company\/web-del-maestro-cmf","https:\/\/www.pinterest.com\/WMCMF\/publicaciones\/","https:\/\/x.com\/cmf_w","https:\/\/www.youtube.com\/@WMCMF"]}]}},"jetpack_featured_media_url":"https:\/\/webdelmaestrocmf.com\/portal\/wp-content\/uploads\/2020\/02\/1-6.jpeg","jetpack_sharing_enabled":true,"jetpack-related-posts":[{"id":45482,"url":"https:\/\/webdelmaestrocmf.com\/portal\/ficha-diagnostica-del-estudiante\/","url_meta":{"origin":44779,"position":0},"title":"Ficha diagn\u00f3stica del estudiante","author":"Web del Maestro CMF","date":"15 marzo, 2020","format":false,"excerpt":"La palabra Diagn\u00f3stico, proviene del griego diagn\u00f3sticos formado por el prefijo d\u00eda (a trav\u00e9s), y gnosis (conocimiento o apto para conocer). En general, el t\u00e9rmino indica el an\u00e1lisis que se realiza para determinar cu\u00e1l es la situaci\u00f3n y cu\u00e1les son las tendencias de la misma. Esta determinaci\u00f3n se realiza sobre\u2026","rel":"","context":"En \u00abDescargas Manuales PDF\u00bb","block_context":{"text":"Descargas Manuales PDF","link":"https:\/\/webdelmaestrocmf.com\/portal\/category\/pedagogia\/descargas-manuales-pdf\/"},"img":{"alt_text":"","src":"https:\/\/i0.wp.com\/webdelmaestrocmf.com\/portal\/wp-content\/uploads\/2020\/03\/1-20.jpg?resize=350%2C200&ssl=1","width":350,"height":200,"srcset":"https:\/\/i0.wp.com\/webdelmaestrocmf.com\/portal\/wp-content\/uploads\/2020\/03\/1-20.jpg?resize=350%2C200&ssl=1 1x, https:\/\/i0.wp.com\/webdelmaestrocmf.com\/portal\/wp-content\/uploads\/2020\/03\/1-20.jpg?resize=525%2C300&ssl=1 1.5x, https:\/\/i0.wp.com\/webdelmaestrocmf.com\/portal\/wp-content\/uploads\/2020\/03\/1-20.jpg?resize=700%2C400&ssl=1 2x, https:\/\/i0.wp.com\/webdelmaestrocmf.com\/portal\/wp-content\/uploads\/2020\/03\/1-20.jpg?resize=1050%2C600&ssl=1 3x"},"classes":[]},{"id":97136,"url":"https:\/\/webdelmaestrocmf.com\/portal\/diferencias-entre-diagnostico-del-alumnado-y-diagnostico-de-grupo-y-como-implementarlo-en-secundaria\/","url_meta":{"origin":44779,"position":1},"title":"Diferencias entre Diagn\u00f3stico del alumnado y Diagn\u00f3stico de Grupo y c\u00f3mo implementarlo en secundaria","author":"Web del Maestro CMF","date":"10 octubre, 2023","format":false,"excerpt":"Sin duda, comprender las diferencias entre el diagn\u00f3stico del alumnado y el diagn\u00f3stico de grupo es crucial para el \u00e9xito de los educadores en la ense\u00f1anza secundaria. El diagn\u00f3stico del alumnado se convierte en una lupa enfocada en cada estudiante, permitiendo a los docentes evaluar sus habilidades, conocimientos previos, estilos\u2026","rel":"","context":"En \u00abDescargas Manuales PDF\u00bb","block_context":{"text":"Descargas Manuales PDF","link":"https:\/\/webdelmaestrocmf.com\/portal\/category\/pedagogia\/descargas-manuales-pdf\/"},"img":{"alt_text":"alumnado","src":"https:\/\/i0.wp.com\/webdelmaestrocmf.com\/portal\/wp-content\/uploads\/2023\/10\/A12B3C4D-36.jpg?resize=350%2C200&ssl=1","width":350,"height":200,"srcset":"https:\/\/i0.wp.com\/webdelmaestrocmf.com\/portal\/wp-content\/uploads\/2023\/10\/A12B3C4D-36.jpg?resize=350%2C200&ssl=1 1x, https:\/\/i0.wp.com\/webdelmaestrocmf.com\/portal\/wp-content\/uploads\/2023\/10\/A12B3C4D-36.jpg?resize=525%2C300&ssl=1 1.5x, https:\/\/i0.wp.com\/webdelmaestrocmf.com\/portal\/wp-content\/uploads\/2023\/10\/A12B3C4D-36.jpg?resize=700%2C400&ssl=1 2x"},"classes":[]},{"id":108185,"url":"https:\/\/webdelmaestrocmf.com\/portal\/como-hacer-una-evaluacion-diagnostica-para-el-nivel-inicial-el-antes-durante-y-despues\/","url_meta":{"origin":44779,"position":2},"title":"C\u00f3mo realizar una evaluaci\u00f3n diagn\u00f3stica en el nivel inicial: el antes, durante y despu\u00e9s. Descarga las evaluaciones diagn\u00f3sticas completas para los niveles de inicial, primaria y secundaria","author":"Web del Maestro CMF","date":"10 noviembre, 2025","format":false,"excerpt":"La evaluaci\u00f3n diagn\u00f3stica en el nivel inicial permite conocer las habilidades, intereses y necesidades de los ni\u00f1os para planificar estrategias pedag\u00f3gicas personalizadas que favorezcan un aprendizaje significativo desde los primeros a\u00f1os, fortaleciendo su desarrollo integral, emocional, cognitivo y social desde el inicio del ciclo escolar.","rel":"","context":"En \u00abDiagn\u00f3stico\u00bb","block_context":{"text":"Diagn\u00f3stico","link":"https:\/\/webdelmaestrocmf.com\/portal\/category\/pedagogia\/diagnostico\/"},"img":{"alt_text":"","src":"https:\/\/i0.wp.com\/webdelmaestrocmf.com\/portal\/wp-content\/uploads\/2025\/11\/caricatura-de-una-nutricionista-china-sonriendo-scaled.jpg?resize=350%2C200&ssl=1","width":350,"height":200,"srcset":"https:\/\/i0.wp.com\/webdelmaestrocmf.com\/portal\/wp-content\/uploads\/2025\/11\/caricatura-de-una-nutricionista-china-sonriendo-scaled.jpg?resize=350%2C200&ssl=1 1x, https:\/\/i0.wp.com\/webdelmaestrocmf.com\/portal\/wp-content\/uploads\/2025\/11\/caricatura-de-una-nutricionista-china-sonriendo-scaled.jpg?resize=525%2C300&ssl=1 1.5x, https:\/\/i0.wp.com\/webdelmaestrocmf.com\/portal\/wp-content\/uploads\/2025\/11\/caricatura-de-una-nutricionista-china-sonriendo-scaled.jpg?resize=700%2C400&ssl=1 2x, https:\/\/i0.wp.com\/webdelmaestrocmf.com\/portal\/wp-content\/uploads\/2025\/11\/caricatura-de-una-nutricionista-china-sonriendo-scaled.jpg?resize=1050%2C600&ssl=1 3x, https:\/\/i0.wp.com\/webdelmaestrocmf.com\/portal\/wp-content\/uploads\/2025\/11\/caricatura-de-una-nutricionista-china-sonriendo-scaled.jpg?resize=1400%2C800&ssl=1 4x"},"classes":[]},{"id":103608,"url":"https:\/\/webdelmaestrocmf.com\/portal\/evaluaciones-diagnosticas-para-el-nivel-de-secundaria\/","url_meta":{"origin":44779,"position":3},"title":"Evaluaciones Diagn\u00f3sticas para el nivel de secundaria","author":"Web del Maestro CMF","date":"8 febrero, 2024","format":false,"excerpt":"Las evaluaciones diagn\u00f3sticas son herramientas fundamentales para comprender las necesidades y habilidades de los estudiantes al comienzo de un nuevo ciclo escolar Estas evaluaciones no solo sirven para medir el conocimiento adquirido, sino tambi\u00e9n para identificar \u00e1reas de mejora y dise\u00f1ar estrategias pedag\u00f3gicas efectivas. \u00bfPor qu\u00e9 Evaluamos al Inicio del\u2026","rel":"","context":"En \u00abDiagn\u00f3stico\u00bb","block_context":{"text":"Diagn\u00f3stico","link":"https:\/\/webdelmaestrocmf.com\/portal\/category\/pedagogia\/diagnostico\/"},"img":{"alt_text":"evaluacion diagnostica secundaria","src":"https:\/\/i0.wp.com\/webdelmaestrocmf.com\/portal\/wp-content\/uploads\/2024\/02\/Banner-1-portada-imagen-10-1-10.jpg?resize=350%2C200&ssl=1","width":350,"height":200,"srcset":"https:\/\/i0.wp.com\/webdelmaestrocmf.com\/portal\/wp-content\/uploads\/2024\/02\/Banner-1-portada-imagen-10-1-10.jpg?resize=350%2C200&ssl=1 1x, https:\/\/i0.wp.com\/webdelmaestrocmf.com\/portal\/wp-content\/uploads\/2024\/02\/Banner-1-portada-imagen-10-1-10.jpg?resize=525%2C300&ssl=1 1.5x, https:\/\/i0.wp.com\/webdelmaestrocmf.com\/portal\/wp-content\/uploads\/2024\/02\/Banner-1-portada-imagen-10-1-10.jpg?resize=700%2C400&ssl=1 2x"},"classes":[]},{"id":103892,"url":"https:\/\/webdelmaestrocmf.com\/portal\/caracteristicas-de-una-evaluacion-diagnostica-efectiva\/","url_meta":{"origin":44779,"position":4},"title":"Caracter\u00edsticas de una evaluaci\u00f3n diagn\u00f3stica efectiva","author":"Web del Maestro CMF","date":"15 febrero, 2024","format":false,"excerpt":"La evaluaci\u00f3n diagn\u00f3stica es un proceso fundamental en la educaci\u00f3n inicial y primaria, ya que permite obtener informaci\u00f3n precisa sobre los conocimientos, habilidades y necesidades de los estudiantes al inicio del ciclo escolar. Esta informaci\u00f3n es vital para que los docentes puedan adaptar sus estrategias pedag\u00f3gicas y brindar una atenci\u00f3n\u2026","rel":"","context":"En \u00abExamen diagnostico\u00bb","block_context":{"text":"Examen diagnostico","link":"https:\/\/webdelmaestrocmf.com\/portal\/category\/pedagogia\/examen-diagnostico\/"},"img":{"alt_text":"","src":"https:\/\/i0.wp.com\/webdelmaestrocmf.com\/portal\/wp-content\/uploads\/2024\/02\/Banner-1-portada-imagen-10-1-12-1.jpg?resize=350%2C200&ssl=1","width":350,"height":200,"srcset":"https:\/\/i0.wp.com\/webdelmaestrocmf.com\/portal\/wp-content\/uploads\/2024\/02\/Banner-1-portada-imagen-10-1-12-1.jpg?resize=350%2C200&ssl=1 1x, https:\/\/i0.wp.com\/webdelmaestrocmf.com\/portal\/wp-content\/uploads\/2024\/02\/Banner-1-portada-imagen-10-1-12-1.jpg?resize=525%2C300&ssl=1 1.5x, https:\/\/i0.wp.com\/webdelmaestrocmf.com\/portal\/wp-content\/uploads\/2024\/02\/Banner-1-portada-imagen-10-1-12-1.jpg?resize=700%2C400&ssl=1 2x"},"classes":[]},{"id":21165,"url":"https:\/\/webdelmaestrocmf.com\/portal\/elementos-debe-contener-un-diagnostico-grupal-ejemplo\/","url_meta":{"origin":44779,"position":5},"title":"Elementos que debe contener un Diagn\u00f3stico grupal + Ejemplos","author":"Web del Maestro CMF","date":"12 enero, 2020","format":false,"excerpt":"El diagnostico es de suma importancia, ya que permite conocer las caracter\u00edsticas de los\u00a0ni\u00f1os, sus fortalezas y debilidades, entender el porqu\u00e9 de sus acciones y lo m\u00e1s\u00a0importante, lo que quieren y necesitan para lograr el desarrollo integral de sus\u00a0capacidades, para qu\u00e9 el profesor pueda registrar como recibi\u00f3 al grupo y\u2026","rel":"","context":"En \u00abDescargas Manuales PDF\u00bb","block_context":{"text":"Descargas Manuales PDF","link":"https:\/\/webdelmaestrocmf.com\/portal\/category\/pedagogia\/descargas-manuales-pdf\/"},"img":{"alt_text":"Diagn\u00f3stico","src":"https:\/\/i0.wp.com\/webdelmaestrocmf.com\/portal\/wp-content\/uploads\/2018\/07\/1-2.jpeg?resize=350%2C200&ssl=1","width":350,"height":200,"srcset":"https:\/\/i0.wp.com\/webdelmaestrocmf.com\/portal\/wp-content\/uploads\/2018\/07\/1-2.jpeg?resize=350%2C200&ssl=1 1x, https:\/\/i0.wp.com\/webdelmaestrocmf.com\/portal\/wp-content\/uploads\/2018\/07\/1-2.jpeg?resize=525%2C300&ssl=1 1.5x, https:\/\/i0.wp.com\/webdelmaestrocmf.com\/portal\/wp-content\/uploads\/2018\/07\/1-2.jpeg?resize=700%2C400&ssl=1 2x, https:\/\/i0.wp.com\/webdelmaestrocmf.com\/portal\/wp-content\/uploads\/2018\/07\/1-2.jpeg?resize=1050%2C600&ssl=1 3x"},"classes":[]}],"_links":{"self":[{"href":"https:\/\/webdelmaestrocmf.com\/portal\/wp-json\/wp\/v2\/posts\/44779","targetHints":{"allow":["GET"]}}],"collection":[{"href":"https:\/\/webdelmaestrocmf.com\/portal\/wp-json\/wp\/v2\/posts"}],"about":[{"href":"https:\/\/webdelmaestrocmf.com\/portal\/wp-json\/wp\/v2\/types\/post"}],"author":[{"embeddable":true,"href":"https:\/\/webdelmaestrocmf.com\/portal\/wp-json\/wp\/v2\/users\/1"}],"replies":[{"embeddable":true,"href":"https:\/\/webdelmaestrocmf.com\/portal\/wp-json\/wp\/v2\/comments?post=44779"}],"version-history":[{"count":0,"href":"https:\/\/webdelmaestrocmf.com\/portal\/wp-json\/wp\/v2\/posts\/44779\/revisions"}],"wp:featuredmedia":[{"embeddable":true,"href":"https:\/\/webdelmaestrocmf.com\/portal\/wp-json\/wp\/v2\/media\/44790"}],"wp:attachment":[{"href":"https:\/\/webdelmaestrocmf.com\/portal\/wp-json\/wp\/v2\/media?parent=44779"}],"wp:term":[{"taxonomy":"category","embeddable":true,"href":"https:\/\/webdelmaestrocmf.com\/portal\/wp-json\/wp\/v2\/categories?post=44779"},{"taxonomy":"post_tag","embeddable":true,"href":"https:\/\/webdelmaestrocmf.com\/portal\/wp-json\/wp\/v2\/tags?post=44779"}],"curies":[{"name":"wp","href":"https:\/\/api.w.org\/{rel}","templated":true}]}}