{"id":44753,"date":"2023-01-11T19:16:04","date_gmt":"2023-01-11T22:16:04","guid":{"rendered":"https:\/\/webdelmaestrocmf.com\/portal\/?p=44753"},"modified":"2023-01-12T12:11:56","modified_gmt":"2023-01-12T15:11:56","slug":"protejamos-al-docente-docente","status":"publish","type":"post","link":"https:\/\/webdelmaestrocmf.com\/portal\/protejamos-al-docente-docente\/","title":{"rendered":"Profesores al borde del colapso por violencia escolar"},"content":{"rendered":"<h5 style=\"text-align: justify;\">En un video viralizado en redes sociales se observa c\u00f3mo dos alumnos amenazan y comienzan a golpear a un docente, quien se defiende esquivando los manotazos. Seg\u00fan un comunicado enviado a los apoderados del establecimiento, donde se muestra la versi\u00f3n de los dos estudiantes, la agresi\u00f3n de produjo debido a que el profesor no habr\u00eda pedido de buena forma a uno de los alumnos que saliera de la sala.<\/h5>\n<p><!--more--><\/p>\n<p style=\"text-align: justify;\">Este viernes los profesores del Liceo Polivalente Domingo Latrille de Tocopilla, iniciaron un paro con el objetivo de manifestarse\u00a0<strong>tras una agresi\u00f3n propinada por dos alumnos del establecimiento a un profesor.<\/strong><\/p>\n<p style=\"text-align: justify;\">El hecho se registr\u00f3 durante la tarde del jueves al interior de una de las salas de clases.<\/p>\n<p style=\"text-align: justify;\">En un video viralizado en redes sociales se observa c\u00f3mo ambos alumnos amenazan y comienzan a golpear al docente, quien se defiende esquivando los manotazos.<\/p>\n<p style=\"text-align: justify;\"><iframe loading=\"lazy\" title=\"Alumnos agreden a profesor en plena sala de clases\" src=\"https:\/\/www.youtube.com\/embed\/T4EOD_tbig4\" width=\"100%\" height=\"400\" frameborder=\"0\" allowfullscreen=\"allowfullscreen\"><span data-mce-type=\"bookmark\" style=\"display: inline-block; width: 0px; overflow: hidden; line-height: 0;\" class=\"mce_SELRES_start\">\ufeff<\/span><\/iframe><\/p>\n<p style=\"text-align: justify;\">Seg\u00fan un comunicado enviado a los apoderados del establecimiento, donde se muestra la versi\u00f3n de los dos estudiantes, la agresi\u00f3n de produjo debido a que el profesor no habr\u00eda pedido de buena forma a uno de los alumnos que saliera de la sala. Iniciando una diferencia de opiniones entre ambas partes.<\/p>\n<p style=\"text-align: justify;\">Tanto el docente como los j\u00f3venes constataron lesiones. Asimismo, el Departamento de Admisi\u00f3n Escolar Municipal de Tocopilla se encuentra recabando los antecedentes del hecho para tomar medidas al respecto.<\/p>\n<h5>Alumno dijo un garabato y profesor no le habr\u00eda pedido de buena forma salir de la sala de clases<\/h5>\n<p style=\"text-align: justify;\">En un comunicado de la direcci\u00f3n del establecimiento, informaron que el jueves \u201cse produjo una pelea entre el profesor de m\u00fasica y dos alumnos del curso\u201d.<\/p>\n<p style=\"text-align: justify;\">Aqu\u00ed se detalla que los alumnos entregaron su versi\u00f3n se\u00f1alando que \u201cel profesor no le pidi\u00f3 en buena forma a un alumno que se retirara de la sala por decir un garabato\u201d.<\/p>\n<p style=\"text-align: justify;\">\u201cApenas ocurrido el hecho, el inspector general cit\u00f3 a los alumnos involucrados con sus apoderados y se determin\u00f3 por parte de \u00e9l de enviar a los alumnos a su casa hasta el martes\u201d, se precisa en el documento.<\/p>\n<p><img loading=\"lazy\" decoding=\"async\" class=\" wp-image-82719 aligncenter\" src=\"https:\/\/webdelmaestrocmf.com\/portal\/wp-content\/uploads\/2023\/01\/1-48.jpg\" alt=\"\" width=\"708\" height=\"613\" srcset=\"https:\/\/webdelmaestrocmf.com\/portal\/wp-content\/uploads\/2023\/01\/1-48.jpg 500w, https:\/\/webdelmaestrocmf.com\/portal\/wp-content\/uploads\/2023\/01\/1-48-300x260.jpg 300w, https:\/\/webdelmaestrocmf.com\/portal\/wp-content\/uploads\/2023\/01\/1-48-380x329.jpg 380w\" sizes=\"auto, (max-width: 708px) 100vw, 708px\" \/><\/p>\n<h5>Profesores del Liceo Polivalente de Tocopilla deciden paralizar actividades formales<\/h5>\n<p style=\"text-align: justify;\">Por otro lado, tambi\u00e9n a trav\u00e9s de un comunicado, los profesores y asistentes del Liceo Polivalente Domingo Latrille dijeron que son \u201cconscientes de lo dif\u00edcil que ha sido el retorno a la presencialidad, en donde comprendemos y empatizamos con el contexto social, emocional, acad\u00e9mico, psicol\u00f3gico y nacional por el cual est\u00e1n pasando nuestros estudiantes y comunidad educativa\u201d.<\/p>\n<p>Enlace relacionado:<\/p>\n<blockquote class=\"wp-embedded-content\" data-secret=\"ZucA1sqZuH\"><p><a href=\"https:\/\/webdelmaestrocmf.com\/portal\/la-mala-conducta-del-estudiante-tambien-genera-desgaste-en-el-docente\/\">La mala conducta del estudiante tambi\u00e9n genera desgaste en el docente<\/a><\/p><\/blockquote>\n<p><iframe loading=\"lazy\" class=\"wp-embedded-content\" sandbox=\"allow-scripts\" security=\"restricted\" style=\"position: absolute; clip: rect(1px, 1px, 1px, 1px);\" title=\"\u00abLa mala conducta del estudiante tambi\u00e9n genera desgaste en el docente\u00bb \u2014 Web del Maestro CMF\" src=\"https:\/\/webdelmaestrocmf.com\/portal\/la-mala-conducta-del-estudiante-tambien-genera-desgaste-en-el-docente\/embed\/#?secret=zMRvDlOIMk#?secret=ZucA1sqZuH\" data-secret=\"ZucA1sqZuH\" width=\"600\" height=\"338\" frameborder=\"0\" marginwidth=\"0\" marginheight=\"0\" scrolling=\"no\"><\/iframe><\/p>\n<p style=\"text-align: justify;\">As\u00ed tambi\u00e9n mencionaron que \u201ca pesar de todo nuestro esfuerzo como comunidad liceana, se ha producido un constante ambiente de violencia en el interior del liceo, en donde se han visto expuestos todos los estamentos (estudiantes, docentes, asistentes, inspectores, equipo PIE).<\/p>\n<p style=\"text-align: justify;\">Por esta raz\u00f3n, los docentes tomaron la determinaci\u00f3n de paralizar este viernes 10 de junio las actividades formales del establecimiento en todos sus estamentos, con el fin de manifestar su \u201cdescontento por la falta de medidas eficaces ante estos sucesos\u201d.<\/p>\n<p style=\"text-align: justify;\">\u201cEsta acci\u00f3n es en respuesta a todos los incidentes que se han producido en el liceo desde principio de a\u00f1o hasta la fecha y en donde docentes y asistentes hemos esperado soluciones concretas que a\u00fan no han llegado por parte de las entidades correspondientes\u201d, se lee en el comunicado.<\/p>\n<p style=\"text-align: justify;\">Finalmente, solicitaron la \u201ccomprensi\u00f3n y apoyo ante esta determinaci\u00f3n que busca el beneficio de toda la comunidad liceana\u201d.<\/p>\n<h5 style=\"text-align: justify;\">Profesores al borde del colapso por violencia escolar<\/h5>\n<p style=\"text-align: justify;\">Desde el regreso a las clases presenciales profesores han sido blanco de amenazas, insultos y hasta agresiones por parte de los propios estudiantes e incluso apoderados. El aumento de la violencia escolar complica la labor docente que no puede contener esta problem\u00e1tica.<\/p>\n<p><iframe loading=\"lazy\" title=\"Trabajo de docentes amenzado por violencia escolar\" src=\"https:\/\/www.youtube.com\/embed\/8woZ6FY9l88\" width=\"100%\" height=\"400\" frameborder=\"0\" allowfullscreen=\"allowfullscreen\"><span data-mce-type=\"bookmark\" style=\"display: inline-block; width: 0px; overflow: hidden; line-height: 0;\" class=\"mce_SELRES_start\">\ufeff<\/span><\/iframe><\/p>\n<p style=\"text-align: justify;\">Y la situaci\u00f3n, lejos de mejorar, va empeorando respecto a los cursos anteriores. Los innumerables\u00a0<strong>comportamientos disruptivos<\/strong>\u00a0que varios alumnos presentan durante las clases provocan violencia verbal, psicol\u00f3gica e incluso f\u00edsica, y ello es vivido frecuentemente con enorme disgusto y\u00a0<strong>ansiedad\u00a0<\/strong>por los\u00a0<strong>profesores<\/strong>, quienes en casos extremos llegan a sufrir la total destrucci\u00f3n de su identidad profesional.<\/p>\n<p>Art\u00edculo relacionado:<\/p>\n<blockquote class=\"wp-embedded-content\" data-secret=\"bErjneHOQc\"><p><a href=\"https:\/\/webdelmaestrocmf.com\/portal\/el-23-de-los-docentes-sufre-violencia-y-acoso-por-parte-de-sus-estudiantes-segun-estudio-anpe\/\">El 23% de los docentes sufre violencia y acoso por parte de sus estudiantes, seg\u00fan estudio ANPE<\/a><\/p><\/blockquote>\n<p><iframe loading=\"lazy\" class=\"wp-embedded-content\" sandbox=\"allow-scripts\" security=\"restricted\" style=\"position: absolute; clip: rect(1px, 1px, 1px, 1px);\" title=\"\u00abEl 23% de los docentes sufre violencia y acoso por parte de sus estudiantes, seg\u00fan estudio ANPE\u00bb \u2014 Web del Maestro CMF\" src=\"https:\/\/webdelmaestrocmf.com\/portal\/el-23-de-los-docentes-sufre-violencia-y-acoso-por-parte-de-sus-estudiantes-segun-estudio-anpe\/embed\/#?secret=qlgSpQxVMJ#?secret=bErjneHOQc\" data-secret=\"bErjneHOQc\" width=\"600\" height=\"338\" frameborder=\"0\" marginwidth=\"0\" marginheight=\"0\" scrolling=\"no\"><\/iframe><\/p>\n<p style=\"text-align: justify;\">La casi total ausencia de la\u00a0<strong>autoridad docente<\/strong> ha tra\u00eddo como consecuencia, que bastantes alumnos durante las clases presenten conductas inadecuadas, como es el comer chucher\u00edas o escuchar m\u00fasica en su celular mostrando total desinter\u00e9s hacia las explicaciones y figura de su profesor, cuando no, interrumpiendo las clases por su frecuente impuntualidad, llamando en voz alta a alg\u00fan compa\u00f1ero, haciendo comentarios inoportunos a voz en grito, levant\u00e1ndose de su sito sin el permiso del <strong>profesor<\/strong>, enzarz\u00e1ndose con alg\u00fan compa\u00f1ero dial\u00e9ctica o f\u00edsicamente, e incluso humillando descaradamente a su\u00a0<strong>profesor<\/strong>. Estas situaciones, absolutamente habituales en muchas aulas durante las clases,\u00a0provocan un importante\u00a0<strong>descontento\u00a0<\/strong>en el\u00a0<strong>profesorado<\/strong>, que llega a sentir miedo o angustia previo a entrar en determinadas aulas.<\/p>\n<p style=\"text-align: justify;\"><iframe loading=\"lazy\" src=\"https:\/\/www.youtube.com\/embed\/DEJ3CJaELeU\" width=\"100%\" height=\"400\" frameborder=\"0\" allowfullscreen=\"allowfullscreen\"><span data-mce-type=\"bookmark\" style=\"display: inline-block; width: 0px; overflow: hidden; line-height: 0;\" class=\"mce_SELRES_start\">\ufeff<\/span><\/iframe><\/p>\n<p style=\"text-align: justify;\">Algunos alumnos\/as presentan problemas muy serios de comportamiento, comport\u00e1ndose de forma grosera y desconsiderada, y muestran hacia su profesor\/a o hacia sus compa\u00f1eros una elevada agresividad f\u00edsica o verbal sin justificaci\u00f3n alguna. Si bien es cierto que en general se trata de una violencia de \u201cbaja intensidad\u201d (ruidos intencionados, chillidos estridentes, palabras malsonantes u obscenas en medio de una explicaci\u00f3n, sin que muchas veces el profesor pueda reconocer o identificar su origen), no es menos cierto que este tipo de comportamiento crea un estado de tensi\u00f3n tal que tiene dosis de agresividad propia de la violencia\u00a0real, de\u00a0una\u00a0violencia\u00a0de alta intensidad que afecta sobre todo al\u00a0<strong>profesorado<\/strong>.<\/p>\n<blockquote class=\"twitter-tweet\">\n<p dir=\"ltr\" lang=\"es\">En un sal\u00f3n de clases del <a href=\"https:\/\/twitter.com\/hashtag\/CETIS?src=hash&amp;ref_src=twsrc%5Etfw\">#CETIS<\/a> <a href=\"https:\/\/twitter.com\/hashtag\/NAYARIT?src=hash&amp;ref_src=twsrc%5Etfw\">#NAYARIT<\/a> pas\u00f3 esto; la maestra quer\u00eda quitar el cel a una alumna, la menor intent\u00f3 agredir a la docente, un alumno defendi\u00f3 a la miss, luego de las gre\u00f1as acabaron ambas, AS\u00cd LAS COSAS EN LAS ESCUELAS DE <a href=\"https:\/\/twitter.com\/hashtag\/MEXICO?src=hash&amp;ref_src=twsrc%5Etfw\">#MEXICO<\/a> <a href=\"https:\/\/t.co\/KwHqF6JgOg\">pic.twitter.com\/KwHqF6JgOg<\/a><\/p>\n<p>\u2014 Primer Plano (@PrimerPlanoInfo) <a href=\"https:\/\/twitter.com\/PrimerPlanoInfo\/status\/1574896109721460748?ref_src=twsrc%5Etfw\">September 27, 2022<\/a><\/p><\/blockquote>\n<p><script async=\"\" src=\"https:\/\/platform.twitter.com\/widgets.js\" charset=\"utf-8\"><\/script><\/p>\n<p style=\"text-align: justify;\">Ante estas\u00a0<strong>conductas disruptivas<\/strong>, el\u00a0<strong>profesor<\/strong>, una vez agotadas sus \u201cestrategias pedag\u00f3gicas\u201d,\u00a0trata\u00a0de\u00a0controlar la situaci\u00f3n y el orden de la clase poniendo \u201cpartes\u201d o \u201capercibimientos\u201d graves y\/o leves a esos alumnos conflictivos ante la<strong>Jefatura de Estudios<\/strong>, y cuya acumulaci\u00f3n puede originar la apertura de \u201cexpedientes disciplinarios\u201d al alumno\/a en cuesti\u00f3n.<\/p>\n<p><strong>Este contenido ha sido publicado originalmente por Bio Bio en la siguiente direcci\u00f3n: <a href=\"https:\/\/www.biobiochile.cl\/noticias\/nacional\/region-de-antofagasta\/2022\/06\/10\/con-manotazos-y-patadas-alumnos-agreden-a-profesor-que-los-habria-echado-de-sala-por-decir-garabato.shtml\" target=\"_blank\" rel=\"noopener\">biobiochile.cl<\/a><\/strong><\/p>\n<p style=\"text-align: center;\">Recomendamos a la Comunidad Educativa Digital tener en cuenta que, el enlace y\/o la carpeta en donde est\u00e1n alojados los libros, recursos y\/o materiales, no es administrado por la Web del Maestro CMF, pueda ser que en cuesti\u00f3n de d\u00edas (o seg\u00fan el tiempo transcurrido desde su publicaci\u00f3n), los enlaces no funcionen y el material ya no se encuentre disponible. Gracias por su comprensi\u00f3n.<\/p>\n<h3>ENLACE DE LECTURA:<\/h3>\n<p style=\"text-align: center;\">\u00a1Comparte y as\u00ed m\u00e1s docentes utilizar\u00e1n estos recursos\u00a0gratis! Muchas gracias.<\/p>\n<p style=\"text-align: center;\"><a href=\"https:\/\/mega.nz\/folder\/2nR2jYSQ#44c8fIOBScxG7HQAQt2g_g\" target=\"_blank\" rel=\"noopener\">R\u00c9GIMEN LEGAL DE LAS AGRESIONES CONTRA LOS PROFESORES: LOS CASOS DE CHILE, ESPA\u00d1A E INGLATERRA<\/a><\/p>\n\t\t<div class=\"pk-inline-posts\">\n\t\t\t\n\t\t\t<div class=\"pk-inline-posts-container pk-inline-posts-template-list\"\n\t\t\t\tdata-columns=\"1\">\n\t\t\t\t\t\t<article id=\"post-118197\" class=\"post-118197 post type-post status-publish format-standard has-post-thumbnail category-bienestar-familiar category-pedagogia category-violencia tag-convivencia-escolar tag-crianza tag-educacion-emocional-2 tag-estudiantes tag-familia tag-intervencion tag-prevencion tag-rol-docente tag-salud-mental tag-violencia-escolar cs-entry cs-video-wrap\">\n\t\t\t<div class=\"pk-post-outer\">\n\n\t\t\t\t\t\t\t\t<div class=\"pk-post-inner\">\n\t\t\t\t\t<div class=\"entry-thumbnail\">\n\t\t\t\t\t\t<div class=\"pk-overlay pk-overlay-ratio pk-ratio-landscape\">\n\t\t\t\t\t\t\t<div class=\"pk-overlay-background\">\n\t\t\t\t\t\t\t\t<a href=\"https:\/\/webdelmaestrocmf.com\/portal\/tu-hijo-normaliza-la-violencia-y-habla-de-venganza-senales-que-pueden-escalar-y-como-actuar-a-tiempo\/\" class=\"pk-overlay-link\">\n\t\t\t\t\t\t\t\t\t<img loading=\"lazy\" decoding=\"async\" width=\"300\" height=\"225\" src=\"https:\/\/webdelmaestrocmf.com\/portal\/wp-content\/uploads\/2026\/04\/1AA-Banner-1-portada-imagen-10-1-copia-3-6-300x225.webp\" class=\"attachment-pk-thumbnail size-pk-thumbnail wp-post-image\" alt=\"\" \/>\t\t\t\t\t\t\t\t<\/a>\n\t\t\t\t\t\t\t<\/div>\n\t\t\t\t\t\t<\/div>\n\t\t\t\t\t<\/div>\n\t\t\t\t<\/div>\n\t\t\t\t\n\t\t\t\t<div class=\"pk-post-inner\">\n\t\t\t\t\t<header>\n\t\t\t\t\t\t<h3 class=\"pk-title\"><a href=\"https:\/\/webdelmaestrocmf.com\/portal\/tu-hijo-normaliza-la-violencia-y-habla-de-venganza-senales-que-pueden-escalar-y-como-actuar-a-tiempo\/\" rel=\"bookmark\">\u00bfTu hijo normaliza la violencia y habla de venganza? Estas son las se\u00f1ales que pueden escalar y c\u00f3mo actuar a tiempo<\/a><\/h3>\t\t\t\t\t<\/header><!-- .entry-header -->\n\t\t\t\t<\/div><!-- .post-inner -->\n\n\t\t\t<\/div><!-- .post-outer -->\n\t\t<\/article>\n\t\t\t\t<\/div>\n\t\t<\/div>\n\t\t\n","protected":false},"excerpt":{"rendered":"En un video viralizado en redes sociales se observa c\u00f3mo dos alumnos amenazan y comienzan a golpear a&hellip;","protected":false},"author":1,"featured_media":82722,"comment_status":"open","ping_status":"closed","sticky":false,"template":"","format":"standard","meta":{"csco_display_header_overlay":false,"csco_singular_sidebar":"disabled","csco_page_header_type":"large","csco_page_load_nextpost":"default","csco_post_video_location":[],"csco_post_video_location_hash":"","csco_post_video_url":"","csco_post_video_bg_start_time":0,"csco_post_video_bg_end_time":10,"csco_post_video_bg_volume":false,"_jetpack_memberships_contains_paid_content":false,"footnotes":""},"categories":[735,1763,587,4723],"tags":[15087,15088,1525,52,58,4729,675],"class_list":{"0":"post-44753","1":"post","2":"type-post","3":"status-publish","4":"format-standard","5":"has-post-thumbnail","7":"category-pedagogia","8":"category-videos","9":"category-violencia","10":"category-youtube","11":"tag-borde","12":"tag-colapso","13":"tag-contra","14":"tag-docente","15":"tag-docentes","16":"tag-protejamos","17":"tag-violencia","18":"cs-entry","19":"cs-video-wrap"},"yoast_head":"<!-- This site is optimized with the Yoast SEO plugin v27.5 - https:\/\/yoast.com\/product\/yoast-seo-wordpress\/ -->\n<title>Profesores al borde del colapso por violencia escolar - 2026<\/title>\n<meta name=\"description\" content=\"En un video viralizado en redes sociales se observa c\u00f3mo dos alumnos amenazan y comienzan a golpear a un docente, quien se...\" \/>\n<meta name=\"robots\" content=\"index, follow, max-snippet:-1, max-image-preview:large, max-video-preview:-1\" \/>\n<link rel=\"canonical\" href=\"https:\/\/webdelmaestrocmf.com\/portal\/protejamos-al-docente-docente\/\" \/>\n<meta property=\"og:locale\" content=\"es_ES\" \/>\n<meta property=\"og:type\" content=\"article\" \/>\n<meta property=\"og:title\" content=\"Profesores al borde del colapso por violencia escolar - 2026\" \/>\n<meta property=\"og:description\" content=\"En un video viralizado en redes sociales se observa c\u00f3mo dos alumnos amenazan y comienzan a golpear a un docente, quien se...\" \/>\n<meta property=\"og:url\" content=\"https:\/\/webdelmaestrocmf.com\/portal\/protejamos-al-docente-docente\/\" \/>\n<meta property=\"og:site_name\" content=\"Web del Maestro CMF\" \/>\n<meta property=\"article:publisher\" content=\"https:\/\/www.facebook.com\/WebdelMaestroCMF\/\" \/>\n<meta property=\"article:author\" content=\"https:\/\/www.facebook.com\/WebdelMaestroCMF\/\" \/>\n<meta property=\"article:published_time\" content=\"2023-01-11T22:16:04+00:00\" \/>\n<meta property=\"article:modified_time\" content=\"2023-01-12T15:11:56+00:00\" \/>\n<meta property=\"og:image\" content=\"https:\/\/i0.wp.com\/webdelmaestrocmf.com\/portal\/wp-content\/uploads\/2023\/01\/1a-1.jpg?fit=900%2C556&ssl=1\" \/>\n\t<meta property=\"og:image:width\" content=\"900\" \/>\n\t<meta property=\"og:image:height\" content=\"556\" \/>\n\t<meta property=\"og:image:type\" content=\"image\/jpeg\" \/>\n<meta name=\"author\" content=\"Web del Maestro CMF\" \/>\n<meta name=\"twitter:card\" content=\"summary_large_image\" \/>\n<meta name=\"twitter:creator\" content=\"@cmf_w\" \/>\n<meta name=\"twitter:site\" content=\"@cmf_w\" \/>\n<script type=\"application\/ld+json\" class=\"yoast-schema-graph\">{\"@context\":\"https:\\\/\\\/schema.org\",\"@graph\":[{\"@type\":\"ScholarlyArticle\",\"@id\":\"https:\\\/\\\/webdelmaestrocmf.com\\\/portal\\\/protejamos-al-docente-docente\\\/#article\",\"isPartOf\":{\"@id\":\"https:\\\/\\\/webdelmaestrocmf.com\\\/portal\\\/protejamos-al-docente-docente\\\/\"},\"author\":{\"name\":\"Web del Maestro CMF\",\"@id\":\"https:\\\/\\\/webdelmaestrocmf.com\\\/portal\\\/#\\\/schema\\\/person\\\/1072a2ed7bd960df8ef99a551fa35dc5\"},\"headline\":\"Profesores al borde del colapso por violencia escolar\",\"datePublished\":\"2023-01-11T22:16:04+00:00\",\"dateModified\":\"2023-01-12T15:11:56+00:00\",\"mainEntityOfPage\":{\"@id\":\"https:\\\/\\\/webdelmaestrocmf.com\\\/portal\\\/protejamos-al-docente-docente\\\/\"},\"wordCount\":1208,\"commentCount\":0,\"publisher\":{\"@id\":\"https:\\\/\\\/webdelmaestrocmf.com\\\/portal\\\/#organization\"},\"image\":{\"@id\":\"https:\\\/\\\/webdelmaestrocmf.com\\\/portal\\\/protejamos-al-docente-docente\\\/#primaryimage\"},\"thumbnailUrl\":\"https:\\\/\\\/webdelmaestrocmf.com\\\/portal\\\/wp-content\\\/uploads\\\/2023\\\/01\\\/1a-1.jpg\",\"keywords\":[\"borde\",\"colapso\",\"CONTRA\",\"DOCENTE\",\"DOCENTES\",\"Protejamos\",\"VIOLENCIA\"],\"articleSection\":[\"Recursos\",\"VIDEO PRACTICA DOCENTE\",\"violencia\",\"YOUTUBE\"],\"inLanguage\":\"es\",\"potentialAction\":[{\"@type\":\"CommentAction\",\"name\":\"Comment\",\"target\":[\"https:\\\/\\\/webdelmaestrocmf.com\\\/portal\\\/protejamos-al-docente-docente\\\/#respond\"]}]},{\"@type\":\"WebPage\",\"@id\":\"https:\\\/\\\/webdelmaestrocmf.com\\\/portal\\\/protejamos-al-docente-docente\\\/\",\"url\":\"https:\\\/\\\/webdelmaestrocmf.com\\\/portal\\\/protejamos-al-docente-docente\\\/\",\"name\":\"Profesores al borde del colapso por violencia escolar - 2026\",\"isPartOf\":{\"@id\":\"https:\\\/\\\/webdelmaestrocmf.com\\\/portal\\\/#website\"},\"primaryImageOfPage\":{\"@id\":\"https:\\\/\\\/webdelmaestrocmf.com\\\/portal\\\/protejamos-al-docente-docente\\\/#primaryimage\"},\"image\":{\"@id\":\"https:\\\/\\\/webdelmaestrocmf.com\\\/portal\\\/protejamos-al-docente-docente\\\/#primaryimage\"},\"thumbnailUrl\":\"https:\\\/\\\/webdelmaestrocmf.com\\\/portal\\\/wp-content\\\/uploads\\\/2023\\\/01\\\/1a-1.jpg\",\"datePublished\":\"2023-01-11T22:16:04+00:00\",\"dateModified\":\"2023-01-12T15:11:56+00:00\",\"description\":\"En un video viralizado en redes sociales se observa c\u00f3mo dos alumnos amenazan y comienzan a golpear a un docente, quien se...\",\"breadcrumb\":{\"@id\":\"https:\\\/\\\/webdelmaestrocmf.com\\\/portal\\\/protejamos-al-docente-docente\\\/#breadcrumb\"},\"inLanguage\":\"es\",\"potentialAction\":[{\"@type\":\"ReadAction\",\"target\":[\"https:\\\/\\\/webdelmaestrocmf.com\\\/portal\\\/protejamos-al-docente-docente\\\/\"]}]},{\"@type\":\"ImageObject\",\"inLanguage\":\"es\",\"@id\":\"https:\\\/\\\/webdelmaestrocmf.com\\\/portal\\\/protejamos-al-docente-docente\\\/#primaryimage\",\"url\":\"https:\\\/\\\/webdelmaestrocmf.com\\\/portal\\\/wp-content\\\/uploads\\\/2023\\\/01\\\/1a-1.jpg\",\"contentUrl\":\"https:\\\/\\\/webdelmaestrocmf.com\\\/portal\\\/wp-content\\\/uploads\\\/2023\\\/01\\\/1a-1.jpg\",\"width\":900,\"height\":556},{\"@type\":\"BreadcrumbList\",\"@id\":\"https:\\\/\\\/webdelmaestrocmf.com\\\/portal\\\/protejamos-al-docente-docente\\\/#breadcrumb\",\"itemListElement\":[{\"@type\":\"ListItem\",\"position\":1,\"name\":\"Portada\",\"item\":\"https:\\\/\\\/webdelmaestrocmf.com\\\/portal\\\/\"},{\"@type\":\"ListItem\",\"position\":2,\"name\":\"Recursos\",\"item\":\"https:\\\/\\\/webdelmaestrocmf.com\\\/portal\\\/category\\\/pedagogia\\\/\"},{\"@type\":\"ListItem\",\"position\":3,\"name\":\"Profesores al borde del colapso por violencia escolar\"}]},{\"@type\":\"WebSite\",\"@id\":\"https:\\\/\\\/webdelmaestrocmf.com\\\/portal\\\/#website\",\"url\":\"https:\\\/\\\/webdelmaestrocmf.com\\\/portal\\\/\",\"name\":\"Web del Maestro CMF\",\"description\":\"Maestros al servicio de la educaci\u00f3n\",\"publisher\":{\"@id\":\"https:\\\/\\\/webdelmaestrocmf.com\\\/portal\\\/#organization\"},\"alternateName\":\"WMCMF\",\"potentialAction\":[{\"@type\":\"SearchAction\",\"target\":{\"@type\":\"EntryPoint\",\"urlTemplate\":\"https:\\\/\\\/webdelmaestrocmf.com\\\/portal\\\/?s={search_term_string}\"},\"query-input\":{\"@type\":\"PropertyValueSpecification\",\"valueRequired\":true,\"valueName\":\"search_term_string\"}}],\"inLanguage\":\"es\"},{\"@type\":\"Organization\",\"@id\":\"https:\\\/\\\/webdelmaestrocmf.com\\\/portal\\\/#organization\",\"name\":\"Web del Maestro CMF\",\"alternateName\":\"WMCMF\",\"url\":\"https:\\\/\\\/webdelmaestrocmf.com\\\/portal\\\/\",\"logo\":{\"@type\":\"ImageObject\",\"inLanguage\":\"es\",\"@id\":\"https:\\\/\\\/webdelmaestrocmf.com\\\/portal\\\/#\\\/schema\\\/logo\\\/image\\\/\",\"url\":\"https:\\\/\\\/webdelmaestrocmf.com\\\/portal\\\/wp-content\\\/uploads\\\/2023\\\/01\\\/logo-wmcmf-2.png\",\"contentUrl\":\"https:\\\/\\\/webdelmaestrocmf.com\\\/portal\\\/wp-content\\\/uploads\\\/2023\\\/01\\\/logo-wmcmf-2.png\",\"width\":200,\"height\":60,\"caption\":\"Web del Maestro CMF\"},\"image\":{\"@id\":\"https:\\\/\\\/webdelmaestrocmf.com\\\/portal\\\/#\\\/schema\\\/logo\\\/image\\\/\"},\"sameAs\":[\"https:\\\/\\\/www.facebook.com\\\/WebdelMaestroCMF\\\/\",\"https:\\\/\\\/x.com\\\/cmf_w\",\"https:\\\/\\\/www.pinterest.com\\\/WMCMF\\\/\",\"https:\\\/\\\/www.linkedin.com\\\/company\\\/web-del-maestro-cmf\\\/\",\"https:\\\/\\\/www.instagram.com\\\/wmcmf\\\/\",\"https:\\\/\\\/www.youtube.com\\\/channel\\\/UCDPSvjbdodE5sHnC3OxutHw\",\"https:\\\/\\\/mastodon.social\\\/@wmcmf\",\"https:\\\/\\\/www.tiktok.com\\\/@webdelmaestrocmf\"]},{\"@type\":\"Person\",\"@id\":\"https:\\\/\\\/webdelmaestrocmf.com\\\/portal\\\/#\\\/schema\\\/person\\\/1072a2ed7bd960df8ef99a551fa35dc5\",\"name\":\"Web del Maestro CMF\",\"image\":{\"@type\":\"ImageObject\",\"inLanguage\":\"es\",\"@id\":\"https:\\\/\\\/secure.gravatar.com\\\/avatar\\\/23291dd5b5ae1077dcff3dbb04c3e02bd28403fa75af6d8787d5e97c5bbbe30b?s=96&d=mm&r=g\",\"url\":\"https:\\\/\\\/secure.gravatar.com\\\/avatar\\\/23291dd5b5ae1077dcff3dbb04c3e02bd28403fa75af6d8787d5e97c5bbbe30b?s=96&d=mm&r=g\",\"contentUrl\":\"https:\\\/\\\/secure.gravatar.com\\\/avatar\\\/23291dd5b5ae1077dcff3dbb04c3e02bd28403fa75af6d8787d5e97c5bbbe30b?s=96&d=mm&r=g\",\"caption\":\"Web del Maestro CMF\"},\"description\":\"Esta Web se cre\u00f3 sin fines de lucro, con fines educativos, cient\u00edficos y acad\u00e9micos, para personas que tengan dificultades y\\\/o inconvenientes en visualizar el material original. El objetivo es entregar recursos, compartir experiencias y materiales que ayuden a los padres de familia, maestros y estudiantes en su actualizaci\u00f3n y formaci\u00f3n permanente, en bien de la Educaci\u00f3n.\",\"sameAs\":[\"http:\\\/\\\/webdelmaestrocmf.com\\\/portal\",\"https:\\\/\\\/www.facebook.com\\\/WebdelMaestroCMF\\\/\",\"https:\\\/\\\/www.instagram.com\\\/wmcmf\\\/\",\"https:\\\/\\\/cl.linkedin.com\\\/company\\\/web-del-maestro-cmf\",\"https:\\\/\\\/www.pinterest.com\\\/WMCMF\\\/publicaciones\\\/\",\"https:\\\/\\\/x.com\\\/cmf_w\",\"https:\\\/\\\/www.youtube.com\\\/@WMCMF\"]}]}<\/script>\n<!-- \/ Yoast SEO plugin. -->","yoast_head_json":{"title":"Profesores al borde del colapso por violencia escolar - 2026","description":"En un video viralizado en redes sociales se observa c\u00f3mo dos alumnos amenazan y comienzan a golpear a un docente, quien se...","robots":{"index":"index","follow":"follow","max-snippet":"max-snippet:-1","max-image-preview":"max-image-preview:large","max-video-preview":"max-video-preview:-1"},"canonical":"https:\/\/webdelmaestrocmf.com\/portal\/protejamos-al-docente-docente\/","og_locale":"es_ES","og_type":"article","og_title":"Profesores al borde del colapso por violencia escolar - 2026","og_description":"En un video viralizado en redes sociales se observa c\u00f3mo dos alumnos amenazan y comienzan a golpear a un docente, quien se...","og_url":"https:\/\/webdelmaestrocmf.com\/portal\/protejamos-al-docente-docente\/","og_site_name":"Web del Maestro CMF","article_publisher":"https:\/\/www.facebook.com\/WebdelMaestroCMF\/","article_author":"https:\/\/www.facebook.com\/WebdelMaestroCMF\/","article_published_time":"2023-01-11T22:16:04+00:00","article_modified_time":"2023-01-12T15:11:56+00:00","og_image":[{"width":900,"height":556,"url":"https:\/\/i0.wp.com\/webdelmaestrocmf.com\/portal\/wp-content\/uploads\/2023\/01\/1a-1.jpg?fit=900%2C556&ssl=1","type":"image\/jpeg"}],"author":"Web del Maestro CMF","twitter_card":"summary_large_image","twitter_creator":"@cmf_w","twitter_site":"@cmf_w","schema":{"@context":"https:\/\/schema.org","@graph":[{"@type":"ScholarlyArticle","@id":"https:\/\/webdelmaestrocmf.com\/portal\/protejamos-al-docente-docente\/#article","isPartOf":{"@id":"https:\/\/webdelmaestrocmf.com\/portal\/protejamos-al-docente-docente\/"},"author":{"name":"Web del Maestro CMF","@id":"https:\/\/webdelmaestrocmf.com\/portal\/#\/schema\/person\/1072a2ed7bd960df8ef99a551fa35dc5"},"headline":"Profesores al borde del colapso por violencia escolar","datePublished":"2023-01-11T22:16:04+00:00","dateModified":"2023-01-12T15:11:56+00:00","mainEntityOfPage":{"@id":"https:\/\/webdelmaestrocmf.com\/portal\/protejamos-al-docente-docente\/"},"wordCount":1208,"commentCount":0,"publisher":{"@id":"https:\/\/webdelmaestrocmf.com\/portal\/#organization"},"image":{"@id":"https:\/\/webdelmaestrocmf.com\/portal\/protejamos-al-docente-docente\/#primaryimage"},"thumbnailUrl":"https:\/\/webdelmaestrocmf.com\/portal\/wp-content\/uploads\/2023\/01\/1a-1.jpg","keywords":["borde","colapso","CONTRA","DOCENTE","DOCENTES","Protejamos","VIOLENCIA"],"articleSection":["Recursos","VIDEO PRACTICA DOCENTE","violencia","YOUTUBE"],"inLanguage":"es","potentialAction":[{"@type":"CommentAction","name":"Comment","target":["https:\/\/webdelmaestrocmf.com\/portal\/protejamos-al-docente-docente\/#respond"]}]},{"@type":"WebPage","@id":"https:\/\/webdelmaestrocmf.com\/portal\/protejamos-al-docente-docente\/","url":"https:\/\/webdelmaestrocmf.com\/portal\/protejamos-al-docente-docente\/","name":"Profesores al borde del colapso por violencia escolar - 2026","isPartOf":{"@id":"https:\/\/webdelmaestrocmf.com\/portal\/#website"},"primaryImageOfPage":{"@id":"https:\/\/webdelmaestrocmf.com\/portal\/protejamos-al-docente-docente\/#primaryimage"},"image":{"@id":"https:\/\/webdelmaestrocmf.com\/portal\/protejamos-al-docente-docente\/#primaryimage"},"thumbnailUrl":"https:\/\/webdelmaestrocmf.com\/portal\/wp-content\/uploads\/2023\/01\/1a-1.jpg","datePublished":"2023-01-11T22:16:04+00:00","dateModified":"2023-01-12T15:11:56+00:00","description":"En un video viralizado en redes sociales se observa c\u00f3mo dos alumnos amenazan y comienzan a golpear a un docente, quien se...","breadcrumb":{"@id":"https:\/\/webdelmaestrocmf.com\/portal\/protejamos-al-docente-docente\/#breadcrumb"},"inLanguage":"es","potentialAction":[{"@type":"ReadAction","target":["https:\/\/webdelmaestrocmf.com\/portal\/protejamos-al-docente-docente\/"]}]},{"@type":"ImageObject","inLanguage":"es","@id":"https:\/\/webdelmaestrocmf.com\/portal\/protejamos-al-docente-docente\/#primaryimage","url":"https:\/\/webdelmaestrocmf.com\/portal\/wp-content\/uploads\/2023\/01\/1a-1.jpg","contentUrl":"https:\/\/webdelmaestrocmf.com\/portal\/wp-content\/uploads\/2023\/01\/1a-1.jpg","width":900,"height":556},{"@type":"BreadcrumbList","@id":"https:\/\/webdelmaestrocmf.com\/portal\/protejamos-al-docente-docente\/#breadcrumb","itemListElement":[{"@type":"ListItem","position":1,"name":"Portada","item":"https:\/\/webdelmaestrocmf.com\/portal\/"},{"@type":"ListItem","position":2,"name":"Recursos","item":"https:\/\/webdelmaestrocmf.com\/portal\/category\/pedagogia\/"},{"@type":"ListItem","position":3,"name":"Profesores al borde del colapso por violencia escolar"}]},{"@type":"WebSite","@id":"https:\/\/webdelmaestrocmf.com\/portal\/#website","url":"https:\/\/webdelmaestrocmf.com\/portal\/","name":"Web del Maestro CMF","description":"Maestros al servicio de la educaci\u00f3n","publisher":{"@id":"https:\/\/webdelmaestrocmf.com\/portal\/#organization"},"alternateName":"WMCMF","potentialAction":[{"@type":"SearchAction","target":{"@type":"EntryPoint","urlTemplate":"https:\/\/webdelmaestrocmf.com\/portal\/?s={search_term_string}"},"query-input":{"@type":"PropertyValueSpecification","valueRequired":true,"valueName":"search_term_string"}}],"inLanguage":"es"},{"@type":"Organization","@id":"https:\/\/webdelmaestrocmf.com\/portal\/#organization","name":"Web del Maestro CMF","alternateName":"WMCMF","url":"https:\/\/webdelmaestrocmf.com\/portal\/","logo":{"@type":"ImageObject","inLanguage":"es","@id":"https:\/\/webdelmaestrocmf.com\/portal\/#\/schema\/logo\/image\/","url":"https:\/\/webdelmaestrocmf.com\/portal\/wp-content\/uploads\/2023\/01\/logo-wmcmf-2.png","contentUrl":"https:\/\/webdelmaestrocmf.com\/portal\/wp-content\/uploads\/2023\/01\/logo-wmcmf-2.png","width":200,"height":60,"caption":"Web del Maestro CMF"},"image":{"@id":"https:\/\/webdelmaestrocmf.com\/portal\/#\/schema\/logo\/image\/"},"sameAs":["https:\/\/www.facebook.com\/WebdelMaestroCMF\/","https:\/\/x.com\/cmf_w","https:\/\/www.pinterest.com\/WMCMF\/","https:\/\/www.linkedin.com\/company\/web-del-maestro-cmf\/","https:\/\/www.instagram.com\/wmcmf\/","https:\/\/www.youtube.com\/channel\/UCDPSvjbdodE5sHnC3OxutHw","https:\/\/mastodon.social\/@wmcmf","https:\/\/www.tiktok.com\/@webdelmaestrocmf"]},{"@type":"Person","@id":"https:\/\/webdelmaestrocmf.com\/portal\/#\/schema\/person\/1072a2ed7bd960df8ef99a551fa35dc5","name":"Web del Maestro CMF","image":{"@type":"ImageObject","inLanguage":"es","@id":"https:\/\/secure.gravatar.com\/avatar\/23291dd5b5ae1077dcff3dbb04c3e02bd28403fa75af6d8787d5e97c5bbbe30b?s=96&d=mm&r=g","url":"https:\/\/secure.gravatar.com\/avatar\/23291dd5b5ae1077dcff3dbb04c3e02bd28403fa75af6d8787d5e97c5bbbe30b?s=96&d=mm&r=g","contentUrl":"https:\/\/secure.gravatar.com\/avatar\/23291dd5b5ae1077dcff3dbb04c3e02bd28403fa75af6d8787d5e97c5bbbe30b?s=96&d=mm&r=g","caption":"Web del Maestro CMF"},"description":"Esta Web se cre\u00f3 sin fines de lucro, con fines educativos, cient\u00edficos y acad\u00e9micos, para personas que tengan dificultades y\/o inconvenientes en visualizar el material original. El objetivo es entregar recursos, compartir experiencias y materiales que ayuden a los padres de familia, maestros y estudiantes en su actualizaci\u00f3n y formaci\u00f3n permanente, en bien de la Educaci\u00f3n.","sameAs":["http:\/\/webdelmaestrocmf.com\/portal","https:\/\/www.facebook.com\/WebdelMaestroCMF\/","https:\/\/www.instagram.com\/wmcmf\/","https:\/\/cl.linkedin.com\/company\/web-del-maestro-cmf","https:\/\/www.pinterest.com\/WMCMF\/publicaciones\/","https:\/\/x.com\/cmf_w","https:\/\/www.youtube.com\/@WMCMF"]}]}},"jetpack_featured_media_url":"https:\/\/webdelmaestrocmf.com\/portal\/wp-content\/uploads\/2023\/01\/1a-1.jpg","jetpack_sharing_enabled":true,"jetpack-related-posts":[{"id":110988,"url":"https:\/\/webdelmaestrocmf.com\/portal\/docente-hospitalizada-tras-brutal-agresion-en-aula-crece-la-preocupacion-por-la-seguridad-del-profesorado-en-mexico\/","url_meta":{"origin":44753,"position":0},"title":"Docente hospitalizada tras brutal agresi\u00f3n de madre de familia en el aula: crece la preocupaci\u00f3n por la seguridad del profesorado en M\u00e9xico","author":"Web del Maestro CMF","date":"1 octubre, 2025","format":false,"excerpt":"El ataque ocurri\u00f3 frente a alumnos de tercer grado en Las Choapas, Veracruz. No es un hecho aislado: se suman nuevos casos de violencia escolar sin respuesta clara de las autoridades.","rel":"","context":"En \u00abNoticias Internacionales\u00bb","block_context":{"text":"Noticias Internacionales","link":"https:\/\/webdelmaestrocmf.com\/portal\/category\/noticias-internacionales\/"},"img":{"alt_text":"","src":"https:\/\/i0.wp.com\/webdelmaestrocmf.com\/portal\/wp-content\/uploads\/2025\/10\/1A-Banner-1-portada-imagen-10-1-copia-7-1.webp?resize=350%2C200&ssl=1","width":350,"height":200,"srcset":"https:\/\/i0.wp.com\/webdelmaestrocmf.com\/portal\/wp-content\/uploads\/2025\/10\/1A-Banner-1-portada-imagen-10-1-copia-7-1.webp?resize=350%2C200&ssl=1 1x, https:\/\/i0.wp.com\/webdelmaestrocmf.com\/portal\/wp-content\/uploads\/2025\/10\/1A-Banner-1-portada-imagen-10-1-copia-7-1.webp?resize=525%2C300&ssl=1 1.5x, https:\/\/i0.wp.com\/webdelmaestrocmf.com\/portal\/wp-content\/uploads\/2025\/10\/1A-Banner-1-portada-imagen-10-1-copia-7-1.webp?resize=700%2C400&ssl=1 2x"},"classes":[]},{"id":111824,"url":"https:\/\/webdelmaestrocmf.com\/portal\/docente-jala-la-oreja-a-un-estudiante-en-plena-clase-y-genera-debate-en-redes-que-te-pasa-a-mi-respetame\/","url_meta":{"origin":44753,"position":1},"title":"Docente jala la oreja a un estudiante en plena clase y genera debate en redes: \u00bfQu\u00e9 te pasa? \u00a1A m\u00ed, resp\u00e9tame!","author":"Web del Maestro CMF","date":"8 agosto, 2025","format":false,"excerpt":"Una docente en Salta fue grabada jalando la oreja a un estudiante, generando debate sobre los l\u00edmites de la autoridad en el aula.","rel":"","context":"En \u00abNoticias Internacionales\u00bb","block_context":{"text":"Noticias Internacionales","link":"https:\/\/webdelmaestrocmf.com\/portal\/category\/noticias-internacionales\/"},"img":{"alt_text":"","src":"https:\/\/i0.wp.com\/webdelmaestrocmf.com\/portal\/wp-content\/uploads\/2025\/08\/1A-Banner-1-portada-imagen-10-1-copia-2025-08-08T165948.629.webp?resize=350%2C200&ssl=1","width":350,"height":200,"srcset":"https:\/\/i0.wp.com\/webdelmaestrocmf.com\/portal\/wp-content\/uploads\/2025\/08\/1A-Banner-1-portada-imagen-10-1-copia-2025-08-08T165948.629.webp?resize=350%2C200&ssl=1 1x, https:\/\/i0.wp.com\/webdelmaestrocmf.com\/portal\/wp-content\/uploads\/2025\/08\/1A-Banner-1-portada-imagen-10-1-copia-2025-08-08T165948.629.webp?resize=525%2C300&ssl=1 1.5x, https:\/\/i0.wp.com\/webdelmaestrocmf.com\/portal\/wp-content\/uploads\/2025\/08\/1A-Banner-1-portada-imagen-10-1-copia-2025-08-08T165948.629.webp?resize=700%2C400&ssl=1 2x"},"classes":[]},{"id":111978,"url":"https:\/\/webdelmaestrocmf.com\/portal\/agresion-a-profesor-en-lincoln-high-school-desata-debate-sobre-seguridad-escolar-en-california\/","url_meta":{"origin":44753,"position":2},"title":"Agresi\u00f3n a profesor en Lincoln High School desata debate sobre seguridad escolar en California","author":"Web del Maestro CMF","date":"22 agosto, 2025","format":false,"excerpt":"Un estudiante golpe\u00f3 a un profesor en Lincoln High School; la intervenci\u00f3n policial evit\u00f3 mayores consecuencias y desat\u00f3 debate sobre seguridad escolar.","rel":"","context":"En \u00abNoticias Internacionales\u00bb","block_context":{"text":"Noticias Internacionales","link":"https:\/\/webdelmaestrocmf.com\/portal\/category\/noticias-internacionales\/"},"img":{"alt_text":"","src":"https:\/\/i0.wp.com\/webdelmaestrocmf.com\/portal\/wp-content\/uploads\/2025\/08\/1A-Banner-1-portada-imagen-10-1-copia-10-1.webp?resize=350%2C200&ssl=1","width":350,"height":200,"srcset":"https:\/\/i0.wp.com\/webdelmaestrocmf.com\/portal\/wp-content\/uploads\/2025\/08\/1A-Banner-1-portada-imagen-10-1-copia-10-1.webp?resize=350%2C200&ssl=1 1x, https:\/\/i0.wp.com\/webdelmaestrocmf.com\/portal\/wp-content\/uploads\/2025\/08\/1A-Banner-1-portada-imagen-10-1-copia-10-1.webp?resize=525%2C300&ssl=1 1.5x, https:\/\/i0.wp.com\/webdelmaestrocmf.com\/portal\/wp-content\/uploads\/2025\/08\/1A-Banner-1-portada-imagen-10-1-copia-10-1.webp?resize=700%2C400&ssl=1 2x"},"classes":[]},{"id":114686,"url":"https:\/\/webdelmaestrocmf.com\/portal\/profesora-denuncia-grave-episodio-de-violencia-por-parte-de-una-alumna-tras-conflicto-por-uso-del-celular-en-aula\/","url_meta":{"origin":44753,"position":3},"title":"Profesora denuncia grave episodio de violencia por parte de una alumna tras conflicto por uso del celular en aula","author":"Web del Maestro CMF","date":"10 enero, 2026","format":false,"excerpt":"Una profesora fue agredida tras exigir guardar el celular, evidenciando violencia escolar, crisis de autoridad docente y falta de protecci\u00f3n.","rel":"","context":"En \u00abNoticias Internacionales\u00bb","block_context":{"text":"Noticias Internacionales","link":"https:\/\/webdelmaestrocmf.com\/portal\/category\/noticias-internacionales\/"},"img":{"alt_text":"","src":"https:\/\/i0.wp.com\/webdelmaestrocmf.com\/portal\/wp-content\/uploads\/2026\/01\/1A-Banner-1-portada-imagen-10-1-copia-2-4.webp?resize=350%2C200&ssl=1","width":350,"height":200,"srcset":"https:\/\/i0.wp.com\/webdelmaestrocmf.com\/portal\/wp-content\/uploads\/2026\/01\/1A-Banner-1-portada-imagen-10-1-copia-2-4.webp?resize=350%2C200&ssl=1 1x, https:\/\/i0.wp.com\/webdelmaestrocmf.com\/portal\/wp-content\/uploads\/2026\/01\/1A-Banner-1-portada-imagen-10-1-copia-2-4.webp?resize=525%2C300&ssl=1 1.5x, https:\/\/i0.wp.com\/webdelmaestrocmf.com\/portal\/wp-content\/uploads\/2026\/01\/1A-Banner-1-portada-imagen-10-1-copia-2-4.webp?resize=700%2C400&ssl=1 2x"},"classes":[]},{"id":108868,"url":"https:\/\/webdelmaestrocmf.com\/portal\/condenan-por-primera-vez-a-alumno-que-agrede-a-un-profesor-docente-fue-golpeado-al-comunicarle-su-riesgo-de-repitencia\/","url_meta":{"origin":44753,"position":4},"title":"Condenan por primera vez a alumno que agrede a un profesor: Docente fue golpeado al comunicarle su riesgo de repitencia","author":"Web del Maestro CMF","date":"18 mayo, 2025","format":false,"excerpt":"La justicia chilena sent\u00f3 un precedente hist\u00f3rico: por primera vez en el pa\u00eds, un alumno fue declarado culpable por agredir a un docente. La decisi\u00f3n judicial llega en medio de una creciente preocupaci\u00f3n por los niveles de violencia que enfrentan los profesores dentro de las aulas. El caso que motiv\u00f3\u2026","rel":"","context":"En \u00abNoticias Internacionales\u00bb","block_context":{"text":"Noticias Internacionales","link":"https:\/\/webdelmaestrocmf.com\/portal\/category\/noticias-internacionales\/"},"img":{"alt_text":"","src":"https:\/\/i0.wp.com\/webdelmaestrocmf.com\/portal\/wp-content\/uploads\/2025\/05\/1A-Banner-1-portada-imagen-10-1-61.jpg?resize=350%2C200&ssl=1","width":350,"height":200,"srcset":"https:\/\/i0.wp.com\/webdelmaestrocmf.com\/portal\/wp-content\/uploads\/2025\/05\/1A-Banner-1-portada-imagen-10-1-61.jpg?resize=350%2C200&ssl=1 1x, https:\/\/i0.wp.com\/webdelmaestrocmf.com\/portal\/wp-content\/uploads\/2025\/05\/1A-Banner-1-portada-imagen-10-1-61.jpg?resize=525%2C300&ssl=1 1.5x, https:\/\/i0.wp.com\/webdelmaestrocmf.com\/portal\/wp-content\/uploads\/2025\/05\/1A-Banner-1-portada-imagen-10-1-61.jpg?resize=700%2C400&ssl=1 2x"},"classes":[]},{"id":108552,"url":"https:\/\/webdelmaestrocmf.com\/portal\/nos-llaman-llorando-docentes-colapsan-ante-la-falta-de-apoyo-y-recursos\/","url_meta":{"origin":44753,"position":5},"title":"Nos llaman llorando: docentes colapsan ante la falta de apoyo y recursos","author":"Web del Maestro CMF","date":"30 marzo, 2025","format":false,"excerpt":"\"Cada vez nos llaman m\u00e1s docentes llorando. Que adultos lloren nos pone en alarma sobre su estado emocional\". Habla\u00a0Teresa Hern\u00e1ndez, coordinadora estatal del\u00a0Defensor del Profesor, un servicio que gestiona el sindicato\u00a0Anpe\u00a0que atiende las peticiones de ayuda de los\u00a0docentes\u00a0de la escuela p\u00fablica. Este a\u00f1o ha aumentado un\u00a08%\u00a0el n\u00famero de casos atendidos\u2026","rel":"","context":"En \u00abNoticias Internacionales\u00bb","block_context":{"text":"Noticias Internacionales","link":"https:\/\/webdelmaestrocmf.com\/portal\/category\/noticias-internacionales\/"},"img":{"alt_text":"","src":"https:\/\/i0.wp.com\/webdelmaestrocmf.com\/portal\/wp-content\/uploads\/2025\/03\/1A-Banner-1-portada-imagen-10-1-4-1.jpg?resize=350%2C200&ssl=1","width":350,"height":200,"srcset":"https:\/\/i0.wp.com\/webdelmaestrocmf.com\/portal\/wp-content\/uploads\/2025\/03\/1A-Banner-1-portada-imagen-10-1-4-1.jpg?resize=350%2C200&ssl=1 1x, https:\/\/i0.wp.com\/webdelmaestrocmf.com\/portal\/wp-content\/uploads\/2025\/03\/1A-Banner-1-portada-imagen-10-1-4-1.jpg?resize=525%2C300&ssl=1 1.5x, https:\/\/i0.wp.com\/webdelmaestrocmf.com\/portal\/wp-content\/uploads\/2025\/03\/1A-Banner-1-portada-imagen-10-1-4-1.jpg?resize=700%2C400&ssl=1 2x"},"classes":[]}],"_links":{"self":[{"href":"https:\/\/webdelmaestrocmf.com\/portal\/wp-json\/wp\/v2\/posts\/44753","targetHints":{"allow":["GET"]}}],"collection":[{"href":"https:\/\/webdelmaestrocmf.com\/portal\/wp-json\/wp\/v2\/posts"}],"about":[{"href":"https:\/\/webdelmaestrocmf.com\/portal\/wp-json\/wp\/v2\/types\/post"}],"author":[{"embeddable":true,"href":"https:\/\/webdelmaestrocmf.com\/portal\/wp-json\/wp\/v2\/users\/1"}],"replies":[{"embeddable":true,"href":"https:\/\/webdelmaestrocmf.com\/portal\/wp-json\/wp\/v2\/comments?post=44753"}],"version-history":[{"count":0,"href":"https:\/\/webdelmaestrocmf.com\/portal\/wp-json\/wp\/v2\/posts\/44753\/revisions"}],"wp:featuredmedia":[{"embeddable":true,"href":"https:\/\/webdelmaestrocmf.com\/portal\/wp-json\/wp\/v2\/media\/82722"}],"wp:attachment":[{"href":"https:\/\/webdelmaestrocmf.com\/portal\/wp-json\/wp\/v2\/media?parent=44753"}],"wp:term":[{"taxonomy":"category","embeddable":true,"href":"https:\/\/webdelmaestrocmf.com\/portal\/wp-json\/wp\/v2\/categories?post=44753"},{"taxonomy":"post_tag","embeddable":true,"href":"https:\/\/webdelmaestrocmf.com\/portal\/wp-json\/wp\/v2\/tags?post=44753"}],"curies":[{"name":"wp","href":"https:\/\/api.w.org\/{rel}","templated":true}]}}