{"id":44578,"date":"2020-02-22T19:50:44","date_gmt":"2020-02-22T22:50:44","guid":{"rendered":"https:\/\/webdelmaestrocmf.com\/portal\/?p=44578"},"modified":"2021-12-07T11:15:30","modified_gmt":"2021-12-07T14:15:30","slug":"18-propuestas-para-lograr-un-nuevo-pacto-educativo","status":"publish","type":"post","link":"https:\/\/webdelmaestrocmf.com\/portal\/18-propuestas-para-lograr-un-nuevo-pacto-educativo\/","title":{"rendered":"18 propuestas para lograr un Nuevo Pacto Educativo"},"content":{"rendered":"<h5 style=\"text-align: justify;\">Como padres de familia y profesores \u201cestamos llamados, de alguna manera, a <strong>renovar y reintegrar<\/strong> el esfuerzo de todos \u2014 personas e instituciones\u2014 por la educaci\u00f3n, para <strong>rehacer un nuevo pacto educativo<\/strong>, porque solamente as\u00ed podr\u00e1 cambiar la educaci\u00f3n\u201d. Estamos convocados \u201ca integrar los saberes, la cultura, el deporte, la ciencia, el esparcimiento y la recreaci\u00f3n; para esto, <strong>hay que tender puentes de conexi\u00f3n,<\/strong> [&#8230;] y salir al mar abierto global respetando todas las tradiciones\u201d.<\/h5>\n<p><!--more--><\/p>\n<p style=\"text-align: justify;\">Como educadores necesitamos capacitarnos cada d\u00eda m\u00e1s en <strong>ser aut\u00e9nticos\u00a0 \u201cartesanos\u201d de una educaci\u00f3n que forma para identificar y fomentar los verdaderos valores humanos<\/strong> dentro de una perspectiva intercultural e interreligiosa. Busquemos juntos nuevos caminos que ayuden a \u201cunir esfuerzos para <strong>alcanzar una alianza educativa amplia <\/strong>con vistas a formar personas maduras, capaces de reconstruir, <strong>reconstruir el tejido relacion<\/strong>al y crear una humanidad m\u00e1s fraterna\u201d.<\/p>\n<p style=\"text-align: justify;\"><strong>El compromiso personal y social por una mejor educaci\u00f3n<\/strong>, que deber\u00eda darse entre la familia, la escuela, la patria y el mundo, la cultura y las culturas, est\u00e1 en crisis, est\u00e1 roto. \u201c<strong>Est\u00e1 roto, y muy roto;<\/strong> y <strong>no se puede pegar o recomponer. No se puede zurcir<\/strong>, sino a trav\u00e9s de un renovado esfuerzo de generosidad y acuerdo universal\u201d. Y <strong>se profundiza esta ruptura <\/strong>cuando la sociedad, la familia y \u201clas distintas instituciones que est\u00e1n llamadas a educar <strong>delegan la decisiva tarea educacional a otros<\/strong>, evadiendo as\u00ed la responsabilidad&#8230;\u201d<\/p>\n<p><img loading=\"lazy\" decoding=\"async\" class=\"alignnone size-full wp-image-44601\" src=\"https:\/\/webdelmaestrocmf.com\/portal\/wp-content\/uploads\/2020\/02\/Educar-es-acompa\u00f1ar-en-la-b\u00fasqueda-de-la-verdad-8.png\" alt=\"\" width=\"1080\" height=\"1080\" srcset=\"https:\/\/webdelmaestrocmf.com\/portal\/wp-content\/uploads\/2020\/02\/Educar-es-acompa\u00f1ar-en-la-b\u00fasqueda-de-la-verdad-8.png 1080w, https:\/\/webdelmaestrocmf.com\/portal\/wp-content\/uploads\/2020\/02\/Educar-es-acompa\u00f1ar-en-la-b\u00fasqueda-de-la-verdad-8-300x300.png 300w, https:\/\/webdelmaestrocmf.com\/portal\/wp-content\/uploads\/2020\/02\/Educar-es-acompa\u00f1ar-en-la-b\u00fasqueda-de-la-verdad-8-1024x1024.png 1024w, https:\/\/webdelmaestrocmf.com\/portal\/wp-content\/uploads\/2020\/02\/Educar-es-acompa\u00f1ar-en-la-b\u00fasqueda-de-la-verdad-8-150x150.png 150w, https:\/\/webdelmaestrocmf.com\/portal\/wp-content\/uploads\/2020\/02\/Educar-es-acompa\u00f1ar-en-la-b\u00fasqueda-de-la-verdad-8-768x768.png 768w, https:\/\/webdelmaestrocmf.com\/portal\/wp-content\/uploads\/2020\/02\/Educar-es-acompa\u00f1ar-en-la-b\u00fasqueda-de-la-verdad-8-80x80.png 80w, https:\/\/webdelmaestrocmf.com\/portal\/wp-content\/uploads\/2020\/02\/Educar-es-acompa\u00f1ar-en-la-b\u00fasqueda-de-la-verdad-8-110x110.png 110w, https:\/\/webdelmaestrocmf.com\/portal\/wp-content\/uploads\/2020\/02\/Educar-es-acompa\u00f1ar-en-la-b\u00fasqueda-de-la-verdad-8-200x200.png 200w, https:\/\/webdelmaestrocmf.com\/portal\/wp-content\/uploads\/2020\/02\/Educar-es-acompa\u00f1ar-en-la-b\u00fasqueda-de-la-verdad-8-380x380.png 380w, https:\/\/webdelmaestrocmf.com\/portal\/wp-content\/uploads\/2020\/02\/Educar-es-acompa\u00f1ar-en-la-b\u00fasqueda-de-la-verdad-8-255x255.png 255w, https:\/\/webdelmaestrocmf.com\/portal\/wp-content\/uploads\/2020\/02\/Educar-es-acompa\u00f1ar-en-la-b\u00fasqueda-de-la-verdad-8-550x550.png 550w, https:\/\/webdelmaestrocmf.com\/portal\/wp-content\/uploads\/2020\/02\/Educar-es-acompa\u00f1ar-en-la-b\u00fasqueda-de-la-verdad-8-800x800.png 800w\" sizes=\"auto, (max-width: 1080px) 100vw, 1080px\" \/><\/p>\n<p style=\"text-align: justify;\">La presente reflexi\u00f3n, en base a pensamientos del Papa Francisco, nos pueden <strong>ayudar a derribar los muros \u201ccasi infranqueables\u201d<\/strong> que nos impiden lograr los objetivos y las metas de desarrollo sostenible y garantizado; desde una cultura del di\u00e1logo, una cultura del encuentro y de una mutua comprensi\u00f3n, con paz, respeto y tolerancia.<\/p>\n<ol style=\"text-align: justify;\">\n<li>\u201cLa educaci\u00f3n integral y de calidad, y <strong>los patrones de graduaci\u00f3n<\/strong> siguen siendo un desaf\u00edo mundial\u201d.<\/li>\n<li>\u201cLa educaci\u00f3n sigue siendo <strong>desigu<\/strong>al entre la poblaci\u00f3n mundial\u201d.<\/li>\n<li>\u201c<strong>La pobreza, la discriminaci\u00f3n, el cambio clim\u00e1tico, la globalizaci\u00f3n de la indiferencia, las cosificaciones del ser humano<\/strong> marchitan el florecimiento de millones de criaturas\u201d.<\/li>\n<li>\u201cEs a trav\u00e9s de la educaci\u00f3n que el ser humano alcanza su m\u00e1ximo potencial y se convierte en un <strong>ser consciente, libre y r<\/strong>esponsable\u201d.<\/li>\n<li>\u201cPensar en la educaci\u00f3n es <strong>pensar en las generaciones futuras <\/strong>y en el futuro de la humanidad; por lo tanto, es algo que est\u00e1 profundamente arraigado en la esperanza y requiere generosidad y valent\u00eda\u201d.<\/li>\n<li>\u201cEducar no es solamente trasmitir conceptos, esta ser\u00eda una herencia de la ilustraci\u00f3n que hay que superar, o sea <strong>no s\u00f3lo transmitir conceptos<\/strong>, sino que es una labor que exige que todos los responsables de la misma \u2014familia, escuela e instituciones sociales, culturales, religiosas\u2026\u2014 <strong>se impliquen<\/strong> en ella de forma solidaria\u201d.<\/li>\n<li>\u201cPara educar hay que buscar integrar el lenguaje de la cabeza con el lenguaje del coraz\u00f3n y el lenguaje de las manos. <strong>Que un educando piense lo que siente y lo que hace, sienta lo que piensa y lo que hace, haga lo que siente y lo que piensa.<\/strong> Integraci\u00f3n total\u201d.<\/li>\n<li>\u201cAl fomentar el aprendizaje de la cabeza, del coraz\u00f3n y de las manos, la educaci\u00f3n intelectual y socioemocional, la transmisi\u00f3n de los valores y las virtudes individuales y sociales, la ense\u00f1anza de una ciudadan\u00eda comprometida y solidaria con la justicia, y al impartir las habilidades y el conocimiento que forman a los j\u00f3venes para el mundo del trabajo y la sociedad, <strong>las familias, las escuelas y las instituciones se convierten en veh\u00edculos esenciales para el empoderamiento de la pr\u00f3xima genera<\/strong>ci\u00f3n\u201d.<\/li>\n<\/ol>\n<p style=\"text-align: justify;\">Art\u00edculo recomendado: <a href=\"https:\/\/webdelmaestrocmf.com\/portal\/papa-francisco-convoca-a-una-reunion-mundial-para-reconstruir-el-pacto-educativo-global\/\" target=\"_blank\" rel=\"noopener noreferrer\"><strong>PAPA FRANCISCO CONVOCA A UNA REUNION MUNDIAL PARA RECONSTRUIR EL PACTO EDUCATIVO GLOBAL.<\/strong><\/a><\/p>\n<ol style=\"text-align: justify;\" start=\"9\">\n<li>\u201cLas nuevas generaciones deben comprender con claridad su propia tradici\u00f3n y cultura. Eso no se negocia, es innegociable, en relaci\u00f3n con las dem\u00e1s, de modo que <strong>desarrollen la propia auto-comprensi\u00f3n <\/strong>afrontando y asumiendo la diversidad y los cambios culturales\u201d.<\/li>\n<li>\u201cLa familia necesita ser valorada en el nuevo pacto educativo, puesto que <strong>su responsabilidad ya comienza en el vientre materno<\/strong>, en el momento del nacimiento\u201d.<\/li>\n<li>\u201cUna de las formas fundamentales de mejorar la calidad de la educaci\u00f3n a nivel escolar es <strong>conseguir una mayor participaci\u00f3n de las familias y las comunidades locales<\/strong> en los proyectos educativos\u201d.<\/li>\n<li>\u201cLos docentes \u2014<strong>los siempre mal pagados<\/strong>\u2014,ante el desaf\u00edo de la educaci\u00f3n siguen adelante con valent\u00eda y tes\u00f3n. Ellos son <strong>\u201cartesanos\u201d de las futuras generaciones<\/strong>\u201d.<\/li>\n<li>\u201cLos profesores con su saber, paciencia y dedicaci\u00f3n van transmitiendo un <strong>modo de ser que se transforma en riqueza, no material, sino inmaterial<\/strong>, se va creando al hombre y mujer del ma\u00f1ana. Esto es una gran responsabilidad\u201d.<\/li>\n<li>\u201cEn el nuevo pacto educativo <strong>la funci\u00f3n de los docentes<\/strong>, como agentes de la educaci\u00f3n, <strong>debe reconocerse y respaldarse <\/strong>con todos los medios posibles\u201d.<\/li>\n<li>\u201cEs importante <strong>apuntar a la formaci\u00f3n de los educadores<\/strong> con los m\u00e1s altos est\u00e1ndares cualitativos, en todos los niveles acad\u00e9micos. Para respaldar y promover este proceso, es necesario que tengan a disposici\u00f3n los recursos nacionales, internacionales y privados adecuados de manera que, en todo el mundo, puedan cumplir sus tareas de manera efectiva\u201d.<\/li>\n<li>\u201cNo se puede educar sin <strong>inducir a la belleza<\/strong>, sin inducir del coraz\u00f3n la belleza\u201d.<\/li>\n<li>\u201cUna educaci\u00f3n no es exitosa si no sabe <strong>crear poetas<\/strong>. El camino de la belleza es un desaf\u00edo que se debe abordar\u201d.<\/li>\n<li>\u201c<strong>Colaborar en la educaci\u00f3n de las futuras generaciones, no es algo del ma\u00f1ana, sino del hoy\u201d.<\/strong><\/li>\n<\/ol>\n<p><img decoding=\"async\" src=\"https:\/\/cdn.dribbble.com\/users\/406059\/screenshots\/3251058\/hand_shake_dribbble.gif\" \/><\/p>\n<p style=\"text-align: justify;\">Este art\u00edculo y estas frases han sido tomadas del <a href=\"http:\/\/w2.vatican.va\/content\/francesco\/es\/speeches\/2020\/february\/documents\/papa-francesco_20200207_education-globalcompact.html\" target=\"_blank\" rel=\"noopener noreferrer\"><strong>DISCURSO DEL PAPA FRANCISCO A LOS PARTICIPANTES EN EL SEMINARIO SOBRE \u00abEDUCACI\u00d3N: EL PACTO MUNDIAL\u00bb ORGANIZADO POR LA PONTIFICIA ACADEMIA DE CIENCIAS SOCIALES <\/strong>(07\/02\/2020)<\/a><\/p>\n<p style=\"text-align: center;\"><em>\u201cPara alcanzar estos objetivos globales, el camino com\u00fan de la <strong>\u201caldea de la educaci\u00f3n\u201d <\/strong>debe llevar a dar pasos importantes: tener <strong>la valent\u00eda de colocar a la persona en el centro<\/strong>. [&#8230;] <strong>invertir las mejores energ\u00edas<\/strong> con creatividad y responsabilidad. [&#8230;]\u00a0 y la valent\u00eda de <strong>formar personas disponibles<\/strong> que se pongan al servicio de la comunidad\u201d.<\/em> (12\/09\/2019)<\/p>\n<p style=\"text-align: right;\"><strong>REDACCI\u00d3N WEB DEL MAESTRO CMF<\/strong><\/p>\n\t\t<div class=\"pk-inline-posts\">\n\t\t\t\n\t\t\t<div class=\"pk-inline-posts-container pk-inline-posts-template-list\"\n\t\t\t\tdata-columns=\"1\">\n\t\t\t\t\t\t<article id=\"post-17756\" class=\"post-17756 post type-post status-publish format-standard has-post-thumbnail category-jamb tag-dia tag-dia-del-trabajo tag-jorge-bergoglio tag-maestros tag-trabajo cs-entry cs-video-wrap\">\n\t\t\t<div class=\"pk-post-outer\">\n\n\t\t\t\t\t\t\t\t<div class=\"pk-post-inner\">\n\t\t\t\t\t<div class=\"entry-thumbnail\">\n\t\t\t\t\t\t<div class=\"pk-overlay pk-overlay-ratio pk-ratio-landscape\">\n\t\t\t\t\t\t\t<div class=\"pk-overlay-background\">\n\t\t\t\t\t\t\t\t<a href=\"https:\/\/webdelmaestrocmf.com\/portal\/dia-del-trabajo-maestros-gracias-lo-hacen\/\" class=\"pk-overlay-link\">\n\t\t\t\t\t\t\t\t\t<img loading=\"lazy\" decoding=\"async\" width=\"300\" height=\"225\" src=\"https:\/\/webdelmaestrocmf.com\/portal\/wp-content\/uploads\/2023\/05\/Banner-1-portada-imagen-10-1-55-300x225.jpg\" class=\"attachment-pk-thumbnail size-pk-thumbnail wp-post-image\" alt=\"d\u00eda del trabajo\" \/>\t\t\t\t\t\t\t\t<\/a>\n\t\t\t\t\t\t\t<\/div>\n\t\t\t\t\t\t<\/div>\n\t\t\t\t\t<\/div>\n\t\t\t\t<\/div>\n\t\t\t\t\n\t\t\t\t<div class=\"pk-post-inner\">\n\t\t\t\t\t<header>\n\t\t\t\t\t\t<h3 class=\"pk-title\"><a href=\"https:\/\/webdelmaestrocmf.com\/portal\/dia-del-trabajo-maestros-gracias-lo-hacen\/\" rel=\"bookmark\">D\u00eda Internacional de los Trabajadores: Maestros, \u00a1gracias por lo que hacen!<\/a><\/h3>\t\t\t\t\t<\/header><!-- .entry-header -->\n\t\t\t\t<\/div><!-- .post-inner -->\n\n\t\t\t<\/div><!-- .post-outer -->\n\t\t<\/article>\n\t\t\t\t<\/div>\n\t\t<\/div>\n\t\t\n","protected":false},"excerpt":{"rendered":"Como padres de familia y profesores \u201cestamos llamados, de alguna manera, a renovar y reintegrar el esfuerzo de&hellip;","protected":false},"author":1,"featured_media":44579,"comment_status":"open","ping_status":"closed","sticky":false,"template":"","format":"standard","meta":{"csco_display_header_overlay":false,"csco_singular_sidebar":"default","csco_page_header_type":"default","csco_page_load_nextpost":"default","csco_post_video_location":[],"csco_post_video_location_hash":"","csco_post_video_url":"","csco_post_video_bg_start_time":0,"csco_post_video_bg_end_time":0,"csco_post_video_bg_volume":false,"_jetpack_memberships_contains_paid_content":false,"footnotes":""},"categories":[61],"tags":[828,3632,3156,3447,1243],"class_list":{"0":"post-44578","1":"post","2":"type-post","3":"status-publish","4":"format-standard","5":"has-post-thumbnail","7":"category-jamb","8":"tag-educativo","9":"tag-lograr","10":"tag-nuevo","11":"tag-pacto","12":"tag-propuestas","13":"cs-entry","14":"cs-video-wrap"},"yoast_head":"<!-- This site is optimized with the Yoast SEO plugin v27.5 - https:\/\/yoast.com\/product\/yoast-seo-wordpress\/ -->\n<title>18 propuestas para lograr un Nuevo Pacto Educativo - 2026<\/title>\n<meta name=\"description\" content=\"Como padres de familia y profesores \u201cestamos llamados, de alguna manera, a renovar y reintegrar el esfuerzo de todos \u2014 personas e instituciones...\" \/>\n<meta name=\"robots\" content=\"index, follow, max-snippet:-1, max-image-preview:large, max-video-preview:-1\" \/>\n<link rel=\"canonical\" href=\"https:\/\/webdelmaestrocmf.com\/portal\/18-propuestas-para-lograr-un-nuevo-pacto-educativo\/\" \/>\n<meta property=\"og:locale\" content=\"es_ES\" \/>\n<meta property=\"og:type\" content=\"article\" \/>\n<meta property=\"og:title\" content=\"18 propuestas para lograr un Nuevo Pacto Educativo - 2026\" \/>\n<meta property=\"og:description\" content=\"Como padres de familia y profesores \u201cestamos llamados, de alguna manera, a renovar y reintegrar el esfuerzo de todos \u2014 personas e instituciones...\" \/>\n<meta property=\"og:url\" content=\"https:\/\/webdelmaestrocmf.com\/portal\/18-propuestas-para-lograr-un-nuevo-pacto-educativo\/\" \/>\n<meta property=\"og:site_name\" content=\"Web del Maestro CMF\" \/>\n<meta property=\"article:publisher\" content=\"https:\/\/www.facebook.com\/WebdelMaestroCMF\/\" \/>\n<meta property=\"article:author\" content=\"https:\/\/www.facebook.com\/WebdelMaestroCMF\/\" \/>\n<meta property=\"article:published_time\" content=\"2020-02-22T22:50:44+00:00\" \/>\n<meta property=\"article:modified_time\" content=\"2021-12-07T14:15:30+00:00\" \/>\n<meta property=\"og:image\" content=\"https:\/\/i0.wp.com\/webdelmaestrocmf.com\/portal\/wp-content\/uploads\/2020\/02\/1-52.jpg?fit=1100%2C680&ssl=1\" \/>\n\t<meta property=\"og:image:width\" content=\"1100\" \/>\n\t<meta property=\"og:image:height\" content=\"680\" \/>\n\t<meta property=\"og:image:type\" content=\"image\/jpeg\" \/>\n<meta name=\"author\" content=\"Web del Maestro CMF\" \/>\n<meta name=\"twitter:card\" content=\"summary_large_image\" \/>\n<meta name=\"twitter:creator\" content=\"@cmf_w\" \/>\n<meta name=\"twitter:site\" content=\"@cmf_w\" \/>\n<script type=\"application\/ld+json\" class=\"yoast-schema-graph\">{\"@context\":\"https:\\\/\\\/schema.org\",\"@graph\":[{\"@type\":\"ScholarlyArticle\",\"@id\":\"https:\\\/\\\/webdelmaestrocmf.com\\\/portal\\\/18-propuestas-para-lograr-un-nuevo-pacto-educativo\\\/#article\",\"isPartOf\":{\"@id\":\"https:\\\/\\\/webdelmaestrocmf.com\\\/portal\\\/18-propuestas-para-lograr-un-nuevo-pacto-educativo\\\/\"},\"author\":{\"name\":\"Web del Maestro CMF\",\"@id\":\"https:\\\/\\\/webdelmaestrocmf.com\\\/portal\\\/#\\\/schema\\\/person\\\/1072a2ed7bd960df8ef99a551fa35dc5\"},\"headline\":\"18 propuestas para lograr un Nuevo Pacto Educativo\",\"datePublished\":\"2020-02-22T22:50:44+00:00\",\"dateModified\":\"2021-12-07T14:15:30+00:00\",\"mainEntityOfPage\":{\"@id\":\"https:\\\/\\\/webdelmaestrocmf.com\\\/portal\\\/18-propuestas-para-lograr-un-nuevo-pacto-educativo\\\/\"},\"wordCount\":1047,\"commentCount\":0,\"publisher\":{\"@id\":\"https:\\\/\\\/webdelmaestrocmf.com\\\/portal\\\/#organization\"},\"image\":{\"@id\":\"https:\\\/\\\/webdelmaestrocmf.com\\\/portal\\\/18-propuestas-para-lograr-un-nuevo-pacto-educativo\\\/#primaryimage\"},\"thumbnailUrl\":\"https:\\\/\\\/webdelmaestrocmf.com\\\/portal\\\/wp-content\\\/uploads\\\/2020\\\/02\\\/1-52.jpg\",\"keywords\":[\"EDUCATIVO\",\"LOGRAR\",\"NUEVO\",\"PACTO\",\"PROPUESTAS\"],\"articleSection\":[\"Yo opino - WMCMF\"],\"inLanguage\":\"es\",\"potentialAction\":[{\"@type\":\"CommentAction\",\"name\":\"Comment\",\"target\":[\"https:\\\/\\\/webdelmaestrocmf.com\\\/portal\\\/18-propuestas-para-lograr-un-nuevo-pacto-educativo\\\/#respond\"]}]},{\"@type\":\"WebPage\",\"@id\":\"https:\\\/\\\/webdelmaestrocmf.com\\\/portal\\\/18-propuestas-para-lograr-un-nuevo-pacto-educativo\\\/\",\"url\":\"https:\\\/\\\/webdelmaestrocmf.com\\\/portal\\\/18-propuestas-para-lograr-un-nuevo-pacto-educativo\\\/\",\"name\":\"18 propuestas para lograr un Nuevo Pacto Educativo - 2026\",\"isPartOf\":{\"@id\":\"https:\\\/\\\/webdelmaestrocmf.com\\\/portal\\\/#website\"},\"primaryImageOfPage\":{\"@id\":\"https:\\\/\\\/webdelmaestrocmf.com\\\/portal\\\/18-propuestas-para-lograr-un-nuevo-pacto-educativo\\\/#primaryimage\"},\"image\":{\"@id\":\"https:\\\/\\\/webdelmaestrocmf.com\\\/portal\\\/18-propuestas-para-lograr-un-nuevo-pacto-educativo\\\/#primaryimage\"},\"thumbnailUrl\":\"https:\\\/\\\/webdelmaestrocmf.com\\\/portal\\\/wp-content\\\/uploads\\\/2020\\\/02\\\/1-52.jpg\",\"datePublished\":\"2020-02-22T22:50:44+00:00\",\"dateModified\":\"2021-12-07T14:15:30+00:00\",\"description\":\"Como padres de familia y profesores \u201cestamos llamados, de alguna manera, a renovar y reintegrar el esfuerzo de todos \u2014 personas e instituciones...\",\"breadcrumb\":{\"@id\":\"https:\\\/\\\/webdelmaestrocmf.com\\\/portal\\\/18-propuestas-para-lograr-un-nuevo-pacto-educativo\\\/#breadcrumb\"},\"inLanguage\":\"es\",\"potentialAction\":[{\"@type\":\"ReadAction\",\"target\":[\"https:\\\/\\\/webdelmaestrocmf.com\\\/portal\\\/18-propuestas-para-lograr-un-nuevo-pacto-educativo\\\/\"]}]},{\"@type\":\"ImageObject\",\"inLanguage\":\"es\",\"@id\":\"https:\\\/\\\/webdelmaestrocmf.com\\\/portal\\\/18-propuestas-para-lograr-un-nuevo-pacto-educativo\\\/#primaryimage\",\"url\":\"https:\\\/\\\/webdelmaestrocmf.com\\\/portal\\\/wp-content\\\/uploads\\\/2020\\\/02\\\/1-52.jpg\",\"contentUrl\":\"https:\\\/\\\/webdelmaestrocmf.com\\\/portal\\\/wp-content\\\/uploads\\\/2020\\\/02\\\/1-52.jpg\",\"width\":1100,\"height\":680},{\"@type\":\"BreadcrumbList\",\"@id\":\"https:\\\/\\\/webdelmaestrocmf.com\\\/portal\\\/18-propuestas-para-lograr-un-nuevo-pacto-educativo\\\/#breadcrumb\",\"itemListElement\":[{\"@type\":\"ListItem\",\"position\":1,\"name\":\"Portada\",\"item\":\"https:\\\/\\\/webdelmaestrocmf.com\\\/portal\\\/\"},{\"@type\":\"ListItem\",\"position\":2,\"name\":\"Yo opino - WMCMF\",\"item\":\"https:\\\/\\\/webdelmaestrocmf.com\\\/portal\\\/category\\\/jamb\\\/\"},{\"@type\":\"ListItem\",\"position\":3,\"name\":\"18 propuestas para lograr un Nuevo Pacto Educativo\"}]},{\"@type\":\"WebSite\",\"@id\":\"https:\\\/\\\/webdelmaestrocmf.com\\\/portal\\\/#website\",\"url\":\"https:\\\/\\\/webdelmaestrocmf.com\\\/portal\\\/\",\"name\":\"Web del Maestro CMF\",\"description\":\"Maestros al servicio de la educaci\u00f3n\",\"publisher\":{\"@id\":\"https:\\\/\\\/webdelmaestrocmf.com\\\/portal\\\/#organization\"},\"alternateName\":\"WMCMF\",\"potentialAction\":[{\"@type\":\"SearchAction\",\"target\":{\"@type\":\"EntryPoint\",\"urlTemplate\":\"https:\\\/\\\/webdelmaestrocmf.com\\\/portal\\\/?s={search_term_string}\"},\"query-input\":{\"@type\":\"PropertyValueSpecification\",\"valueRequired\":true,\"valueName\":\"search_term_string\"}}],\"inLanguage\":\"es\"},{\"@type\":\"Organization\",\"@id\":\"https:\\\/\\\/webdelmaestrocmf.com\\\/portal\\\/#organization\",\"name\":\"Web del Maestro CMF\",\"alternateName\":\"WMCMF\",\"url\":\"https:\\\/\\\/webdelmaestrocmf.com\\\/portal\\\/\",\"logo\":{\"@type\":\"ImageObject\",\"inLanguage\":\"es\",\"@id\":\"https:\\\/\\\/webdelmaestrocmf.com\\\/portal\\\/#\\\/schema\\\/logo\\\/image\\\/\",\"url\":\"https:\\\/\\\/webdelmaestrocmf.com\\\/portal\\\/wp-content\\\/uploads\\\/2023\\\/01\\\/logo-wmcmf-2.png\",\"contentUrl\":\"https:\\\/\\\/webdelmaestrocmf.com\\\/portal\\\/wp-content\\\/uploads\\\/2023\\\/01\\\/logo-wmcmf-2.png\",\"width\":200,\"height\":60,\"caption\":\"Web del Maestro CMF\"},\"image\":{\"@id\":\"https:\\\/\\\/webdelmaestrocmf.com\\\/portal\\\/#\\\/schema\\\/logo\\\/image\\\/\"},\"sameAs\":[\"https:\\\/\\\/www.facebook.com\\\/WebdelMaestroCMF\\\/\",\"https:\\\/\\\/x.com\\\/cmf_w\",\"https:\\\/\\\/www.pinterest.com\\\/WMCMF\\\/\",\"https:\\\/\\\/www.linkedin.com\\\/company\\\/web-del-maestro-cmf\\\/\",\"https:\\\/\\\/www.instagram.com\\\/wmcmf\\\/\",\"https:\\\/\\\/www.youtube.com\\\/channel\\\/UCDPSvjbdodE5sHnC3OxutHw\",\"https:\\\/\\\/mastodon.social\\\/@wmcmf\",\"https:\\\/\\\/www.tiktok.com\\\/@webdelmaestrocmf\"]},{\"@type\":\"Person\",\"@id\":\"https:\\\/\\\/webdelmaestrocmf.com\\\/portal\\\/#\\\/schema\\\/person\\\/1072a2ed7bd960df8ef99a551fa35dc5\",\"name\":\"Web del Maestro CMF\",\"image\":{\"@type\":\"ImageObject\",\"inLanguage\":\"es\",\"@id\":\"https:\\\/\\\/secure.gravatar.com\\\/avatar\\\/23291dd5b5ae1077dcff3dbb04c3e02bd28403fa75af6d8787d5e97c5bbbe30b?s=96&d=mm&r=g\",\"url\":\"https:\\\/\\\/secure.gravatar.com\\\/avatar\\\/23291dd5b5ae1077dcff3dbb04c3e02bd28403fa75af6d8787d5e97c5bbbe30b?s=96&d=mm&r=g\",\"contentUrl\":\"https:\\\/\\\/secure.gravatar.com\\\/avatar\\\/23291dd5b5ae1077dcff3dbb04c3e02bd28403fa75af6d8787d5e97c5bbbe30b?s=96&d=mm&r=g\",\"caption\":\"Web del Maestro CMF\"},\"description\":\"Esta Web se cre\u00f3 sin fines de lucro, con fines educativos, cient\u00edficos y acad\u00e9micos, para personas que tengan dificultades y\\\/o inconvenientes en visualizar el material original. El objetivo es entregar recursos, compartir experiencias y materiales que ayuden a los padres de familia, maestros y estudiantes en su actualizaci\u00f3n y formaci\u00f3n permanente, en bien de la Educaci\u00f3n.\",\"sameAs\":[\"http:\\\/\\\/webdelmaestrocmf.com\\\/portal\",\"https:\\\/\\\/www.facebook.com\\\/WebdelMaestroCMF\\\/\",\"https:\\\/\\\/www.instagram.com\\\/wmcmf\\\/\",\"https:\\\/\\\/cl.linkedin.com\\\/company\\\/web-del-maestro-cmf\",\"https:\\\/\\\/www.pinterest.com\\\/WMCMF\\\/publicaciones\\\/\",\"https:\\\/\\\/x.com\\\/cmf_w\",\"https:\\\/\\\/www.youtube.com\\\/@WMCMF\"]}]}<\/script>\n<!-- \/ Yoast SEO plugin. -->","yoast_head_json":{"title":"18 propuestas para lograr un Nuevo Pacto Educativo - 2026","description":"Como padres de familia y profesores \u201cestamos llamados, de alguna manera, a renovar y reintegrar el esfuerzo de todos \u2014 personas e instituciones...","robots":{"index":"index","follow":"follow","max-snippet":"max-snippet:-1","max-image-preview":"max-image-preview:large","max-video-preview":"max-video-preview:-1"},"canonical":"https:\/\/webdelmaestrocmf.com\/portal\/18-propuestas-para-lograr-un-nuevo-pacto-educativo\/","og_locale":"es_ES","og_type":"article","og_title":"18 propuestas para lograr un Nuevo Pacto Educativo - 2026","og_description":"Como padres de familia y profesores \u201cestamos llamados, de alguna manera, a renovar y reintegrar el esfuerzo de todos \u2014 personas e instituciones...","og_url":"https:\/\/webdelmaestrocmf.com\/portal\/18-propuestas-para-lograr-un-nuevo-pacto-educativo\/","og_site_name":"Web del Maestro CMF","article_publisher":"https:\/\/www.facebook.com\/WebdelMaestroCMF\/","article_author":"https:\/\/www.facebook.com\/WebdelMaestroCMF\/","article_published_time":"2020-02-22T22:50:44+00:00","article_modified_time":"2021-12-07T14:15:30+00:00","og_image":[{"width":1100,"height":680,"url":"https:\/\/i0.wp.com\/webdelmaestrocmf.com\/portal\/wp-content\/uploads\/2020\/02\/1-52.jpg?fit=1100%2C680&ssl=1","type":"image\/jpeg"}],"author":"Web del Maestro CMF","twitter_card":"summary_large_image","twitter_creator":"@cmf_w","twitter_site":"@cmf_w","schema":{"@context":"https:\/\/schema.org","@graph":[{"@type":"ScholarlyArticle","@id":"https:\/\/webdelmaestrocmf.com\/portal\/18-propuestas-para-lograr-un-nuevo-pacto-educativo\/#article","isPartOf":{"@id":"https:\/\/webdelmaestrocmf.com\/portal\/18-propuestas-para-lograr-un-nuevo-pacto-educativo\/"},"author":{"name":"Web del Maestro CMF","@id":"https:\/\/webdelmaestrocmf.com\/portal\/#\/schema\/person\/1072a2ed7bd960df8ef99a551fa35dc5"},"headline":"18 propuestas para lograr un Nuevo Pacto Educativo","datePublished":"2020-02-22T22:50:44+00:00","dateModified":"2021-12-07T14:15:30+00:00","mainEntityOfPage":{"@id":"https:\/\/webdelmaestrocmf.com\/portal\/18-propuestas-para-lograr-un-nuevo-pacto-educativo\/"},"wordCount":1047,"commentCount":0,"publisher":{"@id":"https:\/\/webdelmaestrocmf.com\/portal\/#organization"},"image":{"@id":"https:\/\/webdelmaestrocmf.com\/portal\/18-propuestas-para-lograr-un-nuevo-pacto-educativo\/#primaryimage"},"thumbnailUrl":"https:\/\/webdelmaestrocmf.com\/portal\/wp-content\/uploads\/2020\/02\/1-52.jpg","keywords":["EDUCATIVO","LOGRAR","NUEVO","PACTO","PROPUESTAS"],"articleSection":["Yo opino - WMCMF"],"inLanguage":"es","potentialAction":[{"@type":"CommentAction","name":"Comment","target":["https:\/\/webdelmaestrocmf.com\/portal\/18-propuestas-para-lograr-un-nuevo-pacto-educativo\/#respond"]}]},{"@type":"WebPage","@id":"https:\/\/webdelmaestrocmf.com\/portal\/18-propuestas-para-lograr-un-nuevo-pacto-educativo\/","url":"https:\/\/webdelmaestrocmf.com\/portal\/18-propuestas-para-lograr-un-nuevo-pacto-educativo\/","name":"18 propuestas para lograr un Nuevo Pacto Educativo - 2026","isPartOf":{"@id":"https:\/\/webdelmaestrocmf.com\/portal\/#website"},"primaryImageOfPage":{"@id":"https:\/\/webdelmaestrocmf.com\/portal\/18-propuestas-para-lograr-un-nuevo-pacto-educativo\/#primaryimage"},"image":{"@id":"https:\/\/webdelmaestrocmf.com\/portal\/18-propuestas-para-lograr-un-nuevo-pacto-educativo\/#primaryimage"},"thumbnailUrl":"https:\/\/webdelmaestrocmf.com\/portal\/wp-content\/uploads\/2020\/02\/1-52.jpg","datePublished":"2020-02-22T22:50:44+00:00","dateModified":"2021-12-07T14:15:30+00:00","description":"Como padres de familia y profesores \u201cestamos llamados, de alguna manera, a renovar y reintegrar el esfuerzo de todos \u2014 personas e instituciones...","breadcrumb":{"@id":"https:\/\/webdelmaestrocmf.com\/portal\/18-propuestas-para-lograr-un-nuevo-pacto-educativo\/#breadcrumb"},"inLanguage":"es","potentialAction":[{"@type":"ReadAction","target":["https:\/\/webdelmaestrocmf.com\/portal\/18-propuestas-para-lograr-un-nuevo-pacto-educativo\/"]}]},{"@type":"ImageObject","inLanguage":"es","@id":"https:\/\/webdelmaestrocmf.com\/portal\/18-propuestas-para-lograr-un-nuevo-pacto-educativo\/#primaryimage","url":"https:\/\/webdelmaestrocmf.com\/portal\/wp-content\/uploads\/2020\/02\/1-52.jpg","contentUrl":"https:\/\/webdelmaestrocmf.com\/portal\/wp-content\/uploads\/2020\/02\/1-52.jpg","width":1100,"height":680},{"@type":"BreadcrumbList","@id":"https:\/\/webdelmaestrocmf.com\/portal\/18-propuestas-para-lograr-un-nuevo-pacto-educativo\/#breadcrumb","itemListElement":[{"@type":"ListItem","position":1,"name":"Portada","item":"https:\/\/webdelmaestrocmf.com\/portal\/"},{"@type":"ListItem","position":2,"name":"Yo opino - WMCMF","item":"https:\/\/webdelmaestrocmf.com\/portal\/category\/jamb\/"},{"@type":"ListItem","position":3,"name":"18 propuestas para lograr un Nuevo Pacto Educativo"}]},{"@type":"WebSite","@id":"https:\/\/webdelmaestrocmf.com\/portal\/#website","url":"https:\/\/webdelmaestrocmf.com\/portal\/","name":"Web del Maestro CMF","description":"Maestros al servicio de la educaci\u00f3n","publisher":{"@id":"https:\/\/webdelmaestrocmf.com\/portal\/#organization"},"alternateName":"WMCMF","potentialAction":[{"@type":"SearchAction","target":{"@type":"EntryPoint","urlTemplate":"https:\/\/webdelmaestrocmf.com\/portal\/?s={search_term_string}"},"query-input":{"@type":"PropertyValueSpecification","valueRequired":true,"valueName":"search_term_string"}}],"inLanguage":"es"},{"@type":"Organization","@id":"https:\/\/webdelmaestrocmf.com\/portal\/#organization","name":"Web del Maestro CMF","alternateName":"WMCMF","url":"https:\/\/webdelmaestrocmf.com\/portal\/","logo":{"@type":"ImageObject","inLanguage":"es","@id":"https:\/\/webdelmaestrocmf.com\/portal\/#\/schema\/logo\/image\/","url":"https:\/\/webdelmaestrocmf.com\/portal\/wp-content\/uploads\/2023\/01\/logo-wmcmf-2.png","contentUrl":"https:\/\/webdelmaestrocmf.com\/portal\/wp-content\/uploads\/2023\/01\/logo-wmcmf-2.png","width":200,"height":60,"caption":"Web del Maestro CMF"},"image":{"@id":"https:\/\/webdelmaestrocmf.com\/portal\/#\/schema\/logo\/image\/"},"sameAs":["https:\/\/www.facebook.com\/WebdelMaestroCMF\/","https:\/\/x.com\/cmf_w","https:\/\/www.pinterest.com\/WMCMF\/","https:\/\/www.linkedin.com\/company\/web-del-maestro-cmf\/","https:\/\/www.instagram.com\/wmcmf\/","https:\/\/www.youtube.com\/channel\/UCDPSvjbdodE5sHnC3OxutHw","https:\/\/mastodon.social\/@wmcmf","https:\/\/www.tiktok.com\/@webdelmaestrocmf"]},{"@type":"Person","@id":"https:\/\/webdelmaestrocmf.com\/portal\/#\/schema\/person\/1072a2ed7bd960df8ef99a551fa35dc5","name":"Web del Maestro CMF","image":{"@type":"ImageObject","inLanguage":"es","@id":"https:\/\/secure.gravatar.com\/avatar\/23291dd5b5ae1077dcff3dbb04c3e02bd28403fa75af6d8787d5e97c5bbbe30b?s=96&d=mm&r=g","url":"https:\/\/secure.gravatar.com\/avatar\/23291dd5b5ae1077dcff3dbb04c3e02bd28403fa75af6d8787d5e97c5bbbe30b?s=96&d=mm&r=g","contentUrl":"https:\/\/secure.gravatar.com\/avatar\/23291dd5b5ae1077dcff3dbb04c3e02bd28403fa75af6d8787d5e97c5bbbe30b?s=96&d=mm&r=g","caption":"Web del Maestro CMF"},"description":"Esta Web se cre\u00f3 sin fines de lucro, con fines educativos, cient\u00edficos y acad\u00e9micos, para personas que tengan dificultades y\/o inconvenientes en visualizar el material original. El objetivo es entregar recursos, compartir experiencias y materiales que ayuden a los padres de familia, maestros y estudiantes en su actualizaci\u00f3n y formaci\u00f3n permanente, en bien de la Educaci\u00f3n.","sameAs":["http:\/\/webdelmaestrocmf.com\/portal","https:\/\/www.facebook.com\/WebdelMaestroCMF\/","https:\/\/www.instagram.com\/wmcmf\/","https:\/\/cl.linkedin.com\/company\/web-del-maestro-cmf","https:\/\/www.pinterest.com\/WMCMF\/publicaciones\/","https:\/\/x.com\/cmf_w","https:\/\/www.youtube.com\/@WMCMF"]}]}},"jetpack_featured_media_url":"https:\/\/webdelmaestrocmf.com\/portal\/wp-content\/uploads\/2020\/02\/1-52.jpg","jetpack_sharing_enabled":true,"jetpack-related-posts":[{"id":113019,"url":"https:\/\/webdelmaestrocmf.com\/portal\/papa-leon-xiv-necesitamos-ensenar-a-los-jovenes-a-no-dejarse-manipular-ni-por-el-egoismo-ni-por-la-tecnologia\/","url_meta":{"origin":44578,"position":0},"title":"Papa Le\u00f3n XIV: Necesitamos ense\u00f1ar a los j\u00f3venes a no dejarse manipular ni por el ego\u00edsmo, ni por la tecnolog\u00eda","author":"Web del Maestro CMF","date":"1 noviembre, 2025","format":false,"excerpt":"Los tres retos de la Educaci\u00f3n de hoy: El Pacto Educativo Global, la Educaci\u00f3n Digital y la Educaci\u00f3n para la paz","rel":"","context":"En \u00abMundo cart\u00f3lico\u00bb","block_context":{"text":"Mundo cart\u00f3lico","link":"https:\/\/webdelmaestrocmf.com\/portal\/category\/pastoral\/"},"img":{"alt_text":"","src":"https:\/\/i0.wp.com\/webdelmaestrocmf.com\/portal\/wp-content\/uploads\/2025\/11\/1A-Banner-1-portada-imagen-10-1-copia-7.webp?resize=350%2C200&ssl=1","width":350,"height":200,"srcset":"https:\/\/i0.wp.com\/webdelmaestrocmf.com\/portal\/wp-content\/uploads\/2025\/11\/1A-Banner-1-portada-imagen-10-1-copia-7.webp?resize=350%2C200&ssl=1 1x, https:\/\/i0.wp.com\/webdelmaestrocmf.com\/portal\/wp-content\/uploads\/2025\/11\/1A-Banner-1-portada-imagen-10-1-copia-7.webp?resize=525%2C300&ssl=1 1.5x, https:\/\/i0.wp.com\/webdelmaestrocmf.com\/portal\/wp-content\/uploads\/2025\/11\/1A-Banner-1-portada-imagen-10-1-copia-7.webp?resize=700%2C400&ssl=1 2x"},"classes":[]},{"id":52154,"url":"https:\/\/webdelmaestrocmf.com\/portal\/las-cuatro-jornadas-educativas-de-hacia-el-pacto-educativo-global-videos\/","url_meta":{"origin":44578,"position":1},"title":"Las cuatro jornadas Educativas de \u00abHacia el Pacto Educativo Global\u00bb (videos)","author":"Web del Maestro CMF","date":"26 septiembre, 2020","format":false,"excerpt":"La Di\u00f3cesis de Quilmes (Argentina) organiz\u00f3 del 01 al 04 de setiembre de 2020, un Espacio de Formaci\u00f3n y Reflexi\u00f3n para Educadores Cat\u00f3licos teniendo como base la propuesta del Papa Francisco: Hacia el Pacto Educativo Global, transmitidas por el canal de YouTube de la di\u00f3cesis. Y ha tenido la generosa\u2026","rel":"","context":"En \u00abYo opino - WMCMF\u00bb","block_context":{"text":"Yo opino - WMCMF","link":"https:\/\/webdelmaestrocmf.com\/portal\/category\/jamb\/"},"img":{"alt_text":"","src":"https:\/\/i0.wp.com\/webdelmaestrocmf.com\/portal\/wp-content\/uploads\/2020\/09\/1-copia-101.jpg?resize=350%2C200&ssl=1","width":350,"height":200,"srcset":"https:\/\/i0.wp.com\/webdelmaestrocmf.com\/portal\/wp-content\/uploads\/2020\/09\/1-copia-101.jpg?resize=350%2C200&ssl=1 1x, https:\/\/i0.wp.com\/webdelmaestrocmf.com\/portal\/wp-content\/uploads\/2020\/09\/1-copia-101.jpg?resize=525%2C300&ssl=1 1.5x, https:\/\/i0.wp.com\/webdelmaestrocmf.com\/portal\/wp-content\/uploads\/2020\/09\/1-copia-101.jpg?resize=700%2C400&ssl=1 2x, https:\/\/i0.wp.com\/webdelmaestrocmf.com\/portal\/wp-content\/uploads\/2020\/09\/1-copia-101.jpg?resize=1050%2C600&ssl=1 3x"},"classes":[]},{"id":89700,"url":"https:\/\/webdelmaestrocmf.com\/portal\/siete-itinerarios-educativos-para-romper-los-determinismos-y-fatalismos-que-quieren-imponerse-en-la-educacion\/","url_meta":{"origin":44578,"position":2},"title":"Siete itinerarios educativos para romper los determinismos y fatalismos que quieren imponerse en la educaci\u00f3n","author":"Web del Maestro CMF","date":"30 mayo, 2023","format":false,"excerpt":"El Banco Mundial, UNICEF, UNESCO y los pa\u00edses de Am\u00e9rica Latina y el Caribe, est\u00e1n comprometidos unirse para superar las carencias educativas que la pandemia del Covid 19 la ha convertido en \u201ccat\u00e1strofe\u201d y que afectar\u00e1 presente y el futuro de millones de ni\u00f1os y j\u00f3venes de la regi\u00f3n, los\u2026","rel":"","context":"En \u00abYo opino - WMCMF\u00bb","block_context":{"text":"Yo opino - WMCMF","link":"https:\/\/webdelmaestrocmf.com\/portal\/category\/jamb\/"},"img":{"alt_text":"","src":"https:\/\/i0.wp.com\/webdelmaestrocmf.com\/portal\/wp-content\/uploads\/2023\/05\/A12B3C4D-2023-05-31T225904.420.jpg?resize=350%2C200&ssl=1","width":350,"height":200,"srcset":"https:\/\/i0.wp.com\/webdelmaestrocmf.com\/portal\/wp-content\/uploads\/2023\/05\/A12B3C4D-2023-05-31T225904.420.jpg?resize=350%2C200&ssl=1 1x, https:\/\/i0.wp.com\/webdelmaestrocmf.com\/portal\/wp-content\/uploads\/2023\/05\/A12B3C4D-2023-05-31T225904.420.jpg?resize=525%2C300&ssl=1 1.5x, https:\/\/i0.wp.com\/webdelmaestrocmf.com\/portal\/wp-content\/uploads\/2023\/05\/A12B3C4D-2023-05-31T225904.420.jpg?resize=700%2C400&ssl=1 2x"},"classes":[]},{"id":42424,"url":"https:\/\/webdelmaestrocmf.com\/portal\/papa-francisco-convoca-a-una-reunion-mundial-para-reconstruir-el-pacto-educativo-global\/","url_meta":{"origin":44578,"position":3},"title":"Papa Francisco convoca a una reuni\u00f3n mundial para reconstruir el pacto educativo global","author":"Web del Maestro CMF","date":"5 diciembre, 2019","format":false,"excerpt":"Para el 14 de mayo del 2020, el Papa Francisco ha convocado a Roma una reuni\u00f3n para comprender mejor la urgencia de los desaf\u00edos educativos, que debe ser estudiada y afrontada por una comunidad unida, que suma esfuerzos. Ese d\u00eda, espera el Papa, \u201cse encontrar\u00e1n \u00abtodos aquellos que, de diversos\u2026","rel":"","context":"En \u00abMundo cart\u00f3lico\u00bb","block_context":{"text":"Mundo cart\u00f3lico","link":"https:\/\/webdelmaestrocmf.com\/portal\/category\/pastoral\/"},"img":{"alt_text":"","src":"https:\/\/i0.wp.com\/webdelmaestrocmf.com\/portal\/wp-content\/uploads\/2019\/12\/1-14.jpg?resize=350%2C200&ssl=1","width":350,"height":200,"srcset":"https:\/\/i0.wp.com\/webdelmaestrocmf.com\/portal\/wp-content\/uploads\/2019\/12\/1-14.jpg?resize=350%2C200&ssl=1 1x, https:\/\/i0.wp.com\/webdelmaestrocmf.com\/portal\/wp-content\/uploads\/2019\/12\/1-14.jpg?resize=525%2C300&ssl=1 1.5x, https:\/\/i0.wp.com\/webdelmaestrocmf.com\/portal\/wp-content\/uploads\/2019\/12\/1-14.jpg?resize=700%2C400&ssl=1 2x, https:\/\/i0.wp.com\/webdelmaestrocmf.com\/portal\/wp-content\/uploads\/2019\/12\/1-14.jpg?resize=1050%2C600&ssl=1 3x"},"classes":[]},{"id":52591,"url":"https:\/\/webdelmaestrocmf.com\/portal\/diferencias-entreesquema-mapa-conceptual-y-mapa-mental\/","url_meta":{"origin":44578,"position":4},"title":"Invitados a un encuentro virtual (gratuito) para reavivar el compromiso por una educaci\u00f3n m\u00e1s abierta e incluyente","author":"Web del Maestro CMF","date":"6 octubre, 2020","format":false,"excerpt":"La importancia de un di\u00e1logo \u201csobre el modo \u201cen que estamos construyendo el futuro de nuestra casa com\u00fan, pasa un se\u00f1alar un camino educativo que ense\u00f1e aprender, instaurar, practicar y defender una nueva solidaridad universal con subsidiaridad. La educaci\u00f3n es un camino excelente para tender puentes, en medio de esta\u2026","rel":"","context":"En \u00abINTER\u00c9S\u00bb","block_context":{"text":"INTER\u00c9S","link":"https:\/\/webdelmaestrocmf.com\/portal\/category\/noticias-educacion\/"},"img":{"alt_text":"","src":"https:\/\/i0.wp.com\/webdelmaestrocmf.com\/portal\/wp-content\/uploads\/2020\/10\/1-38.jpg?resize=350%2C200&ssl=1","width":350,"height":200,"srcset":"https:\/\/i0.wp.com\/webdelmaestrocmf.com\/portal\/wp-content\/uploads\/2020\/10\/1-38.jpg?resize=350%2C200&ssl=1 1x, https:\/\/i0.wp.com\/webdelmaestrocmf.com\/portal\/wp-content\/uploads\/2020\/10\/1-38.jpg?resize=525%2C300&ssl=1 1.5x, https:\/\/i0.wp.com\/webdelmaestrocmf.com\/portal\/wp-content\/uploads\/2020\/10\/1-38.jpg?resize=700%2C400&ssl=1 2x, https:\/\/i0.wp.com\/webdelmaestrocmf.com\/portal\/wp-content\/uploads\/2020\/10\/1-38.jpg?resize=1050%2C600&ssl=1 3x"},"classes":[]},{"id":27151,"url":"https:\/\/webdelmaestrocmf.com\/portal\/un-pacto-por-la-educacion-en-equipo-para-padres-y-profesores\/","url_meta":{"origin":44578,"position":5},"title":"Un pacto por la educaci\u00f3n en equipo para padres y profesores","author":"Web del Maestro CMF","date":"7 diciembre, 2019","format":"video","excerpt":"La licenciada en psic\u00f3loga y experta en inteligencias m\u00faltiples y emocionales, Bego\u00f1a Ibarrola, particip\u00f3 en el encuentro \u201cPacto por la Educaci\u00f3n en Equipo\u201d (Madrid, Espa\u00f1a 04\/2017) organizada por \u201cGestionando Hijos\u201d y la editorial SM, y lo hizo afirmando que \u201cla educaci\u00f3n en valores nos anima a caminar juntos a padres,\u2026","rel":"","context":"En \u00abVideo I\u00bb","block_context":{"text":"Video I","link":"https:\/\/webdelmaestrocmf.com\/portal\/category\/video\/"},"img":{"alt_text":"","src":"https:\/\/i0.wp.com\/webdelmaestrocmf.com\/portal\/wp-content\/uploads\/2018\/04\/1-32.jpg?resize=350%2C200&ssl=1","width":350,"height":200,"srcset":"https:\/\/i0.wp.com\/webdelmaestrocmf.com\/portal\/wp-content\/uploads\/2018\/04\/1-32.jpg?resize=350%2C200&ssl=1 1x, https:\/\/i0.wp.com\/webdelmaestrocmf.com\/portal\/wp-content\/uploads\/2018\/04\/1-32.jpg?resize=525%2C300&ssl=1 1.5x, https:\/\/i0.wp.com\/webdelmaestrocmf.com\/portal\/wp-content\/uploads\/2018\/04\/1-32.jpg?resize=700%2C400&ssl=1 2x, https:\/\/i0.wp.com\/webdelmaestrocmf.com\/portal\/wp-content\/uploads\/2018\/04\/1-32.jpg?resize=1050%2C600&ssl=1 3x"},"classes":[]}],"_links":{"self":[{"href":"https:\/\/webdelmaestrocmf.com\/portal\/wp-json\/wp\/v2\/posts\/44578","targetHints":{"allow":["GET"]}}],"collection":[{"href":"https:\/\/webdelmaestrocmf.com\/portal\/wp-json\/wp\/v2\/posts"}],"about":[{"href":"https:\/\/webdelmaestrocmf.com\/portal\/wp-json\/wp\/v2\/types\/post"}],"author":[{"embeddable":true,"href":"https:\/\/webdelmaestrocmf.com\/portal\/wp-json\/wp\/v2\/users\/1"}],"replies":[{"embeddable":true,"href":"https:\/\/webdelmaestrocmf.com\/portal\/wp-json\/wp\/v2\/comments?post=44578"}],"version-history":[{"count":0,"href":"https:\/\/webdelmaestrocmf.com\/portal\/wp-json\/wp\/v2\/posts\/44578\/revisions"}],"wp:featuredmedia":[{"embeddable":true,"href":"https:\/\/webdelmaestrocmf.com\/portal\/wp-json\/wp\/v2\/media\/44579"}],"wp:attachment":[{"href":"https:\/\/webdelmaestrocmf.com\/portal\/wp-json\/wp\/v2\/media?parent=44578"}],"wp:term":[{"taxonomy":"category","embeddable":true,"href":"https:\/\/webdelmaestrocmf.com\/portal\/wp-json\/wp\/v2\/categories?post=44578"},{"taxonomy":"post_tag","embeddable":true,"href":"https:\/\/webdelmaestrocmf.com\/portal\/wp-json\/wp\/v2\/tags?post=44578"}],"curies":[{"name":"wp","href":"https:\/\/api.w.org\/{rel}","templated":true}]}}