{"id":44319,"date":"2020-02-15T17:28:45","date_gmt":"2020-02-15T20:28:45","guid":{"rendered":"https:\/\/webdelmaestrocmf.com\/portal\/?p=44319"},"modified":"2020-07-24T22:24:03","modified_gmt":"2020-07-25T02:24:03","slug":"si-usted-no-cree-en-la-necesidad-de-la-formacion-permanente-no-sirve-para-ser-docente-parte-final","status":"publish","type":"post","link":"https:\/\/webdelmaestrocmf.com\/portal\/si-usted-no-cree-en-la-necesidad-de-la-formacion-permanente-no-sirve-para-ser-docente-parte-final\/","title":{"rendered":"Si usted no cree en la necesidad de la formaci\u00f3n permanente, no sirve para ser docente (Parte final)"},"content":{"rendered":"<h5 style=\"text-align: justify;\">Hasta aqu\u00ed hemos visto que \u201clos profesores tenemos que <strong>estar atentos a los cambios, porque no somos piezas de museo, sino seres humanos <\/strong>\u2013 con valores y trascendencia- que asumimos ser corresponsables de la generaci\u00f3n, crecimiento y estabilizaci\u00f3n de \u201c<strong>una escuela <\/strong>abierta para todos los alumnos, ya sea que vivan en una peque\u00f1a poblaci\u00f3n rural o en grandes urbes, lo que permitir\u00eda una <strong>mayor equidad social<\/strong>\u201d (I PARTE).\u00a0 En la II PARTE consideramos que <strong>nuestra tarea docente no es de espectadores pasivos, <\/strong>sino de facilitadores del descubrimiento de nuevos itinerarios pedag\u00f3gicos, que nos impulsa a \u201cuna <strong>formaci\u00f3n permanente buscada, deseada, acariciada y val<\/strong>orada, porque la idea de que los profesores tienen todas las respuestas y por eso lideran el aprendizaje ya no sirve, &#8230;\u201d (III PARTE). Y ahora nos toca clarificar nuestra responsabilidad que va m\u00e1s all\u00e1 de transmitir \u00fanicamente conocimientos.<\/h5>\n<p><!--more--><\/p>\n<p style=\"text-align: justify;\">Si bien <strong>los valores y el comportamiento \u00e9tico<\/strong> se aprenden casa, los profesores tenemos una funci\u00f3n important\u00edsima en este aspecto, pues <strong>ayudamos a que se consolide la conciencia moral y el comportamiento \u00e9tico<\/strong> de nuestros estudiantes, especialmente frente a las TIC. Los profesores influimos de manera especial en la formaci\u00f3n de ideas, actitudes y modos de interpretar la realidad. Es necesario tambi\u00e9n reconocer que <strong>nadie da lo que no tiene<\/strong>, es decir, que\u00a0<strong>ning\u00fan profesor ense\u00f1ar\u00e1 un valor que ni \u00e9l mismo profesa<\/strong> o se encuentra en su persona, pero que no es dif\u00edcil adquirir con un poco de voluntad, con el deseo de una formaci\u00f3n permanente. <a href=\"https:\/\/webdelmaestrocmf.com\/portal\/profesor-la-clave-va-la-principal-via-inculcar-valores-al-modelo-educativo\/\" target=\"_blank\" rel=\"noopener noreferrer\"><strong>EL PROFESOR ES LA CLAVE, VA A SER LA PRINCIPAL V\u00cdA PARA INCULCAR VALORES, AL SER UN MODELO EDUCATIVO.<\/strong><\/a><\/p>\n<p style=\"text-align: justify;\"><img loading=\"lazy\" decoding=\"async\" class=\"alignnone size-full wp-image-44326\" src=\"https:\/\/webdelmaestrocmf.com\/portal\/wp-content\/uploads\/2020\/02\/6.jpg\" alt=\"\" width=\"900\" height=\"900\" srcset=\"https:\/\/webdelmaestrocmf.com\/portal\/wp-content\/uploads\/2020\/02\/6.jpg 900w, https:\/\/webdelmaestrocmf.com\/portal\/wp-content\/uploads\/2020\/02\/6-300x300.jpg 300w, https:\/\/webdelmaestrocmf.com\/portal\/wp-content\/uploads\/2020\/02\/6-150x150.jpg 150w, https:\/\/webdelmaestrocmf.com\/portal\/wp-content\/uploads\/2020\/02\/6-768x768.jpg 768w, https:\/\/webdelmaestrocmf.com\/portal\/wp-content\/uploads\/2020\/02\/6-80x80.jpg 80w, https:\/\/webdelmaestrocmf.com\/portal\/wp-content\/uploads\/2020\/02\/6-110x110.jpg 110w, https:\/\/webdelmaestrocmf.com\/portal\/wp-content\/uploads\/2020\/02\/6-200x200.jpg 200w, https:\/\/webdelmaestrocmf.com\/portal\/wp-content\/uploads\/2020\/02\/6-380x380.jpg 380w, https:\/\/webdelmaestrocmf.com\/portal\/wp-content\/uploads\/2020\/02\/6-255x255.jpg 255w, https:\/\/webdelmaestrocmf.com\/portal\/wp-content\/uploads\/2020\/02\/6-550x550.jpg 550w, https:\/\/webdelmaestrocmf.com\/portal\/wp-content\/uploads\/2020\/02\/6-800x800.jpg 800w\" sizes=\"auto, (max-width: 900px) 100vw, 900px\" \/><\/p>\n<p style=\"text-align: justify;\">Y para responder precisa y convenientemente a esas expectativas, los\u00a0 profesores tenemos que ser <strong>formados con \u201clos m\u00e1s altos est\u00e1ndares cualitativos, en todos los niveles acad\u00e9micos\u201d<\/strong>, de tal manera que desde esos cimientos se construya d\u00eda a d\u00eda nuevos itinerarios pedag\u00f3gico con entusiasmo, creatividad y trabajo en equipo. El Papa Francisco ha reiterado que <strong>los profesores somos \u201cartesanos\u201d de las futuras generaciones<\/strong>, que supone una \u201cgran responsabilidad\u201d, que nos exige \u201csaber, paciencia y dedicaci\u00f3n\u201d, pues vamos d\u00eda a d\u00eda,\u00a0 clase a clase \u201c<strong>transmitiendo un modo de ser que se transforma en riqueza, no material, sino inmaterial, se va creando al hombre y mujer del ma\u00f1ana\u201d <\/strong>(05\/02\/2020).<\/p>\n<p style=\"text-align: justify;\">Art\u00edculo relacionado:<a href=\"https:\/\/webdelmaestrocmf.com\/portal\/si-usted-no-cree-en-la-necesidad-de-la-formacion-permanente-no-sirve-para-ser-docente-i-parte\/\" target=\"_blank\" rel=\"noopener noreferrer\"> <strong>SI USTED NO CREE EN LA NECESIDAD DE LA FORMACI\u00d3N PERMANENTE, NO SIRVE PARA SER DOCENTE (I PARTE)<\/strong><\/a><\/p>\n<p><img loading=\"lazy\" decoding=\"async\" class=\"alignnone size-full wp-image-44321\" src=\"https:\/\/webdelmaestrocmf.com\/portal\/wp-content\/uploads\/2020\/02\/1-33.jpg\" alt=\"\" width=\"900\" height=\"900\" srcset=\"https:\/\/webdelmaestrocmf.com\/portal\/wp-content\/uploads\/2020\/02\/1-33.jpg 900w, https:\/\/webdelmaestrocmf.com\/portal\/wp-content\/uploads\/2020\/02\/1-33-300x300.jpg 300w, https:\/\/webdelmaestrocmf.com\/portal\/wp-content\/uploads\/2020\/02\/1-33-150x150.jpg 150w, https:\/\/webdelmaestrocmf.com\/portal\/wp-content\/uploads\/2020\/02\/1-33-768x768.jpg 768w, https:\/\/webdelmaestrocmf.com\/portal\/wp-content\/uploads\/2020\/02\/1-33-80x80.jpg 80w, https:\/\/webdelmaestrocmf.com\/portal\/wp-content\/uploads\/2020\/02\/1-33-110x110.jpg 110w, https:\/\/webdelmaestrocmf.com\/portal\/wp-content\/uploads\/2020\/02\/1-33-200x200.jpg 200w, https:\/\/webdelmaestrocmf.com\/portal\/wp-content\/uploads\/2020\/02\/1-33-380x380.jpg 380w, https:\/\/webdelmaestrocmf.com\/portal\/wp-content\/uploads\/2020\/02\/1-33-255x255.jpg 255w, https:\/\/webdelmaestrocmf.com\/portal\/wp-content\/uploads\/2020\/02\/1-33-550x550.jpg 550w, https:\/\/webdelmaestrocmf.com\/portal\/wp-content\/uploads\/2020\/02\/1-33-800x800.jpg 800w\" sizes=\"auto, (max-width: 900px) 100vw, 900px\" \/><\/p>\n<p style=\"text-align: justify;\">Para el Profesor Fernando Savater esta\u00a0 educaci\u00f3n humanizadora e integral <strong>est\u00e1 ligada \u00edntimamente a la acci\u00f3n humana, a la \u00e9tica<\/strong>; pues ense\u00f1ar a aprender \u201cno es una cuesti\u00f3n de dedicarse a hacer grandes reflexiones entre las personas adultas, <strong>que si no han sido educadas en los valores fundamentales<\/strong>, es muy dif\u00edcil que luego vayan a descubrirlos por s\u00ed mismas cuando est\u00e1n cay\u00e9ndose de viejas\u201d. Y afirma que \u201c<strong>la educaci\u00f3n es el momento adecuado de la \u00e9tica. <\/strong>De hecho, el propio Arist\u00f3teles, cuando escribe la \u00c9tica a Nic\u00f3maco, la concibe como algo de lo cual hay que hablar a los j\u00f3venes \u2014hasta que tengan la edad suficiente para entrar en el mundo de la pol\u00edtica\u2014, como una preparaci\u00f3n necesaria para entrar en el mundo de la ciudadan\u00eda&#8230;\u201d. <a href=\"http:\/\/www.saber.ula.ve\/handle\/123456789\/19406\" target=\"_blank\" rel=\"noopener noreferrer\"><strong>LA EDUCACI\u00d3N ES EL MOMENTO ADECUADO DE LA \u00c9TICA.<\/strong><\/a><\/p>\n<p><img loading=\"lazy\" decoding=\"async\" class=\"alignnone size-full wp-image-44330\" src=\"https:\/\/webdelmaestrocmf.com\/portal\/wp-content\/uploads\/2020\/02\/10.jpg\" alt=\"\" width=\"1080\" height=\"1080\" srcset=\"https:\/\/webdelmaestrocmf.com\/portal\/wp-content\/uploads\/2020\/02\/10.jpg 1080w, https:\/\/webdelmaestrocmf.com\/portal\/wp-content\/uploads\/2020\/02\/10-300x300.jpg 300w, https:\/\/webdelmaestrocmf.com\/portal\/wp-content\/uploads\/2020\/02\/10-1024x1024.jpg 1024w, https:\/\/webdelmaestrocmf.com\/portal\/wp-content\/uploads\/2020\/02\/10-150x150.jpg 150w, https:\/\/webdelmaestrocmf.com\/portal\/wp-content\/uploads\/2020\/02\/10-768x768.jpg 768w, https:\/\/webdelmaestrocmf.com\/portal\/wp-content\/uploads\/2020\/02\/10-80x80.jpg 80w, https:\/\/webdelmaestrocmf.com\/portal\/wp-content\/uploads\/2020\/02\/10-110x110.jpg 110w, https:\/\/webdelmaestrocmf.com\/portal\/wp-content\/uploads\/2020\/02\/10-200x200.jpg 200w, https:\/\/webdelmaestrocmf.com\/portal\/wp-content\/uploads\/2020\/02\/10-380x380.jpg 380w, https:\/\/webdelmaestrocmf.com\/portal\/wp-content\/uploads\/2020\/02\/10-255x255.jpg 255w, https:\/\/webdelmaestrocmf.com\/portal\/wp-content\/uploads\/2020\/02\/10-550x550.jpg 550w, https:\/\/webdelmaestrocmf.com\/portal\/wp-content\/uploads\/2020\/02\/10-800x800.jpg 800w\" sizes=\"auto, (max-width: 1080px) 100vw, 1080px\" \/><\/p>\n<p style=\"text-align: justify;\">Las profesoras Olga Casanova y Lourdes Bazarra. Sostienen en su libro \u2018La escuela ya no es un lugar\u2019, que <strong>el sistema cl\u00e1sico del proceso ense\u00f1anza \u2013 aprendizaje no da m\u00e1s de s\u00ed, y que est\u00e1 exigiendo un cambio de paradigma inmediato.<\/strong> Los estudiantes que tenemos hoy en las aulas <strong>son agentes activos de su educaci\u00f3n<\/strong>, que m\u00e1s que recibir informaci\u00f3n nos exigen ofrecerles insumos cognitivos para manipularlos, reflexionarlos, discutirlos, cuestionarlos, &#8230; y contando con la asistencia y acompa\u00f1amiento de la\u00a0 Inteligencia Artificial\u00a0 que les <strong>provee elementos de an\u00e1lisis para el diagn\u00f3stico cognitivo y personalizado<\/strong>, estilos de aprendizaje, desempe\u00f1o, perfiles psicosociol\u00f3gicos y motivaciones. Esto nos exige, como profesores, estar dispuestos cambiar, a buscar nuevas rutas de ense\u00f1anza, a \u201cimplementar <strong>modelos de aprendizaje<\/strong> adaptados seg\u00fan las necesidades de cada estudiante\u00bb, <strong>el uso de algoritmos<\/strong> en el aula que podr\u00edan ayudar a detectar posibles d\u00e9ficits de ense\u00f1anza y brindar informaci\u00f3n en tiempo real para orientar a los alumnos y <strong>desarrollar tutor\u00edas digitales personalizadas<\/strong>. <a href=\"https:\/\/www.lanacion.com.ar\/opinion\/universidades-como-ensenar-en-el-mundo-que-viene-nid2308545\" target=\"_blank\" rel=\"noopener noreferrer\"><strong>UNIVERSIDADES. C\u00d3MO ENSE\u00d1AR EN EL MUNDO QUE VIENE.<\/strong><\/a><\/p>\n<p><img loading=\"lazy\" decoding=\"async\" class=\"alignnone size-full wp-image-44328\" src=\"https:\/\/webdelmaestrocmf.com\/portal\/wp-content\/uploads\/2020\/02\/8.jpg\" alt=\"\" width=\"1080\" height=\"1080\" srcset=\"https:\/\/webdelmaestrocmf.com\/portal\/wp-content\/uploads\/2020\/02\/8.jpg 1080w, https:\/\/webdelmaestrocmf.com\/portal\/wp-content\/uploads\/2020\/02\/8-300x300.jpg 300w, https:\/\/webdelmaestrocmf.com\/portal\/wp-content\/uploads\/2020\/02\/8-1024x1024.jpg 1024w, https:\/\/webdelmaestrocmf.com\/portal\/wp-content\/uploads\/2020\/02\/8-150x150.jpg 150w, https:\/\/webdelmaestrocmf.com\/portal\/wp-content\/uploads\/2020\/02\/8-768x768.jpg 768w, https:\/\/webdelmaestrocmf.com\/portal\/wp-content\/uploads\/2020\/02\/8-80x80.jpg 80w, https:\/\/webdelmaestrocmf.com\/portal\/wp-content\/uploads\/2020\/02\/8-110x110.jpg 110w, https:\/\/webdelmaestrocmf.com\/portal\/wp-content\/uploads\/2020\/02\/8-200x200.jpg 200w, https:\/\/webdelmaestrocmf.com\/portal\/wp-content\/uploads\/2020\/02\/8-380x380.jpg 380w, https:\/\/webdelmaestrocmf.com\/portal\/wp-content\/uploads\/2020\/02\/8-255x255.jpg 255w, https:\/\/webdelmaestrocmf.com\/portal\/wp-content\/uploads\/2020\/02\/8-550x550.jpg 550w, https:\/\/webdelmaestrocmf.com\/portal\/wp-content\/uploads\/2020\/02\/8-800x800.jpg 800w\" sizes=\"auto, (max-width: 1080px) 100vw, 1080px\" \/><\/p>\n<p style=\"text-align: justify;\">Art\u00edculo relacionado: <a href=\"https:\/\/webdelmaestrocmf.com\/portal\/si-usted-no-cree-en-la-necesidad-de-la-formacion-permanente-no-sirve-para-ser-docente-ii-parte\/\" target=\"_blank\" rel=\"noopener noreferrer\"><strong>SI USTED NO CREE EN LA NECESIDAD DE LA FORMACI\u00d3N PERMANENTE, NO SIRVE PARA SER DOCENTE (II PARTE).<\/strong><\/a><\/p>\n<p style=\"text-align: justify;\">Los profesores sabemos que \u201c<strong>las tecnolog\u00edas son un elemento m\u00e1s<\/strong> de la compleja red de actores que conforman la interfaz educativa. <strong>Las tecnolog\u00edas pueden abrir nuevos procesos<\/strong> o consolidar las formas m\u00e1s arcaicas de transmisi\u00f3n del conocimiento. <strong>Lo importante no es la tecnolog\u00eda<\/strong>, sino <strong>cambiar los procesos educativos<\/strong>\u00bb (Mariano Fern\u00e1ndez Enguita). El Profesor Alex Beard nos invita a los profesores a <strong>ense\u00f1ar a aprender m\u00e1s que a saber<\/strong>, \u201cporque el aprendizaje es nuestro superpoder, que libera nuestro potencial innato\u201d, y que \u201clos modelos educativos lo limitan con demasiada frecuencia porque <strong>conciben nuestra mente como un ordenador<\/strong> al que hay que suministrarle informaci\u00f3n y, por tanto, reducen esa capacidad de aprender\u201d. <a href=\"https:\/\/webdelmaestrocmf.com\/portal\/alex-beard-la-memoria-del-cerebro-es-muy-importante-para-la-creatividad-el-pensamiento-critico-y-trabajar-con-las-nuevas-tecnologias\/\" target=\"_blank\" rel=\"noopener noreferrer\"><strong>ALEX BEARD: LA MEMORIA DEL CEREBRO ES MUY IMPORTANTE PARA LA CREATIVIDAD, EL PENSAMIENTO CR\u00cdTICO Y TRABAJAR CON LAS NUEVAS TECNOLOG\u00cdAS.<\/strong><\/a><\/p>\n<p><img loading=\"lazy\" decoding=\"async\" class=\"alignnone size-full wp-image-44327\" src=\"https:\/\/webdelmaestrocmf.com\/portal\/wp-content\/uploads\/2020\/02\/7.jpg\" alt=\"\" width=\"900\" height=\"900\" srcset=\"https:\/\/webdelmaestrocmf.com\/portal\/wp-content\/uploads\/2020\/02\/7.jpg 900w, https:\/\/webdelmaestrocmf.com\/portal\/wp-content\/uploads\/2020\/02\/7-300x300.jpg 300w, https:\/\/webdelmaestrocmf.com\/portal\/wp-content\/uploads\/2020\/02\/7-150x150.jpg 150w, https:\/\/webdelmaestrocmf.com\/portal\/wp-content\/uploads\/2020\/02\/7-768x768.jpg 768w, https:\/\/webdelmaestrocmf.com\/portal\/wp-content\/uploads\/2020\/02\/7-80x80.jpg 80w, https:\/\/webdelmaestrocmf.com\/portal\/wp-content\/uploads\/2020\/02\/7-110x110.jpg 110w, https:\/\/webdelmaestrocmf.com\/portal\/wp-content\/uploads\/2020\/02\/7-200x200.jpg 200w, https:\/\/webdelmaestrocmf.com\/portal\/wp-content\/uploads\/2020\/02\/7-380x380.jpg 380w, https:\/\/webdelmaestrocmf.com\/portal\/wp-content\/uploads\/2020\/02\/7-255x255.jpg 255w, https:\/\/webdelmaestrocmf.com\/portal\/wp-content\/uploads\/2020\/02\/7-550x550.jpg 550w, https:\/\/webdelmaestrocmf.com\/portal\/wp-content\/uploads\/2020\/02\/7-800x800.jpg 800w\" sizes=\"auto, (max-width: 900px) 100vw, 900px\" \/><\/p>\n<p style=\"text-align: justify;\">Al iniciar el Siglo XXI \u201clos ordenadores [<em>computadoras<\/em>] pasaron la prueba del efecto 2000, pero sus usuarios \u2014la nueva gran palabra\u2014 entraron en la era del miedo, la inseguridad, la precariedad, la intimidad (p\u00fablica) y la realidad (virtual)\u201d afirma el escritor espa\u00f1ol Javier Rodr\u00edguez Marcos. El Premio Nobel de Literatura Gabriel Garc\u00eda M\u00e1rquez (1976) declar\u00f3 que los avances tecnol\u00f3gicos y cient\u00edficos se est\u00e1n realizando a una gran velocidad, pero <strong>la \u00e9tica, las normas y los valores no iban con la misma rapidez<\/strong>, que nos har\u00e1 capaces de hacer un centauro, pero sin saber para qu\u00e9. Y aqu\u00ed se exige una educaci\u00f3n con \u00c9tica.<\/p>\n<p><img loading=\"lazy\" decoding=\"async\" class=\"alignnone size-full wp-image-44329\" src=\"https:\/\/webdelmaestrocmf.com\/portal\/wp-content\/uploads\/2020\/02\/9.jpg\" alt=\"\" width=\"1080\" height=\"1080\" srcset=\"https:\/\/webdelmaestrocmf.com\/portal\/wp-content\/uploads\/2020\/02\/9.jpg 1080w, https:\/\/webdelmaestrocmf.com\/portal\/wp-content\/uploads\/2020\/02\/9-300x300.jpg 300w, https:\/\/webdelmaestrocmf.com\/portal\/wp-content\/uploads\/2020\/02\/9-1024x1024.jpg 1024w, https:\/\/webdelmaestrocmf.com\/portal\/wp-content\/uploads\/2020\/02\/9-150x150.jpg 150w, https:\/\/webdelmaestrocmf.com\/portal\/wp-content\/uploads\/2020\/02\/9-768x768.jpg 768w, https:\/\/webdelmaestrocmf.com\/portal\/wp-content\/uploads\/2020\/02\/9-80x80.jpg 80w, https:\/\/webdelmaestrocmf.com\/portal\/wp-content\/uploads\/2020\/02\/9-110x110.jpg 110w, https:\/\/webdelmaestrocmf.com\/portal\/wp-content\/uploads\/2020\/02\/9-200x200.jpg 200w, https:\/\/webdelmaestrocmf.com\/portal\/wp-content\/uploads\/2020\/02\/9-380x380.jpg 380w, https:\/\/webdelmaestrocmf.com\/portal\/wp-content\/uploads\/2020\/02\/9-255x255.jpg 255w, https:\/\/webdelmaestrocmf.com\/portal\/wp-content\/uploads\/2020\/02\/9-550x550.jpg 550w, https:\/\/webdelmaestrocmf.com\/portal\/wp-content\/uploads\/2020\/02\/9-800x800.jpg 800w\" sizes=\"auto, (max-width: 1080px) 100vw, 1080px\" \/><\/p>\n<p style=\"text-align: justify;\">La Cuarta Revoluci\u00f3n Educativa nos exige a conocer, ense\u00f1ar y practicar la \u00e9tica, pues \u201c<strong>todo acto educativo encierra un comportamiento \u00e9tico, toda educaci\u00f3n es \u00e9tica\u201d<\/strong> (OEI), y la creaci\u00f3n, ense\u00f1anza y manejo y de las nuevas tecnolog\u00edas digitales, inform\u00e1ticas, rob\u00f3ticas, &#8230; no solo son instrumentos para \u201cel ejercicio formativo en s\u00ed mismo, sino que tiene consecuencias sociales\u201d. Esta actualizaci\u00f3n educativa nos pide orientar a los ni\u00f1os y j\u00f3venes a \u201cdistinguir <strong>informaci\u00f3n de conocimiento<\/strong>; ser <strong>capaces de hacer preguntas sobre la informaci\u00f3n, sus fuentes y en que supuestos se basa<\/strong>; evaluar la utilidad, la precisi\u00f3n y la integridad de la informaci\u00f3n; y el cuestionamiento o control de las respuestas provistas por las herramientas tecnol\u00f3gicas\u201d (Eugenio Marchiori).<\/p>\n<p style=\"text-align: justify;\">Art\u00edculo relacionado: <a href=\"https:\/\/webdelmaestrocmf.com\/portal\/si-usted-no-cree-en-la-necesidad-de-la-formacion-permanente-no-sirve-para-ser-docente-iii-parte\/\" target=\"_blank\" rel=\"noopener noreferrer\"><strong>SI USTED NO CREE EN LA NECESIDAD DE LA FORMACI\u00d3N PERMANENTE, NO SIRVE PARA SER DOCENTE (III PARTE).<\/strong><\/a><\/p>\n<p><img loading=\"lazy\" decoding=\"async\" class=\"alignnone size-full wp-image-44325\" src=\"https:\/\/webdelmaestrocmf.com\/portal\/wp-content\/uploads\/2020\/02\/5.jpg\" alt=\"\" width=\"900\" height=\"900\" srcset=\"https:\/\/webdelmaestrocmf.com\/portal\/wp-content\/uploads\/2020\/02\/5.jpg 900w, https:\/\/webdelmaestrocmf.com\/portal\/wp-content\/uploads\/2020\/02\/5-300x300.jpg 300w, https:\/\/webdelmaestrocmf.com\/portal\/wp-content\/uploads\/2020\/02\/5-150x150.jpg 150w, https:\/\/webdelmaestrocmf.com\/portal\/wp-content\/uploads\/2020\/02\/5-768x768.jpg 768w, https:\/\/webdelmaestrocmf.com\/portal\/wp-content\/uploads\/2020\/02\/5-80x80.jpg 80w, https:\/\/webdelmaestrocmf.com\/portal\/wp-content\/uploads\/2020\/02\/5-110x110.jpg 110w, https:\/\/webdelmaestrocmf.com\/portal\/wp-content\/uploads\/2020\/02\/5-200x200.jpg 200w, https:\/\/webdelmaestrocmf.com\/portal\/wp-content\/uploads\/2020\/02\/5-380x380.jpg 380w, https:\/\/webdelmaestrocmf.com\/portal\/wp-content\/uploads\/2020\/02\/5-255x255.jpg 255w, https:\/\/webdelmaestrocmf.com\/portal\/wp-content\/uploads\/2020\/02\/5-550x550.jpg 550w, https:\/\/webdelmaestrocmf.com\/portal\/wp-content\/uploads\/2020\/02\/5-800x800.jpg 800w\" sizes=\"auto, (max-width: 900px) 100vw, 900px\" \/><\/p>\n<p style=\"text-align: justify;\">Los profesores tenemos, en esta Cuarta Revoluci\u00f3n Educativa,\u00a0 <strong>el desaf\u00edo de ense\u00f1ar a aprender con \u00c9tica<\/strong>, como la virtud por excelencia para alcanzar la felicidad (Arist\u00f3teles); frente a \u201clas mil contradicciones entre <strong>la libertad y la disciplina<\/strong>, <strong>el rigor de la ciencia y la intuici\u00f3n creadora<\/strong>, <strong>los retos individuales<\/strong> y las <strong>b\u00fasquedas colectivas<\/strong>, \u2026 Tenemos que ense\u00f1ar que \u00abno basta que la acci\u00f3n tenga un car\u00e1cter determinado <strong>para que la conducta sea justa o buena<\/strong>; es preciso tambi\u00e9n que el hombre act\u00fae de un modo determinado ante todo, <strong>que act\u00fae a sabiendas<\/strong>; en segundo lugar, que <strong>proceda en raz\u00f3n de una decisi\u00f3n consiente<\/strong> y que <strong>prefiera esa acci\u00f3n<\/strong> por si misma; finalmente, que act\u00fae desde una posici\u00f3n firme e inquebrantable\u00bb (Arist\u00f3teles, \u00c9tica a Nic\u00f3maco). Esta tarea hace imperiosa la tarea de<strong> revalorizar la tarea docente, <\/strong>teniendo como premisa \u201cque <strong>los profesores no pueden resolver las inequidades sociales de un pa\u00eds<\/strong>.\u00a0 Por lo tanto, parte de la revalorizaci\u00f3n docente tambi\u00e9n es reconocer que <strong>no todo depende de ellos<\/strong>, y que \u00e9sta es solo una entre muchas reformas que a\u00fan falta por realizar\u201d (Ang\u00e9lica Bonilla).<\/p>\n<p style=\"text-align: justify;\">Art\u00edculo recomendado: <a href=\"https:\/\/webdelmaestrocmf.com\/portal\/la-autoridad-el-respeto-y-la-obediencia-en-la-casa-y-en-la-escuela-i-parte\/\" target=\"_blank\" rel=\"noopener noreferrer\"><strong>LA AUTORIDAD, EL RESPETO Y LA OBEDIENCIA EN LA CASA Y EN LA ESCUELA (I PARTE).<\/strong><\/a><\/p>\n<p><img loading=\"lazy\" decoding=\"async\" class=\"alignnone size-full wp-image-44324\" src=\"https:\/\/webdelmaestrocmf.com\/portal\/wp-content\/uploads\/2020\/02\/4.jpg\" alt=\"\" width=\"900\" height=\"900\" srcset=\"https:\/\/webdelmaestrocmf.com\/portal\/wp-content\/uploads\/2020\/02\/4.jpg 900w, https:\/\/webdelmaestrocmf.com\/portal\/wp-content\/uploads\/2020\/02\/4-300x300.jpg 300w, https:\/\/webdelmaestrocmf.com\/portal\/wp-content\/uploads\/2020\/02\/4-150x150.jpg 150w, https:\/\/webdelmaestrocmf.com\/portal\/wp-content\/uploads\/2020\/02\/4-768x768.jpg 768w, https:\/\/webdelmaestrocmf.com\/portal\/wp-content\/uploads\/2020\/02\/4-80x80.jpg 80w, https:\/\/webdelmaestrocmf.com\/portal\/wp-content\/uploads\/2020\/02\/4-110x110.jpg 110w, https:\/\/webdelmaestrocmf.com\/portal\/wp-content\/uploads\/2020\/02\/4-200x200.jpg 200w, https:\/\/webdelmaestrocmf.com\/portal\/wp-content\/uploads\/2020\/02\/4-380x380.jpg 380w, https:\/\/webdelmaestrocmf.com\/portal\/wp-content\/uploads\/2020\/02\/4-255x255.jpg 255w, https:\/\/webdelmaestrocmf.com\/portal\/wp-content\/uploads\/2020\/02\/4-550x550.jpg 550w, https:\/\/webdelmaestrocmf.com\/portal\/wp-content\/uploads\/2020\/02\/4-800x800.jpg 800w\" sizes=\"auto, (max-width: 900px) 100vw, 900px\" \/><\/p>\n<p style=\"text-align: justify;\">La Organizaci\u00f3n de la Estados Iberoamericanos que \u201cla vida escolar requiere un trabajo permanente alrededor de un <strong>proyecto \u00e9tico<\/strong>, que haga conscientes a todos los participantes de la necesidad de unos criterios, unas normas, unas actitudes que favorezcan la convivencia y permitan el desarrollo de unos prop\u00f3sitos comunes y otros individuales [&#8230;]; abarca todos los \u00e1mbitos de la vida social y nos implica en nuestra vida personal, persona y laboral. [&#8230;] Esta construcci\u00f3n no parte de cero, retoma (y este es uno de los aprendizajes), <strong>parte de unos valores que nos han aportado distintas sociedades<\/strong> desde los griegos, hasta la ilustraci\u00f3n pasando por el aporte de algunas religiones y los desarrollos culturales de distintas comunidades ind\u00edgenas y otras culturas no occidentales, no suficientemente reconocido; <strong>aporte que debe ser apropiado y reconstruido<\/strong>. Valores como el respeto mutuo, la cooperaci\u00f3n, la reciprocidad, la equidad, la libertad, la solidaridad, la democracia, el sentido de la responsabilidad y cuidado de uno mismo, de los otros, de la naturaleza, etc\u201d.<\/p>\n<p><img loading=\"lazy\" decoding=\"async\" class=\"alignnone size-full wp-image-44323\" src=\"https:\/\/webdelmaestrocmf.com\/portal\/wp-content\/uploads\/2020\/02\/3-15.jpg\" alt=\"\" width=\"900\" height=\"900\" srcset=\"https:\/\/webdelmaestrocmf.com\/portal\/wp-content\/uploads\/2020\/02\/3-15.jpg 900w, https:\/\/webdelmaestrocmf.com\/portal\/wp-content\/uploads\/2020\/02\/3-15-300x300.jpg 300w, https:\/\/webdelmaestrocmf.com\/portal\/wp-content\/uploads\/2020\/02\/3-15-150x150.jpg 150w, https:\/\/webdelmaestrocmf.com\/portal\/wp-content\/uploads\/2020\/02\/3-15-768x768.jpg 768w, https:\/\/webdelmaestrocmf.com\/portal\/wp-content\/uploads\/2020\/02\/3-15-80x80.jpg 80w, https:\/\/webdelmaestrocmf.com\/portal\/wp-content\/uploads\/2020\/02\/3-15-110x110.jpg 110w, https:\/\/webdelmaestrocmf.com\/portal\/wp-content\/uploads\/2020\/02\/3-15-200x200.jpg 200w, https:\/\/webdelmaestrocmf.com\/portal\/wp-content\/uploads\/2020\/02\/3-15-380x380.jpg 380w, https:\/\/webdelmaestrocmf.com\/portal\/wp-content\/uploads\/2020\/02\/3-15-255x255.jpg 255w, https:\/\/webdelmaestrocmf.com\/portal\/wp-content\/uploads\/2020\/02\/3-15-550x550.jpg 550w, https:\/\/webdelmaestrocmf.com\/portal\/wp-content\/uploads\/2020\/02\/3-15-800x800.jpg 800w\" sizes=\"auto, (max-width: 900px) 100vw, 900px\" \/><\/p>\n<p style=\"text-align: justify;\">\u201c<strong>La educaci\u00f3n \u00e9tica y moral <\/strong>en todas sus formas y en todos los momentos debe tener como uno de sus fines la lucha <strong>contra la doble moral<\/strong> que separa y coloca en oposici\u00f3n lo que se dice y lo que se hace ; doble moral que tiene tanto peso en nuestra vida social y <strong>que genera de un lado escepticismo y rechazo de parte de nuestros j\u00f3venes hacia todo lo moral, en su conjunto<\/strong> ; <strong>y de otro genera tambi\u00e9n un facilismo,<\/strong> dado que la educaci\u00f3n moral se resuelve mediante <strong>una predica<\/strong> que hace el adulto (padre de familia o maestro), o se reduce a <strong>unos enunciados<\/strong> que se consignan en un texto o se queda en un documento que contiene el \u201cproyecto de educaci\u00f3n moral de la instituci\u00f3n\u201d. <strong>El logro de una coherencia y consecuencia entre la teor\u00eda y la pr\u00e1ctica<\/strong> es uno de los retos m\u00e1s grandes de la educaci\u00f3n en su conjunto\u201d. Y los profesores tenemos que prepararnos para responder. <a href=\"https:\/\/www.oei.es\/historico\/valores2\/boletin6e.htm\" target=\"_blank\" rel=\"noopener noreferrer\"><strong>OBJETIVOS DE LA EDUCACI\u00d3N \u00c9TICA Y MORAL.<\/strong><\/a><\/p>\n<p><img loading=\"lazy\" decoding=\"async\" class=\"alignnone size-full wp-image-44321\" src=\"https:\/\/webdelmaestrocmf.com\/portal\/wp-content\/uploads\/2020\/02\/1-33.jpg\" alt=\"\" width=\"900\" height=\"900\" srcset=\"https:\/\/webdelmaestrocmf.com\/portal\/wp-content\/uploads\/2020\/02\/1-33.jpg 900w, https:\/\/webdelmaestrocmf.com\/portal\/wp-content\/uploads\/2020\/02\/1-33-300x300.jpg 300w, https:\/\/webdelmaestrocmf.com\/portal\/wp-content\/uploads\/2020\/02\/1-33-150x150.jpg 150w, https:\/\/webdelmaestrocmf.com\/portal\/wp-content\/uploads\/2020\/02\/1-33-768x768.jpg 768w, https:\/\/webdelmaestrocmf.com\/portal\/wp-content\/uploads\/2020\/02\/1-33-80x80.jpg 80w, https:\/\/webdelmaestrocmf.com\/portal\/wp-content\/uploads\/2020\/02\/1-33-110x110.jpg 110w, https:\/\/webdelmaestrocmf.com\/portal\/wp-content\/uploads\/2020\/02\/1-33-200x200.jpg 200w, https:\/\/webdelmaestrocmf.com\/portal\/wp-content\/uploads\/2020\/02\/1-33-380x380.jpg 380w, https:\/\/webdelmaestrocmf.com\/portal\/wp-content\/uploads\/2020\/02\/1-33-255x255.jpg 255w, https:\/\/webdelmaestrocmf.com\/portal\/wp-content\/uploads\/2020\/02\/1-33-550x550.jpg 550w, https:\/\/webdelmaestrocmf.com\/portal\/wp-content\/uploads\/2020\/02\/1-33-800x800.jpg 800w\" sizes=\"auto, (max-width: 900px) 100vw, 900px\" \/><\/p>\n<p style=\"text-align: justify;\"><strong>La \u00c9tica es un elemento fundamental en la Cuarta Revoluci\u00f3n Educativa<\/strong>, si quiere ser humanizadora, porque <strong>es necesario revisar el comportamiento humano <\/strong>que ordena y dirige el desarrollo tecnol\u00f3gico. El Profesor Jos\u00e9 Antonio Marina advierte que ya van \u201ctres giros radicales en la historia y ahora <strong>estamos en la antesala del cuarto,<\/strong> y no sabemos bien c\u00f3mo va a ser. [&#8230;] <em>\u00bfQu\u00e9 pasar\u00e1 cuando se generalice la realidad virtual y te permita vivir en un mundo feliz pero irreal? <\/em>[&#8230;] cualquier sociedad est\u00e1 expuesta a un <strong>colapso \u00e9tico y social<\/strong>\u201d. <a href=\"https:\/\/webdelmaestrocmf.com\/portal\/jose-antonio-marina-no-hay-una-voz-autorizada-que-hable-de-etica\/\" target=\"_blank\" rel=\"noopener noreferrer\"><strong>JOS\u00c9 ANTONIO MARINA: NO HAY UNA VOZ AUTORIZADA QUE HABLE DE \u00c9TICA.<\/strong><\/a><\/p>\n<p style=\"text-align: justify;\"><strong>Las tecnolog\u00edas digitales que usamos en educaci\u00f3n, siempre deben estar supeditadas al poder y voluntad de los seres humanos<\/strong>. \u201cLas elecciones \u00e9ticas las toman personas, comunidades, gobiernos, empresas, universidades y sociedades. Todos tenemos <strong>una responsabilidad colectiva<\/strong> a la hora de garantizar que los beneficios derivados de estas innovaciones de manera equilibrada <strong>erradiquen y gestionen sus usos negativos y abusivos<\/strong>. Los responsables pol\u00edticos y <strong>los docentes tienen un papel fundamental <\/strong>en la educaci\u00f3n de toda la poblaci\u00f3n sobre los usos apropiados de estas tecnolog\u00edas\u201d. <a href=\"https:\/\/rusc.uoc.edu\/rusc\/es\/index.php\/rusc\/article\/view\/v12n2-olcott-carrera-gallardo-gonzalez\/2615.html\" target=\"_blank\" rel=\"noopener noreferrer\"><strong>\u00c9TICA Y EDUCACI\u00d3N EN LA ERA DIGITAL: PERSPECTIVAS GLOBALES Y ESTRATEGIAS PARA LA TRANSFORMACI\u00d3N LOCAL EN CATALU\u00d1A.<\/strong><\/a><\/p>\n<p style=\"text-align: justify;\">Para alcanzar resultados exitosos, frente al desaf\u00edo de la Cuarta Revoluci\u00f3n Educativa, es necesario ofrecer una <strong>Formaci\u00f3n Inicial Docente que se inicia por<\/strong> <strong>una selecci\u00f3n de los mejores postulantes<\/strong> para ejercer la docencia, disponer de<strong> mejores formadores <\/strong>fruto de esa capacitaci\u00f3n docente, el\u00a0 contar con <strong>escenarios,<\/strong> <strong>estructuras, recursos y herramientas de \u00faltima generaci\u00f3n<\/strong>, y que fundamentalmente deber\u00e1 ser\u00a0 un profesional <strong>convencido que tiene en sus manos<\/strong> lo m\u00e1s preciado del futuro de la humanidad: los ni\u00f1os y los\u00a0 j\u00f3venes.<\/p>\n<p style=\"text-align: center;\"><em>\u201c<strong>Los profesores pueden ser capaces de originar esta revoluci\u00f3n<\/strong>, pero es posible que todav\u00eda no est\u00e9n preparados para ello. Una de las cosas que sabemos sobre el futuro es que las profesiones m\u00e1s humanas son las que tienen m\u00e1s posibilidades de sobrevivir, y la ense\u00f1anza es una de ellas\u201d<\/em> (Alex Beard).<\/p>\n<p style=\"text-align: right;\"><strong>REDACCI\u00d3N WEB DEL MAESTRO CMF<\/strong><\/p>\n<p style=\"text-align: justify;\">\t\t<div class=\"pk-inline-posts\">\n\t\t\t\n\t\t\t<div class=\"pk-inline-posts-container pk-inline-posts-template-list\"\n\t\t\t\tdata-columns=\"1\">\n\t\t\t\t\t\t<article id=\"post-17756\" class=\"post-17756 post type-post status-publish format-standard has-post-thumbnail category-jamb tag-dia tag-dia-del-trabajo tag-jorge-bergoglio tag-maestros tag-trabajo cs-entry cs-video-wrap\">\n\t\t\t<div class=\"pk-post-outer\">\n\n\t\t\t\t\t\t\t\t<div class=\"pk-post-inner\">\n\t\t\t\t\t<div class=\"entry-thumbnail\">\n\t\t\t\t\t\t<div class=\"pk-overlay pk-overlay-ratio pk-ratio-landscape\">\n\t\t\t\t\t\t\t<div class=\"pk-overlay-background\">\n\t\t\t\t\t\t\t\t<a href=\"https:\/\/webdelmaestrocmf.com\/portal\/dia-del-trabajo-maestros-gracias-lo-hacen\/\" class=\"pk-overlay-link\">\n\t\t\t\t\t\t\t\t\t<img loading=\"lazy\" decoding=\"async\" width=\"300\" height=\"225\" src=\"https:\/\/webdelmaestrocmf.com\/portal\/wp-content\/uploads\/2023\/05\/Banner-1-portada-imagen-10-1-55-300x225.jpg\" class=\"attachment-pk-thumbnail size-pk-thumbnail wp-post-image\" alt=\"d\u00eda del trabajo\" \/>\t\t\t\t\t\t\t\t<\/a>\n\t\t\t\t\t\t\t<\/div>\n\t\t\t\t\t\t<\/div>\n\t\t\t\t\t<\/div>\n\t\t\t\t<\/div>\n\t\t\t\t\n\t\t\t\t<div class=\"pk-post-inner\">\n\t\t\t\t\t<header>\n\t\t\t\t\t\t<h3 class=\"pk-title\"><a href=\"https:\/\/webdelmaestrocmf.com\/portal\/dia-del-trabajo-maestros-gracias-lo-hacen\/\" rel=\"bookmark\">D\u00eda Internacional de los Trabajadores: Maestros, \u00a1gracias por lo que hacen!<\/a><\/h3>\t\t\t\t\t<\/header><!-- .entry-header -->\n\t\t\t\t<\/div><!-- .post-inner -->\n\n\t\t\t<\/div><!-- .post-outer -->\n\t\t<\/article>\n\t\t\t\t<\/div>\n\t\t<\/div>\n\t\t<\/p>\n","protected":false},"excerpt":{"rendered":"Hasta aqu\u00ed hemos visto que \u201clos profesores tenemos que estar atentos a los cambios, porque no somos piezas&hellip;","protected":false},"author":1,"featured_media":44320,"comment_status":"open","ping_status":"closed","sticky":false,"template":"","format":"standard","meta":{"csco_display_header_overlay":false,"csco_singular_sidebar":"default","csco_page_header_type":"default","csco_page_load_nextpost":"default","csco_post_video_location":[],"csco_post_video_location_hash":"","csco_post_video_url":"","csco_post_video_bg_start_time":0,"csco_post_video_bg_end_time":0,"csco_post_video_bg_volume":false,"_jetpack_memberships_contains_paid_content":false,"footnotes":""},"categories":[61],"tags":[52,333,2510,2996],"class_list":{"0":"post-44319","1":"post","2":"type-post","3":"status-publish","4":"format-standard","5":"has-post-thumbnail","7":"category-jamb","8":"tag-docente","9":"tag-formacion","10":"tag-necesidad","11":"tag-permanente","12":"cs-entry","13":"cs-video-wrap"},"yoast_head":"<!-- This site is optimized with the Yoast SEO plugin v27.5 - https:\/\/yoast.com\/product\/yoast-seo-wordpress\/ -->\n<title>Si usted no cree en la necesidad de la formaci\u00f3n permanente, no sirve para ser docente (Parte final) - 2026<\/title>\n<meta name=\"description\" content=\"Hasta aqu\u00ed hemos visto que \u201clos profesores tenemos que estar atentos a los cambios, porque no somos piezas de museo, sino seres humanos...\" \/>\n<meta name=\"robots\" content=\"index, follow, max-snippet:-1, max-image-preview:large, max-video-preview:-1\" \/>\n<link rel=\"canonical\" href=\"https:\/\/webdelmaestrocmf.com\/portal\/si-usted-no-cree-en-la-necesidad-de-la-formacion-permanente-no-sirve-para-ser-docente-parte-final\/\" \/>\n<meta property=\"og:locale\" content=\"es_ES\" \/>\n<meta property=\"og:type\" content=\"article\" \/>\n<meta property=\"og:title\" content=\"Si usted no cree en la necesidad de la formaci\u00f3n permanente, no sirve para ser docente (Parte final) - 2026\" \/>\n<meta property=\"og:description\" content=\"Hasta aqu\u00ed hemos visto que \u201clos profesores tenemos que estar atentos a los cambios, porque no somos piezas de museo, sino seres humanos...\" \/>\n<meta property=\"og:url\" content=\"https:\/\/webdelmaestrocmf.com\/portal\/si-usted-no-cree-en-la-necesidad-de-la-formacion-permanente-no-sirve-para-ser-docente-parte-final\/\" \/>\n<meta property=\"og:site_name\" content=\"Web del Maestro CMF\" \/>\n<meta property=\"article:publisher\" content=\"https:\/\/www.facebook.com\/WebdelMaestroCMF\/\" \/>\n<meta property=\"article:author\" content=\"https:\/\/www.facebook.com\/WebdelMaestroCMF\/\" \/>\n<meta property=\"article:published_time\" content=\"2020-02-15T20:28:45+00:00\" \/>\n<meta property=\"article:modified_time\" content=\"2020-07-25T02:24:03+00:00\" \/>\n<meta property=\"og:image\" content=\"https:\/\/i0.wp.com\/webdelmaestrocmf.com\/portal\/wp-content\/uploads\/2020\/02\/1-32.jpg?fit=1100%2C680&ssl=1\" \/>\n\t<meta property=\"og:image:width\" content=\"1100\" \/>\n\t<meta property=\"og:image:height\" content=\"680\" \/>\n\t<meta property=\"og:image:type\" content=\"image\/jpeg\" \/>\n<meta name=\"author\" content=\"Web del Maestro CMF\" \/>\n<meta name=\"twitter:card\" content=\"summary_large_image\" \/>\n<meta name=\"twitter:creator\" content=\"@cmf_w\" \/>\n<meta name=\"twitter:site\" content=\"@cmf_w\" \/>\n<script type=\"application\/ld+json\" class=\"yoast-schema-graph\">{\"@context\":\"https:\\\/\\\/schema.org\",\"@graph\":[{\"@type\":\"ScholarlyArticle\",\"@id\":\"https:\\\/\\\/webdelmaestrocmf.com\\\/portal\\\/si-usted-no-cree-en-la-necesidad-de-la-formacion-permanente-no-sirve-para-ser-docente-parte-final\\\/#article\",\"isPartOf\":{\"@id\":\"https:\\\/\\\/webdelmaestrocmf.com\\\/portal\\\/si-usted-no-cree-en-la-necesidad-de-la-formacion-permanente-no-sirve-para-ser-docente-parte-final\\\/\"},\"author\":{\"name\":\"Web del Maestro CMF\",\"@id\":\"https:\\\/\\\/webdelmaestrocmf.com\\\/portal\\\/#\\\/schema\\\/person\\\/1072a2ed7bd960df8ef99a551fa35dc5\"},\"headline\":\"Si usted no cree en la necesidad de la formaci\u00f3n permanente, no sirve para ser docente (Parte final)\",\"datePublished\":\"2020-02-15T20:28:45+00:00\",\"dateModified\":\"2020-07-25T02:24:03+00:00\",\"mainEntityOfPage\":{\"@id\":\"https:\\\/\\\/webdelmaestrocmf.com\\\/portal\\\/si-usted-no-cree-en-la-necesidad-de-la-formacion-permanente-no-sirve-para-ser-docente-parte-final\\\/\"},\"wordCount\":2140,\"commentCount\":0,\"publisher\":{\"@id\":\"https:\\\/\\\/webdelmaestrocmf.com\\\/portal\\\/#organization\"},\"image\":{\"@id\":\"https:\\\/\\\/webdelmaestrocmf.com\\\/portal\\\/si-usted-no-cree-en-la-necesidad-de-la-formacion-permanente-no-sirve-para-ser-docente-parte-final\\\/#primaryimage\"},\"thumbnailUrl\":\"https:\\\/\\\/webdelmaestrocmf.com\\\/portal\\\/wp-content\\\/uploads\\\/2020\\\/02\\\/1-32.jpg\",\"keywords\":[\"DOCENTE\",\"FORMACI\u00d3N\",\"NECESIDAD\",\"PERMANENTE\"],\"articleSection\":[\"Yo opino - WMCMF\"],\"inLanguage\":\"es\",\"potentialAction\":[{\"@type\":\"CommentAction\",\"name\":\"Comment\",\"target\":[\"https:\\\/\\\/webdelmaestrocmf.com\\\/portal\\\/si-usted-no-cree-en-la-necesidad-de-la-formacion-permanente-no-sirve-para-ser-docente-parte-final\\\/#respond\"]}]},{\"@type\":\"WebPage\",\"@id\":\"https:\\\/\\\/webdelmaestrocmf.com\\\/portal\\\/si-usted-no-cree-en-la-necesidad-de-la-formacion-permanente-no-sirve-para-ser-docente-parte-final\\\/\",\"url\":\"https:\\\/\\\/webdelmaestrocmf.com\\\/portal\\\/si-usted-no-cree-en-la-necesidad-de-la-formacion-permanente-no-sirve-para-ser-docente-parte-final\\\/\",\"name\":\"Si usted no cree en la necesidad de la formaci\u00f3n permanente, no sirve para ser docente (Parte final) - 2026\",\"isPartOf\":{\"@id\":\"https:\\\/\\\/webdelmaestrocmf.com\\\/portal\\\/#website\"},\"primaryImageOfPage\":{\"@id\":\"https:\\\/\\\/webdelmaestrocmf.com\\\/portal\\\/si-usted-no-cree-en-la-necesidad-de-la-formacion-permanente-no-sirve-para-ser-docente-parte-final\\\/#primaryimage\"},\"image\":{\"@id\":\"https:\\\/\\\/webdelmaestrocmf.com\\\/portal\\\/si-usted-no-cree-en-la-necesidad-de-la-formacion-permanente-no-sirve-para-ser-docente-parte-final\\\/#primaryimage\"},\"thumbnailUrl\":\"https:\\\/\\\/webdelmaestrocmf.com\\\/portal\\\/wp-content\\\/uploads\\\/2020\\\/02\\\/1-32.jpg\",\"datePublished\":\"2020-02-15T20:28:45+00:00\",\"dateModified\":\"2020-07-25T02:24:03+00:00\",\"description\":\"Hasta aqu\u00ed hemos visto que \u201clos profesores tenemos que estar atentos a los cambios, porque no somos piezas de museo, sino seres humanos...\",\"breadcrumb\":{\"@id\":\"https:\\\/\\\/webdelmaestrocmf.com\\\/portal\\\/si-usted-no-cree-en-la-necesidad-de-la-formacion-permanente-no-sirve-para-ser-docente-parte-final\\\/#breadcrumb\"},\"inLanguage\":\"es\",\"potentialAction\":[{\"@type\":\"ReadAction\",\"target\":[\"https:\\\/\\\/webdelmaestrocmf.com\\\/portal\\\/si-usted-no-cree-en-la-necesidad-de-la-formacion-permanente-no-sirve-para-ser-docente-parte-final\\\/\"]}]},{\"@type\":\"ImageObject\",\"inLanguage\":\"es\",\"@id\":\"https:\\\/\\\/webdelmaestrocmf.com\\\/portal\\\/si-usted-no-cree-en-la-necesidad-de-la-formacion-permanente-no-sirve-para-ser-docente-parte-final\\\/#primaryimage\",\"url\":\"https:\\\/\\\/webdelmaestrocmf.com\\\/portal\\\/wp-content\\\/uploads\\\/2020\\\/02\\\/1-32.jpg\",\"contentUrl\":\"https:\\\/\\\/webdelmaestrocmf.com\\\/portal\\\/wp-content\\\/uploads\\\/2020\\\/02\\\/1-32.jpg\",\"width\":1100,\"height\":680},{\"@type\":\"BreadcrumbList\",\"@id\":\"https:\\\/\\\/webdelmaestrocmf.com\\\/portal\\\/si-usted-no-cree-en-la-necesidad-de-la-formacion-permanente-no-sirve-para-ser-docente-parte-final\\\/#breadcrumb\",\"itemListElement\":[{\"@type\":\"ListItem\",\"position\":1,\"name\":\"Portada\",\"item\":\"https:\\\/\\\/webdelmaestrocmf.com\\\/portal\\\/\"},{\"@type\":\"ListItem\",\"position\":2,\"name\":\"Yo opino - WMCMF\",\"item\":\"https:\\\/\\\/webdelmaestrocmf.com\\\/portal\\\/category\\\/jamb\\\/\"},{\"@type\":\"ListItem\",\"position\":3,\"name\":\"Si usted no cree en la necesidad de la formaci\u00f3n permanente, no sirve para ser docente (Parte final)\"}]},{\"@type\":\"WebSite\",\"@id\":\"https:\\\/\\\/webdelmaestrocmf.com\\\/portal\\\/#website\",\"url\":\"https:\\\/\\\/webdelmaestrocmf.com\\\/portal\\\/\",\"name\":\"Web del Maestro CMF\",\"description\":\"Maestros al servicio de la educaci\u00f3n\",\"publisher\":{\"@id\":\"https:\\\/\\\/webdelmaestrocmf.com\\\/portal\\\/#organization\"},\"alternateName\":\"WMCMF\",\"potentialAction\":[{\"@type\":\"SearchAction\",\"target\":{\"@type\":\"EntryPoint\",\"urlTemplate\":\"https:\\\/\\\/webdelmaestrocmf.com\\\/portal\\\/?s={search_term_string}\"},\"query-input\":{\"@type\":\"PropertyValueSpecification\",\"valueRequired\":true,\"valueName\":\"search_term_string\"}}],\"inLanguage\":\"es\"},{\"@type\":\"Organization\",\"@id\":\"https:\\\/\\\/webdelmaestrocmf.com\\\/portal\\\/#organization\",\"name\":\"Web del Maestro CMF\",\"alternateName\":\"WMCMF\",\"url\":\"https:\\\/\\\/webdelmaestrocmf.com\\\/portal\\\/\",\"logo\":{\"@type\":\"ImageObject\",\"inLanguage\":\"es\",\"@id\":\"https:\\\/\\\/webdelmaestrocmf.com\\\/portal\\\/#\\\/schema\\\/logo\\\/image\\\/\",\"url\":\"https:\\\/\\\/webdelmaestrocmf.com\\\/portal\\\/wp-content\\\/uploads\\\/2023\\\/01\\\/logo-wmcmf-2.png\",\"contentUrl\":\"https:\\\/\\\/webdelmaestrocmf.com\\\/portal\\\/wp-content\\\/uploads\\\/2023\\\/01\\\/logo-wmcmf-2.png\",\"width\":200,\"height\":60,\"caption\":\"Web del Maestro CMF\"},\"image\":{\"@id\":\"https:\\\/\\\/webdelmaestrocmf.com\\\/portal\\\/#\\\/schema\\\/logo\\\/image\\\/\"},\"sameAs\":[\"https:\\\/\\\/www.facebook.com\\\/WebdelMaestroCMF\\\/\",\"https:\\\/\\\/x.com\\\/cmf_w\",\"https:\\\/\\\/www.pinterest.com\\\/WMCMF\\\/\",\"https:\\\/\\\/www.linkedin.com\\\/company\\\/web-del-maestro-cmf\\\/\",\"https:\\\/\\\/www.instagram.com\\\/wmcmf\\\/\",\"https:\\\/\\\/www.youtube.com\\\/channel\\\/UCDPSvjbdodE5sHnC3OxutHw\",\"https:\\\/\\\/mastodon.social\\\/@wmcmf\",\"https:\\\/\\\/www.tiktok.com\\\/@webdelmaestrocmf\"]},{\"@type\":\"Person\",\"@id\":\"https:\\\/\\\/webdelmaestrocmf.com\\\/portal\\\/#\\\/schema\\\/person\\\/1072a2ed7bd960df8ef99a551fa35dc5\",\"name\":\"Web del Maestro CMF\",\"image\":{\"@type\":\"ImageObject\",\"inLanguage\":\"es\",\"@id\":\"https:\\\/\\\/secure.gravatar.com\\\/avatar\\\/23291dd5b5ae1077dcff3dbb04c3e02bd28403fa75af6d8787d5e97c5bbbe30b?s=96&d=mm&r=g\",\"url\":\"https:\\\/\\\/secure.gravatar.com\\\/avatar\\\/23291dd5b5ae1077dcff3dbb04c3e02bd28403fa75af6d8787d5e97c5bbbe30b?s=96&d=mm&r=g\",\"contentUrl\":\"https:\\\/\\\/secure.gravatar.com\\\/avatar\\\/23291dd5b5ae1077dcff3dbb04c3e02bd28403fa75af6d8787d5e97c5bbbe30b?s=96&d=mm&r=g\",\"caption\":\"Web del Maestro CMF\"},\"description\":\"Esta Web se cre\u00f3 sin fines de lucro, con fines educativos, cient\u00edficos y acad\u00e9micos, para personas que tengan dificultades y\\\/o inconvenientes en visualizar el material original. El objetivo es entregar recursos, compartir experiencias y materiales que ayuden a los padres de familia, maestros y estudiantes en su actualizaci\u00f3n y formaci\u00f3n permanente, en bien de la Educaci\u00f3n.\",\"sameAs\":[\"http:\\\/\\\/webdelmaestrocmf.com\\\/portal\",\"https:\\\/\\\/www.facebook.com\\\/WebdelMaestroCMF\\\/\",\"https:\\\/\\\/www.instagram.com\\\/wmcmf\\\/\",\"https:\\\/\\\/cl.linkedin.com\\\/company\\\/web-del-maestro-cmf\",\"https:\\\/\\\/www.pinterest.com\\\/WMCMF\\\/publicaciones\\\/\",\"https:\\\/\\\/x.com\\\/cmf_w\",\"https:\\\/\\\/www.youtube.com\\\/@WMCMF\"]}]}<\/script>\n<!-- \/ Yoast SEO plugin. -->","yoast_head_json":{"title":"Si usted no cree en la necesidad de la formaci\u00f3n permanente, no sirve para ser docente (Parte final) - 2026","description":"Hasta aqu\u00ed hemos visto que \u201clos profesores tenemos que estar atentos a los cambios, porque no somos piezas de museo, sino seres humanos...","robots":{"index":"index","follow":"follow","max-snippet":"max-snippet:-1","max-image-preview":"max-image-preview:large","max-video-preview":"max-video-preview:-1"},"canonical":"https:\/\/webdelmaestrocmf.com\/portal\/si-usted-no-cree-en-la-necesidad-de-la-formacion-permanente-no-sirve-para-ser-docente-parte-final\/","og_locale":"es_ES","og_type":"article","og_title":"Si usted no cree en la necesidad de la formaci\u00f3n permanente, no sirve para ser docente (Parte final) - 2026","og_description":"Hasta aqu\u00ed hemos visto que \u201clos profesores tenemos que estar atentos a los cambios, porque no somos piezas de museo, sino seres humanos...","og_url":"https:\/\/webdelmaestrocmf.com\/portal\/si-usted-no-cree-en-la-necesidad-de-la-formacion-permanente-no-sirve-para-ser-docente-parte-final\/","og_site_name":"Web del Maestro CMF","article_publisher":"https:\/\/www.facebook.com\/WebdelMaestroCMF\/","article_author":"https:\/\/www.facebook.com\/WebdelMaestroCMF\/","article_published_time":"2020-02-15T20:28:45+00:00","article_modified_time":"2020-07-25T02:24:03+00:00","og_image":[{"width":1100,"height":680,"url":"https:\/\/i0.wp.com\/webdelmaestrocmf.com\/portal\/wp-content\/uploads\/2020\/02\/1-32.jpg?fit=1100%2C680&ssl=1","type":"image\/jpeg"}],"author":"Web del Maestro CMF","twitter_card":"summary_large_image","twitter_creator":"@cmf_w","twitter_site":"@cmf_w","schema":{"@context":"https:\/\/schema.org","@graph":[{"@type":"ScholarlyArticle","@id":"https:\/\/webdelmaestrocmf.com\/portal\/si-usted-no-cree-en-la-necesidad-de-la-formacion-permanente-no-sirve-para-ser-docente-parte-final\/#article","isPartOf":{"@id":"https:\/\/webdelmaestrocmf.com\/portal\/si-usted-no-cree-en-la-necesidad-de-la-formacion-permanente-no-sirve-para-ser-docente-parte-final\/"},"author":{"name":"Web del Maestro CMF","@id":"https:\/\/webdelmaestrocmf.com\/portal\/#\/schema\/person\/1072a2ed7bd960df8ef99a551fa35dc5"},"headline":"Si usted no cree en la necesidad de la formaci\u00f3n permanente, no sirve para ser docente (Parte final)","datePublished":"2020-02-15T20:28:45+00:00","dateModified":"2020-07-25T02:24:03+00:00","mainEntityOfPage":{"@id":"https:\/\/webdelmaestrocmf.com\/portal\/si-usted-no-cree-en-la-necesidad-de-la-formacion-permanente-no-sirve-para-ser-docente-parte-final\/"},"wordCount":2140,"commentCount":0,"publisher":{"@id":"https:\/\/webdelmaestrocmf.com\/portal\/#organization"},"image":{"@id":"https:\/\/webdelmaestrocmf.com\/portal\/si-usted-no-cree-en-la-necesidad-de-la-formacion-permanente-no-sirve-para-ser-docente-parte-final\/#primaryimage"},"thumbnailUrl":"https:\/\/webdelmaestrocmf.com\/portal\/wp-content\/uploads\/2020\/02\/1-32.jpg","keywords":["DOCENTE","FORMACI\u00d3N","NECESIDAD","PERMANENTE"],"articleSection":["Yo opino - WMCMF"],"inLanguage":"es","potentialAction":[{"@type":"CommentAction","name":"Comment","target":["https:\/\/webdelmaestrocmf.com\/portal\/si-usted-no-cree-en-la-necesidad-de-la-formacion-permanente-no-sirve-para-ser-docente-parte-final\/#respond"]}]},{"@type":"WebPage","@id":"https:\/\/webdelmaestrocmf.com\/portal\/si-usted-no-cree-en-la-necesidad-de-la-formacion-permanente-no-sirve-para-ser-docente-parte-final\/","url":"https:\/\/webdelmaestrocmf.com\/portal\/si-usted-no-cree-en-la-necesidad-de-la-formacion-permanente-no-sirve-para-ser-docente-parte-final\/","name":"Si usted no cree en la necesidad de la formaci\u00f3n permanente, no sirve para ser docente (Parte final) - 2026","isPartOf":{"@id":"https:\/\/webdelmaestrocmf.com\/portal\/#website"},"primaryImageOfPage":{"@id":"https:\/\/webdelmaestrocmf.com\/portal\/si-usted-no-cree-en-la-necesidad-de-la-formacion-permanente-no-sirve-para-ser-docente-parte-final\/#primaryimage"},"image":{"@id":"https:\/\/webdelmaestrocmf.com\/portal\/si-usted-no-cree-en-la-necesidad-de-la-formacion-permanente-no-sirve-para-ser-docente-parte-final\/#primaryimage"},"thumbnailUrl":"https:\/\/webdelmaestrocmf.com\/portal\/wp-content\/uploads\/2020\/02\/1-32.jpg","datePublished":"2020-02-15T20:28:45+00:00","dateModified":"2020-07-25T02:24:03+00:00","description":"Hasta aqu\u00ed hemos visto que \u201clos profesores tenemos que estar atentos a los cambios, porque no somos piezas de museo, sino seres humanos...","breadcrumb":{"@id":"https:\/\/webdelmaestrocmf.com\/portal\/si-usted-no-cree-en-la-necesidad-de-la-formacion-permanente-no-sirve-para-ser-docente-parte-final\/#breadcrumb"},"inLanguage":"es","potentialAction":[{"@type":"ReadAction","target":["https:\/\/webdelmaestrocmf.com\/portal\/si-usted-no-cree-en-la-necesidad-de-la-formacion-permanente-no-sirve-para-ser-docente-parte-final\/"]}]},{"@type":"ImageObject","inLanguage":"es","@id":"https:\/\/webdelmaestrocmf.com\/portal\/si-usted-no-cree-en-la-necesidad-de-la-formacion-permanente-no-sirve-para-ser-docente-parte-final\/#primaryimage","url":"https:\/\/webdelmaestrocmf.com\/portal\/wp-content\/uploads\/2020\/02\/1-32.jpg","contentUrl":"https:\/\/webdelmaestrocmf.com\/portal\/wp-content\/uploads\/2020\/02\/1-32.jpg","width":1100,"height":680},{"@type":"BreadcrumbList","@id":"https:\/\/webdelmaestrocmf.com\/portal\/si-usted-no-cree-en-la-necesidad-de-la-formacion-permanente-no-sirve-para-ser-docente-parte-final\/#breadcrumb","itemListElement":[{"@type":"ListItem","position":1,"name":"Portada","item":"https:\/\/webdelmaestrocmf.com\/portal\/"},{"@type":"ListItem","position":2,"name":"Yo opino - WMCMF","item":"https:\/\/webdelmaestrocmf.com\/portal\/category\/jamb\/"},{"@type":"ListItem","position":3,"name":"Si usted no cree en la necesidad de la formaci\u00f3n permanente, no sirve para ser docente (Parte final)"}]},{"@type":"WebSite","@id":"https:\/\/webdelmaestrocmf.com\/portal\/#website","url":"https:\/\/webdelmaestrocmf.com\/portal\/","name":"Web del Maestro CMF","description":"Maestros al servicio de la educaci\u00f3n","publisher":{"@id":"https:\/\/webdelmaestrocmf.com\/portal\/#organization"},"alternateName":"WMCMF","potentialAction":[{"@type":"SearchAction","target":{"@type":"EntryPoint","urlTemplate":"https:\/\/webdelmaestrocmf.com\/portal\/?s={search_term_string}"},"query-input":{"@type":"PropertyValueSpecification","valueRequired":true,"valueName":"search_term_string"}}],"inLanguage":"es"},{"@type":"Organization","@id":"https:\/\/webdelmaestrocmf.com\/portal\/#organization","name":"Web del Maestro CMF","alternateName":"WMCMF","url":"https:\/\/webdelmaestrocmf.com\/portal\/","logo":{"@type":"ImageObject","inLanguage":"es","@id":"https:\/\/webdelmaestrocmf.com\/portal\/#\/schema\/logo\/image\/","url":"https:\/\/webdelmaestrocmf.com\/portal\/wp-content\/uploads\/2023\/01\/logo-wmcmf-2.png","contentUrl":"https:\/\/webdelmaestrocmf.com\/portal\/wp-content\/uploads\/2023\/01\/logo-wmcmf-2.png","width":200,"height":60,"caption":"Web del Maestro CMF"},"image":{"@id":"https:\/\/webdelmaestrocmf.com\/portal\/#\/schema\/logo\/image\/"},"sameAs":["https:\/\/www.facebook.com\/WebdelMaestroCMF\/","https:\/\/x.com\/cmf_w","https:\/\/www.pinterest.com\/WMCMF\/","https:\/\/www.linkedin.com\/company\/web-del-maestro-cmf\/","https:\/\/www.instagram.com\/wmcmf\/","https:\/\/www.youtube.com\/channel\/UCDPSvjbdodE5sHnC3OxutHw","https:\/\/mastodon.social\/@wmcmf","https:\/\/www.tiktok.com\/@webdelmaestrocmf"]},{"@type":"Person","@id":"https:\/\/webdelmaestrocmf.com\/portal\/#\/schema\/person\/1072a2ed7bd960df8ef99a551fa35dc5","name":"Web del Maestro CMF","image":{"@type":"ImageObject","inLanguage":"es","@id":"https:\/\/secure.gravatar.com\/avatar\/23291dd5b5ae1077dcff3dbb04c3e02bd28403fa75af6d8787d5e97c5bbbe30b?s=96&d=mm&r=g","url":"https:\/\/secure.gravatar.com\/avatar\/23291dd5b5ae1077dcff3dbb04c3e02bd28403fa75af6d8787d5e97c5bbbe30b?s=96&d=mm&r=g","contentUrl":"https:\/\/secure.gravatar.com\/avatar\/23291dd5b5ae1077dcff3dbb04c3e02bd28403fa75af6d8787d5e97c5bbbe30b?s=96&d=mm&r=g","caption":"Web del Maestro CMF"},"description":"Esta Web se cre\u00f3 sin fines de lucro, con fines educativos, cient\u00edficos y acad\u00e9micos, para personas que tengan dificultades y\/o inconvenientes en visualizar el material original. El objetivo es entregar recursos, compartir experiencias y materiales que ayuden a los padres de familia, maestros y estudiantes en su actualizaci\u00f3n y formaci\u00f3n permanente, en bien de la Educaci\u00f3n.","sameAs":["http:\/\/webdelmaestrocmf.com\/portal","https:\/\/www.facebook.com\/WebdelMaestroCMF\/","https:\/\/www.instagram.com\/wmcmf\/","https:\/\/cl.linkedin.com\/company\/web-del-maestro-cmf","https:\/\/www.pinterest.com\/WMCMF\/publicaciones\/","https:\/\/x.com\/cmf_w","https:\/\/www.youtube.com\/@WMCMF"]}]}},"jetpack_featured_media_url":"https:\/\/webdelmaestrocmf.com\/portal\/wp-content\/uploads\/2020\/02\/1-32.jpg","jetpack_sharing_enabled":true,"jetpack-related-posts":[{"id":107692,"url":"https:\/\/webdelmaestrocmf.com\/portal\/lo-dificil-de-ser-profesor-precarizacion-sobrecarga-laboral-y-burocratizacion\/","url_meta":{"origin":44319,"position":0},"title":"Lo dif\u00edcil de ser profesor: inestabilidad, sobrecarga laboral y burocratizaci\u00f3n","author":"Web del Maestro CMF","date":"26 enero, 2025","format":false,"excerpt":"El pasado 16 de octubre, en el marco del D\u00eda del Profesor, el investigador y acad\u00e9mico C\u00e9sar Maldonado invita a reflexionar sobre los profundos desaf\u00edos estructurales que enfrentan los docentes en Chile. Esta fecha no deber\u00eda limitarse a un reconocimiento simb\u00f3lico, sino convertirse en un llamado a la acci\u00f3n para\u2026","rel":"","context":"En \u00abNoticias Internacionales\u00bb","block_context":{"text":"Noticias Internacionales","link":"https:\/\/webdelmaestrocmf.com\/portal\/category\/noticias-internacionales\/"},"img":{"alt_text":"","src":"https:\/\/i0.wp.com\/webdelmaestrocmf.com\/portal\/wp-content\/uploads\/2025\/01\/1A-Banner-1-portada-imagen-10-1-39.jpg?resize=350%2C200&ssl=1","width":350,"height":200,"srcset":"https:\/\/i0.wp.com\/webdelmaestrocmf.com\/portal\/wp-content\/uploads\/2025\/01\/1A-Banner-1-portada-imagen-10-1-39.jpg?resize=350%2C200&ssl=1 1x, https:\/\/i0.wp.com\/webdelmaestrocmf.com\/portal\/wp-content\/uploads\/2025\/01\/1A-Banner-1-portada-imagen-10-1-39.jpg?resize=525%2C300&ssl=1 1.5x, https:\/\/i0.wp.com\/webdelmaestrocmf.com\/portal\/wp-content\/uploads\/2025\/01\/1A-Banner-1-portada-imagen-10-1-39.jpg?resize=700%2C400&ssl=1 2x"},"classes":[]},{"id":43715,"url":"https:\/\/webdelmaestrocmf.com\/portal\/si-usted-no-cree-en-la-necesidad-de-la-formacion-permanente-no-sirve-para-ser-docente-iii-parte\/","url_meta":{"origin":44319,"position":1},"title":"Si usted no cree en la necesidad de la formaci\u00f3n permanente, no sirve para ser docente (III parte)","author":"Web del Maestro CMF","date":"27 enero, 2020","format":false,"excerpt":"El futuro de la educaci\u00f3n y la tarea docente siempre depender\u00e1 del hoy, porque el final siempre es consecuencia del principio. La educaci\u00f3n de ma\u00f1ana depende de lo que hagamos o dejemos de hacer hoy.\u00a0 Como profesores que nos ha tocado vivir el Siglo XXI, no debemos olvidar que \u201cen\u2026","rel":"","context":"En \u00abYo opino - WMCMF\u00bb","block_context":{"text":"Yo opino - WMCMF","link":"https:\/\/webdelmaestrocmf.com\/portal\/category\/jamb\/"},"img":{"alt_text":"","src":"https:\/\/i0.wp.com\/webdelmaestrocmf.com\/portal\/wp-content\/uploads\/2020\/01\/2-25.jpg?resize=350%2C200&ssl=1","width":350,"height":200,"srcset":"https:\/\/i0.wp.com\/webdelmaestrocmf.com\/portal\/wp-content\/uploads\/2020\/01\/2-25.jpg?resize=350%2C200&ssl=1 1x, https:\/\/i0.wp.com\/webdelmaestrocmf.com\/portal\/wp-content\/uploads\/2020\/01\/2-25.jpg?resize=525%2C300&ssl=1 1.5x, https:\/\/i0.wp.com\/webdelmaestrocmf.com\/portal\/wp-content\/uploads\/2020\/01\/2-25.jpg?resize=700%2C400&ssl=1 2x, https:\/\/i0.wp.com\/webdelmaestrocmf.com\/portal\/wp-content\/uploads\/2020\/01\/2-25.jpg?resize=1050%2C600&ssl=1 3x"},"classes":[]},{"id":43402,"url":"https:\/\/webdelmaestrocmf.com\/portal\/si-usted-no-cree-en-la-necesidad-de-la-formacion-permanente-no-sirve-para-ser-docente-ii-parte\/","url_meta":{"origin":44319,"position":2},"title":"Si usted no cree en la necesidad de la formaci\u00f3n permanente, no sirve para ser docente (II parte)","author":"Web del Maestro CMF","date":"12 enero, 2020","format":false,"excerpt":"Los profesores ordinariamente nunca perdemos la curiosidad de aprender, la formaci\u00f3n inicial docente no se detiene con la graduaci\u00f3n o un diploma, pues somos conscientes que no hemos aprendido ni lo sabemos todo. Aprender, crecer y educarnos a nosotros \u00a0mismos es un proceso que dura toda la vida. Nunca se\u2026","rel":"","context":"En \u00abYo opino - WMCMF\u00bb","block_context":{"text":"Yo opino - WMCMF","link":"https:\/\/webdelmaestrocmf.com\/portal\/category\/jamb\/"},"img":{"alt_text":"","src":"https:\/\/i0.wp.com\/webdelmaestrocmf.com\/portal\/wp-content\/uploads\/2020\/01\/1-34.jpg?resize=350%2C200&ssl=1","width":350,"height":200,"srcset":"https:\/\/i0.wp.com\/webdelmaestrocmf.com\/portal\/wp-content\/uploads\/2020\/01\/1-34.jpg?resize=350%2C200&ssl=1 1x, https:\/\/i0.wp.com\/webdelmaestrocmf.com\/portal\/wp-content\/uploads\/2020\/01\/1-34.jpg?resize=525%2C300&ssl=1 1.5x, https:\/\/i0.wp.com\/webdelmaestrocmf.com\/portal\/wp-content\/uploads\/2020\/01\/1-34.jpg?resize=700%2C400&ssl=1 2x, https:\/\/i0.wp.com\/webdelmaestrocmf.com\/portal\/wp-content\/uploads\/2020\/01\/1-34.jpg?resize=1050%2C600&ssl=1 3x"},"classes":[]},{"id":42720,"url":"https:\/\/webdelmaestrocmf.com\/portal\/si-usted-no-cree-en-la-necesidad-de-la-formacion-permanente-no-sirve-para-ser-docente-i-parte\/","url_meta":{"origin":44319,"position":3},"title":"Si usted no cree en la necesidad de la formaci\u00f3n permanente, no sirve para ser docente (I parte)","author":"Web del Maestro CMF","date":"10 octubre, 2022","format":false,"excerpt":"La formaci\u00f3n inicial docente es el comienzo de un largo camino de actualizaciones. Quien toma el camino de la docencia, debe tener muy claro que los conocimientos aprendidos no se estacionan en la memoria de una vez para siempre, sino que est\u00e1n en \u201cmovimiento\u201d, se incrementan y est\u00e1n alertas para\u2026","rel":"","context":"En \u00abYo opino - WMCMF\u00bb","block_context":{"text":"Yo opino - WMCMF","link":"https:\/\/webdelmaestrocmf.com\/portal\/category\/jamb\/"},"img":{"alt_text":"","src":"https:\/\/i0.wp.com\/webdelmaestrocmf.com\/portal\/wp-content\/uploads\/2022\/10\/Banner-1-portada-imagen-10-1-29.jpg?resize=350%2C200&ssl=1","width":350,"height":200,"srcset":"https:\/\/i0.wp.com\/webdelmaestrocmf.com\/portal\/wp-content\/uploads\/2022\/10\/Banner-1-portada-imagen-10-1-29.jpg?resize=350%2C200&ssl=1 1x, https:\/\/i0.wp.com\/webdelmaestrocmf.com\/portal\/wp-content\/uploads\/2022\/10\/Banner-1-portada-imagen-10-1-29.jpg?resize=525%2C300&ssl=1 1.5x, https:\/\/i0.wp.com\/webdelmaestrocmf.com\/portal\/wp-content\/uploads\/2022\/10\/Banner-1-portada-imagen-10-1-29.jpg?resize=700%2C400&ssl=1 2x"},"classes":[]},{"id":116734,"url":"https:\/\/webdelmaestrocmf.com\/portal\/detienen-a-una-profesora-por-cortar-el-cabello-de-un-alumno-a-la-fuerza-y-sera-juzgada-por-seis-delitos\/","url_meta":{"origin":44319,"position":4},"title":"Detienen a una profesora por cortar el cabello de un alumno a la fuerza y ser\u00e1 juzgada por seis delitos","author":"Web del Maestro CMF","date":"21 marzo, 2026","format":false,"excerpt":"Docente corta el cabello a un alumno por la fuerza, generando miedo y vulnerando derechos. El caso evidencia l\u00edmites \u00e9ticos, necesidad de apoyo emocional docente y urgencia de fortalecer protocolos escolares.","rel":"","context":"En \u00abNoticias Internacionales\u00bb","block_context":{"text":"Noticias Internacionales","link":"https:\/\/webdelmaestrocmf.com\/portal\/category\/noticias-internacionales\/"},"img":{"alt_text":"","src":"https:\/\/i0.wp.com\/webdelmaestrocmf.com\/portal\/wp-content\/uploads\/2026\/03\/1AA-Banner-1-portada-imagen-10-1-copia-15.webp?resize=350%2C200&ssl=1","width":350,"height":200,"srcset":"https:\/\/i0.wp.com\/webdelmaestrocmf.com\/portal\/wp-content\/uploads\/2026\/03\/1AA-Banner-1-portada-imagen-10-1-copia-15.webp?resize=350%2C200&ssl=1 1x, https:\/\/i0.wp.com\/webdelmaestrocmf.com\/portal\/wp-content\/uploads\/2026\/03\/1AA-Banner-1-portada-imagen-10-1-copia-15.webp?resize=525%2C300&ssl=1 1.5x, https:\/\/i0.wp.com\/webdelmaestrocmf.com\/portal\/wp-content\/uploads\/2026\/03\/1AA-Banner-1-portada-imagen-10-1-copia-15.webp?resize=700%2C400&ssl=1 2x, https:\/\/i0.wp.com\/webdelmaestrocmf.com\/portal\/wp-content\/uploads\/2026\/03\/1AA-Banner-1-portada-imagen-10-1-copia-15.webp?resize=1050%2C600&ssl=1 3x"},"classes":[]},{"id":102159,"url":"https:\/\/webdelmaestrocmf.com\/portal\/inger-inkvest-como-puede-ser-responsable-el-docente-si-se-le-quita-la-autoridad-para-organizar-el-trabajo\/","url_meta":{"origin":44319,"position":5},"title":"Inger Enkvist: \u00bfC\u00f3mo puede ser responsable el docente si se le quita la autoridad para organizar el trabajo?","author":"Web del Maestro CMF","date":"9 abril, 2026","format":false,"excerpt":"Sin autoridad para organizar el aula, el docente queda desarmado. La exigencia sin herramientas solo ahuyenta a los mejores.","rel":"","context":"En \u00abEntrevistas\u00bb","block_context":{"text":"Entrevistas","link":"https:\/\/webdelmaestrocmf.com\/portal\/category\/noticias\/entrevistas\/"},"img":{"alt_text":"","src":"https:\/\/i0.wp.com\/webdelmaestrocmf.com\/portal\/wp-content\/uploads\/2024\/01\/1A-Banner-1-portada-imagen-10-1-copia-7.webp?resize=350%2C200&ssl=1","width":350,"height":200,"srcset":"https:\/\/i0.wp.com\/webdelmaestrocmf.com\/portal\/wp-content\/uploads\/2024\/01\/1A-Banner-1-portada-imagen-10-1-copia-7.webp?resize=350%2C200&ssl=1 1x, https:\/\/i0.wp.com\/webdelmaestrocmf.com\/portal\/wp-content\/uploads\/2024\/01\/1A-Banner-1-portada-imagen-10-1-copia-7.webp?resize=525%2C300&ssl=1 1.5x, https:\/\/i0.wp.com\/webdelmaestrocmf.com\/portal\/wp-content\/uploads\/2024\/01\/1A-Banner-1-portada-imagen-10-1-copia-7.webp?resize=700%2C400&ssl=1 2x"},"classes":[]}],"_links":{"self":[{"href":"https:\/\/webdelmaestrocmf.com\/portal\/wp-json\/wp\/v2\/posts\/44319","targetHints":{"allow":["GET"]}}],"collection":[{"href":"https:\/\/webdelmaestrocmf.com\/portal\/wp-json\/wp\/v2\/posts"}],"about":[{"href":"https:\/\/webdelmaestrocmf.com\/portal\/wp-json\/wp\/v2\/types\/post"}],"author":[{"embeddable":true,"href":"https:\/\/webdelmaestrocmf.com\/portal\/wp-json\/wp\/v2\/users\/1"}],"replies":[{"embeddable":true,"href":"https:\/\/webdelmaestrocmf.com\/portal\/wp-json\/wp\/v2\/comments?post=44319"}],"version-history":[{"count":0,"href":"https:\/\/webdelmaestrocmf.com\/portal\/wp-json\/wp\/v2\/posts\/44319\/revisions"}],"wp:featuredmedia":[{"embeddable":true,"href":"https:\/\/webdelmaestrocmf.com\/portal\/wp-json\/wp\/v2\/media\/44320"}],"wp:attachment":[{"href":"https:\/\/webdelmaestrocmf.com\/portal\/wp-json\/wp\/v2\/media?parent=44319"}],"wp:term":[{"taxonomy":"category","embeddable":true,"href":"https:\/\/webdelmaestrocmf.com\/portal\/wp-json\/wp\/v2\/categories?post=44319"},{"taxonomy":"post_tag","embeddable":true,"href":"https:\/\/webdelmaestrocmf.com\/portal\/wp-json\/wp\/v2\/tags?post=44319"}],"curies":[{"name":"wp","href":"https:\/\/api.w.org\/{rel}","templated":true}]}}