{"id":44199,"date":"2020-02-12T13:45:44","date_gmt":"2020-02-12T16:45:44","guid":{"rendered":"https:\/\/webdelmaestrocmf.com\/portal\/?p=44199"},"modified":"2020-03-09T19:30:56","modified_gmt":"2020-03-09T22:30:56","slug":"victoria-mena-educar-la-gran-labor-que-tienen-los-padres-hoy-en-dia","status":"publish","type":"post","link":"https:\/\/webdelmaestrocmf.com\/portal\/victoria-mena-educar-la-gran-labor-que-tienen-los-padres-hoy-en-dia\/","title":{"rendered":"[Victoria Mena] Educar, la gran labor que tienen los padres hoy en d\u00eda"},"content":{"rendered":"<h5 style=\"text-align: justify;\">Hoy quiero hacer una reflexi\u00f3n sobre lo que considero pasa con algunas situaciones sociales; que d\u00eda tras d\u00eda muestran la falta de educaci\u00f3n en la que viven sumidas las familias en el mundo y que ponen de manifiesto que, para poder construir sociedades sanas, mejores y donde sea posible vivir; debemos primero sanar y formar desde lo que no tenemos, desconocemos, pero ante todo de lo que no sentimos.<\/h5>\n<p><!--more--><\/p>\n<p style=\"text-align: justify;\">En unos casos construir, en otros casos transformar y en otros fortalecer el tejido familiar, es a lo que est\u00e1n llamados los adultos. A veces es lamentable, que personas que en la mayor\u00eda de los casos se supone que son adultas <strong>(bueno, no s\u00e9 estad\u00edsticamente cu\u00e1nto porcentaje de padres son adolescentes y cu\u00e1ntos adultos);<\/strong> formen familia para no ejercer su responsabilidad de la manera debida; con fallas en valores, tolerancia, respeto por el otro y por lo otro y un mont\u00f3n de cosas m\u00e1s.<\/p>\n<p><img loading=\"lazy\" decoding=\"async\" class=\"alignnone size-full\" src=\"https:\/\/cdn.dribbble.com\/users\/214505\/screenshots\/3431621\/3sc.gif\" width=\"800\" height=\"600\" \/><\/p>\n<p style=\"text-align: justify;\">En Colombia, son muchos los casos de adultos y familias irresponsables, que definitivamente creen que se trata de tener hijos y ya, y dejan a la sociedad y en especial a la escuela la responsabilidad de proporcionar a sus hijos todo lo necesario.<\/p>\n<p style=\"text-align: justify;\">Hoy, yo no soy Argentina y estamos un poco lejos del pa\u00eds; pero siguiendo el caso de Fernando, es evidente que estamos mal a nivel mundial en temas como salud mental, solidaridad, respeto, valores, construcci\u00f3n de un tejido familiar fuerte. Y es triste que gente <strong>(j\u00f3venes)<\/strong> quiten la vida de alguien por <strong>\u00abbobadas\u00bb.<\/strong><\/p>\n<p><img loading=\"lazy\" decoding=\"async\" class=\"alignnone size-full wp-image-44201\" src=\"https:\/\/webdelmaestrocmf.com\/portal\/wp-content\/uploads\/2020\/02\/2-12.jpg\" alt=\"\" width=\"1100\" height=\"680\" srcset=\"https:\/\/webdelmaestrocmf.com\/portal\/wp-content\/uploads\/2020\/02\/2-12.jpg 1100w, https:\/\/webdelmaestrocmf.com\/portal\/wp-content\/uploads\/2020\/02\/2-12-300x185.jpg 300w, https:\/\/webdelmaestrocmf.com\/portal\/wp-content\/uploads\/2020\/02\/2-12-1024x633.jpg 1024w, https:\/\/webdelmaestrocmf.com\/portal\/wp-content\/uploads\/2020\/02\/2-12-768x475.jpg 768w, https:\/\/webdelmaestrocmf.com\/portal\/wp-content\/uploads\/2020\/02\/2-12-110x68.jpg 110w, https:\/\/webdelmaestrocmf.com\/portal\/wp-content\/uploads\/2020\/02\/2-12-200x124.jpg 200w, https:\/\/webdelmaestrocmf.com\/portal\/wp-content\/uploads\/2020\/02\/2-12-380x235.jpg 380w, https:\/\/webdelmaestrocmf.com\/portal\/wp-content\/uploads\/2020\/02\/2-12-255x158.jpg 255w, https:\/\/webdelmaestrocmf.com\/portal\/wp-content\/uploads\/2020\/02\/2-12-550x340.jpg 550w, https:\/\/webdelmaestrocmf.com\/portal\/wp-content\/uploads\/2020\/02\/2-12-800x495.jpg 800w\" sizes=\"auto, (max-width: 1100px) 100vw, 1100px\" \/><\/p>\n<p style=\"text-align: justify;\">Es lo mismo que ocurre en el Choc\u00f3, y en Quibd\u00f3 en particular, una ciudad de Colombia; d\u00f3nde se ha destruido la sana convivencia y la seguridad de sus habitantes. Y s\u00ed, la escuela debe y est\u00e1 llamada a aportar, ya que \u00e9ste es un espacio que ayuda en la formaci\u00f3n del ser de las personas, por eso es muy importante la contribuci\u00f3n que las instituciones educativas pueden hacer para construir una sociedad mejor.<\/p>\n<p style=\"text-align: justify;\">Pero tambi\u00e9n, en la casa los padres deben hacer su mejor <strong>\u00abpapel\u00bb;<\/strong> sus hijos se merecen que los padres est\u00e9n seguros antes de, que tengan el valor de poner reglas y l\u00edmites claros; y que sobretodo establezcan las jerarqu\u00edas dentro de la familia ya que no pueden ser presos de la violencia filio parental, que cuando toma fuerzas no tiene l\u00edmites.<\/p>\n<p><img loading=\"lazy\" decoding=\"async\" class=\"alignnone size-full wp-image-44202\" src=\"https:\/\/webdelmaestrocmf.com\/portal\/wp-content\/uploads\/2020\/02\/3-9.jpg\" alt=\"\" width=\"1100\" height=\"680\" srcset=\"https:\/\/webdelmaestrocmf.com\/portal\/wp-content\/uploads\/2020\/02\/3-9.jpg 1100w, https:\/\/webdelmaestrocmf.com\/portal\/wp-content\/uploads\/2020\/02\/3-9-300x185.jpg 300w, https:\/\/webdelmaestrocmf.com\/portal\/wp-content\/uploads\/2020\/02\/3-9-1024x633.jpg 1024w, https:\/\/webdelmaestrocmf.com\/portal\/wp-content\/uploads\/2020\/02\/3-9-768x475.jpg 768w, https:\/\/webdelmaestrocmf.com\/portal\/wp-content\/uploads\/2020\/02\/3-9-110x68.jpg 110w, https:\/\/webdelmaestrocmf.com\/portal\/wp-content\/uploads\/2020\/02\/3-9-200x124.jpg 200w, https:\/\/webdelmaestrocmf.com\/portal\/wp-content\/uploads\/2020\/02\/3-9-380x235.jpg 380w, https:\/\/webdelmaestrocmf.com\/portal\/wp-content\/uploads\/2020\/02\/3-9-255x158.jpg 255w, https:\/\/webdelmaestrocmf.com\/portal\/wp-content\/uploads\/2020\/02\/3-9-550x340.jpg 550w, https:\/\/webdelmaestrocmf.com\/portal\/wp-content\/uploads\/2020\/02\/3-9-800x495.jpg 800w\" sizes=\"auto, (max-width: 1100px) 100vw, 1100px\" \/><\/p>\n<p style=\"text-align: justify;\">Son muchas las cosas por decir; y no tengo hijos, no; pero s\u00e9 que no es as\u00ed como se construye familia y tambi\u00e9n s\u00e9 que, si hicieran lo que les toca, ser\u00eda diferente.<\/p>\n<table class=\" alignleft\" border=\"0\" width=\"100%\" cellspacing=\"10\" cellpadding=\"10\">\n<tbody>\n<tr>\n<td style=\"text-align: center;\" width=\"30%\"><strong><img loading=\"lazy\" decoding=\"async\" class=\"size-full wp-image-44204 aligncenter\" src=\"https:\/\/webdelmaestrocmf.com\/portal\/wp-content\/uploads\/2020\/02\/2-13.jpg\" alt=\"\" width=\"200\" height=\"200\" srcset=\"https:\/\/webdelmaestrocmf.com\/portal\/wp-content\/uploads\/2020\/02\/2-13.jpg 200w, https:\/\/webdelmaestrocmf.com\/portal\/wp-content\/uploads\/2020\/02\/2-13-150x150.jpg 150w, https:\/\/webdelmaestrocmf.com\/portal\/wp-content\/uploads\/2020\/02\/2-13-80x80.jpg 80w, https:\/\/webdelmaestrocmf.com\/portal\/wp-content\/uploads\/2020\/02\/2-13-110x110.jpg 110w\" sizes=\"auto, (max-width: 200px) 100vw, 200px\" \/><\/strong><\/p>\n<p><strong>Autor:<\/strong> Maria Victoria Mena Roma\u00f1a, ciudadana Colombiana, nacida en Quibd\u00f3 &#8211; Choc\u00f3.<br \/>\n<strong>Experiencia laboral:<\/strong> Apoyo psicosocial en un programa de primera infancia en la ciudad de Quibd\u00f3- Choc\u00f3 (2017- 2018).<br \/>\n<strong>Experiencia acad\u00e9mica<\/strong>: Psic\u00f3loga con 5 a\u00f1os de experiencia. Diplomado: familia y desarrollo integral Universidad Icesi \u2013 ICBF. Cali, agosto 2018. Diplomado: Intervenci\u00f3n Motivacional en el Aula Pontificia Universidad Javeriana-Santillana Facultad de Educaci\u00f3n. Bogot\u00e1, junio 2018. Diplomado internacional de psicolog\u00eda educativa, instituto salamanca, 2018.<br \/>\n<strong>Actualmente estudiante de maestr\u00eda en psicopedagog\u00eda.<\/strong> Universidad pontificia bolivariana, Medell\u00edn.<br \/>\n<strong>E.mail:<\/strong> <a href=\"mailto:victoria.mena1208@gmail.com\">victoria.mena1208@gmail.com<\/a><br \/>\n<strong style=\"font-family: inherit; font-size: inherit; background-color: transparent;\">Facebook: <\/strong><a style=\"font-family: inherit; font-size: inherit; background-color: transparent;\" href=\"https:\/\/www.facebook.com\/victoria.mena.9\" target=\"_blank\" rel=\"noopener noreferrer\">victoria.mena.9<\/a><\/td>\n<\/tr>\n<\/tbody>\n<\/table>\n<p style=\"text-align: left;\">.<\/p>\n\t\t<div class=\"pk-inline-posts\">\n\t\t\t\n\t\t\t<div class=\"pk-inline-posts-container pk-inline-posts-template-list\"\n\t\t\t\tdata-columns=\"1\">\n\t\t\t\t\t\t<article id=\"post-45219\" class=\"post-45219 post type-post status-publish format-standard has-post-thumbnail category-colaborador category-z-colaboradores-victoria-mena tag-antes tag-educados tag-incluso tag-nacer tag-victoria-mena cs-entry cs-video-wrap\">\n\t\t\t<div class=\"pk-post-outer\">\n\n\t\t\t\t\t\t\t\t<div class=\"pk-post-inner\">\n\t\t\t\t\t<div class=\"entry-thumbnail\">\n\t\t\t\t\t\t<div class=\"pk-overlay pk-overlay-ratio pk-ratio-landscape\">\n\t\t\t\t\t\t\t<div class=\"pk-overlay-background\">\n\t\t\t\t\t\t\t\t<a href=\"https:\/\/webdelmaestrocmf.com\/portal\/victoria-mena-educados-incluso-antes-de-nacer\/\" class=\"pk-overlay-link\">\n\t\t\t\t\t\t\t\t\t<img loading=\"lazy\" decoding=\"async\" width=\"300\" height=\"225\" src=\"https:\/\/webdelmaestrocmf.com\/portal\/wp-content\/uploads\/2020\/03\/1c-11-300x225.jpg\" class=\"attachment-pk-thumbnail size-pk-thumbnail wp-post-image\" alt=\"\" \/>\t\t\t\t\t\t\t\t<\/a>\n\t\t\t\t\t\t\t<\/div>\n\t\t\t\t\t\t<\/div>\n\t\t\t\t\t<\/div>\n\t\t\t\t<\/div>\n\t\t\t\t\n\t\t\t\t<div class=\"pk-post-inner\">\n\t\t\t\t\t<header>\n\t\t\t\t\t\t<h3 class=\"pk-title\"><a href=\"https:\/\/webdelmaestrocmf.com\/portal\/victoria-mena-educados-incluso-antes-de-nacer\/\" rel=\"bookmark\">[Victoria Mena] Educados incluso antes de nacer<\/a><\/h3>\t\t\t\t\t<\/header><!-- .entry-header -->\n\t\t\t\t<\/div><!-- .post-inner -->\n\n\t\t\t<\/div><!-- .post-outer -->\n\t\t<\/article>\n\t\t\t\t<\/div>\n\t\t<\/div>\n\t\t\n","protected":false},"excerpt":{"rendered":"Hoy quiero hacer una reflexi\u00f3n sobre lo que considero pasa con algunas situaciones sociales; que d\u00eda tras d\u00eda&hellip;","protected":false},"author":1,"featured_media":44200,"comment_status":"open","ping_status":"closed","sticky":false,"template":"","format":"standard","meta":{"csco_display_header_overlay":false,"csco_singular_sidebar":"default","csco_page_header_type":"default","csco_page_load_nextpost":"default","csco_post_video_location":[],"csco_post_video_location_hash":"","csco_post_video_url":"","csco_post_video_bg_start_time":0,"csco_post_video_bg_end_time":0,"csco_post_video_bg_volume":false,"_jetpack_memberships_contains_paid_content":false,"footnotes":""},"categories":[1790,4695],"tags":[236,4697,2919,184,4696],"class_list":{"0":"post-44199","1":"post","2":"type-post","3":"status-publish","4":"format-standard","5":"has-post-thumbnail","7":"category-colaborador","8":"category-z-colaboradores-victoria-mena","9":"tag-educar","10":"tag-gran","11":"tag-labor","12":"tag-padres","13":"tag-victoria-mena","14":"cs-entry","15":"cs-video-wrap"},"yoast_head":"<!-- This site is optimized with the Yoast SEO plugin v27.5 - https:\/\/yoast.com\/product\/yoast-seo-wordpress\/ -->\n<title>[Victoria Mena] Educar, la gran labor que tienen los padres hoy en d\u00eda - 2026<\/title>\n<meta name=\"description\" content=\"Hoy quiero hacer una reflexi\u00f3n sobre lo que considero pasa con algunas situaciones sociales; que d\u00eda tras d\u00eda muestran la falta de educaci\u00f3n en la que...\" \/>\n<meta name=\"robots\" content=\"index, follow, max-snippet:-1, max-image-preview:large, max-video-preview:-1\" \/>\n<link rel=\"canonical\" href=\"https:\/\/webdelmaestrocmf.com\/portal\/victoria-mena-educar-la-gran-labor-que-tienen-los-padres-hoy-en-dia\/\" \/>\n<meta property=\"og:locale\" content=\"es_ES\" \/>\n<meta property=\"og:type\" content=\"article\" \/>\n<meta property=\"og:title\" content=\"[Victoria Mena] Educar, la gran labor que tienen los padres hoy en d\u00eda - 2026\" \/>\n<meta property=\"og:description\" content=\"Hoy quiero hacer una reflexi\u00f3n sobre lo que considero pasa con algunas situaciones sociales; que d\u00eda tras d\u00eda muestran la falta de educaci\u00f3n en la que...\" \/>\n<meta property=\"og:url\" content=\"https:\/\/webdelmaestrocmf.com\/portal\/victoria-mena-educar-la-gran-labor-que-tienen-los-padres-hoy-en-dia\/\" \/>\n<meta property=\"og:site_name\" content=\"Web del Maestro CMF\" \/>\n<meta property=\"article:publisher\" content=\"https:\/\/www.facebook.com\/WebdelMaestroCMF\/\" \/>\n<meta property=\"article:author\" content=\"https:\/\/www.facebook.com\/WebdelMaestroCMF\/\" \/>\n<meta property=\"article:published_time\" content=\"2020-02-12T16:45:44+00:00\" \/>\n<meta property=\"article:modified_time\" content=\"2020-03-09T22:30:56+00:00\" \/>\n<meta property=\"og:image\" content=\"https:\/\/i0.wp.com\/webdelmaestrocmf.com\/portal\/wp-content\/uploads\/2020\/02\/1-28.jpg?fit=1100%2C680&ssl=1\" \/>\n\t<meta property=\"og:image:width\" content=\"1100\" \/>\n\t<meta property=\"og:image:height\" content=\"680\" \/>\n\t<meta property=\"og:image:type\" content=\"image\/jpeg\" \/>\n<meta name=\"author\" content=\"Web del Maestro CMF\" \/>\n<meta name=\"twitter:card\" content=\"summary_large_image\" \/>\n<meta name=\"twitter:creator\" content=\"@cmf_w\" \/>\n<meta name=\"twitter:site\" content=\"@cmf_w\" \/>\n<script type=\"application\/ld+json\" class=\"yoast-schema-graph\">{\"@context\":\"https:\\\/\\\/schema.org\",\"@graph\":[{\"@type\":\"ScholarlyArticle\",\"@id\":\"https:\\\/\\\/webdelmaestrocmf.com\\\/portal\\\/victoria-mena-educar-la-gran-labor-que-tienen-los-padres-hoy-en-dia\\\/#article\",\"isPartOf\":{\"@id\":\"https:\\\/\\\/webdelmaestrocmf.com\\\/portal\\\/victoria-mena-educar-la-gran-labor-que-tienen-los-padres-hoy-en-dia\\\/\"},\"author\":{\"name\":\"Web del Maestro CMF\",\"@id\":\"https:\\\/\\\/webdelmaestrocmf.com\\\/portal\\\/#\\\/schema\\\/person\\\/1072a2ed7bd960df8ef99a551fa35dc5\"},\"headline\":\"[Victoria Mena] Educar, la gran labor que tienen los padres hoy en d\u00eda\",\"datePublished\":\"2020-02-12T16:45:44+00:00\",\"dateModified\":\"2020-03-09T22:30:56+00:00\",\"mainEntityOfPage\":{\"@id\":\"https:\\\/\\\/webdelmaestrocmf.com\\\/portal\\\/victoria-mena-educar-la-gran-labor-que-tienen-los-padres-hoy-en-dia\\\/\"},\"wordCount\":554,\"commentCount\":0,\"publisher\":{\"@id\":\"https:\\\/\\\/webdelmaestrocmf.com\\\/portal\\\/#organization\"},\"image\":{\"@id\":\"https:\\\/\\\/webdelmaestrocmf.com\\\/portal\\\/victoria-mena-educar-la-gran-labor-que-tienen-los-padres-hoy-en-dia\\\/#primaryimage\"},\"thumbnailUrl\":\"https:\\\/\\\/webdelmaestrocmf.com\\\/portal\\\/wp-content\\\/uploads\\\/2020\\\/02\\\/1-28.jpg\",\"keywords\":[\"educar\",\"gran\",\"LABOR\",\"padres\",\"Victoria Mena\"],\"articleSection\":[\"Z-Colaboradores\",\"Z-Colaboradores-Victoria-Mena\"],\"inLanguage\":\"es\",\"potentialAction\":[{\"@type\":\"CommentAction\",\"name\":\"Comment\",\"target\":[\"https:\\\/\\\/webdelmaestrocmf.com\\\/portal\\\/victoria-mena-educar-la-gran-labor-que-tienen-los-padres-hoy-en-dia\\\/#respond\"]}]},{\"@type\":\"WebPage\",\"@id\":\"https:\\\/\\\/webdelmaestrocmf.com\\\/portal\\\/victoria-mena-educar-la-gran-labor-que-tienen-los-padres-hoy-en-dia\\\/\",\"url\":\"https:\\\/\\\/webdelmaestrocmf.com\\\/portal\\\/victoria-mena-educar-la-gran-labor-que-tienen-los-padres-hoy-en-dia\\\/\",\"name\":\"[Victoria Mena] Educar, la gran labor que tienen los padres hoy en d\u00eda - 2026\",\"isPartOf\":{\"@id\":\"https:\\\/\\\/webdelmaestrocmf.com\\\/portal\\\/#website\"},\"primaryImageOfPage\":{\"@id\":\"https:\\\/\\\/webdelmaestrocmf.com\\\/portal\\\/victoria-mena-educar-la-gran-labor-que-tienen-los-padres-hoy-en-dia\\\/#primaryimage\"},\"image\":{\"@id\":\"https:\\\/\\\/webdelmaestrocmf.com\\\/portal\\\/victoria-mena-educar-la-gran-labor-que-tienen-los-padres-hoy-en-dia\\\/#primaryimage\"},\"thumbnailUrl\":\"https:\\\/\\\/webdelmaestrocmf.com\\\/portal\\\/wp-content\\\/uploads\\\/2020\\\/02\\\/1-28.jpg\",\"datePublished\":\"2020-02-12T16:45:44+00:00\",\"dateModified\":\"2020-03-09T22:30:56+00:00\",\"description\":\"Hoy quiero hacer una reflexi\u00f3n sobre lo que considero pasa con algunas situaciones sociales; que d\u00eda tras d\u00eda muestran la falta de educaci\u00f3n en la que...\",\"breadcrumb\":{\"@id\":\"https:\\\/\\\/webdelmaestrocmf.com\\\/portal\\\/victoria-mena-educar-la-gran-labor-que-tienen-los-padres-hoy-en-dia\\\/#breadcrumb\"},\"inLanguage\":\"es\",\"potentialAction\":[{\"@type\":\"ReadAction\",\"target\":[\"https:\\\/\\\/webdelmaestrocmf.com\\\/portal\\\/victoria-mena-educar-la-gran-labor-que-tienen-los-padres-hoy-en-dia\\\/\"]}]},{\"@type\":\"ImageObject\",\"inLanguage\":\"es\",\"@id\":\"https:\\\/\\\/webdelmaestrocmf.com\\\/portal\\\/victoria-mena-educar-la-gran-labor-que-tienen-los-padres-hoy-en-dia\\\/#primaryimage\",\"url\":\"https:\\\/\\\/webdelmaestrocmf.com\\\/portal\\\/wp-content\\\/uploads\\\/2020\\\/02\\\/1-28.jpg\",\"contentUrl\":\"https:\\\/\\\/webdelmaestrocmf.com\\\/portal\\\/wp-content\\\/uploads\\\/2020\\\/02\\\/1-28.jpg\",\"width\":1100,\"height\":680},{\"@type\":\"BreadcrumbList\",\"@id\":\"https:\\\/\\\/webdelmaestrocmf.com\\\/portal\\\/victoria-mena-educar-la-gran-labor-que-tienen-los-padres-hoy-en-dia\\\/#breadcrumb\",\"itemListElement\":[{\"@type\":\"ListItem\",\"position\":1,\"name\":\"Portada\",\"item\":\"https:\\\/\\\/webdelmaestrocmf.com\\\/portal\\\/\"},{\"@type\":\"ListItem\",\"position\":2,\"name\":\"Z-Colaboradores\",\"item\":\"https:\\\/\\\/webdelmaestrocmf.com\\\/portal\\\/category\\\/colaborador\\\/\"},{\"@type\":\"ListItem\",\"position\":3,\"name\":\"[Victoria Mena] Educar, la gran labor que tienen los padres hoy en d\u00eda\"}]},{\"@type\":\"WebSite\",\"@id\":\"https:\\\/\\\/webdelmaestrocmf.com\\\/portal\\\/#website\",\"url\":\"https:\\\/\\\/webdelmaestrocmf.com\\\/portal\\\/\",\"name\":\"Web del Maestro CMF\",\"description\":\"Maestros al servicio de la educaci\u00f3n\",\"publisher\":{\"@id\":\"https:\\\/\\\/webdelmaestrocmf.com\\\/portal\\\/#organization\"},\"alternateName\":\"WMCMF\",\"potentialAction\":[{\"@type\":\"SearchAction\",\"target\":{\"@type\":\"EntryPoint\",\"urlTemplate\":\"https:\\\/\\\/webdelmaestrocmf.com\\\/portal\\\/?s={search_term_string}\"},\"query-input\":{\"@type\":\"PropertyValueSpecification\",\"valueRequired\":true,\"valueName\":\"search_term_string\"}}],\"inLanguage\":\"es\"},{\"@type\":\"Organization\",\"@id\":\"https:\\\/\\\/webdelmaestrocmf.com\\\/portal\\\/#organization\",\"name\":\"Web del Maestro CMF\",\"alternateName\":\"WMCMF\",\"url\":\"https:\\\/\\\/webdelmaestrocmf.com\\\/portal\\\/\",\"logo\":{\"@type\":\"ImageObject\",\"inLanguage\":\"es\",\"@id\":\"https:\\\/\\\/webdelmaestrocmf.com\\\/portal\\\/#\\\/schema\\\/logo\\\/image\\\/\",\"url\":\"https:\\\/\\\/webdelmaestrocmf.com\\\/portal\\\/wp-content\\\/uploads\\\/2023\\\/01\\\/logo-wmcmf-2.png\",\"contentUrl\":\"https:\\\/\\\/webdelmaestrocmf.com\\\/portal\\\/wp-content\\\/uploads\\\/2023\\\/01\\\/logo-wmcmf-2.png\",\"width\":200,\"height\":60,\"caption\":\"Web del Maestro CMF\"},\"image\":{\"@id\":\"https:\\\/\\\/webdelmaestrocmf.com\\\/portal\\\/#\\\/schema\\\/logo\\\/image\\\/\"},\"sameAs\":[\"https:\\\/\\\/www.facebook.com\\\/WebdelMaestroCMF\\\/\",\"https:\\\/\\\/x.com\\\/cmf_w\",\"https:\\\/\\\/www.pinterest.com\\\/WMCMF\\\/\",\"https:\\\/\\\/www.linkedin.com\\\/company\\\/web-del-maestro-cmf\\\/\",\"https:\\\/\\\/www.instagram.com\\\/wmcmf\\\/\",\"https:\\\/\\\/www.youtube.com\\\/channel\\\/UCDPSvjbdodE5sHnC3OxutHw\",\"https:\\\/\\\/mastodon.social\\\/@wmcmf\",\"https:\\\/\\\/www.tiktok.com\\\/@webdelmaestrocmf\"]},{\"@type\":\"Person\",\"@id\":\"https:\\\/\\\/webdelmaestrocmf.com\\\/portal\\\/#\\\/schema\\\/person\\\/1072a2ed7bd960df8ef99a551fa35dc5\",\"name\":\"Web del Maestro CMF\",\"image\":{\"@type\":\"ImageObject\",\"inLanguage\":\"es\",\"@id\":\"https:\\\/\\\/secure.gravatar.com\\\/avatar\\\/23291dd5b5ae1077dcff3dbb04c3e02bd28403fa75af6d8787d5e97c5bbbe30b?s=96&d=mm&r=g\",\"url\":\"https:\\\/\\\/secure.gravatar.com\\\/avatar\\\/23291dd5b5ae1077dcff3dbb04c3e02bd28403fa75af6d8787d5e97c5bbbe30b?s=96&d=mm&r=g\",\"contentUrl\":\"https:\\\/\\\/secure.gravatar.com\\\/avatar\\\/23291dd5b5ae1077dcff3dbb04c3e02bd28403fa75af6d8787d5e97c5bbbe30b?s=96&d=mm&r=g\",\"caption\":\"Web del Maestro CMF\"},\"description\":\"Esta Web se cre\u00f3 sin fines de lucro, con fines educativos, cient\u00edficos y acad\u00e9micos, para personas que tengan dificultades y\\\/o inconvenientes en visualizar el material original. El objetivo es entregar recursos, compartir experiencias y materiales que ayuden a los padres de familia, maestros y estudiantes en su actualizaci\u00f3n y formaci\u00f3n permanente, en bien de la Educaci\u00f3n.\",\"sameAs\":[\"http:\\\/\\\/webdelmaestrocmf.com\\\/portal\",\"https:\\\/\\\/www.facebook.com\\\/WebdelMaestroCMF\\\/\",\"https:\\\/\\\/www.instagram.com\\\/wmcmf\\\/\",\"https:\\\/\\\/cl.linkedin.com\\\/company\\\/web-del-maestro-cmf\",\"https:\\\/\\\/www.pinterest.com\\\/WMCMF\\\/publicaciones\\\/\",\"https:\\\/\\\/x.com\\\/cmf_w\",\"https:\\\/\\\/www.youtube.com\\\/@WMCMF\"]}]}<\/script>\n<!-- \/ Yoast SEO plugin. -->","yoast_head_json":{"title":"[Victoria Mena] Educar, la gran labor que tienen los padres hoy en d\u00eda - 2026","description":"Hoy quiero hacer una reflexi\u00f3n sobre lo que considero pasa con algunas situaciones sociales; que d\u00eda tras d\u00eda muestran la falta de educaci\u00f3n en la que...","robots":{"index":"index","follow":"follow","max-snippet":"max-snippet:-1","max-image-preview":"max-image-preview:large","max-video-preview":"max-video-preview:-1"},"canonical":"https:\/\/webdelmaestrocmf.com\/portal\/victoria-mena-educar-la-gran-labor-que-tienen-los-padres-hoy-en-dia\/","og_locale":"es_ES","og_type":"article","og_title":"[Victoria Mena] Educar, la gran labor que tienen los padres hoy en d\u00eda - 2026","og_description":"Hoy quiero hacer una reflexi\u00f3n sobre lo que considero pasa con algunas situaciones sociales; que d\u00eda tras d\u00eda muestran la falta de educaci\u00f3n en la que...","og_url":"https:\/\/webdelmaestrocmf.com\/portal\/victoria-mena-educar-la-gran-labor-que-tienen-los-padres-hoy-en-dia\/","og_site_name":"Web del Maestro CMF","article_publisher":"https:\/\/www.facebook.com\/WebdelMaestroCMF\/","article_author":"https:\/\/www.facebook.com\/WebdelMaestroCMF\/","article_published_time":"2020-02-12T16:45:44+00:00","article_modified_time":"2020-03-09T22:30:56+00:00","og_image":[{"width":1100,"height":680,"url":"https:\/\/i0.wp.com\/webdelmaestrocmf.com\/portal\/wp-content\/uploads\/2020\/02\/1-28.jpg?fit=1100%2C680&ssl=1","type":"image\/jpeg"}],"author":"Web del Maestro CMF","twitter_card":"summary_large_image","twitter_creator":"@cmf_w","twitter_site":"@cmf_w","schema":{"@context":"https:\/\/schema.org","@graph":[{"@type":"ScholarlyArticle","@id":"https:\/\/webdelmaestrocmf.com\/portal\/victoria-mena-educar-la-gran-labor-que-tienen-los-padres-hoy-en-dia\/#article","isPartOf":{"@id":"https:\/\/webdelmaestrocmf.com\/portal\/victoria-mena-educar-la-gran-labor-que-tienen-los-padres-hoy-en-dia\/"},"author":{"name":"Web del Maestro CMF","@id":"https:\/\/webdelmaestrocmf.com\/portal\/#\/schema\/person\/1072a2ed7bd960df8ef99a551fa35dc5"},"headline":"[Victoria Mena] Educar, la gran labor que tienen los padres hoy en d\u00eda","datePublished":"2020-02-12T16:45:44+00:00","dateModified":"2020-03-09T22:30:56+00:00","mainEntityOfPage":{"@id":"https:\/\/webdelmaestrocmf.com\/portal\/victoria-mena-educar-la-gran-labor-que-tienen-los-padres-hoy-en-dia\/"},"wordCount":554,"commentCount":0,"publisher":{"@id":"https:\/\/webdelmaestrocmf.com\/portal\/#organization"},"image":{"@id":"https:\/\/webdelmaestrocmf.com\/portal\/victoria-mena-educar-la-gran-labor-que-tienen-los-padres-hoy-en-dia\/#primaryimage"},"thumbnailUrl":"https:\/\/webdelmaestrocmf.com\/portal\/wp-content\/uploads\/2020\/02\/1-28.jpg","keywords":["educar","gran","LABOR","padres","Victoria Mena"],"articleSection":["Z-Colaboradores","Z-Colaboradores-Victoria-Mena"],"inLanguage":"es","potentialAction":[{"@type":"CommentAction","name":"Comment","target":["https:\/\/webdelmaestrocmf.com\/portal\/victoria-mena-educar-la-gran-labor-que-tienen-los-padres-hoy-en-dia\/#respond"]}]},{"@type":"WebPage","@id":"https:\/\/webdelmaestrocmf.com\/portal\/victoria-mena-educar-la-gran-labor-que-tienen-los-padres-hoy-en-dia\/","url":"https:\/\/webdelmaestrocmf.com\/portal\/victoria-mena-educar-la-gran-labor-que-tienen-los-padres-hoy-en-dia\/","name":"[Victoria Mena] Educar, la gran labor que tienen los padres hoy en d\u00eda - 2026","isPartOf":{"@id":"https:\/\/webdelmaestrocmf.com\/portal\/#website"},"primaryImageOfPage":{"@id":"https:\/\/webdelmaestrocmf.com\/portal\/victoria-mena-educar-la-gran-labor-que-tienen-los-padres-hoy-en-dia\/#primaryimage"},"image":{"@id":"https:\/\/webdelmaestrocmf.com\/portal\/victoria-mena-educar-la-gran-labor-que-tienen-los-padres-hoy-en-dia\/#primaryimage"},"thumbnailUrl":"https:\/\/webdelmaestrocmf.com\/portal\/wp-content\/uploads\/2020\/02\/1-28.jpg","datePublished":"2020-02-12T16:45:44+00:00","dateModified":"2020-03-09T22:30:56+00:00","description":"Hoy quiero hacer una reflexi\u00f3n sobre lo que considero pasa con algunas situaciones sociales; que d\u00eda tras d\u00eda muestran la falta de educaci\u00f3n en la que...","breadcrumb":{"@id":"https:\/\/webdelmaestrocmf.com\/portal\/victoria-mena-educar-la-gran-labor-que-tienen-los-padres-hoy-en-dia\/#breadcrumb"},"inLanguage":"es","potentialAction":[{"@type":"ReadAction","target":["https:\/\/webdelmaestrocmf.com\/portal\/victoria-mena-educar-la-gran-labor-que-tienen-los-padres-hoy-en-dia\/"]}]},{"@type":"ImageObject","inLanguage":"es","@id":"https:\/\/webdelmaestrocmf.com\/portal\/victoria-mena-educar-la-gran-labor-que-tienen-los-padres-hoy-en-dia\/#primaryimage","url":"https:\/\/webdelmaestrocmf.com\/portal\/wp-content\/uploads\/2020\/02\/1-28.jpg","contentUrl":"https:\/\/webdelmaestrocmf.com\/portal\/wp-content\/uploads\/2020\/02\/1-28.jpg","width":1100,"height":680},{"@type":"BreadcrumbList","@id":"https:\/\/webdelmaestrocmf.com\/portal\/victoria-mena-educar-la-gran-labor-que-tienen-los-padres-hoy-en-dia\/#breadcrumb","itemListElement":[{"@type":"ListItem","position":1,"name":"Portada","item":"https:\/\/webdelmaestrocmf.com\/portal\/"},{"@type":"ListItem","position":2,"name":"Z-Colaboradores","item":"https:\/\/webdelmaestrocmf.com\/portal\/category\/colaborador\/"},{"@type":"ListItem","position":3,"name":"[Victoria Mena] Educar, la gran labor que tienen los padres hoy en d\u00eda"}]},{"@type":"WebSite","@id":"https:\/\/webdelmaestrocmf.com\/portal\/#website","url":"https:\/\/webdelmaestrocmf.com\/portal\/","name":"Web del Maestro CMF","description":"Maestros al servicio de la educaci\u00f3n","publisher":{"@id":"https:\/\/webdelmaestrocmf.com\/portal\/#organization"},"alternateName":"WMCMF","potentialAction":[{"@type":"SearchAction","target":{"@type":"EntryPoint","urlTemplate":"https:\/\/webdelmaestrocmf.com\/portal\/?s={search_term_string}"},"query-input":{"@type":"PropertyValueSpecification","valueRequired":true,"valueName":"search_term_string"}}],"inLanguage":"es"},{"@type":"Organization","@id":"https:\/\/webdelmaestrocmf.com\/portal\/#organization","name":"Web del Maestro CMF","alternateName":"WMCMF","url":"https:\/\/webdelmaestrocmf.com\/portal\/","logo":{"@type":"ImageObject","inLanguage":"es","@id":"https:\/\/webdelmaestrocmf.com\/portal\/#\/schema\/logo\/image\/","url":"https:\/\/webdelmaestrocmf.com\/portal\/wp-content\/uploads\/2023\/01\/logo-wmcmf-2.png","contentUrl":"https:\/\/webdelmaestrocmf.com\/portal\/wp-content\/uploads\/2023\/01\/logo-wmcmf-2.png","width":200,"height":60,"caption":"Web del Maestro CMF"},"image":{"@id":"https:\/\/webdelmaestrocmf.com\/portal\/#\/schema\/logo\/image\/"},"sameAs":["https:\/\/www.facebook.com\/WebdelMaestroCMF\/","https:\/\/x.com\/cmf_w","https:\/\/www.pinterest.com\/WMCMF\/","https:\/\/www.linkedin.com\/company\/web-del-maestro-cmf\/","https:\/\/www.instagram.com\/wmcmf\/","https:\/\/www.youtube.com\/channel\/UCDPSvjbdodE5sHnC3OxutHw","https:\/\/mastodon.social\/@wmcmf","https:\/\/www.tiktok.com\/@webdelmaestrocmf"]},{"@type":"Person","@id":"https:\/\/webdelmaestrocmf.com\/portal\/#\/schema\/person\/1072a2ed7bd960df8ef99a551fa35dc5","name":"Web del Maestro CMF","image":{"@type":"ImageObject","inLanguage":"es","@id":"https:\/\/secure.gravatar.com\/avatar\/23291dd5b5ae1077dcff3dbb04c3e02bd28403fa75af6d8787d5e97c5bbbe30b?s=96&d=mm&r=g","url":"https:\/\/secure.gravatar.com\/avatar\/23291dd5b5ae1077dcff3dbb04c3e02bd28403fa75af6d8787d5e97c5bbbe30b?s=96&d=mm&r=g","contentUrl":"https:\/\/secure.gravatar.com\/avatar\/23291dd5b5ae1077dcff3dbb04c3e02bd28403fa75af6d8787d5e97c5bbbe30b?s=96&d=mm&r=g","caption":"Web del Maestro CMF"},"description":"Esta Web se cre\u00f3 sin fines de lucro, con fines educativos, cient\u00edficos y acad\u00e9micos, para personas que tengan dificultades y\/o inconvenientes en visualizar el material original. El objetivo es entregar recursos, compartir experiencias y materiales que ayuden a los padres de familia, maestros y estudiantes en su actualizaci\u00f3n y formaci\u00f3n permanente, en bien de la Educaci\u00f3n.","sameAs":["http:\/\/webdelmaestrocmf.com\/portal","https:\/\/www.facebook.com\/WebdelMaestroCMF\/","https:\/\/www.instagram.com\/wmcmf\/","https:\/\/cl.linkedin.com\/company\/web-del-maestro-cmf","https:\/\/www.pinterest.com\/WMCMF\/publicaciones\/","https:\/\/x.com\/cmf_w","https:\/\/www.youtube.com\/@WMCMF"]}]}},"jetpack_featured_media_url":"https:\/\/webdelmaestrocmf.com\/portal\/wp-content\/uploads\/2020\/02\/1-28.jpg","jetpack_sharing_enabled":true,"jetpack-related-posts":[{"id":45219,"url":"https:\/\/webdelmaestrocmf.com\/portal\/victoria-mena-educados-incluso-antes-de-nacer\/","url_meta":{"origin":44199,"position":0},"title":"[Victoria Mena] Educados incluso antes de nacer","author":"Web del Maestro CMF","date":"9 marzo, 2020","format":false,"excerpt":"Algunas personas piensan que por el hecho de un ni\u00f1o estar en proceso de gestaci\u00f3n, no puede ser educado por sus padres y menos a\u00fan tener la importancia que todos los seres humanos merecen; por eso estas l\u00edneas son importantes, porque te dan ciertas pautas para que tu hijo sea\u2026","rel":"","context":"En \u00abZ-Colaboradores\u00bb","block_context":{"text":"Z-Colaboradores","link":"https:\/\/webdelmaestrocmf.com\/portal\/category\/colaborador\/"},"img":{"alt_text":"","src":"https:\/\/i0.wp.com\/webdelmaestrocmf.com\/portal\/wp-content\/uploads\/2020\/03\/1c-11.jpg?resize=350%2C200&ssl=1","width":350,"height":200,"srcset":"https:\/\/i0.wp.com\/webdelmaestrocmf.com\/portal\/wp-content\/uploads\/2020\/03\/1c-11.jpg?resize=350%2C200&ssl=1 1x, https:\/\/i0.wp.com\/webdelmaestrocmf.com\/portal\/wp-content\/uploads\/2020\/03\/1c-11.jpg?resize=525%2C300&ssl=1 1.5x, https:\/\/i0.wp.com\/webdelmaestrocmf.com\/portal\/wp-content\/uploads\/2020\/03\/1c-11.jpg?resize=700%2C400&ssl=1 2x, https:\/\/i0.wp.com\/webdelmaestrocmf.com\/portal\/wp-content\/uploads\/2020\/03\/1c-11.jpg?resize=1050%2C600&ssl=1 3x"},"classes":[]},{"id":32943,"url":"https:\/\/webdelmaestrocmf.com\/portal\/padres-recuerden-que-la-buena-educacion-y-la-formacion-en-valores-vienen-de-casa\/","url_meta":{"origin":44199,"position":1},"title":"Padres recuerden que la buena educaci\u00f3n y la formaci\u00f3n en valores vienen de casa","author":"Web del Maestro CMF","date":"16 noviembre, 2019","format":false,"excerpt":"Si bien es cierto que la actual crisis de valores, que existe en la sociedad, obliga a establecer reformas educativas que paleen la decadencia social que se vive; de nada valdr\u00e1n estos esfuerzos para mejorar la calidad educativa, si no existe una preocupaci\u00f3n por parte de los padres en educar\u2026","rel":"","context":"En \u00abEducaci\u00f3n y Familia\u00bb","block_context":{"text":"Educaci\u00f3n y Familia","link":"https:\/\/webdelmaestrocmf.com\/portal\/category\/pedagogia\/educacion-y-familia\/"},"img":{"alt_text":"","src":"https:\/\/i0.wp.com\/webdelmaestrocmf.com\/portal\/wp-content\/uploads\/2019\/11\/Banner-1-portada-imagen-10-1-1.jpg?resize=350%2C200&ssl=1","width":350,"height":200,"srcset":"https:\/\/i0.wp.com\/webdelmaestrocmf.com\/portal\/wp-content\/uploads\/2019\/11\/Banner-1-portada-imagen-10-1-1.jpg?resize=350%2C200&ssl=1 1x, https:\/\/i0.wp.com\/webdelmaestrocmf.com\/portal\/wp-content\/uploads\/2019\/11\/Banner-1-portada-imagen-10-1-1.jpg?resize=525%2C300&ssl=1 1.5x, https:\/\/i0.wp.com\/webdelmaestrocmf.com\/portal\/wp-content\/uploads\/2019\/11\/Banner-1-portada-imagen-10-1-1.jpg?resize=700%2C400&ssl=1 2x"},"classes":[]},{"id":26846,"url":"https:\/\/webdelmaestrocmf.com\/portal\/la-labor-pedagogica-de-los-docentes-y-tambien-de-los-padres-ya-no-es-la-de-informar-es-la-de-guiar\/","url_meta":{"origin":44199,"position":2},"title":"Nora Rodr\u00edguez: La labor pedag\u00f3gica de los docentes y tambi\u00e9n de los padres ya no es la de informar, es la de guiar","author":"Web del Maestro CMF","date":"12 marzo, 2018","format":false,"excerpt":"La Periodista de El Mundo Castell\u00f3n al D\u00eda (Espa\u00f1a), Carmen Hern\u00e1ndez, entrevist\u00f3 a la pedagoga y escritora argentina Nora Rodr\u00edguez, creadora del programa Educar para la felicidad, para aulas libres de violencia. Autora de m\u00e1s de treinta libros sobre c\u00f3mo educar a ni\u00f1os y adolescentes en sinton\u00eda con el cerebro.\u2026","rel":"","context":"En \u00abEntrevistas\u00bb","block_context":{"text":"Entrevistas","link":"https:\/\/webdelmaestrocmf.com\/portal\/category\/noticias\/entrevistas\/"},"img":{"alt_text":"","src":"https:\/\/i0.wp.com\/webdelmaestrocmf.com\/portal\/wp-content\/uploads\/2018\/03\/Nora-Rodriguez.jpg?resize=350%2C200&ssl=1","width":350,"height":200,"srcset":"https:\/\/i0.wp.com\/webdelmaestrocmf.com\/portal\/wp-content\/uploads\/2018\/03\/Nora-Rodriguez.jpg?resize=350%2C200&ssl=1 1x, https:\/\/i0.wp.com\/webdelmaestrocmf.com\/portal\/wp-content\/uploads\/2018\/03\/Nora-Rodriguez.jpg?resize=525%2C300&ssl=1 1.5x, https:\/\/i0.wp.com\/webdelmaestrocmf.com\/portal\/wp-content\/uploads\/2018\/03\/Nora-Rodriguez.jpg?resize=700%2C400&ssl=1 2x, https:\/\/i0.wp.com\/webdelmaestrocmf.com\/portal\/wp-content\/uploads\/2018\/03\/Nora-Rodriguez.jpg?resize=1050%2C600&ssl=1 3x"},"classes":[]},{"id":117133,"url":"https:\/\/webdelmaestrocmf.com\/portal\/padre-se-molesta-al-encontrar-a-su-menor-hijo-realizando-labores-de-limpieza-dentro-del-aula\/","url_meta":{"origin":44199,"position":3},"title":"Padre se molesta al encontrar a su menor hijo realizando labores de limpieza dentro del aula","author":"Web del Maestro CMF","date":"30 marzo, 2026","format":false,"excerpt":"Lo encontr\u00f3 trapeando y moviendo muebles en el aula en lugar de jugar o aprender, cuestionando pr\u00e1cticas escolares y el rol asignado a ni\u00f1os peque\u00f1os.","rel":"","context":"En \u00abNoticias Internacionales\u00bb","block_context":{"text":"Noticias Internacionales","link":"https:\/\/webdelmaestrocmf.com\/portal\/category\/noticias-internacionales\/"},"img":{"alt_text":"","src":"https:\/\/i0.wp.com\/webdelmaestrocmf.com\/portal\/wp-content\/uploads\/2026\/03\/1AA-Banner-1-portada-imagen-10-1-copia-24.webp?resize=350%2C200&ssl=1","width":350,"height":200,"srcset":"https:\/\/i0.wp.com\/webdelmaestrocmf.com\/portal\/wp-content\/uploads\/2026\/03\/1AA-Banner-1-portada-imagen-10-1-copia-24.webp?resize=350%2C200&ssl=1 1x, https:\/\/i0.wp.com\/webdelmaestrocmf.com\/portal\/wp-content\/uploads\/2026\/03\/1AA-Banner-1-portada-imagen-10-1-copia-24.webp?resize=525%2C300&ssl=1 1.5x, https:\/\/i0.wp.com\/webdelmaestrocmf.com\/portal\/wp-content\/uploads\/2026\/03\/1AA-Banner-1-portada-imagen-10-1-copia-24.webp?resize=700%2C400&ssl=1 2x, https:\/\/i0.wp.com\/webdelmaestrocmf.com\/portal\/wp-content\/uploads\/2026\/03\/1AA-Banner-1-portada-imagen-10-1-copia-24.webp?resize=1050%2C600&ssl=1 3x"},"classes":[]},{"id":87598,"url":"https:\/\/webdelmaestrocmf.com\/portal\/ya-lo-dijo-jose-saramago-la-educacion-esta-en-la-familia-no-en-las-escuelas\/","url_meta":{"origin":44199,"position":4},"title":"Ya lo dijo Jos\u00e9 Saramago: \u00abLa educaci\u00f3n est\u00e1 en la familia, no en las escuelas\u00bb","author":"Web del Maestro CMF","date":"28 diciembre, 2024","format":false,"excerpt":"Jos\u00e9 Saramago naci\u00f3 en la aldea portuguesa Azinhaga el 16 de noviembre de 1922. Era hijo de campesinos pobres. Pas\u00f3 su infancia en el pueblo de Azinhaga, la familia se traslad\u00f3 un tiempo a Argentina, y despu\u00e9s se afincaron en Lisboa. Public\u00f3 su primera novela, Tierra de pecado, en 1947.\u2026","rel":"","context":"En \u00abRecursos\u00bb","block_context":{"text":"Recursos","link":"https:\/\/webdelmaestrocmf.com\/portal\/category\/pedagogia\/"},"img":{"alt_text":"","src":"https:\/\/i0.wp.com\/webdelmaestrocmf.com\/portal\/wp-content\/uploads\/2023\/04\/Banner-1-portada-imagen-10-1-43.jpg?resize=350%2C200&ssl=1","width":350,"height":200,"srcset":"https:\/\/i0.wp.com\/webdelmaestrocmf.com\/portal\/wp-content\/uploads\/2023\/04\/Banner-1-portada-imagen-10-1-43.jpg?resize=350%2C200&ssl=1 1x, https:\/\/i0.wp.com\/webdelmaestrocmf.com\/portal\/wp-content\/uploads\/2023\/04\/Banner-1-portada-imagen-10-1-43.jpg?resize=525%2C300&ssl=1 1.5x, https:\/\/i0.wp.com\/webdelmaestrocmf.com\/portal\/wp-content\/uploads\/2023\/04\/Banner-1-portada-imagen-10-1-43.jpg?resize=700%2C400&ssl=1 2x"},"classes":[]},{"id":113495,"url":"https:\/\/webdelmaestrocmf.com\/portal\/en-salta-crearan-una-escuela-para-padres-para-prevenir-el-grooming-y-fortalecer-el-rol-de-la-familia\/","url_meta":{"origin":44199,"position":5},"title":"En Salta crear\u00e1n una escuela para padres para prevenir el grooming y fortalecer el rol de la familia","author":"Web del Maestro CMF","date":"14 noviembre, 2025","format":false,"excerpt":"La propuesta de una \u201cescuela para padres\u201d en Salta no es solo una medida educativa, sino una respuesta urgente a la creciente captaci\u00f3n de menores en entornos digitales. El programa busca que las familias aprendan a reconocer riesgos, acompa\u00f1en de manera activa y comprendan que la prevenci\u00f3n de la trata\u2026","rel":"","context":"En \u00abNoticias Internacionales\u00bb","block_context":{"text":"Noticias Internacionales","link":"https:\/\/webdelmaestrocmf.com\/portal\/category\/noticias-internacionales\/"},"img":{"alt_text":"","src":"https:\/\/i0.wp.com\/webdelmaestrocmf.com\/portal\/wp-content\/uploads\/2025\/11\/1A-Banner-1-portada-imagen-10-1-copia-1-4.webp?resize=350%2C200&ssl=1","width":350,"height":200,"srcset":"https:\/\/i0.wp.com\/webdelmaestrocmf.com\/portal\/wp-content\/uploads\/2025\/11\/1A-Banner-1-portada-imagen-10-1-copia-1-4.webp?resize=350%2C200&ssl=1 1x, https:\/\/i0.wp.com\/webdelmaestrocmf.com\/portal\/wp-content\/uploads\/2025\/11\/1A-Banner-1-portada-imagen-10-1-copia-1-4.webp?resize=525%2C300&ssl=1 1.5x, https:\/\/i0.wp.com\/webdelmaestrocmf.com\/portal\/wp-content\/uploads\/2025\/11\/1A-Banner-1-portada-imagen-10-1-copia-1-4.webp?resize=700%2C400&ssl=1 2x"},"classes":[]}],"_links":{"self":[{"href":"https:\/\/webdelmaestrocmf.com\/portal\/wp-json\/wp\/v2\/posts\/44199","targetHints":{"allow":["GET"]}}],"collection":[{"href":"https:\/\/webdelmaestrocmf.com\/portal\/wp-json\/wp\/v2\/posts"}],"about":[{"href":"https:\/\/webdelmaestrocmf.com\/portal\/wp-json\/wp\/v2\/types\/post"}],"author":[{"embeddable":true,"href":"https:\/\/webdelmaestrocmf.com\/portal\/wp-json\/wp\/v2\/users\/1"}],"replies":[{"embeddable":true,"href":"https:\/\/webdelmaestrocmf.com\/portal\/wp-json\/wp\/v2\/comments?post=44199"}],"version-history":[{"count":0,"href":"https:\/\/webdelmaestrocmf.com\/portal\/wp-json\/wp\/v2\/posts\/44199\/revisions"}],"wp:featuredmedia":[{"embeddable":true,"href":"https:\/\/webdelmaestrocmf.com\/portal\/wp-json\/wp\/v2\/media\/44200"}],"wp:attachment":[{"href":"https:\/\/webdelmaestrocmf.com\/portal\/wp-json\/wp\/v2\/media?parent=44199"}],"wp:term":[{"taxonomy":"category","embeddable":true,"href":"https:\/\/webdelmaestrocmf.com\/portal\/wp-json\/wp\/v2\/categories?post=44199"},{"taxonomy":"post_tag","embeddable":true,"href":"https:\/\/webdelmaestrocmf.com\/portal\/wp-json\/wp\/v2\/tags?post=44199"}],"curies":[{"name":"wp","href":"https:\/\/api.w.org\/{rel}","templated":true}]}}