{"id":44156,"date":"2024-03-01T20:00:47","date_gmt":"2024-03-01T23:00:47","guid":{"rendered":"https:\/\/webdelmaestrocmf.com\/portal\/?p=44156"},"modified":"2024-03-01T20:47:46","modified_gmt":"2024-03-01T23:47:46","slug":"claves-para-trabajar-en-aulas-superpobladas","status":"publish","type":"post","link":"https:\/\/webdelmaestrocmf.com\/portal\/claves-para-trabajar-en-aulas-superpobladas\/","title":{"rendered":"Claves para trabajar en aulas superpobladas"},"content":{"rendered":"<p style=\"text-align: justify;\"><strong>La mayor\u00eda de las investigaciones que analizan la influencia\u00a0del n\u00famero de alumnos de cada\u00a0clase, encuentran una\u00a0relaci\u00f3n positiva entre haber asistido a un aula con pocos alumnos y presentar un mayor nivel de desarrollo cognitivo, social y acad\u00e9mico tanto a corto como a largo plazo (Angrist y Lavy, 1999; Fredriksson, \u00d6ckert y Oosterbeek, 2013; Heinesen, 2010). \u00a0Asimismo, se ha encontrado que asistir a aulas con menos alumnos durante la educaci\u00f3n secundaria incrementa las posibilidades de alcanzar estudios universitarios (Chetty et al. 2011).<\/strong><\/p>\n<p><!--more--><\/p>\n<p style=\"text-align: justify;\">Por otro lado, autores como Krassel y Heineken (2014) han hallado un peor rendimiento acad\u00e9mico asociado al hecho \u00a0de asistir a un aula con un n\u00famero elevado de alumnos. Este tipo de resultados, sobre la influencia del tama\u00f1o de la clase, se han encontrado de un modo similar en diferentes pa\u00edses y culturas como Israel (Angrist and Lavy, 1999), Dinamarca (Heinesen, 2010) o Suecia (Fredriksson, \u00d6ckert y Oosterbeek, 2013). Esta informaci\u00f3n la puede ampliar en el siguiente enlace: <a href=\"http:\/\/www.eduforics.com\/es\/trabajar-aula-muchos-alumnos-pautas-estrategias\/\" target=\"_blank\" rel=\"noopener noreferrer\">Clases menos numerosas, mejores resultados a largo plazo<\/a>.<\/p>\n<p style=\"text-align: justify;\">El tema de la cantidad de alumnos dentro de una sala de clases se ha discutido largamente. La Organizaci\u00f3n para la Cooperaci\u00f3n y el Desarrollo Econ\u00f3micos (OCDE) ha investigado c\u00f3mo var\u00eda el n\u00famero de alumnos por clase en el mundo y c\u00f3mo afecta esto en su aprendizaje. Seg\u00fan esta organizaci\u00f3n, el n\u00famero de alumnos no es la \u00fanica variable que mejorar\u00eda la calidad de la educaci\u00f3n, tambi\u00e9n influye la cantidad de horas de clase de los alumnos, el n\u00famero de horas que trabajan los profesores y el sueldo de estos, como las variables clave para controlar el gasto y la calidad de la educaci\u00f3n.<\/p>\n<p style=\"text-align: justify;\">Entre los a\u00f1os 2000 y 2009, fueron muchos los pa\u00edses que invirtieron en reducir el n\u00famero de alumnos por aula, pero\u00a0seg\u00fan la OCDE el resultado respecto de la mejora en el desempe\u00f1o acad\u00e9mico fue apenas imperceptible.\u00a0De hecho aseguran que lo que realmente mejorar\u00eda los resultados acad\u00e9micos es la mejora de la calidad de la ense\u00f1anza, en concreto el nivel del profesorado. Lo que s\u00ed se comprob\u00f3 en la investigaci\u00f3n es que\u00a0la reducci\u00f3n de entre 7 y 10 alumnos por aula a edades tempranas, tiene efectos positivos a largo plazo, afectando principalmente a aquellos grupos sociales m\u00e1s desfavorecidos.<\/p>\n<p><strong>Art\u00edculo relacionado, que quiz\u00e1 le interese: <a href=\"https:\/\/webdelmaestrocmf.com\/portal\/las-aulas-superpobladas-no-ayudan-al-proceso-de-ensenanza-aprendizaje\/\" target=\"_blank\" rel=\"noopener noreferrer\">LAS AULAS SUPERPOBLADAS NO AYUDAN AL PROCESO DE ENSE\u00d1ANZA \u2013 APRENDIZAJE<\/a><\/strong><\/p>\n<p style=\"text-align: justify;\">A pesar de que el ideal para cualquier profesor o profesora es tener un curso con un n\u00famero de alumnos reducido para atender de mejor manera a cada uno y dedicarle un tiempo significativo a los procesos individuales, sabemos que la realidad es otra. Gran parte de los colegios, escuelas y liceos chilenos est\u00e1 conformado por cursos numerosos, por lo que la necesidad es lograr que, a pesar de ello, todos los estudiantes puedan aprender y desarrollarse al m\u00e1ximo. Para lograr este prop\u00f3sito pueden poner en pr\u00e1ctica estos sencillos consejos que pueden resultar clave en este contexto.<\/p>\n<h2 style=\"text-align: left;\">Claves para trabajar en un aula con muchos alumnos<\/h2>\n<p style=\"text-align: justify;\">A continuaci\u00f3n se destaca\u00a0una serie de consejos para gestionar un aula con un elevado n\u00famero de\u00a0alumnos. Estas pautas y recomendaciones han sido seleccionadas a partir de diferentes especialistas y fuentes m\u00e1s relevantes.<\/p>\n<h3 style=\"text-align: left;\"><strong>1. Planificar las clases muy bien<\/strong><\/h3>\n<p style=\"text-align: justify;\">Esto es fundamental en las clases con muchos alumnos. Es importante programar y saber qu\u00e9 van a hacer los estudiantes a continuaci\u00f3n. Los tiempos muertos equivalen a distracci\u00f3n e inicio de la disrupci\u00f3n en el aula. Asimismo, establecer rutinas es una de las estrategias m\u00e1s importantes para mantener un clima m\u00e1s tranquilo en el aula.<\/p>\n<h3 style=\"text-align: left;\"><strong>2. Transforma la clase en peque\u00f1os grupos de trabajo<\/strong><\/h3>\n<p style=\"text-align: justify;\">Aplica estrategias para estructurar peque\u00f1os grupos de trabajo (aprendizaje cooperativo, basado en proyectos, etc.). Utiliza materiales para introducir din\u00e1micas grupales.<\/p>\n<h3 style=\"text-align: left;\"><strong>3. Controlar el tiempo<\/strong><\/h3>\n<p style=\"text-align: justify;\">En un aula con tantos estudiantes, es f\u00e1cil que el tiempo de una actividad se descontrole. Es importante tener un reloj a la vista de todos y mantener un control del tiempo estricto sobre las actividades.<\/p>\n<ul>\n<li style=\"text-align: justify;\">Debe respetar la globalidad del ni\u00f1o y del centro educativo: respetar su edad, las caracter\u00edsticas del grupo-clase, la duraci\u00f3n de la jornada, los recursos de los que disponemos, los espacios educativos, etc.<\/li>\n<li style=\"text-align: justify;\">El horario debe ser conocido y comprendido por el grupo-clase para ir adquiriendo la noci\u00f3n del tiempo y orientarse en \u00e9l.<\/li>\n<li style=\"text-align: justify;\">Programaremos las actividades atendiendo a la curva de fatiga de los ni\u00f1os y ni\u00f1as.<\/li>\n<li style=\"text-align: justify;\">Alternaremos actividades que requieran mayor esfuerzo de concentraci\u00f3n con aquellas que est\u00e9n m\u00e1s centradas en sus intereses.<\/li>\n<\/ul>\n<h3 style=\"text-align: left;\"><strong>4. Crear clases energ\u00e9ticas y motivadoras<\/strong><\/h3>\n<ul>\n<li style=\"text-align: justify;\">Busca lo que les apasiona. Puede ser un tema en concreto, un m\u00e9todo de aprendizaje, un espacio de trabajo.<\/li>\n<li style=\"text-align: justify;\">Plantea el aprendizaje como un descubrimiento.<\/li>\n<li style=\"text-align: justify;\">Enfoca el contenido desde la pr\u00e1ctica.<\/li>\n<li style=\"text-align: justify;\">Utiliza las TIC.<\/li>\n<li style=\"text-align: justify;\">Practica el refuerzo positivo.<\/li>\n<\/ul>\n<h3 style=\"text-align: left;\"><strong>5. Modificar la colocaci\u00f3n de los sitios en el aula<\/strong><\/h3>\n<p style=\"text-align: justify;\">Posiciona a los estudiantes con un peor rendimiento acad\u00e9mico en los sitios m\u00e1s cercanos al profesor y a la pizarra. Sit\u00faa a los estudiantes con mejor rendimiento acad\u00e9mico en las posiciones m\u00e1s lejanas al profesor.<\/p>\n<h3 style=\"text-align: left;\"><strong>6. Permitir que todos participen<\/strong><\/h3>\n<p style=\"text-align: justify;\">A menudo, en aulas concurridas, los estudiantes menos participativos tienden a ocultarse en el amplio n\u00famero de compa\u00f1eros y compa\u00f1eras que participan antes que \u00e9l o ella. Utilizar actividades, ejercicios o metodolog\u00edas que fomenten la participaci\u00f3n de todos y todas es muy necesario en este tipo de aulas. Logrando que cada estudiante se involucre y participe en el trabajo.<\/p>\n<ul>\n<li style=\"text-align: justify;\">Definir la participaci\u00f3n en clase.<\/li>\n<li style=\"text-align: justify;\">Cultivar la presencia de los profesores que invite a la participaci\u00f3n de los estudiantes.<\/li>\n<li style=\"text-align: justify;\">Dedicar tiempo a hablar sobre el aprendizaje y a mostrar porqu\u00e9 es importante.<\/li>\n<li style=\"text-align: justify;\">Permitir que los estudiantes participen del proceso de aprendizaje.<\/li>\n<li style=\"text-align: justify;\">Dise\u00f1ar tareas aut\u00e9nticas y experiencias de aprendizaje.<\/li>\n<li style=\"text-align: justify;\">Utiliza cuestionarios, pruebas y ex\u00e1menes finales.<\/li>\n<\/ul>\n<h3 style=\"text-align: left;\"><strong>7. Conocernos todos mejor<\/strong><\/h3>\n<p style=\"text-align: justify;\">Plantea nuevas formas de conocer a los estudiantes:<\/p>\n<ul>\n<li style=\"text-align: justify;\">Rotar el foco de atenci\u00f3n para atender a 5 o 6 estudiantes cada pocos d\u00edas.<\/li>\n<li style=\"text-align: justify;\">Invita a los estudiantes a escribir una carta dirigida a ti sobre lo que est\u00e1n aprendiendo, sus logros, desaf\u00edos e intereses.<\/li>\n<li style=\"text-align: justify;\">Puedes crear cuestionarios tipo escalas likert para obtener informaci\u00f3n de un modo r\u00e1pido y eficaz.<\/li>\n<li style=\"text-align: justify;\">Aprende el nombre de todos y todas.<\/li>\n<li style=\"text-align: justify;\">Plantea actividades del tipo \u201cvamos a conocernos todos\u201d para comenzar a establecer un v\u00ednculo.<\/li>\n<li style=\"text-align: justify;\">Crea un v\u00ednculo m\u00e1s personal dando a conocer algunos aspectos personales, como por ejemplo tus intereses, gustos o aficiones para que los estudiantes te conozcan mejor.<\/li>\n<\/ul>\n<h3 style=\"text-align: left;\"><strong>8. Fomenta la autosuficiencia de tus estudiantes<\/strong><\/h3>\n<p style=\"text-align: justify;\">Debes brindarles oportunidades a tus estudiantes para que aprendan a organizarse, a crear su propio plan de acci\u00f3n y a evaluar su propio trabajo.\u00a0Al ser conscientes de su forma de pensar y de actuar a nivel acad\u00e9mico, consiguen modificar conductas y conseguir mayores logros que si tu les estas encima y los obligas a hacerlo.<\/p>\n<p><img loading=\"lazy\" decoding=\"async\" class=\"alignnone size-full wp-image-44162\" src=\"https:\/\/webdelmaestrocmf.com\/portal\/wp-content\/uploads\/2020\/02\/3-4-scaled.jpg\" alt=\"\" width=\"2560\" height=\"1887\" srcset=\"https:\/\/webdelmaestrocmf.com\/portal\/wp-content\/uploads\/2020\/02\/3-4-scaled.jpg 2560w, https:\/\/webdelmaestrocmf.com\/portal\/wp-content\/uploads\/2020\/02\/3-4-300x221.jpg 300w, https:\/\/webdelmaestrocmf.com\/portal\/wp-content\/uploads\/2020\/02\/3-4-1024x755.jpg 1024w, https:\/\/webdelmaestrocmf.com\/portal\/wp-content\/uploads\/2020\/02\/3-4-768x566.jpg 768w, https:\/\/webdelmaestrocmf.com\/portal\/wp-content\/uploads\/2020\/02\/3-4-1536x1132.jpg 1536w, https:\/\/webdelmaestrocmf.com\/portal\/wp-content\/uploads\/2020\/02\/3-4-2048x1510.jpg 2048w, https:\/\/webdelmaestrocmf.com\/portal\/wp-content\/uploads\/2020\/02\/3-4-110x81.jpg 110w, https:\/\/webdelmaestrocmf.com\/portal\/wp-content\/uploads\/2020\/02\/3-4-200x147.jpg 200w, https:\/\/webdelmaestrocmf.com\/portal\/wp-content\/uploads\/2020\/02\/3-4-380x280.jpg 380w, https:\/\/webdelmaestrocmf.com\/portal\/wp-content\/uploads\/2020\/02\/3-4-255x188.jpg 255w, https:\/\/webdelmaestrocmf.com\/portal\/wp-content\/uploads\/2020\/02\/3-4-550x405.jpg 550w, https:\/\/webdelmaestrocmf.com\/portal\/wp-content\/uploads\/2020\/02\/3-4-800x590.jpg 800w, https:\/\/webdelmaestrocmf.com\/portal\/wp-content\/uploads\/2020\/02\/3-4-1160x855.jpg 1160w\" sizes=\"auto, (max-width: 2560px) 100vw, 2560px\" \/><\/p>\n<p style=\"text-align: justify;\"><strong>Este contenido ha sido publicado originalmente por EDUCREA en la siguiente direcci\u00f3n: educrea.cl<\/strong><\/p>\n<p style=\"text-align: center;\">Recomendamos a la Comunidad Educativa Digital tener en cuenta que, el enlace y\/o la carpeta en donde est\u00e1n alojados los libros, recursos y\/o materiales, no es administrado por la Web del Maestro CMF, pueda ser que en cuesti\u00f3n de d\u00edas (o seg\u00fan el tiempo transcurrido desde su publicaci\u00f3n), los enlaces no funcionen y el material ya no se encuentre disponible. Gracias por su comprensi\u00f3n.<\/p>\n<p style=\"text-align: center;\">ENLACE DE LECTURA: <a href=\"https:\/\/drive.google.com\/drive\/folders\/1kHtsIARrenHllRItCJqszQjR4JuRdvm-?usp=sharing\" target=\"_blank\" rel=\"noopener noreferrer\">PROPUESTAS PARA FACILITAR EL APRENDIZAJE EN GRUPOS NUMEROSOS<\/a> | <a href=\"https:\/\/mega.nz\/#F!D6ZiTK4J!OYMAAApWQZ1mugneJhwcEQ\" target=\"_blank\" rel=\"noopener noreferrer\">PROPUESTAS PARA FACILITAR EL APRENDIZAJE EN GRUPOS NUMEROSOS<\/a><\/p>\n\t\t<div class=\"pk-inline-posts\">\n\t\t\t\n\t\t\t<div class=\"pk-inline-posts-container pk-inline-posts-template-list\"\n\t\t\t\tdata-columns=\"1\">\n\t\t\t\t\t\t<article id=\"post-7600\" class=\"post-7600 post type-post status-publish format-gallery has-post-thumbnail category-infraestructura category-pedagogia tag-aula tag-colegio-vittra tag-diseno tag-suecia post_format-post-format-gallery cs-entry cs-video-wrap\">\n\t\t\t<div class=\"pk-post-outer\">\n\n\t\t\t\t\t\t\t\t<div class=\"pk-post-inner\">\n\t\t\t\t\t<div class=\"entry-thumbnail\">\n\t\t\t\t\t\t<div class=\"pk-overlay pk-overlay-ratio pk-ratio-landscape\">\n\t\t\t\t\t\t\t<div class=\"pk-overlay-background\">\n\t\t\t\t\t\t\t\t<a href=\"https:\/\/webdelmaestrocmf.com\/portal\/cree-usted-que-el-diseno-de-las-aulas-es-un-tema-importante\/\" class=\"pk-overlay-link\">\n\t\t\t\t\t\t\t\t\t<img loading=\"lazy\" decoding=\"async\" width=\"300\" height=\"225\" src=\"https:\/\/webdelmaestrocmf.com\/portal\/wp-content\/uploads\/2020\/02\/1AA-Banner-1-portada-imagen-10-1-copia-6-300x225.webp\" class=\"attachment-pk-thumbnail size-pk-thumbnail wp-post-image\" alt=\"\" \/>\t\t\t\t\t\t\t\t<\/a>\n\t\t\t\t\t\t\t<\/div>\n\t\t\t\t\t\t<\/div>\n\t\t\t\t\t<\/div>\n\t\t\t\t<\/div>\n\t\t\t\t\n\t\t\t\t<div class=\"pk-post-inner\">\n\t\t\t\t\t<header>\n\t\t\t\t\t\t<h3 class=\"pk-title\"><a href=\"https:\/\/webdelmaestrocmf.com\/portal\/cree-usted-que-el-diseno-de-las-aulas-es-un-tema-importante\/\" rel=\"bookmark\">\u00bfImporta el dise\u00f1o del aula? \u00bfY la cantidad de alumnos? \u00bfLa distribuci\u00f3n?<\/a><\/h3>\t\t\t\t\t<\/header><!-- .entry-header -->\n\t\t\t\t<\/div><!-- .post-inner -->\n\n\t\t\t<\/div><!-- .post-outer -->\n\t\t<\/article>\n\t\t\t<article id=\"post-28153\" class=\"post-28153 post type-post status-publish format-standard has-post-thumbnail category-consejos category-docentes category-pedagogia tag-adaptacion-a-diversidad tag-adaptacion-curricular tag-aprendizaje-activo tag-clases tag-diseno-curricular tag-diseno-de-actividades tag-diseno-de-lecciones tag-diseno-de-unidades-didacticas tag-eficiente tag-enfoque-centrado-en-el-estudiante tag-estrategias-de-ensenanza tag-estrategias-de-ensenanza-efectiva tag-estrategias-de-instruccion tag-estrategias-de-participacion tag-evaluacion-autentica tag-evaluacion-del-aprendizaje tag-evaluacion-formativa tag-evaluacion-sumativa tag-instruccion-diferenciada tag-manera tag-medicion-del-progreso tag-metodologia-educativa tag-motivacion-del-estudiante tag-objetivos-de-aprendizaje tag-planificacion-a-corto-plazo tag-planificacion-a-largo-plazo tag-planificacion-de-clases tag-planificar tag-recursos-didacticos tag-retroalimentacion-formativa tag-secuencia-didactica tag-taxonomia-de-bloom tag-tecnicas-de-organizacion tag-uso-de-tecnologia-educativa cs-entry cs-video-wrap\">\n\t\t\t<div class=\"pk-post-outer\">\n\n\t\t\t\t\t\t\t\t<div class=\"pk-post-inner\">\n\t\t\t\t\t<div class=\"entry-thumbnail\">\n\t\t\t\t\t\t<div class=\"pk-overlay pk-overlay-ratio pk-ratio-landscape\">\n\t\t\t\t\t\t\t<div class=\"pk-overlay-background\">\n\t\t\t\t\t\t\t\t<a href=\"https:\/\/webdelmaestrocmf.com\/portal\/como-planificar-las-clases-de-manera-eficiente\/\" class=\"pk-overlay-link\">\n\t\t\t\t\t\t\t\t\t<img loading=\"lazy\" decoding=\"async\" width=\"300\" height=\"225\" src=\"https:\/\/webdelmaestrocmf.com\/portal\/wp-content\/uploads\/2026\/02\/1AA-Banner-1-portada-imagen-10-1-copia-16-300x225.webp\" class=\"attachment-pk-thumbnail size-pk-thumbnail wp-post-image\" alt=\"\" \/>\t\t\t\t\t\t\t\t<\/a>\n\t\t\t\t\t\t\t<\/div>\n\t\t\t\t\t\t<\/div>\n\t\t\t\t\t<\/div>\n\t\t\t\t<\/div>\n\t\t\t\t\n\t\t\t\t<div class=\"pk-post-inner\">\n\t\t\t\t\t<header>\n\t\t\t\t\t\t<h3 class=\"pk-title\"><a href=\"https:\/\/webdelmaestrocmf.com\/portal\/como-planificar-las-clases-de-manera-eficiente\/\" rel=\"bookmark\">C\u00f3mo planificar las clases de manera eficiente: descarga las mejores plantillas de planificaci\u00f3n de clases<\/a><\/h3>\t\t\t\t\t<\/header><!-- .entry-header -->\n\t\t\t\t<\/div><!-- .post-inner -->\n\n\t\t\t<\/div><!-- .post-outer -->\n\t\t<\/article>\n\t\t\t<article id=\"post-47675\" class=\"post-47675 post type-post status-publish format-standard has-post-thumbnail category-consejos category-pedagogia tag-aplicarlo tag-aprendizaje tag-atencion tag-como tag-estudiantes tag-llamar tag-virtual cs-entry cs-video-wrap\">\n\t\t\t<div class=\"pk-post-outer\">\n\n\t\t\t\t\t\t\t\t<div class=\"pk-post-inner\">\n\t\t\t\t\t<div class=\"entry-thumbnail\">\n\t\t\t\t\t\t<div class=\"pk-overlay pk-overlay-ratio pk-ratio-landscape\">\n\t\t\t\t\t\t\t<div class=\"pk-overlay-background\">\n\t\t\t\t\t\t\t\t<a href=\"https:\/\/webdelmaestrocmf.com\/portal\/como-llamar-la-atencion-de-los-estudiantes-y-como-aplicarlo-en-el-aprendizaje-virtual\/\" class=\"pk-overlay-link\">\n\t\t\t\t\t\t\t\t\t<img loading=\"lazy\" decoding=\"async\" width=\"300\" height=\"225\" src=\"https:\/\/webdelmaestrocmf.com\/portal\/wp-content\/uploads\/2021\/03\/1A-Banner-1-portada-imagen-10-1-34-300x225.jpg\" class=\"attachment-pk-thumbnail size-pk-thumbnail wp-post-image\" alt=\"\" \/>\t\t\t\t\t\t\t\t<\/a>\n\t\t\t\t\t\t\t<\/div>\n\t\t\t\t\t\t<\/div>\n\t\t\t\t\t<\/div>\n\t\t\t\t<\/div>\n\t\t\t\t\n\t\t\t\t<div class=\"pk-post-inner\">\n\t\t\t\t\t<header>\n\t\t\t\t\t\t<h3 class=\"pk-title\"><a href=\"https:\/\/webdelmaestrocmf.com\/portal\/como-llamar-la-atencion-de-los-estudiantes-y-como-aplicarlo-en-el-aprendizaje-virtual\/\" rel=\"bookmark\">C\u00f3mo llamar la atenci\u00f3n y el inter\u00e9s de los estudiantes<\/a><\/h3>\t\t\t\t\t<\/header><!-- .entry-header -->\n\t\t\t\t<\/div><!-- .post-inner -->\n\n\t\t\t<\/div><!-- .post-outer -->\n\t\t<\/article>\n\t\t\t\t<\/div>\n\t\t<\/div>\n\t\t\n","protected":false},"excerpt":{"rendered":"La mayor\u00eda de las investigaciones que analizan la influencia\u00a0del n\u00famero de alumnos de cada\u00a0clase, encuentran una\u00a0relaci\u00f3n positiva entre&hellip;","protected":false},"author":1,"featured_media":104438,"comment_status":"open","ping_status":"closed","sticky":false,"template":"","format":"standard","meta":{"csco_display_header_overlay":false,"csco_singular_sidebar":"default","csco_page_header_type":"default","csco_page_load_nextpost":"default","csco_post_video_location":[],"csco_post_video_location_hash":"","csco_post_video_url":"","csco_post_video_bg_start_time":0,"csco_post_video_bg_end_time":0,"csco_post_video_bg_volume":false,"_jetpack_memberships_contains_paid_content":false,"footnotes":""},"categories":[1269,702,735],"tags":[1865,618,3912,1173],"class_list":{"0":"post-44156","1":"post","2":"type-post","3":"status-publish","4":"format-standard","5":"has-post-thumbnail","7":"category-consejos","8":"category-infraestructura","9":"category-pedagogia","10":"tag-aulas","11":"tag-claves","12":"tag-superpobladas","13":"tag-trabajar","14":"cs-entry","15":"cs-video-wrap"},"yoast_head":"<!-- This site is optimized with the Yoast SEO plugin v27.5 - https:\/\/yoast.com\/product\/yoast-seo-wordpress\/ -->\n<title>Claves para trabajar en aulas superpobladas - 2026<\/title>\n<meta name=\"description\" content=\"El tema de la cantidad de alumnos dentro de una sala de clases se ha discutido largamente. La Organizaci\u00f3n para la Cooperaci\u00f3n...\" \/>\n<meta name=\"robots\" content=\"index, follow, max-snippet:-1, max-image-preview:large, max-video-preview:-1\" \/>\n<link rel=\"canonical\" href=\"https:\/\/webdelmaestrocmf.com\/portal\/claves-para-trabajar-en-aulas-superpobladas\/\" \/>\n<meta property=\"og:locale\" content=\"es_ES\" \/>\n<meta property=\"og:type\" content=\"article\" \/>\n<meta property=\"og:title\" content=\"Claves para trabajar en aulas superpobladas - 2026\" \/>\n<meta property=\"og:description\" content=\"El tema de la cantidad de alumnos dentro de una sala de clases se ha discutido largamente. La Organizaci\u00f3n para la Cooperaci\u00f3n...\" \/>\n<meta property=\"og:url\" content=\"https:\/\/webdelmaestrocmf.com\/portal\/claves-para-trabajar-en-aulas-superpobladas\/\" \/>\n<meta property=\"og:site_name\" content=\"Web del Maestro CMF\" \/>\n<meta property=\"article:publisher\" content=\"https:\/\/www.facebook.com\/WebdelMaestroCMF\/\" \/>\n<meta property=\"article:author\" content=\"https:\/\/www.facebook.com\/WebdelMaestroCMF\/\" \/>\n<meta property=\"article:published_time\" content=\"2024-03-01T23:00:47+00:00\" \/>\n<meta property=\"article:modified_time\" content=\"2024-03-01T23:47:46+00:00\" \/>\n<meta property=\"og:image\" content=\"https:\/\/webdelmaestrocmf.com\/portal\/wp-content\/uploads\/2020\/02\/Banner-1-portada-imagen-10-1.jpg\" \/>\n\t<meta property=\"og:image:width\" content=\"1024\" \/>\n\t<meta property=\"og:image:height\" content=\"1024\" \/>\n\t<meta property=\"og:image:type\" content=\"image\/jpeg\" \/>\n<meta name=\"author\" content=\"Web del Maestro CMF\" \/>\n<meta name=\"twitter:card\" content=\"summary_large_image\" \/>\n<meta name=\"twitter:creator\" content=\"@cmf_w\" \/>\n<meta name=\"twitter:site\" content=\"@cmf_w\" \/>\n<script type=\"application\/ld+json\" class=\"yoast-schema-graph\">{\"@context\":\"https:\\\/\\\/schema.org\",\"@graph\":[{\"@type\":\"ScholarlyArticle\",\"@id\":\"https:\\\/\\\/webdelmaestrocmf.com\\\/portal\\\/claves-para-trabajar-en-aulas-superpobladas\\\/#article\",\"isPartOf\":{\"@id\":\"https:\\\/\\\/webdelmaestrocmf.com\\\/portal\\\/claves-para-trabajar-en-aulas-superpobladas\\\/\"},\"author\":{\"name\":\"Web del Maestro CMF\",\"@id\":\"https:\\\/\\\/webdelmaestrocmf.com\\\/portal\\\/#\\\/schema\\\/person\\\/1072a2ed7bd960df8ef99a551fa35dc5\"},\"headline\":\"Claves para trabajar en aulas superpobladas\",\"datePublished\":\"2024-03-01T23:00:47+00:00\",\"dateModified\":\"2024-03-01T23:47:46+00:00\",\"mainEntityOfPage\":{\"@id\":\"https:\\\/\\\/webdelmaestrocmf.com\\\/portal\\\/claves-para-trabajar-en-aulas-superpobladas\\\/\"},\"wordCount\":1311,\"commentCount\":1,\"publisher\":{\"@id\":\"https:\\\/\\\/webdelmaestrocmf.com\\\/portal\\\/#organization\"},\"image\":{\"@id\":\"https:\\\/\\\/webdelmaestrocmf.com\\\/portal\\\/claves-para-trabajar-en-aulas-superpobladas\\\/#primaryimage\"},\"thumbnailUrl\":\"https:\\\/\\\/webdelmaestrocmf.com\\\/portal\\\/wp-content\\\/uploads\\\/2020\\\/02\\\/Banner-1-portada-imagen-10-1.jpg\",\"keywords\":[\"AULAS\",\"CLAVES\",\"SUPERPOBLADAS\",\"TRABAJAR\"],\"articleSection\":[\"Consejos\",\"Infraestructura\",\"Recursos\"],\"inLanguage\":\"es\",\"potentialAction\":[{\"@type\":\"CommentAction\",\"name\":\"Comment\",\"target\":[\"https:\\\/\\\/webdelmaestrocmf.com\\\/portal\\\/claves-para-trabajar-en-aulas-superpobladas\\\/#respond\"]}]},{\"@type\":\"WebPage\",\"@id\":\"https:\\\/\\\/webdelmaestrocmf.com\\\/portal\\\/claves-para-trabajar-en-aulas-superpobladas\\\/\",\"url\":\"https:\\\/\\\/webdelmaestrocmf.com\\\/portal\\\/claves-para-trabajar-en-aulas-superpobladas\\\/\",\"name\":\"Claves para trabajar en aulas superpobladas - 2026\",\"isPartOf\":{\"@id\":\"https:\\\/\\\/webdelmaestrocmf.com\\\/portal\\\/#website\"},\"primaryImageOfPage\":{\"@id\":\"https:\\\/\\\/webdelmaestrocmf.com\\\/portal\\\/claves-para-trabajar-en-aulas-superpobladas\\\/#primaryimage\"},\"image\":{\"@id\":\"https:\\\/\\\/webdelmaestrocmf.com\\\/portal\\\/claves-para-trabajar-en-aulas-superpobladas\\\/#primaryimage\"},\"thumbnailUrl\":\"https:\\\/\\\/webdelmaestrocmf.com\\\/portal\\\/wp-content\\\/uploads\\\/2020\\\/02\\\/Banner-1-portada-imagen-10-1.jpg\",\"datePublished\":\"2024-03-01T23:00:47+00:00\",\"dateModified\":\"2024-03-01T23:47:46+00:00\",\"description\":\"El tema de la cantidad de alumnos dentro de una sala de clases se ha discutido largamente. La Organizaci\u00f3n para la Cooperaci\u00f3n...\",\"breadcrumb\":{\"@id\":\"https:\\\/\\\/webdelmaestrocmf.com\\\/portal\\\/claves-para-trabajar-en-aulas-superpobladas\\\/#breadcrumb\"},\"inLanguage\":\"es\",\"potentialAction\":[{\"@type\":\"ReadAction\",\"target\":[\"https:\\\/\\\/webdelmaestrocmf.com\\\/portal\\\/claves-para-trabajar-en-aulas-superpobladas\\\/\"]}]},{\"@type\":\"ImageObject\",\"inLanguage\":\"es\",\"@id\":\"https:\\\/\\\/webdelmaestrocmf.com\\\/portal\\\/claves-para-trabajar-en-aulas-superpobladas\\\/#primaryimage\",\"url\":\"https:\\\/\\\/webdelmaestrocmf.com\\\/portal\\\/wp-content\\\/uploads\\\/2020\\\/02\\\/Banner-1-portada-imagen-10-1.jpg\",\"contentUrl\":\"https:\\\/\\\/webdelmaestrocmf.com\\\/portal\\\/wp-content\\\/uploads\\\/2020\\\/02\\\/Banner-1-portada-imagen-10-1.jpg\",\"width\":1024,\"height\":1024},{\"@type\":\"BreadcrumbList\",\"@id\":\"https:\\\/\\\/webdelmaestrocmf.com\\\/portal\\\/claves-para-trabajar-en-aulas-superpobladas\\\/#breadcrumb\",\"itemListElement\":[{\"@type\":\"ListItem\",\"position\":1,\"name\":\"Portada\",\"item\":\"https:\\\/\\\/webdelmaestrocmf.com\\\/portal\\\/\"},{\"@type\":\"ListItem\",\"position\":2,\"name\":\"Recursos\",\"item\":\"https:\\\/\\\/webdelmaestrocmf.com\\\/portal\\\/category\\\/pedagogia\\\/\"},{\"@type\":\"ListItem\",\"position\":3,\"name\":\"Claves para trabajar en aulas superpobladas\"}]},{\"@type\":\"WebSite\",\"@id\":\"https:\\\/\\\/webdelmaestrocmf.com\\\/portal\\\/#website\",\"url\":\"https:\\\/\\\/webdelmaestrocmf.com\\\/portal\\\/\",\"name\":\"Web del Maestro CMF\",\"description\":\"Maestros al servicio de la educaci\u00f3n\",\"publisher\":{\"@id\":\"https:\\\/\\\/webdelmaestrocmf.com\\\/portal\\\/#organization\"},\"alternateName\":\"WMCMF\",\"potentialAction\":[{\"@type\":\"SearchAction\",\"target\":{\"@type\":\"EntryPoint\",\"urlTemplate\":\"https:\\\/\\\/webdelmaestrocmf.com\\\/portal\\\/?s={search_term_string}\"},\"query-input\":{\"@type\":\"PropertyValueSpecification\",\"valueRequired\":true,\"valueName\":\"search_term_string\"}}],\"inLanguage\":\"es\"},{\"@type\":\"Organization\",\"@id\":\"https:\\\/\\\/webdelmaestrocmf.com\\\/portal\\\/#organization\",\"name\":\"Web del Maestro CMF\",\"alternateName\":\"WMCMF\",\"url\":\"https:\\\/\\\/webdelmaestrocmf.com\\\/portal\\\/\",\"logo\":{\"@type\":\"ImageObject\",\"inLanguage\":\"es\",\"@id\":\"https:\\\/\\\/webdelmaestrocmf.com\\\/portal\\\/#\\\/schema\\\/logo\\\/image\\\/\",\"url\":\"https:\\\/\\\/webdelmaestrocmf.com\\\/portal\\\/wp-content\\\/uploads\\\/2023\\\/01\\\/logo-wmcmf-2.png\",\"contentUrl\":\"https:\\\/\\\/webdelmaestrocmf.com\\\/portal\\\/wp-content\\\/uploads\\\/2023\\\/01\\\/logo-wmcmf-2.png\",\"width\":200,\"height\":60,\"caption\":\"Web del Maestro CMF\"},\"image\":{\"@id\":\"https:\\\/\\\/webdelmaestrocmf.com\\\/portal\\\/#\\\/schema\\\/logo\\\/image\\\/\"},\"sameAs\":[\"https:\\\/\\\/www.facebook.com\\\/WebdelMaestroCMF\\\/\",\"https:\\\/\\\/x.com\\\/cmf_w\",\"https:\\\/\\\/www.pinterest.com\\\/WMCMF\\\/\",\"https:\\\/\\\/www.linkedin.com\\\/company\\\/web-del-maestro-cmf\\\/\",\"https:\\\/\\\/www.instagram.com\\\/wmcmf\\\/\",\"https:\\\/\\\/www.youtube.com\\\/channel\\\/UCDPSvjbdodE5sHnC3OxutHw\",\"https:\\\/\\\/mastodon.social\\\/@wmcmf\",\"https:\\\/\\\/www.tiktok.com\\\/@webdelmaestrocmf\"]},{\"@type\":\"Person\",\"@id\":\"https:\\\/\\\/webdelmaestrocmf.com\\\/portal\\\/#\\\/schema\\\/person\\\/1072a2ed7bd960df8ef99a551fa35dc5\",\"name\":\"Web del Maestro CMF\",\"image\":{\"@type\":\"ImageObject\",\"inLanguage\":\"es\",\"@id\":\"https:\\\/\\\/secure.gravatar.com\\\/avatar\\\/23291dd5b5ae1077dcff3dbb04c3e02bd28403fa75af6d8787d5e97c5bbbe30b?s=96&d=mm&r=g\",\"url\":\"https:\\\/\\\/secure.gravatar.com\\\/avatar\\\/23291dd5b5ae1077dcff3dbb04c3e02bd28403fa75af6d8787d5e97c5bbbe30b?s=96&d=mm&r=g\",\"contentUrl\":\"https:\\\/\\\/secure.gravatar.com\\\/avatar\\\/23291dd5b5ae1077dcff3dbb04c3e02bd28403fa75af6d8787d5e97c5bbbe30b?s=96&d=mm&r=g\",\"caption\":\"Web del Maestro CMF\"},\"description\":\"Esta Web se cre\u00f3 sin fines de lucro, con fines educativos, cient\u00edficos y acad\u00e9micos, para personas que tengan dificultades y\\\/o inconvenientes en visualizar el material original. El objetivo es entregar recursos, compartir experiencias y materiales que ayuden a los padres de familia, maestros y estudiantes en su actualizaci\u00f3n y formaci\u00f3n permanente, en bien de la Educaci\u00f3n.\",\"sameAs\":[\"http:\\\/\\\/webdelmaestrocmf.com\\\/portal\",\"https:\\\/\\\/www.facebook.com\\\/WebdelMaestroCMF\\\/\",\"https:\\\/\\\/www.instagram.com\\\/wmcmf\\\/\",\"https:\\\/\\\/cl.linkedin.com\\\/company\\\/web-del-maestro-cmf\",\"https:\\\/\\\/www.pinterest.com\\\/WMCMF\\\/publicaciones\\\/\",\"https:\\\/\\\/x.com\\\/cmf_w\",\"https:\\\/\\\/www.youtube.com\\\/@WMCMF\"]}]}<\/script>\n<!-- \/ Yoast SEO plugin. -->","yoast_head_json":{"title":"Claves para trabajar en aulas superpobladas - 2026","description":"El tema de la cantidad de alumnos dentro de una sala de clases se ha discutido largamente. La Organizaci\u00f3n para la Cooperaci\u00f3n...","robots":{"index":"index","follow":"follow","max-snippet":"max-snippet:-1","max-image-preview":"max-image-preview:large","max-video-preview":"max-video-preview:-1"},"canonical":"https:\/\/webdelmaestrocmf.com\/portal\/claves-para-trabajar-en-aulas-superpobladas\/","og_locale":"es_ES","og_type":"article","og_title":"Claves para trabajar en aulas superpobladas - 2026","og_description":"El tema de la cantidad de alumnos dentro de una sala de clases se ha discutido largamente. La Organizaci\u00f3n para la Cooperaci\u00f3n...","og_url":"https:\/\/webdelmaestrocmf.com\/portal\/claves-para-trabajar-en-aulas-superpobladas\/","og_site_name":"Web del Maestro CMF","article_publisher":"https:\/\/www.facebook.com\/WebdelMaestroCMF\/","article_author":"https:\/\/www.facebook.com\/WebdelMaestroCMF\/","article_published_time":"2024-03-01T23:00:47+00:00","article_modified_time":"2024-03-01T23:47:46+00:00","og_image":[{"width":1024,"height":1024,"url":"https:\/\/webdelmaestrocmf.com\/portal\/wp-content\/uploads\/2020\/02\/Banner-1-portada-imagen-10-1.jpg","type":"image\/jpeg"}],"author":"Web del Maestro CMF","twitter_card":"summary_large_image","twitter_creator":"@cmf_w","twitter_site":"@cmf_w","schema":{"@context":"https:\/\/schema.org","@graph":[{"@type":"ScholarlyArticle","@id":"https:\/\/webdelmaestrocmf.com\/portal\/claves-para-trabajar-en-aulas-superpobladas\/#article","isPartOf":{"@id":"https:\/\/webdelmaestrocmf.com\/portal\/claves-para-trabajar-en-aulas-superpobladas\/"},"author":{"name":"Web del Maestro CMF","@id":"https:\/\/webdelmaestrocmf.com\/portal\/#\/schema\/person\/1072a2ed7bd960df8ef99a551fa35dc5"},"headline":"Claves para trabajar en aulas superpobladas","datePublished":"2024-03-01T23:00:47+00:00","dateModified":"2024-03-01T23:47:46+00:00","mainEntityOfPage":{"@id":"https:\/\/webdelmaestrocmf.com\/portal\/claves-para-trabajar-en-aulas-superpobladas\/"},"wordCount":1311,"commentCount":1,"publisher":{"@id":"https:\/\/webdelmaestrocmf.com\/portal\/#organization"},"image":{"@id":"https:\/\/webdelmaestrocmf.com\/portal\/claves-para-trabajar-en-aulas-superpobladas\/#primaryimage"},"thumbnailUrl":"https:\/\/webdelmaestrocmf.com\/portal\/wp-content\/uploads\/2020\/02\/Banner-1-portada-imagen-10-1.jpg","keywords":["AULAS","CLAVES","SUPERPOBLADAS","TRABAJAR"],"articleSection":["Consejos","Infraestructura","Recursos"],"inLanguage":"es","potentialAction":[{"@type":"CommentAction","name":"Comment","target":["https:\/\/webdelmaestrocmf.com\/portal\/claves-para-trabajar-en-aulas-superpobladas\/#respond"]}]},{"@type":"WebPage","@id":"https:\/\/webdelmaestrocmf.com\/portal\/claves-para-trabajar-en-aulas-superpobladas\/","url":"https:\/\/webdelmaestrocmf.com\/portal\/claves-para-trabajar-en-aulas-superpobladas\/","name":"Claves para trabajar en aulas superpobladas - 2026","isPartOf":{"@id":"https:\/\/webdelmaestrocmf.com\/portal\/#website"},"primaryImageOfPage":{"@id":"https:\/\/webdelmaestrocmf.com\/portal\/claves-para-trabajar-en-aulas-superpobladas\/#primaryimage"},"image":{"@id":"https:\/\/webdelmaestrocmf.com\/portal\/claves-para-trabajar-en-aulas-superpobladas\/#primaryimage"},"thumbnailUrl":"https:\/\/webdelmaestrocmf.com\/portal\/wp-content\/uploads\/2020\/02\/Banner-1-portada-imagen-10-1.jpg","datePublished":"2024-03-01T23:00:47+00:00","dateModified":"2024-03-01T23:47:46+00:00","description":"El tema de la cantidad de alumnos dentro de una sala de clases se ha discutido largamente. La Organizaci\u00f3n para la Cooperaci\u00f3n...","breadcrumb":{"@id":"https:\/\/webdelmaestrocmf.com\/portal\/claves-para-trabajar-en-aulas-superpobladas\/#breadcrumb"},"inLanguage":"es","potentialAction":[{"@type":"ReadAction","target":["https:\/\/webdelmaestrocmf.com\/portal\/claves-para-trabajar-en-aulas-superpobladas\/"]}]},{"@type":"ImageObject","inLanguage":"es","@id":"https:\/\/webdelmaestrocmf.com\/portal\/claves-para-trabajar-en-aulas-superpobladas\/#primaryimage","url":"https:\/\/webdelmaestrocmf.com\/portal\/wp-content\/uploads\/2020\/02\/Banner-1-portada-imagen-10-1.jpg","contentUrl":"https:\/\/webdelmaestrocmf.com\/portal\/wp-content\/uploads\/2020\/02\/Banner-1-portada-imagen-10-1.jpg","width":1024,"height":1024},{"@type":"BreadcrumbList","@id":"https:\/\/webdelmaestrocmf.com\/portal\/claves-para-trabajar-en-aulas-superpobladas\/#breadcrumb","itemListElement":[{"@type":"ListItem","position":1,"name":"Portada","item":"https:\/\/webdelmaestrocmf.com\/portal\/"},{"@type":"ListItem","position":2,"name":"Recursos","item":"https:\/\/webdelmaestrocmf.com\/portal\/category\/pedagogia\/"},{"@type":"ListItem","position":3,"name":"Claves para trabajar en aulas superpobladas"}]},{"@type":"WebSite","@id":"https:\/\/webdelmaestrocmf.com\/portal\/#website","url":"https:\/\/webdelmaestrocmf.com\/portal\/","name":"Web del Maestro CMF","description":"Maestros al servicio de la educaci\u00f3n","publisher":{"@id":"https:\/\/webdelmaestrocmf.com\/portal\/#organization"},"alternateName":"WMCMF","potentialAction":[{"@type":"SearchAction","target":{"@type":"EntryPoint","urlTemplate":"https:\/\/webdelmaestrocmf.com\/portal\/?s={search_term_string}"},"query-input":{"@type":"PropertyValueSpecification","valueRequired":true,"valueName":"search_term_string"}}],"inLanguage":"es"},{"@type":"Organization","@id":"https:\/\/webdelmaestrocmf.com\/portal\/#organization","name":"Web del Maestro CMF","alternateName":"WMCMF","url":"https:\/\/webdelmaestrocmf.com\/portal\/","logo":{"@type":"ImageObject","inLanguage":"es","@id":"https:\/\/webdelmaestrocmf.com\/portal\/#\/schema\/logo\/image\/","url":"https:\/\/webdelmaestrocmf.com\/portal\/wp-content\/uploads\/2023\/01\/logo-wmcmf-2.png","contentUrl":"https:\/\/webdelmaestrocmf.com\/portal\/wp-content\/uploads\/2023\/01\/logo-wmcmf-2.png","width":200,"height":60,"caption":"Web del Maestro CMF"},"image":{"@id":"https:\/\/webdelmaestrocmf.com\/portal\/#\/schema\/logo\/image\/"},"sameAs":["https:\/\/www.facebook.com\/WebdelMaestroCMF\/","https:\/\/x.com\/cmf_w","https:\/\/www.pinterest.com\/WMCMF\/","https:\/\/www.linkedin.com\/company\/web-del-maestro-cmf\/","https:\/\/www.instagram.com\/wmcmf\/","https:\/\/www.youtube.com\/channel\/UCDPSvjbdodE5sHnC3OxutHw","https:\/\/mastodon.social\/@wmcmf","https:\/\/www.tiktok.com\/@webdelmaestrocmf"]},{"@type":"Person","@id":"https:\/\/webdelmaestrocmf.com\/portal\/#\/schema\/person\/1072a2ed7bd960df8ef99a551fa35dc5","name":"Web del Maestro CMF","image":{"@type":"ImageObject","inLanguage":"es","@id":"https:\/\/secure.gravatar.com\/avatar\/23291dd5b5ae1077dcff3dbb04c3e02bd28403fa75af6d8787d5e97c5bbbe30b?s=96&d=mm&r=g","url":"https:\/\/secure.gravatar.com\/avatar\/23291dd5b5ae1077dcff3dbb04c3e02bd28403fa75af6d8787d5e97c5bbbe30b?s=96&d=mm&r=g","contentUrl":"https:\/\/secure.gravatar.com\/avatar\/23291dd5b5ae1077dcff3dbb04c3e02bd28403fa75af6d8787d5e97c5bbbe30b?s=96&d=mm&r=g","caption":"Web del Maestro CMF"},"description":"Esta Web se cre\u00f3 sin fines de lucro, con fines educativos, cient\u00edficos y acad\u00e9micos, para personas que tengan dificultades y\/o inconvenientes en visualizar el material original. El objetivo es entregar recursos, compartir experiencias y materiales que ayuden a los padres de familia, maestros y estudiantes en su actualizaci\u00f3n y formaci\u00f3n permanente, en bien de la Educaci\u00f3n.","sameAs":["http:\/\/webdelmaestrocmf.com\/portal","https:\/\/www.facebook.com\/WebdelMaestroCMF\/","https:\/\/www.instagram.com\/wmcmf\/","https:\/\/cl.linkedin.com\/company\/web-del-maestro-cmf","https:\/\/www.pinterest.com\/WMCMF\/publicaciones\/","https:\/\/x.com\/cmf_w","https:\/\/www.youtube.com\/@WMCMF"]}]}},"jetpack_featured_media_url":"https:\/\/webdelmaestrocmf.com\/portal\/wp-content\/uploads\/2020\/02\/Banner-1-portada-imagen-10-1.jpg","jetpack_sharing_enabled":true,"jetpack-related-posts":[{"id":32876,"url":"https:\/\/webdelmaestrocmf.com\/portal\/las-aulas-superpobladas-no-ayudan-al-proceso-de-ensenanza-aprendizaje\/","url_meta":{"origin":44156,"position":0},"title":"Las aulas superpobladas no ayudan al proceso de ense\u00f1anza-aprendizaje: el tama\u00f1o s\u00ed importa y afecta directamente la calidad del aprendizaje; no es lo mismo ense\u00f1ar a 40, 50 o 60 estudiantes que a 25","author":"Web del Maestro CMF","date":"23 diciembre, 2025","format":false,"excerpt":"Las aulas superpobladas no son un problema menor ni una simple estad\u00edstica: son una barrera directa contra el aprendizaje real.","rel":"","context":"En \u00abInfraestructura\u00bb","block_context":{"text":"Infraestructura","link":"https:\/\/webdelmaestrocmf.com\/portal\/category\/pedagogia\/infraestructura\/"},"img":{"alt_text":"","src":"https:\/\/i0.wp.com\/webdelmaestrocmf.com\/portal\/wp-content\/uploads\/2025\/12\/1AA-Banner-1-portada-imagen-10-1-copia-5.webp?resize=350%2C200&ssl=1","width":350,"height":200,"srcset":"https:\/\/i0.wp.com\/webdelmaestrocmf.com\/portal\/wp-content\/uploads\/2025\/12\/1AA-Banner-1-portada-imagen-10-1-copia-5.webp?resize=350%2C200&ssl=1 1x, https:\/\/i0.wp.com\/webdelmaestrocmf.com\/portal\/wp-content\/uploads\/2025\/12\/1AA-Banner-1-portada-imagen-10-1-copia-5.webp?resize=525%2C300&ssl=1 1.5x, https:\/\/i0.wp.com\/webdelmaestrocmf.com\/portal\/wp-content\/uploads\/2025\/12\/1AA-Banner-1-portada-imagen-10-1-copia-5.webp?resize=700%2C400&ssl=1 2x, https:\/\/i0.wp.com\/webdelmaestrocmf.com\/portal\/wp-content\/uploads\/2025\/12\/1AA-Banner-1-portada-imagen-10-1-copia-5.webp?resize=1050%2C600&ssl=1 3x"},"classes":[]},{"id":54456,"url":"https:\/\/webdelmaestrocmf.com\/portal\/pantallas-super-pobladas-no-ayudan-al-proceso-de-ensenanza-aprendizaje\/","url_meta":{"origin":44156,"position":1},"title":"Pantallas s\u00faper pobladas no ayudan al proceso de ense\u00f1anza aprendizaje","author":"Web del Maestro CMF","date":"11 noviembre, 2020","format":false,"excerpt":"Docentes advierten que la superpoblaci\u00f3n puede dificultar el aprendizaje, mientras que en muchos edificios las aulas son peque\u00f1as y apenas queda espacio para circular entre los bancos o carpetas. \u201cNo se puede llegar al fondo del sal\u00f3n porque no hay pasillos entre banco y banco, no hay lugar\u201d. Ante esta\u2026","rel":"","context":"En \u00abNoticias\u00bb","block_context":{"text":"Noticias","link":"https:\/\/webdelmaestrocmf.com\/portal\/category\/pedagogia\/noticias-pedagogia\/"},"img":{"alt_text":"","src":"https:\/\/i0.wp.com\/webdelmaestrocmf.com\/portal\/wp-content\/uploads\/2020\/11\/1-copia-35.jpg?resize=350%2C200&ssl=1","width":350,"height":200,"srcset":"https:\/\/i0.wp.com\/webdelmaestrocmf.com\/portal\/wp-content\/uploads\/2020\/11\/1-copia-35.jpg?resize=350%2C200&ssl=1 1x, https:\/\/i0.wp.com\/webdelmaestrocmf.com\/portal\/wp-content\/uploads\/2020\/11\/1-copia-35.jpg?resize=525%2C300&ssl=1 1.5x, https:\/\/i0.wp.com\/webdelmaestrocmf.com\/portal\/wp-content\/uploads\/2020\/11\/1-copia-35.jpg?resize=700%2C400&ssl=1 2x, https:\/\/i0.wp.com\/webdelmaestrocmf.com\/portal\/wp-content\/uploads\/2020\/11\/1-copia-35.jpg?resize=1050%2C600&ssl=1 3x"},"classes":[]},{"id":108059,"url":"https:\/\/webdelmaestrocmf.com\/portal\/investigacion-revela-menor-interaccion-de-docentes-con-ninas-en-clases-de-matematicas\/","url_meta":{"origin":44156,"position":2},"title":"Investigaci\u00f3n revela menor interacci\u00f3n de docentes con ni\u00f1as en clases de matem\u00e1ticas","author":"Web del Maestro CMF","date":"19 febrero, 2025","format":false,"excerpt":"Un estudio reciente liderado por la doctora Lorena Ortega, investigadora del Centro de Investigaci\u00f3n Avanzada en Educaci\u00f3n (CIAE) y acad\u00e9mica del Instituto de Estudios Avanzados en Educaci\u00f3n de la Universidad de Chile, evidenci\u00f3 una menor participaci\u00f3n de las ni\u00f1as en interacciones con sus docentes en clases de matem\u00e1ticas. Para ello,\u2026","rel":"","context":"En \u00abNoticias Internacionales\u00bb","block_context":{"text":"Noticias Internacionales","link":"https:\/\/webdelmaestrocmf.com\/portal\/category\/noticias-internacionales\/"},"img":{"alt_text":"","src":"https:\/\/i0.wp.com\/webdelmaestrocmf.com\/portal\/wp-content\/uploads\/2025\/02\/1A-Banner-1-portada-imagen-10-1-85.jpg?resize=350%2C200&ssl=1","width":350,"height":200,"srcset":"https:\/\/i0.wp.com\/webdelmaestrocmf.com\/portal\/wp-content\/uploads\/2025\/02\/1A-Banner-1-portada-imagen-10-1-85.jpg?resize=350%2C200&ssl=1 1x, https:\/\/i0.wp.com\/webdelmaestrocmf.com\/portal\/wp-content\/uploads\/2025\/02\/1A-Banner-1-portada-imagen-10-1-85.jpg?resize=525%2C300&ssl=1 1.5x, https:\/\/i0.wp.com\/webdelmaestrocmf.com\/portal\/wp-content\/uploads\/2025\/02\/1A-Banner-1-portada-imagen-10-1-85.jpg?resize=700%2C400&ssl=1 2x"},"classes":[]},{"id":104265,"url":"https:\/\/webdelmaestrocmf.com\/portal\/el-profesor-inolvidable-vs-el-profesor-intrascendente\/","url_meta":{"origin":44156,"position":3},"title":"El profesor inolvidable vs el profesor intrascendente","author":"Web del Maestro CMF","date":"24 febrero, 2024","format":false,"excerpt":"En la vida de todo estudiante, hay profesores que dejan una huella imborrable, mientras que otros son r\u00e1pidamente olvidados. Esta distinci\u00f3n fundamental radica en la capacidad del docente para conectar con sus alumnos, inspirarlos y motivarlos a aprender. En este art\u00edculo, analizaremos las caracter\u00edsticas que definen a un profesor inolvidable\u2026","rel":"","context":"En \u00abDocentes\u00bb","block_context":{"text":"Docentes","link":"https:\/\/webdelmaestrocmf.com\/portal\/category\/pedagogia\/docentes\/"},"img":{"alt_text":"","src":"https:\/\/i0.wp.com\/webdelmaestrocmf.com\/portal\/wp-content\/uploads\/2024\/02\/Banner-1-podddrtada-imagen-10-1.jpg?resize=350%2C200&ssl=1","width":350,"height":200,"srcset":"https:\/\/i0.wp.com\/webdelmaestrocmf.com\/portal\/wp-content\/uploads\/2024\/02\/Banner-1-podddrtada-imagen-10-1.jpg?resize=350%2C200&ssl=1 1x, https:\/\/i0.wp.com\/webdelmaestrocmf.com\/portal\/wp-content\/uploads\/2024\/02\/Banner-1-podddrtada-imagen-10-1.jpg?resize=525%2C300&ssl=1 1.5x, https:\/\/i0.wp.com\/webdelmaestrocmf.com\/portal\/wp-content\/uploads\/2024\/02\/Banner-1-podddrtada-imagen-10-1.jpg?resize=700%2C400&ssl=1 2x"},"classes":[]},{"id":13517,"url":"https:\/\/webdelmaestrocmf.com\/portal\/alumno-lider-positivo-negativo\/","url_meta":{"origin":44156,"position":4},"title":"Atenci\u00f3n docente: alumno l\u00edder, el positivo y el negativo","author":"Web del Maestro CMF","date":"19 febrero, 2025","format":false,"excerpt":"El \u00e9xito en el aprendizaje no depende solo del contenido o del docente, sino tambi\u00e9n de la actitud del alumno. Mientras que ciertas actitudes favorecen la comprensi\u00f3n y el desarrollo de habilidades, otras pueden limitar el progreso acad\u00e9mico. Adem\u00e1s, dentro del aula, algunos estudiantes asumen un rol de liderazgo que\u2026","rel":"","context":"En \u00abConsejos\u00bb","block_context":{"text":"Consejos","link":"https:\/\/webdelmaestrocmf.com\/portal\/category\/pedagogia\/consejos\/"},"img":{"alt_text":"","src":"https:\/\/i0.wp.com\/webdelmaestrocmf.com\/portal\/wp-content\/uploads\/2017\/01\/1A-Banner-1-portada-imagen-10-1-82.jpg?resize=350%2C200&ssl=1","width":350,"height":200,"srcset":"https:\/\/i0.wp.com\/webdelmaestrocmf.com\/portal\/wp-content\/uploads\/2017\/01\/1A-Banner-1-portada-imagen-10-1-82.jpg?resize=350%2C200&ssl=1 1x, https:\/\/i0.wp.com\/webdelmaestrocmf.com\/portal\/wp-content\/uploads\/2017\/01\/1A-Banner-1-portada-imagen-10-1-82.jpg?resize=525%2C300&ssl=1 1.5x, https:\/\/i0.wp.com\/webdelmaestrocmf.com\/portal\/wp-content\/uploads\/2017\/01\/1A-Banner-1-portada-imagen-10-1-82.jpg?resize=700%2C400&ssl=1 2x"},"classes":[]},{"id":107822,"url":"https:\/\/webdelmaestrocmf.com\/portal\/caja-de-herramientas-para-promover-la-empatia-en-el-aula-guia-para-docentes\/","url_meta":{"origin":44156,"position":5},"title":"Caja de herramientas para promover la empat\u00eda en el aula: gu\u00eda para docentes","author":"Web del Maestro CMF","date":"3 febrero, 2025","format":false,"excerpt":"La Caja de Herramientas para Promover la Empat\u00eda en los Colegios es un recurso desarrollado por Ashoka, una organizaci\u00f3n global que impulsa el cambio social a trav\u00e9s del emprendimiento. Su prop\u00f3sito es ayudar a docentes a integrar la empat\u00eda en el aula, mejorando la convivencia escolar y preparando a los\u2026","rel":"","context":"En \u00abDescargas Manuales PDF\u00bb","block_context":{"text":"Descargas Manuales PDF","link":"https:\/\/webdelmaestrocmf.com\/portal\/category\/pedagogia\/descargas-manuales-pdf\/"},"img":{"alt_text":"","src":"https:\/\/i0.wp.com\/webdelmaestrocmf.com\/portal\/wp-content\/uploads\/2025\/02\/1A-Banner-1-portada-imagen-10-1-54.jpg?resize=350%2C200&ssl=1","width":350,"height":200,"srcset":"https:\/\/i0.wp.com\/webdelmaestrocmf.com\/portal\/wp-content\/uploads\/2025\/02\/1A-Banner-1-portada-imagen-10-1-54.jpg?resize=350%2C200&ssl=1 1x, https:\/\/i0.wp.com\/webdelmaestrocmf.com\/portal\/wp-content\/uploads\/2025\/02\/1A-Banner-1-portada-imagen-10-1-54.jpg?resize=525%2C300&ssl=1 1.5x, https:\/\/i0.wp.com\/webdelmaestrocmf.com\/portal\/wp-content\/uploads\/2025\/02\/1A-Banner-1-portada-imagen-10-1-54.jpg?resize=700%2C400&ssl=1 2x"},"classes":[]}],"_links":{"self":[{"href":"https:\/\/webdelmaestrocmf.com\/portal\/wp-json\/wp\/v2\/posts\/44156","targetHints":{"allow":["GET"]}}],"collection":[{"href":"https:\/\/webdelmaestrocmf.com\/portal\/wp-json\/wp\/v2\/posts"}],"about":[{"href":"https:\/\/webdelmaestrocmf.com\/portal\/wp-json\/wp\/v2\/types\/post"}],"author":[{"embeddable":true,"href":"https:\/\/webdelmaestrocmf.com\/portal\/wp-json\/wp\/v2\/users\/1"}],"replies":[{"embeddable":true,"href":"https:\/\/webdelmaestrocmf.com\/portal\/wp-json\/wp\/v2\/comments?post=44156"}],"version-history":[{"count":0,"href":"https:\/\/webdelmaestrocmf.com\/portal\/wp-json\/wp\/v2\/posts\/44156\/revisions"}],"wp:featuredmedia":[{"embeddable":true,"href":"https:\/\/webdelmaestrocmf.com\/portal\/wp-json\/wp\/v2\/media\/104438"}],"wp:attachment":[{"href":"https:\/\/webdelmaestrocmf.com\/portal\/wp-json\/wp\/v2\/media?parent=44156"}],"wp:term":[{"taxonomy":"category","embeddable":true,"href":"https:\/\/webdelmaestrocmf.com\/portal\/wp-json\/wp\/v2\/categories?post=44156"},{"taxonomy":"post_tag","embeddable":true,"href":"https:\/\/webdelmaestrocmf.com\/portal\/wp-json\/wp\/v2\/tags?post=44156"}],"curies":[{"name":"wp","href":"https:\/\/api.w.org\/{rel}","templated":true}]}}