{"id":44057,"date":"2020-02-08T19:22:38","date_gmt":"2020-02-08T22:22:38","guid":{"rendered":"https:\/\/webdelmaestrocmf.com\/portal\/?p=44057"},"modified":"2020-02-10T10:42:52","modified_gmt":"2020-02-10T13:42:52","slug":"jornada-escolar-completa-ministerio-de-educacion","status":"publish","type":"post","link":"https:\/\/webdelmaestrocmf.com\/portal\/jornada-escolar-completa-ministerio-de-educacion\/","title":{"rendered":"Jornada Escolar Completa &#8211; Ministerio de Educaci\u00f3n"},"content":{"rendered":"<h5 style=\"text-align: justify;\">La Jornada Escolar Completa (JEC) es un modelo de servicio educativo que busca mejorar la calidad ampliando las oportunidades de aprendizaje de los estudiantes de instituciones educativas p\u00fablicas de secundaria.<\/h5>\n<h5 style=\"text-align: justify;\">Este modelo surge ante la necesidad de reconocer y fortalecer la educaci\u00f3n secundaria para formar j\u00f3venes capaces de enfrentar y lidiar con las demandas y oportunidades que encuentren en su camino; generando adem\u00e1s, mayores oportunidades para que los adolescentes contin\u00faen su formaci\u00f3n profesional o se inserten al mundo laboral.<\/h5>\n<p style=\"text-align: justify;\"><!--more--><\/p>\n<h5 style=\"text-align: justify;\"><strong>1. Objetivos\u00a0<\/strong><\/h5>\n<ul style=\"text-align: justify;\">\n<li>\n<p style=\"text-align: justify;\">Mejorar la calidad del servicio de educaci\u00f3n secundaria ampliando las oportunidades de aprendizaje de los estudiantes de instituciones educativas p\u00fablicas del nivel secundario, promoviendo el cierre de brechas y la equidad educativa en el pa\u00eds.<\/p>\n<\/li>\n<\/ul>\n<h5 style=\"text-align: justify;\"><strong>2. Objetivos espec\u00edficos\u00a0<\/strong><\/h5>\n<ul style=\"text-align: justify;\">\n<li>Implementar una oferta pedag\u00f3gica pertinente que responda a las caracter\u00edsticas, intereses y necesidades de los estudiantes a trav\u00e9s de la implementaci\u00f3n de diversas estrategias did\u00e1cticas con el uso de recursos tecnol\u00f3gicos y la aplicaci\u00f3n de herramientas pedag\u00f3gicas.<\/li>\n<li>Promover una gesti\u00f3n eficiente centrada en los aprendizajes contando con personal directivo, docente, de apoyo pedag\u00f3gico y de soporte suficiente y competente, que promueve espacios de participaci\u00f3n al interior de la instituci\u00f3n educativa que generen una convivencia favorable para la formaci\u00f3n de los estudiantes.<\/li>\n<li>Contribuir con la mejora del servicio educativo del nivel secundario mediante la dotaci\u00f3n de infraestructura, mobiliario, equipamiento y materiales educativos suficientes y adecuados para la implementaci\u00f3n de la Jornada Escolar Completa.<\/li>\n<\/ul>\n<h5 style=\"text-align: justify;\"><strong>3. Componentes\u00a0<\/strong><\/h5>\n<p style=\"text-align: justify;\">La Jornada Escolar Completa cuenta con tres componentes para su implementaci\u00f3n: pedag\u00f3gico, de gesti\u00f3n y de soporte.<\/p>\n<p style=\"text-align: justify;\"><strong>Componente pedag\u00f3gico:\u00a0<\/strong>Comprende la reestructuraci\u00f3n y mejora de la ense\u00f1anza de manera integral dadas a los adolescentes para su formaci\u00f3n personal y profesional a trav\u00e9s de:<\/p>\n<p><img loading=\"lazy\" decoding=\"async\" class=\"alignnone size-full wp-image-44074\" src=\"https:\/\/webdelmaestrocmf.com\/portal\/wp-content\/uploads\/2020\/02\/1-2.png\" alt=\"\" width=\"800\" height=\"600\" srcset=\"https:\/\/webdelmaestrocmf.com\/portal\/wp-content\/uploads\/2020\/02\/1-2.png 800w, https:\/\/webdelmaestrocmf.com\/portal\/wp-content\/uploads\/2020\/02\/1-2-300x225.png 300w, https:\/\/webdelmaestrocmf.com\/portal\/wp-content\/uploads\/2020\/02\/1-2-768x576.png 768w, https:\/\/webdelmaestrocmf.com\/portal\/wp-content\/uploads\/2020\/02\/1-2-110x83.png 110w, https:\/\/webdelmaestrocmf.com\/portal\/wp-content\/uploads\/2020\/02\/1-2-200x150.png 200w, https:\/\/webdelmaestrocmf.com\/portal\/wp-content\/uploads\/2020\/02\/1-2-380x285.png 380w, https:\/\/webdelmaestrocmf.com\/portal\/wp-content\/uploads\/2020\/02\/1-2-255x191.png 255w, https:\/\/webdelmaestrocmf.com\/portal\/wp-content\/uploads\/2020\/02\/1-2-550x413.png 550w\" sizes=\"auto, (max-width: 800px) 100vw, 800px\" \/><\/p>\n<ul style=\"text-align: justify;\">\n<li>Acompa\u00f1amiento mediante la atenci\u00f3n de tutor\u00eda integral y reforzamiento pedag\u00f3gico, involucrando la participaci\u00f3n de los padres de familia.<\/li>\n<li>Aplicaci\u00f3n de metodolog\u00edas alternativas e integraci\u00f3n curricular de las tecnolog\u00edas de la informaci\u00f3n y comunicaci\u00f3n (TIC) mediante equipos de uso educativo, softwares y licencias de programas educativos, acceso a plataformas y conectividad a Internet.<\/li>\n<li>Programa Blended en Ingl\u00e9s con incremento de horas, formaci\u00f3n docente y recursos educativos, as\u00ed como sesiones \u201cuno a uno\u201d de interacci\u00f3n estudiante computador\/software.<\/li>\n<li>Educaci\u00f3n para el trabajo: combinaci\u00f3n de la formaci\u00f3n t\u00e9cnica espec\u00edfica con el desarrollo de competencias para la empleabilidad y habilidades socioemocionales, poniendo \u00e9nfasis en el manejo de las TIC.<\/li>\n<\/ul>\n<p style=\"text-align: justify;\"><strong>Componente de gesti\u00f3n:<\/strong> Comprende la configuraci\u00f3n de la organizaci\u00f3n y el funcionamiento de la instituci\u00f3n educativa para generar condiciones \u00f3ptimas que conduzcan al logro de aprendizajes y a la calidad del servicio educativo, identific\u00e1ndose los siguientes procesos b\u00e1sicos:<\/p>\n<ul style=\"text-align: justify;\">\n<li>Desarrollo pedag\u00f3gico, que se constituye en la acci\u00f3n educativa que articula procesos, actividades, recursos educativos, espacios y a los actores de la comunidad escolar.<\/li>\n<li>Direcci\u00f3n y liderazgo, que se define como el conjunto de acciones y tareas que emprende el colectivo escolar para constituirse en una organizaci\u00f3n que aprende, planifica participativamente y promueve compromisos para lograr mejores resultados de los aprendizajes.<\/li>\n<li>Convivencia y participaci\u00f3n, que se desarrolla a trav\u00e9s del Sistema de Acci\u00f3n Tutorial Integral para la atenci\u00f3n de un conjunto de aspectos vinculados con la formaci\u00f3n del estudiante en sus dimensiones: acad\u00e9mica, personal-familiar y sociocomunitaria.<\/li>\n<\/ul>\n<p style=\"text-align: justify;\"><strong>Componente de soporte:\u00a0<\/strong>Comprende el fortalecimiento del desempe\u00f1o de los directivos y docentes de las escuelas JEC, as\u00ed como la mejora en la infraestructura a trav\u00e9s de:<\/p>\n<ul>\n<li style=\"text-align: justify;\">Cursos, talleres y capacitaciones virtuales para el fortalecimiento de las capacidades del equipo directivo, de los docentes y del personal de apoyo pedag\u00f3gico.<\/li>\n<li style=\"text-align: justify;\">Acompa\u00f1amiento permanente al docente en la elaboraci\u00f3n de unidades pedag\u00f3gicas y sesiones de aprendizaje.<\/li>\n<li style=\"text-align: justify;\">Capacitaci\u00f3n en metodolog\u00edas alternativas y acceso a una plataforma virtual.<\/li>\n<li style=\"text-align: justify;\">Acompa\u00f1amiento a directores en el monitoreo y coordinaci\u00f3n entre las instancias de gesti\u00f3n descentralizada.<\/li>\n<li style=\"text-align: justify;\">Equipamiento y dotaci\u00f3n de recursos tecnol\u00f3gicos y conectividad a Internet.<\/li>\n<li style=\"text-align: justify;\">Reposici\u00f3n de mobiliario para las aulas y mantenimiento de los servicios higi\u00e9nicos.<\/li>\n<li style=\"text-align: justify;\">Implementaci\u00f3n progresiva de aulas funcionales con recursos educativos especializados.<\/li>\n<\/ul>\n<p><strong>Este contenido ha sido publicado originalmente por MINISTERIO DE EDUCACI\u00d3N (Per\u00fa) en la siguiente direcci\u00f3n: <a href=\"http:\/\/www.minedu.gob.pe\/jec\/\" target=\"_blank\" rel=\"noopener noreferrer\">minedu.gob.pe<\/a><\/strong><\/p>\n<p style=\"text-align: center;\">Recomendamos a la Comunidad Educativa Digital tener en cuenta que, el enlace y\/o la carpeta en donde est\u00e1n alojados los libros, recursos y\/o materiales, no es administrado por la Web del Maestro CMF, pueda ser que en cuesti\u00f3n de d\u00edas (o seg\u00fan el tiempo transcurrido desde su publicaci\u00f3n), los enlaces no funcionen y el material ya no se encuentre disponible. Gracias por su comprensi\u00f3n.<\/p>\n<h3><strong>ENLACE DE LECTURA:<\/strong><\/h3>\n<p style=\"text-align: center;\">\u00a1Comparte y as\u00ed m\u00e1s docentes utilizar\u00e1n estos recursos\u00a0gratis! Muchas gracias.<\/p>\n<p style=\"text-align: center;\"><strong><span style=\"color: #000000;\"><a style=\"color: #000000;\" href=\"https:\/\/drive.google.com\/file\/d\/1WWZVZLEvT6rNzdUg26gU0-OTqi8XklNo\/view?fbclid=IwAR2mDN-LlPeMSLvFlPRX7osytIglY66ZaVWK0jnaboAHYd40wgB4vto-0o0\" target=\"_blank\" rel=\"noopener noreferrer\">JORNADA ESCOLAR COMPLETA<\/a><\/span><\/strong><\/p>\n\t\t<div class=\"pk-inline-posts\">\n\t\t\t\n\t\t\t<div class=\"pk-inline-posts-container pk-inline-posts-template-list\"\n\t\t\t\tdata-columns=\"1\">\n\t\t\t\t\t\t<article id=\"post-101267\" class=\"post-101267 post type-post status-publish format-standard has-post-thumbnail category-calculo category-descargas-manuales-pdf category-pedagogia tag-calculo tag-desarrollar tag-guia tag-mental tag-ninos cs-entry cs-video-wrap\">\n\t\t\t<div class=\"pk-post-outer\">\n\n\t\t\t\t\t\t\t\t<div class=\"pk-post-inner\">\n\t\t\t\t\t<div class=\"entry-thumbnail\">\n\t\t\t\t\t\t<div class=\"pk-overlay pk-overlay-ratio pk-ratio-landscape\">\n\t\t\t\t\t\t\t<div class=\"pk-overlay-background\">\n\t\t\t\t\t\t\t\t<a href=\"https:\/\/webdelmaestrocmf.com\/portal\/guia-para-desarrollar-el-calculo-mental-en-ninos\/\" class=\"pk-overlay-link\">\n\t\t\t\t\t\t\t\t\t<img loading=\"lazy\" decoding=\"async\" width=\"300\" height=\"225\" src=\"https:\/\/webdelmaestrocmf.com\/portal\/wp-content\/uploads\/2023\/11\/1AA-Banner-1-portada-imagen-10-1-copia-1-300x225.webp\" class=\"attachment-pk-thumbnail size-pk-thumbnail wp-post-image\" alt=\"\" \/>\t\t\t\t\t\t\t\t<\/a>\n\t\t\t\t\t\t\t<\/div>\n\t\t\t\t\t\t<\/div>\n\t\t\t\t\t<\/div>\n\t\t\t\t<\/div>\n\t\t\t\t\n\t\t\t\t<div class=\"pk-post-inner\">\n\t\t\t\t\t<header>\n\t\t\t\t\t\t<h3 class=\"pk-title\"><a href=\"https:\/\/webdelmaestrocmf.com\/portal\/guia-para-desarrollar-el-calculo-mental-en-ninos\/\" rel=\"bookmark\">Gu\u00eda pr\u00e1ctica para desarrollar el c\u00e1lculo mental en ni\u00f1os: descarga los tres cuadernillos de c\u00e1lculo mental<\/a><\/h3>\t\t\t\t\t<\/header><!-- .entry-header -->\n\t\t\t\t<\/div><!-- .post-inner -->\n\n\t\t\t<\/div><!-- .post-outer -->\n\t\t<\/article>\n\t\t\t\t<\/div>\n\t\t<\/div>\n\t\t\n","protected":false},"excerpt":{"rendered":"La Jornada Escolar Completa (JEC) es un modelo de servicio educativo que busca mejorar la calidad ampliando las&hellip;","protected":false},"author":1,"featured_media":44073,"comment_status":"open","ping_status":"closed","sticky":false,"template":"","format":"standard","meta":{"csco_display_header_overlay":false,"csco_singular_sidebar":"default","csco_page_header_type":"default","csco_page_load_nextpost":"default","csco_post_video_location":[],"csco_post_video_location_hash":"","csco_post_video_url":"","csco_post_video_bg_start_time":0,"csco_post_video_bg_end_time":0,"csco_post_video_bg_volume":false,"_jetpack_memberships_contains_paid_content":false,"footnotes":""},"categories":[2004,735],"tags":[3089,55,608,2461,3384],"class_list":{"0":"post-44057","1":"post","2":"type-post","3":"status-publish","4":"format-standard","5":"has-post-thumbnail","7":"category-descargas-manuales-pdf","8":"category-pedagogia","9":"tag-completa","10":"tag-educacion","11":"tag-escolar","12":"tag-jornada","13":"tag-ministerio","14":"cs-entry","15":"cs-video-wrap"},"yoast_head":"<!-- This site is optimized with the Yoast SEO plugin v27.5 - https:\/\/yoast.com\/product\/yoast-seo-wordpress\/ -->\n<title>Jornada Escolar Completa - Ministerio de Educaci\u00f3n - 2026<\/title>\n<meta name=\"description\" content=\"La Jornada Escolar Completa (JEC) es un modelo de servicio educativo que busca mejorar la calidad ampliando las oportunidades de aprendizaje...\" \/>\n<meta name=\"robots\" content=\"index, follow, max-snippet:-1, max-image-preview:large, max-video-preview:-1\" \/>\n<link rel=\"canonical\" href=\"https:\/\/webdelmaestrocmf.com\/portal\/jornada-escolar-completa-ministerio-de-educacion\/\" \/>\n<meta property=\"og:locale\" content=\"es_ES\" \/>\n<meta property=\"og:type\" content=\"article\" \/>\n<meta property=\"og:title\" content=\"Jornada Escolar Completa - Ministerio de Educaci\u00f3n - 2026\" \/>\n<meta property=\"og:description\" content=\"La Jornada Escolar Completa (JEC) es un modelo de servicio educativo que busca mejorar la calidad ampliando las oportunidades de aprendizaje...\" \/>\n<meta property=\"og:url\" content=\"https:\/\/webdelmaestrocmf.com\/portal\/jornada-escolar-completa-ministerio-de-educacion\/\" \/>\n<meta property=\"og:site_name\" content=\"Web del Maestro CMF\" \/>\n<meta property=\"article:publisher\" content=\"https:\/\/www.facebook.com\/WebdelMaestroCMF\/\" \/>\n<meta property=\"article:author\" content=\"https:\/\/www.facebook.com\/WebdelMaestroCMF\/\" \/>\n<meta property=\"article:published_time\" content=\"2020-02-08T22:22:38+00:00\" \/>\n<meta property=\"article:modified_time\" content=\"2020-02-10T13:42:52+00:00\" \/>\n<meta property=\"og:image\" content=\"https:\/\/i0.wp.com\/webdelmaestrocmf.com\/portal\/wp-content\/uploads\/2020\/02\/1-20.jpg?fit=1100%2C680&ssl=1\" \/>\n\t<meta property=\"og:image:width\" content=\"1100\" \/>\n\t<meta property=\"og:image:height\" content=\"680\" \/>\n\t<meta property=\"og:image:type\" content=\"image\/jpeg\" \/>\n<meta name=\"author\" content=\"Web del Maestro CMF\" \/>\n<meta name=\"twitter:card\" content=\"summary_large_image\" \/>\n<meta name=\"twitter:creator\" content=\"@cmf_w\" \/>\n<meta name=\"twitter:site\" content=\"@cmf_w\" \/>\n<script type=\"application\/ld+json\" class=\"yoast-schema-graph\">{\"@context\":\"https:\\\/\\\/schema.org\",\"@graph\":[{\"@type\":\"ScholarlyArticle\",\"@id\":\"https:\\\/\\\/webdelmaestrocmf.com\\\/portal\\\/jornada-escolar-completa-ministerio-de-educacion\\\/#article\",\"isPartOf\":{\"@id\":\"https:\\\/\\\/webdelmaestrocmf.com\\\/portal\\\/jornada-escolar-completa-ministerio-de-educacion\\\/\"},\"author\":{\"name\":\"Web del Maestro CMF\",\"@id\":\"https:\\\/\\\/webdelmaestrocmf.com\\\/portal\\\/#\\\/schema\\\/person\\\/1072a2ed7bd960df8ef99a551fa35dc5\"},\"headline\":\"Jornada Escolar Completa &#8211; Ministerio de Educaci\u00f3n\",\"datePublished\":\"2020-02-08T22:22:38+00:00\",\"dateModified\":\"2020-02-10T13:42:52+00:00\",\"mainEntityOfPage\":{\"@id\":\"https:\\\/\\\/webdelmaestrocmf.com\\\/portal\\\/jornada-escolar-completa-ministerio-de-educacion\\\/\"},\"wordCount\":836,\"commentCount\":2,\"publisher\":{\"@id\":\"https:\\\/\\\/webdelmaestrocmf.com\\\/portal\\\/#organization\"},\"image\":{\"@id\":\"https:\\\/\\\/webdelmaestrocmf.com\\\/portal\\\/jornada-escolar-completa-ministerio-de-educacion\\\/#primaryimage\"},\"thumbnailUrl\":\"https:\\\/\\\/webdelmaestrocmf.com\\\/portal\\\/wp-content\\\/uploads\\\/2020\\\/02\\\/1-20.jpg\",\"keywords\":[\"COMPLETA\",\"EDUCACI\u00d3N\",\"ESCOLAR\",\"JORNADA\",\"MINISTERIO\"],\"articleSection\":[\"Descargas Manuales PDF\",\"Recursos\"],\"inLanguage\":\"es\",\"potentialAction\":[{\"@type\":\"CommentAction\",\"name\":\"Comment\",\"target\":[\"https:\\\/\\\/webdelmaestrocmf.com\\\/portal\\\/jornada-escolar-completa-ministerio-de-educacion\\\/#respond\"]}]},{\"@type\":\"WebPage\",\"@id\":\"https:\\\/\\\/webdelmaestrocmf.com\\\/portal\\\/jornada-escolar-completa-ministerio-de-educacion\\\/\",\"url\":\"https:\\\/\\\/webdelmaestrocmf.com\\\/portal\\\/jornada-escolar-completa-ministerio-de-educacion\\\/\",\"name\":\"Jornada Escolar Completa - Ministerio de Educaci\u00f3n - 2026\",\"isPartOf\":{\"@id\":\"https:\\\/\\\/webdelmaestrocmf.com\\\/portal\\\/#website\"},\"primaryImageOfPage\":{\"@id\":\"https:\\\/\\\/webdelmaestrocmf.com\\\/portal\\\/jornada-escolar-completa-ministerio-de-educacion\\\/#primaryimage\"},\"image\":{\"@id\":\"https:\\\/\\\/webdelmaestrocmf.com\\\/portal\\\/jornada-escolar-completa-ministerio-de-educacion\\\/#primaryimage\"},\"thumbnailUrl\":\"https:\\\/\\\/webdelmaestrocmf.com\\\/portal\\\/wp-content\\\/uploads\\\/2020\\\/02\\\/1-20.jpg\",\"datePublished\":\"2020-02-08T22:22:38+00:00\",\"dateModified\":\"2020-02-10T13:42:52+00:00\",\"description\":\"La Jornada Escolar Completa (JEC) es un modelo de servicio educativo que busca mejorar la calidad ampliando las oportunidades de aprendizaje...\",\"breadcrumb\":{\"@id\":\"https:\\\/\\\/webdelmaestrocmf.com\\\/portal\\\/jornada-escolar-completa-ministerio-de-educacion\\\/#breadcrumb\"},\"inLanguage\":\"es\",\"potentialAction\":[{\"@type\":\"ReadAction\",\"target\":[\"https:\\\/\\\/webdelmaestrocmf.com\\\/portal\\\/jornada-escolar-completa-ministerio-de-educacion\\\/\"]}]},{\"@type\":\"ImageObject\",\"inLanguage\":\"es\",\"@id\":\"https:\\\/\\\/webdelmaestrocmf.com\\\/portal\\\/jornada-escolar-completa-ministerio-de-educacion\\\/#primaryimage\",\"url\":\"https:\\\/\\\/webdelmaestrocmf.com\\\/portal\\\/wp-content\\\/uploads\\\/2020\\\/02\\\/1-20.jpg\",\"contentUrl\":\"https:\\\/\\\/webdelmaestrocmf.com\\\/portal\\\/wp-content\\\/uploads\\\/2020\\\/02\\\/1-20.jpg\",\"width\":1100,\"height\":680},{\"@type\":\"BreadcrumbList\",\"@id\":\"https:\\\/\\\/webdelmaestrocmf.com\\\/portal\\\/jornada-escolar-completa-ministerio-de-educacion\\\/#breadcrumb\",\"itemListElement\":[{\"@type\":\"ListItem\",\"position\":1,\"name\":\"Portada\",\"item\":\"https:\\\/\\\/webdelmaestrocmf.com\\\/portal\\\/\"},{\"@type\":\"ListItem\",\"position\":2,\"name\":\"Recursos\",\"item\":\"https:\\\/\\\/webdelmaestrocmf.com\\\/portal\\\/category\\\/pedagogia\\\/\"},{\"@type\":\"ListItem\",\"position\":3,\"name\":\"Jornada Escolar Completa &#8211; Ministerio de Educaci\u00f3n\"}]},{\"@type\":\"WebSite\",\"@id\":\"https:\\\/\\\/webdelmaestrocmf.com\\\/portal\\\/#website\",\"url\":\"https:\\\/\\\/webdelmaestrocmf.com\\\/portal\\\/\",\"name\":\"Web del Maestro CMF\",\"description\":\"Maestros al servicio de la educaci\u00f3n\",\"publisher\":{\"@id\":\"https:\\\/\\\/webdelmaestrocmf.com\\\/portal\\\/#organization\"},\"alternateName\":\"WMCMF\",\"potentialAction\":[{\"@type\":\"SearchAction\",\"target\":{\"@type\":\"EntryPoint\",\"urlTemplate\":\"https:\\\/\\\/webdelmaestrocmf.com\\\/portal\\\/?s={search_term_string}\"},\"query-input\":{\"@type\":\"PropertyValueSpecification\",\"valueRequired\":true,\"valueName\":\"search_term_string\"}}],\"inLanguage\":\"es\"},{\"@type\":\"Organization\",\"@id\":\"https:\\\/\\\/webdelmaestrocmf.com\\\/portal\\\/#organization\",\"name\":\"Web del Maestro CMF\",\"alternateName\":\"WMCMF\",\"url\":\"https:\\\/\\\/webdelmaestrocmf.com\\\/portal\\\/\",\"logo\":{\"@type\":\"ImageObject\",\"inLanguage\":\"es\",\"@id\":\"https:\\\/\\\/webdelmaestrocmf.com\\\/portal\\\/#\\\/schema\\\/logo\\\/image\\\/\",\"url\":\"https:\\\/\\\/webdelmaestrocmf.com\\\/portal\\\/wp-content\\\/uploads\\\/2023\\\/01\\\/logo-wmcmf-2.png\",\"contentUrl\":\"https:\\\/\\\/webdelmaestrocmf.com\\\/portal\\\/wp-content\\\/uploads\\\/2023\\\/01\\\/logo-wmcmf-2.png\",\"width\":200,\"height\":60,\"caption\":\"Web del Maestro CMF\"},\"image\":{\"@id\":\"https:\\\/\\\/webdelmaestrocmf.com\\\/portal\\\/#\\\/schema\\\/logo\\\/image\\\/\"},\"sameAs\":[\"https:\\\/\\\/www.facebook.com\\\/WebdelMaestroCMF\\\/\",\"https:\\\/\\\/x.com\\\/cmf_w\",\"https:\\\/\\\/www.pinterest.com\\\/WMCMF\\\/\",\"https:\\\/\\\/www.linkedin.com\\\/company\\\/web-del-maestro-cmf\\\/\",\"https:\\\/\\\/www.instagram.com\\\/wmcmf\\\/\",\"https:\\\/\\\/www.youtube.com\\\/channel\\\/UCDPSvjbdodE5sHnC3OxutHw\",\"https:\\\/\\\/mastodon.social\\\/@wmcmf\",\"https:\\\/\\\/www.tiktok.com\\\/@webdelmaestrocmf\"]},{\"@type\":\"Person\",\"@id\":\"https:\\\/\\\/webdelmaestrocmf.com\\\/portal\\\/#\\\/schema\\\/person\\\/1072a2ed7bd960df8ef99a551fa35dc5\",\"name\":\"Web del Maestro CMF\",\"image\":{\"@type\":\"ImageObject\",\"inLanguage\":\"es\",\"@id\":\"https:\\\/\\\/secure.gravatar.com\\\/avatar\\\/23291dd5b5ae1077dcff3dbb04c3e02bd28403fa75af6d8787d5e97c5bbbe30b?s=96&d=mm&r=g\",\"url\":\"https:\\\/\\\/secure.gravatar.com\\\/avatar\\\/23291dd5b5ae1077dcff3dbb04c3e02bd28403fa75af6d8787d5e97c5bbbe30b?s=96&d=mm&r=g\",\"contentUrl\":\"https:\\\/\\\/secure.gravatar.com\\\/avatar\\\/23291dd5b5ae1077dcff3dbb04c3e02bd28403fa75af6d8787d5e97c5bbbe30b?s=96&d=mm&r=g\",\"caption\":\"Web del Maestro CMF\"},\"description\":\"Esta Web se cre\u00f3 sin fines de lucro, con fines educativos, cient\u00edficos y acad\u00e9micos, para personas que tengan dificultades y\\\/o inconvenientes en visualizar el material original. El objetivo es entregar recursos, compartir experiencias y materiales que ayuden a los padres de familia, maestros y estudiantes en su actualizaci\u00f3n y formaci\u00f3n permanente, en bien de la Educaci\u00f3n.\",\"sameAs\":[\"http:\\\/\\\/webdelmaestrocmf.com\\\/portal\",\"https:\\\/\\\/www.facebook.com\\\/WebdelMaestroCMF\\\/\",\"https:\\\/\\\/www.instagram.com\\\/wmcmf\\\/\",\"https:\\\/\\\/cl.linkedin.com\\\/company\\\/web-del-maestro-cmf\",\"https:\\\/\\\/www.pinterest.com\\\/WMCMF\\\/publicaciones\\\/\",\"https:\\\/\\\/x.com\\\/cmf_w\",\"https:\\\/\\\/www.youtube.com\\\/@WMCMF\"]}]}<\/script>\n<!-- \/ Yoast SEO plugin. -->","yoast_head_json":{"title":"Jornada Escolar Completa - Ministerio de Educaci\u00f3n - 2026","description":"La Jornada Escolar Completa (JEC) es un modelo de servicio educativo que busca mejorar la calidad ampliando las oportunidades de aprendizaje...","robots":{"index":"index","follow":"follow","max-snippet":"max-snippet:-1","max-image-preview":"max-image-preview:large","max-video-preview":"max-video-preview:-1"},"canonical":"https:\/\/webdelmaestrocmf.com\/portal\/jornada-escolar-completa-ministerio-de-educacion\/","og_locale":"es_ES","og_type":"article","og_title":"Jornada Escolar Completa - Ministerio de Educaci\u00f3n - 2026","og_description":"La Jornada Escolar Completa (JEC) es un modelo de servicio educativo que busca mejorar la calidad ampliando las oportunidades de aprendizaje...","og_url":"https:\/\/webdelmaestrocmf.com\/portal\/jornada-escolar-completa-ministerio-de-educacion\/","og_site_name":"Web del Maestro CMF","article_publisher":"https:\/\/www.facebook.com\/WebdelMaestroCMF\/","article_author":"https:\/\/www.facebook.com\/WebdelMaestroCMF\/","article_published_time":"2020-02-08T22:22:38+00:00","article_modified_time":"2020-02-10T13:42:52+00:00","og_image":[{"width":1100,"height":680,"url":"https:\/\/i0.wp.com\/webdelmaestrocmf.com\/portal\/wp-content\/uploads\/2020\/02\/1-20.jpg?fit=1100%2C680&ssl=1","type":"image\/jpeg"}],"author":"Web del Maestro CMF","twitter_card":"summary_large_image","twitter_creator":"@cmf_w","twitter_site":"@cmf_w","schema":{"@context":"https:\/\/schema.org","@graph":[{"@type":"ScholarlyArticle","@id":"https:\/\/webdelmaestrocmf.com\/portal\/jornada-escolar-completa-ministerio-de-educacion\/#article","isPartOf":{"@id":"https:\/\/webdelmaestrocmf.com\/portal\/jornada-escolar-completa-ministerio-de-educacion\/"},"author":{"name":"Web del Maestro CMF","@id":"https:\/\/webdelmaestrocmf.com\/portal\/#\/schema\/person\/1072a2ed7bd960df8ef99a551fa35dc5"},"headline":"Jornada Escolar Completa &#8211; Ministerio de Educaci\u00f3n","datePublished":"2020-02-08T22:22:38+00:00","dateModified":"2020-02-10T13:42:52+00:00","mainEntityOfPage":{"@id":"https:\/\/webdelmaestrocmf.com\/portal\/jornada-escolar-completa-ministerio-de-educacion\/"},"wordCount":836,"commentCount":2,"publisher":{"@id":"https:\/\/webdelmaestrocmf.com\/portal\/#organization"},"image":{"@id":"https:\/\/webdelmaestrocmf.com\/portal\/jornada-escolar-completa-ministerio-de-educacion\/#primaryimage"},"thumbnailUrl":"https:\/\/webdelmaestrocmf.com\/portal\/wp-content\/uploads\/2020\/02\/1-20.jpg","keywords":["COMPLETA","EDUCACI\u00d3N","ESCOLAR","JORNADA","MINISTERIO"],"articleSection":["Descargas Manuales PDF","Recursos"],"inLanguage":"es","potentialAction":[{"@type":"CommentAction","name":"Comment","target":["https:\/\/webdelmaestrocmf.com\/portal\/jornada-escolar-completa-ministerio-de-educacion\/#respond"]}]},{"@type":"WebPage","@id":"https:\/\/webdelmaestrocmf.com\/portal\/jornada-escolar-completa-ministerio-de-educacion\/","url":"https:\/\/webdelmaestrocmf.com\/portal\/jornada-escolar-completa-ministerio-de-educacion\/","name":"Jornada Escolar Completa - Ministerio de Educaci\u00f3n - 2026","isPartOf":{"@id":"https:\/\/webdelmaestrocmf.com\/portal\/#website"},"primaryImageOfPage":{"@id":"https:\/\/webdelmaestrocmf.com\/portal\/jornada-escolar-completa-ministerio-de-educacion\/#primaryimage"},"image":{"@id":"https:\/\/webdelmaestrocmf.com\/portal\/jornada-escolar-completa-ministerio-de-educacion\/#primaryimage"},"thumbnailUrl":"https:\/\/webdelmaestrocmf.com\/portal\/wp-content\/uploads\/2020\/02\/1-20.jpg","datePublished":"2020-02-08T22:22:38+00:00","dateModified":"2020-02-10T13:42:52+00:00","description":"La Jornada Escolar Completa (JEC) es un modelo de servicio educativo que busca mejorar la calidad ampliando las oportunidades de aprendizaje...","breadcrumb":{"@id":"https:\/\/webdelmaestrocmf.com\/portal\/jornada-escolar-completa-ministerio-de-educacion\/#breadcrumb"},"inLanguage":"es","potentialAction":[{"@type":"ReadAction","target":["https:\/\/webdelmaestrocmf.com\/portal\/jornada-escolar-completa-ministerio-de-educacion\/"]}]},{"@type":"ImageObject","inLanguage":"es","@id":"https:\/\/webdelmaestrocmf.com\/portal\/jornada-escolar-completa-ministerio-de-educacion\/#primaryimage","url":"https:\/\/webdelmaestrocmf.com\/portal\/wp-content\/uploads\/2020\/02\/1-20.jpg","contentUrl":"https:\/\/webdelmaestrocmf.com\/portal\/wp-content\/uploads\/2020\/02\/1-20.jpg","width":1100,"height":680},{"@type":"BreadcrumbList","@id":"https:\/\/webdelmaestrocmf.com\/portal\/jornada-escolar-completa-ministerio-de-educacion\/#breadcrumb","itemListElement":[{"@type":"ListItem","position":1,"name":"Portada","item":"https:\/\/webdelmaestrocmf.com\/portal\/"},{"@type":"ListItem","position":2,"name":"Recursos","item":"https:\/\/webdelmaestrocmf.com\/portal\/category\/pedagogia\/"},{"@type":"ListItem","position":3,"name":"Jornada Escolar Completa &#8211; Ministerio de Educaci\u00f3n"}]},{"@type":"WebSite","@id":"https:\/\/webdelmaestrocmf.com\/portal\/#website","url":"https:\/\/webdelmaestrocmf.com\/portal\/","name":"Web del Maestro CMF","description":"Maestros al servicio de la educaci\u00f3n","publisher":{"@id":"https:\/\/webdelmaestrocmf.com\/portal\/#organization"},"alternateName":"WMCMF","potentialAction":[{"@type":"SearchAction","target":{"@type":"EntryPoint","urlTemplate":"https:\/\/webdelmaestrocmf.com\/portal\/?s={search_term_string}"},"query-input":{"@type":"PropertyValueSpecification","valueRequired":true,"valueName":"search_term_string"}}],"inLanguage":"es"},{"@type":"Organization","@id":"https:\/\/webdelmaestrocmf.com\/portal\/#organization","name":"Web del Maestro CMF","alternateName":"WMCMF","url":"https:\/\/webdelmaestrocmf.com\/portal\/","logo":{"@type":"ImageObject","inLanguage":"es","@id":"https:\/\/webdelmaestrocmf.com\/portal\/#\/schema\/logo\/image\/","url":"https:\/\/webdelmaestrocmf.com\/portal\/wp-content\/uploads\/2023\/01\/logo-wmcmf-2.png","contentUrl":"https:\/\/webdelmaestrocmf.com\/portal\/wp-content\/uploads\/2023\/01\/logo-wmcmf-2.png","width":200,"height":60,"caption":"Web del Maestro CMF"},"image":{"@id":"https:\/\/webdelmaestrocmf.com\/portal\/#\/schema\/logo\/image\/"},"sameAs":["https:\/\/www.facebook.com\/WebdelMaestroCMF\/","https:\/\/x.com\/cmf_w","https:\/\/www.pinterest.com\/WMCMF\/","https:\/\/www.linkedin.com\/company\/web-del-maestro-cmf\/","https:\/\/www.instagram.com\/wmcmf\/","https:\/\/www.youtube.com\/channel\/UCDPSvjbdodE5sHnC3OxutHw","https:\/\/mastodon.social\/@wmcmf","https:\/\/www.tiktok.com\/@webdelmaestrocmf"]},{"@type":"Person","@id":"https:\/\/webdelmaestrocmf.com\/portal\/#\/schema\/person\/1072a2ed7bd960df8ef99a551fa35dc5","name":"Web del Maestro CMF","image":{"@type":"ImageObject","inLanguage":"es","@id":"https:\/\/secure.gravatar.com\/avatar\/23291dd5b5ae1077dcff3dbb04c3e02bd28403fa75af6d8787d5e97c5bbbe30b?s=96&d=mm&r=g","url":"https:\/\/secure.gravatar.com\/avatar\/23291dd5b5ae1077dcff3dbb04c3e02bd28403fa75af6d8787d5e97c5bbbe30b?s=96&d=mm&r=g","contentUrl":"https:\/\/secure.gravatar.com\/avatar\/23291dd5b5ae1077dcff3dbb04c3e02bd28403fa75af6d8787d5e97c5bbbe30b?s=96&d=mm&r=g","caption":"Web del Maestro CMF"},"description":"Esta Web se cre\u00f3 sin fines de lucro, con fines educativos, cient\u00edficos y acad\u00e9micos, para personas que tengan dificultades y\/o inconvenientes en visualizar el material original. El objetivo es entregar recursos, compartir experiencias y materiales que ayuden a los padres de familia, maestros y estudiantes en su actualizaci\u00f3n y formaci\u00f3n permanente, en bien de la Educaci\u00f3n.","sameAs":["http:\/\/webdelmaestrocmf.com\/portal","https:\/\/www.facebook.com\/WebdelMaestroCMF\/","https:\/\/www.instagram.com\/wmcmf\/","https:\/\/cl.linkedin.com\/company\/web-del-maestro-cmf","https:\/\/www.pinterest.com\/WMCMF\/publicaciones\/","https:\/\/x.com\/cmf_w","https:\/\/www.youtube.com\/@WMCMF"]}]}},"jetpack_featured_media_url":"https:\/\/webdelmaestrocmf.com\/portal\/wp-content\/uploads\/2020\/02\/1-20.jpg","jetpack_sharing_enabled":true,"jetpack-related-posts":[{"id":113889,"url":"https:\/\/webdelmaestrocmf.com\/portal\/familias-piden-reducir-las-vacaciones-de-verano-y-que-la-jornada-escolar-sea-mas-corta\/","url_meta":{"origin":44057,"position":0},"title":"Familias piden reducir las vacaciones de verano y que la jornada escolar sea m\u00e1s corta","author":"Web del Maestro CMF","date":"9 diciembre, 2025","format":false,"excerpt":"Un debate creciente cuestiona c\u00f3mo se organiza el tiempo escolar y qu\u00e9 efectos reales tiene en el aprendizaje y la salud emocional.","rel":"","context":"En \u00abNoticias Internacionales\u00bb","block_context":{"text":"Noticias Internacionales","link":"https:\/\/webdelmaestrocmf.com\/portal\/category\/noticias-internacionales\/"},"img":{"alt_text":"","src":"https:\/\/i0.wp.com\/webdelmaestrocmf.com\/portal\/wp-content\/uploads\/2025\/12\/1A-Banner-1-portada-imagen-10-1-copia-1-4.webp?resize=350%2C200&ssl=1","width":350,"height":200,"srcset":"https:\/\/i0.wp.com\/webdelmaestrocmf.com\/portal\/wp-content\/uploads\/2025\/12\/1A-Banner-1-portada-imagen-10-1-copia-1-4.webp?resize=350%2C200&ssl=1 1x, https:\/\/i0.wp.com\/webdelmaestrocmf.com\/portal\/wp-content\/uploads\/2025\/12\/1A-Banner-1-portada-imagen-10-1-copia-1-4.webp?resize=525%2C300&ssl=1 1.5x, https:\/\/i0.wp.com\/webdelmaestrocmf.com\/portal\/wp-content\/uploads\/2025\/12\/1A-Banner-1-portada-imagen-10-1-copia-1-4.webp?resize=700%2C400&ssl=1 2x"},"classes":[]},{"id":113995,"url":"https:\/\/webdelmaestrocmf.com\/portal\/se-conocio-la-reforma-educativa-de-javier-milei-para-la-argentina\/","url_meta":{"origin":44057,"position":1},"title":"Se conoci\u00f3 la reforma educativa de Javier Milei para la Argentina","author":"Web del Maestro CMF","date":"12 diciembre, 2025","format":false,"excerpt":"La reforma educativa de Javier Milei propone vouchers, homeschooling, evaluaciones nacionales y protagonismo de las familias","rel":"","context":"En \u00abNoticias Internacionales\u00bb","block_context":{"text":"Noticias Internacionales","link":"https:\/\/webdelmaestrocmf.com\/portal\/category\/noticias-internacionales\/"},"img":{"alt_text":"","src":"https:\/\/i0.wp.com\/webdelmaestrocmf.com\/portal\/wp-content\/uploads\/2025\/12\/1A-Banner-1-portada-imagen-10-1-copia-1-8.webp?resize=350%2C200&ssl=1","width":350,"height":200,"srcset":"https:\/\/i0.wp.com\/webdelmaestrocmf.com\/portal\/wp-content\/uploads\/2025\/12\/1A-Banner-1-portada-imagen-10-1-copia-1-8.webp?resize=350%2C200&ssl=1 1x, https:\/\/i0.wp.com\/webdelmaestrocmf.com\/portal\/wp-content\/uploads\/2025\/12\/1A-Banner-1-portada-imagen-10-1-copia-1-8.webp?resize=525%2C300&ssl=1 1.5x, https:\/\/i0.wp.com\/webdelmaestrocmf.com\/portal\/wp-content\/uploads\/2025\/12\/1A-Banner-1-portada-imagen-10-1-copia-1-8.webp?resize=700%2C400&ssl=1 2x"},"classes":[]},{"id":42515,"url":"https:\/\/webdelmaestrocmf.com\/portal\/metas-de-los-compromisos-de-desempeno-para-el-2020\/","url_meta":{"origin":44057,"position":2},"title":"Metas de los Compromisos de Desempe\u00f1o","author":"Web del Maestro CMF","date":"8 diciembre, 2019","format":false,"excerpt":"Los Compromisos de Desempe\u00f1o (CdD) son una herramienta de incentivos que ha creado el Ministerio de\u00a0Educaci\u00f3n\u00a0para entregar recursos adicionales a las direcciones - DRE, gerencias regionales de educaci\u00f3n - GRE y\u00a0unidades de gesti\u00f3n educativa local - UGEL\u00a0que hayan cumplido con un grupo de metas educativas. La intenci\u00f3n es promover una\u2026","rel":"","context":"En \u00abDescargas Manuales PDF\u00bb","block_context":{"text":"Descargas Manuales PDF","link":"https:\/\/webdelmaestrocmf.com\/portal\/category\/pedagogia\/descargas-manuales-pdf\/"},"img":{"alt_text":"","src":"https:\/\/i0.wp.com\/webdelmaestrocmf.com\/portal\/wp-content\/uploads\/2019\/12\/1-23.jpg?resize=350%2C200&ssl=1","width":350,"height":200,"srcset":"https:\/\/i0.wp.com\/webdelmaestrocmf.com\/portal\/wp-content\/uploads\/2019\/12\/1-23.jpg?resize=350%2C200&ssl=1 1x, https:\/\/i0.wp.com\/webdelmaestrocmf.com\/portal\/wp-content\/uploads\/2019\/12\/1-23.jpg?resize=525%2C300&ssl=1 1.5x, https:\/\/i0.wp.com\/webdelmaestrocmf.com\/portal\/wp-content\/uploads\/2019\/12\/1-23.jpg?resize=700%2C400&ssl=1 2x, https:\/\/i0.wp.com\/webdelmaestrocmf.com\/portal\/wp-content\/uploads\/2019\/12\/1-23.jpg?resize=1050%2C600&ssl=1 3x"},"classes":[]},{"id":101464,"url":"https:\/\/webdelmaestrocmf.com\/portal\/proceso-de-promocion-vertical-2024-2025\/","url_meta":{"origin":44057,"position":3},"title":"Proceso de promoci\u00f3n vertical 2024-2025","author":"Web del Maestro CMF","date":"5 diciembre, 2023","format":false,"excerpt":"La SEP ha anunciado cambios en el proceso de promoci\u00f3n vertical para el ciclo 2024-2025, ampliando oportunidades para docentes de preescolar y secundaria. Se introduce el \"Desempe\u00f1o en el servicio\" como nuevo elemento de evaluaci\u00f3n, fortaleciendo la rigurosidad en la evaluaci\u00f3n del desempe\u00f1o docente. El proceso, que se llevar\u00e1 a\u2026","rel":"","context":"En \u00abDescargas Manuales PDF\u00bb","block_context":{"text":"Descargas Manuales PDF","link":"https:\/\/webdelmaestrocmf.com\/portal\/category\/pedagogia\/descargas-manuales-pdf\/"},"img":{"alt_text":"Proceso de promoci\u00f3n vertical","src":"https:\/\/i0.wp.com\/webdelmaestrocmf.com\/portal\/wp-content\/uploads\/2023\/12\/A12B3C4D-6.jpg?resize=350%2C200&ssl=1","width":350,"height":200,"srcset":"https:\/\/i0.wp.com\/webdelmaestrocmf.com\/portal\/wp-content\/uploads\/2023\/12\/A12B3C4D-6.jpg?resize=350%2C200&ssl=1 1x, https:\/\/i0.wp.com\/webdelmaestrocmf.com\/portal\/wp-content\/uploads\/2023\/12\/A12B3C4D-6.jpg?resize=525%2C300&ssl=1 1.5x, https:\/\/i0.wp.com\/webdelmaestrocmf.com\/portal\/wp-content\/uploads\/2023\/12\/A12B3C4D-6.jpg?resize=700%2C400&ssl=1 2x"},"classes":[]},{"id":105974,"url":"https:\/\/webdelmaestrocmf.com\/portal\/calendario-escolar-oficial-del-ciclo-escolar-2024-2025\/","url_meta":{"origin":44057,"position":4},"title":"Calendario escolar oficial del ciclo escolar 2024 \u2013 2025","author":"Web del Maestro CMF","date":"11 junio, 2024","format":false,"excerpt":"Es un placer para nosotros compartir con todos ustedes el Calendario Escolar Oficial del Ciclo Escolar 2024 \u2013 2025, el cual ha sido publicado en el Diario Oficial de la Federaci\u00f3n (DOF). Este calendario es fundamental para la organizaci\u00f3n y planificaci\u00f3n de nuestras actividades educativas durante el pr\u00f3ximo a\u00f1o escolar.\u2026","rel":"","context":"En \u00abCalendario\u00bb","block_context":{"text":"Calendario","link":"https:\/\/webdelmaestrocmf.com\/portal\/category\/pedagogia\/calendario\/"},"img":{"alt_text":"","src":"https:\/\/i0.wp.com\/webdelmaestrocmf.com\/portal\/wp-content\/uploads\/2024\/06\/Banner-1-portada-imagen-10-1-2024-06-11T114426.418.jpg?resize=350%2C200&ssl=1","width":350,"height":200,"srcset":"https:\/\/i0.wp.com\/webdelmaestrocmf.com\/portal\/wp-content\/uploads\/2024\/06\/Banner-1-portada-imagen-10-1-2024-06-11T114426.418.jpg?resize=350%2C200&ssl=1 1x, https:\/\/i0.wp.com\/webdelmaestrocmf.com\/portal\/wp-content\/uploads\/2024\/06\/Banner-1-portada-imagen-10-1-2024-06-11T114426.418.jpg?resize=525%2C300&ssl=1 1.5x, https:\/\/i0.wp.com\/webdelmaestrocmf.com\/portal\/wp-content\/uploads\/2024\/06\/Banner-1-portada-imagen-10-1-2024-06-11T114426.418.jpg?resize=700%2C400&ssl=1 2x"},"classes":[]},{"id":97954,"url":"https:\/\/webdelmaestrocmf.com\/portal\/cuales-son-los-principios-de-la-lomloe\/","url_meta":{"origin":44057,"position":5},"title":"\u00bfCu\u00e1les son los principios de la LOMLOE?","author":"Web del Maestro CMF","date":"19 octubre, 2023","format":false,"excerpt":"La educaci\u00f3n es un pilar fundamental en el desarrollo de cualquier sociedad, y Espa\u00f1a no es la excepci\u00f3n. La Ley Org\u00e1nica 3\/2020, de 29 de diciembre, por la que se modifica la Ley Org\u00e1nica 2\/2006, de 3 de mayo, de Educaci\u00f3n (LOMLOE), marca un hito en el sistema educativo espa\u00f1ol,\u2026","rel":"","context":"En \u00abPrincipios\u00bb","block_context":{"text":"Principios","link":"https:\/\/webdelmaestrocmf.com\/portal\/category\/pedagogia\/principios\/"},"img":{"alt_text":"LOMLOE","src":"https:\/\/i0.wp.com\/webdelmaestrocmf.com\/portal\/wp-content\/uploads\/2023\/10\/A12B3C4D-2-3.jpg?resize=350%2C200&ssl=1","width":350,"height":200,"srcset":"https:\/\/i0.wp.com\/webdelmaestrocmf.com\/portal\/wp-content\/uploads\/2023\/10\/A12B3C4D-2-3.jpg?resize=350%2C200&ssl=1 1x, https:\/\/i0.wp.com\/webdelmaestrocmf.com\/portal\/wp-content\/uploads\/2023\/10\/A12B3C4D-2-3.jpg?resize=525%2C300&ssl=1 1.5x, https:\/\/i0.wp.com\/webdelmaestrocmf.com\/portal\/wp-content\/uploads\/2023\/10\/A12B3C4D-2-3.jpg?resize=700%2C400&ssl=1 2x"},"classes":[]}],"_links":{"self":[{"href":"https:\/\/webdelmaestrocmf.com\/portal\/wp-json\/wp\/v2\/posts\/44057","targetHints":{"allow":["GET"]}}],"collection":[{"href":"https:\/\/webdelmaestrocmf.com\/portal\/wp-json\/wp\/v2\/posts"}],"about":[{"href":"https:\/\/webdelmaestrocmf.com\/portal\/wp-json\/wp\/v2\/types\/post"}],"author":[{"embeddable":true,"href":"https:\/\/webdelmaestrocmf.com\/portal\/wp-json\/wp\/v2\/users\/1"}],"replies":[{"embeddable":true,"href":"https:\/\/webdelmaestrocmf.com\/portal\/wp-json\/wp\/v2\/comments?post=44057"}],"version-history":[{"count":0,"href":"https:\/\/webdelmaestrocmf.com\/portal\/wp-json\/wp\/v2\/posts\/44057\/revisions"}],"wp:featuredmedia":[{"embeddable":true,"href":"https:\/\/webdelmaestrocmf.com\/portal\/wp-json\/wp\/v2\/media\/44073"}],"wp:attachment":[{"href":"https:\/\/webdelmaestrocmf.com\/portal\/wp-json\/wp\/v2\/media?parent=44057"}],"wp:term":[{"taxonomy":"category","embeddable":true,"href":"https:\/\/webdelmaestrocmf.com\/portal\/wp-json\/wp\/v2\/categories?post=44057"},{"taxonomy":"post_tag","embeddable":true,"href":"https:\/\/webdelmaestrocmf.com\/portal\/wp-json\/wp\/v2\/tags?post=44057"}],"curies":[{"name":"wp","href":"https:\/\/api.w.org\/{rel}","templated":true}]}}