{"id":43844,"date":"2023-12-22T20:00:30","date_gmt":"2023-12-22T23:00:30","guid":{"rendered":"https:\/\/webdelmaestrocmf.com\/portal\/?p=43844"},"modified":"2023-12-22T20:12:18","modified_gmt":"2023-12-22T23:12:18","slug":"modelo-de-carpeta-pedagogica-para-el-ano-lectivo-2020-inicial-primaria-y-secundaria","status":"publish","type":"post","link":"https:\/\/webdelmaestrocmf.com\/portal\/modelo-de-carpeta-pedagogica-para-el-ano-lectivo-2020-inicial-primaria-y-secundaria\/","title":{"rendered":"Modelo de carpeta pedag\u00f3gica para este a\u00f1o lectivo"},"content":{"rendered":"<p style=\"text-align: justify;\"><strong>La carpeta pedag\u00f3gica es un instrumento de trabajo, primordial e imprescindible del docente, que permite viabilizar de manera adecuada y pertinente las acciones educativas. Es un documento normativo en la medida que contiene los lineamientos de la pol\u00edtica educativa actual, adecuadas y contextualizadas a una realidad sociocultural determinada, que orienta de manera eficiente y efectiva el proceso educativo a nivel del aula.<\/strong><\/p>\n<p style=\"text-align: justify;\"><!--more--><\/p>\n<p style=\"font-weight: 400; text-align: justify;\">La carpeta pedag\u00f3gica debe formularla el profesor (a) del \u00c1rea y en lo posible algunos\u00a0\u00a0aspectos, con la participaci\u00f3n de los alumnos y padres de familia.<\/p>\n<p>Art\u00edculo relacionado: <a href=\"https:\/\/webdelmaestrocmf.com\/portal\/50-actividades-para-desarrollar-la-inteligencia-emocional\/\" target=\"_top\" rel=\"noopener\">150 actividades, carpetas y juegos para desarrollar la inteligencia emocional en el aula<\/a><\/p>\n<h2 style=\"text-align: left;\"><strong>\u00bfPor qu\u00e9 se debe elaborar la carpeta pedag\u00f3gica?<\/strong><\/h2>\n<p style=\"text-align: justify;\">Porque facilita la labor del docente al dar direcci\u00f3n, prever, promover, controlar el quehacer educativo del aula.<\/p>\n<h2 style=\"text-align: left;\"><strong>\u00bfPara que se debe elaborar la carpeta pedag\u00f3gica?<\/strong><\/h2>\n<p style=\"text-align: justify;\">Para\u00a0\u00a0librarse de la rutina e improvisaci\u00f3n y mejorar la calidad\u00a0\u00a0del proceso educativo.<\/p>\n<h2 style=\"text-align: left;\"><strong>\u00bfC\u00f3mo se debe elaborar la carpeta pedag\u00f3gica?<\/strong><\/h2>\n<p>Aplicando criterios filos\u00f3ficos, cient\u00edficos, tecnol\u00f3gicos y legales de la educaci\u00f3n.<\/p>\n<h2 style=\"text-align: left;\"><strong>\u00bfQu\u00e9 aspectos debe comprender la carpeta pedag\u00f3gica?<\/strong><\/h2>\n<p style=\"text-align: justify;\">Una carpeta pedag\u00f3gica debe ser actualizada, debe contener el aspecto organizativo y administrativo as\u00ed como la parte t\u00e9cnico pedag\u00f3gico y cient\u00edfico que presentamos a continuaci\u00f3n.<\/p>\n<h2 style=\"text-align: left;\"><strong>\u00bfPor qu\u00e9 es importante la carpeta pedag\u00f3gica?<\/strong><\/h2>\n<p style=\"text-align: justify;\">Es importante por que facilita la labor del docente en el que hacer educativo en forma planificada y organizada sin hacer improvisaciones.<\/p>\n<p><img loading=\"lazy\" decoding=\"async\" class=\"alignnone wp-image-49522 size-full\" src=\"https:\/\/webdelmaestrocmf.com\/portal\/wp-content\/uploads\/2020\/02\/1-copia-3.jpg\" alt=\"carpeta pedag\u00f3gicav\" width=\"1033\" height=\"557\" srcset=\"https:\/\/webdelmaestrocmf.com\/portal\/wp-content\/uploads\/2020\/02\/1-copia-3.jpg 1033w, https:\/\/webdelmaestrocmf.com\/portal\/wp-content\/uploads\/2020\/02\/1-copia-3-300x162.jpg 300w, https:\/\/webdelmaestrocmf.com\/portal\/wp-content\/uploads\/2020\/02\/1-copia-3-1024x552.jpg 1024w, https:\/\/webdelmaestrocmf.com\/portal\/wp-content\/uploads\/2020\/02\/1-copia-3-768x414.jpg 768w, https:\/\/webdelmaestrocmf.com\/portal\/wp-content\/uploads\/2020\/02\/1-copia-3-110x59.jpg 110w, https:\/\/webdelmaestrocmf.com\/portal\/wp-content\/uploads\/2020\/02\/1-copia-3-200x108.jpg 200w, https:\/\/webdelmaestrocmf.com\/portal\/wp-content\/uploads\/2020\/02\/1-copia-3-380x205.jpg 380w, https:\/\/webdelmaestrocmf.com\/portal\/wp-content\/uploads\/2020\/02\/1-copia-3-255x137.jpg 255w, https:\/\/webdelmaestrocmf.com\/portal\/wp-content\/uploads\/2020\/02\/1-copia-3-550x297.jpg 550w, https:\/\/webdelmaestrocmf.com\/portal\/wp-content\/uploads\/2020\/02\/1-copia-3-800x431.jpg 800w\" sizes=\"auto, (max-width: 1033px) 100vw, 1033px\" \/><\/p>\n<p style=\"text-align: justify;\">Dicho documento es importante por que servir\u00e1 como instrumento t\u00e9cnico para efectos de supervisi\u00f3n general y especializada que estipula el Reglamento de Educaci\u00f3n\u00a0\u00a0Secundaria y las normas para el desarrollo de las acciones educativas.<\/p>\n<h2 style=\"text-align: left;\"><strong>Objetivos de la carpeta pedag\u00f3gica.<\/strong><\/h2>\n<ul>\n<li style=\"text-align: justify;\">Los objetivos m\u00e1s importantes de la carpeta pedag\u00f3gica son como se indica a continuaci\u00f3n<\/li>\n<li style=\"text-align: justify;\">Orienta el trabajo del docente considerando lo planteado y establecidos como objetivos de la educaci\u00f3n que deben ser contrastado con la realidad y la experiencia cotidiana.<\/li>\n<li style=\"text-align: justify;\">Servir de gu\u00eda en el desarrollo de las acciones educativas acorde con el avance de la ciencia y tecnolog\u00eda.<\/li>\n<li style=\"text-align: justify;\">Proponer nuevas formas de organizaci\u00f3n educativa acorde con el avance de la ciencia y la tecnolog\u00eda.<\/li>\n<li style=\"text-align: justify;\">Propiciar la creatividad, la iniciativa y el aporte cr\u00edtico con la finalidad de enriquecer y perfeccionar en el proceso educativo.<\/li>\n<li style=\"text-align: justify;\">Contar con el instrumento t\u00e9cnico pedag\u00f3gico a nivel del plantel, Centro Educativo y aula.<\/li>\n<\/ul>\n<h2 style=\"text-align: left;\"><strong>Finalidad de la carpeta pedag\u00f3gica<\/strong><\/h2>\n<p style=\"text-align: justify;\">La carpeta did\u00e1ctica tiene como finalidad de ser un instrumento de la\u00a0\u00a0acci\u00f3n educativa, donde est\u00e1n plasmados los diferentes aspectos de la programaci\u00f3n curricular del enfoque pedag\u00f3gico. En esta carpeta tambi\u00e9n comprende.<\/p>\n<p style=\"text-align: justify;\">Las unidades de aprendizaje, son los que facilita al docente d\u00e1ndole direcci\u00f3n en el que\u00a0\u00a0hacer educativo, para evitar improvisaciones que ser\u00e1 en beneficio de los alumnos del Nivel secundaria de menores de la Instituci\u00f3n Educativa \u201cMilagro de F\u00e1tima\u201d\u00a0\u00a0de Hu\u00e1nuco.<\/p>\n<h2 style=\"text-align: left;\"><strong>Contenido:<\/strong><\/h2>\n<h3 style=\"padding-left: 40px; text-align: left;\"><strong>Documentos de\u00a0Gesti\u00f3n Administrativa<\/strong><\/h3>\n<ul>\n<li style=\"list-style-type: none;\">\n<ul>\n<li>Ficha de\u00a0Matr\u00edcula<\/li>\n<li>N\u00f3mina de Matr\u00edcula<\/li>\n<li>Directorio de Padres de Familia<\/li>\n<li>Calendarizaci\u00f3n del A\u00f1o Escolar<\/li>\n<li>Inventario de Aula<\/li>\n<li>Organigrama de Aula<\/li>\n<li>Comit\u00e9 de Aula de Padres de Familia<\/li>\n<li>Libro de Actas de Reuniones de Padres de Familia<\/li>\n<li>Organizaci\u00f3n de Estudiantes<\/li>\n<li>Reglamento Interno de Aula<\/li>\n<li>Plan Anual de Trabajo de Aula<\/li>\n<li>Registro de Ocurrencias<\/li>\n<li>Norma T\u00e9cnica del A\u00f1o Escolar<\/li>\n<\/ul>\n<\/li>\n<\/ul>\n<h3 style=\"padding-left: 40px; text-align: left;\"><strong>Documentos\u00a0de Gesti\u00f3n Pedag\u00f3gica<\/strong><\/h3>\n<ul>\n<li style=\"list-style-type: none;\">\n<ul>\n<li>Calendario Comunal &#8211;\u00a0C\u00edvico Escolar<\/li>\n<li>Acuerdos de Convivencia de Aula<\/li>\n<li>\u00a0Programaci\u00f3n\u00a0Curricular\u00a0de Aula<\/li>\n<li>Unidades Did\u00e1cticas (Unidad de Aprendizaje, Proyecto de Aprendizaje, M\u00f3dulo\u00a0 o Talleres de aprendizaje<\/li>\n<li>Registro de Asistencia del Educando<\/li>\n<li>Registro de Evaluaci\u00f3n del Educando<\/li>\n<li>Cuaderno Anecdotario\u00a0de Aula<\/li>\n<li>Cuaderno de Campo<\/li>\n<li>Plan Lector de Aula<\/li>\n<li>Plan de Tutor\u00eda de Aula<\/li>\n<li>Archivo de pruebas y\/o pr\u00e1cticas por \u00e1reas.<\/li>\n<li>Herramientas pedag\u00f3gicas (Curriculo Nacional, Perfil de Egreso y Est\u00e1ndares de Progreso)<\/li>\n<\/ul>\n<\/li>\n<\/ul>\n<h3 style=\"padding-left: 40px; text-align: left;\"><strong>Documentos de Gesti\u00f3n Institucional<\/strong><\/h3>\n<ul>\n<li style=\"list-style-type: none;\">\n<ul>\n<li>Proyecto Educativo Institucional<\/li>\n<li>Plan Anual de Trabajo de la Instituci\u00f3n<\/li>\n<li>Pol\u00edtica\u00a0de Trabajo Institucional<\/li>\n<li>Marco de Buen desempe\u00f1o Docente<\/li>\n<li>Documentos Normativos<\/li>\n<li>Ficha de Monitoreo y Acompa\u00f1amiento<\/li>\n<\/ul>\n<\/li>\n<\/ul>\n<p style=\"text-align: center;\">Recomendamos a la Comunidad Educativa Digital tener en cuenta que, el enlace y\/o la carpeta en donde est\u00e1n alojados los libros, recursos y\/o materiales, no es administrado por la Web del Maestro CMF, pueda ser que en cuesti\u00f3n de d\u00edas (o seg\u00fan el tiempo transcurrido desde su publicaci\u00f3n), los enlaces no funcionen y el material ya no se encuentre disponible. Gracias por su comprensi\u00f3n.<\/p>\n<h3>ENLACE DE LECTURA:<\/h3>\n<p style=\"text-align: center;\">\u00a1Comparte y as\u00ed m\u00e1s docentes utilizar\u00e1n estos recursos\u00a0gratis! Muchas gracias.<\/p>\n<p style=\"text-align: center;\"><a href=\"https:\/\/mega.nz\/#F!az5GyQ5B!3wwFOxC3Dl5xHHfqy4HOyA\" target=\"_blank\" rel=\"noopener noreferrer\">MODELO DE CARPETA PEDAG\u00d3GICA PARA EL A\u00d1O LECTIVO 2020<\/a><br \/>\nENLACE GOOGLE DRIVE: <a href=\"https:\/\/drive.google.com\/file\/d\/1Ytac7ZnNrSus4L4IZ1FcVbNF6pFDC3dE\/view\" target=\"_blank\" rel=\"noopener noreferrer\">C\u00d3MO HACER UNA CARPETA PEDAG\u00d3GICA<\/a><br \/>\nENLACE GOOGLE DRIVE:<a href=\"https:\/\/drive.google.com\/file\/d\/1IjLHuNX7-Fhfjdn9IRyfXOa95tANOItS\/view\" target=\"_blank\" rel=\"noopener noreferrer\">CARPETA PEDAG\u00d3GICA &#8211; ACTUALIZADA<\/a><br \/>\nENLACE GOOGLE DRIVE:<a href=\"https:\/\/drive.google.com\/file\/d\/1eUIKquGzeYjndN_qDZA_XE6lLf7043Jw\/view\" target=\"_blank\" rel=\"noopener noreferrer\">CARPETA PEDAG\u00d3GICA &#8211; ACTUALIZADA<\/a><br \/>\nIM\u00c1GENES: <a href=\"https:\/\/www.pinterest.cl\/princeladazhp\/carpeta-pedagogica\/\" target=\"_blank\" rel=\"noopener noreferrer\">CARPETA\u00a0<\/a>PEDAGOGICA<br \/>\n<a href=\"https:\/\/drive.google.com\/file\/d\/1rexO1cf-yLM3XPhSBR5vqmxVMtEx7zuR\/view?usp=sharing\" target=\"_blank\" rel=\"noopener noreferrer\">CARPETA PEDAGOGICA 1<\/a><br \/>\n<a href=\"https:\/\/drive.google.com\/file\/d\/16uiqRHp75svWVZ5Vy_W3g_hXTz-y9FuJ\/view?usp=sharing\" target=\"_blank\" rel=\"noopener noreferrer\">CARPETA PEDAGOGICA 2<\/a><br \/>\n<a href=\"https:\/\/drive.google.com\/file\/d\/1l_ESz8t3YZ_9597ctinUKUmirkETPxOM\/view?usp=sharing\" target=\"_blank\" rel=\"noopener noreferrer\">CARPETA PEDAGOGICA 3<\/a><br \/>\n<a href=\"https:\/\/drive.google.com\/file\/d\/1W3w_1kSS7rAeE53Awu6OC1tyZXQADugX\/view?usp=sharing\" target=\"_blank\" rel=\"noopener noreferrer\">CARPETA PEDAGOGICA 4<\/a><br \/>\n<a href=\"https:\/\/drive.google.com\/file\/d\/1N6SV0wxJdY0f3ofGQ9daffmTiI28Q4P3\/view?usp=sharing\" target=\"_blank\" rel=\"noopener noreferrer\">CARPETA PEDAGOGICA 5<\/a><br \/>\n<a href=\"https:\/\/drive.google.com\/file\/d\/14lzh00a3bppdBPIHxuGGglcCqPKdyQku\/view?usp=sharing\" target=\"_blank\" rel=\"noopener noreferrer\">CARPETA PEDAG\u00d3GICA\u00a06<\/a><br \/>\n<a href=\"https:\/\/drive.google.com\/file\/d\/1VwvhejB0HMZQeWmiVfMaH4eXIcrdTiVX\/view?usp=sharing\" target=\"_blank\" rel=\"noopener noreferrer\">CARPETA PEDAGOGICA 7<\/a><br \/>\n<a href=\"https:\/\/drive.google.com\/file\/d\/1AUk0FPnk_bHJYxdJ-edYntLBEvyiikqE\/view?usp=sharing\" target=\"_blank\" rel=\"noopener noreferrer\">CARPETA PEDAGOGICA 8<\/a><br \/>\n<a href=\"https:\/\/drive.google.com\/file\/d\/1TIaMEs2yXUC2jEtcsUayZqokMDWcRfji\/view?usp=sharing\" target=\"_blank\" rel=\"noopener noreferrer\">CARPETA PEDAGOGICA 9<\/a><br \/>\n<a href=\"https:\/\/drive.google.com\/file\/d\/19pZLqa1_DFD62wN5_Z4Z_bMpBliwFli1\/view?usp=sharing\" target=\"_blank\" rel=\"noopener noreferrer\">CARPETA PEDAGOGICA 10<\/a><br \/>\n<a href=\"https:\/\/drive.google.com\/file\/d\/12qAEsJd_vkzqtiQ-la8EcVDBqMSOzA_T\/view?usp=sharing\" target=\"_blank\" rel=\"noopener noreferrer\">CARPETA PEDAGOGICA 11<\/a><br \/>\n<a href=\"https:\/\/drive.google.com\/file\/d\/126UzFIX7Shq7eLdcBcy19dJazv5f9Vpn\/view?usp=sharing\" target=\"_blank\" rel=\"noopener noreferrer\">CARPETA PEDAGOGICA 12<\/a><br \/>\n<a href=\"https:\/\/drive.google.com\/file\/d\/1EG187rowtcDvAAQOdrgbxE4_PW6zmYwN\/view?usp=sharing\" target=\"_blank\" rel=\"noopener noreferrer\">CARPETA PEDAGOGICA 13<\/a><br \/>\n<a href=\"https:\/\/drive.google.com\/file\/d\/1jgEZipWgdJvcNpg8Y19HLxoSUBpkIAuo\/view?usp=sharing\" target=\"_blank\" rel=\"noopener noreferrer\">CARPETA PEDAGOGICA 14<\/a><strong><span style=\"color: #000000;\"><br \/>\n<\/span><\/strong><\/p>\n\t\t<div class=\"pk-inline-posts\">\n\t\t\t\n\t\t\t<div class=\"pk-inline-posts-container pk-inline-posts-template-list\"\n\t\t\t\tdata-columns=\"1\">\n\t\t\t\t\t\t<article id=\"post-101267\" class=\"post-101267 post type-post status-publish format-standard has-post-thumbnail category-calculo category-descargas-manuales-pdf category-pedagogia tag-calculo tag-desarrollar tag-guia tag-mental tag-ninos cs-entry cs-video-wrap\">\n\t\t\t<div class=\"pk-post-outer\">\n\n\t\t\t\t\t\t\t\t<div class=\"pk-post-inner\">\n\t\t\t\t\t<div class=\"entry-thumbnail\">\n\t\t\t\t\t\t<div class=\"pk-overlay pk-overlay-ratio pk-ratio-landscape\">\n\t\t\t\t\t\t\t<div class=\"pk-overlay-background\">\n\t\t\t\t\t\t\t\t<a href=\"https:\/\/webdelmaestrocmf.com\/portal\/guia-para-desarrollar-el-calculo-mental-en-ninos\/\" class=\"pk-overlay-link\">\n\t\t\t\t\t\t\t\t\t<img loading=\"lazy\" decoding=\"async\" width=\"300\" height=\"225\" src=\"https:\/\/webdelmaestrocmf.com\/portal\/wp-content\/uploads\/2023\/11\/1AA-Banner-1-portada-imagen-10-1-copia-1-300x225.webp\" class=\"attachment-pk-thumbnail size-pk-thumbnail wp-post-image\" alt=\"\" \/>\t\t\t\t\t\t\t\t<\/a>\n\t\t\t\t\t\t\t<\/div>\n\t\t\t\t\t\t<\/div>\n\t\t\t\t\t<\/div>\n\t\t\t\t<\/div>\n\t\t\t\t\n\t\t\t\t<div class=\"pk-post-inner\">\n\t\t\t\t\t<header>\n\t\t\t\t\t\t<h3 class=\"pk-title\"><a href=\"https:\/\/webdelmaestrocmf.com\/portal\/guia-para-desarrollar-el-calculo-mental-en-ninos\/\" rel=\"bookmark\">Gu\u00eda pr\u00e1ctica para desarrollar el c\u00e1lculo mental en ni\u00f1os: descarga los tres cuadernillos de c\u00e1lculo mental<\/a><\/h3>\t\t\t\t\t<\/header><!-- .entry-header -->\n\t\t\t\t<\/div><!-- .post-inner -->\n\n\t\t\t<\/div><!-- .post-outer -->\n\t\t<\/article>\n\t\t\t<article id=\"post-95551\" class=\"post-95551 post type-post status-publish format-standard has-post-thumbnail category-deficit-de-atencion category-descargas-manuales-pdf category-pedagogia tag-actividades-al-aire-libre tag-actividades-en-casa tag-actividades-escolares tag-ambiente-de-aprendizaje tag-atencion tag-atencion-plena tag-comprension-lectora tag-concentracion tag-desarrollo-cognitivo tag-educacion tag-ejercicios-de-atencion tag-ejercicios-de-respiracion tag-estrategias-educativas tag-habilidades-de-atencio tag-herramientas-visuales tag-juegos-de-atencion tag-juegos-de-mesa tag-lectura-conjunta tag-limitar-tiempo-de-pantalla tag-mindfulness tag-ninos-distraidos tag-organizacion tag-pausas-activas tag-rompecabezas tag-rutinas tag-tareas-domesticas tag-tdah tag-tecnicas-de-concentracion tag-tiempo-de-silencio cs-entry cs-video-wrap\">\n\t\t\t<div class=\"pk-post-outer\">\n\n\t\t\t\t\t\t\t\t<div class=\"pk-post-inner\">\n\t\t\t\t\t<div class=\"entry-thumbnail\">\n\t\t\t\t\t\t<div class=\"pk-overlay pk-overlay-ratio pk-ratio-landscape\">\n\t\t\t\t\t\t\t<div class=\"pk-overlay-background\">\n\t\t\t\t\t\t\t\t<a href=\"https:\/\/webdelmaestrocmf.com\/portal\/como-educar-a-ninos-distraidos-o-despistados-que-se-puede-hacer-en-clase\/\" class=\"pk-overlay-link\">\n\t\t\t\t\t\t\t\t\t<img loading=\"lazy\" decoding=\"async\" width=\"300\" height=\"225\" src=\"https:\/\/webdelmaestrocmf.com\/portal\/wp-content\/uploads\/2023\/09\/1A-Banner-1-portada-imagen-10-1-copia-1-300x225.jpg\" class=\"attachment-pk-thumbnail size-pk-thumbnail wp-post-image\" alt=\"\" \/>\t\t\t\t\t\t\t\t<\/a>\n\t\t\t\t\t\t\t<\/div>\n\t\t\t\t\t\t<\/div>\n\t\t\t\t\t<\/div>\n\t\t\t\t<\/div>\n\t\t\t\t\n\t\t\t\t<div class=\"pk-post-inner\">\n\t\t\t\t\t<header>\n\t\t\t\t\t\t<h3 class=\"pk-title\"><a href=\"https:\/\/webdelmaestrocmf.com\/portal\/como-educar-a-ninos-distraidos-o-despistados-que-se-puede-hacer-en-clase\/\" rel=\"bookmark\">C\u00f3mo educar a ni\u00f1os distra\u00eddos o despistados. \u00bfQu\u00e9 se puede hacer en clase? Descarga las 80 actividades para trabajar la atenci\u00f3n en clases<\/a><\/h3>\t\t\t\t\t<\/header><!-- .entry-header -->\n\t\t\t\t<\/div><!-- .post-inner -->\n\n\t\t\t<\/div><!-- .post-outer -->\n\t\t<\/article>\n\t\t\t<article id=\"post-20592\" class=\"post-20592 post type-post status-publish format-standard has-post-thumbnail category-descarga category-descargas-manuales-pdf category-estres category-pedagogia tag-docentes tag-educadores tag-guia tag-mindfulness tag-practica cs-entry cs-video-wrap\">\n\t\t\t<div class=\"pk-post-outer\">\n\n\t\t\t\t\t\t\t\t<div class=\"pk-post-inner\">\n\t\t\t\t\t<div class=\"entry-thumbnail\">\n\t\t\t\t\t\t<div class=\"pk-overlay pk-overlay-ratio pk-ratio-landscape\">\n\t\t\t\t\t\t\t<div class=\"pk-overlay-background\">\n\t\t\t\t\t\t\t\t<a href=\"https:\/\/webdelmaestrocmf.com\/portal\/mindfulness-guia-practica-docentes-educadores\/\" class=\"pk-overlay-link\">\n\t\t\t\t\t\t\t\t\t<img loading=\"lazy\" decoding=\"async\" width=\"300\" height=\"225\" src=\"https:\/\/webdelmaestrocmf.com\/portal\/wp-content\/uploads\/2020\/03\/1AA-Banner-1-portada-imagen-10-1-copia-4-300x225.webp\" class=\"attachment-pk-thumbnail size-pk-thumbnail wp-post-image\" alt=\"\" \/>\t\t\t\t\t\t\t\t<\/a>\n\t\t\t\t\t\t\t<\/div>\n\t\t\t\t\t\t<\/div>\n\t\t\t\t\t<\/div>\n\t\t\t\t<\/div>\n\t\t\t\t\n\t\t\t\t<div class=\"pk-post-inner\">\n\t\t\t\t\t<header>\n\t\t\t\t\t\t<h3 class=\"pk-title\"><a href=\"https:\/\/webdelmaestrocmf.com\/portal\/mindfulness-guia-practica-docentes-educadores\/\" rel=\"bookmark\">Mindfulness: Gu\u00eda pr\u00e1ctica para docentes y educadores<\/a><\/h3>\t\t\t\t\t<\/header><!-- .entry-header -->\n\t\t\t\t<\/div><!-- .post-inner -->\n\n\t\t\t<\/div><!-- .post-outer -->\n\t\t<\/article>\n\t\t\t\t<\/div>\n\t\t<\/div>\n\t\t\n","protected":false},"excerpt":{"rendered":"La carpeta pedag\u00f3gica es un instrumento de trabajo, primordial e imprescindible del docente, que permite viabilizar de manera&hellip;","protected":false},"author":1,"featured_media":49524,"comment_status":"open","ping_status":"closed","sticky":false,"template":"","format":"standard","meta":{"csco_display_header_overlay":false,"csco_singular_sidebar":"default","csco_page_header_type":"default","csco_page_load_nextpost":"default","csco_post_video_location":[],"csco_post_video_location_hash":"","csco_post_video_url":"","csco_post_video_bg_start_time":0,"csco_post_video_bg_end_time":0,"csco_post_video_bg_volume":false,"_jetpack_memberships_contains_paid_content":false,"footnotes":""},"categories":[2004,735],"tags":[2061,3387,1969,1917,2587,714],"class_list":{"0":"post-43844","1":"post","2":"type-post","3":"status-publish","4":"format-standard","5":"has-post-thumbnail","7":"category-descargas-manuales-pdf","8":"category-pedagogia","9":"tag-carpeta","10":"tag-inicial","11":"tag-modelo","12":"tag-pedagogica","13":"tag-primaria","14":"tag-secundaria","15":"cs-entry","16":"cs-video-wrap"},"yoast_head":"<!-- This site is optimized with the Yoast SEO plugin v27.5 - https:\/\/yoast.com\/product\/yoast-seo-wordpress\/ -->\n<title>Modelo de carpeta pedag\u00f3gica para este a\u00f1o lectivo - 2026<\/title>\n<meta name=\"description\" content=\"La Carpeta pedag\u00f3gica es un instrumento de trabajo, primordial e imprescindible del docente, que permite viabilizar de manera adecuada y...\" \/>\n<meta name=\"robots\" content=\"index, follow, max-snippet:-1, max-image-preview:large, max-video-preview:-1\" \/>\n<link rel=\"canonical\" href=\"https:\/\/webdelmaestrocmf.com\/portal\/modelo-de-carpeta-pedagogica-para-el-ano-lectivo-2020-inicial-primaria-y-secundaria\/\" \/>\n<meta property=\"og:locale\" content=\"es_ES\" \/>\n<meta property=\"og:type\" content=\"article\" \/>\n<meta property=\"og:title\" content=\"Modelo de carpeta pedag\u00f3gica para este a\u00f1o lectivo - 2026\" \/>\n<meta property=\"og:description\" content=\"La Carpeta pedag\u00f3gica es un instrumento de trabajo, primordial e imprescindible del docente, que permite viabilizar de manera adecuada y...\" \/>\n<meta property=\"og:url\" content=\"https:\/\/webdelmaestrocmf.com\/portal\/modelo-de-carpeta-pedagogica-para-el-ano-lectivo-2020-inicial-primaria-y-secundaria\/\" \/>\n<meta property=\"og:site_name\" content=\"Web del Maestro CMF\" \/>\n<meta property=\"article:publisher\" content=\"https:\/\/www.facebook.com\/WebdelMaestroCMF\/\" \/>\n<meta property=\"article:author\" content=\"https:\/\/www.facebook.com\/WebdelMaestroCMF\/\" \/>\n<meta property=\"article:published_time\" content=\"2023-12-22T23:00:30+00:00\" \/>\n<meta property=\"article:modified_time\" content=\"2023-12-22T23:12:18+00:00\" \/>\n<meta property=\"og:image\" content=\"https:\/\/webdelmaestrocmf.com\/portal\/wp-content\/uploads\/2020\/02\/1-66.jpg\" \/>\n\t<meta property=\"og:image:width\" content=\"1100\" \/>\n\t<meta property=\"og:image:height\" content=\"680\" \/>\n\t<meta property=\"og:image:type\" content=\"image\/jpeg\" \/>\n<meta name=\"author\" content=\"Web del Maestro CMF\" \/>\n<meta name=\"twitter:card\" content=\"summary_large_image\" \/>\n<meta name=\"twitter:creator\" content=\"@cmf_w\" \/>\n<meta name=\"twitter:site\" content=\"@cmf_w\" \/>\n<script type=\"application\/ld+json\" class=\"yoast-schema-graph\">{\"@context\":\"https:\\\/\\\/schema.org\",\"@graph\":[{\"@type\":\"ScholarlyArticle\",\"@id\":\"https:\\\/\\\/webdelmaestrocmf.com\\\/portal\\\/modelo-de-carpeta-pedagogica-para-el-ano-lectivo-2020-inicial-primaria-y-secundaria\\\/#article\",\"isPartOf\":{\"@id\":\"https:\\\/\\\/webdelmaestrocmf.com\\\/portal\\\/modelo-de-carpeta-pedagogica-para-el-ano-lectivo-2020-inicial-primaria-y-secundaria\\\/\"},\"author\":{\"name\":\"Web del Maestro CMF\",\"@id\":\"https:\\\/\\\/webdelmaestrocmf.com\\\/portal\\\/#\\\/schema\\\/person\\\/1072a2ed7bd960df8ef99a551fa35dc5\"},\"headline\":\"Modelo de carpeta pedag\u00f3gica para este a\u00f1o lectivo\",\"datePublished\":\"2023-12-22T23:00:30+00:00\",\"dateModified\":\"2023-12-22T23:12:18+00:00\",\"mainEntityOfPage\":{\"@id\":\"https:\\\/\\\/webdelmaestrocmf.com\\\/portal\\\/modelo-de-carpeta-pedagogica-para-el-ano-lectivo-2020-inicial-primaria-y-secundaria\\\/\"},\"wordCount\":866,\"commentCount\":1,\"publisher\":{\"@id\":\"https:\\\/\\\/webdelmaestrocmf.com\\\/portal\\\/#organization\"},\"image\":{\"@id\":\"https:\\\/\\\/webdelmaestrocmf.com\\\/portal\\\/modelo-de-carpeta-pedagogica-para-el-ano-lectivo-2020-inicial-primaria-y-secundaria\\\/#primaryimage\"},\"thumbnailUrl\":\"https:\\\/\\\/webdelmaestrocmf.com\\\/portal\\\/wp-content\\\/uploads\\\/2020\\\/02\\\/1-66.jpg\",\"keywords\":[\"CARPETA\",\"INICIAL\",\"MODELO\",\"PEDAG\u00d3GICA\",\"PRIMARIA\",\"SECUNDARIA\"],\"articleSection\":[\"Descargas Manuales PDF\",\"Recursos\"],\"inLanguage\":\"es\",\"potentialAction\":[{\"@type\":\"CommentAction\",\"name\":\"Comment\",\"target\":[\"https:\\\/\\\/webdelmaestrocmf.com\\\/portal\\\/modelo-de-carpeta-pedagogica-para-el-ano-lectivo-2020-inicial-primaria-y-secundaria\\\/#respond\"]}]},{\"@type\":\"WebPage\",\"@id\":\"https:\\\/\\\/webdelmaestrocmf.com\\\/portal\\\/modelo-de-carpeta-pedagogica-para-el-ano-lectivo-2020-inicial-primaria-y-secundaria\\\/\",\"url\":\"https:\\\/\\\/webdelmaestrocmf.com\\\/portal\\\/modelo-de-carpeta-pedagogica-para-el-ano-lectivo-2020-inicial-primaria-y-secundaria\\\/\",\"name\":\"Modelo de carpeta pedag\u00f3gica para este a\u00f1o lectivo - 2026\",\"isPartOf\":{\"@id\":\"https:\\\/\\\/webdelmaestrocmf.com\\\/portal\\\/#website\"},\"primaryImageOfPage\":{\"@id\":\"https:\\\/\\\/webdelmaestrocmf.com\\\/portal\\\/modelo-de-carpeta-pedagogica-para-el-ano-lectivo-2020-inicial-primaria-y-secundaria\\\/#primaryimage\"},\"image\":{\"@id\":\"https:\\\/\\\/webdelmaestrocmf.com\\\/portal\\\/modelo-de-carpeta-pedagogica-para-el-ano-lectivo-2020-inicial-primaria-y-secundaria\\\/#primaryimage\"},\"thumbnailUrl\":\"https:\\\/\\\/webdelmaestrocmf.com\\\/portal\\\/wp-content\\\/uploads\\\/2020\\\/02\\\/1-66.jpg\",\"datePublished\":\"2023-12-22T23:00:30+00:00\",\"dateModified\":\"2023-12-22T23:12:18+00:00\",\"description\":\"La Carpeta pedag\u00f3gica es un instrumento de trabajo, primordial e imprescindible del docente, que permite viabilizar de manera adecuada y...\",\"breadcrumb\":{\"@id\":\"https:\\\/\\\/webdelmaestrocmf.com\\\/portal\\\/modelo-de-carpeta-pedagogica-para-el-ano-lectivo-2020-inicial-primaria-y-secundaria\\\/#breadcrumb\"},\"inLanguage\":\"es\",\"potentialAction\":[{\"@type\":\"ReadAction\",\"target\":[\"https:\\\/\\\/webdelmaestrocmf.com\\\/portal\\\/modelo-de-carpeta-pedagogica-para-el-ano-lectivo-2020-inicial-primaria-y-secundaria\\\/\"]}]},{\"@type\":\"ImageObject\",\"inLanguage\":\"es\",\"@id\":\"https:\\\/\\\/webdelmaestrocmf.com\\\/portal\\\/modelo-de-carpeta-pedagogica-para-el-ano-lectivo-2020-inicial-primaria-y-secundaria\\\/#primaryimage\",\"url\":\"https:\\\/\\\/webdelmaestrocmf.com\\\/portal\\\/wp-content\\\/uploads\\\/2020\\\/02\\\/1-66.jpg\",\"contentUrl\":\"https:\\\/\\\/webdelmaestrocmf.com\\\/portal\\\/wp-content\\\/uploads\\\/2020\\\/02\\\/1-66.jpg\",\"width\":1100,\"height\":680,\"caption\":\"carpeta pedag\u00f3gica\"},{\"@type\":\"BreadcrumbList\",\"@id\":\"https:\\\/\\\/webdelmaestrocmf.com\\\/portal\\\/modelo-de-carpeta-pedagogica-para-el-ano-lectivo-2020-inicial-primaria-y-secundaria\\\/#breadcrumb\",\"itemListElement\":[{\"@type\":\"ListItem\",\"position\":1,\"name\":\"Portada\",\"item\":\"https:\\\/\\\/webdelmaestrocmf.com\\\/portal\\\/\"},{\"@type\":\"ListItem\",\"position\":2,\"name\":\"Recursos\",\"item\":\"https:\\\/\\\/webdelmaestrocmf.com\\\/portal\\\/category\\\/pedagogia\\\/\"},{\"@type\":\"ListItem\",\"position\":3,\"name\":\"Modelo de carpeta pedag\u00f3gica para este a\u00f1o lectivo\"}]},{\"@type\":\"WebSite\",\"@id\":\"https:\\\/\\\/webdelmaestrocmf.com\\\/portal\\\/#website\",\"url\":\"https:\\\/\\\/webdelmaestrocmf.com\\\/portal\\\/\",\"name\":\"Web del Maestro CMF\",\"description\":\"Maestros al servicio de la educaci\u00f3n\",\"publisher\":{\"@id\":\"https:\\\/\\\/webdelmaestrocmf.com\\\/portal\\\/#organization\"},\"alternateName\":\"WMCMF\",\"potentialAction\":[{\"@type\":\"SearchAction\",\"target\":{\"@type\":\"EntryPoint\",\"urlTemplate\":\"https:\\\/\\\/webdelmaestrocmf.com\\\/portal\\\/?s={search_term_string}\"},\"query-input\":{\"@type\":\"PropertyValueSpecification\",\"valueRequired\":true,\"valueName\":\"search_term_string\"}}],\"inLanguage\":\"es\"},{\"@type\":\"Organization\",\"@id\":\"https:\\\/\\\/webdelmaestrocmf.com\\\/portal\\\/#organization\",\"name\":\"Web del Maestro CMF\",\"alternateName\":\"WMCMF\",\"url\":\"https:\\\/\\\/webdelmaestrocmf.com\\\/portal\\\/\",\"logo\":{\"@type\":\"ImageObject\",\"inLanguage\":\"es\",\"@id\":\"https:\\\/\\\/webdelmaestrocmf.com\\\/portal\\\/#\\\/schema\\\/logo\\\/image\\\/\",\"url\":\"https:\\\/\\\/webdelmaestrocmf.com\\\/portal\\\/wp-content\\\/uploads\\\/2023\\\/01\\\/logo-wmcmf-2.png\",\"contentUrl\":\"https:\\\/\\\/webdelmaestrocmf.com\\\/portal\\\/wp-content\\\/uploads\\\/2023\\\/01\\\/logo-wmcmf-2.png\",\"width\":200,\"height\":60,\"caption\":\"Web del Maestro CMF\"},\"image\":{\"@id\":\"https:\\\/\\\/webdelmaestrocmf.com\\\/portal\\\/#\\\/schema\\\/logo\\\/image\\\/\"},\"sameAs\":[\"https:\\\/\\\/www.facebook.com\\\/WebdelMaestroCMF\\\/\",\"https:\\\/\\\/x.com\\\/cmf_w\",\"https:\\\/\\\/www.pinterest.com\\\/WMCMF\\\/\",\"https:\\\/\\\/www.linkedin.com\\\/company\\\/web-del-maestro-cmf\\\/\",\"https:\\\/\\\/www.instagram.com\\\/wmcmf\\\/\",\"https:\\\/\\\/www.youtube.com\\\/channel\\\/UCDPSvjbdodE5sHnC3OxutHw\",\"https:\\\/\\\/mastodon.social\\\/@wmcmf\",\"https:\\\/\\\/www.tiktok.com\\\/@webdelmaestrocmf\"]},{\"@type\":\"Person\",\"@id\":\"https:\\\/\\\/webdelmaestrocmf.com\\\/portal\\\/#\\\/schema\\\/person\\\/1072a2ed7bd960df8ef99a551fa35dc5\",\"name\":\"Web del Maestro CMF\",\"image\":{\"@type\":\"ImageObject\",\"inLanguage\":\"es\",\"@id\":\"https:\\\/\\\/secure.gravatar.com\\\/avatar\\\/23291dd5b5ae1077dcff3dbb04c3e02bd28403fa75af6d8787d5e97c5bbbe30b?s=96&d=mm&r=g\",\"url\":\"https:\\\/\\\/secure.gravatar.com\\\/avatar\\\/23291dd5b5ae1077dcff3dbb04c3e02bd28403fa75af6d8787d5e97c5bbbe30b?s=96&d=mm&r=g\",\"contentUrl\":\"https:\\\/\\\/secure.gravatar.com\\\/avatar\\\/23291dd5b5ae1077dcff3dbb04c3e02bd28403fa75af6d8787d5e97c5bbbe30b?s=96&d=mm&r=g\",\"caption\":\"Web del Maestro CMF\"},\"description\":\"Esta Web se cre\u00f3 sin fines de lucro, con fines educativos, cient\u00edficos y acad\u00e9micos, para personas que tengan dificultades y\\\/o inconvenientes en visualizar el material original. El objetivo es entregar recursos, compartir experiencias y materiales que ayuden a los padres de familia, maestros y estudiantes en su actualizaci\u00f3n y formaci\u00f3n permanente, en bien de la Educaci\u00f3n.\",\"sameAs\":[\"http:\\\/\\\/webdelmaestrocmf.com\\\/portal\",\"https:\\\/\\\/www.facebook.com\\\/WebdelMaestroCMF\\\/\",\"https:\\\/\\\/www.instagram.com\\\/wmcmf\\\/\",\"https:\\\/\\\/cl.linkedin.com\\\/company\\\/web-del-maestro-cmf\",\"https:\\\/\\\/www.pinterest.com\\\/WMCMF\\\/publicaciones\\\/\",\"https:\\\/\\\/x.com\\\/cmf_w\",\"https:\\\/\\\/www.youtube.com\\\/@WMCMF\"]}]}<\/script>\n<!-- \/ Yoast SEO plugin. -->","yoast_head_json":{"title":"Modelo de carpeta pedag\u00f3gica para este a\u00f1o lectivo - 2026","description":"La Carpeta pedag\u00f3gica es un instrumento de trabajo, primordial e imprescindible del docente, que permite viabilizar de manera adecuada y...","robots":{"index":"index","follow":"follow","max-snippet":"max-snippet:-1","max-image-preview":"max-image-preview:large","max-video-preview":"max-video-preview:-1"},"canonical":"https:\/\/webdelmaestrocmf.com\/portal\/modelo-de-carpeta-pedagogica-para-el-ano-lectivo-2020-inicial-primaria-y-secundaria\/","og_locale":"es_ES","og_type":"article","og_title":"Modelo de carpeta pedag\u00f3gica para este a\u00f1o lectivo - 2026","og_description":"La Carpeta pedag\u00f3gica es un instrumento de trabajo, primordial e imprescindible del docente, que permite viabilizar de manera adecuada y...","og_url":"https:\/\/webdelmaestrocmf.com\/portal\/modelo-de-carpeta-pedagogica-para-el-ano-lectivo-2020-inicial-primaria-y-secundaria\/","og_site_name":"Web del Maestro CMF","article_publisher":"https:\/\/www.facebook.com\/WebdelMaestroCMF\/","article_author":"https:\/\/www.facebook.com\/WebdelMaestroCMF\/","article_published_time":"2023-12-22T23:00:30+00:00","article_modified_time":"2023-12-22T23:12:18+00:00","og_image":[{"width":1100,"height":680,"url":"https:\/\/webdelmaestrocmf.com\/portal\/wp-content\/uploads\/2020\/02\/1-66.jpg","type":"image\/jpeg"}],"author":"Web del Maestro CMF","twitter_card":"summary_large_image","twitter_creator":"@cmf_w","twitter_site":"@cmf_w","schema":{"@context":"https:\/\/schema.org","@graph":[{"@type":"ScholarlyArticle","@id":"https:\/\/webdelmaestrocmf.com\/portal\/modelo-de-carpeta-pedagogica-para-el-ano-lectivo-2020-inicial-primaria-y-secundaria\/#article","isPartOf":{"@id":"https:\/\/webdelmaestrocmf.com\/portal\/modelo-de-carpeta-pedagogica-para-el-ano-lectivo-2020-inicial-primaria-y-secundaria\/"},"author":{"name":"Web del Maestro CMF","@id":"https:\/\/webdelmaestrocmf.com\/portal\/#\/schema\/person\/1072a2ed7bd960df8ef99a551fa35dc5"},"headline":"Modelo de carpeta pedag\u00f3gica para este a\u00f1o lectivo","datePublished":"2023-12-22T23:00:30+00:00","dateModified":"2023-12-22T23:12:18+00:00","mainEntityOfPage":{"@id":"https:\/\/webdelmaestrocmf.com\/portal\/modelo-de-carpeta-pedagogica-para-el-ano-lectivo-2020-inicial-primaria-y-secundaria\/"},"wordCount":866,"commentCount":1,"publisher":{"@id":"https:\/\/webdelmaestrocmf.com\/portal\/#organization"},"image":{"@id":"https:\/\/webdelmaestrocmf.com\/portal\/modelo-de-carpeta-pedagogica-para-el-ano-lectivo-2020-inicial-primaria-y-secundaria\/#primaryimage"},"thumbnailUrl":"https:\/\/webdelmaestrocmf.com\/portal\/wp-content\/uploads\/2020\/02\/1-66.jpg","keywords":["CARPETA","INICIAL","MODELO","PEDAG\u00d3GICA","PRIMARIA","SECUNDARIA"],"articleSection":["Descargas Manuales PDF","Recursos"],"inLanguage":"es","potentialAction":[{"@type":"CommentAction","name":"Comment","target":["https:\/\/webdelmaestrocmf.com\/portal\/modelo-de-carpeta-pedagogica-para-el-ano-lectivo-2020-inicial-primaria-y-secundaria\/#respond"]}]},{"@type":"WebPage","@id":"https:\/\/webdelmaestrocmf.com\/portal\/modelo-de-carpeta-pedagogica-para-el-ano-lectivo-2020-inicial-primaria-y-secundaria\/","url":"https:\/\/webdelmaestrocmf.com\/portal\/modelo-de-carpeta-pedagogica-para-el-ano-lectivo-2020-inicial-primaria-y-secundaria\/","name":"Modelo de carpeta pedag\u00f3gica para este a\u00f1o lectivo - 2026","isPartOf":{"@id":"https:\/\/webdelmaestrocmf.com\/portal\/#website"},"primaryImageOfPage":{"@id":"https:\/\/webdelmaestrocmf.com\/portal\/modelo-de-carpeta-pedagogica-para-el-ano-lectivo-2020-inicial-primaria-y-secundaria\/#primaryimage"},"image":{"@id":"https:\/\/webdelmaestrocmf.com\/portal\/modelo-de-carpeta-pedagogica-para-el-ano-lectivo-2020-inicial-primaria-y-secundaria\/#primaryimage"},"thumbnailUrl":"https:\/\/webdelmaestrocmf.com\/portal\/wp-content\/uploads\/2020\/02\/1-66.jpg","datePublished":"2023-12-22T23:00:30+00:00","dateModified":"2023-12-22T23:12:18+00:00","description":"La Carpeta pedag\u00f3gica es un instrumento de trabajo, primordial e imprescindible del docente, que permite viabilizar de manera adecuada y...","breadcrumb":{"@id":"https:\/\/webdelmaestrocmf.com\/portal\/modelo-de-carpeta-pedagogica-para-el-ano-lectivo-2020-inicial-primaria-y-secundaria\/#breadcrumb"},"inLanguage":"es","potentialAction":[{"@type":"ReadAction","target":["https:\/\/webdelmaestrocmf.com\/portal\/modelo-de-carpeta-pedagogica-para-el-ano-lectivo-2020-inicial-primaria-y-secundaria\/"]}]},{"@type":"ImageObject","inLanguage":"es","@id":"https:\/\/webdelmaestrocmf.com\/portal\/modelo-de-carpeta-pedagogica-para-el-ano-lectivo-2020-inicial-primaria-y-secundaria\/#primaryimage","url":"https:\/\/webdelmaestrocmf.com\/portal\/wp-content\/uploads\/2020\/02\/1-66.jpg","contentUrl":"https:\/\/webdelmaestrocmf.com\/portal\/wp-content\/uploads\/2020\/02\/1-66.jpg","width":1100,"height":680,"caption":"carpeta pedag\u00f3gica"},{"@type":"BreadcrumbList","@id":"https:\/\/webdelmaestrocmf.com\/portal\/modelo-de-carpeta-pedagogica-para-el-ano-lectivo-2020-inicial-primaria-y-secundaria\/#breadcrumb","itemListElement":[{"@type":"ListItem","position":1,"name":"Portada","item":"https:\/\/webdelmaestrocmf.com\/portal\/"},{"@type":"ListItem","position":2,"name":"Recursos","item":"https:\/\/webdelmaestrocmf.com\/portal\/category\/pedagogia\/"},{"@type":"ListItem","position":3,"name":"Modelo de carpeta pedag\u00f3gica para este a\u00f1o lectivo"}]},{"@type":"WebSite","@id":"https:\/\/webdelmaestrocmf.com\/portal\/#website","url":"https:\/\/webdelmaestrocmf.com\/portal\/","name":"Web del Maestro CMF","description":"Maestros al servicio de la educaci\u00f3n","publisher":{"@id":"https:\/\/webdelmaestrocmf.com\/portal\/#organization"},"alternateName":"WMCMF","potentialAction":[{"@type":"SearchAction","target":{"@type":"EntryPoint","urlTemplate":"https:\/\/webdelmaestrocmf.com\/portal\/?s={search_term_string}"},"query-input":{"@type":"PropertyValueSpecification","valueRequired":true,"valueName":"search_term_string"}}],"inLanguage":"es"},{"@type":"Organization","@id":"https:\/\/webdelmaestrocmf.com\/portal\/#organization","name":"Web del Maestro CMF","alternateName":"WMCMF","url":"https:\/\/webdelmaestrocmf.com\/portal\/","logo":{"@type":"ImageObject","inLanguage":"es","@id":"https:\/\/webdelmaestrocmf.com\/portal\/#\/schema\/logo\/image\/","url":"https:\/\/webdelmaestrocmf.com\/portal\/wp-content\/uploads\/2023\/01\/logo-wmcmf-2.png","contentUrl":"https:\/\/webdelmaestrocmf.com\/portal\/wp-content\/uploads\/2023\/01\/logo-wmcmf-2.png","width":200,"height":60,"caption":"Web del Maestro CMF"},"image":{"@id":"https:\/\/webdelmaestrocmf.com\/portal\/#\/schema\/logo\/image\/"},"sameAs":["https:\/\/www.facebook.com\/WebdelMaestroCMF\/","https:\/\/x.com\/cmf_w","https:\/\/www.pinterest.com\/WMCMF\/","https:\/\/www.linkedin.com\/company\/web-del-maestro-cmf\/","https:\/\/www.instagram.com\/wmcmf\/","https:\/\/www.youtube.com\/channel\/UCDPSvjbdodE5sHnC3OxutHw","https:\/\/mastodon.social\/@wmcmf","https:\/\/www.tiktok.com\/@webdelmaestrocmf"]},{"@type":"Person","@id":"https:\/\/webdelmaestrocmf.com\/portal\/#\/schema\/person\/1072a2ed7bd960df8ef99a551fa35dc5","name":"Web del Maestro CMF","image":{"@type":"ImageObject","inLanguage":"es","@id":"https:\/\/secure.gravatar.com\/avatar\/23291dd5b5ae1077dcff3dbb04c3e02bd28403fa75af6d8787d5e97c5bbbe30b?s=96&d=mm&r=g","url":"https:\/\/secure.gravatar.com\/avatar\/23291dd5b5ae1077dcff3dbb04c3e02bd28403fa75af6d8787d5e97c5bbbe30b?s=96&d=mm&r=g","contentUrl":"https:\/\/secure.gravatar.com\/avatar\/23291dd5b5ae1077dcff3dbb04c3e02bd28403fa75af6d8787d5e97c5bbbe30b?s=96&d=mm&r=g","caption":"Web del Maestro CMF"},"description":"Esta Web se cre\u00f3 sin fines de lucro, con fines educativos, cient\u00edficos y acad\u00e9micos, para personas que tengan dificultades y\/o inconvenientes en visualizar el material original. El objetivo es entregar recursos, compartir experiencias y materiales que ayuden a los padres de familia, maestros y estudiantes en su actualizaci\u00f3n y formaci\u00f3n permanente, en bien de la Educaci\u00f3n.","sameAs":["http:\/\/webdelmaestrocmf.com\/portal","https:\/\/www.facebook.com\/WebdelMaestroCMF\/","https:\/\/www.instagram.com\/wmcmf\/","https:\/\/cl.linkedin.com\/company\/web-del-maestro-cmf","https:\/\/www.pinterest.com\/WMCMF\/publicaciones\/","https:\/\/x.com\/cmf_w","https:\/\/www.youtube.com\/@WMCMF"]}]}},"jetpack_featured_media_url":"https:\/\/webdelmaestrocmf.com\/portal\/wp-content\/uploads\/2020\/02\/1-66.jpg","jetpack_sharing_enabled":true,"jetpack-related-posts":[{"id":103637,"url":"https:\/\/webdelmaestrocmf.com\/portal\/carpeta-pedagogica-en-el-nivel-inicial-descarga-word\/","url_meta":{"origin":43844,"position":0},"title":"Carpeta Pedag\u00f3gica en el Nivel Inicial | Descarga | Word","author":"Web del Maestro CMF","date":"9 febrero, 2024","format":false,"excerpt":"La Carpeta Pedag\u00f3gica es un instrumento fundamental para la planificaci\u00f3n y el desarrollo del proceso educativo en el Nivel Inicial. Es un espacio f\u00edsico o virtual que permite al docente organizar y registrar la informaci\u00f3n relevante a su pr\u00e1ctica pedag\u00f3gica, incluyendo la planificaci\u00f3n curricular, las actividades realizadas, los aprendizajes logrados\u2026","rel":"","context":"En \u00abCarpeta\u00bb","block_context":{"text":"Carpeta","link":"https:\/\/webdelmaestrocmf.com\/portal\/category\/pedagogia\/carpeta\/"},"img":{"alt_text":"","src":"https:\/\/i0.wp.com\/webdelmaestrocmf.com\/portal\/wp-content\/uploads\/2024\/02\/Banner-1-portada-imagen-10-1-14-1.jpg?resize=350%2C200&ssl=1","width":350,"height":200,"srcset":"https:\/\/i0.wp.com\/webdelmaestrocmf.com\/portal\/wp-content\/uploads\/2024\/02\/Banner-1-portada-imagen-10-1-14-1.jpg?resize=350%2C200&ssl=1 1x, https:\/\/i0.wp.com\/webdelmaestrocmf.com\/portal\/wp-content\/uploads\/2024\/02\/Banner-1-portada-imagen-10-1-14-1.jpg?resize=525%2C300&ssl=1 1.5x, https:\/\/i0.wp.com\/webdelmaestrocmf.com\/portal\/wp-content\/uploads\/2024\/02\/Banner-1-portada-imagen-10-1-14-1.jpg?resize=700%2C400&ssl=1 2x"},"classes":[]},{"id":103694,"url":"https:\/\/webdelmaestrocmf.com\/portal\/3-plantillas-de-carpeta-pedagogica-para-educacion-primaria\/","url_meta":{"origin":43844,"position":1},"title":"3 plantillas de Carpeta Pedag\u00f3gica para Educaci\u00f3n Primaria","author":"Web del Maestro CMF","date":"11 febrero, 2024","format":false,"excerpt":"La carpeta pedag\u00f3gica es un instrumento fundamental para la planificaci\u00f3n y organizaci\u00f3n del proceso educativo en el nivel primario. Se trata de un repositorio que re\u00fane informaci\u00f3n vital sobre la planificaci\u00f3n curricular, las estrategias de ense\u00f1anza, el seguimiento del aprendizaje de los alumnos y la evaluaci\u00f3n de su progreso. Esta\u2026","rel":"","context":"En \u00abCarpeta\u00bb","block_context":{"text":"Carpeta","link":"https:\/\/webdelmaestrocmf.com\/portal\/category\/pedagogia\/carpeta\/"},"img":{"alt_text":"carpeta pedag\u00f3gica primaria","src":"https:\/\/i0.wp.com\/webdelmaestrocmf.com\/portal\/wp-content\/uploads\/2024\/02\/Banner-1-portada-imagen-10-1-11.jpg?resize=350%2C200&ssl=1","width":350,"height":200,"srcset":"https:\/\/i0.wp.com\/webdelmaestrocmf.com\/portal\/wp-content\/uploads\/2024\/02\/Banner-1-portada-imagen-10-1-11.jpg?resize=350%2C200&ssl=1 1x, https:\/\/i0.wp.com\/webdelmaestrocmf.com\/portal\/wp-content\/uploads\/2024\/02\/Banner-1-portada-imagen-10-1-11.jpg?resize=525%2C300&ssl=1 1.5x, https:\/\/i0.wp.com\/webdelmaestrocmf.com\/portal\/wp-content\/uploads\/2024\/02\/Banner-1-portada-imagen-10-1-11.jpg?resize=700%2C400&ssl=1 2x"},"classes":[]},{"id":46919,"url":"https:\/\/webdelmaestrocmf.com\/portal\/modelo-de-carpeta-pedagogica-para-el-ano-lectivo-2020-inicial-primaria-y-secundaria-2\/","url_meta":{"origin":43844,"position":2},"title":"Modelo de Carpeta pedag\u00f3gica: Inicial, Primaria y Secundaria","author":"Web del Maestro CMF","date":"4 mayo, 2020","format":false,"excerpt":"Es un instrumento de trabajo, primordial e imprescindible del docente, que permite viabilizar de manera adecuada y pertinente las acciones educativas. Es un documento normativo en la medida que contiene los lineamientos de la pol\u00edtica educativa actual, adecuadas y contextualizadas a una realidad sociocultural determinada, que orienta de manera eficiente\u2026","rel":"","context":"En \u00abDescargas Manuales PDF\u00bb","block_context":{"text":"Descargas Manuales PDF","link":"https:\/\/webdelmaestrocmf.com\/portal\/category\/pedagogia\/descargas-manuales-pdf\/"},"img":{"alt_text":"","src":"https:\/\/i0.wp.com\/webdelmaestrocmf.com\/portal\/wp-content\/uploads\/2020\/05\/1-11.jpg?resize=350%2C200&ssl=1","width":350,"height":200,"srcset":"https:\/\/i0.wp.com\/webdelmaestrocmf.com\/portal\/wp-content\/uploads\/2020\/05\/1-11.jpg?resize=350%2C200&ssl=1 1x, https:\/\/i0.wp.com\/webdelmaestrocmf.com\/portal\/wp-content\/uploads\/2020\/05\/1-11.jpg?resize=525%2C300&ssl=1 1.5x, https:\/\/i0.wp.com\/webdelmaestrocmf.com\/portal\/wp-content\/uploads\/2020\/05\/1-11.jpg?resize=700%2C400&ssl=1 2x, https:\/\/i0.wp.com\/webdelmaestrocmf.com\/portal\/wp-content\/uploads\/2020\/05\/1-11.jpg?resize=1050%2C600&ssl=1 3x"},"classes":[]},{"id":17094,"url":"https:\/\/webdelmaestrocmf.com\/portal\/ayuda-docente-carpeta-pedagogica-2017-2018\/","url_meta":{"origin":43844,"position":3},"title":"C\u00f3mo hacer una carpeta pedag\u00f3gica actualizada","author":"Web del Maestro CMF","date":"28 diciembre, 2023","format":false,"excerpt":"La carpeta pedag\u00f3gica docente, tambi\u00e9n denominada portafolios, es una carpeta que recoge los esfuerzos y resultados de un\/a profesor\/a para mejorar su ense\u00f1anza y su profesionalizaci\u00f3n; es un conjunto de evidencias del aprendizaje que el profesor\/a presenta tanto para mostrar el proceso seguido en su formaci\u00f3n, como para ser evaluado\u2026","rel":"","context":"En \u00abDescargas Manuales PDF\u00bb","block_context":{"text":"Descargas Manuales PDF","link":"https:\/\/webdelmaestrocmf.com\/portal\/category\/pedagogia\/descargas-manuales-pdf\/"},"img":{"alt_text":"","src":"https:\/\/i0.wp.com\/webdelmaestrocmf.com\/portal\/wp-content\/uploads\/2020\/02\/A12B3C4D-1-1.jpg?resize=350%2C200&ssl=1","width":350,"height":200,"srcset":"https:\/\/i0.wp.com\/webdelmaestrocmf.com\/portal\/wp-content\/uploads\/2020\/02\/A12B3C4D-1-1.jpg?resize=350%2C200&ssl=1 1x, https:\/\/i0.wp.com\/webdelmaestrocmf.com\/portal\/wp-content\/uploads\/2020\/02\/A12B3C4D-1-1.jpg?resize=525%2C300&ssl=1 1.5x, https:\/\/i0.wp.com\/webdelmaestrocmf.com\/portal\/wp-content\/uploads\/2020\/02\/A12B3C4D-1-1.jpg?resize=700%2C400&ssl=1 2x"},"classes":[]},{"id":85365,"url":"https:\/\/webdelmaestrocmf.com\/portal\/carpeta-pedagogica-2023-para-los-niveles-de-inicial-primaria-y-secundaria-archivo-editable-en-word-y-pdf\/","url_meta":{"origin":43844,"position":4},"title":"Carpeta pedag\u00f3gica: Inicial, Primaria y Secundaria","author":"Web del Maestro CMF","date":"7 marzo, 2023","format":false,"excerpt":"La Carpeta Pedag\u00f3gica 2024 es una herramienta fundamental para la planificaci\u00f3n y gesti\u00f3n del proceso educativo en los niveles inicial, primaria y secundaria. Esta gu\u00eda completa te ayudar\u00e1 a organizar tu trabajo docente de manera eficiente y efectiva, brind\u00e1ndote recursos y estrategias para el \u00e9xito del aprendizaje. Componentes esenciales de\u2026","rel":"","context":"En \u00abDescargas Manuales PDF\u00bb","block_context":{"text":"Descargas Manuales PDF","link":"https:\/\/webdelmaestrocmf.com\/portal\/category\/pedagogia\/descargas-manuales-pdf\/"},"img":{"alt_text":"","src":"https:\/\/i0.wp.com\/webdelmaestrocmf.com\/portal\/wp-content\/uploads\/2023\/03\/Banner-1-portada-imagen-10-1-26.jpg?resize=350%2C200&ssl=1","width":350,"height":200,"srcset":"https:\/\/i0.wp.com\/webdelmaestrocmf.com\/portal\/wp-content\/uploads\/2023\/03\/Banner-1-portada-imagen-10-1-26.jpg?resize=350%2C200&ssl=1 1x, https:\/\/i0.wp.com\/webdelmaestrocmf.com\/portal\/wp-content\/uploads\/2023\/03\/Banner-1-portada-imagen-10-1-26.jpg?resize=525%2C300&ssl=1 1.5x, https:\/\/i0.wp.com\/webdelmaestrocmf.com\/portal\/wp-content\/uploads\/2023\/03\/Banner-1-portada-imagen-10-1-26.jpg?resize=700%2C400&ssl=1 2x"},"classes":[]},{"id":26946,"url":"https:\/\/webdelmaestrocmf.com\/portal\/carpeta-pedagogica-2018-para-inicial-primaria-y-secundaria\/","url_meta":{"origin":43844,"position":5},"title":"Descarga los dos modelos editables de Carpeta pedag\u00f3gica 2026","author":"Web del Maestro CMF","date":"19 abril, 2026","format":false,"excerpt":"La carpeta docente es un portafolio que re\u00fane evidencias, reflexiones y progresos del profesor. Permite evaluar, mejorar la pr\u00e1ctica, acreditar logros y dar sentido formativo al proceso educativo profesional.","rel":"","context":"En \u00abDescargas Manuales PDF\u00bb","block_context":{"text":"Descargas Manuales PDF","link":"https:\/\/webdelmaestrocmf.com\/portal\/category\/pedagogia\/descargas-manuales-pdf\/"},"img":{"alt_text":"","src":"https:\/\/i0.wp.com\/webdelmaestrocmf.com\/portal\/wp-content\/uploads\/2021\/03\/Banner-1-portada-imagen-10-1-6.jpg?resize=350%2C200&ssl=1","width":350,"height":200,"srcset":"https:\/\/i0.wp.com\/webdelmaestrocmf.com\/portal\/wp-content\/uploads\/2021\/03\/Banner-1-portada-imagen-10-1-6.jpg?resize=350%2C200&ssl=1 1x, https:\/\/i0.wp.com\/webdelmaestrocmf.com\/portal\/wp-content\/uploads\/2021\/03\/Banner-1-portada-imagen-10-1-6.jpg?resize=525%2C300&ssl=1 1.5x, https:\/\/i0.wp.com\/webdelmaestrocmf.com\/portal\/wp-content\/uploads\/2021\/03\/Banner-1-portada-imagen-10-1-6.jpg?resize=700%2C400&ssl=1 2x"},"classes":[]}],"_links":{"self":[{"href":"https:\/\/webdelmaestrocmf.com\/portal\/wp-json\/wp\/v2\/posts\/43844","targetHints":{"allow":["GET"]}}],"collection":[{"href":"https:\/\/webdelmaestrocmf.com\/portal\/wp-json\/wp\/v2\/posts"}],"about":[{"href":"https:\/\/webdelmaestrocmf.com\/portal\/wp-json\/wp\/v2\/types\/post"}],"author":[{"embeddable":true,"href":"https:\/\/webdelmaestrocmf.com\/portal\/wp-json\/wp\/v2\/users\/1"}],"replies":[{"embeddable":true,"href":"https:\/\/webdelmaestrocmf.com\/portal\/wp-json\/wp\/v2\/comments?post=43844"}],"version-history":[{"count":0,"href":"https:\/\/webdelmaestrocmf.com\/portal\/wp-json\/wp\/v2\/posts\/43844\/revisions"}],"wp:featuredmedia":[{"embeddable":true,"href":"https:\/\/webdelmaestrocmf.com\/portal\/wp-json\/wp\/v2\/media\/49524"}],"wp:attachment":[{"href":"https:\/\/webdelmaestrocmf.com\/portal\/wp-json\/wp\/v2\/media?parent=43844"}],"wp:term":[{"taxonomy":"category","embeddable":true,"href":"https:\/\/webdelmaestrocmf.com\/portal\/wp-json\/wp\/v2\/categories?post=43844"},{"taxonomy":"post_tag","embeddable":true,"href":"https:\/\/webdelmaestrocmf.com\/portal\/wp-json\/wp\/v2\/tags?post=43844"}],"curies":[{"name":"wp","href":"https:\/\/api.w.org\/{rel}","templated":true}]}}