{"id":43561,"date":"2024-05-18T17:09:40","date_gmt":"2024-05-18T21:09:40","guid":{"rendered":"https:\/\/webdelmaestrocmf.com\/portal\/?p=43561"},"modified":"2024-05-18T18:59:35","modified_gmt":"2024-05-18T22:59:35","slug":"cinco-consejos-para-no-olvidar-lo-aprendido-en-la-escuela","status":"publish","type":"post","link":"https:\/\/webdelmaestrocmf.com\/portal\/cinco-consejos-para-no-olvidar-lo-aprendido-en-la-escuela\/","title":{"rendered":"Nueve consejos para no olvidar lo aprendido en la escuela"},"content":{"rendered":"<p style=\"text-align: justify;\"><strong>Consideramos que no somos pocos los que coincidimos en que lo aprendido en la escuela debe ser reforzado en casa, ya sea por acompa\u00f1amiento o por responsabilidad de autoformaci\u00f3n, seg\u00fan la edad de los estudiantes.<\/strong><!--more--><\/p>\n<p style=\"text-align: justify;\">Las buenas pr\u00e1cticas <strong>del reforzamiento de lo aprendido en la escuela<\/strong>, permitir\u00e1n a los estudiantes, no solo cumplir con un objetivo de aprendizaje, sino que se convierten en recursos <strong>necesarios para afrontar sus vidas y estar preparados<\/strong> para realizar actividades como parte de su disciplina personal y sus h\u00e1bitos cotidianos.<\/p>\n<p style=\"text-align: justify;\">Esta exigencia <strong>no nos hace no ver <\/strong>que para algunos los padres de familia el problema radica en que deben ayudar a sus hijos a cumplir un objetivo de aprendizaje, y en ocasiones <strong>si no tienen un nivel acad\u00e9mico adecuado, disponibilidad de tiempo o ciertas condiciones familiares<\/strong>, &#8230; [&#8230;] puede convertirse en una complicada labor para ayudar a sus hijos\u201d. <a href=\"https:\/\/webdelmaestrocmf.com\/portal\/las-tareas-escolares-para-realizar-en-casa-y-las-consideraciones-para-su-logro-educativo\/\" target=\"_blank\" rel=\"noopener noreferrer\"><strong>[HERIBERTO PRIETO] LAS TAREAS ESCOLARES PARA REALIZAR EN CASA Y LAS CONSIDERACIONES PARA SU LOGRO EDUCATIVO.<\/strong><\/a><\/p>\n<p style=\"text-align: justify;\">De la sana y buena vida familiar <strong>depende mucho el que nuestros estudiantes refuercen y consoliden\u00a0 el aprendizaje<\/strong> recibido en las aulas. Y los padres tienen mucho que hacer aqu\u00ed. <strong>Necesitamos, los docentes trabajar muy cercanos a los padres de familia.<\/strong> \u201cDebemos remar juntos\u201d, buscar por todos los medios unir esfuerzos, creatividad e ilusi\u00f3n; a\u00fan sabiendo que\u00a0 hay pap\u00e1s que siguen diciendo en sus casas y en la escuela: \u201caqu\u00ed se hace lo que digo yo\u201d, y consideran que todo lo merecen y que la sociedad est\u00e1 obligada a decirles s\u00ed a ciegas, incluso cuando \u201cse resisten a asumir su responsabilidad en la formaci\u00f3n de sus hijos y patalean ante todo lo que suena a disciplina\u201d.\u00a0 <a href=\"https:\/\/webdelmaestrocmf.com\/portal\/padres-entiendan-que-la-escuela-no-es-una-guarderia\/\" target=\"_blank\" rel=\"noopener noreferrer\"><strong>PADRES ENTIENDAN QUE LA ESCUELA NO ES UNA GUARDER\u00cdA.<\/strong><\/a><\/p>\n<p style=\"text-align: justify;\">El Profesor \u00d3scar Abell\u00f3n, y otros especialistas coinciden en que puede producirse cierta p\u00e9rdida de contenidos, despu\u00e9s de salir de clases o en vacaciones. Sin embargo, a\u00f1aden, que \u00abcuando el <strong>aprendizaje es significativo, tiene utilidad lo que se aprende y se aplica a situaciones de la vida cotidiana<\/strong>, perdura en el tiempo. Mientras que los contenidos que se memorizan se van olvidando si no se hace uso de ellos o no se repasan\u00bb. De otro lado, para algunos estudiantes es frustrante, <strong>el hecho de no recordar lo es<\/strong>tudiado, y esto les hace tener \u00a0la sensaci\u00f3n de haber estudiado mal. <strong>\u00c9stos necesitan la paciencia del profesor y el apoyo de la familia para reforzar lo aprendido en la clase<\/strong>. Para no extendernos, les recomendamos leer cinco claves y diez tips para retener lo aprendido en clase, en una publicaci\u00f3n anterior: <a href=\"https:\/\/webdelmaestrocmf.com\/portal\/ayuda-docente-5-claves-los-estudiantes-retengan-mas-lo-aprenden\/\" target=\"_blank\" rel=\"noopener noreferrer\"><strong>CLAVES PARA QUE LOS ESTUDIANTES RETENGAN M\u00c1S LO QUE APRENDEN.<\/strong><\/a><\/p>\n<p style=\"text-align: justify;\">Quiz\u00e1 no todos los d\u00edas, pero si <strong>es bueno, saludable y necesario, promover una rutina que <\/strong>con cierta frecuencia, el que<strong> nuestros estudiantes se acostumbren a hacer un alto<\/strong> (voluntario y consciente) para pensar por unos minutos qu\u00e9 han hecho bien o mal. Ellos <strong>tienen que saber y aprender a responder de sus comportamientos positivos y negativos para comprender las consecuencias de su conducta. <\/strong>Ellos necesitan\u00a0 encontrar sus propios caminos de aprendizaje.<\/p>\n<p style=\"text-align: justify;\">Les sugerimos escuchar la opini\u00f3n del Licenciado Alberto Soler, sobre la responsabilidad asumida y el cumplimiento de \u00f3rdenes: <a href=\"https:\/\/webdelmaestrocmf.com\/portal\/mas-que-buscar-la-obediencia-ciega-debemos-fomentar-el-pensamiento-critico\/\" target=\"_blank\" rel=\"noopener noreferrer\"><strong>M\u00c1S QUE BUSCAR LA OBEDIENCIA CIEGA, DEBEMOS FOMENTAR EL PENSAMIENTO CR\u00cdTICO<\/strong><\/a><\/p>\n<p style=\"text-align: justify;\">Tan importantes como la alimentaci\u00f3n que reciben en algunas escuelas o las normas de higiene que se les imparte, nuestros estudiantes necesitan cubrir sus necesidades afectivas en el ambiente escolar, ya que influyen en su salud f\u00edsica y \u00a0mental, en su rendimiento escolar. Pero son <strong>las madres y los padres las \u201cinfluencers\u201d fundamentales en el desarrollo de la seguridad en s\u00ed mismos que deben alcanzar nuestros estudiantes, <\/strong>y tambi\u00e9n el que asimilen la ense\u00f1anza reciba en la escuela. Por estas razones, consideramos que nos debe interesar mantener una continua comunicaci\u00f3n escuela &#8211; familia, trabajar \u201ccodo a codo\u201d, por muy dif\u00edciles que sean las circunstancias. <a href=\"https:\/\/webdelmaestrocmf.com\/portal\/consejos-para-dar-apoyo-emocional-a-nuestros-hijos\/\" target=\"_blank\" rel=\"noopener noreferrer\"><strong>CONSEJOS PARA DAR APOYO EMOCIONAL A NUESTROS HIJOS.<\/strong><\/a><\/p>\n<p style=\"text-align: justify;\">Nos permitimos tomar como fuente la opini\u00f3n de a neuropsic\u00f3loga Luc\u00eda Zum\u00e1rraga Astorqui, presidenta de la Asociaci\u00f3n Madrile\u00f1a de Neuropsicolog\u00eda, Neuropsic\u00f3loga infantil y Directora de NeuroPed, para sugerirles estos <strong>consejos que podr\u00edan ayudar a consolidar los aprendizajes<\/strong> recibidos en la escuela:<\/p>\n<ol style=\"text-align: justify;\">\n<li>Programar <strong>un paseo o salida en familia,<\/strong> no importa tanto lo largo o distante, dejando que <strong>ellos nos indiquen <\/strong>los nombres o los datos m\u00e1s relevantes de cada uno de los lugares que visitamos. Mejor dicho, dejamos <strong>que ellos nos gu\u00eden y nos digan qu\u00e9 les llama la atenci\u00f3n<\/strong>. Esto, claro, est\u00e1, seg\u00fan el nivel de edad y conocimiento de cada ni\u00f1o o ni\u00f1a.<\/li>\n<li>Dar el ejemplo de <strong>leer por placer<\/strong>, como relax, como un espacio de tiempo para uno mismo. Es muy importante reconocer que en nuestra agitada vida diaria, <strong>es saludable hacer un alto<\/strong>. Y como dec\u00eda Jorge Luis Borges: <em>\u201cEl verbo leer, como el verbo amar y el verbo so\u00f1ar, no soporta &#8216;el modo imperativo\u201d,<\/em> es recomendable que <strong>comencemos por lograr que cada uno escoja la lectura que desee<\/strong>, y ponernos de acuerdo sobre las horas o momentos del d\u00eda para ponerse a leer. Luego <strong>buscar un lugar para leer<\/strong>, dentro o fuera de casa, en la sala, el cuarto, el comedor, alg\u00fan parque, a orillas de r\u00edos o mar, bibliotecas p\u00fablicas, o espacios que permitan no distraerse f\u00e1cilmente. Esta <strong>es una gran opci\u00f3n y una saludable rutina,<\/strong> porque s<strong>e practica el compromiso y la responsabilidad personal<\/strong>. Sobre todo, con los ni\u00f1os, es importante <strong>lograr un acuerdo<\/strong> respecto al tiempo de lectura equivalente al tiempo de uso de otros dispositivos tecnol\u00f3gicos.<\/li>\n<li>Buscar los <strong>cuadernos o textos dise\u00f1ados para \u201crefuerzo\u201d<\/strong> o repaso, con juegos, tipo c\u00f3mic o aventuras por descubrir. Suelen ser una opci\u00f3n atractiva. Pero no deben ser la \u00fanica ni la m\u00e1s relevante de nuestras opciones de padres educadores. Tambi\u00e9n existen <strong>aplicaciones y plataformas digitales<\/strong> que permiten realizar tareas y compartir los logros con los dem\u00e1s, aunque este recurso nos obliga a tomar cursos para explorarlos previamente.<\/li>\n<li>Determinar un d\u00eda para <strong>ver una buena pel\u00edcula<\/strong> para todos los p\u00fablicos en familia (no necesariamente en las salas del pueblo o ciudad) ,tambi\u00e9n es una opci\u00f3n de aprendizaje y de reforzar lo aprendido en las aulas. La clave est\u00e1 en no dejar pasar un buen <strong>\u201cvideo f\u00f3rum familiar\u201d<\/strong> o un conversatorio sobre la experiencia y el mensaje percibido. Es bueno hacerles <strong>preguntas relevantes<\/strong>, a los ni\u00f1os y j\u00f3venes, para favorecer el aprendizaje del an\u00e1lisis de los personajes, sus valores, sus decisiones, o las nuevas palabras aprendidas, la inserci\u00f3n en su posible tiempo hist\u00f3rico, etc. O quiz\u00e1 su disconformidad. Es una buena pr\u00e1ctica para mejorar el di\u00e1logo familiar.<\/li>\n<li>Aprender <strong>disfrutando en fa<\/strong>milia es la clave para <strong>sentir y vivir la cercan\u00eda de las personas que nos cuidan, en quienes debemos confiar, a quienes debemos acudir, &#8230;<\/strong> Es la mejor experiencia, y que nunca se borra, el <strong>sentir que uno est\u00e1 mejor con su familia que con otras persona<\/strong>s, o en la calle, o con los vecinos, o en un club, o en solitario con el internet, &#8230; motiva <strong>para que los ni\u00f1os y j\u00f3venes descubran por si mismos el placer de saber cosas nuevas con personas de su total confianza <\/strong>\u2014\u00a1oh descubrimiento o casualidad!\u2014, y que pueden estar muy relacionadas con aquellas lecciones escolares que parec\u00edan ajenas a la vida y a valores.<\/li>\n<\/ol>\n<p style=\"text-align: justify;\">Estas sugerencias no se agotan. Busquen otras y mejores maneras de reforzar los aprendizajes impartidos en la escuela.<\/p>\n<p data-sourcepos=\"3:1-3:38\">Aqu\u00ed te presentamos algunos otros:<\/p>\n<h3 style=\"padding-left: 40px;\" data-sourcepos=\"5:1-5:37\"><strong>1. T\u00e9cnicas de estudio efectivas:<\/strong><\/h3>\n<ul>\n<li style=\"list-style-type: none;\">\n<ul data-sourcepos=\"7:1-7:153\">\n<li data-sourcepos=\"7:1-7:153\"><strong>Espaciar las sesiones de estudio:<\/strong> En lugar de estudiar todo de una vez la noche anterior al examen, distribuye tu tiempo de estudio en sesiones m\u00e1s cortas y frecuentes. Esto te ayudar\u00e1 a consolidar la informaci\u00f3n en tu memoria a largo plazo.<\/li>\n<li data-sourcepos=\"8:1-8:56\"><strong>Variar las t\u00e9cnicas de estudio:<\/strong> Combina diferentes t\u00e9cnicas de estudio, como leer, tomar notas, resumir, crear mapas mentales, flashcards y practicar con problemas o ex\u00e1menes anteriores. Esto te ayudar\u00e1 a mantenerte comprometido y evitar\u00e1 que te aburras.<\/li>\n<li data-sourcepos=\"9:1-9:178\"><strong>Ense\u00f1ar a otros:<\/strong> Una excelente manera de asegurarte de que comprendes un tema es explic\u00e1rselo a otra persona. Puedes hacerlo con un compa\u00f1ero de clase, un amigo o familiar.<\/li>\n<li data-sourcepos=\"10:1-10:76\"><strong>Dormir lo suficiente:<\/strong> La falta de sue\u00f1o puede afectar negativamente tu memoria y capacidad de concentraci\u00f3n. Aseg\u00farate de dormir de 7 a 8 horas por noche.<\/li>\n<\/ul>\n<\/li>\n<\/ul>\n<h3 style=\"padding-left: 40px;\" data-sourcepos=\"12:1-12:19\"><strong>2. Mnemotecnia:<\/strong><\/h3>\n<ul>\n<li style=\"list-style-type: none;\">\n<ul data-sourcepos=\"14:1-16:0\">\n<li data-sourcepos=\"14:1-14:272\"><strong>Utiliza acr\u00f3nimos, frases o im\u00e1genes:<\/strong> Asocia la informaci\u00f3n que deseas recordar con algo familiar o memorable. Por ejemplo, puedes crear un acr\u00f3nimo con las primeras letras de los elementos que necesitas recordar o crear una imagen mental que represente un concepto.<\/li>\n<li data-sourcepos=\"15:1-16:0\"><strong>M\u00e9todo loci:<\/strong> Imagina un lugar familiar y coloca mentalmente los elementos que deseas recordar en diferentes ubicaciones. Cuando necesites recordar la informaci\u00f3n, simplemente recorre el lugar en tu mente.<\/li>\n<\/ul>\n<\/li>\n<\/ul>\n<h3 style=\"padding-left: 40px;\" data-sourcepos=\"17:1-17:27\"><strong>3. Aplicaci\u00f3n pr\u00e1ctica:<\/strong><\/h3>\n<ul>\n<li style=\"list-style-type: none;\">\n<ul data-sourcepos=\"19:1-20:83\">\n<li data-sourcepos=\"19:1-19:202\"><strong>Relaciona lo aprendido con tu vida:<\/strong> Busca formas de aplicar lo que est\u00e1s aprendiendo en la escuela a tu vida cotidiana. Esto te ayudar\u00e1 a comprender mejor el material y a retenerlo por m\u00e1s tiempo.<\/li>\n<li data-sourcepos=\"20:1-20:83\"><strong>Practica lo aprendido:<\/strong> Resolver problemas, realizar experimentos o participar en debates son excelentes maneras de poner en pr\u00e1ctica lo que has aprendido y asegurarte de que lo comprendes.<\/li>\n<\/ul>\n<\/li>\n<\/ul>\n<h3 style=\"padding-left: 40px;\" data-sourcepos=\"22:1-22:30\"><strong>4. Cuidar tu salud mental:<\/strong><\/h3>\n<ul>\n<li style=\"list-style-type: none;\">\n<ul data-sourcepos=\"24:1-26:0\">\n<li data-sourcepos=\"24:1-24:223\"><strong>Maneja el estr\u00e9s:<\/strong> El estr\u00e9s puede afectar negativamente tu memoria y capacidad de aprendizaje. Encuentra maneras saludables de manejar el estr\u00e9s, como el ejercicio, la meditaci\u00f3n o pasar tiempo con tus seres queridos.<\/li>\n<li data-sourcepos=\"25:1-26:0\"><strong>Mantente positivo:<\/strong> Tener una actitud positiva puede ayudarte a mejorar tu motivaci\u00f3n y concentraci\u00f3n, lo que a su vez puede mejorar tu retenci\u00f3n.<\/li>\n<\/ul>\n<\/li>\n<\/ul>\n<p style=\"text-align: justify;\">Para Luc\u00eda Zum\u00e1rraga lo aprendido en la escuela, m\u00e1s que decir \u201colvidar\u201d, deber\u00edamos hablar de un \u201cadormecimiento\u201d. \u201cLa neurociencia nos dice que con el tiempo y <strong>la reutilizaci\u00f3n del conocimiento, lo aprendido se va localizando y afianzando<\/strong> en \u00e1reas del cerebro que se mantienen a largo plazo. Tambi\u00e9n demuestra que la exposici\u00f3n sucesiva afianza la memorizaci\u00f3n y por lo tanto la recuperaci\u00f3n\u201d. <a href=\"https:\/\/elpais.com\/elpais\/2018\/07\/26\/mamas_papas\/1532594897_973533.html\" target=\"_blank\" rel=\"noopener noreferrer\"><strong>C\u00d3MO EVITAR QUE LOS NI\u00d1OS OLVIDEN EN VERANO LO APRENDIDO DURANTE EL CURSO<\/strong><\/a><\/p>\n<h2 class=\"\" style=\"text-align: left;\" data-sourcepos=\"1:1-1:75\"><strong>\u00bfQu\u00e9 puede hacer el docente para que el alumno no olvide los contenidos?<\/strong><\/h2>\n<p style=\"text-align: justify;\" data-sourcepos=\"3:1-3:95\">Como docente, existen diversas estrategias que puedes implementar para que tus alumnos retengan mejor la informaci\u00f3n aprendida en clase y no la olviden con el tiempo. A continuaci\u00f3n, te presento algunas ideas clave:<\/p>\n<h3 style=\"padding-left: 40px; text-align: left;\" data-sourcepos=\"5:1-5:20\"><strong>1. Planificaci\u00f3n y dise\u00f1o de la ense\u00f1anza:<\/strong><\/h3>\n<ul style=\"text-align: justify;\">\n<li style=\"list-style-type: none;\">\n<ul data-sourcepos=\"7:1-7:132\">\n<li data-sourcepos=\"7:1-7:132\"><strong>Establece objetivos claros y medibles:<\/strong> Define qu\u00e9 quieres que tus alumnos aprendan en cada unidad o lecci\u00f3n. Esto te ayudar\u00e1 a enfocar tu ense\u00f1anza y crear actividades que promuevan la retenci\u00f3n.<\/li>\n<li data-sourcepos=\"8:1-8:92\"><strong>Selecciona contenidos relevantes y significativos:<\/strong> Aseg\u00farate de que los contenidos que abordas sean relevantes para la vida de tus alumnos y que tengan un significado personal para ellos. Esto aumentar\u00e1 su inter\u00e9s y motivaci\u00f3n por aprender.<\/li>\n<li data-sourcepos=\"9:1-9:203\"><strong>Organiza la informaci\u00f3n de manera l\u00f3gica y coherente:<\/strong> Estructura las lecciones de manera que los conceptos se presenten de forma gradual y progresiva, construyendo sobre lo aprendido anteriormente.<\/li>\n<li data-sourcepos=\"10:1-10:162\"><strong>Utiliza una variedad de recursos y actividades:<\/strong> Combina diferentes m\u00e9todos de ense\u00f1anza, como explicaciones, demostraciones, actividades grupales, proyectos y recursos audiovisuales. Esto mantendr\u00e1 a tus alumnos comprometidos y ayudar\u00e1 a consolidar el aprendizaje.<\/li>\n<\/ul>\n<\/li>\n<\/ul>\n<h3 style=\"padding-left: 40px; text-align: left;\" data-sourcepos=\"12:1-12:32\"><strong>2. Estrategias de ense\u00f1anza:<\/strong><\/h3>\n<ul style=\"text-align: justify;\">\n<li style=\"list-style-type: none;\">\n<ul data-sourcepos=\"14:1-18:0\">\n<li data-sourcepos=\"14:1-14:243\"><strong>Promueve la participaci\u00f3n activa de los alumnos:<\/strong> Involucra a tus alumnos en el proceso de aprendizaje a trav\u00e9s de preguntas, debates, discusiones y actividades pr\u00e1cticas. Esto les permitir\u00e1 construir su propio conocimiento y comprensi\u00f3n.<\/li>\n<li data-sourcepos=\"15:1-15:217\"><strong>Fomenta la colaboraci\u00f3n y el trabajo en equipo:<\/strong> Crea oportunidades para que tus alumnos trabajen juntos en proyectos y actividades. Esto les ayudar\u00e1 a desarrollar habilidades sociales y a aprender unos de otros.<\/li>\n<li data-sourcepos=\"16:1-16:242\"><strong>Utiliza t\u00e9cnicas de evaluaci\u00f3n formativa:<\/strong> Implementa estrategias de evaluaci\u00f3n continua para monitorear el progreso de tus alumnos y detectar sus necesidades individuales. Esto te permitir\u00e1 ajustar tu ense\u00f1anza y brindar apoyo oportuno.<\/li>\n<li data-sourcepos=\"17:1-18:0\"><strong>Proporciona retroalimentaci\u00f3n regular y constructiva:<\/strong> Ofr\u00e9cele a tus alumnos comentarios espec\u00edficos y \u00fatiles sobre su desempe\u00f1o. Esto les ayudar\u00e1 a identificar sus fortalezas y debilidades, y a mejorar sus habilidades.<\/li>\n<\/ul>\n<\/li>\n<\/ul>\n<h3 style=\"padding-left: 40px; text-align: left;\" data-sourcepos=\"19:1-19:49\"><strong>3. Crear un ambiente de aprendizaje positivo:<\/strong><\/h3>\n<ul style=\"text-align: justify;\">\n<li style=\"list-style-type: none;\">\n<ul data-sourcepos=\"21:1-21:59\">\n<li data-sourcepos=\"21:1-21:59\"><strong>Establece un clima de aula positivo y seguro:<\/strong> Crea un entorno donde tus alumnos se sientan c\u00f3modos para participar, cometer errores y aprender sin miedo al juicio.<\/li>\n<li data-sourcepos=\"22:1-22:162\"><strong>Fomenta el respeto mutuo y la inclusi\u00f3n:<\/strong> Promueve una cultura de respeto y tolerancia en el aula, donde todos los alumnos se sientan valorados y escuchados.<\/li>\n<li data-sourcepos=\"23:1-24:0\"><strong>Celebra los logros y el esfuerzo:<\/strong> Reconoce y celebra los logros de tus alumnos, tanto grandes como peque\u00f1os. Esto les ayudar\u00e1 a sentirse motivados y orgullosos de su trabajo.<\/li>\n<\/ul>\n<\/li>\n<\/ul>\n<h3 style=\"padding-left: 40px; text-align: left;\" data-sourcepos=\"25:1-25:59\"><strong>4. Orientar a los alumnos sobre estrategias de estudio:<\/strong><\/h3>\n<ul style=\"text-align: justify;\">\n<li style=\"list-style-type: none;\">\n<ul data-sourcepos=\"27:1-29:83\">\n<li data-sourcepos=\"27:1-27:226\"><strong>Ense\u00f1a a tus alumnos t\u00e9cnicas de estudio efectivas:<\/strong> Br\u00edndales a tus alumnos herramientas y estrategias para estudiar de manera eficiente y eficaz. Esto les permitir\u00e1 optimizar su tiempo de estudio y mejorar su retenci\u00f3n.<\/li>\n<li data-sourcepos=\"28:1-28:255\"><strong>Enfat\u00edzala importancia de la pr\u00e1ctica y la repetici\u00f3n:<\/strong> Recu\u00e9rdales a tus alumnos que la pr\u00e1ctica regular es fundamental para consolidar el aprendizaje. An\u00edmalos a repasar los contenidos regularmente y a realizar ejercicios y actividades de refuerzo.<\/li>\n<li data-sourcepos=\"29:1-29:83\"><strong>Promueve el uso de recursos adicionales:<\/strong> Recomi\u00e9ndales a tus alumnos recursos de estudio adicionales, como libros, sitios web y aplicaciones educativas.<\/li>\n<\/ul>\n<\/li>\n<\/ul>\n<h3 style=\"padding-left: 40px; text-align: left;\" data-sourcepos=\"31:1-31:35\"><strong>5. Colaboraci\u00f3n con los padres:<\/strong><\/h3>\n<ul style=\"text-align: justify;\">\n<li style=\"list-style-type: none;\">\n<ul data-sourcepos=\"33:1-36:0\">\n<li data-sourcepos=\"33:1-33:205\"><strong>Comunica las expectativas de aprendizaje:<\/strong> Informa a los padres sobre los objetivos de aprendizaje de cada unidad o lecci\u00f3n. Esto les permitir\u00e1 apoyar a sus hijos en el proceso de aprendizaje en casa.<\/li>\n<li data-sourcepos=\"34:1-34:173\"><strong>Brinda sugerencias para el estudio en casa:<\/strong> Ofrece a los padres estrategias y actividades que puedan utilizar para ayudar a sus hijos a repasar los contenidos en casa.<\/li>\n<li data-sourcepos=\"35:1-36:0\"><strong>Mant\u00e9n una comunicaci\u00f3n abierta:<\/strong> Fomenta una comunicaci\u00f3n abierta y fluida con los padres para discutir el progreso de sus hijos y abordar cualquier dificultad que puedan estar enfrentando.<\/li>\n<\/ul>\n<\/li>\n<\/ul>\n<p style=\"padding-left: 40px; text-align: justify;\" data-sourcepos=\"37:1-37:330\">Recuerda que no existe una f\u00f3rmula m\u00e1gica para garantizar que los alumnos retengan todo lo que aprenden. Sin embargo, al implementar estas estrategias y crear un ambiente de aprendizaje positivo y estimulante, puedes aumentar considerablemente las probabilidades de que tus alumnos aprendan de manera significativa y duradera.<\/p>\n<p style=\"text-align: justify;\">\u00bfConsideramos que lo aprendido en el aula puede ser reforzado en casa? \u00bfTendremos tiempo para sentarnos y conversar con nuestros hijos? \u00bfTendremos la paciencia de escucharlos y animarlos? \u00bfDisfrutaremos sus ocurrencias y sabremos orientar \u201cpunto de vista\u201d hacia una reflexi\u00f3n personal? \u00bfCelebraremos sus descubrimientos y nos interesaremos en ellos?<\/p>\n<p style=\"text-align: justify;\"><em>\u201cEl objetivo principal de la educaci\u00f3n en las escuelas debe ser la creaci\u00f3n de hombres y mujeres capaces de hacer cosas nuevas, no simplemente repetir lo que otras generaciones han hecho; hombres y mujeres que son creativos, inventivos y descubridores, que pueden ser cr\u00edticos y verificar y no aceptar, todo lo que se les ofrece.\u201d<\/em> (Jean Piaget).<\/p>\n<p style=\"text-align: right;\"><strong>REDACCI\u00d3N WEB DEL MAESTRO CMF<\/strong><\/p>\n<p style=\"text-align: justify;\">\t\t<div class=\"pk-inline-posts\">\n\t\t\t\n\t\t\t<div class=\"pk-inline-posts-container pk-inline-posts-template-list\"\n\t\t\t\tdata-columns=\"1\">\n\t\t\t\t\t\t<article id=\"post-118333\" class=\"post-118333 post type-post status-publish format-standard has-post-thumbnail category-jamb tag-apego tag-crianza tag-docentes tag-educacion tag-escuela tag-familia tag-infancia tag-responsabilidad tag-vinculo cs-entry cs-video-wrap\">\n\t\t\t<div class=\"pk-post-outer\">\n\n\t\t\t\t\t\t\t\t<div class=\"pk-post-inner\">\n\t\t\t\t\t<div class=\"entry-thumbnail\">\n\t\t\t\t\t\t<div class=\"pk-overlay pk-overlay-ratio pk-ratio-landscape\">\n\t\t\t\t\t\t\t<div class=\"pk-overlay-background\">\n\t\t\t\t\t\t\t\t<a href=\"https:\/\/webdelmaestrocmf.com\/portal\/el-sistema-nos-rompe-a-todos-y-a-los-ninos-primero\/\" class=\"pk-overlay-link\">\n\t\t\t\t\t\t\t\t\t<img loading=\"lazy\" decoding=\"async\" width=\"300\" height=\"225\" src=\"https:\/\/webdelmaestrocmf.com\/portal\/wp-content\/uploads\/2026\/04\/1AA-Banner-1-portada-imagen-10-1-copia-2-300x225.jpg\" class=\"attachment-pk-thumbnail size-pk-thumbnail wp-post-image\" alt=\"\" \/>\t\t\t\t\t\t\t\t<\/a>\n\t\t\t\t\t\t\t<\/div>\n\t\t\t\t\t\t<\/div>\n\t\t\t\t\t<\/div>\n\t\t\t\t<\/div>\n\t\t\t\t\n\t\t\t\t<div class=\"pk-post-inner\">\n\t\t\t\t\t<header>\n\t\t\t\t\t\t<h3 class=\"pk-title\"><a href=\"https:\/\/webdelmaestrocmf.com\/portal\/el-sistema-nos-rompe-a-todos-y-a-los-ninos-primero\/\" rel=\"bookmark\">El sistema nos rompe a todos\u2026 y a los ni\u00f1os primero<\/a><\/h3>\t\t\t\t\t<\/header><!-- .entry-header -->\n\t\t\t\t<\/div><!-- .post-inner -->\n\n\t\t\t<\/div><!-- .post-outer -->\n\t\t<\/article>\n\t\t\t<article id=\"post-118324\" class=\"post-118324 post type-post status-publish format-standard has-post-thumbnail category-jamb tag-administracion-educativa tag-calidad-educativa tag-comunidad-educativa tag-direccion-escolar tag-educacion-digital tag-gestion-escolar tag-innovacion-educativa tag-liderazgo-educativo tag-mejora-continua tag-planificacion-educativa cs-entry cs-video-wrap\">\n\t\t\t<div class=\"pk-post-outer\">\n\n\t\t\t\t\t\t\t\t<div class=\"pk-post-inner\">\n\t\t\t\t\t<div class=\"entry-thumbnail\">\n\t\t\t\t\t\t<div class=\"pk-overlay pk-overlay-ratio pk-ratio-landscape\">\n\t\t\t\t\t\t\t<div class=\"pk-overlay-background\">\n\t\t\t\t\t\t\t\t<a href=\"https:\/\/webdelmaestrocmf.com\/portal\/la-administracion-educativa-el-pilar-silencioso-que-sostiene-la-escuela-administrar-o-gestionar-una-comunidad-educativa-es-lo-mismo\/\" class=\"pk-overlay-link\">\n\t\t\t\t\t\t\t\t\t<img loading=\"lazy\" decoding=\"async\" width=\"300\" height=\"225\" src=\"https:\/\/webdelmaestrocmf.com\/portal\/wp-content\/uploads\/2026\/04\/1AA-Banner-1-portada-imagen-10-1-copia-6-4-300x225.webp\" class=\"attachment-pk-thumbnail size-pk-thumbnail wp-post-image\" alt=\"\" \/>\t\t\t\t\t\t\t\t<\/a>\n\t\t\t\t\t\t\t<\/div>\n\t\t\t\t\t\t<\/div>\n\t\t\t\t\t<\/div>\n\t\t\t\t<\/div>\n\t\t\t\t\n\t\t\t\t<div class=\"pk-post-inner\">\n\t\t\t\t\t<header>\n\t\t\t\t\t\t<h3 class=\"pk-title\"><a href=\"https:\/\/webdelmaestrocmf.com\/portal\/la-administracion-educativa-el-pilar-silencioso-que-sostiene-la-escuela-administrar-o-gestionar-una-comunidad-educativa-es-lo-mismo\/\" rel=\"bookmark\">La administraci\u00f3n educativa: el pilar silencioso que sostiene la escuela. \u00bfAdministrar o gestionar una comunidad educativa es lo mismo?<\/a><\/h3>\t\t\t\t\t<\/header><!-- .entry-header -->\n\t\t\t\t<\/div><!-- .post-inner -->\n\n\t\t\t<\/div><!-- .post-outer -->\n\t\t<\/article>\n\t\t\t<article id=\"post-118319\" class=\"post-118319 post type-post status-publish format-standard has-post-thumbnail category-jamb tag-bienestar-docente tag-clima-escolar tag-convivencia-escolar tag-cultura-escolar tag-direccion-escolar tag-empatia tag-gestion-escolar tag-gestion-institucional tag-laura-lewin tag-liderazgo-educativo tag-trabajo-en-equipo cs-entry cs-video-wrap\">\n\t\t\t<div class=\"pk-post-outer\">\n\n\t\t\t\t\t\t\t\t<div class=\"pk-post-inner\">\n\t\t\t\t\t<div class=\"entry-thumbnail\">\n\t\t\t\t\t\t<div class=\"pk-overlay pk-overlay-ratio pk-ratio-landscape\">\n\t\t\t\t\t\t\t<div class=\"pk-overlay-background\">\n\t\t\t\t\t\t\t\t<a href=\"https:\/\/webdelmaestrocmf.com\/portal\/el-liderazgo-directivo-entre-la-firmeza-institucional-y-la-humanidad\/\" class=\"pk-overlay-link\">\n\t\t\t\t\t\t\t\t\t<img loading=\"lazy\" decoding=\"async\" width=\"300\" height=\"225\" src=\"https:\/\/webdelmaestrocmf.com\/portal\/wp-content\/uploads\/2026\/04\/1AA-Banner-1-portada-imagen-10-1-copia-5-5-300x225.webp\" class=\"attachment-pk-thumbnail size-pk-thumbnail wp-post-image\" alt=\"\" \/>\t\t\t\t\t\t\t\t<\/a>\n\t\t\t\t\t\t\t<\/div>\n\t\t\t\t\t\t<\/div>\n\t\t\t\t\t<\/div>\n\t\t\t\t<\/div>\n\t\t\t\t\n\t\t\t\t<div class=\"pk-post-inner\">\n\t\t\t\t\t<header>\n\t\t\t\t\t\t<h3 class=\"pk-title\"><a href=\"https:\/\/webdelmaestrocmf.com\/portal\/el-liderazgo-directivo-entre-la-firmeza-institucional-y-la-humanidad\/\" rel=\"bookmark\">El liderazgo directivo: entre la firmeza institucional y la humanidad<\/a><\/h3>\t\t\t\t\t<\/header><!-- .entry-header -->\n\t\t\t\t<\/div><!-- .post-inner -->\n\n\t\t\t<\/div><!-- .post-outer -->\n\t\t<\/article>\n\t\t\t\t<\/div>\n\t\t<\/div>\n\t\t<\/p>\n","protected":false},"excerpt":{"rendered":"Consideramos que no somos pocos los que coincidimos en que lo aprendido en la escuela debe ser reforzado&hellip;","protected":false},"author":1,"featured_media":105529,"comment_status":"open","ping_status":"closed","sticky":false,"template":"","format":"standard","meta":{"csco_display_header_overlay":false,"csco_singular_sidebar":"default","csco_page_header_type":"default","csco_page_load_nextpost":"default","csco_post_video_location":[],"csco_post_video_location_hash":"","csco_post_video_url":"","csco_post_video_bg_start_time":0,"csco_post_video_bg_end_time":0,"csco_post_video_bg_volume":false,"_jetpack_memberships_contains_paid_content":false,"footnotes":""},"categories":[61],"tags":[588,2565,598,228,1252,23447],"class_list":{"0":"post-43561","1":"post","2":"type-post","3":"status-publish","4":"format-standard","5":"has-post-thumbnail","7":"category-jamb","8":"tag-aprendido","9":"tag-cinco","10":"tag-consejos","11":"tag-escuela","12":"tag-no","13":"tag-olvidar","14":"cs-entry","15":"cs-video-wrap"},"yoast_head":"<!-- This site is optimized with the Yoast SEO plugin v27.5 - https:\/\/yoast.com\/product\/yoast-seo-wordpress\/ -->\n<title>Nueve consejos para no olvidar lo aprendido en la escuela - 2026<\/title>\n<meta name=\"description\" content=\"Reforzar el aprendizaje en casa: descubre por qu\u00e9 no olvidar lo aprendido en la escuela es clave para el desarrollo de los estudiantes.\" \/>\n<meta name=\"robots\" content=\"index, follow, max-snippet:-1, max-image-preview:large, max-video-preview:-1\" \/>\n<link rel=\"canonical\" href=\"https:\/\/webdelmaestrocmf.com\/portal\/cinco-consejos-para-no-olvidar-lo-aprendido-en-la-escuela\/\" \/>\n<meta property=\"og:locale\" content=\"es_ES\" \/>\n<meta property=\"og:type\" content=\"article\" \/>\n<meta property=\"og:title\" content=\"Nueve consejos para no olvidar lo aprendido en la escuela - 2026\" \/>\n<meta property=\"og:description\" content=\"Reforzar el aprendizaje en casa: descubre por qu\u00e9 no olvidar lo aprendido en la escuela es clave para el desarrollo de los estudiantes.\" \/>\n<meta property=\"og:url\" content=\"https:\/\/webdelmaestrocmf.com\/portal\/cinco-consejos-para-no-olvidar-lo-aprendido-en-la-escuela\/\" \/>\n<meta property=\"og:site_name\" content=\"Web del Maestro CMF\" \/>\n<meta property=\"article:publisher\" content=\"https:\/\/www.facebook.com\/WebdelMaestroCMF\/\" \/>\n<meta property=\"article:author\" content=\"https:\/\/www.facebook.com\/WebdelMaestroCMF\/\" \/>\n<meta property=\"article:published_time\" content=\"2024-05-18T21:09:40+00:00\" \/>\n<meta property=\"article:modified_time\" content=\"2024-05-18T22:59:35+00:00\" \/>\n<meta property=\"og:image\" content=\"https:\/\/webdelmaestrocmf.com\/portal\/wp-content\/uploads\/2020\/01\/Banner-1-portada-imagen-10-1-2024-05-18T182150.877.jpg\" \/>\n\t<meta property=\"og:image:width\" content=\"1024\" \/>\n\t<meta property=\"og:image:height\" content=\"1024\" \/>\n\t<meta property=\"og:image:type\" content=\"image\/jpeg\" \/>\n<meta name=\"author\" content=\"Web del Maestro CMF\" \/>\n<meta name=\"twitter:card\" content=\"summary_large_image\" \/>\n<meta name=\"twitter:creator\" content=\"@cmf_w\" \/>\n<meta name=\"twitter:site\" content=\"@cmf_w\" \/>\n<script type=\"application\/ld+json\" class=\"yoast-schema-graph\">{\"@context\":\"https:\\\/\\\/schema.org\",\"@graph\":[{\"@type\":\"ScholarlyArticle\",\"@id\":\"https:\\\/\\\/webdelmaestrocmf.com\\\/portal\\\/cinco-consejos-para-no-olvidar-lo-aprendido-en-la-escuela\\\/#article\",\"isPartOf\":{\"@id\":\"https:\\\/\\\/webdelmaestrocmf.com\\\/portal\\\/cinco-consejos-para-no-olvidar-lo-aprendido-en-la-escuela\\\/\"},\"author\":{\"name\":\"Web del Maestro CMF\",\"@id\":\"https:\\\/\\\/webdelmaestrocmf.com\\\/portal\\\/#\\\/schema\\\/person\\\/1072a2ed7bd960df8ef99a551fa35dc5\"},\"headline\":\"Nueve consejos para no olvidar lo aprendido en la escuela\",\"datePublished\":\"2024-05-18T21:09:40+00:00\",\"dateModified\":\"2024-05-18T22:59:35+00:00\",\"mainEntityOfPage\":{\"@id\":\"https:\\\/\\\/webdelmaestrocmf.com\\\/portal\\\/cinco-consejos-para-no-olvidar-lo-aprendido-en-la-escuela\\\/\"},\"wordCount\":2565,\"commentCount\":0,\"publisher\":{\"@id\":\"https:\\\/\\\/webdelmaestrocmf.com\\\/portal\\\/#organization\"},\"image\":{\"@id\":\"https:\\\/\\\/webdelmaestrocmf.com\\\/portal\\\/cinco-consejos-para-no-olvidar-lo-aprendido-en-la-escuela\\\/#primaryimage\"},\"thumbnailUrl\":\"https:\\\/\\\/webdelmaestrocmf.com\\\/portal\\\/wp-content\\\/uploads\\\/2020\\\/01\\\/Banner-1-portada-imagen-10-1-2024-05-18T182150.877.jpg\",\"keywords\":[\"APRENDIDO\",\"CINCO\",\"Consejos\",\"escuela\",\"NO\",\"olvidar\"],\"articleSection\":[\"Yo opino - WMCMF\"],\"inLanguage\":\"es\",\"potentialAction\":[{\"@type\":\"CommentAction\",\"name\":\"Comment\",\"target\":[\"https:\\\/\\\/webdelmaestrocmf.com\\\/portal\\\/cinco-consejos-para-no-olvidar-lo-aprendido-en-la-escuela\\\/#respond\"]}]},{\"@type\":\"WebPage\",\"@id\":\"https:\\\/\\\/webdelmaestrocmf.com\\\/portal\\\/cinco-consejos-para-no-olvidar-lo-aprendido-en-la-escuela\\\/\",\"url\":\"https:\\\/\\\/webdelmaestrocmf.com\\\/portal\\\/cinco-consejos-para-no-olvidar-lo-aprendido-en-la-escuela\\\/\",\"name\":\"Nueve consejos para no olvidar lo aprendido en la escuela - 2026\",\"isPartOf\":{\"@id\":\"https:\\\/\\\/webdelmaestrocmf.com\\\/portal\\\/#website\"},\"primaryImageOfPage\":{\"@id\":\"https:\\\/\\\/webdelmaestrocmf.com\\\/portal\\\/cinco-consejos-para-no-olvidar-lo-aprendido-en-la-escuela\\\/#primaryimage\"},\"image\":{\"@id\":\"https:\\\/\\\/webdelmaestrocmf.com\\\/portal\\\/cinco-consejos-para-no-olvidar-lo-aprendido-en-la-escuela\\\/#primaryimage\"},\"thumbnailUrl\":\"https:\\\/\\\/webdelmaestrocmf.com\\\/portal\\\/wp-content\\\/uploads\\\/2020\\\/01\\\/Banner-1-portada-imagen-10-1-2024-05-18T182150.877.jpg\",\"datePublished\":\"2024-05-18T21:09:40+00:00\",\"dateModified\":\"2024-05-18T22:59:35+00:00\",\"description\":\"Reforzar el aprendizaje en casa: descubre por qu\u00e9 no olvidar lo aprendido en la escuela es clave para el desarrollo de los estudiantes.\",\"breadcrumb\":{\"@id\":\"https:\\\/\\\/webdelmaestrocmf.com\\\/portal\\\/cinco-consejos-para-no-olvidar-lo-aprendido-en-la-escuela\\\/#breadcrumb\"},\"inLanguage\":\"es\",\"potentialAction\":[{\"@type\":\"ReadAction\",\"target\":[\"https:\\\/\\\/webdelmaestrocmf.com\\\/portal\\\/cinco-consejos-para-no-olvidar-lo-aprendido-en-la-escuela\\\/\"]}]},{\"@type\":\"ImageObject\",\"inLanguage\":\"es\",\"@id\":\"https:\\\/\\\/webdelmaestrocmf.com\\\/portal\\\/cinco-consejos-para-no-olvidar-lo-aprendido-en-la-escuela\\\/#primaryimage\",\"url\":\"https:\\\/\\\/webdelmaestrocmf.com\\\/portal\\\/wp-content\\\/uploads\\\/2020\\\/01\\\/Banner-1-portada-imagen-10-1-2024-05-18T182150.877.jpg\",\"contentUrl\":\"https:\\\/\\\/webdelmaestrocmf.com\\\/portal\\\/wp-content\\\/uploads\\\/2020\\\/01\\\/Banner-1-portada-imagen-10-1-2024-05-18T182150.877.jpg\",\"width\":1024,\"height\":1024},{\"@type\":\"BreadcrumbList\",\"@id\":\"https:\\\/\\\/webdelmaestrocmf.com\\\/portal\\\/cinco-consejos-para-no-olvidar-lo-aprendido-en-la-escuela\\\/#breadcrumb\",\"itemListElement\":[{\"@type\":\"ListItem\",\"position\":1,\"name\":\"Portada\",\"item\":\"https:\\\/\\\/webdelmaestrocmf.com\\\/portal\\\/\"},{\"@type\":\"ListItem\",\"position\":2,\"name\":\"Yo opino - WMCMF\",\"item\":\"https:\\\/\\\/webdelmaestrocmf.com\\\/portal\\\/category\\\/jamb\\\/\"},{\"@type\":\"ListItem\",\"position\":3,\"name\":\"Nueve consejos para no olvidar lo aprendido en la escuela\"}]},{\"@type\":\"WebSite\",\"@id\":\"https:\\\/\\\/webdelmaestrocmf.com\\\/portal\\\/#website\",\"url\":\"https:\\\/\\\/webdelmaestrocmf.com\\\/portal\\\/\",\"name\":\"Web del Maestro CMF\",\"description\":\"Maestros al servicio de la educaci\u00f3n\",\"publisher\":{\"@id\":\"https:\\\/\\\/webdelmaestrocmf.com\\\/portal\\\/#organization\"},\"alternateName\":\"WMCMF\",\"potentialAction\":[{\"@type\":\"SearchAction\",\"target\":{\"@type\":\"EntryPoint\",\"urlTemplate\":\"https:\\\/\\\/webdelmaestrocmf.com\\\/portal\\\/?s={search_term_string}\"},\"query-input\":{\"@type\":\"PropertyValueSpecification\",\"valueRequired\":true,\"valueName\":\"search_term_string\"}}],\"inLanguage\":\"es\"},{\"@type\":\"Organization\",\"@id\":\"https:\\\/\\\/webdelmaestrocmf.com\\\/portal\\\/#organization\",\"name\":\"Web del Maestro CMF\",\"alternateName\":\"WMCMF\",\"url\":\"https:\\\/\\\/webdelmaestrocmf.com\\\/portal\\\/\",\"logo\":{\"@type\":\"ImageObject\",\"inLanguage\":\"es\",\"@id\":\"https:\\\/\\\/webdelmaestrocmf.com\\\/portal\\\/#\\\/schema\\\/logo\\\/image\\\/\",\"url\":\"https:\\\/\\\/webdelmaestrocmf.com\\\/portal\\\/wp-content\\\/uploads\\\/2023\\\/01\\\/logo-wmcmf-2.png\",\"contentUrl\":\"https:\\\/\\\/webdelmaestrocmf.com\\\/portal\\\/wp-content\\\/uploads\\\/2023\\\/01\\\/logo-wmcmf-2.png\",\"width\":200,\"height\":60,\"caption\":\"Web del Maestro CMF\"},\"image\":{\"@id\":\"https:\\\/\\\/webdelmaestrocmf.com\\\/portal\\\/#\\\/schema\\\/logo\\\/image\\\/\"},\"sameAs\":[\"https:\\\/\\\/www.facebook.com\\\/WebdelMaestroCMF\\\/\",\"https:\\\/\\\/x.com\\\/cmf_w\",\"https:\\\/\\\/www.pinterest.com\\\/WMCMF\\\/\",\"https:\\\/\\\/www.linkedin.com\\\/company\\\/web-del-maestro-cmf\\\/\",\"https:\\\/\\\/www.instagram.com\\\/wmcmf\\\/\",\"https:\\\/\\\/www.youtube.com\\\/channel\\\/UCDPSvjbdodE5sHnC3OxutHw\",\"https:\\\/\\\/mastodon.social\\\/@wmcmf\",\"https:\\\/\\\/www.tiktok.com\\\/@webdelmaestrocmf\"]},{\"@type\":\"Person\",\"@id\":\"https:\\\/\\\/webdelmaestrocmf.com\\\/portal\\\/#\\\/schema\\\/person\\\/1072a2ed7bd960df8ef99a551fa35dc5\",\"name\":\"Web del Maestro CMF\",\"image\":{\"@type\":\"ImageObject\",\"inLanguage\":\"es\",\"@id\":\"https:\\\/\\\/secure.gravatar.com\\\/avatar\\\/23291dd5b5ae1077dcff3dbb04c3e02bd28403fa75af6d8787d5e97c5bbbe30b?s=96&d=mm&r=g\",\"url\":\"https:\\\/\\\/secure.gravatar.com\\\/avatar\\\/23291dd5b5ae1077dcff3dbb04c3e02bd28403fa75af6d8787d5e97c5bbbe30b?s=96&d=mm&r=g\",\"contentUrl\":\"https:\\\/\\\/secure.gravatar.com\\\/avatar\\\/23291dd5b5ae1077dcff3dbb04c3e02bd28403fa75af6d8787d5e97c5bbbe30b?s=96&d=mm&r=g\",\"caption\":\"Web del Maestro CMF\"},\"description\":\"Esta Web se cre\u00f3 sin fines de lucro, con fines educativos, cient\u00edficos y acad\u00e9micos, para personas que tengan dificultades y\\\/o inconvenientes en visualizar el material original. El objetivo es entregar recursos, compartir experiencias y materiales que ayuden a los padres de familia, maestros y estudiantes en su actualizaci\u00f3n y formaci\u00f3n permanente, en bien de la Educaci\u00f3n.\",\"sameAs\":[\"http:\\\/\\\/webdelmaestrocmf.com\\\/portal\",\"https:\\\/\\\/www.facebook.com\\\/WebdelMaestroCMF\\\/\",\"https:\\\/\\\/www.instagram.com\\\/wmcmf\\\/\",\"https:\\\/\\\/cl.linkedin.com\\\/company\\\/web-del-maestro-cmf\",\"https:\\\/\\\/www.pinterest.com\\\/WMCMF\\\/publicaciones\\\/\",\"https:\\\/\\\/x.com\\\/cmf_w\",\"https:\\\/\\\/www.youtube.com\\\/@WMCMF\"]}]}<\/script>\n<!-- \/ Yoast SEO plugin. -->","yoast_head_json":{"title":"Nueve consejos para no olvidar lo aprendido en la escuela - 2026","description":"Reforzar el aprendizaje en casa: descubre por qu\u00e9 no olvidar lo aprendido en la escuela es clave para el desarrollo de los estudiantes.","robots":{"index":"index","follow":"follow","max-snippet":"max-snippet:-1","max-image-preview":"max-image-preview:large","max-video-preview":"max-video-preview:-1"},"canonical":"https:\/\/webdelmaestrocmf.com\/portal\/cinco-consejos-para-no-olvidar-lo-aprendido-en-la-escuela\/","og_locale":"es_ES","og_type":"article","og_title":"Nueve consejos para no olvidar lo aprendido en la escuela - 2026","og_description":"Reforzar el aprendizaje en casa: descubre por qu\u00e9 no olvidar lo aprendido en la escuela es clave para el desarrollo de los estudiantes.","og_url":"https:\/\/webdelmaestrocmf.com\/portal\/cinco-consejos-para-no-olvidar-lo-aprendido-en-la-escuela\/","og_site_name":"Web del Maestro CMF","article_publisher":"https:\/\/www.facebook.com\/WebdelMaestroCMF\/","article_author":"https:\/\/www.facebook.com\/WebdelMaestroCMF\/","article_published_time":"2024-05-18T21:09:40+00:00","article_modified_time":"2024-05-18T22:59:35+00:00","og_image":[{"width":1024,"height":1024,"url":"https:\/\/webdelmaestrocmf.com\/portal\/wp-content\/uploads\/2020\/01\/Banner-1-portada-imagen-10-1-2024-05-18T182150.877.jpg","type":"image\/jpeg"}],"author":"Web del Maestro CMF","twitter_card":"summary_large_image","twitter_creator":"@cmf_w","twitter_site":"@cmf_w","schema":{"@context":"https:\/\/schema.org","@graph":[{"@type":"ScholarlyArticle","@id":"https:\/\/webdelmaestrocmf.com\/portal\/cinco-consejos-para-no-olvidar-lo-aprendido-en-la-escuela\/#article","isPartOf":{"@id":"https:\/\/webdelmaestrocmf.com\/portal\/cinco-consejos-para-no-olvidar-lo-aprendido-en-la-escuela\/"},"author":{"name":"Web del Maestro CMF","@id":"https:\/\/webdelmaestrocmf.com\/portal\/#\/schema\/person\/1072a2ed7bd960df8ef99a551fa35dc5"},"headline":"Nueve consejos para no olvidar lo aprendido en la escuela","datePublished":"2024-05-18T21:09:40+00:00","dateModified":"2024-05-18T22:59:35+00:00","mainEntityOfPage":{"@id":"https:\/\/webdelmaestrocmf.com\/portal\/cinco-consejos-para-no-olvidar-lo-aprendido-en-la-escuela\/"},"wordCount":2565,"commentCount":0,"publisher":{"@id":"https:\/\/webdelmaestrocmf.com\/portal\/#organization"},"image":{"@id":"https:\/\/webdelmaestrocmf.com\/portal\/cinco-consejos-para-no-olvidar-lo-aprendido-en-la-escuela\/#primaryimage"},"thumbnailUrl":"https:\/\/webdelmaestrocmf.com\/portal\/wp-content\/uploads\/2020\/01\/Banner-1-portada-imagen-10-1-2024-05-18T182150.877.jpg","keywords":["APRENDIDO","CINCO","Consejos","escuela","NO","olvidar"],"articleSection":["Yo opino - WMCMF"],"inLanguage":"es","potentialAction":[{"@type":"CommentAction","name":"Comment","target":["https:\/\/webdelmaestrocmf.com\/portal\/cinco-consejos-para-no-olvidar-lo-aprendido-en-la-escuela\/#respond"]}]},{"@type":"WebPage","@id":"https:\/\/webdelmaestrocmf.com\/portal\/cinco-consejos-para-no-olvidar-lo-aprendido-en-la-escuela\/","url":"https:\/\/webdelmaestrocmf.com\/portal\/cinco-consejos-para-no-olvidar-lo-aprendido-en-la-escuela\/","name":"Nueve consejos para no olvidar lo aprendido en la escuela - 2026","isPartOf":{"@id":"https:\/\/webdelmaestrocmf.com\/portal\/#website"},"primaryImageOfPage":{"@id":"https:\/\/webdelmaestrocmf.com\/portal\/cinco-consejos-para-no-olvidar-lo-aprendido-en-la-escuela\/#primaryimage"},"image":{"@id":"https:\/\/webdelmaestrocmf.com\/portal\/cinco-consejos-para-no-olvidar-lo-aprendido-en-la-escuela\/#primaryimage"},"thumbnailUrl":"https:\/\/webdelmaestrocmf.com\/portal\/wp-content\/uploads\/2020\/01\/Banner-1-portada-imagen-10-1-2024-05-18T182150.877.jpg","datePublished":"2024-05-18T21:09:40+00:00","dateModified":"2024-05-18T22:59:35+00:00","description":"Reforzar el aprendizaje en casa: descubre por qu\u00e9 no olvidar lo aprendido en la escuela es clave para el desarrollo de los estudiantes.","breadcrumb":{"@id":"https:\/\/webdelmaestrocmf.com\/portal\/cinco-consejos-para-no-olvidar-lo-aprendido-en-la-escuela\/#breadcrumb"},"inLanguage":"es","potentialAction":[{"@type":"ReadAction","target":["https:\/\/webdelmaestrocmf.com\/portal\/cinco-consejos-para-no-olvidar-lo-aprendido-en-la-escuela\/"]}]},{"@type":"ImageObject","inLanguage":"es","@id":"https:\/\/webdelmaestrocmf.com\/portal\/cinco-consejos-para-no-olvidar-lo-aprendido-en-la-escuela\/#primaryimage","url":"https:\/\/webdelmaestrocmf.com\/portal\/wp-content\/uploads\/2020\/01\/Banner-1-portada-imagen-10-1-2024-05-18T182150.877.jpg","contentUrl":"https:\/\/webdelmaestrocmf.com\/portal\/wp-content\/uploads\/2020\/01\/Banner-1-portada-imagen-10-1-2024-05-18T182150.877.jpg","width":1024,"height":1024},{"@type":"BreadcrumbList","@id":"https:\/\/webdelmaestrocmf.com\/portal\/cinco-consejos-para-no-olvidar-lo-aprendido-en-la-escuela\/#breadcrumb","itemListElement":[{"@type":"ListItem","position":1,"name":"Portada","item":"https:\/\/webdelmaestrocmf.com\/portal\/"},{"@type":"ListItem","position":2,"name":"Yo opino - WMCMF","item":"https:\/\/webdelmaestrocmf.com\/portal\/category\/jamb\/"},{"@type":"ListItem","position":3,"name":"Nueve consejos para no olvidar lo aprendido en la escuela"}]},{"@type":"WebSite","@id":"https:\/\/webdelmaestrocmf.com\/portal\/#website","url":"https:\/\/webdelmaestrocmf.com\/portal\/","name":"Web del Maestro CMF","description":"Maestros al servicio de la educaci\u00f3n","publisher":{"@id":"https:\/\/webdelmaestrocmf.com\/portal\/#organization"},"alternateName":"WMCMF","potentialAction":[{"@type":"SearchAction","target":{"@type":"EntryPoint","urlTemplate":"https:\/\/webdelmaestrocmf.com\/portal\/?s={search_term_string}"},"query-input":{"@type":"PropertyValueSpecification","valueRequired":true,"valueName":"search_term_string"}}],"inLanguage":"es"},{"@type":"Organization","@id":"https:\/\/webdelmaestrocmf.com\/portal\/#organization","name":"Web del Maestro CMF","alternateName":"WMCMF","url":"https:\/\/webdelmaestrocmf.com\/portal\/","logo":{"@type":"ImageObject","inLanguage":"es","@id":"https:\/\/webdelmaestrocmf.com\/portal\/#\/schema\/logo\/image\/","url":"https:\/\/webdelmaestrocmf.com\/portal\/wp-content\/uploads\/2023\/01\/logo-wmcmf-2.png","contentUrl":"https:\/\/webdelmaestrocmf.com\/portal\/wp-content\/uploads\/2023\/01\/logo-wmcmf-2.png","width":200,"height":60,"caption":"Web del Maestro CMF"},"image":{"@id":"https:\/\/webdelmaestrocmf.com\/portal\/#\/schema\/logo\/image\/"},"sameAs":["https:\/\/www.facebook.com\/WebdelMaestroCMF\/","https:\/\/x.com\/cmf_w","https:\/\/www.pinterest.com\/WMCMF\/","https:\/\/www.linkedin.com\/company\/web-del-maestro-cmf\/","https:\/\/www.instagram.com\/wmcmf\/","https:\/\/www.youtube.com\/channel\/UCDPSvjbdodE5sHnC3OxutHw","https:\/\/mastodon.social\/@wmcmf","https:\/\/www.tiktok.com\/@webdelmaestrocmf"]},{"@type":"Person","@id":"https:\/\/webdelmaestrocmf.com\/portal\/#\/schema\/person\/1072a2ed7bd960df8ef99a551fa35dc5","name":"Web del Maestro CMF","image":{"@type":"ImageObject","inLanguage":"es","@id":"https:\/\/secure.gravatar.com\/avatar\/23291dd5b5ae1077dcff3dbb04c3e02bd28403fa75af6d8787d5e97c5bbbe30b?s=96&d=mm&r=g","url":"https:\/\/secure.gravatar.com\/avatar\/23291dd5b5ae1077dcff3dbb04c3e02bd28403fa75af6d8787d5e97c5bbbe30b?s=96&d=mm&r=g","contentUrl":"https:\/\/secure.gravatar.com\/avatar\/23291dd5b5ae1077dcff3dbb04c3e02bd28403fa75af6d8787d5e97c5bbbe30b?s=96&d=mm&r=g","caption":"Web del Maestro CMF"},"description":"Esta Web se cre\u00f3 sin fines de lucro, con fines educativos, cient\u00edficos y acad\u00e9micos, para personas que tengan dificultades y\/o inconvenientes en visualizar el material original. El objetivo es entregar recursos, compartir experiencias y materiales que ayuden a los padres de familia, maestros y estudiantes en su actualizaci\u00f3n y formaci\u00f3n permanente, en bien de la Educaci\u00f3n.","sameAs":["http:\/\/webdelmaestrocmf.com\/portal","https:\/\/www.facebook.com\/WebdelMaestroCMF\/","https:\/\/www.instagram.com\/wmcmf\/","https:\/\/cl.linkedin.com\/company\/web-del-maestro-cmf","https:\/\/www.pinterest.com\/WMCMF\/publicaciones\/","https:\/\/x.com\/cmf_w","https:\/\/www.youtube.com\/@WMCMF"]}]}},"jetpack_featured_media_url":"https:\/\/webdelmaestrocmf.com\/portal\/wp-content\/uploads\/2020\/01\/Banner-1-portada-imagen-10-1-2024-05-18T182150.877.jpg","jetpack_sharing_enabled":true,"jetpack-related-posts":[{"id":102967,"url":"https:\/\/webdelmaestrocmf.com\/portal\/la-escuela-que-aprende-libro-para-docentes\/","url_meta":{"origin":43561,"position":0},"title":"La escuela que aprende | Libro para docentes","author":"Web del Maestro CMF","date":"22 enero, 2024","format":false,"excerpt":"La escuela que aprende es un libro del pedagogo espa\u00f1ol Miguel \u00c1ngel Santos Guerra, publicado en 2000. En el libro, el autor plantea la necesidad de que la escuela sea una organizaci\u00f3n que aprende, y no solo un lugar donde los alumnos reciben conocimientos. Santos Guerra sostiene que la escuela\u2026","rel":"","context":"En \u00abLibros\u00bb","block_context":{"text":"Libros","link":"https:\/\/webdelmaestrocmf.com\/portal\/category\/pedagogia\/libros\/"},"img":{"alt_text":"la escuela que aprende","src":"https:\/\/i0.wp.com\/webdelmaestrocmf.com\/portal\/wp-content\/uploads\/2024\/01\/Banner-1-portada-imagen-10-18-1.jpg?resize=350%2C200&ssl=1","width":350,"height":200,"srcset":"https:\/\/i0.wp.com\/webdelmaestrocmf.com\/portal\/wp-content\/uploads\/2024\/01\/Banner-1-portada-imagen-10-18-1.jpg?resize=350%2C200&ssl=1 1x, https:\/\/i0.wp.com\/webdelmaestrocmf.com\/portal\/wp-content\/uploads\/2024\/01\/Banner-1-portada-imagen-10-18-1.jpg?resize=525%2C300&ssl=1 1.5x, https:\/\/i0.wp.com\/webdelmaestrocmf.com\/portal\/wp-content\/uploads\/2024\/01\/Banner-1-portada-imagen-10-18-1.jpg?resize=700%2C400&ssl=1 2x"},"classes":[]},{"id":115569,"url":"https:\/\/webdelmaestrocmf.com\/portal\/philippe-meirieu-es-necesario-promover-en-el-aula-la-investigacion-tanto-individual-como-colectiva-pero-una-investigacion-real-no-unos-ejercicios-academicos-disfrazados-de-investigacion\/","url_meta":{"origin":43561,"position":1},"title":"Philippe Meirieu: Es necesario promover en el aula la investigaci\u00f3n, tanto individual como colectiva. Pero una investigaci\u00f3n real, no unos ejercicios acad\u00e9micos disfrazados de investigaci\u00f3n","author":"Web del Maestro CMF","date":"26 febrero, 2026","format":false,"excerpt":"Pedagogo franc\u00e9s defensor de la libertad, investigaci\u00f3n real y pedagog\u00eda diferenciada para democratizar aprendizaje, autonom\u00eda y pensamiento cr\u00edtico en la escuela.","rel":"","context":"En \u00abEntrevistas\u00bb","block_context":{"text":"Entrevistas","link":"https:\/\/webdelmaestrocmf.com\/portal\/category\/noticias\/entrevistas\/"},"img":{"alt_text":"","src":"https:\/\/i0.wp.com\/webdelmaestrocmf.com\/portal\/wp-content\/uploads\/2026\/02\/Portada-articulos-.jpg?resize=350%2C200&ssl=1","width":350,"height":200,"srcset":"https:\/\/i0.wp.com\/webdelmaestrocmf.com\/portal\/wp-content\/uploads\/2026\/02\/Portada-articulos-.jpg?resize=350%2C200&ssl=1 1x, https:\/\/i0.wp.com\/webdelmaestrocmf.com\/portal\/wp-content\/uploads\/2026\/02\/Portada-articulos-.jpg?resize=525%2C300&ssl=1 1.5x, https:\/\/i0.wp.com\/webdelmaestrocmf.com\/portal\/wp-content\/uploads\/2026\/02\/Portada-articulos-.jpg?resize=700%2C400&ssl=1 2x"},"classes":[]},{"id":114781,"url":"https:\/\/webdelmaestrocmf.com\/portal\/mama-furiosa-reclama-a-maestra-por-la-tarea-que-dejo\/","url_meta":{"origin":43561,"position":2},"title":"Mam\u00e1 furiosa reclama a maestra por la tarea que dej\u00f3","author":"Web del Maestro CMF","date":"16 enero, 2026","format":false,"excerpt":"tareas escolares, educaci\u00f3n, familia y escuela, aprendizaje infantil, psicolog\u00eda educativa, neuroeducaci\u00f3n, h\u00e1bitos de estudio, bienestar infantil, docencia, crianza responsable...","rel":"","context":"En \u00abNoticias Internacionales\u00bb","block_context":{"text":"Noticias Internacionales","link":"https:\/\/webdelmaestrocmf.com\/portal\/category\/noticias-internacionales\/"},"img":{"alt_text":"","src":"https:\/\/i0.wp.com\/webdelmaestrocmf.com\/portal\/wp-content\/uploads\/2026\/01\/1AA-Banner-1-portada-imagen-10-1-copia-11.webp?resize=350%2C200&ssl=1","width":350,"height":200,"srcset":"https:\/\/i0.wp.com\/webdelmaestrocmf.com\/portal\/wp-content\/uploads\/2026\/01\/1AA-Banner-1-portada-imagen-10-1-copia-11.webp?resize=350%2C200&ssl=1 1x, https:\/\/i0.wp.com\/webdelmaestrocmf.com\/portal\/wp-content\/uploads\/2026\/01\/1AA-Banner-1-portada-imagen-10-1-copia-11.webp?resize=525%2C300&ssl=1 1.5x, https:\/\/i0.wp.com\/webdelmaestrocmf.com\/portal\/wp-content\/uploads\/2026\/01\/1AA-Banner-1-portada-imagen-10-1-copia-11.webp?resize=700%2C400&ssl=1 2x, https:\/\/i0.wp.com\/webdelmaestrocmf.com\/portal\/wp-content\/uploads\/2026\/01\/1AA-Banner-1-portada-imagen-10-1-copia-11.webp?resize=1050%2C600&ssl=1 3x"},"classes":[]},{"id":114006,"url":"https:\/\/webdelmaestrocmf.com\/portal\/no-podemos-reducir-la-escuela-a-un-contenedor-social-jamas-debe-perder-su-lugar-como-espacio-educativo\/","url_meta":{"origin":43561,"position":3},"title":"No podemos reducir la escuela a un \u201ccontenedor social\u201d; jam\u00e1s debe perder su lugar como espacio educativo","author":"Web del Maestro CMF","date":"13 diciembre, 2025","format":false,"excerpt":"Reducirla es traicionar el derecho a aprender, degrada la docencia y normaliza la desigualdad como destino educativo.","rel":"","context":"En \u00abYo opino - WMCMF\u00bb","block_context":{"text":"Yo opino - WMCMF","link":"https:\/\/webdelmaestrocmf.com\/portal\/category\/jamb\/"},"img":{"alt_text":"","src":"https:\/\/i0.wp.com\/webdelmaestrocmf.com\/portal\/wp-content\/uploads\/2025\/12\/1A-Banner-1-portada-imagen-10-1-copia-15.webp?resize=350%2C200&ssl=1","width":350,"height":200,"srcset":"https:\/\/i0.wp.com\/webdelmaestrocmf.com\/portal\/wp-content\/uploads\/2025\/12\/1A-Banner-1-portada-imagen-10-1-copia-15.webp?resize=350%2C200&ssl=1 1x, https:\/\/i0.wp.com\/webdelmaestrocmf.com\/portal\/wp-content\/uploads\/2025\/12\/1A-Banner-1-portada-imagen-10-1-copia-15.webp?resize=525%2C300&ssl=1 1.5x, https:\/\/i0.wp.com\/webdelmaestrocmf.com\/portal\/wp-content\/uploads\/2025\/12\/1A-Banner-1-portada-imagen-10-1-copia-15.webp?resize=700%2C400&ssl=1 2x"},"classes":[]},{"id":113394,"url":"https:\/\/webdelmaestrocmf.com\/portal\/el-reclamo-de-un-maestro-a-los-padres-ensenar-valores-tambien-es-su-tarea-no-envien-a-la-escuela-ninos-irresponsables-irrespetuosos-o-con-mala-higiene\/","url_meta":{"origin":43561,"position":4},"title":"El reclamo de un maestro a los padres: ense\u00f1ar valores tambi\u00e9n es su tarea. \u00abNo env\u00eden a la escuela ni\u00f1os irresponsables, irrespetuosos o con mala higiene\u00bb","author":"Web del Maestro CMF","date":"10 noviembre, 2025","format":false,"excerpt":"En una carta que se volvi\u00f3 viral, un maestro pidi\u00f3 a los padres no enviar a la escuela ni\u00f1os irresponsables, irrespetuosos o con mala higiene. Su mensaje, aunque duro, refleja un malestar profundo y silencioso que recorre las aulas: el de los docentes que deben asumir responsabilidades que no les\u2026","rel":"","context":"En \u00abRecursos\u00bb","block_context":{"text":"Recursos","link":"https:\/\/webdelmaestrocmf.com\/portal\/category\/pedagogia\/"},"img":{"alt_text":"","src":"https:\/\/i0.wp.com\/webdelmaestrocmf.com\/portal\/wp-content\/uploads\/2025\/11\/Portada-descarga-7.jpg?resize=350%2C200&ssl=1","width":350,"height":200,"srcset":"https:\/\/i0.wp.com\/webdelmaestrocmf.com\/portal\/wp-content\/uploads\/2025\/11\/Portada-descarga-7.jpg?resize=350%2C200&ssl=1 1x, https:\/\/i0.wp.com\/webdelmaestrocmf.com\/portal\/wp-content\/uploads\/2025\/11\/Portada-descarga-7.jpg?resize=525%2C300&ssl=1 1.5x, https:\/\/i0.wp.com\/webdelmaestrocmf.com\/portal\/wp-content\/uploads\/2025\/11\/Portada-descarga-7.jpg?resize=700%2C400&ssl=1 2x"},"classes":[]},{"id":118480,"url":"https:\/\/webdelmaestrocmf.com\/portal\/francesco-tonucci-hoy-la-escuela-esta-asumiendo-un-error-fatal-que-es-hacer-mas-un-papel-de-ninera-que-de-estructura-educativa\/","url_meta":{"origin":43561,"position":5},"title":"Francesco Tonucci: Hoy la escuela est\u00e1 asumiendo un error fatal que es hacer m\u00e1s un papel de ni\u00f1era que de estructura educativa","author":"Web del Maestro CMF","date":"15h ago","format":false,"excerpt":"La escuela debe centrarse en formar personas, no solo ense\u00f1ar contenidos, promoviendo autonom\u00eda, juego libre y experiencias reales que desarrollen habilidades para la vida m\u00e1s all\u00e1 del aula.","rel":"","context":"En \u00abEntrevistas\u00bb","block_context":{"text":"Entrevistas","link":"https:\/\/webdelmaestrocmf.com\/portal\/category\/noticias\/entrevistas\/"},"img":{"alt_text":"","src":"https:\/\/i0.wp.com\/webdelmaestrocmf.com\/portal\/wp-content\/uploads\/2026\/04\/1AA-Banner-1-portada-imagen-10-1-copia-2-9.webp?resize=350%2C200&ssl=1","width":350,"height":200,"srcset":"https:\/\/i0.wp.com\/webdelmaestrocmf.com\/portal\/wp-content\/uploads\/2026\/04\/1AA-Banner-1-portada-imagen-10-1-copia-2-9.webp?resize=350%2C200&ssl=1 1x, https:\/\/i0.wp.com\/webdelmaestrocmf.com\/portal\/wp-content\/uploads\/2026\/04\/1AA-Banner-1-portada-imagen-10-1-copia-2-9.webp?resize=525%2C300&ssl=1 1.5x, https:\/\/i0.wp.com\/webdelmaestrocmf.com\/portal\/wp-content\/uploads\/2026\/04\/1AA-Banner-1-portada-imagen-10-1-copia-2-9.webp?resize=700%2C400&ssl=1 2x, https:\/\/i0.wp.com\/webdelmaestrocmf.com\/portal\/wp-content\/uploads\/2026\/04\/1AA-Banner-1-portada-imagen-10-1-copia-2-9.webp?resize=1050%2C600&ssl=1 3x"},"classes":[]}],"_links":{"self":[{"href":"https:\/\/webdelmaestrocmf.com\/portal\/wp-json\/wp\/v2\/posts\/43561","targetHints":{"allow":["GET"]}}],"collection":[{"href":"https:\/\/webdelmaestrocmf.com\/portal\/wp-json\/wp\/v2\/posts"}],"about":[{"href":"https:\/\/webdelmaestrocmf.com\/portal\/wp-json\/wp\/v2\/types\/post"}],"author":[{"embeddable":true,"href":"https:\/\/webdelmaestrocmf.com\/portal\/wp-json\/wp\/v2\/users\/1"}],"replies":[{"embeddable":true,"href":"https:\/\/webdelmaestrocmf.com\/portal\/wp-json\/wp\/v2\/comments?post=43561"}],"version-history":[{"count":0,"href":"https:\/\/webdelmaestrocmf.com\/portal\/wp-json\/wp\/v2\/posts\/43561\/revisions"}],"wp:featuredmedia":[{"embeddable":true,"href":"https:\/\/webdelmaestrocmf.com\/portal\/wp-json\/wp\/v2\/media\/105529"}],"wp:attachment":[{"href":"https:\/\/webdelmaestrocmf.com\/portal\/wp-json\/wp\/v2\/media?parent=43561"}],"wp:term":[{"taxonomy":"category","embeddable":true,"href":"https:\/\/webdelmaestrocmf.com\/portal\/wp-json\/wp\/v2\/categories?post=43561"},{"taxonomy":"post_tag","embeddable":true,"href":"https:\/\/webdelmaestrocmf.com\/portal\/wp-json\/wp\/v2\/tags?post=43561"}],"curies":[{"name":"wp","href":"https:\/\/api.w.org\/{rel}","templated":true}]}}