{"id":43031,"date":"2019-12-27T19:46:52","date_gmt":"2019-12-27T22:46:52","guid":{"rendered":"https:\/\/webdelmaestrocmf.com\/portal\/?p=43031"},"modified":"2023-03-09T22:42:05","modified_gmt":"2023-03-10T01:42:05","slug":"victor-rawlins-primero-lider-luego-director-libro-descarga-gratuita-en-pdf","status":"publish","type":"post","link":"https:\/\/webdelmaestrocmf.com\/portal\/victor-rawlins-primero-lider-luego-director-libro-descarga-gratuita-en-pdf\/","title":{"rendered":"[V\u00edctor Rawl\u00edns] \u201cPrimero l\u00edder, luego director\u201d (Libro descarga gratuita en PDF)"},"content":{"rendered":"<h5 style=\"text-align: justify;\">Actualmente una de las mayores necesidades, por no decir la principal, es la de liderazgos escolares con sentido de cambio. En el mundo actual, donde el conocimiento est\u00e1 a distancia de un clic, se vuelve necesario un cambio en la pr\u00e1ctica de dirigir una instituci\u00f3n educativa. La presente obra trata sobre liderazgo escolar. Plantea la necesidad y, a su vez, formas de como emigrar de una direcci\u00f3n escolar meramente gestora a una con liderazgo enfocado en el cambio. No busca derrumbar el concepto y la practica propia de un (a) director (a) de instituci\u00f3n educativa como la conocemos; sino el que se adicionen los elementos propios del liderazgo para dinamizar esta.<\/h5>\n<p><!--more--><\/p>\n<p style=\"text-align: justify;\">La idea clave, expresa en las 6 secciones que lo conforman, es liderazgo para el cambio. Esto porque la mejor forma de evaluar el nivel de impacto de un l\u00edder escolar es a trav\u00e9s del cambio de su centro.<\/p>\n<p><img loading=\"lazy\" decoding=\"async\" class=\"alignnone size-full wp-image-43032\" src=\"https:\/\/webdelmaestrocmf.com\/portal\/wp-content\/uploads\/2019\/12\/2-25.jpg\" alt=\"\" width=\"1100\" height=\"680\" srcset=\"https:\/\/webdelmaestrocmf.com\/portal\/wp-content\/uploads\/2019\/12\/2-25.jpg 1100w, https:\/\/webdelmaestrocmf.com\/portal\/wp-content\/uploads\/2019\/12\/2-25-300x185.jpg 300w, https:\/\/webdelmaestrocmf.com\/portal\/wp-content\/uploads\/2019\/12\/2-25-1024x633.jpg 1024w, https:\/\/webdelmaestrocmf.com\/portal\/wp-content\/uploads\/2019\/12\/2-25-768x475.jpg 768w, https:\/\/webdelmaestrocmf.com\/portal\/wp-content\/uploads\/2019\/12\/2-25-110x68.jpg 110w, https:\/\/webdelmaestrocmf.com\/portal\/wp-content\/uploads\/2019\/12\/2-25-200x124.jpg 200w, https:\/\/webdelmaestrocmf.com\/portal\/wp-content\/uploads\/2019\/12\/2-25-380x235.jpg 380w, https:\/\/webdelmaestrocmf.com\/portal\/wp-content\/uploads\/2019\/12\/2-25-255x158.jpg 255w, https:\/\/webdelmaestrocmf.com\/portal\/wp-content\/uploads\/2019\/12\/2-25-550x340.jpg 550w, https:\/\/webdelmaestrocmf.com\/portal\/wp-content\/uploads\/2019\/12\/2-25-800x495.jpg 800w\" sizes=\"auto, (max-width: 1100px) 100vw, 1100px\" \/><\/p>\n<p style=\"text-align: justify;\">Cada secci\u00f3n se enfoca en mostrar conceptos y estrategias para el desarrollo y aplicaci\u00f3n del liderazgo en cada aspecto de la gesti\u00f3n. Adem\u00e1s, plantea las diferencias entre administraci\u00f3n y liderazgo escolares. El autor se cuida en acompa\u00f1ar sus planteamientos con los de reconocidos gur\u00fas del liderazgo organizacional. Haciendo extrapolaciones los adapta al \u00e1mbito educativo.<\/p>\n<p style=\"text-align: justify;\">\u201cPrimero LIDER\u2026 Luego Director\u201d es una contribuci\u00f3n del autor. Con el mismo busca compartir lo aprendido sobre liderazgo organizacional aplicado a la gesti\u00f3n de instituciones educativas. No es la primera ni ser\u00e1 la \u00faltima con este tema. Pero el estilo coloquial en que se presentan muchos conceptos busca hacerlos entendibles y agradables para cualquier lector.<\/p>\n<p><img loading=\"lazy\" decoding=\"async\" class=\"alignnone size-full wp-image-43033\" src=\"https:\/\/webdelmaestrocmf.com\/portal\/wp-content\/uploads\/2019\/12\/1-71.jpg\" alt=\"\" width=\"728\" height=\"551\" srcset=\"https:\/\/webdelmaestrocmf.com\/portal\/wp-content\/uploads\/2019\/12\/1-71.jpg 728w, https:\/\/webdelmaestrocmf.com\/portal\/wp-content\/uploads\/2019\/12\/1-71-300x227.jpg 300w, https:\/\/webdelmaestrocmf.com\/portal\/wp-content\/uploads\/2019\/12\/1-71-110x83.jpg 110w, https:\/\/webdelmaestrocmf.com\/portal\/wp-content\/uploads\/2019\/12\/1-71-200x151.jpg 200w, https:\/\/webdelmaestrocmf.com\/portal\/wp-content\/uploads\/2019\/12\/1-71-380x288.jpg 380w, https:\/\/webdelmaestrocmf.com\/portal\/wp-content\/uploads\/2019\/12\/1-71-255x193.jpg 255w, https:\/\/webdelmaestrocmf.com\/portal\/wp-content\/uploads\/2019\/12\/1-71-550x416.jpg 550w\" sizes=\"auto, (max-width: 728px) 100vw, 728px\" \/><\/p>\n<h5><strong>RESE\u00d1A LIBRO <\/strong><\/h5>\n<ul>\n<li><strong>Titulo: <\/strong>Primero L\u00cdDER\u2026 Luego director<\/li>\n<li><strong>Autor: <\/strong>V\u00edctor Manuel Betem\u00ed Rawl\u00edns<\/li>\n<li><strong>Portada \/ gr\u00e1ficos:\u00a0<\/strong>Portada del mismo autor. Los gr\u00e1ficos, al menos se indique lo contrario, son del autor.<\/li>\n<li><strong>Pa\u00eds:\u00a0 <\/strong>Rep\u00fablica Dominicana<\/li>\n<li><strong>Idioma: <\/strong>Espa\u00f1ol<\/li>\n<li><strong>Paginas: <\/strong>100<\/li>\n<\/ul>\n<p><img loading=\"lazy\" decoding=\"async\" class=\"alignnone size-full wp-image-43034\" src=\"https:\/\/webdelmaestrocmf.com\/portal\/wp-content\/uploads\/2019\/12\/o-2.jpg\" alt=\"\" width=\"728\" height=\"579\" srcset=\"https:\/\/webdelmaestrocmf.com\/portal\/wp-content\/uploads\/2019\/12\/o-2.jpg 728w, https:\/\/webdelmaestrocmf.com\/portal\/wp-content\/uploads\/2019\/12\/o-2-300x239.jpg 300w, https:\/\/webdelmaestrocmf.com\/portal\/wp-content\/uploads\/2019\/12\/o-2-110x87.jpg 110w, https:\/\/webdelmaestrocmf.com\/portal\/wp-content\/uploads\/2019\/12\/o-2-200x159.jpg 200w, https:\/\/webdelmaestrocmf.com\/portal\/wp-content\/uploads\/2019\/12\/o-2-380x302.jpg 380w, https:\/\/webdelmaestrocmf.com\/portal\/wp-content\/uploads\/2019\/12\/o-2-255x203.jpg 255w, https:\/\/webdelmaestrocmf.com\/portal\/wp-content\/uploads\/2019\/12\/o-2-550x437.jpg 550w\" sizes=\"auto, (max-width: 728px) 100vw, 728px\" \/><\/p>\n<table border=\"0\" width=\"100%\" cellspacing=\"10\" cellpadding=\"10\">\n<tbody>\n<tr>\n<td width=\"30%\">\n<p style=\"text-align: center;\"><a href=\"http:\/\/webdelmaestrocmf.com\/portal\/wp-content\/uploads\/2017\/07\/Victor-Rawlins.jpg\"><img loading=\"lazy\" decoding=\"async\" class=\"size-full wp-image-20201 aligncenter\" src=\"http:\/\/webdelmaestrocmf.com\/portal\/wp-content\/uploads\/2017\/07\/Victor-Rawlins.jpg\" alt=\"\" width=\"200\" height=\"200\" srcset=\"https:\/\/webdelmaestrocmf.com\/portal\/wp-content\/uploads\/2017\/07\/Victor-Rawlins.jpg 200w, https:\/\/webdelmaestrocmf.com\/portal\/wp-content\/uploads\/2017\/07\/Victor-Rawlins-150x150.jpg 150w, https:\/\/webdelmaestrocmf.com\/portal\/wp-content\/uploads\/2017\/07\/Victor-Rawlins-187x187.jpg 187w\" sizes=\"auto, (max-width: 200px) 100vw, 200px\" \/><\/a><strong><br \/>\nAutor:\u00a0Victor Manuel Betem\u00ed Rawlins<br \/>\n<\/strong>San Pedro de Macoris; Republica Dominicana<br \/>\n<a href=\"https:\/\/twitter.com\/VMRAWLINS\" target=\"_blank\" rel=\"noopener noreferrer\">@VMRAWLINS<\/a><a href=\"mailto:achapa01@hotmail.com\" target=\"_blank\" rel=\"noopener noreferrer\"><br \/>\n<\/a><\/p>\n<\/td>\n<\/tr>\n<\/tbody>\n<\/table>\n<p style=\"text-align: center;\">Recomendamos a la Comunidad Educativa Digital tener en cuenta que, el enlace y\/o la carpeta en donde est\u00e1n alojados los libros, recursos y\/o materiales, no es administrado por la Web del Maestro CMF, pueda ser que en cuesti\u00f3n de d\u00edas (o seg\u00fan el tiempo transcurrido desde su publicaci\u00f3n), los enlaces no funcionen y el material ya no se encuentre disponible. Gracias por su comprensi\u00f3n.<\/p>\n<h3 style=\"text-align: left;\"><strong>ENLACE DE LECTURA:<\/strong><\/h3>\n<p style=\"text-align: center;\">\u00a1Comparte y as\u00ed m\u00e1s docentes utilizar\u00e1n estos recursos\u00a0gratis! Muchas gracias.<\/p>\n<p style=\"text-align: center;\"><span style=\"color: #000000;\"><b>DESCARGAR EL LIBRO: <\/b><a style=\"color: #000000;\" href=\"https:\/\/mega.nz\/#F!yuQXhQSY!qRIaE4JUGRDA2u1pyhmi4Q\" target=\"_blank\" rel=\"noopener noreferrer\"><b>PRIMERO L\u00cdDER, LUEGO DIRECTOR<\/b><\/a><\/span><\/p>\n\t\t<div class=\"pk-inline-posts\">\n\t\t\t\n\t\t\t<div class=\"pk-inline-posts-container pk-inline-posts-template-list\"\n\t\t\t\tdata-columns=\"1\">\n\t\t\t\t\t\t<article id=\"post-106050\" class=\"post-106050 post type-post status-publish format-standard has-post-thumbnail category-z-colaborador-victor-rawlins category-colaborador tag-3ra tag-aprendizaje tag-escuela tag-ia tag-integracion tag-l-proceso tag-victor-manuel-betemi cs-entry cs-video-wrap\">\n\t\t\t<div class=\"pk-post-outer\">\n\n\t\t\t\t\t\t\t\t<div class=\"pk-post-inner\">\n\t\t\t\t\t<div class=\"entry-thumbnail\">\n\t\t\t\t\t\t<div class=\"pk-overlay pk-overlay-ratio pk-ratio-landscape\">\n\t\t\t\t\t\t\t<div class=\"pk-overlay-background\">\n\t\t\t\t\t\t\t\t<a href=\"https:\/\/webdelmaestrocmf.com\/portal\/victor-manuel-betemi-la-3ra-escuela-la-integracion-de-la-ia-en-el-proceso-de-aprendizaje\/\" class=\"pk-overlay-link\">\n\t\t\t\t\t\t\t\t\t<img loading=\"lazy\" decoding=\"async\" width=\"300\" height=\"225\" src=\"https:\/\/webdelmaestrocmf.com\/portal\/wp-content\/uploads\/2024\/06\/Banner-1-portada-imagen-10-1-2024-06-20T173133.916-300x225.jpg\" class=\"attachment-pk-thumbnail size-pk-thumbnail wp-post-image\" alt=\"\" \/>\t\t\t\t\t\t\t\t<\/a>\n\t\t\t\t\t\t\t<\/div>\n\t\t\t\t\t\t<\/div>\n\t\t\t\t\t<\/div>\n\t\t\t\t<\/div>\n\t\t\t\t\n\t\t\t\t<div class=\"pk-post-inner\">\n\t\t\t\t\t<header>\n\t\t\t\t\t\t<h3 class=\"pk-title\"><a href=\"https:\/\/webdelmaestrocmf.com\/portal\/victor-manuel-betemi-la-3ra-escuela-la-integracion-de-la-ia-en-el-proceso-de-aprendizaje\/\" rel=\"bookmark\">[V\u00edctor Manuel Betemi] La 3ra. Escuela. La integraci\u00f3n de la IA en el proceso de aprendizaje<\/a><\/h3>\t\t\t\t\t<\/header><!-- .entry-header -->\n\t\t\t\t<\/div><!-- .post-inner -->\n\n\t\t\t<\/div><!-- .post-outer -->\n\t\t<\/article>\n\t\t\t\t<\/div>\n\t\t<\/div>\n\t\t\n","protected":false},"excerpt":{"rendered":"Actualmente una de las mayores necesidades, por no decir la principal, es la de liderazgos escolares con sentido&hellip;","protected":false},"author":1,"featured_media":43032,"comment_status":"open","ping_status":"closed","sticky":false,"template":"","format":"standard","meta":{"csco_display_header_overlay":false,"csco_singular_sidebar":"default","csco_page_header_type":"default","csco_page_load_nextpost":"default","csco_post_video_location":[],"csco_post_video_location_hash":"","csco_post_video_url":"","csco_post_video_bg_start_time":0,"csco_post_video_bg_end_time":0,"csco_post_video_bg_volume":false,"_jetpack_memberships_contains_paid_content":false,"footnotes":""},"categories":[2425,1790],"tags":[1716,2330,784,1760,679,4611,2516,2426],"class_list":{"0":"post-43031","1":"post","2":"type-post","3":"status-publish","4":"format-standard","5":"has-post-thumbnail","7":"category-z-colaborador-victor-rawlins","8":"category-colaborador","9":"tag-descarga","10":"tag-director","11":"tag-gratuita","12":"tag-libro","13":"tag-lider","14":"tag-luego","15":"tag-primero","16":"tag-victor-rawlins","17":"cs-entry","18":"cs-video-wrap"},"yoast_head":"<!-- This site is optimized with the Yoast SEO plugin v27.5 - https:\/\/yoast.com\/product\/yoast-seo-wordpress\/ -->\n<title>[V\u00edctor Rawl\u00edns] \u201cPrimero l\u00edder, luego director\u201d (Libro descarga gratuita en PDF) - 2026<\/title>\n<meta name=\"description\" content=\"Actualmente una de las mayores necesidades, por no decir la principal, es la de liderazgos escolares con sentido de cambio. En el mundo actual...\" \/>\n<meta name=\"robots\" content=\"index, follow, max-snippet:-1, max-image-preview:large, max-video-preview:-1\" \/>\n<link rel=\"canonical\" href=\"https:\/\/webdelmaestrocmf.com\/portal\/victor-rawlins-primero-lider-luego-director-libro-descarga-gratuita-en-pdf\/\" \/>\n<meta property=\"og:locale\" content=\"es_ES\" \/>\n<meta property=\"og:type\" content=\"article\" \/>\n<meta property=\"og:title\" content=\"[V\u00edctor Rawl\u00edns] \u201cPrimero l\u00edder, luego director\u201d (Libro descarga gratuita en PDF) - 2026\" \/>\n<meta property=\"og:description\" content=\"Actualmente una de las mayores necesidades, por no decir la principal, es la de liderazgos escolares con sentido de cambio. En el mundo actual...\" \/>\n<meta property=\"og:url\" content=\"https:\/\/webdelmaestrocmf.com\/portal\/victor-rawlins-primero-lider-luego-director-libro-descarga-gratuita-en-pdf\/\" \/>\n<meta property=\"og:site_name\" content=\"Web del Maestro CMF\" \/>\n<meta property=\"article:publisher\" content=\"https:\/\/www.facebook.com\/WebdelMaestroCMF\/\" \/>\n<meta property=\"article:author\" content=\"https:\/\/www.facebook.com\/WebdelMaestroCMF\/\" \/>\n<meta property=\"article:published_time\" content=\"2019-12-27T22:46:52+00:00\" \/>\n<meta property=\"article:modified_time\" content=\"2023-03-10T01:42:05+00:00\" \/>\n<meta property=\"og:image\" content=\"https:\/\/i0.wp.com\/webdelmaestrocmf.com\/portal\/wp-content\/uploads\/2019\/12\/2-25.jpg?fit=1100%2C680&ssl=1\" \/>\n\t<meta property=\"og:image:width\" content=\"1100\" \/>\n\t<meta property=\"og:image:height\" content=\"680\" \/>\n\t<meta property=\"og:image:type\" content=\"image\/jpeg\" \/>\n<meta name=\"author\" content=\"Web del Maestro CMF\" \/>\n<meta name=\"twitter:card\" content=\"summary_large_image\" \/>\n<meta name=\"twitter:creator\" content=\"@cmf_w\" \/>\n<meta name=\"twitter:site\" content=\"@cmf_w\" \/>\n<script type=\"application\/ld+json\" class=\"yoast-schema-graph\">{\"@context\":\"https:\\\/\\\/schema.org\",\"@graph\":[{\"@type\":\"ScholarlyArticle\",\"@id\":\"https:\\\/\\\/webdelmaestrocmf.com\\\/portal\\\/victor-rawlins-primero-lider-luego-director-libro-descarga-gratuita-en-pdf\\\/#article\",\"isPartOf\":{\"@id\":\"https:\\\/\\\/webdelmaestrocmf.com\\\/portal\\\/victor-rawlins-primero-lider-luego-director-libro-descarga-gratuita-en-pdf\\\/\"},\"author\":{\"name\":\"Web del Maestro CMF\",\"@id\":\"https:\\\/\\\/webdelmaestrocmf.com\\\/portal\\\/#\\\/schema\\\/person\\\/1072a2ed7bd960df8ef99a551fa35dc5\"},\"headline\":\"[V\u00edctor Rawl\u00edns] \u201cPrimero l\u00edder, luego director\u201d (Libro descarga gratuita en PDF)\",\"datePublished\":\"2019-12-27T22:46:52+00:00\",\"dateModified\":\"2023-03-10T01:42:05+00:00\",\"mainEntityOfPage\":{\"@id\":\"https:\\\/\\\/webdelmaestrocmf.com\\\/portal\\\/victor-rawlins-primero-lider-luego-director-libro-descarga-gratuita-en-pdf\\\/\"},\"wordCount\":441,\"commentCount\":0,\"publisher\":{\"@id\":\"https:\\\/\\\/webdelmaestrocmf.com\\\/portal\\\/#organization\"},\"image\":{\"@id\":\"https:\\\/\\\/webdelmaestrocmf.com\\\/portal\\\/victor-rawlins-primero-lider-luego-director-libro-descarga-gratuita-en-pdf\\\/#primaryimage\"},\"thumbnailUrl\":\"https:\\\/\\\/webdelmaestrocmf.com\\\/portal\\\/wp-content\\\/uploads\\\/2019\\\/12\\\/2-25.jpg\",\"keywords\":[\"DESCARGA\",\"DIRECTOR\",\"gratuita\",\"LIBRO\",\"lider\",\"luego\",\"PRIMERO\",\"VICTOR RAWLINS\"],\"articleSection\":[\"Z-Colaborador-Victor-Rawlins\",\"Z-Colaboradores\"],\"inLanguage\":\"es\",\"potentialAction\":[{\"@type\":\"CommentAction\",\"name\":\"Comment\",\"target\":[\"https:\\\/\\\/webdelmaestrocmf.com\\\/portal\\\/victor-rawlins-primero-lider-luego-director-libro-descarga-gratuita-en-pdf\\\/#respond\"]}]},{\"@type\":\"WebPage\",\"@id\":\"https:\\\/\\\/webdelmaestrocmf.com\\\/portal\\\/victor-rawlins-primero-lider-luego-director-libro-descarga-gratuita-en-pdf\\\/\",\"url\":\"https:\\\/\\\/webdelmaestrocmf.com\\\/portal\\\/victor-rawlins-primero-lider-luego-director-libro-descarga-gratuita-en-pdf\\\/\",\"name\":\"[V\u00edctor Rawl\u00edns] \u201cPrimero l\u00edder, luego director\u201d (Libro descarga gratuita en PDF) - 2026\",\"isPartOf\":{\"@id\":\"https:\\\/\\\/webdelmaestrocmf.com\\\/portal\\\/#website\"},\"primaryImageOfPage\":{\"@id\":\"https:\\\/\\\/webdelmaestrocmf.com\\\/portal\\\/victor-rawlins-primero-lider-luego-director-libro-descarga-gratuita-en-pdf\\\/#primaryimage\"},\"image\":{\"@id\":\"https:\\\/\\\/webdelmaestrocmf.com\\\/portal\\\/victor-rawlins-primero-lider-luego-director-libro-descarga-gratuita-en-pdf\\\/#primaryimage\"},\"thumbnailUrl\":\"https:\\\/\\\/webdelmaestrocmf.com\\\/portal\\\/wp-content\\\/uploads\\\/2019\\\/12\\\/2-25.jpg\",\"datePublished\":\"2019-12-27T22:46:52+00:00\",\"dateModified\":\"2023-03-10T01:42:05+00:00\",\"description\":\"Actualmente una de las mayores necesidades, por no decir la principal, es la de liderazgos escolares con sentido de cambio. En el mundo actual...\",\"breadcrumb\":{\"@id\":\"https:\\\/\\\/webdelmaestrocmf.com\\\/portal\\\/victor-rawlins-primero-lider-luego-director-libro-descarga-gratuita-en-pdf\\\/#breadcrumb\"},\"inLanguage\":\"es\",\"potentialAction\":[{\"@type\":\"ReadAction\",\"target\":[\"https:\\\/\\\/webdelmaestrocmf.com\\\/portal\\\/victor-rawlins-primero-lider-luego-director-libro-descarga-gratuita-en-pdf\\\/\"]}]},{\"@type\":\"ImageObject\",\"inLanguage\":\"es\",\"@id\":\"https:\\\/\\\/webdelmaestrocmf.com\\\/portal\\\/victor-rawlins-primero-lider-luego-director-libro-descarga-gratuita-en-pdf\\\/#primaryimage\",\"url\":\"https:\\\/\\\/webdelmaestrocmf.com\\\/portal\\\/wp-content\\\/uploads\\\/2019\\\/12\\\/2-25.jpg\",\"contentUrl\":\"https:\\\/\\\/webdelmaestrocmf.com\\\/portal\\\/wp-content\\\/uploads\\\/2019\\\/12\\\/2-25.jpg\",\"width\":1100,\"height\":680},{\"@type\":\"BreadcrumbList\",\"@id\":\"https:\\\/\\\/webdelmaestrocmf.com\\\/portal\\\/victor-rawlins-primero-lider-luego-director-libro-descarga-gratuita-en-pdf\\\/#breadcrumb\",\"itemListElement\":[{\"@type\":\"ListItem\",\"position\":1,\"name\":\"Portada\",\"item\":\"https:\\\/\\\/webdelmaestrocmf.com\\\/portal\\\/\"},{\"@type\":\"ListItem\",\"position\":2,\"name\":\"Z-Colaboradores\",\"item\":\"https:\\\/\\\/webdelmaestrocmf.com\\\/portal\\\/category\\\/colaborador\\\/\"},{\"@type\":\"ListItem\",\"position\":3,\"name\":\"[V\u00edctor Rawl\u00edns] \u201cPrimero l\u00edder, luego director\u201d (Libro descarga gratuita en PDF)\"}]},{\"@type\":\"WebSite\",\"@id\":\"https:\\\/\\\/webdelmaestrocmf.com\\\/portal\\\/#website\",\"url\":\"https:\\\/\\\/webdelmaestrocmf.com\\\/portal\\\/\",\"name\":\"Web del Maestro CMF\",\"description\":\"Maestros al servicio de la educaci\u00f3n\",\"publisher\":{\"@id\":\"https:\\\/\\\/webdelmaestrocmf.com\\\/portal\\\/#organization\"},\"alternateName\":\"WMCMF\",\"potentialAction\":[{\"@type\":\"SearchAction\",\"target\":{\"@type\":\"EntryPoint\",\"urlTemplate\":\"https:\\\/\\\/webdelmaestrocmf.com\\\/portal\\\/?s={search_term_string}\"},\"query-input\":{\"@type\":\"PropertyValueSpecification\",\"valueRequired\":true,\"valueName\":\"search_term_string\"}}],\"inLanguage\":\"es\"},{\"@type\":\"Organization\",\"@id\":\"https:\\\/\\\/webdelmaestrocmf.com\\\/portal\\\/#organization\",\"name\":\"Web del Maestro CMF\",\"alternateName\":\"WMCMF\",\"url\":\"https:\\\/\\\/webdelmaestrocmf.com\\\/portal\\\/\",\"logo\":{\"@type\":\"ImageObject\",\"inLanguage\":\"es\",\"@id\":\"https:\\\/\\\/webdelmaestrocmf.com\\\/portal\\\/#\\\/schema\\\/logo\\\/image\\\/\",\"url\":\"https:\\\/\\\/webdelmaestrocmf.com\\\/portal\\\/wp-content\\\/uploads\\\/2023\\\/01\\\/logo-wmcmf-2.png\",\"contentUrl\":\"https:\\\/\\\/webdelmaestrocmf.com\\\/portal\\\/wp-content\\\/uploads\\\/2023\\\/01\\\/logo-wmcmf-2.png\",\"width\":200,\"height\":60,\"caption\":\"Web del Maestro CMF\"},\"image\":{\"@id\":\"https:\\\/\\\/webdelmaestrocmf.com\\\/portal\\\/#\\\/schema\\\/logo\\\/image\\\/\"},\"sameAs\":[\"https:\\\/\\\/www.facebook.com\\\/WebdelMaestroCMF\\\/\",\"https:\\\/\\\/x.com\\\/cmf_w\",\"https:\\\/\\\/www.pinterest.com\\\/WMCMF\\\/\",\"https:\\\/\\\/www.linkedin.com\\\/company\\\/web-del-maestro-cmf\\\/\",\"https:\\\/\\\/www.instagram.com\\\/wmcmf\\\/\",\"https:\\\/\\\/www.youtube.com\\\/channel\\\/UCDPSvjbdodE5sHnC3OxutHw\",\"https:\\\/\\\/mastodon.social\\\/@wmcmf\",\"https:\\\/\\\/www.tiktok.com\\\/@webdelmaestrocmf\"]},{\"@type\":\"Person\",\"@id\":\"https:\\\/\\\/webdelmaestrocmf.com\\\/portal\\\/#\\\/schema\\\/person\\\/1072a2ed7bd960df8ef99a551fa35dc5\",\"name\":\"Web del Maestro CMF\",\"image\":{\"@type\":\"ImageObject\",\"inLanguage\":\"es\",\"@id\":\"https:\\\/\\\/secure.gravatar.com\\\/avatar\\\/23291dd5b5ae1077dcff3dbb04c3e02bd28403fa75af6d8787d5e97c5bbbe30b?s=96&d=mm&r=g\",\"url\":\"https:\\\/\\\/secure.gravatar.com\\\/avatar\\\/23291dd5b5ae1077dcff3dbb04c3e02bd28403fa75af6d8787d5e97c5bbbe30b?s=96&d=mm&r=g\",\"contentUrl\":\"https:\\\/\\\/secure.gravatar.com\\\/avatar\\\/23291dd5b5ae1077dcff3dbb04c3e02bd28403fa75af6d8787d5e97c5bbbe30b?s=96&d=mm&r=g\",\"caption\":\"Web del Maestro CMF\"},\"description\":\"Esta Web se cre\u00f3 sin fines de lucro, con fines educativos, cient\u00edficos y acad\u00e9micos, para personas que tengan dificultades y\\\/o inconvenientes en visualizar el material original. El objetivo es entregar recursos, compartir experiencias y materiales que ayuden a los padres de familia, maestros y estudiantes en su actualizaci\u00f3n y formaci\u00f3n permanente, en bien de la Educaci\u00f3n.\",\"sameAs\":[\"http:\\\/\\\/webdelmaestrocmf.com\\\/portal\",\"https:\\\/\\\/www.facebook.com\\\/WebdelMaestroCMF\\\/\",\"https:\\\/\\\/www.instagram.com\\\/wmcmf\\\/\",\"https:\\\/\\\/cl.linkedin.com\\\/company\\\/web-del-maestro-cmf\",\"https:\\\/\\\/www.pinterest.com\\\/WMCMF\\\/publicaciones\\\/\",\"https:\\\/\\\/x.com\\\/cmf_w\",\"https:\\\/\\\/www.youtube.com\\\/@WMCMF\"]}]}<\/script>\n<!-- \/ Yoast SEO plugin. -->","yoast_head_json":{"title":"[V\u00edctor Rawl\u00edns] \u201cPrimero l\u00edder, luego director\u201d (Libro descarga gratuita en PDF) - 2026","description":"Actualmente una de las mayores necesidades, por no decir la principal, es la de liderazgos escolares con sentido de cambio. En el mundo actual...","robots":{"index":"index","follow":"follow","max-snippet":"max-snippet:-1","max-image-preview":"max-image-preview:large","max-video-preview":"max-video-preview:-1"},"canonical":"https:\/\/webdelmaestrocmf.com\/portal\/victor-rawlins-primero-lider-luego-director-libro-descarga-gratuita-en-pdf\/","og_locale":"es_ES","og_type":"article","og_title":"[V\u00edctor Rawl\u00edns] \u201cPrimero l\u00edder, luego director\u201d (Libro descarga gratuita en PDF) - 2026","og_description":"Actualmente una de las mayores necesidades, por no decir la principal, es la de liderazgos escolares con sentido de cambio. En el mundo actual...","og_url":"https:\/\/webdelmaestrocmf.com\/portal\/victor-rawlins-primero-lider-luego-director-libro-descarga-gratuita-en-pdf\/","og_site_name":"Web del Maestro CMF","article_publisher":"https:\/\/www.facebook.com\/WebdelMaestroCMF\/","article_author":"https:\/\/www.facebook.com\/WebdelMaestroCMF\/","article_published_time":"2019-12-27T22:46:52+00:00","article_modified_time":"2023-03-10T01:42:05+00:00","og_image":[{"width":1100,"height":680,"url":"https:\/\/i0.wp.com\/webdelmaestrocmf.com\/portal\/wp-content\/uploads\/2019\/12\/2-25.jpg?fit=1100%2C680&ssl=1","type":"image\/jpeg"}],"author":"Web del Maestro CMF","twitter_card":"summary_large_image","twitter_creator":"@cmf_w","twitter_site":"@cmf_w","schema":{"@context":"https:\/\/schema.org","@graph":[{"@type":"ScholarlyArticle","@id":"https:\/\/webdelmaestrocmf.com\/portal\/victor-rawlins-primero-lider-luego-director-libro-descarga-gratuita-en-pdf\/#article","isPartOf":{"@id":"https:\/\/webdelmaestrocmf.com\/portal\/victor-rawlins-primero-lider-luego-director-libro-descarga-gratuita-en-pdf\/"},"author":{"name":"Web del Maestro CMF","@id":"https:\/\/webdelmaestrocmf.com\/portal\/#\/schema\/person\/1072a2ed7bd960df8ef99a551fa35dc5"},"headline":"[V\u00edctor Rawl\u00edns] \u201cPrimero l\u00edder, luego director\u201d (Libro descarga gratuita en PDF)","datePublished":"2019-12-27T22:46:52+00:00","dateModified":"2023-03-10T01:42:05+00:00","mainEntityOfPage":{"@id":"https:\/\/webdelmaestrocmf.com\/portal\/victor-rawlins-primero-lider-luego-director-libro-descarga-gratuita-en-pdf\/"},"wordCount":441,"commentCount":0,"publisher":{"@id":"https:\/\/webdelmaestrocmf.com\/portal\/#organization"},"image":{"@id":"https:\/\/webdelmaestrocmf.com\/portal\/victor-rawlins-primero-lider-luego-director-libro-descarga-gratuita-en-pdf\/#primaryimage"},"thumbnailUrl":"https:\/\/webdelmaestrocmf.com\/portal\/wp-content\/uploads\/2019\/12\/2-25.jpg","keywords":["DESCARGA","DIRECTOR","gratuita","LIBRO","lider","luego","PRIMERO","VICTOR RAWLINS"],"articleSection":["Z-Colaborador-Victor-Rawlins","Z-Colaboradores"],"inLanguage":"es","potentialAction":[{"@type":"CommentAction","name":"Comment","target":["https:\/\/webdelmaestrocmf.com\/portal\/victor-rawlins-primero-lider-luego-director-libro-descarga-gratuita-en-pdf\/#respond"]}]},{"@type":"WebPage","@id":"https:\/\/webdelmaestrocmf.com\/portal\/victor-rawlins-primero-lider-luego-director-libro-descarga-gratuita-en-pdf\/","url":"https:\/\/webdelmaestrocmf.com\/portal\/victor-rawlins-primero-lider-luego-director-libro-descarga-gratuita-en-pdf\/","name":"[V\u00edctor Rawl\u00edns] \u201cPrimero l\u00edder, luego director\u201d (Libro descarga gratuita en PDF) - 2026","isPartOf":{"@id":"https:\/\/webdelmaestrocmf.com\/portal\/#website"},"primaryImageOfPage":{"@id":"https:\/\/webdelmaestrocmf.com\/portal\/victor-rawlins-primero-lider-luego-director-libro-descarga-gratuita-en-pdf\/#primaryimage"},"image":{"@id":"https:\/\/webdelmaestrocmf.com\/portal\/victor-rawlins-primero-lider-luego-director-libro-descarga-gratuita-en-pdf\/#primaryimage"},"thumbnailUrl":"https:\/\/webdelmaestrocmf.com\/portal\/wp-content\/uploads\/2019\/12\/2-25.jpg","datePublished":"2019-12-27T22:46:52+00:00","dateModified":"2023-03-10T01:42:05+00:00","description":"Actualmente una de las mayores necesidades, por no decir la principal, es la de liderazgos escolares con sentido de cambio. En el mundo actual...","breadcrumb":{"@id":"https:\/\/webdelmaestrocmf.com\/portal\/victor-rawlins-primero-lider-luego-director-libro-descarga-gratuita-en-pdf\/#breadcrumb"},"inLanguage":"es","potentialAction":[{"@type":"ReadAction","target":["https:\/\/webdelmaestrocmf.com\/portal\/victor-rawlins-primero-lider-luego-director-libro-descarga-gratuita-en-pdf\/"]}]},{"@type":"ImageObject","inLanguage":"es","@id":"https:\/\/webdelmaestrocmf.com\/portal\/victor-rawlins-primero-lider-luego-director-libro-descarga-gratuita-en-pdf\/#primaryimage","url":"https:\/\/webdelmaestrocmf.com\/portal\/wp-content\/uploads\/2019\/12\/2-25.jpg","contentUrl":"https:\/\/webdelmaestrocmf.com\/portal\/wp-content\/uploads\/2019\/12\/2-25.jpg","width":1100,"height":680},{"@type":"BreadcrumbList","@id":"https:\/\/webdelmaestrocmf.com\/portal\/victor-rawlins-primero-lider-luego-director-libro-descarga-gratuita-en-pdf\/#breadcrumb","itemListElement":[{"@type":"ListItem","position":1,"name":"Portada","item":"https:\/\/webdelmaestrocmf.com\/portal\/"},{"@type":"ListItem","position":2,"name":"Z-Colaboradores","item":"https:\/\/webdelmaestrocmf.com\/portal\/category\/colaborador\/"},{"@type":"ListItem","position":3,"name":"[V\u00edctor Rawl\u00edns] \u201cPrimero l\u00edder, luego director\u201d (Libro descarga gratuita en PDF)"}]},{"@type":"WebSite","@id":"https:\/\/webdelmaestrocmf.com\/portal\/#website","url":"https:\/\/webdelmaestrocmf.com\/portal\/","name":"Web del Maestro CMF","description":"Maestros al servicio de la educaci\u00f3n","publisher":{"@id":"https:\/\/webdelmaestrocmf.com\/portal\/#organization"},"alternateName":"WMCMF","potentialAction":[{"@type":"SearchAction","target":{"@type":"EntryPoint","urlTemplate":"https:\/\/webdelmaestrocmf.com\/portal\/?s={search_term_string}"},"query-input":{"@type":"PropertyValueSpecification","valueRequired":true,"valueName":"search_term_string"}}],"inLanguage":"es"},{"@type":"Organization","@id":"https:\/\/webdelmaestrocmf.com\/portal\/#organization","name":"Web del Maestro CMF","alternateName":"WMCMF","url":"https:\/\/webdelmaestrocmf.com\/portal\/","logo":{"@type":"ImageObject","inLanguage":"es","@id":"https:\/\/webdelmaestrocmf.com\/portal\/#\/schema\/logo\/image\/","url":"https:\/\/webdelmaestrocmf.com\/portal\/wp-content\/uploads\/2023\/01\/logo-wmcmf-2.png","contentUrl":"https:\/\/webdelmaestrocmf.com\/portal\/wp-content\/uploads\/2023\/01\/logo-wmcmf-2.png","width":200,"height":60,"caption":"Web del Maestro CMF"},"image":{"@id":"https:\/\/webdelmaestrocmf.com\/portal\/#\/schema\/logo\/image\/"},"sameAs":["https:\/\/www.facebook.com\/WebdelMaestroCMF\/","https:\/\/x.com\/cmf_w","https:\/\/www.pinterest.com\/WMCMF\/","https:\/\/www.linkedin.com\/company\/web-del-maestro-cmf\/","https:\/\/www.instagram.com\/wmcmf\/","https:\/\/www.youtube.com\/channel\/UCDPSvjbdodE5sHnC3OxutHw","https:\/\/mastodon.social\/@wmcmf","https:\/\/www.tiktok.com\/@webdelmaestrocmf"]},{"@type":"Person","@id":"https:\/\/webdelmaestrocmf.com\/portal\/#\/schema\/person\/1072a2ed7bd960df8ef99a551fa35dc5","name":"Web del Maestro CMF","image":{"@type":"ImageObject","inLanguage":"es","@id":"https:\/\/secure.gravatar.com\/avatar\/23291dd5b5ae1077dcff3dbb04c3e02bd28403fa75af6d8787d5e97c5bbbe30b?s=96&d=mm&r=g","url":"https:\/\/secure.gravatar.com\/avatar\/23291dd5b5ae1077dcff3dbb04c3e02bd28403fa75af6d8787d5e97c5bbbe30b?s=96&d=mm&r=g","contentUrl":"https:\/\/secure.gravatar.com\/avatar\/23291dd5b5ae1077dcff3dbb04c3e02bd28403fa75af6d8787d5e97c5bbbe30b?s=96&d=mm&r=g","caption":"Web del Maestro CMF"},"description":"Esta Web se cre\u00f3 sin fines de lucro, con fines educativos, cient\u00edficos y acad\u00e9micos, para personas que tengan dificultades y\/o inconvenientes en visualizar el material original. El objetivo es entregar recursos, compartir experiencias y materiales que ayuden a los padres de familia, maestros y estudiantes en su actualizaci\u00f3n y formaci\u00f3n permanente, en bien de la Educaci\u00f3n.","sameAs":["http:\/\/webdelmaestrocmf.com\/portal","https:\/\/www.facebook.com\/WebdelMaestroCMF\/","https:\/\/www.instagram.com\/wmcmf\/","https:\/\/cl.linkedin.com\/company\/web-del-maestro-cmf","https:\/\/www.pinterest.com\/WMCMF\/publicaciones\/","https:\/\/x.com\/cmf_w","https:\/\/www.youtube.com\/@WMCMF"]}]}},"jetpack_featured_media_url":"https:\/\/webdelmaestrocmf.com\/portal\/wp-content\/uploads\/2019\/12\/2-25.jpg","jetpack_sharing_enabled":true,"jetpack-related-posts":[{"id":23820,"url":"https:\/\/webdelmaestrocmf.com\/portal\/victor-rawlins-sintomatologia-del-docente-toxico\/","url_meta":{"origin":43031,"position":0},"title":"[V\u00edctor Rawlins]  Sintomatolog\u00eda del docente t\u00f3xico","author":"Web del Maestro CMF","date":"24 noviembre, 2017","format":false,"excerpt":"Desde que el escritor, psic\u00f3logo y pastor bautista, Bernardo Stamateas populariz\u00f3 el t\u00e9rmino \u201ct\u00f3xico\u201d, aplicado a personas y relaciones sociales que impactan negativamente nuestra salud emocional, el mismo se ha extendido a otras \u00e1reas. Es entonces cuando, como un coro, escuchamos nuevas f\u00f3rmulas: \u201cpareja t\u00f3xica\u201d, \u201camistades t\u00f3xicas\u201d, \u201cfamilias t\u00f3xicas\u201d. El\u2026","rel":"","context":"En \u00abZ-Colaborador-Victor-Rawlins\u00bb","block_context":{"text":"Z-Colaborador-Victor-Rawlins","link":"https:\/\/webdelmaestrocmf.com\/portal\/category\/colaborador\/z-colaborador-victor-rawlins\/"},"img":{"alt_text":"mantener la autoridad","src":"https:\/\/i0.wp.com\/webdelmaestrocmf.com\/portal\/wp-content\/uploads\/2023\/04\/A12B3C4D-91.jpg?resize=350%2C200&ssl=1","width":350,"height":200,"srcset":"https:\/\/i0.wp.com\/webdelmaestrocmf.com\/portal\/wp-content\/uploads\/2023\/04\/A12B3C4D-91.jpg?resize=350%2C200&ssl=1 1x, https:\/\/i0.wp.com\/webdelmaestrocmf.com\/portal\/wp-content\/uploads\/2023\/04\/A12B3C4D-91.jpg?resize=525%2C300&ssl=1 1.5x, https:\/\/i0.wp.com\/webdelmaestrocmf.com\/portal\/wp-content\/uploads\/2023\/04\/A12B3C4D-91.jpg?resize=700%2C400&ssl=1 2x"},"classes":[]},{"id":48303,"url":"https:\/\/webdelmaestrocmf.com\/portal\/victor-rawlins-neurogestion-escolar-organizaciones-escolares-inteligentes-ante-un-mundo-cambiante\/","url_meta":{"origin":43031,"position":1},"title":"[V\u00edctor Rawlins] Neurogestion Escolar: Organizaciones Escolares Inteligentes ante un mundo cambiante","author":"Web del Maestro CMF","date":"21 junio, 2020","format":false,"excerpt":"x\u00bfSon las escuelas, en el sentido organizacional, inteligentes? Si consideramos que una escuela, entre otras cosas, es la suma activa de sus componentes humanos; y de lo que estos hacen d\u00eda a d\u00eda a fin de alcanzar las metas trazadas, podr\u00edamos afirmar que lo son (o por lo m\u00e1s deber\u00edan\u2026","rel":"","context":"En \u00abZ-Colaborador-Victor-Rawlins\u00bb","block_context":{"text":"Z-Colaborador-Victor-Rawlins","link":"https:\/\/webdelmaestrocmf.com\/portal\/category\/colaborador\/z-colaborador-victor-rawlins\/"},"img":{"alt_text":"","src":"https:\/\/i0.wp.com\/webdelmaestrocmf.com\/portal\/wp-content\/uploads\/2020\/06\/1-17.jpeg?resize=350%2C200&ssl=1","width":350,"height":200,"srcset":"https:\/\/i0.wp.com\/webdelmaestrocmf.com\/portal\/wp-content\/uploads\/2020\/06\/1-17.jpeg?resize=350%2C200&ssl=1 1x, https:\/\/i0.wp.com\/webdelmaestrocmf.com\/portal\/wp-content\/uploads\/2020\/06\/1-17.jpeg?resize=525%2C300&ssl=1 1.5x, https:\/\/i0.wp.com\/webdelmaestrocmf.com\/portal\/wp-content\/uploads\/2020\/06\/1-17.jpeg?resize=700%2C400&ssl=1 2x, https:\/\/i0.wp.com\/webdelmaestrocmf.com\/portal\/wp-content\/uploads\/2020\/06\/1-17.jpeg?resize=1050%2C600&ssl=1 3x"},"classes":[]},{"id":63197,"url":"https:\/\/webdelmaestrocmf.com\/portal\/victor-rawlins-el-docente-anormal-que-la-escuela-actual-necesita\/","url_meta":{"origin":43031,"position":2},"title":"[V\u00edctor Rawlins] El docente \u201canormal\u201d que la escuela actual necesita","author":"Web del Maestro CMF","date":"19 mayo, 2021","format":false,"excerpt":"Por favor no se ofenda por el t\u00edtulo. Solo es para llamar su atenci\u00f3n y parece que obtuvo el resultado esperado. En estos d\u00edas, cuando se est\u00e1 coordinando las acciones para el retorno semipresencial y gradual a las aulas; muchos todav\u00eda tienen el pensamiento de que volveremos a la \u201cnormalidad\u201d\u2026","rel":"","context":"En \u00abZ-Colaborador-Victor-Rawlins\u00bb","block_context":{"text":"Z-Colaborador-Victor-Rawlins","link":"https:\/\/webdelmaestrocmf.com\/portal\/category\/colaborador\/z-colaborador-victor-rawlins\/"},"img":{"alt_text":"","src":"https:\/\/i0.wp.com\/webdelmaestrocmf.com\/portal\/wp-content\/uploads\/2021\/05\/1-copia-28.jpg?resize=350%2C200&ssl=1","width":350,"height":200,"srcset":"https:\/\/i0.wp.com\/webdelmaestrocmf.com\/portal\/wp-content\/uploads\/2021\/05\/1-copia-28.jpg?resize=350%2C200&ssl=1 1x, https:\/\/i0.wp.com\/webdelmaestrocmf.com\/portal\/wp-content\/uploads\/2021\/05\/1-copia-28.jpg?resize=525%2C300&ssl=1 1.5x, https:\/\/i0.wp.com\/webdelmaestrocmf.com\/portal\/wp-content\/uploads\/2021\/05\/1-copia-28.jpg?resize=700%2C400&ssl=1 2x, https:\/\/i0.wp.com\/webdelmaestrocmf.com\/portal\/wp-content\/uploads\/2021\/05\/1-copia-28.jpg?resize=1050%2C600&ssl=1 3x"},"classes":[]},{"id":46323,"url":"https:\/\/webdelmaestrocmf.com\/portal\/victor-rawlins-gastar-en-educacion-no-es-lo-mismo-que-invertir-para-una-educacion-de-calidad-i-parte\/","url_meta":{"origin":43031,"position":3},"title":"[V\u00edctor Rawlins] Gastar en educaci\u00f3n no es lo mismo que invertir para una educaci\u00f3n de calidad (I Parte)","author":"Web del Maestro CMF","date":"11 abril, 2020","format":false,"excerpt":"Todav\u00eda se tiene el quim\u00e9rico pensamiento de que a mayor gasto en el sector educativo mayor la calidad de este. Luego de la lucha por la aprobaci\u00f3n del 4% del PIB para el sector educaci\u00f3n en Rep\u00fablica Dominicana, se ve actualmente que la misma no ha alcanzado los niveles esperados.\u2026","rel":"","context":"En \u00abZ-Colaborador-Victor-Rawlins\u00bb","block_context":{"text":"Z-Colaborador-Victor-Rawlins","link":"https:\/\/webdelmaestrocmf.com\/portal\/category\/colaborador\/z-colaborador-victor-rawlins\/"},"img":{"alt_text":"","src":"https:\/\/i0.wp.com\/webdelmaestrocmf.com\/portal\/wp-content\/uploads\/2020\/04\/3-60.jpg?resize=350%2C200&ssl=1","width":350,"height":200,"srcset":"https:\/\/i0.wp.com\/webdelmaestrocmf.com\/portal\/wp-content\/uploads\/2020\/04\/3-60.jpg?resize=350%2C200&ssl=1 1x, https:\/\/i0.wp.com\/webdelmaestrocmf.com\/portal\/wp-content\/uploads\/2020\/04\/3-60.jpg?resize=525%2C300&ssl=1 1.5x, https:\/\/i0.wp.com\/webdelmaestrocmf.com\/portal\/wp-content\/uploads\/2020\/04\/3-60.jpg?resize=700%2C400&ssl=1 2x, https:\/\/i0.wp.com\/webdelmaestrocmf.com\/portal\/wp-content\/uploads\/2020\/04\/3-60.jpg?resize=1050%2C600&ssl=1 3x"},"classes":[]},{"id":20194,"url":"https:\/\/webdelmaestrocmf.com\/portal\/victor-rawlins-los-lenguajes-del-amor-la-educacion\/","url_meta":{"origin":43031,"position":4},"title":"[VICTOR RAWLINS] LOS LENGUAJES DEL AMOR EN LA EDUCACI\u00d3N","author":"Web del Maestro CMF","date":"4 julio, 2017","format":false,"excerpt":"DEBEMOS procurar convertirnos en maestros multiling\u00fces. \u00bfSe preocup\u00f3? Pues d\u00e9jeme aclararme. No me refiero tanto (aunque ser\u00eda fant\u00e1stico) que aprendamos hablar de forma fluida muchos idiomas. La idea que tengo en mi mente y les comparto tiene que ver directamente en c\u00f3mo nos acercamos a nuestros estudiantes y compa\u00f1eros. Me\u2026","rel":"","context":"En \u00abZ-Colaborador-Victor-Rawlins\u00bb","block_context":{"text":"Z-Colaborador-Victor-Rawlins","link":"https:\/\/webdelmaestrocmf.com\/portal\/category\/colaborador\/z-colaborador-victor-rawlins\/"},"img":{"alt_text":"","src":"https:\/\/i0.wp.com\/webdelmaestrocmf.com\/portal\/wp-content\/uploads\/2017\/07\/Amor-2.jpg?resize=350%2C200&ssl=1","width":350,"height":200,"srcset":"https:\/\/i0.wp.com\/webdelmaestrocmf.com\/portal\/wp-content\/uploads\/2017\/07\/Amor-2.jpg?resize=350%2C200&ssl=1 1x, https:\/\/i0.wp.com\/webdelmaestrocmf.com\/portal\/wp-content\/uploads\/2017\/07\/Amor-2.jpg?resize=525%2C300&ssl=1 1.5x, https:\/\/i0.wp.com\/webdelmaestrocmf.com\/portal\/wp-content\/uploads\/2017\/07\/Amor-2.jpg?resize=700%2C400&ssl=1 2x"},"classes":[]},{"id":33318,"url":"https:\/\/webdelmaestrocmf.com\/portal\/fundamentos-que-todo-directora-escolar-deberia-tomar-en-cuenta-para-tener-una-escuela-exitosa\/","url_meta":{"origin":43031,"position":5},"title":"Fundamentos que todo Director escolar deber\u00eda tomar en cuenta para tener una escuela exitosa","author":"Web del Maestro CMF","date":"13 abril, 2023","format":false,"excerpt":"\u00bfQu\u00e9 es el \u00e9xito? Existen muchas definiciones de \u00e9ste. Pero considero la m\u00e1s adecuada la que, en cierta ocasi\u00f3n, manifest\u00f3 Ivi Yeannette, amiga m\u00eda de hace tiempo, la cual define el \u00e9xito como \u201calgo personal a partir de conseguir lo que te propones\u201d. Con esto deseo dejar entendido que el\u2026","rel":"","context":"En \u00abZ-Colaborador-Victor-Rawlins\u00bb","block_context":{"text":"Z-Colaborador-Victor-Rawlins","link":"https:\/\/webdelmaestrocmf.com\/portal\/category\/colaborador\/z-colaborador-victor-rawlins\/"},"img":{"alt_text":"","src":"https:\/\/i0.wp.com\/webdelmaestrocmf.com\/portal\/wp-content\/uploads\/2018\/11\/A12B3C4D-4.jpg?resize=350%2C200&ssl=1","width":350,"height":200,"srcset":"https:\/\/i0.wp.com\/webdelmaestrocmf.com\/portal\/wp-content\/uploads\/2018\/11\/A12B3C4D-4.jpg?resize=350%2C200&ssl=1 1x, https:\/\/i0.wp.com\/webdelmaestrocmf.com\/portal\/wp-content\/uploads\/2018\/11\/A12B3C4D-4.jpg?resize=525%2C300&ssl=1 1.5x, https:\/\/i0.wp.com\/webdelmaestrocmf.com\/portal\/wp-content\/uploads\/2018\/11\/A12B3C4D-4.jpg?resize=700%2C400&ssl=1 2x"},"classes":[]}],"_links":{"self":[{"href":"https:\/\/webdelmaestrocmf.com\/portal\/wp-json\/wp\/v2\/posts\/43031","targetHints":{"allow":["GET"]}}],"collection":[{"href":"https:\/\/webdelmaestrocmf.com\/portal\/wp-json\/wp\/v2\/posts"}],"about":[{"href":"https:\/\/webdelmaestrocmf.com\/portal\/wp-json\/wp\/v2\/types\/post"}],"author":[{"embeddable":true,"href":"https:\/\/webdelmaestrocmf.com\/portal\/wp-json\/wp\/v2\/users\/1"}],"replies":[{"embeddable":true,"href":"https:\/\/webdelmaestrocmf.com\/portal\/wp-json\/wp\/v2\/comments?post=43031"}],"version-history":[{"count":0,"href":"https:\/\/webdelmaestrocmf.com\/portal\/wp-json\/wp\/v2\/posts\/43031\/revisions"}],"wp:featuredmedia":[{"embeddable":true,"href":"https:\/\/webdelmaestrocmf.com\/portal\/wp-json\/wp\/v2\/media\/43032"}],"wp:attachment":[{"href":"https:\/\/webdelmaestrocmf.com\/portal\/wp-json\/wp\/v2\/media?parent=43031"}],"wp:term":[{"taxonomy":"category","embeddable":true,"href":"https:\/\/webdelmaestrocmf.com\/portal\/wp-json\/wp\/v2\/categories?post=43031"},{"taxonomy":"post_tag","embeddable":true,"href":"https:\/\/webdelmaestrocmf.com\/portal\/wp-json\/wp\/v2\/tags?post=43031"}],"curies":[{"name":"wp","href":"https:\/\/api.w.org\/{rel}","templated":true}]}}