{"id":42786,"date":"2019-12-16T13:21:04","date_gmt":"2019-12-16T16:21:04","guid":{"rendered":"https:\/\/webdelmaestrocmf.com\/portal\/?p=42786"},"modified":"2019-12-16T13:22:23","modified_gmt":"2019-12-16T16:22:23","slug":"galeria-de-videos-para-ayudar-a-mejorar-los-aprendizajes-de-sus-alumnos-o-hijos","status":"publish","type":"post","link":"https:\/\/webdelmaestrocmf.com\/portal\/galeria-de-videos-para-ayudar-a-mejorar-los-aprendizajes-de-sus-alumnos-o-hijos\/","title":{"rendered":"Galer\u00eda de videos para ayudar a mejorar los aprendizajes de sus alumnos o hijos"},"content":{"rendered":"<h5 style=\"text-align: justify;\">El <a href=\"http:\/\/umc.minedu.gob.pe\/videos-familias\/\" target=\"_blank\" rel=\"noopener noreferrer\">Ministerio de Educaci\u00f3n<\/a>, a trav\u00e9s de la Oficina de Medici\u00f3n de la Calidad de los Aprendizajes (UMC), ha elaborado un kit de videos animados, dirigido a familias, con recomendaciones que buscan fortalecer los aprendizajes de los ni\u00f1os y las ni\u00f1as desde el hogar.<\/h5>\n<h5 style=\"text-align: justify;\">Estos videos, adem\u00e1s de fortalecer los conocimientos propios del \u00e1mbito escolar, permiten identificar oportunidades de aprendizaje en el contexto familiar y comunal, aprovechando las conversaciones en familia, el tiempo de las comidas, las tareas del hogar y las actividades que involucran a la comunidad.<\/h5>\n<p><!--more--><\/p>\n<p style=\"text-align: justify;\">Adem\u00e1s, estos videos tienen el objetivo de complementar las recomendaciones brindadas en los informes de familias de los resultados de la Evaluaci\u00f3n Censal de Estudiantes. Por eso, plantean situaciones cotidianas y ofrecen consejos que pueden ser aplicados en su d\u00eda a d\u00eda.<\/p>\n<h4><strong>Videos para familias de estudiantes de primaria<\/strong><\/h4>\n<h5 class=\"subtitle\"><strong>1. \u00bfC\u00f3mo ayudo a mi hijo en Matem\u00e1tica?<\/strong><\/h5>\n<p style=\"text-align: justify;\">En este video se brinda recomendaciones para ayudar a mejorar los aprendizajes de su hijo o hija que pueden ser aplicadas en situaciones cotidianas de su vida diaria.<\/p>\n<p><iframe loading=\"lazy\" src=\"https:\/\/www.youtube.com\/embed\/sphOteDE96Y\" width=\"100%\" height=\"400\" frameborder=\"0\" allowfullscreen=\"allowfullscreen\" data-mce-fragment=\"1\"><\/iframe><\/p>\n<h5><strong>2. \u00bfC\u00f3mo apoyo a mi hijo en Lectura?<\/strong><\/h5>\n<p style=\"text-align: justify;\">En este video se brinda recomendaciones para ayudar a mejorar los aprendizajes de su hijo o hija que pueden ser aplicadas en situaciones cotidianas de su vida diaria.<\/p>\n<p><iframe loading=\"lazy\" src=\"https:\/\/www.youtube.com\/embed\/4yzp_2_vArE\" width=\"100%\" height=\"400\" frameborder=\"0\" allowfullscreen=\"allowfullscreen\" data-mce-fragment=\"1\"><\/iframe><\/p>\n<h5><strong>3. \u00bfC\u00f3mo aprovechar las conversaciones en familia?<\/strong><\/h5>\n<p style=\"text-align: justify;\">En este video se brinda recomendaciones para ayudar a mejorar los aprendizajes de su hijo o hija que pueden ser aplicadas en situaciones cotidianas de su vida diaria.<\/p>\n<p><iframe loading=\"lazy\" src=\"https:\/\/www.youtube.com\/embed\/oyJfA13bs0c\" width=\"100%\" height=\"400\" frameborder=\"0\" allowfullscreen=\"allowfullscreen\" data-mce-fragment=\"1\"><\/iframe><\/p>\n<p><img loading=\"lazy\" decoding=\"async\" class=\"alignnone size-full wp-image-42789\" src=\"https:\/\/webdelmaestrocmf.com\/portal\/wp-content\/uploads\/2019\/12\/1-53.jpg\" alt=\"\" width=\"1100\" height=\"680\" srcset=\"https:\/\/webdelmaestrocmf.com\/portal\/wp-content\/uploads\/2019\/12\/1-53.jpg 1100w, https:\/\/webdelmaestrocmf.com\/portal\/wp-content\/uploads\/2019\/12\/1-53-300x185.jpg 300w, https:\/\/webdelmaestrocmf.com\/portal\/wp-content\/uploads\/2019\/12\/1-53-1024x633.jpg 1024w, https:\/\/webdelmaestrocmf.com\/portal\/wp-content\/uploads\/2019\/12\/1-53-768x475.jpg 768w, https:\/\/webdelmaestrocmf.com\/portal\/wp-content\/uploads\/2019\/12\/1-53-110x68.jpg 110w, https:\/\/webdelmaestrocmf.com\/portal\/wp-content\/uploads\/2019\/12\/1-53-200x124.jpg 200w, https:\/\/webdelmaestrocmf.com\/portal\/wp-content\/uploads\/2019\/12\/1-53-380x235.jpg 380w, https:\/\/webdelmaestrocmf.com\/portal\/wp-content\/uploads\/2019\/12\/1-53-255x158.jpg 255w, https:\/\/webdelmaestrocmf.com\/portal\/wp-content\/uploads\/2019\/12\/1-53-550x340.jpg 550w, https:\/\/webdelmaestrocmf.com\/portal\/wp-content\/uploads\/2019\/12\/1-53-800x495.jpg 800w\" sizes=\"auto, (max-width: 1100px) 100vw, 1100px\" \/><\/p>\n<h4><strong>Videos para familias de estudiantes de\u00a0secundaria<\/strong><\/h4>\n<h5 class=\"subtitle\"><strong>1. Entre la escuela y la comunidad<\/strong><\/h5>\n<p style=\"text-align: justify;\">En este video se recomienda involucrar a su hijo o hija en los problemas de la comunidad. De esta manera, ellos podr\u00e1n aplicar lo que aprendieron en la escuela.<\/p>\n<p><iframe loading=\"lazy\" src=\"https:\/\/www.youtube.com\/embed\/M621Dqlu60w\" width=\"100%\" height=\"400\" frameborder=\"0\" allowfullscreen=\"allowfullscreen\"><span data-mce-type=\"bookmark\" style=\"display: inline-block; width: 0px; overflow: hidden; line-height: 0;\" class=\"mce_SELRES_start\">\ufeff<\/span><\/iframe><\/p>\n<h5><strong>2. Matem\u00e1ticas para la vida diaria<\/strong><\/h5>\n<p style=\"text-align: justify;\">En este video se recomienda involucrar a su hijo o hija en los problemas de la comunidad. De esta manera, ellos podr\u00e1n aplicar lo que aprendieron en la escuela.<\/p>\n<p><iframe loading=\"lazy\" src=\"https:\/\/www.youtube.com\/embed\/K0NmUw6b5fY\" width=\"100%\" height=\"400\" frameborder=\"0\" allowfullscreen=\"allowfullscreen\"><span data-mce-type=\"bookmark\" style=\"display: inline-block; width: 0px; overflow: hidden; line-height: 0;\" class=\"mce_SELRES_start\">\ufeff<\/span><\/iframe><\/p>\n<h5><strong>3. La importancia del di\u00e1logo familiar<\/strong><\/h5>\n<p style=\"text-align: justify;\">En este video se recomienda involucrar a su hijo o hija en los problemas de la comunidad. De esta manera, ellos podr\u00e1n aplicar lo que aprendieron en la escuela.<\/p>\n<p><iframe loading=\"lazy\" src=\"https:\/\/www.youtube.com\/embed\/IrV0mWgaoIo\" width=\"100%\" height=\"400\" frameborder=\"0\" allowfullscreen=\"allowfullscreen\"><span data-mce-type=\"bookmark\" style=\"display: inline-block; width: 0px; overflow: hidden; line-height: 0;\" class=\"mce_SELRES_start\">\ufeff<\/span><\/iframe><\/p>\n<p><strong>Este contenido ha sido publicado originalmente por Ministerio de Educaci\u00f3n (Per\u00fa) en la siguiente direcci\u00f3n: <a href=\"http:\/\/umc.minedu.gob.pe\/\" target=\"_blank\" rel=\"noopener noreferrer\">umc.minedu.gob.pe<\/a><\/strong><\/p>\n\t\t<div class=\"pk-inline-posts\">\n\t\t\t\n\t\t\t<div class=\"pk-inline-posts-container pk-inline-posts-template-list\"\n\t\t\t\tdata-columns=\"1\">\n\t\t\t\t\t\t<article id=\"post-77337\" class=\"post-77337 post type-post status-publish format-standard has-post-thumbnail category-pedagogia category-tutoria tag-dinamicas tag-horas tag-tutoria cs-entry cs-video-wrap\">\n\t\t\t<div class=\"pk-post-outer\">\n\n\t\t\t\t\t\t\t\t<div class=\"pk-post-inner\">\n\t\t\t\t\t<div class=\"entry-thumbnail\">\n\t\t\t\t\t\t<div class=\"pk-overlay pk-overlay-ratio pk-ratio-landscape\">\n\t\t\t\t\t\t\t<div class=\"pk-overlay-background\">\n\t\t\t\t\t\t\t\t<a href=\"https:\/\/webdelmaestrocmf.com\/portal\/dinamicas-para-las-horas-de-tutoria\/\" class=\"pk-overlay-link\">\n\t\t\t\t\t\t\t\t\t<img loading=\"lazy\" decoding=\"async\" width=\"300\" height=\"225\" src=\"https:\/\/webdelmaestrocmf.com\/portal\/wp-content\/uploads\/2026\/03\/1AA-Banner-1-portada-imagen-10-1-copia-27-300x225.webp\" class=\"attachment-pk-thumbnail size-pk-thumbnail wp-post-image\" alt=\"\" \/>\t\t\t\t\t\t\t\t<\/a>\n\t\t\t\t\t\t\t<\/div>\n\t\t\t\t\t\t<\/div>\n\t\t\t\t\t<\/div>\n\t\t\t\t<\/div>\n\t\t\t\t\n\t\t\t\t<div class=\"pk-post-inner\">\n\t\t\t\t\t<header>\n\t\t\t\t\t\t<h3 class=\"pk-title\"><a href=\"https:\/\/webdelmaestrocmf.com\/portal\/dinamicas-para-las-horas-de-tutoria\/\" rel=\"bookmark\">Din\u00e1micas para las horas de tutor\u00eda<\/a><\/h3>\t\t\t\t\t<\/header><!-- .entry-header -->\n\t\t\t\t<\/div><!-- .post-inner -->\n\n\t\t\t<\/div><!-- .post-outer -->\n\t\t<\/article>\n\t\t\t\t<\/div>\n\t\t<\/div>\n\t\t\n","protected":false},"excerpt":{"rendered":"El Ministerio de Educaci\u00f3n, a trav\u00e9s de la Oficina de Medici\u00f3n de la Calidad de los Aprendizajes (UMC),&hellip;","protected":false},"author":1,"featured_media":42788,"comment_status":"open","ping_status":"closed","sticky":false,"template":"","format":"standard","meta":{"csco_display_header_overlay":false,"csco_singular_sidebar":"default","csco_page_header_type":"default","csco_page_load_nextpost":"default","csco_post_video_location":[],"csco_post_video_location_hash":"","csco_post_video_url":"","csco_post_video_bg_start_time":0,"csco_post_video_bg_end_time":0,"csco_post_video_bg_volume":false,"_jetpack_memberships_contains_paid_content":false,"footnotes":""},"categories":[735,2745],"tags":[299,1788,357,4592,311,693,2773],"class_list":{"0":"post-42786","1":"post","2":"type-post","3":"status-publish","4":"format-standard","5":"has-post-thumbnail","7":"category-pedagogia","8":"category-tutoria","9":"tag-alumnos","10":"tag-aprendizajes","11":"tag-ayudar","12":"tag-galeria","13":"tag-hijos","14":"tag-mejorar","15":"tag-videos","16":"cs-entry","17":"cs-video-wrap"},"yoast_head":"<!-- This site is optimized with the Yoast SEO plugin v27.5 - https:\/\/yoast.com\/product\/yoast-seo-wordpress\/ -->\n<title>Galer\u00eda de videos para ayudar a mejorar los aprendizajes de sus alumnos o hijos - 2026<\/title>\n<meta name=\"description\" content=\"El Ministerio de Educaci\u00f3n, a trav\u00e9s de la Oficina de Medici\u00f3n de la Calidad de los Aprendizajes (UMC), ha elaborado un kit de videos animados...\" \/>\n<meta name=\"robots\" content=\"index, follow, max-snippet:-1, max-image-preview:large, max-video-preview:-1\" \/>\n<link rel=\"canonical\" href=\"https:\/\/webdelmaestrocmf.com\/portal\/galeria-de-videos-para-ayudar-a-mejorar-los-aprendizajes-de-sus-alumnos-o-hijos\/\" \/>\n<meta property=\"og:locale\" content=\"es_ES\" \/>\n<meta property=\"og:type\" content=\"article\" \/>\n<meta property=\"og:title\" content=\"Galer\u00eda de videos para ayudar a mejorar los aprendizajes de sus alumnos o hijos - 2026\" \/>\n<meta property=\"og:description\" content=\"El Ministerio de Educaci\u00f3n, a trav\u00e9s de la Oficina de Medici\u00f3n de la Calidad de los Aprendizajes (UMC), ha elaborado un kit de videos animados...\" \/>\n<meta property=\"og:url\" content=\"https:\/\/webdelmaestrocmf.com\/portal\/galeria-de-videos-para-ayudar-a-mejorar-los-aprendizajes-de-sus-alumnos-o-hijos\/\" \/>\n<meta property=\"og:site_name\" content=\"Web del Maestro CMF\" \/>\n<meta property=\"article:publisher\" content=\"https:\/\/www.facebook.com\/WebdelMaestroCMF\/\" \/>\n<meta property=\"article:author\" content=\"https:\/\/www.facebook.com\/WebdelMaestroCMF\/\" \/>\n<meta property=\"article:published_time\" content=\"2019-12-16T16:21:04+00:00\" \/>\n<meta property=\"article:modified_time\" content=\"2019-12-16T16:22:23+00:00\" \/>\n<meta property=\"og:image\" content=\"https:\/\/i0.wp.com\/webdelmaestrocmf.com\/portal\/wp-content\/uploads\/2019\/12\/1.jpeg?fit=1100%2C680&ssl=1\" \/>\n\t<meta property=\"og:image:width\" content=\"1100\" \/>\n\t<meta property=\"og:image:height\" content=\"680\" \/>\n\t<meta property=\"og:image:type\" content=\"image\/jpeg\" \/>\n<meta name=\"author\" content=\"Web del Maestro CMF\" \/>\n<meta name=\"twitter:card\" content=\"summary_large_image\" \/>\n<meta name=\"twitter:creator\" content=\"@cmf_w\" \/>\n<meta name=\"twitter:site\" content=\"@cmf_w\" \/>\n<script type=\"application\/ld+json\" class=\"yoast-schema-graph\">{\"@context\":\"https:\\\/\\\/schema.org\",\"@graph\":[{\"@type\":\"ScholarlyArticle\",\"@id\":\"https:\\\/\\\/webdelmaestrocmf.com\\\/portal\\\/galeria-de-videos-para-ayudar-a-mejorar-los-aprendizajes-de-sus-alumnos-o-hijos\\\/#article\",\"isPartOf\":{\"@id\":\"https:\\\/\\\/webdelmaestrocmf.com\\\/portal\\\/galeria-de-videos-para-ayudar-a-mejorar-los-aprendizajes-de-sus-alumnos-o-hijos\\\/\"},\"author\":{\"name\":\"Web del Maestro CMF\",\"@id\":\"https:\\\/\\\/webdelmaestrocmf.com\\\/portal\\\/#\\\/schema\\\/person\\\/1072a2ed7bd960df8ef99a551fa35dc5\"},\"headline\":\"Galer\u00eda de videos para ayudar a mejorar los aprendizajes de sus alumnos o hijos\",\"datePublished\":\"2019-12-16T16:21:04+00:00\",\"dateModified\":\"2019-12-16T16:22:23+00:00\",\"mainEntityOfPage\":{\"@id\":\"https:\\\/\\\/webdelmaestrocmf.com\\\/portal\\\/galeria-de-videos-para-ayudar-a-mejorar-los-aprendizajes-de-sus-alumnos-o-hijos\\\/\"},\"wordCount\":408,\"commentCount\":0,\"publisher\":{\"@id\":\"https:\\\/\\\/webdelmaestrocmf.com\\\/portal\\\/#organization\"},\"image\":{\"@id\":\"https:\\\/\\\/webdelmaestrocmf.com\\\/portal\\\/galeria-de-videos-para-ayudar-a-mejorar-los-aprendizajes-de-sus-alumnos-o-hijos\\\/#primaryimage\"},\"thumbnailUrl\":\"https:\\\/\\\/webdelmaestrocmf.com\\\/portal\\\/wp-content\\\/uploads\\\/2019\\\/12\\\/1.jpeg\",\"keywords\":[\"alumnos\",\"APRENDIZAJES\",\"AYUDAR\",\"Galer\u00eda\",\"hijos\",\"MEJORAR\",\"VIDEOS\"],\"articleSection\":[\"Recursos\",\"Tutoria\"],\"inLanguage\":\"es\",\"potentialAction\":[{\"@type\":\"CommentAction\",\"name\":\"Comment\",\"target\":[\"https:\\\/\\\/webdelmaestrocmf.com\\\/portal\\\/galeria-de-videos-para-ayudar-a-mejorar-los-aprendizajes-de-sus-alumnos-o-hijos\\\/#respond\"]}]},{\"@type\":\"WebPage\",\"@id\":\"https:\\\/\\\/webdelmaestrocmf.com\\\/portal\\\/galeria-de-videos-para-ayudar-a-mejorar-los-aprendizajes-de-sus-alumnos-o-hijos\\\/\",\"url\":\"https:\\\/\\\/webdelmaestrocmf.com\\\/portal\\\/galeria-de-videos-para-ayudar-a-mejorar-los-aprendizajes-de-sus-alumnos-o-hijos\\\/\",\"name\":\"Galer\u00eda de videos para ayudar a mejorar los aprendizajes de sus alumnos o hijos - 2026\",\"isPartOf\":{\"@id\":\"https:\\\/\\\/webdelmaestrocmf.com\\\/portal\\\/#website\"},\"primaryImageOfPage\":{\"@id\":\"https:\\\/\\\/webdelmaestrocmf.com\\\/portal\\\/galeria-de-videos-para-ayudar-a-mejorar-los-aprendizajes-de-sus-alumnos-o-hijos\\\/#primaryimage\"},\"image\":{\"@id\":\"https:\\\/\\\/webdelmaestrocmf.com\\\/portal\\\/galeria-de-videos-para-ayudar-a-mejorar-los-aprendizajes-de-sus-alumnos-o-hijos\\\/#primaryimage\"},\"thumbnailUrl\":\"https:\\\/\\\/webdelmaestrocmf.com\\\/portal\\\/wp-content\\\/uploads\\\/2019\\\/12\\\/1.jpeg\",\"datePublished\":\"2019-12-16T16:21:04+00:00\",\"dateModified\":\"2019-12-16T16:22:23+00:00\",\"description\":\"El Ministerio de Educaci\u00f3n, a trav\u00e9s de la Oficina de Medici\u00f3n de la Calidad de los Aprendizajes (UMC), ha elaborado un kit de videos animados...\",\"breadcrumb\":{\"@id\":\"https:\\\/\\\/webdelmaestrocmf.com\\\/portal\\\/galeria-de-videos-para-ayudar-a-mejorar-los-aprendizajes-de-sus-alumnos-o-hijos\\\/#breadcrumb\"},\"inLanguage\":\"es\",\"potentialAction\":[{\"@type\":\"ReadAction\",\"target\":[\"https:\\\/\\\/webdelmaestrocmf.com\\\/portal\\\/galeria-de-videos-para-ayudar-a-mejorar-los-aprendizajes-de-sus-alumnos-o-hijos\\\/\"]}]},{\"@type\":\"ImageObject\",\"inLanguage\":\"es\",\"@id\":\"https:\\\/\\\/webdelmaestrocmf.com\\\/portal\\\/galeria-de-videos-para-ayudar-a-mejorar-los-aprendizajes-de-sus-alumnos-o-hijos\\\/#primaryimage\",\"url\":\"https:\\\/\\\/webdelmaestrocmf.com\\\/portal\\\/wp-content\\\/uploads\\\/2019\\\/12\\\/1.jpeg\",\"contentUrl\":\"https:\\\/\\\/webdelmaestrocmf.com\\\/portal\\\/wp-content\\\/uploads\\\/2019\\\/12\\\/1.jpeg\",\"width\":1100,\"height\":680},{\"@type\":\"BreadcrumbList\",\"@id\":\"https:\\\/\\\/webdelmaestrocmf.com\\\/portal\\\/galeria-de-videos-para-ayudar-a-mejorar-los-aprendizajes-de-sus-alumnos-o-hijos\\\/#breadcrumb\",\"itemListElement\":[{\"@type\":\"ListItem\",\"position\":1,\"name\":\"Portada\",\"item\":\"https:\\\/\\\/webdelmaestrocmf.com\\\/portal\\\/\"},{\"@type\":\"ListItem\",\"position\":2,\"name\":\"Recursos\",\"item\":\"https:\\\/\\\/webdelmaestrocmf.com\\\/portal\\\/category\\\/pedagogia\\\/\"},{\"@type\":\"ListItem\",\"position\":3,\"name\":\"Galer\u00eda de videos para ayudar a mejorar los aprendizajes de sus alumnos o hijos\"}]},{\"@type\":\"WebSite\",\"@id\":\"https:\\\/\\\/webdelmaestrocmf.com\\\/portal\\\/#website\",\"url\":\"https:\\\/\\\/webdelmaestrocmf.com\\\/portal\\\/\",\"name\":\"Web del Maestro CMF\",\"description\":\"Maestros al servicio de la educaci\u00f3n\",\"publisher\":{\"@id\":\"https:\\\/\\\/webdelmaestrocmf.com\\\/portal\\\/#organization\"},\"alternateName\":\"WMCMF\",\"potentialAction\":[{\"@type\":\"SearchAction\",\"target\":{\"@type\":\"EntryPoint\",\"urlTemplate\":\"https:\\\/\\\/webdelmaestrocmf.com\\\/portal\\\/?s={search_term_string}\"},\"query-input\":{\"@type\":\"PropertyValueSpecification\",\"valueRequired\":true,\"valueName\":\"search_term_string\"}}],\"inLanguage\":\"es\"},{\"@type\":\"Organization\",\"@id\":\"https:\\\/\\\/webdelmaestrocmf.com\\\/portal\\\/#organization\",\"name\":\"Web del Maestro CMF\",\"alternateName\":\"WMCMF\",\"url\":\"https:\\\/\\\/webdelmaestrocmf.com\\\/portal\\\/\",\"logo\":{\"@type\":\"ImageObject\",\"inLanguage\":\"es\",\"@id\":\"https:\\\/\\\/webdelmaestrocmf.com\\\/portal\\\/#\\\/schema\\\/logo\\\/image\\\/\",\"url\":\"https:\\\/\\\/webdelmaestrocmf.com\\\/portal\\\/wp-content\\\/uploads\\\/2023\\\/01\\\/logo-wmcmf-2.png\",\"contentUrl\":\"https:\\\/\\\/webdelmaestrocmf.com\\\/portal\\\/wp-content\\\/uploads\\\/2023\\\/01\\\/logo-wmcmf-2.png\",\"width\":200,\"height\":60,\"caption\":\"Web del Maestro CMF\"},\"image\":{\"@id\":\"https:\\\/\\\/webdelmaestrocmf.com\\\/portal\\\/#\\\/schema\\\/logo\\\/image\\\/\"},\"sameAs\":[\"https:\\\/\\\/www.facebook.com\\\/WebdelMaestroCMF\\\/\",\"https:\\\/\\\/x.com\\\/cmf_w\",\"https:\\\/\\\/www.pinterest.com\\\/WMCMF\\\/\",\"https:\\\/\\\/www.linkedin.com\\\/company\\\/web-del-maestro-cmf\\\/\",\"https:\\\/\\\/www.instagram.com\\\/wmcmf\\\/\",\"https:\\\/\\\/www.youtube.com\\\/channel\\\/UCDPSvjbdodE5sHnC3OxutHw\",\"https:\\\/\\\/mastodon.social\\\/@wmcmf\",\"https:\\\/\\\/www.tiktok.com\\\/@webdelmaestrocmf\"]},{\"@type\":\"Person\",\"@id\":\"https:\\\/\\\/webdelmaestrocmf.com\\\/portal\\\/#\\\/schema\\\/person\\\/1072a2ed7bd960df8ef99a551fa35dc5\",\"name\":\"Web del Maestro CMF\",\"image\":{\"@type\":\"ImageObject\",\"inLanguage\":\"es\",\"@id\":\"https:\\\/\\\/secure.gravatar.com\\\/avatar\\\/23291dd5b5ae1077dcff3dbb04c3e02bd28403fa75af6d8787d5e97c5bbbe30b?s=96&d=mm&r=g\",\"url\":\"https:\\\/\\\/secure.gravatar.com\\\/avatar\\\/23291dd5b5ae1077dcff3dbb04c3e02bd28403fa75af6d8787d5e97c5bbbe30b?s=96&d=mm&r=g\",\"contentUrl\":\"https:\\\/\\\/secure.gravatar.com\\\/avatar\\\/23291dd5b5ae1077dcff3dbb04c3e02bd28403fa75af6d8787d5e97c5bbbe30b?s=96&d=mm&r=g\",\"caption\":\"Web del Maestro CMF\"},\"description\":\"Esta Web se cre\u00f3 sin fines de lucro, con fines educativos, cient\u00edficos y acad\u00e9micos, para personas que tengan dificultades y\\\/o inconvenientes en visualizar el material original. El objetivo es entregar recursos, compartir experiencias y materiales que ayuden a los padres de familia, maestros y estudiantes en su actualizaci\u00f3n y formaci\u00f3n permanente, en bien de la Educaci\u00f3n.\",\"sameAs\":[\"http:\\\/\\\/webdelmaestrocmf.com\\\/portal\",\"https:\\\/\\\/www.facebook.com\\\/WebdelMaestroCMF\\\/\",\"https:\\\/\\\/www.instagram.com\\\/wmcmf\\\/\",\"https:\\\/\\\/cl.linkedin.com\\\/company\\\/web-del-maestro-cmf\",\"https:\\\/\\\/www.pinterest.com\\\/WMCMF\\\/publicaciones\\\/\",\"https:\\\/\\\/x.com\\\/cmf_w\",\"https:\\\/\\\/www.youtube.com\\\/@WMCMF\"]}]}<\/script>\n<!-- \/ Yoast SEO plugin. -->","yoast_head_json":{"title":"Galer\u00eda de videos para ayudar a mejorar los aprendizajes de sus alumnos o hijos - 2026","description":"El Ministerio de Educaci\u00f3n, a trav\u00e9s de la Oficina de Medici\u00f3n de la Calidad de los Aprendizajes (UMC), ha elaborado un kit de videos animados...","robots":{"index":"index","follow":"follow","max-snippet":"max-snippet:-1","max-image-preview":"max-image-preview:large","max-video-preview":"max-video-preview:-1"},"canonical":"https:\/\/webdelmaestrocmf.com\/portal\/galeria-de-videos-para-ayudar-a-mejorar-los-aprendizajes-de-sus-alumnos-o-hijos\/","og_locale":"es_ES","og_type":"article","og_title":"Galer\u00eda de videos para ayudar a mejorar los aprendizajes de sus alumnos o hijos - 2026","og_description":"El Ministerio de Educaci\u00f3n, a trav\u00e9s de la Oficina de Medici\u00f3n de la Calidad de los Aprendizajes (UMC), ha elaborado un kit de videos animados...","og_url":"https:\/\/webdelmaestrocmf.com\/portal\/galeria-de-videos-para-ayudar-a-mejorar-los-aprendizajes-de-sus-alumnos-o-hijos\/","og_site_name":"Web del Maestro CMF","article_publisher":"https:\/\/www.facebook.com\/WebdelMaestroCMF\/","article_author":"https:\/\/www.facebook.com\/WebdelMaestroCMF\/","article_published_time":"2019-12-16T16:21:04+00:00","article_modified_time":"2019-12-16T16:22:23+00:00","og_image":[{"width":1100,"height":680,"url":"https:\/\/i0.wp.com\/webdelmaestrocmf.com\/portal\/wp-content\/uploads\/2019\/12\/1.jpeg?fit=1100%2C680&ssl=1","type":"image\/jpeg"}],"author":"Web del Maestro CMF","twitter_card":"summary_large_image","twitter_creator":"@cmf_w","twitter_site":"@cmf_w","schema":{"@context":"https:\/\/schema.org","@graph":[{"@type":"ScholarlyArticle","@id":"https:\/\/webdelmaestrocmf.com\/portal\/galeria-de-videos-para-ayudar-a-mejorar-los-aprendizajes-de-sus-alumnos-o-hijos\/#article","isPartOf":{"@id":"https:\/\/webdelmaestrocmf.com\/portal\/galeria-de-videos-para-ayudar-a-mejorar-los-aprendizajes-de-sus-alumnos-o-hijos\/"},"author":{"name":"Web del Maestro CMF","@id":"https:\/\/webdelmaestrocmf.com\/portal\/#\/schema\/person\/1072a2ed7bd960df8ef99a551fa35dc5"},"headline":"Galer\u00eda de videos para ayudar a mejorar los aprendizajes de sus alumnos o hijos","datePublished":"2019-12-16T16:21:04+00:00","dateModified":"2019-12-16T16:22:23+00:00","mainEntityOfPage":{"@id":"https:\/\/webdelmaestrocmf.com\/portal\/galeria-de-videos-para-ayudar-a-mejorar-los-aprendizajes-de-sus-alumnos-o-hijos\/"},"wordCount":408,"commentCount":0,"publisher":{"@id":"https:\/\/webdelmaestrocmf.com\/portal\/#organization"},"image":{"@id":"https:\/\/webdelmaestrocmf.com\/portal\/galeria-de-videos-para-ayudar-a-mejorar-los-aprendizajes-de-sus-alumnos-o-hijos\/#primaryimage"},"thumbnailUrl":"https:\/\/webdelmaestrocmf.com\/portal\/wp-content\/uploads\/2019\/12\/1.jpeg","keywords":["alumnos","APRENDIZAJES","AYUDAR","Galer\u00eda","hijos","MEJORAR","VIDEOS"],"articleSection":["Recursos","Tutoria"],"inLanguage":"es","potentialAction":[{"@type":"CommentAction","name":"Comment","target":["https:\/\/webdelmaestrocmf.com\/portal\/galeria-de-videos-para-ayudar-a-mejorar-los-aprendizajes-de-sus-alumnos-o-hijos\/#respond"]}]},{"@type":"WebPage","@id":"https:\/\/webdelmaestrocmf.com\/portal\/galeria-de-videos-para-ayudar-a-mejorar-los-aprendizajes-de-sus-alumnos-o-hijos\/","url":"https:\/\/webdelmaestrocmf.com\/portal\/galeria-de-videos-para-ayudar-a-mejorar-los-aprendizajes-de-sus-alumnos-o-hijos\/","name":"Galer\u00eda de videos para ayudar a mejorar los aprendizajes de sus alumnos o hijos - 2026","isPartOf":{"@id":"https:\/\/webdelmaestrocmf.com\/portal\/#website"},"primaryImageOfPage":{"@id":"https:\/\/webdelmaestrocmf.com\/portal\/galeria-de-videos-para-ayudar-a-mejorar-los-aprendizajes-de-sus-alumnos-o-hijos\/#primaryimage"},"image":{"@id":"https:\/\/webdelmaestrocmf.com\/portal\/galeria-de-videos-para-ayudar-a-mejorar-los-aprendizajes-de-sus-alumnos-o-hijos\/#primaryimage"},"thumbnailUrl":"https:\/\/webdelmaestrocmf.com\/portal\/wp-content\/uploads\/2019\/12\/1.jpeg","datePublished":"2019-12-16T16:21:04+00:00","dateModified":"2019-12-16T16:22:23+00:00","description":"El Ministerio de Educaci\u00f3n, a trav\u00e9s de la Oficina de Medici\u00f3n de la Calidad de los Aprendizajes (UMC), ha elaborado un kit de videos animados...","breadcrumb":{"@id":"https:\/\/webdelmaestrocmf.com\/portal\/galeria-de-videos-para-ayudar-a-mejorar-los-aprendizajes-de-sus-alumnos-o-hijos\/#breadcrumb"},"inLanguage":"es","potentialAction":[{"@type":"ReadAction","target":["https:\/\/webdelmaestrocmf.com\/portal\/galeria-de-videos-para-ayudar-a-mejorar-los-aprendizajes-de-sus-alumnos-o-hijos\/"]}]},{"@type":"ImageObject","inLanguage":"es","@id":"https:\/\/webdelmaestrocmf.com\/portal\/galeria-de-videos-para-ayudar-a-mejorar-los-aprendizajes-de-sus-alumnos-o-hijos\/#primaryimage","url":"https:\/\/webdelmaestrocmf.com\/portal\/wp-content\/uploads\/2019\/12\/1.jpeg","contentUrl":"https:\/\/webdelmaestrocmf.com\/portal\/wp-content\/uploads\/2019\/12\/1.jpeg","width":1100,"height":680},{"@type":"BreadcrumbList","@id":"https:\/\/webdelmaestrocmf.com\/portal\/galeria-de-videos-para-ayudar-a-mejorar-los-aprendizajes-de-sus-alumnos-o-hijos\/#breadcrumb","itemListElement":[{"@type":"ListItem","position":1,"name":"Portada","item":"https:\/\/webdelmaestrocmf.com\/portal\/"},{"@type":"ListItem","position":2,"name":"Recursos","item":"https:\/\/webdelmaestrocmf.com\/portal\/category\/pedagogia\/"},{"@type":"ListItem","position":3,"name":"Galer\u00eda de videos para ayudar a mejorar los aprendizajes de sus alumnos o hijos"}]},{"@type":"WebSite","@id":"https:\/\/webdelmaestrocmf.com\/portal\/#website","url":"https:\/\/webdelmaestrocmf.com\/portal\/","name":"Web del Maestro CMF","description":"Maestros al servicio de la educaci\u00f3n","publisher":{"@id":"https:\/\/webdelmaestrocmf.com\/portal\/#organization"},"alternateName":"WMCMF","potentialAction":[{"@type":"SearchAction","target":{"@type":"EntryPoint","urlTemplate":"https:\/\/webdelmaestrocmf.com\/portal\/?s={search_term_string}"},"query-input":{"@type":"PropertyValueSpecification","valueRequired":true,"valueName":"search_term_string"}}],"inLanguage":"es"},{"@type":"Organization","@id":"https:\/\/webdelmaestrocmf.com\/portal\/#organization","name":"Web del Maestro CMF","alternateName":"WMCMF","url":"https:\/\/webdelmaestrocmf.com\/portal\/","logo":{"@type":"ImageObject","inLanguage":"es","@id":"https:\/\/webdelmaestrocmf.com\/portal\/#\/schema\/logo\/image\/","url":"https:\/\/webdelmaestrocmf.com\/portal\/wp-content\/uploads\/2023\/01\/logo-wmcmf-2.png","contentUrl":"https:\/\/webdelmaestrocmf.com\/portal\/wp-content\/uploads\/2023\/01\/logo-wmcmf-2.png","width":200,"height":60,"caption":"Web del Maestro CMF"},"image":{"@id":"https:\/\/webdelmaestrocmf.com\/portal\/#\/schema\/logo\/image\/"},"sameAs":["https:\/\/www.facebook.com\/WebdelMaestroCMF\/","https:\/\/x.com\/cmf_w","https:\/\/www.pinterest.com\/WMCMF\/","https:\/\/www.linkedin.com\/company\/web-del-maestro-cmf\/","https:\/\/www.instagram.com\/wmcmf\/","https:\/\/www.youtube.com\/channel\/UCDPSvjbdodE5sHnC3OxutHw","https:\/\/mastodon.social\/@wmcmf","https:\/\/www.tiktok.com\/@webdelmaestrocmf"]},{"@type":"Person","@id":"https:\/\/webdelmaestrocmf.com\/portal\/#\/schema\/person\/1072a2ed7bd960df8ef99a551fa35dc5","name":"Web del Maestro CMF","image":{"@type":"ImageObject","inLanguage":"es","@id":"https:\/\/secure.gravatar.com\/avatar\/23291dd5b5ae1077dcff3dbb04c3e02bd28403fa75af6d8787d5e97c5bbbe30b?s=96&d=mm&r=g","url":"https:\/\/secure.gravatar.com\/avatar\/23291dd5b5ae1077dcff3dbb04c3e02bd28403fa75af6d8787d5e97c5bbbe30b?s=96&d=mm&r=g","contentUrl":"https:\/\/secure.gravatar.com\/avatar\/23291dd5b5ae1077dcff3dbb04c3e02bd28403fa75af6d8787d5e97c5bbbe30b?s=96&d=mm&r=g","caption":"Web del Maestro CMF"},"description":"Esta Web se cre\u00f3 sin fines de lucro, con fines educativos, cient\u00edficos y acad\u00e9micos, para personas que tengan dificultades y\/o inconvenientes en visualizar el material original. El objetivo es entregar recursos, compartir experiencias y materiales que ayuden a los padres de familia, maestros y estudiantes en su actualizaci\u00f3n y formaci\u00f3n permanente, en bien de la Educaci\u00f3n.","sameAs":["http:\/\/webdelmaestrocmf.com\/portal","https:\/\/www.facebook.com\/WebdelMaestroCMF\/","https:\/\/www.instagram.com\/wmcmf\/","https:\/\/cl.linkedin.com\/company\/web-del-maestro-cmf","https:\/\/www.pinterest.com\/WMCMF\/publicaciones\/","https:\/\/x.com\/cmf_w","https:\/\/www.youtube.com\/@WMCMF"]}]}},"jetpack_featured_media_url":"https:\/\/webdelmaestrocmf.com\/portal\/wp-content\/uploads\/2019\/12\/1.jpeg","jetpack_sharing_enabled":true,"jetpack-related-posts":[{"id":114781,"url":"https:\/\/webdelmaestrocmf.com\/portal\/mama-furiosa-reclama-a-maestra-por-la-tarea-que-dejo\/","url_meta":{"origin":42786,"position":0},"title":"Mam\u00e1 furiosa reclama a maestra por la tarea que dej\u00f3","author":"Web del Maestro CMF","date":"16 enero, 2026","format":false,"excerpt":"tareas escolares, educaci\u00f3n, familia y escuela, aprendizaje infantil, psicolog\u00eda educativa, neuroeducaci\u00f3n, h\u00e1bitos de estudio, bienestar infantil, docencia, crianza responsable...","rel":"","context":"En \u00abNoticias Internacionales\u00bb","block_context":{"text":"Noticias Internacionales","link":"https:\/\/webdelmaestrocmf.com\/portal\/category\/noticias-internacionales\/"},"img":{"alt_text":"","src":"https:\/\/i0.wp.com\/webdelmaestrocmf.com\/portal\/wp-content\/uploads\/2026\/01\/1AA-Banner-1-portada-imagen-10-1-copia-11.webp?resize=350%2C200&ssl=1","width":350,"height":200,"srcset":"https:\/\/i0.wp.com\/webdelmaestrocmf.com\/portal\/wp-content\/uploads\/2026\/01\/1AA-Banner-1-portada-imagen-10-1-copia-11.webp?resize=350%2C200&ssl=1 1x, https:\/\/i0.wp.com\/webdelmaestrocmf.com\/portal\/wp-content\/uploads\/2026\/01\/1AA-Banner-1-portada-imagen-10-1-copia-11.webp?resize=525%2C300&ssl=1 1.5x, https:\/\/i0.wp.com\/webdelmaestrocmf.com\/portal\/wp-content\/uploads\/2026\/01\/1AA-Banner-1-portada-imagen-10-1-copia-11.webp?resize=700%2C400&ssl=1 2x, https:\/\/i0.wp.com\/webdelmaestrocmf.com\/portal\/wp-content\/uploads\/2026\/01\/1AA-Banner-1-portada-imagen-10-1-copia-11.webp?resize=1050%2C600&ssl=1 3x"},"classes":[]},{"id":93337,"url":"https:\/\/webdelmaestrocmf.com\/portal\/entrevista-a-padres-de-familia-y-alumnos\/","url_meta":{"origin":42786,"position":1},"title":"Entrevista a padres de familia y alumnos","author":"Web del Maestro CMF","date":"25 abril, 2026","format":false,"excerpt":"Las entrevistas a padres y alumnos permiten comprender el entorno, personalizar la ense\u00f1anza y fortalecer la comunicaci\u00f3n escuela-familia, generando apoyo integral, mejores decisiones pedag\u00f3gicas y un aprendizaje significativo m\u00e1s efectivo.","rel":"","context":"En \u00abDescargas Manuales PDF\u00bb","block_context":{"text":"Descargas Manuales PDF","link":"https:\/\/webdelmaestrocmf.com\/portal\/category\/pedagogia\/descargas-manuales-pdf\/"},"img":{"alt_text":"","src":"https:\/\/i0.wp.com\/webdelmaestrocmf.com\/portal\/wp-content\/uploads\/2023\/08\/1AA-Banner-1-portada-imagen-10-1-copia-1.webp?resize=350%2C200&ssl=1","width":350,"height":200,"srcset":"https:\/\/i0.wp.com\/webdelmaestrocmf.com\/portal\/wp-content\/uploads\/2023\/08\/1AA-Banner-1-portada-imagen-10-1-copia-1.webp?resize=350%2C200&ssl=1 1x, https:\/\/i0.wp.com\/webdelmaestrocmf.com\/portal\/wp-content\/uploads\/2023\/08\/1AA-Banner-1-portada-imagen-10-1-copia-1.webp?resize=525%2C300&ssl=1 1.5x, https:\/\/i0.wp.com\/webdelmaestrocmf.com\/portal\/wp-content\/uploads\/2023\/08\/1AA-Banner-1-portada-imagen-10-1-copia-1.webp?resize=700%2C400&ssl=1 2x, https:\/\/i0.wp.com\/webdelmaestrocmf.com\/portal\/wp-content\/uploads\/2023\/08\/1AA-Banner-1-portada-imagen-10-1-copia-1.webp?resize=1050%2C600&ssl=1 3x"},"classes":[]},{"id":38635,"url":"https:\/\/webdelmaestrocmf.com\/portal\/como-pueden-apoyar-los-padres-de-familia-a-los-maestros-diapositivas-para-concientizar-en-las-reuniones\/","url_meta":{"origin":42786,"position":2},"title":"\u00bfC\u00f3mo pueden apoyar los padres de familia a los maestros?","author":"Web del Maestro CMF","date":"15 junio, 2024","format":false,"excerpt":"Todos sabemos lo importante que es el que haya una buena comunicaci\u00f3n y apoyo mutuo entre la escuela y la familia. Existen un sinn\u00famero de evidencias que sustentan el hecho de que, cuanto m\u00e1s cercano y cordial es el v\u00ednculo entre la familia y las instituciones educativas, mayores son las\u2026","rel":"","context":"En \u00abPedagog\u00eda\u00bb","block_context":{"text":"Pedagog\u00eda","link":"https:\/\/webdelmaestrocmf.com\/portal\/category\/pedagogia\/educacion-pedagogia\/"},"img":{"alt_text":"","src":"https:\/\/i0.wp.com\/webdelmaestrocmf.com\/portal\/wp-content\/uploads\/2020\/08\/Banner-1-portada-imagen-10-1-2024-06-15T103630.868.jpg?resize=350%2C200&ssl=1","width":350,"height":200,"srcset":"https:\/\/i0.wp.com\/webdelmaestrocmf.com\/portal\/wp-content\/uploads\/2020\/08\/Banner-1-portada-imagen-10-1-2024-06-15T103630.868.jpg?resize=350%2C200&ssl=1 1x, https:\/\/i0.wp.com\/webdelmaestrocmf.com\/portal\/wp-content\/uploads\/2020\/08\/Banner-1-portada-imagen-10-1-2024-06-15T103630.868.jpg?resize=525%2C300&ssl=1 1.5x, https:\/\/i0.wp.com\/webdelmaestrocmf.com\/portal\/wp-content\/uploads\/2020\/08\/Banner-1-portada-imagen-10-1-2024-06-15T103630.868.jpg?resize=700%2C400&ssl=1 2x"},"classes":[]},{"id":27151,"url":"https:\/\/webdelmaestrocmf.com\/portal\/un-pacto-por-la-educacion-en-equipo-para-padres-y-profesores\/","url_meta":{"origin":42786,"position":3},"title":"Un pacto por la educaci\u00f3n en equipo para padres y profesores","author":"Web del Maestro CMF","date":"7 diciembre, 2019","format":"video","excerpt":"La licenciada en psic\u00f3loga y experta en inteligencias m\u00faltiples y emocionales, Bego\u00f1a Ibarrola, particip\u00f3 en el encuentro \u201cPacto por la Educaci\u00f3n en Equipo\u201d (Madrid, Espa\u00f1a 04\/2017) organizada por \u201cGestionando Hijos\u201d y la editorial SM, y lo hizo afirmando que \u201cla educaci\u00f3n en valores nos anima a caminar juntos a padres,\u2026","rel":"","context":"En \u00abVideo I\u00bb","block_context":{"text":"Video I","link":"https:\/\/webdelmaestrocmf.com\/portal\/category\/video\/"},"img":{"alt_text":"","src":"https:\/\/i0.wp.com\/webdelmaestrocmf.com\/portal\/wp-content\/uploads\/2018\/04\/1-32.jpg?resize=350%2C200&ssl=1","width":350,"height":200,"srcset":"https:\/\/i0.wp.com\/webdelmaestrocmf.com\/portal\/wp-content\/uploads\/2018\/04\/1-32.jpg?resize=350%2C200&ssl=1 1x, https:\/\/i0.wp.com\/webdelmaestrocmf.com\/portal\/wp-content\/uploads\/2018\/04\/1-32.jpg?resize=525%2C300&ssl=1 1.5x, https:\/\/i0.wp.com\/webdelmaestrocmf.com\/portal\/wp-content\/uploads\/2018\/04\/1-32.jpg?resize=700%2C400&ssl=1 2x, https:\/\/i0.wp.com\/webdelmaestrocmf.com\/portal\/wp-content\/uploads\/2018\/04\/1-32.jpg?resize=1050%2C600&ssl=1 3x"},"classes":[]},{"id":68610,"url":"https:\/\/webdelmaestrocmf.com\/portal\/patricia-de-diego-los-ninos-que-no-reciban-de-sus-padres-un-desarrollo-emocional-idoneo-manifestaran-grandes-carencias-en-la-edad-adulta\/","url_meta":{"origin":42786,"position":4},"title":"Patricia De Diego: Los ni\u00f1os que no reciban de sus padres un desarrollo emocional id\u00f3neo, manifestar\u00e1n grandes carencias en la edad adulta","author":"Web del Maestro CMF","date":"15 enero, 2024","format":false,"excerpt":"La licenciada en pedagog\u00eda y redactora Ana M. Longo, realiz\u00f3 una entrevista a Patricia de Diego Garc\u00eda, Coaching por la New York University (USA) y en Parenting Educator por la NYS New York State Parenting Education Partnership; autora de la coleccio\u0301n de cuatro libros llamada \u201cMi viaje hacia la adolescencia\u201d\u2026","rel":"","context":"En \u00abEntrevistas\u00bb","block_context":{"text":"Entrevistas","link":"https:\/\/webdelmaestrocmf.com\/portal\/category\/noticias\/entrevistas\/"},"img":{"alt_text":"","src":"https:\/\/i0.wp.com\/webdelmaestrocmf.com\/portal\/wp-content\/uploads\/2023\/07\/PATRICIA-DE-DIEGO-GARCIA-kM0H-1248x698%40abc.jpg?resize=350%2C200&ssl=1","width":350,"height":200,"srcset":"https:\/\/i0.wp.com\/webdelmaestrocmf.com\/portal\/wp-content\/uploads\/2023\/07\/PATRICIA-DE-DIEGO-GARCIA-kM0H-1248x698%40abc.jpg?resize=350%2C200&ssl=1 1x, https:\/\/i0.wp.com\/webdelmaestrocmf.com\/portal\/wp-content\/uploads\/2023\/07\/PATRICIA-DE-DIEGO-GARCIA-kM0H-1248x698%40abc.jpg?resize=525%2C300&ssl=1 1.5x, https:\/\/i0.wp.com\/webdelmaestrocmf.com\/portal\/wp-content\/uploads\/2023\/07\/PATRICIA-DE-DIEGO-GARCIA-kM0H-1248x698%40abc.jpg?resize=700%2C400&ssl=1 2x, https:\/\/i0.wp.com\/webdelmaestrocmf.com\/portal\/wp-content\/uploads\/2023\/07\/PATRICIA-DE-DIEGO-GARCIA-kM0H-1248x698%40abc.jpg?resize=1050%2C600&ssl=1 3x"},"classes":[]},{"id":114907,"url":"https:\/\/webdelmaestrocmf.com\/portal\/descarga-la-boleta-de-autoevaluacion-para-padres-de-familia-una-herramienta-clave-para-fortalecer-el-vinculo-escuela-familia\/","url_meta":{"origin":42786,"position":5},"title":"Descarga la Boleta de autoevaluaci\u00f3n para padres de familia: una herramienta clave para fortalecer el v\u00ednculo escuela\u2013familia","author":"Web del Maestro CMF","date":"21 enero, 2026","format":false,"excerpt":"Herramienta pedag\u00f3gica que invita a los padres a reflexionar sobre su compromiso educativo y fortalecer la corresponsabilidad familia escuela hogar.","rel":"","context":"En \u00abDescargas Manuales PDF\u00bb","block_context":{"text":"Descargas Manuales PDF","link":"https:\/\/webdelmaestrocmf.com\/portal\/category\/pedagogia\/descargas-manuales-pdf\/"},"img":{"alt_text":"","src":"https:\/\/i0.wp.com\/webdelmaestrocmf.com\/portal\/wp-content\/uploads\/2026\/01\/1A-Banner-1-portada-imagen-10-1-copia-1-10.webp?resize=350%2C200&ssl=1","width":350,"height":200,"srcset":"https:\/\/i0.wp.com\/webdelmaestrocmf.com\/portal\/wp-content\/uploads\/2026\/01\/1A-Banner-1-portada-imagen-10-1-copia-1-10.webp?resize=350%2C200&ssl=1 1x, https:\/\/i0.wp.com\/webdelmaestrocmf.com\/portal\/wp-content\/uploads\/2026\/01\/1A-Banner-1-portada-imagen-10-1-copia-1-10.webp?resize=525%2C300&ssl=1 1.5x, https:\/\/i0.wp.com\/webdelmaestrocmf.com\/portal\/wp-content\/uploads\/2026\/01\/1A-Banner-1-portada-imagen-10-1-copia-1-10.webp?resize=700%2C400&ssl=1 2x"},"classes":[]}],"_links":{"self":[{"href":"https:\/\/webdelmaestrocmf.com\/portal\/wp-json\/wp\/v2\/posts\/42786","targetHints":{"allow":["GET"]}}],"collection":[{"href":"https:\/\/webdelmaestrocmf.com\/portal\/wp-json\/wp\/v2\/posts"}],"about":[{"href":"https:\/\/webdelmaestrocmf.com\/portal\/wp-json\/wp\/v2\/types\/post"}],"author":[{"embeddable":true,"href":"https:\/\/webdelmaestrocmf.com\/portal\/wp-json\/wp\/v2\/users\/1"}],"replies":[{"embeddable":true,"href":"https:\/\/webdelmaestrocmf.com\/portal\/wp-json\/wp\/v2\/comments?post=42786"}],"version-history":[{"count":0,"href":"https:\/\/webdelmaestrocmf.com\/portal\/wp-json\/wp\/v2\/posts\/42786\/revisions"}],"wp:featuredmedia":[{"embeddable":true,"href":"https:\/\/webdelmaestrocmf.com\/portal\/wp-json\/wp\/v2\/media\/42788"}],"wp:attachment":[{"href":"https:\/\/webdelmaestrocmf.com\/portal\/wp-json\/wp\/v2\/media?parent=42786"}],"wp:term":[{"taxonomy":"category","embeddable":true,"href":"https:\/\/webdelmaestrocmf.com\/portal\/wp-json\/wp\/v2\/categories?post=42786"},{"taxonomy":"post_tag","embeddable":true,"href":"https:\/\/webdelmaestrocmf.com\/portal\/wp-json\/wp\/v2\/tags?post=42786"}],"curies":[{"name":"wp","href":"https:\/\/api.w.org\/{rel}","templated":true}]}}