{"id":42619,"date":"2021-09-15T20:18:16","date_gmt":"2021-09-15T23:18:16","guid":{"rendered":"https:\/\/webdelmaestrocmf.com\/portal\/?p=42619"},"modified":"2022-07-27T10:41:19","modified_gmt":"2022-07-27T14:41:19","slug":"la-mesa-de-la-paz-una-tecnica-montessori-para-resolver-conflictos-en-el-hogar-y-en-la-escuela","status":"publish","type":"post","link":"https:\/\/webdelmaestrocmf.com\/portal\/la-mesa-de-la-paz-una-tecnica-montessori-para-resolver-conflictos-en-el-hogar-y-en-la-escuela\/","title":{"rendered":"La mesa de la paz: Una t\u00e9cnica Montessori para resolver conflictos en el hogar y en la escuela"},"content":{"rendered":"<h5 style=\"text-align: justify;\">La\u00a0<strong>Educaci\u00f3n para la Paz<\/strong>\u00a0es una parte muy importante del curr\u00edculo montessoriano, y una caracter\u00edstica peculiar de las escuelas es el ambiente de armon\u00eda y calma que se respira en los salones.<\/h5>\n<h5 style=\"text-align: justify;\">La doctora Mar\u00eda Montessori estuvo en la India durante la segunda guerra mundial, periodo que vivi\u00f3 junto a su hijo Mario y que le permiti\u00f3 conocer m\u00e1s a fondo la cultura del pa\u00eds y entender la\u00a0<strong>parte m\u00e1s espiritual del ser humano<\/strong>.<\/h5>\n<p style=\"text-align: justify;\"><!--more--><\/p>\n<p style=\"text-align: justify;\">Cuenta la historia que Mar\u00eda Montessori escuch\u00f3 a una ni\u00f1a de origen chino y a otra de origen indio discutir sobre cu\u00e1l de las dos civilizaciones era m\u00e1s antigua, y en otra ocasi\u00f3n presenci\u00f3 una terrible pelea entre dos campesinos,\u00a0hecho que la perturb\u00f3 hasta el punto de reflexionar sobre la necesidad de que los hombres pudiesen crecer bajo la perspectiva de\u00a0<strong>sentirse parte de \u201cun todo\u201d<\/strong>\u00a0que obedece a leyes superiores,\u00a0 (de hecho fue en esa \u00e9poca cuando desarroll\u00f3 la famosa\u00a0<strong>educaci\u00f3n c\u00f3smica<\/strong>\u00a0y las\u00a0<strong>grandes lecciones<\/strong>).<\/p>\n<p><img loading=\"lazy\" decoding=\"async\" class=\"alignnone size-full wp-image-42625\" src=\"https:\/\/webdelmaestrocmf.com\/portal\/wp-content\/uploads\/2019\/12\/1-36.jpg\" alt=\"\" width=\"677\" height=\"677\" srcset=\"https:\/\/webdelmaestrocmf.com\/portal\/wp-content\/uploads\/2019\/12\/1-36.jpg 677w, https:\/\/webdelmaestrocmf.com\/portal\/wp-content\/uploads\/2019\/12\/1-36-300x300.jpg 300w, https:\/\/webdelmaestrocmf.com\/portal\/wp-content\/uploads\/2019\/12\/1-36-150x150.jpg 150w, https:\/\/webdelmaestrocmf.com\/portal\/wp-content\/uploads\/2019\/12\/1-36-80x80.jpg 80w, https:\/\/webdelmaestrocmf.com\/portal\/wp-content\/uploads\/2019\/12\/1-36-110x110.jpg 110w, https:\/\/webdelmaestrocmf.com\/portal\/wp-content\/uploads\/2019\/12\/1-36-200x200.jpg 200w, https:\/\/webdelmaestrocmf.com\/portal\/wp-content\/uploads\/2019\/12\/1-36-380x380.jpg 380w, https:\/\/webdelmaestrocmf.com\/portal\/wp-content\/uploads\/2019\/12\/1-36-255x255.jpg 255w, https:\/\/webdelmaestrocmf.com\/portal\/wp-content\/uploads\/2019\/12\/1-36-550x550.jpg 550w\" sizes=\"auto, (max-width: 677px) 100vw, 677px\" \/><\/p>\n<p style=\"text-align: justify;\">La pedagog\u00eda Montessori fomenta siempre las relaciones de\u00a0<strong>cortes\u00eda<\/strong>\u00a0y el trato con\u00a0<strong>respeto<\/strong>\u00a0entre ni\u00f1os y adultos, pero tambi\u00e9n es consciente de que\u00a0<strong>los conflictos forman parte de la vida<\/strong>, y como todo, tambi\u00e9n son\u00a0<strong>grandes oportunidades de aprendizaje<\/strong>: la mesa de la paz es un gran<strong>\u00a0recurso<\/strong>\u00a0que se puede poner en pr\u00e1ctica tanto en casa como en la escuela.<\/p>\n<p style=\"text-align: justify;\">A continuaci\u00f3n compartiremos con fines educativos la publicaci\u00f3n del Montessori en Casa donde explican, profundizan y detallan el tema. Esperamos que les sea de utilidad. En caso necesiten ver el documento completo, pueden hacerlo en el siguiente enlace: <a href=\"https:\/\/www.montessoriencasa.es\/mesa-paz-el-cambio-empieza-en-tu-familia\/\" target=\"_blank\" rel=\"noopener noreferrer\">\u00bfQU\u00c9 ES Y COMO SE UTILIZA LA MESA DE LA PAZ? \u2013 OUR PEACE CORNER<\/a><\/p>\n<p><iframe loading=\"lazy\" src=\"https:\/\/www.youtube.com\/embed\/Aa7e71hGHN8\" width=\"100%\" height=\"400\" frameborder=\"0\" allowfullscreen=\"allowfullscreen\"><span data-mce-type=\"bookmark\" style=\"display: inline-block; width: 0px; overflow: hidden; line-height: 0;\" class=\"mce_SELRES_start\">\ufeff<\/span><\/iframe><\/p>\n<h5 style=\"text-align: justify;\"><strong>\u00bfPARA QU\u00c9 SIRVE LA MESA DE LA PAZ?<\/strong><\/h5>\n<p style=\"text-align: justify;\">La\u00a0<strong>mesa de la paz<\/strong>\u00a0es un instrumento que ayuda a la\u00a0<strong>resoluci\u00f3n de conflictos<\/strong>, ya sean internos o externos:<\/p>\n<ul style=\"text-align: justify;\">\n<li><strong>Conflictos internos<\/strong>:\u00a0<strong>Un ni\u00f1o<\/strong>\u00a0(o adulto) se siente frustrado, nervioso, triste, enfadado, pero no necesariamente provocado\u00a0otra persona. En ese caso el ni\u00f1o puede utilizar la mesa de la paz para\u00a0<strong>tomarse el tiempo necesario para\u00a0identificar\u00a0c\u00f3mo se siente<\/strong>\u00a0y serenarse.<\/li>\n<li><strong>Conflictos externos<\/strong>:\u00a0<strong>Dos ni\u00f1os<\/strong>\u00a0(o dos adultos, o ni\u00f1o-adulto) tienen un conflicto entre ellos. En ese caso ambos van a la mesa de la paz para\u00a0<strong>resolver el conflicto<\/strong>\u00a0(en caso de ni\u00f1os muy peque\u00f1os puede ser necesaria la intervenci\u00f3n de otra persona, pero lo ideal es que el conflicto lo resuelvan los implicados por s\u00ed solos).<\/li>\n<\/ul>\n<p><img loading=\"lazy\" decoding=\"async\" class=\"alignnone size-full wp-image-67995\" src=\"https:\/\/webdelmaestrocmf.com\/portal\/wp-content\/uploads\/2019\/12\/1-101.jpg\" alt=\"\" width=\"700\" height=\"400\" srcset=\"https:\/\/webdelmaestrocmf.com\/portal\/wp-content\/uploads\/2019\/12\/1-101.jpg 700w, https:\/\/webdelmaestrocmf.com\/portal\/wp-content\/uploads\/2019\/12\/1-101-300x171.jpg 300w, https:\/\/webdelmaestrocmf.com\/portal\/wp-content\/uploads\/2019\/12\/1-101-110x63.jpg 110w, https:\/\/webdelmaestrocmf.com\/portal\/wp-content\/uploads\/2019\/12\/1-101-200x114.jpg 200w, https:\/\/webdelmaestrocmf.com\/portal\/wp-content\/uploads\/2019\/12\/1-101-380x217.jpg 380w, https:\/\/webdelmaestrocmf.com\/portal\/wp-content\/uploads\/2019\/12\/1-101-255x146.jpg 255w, https:\/\/webdelmaestrocmf.com\/portal\/wp-content\/uploads\/2019\/12\/1-101-550x314.jpg 550w, https:\/\/webdelmaestrocmf.com\/portal\/wp-content\/uploads\/2019\/12\/1-101-220x126.jpg 220w, https:\/\/webdelmaestrocmf.com\/portal\/wp-content\/uploads\/2019\/12\/1-101-400x229.jpg 400w, https:\/\/webdelmaestrocmf.com\/portal\/wp-content\/uploads\/2019\/12\/1-101-510x291.jpg 510w, https:\/\/webdelmaestrocmf.com\/portal\/wp-content\/uploads\/2019\/12\/1-101-600x343.jpg 600w\" sizes=\"auto, (max-width: 700px) 100vw, 700px\" \/><\/p>\n<h5 style=\"text-align: justify;\"><strong>\u00bfQU\u00c9 OBJETOS CONTIENE LA\u00a0MESA DE LA PAZ Y C\u00d3MO SE UTILIZAN?<\/strong><\/h5>\n<p style=\"text-align: justify;\">Para explicaros c\u00f3mo utilizamos la\u00a0<strong>mesa de la paz en casa<\/strong>\u00a0os voy a mostrar los objetos que componen la nuestra;\u00a0cada mesa de la paz es diferente y los objetos pueden variar, pero su uso y su objetivo ser\u00e1n similares.<\/p>\n<h5 style=\"text-align: justify;\"><strong>UN OBJETO AGRADABLE PARA SOSTENER EN LAS MANOS<\/strong><\/h5>\n<ul style=\"text-align: justify;\">\n<li>Para un\u00a0<strong>conflicto interno<\/strong>:\u00a0el ni\u00f1o puede\u00a0<strong>cogerlo para fijar\u00a0su atenci\u00f3n<\/strong>\u00a0en \u00e9l y de este modo \u00abcentrarse\u00bb si estaba nervioso.<\/li>\n<li>Para un\u00a0<strong>conflicto entre dos<\/strong>: Los dos ni\u00f1os tienen que hablar por turnos para exponer como se han sentido por lo que el otro ha hecho. El objeto ayuda a establecer el\u00a0<strong>turno de palabra<\/strong>, s\u00f3lo puede hablar quien lo tiene en la mano.<\/li>\n<\/ul>\n<p style=\"text-align: justify;\">Nosotros tenemos<a href=\"http:\/\/amzn.to\/2d2PDvN\" target=\"_blank\" rel=\"noopener noreferrer\">\u00a0este coraz\u00f3n<\/a>\u00a0(es de esos blanditos \u00abanti-stress\u00bb, que a veces viene bien para liberar la energ\u00eda extra que produce un enfado).<\/p>\n<p style=\"text-align: justify;\"><img loading=\"lazy\" decoding=\"async\" class=\"alignnone size-full wp-image-42620\" src=\"https:\/\/webdelmaestrocmf.com\/portal\/wp-content\/uploads\/2019\/12\/1-31.jpg\" alt=\"\" width=\"800\" height=\"532\" srcset=\"https:\/\/webdelmaestrocmf.com\/portal\/wp-content\/uploads\/2019\/12\/1-31.jpg 800w, https:\/\/webdelmaestrocmf.com\/portal\/wp-content\/uploads\/2019\/12\/1-31-300x200.jpg 300w, https:\/\/webdelmaestrocmf.com\/portal\/wp-content\/uploads\/2019\/12\/1-31-768x511.jpg 768w, https:\/\/webdelmaestrocmf.com\/portal\/wp-content\/uploads\/2019\/12\/1-31-110x73.jpg 110w, https:\/\/webdelmaestrocmf.com\/portal\/wp-content\/uploads\/2019\/12\/1-31-200x133.jpg 200w, https:\/\/webdelmaestrocmf.com\/portal\/wp-content\/uploads\/2019\/12\/1-31-380x253.jpg 380w, https:\/\/webdelmaestrocmf.com\/portal\/wp-content\/uploads\/2019\/12\/1-31-255x170.jpg 255w, https:\/\/webdelmaestrocmf.com\/portal\/wp-content\/uploads\/2019\/12\/1-31-550x366.jpg 550w\" sizes=\"auto, (max-width: 800px) 100vw, 800px\" \/><\/p>\n<h5 style=\"text-align: justify;\"><strong>UN\u00a0RELOJ DE ARENA O UNA \u00abBOLA DE NIEVE\u00bb<\/strong><\/h5>\n<ul style=\"text-align: justify;\">\n<li>Para un\u00a0<strong>conflicto interno<\/strong>:\u00a0tanto el reloj de arena como la bola de nieve ayudan al ni\u00f1o a\u00a0<strong>tomarse un tiempo<\/strong>\u00a0para calmarse y poder analizar c\u00f3mo se siente.<\/li>\n<li>Para un\u00a0<strong>conflicto entre dos<\/strong>:\u00a0En casos en que el conflicto ha subido de intensidad y ninguno de los dos est\u00e1 en disposici\u00f3n de hablar calmadamente, podemos utilizar el reloj de arena para esperar unos segundos (o minutos) mientras baja la intensidad de las emociones.<\/li>\n<\/ul>\n<p style=\"text-align: justify;\">Nosotros tenemos\u00a0<a href=\"http:\/\/www.amazon.es\/gp\/product\/B001I18G24\/ref=as_li_ss_tl?ie=UTF8&amp;camp=3626&amp;creative=24822&amp;creativeASIN=B001I18G24&amp;linkCode=as2&amp;tag=montencasa-21\" target=\"_blank\" rel=\"noopener noreferrer\">este reloj de arena<\/a>\u00a0que dura un minuto y me gusta porque es bastante grande, pero uno peque\u00f1o puede servir igualmente, y una bola de nieve tambi\u00e9n (en ambos casos\u00a0es preferible que no sea de cristal, ya que en un momento de conflicto puede resultar peligroso)<\/p>\n<p style=\"text-align: justify;\"><img loading=\"lazy\" decoding=\"async\" class=\"alignnone size-full wp-image-42621\" src=\"https:\/\/webdelmaestrocmf.com\/portal\/wp-content\/uploads\/2019\/12\/1-32.jpg\" alt=\"\" width=\"800\" height=\"532\" srcset=\"https:\/\/webdelmaestrocmf.com\/portal\/wp-content\/uploads\/2019\/12\/1-32.jpg 800w, https:\/\/webdelmaestrocmf.com\/portal\/wp-content\/uploads\/2019\/12\/1-32-300x200.jpg 300w, https:\/\/webdelmaestrocmf.com\/portal\/wp-content\/uploads\/2019\/12\/1-32-768x511.jpg 768w, https:\/\/webdelmaestrocmf.com\/portal\/wp-content\/uploads\/2019\/12\/1-32-110x73.jpg 110w, https:\/\/webdelmaestrocmf.com\/portal\/wp-content\/uploads\/2019\/12\/1-32-200x133.jpg 200w, https:\/\/webdelmaestrocmf.com\/portal\/wp-content\/uploads\/2019\/12\/1-32-380x253.jpg 380w, https:\/\/webdelmaestrocmf.com\/portal\/wp-content\/uploads\/2019\/12\/1-32-255x170.jpg 255w, https:\/\/webdelmaestrocmf.com\/portal\/wp-content\/uploads\/2019\/12\/1-32-550x366.jpg 550w\" sizes=\"auto, (max-width: 800px) 100vw, 800px\" \/><\/p>\n<h5 style=\"text-align: justify;\"><strong>UNA CAMPANA PARA ANUNCIAR LA RESOLUCI\u00d3N DEL CONFLICTO<\/strong><\/h5>\n<ul style=\"text-align: justify;\">\n<li>Para un\u00a0<strong>conflicto interno<\/strong>: No siempre se utiliza, pero si al ni\u00f1o le apetece anunciar que ya se siente mejor puede hacerlo tocando la campana.<\/li>\n<li>Para un\u00a0<strong>conflicto entre dos<\/strong>:\u00a0Cuando los dos implicados en el conflicto han hablado y han resuelto sus diferencias pueden tocar la campana los dos juntos para anunciar que han resuelto el conflicto.<\/li>\n<\/ul>\n<p style=\"text-align: justify;\">Nosotros tenemos\u00a0este timbre pulsador que a los ni\u00f1os les encanta y para tocarlo ponen una mano sobre otra.\u00a0<a href=\"http:\/\/www.amazon.es\/gp\/product\/B001BG4O0O\/ref=as_li_ss_tl?ie=UTF8&amp;camp=3626&amp;creative=24822&amp;creativeASIN=B001BG4O0O&amp;linkCode=as2&amp;tag=montencasa-21\" target=\"_blank\" rel=\"noopener noreferrer\">\u00c9ste es muy sencillo<\/a>, pero si quer\u00e9is un timbre realmente especial echadle un vistazo a\u00a0<a href=\"http:\/\/www.amazon.es\/gp\/product\/B00JP4Z71O\/ref=as_li_ss_tl?ie=UTF8&amp;camp=3626&amp;creative=24822&amp;creativeASIN=B00JP4Z71O&amp;linkCode=as2&amp;tag=montencasa-21\" target=\"_blank\" rel=\"noopener noreferrer\">\u00e9ste timbre de lat\u00f3n<\/a>. Y si prefer\u00eds una campana,\u00a0<a href=\"http:\/\/www.amazon.es\/gp\/product\/B004MDYRNM\/ref=as_li_ss_tl?ie=UTF8&amp;camp=3626&amp;creative=24822&amp;creativeASIN=B004MDYRNM&amp;linkCode=as2&amp;tag=montencasa-21\" target=\"_blank\" rel=\"noopener noreferrer\">\u00e9sta es muy resultona<\/a>.<\/p>\n<p style=\"text-align: justify;\"><img loading=\"lazy\" decoding=\"async\" class=\"alignnone size-full wp-image-42622\" src=\"https:\/\/webdelmaestrocmf.com\/portal\/wp-content\/uploads\/2019\/12\/1-33.jpg\" alt=\"\" width=\"800\" height=\"532\" srcset=\"https:\/\/webdelmaestrocmf.com\/portal\/wp-content\/uploads\/2019\/12\/1-33.jpg 800w, https:\/\/webdelmaestrocmf.com\/portal\/wp-content\/uploads\/2019\/12\/1-33-300x200.jpg 300w, https:\/\/webdelmaestrocmf.com\/portal\/wp-content\/uploads\/2019\/12\/1-33-768x511.jpg 768w, https:\/\/webdelmaestrocmf.com\/portal\/wp-content\/uploads\/2019\/12\/1-33-110x73.jpg 110w, https:\/\/webdelmaestrocmf.com\/portal\/wp-content\/uploads\/2019\/12\/1-33-200x133.jpg 200w, https:\/\/webdelmaestrocmf.com\/portal\/wp-content\/uploads\/2019\/12\/1-33-380x253.jpg 380w, https:\/\/webdelmaestrocmf.com\/portal\/wp-content\/uploads\/2019\/12\/1-33-255x170.jpg 255w, https:\/\/webdelmaestrocmf.com\/portal\/wp-content\/uploads\/2019\/12\/1-33-550x366.jpg 550w\" sizes=\"auto, (max-width: 800px) 100vw, 800px\" \/><\/p>\n<h5 style=\"text-align: justify;\"><strong>UN INSTRUMENTO MUSICAL RELAJANTE (OPCIONAL)<\/strong><\/h5>\n<ul style=\"text-align: justify;\">\n<li>Para un\u00a0<strong>conflicto interno<\/strong>: Cumple una funci\u00f3n similar a la del reloj de arena, ayuda a pausar un momento y calmarse.<\/li>\n<li>Para un\u00a0<strong>conflicto entre dos<\/strong>:\u00a0En este caso tenemos que valorar la situaci\u00f3n porque\u00a0si los ni\u00f1os est\u00e1n muy enfadados\u00a0y no quieren compartir el instrumento\u00a0podr\u00eda incluso agravar el conflicto, en ese caso es\u00a0mejor\u00a0colocar el reloj de arena sobre la mesa y que ambos ni\u00f1os lo observen. Pero s\u00ed puede ser una buena idea utilizarlo cuando veamos\u00a0que ambos est\u00e1n dispuestos a utilizar el instrumento\u00a0juntos. Cada situaci\u00f3n es diferente!<\/li>\n<\/ul>\n<p style=\"text-align: justify;\">Nosotros tenemos\u00a0<a href=\"http:\/\/www.amazon.es\/gp\/product\/B0033PQVOS\/ref=as_li_ss_tl?ie=UTF8&amp;camp=3626&amp;creative=24822&amp;creativeASIN=B0033PQVOS&amp;linkCode=as2&amp;tag=montencasa-21\" target=\"_blank\" rel=\"noopener noreferrer\">este palo de lluvia<\/a>, que para que suene bien hay que moverlo despacio, lo que invita\u00a0a pausar y controlar el movimiento del cuerpo, y adem\u00e1s cuando suena es muy relajante.<\/p>\n<p style=\"text-align: justify;\">Otra idea que me encanta es un\u00a0<a href=\"http:\/\/www.amazon.es\/gp\/search\/ref=as_li_ss_tl?ie=UTF8&amp;camp=3626&amp;creative=24822&amp;fst=as%3Aoff&amp;keywords=bol%20tibetano&amp;linkCode=ur2&amp;qid=1443515622&amp;rh=i%3Aaps%2Ck%3Abol%20tibetano%2Cp_85%3A831314031&amp;rnid=831276031&amp;tag=montencasa-21\" target=\"_blank\" rel=\"noopener noreferrer\">cuenco tibetano<\/a>, est\u00e1 en mi lista de deseos desde hace tiempo y cuando lo compre seguramente lo incluiremos en nuestra mesa de la paz.<\/p>\n<p style=\"text-align: justify;\"><img loading=\"lazy\" decoding=\"async\" class=\"alignnone size-full wp-image-42623\" src=\"https:\/\/webdelmaestrocmf.com\/portal\/wp-content\/uploads\/2019\/12\/1-34.jpg\" alt=\"\" width=\"800\" height=\"532\" srcset=\"https:\/\/webdelmaestrocmf.com\/portal\/wp-content\/uploads\/2019\/12\/1-34.jpg 800w, https:\/\/webdelmaestrocmf.com\/portal\/wp-content\/uploads\/2019\/12\/1-34-300x200.jpg 300w, https:\/\/webdelmaestrocmf.com\/portal\/wp-content\/uploads\/2019\/12\/1-34-768x511.jpg 768w, https:\/\/webdelmaestrocmf.com\/portal\/wp-content\/uploads\/2019\/12\/1-34-110x73.jpg 110w, https:\/\/webdelmaestrocmf.com\/portal\/wp-content\/uploads\/2019\/12\/1-34-200x133.jpg 200w, https:\/\/webdelmaestrocmf.com\/portal\/wp-content\/uploads\/2019\/12\/1-34-380x253.jpg 380w, https:\/\/webdelmaestrocmf.com\/portal\/wp-content\/uploads\/2019\/12\/1-34-255x170.jpg 255w, https:\/\/webdelmaestrocmf.com\/portal\/wp-content\/uploads\/2019\/12\/1-34-550x366.jpg 550w\" sizes=\"auto, (max-width: 800px) 100vw, 800px\" \/><\/p>\n<h5 style=\"text-align: justify;\"><strong>ALG\u00daN LIBRO SOBRE LA PAZ, LAS EMOCIONES&#8230;\u00a0(OPCIONAL)<\/strong><\/h5>\n<ul style=\"text-align: justify;\">\n<li>Para un\u00a0<strong>conflicto interno<\/strong>:\u00a0El ni\u00f1o puede utilizar el libro para identificar c\u00f3mo se siente, para ver c\u00f3mo se siente el personaje del libro en una situaci\u00f3n similar&#8230;<\/li>\n<li>Para un\u00a0<strong>conflicto entre dos<\/strong>: El ni\u00f1o que tiene la palabra puede utilizar el libro para expresar c\u00f3mo se siente.<\/li>\n<\/ul>\n<p style=\"text-align: justify;\">Nosotros tenemos el\u00a0<a href=\"http:\/\/www.amazon.es\/gp\/product\/8494151304\/ref=as_li_ss_tl?ie=UTF8&amp;camp=3626&amp;creative=24822&amp;creativeASIN=8494151304&amp;linkCode=as2&amp;tag=montencasa-21\" target=\"_blank\" rel=\"noopener noreferrer\">\u00abEmocionario\u00bb<\/a>, que aunque abarca muchas emociones y puede resultar algo complejo\u00a0para ni\u00f1os peque\u00f1os, est\u00e1 muy bien por las im\u00e1genes que describen cada emoci\u00f3n. \u00c9ste lo utilizo sobre todo yo, que tambi\u00e9n necesito la mesa de la paz de vez en cuando, y a veces lo leo con Alejandro, pero no suele ser en los momentos de conflicto.<\/p>\n<p style=\"text-align: justify;\">Tambi\u00e9n tenemos\u00a0<a href=\"http:\/\/www.amazon.es\/gp\/product\/1406347914\/ref=as_li_ss_tl?ie=UTF8&amp;camp=3626&amp;creative=24822&amp;creativeASIN=1406347914&amp;linkCode=as2&amp;tag=montencasa-21\" target=\"_blank\" rel=\"noopener noreferrer\">\u00abHow do you feel\u00bb<\/a>\u00a0(la versi\u00f3n en espa\u00f1ol es\u00a0<a href=\"http:\/\/www.amazon.es\/gp\/product\/8492608080\/ref=as_li_ss_tl?ie=UTF8&amp;camp=3626&amp;creative=24822&amp;creativeASIN=8492608080&amp;linkCode=as2&amp;tag=montencasa-21\" target=\"_blank\" rel=\"noopener noreferrer\">\u00abC\u00f3mo te sientes\u00bb<\/a>), que es muy sencillo, tiene una emoci\u00f3n en cada p\u00e1gina y se centra en lo que habitualmente suele afectar m\u00e1s a los ni\u00f1os (enfado, tristeza, verg\u00fcenza, culpa&#8230;)\u00a0e incluye\u00a0sensaciones que no son emociones, como el hambre y el sue\u00f1o, que todos sabemos la influencia que tienen en el estado de \u00e1nimo de los ni\u00f1os (y no tan ni\u00f1os). \u00c9ste lo utilizan mucho, incluso Sara empieza a fijarse en las emociones cuando Alejandro se las se\u00f1ala en el libro.<\/p>\n<p style=\"text-align: justify;\">Otro libro que puede ir muy bien es el archifamoso\u00a0<a href=\"http:\/\/www.amazon.es\/gp\/product\/8493987743\/ref=as_li_ss_tl?ie=UTF8&amp;camp=3626&amp;creative=24822&amp;creativeASIN=8493987743&amp;linkCode=as2&amp;tag=montencasa-21\" target=\"_blank\" rel=\"noopener noreferrer\">\u00abEl Monstruo de Colores\u00bb<\/a>, que\u00a0asigna un color a cada emoci\u00f3n, lo que puede resultar de ayuda con ni\u00f1os peque\u00f1os cuando tal vez no terminan de asociar el nombre de la emoci\u00f3n pero f\u00e1cilmente pueden asociar el color y decir \u00abAhora mismo estoy de color rojo!\u00bb en vez de \u00abAhora mismo siento ira!\u00bb.<\/p>\n<p style=\"text-align: justify;\"><img loading=\"lazy\" decoding=\"async\" class=\"alignnone size-full wp-image-42624\" src=\"https:\/\/webdelmaestrocmf.com\/portal\/wp-content\/uploads\/2019\/12\/1-35.jpg\" alt=\"\" width=\"800\" height=\"532\" srcset=\"https:\/\/webdelmaestrocmf.com\/portal\/wp-content\/uploads\/2019\/12\/1-35.jpg 800w, https:\/\/webdelmaestrocmf.com\/portal\/wp-content\/uploads\/2019\/12\/1-35-300x200.jpg 300w, https:\/\/webdelmaestrocmf.com\/portal\/wp-content\/uploads\/2019\/12\/1-35-768x511.jpg 768w, https:\/\/webdelmaestrocmf.com\/portal\/wp-content\/uploads\/2019\/12\/1-35-110x73.jpg 110w, https:\/\/webdelmaestrocmf.com\/portal\/wp-content\/uploads\/2019\/12\/1-35-200x133.jpg 200w, https:\/\/webdelmaestrocmf.com\/portal\/wp-content\/uploads\/2019\/12\/1-35-380x253.jpg 380w, https:\/\/webdelmaestrocmf.com\/portal\/wp-content\/uploads\/2019\/12\/1-35-255x170.jpg 255w, https:\/\/webdelmaestrocmf.com\/portal\/wp-content\/uploads\/2019\/12\/1-35-550x366.jpg 550w\" sizes=\"auto, (max-width: 800px) 100vw, 800px\" \/><\/p>\n<p style=\"text-align: justify;\">Y esto es todo lo que contiene nuestra mesa de la paz. Hay muchas otras cosas que se pueden incluir, pero como no quiero alargarme demasiado (ups&#8230; demasiado tarde!), os he\u00a0preparado una recopilaci\u00f3n de mesas de la paz para que os inspir\u00e9is si quer\u00e9is crear la vuestra, no os perd\u00e1is el post\u00a0<a title=\"15+ Mesas de la Paz que te inspirar\u00e1n \u2013 15+ Peace Corners that will inspire you\" href=\"https:\/\/www.montessoriencasa.es\/15-mesa-de-la-paz-que-te-inspiraran\/\" rel=\"bookmark\"><strong>15+ Mesas de la Paz que te inspirar\u00e1n.<\/strong><\/a><\/p>\n<p><strong>Este contenido ha sido publicado originalmente por <a href=\"http:\/\/montessoriencasa.es\" target=\"_blank\" rel=\"noopener noreferrer\">MONTESSORI EN CASA<\/a> y <a href=\"http:\/\/montessoridelbosque.com\" target=\"_blank\" rel=\"noopener noreferrer\">MONTESSORI DEL BOSQUE<\/a><\/strong><\/p>\n\t\t<div class=\"pk-inline-posts\">\n\t\t\t\n\t\t\t<div class=\"pk-inline-posts-container pk-inline-posts-template-list\"\n\t\t\t\tdata-columns=\"1\">\n\t\t\t\t\t\t<article id=\"post-117790\" class=\"post-117790 post type-post status-publish format-standard has-post-thumbnail category-montessori category-pedagogia tag-aprendizaje tag-autonomia-2 tag-desarrollo-infantil tag-didactica-3 tag-docentes tag-educacion-3 tag-formacion-3 tag-montessori tag-pedagogia-3 tag-pensamiento-critico-3 cs-entry cs-video-wrap\">\n\t\t\t<div class=\"pk-post-outer\">\n\n\t\t\t\t\t\t\t\t<div class=\"pk-post-inner\">\n\t\t\t\t\t<div class=\"entry-thumbnail\">\n\t\t\t\t\t\t<div class=\"pk-overlay pk-overlay-ratio pk-ratio-landscape\">\n\t\t\t\t\t\t\t<div class=\"pk-overlay-background\">\n\t\t\t\t\t\t\t\t<a href=\"https:\/\/webdelmaestrocmf.com\/portal\/maria-montessori-facilitar-las-cosas-al-nino-sin-necesidad-en-lugar-de-ayudarle-solo-sirve-para-estancarlo\/\" class=\"pk-overlay-link\">\n\t\t\t\t\t\t\t\t\t<img loading=\"lazy\" decoding=\"async\" width=\"300\" height=\"225\" src=\"https:\/\/webdelmaestrocmf.com\/portal\/wp-content\/uploads\/2026\/04\/1AA-Banner-1-portada-imagen-10-1-copia-17-1-300x225.webp\" class=\"attachment-pk-thumbnail size-pk-thumbnail wp-post-image\" alt=\"\" \/>\t\t\t\t\t\t\t\t<\/a>\n\t\t\t\t\t\t\t<\/div>\n\t\t\t\t\t\t<\/div>\n\t\t\t\t\t<\/div>\n\t\t\t\t<\/div>\n\t\t\t\t\n\t\t\t\t<div class=\"pk-post-inner\">\n\t\t\t\t\t<header>\n\t\t\t\t\t\t<h3 class=\"pk-title\"><a href=\"https:\/\/webdelmaestrocmf.com\/portal\/maria-montessori-facilitar-las-cosas-al-nino-sin-necesidad-en-lugar-de-ayudarle-solo-sirve-para-estancarlo\/\" rel=\"bookmark\">Mar\u00eda Montessori: \u00abFacilitar las cosas al ni\u00f1o sin necesidad, en lugar de ayudarle, solo sirve para estancarlo\u00bb<\/a><\/h3>\t\t\t\t\t<\/header><!-- .entry-header -->\n\t\t\t\t<\/div><!-- .post-inner -->\n\n\t\t\t<\/div><!-- .post-outer -->\n\t\t<\/article>\n\t\t\t\t<\/div>\n\t\t<\/div>\n\t\t\n","protected":false},"excerpt":{"rendered":"La\u00a0Educaci\u00f3n para la Paz\u00a0es una parte muy importante del curr\u00edculo montessoriano, y una caracter\u00edstica peculiar de las escuelas&hellip;","protected":false},"author":1,"featured_media":67996,"comment_status":"open","ping_status":"closed","sticky":false,"template":"","format":"standard","meta":{"csco_display_header_overlay":false,"csco_singular_sidebar":"default","csco_page_header_type":"default","csco_page_load_nextpost":"default","csco_post_video_location":[],"csco_post_video_location_hash":"","csco_post_video_url":"","csco_post_video_bg_start_time":0,"csco_post_video_bg_end_time":0,"csco_post_video_bg_volume":false,"_jetpack_memberships_contains_paid_content":false,"footnotes":""},"categories":[4026,735],"tags":[1697,1091,4583,1669,1452,3117,863],"class_list":{"0":"post-42619","1":"post","2":"type-post","3":"status-publish","4":"format-standard","5":"has-post-thumbnail","7":"category-montessori","8":"category-pedagogia","9":"tag-conflictos","10":"tag-hogar","11":"tag-mesa","12":"tag-montessori","13":"tag-paz","14":"tag-resolver","15":"tag-tecnica","16":"cs-entry","17":"cs-video-wrap"},"yoast_head":"<!-- This site is optimized with the Yoast SEO plugin v27.5 - https:\/\/yoast.com\/product\/yoast-seo-wordpress\/ -->\n<title>La mesa de la paz: Una t\u00e9cnica Montessori para resolver conflictos en el hogar y en la escuela - 2026<\/title>\n<meta name=\"description\" content=\"Cuenta la historia que Mar\u00eda Montessori escuch\u00f3 a una ni\u00f1a de origen chino y a otra de origen indio discutir sobre cu\u00e1l de las dos...\" \/>\n<meta name=\"robots\" content=\"index, follow, max-snippet:-1, max-image-preview:large, max-video-preview:-1\" \/>\n<link rel=\"canonical\" href=\"https:\/\/webdelmaestrocmf.com\/portal\/la-mesa-de-la-paz-una-tecnica-montessori-para-resolver-conflictos-en-el-hogar-y-en-la-escuela\/\" \/>\n<meta property=\"og:locale\" content=\"es_ES\" \/>\n<meta property=\"og:type\" content=\"article\" \/>\n<meta property=\"og:title\" content=\"La mesa de la paz: Una t\u00e9cnica Montessori para resolver conflictos en el hogar y en la escuela - 2026\" \/>\n<meta property=\"og:description\" content=\"Cuenta la historia que Mar\u00eda Montessori escuch\u00f3 a una ni\u00f1a de origen chino y a otra de origen indio discutir sobre cu\u00e1l de las dos...\" \/>\n<meta property=\"og:url\" content=\"https:\/\/webdelmaestrocmf.com\/portal\/la-mesa-de-la-paz-una-tecnica-montessori-para-resolver-conflictos-en-el-hogar-y-en-la-escuela\/\" \/>\n<meta property=\"og:site_name\" content=\"Web del Maestro CMF\" \/>\n<meta property=\"article:publisher\" content=\"https:\/\/www.facebook.com\/WebdelMaestroCMF\/\" \/>\n<meta property=\"article:author\" content=\"https:\/\/www.facebook.com\/WebdelMaestroCMF\/\" \/>\n<meta property=\"article:published_time\" content=\"2021-09-15T23:18:16+00:00\" \/>\n<meta property=\"article:modified_time\" content=\"2022-07-27T14:41:19+00:00\" \/>\n<meta property=\"og:image\" content=\"https:\/\/i0.wp.com\/webdelmaestrocmf.com\/portal\/wp-content\/uploads\/2019\/12\/1-102.jpg?fit=1100%2C680&ssl=1\" \/>\n\t<meta property=\"og:image:width\" content=\"1100\" \/>\n\t<meta property=\"og:image:height\" content=\"680\" \/>\n\t<meta property=\"og:image:type\" content=\"image\/jpeg\" \/>\n<meta name=\"author\" content=\"Web del Maestro CMF\" \/>\n<meta name=\"twitter:card\" content=\"summary_large_image\" \/>\n<meta name=\"twitter:creator\" content=\"@cmf_w\" \/>\n<meta name=\"twitter:site\" content=\"@cmf_w\" \/>\n<script type=\"application\/ld+json\" class=\"yoast-schema-graph\">{\"@context\":\"https:\\\/\\\/schema.org\",\"@graph\":[{\"@type\":\"ScholarlyArticle\",\"@id\":\"https:\\\/\\\/webdelmaestrocmf.com\\\/portal\\\/la-mesa-de-la-paz-una-tecnica-montessori-para-resolver-conflictos-en-el-hogar-y-en-la-escuela\\\/#article\",\"isPartOf\":{\"@id\":\"https:\\\/\\\/webdelmaestrocmf.com\\\/portal\\\/la-mesa-de-la-paz-una-tecnica-montessori-para-resolver-conflictos-en-el-hogar-y-en-la-escuela\\\/\"},\"author\":{\"name\":\"Web del Maestro CMF\",\"@id\":\"https:\\\/\\\/webdelmaestrocmf.com\\\/portal\\\/#\\\/schema\\\/person\\\/1072a2ed7bd960df8ef99a551fa35dc5\"},\"headline\":\"La mesa de la paz: Una t\u00e9cnica Montessori para resolver conflictos en el hogar y en la escuela\",\"datePublished\":\"2021-09-15T23:18:16+00:00\",\"dateModified\":\"2022-07-27T14:41:19+00:00\",\"mainEntityOfPage\":{\"@id\":\"https:\\\/\\\/webdelmaestrocmf.com\\\/portal\\\/la-mesa-de-la-paz-una-tecnica-montessori-para-resolver-conflictos-en-el-hogar-y-en-la-escuela\\\/\"},\"wordCount\":1426,\"commentCount\":0,\"publisher\":{\"@id\":\"https:\\\/\\\/webdelmaestrocmf.com\\\/portal\\\/#organization\"},\"image\":{\"@id\":\"https:\\\/\\\/webdelmaestrocmf.com\\\/portal\\\/la-mesa-de-la-paz-una-tecnica-montessori-para-resolver-conflictos-en-el-hogar-y-en-la-escuela\\\/#primaryimage\"},\"thumbnailUrl\":\"https:\\\/\\\/webdelmaestrocmf.com\\\/portal\\\/wp-content\\\/uploads\\\/2019\\\/12\\\/1-102.jpg\",\"keywords\":[\"CONFLICTOS\",\"HOGAR\",\"mesa\",\"MONTESSORI\",\"PAZ\",\"RESOLVER\",\"T\u00c9CNICA\"],\"articleSection\":[\"Montessori\",\"Recursos\"],\"inLanguage\":\"es\",\"potentialAction\":[{\"@type\":\"CommentAction\",\"name\":\"Comment\",\"target\":[\"https:\\\/\\\/webdelmaestrocmf.com\\\/portal\\\/la-mesa-de-la-paz-una-tecnica-montessori-para-resolver-conflictos-en-el-hogar-y-en-la-escuela\\\/#respond\"]}]},{\"@type\":\"WebPage\",\"@id\":\"https:\\\/\\\/webdelmaestrocmf.com\\\/portal\\\/la-mesa-de-la-paz-una-tecnica-montessori-para-resolver-conflictos-en-el-hogar-y-en-la-escuela\\\/\",\"url\":\"https:\\\/\\\/webdelmaestrocmf.com\\\/portal\\\/la-mesa-de-la-paz-una-tecnica-montessori-para-resolver-conflictos-en-el-hogar-y-en-la-escuela\\\/\",\"name\":\"La mesa de la paz: Una t\u00e9cnica Montessori para resolver conflictos en el hogar y en la escuela - 2026\",\"isPartOf\":{\"@id\":\"https:\\\/\\\/webdelmaestrocmf.com\\\/portal\\\/#website\"},\"primaryImageOfPage\":{\"@id\":\"https:\\\/\\\/webdelmaestrocmf.com\\\/portal\\\/la-mesa-de-la-paz-una-tecnica-montessori-para-resolver-conflictos-en-el-hogar-y-en-la-escuela\\\/#primaryimage\"},\"image\":{\"@id\":\"https:\\\/\\\/webdelmaestrocmf.com\\\/portal\\\/la-mesa-de-la-paz-una-tecnica-montessori-para-resolver-conflictos-en-el-hogar-y-en-la-escuela\\\/#primaryimage\"},\"thumbnailUrl\":\"https:\\\/\\\/webdelmaestrocmf.com\\\/portal\\\/wp-content\\\/uploads\\\/2019\\\/12\\\/1-102.jpg\",\"datePublished\":\"2021-09-15T23:18:16+00:00\",\"dateModified\":\"2022-07-27T14:41:19+00:00\",\"description\":\"Cuenta la historia que Mar\u00eda Montessori escuch\u00f3 a una ni\u00f1a de origen chino y a otra de origen indio discutir sobre cu\u00e1l de las dos...\",\"breadcrumb\":{\"@id\":\"https:\\\/\\\/webdelmaestrocmf.com\\\/portal\\\/la-mesa-de-la-paz-una-tecnica-montessori-para-resolver-conflictos-en-el-hogar-y-en-la-escuela\\\/#breadcrumb\"},\"inLanguage\":\"es\",\"potentialAction\":[{\"@type\":\"ReadAction\",\"target\":[\"https:\\\/\\\/webdelmaestrocmf.com\\\/portal\\\/la-mesa-de-la-paz-una-tecnica-montessori-para-resolver-conflictos-en-el-hogar-y-en-la-escuela\\\/\"]}]},{\"@type\":\"ImageObject\",\"inLanguage\":\"es\",\"@id\":\"https:\\\/\\\/webdelmaestrocmf.com\\\/portal\\\/la-mesa-de-la-paz-una-tecnica-montessori-para-resolver-conflictos-en-el-hogar-y-en-la-escuela\\\/#primaryimage\",\"url\":\"https:\\\/\\\/webdelmaestrocmf.com\\\/portal\\\/wp-content\\\/uploads\\\/2019\\\/12\\\/1-102.jpg\",\"contentUrl\":\"https:\\\/\\\/webdelmaestrocmf.com\\\/portal\\\/wp-content\\\/uploads\\\/2019\\\/12\\\/1-102.jpg\",\"width\":1100,\"height\":680},{\"@type\":\"BreadcrumbList\",\"@id\":\"https:\\\/\\\/webdelmaestrocmf.com\\\/portal\\\/la-mesa-de-la-paz-una-tecnica-montessori-para-resolver-conflictos-en-el-hogar-y-en-la-escuela\\\/#breadcrumb\",\"itemListElement\":[{\"@type\":\"ListItem\",\"position\":1,\"name\":\"Portada\",\"item\":\"https:\\\/\\\/webdelmaestrocmf.com\\\/portal\\\/\"},{\"@type\":\"ListItem\",\"position\":2,\"name\":\"Recursos\",\"item\":\"https:\\\/\\\/webdelmaestrocmf.com\\\/portal\\\/category\\\/pedagogia\\\/\"},{\"@type\":\"ListItem\",\"position\":3,\"name\":\"La mesa de la paz: Una t\u00e9cnica Montessori para resolver conflictos en el hogar y en la escuela\"}]},{\"@type\":\"WebSite\",\"@id\":\"https:\\\/\\\/webdelmaestrocmf.com\\\/portal\\\/#website\",\"url\":\"https:\\\/\\\/webdelmaestrocmf.com\\\/portal\\\/\",\"name\":\"Web del Maestro CMF\",\"description\":\"Maestros al servicio de la educaci\u00f3n\",\"publisher\":{\"@id\":\"https:\\\/\\\/webdelmaestrocmf.com\\\/portal\\\/#organization\"},\"alternateName\":\"WMCMF\",\"potentialAction\":[{\"@type\":\"SearchAction\",\"target\":{\"@type\":\"EntryPoint\",\"urlTemplate\":\"https:\\\/\\\/webdelmaestrocmf.com\\\/portal\\\/?s={search_term_string}\"},\"query-input\":{\"@type\":\"PropertyValueSpecification\",\"valueRequired\":true,\"valueName\":\"search_term_string\"}}],\"inLanguage\":\"es\"},{\"@type\":\"Organization\",\"@id\":\"https:\\\/\\\/webdelmaestrocmf.com\\\/portal\\\/#organization\",\"name\":\"Web del Maestro CMF\",\"alternateName\":\"WMCMF\",\"url\":\"https:\\\/\\\/webdelmaestrocmf.com\\\/portal\\\/\",\"logo\":{\"@type\":\"ImageObject\",\"inLanguage\":\"es\",\"@id\":\"https:\\\/\\\/webdelmaestrocmf.com\\\/portal\\\/#\\\/schema\\\/logo\\\/image\\\/\",\"url\":\"https:\\\/\\\/webdelmaestrocmf.com\\\/portal\\\/wp-content\\\/uploads\\\/2023\\\/01\\\/logo-wmcmf-2.png\",\"contentUrl\":\"https:\\\/\\\/webdelmaestrocmf.com\\\/portal\\\/wp-content\\\/uploads\\\/2023\\\/01\\\/logo-wmcmf-2.png\",\"width\":200,\"height\":60,\"caption\":\"Web del Maestro CMF\"},\"image\":{\"@id\":\"https:\\\/\\\/webdelmaestrocmf.com\\\/portal\\\/#\\\/schema\\\/logo\\\/image\\\/\"},\"sameAs\":[\"https:\\\/\\\/www.facebook.com\\\/WebdelMaestroCMF\\\/\",\"https:\\\/\\\/x.com\\\/cmf_w\",\"https:\\\/\\\/www.pinterest.com\\\/WMCMF\\\/\",\"https:\\\/\\\/www.linkedin.com\\\/company\\\/web-del-maestro-cmf\\\/\",\"https:\\\/\\\/www.instagram.com\\\/wmcmf\\\/\",\"https:\\\/\\\/www.youtube.com\\\/channel\\\/UCDPSvjbdodE5sHnC3OxutHw\",\"https:\\\/\\\/mastodon.social\\\/@wmcmf\",\"https:\\\/\\\/www.tiktok.com\\\/@webdelmaestrocmf\"]},{\"@type\":\"Person\",\"@id\":\"https:\\\/\\\/webdelmaestrocmf.com\\\/portal\\\/#\\\/schema\\\/person\\\/1072a2ed7bd960df8ef99a551fa35dc5\",\"name\":\"Web del Maestro CMF\",\"image\":{\"@type\":\"ImageObject\",\"inLanguage\":\"es\",\"@id\":\"https:\\\/\\\/secure.gravatar.com\\\/avatar\\\/23291dd5b5ae1077dcff3dbb04c3e02bd28403fa75af6d8787d5e97c5bbbe30b?s=96&d=mm&r=g\",\"url\":\"https:\\\/\\\/secure.gravatar.com\\\/avatar\\\/23291dd5b5ae1077dcff3dbb04c3e02bd28403fa75af6d8787d5e97c5bbbe30b?s=96&d=mm&r=g\",\"contentUrl\":\"https:\\\/\\\/secure.gravatar.com\\\/avatar\\\/23291dd5b5ae1077dcff3dbb04c3e02bd28403fa75af6d8787d5e97c5bbbe30b?s=96&d=mm&r=g\",\"caption\":\"Web del Maestro CMF\"},\"description\":\"Esta Web se cre\u00f3 sin fines de lucro, con fines educativos, cient\u00edficos y acad\u00e9micos, para personas que tengan dificultades y\\\/o inconvenientes en visualizar el material original. El objetivo es entregar recursos, compartir experiencias y materiales que ayuden a los padres de familia, maestros y estudiantes en su actualizaci\u00f3n y formaci\u00f3n permanente, en bien de la Educaci\u00f3n.\",\"sameAs\":[\"http:\\\/\\\/webdelmaestrocmf.com\\\/portal\",\"https:\\\/\\\/www.facebook.com\\\/WebdelMaestroCMF\\\/\",\"https:\\\/\\\/www.instagram.com\\\/wmcmf\\\/\",\"https:\\\/\\\/cl.linkedin.com\\\/company\\\/web-del-maestro-cmf\",\"https:\\\/\\\/www.pinterest.com\\\/WMCMF\\\/publicaciones\\\/\",\"https:\\\/\\\/x.com\\\/cmf_w\",\"https:\\\/\\\/www.youtube.com\\\/@WMCMF\"]}]}<\/script>\n<!-- \/ Yoast SEO plugin. -->","yoast_head_json":{"title":"La mesa de la paz: Una t\u00e9cnica Montessori para resolver conflictos en el hogar y en la escuela - 2026","description":"Cuenta la historia que Mar\u00eda Montessori escuch\u00f3 a una ni\u00f1a de origen chino y a otra de origen indio discutir sobre cu\u00e1l de las dos...","robots":{"index":"index","follow":"follow","max-snippet":"max-snippet:-1","max-image-preview":"max-image-preview:large","max-video-preview":"max-video-preview:-1"},"canonical":"https:\/\/webdelmaestrocmf.com\/portal\/la-mesa-de-la-paz-una-tecnica-montessori-para-resolver-conflictos-en-el-hogar-y-en-la-escuela\/","og_locale":"es_ES","og_type":"article","og_title":"La mesa de la paz: Una t\u00e9cnica Montessori para resolver conflictos en el hogar y en la escuela - 2026","og_description":"Cuenta la historia que Mar\u00eda Montessori escuch\u00f3 a una ni\u00f1a de origen chino y a otra de origen indio discutir sobre cu\u00e1l de las dos...","og_url":"https:\/\/webdelmaestrocmf.com\/portal\/la-mesa-de-la-paz-una-tecnica-montessori-para-resolver-conflictos-en-el-hogar-y-en-la-escuela\/","og_site_name":"Web del Maestro CMF","article_publisher":"https:\/\/www.facebook.com\/WebdelMaestroCMF\/","article_author":"https:\/\/www.facebook.com\/WebdelMaestroCMF\/","article_published_time":"2021-09-15T23:18:16+00:00","article_modified_time":"2022-07-27T14:41:19+00:00","og_image":[{"width":1100,"height":680,"url":"https:\/\/i0.wp.com\/webdelmaestrocmf.com\/portal\/wp-content\/uploads\/2019\/12\/1-102.jpg?fit=1100%2C680&ssl=1","type":"image\/jpeg"}],"author":"Web del Maestro CMF","twitter_card":"summary_large_image","twitter_creator":"@cmf_w","twitter_site":"@cmf_w","schema":{"@context":"https:\/\/schema.org","@graph":[{"@type":"ScholarlyArticle","@id":"https:\/\/webdelmaestrocmf.com\/portal\/la-mesa-de-la-paz-una-tecnica-montessori-para-resolver-conflictos-en-el-hogar-y-en-la-escuela\/#article","isPartOf":{"@id":"https:\/\/webdelmaestrocmf.com\/portal\/la-mesa-de-la-paz-una-tecnica-montessori-para-resolver-conflictos-en-el-hogar-y-en-la-escuela\/"},"author":{"name":"Web del Maestro CMF","@id":"https:\/\/webdelmaestrocmf.com\/portal\/#\/schema\/person\/1072a2ed7bd960df8ef99a551fa35dc5"},"headline":"La mesa de la paz: Una t\u00e9cnica Montessori para resolver conflictos en el hogar y en la escuela","datePublished":"2021-09-15T23:18:16+00:00","dateModified":"2022-07-27T14:41:19+00:00","mainEntityOfPage":{"@id":"https:\/\/webdelmaestrocmf.com\/portal\/la-mesa-de-la-paz-una-tecnica-montessori-para-resolver-conflictos-en-el-hogar-y-en-la-escuela\/"},"wordCount":1426,"commentCount":0,"publisher":{"@id":"https:\/\/webdelmaestrocmf.com\/portal\/#organization"},"image":{"@id":"https:\/\/webdelmaestrocmf.com\/portal\/la-mesa-de-la-paz-una-tecnica-montessori-para-resolver-conflictos-en-el-hogar-y-en-la-escuela\/#primaryimage"},"thumbnailUrl":"https:\/\/webdelmaestrocmf.com\/portal\/wp-content\/uploads\/2019\/12\/1-102.jpg","keywords":["CONFLICTOS","HOGAR","mesa","MONTESSORI","PAZ","RESOLVER","T\u00c9CNICA"],"articleSection":["Montessori","Recursos"],"inLanguage":"es","potentialAction":[{"@type":"CommentAction","name":"Comment","target":["https:\/\/webdelmaestrocmf.com\/portal\/la-mesa-de-la-paz-una-tecnica-montessori-para-resolver-conflictos-en-el-hogar-y-en-la-escuela\/#respond"]}]},{"@type":"WebPage","@id":"https:\/\/webdelmaestrocmf.com\/portal\/la-mesa-de-la-paz-una-tecnica-montessori-para-resolver-conflictos-en-el-hogar-y-en-la-escuela\/","url":"https:\/\/webdelmaestrocmf.com\/portal\/la-mesa-de-la-paz-una-tecnica-montessori-para-resolver-conflictos-en-el-hogar-y-en-la-escuela\/","name":"La mesa de la paz: Una t\u00e9cnica Montessori para resolver conflictos en el hogar y en la escuela - 2026","isPartOf":{"@id":"https:\/\/webdelmaestrocmf.com\/portal\/#website"},"primaryImageOfPage":{"@id":"https:\/\/webdelmaestrocmf.com\/portal\/la-mesa-de-la-paz-una-tecnica-montessori-para-resolver-conflictos-en-el-hogar-y-en-la-escuela\/#primaryimage"},"image":{"@id":"https:\/\/webdelmaestrocmf.com\/portal\/la-mesa-de-la-paz-una-tecnica-montessori-para-resolver-conflictos-en-el-hogar-y-en-la-escuela\/#primaryimage"},"thumbnailUrl":"https:\/\/webdelmaestrocmf.com\/portal\/wp-content\/uploads\/2019\/12\/1-102.jpg","datePublished":"2021-09-15T23:18:16+00:00","dateModified":"2022-07-27T14:41:19+00:00","description":"Cuenta la historia que Mar\u00eda Montessori escuch\u00f3 a una ni\u00f1a de origen chino y a otra de origen indio discutir sobre cu\u00e1l de las dos...","breadcrumb":{"@id":"https:\/\/webdelmaestrocmf.com\/portal\/la-mesa-de-la-paz-una-tecnica-montessori-para-resolver-conflictos-en-el-hogar-y-en-la-escuela\/#breadcrumb"},"inLanguage":"es","potentialAction":[{"@type":"ReadAction","target":["https:\/\/webdelmaestrocmf.com\/portal\/la-mesa-de-la-paz-una-tecnica-montessori-para-resolver-conflictos-en-el-hogar-y-en-la-escuela\/"]}]},{"@type":"ImageObject","inLanguage":"es","@id":"https:\/\/webdelmaestrocmf.com\/portal\/la-mesa-de-la-paz-una-tecnica-montessori-para-resolver-conflictos-en-el-hogar-y-en-la-escuela\/#primaryimage","url":"https:\/\/webdelmaestrocmf.com\/portal\/wp-content\/uploads\/2019\/12\/1-102.jpg","contentUrl":"https:\/\/webdelmaestrocmf.com\/portal\/wp-content\/uploads\/2019\/12\/1-102.jpg","width":1100,"height":680},{"@type":"BreadcrumbList","@id":"https:\/\/webdelmaestrocmf.com\/portal\/la-mesa-de-la-paz-una-tecnica-montessori-para-resolver-conflictos-en-el-hogar-y-en-la-escuela\/#breadcrumb","itemListElement":[{"@type":"ListItem","position":1,"name":"Portada","item":"https:\/\/webdelmaestrocmf.com\/portal\/"},{"@type":"ListItem","position":2,"name":"Recursos","item":"https:\/\/webdelmaestrocmf.com\/portal\/category\/pedagogia\/"},{"@type":"ListItem","position":3,"name":"La mesa de la paz: Una t\u00e9cnica Montessori para resolver conflictos en el hogar y en la escuela"}]},{"@type":"WebSite","@id":"https:\/\/webdelmaestrocmf.com\/portal\/#website","url":"https:\/\/webdelmaestrocmf.com\/portal\/","name":"Web del Maestro CMF","description":"Maestros al servicio de la educaci\u00f3n","publisher":{"@id":"https:\/\/webdelmaestrocmf.com\/portal\/#organization"},"alternateName":"WMCMF","potentialAction":[{"@type":"SearchAction","target":{"@type":"EntryPoint","urlTemplate":"https:\/\/webdelmaestrocmf.com\/portal\/?s={search_term_string}"},"query-input":{"@type":"PropertyValueSpecification","valueRequired":true,"valueName":"search_term_string"}}],"inLanguage":"es"},{"@type":"Organization","@id":"https:\/\/webdelmaestrocmf.com\/portal\/#organization","name":"Web del Maestro CMF","alternateName":"WMCMF","url":"https:\/\/webdelmaestrocmf.com\/portal\/","logo":{"@type":"ImageObject","inLanguage":"es","@id":"https:\/\/webdelmaestrocmf.com\/portal\/#\/schema\/logo\/image\/","url":"https:\/\/webdelmaestrocmf.com\/portal\/wp-content\/uploads\/2023\/01\/logo-wmcmf-2.png","contentUrl":"https:\/\/webdelmaestrocmf.com\/portal\/wp-content\/uploads\/2023\/01\/logo-wmcmf-2.png","width":200,"height":60,"caption":"Web del Maestro CMF"},"image":{"@id":"https:\/\/webdelmaestrocmf.com\/portal\/#\/schema\/logo\/image\/"},"sameAs":["https:\/\/www.facebook.com\/WebdelMaestroCMF\/","https:\/\/x.com\/cmf_w","https:\/\/www.pinterest.com\/WMCMF\/","https:\/\/www.linkedin.com\/company\/web-del-maestro-cmf\/","https:\/\/www.instagram.com\/wmcmf\/","https:\/\/www.youtube.com\/channel\/UCDPSvjbdodE5sHnC3OxutHw","https:\/\/mastodon.social\/@wmcmf","https:\/\/www.tiktok.com\/@webdelmaestrocmf"]},{"@type":"Person","@id":"https:\/\/webdelmaestrocmf.com\/portal\/#\/schema\/person\/1072a2ed7bd960df8ef99a551fa35dc5","name":"Web del Maestro CMF","image":{"@type":"ImageObject","inLanguage":"es","@id":"https:\/\/secure.gravatar.com\/avatar\/23291dd5b5ae1077dcff3dbb04c3e02bd28403fa75af6d8787d5e97c5bbbe30b?s=96&d=mm&r=g","url":"https:\/\/secure.gravatar.com\/avatar\/23291dd5b5ae1077dcff3dbb04c3e02bd28403fa75af6d8787d5e97c5bbbe30b?s=96&d=mm&r=g","contentUrl":"https:\/\/secure.gravatar.com\/avatar\/23291dd5b5ae1077dcff3dbb04c3e02bd28403fa75af6d8787d5e97c5bbbe30b?s=96&d=mm&r=g","caption":"Web del Maestro CMF"},"description":"Esta Web se cre\u00f3 sin fines de lucro, con fines educativos, cient\u00edficos y acad\u00e9micos, para personas que tengan dificultades y\/o inconvenientes en visualizar el material original. El objetivo es entregar recursos, compartir experiencias y materiales que ayuden a los padres de familia, maestros y estudiantes en su actualizaci\u00f3n y formaci\u00f3n permanente, en bien de la Educaci\u00f3n.","sameAs":["http:\/\/webdelmaestrocmf.com\/portal","https:\/\/www.facebook.com\/WebdelMaestroCMF\/","https:\/\/www.instagram.com\/wmcmf\/","https:\/\/cl.linkedin.com\/company\/web-del-maestro-cmf","https:\/\/www.pinterest.com\/WMCMF\/publicaciones\/","https:\/\/x.com\/cmf_w","https:\/\/www.youtube.com\/@WMCMF"]}]}},"jetpack_featured_media_url":"https:\/\/webdelmaestrocmf.com\/portal\/wp-content\/uploads\/2019\/12\/1-102.jpg","jetpack_sharing_enabled":true,"jetpack-related-posts":[{"id":107863,"url":"https:\/\/webdelmaestrocmf.com\/portal\/las-cualidades-de-un-buen-docente-por-maria-montessori\/","url_meta":{"origin":42619,"position":0},"title":"Las cualidades de un buen docente por Mar\u00eda Montessori","author":"Web del Maestro CMF","date":"25 junio, 2025","format":false,"excerpt":"Ser docente es mucho m\u00e1s que transmitir conocimientos. Es acompa\u00f1ar, observar, preparar el ambiente y confiar en el potencial de cada ni\u00f1o.","rel":"","context":"En \u00abCualidades caracter\u00edsticas habilidades\u00bb","block_context":{"text":"Cualidades caracter\u00edsticas habilidades","link":"https:\/\/webdelmaestrocmf.com\/portal\/category\/pedagogia\/cualidades-caracteristicas-habilidades\/"},"img":{"alt_text":"","src":"https:\/\/i0.wp.com\/webdelmaestrocmf.com\/portal\/wp-content\/uploads\/2025\/02\/1A-Banner-1-portada-imagen-10-1-59.jpg?resize=350%2C200&ssl=1","width":350,"height":200,"srcset":"https:\/\/i0.wp.com\/webdelmaestrocmf.com\/portal\/wp-content\/uploads\/2025\/02\/1A-Banner-1-portada-imagen-10-1-59.jpg?resize=350%2C200&ssl=1 1x, https:\/\/i0.wp.com\/webdelmaestrocmf.com\/portal\/wp-content\/uploads\/2025\/02\/1A-Banner-1-portada-imagen-10-1-59.jpg?resize=525%2C300&ssl=1 1.5x, https:\/\/i0.wp.com\/webdelmaestrocmf.com\/portal\/wp-content\/uploads\/2025\/02\/1A-Banner-1-portada-imagen-10-1-59.jpg?resize=700%2C400&ssl=1 2x"},"classes":[]},{"id":108471,"url":"https:\/\/webdelmaestrocmf.com\/portal\/el-triangulo-montessori-la-clave-de-una-pedagogia-transformadora\/","url_meta":{"origin":42619,"position":1},"title":"El tri\u00e1ngulo Montessori: La clave de una pedagog\u00eda transformadora","author":"Web del Maestro CMF","date":"26 marzo, 2025","format":false,"excerpt":"La pedagog\u00eda Montessori no se basa en f\u00f3rmulas r\u00edgidas ni en m\u00e9todos de ense\u00f1anza tradicionales. Su esencia est\u00e1 en un equilibrio sutil pero poderoso entre tres elementos fundamentales que forman lo que se conoce como el tri\u00e1ngulo Montessori: el ni\u00f1o, el adulto preparado y el ambiente. Comprender c\u00f3mo se relacionan\u2026","rel":"","context":"En \u00abMontessori\u00bb","block_context":{"text":"Montessori","link":"https:\/\/webdelmaestrocmf.com\/portal\/category\/pedagogia\/montessori\/"},"img":{"alt_text":"","src":"https:\/\/i0.wp.com\/webdelmaestrocmf.com\/portal\/wp-content\/uploads\/2025\/03\/1A-Banner-1-portada-imagen-10-1-10.jpg?resize=350%2C200&ssl=1","width":350,"height":200,"srcset":"https:\/\/i0.wp.com\/webdelmaestrocmf.com\/portal\/wp-content\/uploads\/2025\/03\/1A-Banner-1-portada-imagen-10-1-10.jpg?resize=350%2C200&ssl=1 1x, https:\/\/i0.wp.com\/webdelmaestrocmf.com\/portal\/wp-content\/uploads\/2025\/03\/1A-Banner-1-portada-imagen-10-1-10.jpg?resize=525%2C300&ssl=1 1.5x, https:\/\/i0.wp.com\/webdelmaestrocmf.com\/portal\/wp-content\/uploads\/2025\/03\/1A-Banner-1-portada-imagen-10-1-10.jpg?resize=700%2C400&ssl=1 2x"},"classes":[]},{"id":34020,"url":"https:\/\/webdelmaestrocmf.com\/portal\/educados-con-el-metodo-montessori-garcia-marquez-jeff-bezos-sergey-brin-y-larry-page\/","url_meta":{"origin":42619,"position":2},"title":"Garc\u00eda M\u00e1rquez, Jeff Bezos, Sergey Brin y Larry Page, fueron educados con el \u00abM\u00e9todo Montessori\u00bb","author":"Web del Maestro CMF","date":"21 diciembre, 2021","format":false,"excerpt":"La educadora italiana Mar\u00eda Montessori (1870 \u2013 1952), cuyo nombre completo fue Maria Tecla Artemisia Montessori, fue tambi\u00e9n pedagoga, cient\u00edfica, m\u00e9dica, psiquiatra, fil\u00f3sofa, antrop\u00f3loga, bi\u00f3loga, psic\u00f3loga, feminista y humanista, \u201ccre\u00eda que el entorno del aprendizaje del ni\u00f1o deb\u00eda adaptarse a su nivel de desarrollo y no al rev\u00e9s. Para ello\u2026","rel":"","context":"En \u00abYo opino - WMCMF\u00bb","block_context":{"text":"Yo opino - WMCMF","link":"https:\/\/webdelmaestrocmf.com\/portal\/category\/jamb\/"},"img":{"alt_text":"Montessori","src":"https:\/\/i0.wp.com\/webdelmaestrocmf.com\/portal\/wp-content\/uploads\/2018\/12\/1-3.jpg?resize=350%2C200&ssl=1","width":350,"height":200,"srcset":"https:\/\/i0.wp.com\/webdelmaestrocmf.com\/portal\/wp-content\/uploads\/2018\/12\/1-3.jpg?resize=350%2C200&ssl=1 1x, https:\/\/i0.wp.com\/webdelmaestrocmf.com\/portal\/wp-content\/uploads\/2018\/12\/1-3.jpg?resize=525%2C300&ssl=1 1.5x, https:\/\/i0.wp.com\/webdelmaestrocmf.com\/portal\/wp-content\/uploads\/2018\/12\/1-3.jpg?resize=700%2C400&ssl=1 2x"},"classes":[]},{"id":50754,"url":"https:\/\/webdelmaestrocmf.com\/portal\/maria-montessori-que-nos-diria-a-los-maestros-que-estamos-en-la-crisis-del-covid-19\/","url_meta":{"origin":42619,"position":3},"title":"Mar\u00eda Montessori: \u00bfQu\u00e9 nos dir\u00eda a los maestros que estamos en la crisis del Covid 19?","author":"Web del Maestro CMF","date":"1 septiembre, 2020","format":false,"excerpt":"Mar\u00eda Montessori (1870), excelente referente para quienes estamos en la el mundo de la educaci\u00f3n por su creatividad, fuerza interior, resiliencia y amor por educar. En este 2020 celebramos 150 a\u00f1os de su nacimiento en Chiaravalle, Ancona, Italia, y agradecemos nos haya dejado una filosof\u00eda de la educaci\u00f3n tan humana\u2026","rel":"","context":"En \u00abYo opino - WMCMF\u00bb","block_context":{"text":"Yo opino - WMCMF","link":"https:\/\/webdelmaestrocmf.com\/portal\/category\/jamb\/"},"img":{"alt_text":"","src":"https:\/\/i0.wp.com\/webdelmaestrocmf.com\/portal\/wp-content\/uploads\/2020\/09\/1-2.jpg?resize=350%2C200&ssl=1","width":350,"height":200,"srcset":"https:\/\/i0.wp.com\/webdelmaestrocmf.com\/portal\/wp-content\/uploads\/2020\/09\/1-2.jpg?resize=350%2C200&ssl=1 1x, https:\/\/i0.wp.com\/webdelmaestrocmf.com\/portal\/wp-content\/uploads\/2020\/09\/1-2.jpg?resize=525%2C300&ssl=1 1.5x, https:\/\/i0.wp.com\/webdelmaestrocmf.com\/portal\/wp-content\/uploads\/2020\/09\/1-2.jpg?resize=700%2C400&ssl=1 2x, https:\/\/i0.wp.com\/webdelmaestrocmf.com\/portal\/wp-content\/uploads\/2020\/09\/1-2.jpg?resize=1050%2C600&ssl=1 3x"},"classes":[]},{"id":44747,"url":"https:\/\/webdelmaestrocmf.com\/portal\/maria-montessori-una-historia-que-todo-educador-debe-conocer\/","url_meta":{"origin":42619,"position":4},"title":"Mar\u00eda Montessori: Una historia que todo educador debe conocer","author":"Web del Maestro CMF","date":"9 febrero, 2020","format":false,"excerpt":"Mar\u00eda Montessori, (Ancona, Italia 1870), fue la primera mujer en ingresar en la Facultad de Medicina y Cirug\u00eda en Italia, en 1892, provoc\u00e1ndole la experiencia de ser mal recibida por la mayor\u00eda de sus compa\u00f1eros de estudios, que en lugar de desanimarla, le sirvi\u00f3 de provocaci\u00f3n para superar ese \u201chostil\u201d\u2026","rel":"","context":"En \u00abVIDEO PRACTICA DOCENTE\u00bb","block_context":{"text":"VIDEO PRACTICA DOCENTE","link":"https:\/\/webdelmaestrocmf.com\/portal\/category\/videos\/"},"img":{"alt_text":"","src":"https:\/\/i0.wp.com\/webdelmaestrocmf.com\/portal\/wp-content\/uploads\/2020\/02\/1-61.jpg?resize=350%2C200&ssl=1","width":350,"height":200,"srcset":"https:\/\/i0.wp.com\/webdelmaestrocmf.com\/portal\/wp-content\/uploads\/2020\/02\/1-61.jpg?resize=350%2C200&ssl=1 1x, https:\/\/i0.wp.com\/webdelmaestrocmf.com\/portal\/wp-content\/uploads\/2020\/02\/1-61.jpg?resize=525%2C300&ssl=1 1.5x, https:\/\/i0.wp.com\/webdelmaestrocmf.com\/portal\/wp-content\/uploads\/2020\/02\/1-61.jpg?resize=700%2C400&ssl=1 2x, https:\/\/i0.wp.com\/webdelmaestrocmf.com\/portal\/wp-content\/uploads\/2020\/02\/1-61.jpg?resize=1050%2C600&ssl=1 3x"},"classes":[]},{"id":117790,"url":"https:\/\/webdelmaestrocmf.com\/portal\/maria-montessori-facilitar-las-cosas-al-nino-sin-necesidad-en-lugar-de-ayudarle-solo-sirve-para-estancarlo\/","url_meta":{"origin":42619,"position":5},"title":"Mar\u00eda Montessori: \u00abFacilitar las cosas al ni\u00f1o sin necesidad, en lugar de ayudarle, solo sirve para estancarlo\u00bb","author":"Web del Maestro CMF","date":"15 abril, 2026","format":false,"excerpt":"Ayudar en exceso limita la autonom\u00eda del ni\u00f1o. Permitirle intentar, equivocarse y resolver por s\u00ed mismo fortalece su aprendizaje, pensamiento cr\u00edtico y confianza, formando personas capaces de enfrentar desaf\u00edos reales.","rel":"","context":"En \u00abMontessori\u00bb","block_context":{"text":"Montessori","link":"https:\/\/webdelmaestrocmf.com\/portal\/category\/pedagogia\/montessori\/"},"img":{"alt_text":"","src":"https:\/\/i0.wp.com\/webdelmaestrocmf.com\/portal\/wp-content\/uploads\/2026\/04\/1AA-Banner-1-portada-imagen-10-1-copia-17-1.webp?resize=350%2C200&ssl=1","width":350,"height":200,"srcset":"https:\/\/i0.wp.com\/webdelmaestrocmf.com\/portal\/wp-content\/uploads\/2026\/04\/1AA-Banner-1-portada-imagen-10-1-copia-17-1.webp?resize=350%2C200&ssl=1 1x, https:\/\/i0.wp.com\/webdelmaestrocmf.com\/portal\/wp-content\/uploads\/2026\/04\/1AA-Banner-1-portada-imagen-10-1-copia-17-1.webp?resize=525%2C300&ssl=1 1.5x, https:\/\/i0.wp.com\/webdelmaestrocmf.com\/portal\/wp-content\/uploads\/2026\/04\/1AA-Banner-1-portada-imagen-10-1-copia-17-1.webp?resize=700%2C400&ssl=1 2x, https:\/\/i0.wp.com\/webdelmaestrocmf.com\/portal\/wp-content\/uploads\/2026\/04\/1AA-Banner-1-portada-imagen-10-1-copia-17-1.webp?resize=1050%2C600&ssl=1 3x"},"classes":[]}],"_links":{"self":[{"href":"https:\/\/webdelmaestrocmf.com\/portal\/wp-json\/wp\/v2\/posts\/42619","targetHints":{"allow":["GET"]}}],"collection":[{"href":"https:\/\/webdelmaestrocmf.com\/portal\/wp-json\/wp\/v2\/posts"}],"about":[{"href":"https:\/\/webdelmaestrocmf.com\/portal\/wp-json\/wp\/v2\/types\/post"}],"author":[{"embeddable":true,"href":"https:\/\/webdelmaestrocmf.com\/portal\/wp-json\/wp\/v2\/users\/1"}],"replies":[{"embeddable":true,"href":"https:\/\/webdelmaestrocmf.com\/portal\/wp-json\/wp\/v2\/comments?post=42619"}],"version-history":[{"count":0,"href":"https:\/\/webdelmaestrocmf.com\/portal\/wp-json\/wp\/v2\/posts\/42619\/revisions"}],"wp:featuredmedia":[{"embeddable":true,"href":"https:\/\/webdelmaestrocmf.com\/portal\/wp-json\/wp\/v2\/media\/67996"}],"wp:attachment":[{"href":"https:\/\/webdelmaestrocmf.com\/portal\/wp-json\/wp\/v2\/media?parent=42619"}],"wp:term":[{"taxonomy":"category","embeddable":true,"href":"https:\/\/webdelmaestrocmf.com\/portal\/wp-json\/wp\/v2\/categories?post=42619"},{"taxonomy":"post_tag","embeddable":true,"href":"https:\/\/webdelmaestrocmf.com\/portal\/wp-json\/wp\/v2\/tags?post=42619"}],"curies":[{"name":"wp","href":"https:\/\/api.w.org\/{rel}","templated":true}]}}