{"id":42244,"date":"2019-11-28T19:49:15","date_gmt":"2019-11-28T22:49:15","guid":{"rendered":"https:\/\/webdelmaestrocmf.com\/portal\/?p=42244"},"modified":"2019-11-28T19:50:07","modified_gmt":"2019-11-28T22:50:07","slug":"la-educacion-artistica-escolar-propicia-la-innovacion-inclusion-cohesion-y-participacion-social-material-de-descarga","status":"publish","type":"post","link":"https:\/\/webdelmaestrocmf.com\/portal\/la-educacion-artistica-escolar-propicia-la-innovacion-inclusion-cohesion-y-participacion-social-material-de-descarga\/","title":{"rendered":"La educaci\u00f3n art\u00edstica escolar propicia la innovaci\u00f3n, inclusi\u00f3n, cohesi\u00f3n y participaci\u00f3n social. (Material de descarga)"},"content":{"rendered":"<h5 style=\"text-align: justify;\">Uno de los itinerarios educativos para que los estudiantes sean m\u00e1s creativos, es estimular <strong>la curiosidad innata y b\u00fasqueda de soluciones alternativas<\/strong>, incluyendo la Educaci\u00f3n Art\u00edstica en los programas escolares. \u201cEl arte es parte integral del desarrollo del ser humano. <strong>El arte ense\u00f1a a los j\u00f3venes a pensar creativamente<\/strong> para, de esa manera, poder resolver problemas y enfrentar desaf\u00edos que se les presentan en sus vidas.<\/h5>\n<p><!--more--><\/p>\n<p style=\"text-align: justify;\">Por medio del arte, los j\u00f3venes estudiantes aprenden a compartir y reflexionar sobre ellos mismos, las personas y circunstancias que giran alrededor de ellos. El arte promueve el auto estima en la persona y la seguridad interna para poder atravesar momentos dif\u00edciles en la vida y poder romper barreras y prejuicios en el camino hacia el triunfo personal\u201d (Linda D. Mangual).<\/p>\n<p style=\"text-align: justify;\">Ya en el a\u00f1o 2006 la UNESCO destac\u00f3 la importancia y el derecho que tienen todos los estudiantes de <strong>disfrutar y participar de la vida art\u00edstica y cultural, <\/strong>y opin\u00f3 sobre la importancia de implementar los curr\u00edculos nacionales de Educaci\u00f3n B\u00e1sica como una exigencia relevante <strong>para la mejora de la educaci\u00f3n art\u00edstica y cultural<\/strong>, \u00e1rea esencial para el desarrollo de la persona y la sociedad. \u201cArte no es representar lo bello, sino bellamente las cosas\u201d (Pilar Avivar).<\/p>\n<h5><strong>LA IMPORTANCIA DEL ARTE EN EDUCACI\u00d3N <\/strong>(04\u00b417\u201d)<\/h5>\n<p><iframe loading=\"lazy\" src=\"https:\/\/www.youtube.com\/embed\/H7utCv8e5A0\" width=\"100%\" height=\"400\" frameborder=\"0\" allowfullscreen=\"allowfullscreen\"><span data-mce-type=\"bookmark\" style=\"display: inline-block; width: 0px; overflow: hidden; line-height: 0;\" class=\"mce_SELRES_start\">\ufeff<\/span><\/iframe><\/p>\n<p>Y es en las escuelas donde se puede apoyar, ampliar y enriquecer las competencias comunicativas, matem\u00e1ticas, cient\u00edficas y ciudadanas, estableciendo un di\u00e1logo continuo con las Artes Pl\u00e1sticas. El enfoque y las competencias del \u00e1rea curricular de Arte y Cultural con orientaciones de integraci\u00f3n multicultural e interdisciplinario, lo puede Usted encontrar en este enlace: <a href=\"http:\/\/www.perueduca.pe\/web\/semana-educacion-artistica\/enfoque-y-competencias-del-area-curricular-de-arte-y-cultura\" target=\"_blank\" rel=\"noopener noreferrer\"><strong>ENFOQUE Y COMPETENCIAS DEL \u00c1REA CURRICULAR DE ARTE Y CULTURA<\/strong><\/a><\/p>\n<p>Una propuesta adaptable a las clases adicionales de Artes Pl\u00e1sticas, para aprovechar las ideas de los alumnos, la puede encontrar en este enlace: <a href=\"https:\/\/webdelmaestrocmf.com\/portal\/hilda-flandez-arte-aliado-todos-los-aprendizajes-cuando-logramos-emocionar\/\" target=\"_blank\" rel=\"noopener noreferrer\"><strong>[HILDA FLANDEZ] EL ARTE ES UN ALIADO PARA TODOS LOS APRENDIZAJES.<\/strong><\/a><\/p>\n<p style=\"text-align: justify;\">Un libro publicado por el ministerio de Educaci\u00f3n de Colombia, hable unos a\u00f1os, nos dice que la educaci\u00f3n y formaci\u00f3n integral de los estudiantes debe ser \u201cconcebida como una pr\u00e1ctica educativa que desarrolla y cualifica a profesionales y p\u00fablicos en las manifestaciones del Campo Cultural, Art\u00edstico y del Patrimonio\u201d. Porque <strong>la Educaci\u00f3n Art\u00edstica y Cultural \u201cdebe generar una reflexi\u00f3n contextualizada en torno a la formaci\u00f3n integra<\/strong>l, a partir de la priorizaci\u00f3n de contenidos esenciales y el aporte en el fortalecimiento de las competencias b\u00e1sicas, que adem\u00e1s de mejorar los aprendizajes en los estudiantes, les permita <strong>encontrar espacios de expresi\u00f3n simb\u00f3lica personal,<\/strong> opciones para la utilizaci\u00f3n del <strong>tiempo libre y arraigo e identificaci\u00f3n cultural, familiar, social, regional y nacional,<\/strong> para responder a las demandas de la sociedad actual\u201d.<\/p>\n<p><img loading=\"lazy\" decoding=\"async\" class=\"alignnone size-full wp-image-42246\" src=\"https:\/\/webdelmaestrocmf.com\/portal\/wp-content\/uploads\/2019\/11\/2-37.jpg\" alt=\"\" width=\"1100\" height=\"680\" srcset=\"https:\/\/webdelmaestrocmf.com\/portal\/wp-content\/uploads\/2019\/11\/2-37.jpg 1100w, https:\/\/webdelmaestrocmf.com\/portal\/wp-content\/uploads\/2019\/11\/2-37-300x185.jpg 300w, https:\/\/webdelmaestrocmf.com\/portal\/wp-content\/uploads\/2019\/11\/2-37-1024x633.jpg 1024w, https:\/\/webdelmaestrocmf.com\/portal\/wp-content\/uploads\/2019\/11\/2-37-768x475.jpg 768w, https:\/\/webdelmaestrocmf.com\/portal\/wp-content\/uploads\/2019\/11\/2-37-110x68.jpg 110w, https:\/\/webdelmaestrocmf.com\/portal\/wp-content\/uploads\/2019\/11\/2-37-200x124.jpg 200w, https:\/\/webdelmaestrocmf.com\/portal\/wp-content\/uploads\/2019\/11\/2-37-380x235.jpg 380w, https:\/\/webdelmaestrocmf.com\/portal\/wp-content\/uploads\/2019\/11\/2-37-255x158.jpg 255w, https:\/\/webdelmaestrocmf.com\/portal\/wp-content\/uploads\/2019\/11\/2-37-550x340.jpg 550w, https:\/\/webdelmaestrocmf.com\/portal\/wp-content\/uploads\/2019\/11\/2-37-800x495.jpg 800w\" sizes=\"auto, (max-width: 1100px) 100vw, 1100px\" \/><\/p>\n<p style=\"text-align: justify;\">Compartimos dos enlaces de descarga, esperando <strong>los puedan actualizar y contextualizar<\/strong> a su medio educativo; para quienes tengan inter\u00e9s en conocer los <strong>Objetivos de la Educaci\u00f3n Art\u00edstica <\/strong>y Cultural en la Educaci\u00f3n Preescolar, B\u00e1sica y Media; la Educaci\u00f3n Art\u00edstica y Cultural como <strong>Campo de conocimiento<\/strong>; Dimensiones de la Educaci\u00f3n Art\u00edstica y Cultural; Procesos de aprendizaje en el <strong>enfoque por competencias <\/strong>para la Educaci\u00f3n Art\u00edstica y Cultural en la Educaci\u00f3n Preescolar, B\u00e1sica y Media; Recomendaciones, Criterios, Pautas, Ejemplos, \u00a0<strong>Modos y Experiencias de implementaci\u00f3n del Campo de Educaci\u00f3n Art\u00edstica y Cultural<\/strong> seg\u00fan los niveles educativos, le sugerimos descargar, con fines \u00fanicamente educativos, el libro del Ministerio de Educaci\u00f3n Nacional de Colombia.<\/p>\n<h5><strong>LIBRO PARA DESCARGAR:<\/strong><\/h5>\n<p style=\"text-align: left;\"><a href=\"http:\/\/entrelasartes.org\/asociacion\/file\/335\/download?token=evjeBxUU\" target=\"_blank\" rel=\"noopener noreferrer\"><strong>ORIENTACIONES PEDAG\u00d3GICAS PARA LA EDUCACI\u00d3N ART\u00cdSTICA Y CULTURAL EDUCACI\u00d3N PREESCOLAR, B\u00c1SICA Y MEDIA.<\/strong><\/a><\/p>\n<p style=\"text-align: justify;\"><strong>DOCUMENTO N\u00ba. <a href=\"https:\/\/www.mineducacion.gov.co\/1759\/w3-article-241907.html?_noredirect=1\" target=\"_blank\" rel=\"noopener noreferrer\">16 ORIENTACIONES PEDAG\u00d3GICAS PARA LA EDUCACI\u00d3N ART\u00cdSTICA EN B\u00c1SICA Y MEDIA.<\/a><\/strong><\/p>\n<p style=\"text-align: justify;\"><em>\u201cDefinitivamente <strong>hay que reivindicar la ense\u00f1anza de las artes y la cultura visual<\/strong> como un \u00e1rea del saber relacionada con el conocimiento, el intelecto, los procesos mentales y manuales, con el ense\u00f1ar a ver y a hacer con la cabeza y con las manos y con el inter\u00e9s de formar parte de la din\u00e1mica educativa de la escuela; <strong>donde los estudiantes crezcan rodeados de arte<\/strong>\u201d.<\/em><a href=\"https:\/\/webdelmaestrocmf.com\/portal\/lisbeth-pire-la-pedagogia-de-las-artes-plasticas-mejora-la-practica-docente\/\" target=\"_blank\" rel=\"noopener noreferrer\"> <strong>[LISBETH PIRE] LA PEDAGOG\u00cdA DE LAS ARTES PL\u00c1STICAS MEJORA LA PR\u00c1CTICA DOCENTE.<\/strong><\/a><\/p>\n<p style=\"text-align: center;\"><em>\u00abEl g\u00e9nero humano tiene, para saber conducirse, el arte y el razonamiento\u00bb<\/em>\u00a0\u00a0\u00a0 \u00a0(Arist\u00f3teles).<\/p>\n<p style=\"text-align: right;\"><strong>REDACCI\u00d3N WEB DEL MAESTRO CMF<\/strong><\/p>\n<p style=\"text-align: center;\">Recomendamos a la Comunidad Educativa Digital tener en cuenta que, el enlace y\/o la carpeta en donde est\u00e1n alojados los libros, recursos y\/o materiales, no es administrado por la Web del Maestro CMF, pueda ser que en cuesti\u00f3n de d\u00edas (o seg\u00fan el tiempo transcurrido desde su publicaci\u00f3n), los enlaces no funcionen y el material ya no se encuentre disponible. Gracias por su comprensi\u00f3n.<\/p>\n<h3><strong>ENLACE DE LECTURA:<\/strong><\/h3>\n<p style=\"text-align: center;\">\u00a1Comparte y as\u00ed m\u00e1s docentes utilizar\u00e1n estos recursos\u00a0gratis! Muchas gracias.<\/p>\n<p style=\"text-align: center;\"><span style=\"color: #000000;\"><a style=\"color: #000000;\" href=\"http:\/\/entrelasartes.org\/asociacion\/file\/335\/download?token=evjeBxUU\" target=\"_blank\" rel=\"noopener noreferrer\"><strong>ORIENTACIONES PEDAG\u00d3GICAS PARA LA EDUCACI\u00d3N ART\u00cdSTICA Y CULTURAL EDUCACI\u00d3N PREESCOLAR, B\u00c1SICA Y MEDIA.<\/strong><\/a><\/span><br \/>\n<span style=\"color: #000000;\"><strong>DOCUMENTO N\u00ba. <a style=\"color: #000000;\" href=\"https:\/\/www.mineducacion.gov.co\/1759\/w3-article-241907.html?_noredirect=1\" target=\"_blank\" rel=\"noopener noreferrer\">16 ORIENTACIONES PEDAG\u00d3GICAS PARA LA EDUCACI\u00d3N ART\u00cdSTICA EN B\u00c1SICA Y MEDIA.<\/a><\/strong><\/span><\/p>\n\t\t<div class=\"pk-inline-posts\">\n\t\t\t\n\t\t\t<div class=\"pk-inline-posts-container pk-inline-posts-template-list\"\n\t\t\t\tdata-columns=\"1\">\n\t\t\t\t\t\t<article id=\"post-17756\" class=\"post-17756 post type-post status-publish format-standard has-post-thumbnail category-jamb tag-dia tag-dia-del-trabajo tag-jorge-bergoglio tag-maestros tag-trabajo cs-entry cs-video-wrap\">\n\t\t\t<div class=\"pk-post-outer\">\n\n\t\t\t\t\t\t\t\t<div class=\"pk-post-inner\">\n\t\t\t\t\t<div class=\"entry-thumbnail\">\n\t\t\t\t\t\t<div class=\"pk-overlay pk-overlay-ratio pk-ratio-landscape\">\n\t\t\t\t\t\t\t<div class=\"pk-overlay-background\">\n\t\t\t\t\t\t\t\t<a href=\"https:\/\/webdelmaestrocmf.com\/portal\/dia-del-trabajo-maestros-gracias-lo-hacen\/\" class=\"pk-overlay-link\">\n\t\t\t\t\t\t\t\t\t<img loading=\"lazy\" decoding=\"async\" width=\"300\" height=\"225\" src=\"https:\/\/webdelmaestrocmf.com\/portal\/wp-content\/uploads\/2023\/05\/Banner-1-portada-imagen-10-1-55-300x225.jpg\" class=\"attachment-pk-thumbnail size-pk-thumbnail wp-post-image\" alt=\"d\u00eda del trabajo\" \/>\t\t\t\t\t\t\t\t<\/a>\n\t\t\t\t\t\t\t<\/div>\n\t\t\t\t\t\t<\/div>\n\t\t\t\t\t<\/div>\n\t\t\t\t<\/div>\n\t\t\t\t\n\t\t\t\t<div class=\"pk-post-inner\">\n\t\t\t\t\t<header>\n\t\t\t\t\t\t<h3 class=\"pk-title\"><a href=\"https:\/\/webdelmaestrocmf.com\/portal\/dia-del-trabajo-maestros-gracias-lo-hacen\/\" rel=\"bookmark\">D\u00eda Internacional de los Trabajadores: Maestros, \u00a1gracias por lo que hacen!<\/a><\/h3>\t\t\t\t\t<\/header><!-- .entry-header -->\n\t\t\t\t<\/div><!-- .post-inner -->\n\n\t\t\t<\/div><!-- .post-outer -->\n\t\t<\/article>\n\t\t\t\t<\/div>\n\t\t<\/div>\n\t\t\n","protected":false},"excerpt":{"rendered":"Uno de los itinerarios educativos para que los estudiantes sean m\u00e1s creativos, es estimular la curiosidad innata y&hellip;","protected":false},"author":1,"featured_media":42245,"comment_status":"open","ping_status":"closed","sticky":false,"template":"","format":"standard","meta":{"csco_display_header_overlay":false,"csco_singular_sidebar":"default","csco_page_header_type":"default","csco_page_load_nextpost":"default","csco_post_video_location":[],"csco_post_video_location_hash":"","csco_post_video_url":"","csco_post_video_bg_start_time":0,"csco_post_video_bg_end_time":0,"csco_post_video_bg_volume":false,"_jetpack_memberships_contains_paid_content":false,"footnotes":""},"categories":[61],"tags":[3740,4550,55,608,4005,1690,4551],"class_list":{"0":"post-42244","1":"post","2":"type-post","3":"status-publish","4":"format-standard","5":"has-post-thumbnail","7":"category-jamb","8":"tag-artistica","9":"tag-cohesion","10":"tag-educacion","11":"tag-escolar","12":"tag-inclusion","13":"tag-innovacion","14":"tag-participacion-social","15":"cs-entry","16":"cs-video-wrap"},"yoast_head":"<!-- This site is optimized with the Yoast SEO plugin v27.5 - https:\/\/yoast.com\/product\/yoast-seo-wordpress\/ -->\n<title>La educaci\u00f3n art\u00edstica escolar propicia la innovaci\u00f3n, inclusi\u00f3n, cohesi\u00f3n y participaci\u00f3n social. (Material de descarga) - 2026<\/title>\n<meta name=\"description\" content=\"Uno de los itinerarios educativos para que los estudiantes sean m\u00e1s creativos, es estimular la curiosidad innata y b\u00fasqueda de soluciones alternativas...\" \/>\n<meta name=\"robots\" content=\"index, follow, max-snippet:-1, max-image-preview:large, max-video-preview:-1\" \/>\n<link rel=\"canonical\" href=\"https:\/\/webdelmaestrocmf.com\/portal\/la-educacion-artistica-escolar-propicia-la-innovacion-inclusion-cohesion-y-participacion-social-material-de-descarga\/\" \/>\n<meta property=\"og:locale\" content=\"es_ES\" \/>\n<meta property=\"og:type\" content=\"article\" \/>\n<meta property=\"og:title\" content=\"La educaci\u00f3n art\u00edstica escolar propicia la innovaci\u00f3n, inclusi\u00f3n, cohesi\u00f3n y participaci\u00f3n social. (Material de descarga) - 2026\" \/>\n<meta property=\"og:description\" content=\"Uno de los itinerarios educativos para que los estudiantes sean m\u00e1s creativos, es estimular la curiosidad innata y b\u00fasqueda de soluciones alternativas...\" \/>\n<meta property=\"og:url\" content=\"https:\/\/webdelmaestrocmf.com\/portal\/la-educacion-artistica-escolar-propicia-la-innovacion-inclusion-cohesion-y-participacion-social-material-de-descarga\/\" \/>\n<meta property=\"og:site_name\" content=\"Web del Maestro CMF\" \/>\n<meta property=\"article:publisher\" content=\"https:\/\/www.facebook.com\/WebdelMaestroCMF\/\" \/>\n<meta property=\"article:author\" content=\"https:\/\/www.facebook.com\/WebdelMaestroCMF\/\" \/>\n<meta property=\"article:published_time\" content=\"2019-11-28T22:49:15+00:00\" \/>\n<meta property=\"article:modified_time\" content=\"2019-11-28T22:50:07+00:00\" \/>\n<meta property=\"og:image\" content=\"https:\/\/i0.wp.com\/webdelmaestrocmf.com\/portal\/wp-content\/uploads\/2019\/11\/1-102.jpg?fit=1100%2C680&ssl=1\" \/>\n\t<meta property=\"og:image:width\" content=\"1100\" \/>\n\t<meta property=\"og:image:height\" content=\"680\" \/>\n\t<meta property=\"og:image:type\" content=\"image\/jpeg\" \/>\n<meta name=\"author\" content=\"Web del Maestro CMF\" \/>\n<meta name=\"twitter:card\" content=\"summary_large_image\" \/>\n<meta name=\"twitter:creator\" content=\"@cmf_w\" \/>\n<meta name=\"twitter:site\" content=\"@cmf_w\" \/>\n<script type=\"application\/ld+json\" class=\"yoast-schema-graph\">{\"@context\":\"https:\\\/\\\/schema.org\",\"@graph\":[{\"@type\":\"ScholarlyArticle\",\"@id\":\"https:\\\/\\\/webdelmaestrocmf.com\\\/portal\\\/la-educacion-artistica-escolar-propicia-la-innovacion-inclusion-cohesion-y-participacion-social-material-de-descarga\\\/#article\",\"isPartOf\":{\"@id\":\"https:\\\/\\\/webdelmaestrocmf.com\\\/portal\\\/la-educacion-artistica-escolar-propicia-la-innovacion-inclusion-cohesion-y-participacion-social-material-de-descarga\\\/\"},\"author\":{\"name\":\"Web del Maestro CMF\",\"@id\":\"https:\\\/\\\/webdelmaestrocmf.com\\\/portal\\\/#\\\/schema\\\/person\\\/1072a2ed7bd960df8ef99a551fa35dc5\"},\"headline\":\"La educaci\u00f3n art\u00edstica escolar propicia la innovaci\u00f3n, inclusi\u00f3n, cohesi\u00f3n y participaci\u00f3n social. (Material de descarga)\",\"datePublished\":\"2019-11-28T22:49:15+00:00\",\"dateModified\":\"2019-11-28T22:50:07+00:00\",\"mainEntityOfPage\":{\"@id\":\"https:\\\/\\\/webdelmaestrocmf.com\\\/portal\\\/la-educacion-artistica-escolar-propicia-la-innovacion-inclusion-cohesion-y-participacion-social-material-de-descarga\\\/\"},\"wordCount\":888,\"commentCount\":0,\"publisher\":{\"@id\":\"https:\\\/\\\/webdelmaestrocmf.com\\\/portal\\\/#organization\"},\"image\":{\"@id\":\"https:\\\/\\\/webdelmaestrocmf.com\\\/portal\\\/la-educacion-artistica-escolar-propicia-la-innovacion-inclusion-cohesion-y-participacion-social-material-de-descarga\\\/#primaryimage\"},\"thumbnailUrl\":\"https:\\\/\\\/webdelmaestrocmf.com\\\/portal\\\/wp-content\\\/uploads\\\/2019\\\/11\\\/1-102.jpg\",\"keywords\":[\"ART\u00cdSTICA\",\"cohesi\u00f3n\",\"EDUCACI\u00d3N\",\"ESCOLAR\",\"INCLUSI\u00d3N\",\"INNOVACI\u00d3N\",\"participaci\u00f3n social\"],\"articleSection\":[\"Yo opino - WMCMF\"],\"inLanguage\":\"es\",\"potentialAction\":[{\"@type\":\"CommentAction\",\"name\":\"Comment\",\"target\":[\"https:\\\/\\\/webdelmaestrocmf.com\\\/portal\\\/la-educacion-artistica-escolar-propicia-la-innovacion-inclusion-cohesion-y-participacion-social-material-de-descarga\\\/#respond\"]}]},{\"@type\":\"WebPage\",\"@id\":\"https:\\\/\\\/webdelmaestrocmf.com\\\/portal\\\/la-educacion-artistica-escolar-propicia-la-innovacion-inclusion-cohesion-y-participacion-social-material-de-descarga\\\/\",\"url\":\"https:\\\/\\\/webdelmaestrocmf.com\\\/portal\\\/la-educacion-artistica-escolar-propicia-la-innovacion-inclusion-cohesion-y-participacion-social-material-de-descarga\\\/\",\"name\":\"La educaci\u00f3n art\u00edstica escolar propicia la innovaci\u00f3n, inclusi\u00f3n, cohesi\u00f3n y participaci\u00f3n social. (Material de descarga) - 2026\",\"isPartOf\":{\"@id\":\"https:\\\/\\\/webdelmaestrocmf.com\\\/portal\\\/#website\"},\"primaryImageOfPage\":{\"@id\":\"https:\\\/\\\/webdelmaestrocmf.com\\\/portal\\\/la-educacion-artistica-escolar-propicia-la-innovacion-inclusion-cohesion-y-participacion-social-material-de-descarga\\\/#primaryimage\"},\"image\":{\"@id\":\"https:\\\/\\\/webdelmaestrocmf.com\\\/portal\\\/la-educacion-artistica-escolar-propicia-la-innovacion-inclusion-cohesion-y-participacion-social-material-de-descarga\\\/#primaryimage\"},\"thumbnailUrl\":\"https:\\\/\\\/webdelmaestrocmf.com\\\/portal\\\/wp-content\\\/uploads\\\/2019\\\/11\\\/1-102.jpg\",\"datePublished\":\"2019-11-28T22:49:15+00:00\",\"dateModified\":\"2019-11-28T22:50:07+00:00\",\"description\":\"Uno de los itinerarios educativos para que los estudiantes sean m\u00e1s creativos, es estimular la curiosidad innata y b\u00fasqueda de soluciones alternativas...\",\"breadcrumb\":{\"@id\":\"https:\\\/\\\/webdelmaestrocmf.com\\\/portal\\\/la-educacion-artistica-escolar-propicia-la-innovacion-inclusion-cohesion-y-participacion-social-material-de-descarga\\\/#breadcrumb\"},\"inLanguage\":\"es\",\"potentialAction\":[{\"@type\":\"ReadAction\",\"target\":[\"https:\\\/\\\/webdelmaestrocmf.com\\\/portal\\\/la-educacion-artistica-escolar-propicia-la-innovacion-inclusion-cohesion-y-participacion-social-material-de-descarga\\\/\"]}]},{\"@type\":\"ImageObject\",\"inLanguage\":\"es\",\"@id\":\"https:\\\/\\\/webdelmaestrocmf.com\\\/portal\\\/la-educacion-artistica-escolar-propicia-la-innovacion-inclusion-cohesion-y-participacion-social-material-de-descarga\\\/#primaryimage\",\"url\":\"https:\\\/\\\/webdelmaestrocmf.com\\\/portal\\\/wp-content\\\/uploads\\\/2019\\\/11\\\/1-102.jpg\",\"contentUrl\":\"https:\\\/\\\/webdelmaestrocmf.com\\\/portal\\\/wp-content\\\/uploads\\\/2019\\\/11\\\/1-102.jpg\",\"width\":1100,\"height\":680},{\"@type\":\"BreadcrumbList\",\"@id\":\"https:\\\/\\\/webdelmaestrocmf.com\\\/portal\\\/la-educacion-artistica-escolar-propicia-la-innovacion-inclusion-cohesion-y-participacion-social-material-de-descarga\\\/#breadcrumb\",\"itemListElement\":[{\"@type\":\"ListItem\",\"position\":1,\"name\":\"Portada\",\"item\":\"https:\\\/\\\/webdelmaestrocmf.com\\\/portal\\\/\"},{\"@type\":\"ListItem\",\"position\":2,\"name\":\"Yo opino - WMCMF\",\"item\":\"https:\\\/\\\/webdelmaestrocmf.com\\\/portal\\\/category\\\/jamb\\\/\"},{\"@type\":\"ListItem\",\"position\":3,\"name\":\"La educaci\u00f3n art\u00edstica escolar propicia la innovaci\u00f3n, inclusi\u00f3n, cohesi\u00f3n y participaci\u00f3n social. (Material de descarga)\"}]},{\"@type\":\"WebSite\",\"@id\":\"https:\\\/\\\/webdelmaestrocmf.com\\\/portal\\\/#website\",\"url\":\"https:\\\/\\\/webdelmaestrocmf.com\\\/portal\\\/\",\"name\":\"Web del Maestro CMF\",\"description\":\"Maestros al servicio de la educaci\u00f3n\",\"publisher\":{\"@id\":\"https:\\\/\\\/webdelmaestrocmf.com\\\/portal\\\/#organization\"},\"alternateName\":\"WMCMF\",\"potentialAction\":[{\"@type\":\"SearchAction\",\"target\":{\"@type\":\"EntryPoint\",\"urlTemplate\":\"https:\\\/\\\/webdelmaestrocmf.com\\\/portal\\\/?s={search_term_string}\"},\"query-input\":{\"@type\":\"PropertyValueSpecification\",\"valueRequired\":true,\"valueName\":\"search_term_string\"}}],\"inLanguage\":\"es\"},{\"@type\":\"Organization\",\"@id\":\"https:\\\/\\\/webdelmaestrocmf.com\\\/portal\\\/#organization\",\"name\":\"Web del Maestro CMF\",\"alternateName\":\"WMCMF\",\"url\":\"https:\\\/\\\/webdelmaestrocmf.com\\\/portal\\\/\",\"logo\":{\"@type\":\"ImageObject\",\"inLanguage\":\"es\",\"@id\":\"https:\\\/\\\/webdelmaestrocmf.com\\\/portal\\\/#\\\/schema\\\/logo\\\/image\\\/\",\"url\":\"https:\\\/\\\/webdelmaestrocmf.com\\\/portal\\\/wp-content\\\/uploads\\\/2023\\\/01\\\/logo-wmcmf-2.png\",\"contentUrl\":\"https:\\\/\\\/webdelmaestrocmf.com\\\/portal\\\/wp-content\\\/uploads\\\/2023\\\/01\\\/logo-wmcmf-2.png\",\"width\":200,\"height\":60,\"caption\":\"Web del Maestro CMF\"},\"image\":{\"@id\":\"https:\\\/\\\/webdelmaestrocmf.com\\\/portal\\\/#\\\/schema\\\/logo\\\/image\\\/\"},\"sameAs\":[\"https:\\\/\\\/www.facebook.com\\\/WebdelMaestroCMF\\\/\",\"https:\\\/\\\/x.com\\\/cmf_w\",\"https:\\\/\\\/www.pinterest.com\\\/WMCMF\\\/\",\"https:\\\/\\\/www.linkedin.com\\\/company\\\/web-del-maestro-cmf\\\/\",\"https:\\\/\\\/www.instagram.com\\\/wmcmf\\\/\",\"https:\\\/\\\/www.youtube.com\\\/channel\\\/UCDPSvjbdodE5sHnC3OxutHw\",\"https:\\\/\\\/mastodon.social\\\/@wmcmf\",\"https:\\\/\\\/www.tiktok.com\\\/@webdelmaestrocmf\"]},{\"@type\":\"Person\",\"@id\":\"https:\\\/\\\/webdelmaestrocmf.com\\\/portal\\\/#\\\/schema\\\/person\\\/1072a2ed7bd960df8ef99a551fa35dc5\",\"name\":\"Web del Maestro CMF\",\"image\":{\"@type\":\"ImageObject\",\"inLanguage\":\"es\",\"@id\":\"https:\\\/\\\/secure.gravatar.com\\\/avatar\\\/23291dd5b5ae1077dcff3dbb04c3e02bd28403fa75af6d8787d5e97c5bbbe30b?s=96&d=mm&r=g\",\"url\":\"https:\\\/\\\/secure.gravatar.com\\\/avatar\\\/23291dd5b5ae1077dcff3dbb04c3e02bd28403fa75af6d8787d5e97c5bbbe30b?s=96&d=mm&r=g\",\"contentUrl\":\"https:\\\/\\\/secure.gravatar.com\\\/avatar\\\/23291dd5b5ae1077dcff3dbb04c3e02bd28403fa75af6d8787d5e97c5bbbe30b?s=96&d=mm&r=g\",\"caption\":\"Web del Maestro CMF\"},\"description\":\"Esta Web se cre\u00f3 sin fines de lucro, con fines educativos, cient\u00edficos y acad\u00e9micos, para personas que tengan dificultades y\\\/o inconvenientes en visualizar el material original. El objetivo es entregar recursos, compartir experiencias y materiales que ayuden a los padres de familia, maestros y estudiantes en su actualizaci\u00f3n y formaci\u00f3n permanente, en bien de la Educaci\u00f3n.\",\"sameAs\":[\"http:\\\/\\\/webdelmaestrocmf.com\\\/portal\",\"https:\\\/\\\/www.facebook.com\\\/WebdelMaestroCMF\\\/\",\"https:\\\/\\\/www.instagram.com\\\/wmcmf\\\/\",\"https:\\\/\\\/cl.linkedin.com\\\/company\\\/web-del-maestro-cmf\",\"https:\\\/\\\/www.pinterest.com\\\/WMCMF\\\/publicaciones\\\/\",\"https:\\\/\\\/x.com\\\/cmf_w\",\"https:\\\/\\\/www.youtube.com\\\/@WMCMF\"]}]}<\/script>\n<!-- \/ Yoast SEO plugin. -->","yoast_head_json":{"title":"La educaci\u00f3n art\u00edstica escolar propicia la innovaci\u00f3n, inclusi\u00f3n, cohesi\u00f3n y participaci\u00f3n social. (Material de descarga) - 2026","description":"Uno de los itinerarios educativos para que los estudiantes sean m\u00e1s creativos, es estimular la curiosidad innata y b\u00fasqueda de soluciones alternativas...","robots":{"index":"index","follow":"follow","max-snippet":"max-snippet:-1","max-image-preview":"max-image-preview:large","max-video-preview":"max-video-preview:-1"},"canonical":"https:\/\/webdelmaestrocmf.com\/portal\/la-educacion-artistica-escolar-propicia-la-innovacion-inclusion-cohesion-y-participacion-social-material-de-descarga\/","og_locale":"es_ES","og_type":"article","og_title":"La educaci\u00f3n art\u00edstica escolar propicia la innovaci\u00f3n, inclusi\u00f3n, cohesi\u00f3n y participaci\u00f3n social. (Material de descarga) - 2026","og_description":"Uno de los itinerarios educativos para que los estudiantes sean m\u00e1s creativos, es estimular la curiosidad innata y b\u00fasqueda de soluciones alternativas...","og_url":"https:\/\/webdelmaestrocmf.com\/portal\/la-educacion-artistica-escolar-propicia-la-innovacion-inclusion-cohesion-y-participacion-social-material-de-descarga\/","og_site_name":"Web del Maestro CMF","article_publisher":"https:\/\/www.facebook.com\/WebdelMaestroCMF\/","article_author":"https:\/\/www.facebook.com\/WebdelMaestroCMF\/","article_published_time":"2019-11-28T22:49:15+00:00","article_modified_time":"2019-11-28T22:50:07+00:00","og_image":[{"width":1100,"height":680,"url":"https:\/\/i0.wp.com\/webdelmaestrocmf.com\/portal\/wp-content\/uploads\/2019\/11\/1-102.jpg?fit=1100%2C680&ssl=1","type":"image\/jpeg"}],"author":"Web del Maestro CMF","twitter_card":"summary_large_image","twitter_creator":"@cmf_w","twitter_site":"@cmf_w","schema":{"@context":"https:\/\/schema.org","@graph":[{"@type":"ScholarlyArticle","@id":"https:\/\/webdelmaestrocmf.com\/portal\/la-educacion-artistica-escolar-propicia-la-innovacion-inclusion-cohesion-y-participacion-social-material-de-descarga\/#article","isPartOf":{"@id":"https:\/\/webdelmaestrocmf.com\/portal\/la-educacion-artistica-escolar-propicia-la-innovacion-inclusion-cohesion-y-participacion-social-material-de-descarga\/"},"author":{"name":"Web del Maestro CMF","@id":"https:\/\/webdelmaestrocmf.com\/portal\/#\/schema\/person\/1072a2ed7bd960df8ef99a551fa35dc5"},"headline":"La educaci\u00f3n art\u00edstica escolar propicia la innovaci\u00f3n, inclusi\u00f3n, cohesi\u00f3n y participaci\u00f3n social. (Material de descarga)","datePublished":"2019-11-28T22:49:15+00:00","dateModified":"2019-11-28T22:50:07+00:00","mainEntityOfPage":{"@id":"https:\/\/webdelmaestrocmf.com\/portal\/la-educacion-artistica-escolar-propicia-la-innovacion-inclusion-cohesion-y-participacion-social-material-de-descarga\/"},"wordCount":888,"commentCount":0,"publisher":{"@id":"https:\/\/webdelmaestrocmf.com\/portal\/#organization"},"image":{"@id":"https:\/\/webdelmaestrocmf.com\/portal\/la-educacion-artistica-escolar-propicia-la-innovacion-inclusion-cohesion-y-participacion-social-material-de-descarga\/#primaryimage"},"thumbnailUrl":"https:\/\/webdelmaestrocmf.com\/portal\/wp-content\/uploads\/2019\/11\/1-102.jpg","keywords":["ART\u00cdSTICA","cohesi\u00f3n","EDUCACI\u00d3N","ESCOLAR","INCLUSI\u00d3N","INNOVACI\u00d3N","participaci\u00f3n social"],"articleSection":["Yo opino - WMCMF"],"inLanguage":"es","potentialAction":[{"@type":"CommentAction","name":"Comment","target":["https:\/\/webdelmaestrocmf.com\/portal\/la-educacion-artistica-escolar-propicia-la-innovacion-inclusion-cohesion-y-participacion-social-material-de-descarga\/#respond"]}]},{"@type":"WebPage","@id":"https:\/\/webdelmaestrocmf.com\/portal\/la-educacion-artistica-escolar-propicia-la-innovacion-inclusion-cohesion-y-participacion-social-material-de-descarga\/","url":"https:\/\/webdelmaestrocmf.com\/portal\/la-educacion-artistica-escolar-propicia-la-innovacion-inclusion-cohesion-y-participacion-social-material-de-descarga\/","name":"La educaci\u00f3n art\u00edstica escolar propicia la innovaci\u00f3n, inclusi\u00f3n, cohesi\u00f3n y participaci\u00f3n social. (Material de descarga) - 2026","isPartOf":{"@id":"https:\/\/webdelmaestrocmf.com\/portal\/#website"},"primaryImageOfPage":{"@id":"https:\/\/webdelmaestrocmf.com\/portal\/la-educacion-artistica-escolar-propicia-la-innovacion-inclusion-cohesion-y-participacion-social-material-de-descarga\/#primaryimage"},"image":{"@id":"https:\/\/webdelmaestrocmf.com\/portal\/la-educacion-artistica-escolar-propicia-la-innovacion-inclusion-cohesion-y-participacion-social-material-de-descarga\/#primaryimage"},"thumbnailUrl":"https:\/\/webdelmaestrocmf.com\/portal\/wp-content\/uploads\/2019\/11\/1-102.jpg","datePublished":"2019-11-28T22:49:15+00:00","dateModified":"2019-11-28T22:50:07+00:00","description":"Uno de los itinerarios educativos para que los estudiantes sean m\u00e1s creativos, es estimular la curiosidad innata y b\u00fasqueda de soluciones alternativas...","breadcrumb":{"@id":"https:\/\/webdelmaestrocmf.com\/portal\/la-educacion-artistica-escolar-propicia-la-innovacion-inclusion-cohesion-y-participacion-social-material-de-descarga\/#breadcrumb"},"inLanguage":"es","potentialAction":[{"@type":"ReadAction","target":["https:\/\/webdelmaestrocmf.com\/portal\/la-educacion-artistica-escolar-propicia-la-innovacion-inclusion-cohesion-y-participacion-social-material-de-descarga\/"]}]},{"@type":"ImageObject","inLanguage":"es","@id":"https:\/\/webdelmaestrocmf.com\/portal\/la-educacion-artistica-escolar-propicia-la-innovacion-inclusion-cohesion-y-participacion-social-material-de-descarga\/#primaryimage","url":"https:\/\/webdelmaestrocmf.com\/portal\/wp-content\/uploads\/2019\/11\/1-102.jpg","contentUrl":"https:\/\/webdelmaestrocmf.com\/portal\/wp-content\/uploads\/2019\/11\/1-102.jpg","width":1100,"height":680},{"@type":"BreadcrumbList","@id":"https:\/\/webdelmaestrocmf.com\/portal\/la-educacion-artistica-escolar-propicia-la-innovacion-inclusion-cohesion-y-participacion-social-material-de-descarga\/#breadcrumb","itemListElement":[{"@type":"ListItem","position":1,"name":"Portada","item":"https:\/\/webdelmaestrocmf.com\/portal\/"},{"@type":"ListItem","position":2,"name":"Yo opino - WMCMF","item":"https:\/\/webdelmaestrocmf.com\/portal\/category\/jamb\/"},{"@type":"ListItem","position":3,"name":"La educaci\u00f3n art\u00edstica escolar propicia la innovaci\u00f3n, inclusi\u00f3n, cohesi\u00f3n y participaci\u00f3n social. (Material de descarga)"}]},{"@type":"WebSite","@id":"https:\/\/webdelmaestrocmf.com\/portal\/#website","url":"https:\/\/webdelmaestrocmf.com\/portal\/","name":"Web del Maestro CMF","description":"Maestros al servicio de la educaci\u00f3n","publisher":{"@id":"https:\/\/webdelmaestrocmf.com\/portal\/#organization"},"alternateName":"WMCMF","potentialAction":[{"@type":"SearchAction","target":{"@type":"EntryPoint","urlTemplate":"https:\/\/webdelmaestrocmf.com\/portal\/?s={search_term_string}"},"query-input":{"@type":"PropertyValueSpecification","valueRequired":true,"valueName":"search_term_string"}}],"inLanguage":"es"},{"@type":"Organization","@id":"https:\/\/webdelmaestrocmf.com\/portal\/#organization","name":"Web del Maestro CMF","alternateName":"WMCMF","url":"https:\/\/webdelmaestrocmf.com\/portal\/","logo":{"@type":"ImageObject","inLanguage":"es","@id":"https:\/\/webdelmaestrocmf.com\/portal\/#\/schema\/logo\/image\/","url":"https:\/\/webdelmaestrocmf.com\/portal\/wp-content\/uploads\/2023\/01\/logo-wmcmf-2.png","contentUrl":"https:\/\/webdelmaestrocmf.com\/portal\/wp-content\/uploads\/2023\/01\/logo-wmcmf-2.png","width":200,"height":60,"caption":"Web del Maestro CMF"},"image":{"@id":"https:\/\/webdelmaestrocmf.com\/portal\/#\/schema\/logo\/image\/"},"sameAs":["https:\/\/www.facebook.com\/WebdelMaestroCMF\/","https:\/\/x.com\/cmf_w","https:\/\/www.pinterest.com\/WMCMF\/","https:\/\/www.linkedin.com\/company\/web-del-maestro-cmf\/","https:\/\/www.instagram.com\/wmcmf\/","https:\/\/www.youtube.com\/channel\/UCDPSvjbdodE5sHnC3OxutHw","https:\/\/mastodon.social\/@wmcmf","https:\/\/www.tiktok.com\/@webdelmaestrocmf"]},{"@type":"Person","@id":"https:\/\/webdelmaestrocmf.com\/portal\/#\/schema\/person\/1072a2ed7bd960df8ef99a551fa35dc5","name":"Web del Maestro CMF","image":{"@type":"ImageObject","inLanguage":"es","@id":"https:\/\/secure.gravatar.com\/avatar\/23291dd5b5ae1077dcff3dbb04c3e02bd28403fa75af6d8787d5e97c5bbbe30b?s=96&d=mm&r=g","url":"https:\/\/secure.gravatar.com\/avatar\/23291dd5b5ae1077dcff3dbb04c3e02bd28403fa75af6d8787d5e97c5bbbe30b?s=96&d=mm&r=g","contentUrl":"https:\/\/secure.gravatar.com\/avatar\/23291dd5b5ae1077dcff3dbb04c3e02bd28403fa75af6d8787d5e97c5bbbe30b?s=96&d=mm&r=g","caption":"Web del Maestro CMF"},"description":"Esta Web se cre\u00f3 sin fines de lucro, con fines educativos, cient\u00edficos y acad\u00e9micos, para personas que tengan dificultades y\/o inconvenientes en visualizar el material original. El objetivo es entregar recursos, compartir experiencias y materiales que ayuden a los padres de familia, maestros y estudiantes en su actualizaci\u00f3n y formaci\u00f3n permanente, en bien de la Educaci\u00f3n.","sameAs":["http:\/\/webdelmaestrocmf.com\/portal","https:\/\/www.facebook.com\/WebdelMaestroCMF\/","https:\/\/www.instagram.com\/wmcmf\/","https:\/\/cl.linkedin.com\/company\/web-del-maestro-cmf","https:\/\/www.pinterest.com\/WMCMF\/publicaciones\/","https:\/\/x.com\/cmf_w","https:\/\/www.youtube.com\/@WMCMF"]}]}},"jetpack_featured_media_url":"https:\/\/webdelmaestrocmf.com\/portal\/wp-content\/uploads\/2019\/11\/1-102.jpg","jetpack_sharing_enabled":true,"jetpack-related-posts":[{"id":18205,"url":"https:\/\/webdelmaestrocmf.com\/portal\/responder-los-desafios-innovacion-se-presentan-hoy-las-aulas\/","url_meta":{"origin":42244,"position":0},"title":"\u00bfC\u00f3mo responder a los desaf\u00edos de innovaci\u00f3n que se presentan hoy en las aulas?","author":"Web del Maestro CMF","date":"12 mayo, 2017","format":false,"excerpt":"La Innovaci\u00f3n educativa empieza por conocer la problem\u00e1tica del aprendizaje desde la realidad del estudiante, contar profesionales \u00f3ptimamente formados; con indicadores de evaluaci\u00f3n cuantitativos que demuestren que los estudiantes efectivamente aprenden; Integrando la tecnolog\u00eda y el acceso a la alfabetizaci\u00f3n digital; motivar a los alumnos y el apoyo a las\u2026","rel":"","context":"En \u00abNoticias\u00bb","block_context":{"text":"Noticias","link":"https:\/\/webdelmaestrocmf.com\/portal\/category\/pedagogia\/noticias-pedagogia\/"},"img":{"alt_text":"","src":"https:\/\/i0.wp.com\/webdelmaestrocmf.com\/portal\/wp-content\/uploads\/2017\/05\/1.pg_.jpg?resize=350%2C200&ssl=1","width":350,"height":200,"srcset":"https:\/\/i0.wp.com\/webdelmaestrocmf.com\/portal\/wp-content\/uploads\/2017\/05\/1.pg_.jpg?resize=350%2C200&ssl=1 1x, https:\/\/i0.wp.com\/webdelmaestrocmf.com\/portal\/wp-content\/uploads\/2017\/05\/1.pg_.jpg?resize=525%2C300&ssl=1 1.5x, https:\/\/i0.wp.com\/webdelmaestrocmf.com\/portal\/wp-content\/uploads\/2017\/05\/1.pg_.jpg?resize=700%2C400&ssl=1 2x, https:\/\/i0.wp.com\/webdelmaestrocmf.com\/portal\/wp-content\/uploads\/2017\/05\/1.pg_.jpg?resize=1050%2C600&ssl=1 3x"},"classes":[]},{"id":115686,"url":"https:\/\/webdelmaestrocmf.com\/portal\/la-unesco-propone-una-nueva-vision-educativa-cultura-y-artes-en-el-centro-del-aprendizaje\/","url_meta":{"origin":42244,"position":1},"title":"La UNESCO propone una nueva visi\u00f3n educativa: cultura y artes en el centro del aprendizaje","author":"Web del Maestro CMF","date":"4 marzo, 2026","format":false,"excerpt":"La UNESCO propone integrar cultura y artes en la educaci\u00f3n para fortalecer creatividad, pensamiento cr\u00edtico, inclusi\u00f3n, identidad cultural y aprendizaje significativo.","rel":"","context":"En \u00abLibros\u00bb","block_context":{"text":"Libros","link":"https:\/\/webdelmaestrocmf.com\/portal\/category\/pedagogia\/libros\/"},"img":{"alt_text":"","src":"https:\/\/i0.wp.com\/webdelmaestrocmf.com\/portal\/wp-content\/uploads\/2026\/03\/1A-Banner-1-portada-imagen-10-1-copia-10.webp?resize=350%2C200&ssl=1","width":350,"height":200,"srcset":"https:\/\/i0.wp.com\/webdelmaestrocmf.com\/portal\/wp-content\/uploads\/2026\/03\/1A-Banner-1-portada-imagen-10-1-copia-10.webp?resize=350%2C200&ssl=1 1x, https:\/\/i0.wp.com\/webdelmaestrocmf.com\/portal\/wp-content\/uploads\/2026\/03\/1A-Banner-1-portada-imagen-10-1-copia-10.webp?resize=525%2C300&ssl=1 1.5x, https:\/\/i0.wp.com\/webdelmaestrocmf.com\/portal\/wp-content\/uploads\/2026\/03\/1A-Banner-1-portada-imagen-10-1-copia-10.webp?resize=700%2C400&ssl=1 2x"},"classes":[]},{"id":40162,"url":"https:\/\/webdelmaestrocmf.com\/portal\/la-educacion-artistica-para-ver-los-problemas-y-o-promover-una-convivencia-mas-respetuosa-y-justa\/","url_meta":{"origin":42244,"position":2},"title":"La Educaci\u00f3n Art\u00edstica para ver los problemas y\/o promover una convivencia m\u00e1s respetuosa y justa","author":"Web del Maestro CMF","date":"9 septiembre, 2019","format":false,"excerpt":"La Educaci\u00f3n Art\u00edstica en la curr\u00edcula y hecha ense\u00f1anza \u2013 aprendizaje en nuestras escuelas son \u201cuna gran oportunidad para ayudar a que los estudiantes puedan construir una mirada cr\u00edtica y reflexiva sobre asuntos p\u00fablicos y problem\u00e1ticas locales, nacionales o globales y ejercer una ciudadan\u00eda activa, a trav\u00e9s de la creaci\u00f3n\u2026","rel":"","context":"En \u00abYo opino - WMCMF\u00bb","block_context":{"text":"Yo opino - WMCMF","link":"https:\/\/webdelmaestrocmf.com\/portal\/category\/jamb\/"},"img":{"alt_text":"","src":"https:\/\/i0.wp.com\/webdelmaestrocmf.com\/portal\/wp-content\/uploads\/2019\/09\/1QfER.jpg?resize=350%2C200&ssl=1","width":350,"height":200,"srcset":"https:\/\/i0.wp.com\/webdelmaestrocmf.com\/portal\/wp-content\/uploads\/2019\/09\/1QfER.jpg?resize=350%2C200&ssl=1 1x, https:\/\/i0.wp.com\/webdelmaestrocmf.com\/portal\/wp-content\/uploads\/2019\/09\/1QfER.jpg?resize=525%2C300&ssl=1 1.5x, https:\/\/i0.wp.com\/webdelmaestrocmf.com\/portal\/wp-content\/uploads\/2019\/09\/1QfER.jpg?resize=700%2C400&ssl=1 2x, https:\/\/i0.wp.com\/webdelmaestrocmf.com\/portal\/wp-content\/uploads\/2019\/09\/1QfER.jpg?resize=1050%2C600&ssl=1 3x"},"classes":[]},{"id":91008,"url":"https:\/\/webdelmaestrocmf.com\/portal\/120-nombres-de-proyectos-educativos-para-las-4-metodologias-de-la-nem\/","url_meta":{"origin":42244,"position":3},"title":"Nombres de proyectos educativos para las 4 metodolog\u00edas NEM","author":"Web del Maestro CMF","date":"25 julio, 2023","format":false,"excerpt":"Proyectos educativos para las 4 metodolog\u00edas de la NEM. La Nueva Escuela Mexicana es una ambiciosa propuesta educativa que busca transformar y fortalecer el sistema educativo en M\u00e9xico. Con el objetivo de enfrentar los retos del siglo XXI y brindar una educaci\u00f3n de calidad, la NEM se centra en la\u2026","rel":"","context":"En \u00abProyecto educativo\u00bb","block_context":{"text":"Proyecto educativo","link":"https:\/\/webdelmaestrocmf.com\/portal\/category\/pedagogia\/proyecto-educativo\/"},"img":{"alt_text":"proyectos","src":"https:\/\/i0.wp.com\/webdelmaestrocmf.com\/portal\/wp-content\/uploads\/2023\/07\/A12B3C4D-5-1.jpg?resize=350%2C200&ssl=1","width":350,"height":200,"srcset":"https:\/\/i0.wp.com\/webdelmaestrocmf.com\/portal\/wp-content\/uploads\/2023\/07\/A12B3C4D-5-1.jpg?resize=350%2C200&ssl=1 1x, https:\/\/i0.wp.com\/webdelmaestrocmf.com\/portal\/wp-content\/uploads\/2023\/07\/A12B3C4D-5-1.jpg?resize=525%2C300&ssl=1 1.5x, https:\/\/i0.wp.com\/webdelmaestrocmf.com\/portal\/wp-content\/uploads\/2023\/07\/A12B3C4D-5-1.jpg?resize=700%2C400&ssl=1 2x"},"classes":[]},{"id":65207,"url":"https:\/\/webdelmaestrocmf.com\/portal\/apps-para-trabajar-educacion-artistica\/","url_meta":{"origin":42244,"position":4},"title":"13 Apps para desarrollar la educaci\u00f3n Art\u00edstica","author":"Web del Maestro CMF","date":"14 julio, 2021","format":false,"excerpt":"Como padres so\u00f1amos con que nuestros hijos tengan\u00a0buenos h\u00e1bitos de lectura, que les guste alg\u00fan deporte, que se diviertan aprendiendo en el colegio y que adem\u00e1s, si es posible, desarrollen un talento relacionado al arte o a la m\u00fasica. Todo esto ser\u00eda ideal, pero la mayor\u00eda no sabemos por d\u00f3nde\u2026","rel":"","context":"En \u00abArte\u00bb","block_context":{"text":"Arte","link":"https:\/\/webdelmaestrocmf.com\/portal\/category\/pedagogia\/arte\/"},"img":{"alt_text":"","src":"https:\/\/i0.wp.com\/webdelmaestrocmf.com\/portal\/wp-content\/uploads\/2021\/07\/1-54.jpg?resize=350%2C200&ssl=1","width":350,"height":200,"srcset":"https:\/\/i0.wp.com\/webdelmaestrocmf.com\/portal\/wp-content\/uploads\/2021\/07\/1-54.jpg?resize=350%2C200&ssl=1 1x, https:\/\/i0.wp.com\/webdelmaestrocmf.com\/portal\/wp-content\/uploads\/2021\/07\/1-54.jpg?resize=525%2C300&ssl=1 1.5x, https:\/\/i0.wp.com\/webdelmaestrocmf.com\/portal\/wp-content\/uploads\/2021\/07\/1-54.jpg?resize=700%2C400&ssl=1 2x, https:\/\/i0.wp.com\/webdelmaestrocmf.com\/portal\/wp-content\/uploads\/2021\/07\/1-54.jpg?resize=1050%2C600&ssl=1 3x"},"classes":[]},{"id":74833,"url":"https:\/\/webdelmaestrocmf.com\/portal\/que-es-el-arteterapia-y-cual-es-su-rol-en-la-educacion-y-como-aplicarlo-en-el-aula\/","url_meta":{"origin":42244,"position":5},"title":"Qu\u00e9 es la arteterapia y cu\u00e1l es su rol en la educaci\u00f3n y c\u00f3mo aplicarlo en el aula","author":"Web del Maestro CMF","date":"28 febrero, 2022","format":false,"excerpt":"La educaci\u00f3n y la creatividad han ido de la mano desde que psic\u00f3logos y docentes comprendieron el potencial del pensamiento creativo como herramienta did\u00e1ctica. Anteriormente, en art\u00edculos y webinars hemos hablado sobre el rol del arte y la literatura en el proceso de ense\u00f1anza. Entre estos recursos que ayudan a\u2026","rel":"","context":"En \u00abArte\u00bb","block_context":{"text":"Arte","link":"https:\/\/webdelmaestrocmf.com\/portal\/category\/pedagogia\/arte\/"},"img":{"alt_text":"","src":"https:\/\/i0.wp.com\/webdelmaestrocmf.com\/portal\/wp-content\/uploads\/2022\/02\/1a12-DESKTOP-DLIPULV-13.jpg?resize=350%2C200&ssl=1","width":350,"height":200,"srcset":"https:\/\/i0.wp.com\/webdelmaestrocmf.com\/portal\/wp-content\/uploads\/2022\/02\/1a12-DESKTOP-DLIPULV-13.jpg?resize=350%2C200&ssl=1 1x, https:\/\/i0.wp.com\/webdelmaestrocmf.com\/portal\/wp-content\/uploads\/2022\/02\/1a12-DESKTOP-DLIPULV-13.jpg?resize=525%2C300&ssl=1 1.5x, https:\/\/i0.wp.com\/webdelmaestrocmf.com\/portal\/wp-content\/uploads\/2022\/02\/1a12-DESKTOP-DLIPULV-13.jpg?resize=700%2C400&ssl=1 2x, https:\/\/i0.wp.com\/webdelmaestrocmf.com\/portal\/wp-content\/uploads\/2022\/02\/1a12-DESKTOP-DLIPULV-13.jpg?resize=1050%2C600&ssl=1 3x"},"classes":[]}],"_links":{"self":[{"href":"https:\/\/webdelmaestrocmf.com\/portal\/wp-json\/wp\/v2\/posts\/42244","targetHints":{"allow":["GET"]}}],"collection":[{"href":"https:\/\/webdelmaestrocmf.com\/portal\/wp-json\/wp\/v2\/posts"}],"about":[{"href":"https:\/\/webdelmaestrocmf.com\/portal\/wp-json\/wp\/v2\/types\/post"}],"author":[{"embeddable":true,"href":"https:\/\/webdelmaestrocmf.com\/portal\/wp-json\/wp\/v2\/users\/1"}],"replies":[{"embeddable":true,"href":"https:\/\/webdelmaestrocmf.com\/portal\/wp-json\/wp\/v2\/comments?post=42244"}],"version-history":[{"count":0,"href":"https:\/\/webdelmaestrocmf.com\/portal\/wp-json\/wp\/v2\/posts\/42244\/revisions"}],"wp:featuredmedia":[{"embeddable":true,"href":"https:\/\/webdelmaestrocmf.com\/portal\/wp-json\/wp\/v2\/media\/42245"}],"wp:attachment":[{"href":"https:\/\/webdelmaestrocmf.com\/portal\/wp-json\/wp\/v2\/media?parent=42244"}],"wp:term":[{"taxonomy":"category","embeddable":true,"href":"https:\/\/webdelmaestrocmf.com\/portal\/wp-json\/wp\/v2\/categories?post=42244"},{"taxonomy":"post_tag","embeddable":true,"href":"https:\/\/webdelmaestrocmf.com\/portal\/wp-json\/wp\/v2\/tags?post=42244"}],"curies":[{"name":"wp","href":"https:\/\/api.w.org\/{rel}","templated":true}]}}