{"id":42217,"date":"2019-11-27T22:42:31","date_gmt":"2019-11-28T01:42:31","guid":{"rendered":"https:\/\/webdelmaestrocmf.com\/portal\/?p=42217"},"modified":"2019-11-27T22:52:12","modified_gmt":"2019-11-28T01:52:12","slug":"jose-antonio-marina-no-hay-una-voz-autorizada-que-hable-de-etica","status":"publish","type":"post","link":"https:\/\/webdelmaestrocmf.com\/portal\/jose-antonio-marina-no-hay-una-voz-autorizada-que-hable-de-etica\/","title":{"rendered":"Jos\u00e9 Antonio Marina: No hay una voz autorizada que hable de \u00e9tica"},"content":{"rendered":"<h5 style=\"text-align: justify;\">El Profesor Jos\u00e9 Antonio Marina, (Toledo, 1939), en su nuevo libro <em>Historia Visual de la Inteligencia<\/em>, analiza c\u00f3mo ha progresado nuestra mente desde los or\u00edgenes hasta los grandes desaf\u00edos que plantea el futuro; y c\u00f3mo lo har\u00e1 con la inteligencia artificial y la ingenier\u00eda gen\u00e9tica\u201d, y es vivir la apasionante aventura de la inteligencia humana. La \u201cinteligencia humana se crea a s\u00ed misma.<\/h5>\n<p><!--more--><\/p>\n<p style=\"text-align: justify;\">\u00c9sta es la fant\u00e1stica aventura que he querido contar en los dos formatos que nos han acompa\u00f1ado desde que nuestra especie comenz\u00f3 a decorar las cuevas: el ling\u00fc\u00edstico y el visual. Dec\u00eda el gran poeta Paul Val\u00e9ry que las tres grandes creaciones de la inteligencia humana son la poes\u00eda, las matem\u00e1ticas y el dibujo. Yo estoy de acuerdo, aunque a\u00f1adir\u00eda alguna m\u00e1s\u201d.<\/p>\n<p><a href=\"https:\/\/webdelmaestrocmf.com\/portal\/wp-content\/uploads\/2019\/11\/1-94.jpg\" target=\"_blank\" rel=\"noopener noreferrer\"><img loading=\"lazy\" decoding=\"async\" class=\"alignnone size-full wp-image-42221\" src=\"https:\/\/webdelmaestrocmf.com\/portal\/wp-content\/uploads\/2019\/11\/1-94.jpg\" alt=\"\" width=\"1100\" height=\"680\" srcset=\"https:\/\/webdelmaestrocmf.com\/portal\/wp-content\/uploads\/2019\/11\/1-94.jpg 1100w, https:\/\/webdelmaestrocmf.com\/portal\/wp-content\/uploads\/2019\/11\/1-94-300x185.jpg 300w, https:\/\/webdelmaestrocmf.com\/portal\/wp-content\/uploads\/2019\/11\/1-94-1024x633.jpg 1024w, https:\/\/webdelmaestrocmf.com\/portal\/wp-content\/uploads\/2019\/11\/1-94-768x475.jpg 768w, https:\/\/webdelmaestrocmf.com\/portal\/wp-content\/uploads\/2019\/11\/1-94-110x68.jpg 110w, https:\/\/webdelmaestrocmf.com\/portal\/wp-content\/uploads\/2019\/11\/1-94-200x124.jpg 200w, https:\/\/webdelmaestrocmf.com\/portal\/wp-content\/uploads\/2019\/11\/1-94-380x235.jpg 380w, https:\/\/webdelmaestrocmf.com\/portal\/wp-content\/uploads\/2019\/11\/1-94-255x158.jpg 255w, https:\/\/webdelmaestrocmf.com\/portal\/wp-content\/uploads\/2019\/11\/1-94-550x340.jpg 550w, https:\/\/webdelmaestrocmf.com\/portal\/wp-content\/uploads\/2019\/11\/1-94-800x495.jpg 800w\" sizes=\"auto, (max-width: 1100px) 100vw, 1100px\" \/><\/a><\/p>\n<p style=\"text-align: justify;\">Art\u00edculo relacionado: <a href=\"https:\/\/webdelmaestrocmf.com\/portal\/jose-marina-no-genios-talento-se-aprende\/\" target=\"_blank\" rel=\"noopener noreferrer\"><strong>JOS\u00c9 ANTONIO MARINA: NO HAY GENIOS, EL TALENTO SE APRENDE.<\/strong><\/a><\/p>\n<p style=\"text-align: justify;\">Para los profesores que est\u00e9n interesados en temas sobre la evoluci\u00f3n de la inteligencia humana, el influjo de las tecnolog\u00edas, las transformaciones sociales que se est\u00e1n sucediendo, el c\u00f3mo conectar la ciencia con las humanidades, el aprender a vivir con los actuales sistemas inform\u00e1ticos y los valores \u00e9ticos. Les invitamos a leer siete preguntas y respuestas del di\u00e1logo entre el profesor Marina y la periodista espa\u00f1ola Irene Hern\u00e1ndez Velasco, en la publicaci\u00f3n de El Mundo.<\/p>\n<h5 style=\"text-align: left;\"><strong>IRENE HERN\u00c1NDEZ:<\/strong> <strong><em>En su libro examina nuestro pasado, nuestro presente y sobre todo el futuro que nos espera&#8230;<\/em><\/strong><\/h5>\n<p style=\"text-align: justify;\"><strong>JOS\u00c9 ANTONIO MARINA: <\/strong>\u201cS\u00ed, porque se repite insistentemente que de aqu\u00ed al a\u00f1o 2040 va a haber un cambio trascendental en la especie humana, <strong>va a aparecer el transhumanismo.<\/strong> La naturaleza humana va a quedar completamente transformada. La aplicaci\u00f3n de <strong>tecnolog\u00edas de ingenier\u00eda gen\u00e9tica, los implantes neurol\u00f3gicos y los sistemas de inteligencia artificial nos van a transformar enormemente.<\/strong> Algunos dicen que vamos a conseguir la inmortalidad, los m\u00e1s pesimistas que llegaremos a vivir 140-150 a\u00f1os. [&#8230;] Lo que he pretendido en este libro es explicar que <strong>antes de decir adi\u00f3s a la \u00abhumanidad\u00bb, debemos conocer c\u00f3mo hemos llegado donde estamos<\/strong>, c\u00f3mo ha ido evolucionando la inteligencia humana, para saber lo que debemos conservar\u201d.<\/p>\n<h5 style=\"text-align: left;\"><strong>HUMANISMO FRENTE A INTELIGENCIA ARTIFICIAL <\/strong>(02\u00b459\u201d)<\/h5>\n<p><iframe loading=\"lazy\" src=\"https:\/\/www.youtube.com\/embed\/zdsbKq4LfCc\" width=\"100%\" height=\"400\" frameborder=\"0\" allowfullscreen=\"allowfullscreen\"><span data-mce-type=\"bookmark\" style=\"display: inline-block; width: 0px; overflow: hidden; line-height: 0;\" class=\"mce_SELRES_start\">\ufeff<\/span><\/iframe><\/p>\n<h5 style=\"text-align: left;\"><strong>IRENE HERN\u00c1NDEZ:<\/strong> <strong><em>\u00bfHabr\u00eda entonces que conectar la ciencia con las humanidades?<\/em><\/strong><\/h5>\n<p style=\"text-align: justify;\"><strong>JOS\u00c9 ANTONIO MARINA:<\/strong> \u201cS\u00ed. Ahora mismo son dos v\u00edas que van separadas y que hablan lenguajes muy diferentes. <strong>Necesitamos conectores, gente que domine los dos lenguajes.<\/strong> Estamos ante una transformaci\u00f3n acelerada y no hay una voz autorizada que hable de \u00e9tica\u201d.<\/p>\n<h5 style=\"text-align: left;\"><strong>IRENE HERN\u00c1NDEZ: <em>\u00bfDe cu\u00e1nto<\/em><em> tie<\/em><em>mpo<\/em><em> disponemos?<\/em><\/strong><\/h5>\n<p style=\"text-align: justify;\"><strong>JOS\u00c9 ANTONIO MARINA: <\/strong>\u201cNo mucho, <strong>no m\u00e1s de cinco a\u00f1os<\/strong>. Por eso habr\u00eda que hacer un gran <strong>rearme de la inteligencia cr\u00edtica<\/strong>. Pero no se est\u00e1 haciendo. [&#8230;]\u201d.<\/p>\n<h5 style=\"text-align: left;\"><strong>IRENE HERN\u00c1NDEZ:<\/strong> <strong><em>Sin ese rearme \u00e9tico, \u00bfno podremos competir con los ordenadores?<\/em><\/strong><\/h5>\n<p style=\"text-align: justify;\"><strong>JOS\u00c9 ANTONIO MARINA: <\/strong>\u201cNo. Dentro de muy poco tiempo <strong>la invasi\u00f3n de los sistemas de inteligencia artificial va a ser muy potente.<\/strong> Van a manejar informaci\u00f3n much\u00edsimo m\u00e1s r\u00e1pido de lo que podemos manejar nosotros: [&#8230;] <strong>No podemos competir en informaci\u00f3n con la inteligencia artificial<\/strong>. El asunto es qui\u00e9n va a tomar las decisiones: nosotros o los ordenadores. [&#8230;]\u201d.<\/p>\n<h5 style=\"text-align: left;\"><strong>IRENE HERN\u00c1NDEZ:<\/strong> <strong><em>Y con la capacidad de aprender que tienen los actuales sistemas inform\u00e1ticos, \u00bfno ser\u00eda mejor gobernante quiz\u00e1s que una persona?<\/em><\/strong><\/h5>\n<p style=\"text-align: justify;\"><strong>JOS\u00c9 ANTONIO MARINA: <\/strong>\u201cA lo mejor s\u00ed. Estamos en un momento muy cr\u00edtico. <strong>Ha habido tres giros radicales en la historia y ahora estamos en la antesala del cuarto,<\/strong> y no sabemos bien c\u00f3mo va a ser. Yo personalmente estoy preocupado. Pienso por ejemplo en mis alumnos. <strong>\u00bfQu\u00e9 pasar\u00e1 cuando se generalice la realidad virtual <\/strong>y te permita vivir en un mundo feliz pero irreal? Estamos en un momento muy cr\u00edtico. <strong>El futuro puede ser fant\u00e1stico<\/strong>, pero tambi\u00e9n nos podemos equivocar. Y por eso tenemos que reflexionar\u201d. [&#8230;].<\/p>\n<p style=\"text-align: justify;\">Art\u00edculo relacionado: <a href=\"https:\/\/webdelmaestrocmf.com\/portal\/muchos-de-los-desarrolladores-de-tecnologia-educativa-no-entienden-nada-de-educacion\/\" target=\"_blank\" rel=\"noopener noreferrer\"><strong>MUCHOS DE LOS DESARROLLADORES DE TECNOLOG\u00cdA EDUCATIVA NO ENTIENDEN NADA DE EDUCACI\u00d3N<\/strong>.<\/a><\/p>\n<h5 style=\"text-align: left;\"><strong>IRENE HERN\u00c1NDEZ:<\/strong> <strong><em>\u00bfY por qu\u00e9 no reflexionamos sobre los cambios que pueden traer las nuevas tecnol\u00f3gicos?<\/em><\/strong><\/h5>\n<p style=\"text-align: justify;\"><strong>JOS\u00c9 ANTONIO MARINA: <\/strong>\u201cPor dos razones. Primero, porque <em>la tecnolog\u00eda avanza realmente muy deprisa<\/em>. Y, en segundo lugar, porque <strong>los que tendr\u00edamos que reflexionar no entendemos bien la tecnolog\u00eda<\/strong>\u201d.<\/p>\n<h5 style=\"text-align: left;\"><strong>IRENE HERN\u00c1NDEZ:<\/strong> <strong><em>Usted lleva toda la vida estudiando la inteligencia, \u00bfcree realmente que seremos capaces de no dejar de lado los valores \u00e9ticos?<\/em><\/strong><\/h5>\n<p style=\"text-align: justify;\"><strong>JOS\u00c9 ANTONIO MARINA: <\/strong>\u201cYo creo que s\u00ed, pero porque cuando observas toda la historia te das cuenta de que la humanidad ha ido progresando. <strong>Lo malo es que se ha progresado a bandazos.<\/strong> Hasta ahora siempre que hemos llegado a un punto peligroso hemos cambiado la vela y hemos vuelto al rumbo. <strong>Pero no tenemos la seguridad de que vayamos a seguir haci\u00e9ndolo<\/strong>. Adem\u00e1s, <strong>cualquier sociedad est\u00e1 expuesta a un colapso \u00e9tico y social<\/strong>. [&#8230;]\u201d.<\/p>\n<p style=\"text-align: justify;\">Sugerimos leer la publicaci\u00f3n completa de EL MUNDO en este enlace: <a href=\"https:\/\/www.elmundo.es\/papel\/lideres\/2019\/11\/17\/5dcd633721efa060468b4640.html\" target=\"_blank\" rel=\"noopener noreferrer\"><strong>JOS\u00c9 ANTONIO MARINA: \u00abSI EL FUTURO SALE MAL, LOS HUMANOS SEREMOS ALGO RESIDUAL\u00bb.<\/strong><\/a><\/p>\n<p style=\"text-align: justify;\"><em>\u201cLo que he pretendido en este libro es explicar que antes de decir adi\u00f3s a la \u00abhumanidad\u00bb, debemos conocer c\u00f3mo hemos llegado donde estamos, c\u00f3mo ha ido evolucionando la inteligencia humana, para saber lo que debemos conservar\u201d.<\/em><\/p>\n<p style=\"text-align: right;\"><strong>REDACCI\u00d3N WEB DEL MAESTRO CMF<\/strong><\/p>\n<p class=\"p1\">\t\t<div class=\"pk-inline-posts\">\n\t\t\t\n\t\t\t<div class=\"pk-inline-posts-container pk-inline-posts-template-list\"\n\t\t\t\tdata-columns=\"1\">\n\t\t\t\t\t\t<article id=\"post-118480\" class=\"post-118480 post type-post status-publish format-standard has-post-thumbnail category-entrevistas category-noticias tag-aprendizaje tag-autonomia-3 tag-desarrollo tag-docentes tag-educacion-2 tag-ensenanza-2 tag-escuela tag-infancia tag-juego tag-pedagogia-2 cs-entry cs-video-wrap\">\n\t\t\t<div class=\"pk-post-outer\">\n\n\t\t\t\t\t\t\t\t<div class=\"pk-post-inner\">\n\t\t\t\t\t<div class=\"entry-thumbnail\">\n\t\t\t\t\t\t<div class=\"pk-overlay pk-overlay-ratio pk-ratio-landscape\">\n\t\t\t\t\t\t\t<div class=\"pk-overlay-background\">\n\t\t\t\t\t\t\t\t<a href=\"https:\/\/webdelmaestrocmf.com\/portal\/francesco-tonucci-hoy-la-escuela-esta-asumiendo-un-error-fatal-que-es-hacer-mas-un-papel-de-ninera-que-de-estructura-educativa\/\" class=\"pk-overlay-link\">\n\t\t\t\t\t\t\t\t\t<img loading=\"lazy\" decoding=\"async\" width=\"300\" height=\"225\" src=\"https:\/\/webdelmaestrocmf.com\/portal\/wp-content\/uploads\/2026\/04\/1AA-Banner-1-portada-imagen-10-1-copia-2-9-300x225.webp\" class=\"attachment-pk-thumbnail size-pk-thumbnail wp-post-image\" alt=\"\" \/>\t\t\t\t\t\t\t\t<\/a>\n\t\t\t\t\t\t\t<\/div>\n\t\t\t\t\t\t<\/div>\n\t\t\t\t\t<\/div>\n\t\t\t\t<\/div>\n\t\t\t\t\n\t\t\t\t<div class=\"pk-post-inner\">\n\t\t\t\t\t<header>\n\t\t\t\t\t\t<h3 class=\"pk-title\"><a href=\"https:\/\/webdelmaestrocmf.com\/portal\/francesco-tonucci-hoy-la-escuela-esta-asumiendo-un-error-fatal-que-es-hacer-mas-un-papel-de-ninera-que-de-estructura-educativa\/\" rel=\"bookmark\">Francesco Tonucci: Hoy la escuela est\u00e1 asumiendo un error fatal que es hacer m\u00e1s un papel de ni\u00f1era que de estructura educativa<\/a><\/h3>\t\t\t\t\t<\/header><!-- .entry-header -->\n\t\t\t\t<\/div><!-- .post-inner -->\n\n\t\t\t<\/div><!-- .post-outer -->\n\t\t<\/article>\n\t\t\t\t<\/div>\n\t\t<\/div>\n\t\t<\/p>\n","protected":false},"excerpt":{"rendered":"El Profesor Jos\u00e9 Antonio Marina, (Toledo, 1939), en su nuevo libro Historia Visual de la Inteligencia, analiza c\u00f3mo&hellip;","protected":false},"author":1,"featured_media":42222,"comment_status":"open","ping_status":"closed","sticky":false,"template":"","format":"standard","meta":{"csco_display_header_overlay":false,"csco_singular_sidebar":"disabled","csco_page_header_type":"standard","csco_page_load_nextpost":"default","csco_post_video_location":[],"csco_post_video_location_hash":"","csco_post_video_url":"","csco_post_video_bg_start_time":0,"csco_post_video_bg_end_time":0,"csco_post_video_bg_volume":false,"_jetpack_memberships_contains_paid_content":false,"footnotes":""},"categories":[48,47],"tags":[4548,2212,244,3517],"class_list":{"0":"post-42217","1":"post","2":"type-post","3":"status-publish","4":"format-standard","5":"has-post-thumbnail","7":"category-entrevistas","8":"category-noticias","9":"tag-autorizada","10":"tag-etica","11":"tag-jose-antonio-marina","12":"tag-voz","13":"cs-entry","14":"cs-video-wrap"},"yoast_head":"<!-- This site is optimized with the Yoast SEO plugin v27.5 - https:\/\/yoast.com\/product\/yoast-seo-wordpress\/ -->\n<title>Jos\u00e9 Antonio Marina: No hay una voz autorizada que hable de \u00e9tica - 2026<\/title>\n<meta name=\"description\" content=\"Comunidad de Maestros, Docentes y Profesores, en donde encontrar\u00e1s material, informaci\u00f3n y noticias del \u00e1mbito nacional y mundial.\" \/>\n<meta name=\"robots\" content=\"index, follow, max-snippet:-1, max-image-preview:large, max-video-preview:-1\" \/>\n<link rel=\"canonical\" href=\"https:\/\/webdelmaestrocmf.com\/portal\/jose-antonio-marina-no-hay-una-voz-autorizada-que-hable-de-etica\/\" \/>\n<meta property=\"og:locale\" content=\"es_ES\" \/>\n<meta property=\"og:type\" content=\"article\" \/>\n<meta property=\"og:title\" content=\"Jos\u00e9 Antonio Marina: No hay una voz autorizada que hable de \u00e9tica - 2026\" \/>\n<meta property=\"og:description\" content=\"Comunidad de Maestros, Docentes y Profesores, en donde encontrar\u00e1s material, informaci\u00f3n y noticias del \u00e1mbito nacional y mundial.\" \/>\n<meta property=\"og:url\" content=\"https:\/\/webdelmaestrocmf.com\/portal\/jose-antonio-marina-no-hay-una-voz-autorizada-que-hable-de-etica\/\" \/>\n<meta property=\"og:site_name\" content=\"Web del Maestro CMF\" \/>\n<meta property=\"article:publisher\" content=\"https:\/\/www.facebook.com\/WebdelMaestroCMF\/\" \/>\n<meta property=\"article:author\" content=\"https:\/\/www.facebook.com\/WebdelMaestroCMF\/\" \/>\n<meta property=\"article:published_time\" content=\"2019-11-28T01:42:31+00:00\" \/>\n<meta property=\"article:modified_time\" content=\"2019-11-28T01:52:12+00:00\" \/>\n<meta property=\"og:image\" content=\"https:\/\/i0.wp.com\/webdelmaestrocmf.com\/portal\/wp-content\/uploads\/2019\/11\/2-36.jpg?fit=1100%2C680&ssl=1\" \/>\n\t<meta property=\"og:image:width\" content=\"1100\" \/>\n\t<meta property=\"og:image:height\" content=\"680\" \/>\n\t<meta property=\"og:image:type\" content=\"image\/jpeg\" \/>\n<meta name=\"author\" content=\"Web del Maestro CMF\" \/>\n<meta name=\"twitter:card\" content=\"summary_large_image\" \/>\n<meta name=\"twitter:creator\" content=\"@cmf_w\" \/>\n<meta name=\"twitter:site\" content=\"@cmf_w\" \/>\n<script type=\"application\/ld+json\" class=\"yoast-schema-graph\">{\"@context\":\"https:\\\/\\\/schema.org\",\"@graph\":[{\"@type\":\"ScholarlyArticle\",\"@id\":\"https:\\\/\\\/webdelmaestrocmf.com\\\/portal\\\/jose-antonio-marina-no-hay-una-voz-autorizada-que-hable-de-etica\\\/#article\",\"isPartOf\":{\"@id\":\"https:\\\/\\\/webdelmaestrocmf.com\\\/portal\\\/jose-antonio-marina-no-hay-una-voz-autorizada-que-hable-de-etica\\\/\"},\"author\":{\"name\":\"Web del Maestro CMF\",\"@id\":\"https:\\\/\\\/webdelmaestrocmf.com\\\/portal\\\/#\\\/schema\\\/person\\\/1072a2ed7bd960df8ef99a551fa35dc5\"},\"headline\":\"Jos\u00e9 Antonio Marina: No hay una voz autorizada que hable de \u00e9tica\",\"datePublished\":\"2019-11-28T01:42:31+00:00\",\"dateModified\":\"2019-11-28T01:52:12+00:00\",\"mainEntityOfPage\":{\"@id\":\"https:\\\/\\\/webdelmaestrocmf.com\\\/portal\\\/jose-antonio-marina-no-hay-una-voz-autorizada-que-hable-de-etica\\\/\"},\"wordCount\":927,\"commentCount\":0,\"publisher\":{\"@id\":\"https:\\\/\\\/webdelmaestrocmf.com\\\/portal\\\/#organization\"},\"image\":{\"@id\":\"https:\\\/\\\/webdelmaestrocmf.com\\\/portal\\\/jose-antonio-marina-no-hay-una-voz-autorizada-que-hable-de-etica\\\/#primaryimage\"},\"thumbnailUrl\":\"https:\\\/\\\/webdelmaestrocmf.com\\\/portal\\\/wp-content\\\/uploads\\\/2019\\\/11\\\/2-36.jpg\",\"keywords\":[\"autorizada\",\"\u00c9TICA\",\"Jos\u00e9 Antonio Marina\",\"VOZ\"],\"articleSection\":[\"Entrevistas\",\"Noticias\"],\"inLanguage\":\"es\",\"potentialAction\":[{\"@type\":\"CommentAction\",\"name\":\"Comment\",\"target\":[\"https:\\\/\\\/webdelmaestrocmf.com\\\/portal\\\/jose-antonio-marina-no-hay-una-voz-autorizada-que-hable-de-etica\\\/#respond\"]}]},{\"@type\":\"WebPage\",\"@id\":\"https:\\\/\\\/webdelmaestrocmf.com\\\/portal\\\/jose-antonio-marina-no-hay-una-voz-autorizada-que-hable-de-etica\\\/\",\"url\":\"https:\\\/\\\/webdelmaestrocmf.com\\\/portal\\\/jose-antonio-marina-no-hay-una-voz-autorizada-que-hable-de-etica\\\/\",\"name\":\"Jos\u00e9 Antonio Marina: No hay una voz autorizada que hable de \u00e9tica - 2026\",\"isPartOf\":{\"@id\":\"https:\\\/\\\/webdelmaestrocmf.com\\\/portal\\\/#website\"},\"primaryImageOfPage\":{\"@id\":\"https:\\\/\\\/webdelmaestrocmf.com\\\/portal\\\/jose-antonio-marina-no-hay-una-voz-autorizada-que-hable-de-etica\\\/#primaryimage\"},\"image\":{\"@id\":\"https:\\\/\\\/webdelmaestrocmf.com\\\/portal\\\/jose-antonio-marina-no-hay-una-voz-autorizada-que-hable-de-etica\\\/#primaryimage\"},\"thumbnailUrl\":\"https:\\\/\\\/webdelmaestrocmf.com\\\/portal\\\/wp-content\\\/uploads\\\/2019\\\/11\\\/2-36.jpg\",\"datePublished\":\"2019-11-28T01:42:31+00:00\",\"dateModified\":\"2019-11-28T01:52:12+00:00\",\"description\":\"Comunidad de Maestros, Docentes y Profesores, en donde encontrar\u00e1s material, informaci\u00f3n y noticias del \u00e1mbito nacional y mundial.\",\"breadcrumb\":{\"@id\":\"https:\\\/\\\/webdelmaestrocmf.com\\\/portal\\\/jose-antonio-marina-no-hay-una-voz-autorizada-que-hable-de-etica\\\/#breadcrumb\"},\"inLanguage\":\"es\",\"potentialAction\":[{\"@type\":\"ReadAction\",\"target\":[\"https:\\\/\\\/webdelmaestrocmf.com\\\/portal\\\/jose-antonio-marina-no-hay-una-voz-autorizada-que-hable-de-etica\\\/\"]}]},{\"@type\":\"ImageObject\",\"inLanguage\":\"es\",\"@id\":\"https:\\\/\\\/webdelmaestrocmf.com\\\/portal\\\/jose-antonio-marina-no-hay-una-voz-autorizada-que-hable-de-etica\\\/#primaryimage\",\"url\":\"https:\\\/\\\/webdelmaestrocmf.com\\\/portal\\\/wp-content\\\/uploads\\\/2019\\\/11\\\/2-36.jpg\",\"contentUrl\":\"https:\\\/\\\/webdelmaestrocmf.com\\\/portal\\\/wp-content\\\/uploads\\\/2019\\\/11\\\/2-36.jpg\",\"width\":1100,\"height\":680},{\"@type\":\"BreadcrumbList\",\"@id\":\"https:\\\/\\\/webdelmaestrocmf.com\\\/portal\\\/jose-antonio-marina-no-hay-una-voz-autorizada-que-hable-de-etica\\\/#breadcrumb\",\"itemListElement\":[{\"@type\":\"ListItem\",\"position\":1,\"name\":\"Portada\",\"item\":\"https:\\\/\\\/webdelmaestrocmf.com\\\/portal\\\/\"},{\"@type\":\"ListItem\",\"position\":2,\"name\":\"Noticias\",\"item\":\"https:\\\/\\\/webdelmaestrocmf.com\\\/portal\\\/category\\\/noticias\\\/\"},{\"@type\":\"ListItem\",\"position\":3,\"name\":\"Entrevistas\",\"item\":\"https:\\\/\\\/webdelmaestrocmf.com\\\/portal\\\/category\\\/noticias\\\/entrevistas\\\/\"},{\"@type\":\"ListItem\",\"position\":4,\"name\":\"Jos\u00e9 Antonio Marina: No hay una voz autorizada que hable de \u00e9tica\"}]},{\"@type\":\"WebSite\",\"@id\":\"https:\\\/\\\/webdelmaestrocmf.com\\\/portal\\\/#website\",\"url\":\"https:\\\/\\\/webdelmaestrocmf.com\\\/portal\\\/\",\"name\":\"Web del Maestro CMF\",\"description\":\"Maestros al servicio de la educaci\u00f3n\",\"publisher\":{\"@id\":\"https:\\\/\\\/webdelmaestrocmf.com\\\/portal\\\/#organization\"},\"alternateName\":\"WMCMF\",\"potentialAction\":[{\"@type\":\"SearchAction\",\"target\":{\"@type\":\"EntryPoint\",\"urlTemplate\":\"https:\\\/\\\/webdelmaestrocmf.com\\\/portal\\\/?s={search_term_string}\"},\"query-input\":{\"@type\":\"PropertyValueSpecification\",\"valueRequired\":true,\"valueName\":\"search_term_string\"}}],\"inLanguage\":\"es\"},{\"@type\":\"Organization\",\"@id\":\"https:\\\/\\\/webdelmaestrocmf.com\\\/portal\\\/#organization\",\"name\":\"Web del Maestro CMF\",\"alternateName\":\"WMCMF\",\"url\":\"https:\\\/\\\/webdelmaestrocmf.com\\\/portal\\\/\",\"logo\":{\"@type\":\"ImageObject\",\"inLanguage\":\"es\",\"@id\":\"https:\\\/\\\/webdelmaestrocmf.com\\\/portal\\\/#\\\/schema\\\/logo\\\/image\\\/\",\"url\":\"https:\\\/\\\/webdelmaestrocmf.com\\\/portal\\\/wp-content\\\/uploads\\\/2023\\\/01\\\/logo-wmcmf-2.png\",\"contentUrl\":\"https:\\\/\\\/webdelmaestrocmf.com\\\/portal\\\/wp-content\\\/uploads\\\/2023\\\/01\\\/logo-wmcmf-2.png\",\"width\":200,\"height\":60,\"caption\":\"Web del Maestro CMF\"},\"image\":{\"@id\":\"https:\\\/\\\/webdelmaestrocmf.com\\\/portal\\\/#\\\/schema\\\/logo\\\/image\\\/\"},\"sameAs\":[\"https:\\\/\\\/www.facebook.com\\\/WebdelMaestroCMF\\\/\",\"https:\\\/\\\/x.com\\\/cmf_w\",\"https:\\\/\\\/www.pinterest.com\\\/WMCMF\\\/\",\"https:\\\/\\\/www.linkedin.com\\\/company\\\/web-del-maestro-cmf\\\/\",\"https:\\\/\\\/www.instagram.com\\\/wmcmf\\\/\",\"https:\\\/\\\/www.youtube.com\\\/channel\\\/UCDPSvjbdodE5sHnC3OxutHw\",\"https:\\\/\\\/mastodon.social\\\/@wmcmf\",\"https:\\\/\\\/www.tiktok.com\\\/@webdelmaestrocmf\"]},{\"@type\":\"Person\",\"@id\":\"https:\\\/\\\/webdelmaestrocmf.com\\\/portal\\\/#\\\/schema\\\/person\\\/1072a2ed7bd960df8ef99a551fa35dc5\",\"name\":\"Web del Maestro CMF\",\"image\":{\"@type\":\"ImageObject\",\"inLanguage\":\"es\",\"@id\":\"https:\\\/\\\/secure.gravatar.com\\\/avatar\\\/23291dd5b5ae1077dcff3dbb04c3e02bd28403fa75af6d8787d5e97c5bbbe30b?s=96&d=mm&r=g\",\"url\":\"https:\\\/\\\/secure.gravatar.com\\\/avatar\\\/23291dd5b5ae1077dcff3dbb04c3e02bd28403fa75af6d8787d5e97c5bbbe30b?s=96&d=mm&r=g\",\"contentUrl\":\"https:\\\/\\\/secure.gravatar.com\\\/avatar\\\/23291dd5b5ae1077dcff3dbb04c3e02bd28403fa75af6d8787d5e97c5bbbe30b?s=96&d=mm&r=g\",\"caption\":\"Web del Maestro CMF\"},\"description\":\"Esta Web se cre\u00f3 sin fines de lucro, con fines educativos, cient\u00edficos y acad\u00e9micos, para personas que tengan dificultades y\\\/o inconvenientes en visualizar el material original. El objetivo es entregar recursos, compartir experiencias y materiales que ayuden a los padres de familia, maestros y estudiantes en su actualizaci\u00f3n y formaci\u00f3n permanente, en bien de la Educaci\u00f3n.\",\"sameAs\":[\"http:\\\/\\\/webdelmaestrocmf.com\\\/portal\",\"https:\\\/\\\/www.facebook.com\\\/WebdelMaestroCMF\\\/\",\"https:\\\/\\\/www.instagram.com\\\/wmcmf\\\/\",\"https:\\\/\\\/cl.linkedin.com\\\/company\\\/web-del-maestro-cmf\",\"https:\\\/\\\/www.pinterest.com\\\/WMCMF\\\/publicaciones\\\/\",\"https:\\\/\\\/x.com\\\/cmf_w\",\"https:\\\/\\\/www.youtube.com\\\/@WMCMF\"]}]}<\/script>\n<!-- \/ Yoast SEO plugin. -->","yoast_head_json":{"title":"Jos\u00e9 Antonio Marina: No hay una voz autorizada que hable de \u00e9tica - 2026","description":"Comunidad de Maestros, Docentes y Profesores, en donde encontrar\u00e1s material, informaci\u00f3n y noticias del \u00e1mbito nacional y mundial.","robots":{"index":"index","follow":"follow","max-snippet":"max-snippet:-1","max-image-preview":"max-image-preview:large","max-video-preview":"max-video-preview:-1"},"canonical":"https:\/\/webdelmaestrocmf.com\/portal\/jose-antonio-marina-no-hay-una-voz-autorizada-que-hable-de-etica\/","og_locale":"es_ES","og_type":"article","og_title":"Jos\u00e9 Antonio Marina: No hay una voz autorizada que hable de \u00e9tica - 2026","og_description":"Comunidad de Maestros, Docentes y Profesores, en donde encontrar\u00e1s material, informaci\u00f3n y noticias del \u00e1mbito nacional y mundial.","og_url":"https:\/\/webdelmaestrocmf.com\/portal\/jose-antonio-marina-no-hay-una-voz-autorizada-que-hable-de-etica\/","og_site_name":"Web del Maestro CMF","article_publisher":"https:\/\/www.facebook.com\/WebdelMaestroCMF\/","article_author":"https:\/\/www.facebook.com\/WebdelMaestroCMF\/","article_published_time":"2019-11-28T01:42:31+00:00","article_modified_time":"2019-11-28T01:52:12+00:00","og_image":[{"width":1100,"height":680,"url":"https:\/\/i0.wp.com\/webdelmaestrocmf.com\/portal\/wp-content\/uploads\/2019\/11\/2-36.jpg?fit=1100%2C680&ssl=1","type":"image\/jpeg"}],"author":"Web del Maestro CMF","twitter_card":"summary_large_image","twitter_creator":"@cmf_w","twitter_site":"@cmf_w","schema":{"@context":"https:\/\/schema.org","@graph":[{"@type":"ScholarlyArticle","@id":"https:\/\/webdelmaestrocmf.com\/portal\/jose-antonio-marina-no-hay-una-voz-autorizada-que-hable-de-etica\/#article","isPartOf":{"@id":"https:\/\/webdelmaestrocmf.com\/portal\/jose-antonio-marina-no-hay-una-voz-autorizada-que-hable-de-etica\/"},"author":{"name":"Web del Maestro CMF","@id":"https:\/\/webdelmaestrocmf.com\/portal\/#\/schema\/person\/1072a2ed7bd960df8ef99a551fa35dc5"},"headline":"Jos\u00e9 Antonio Marina: No hay una voz autorizada que hable de \u00e9tica","datePublished":"2019-11-28T01:42:31+00:00","dateModified":"2019-11-28T01:52:12+00:00","mainEntityOfPage":{"@id":"https:\/\/webdelmaestrocmf.com\/portal\/jose-antonio-marina-no-hay-una-voz-autorizada-que-hable-de-etica\/"},"wordCount":927,"commentCount":0,"publisher":{"@id":"https:\/\/webdelmaestrocmf.com\/portal\/#organization"},"image":{"@id":"https:\/\/webdelmaestrocmf.com\/portal\/jose-antonio-marina-no-hay-una-voz-autorizada-que-hable-de-etica\/#primaryimage"},"thumbnailUrl":"https:\/\/webdelmaestrocmf.com\/portal\/wp-content\/uploads\/2019\/11\/2-36.jpg","keywords":["autorizada","\u00c9TICA","Jos\u00e9 Antonio Marina","VOZ"],"articleSection":["Entrevistas","Noticias"],"inLanguage":"es","potentialAction":[{"@type":"CommentAction","name":"Comment","target":["https:\/\/webdelmaestrocmf.com\/portal\/jose-antonio-marina-no-hay-una-voz-autorizada-que-hable-de-etica\/#respond"]}]},{"@type":"WebPage","@id":"https:\/\/webdelmaestrocmf.com\/portal\/jose-antonio-marina-no-hay-una-voz-autorizada-que-hable-de-etica\/","url":"https:\/\/webdelmaestrocmf.com\/portal\/jose-antonio-marina-no-hay-una-voz-autorizada-que-hable-de-etica\/","name":"Jos\u00e9 Antonio Marina: No hay una voz autorizada que hable de \u00e9tica - 2026","isPartOf":{"@id":"https:\/\/webdelmaestrocmf.com\/portal\/#website"},"primaryImageOfPage":{"@id":"https:\/\/webdelmaestrocmf.com\/portal\/jose-antonio-marina-no-hay-una-voz-autorizada-que-hable-de-etica\/#primaryimage"},"image":{"@id":"https:\/\/webdelmaestrocmf.com\/portal\/jose-antonio-marina-no-hay-una-voz-autorizada-que-hable-de-etica\/#primaryimage"},"thumbnailUrl":"https:\/\/webdelmaestrocmf.com\/portal\/wp-content\/uploads\/2019\/11\/2-36.jpg","datePublished":"2019-11-28T01:42:31+00:00","dateModified":"2019-11-28T01:52:12+00:00","description":"Comunidad de Maestros, Docentes y Profesores, en donde encontrar\u00e1s material, informaci\u00f3n y noticias del \u00e1mbito nacional y mundial.","breadcrumb":{"@id":"https:\/\/webdelmaestrocmf.com\/portal\/jose-antonio-marina-no-hay-una-voz-autorizada-que-hable-de-etica\/#breadcrumb"},"inLanguage":"es","potentialAction":[{"@type":"ReadAction","target":["https:\/\/webdelmaestrocmf.com\/portal\/jose-antonio-marina-no-hay-una-voz-autorizada-que-hable-de-etica\/"]}]},{"@type":"ImageObject","inLanguage":"es","@id":"https:\/\/webdelmaestrocmf.com\/portal\/jose-antonio-marina-no-hay-una-voz-autorizada-que-hable-de-etica\/#primaryimage","url":"https:\/\/webdelmaestrocmf.com\/portal\/wp-content\/uploads\/2019\/11\/2-36.jpg","contentUrl":"https:\/\/webdelmaestrocmf.com\/portal\/wp-content\/uploads\/2019\/11\/2-36.jpg","width":1100,"height":680},{"@type":"BreadcrumbList","@id":"https:\/\/webdelmaestrocmf.com\/portal\/jose-antonio-marina-no-hay-una-voz-autorizada-que-hable-de-etica\/#breadcrumb","itemListElement":[{"@type":"ListItem","position":1,"name":"Portada","item":"https:\/\/webdelmaestrocmf.com\/portal\/"},{"@type":"ListItem","position":2,"name":"Noticias","item":"https:\/\/webdelmaestrocmf.com\/portal\/category\/noticias\/"},{"@type":"ListItem","position":3,"name":"Entrevistas","item":"https:\/\/webdelmaestrocmf.com\/portal\/category\/noticias\/entrevistas\/"},{"@type":"ListItem","position":4,"name":"Jos\u00e9 Antonio Marina: No hay una voz autorizada que hable de \u00e9tica"}]},{"@type":"WebSite","@id":"https:\/\/webdelmaestrocmf.com\/portal\/#website","url":"https:\/\/webdelmaestrocmf.com\/portal\/","name":"Web del Maestro CMF","description":"Maestros al servicio de la educaci\u00f3n","publisher":{"@id":"https:\/\/webdelmaestrocmf.com\/portal\/#organization"},"alternateName":"WMCMF","potentialAction":[{"@type":"SearchAction","target":{"@type":"EntryPoint","urlTemplate":"https:\/\/webdelmaestrocmf.com\/portal\/?s={search_term_string}"},"query-input":{"@type":"PropertyValueSpecification","valueRequired":true,"valueName":"search_term_string"}}],"inLanguage":"es"},{"@type":"Organization","@id":"https:\/\/webdelmaestrocmf.com\/portal\/#organization","name":"Web del Maestro CMF","alternateName":"WMCMF","url":"https:\/\/webdelmaestrocmf.com\/portal\/","logo":{"@type":"ImageObject","inLanguage":"es","@id":"https:\/\/webdelmaestrocmf.com\/portal\/#\/schema\/logo\/image\/","url":"https:\/\/webdelmaestrocmf.com\/portal\/wp-content\/uploads\/2023\/01\/logo-wmcmf-2.png","contentUrl":"https:\/\/webdelmaestrocmf.com\/portal\/wp-content\/uploads\/2023\/01\/logo-wmcmf-2.png","width":200,"height":60,"caption":"Web del Maestro CMF"},"image":{"@id":"https:\/\/webdelmaestrocmf.com\/portal\/#\/schema\/logo\/image\/"},"sameAs":["https:\/\/www.facebook.com\/WebdelMaestroCMF\/","https:\/\/x.com\/cmf_w","https:\/\/www.pinterest.com\/WMCMF\/","https:\/\/www.linkedin.com\/company\/web-del-maestro-cmf\/","https:\/\/www.instagram.com\/wmcmf\/","https:\/\/www.youtube.com\/channel\/UCDPSvjbdodE5sHnC3OxutHw","https:\/\/mastodon.social\/@wmcmf","https:\/\/www.tiktok.com\/@webdelmaestrocmf"]},{"@type":"Person","@id":"https:\/\/webdelmaestrocmf.com\/portal\/#\/schema\/person\/1072a2ed7bd960df8ef99a551fa35dc5","name":"Web del Maestro CMF","image":{"@type":"ImageObject","inLanguage":"es","@id":"https:\/\/secure.gravatar.com\/avatar\/23291dd5b5ae1077dcff3dbb04c3e02bd28403fa75af6d8787d5e97c5bbbe30b?s=96&d=mm&r=g","url":"https:\/\/secure.gravatar.com\/avatar\/23291dd5b5ae1077dcff3dbb04c3e02bd28403fa75af6d8787d5e97c5bbbe30b?s=96&d=mm&r=g","contentUrl":"https:\/\/secure.gravatar.com\/avatar\/23291dd5b5ae1077dcff3dbb04c3e02bd28403fa75af6d8787d5e97c5bbbe30b?s=96&d=mm&r=g","caption":"Web del Maestro CMF"},"description":"Esta Web se cre\u00f3 sin fines de lucro, con fines educativos, cient\u00edficos y acad\u00e9micos, para personas que tengan dificultades y\/o inconvenientes en visualizar el material original. El objetivo es entregar recursos, compartir experiencias y materiales que ayuden a los padres de familia, maestros y estudiantes en su actualizaci\u00f3n y formaci\u00f3n permanente, en bien de la Educaci\u00f3n.","sameAs":["http:\/\/webdelmaestrocmf.com\/portal","https:\/\/www.facebook.com\/WebdelMaestroCMF\/","https:\/\/www.instagram.com\/wmcmf\/","https:\/\/cl.linkedin.com\/company\/web-del-maestro-cmf","https:\/\/www.pinterest.com\/WMCMF\/publicaciones\/","https:\/\/x.com\/cmf_w","https:\/\/www.youtube.com\/@WMCMF"]}]}},"jetpack_featured_media_url":"https:\/\/webdelmaestrocmf.com\/portal\/wp-content\/uploads\/2019\/11\/2-36.jpg","jetpack_sharing_enabled":true,"jetpack-related-posts":[{"id":96305,"url":"https:\/\/webdelmaestrocmf.com\/portal\/jose-antonio-marina-el-buen-maestro-no-puede-cobrar-lo-mismo-que-el-malo\/","url_meta":{"origin":42217,"position":0},"title":"Jos\u00e9 Antonio Marina: El buen maestro no puede cobrar lo mismo que el malo","author":"Web del Maestro CMF","date":"30 septiembre, 2023","format":false,"excerpt":"un sistema educativo justo debe reconocer el m\u00e9rito, la calidad profesional y el impacto real que cada docente tiene en el aprendizaje de sus estudiantes.","rel":"","context":"En \u00abEntrevistas\u00bb","block_context":{"text":"Entrevistas","link":"https:\/\/webdelmaestrocmf.com\/portal\/category\/noticias\/entrevistas\/"},"img":{"alt_text":"Jos\u00e9 Antonio Marina","src":"https:\/\/i0.wp.com\/webdelmaestrocmf.com\/portal\/wp-content\/uploads\/2023\/09\/A12B3C4D-55.jpg?resize=350%2C200&ssl=1","width":350,"height":200,"srcset":"https:\/\/i0.wp.com\/webdelmaestrocmf.com\/portal\/wp-content\/uploads\/2023\/09\/A12B3C4D-55.jpg?resize=350%2C200&ssl=1 1x, https:\/\/i0.wp.com\/webdelmaestrocmf.com\/portal\/wp-content\/uploads\/2023\/09\/A12B3C4D-55.jpg?resize=525%2C300&ssl=1 1.5x, https:\/\/i0.wp.com\/webdelmaestrocmf.com\/portal\/wp-content\/uploads\/2023\/09\/A12B3C4D-55.jpg?resize=700%2C400&ssl=1 2x"},"classes":[]},{"id":22330,"url":"https:\/\/webdelmaestrocmf.com\/portal\/todos-los-ninos-entran-a-primaria-con-verdadero-deseo-de-aprender-y-salen-con-verdadero-deseo-de-aprobar\/","url_meta":{"origin":42217,"position":1},"title":"TODOS LOS NI\u00d1OS ENTRAN A PRIMARIA CON VERDADERO DESEO DE APRENDER Y SALEN CON VERDADERO DESEO DE APROBAR","author":"Web del Maestro CMF","date":"20 septiembre, 2017","format":false,"excerpt":"Jos\u00e9 Antonio Marina es catedr\u00e1tico excedente de filosof\u00eda en el instituto madrile\u00f1o de La Cabrera,\u00a0Doctor Honoris Causa\u00a0por la\u00a0Universidad Polit\u00e9cnica de Valencia, adem\u00e1s de conferenciante y floricultor. Estudi\u00f3 filosof\u00eda en la\u00a0Universidad Complutense de Madrid. Su labor investigadora se ha centrado en el estudio de la\u00a0inteligencia\u00a0y en especial de los mecanismos de\u2026","rel":"","context":"En \u00abSin categor\u00eda\u00bb","block_context":{"text":"Sin categor\u00eda","link":"https:\/\/webdelmaestrocmf.com\/portal\/category\/sin-categoria-es\/"},"img":{"alt_text":"","src":"https:\/\/i0.wp.com\/webdelmaestrocmf.com\/portal\/wp-content\/uploads\/2017\/09\/Jos%C3%A9-Marina.jpg?resize=350%2C200&ssl=1","width":350,"height":200,"srcset":"https:\/\/i0.wp.com\/webdelmaestrocmf.com\/portal\/wp-content\/uploads\/2017\/09\/Jos%C3%A9-Marina.jpg?resize=350%2C200&ssl=1 1x, https:\/\/i0.wp.com\/webdelmaestrocmf.com\/portal\/wp-content\/uploads\/2017\/09\/Jos%C3%A9-Marina.jpg?resize=525%2C300&ssl=1 1.5x, https:\/\/i0.wp.com\/webdelmaestrocmf.com\/portal\/wp-content\/uploads\/2017\/09\/Jos%C3%A9-Marina.jpg?resize=700%2C400&ssl=1 2x"},"classes":[]},{"id":32675,"url":"https:\/\/webdelmaestrocmf.com\/portal\/se-diga-lo-que-se-diga-la-educacion-no-interesa-a-nadie\/","url_meta":{"origin":42217,"position":2},"title":"Jos\u00e9 Antonio Marina: Se diga lo que se diga, la educaci\u00f3n no interesa a nadie","author":"Web del Maestro CMF","date":"25 diciembre, 2018","format":false,"excerpt":"Jos\u00e9 Antonio Marina Torres (1939) fil\u00f3sofo, ensayista, pedagogo e investigador espa\u00f1ol, ha elaborado la teor\u00eda de la inteligencia que comienza en la neurolog\u00eda y termina en la \u00e9tica. \u201cLa funci\u00f3n principal de la inteligencia no es conocer sino alcanzar la felicidad y la dignidad\u201d. Y para ampliar su teor\u00eda ha\u2026","rel":"","context":"En \u00abEntrevistas\u00bb","block_context":{"text":"Entrevistas","link":"https:\/\/webdelmaestrocmf.com\/portal\/category\/noticias\/entrevistas\/"},"img":{"alt_text":"","src":"https:\/\/i0.wp.com\/webdelmaestrocmf.com\/portal\/wp-content\/uploads\/2018\/11\/1marina.jpg?resize=350%2C200&ssl=1","width":350,"height":200,"srcset":"https:\/\/i0.wp.com\/webdelmaestrocmf.com\/portal\/wp-content\/uploads\/2018\/11\/1marina.jpg?resize=350%2C200&ssl=1 1x, https:\/\/i0.wp.com\/webdelmaestrocmf.com\/portal\/wp-content\/uploads\/2018\/11\/1marina.jpg?resize=525%2C300&ssl=1 1.5x, https:\/\/i0.wp.com\/webdelmaestrocmf.com\/portal\/wp-content\/uploads\/2018\/11\/1marina.jpg?resize=700%2C400&ssl=1 2x, https:\/\/i0.wp.com\/webdelmaestrocmf.com\/portal\/wp-content\/uploads\/2018\/11\/1marina.jpg?resize=1050%2C600&ssl=1 3x"},"classes":[]},{"id":115073,"url":"https:\/\/webdelmaestrocmf.com\/portal\/jose-anotnio-marina-no-se-esta-educando-a-los-ninos-en-la-atencion-debido-a-teorias-psicologicas-que-priorizan-la-motivacion-sobre-la-voluntad-y-la-responsabilidad\/","url_meta":{"origin":42217,"position":3},"title":"Jos\u00e9 Antonio Marina: No se est\u00e1 educando a los ni\u00f1os en la atenci\u00f3n debido a teor\u00edas psicol\u00f3gicas que priorizan la motivaci\u00f3n sobre la voluntad y la responsabilidad","author":"Web del Maestro CMF","date":"1 febrero, 2026","format":false,"excerpt":"Jos\u00e9 Antonio Marina advierte que sin deber, voluntad y memoria, escuela debilita atenci\u00f3n, empobrece la inteligencia y limita libertad humana.","rel":"","context":"En \u00abEntrevistas\u00bb","block_context":{"text":"Entrevistas","link":"https:\/\/webdelmaestrocmf.com\/portal\/category\/noticias\/entrevistas\/"},"img":{"alt_text":"","src":"https:\/\/i0.wp.com\/webdelmaestrocmf.com\/portal\/wp-content\/uploads\/2026\/02\/1A-Banner-1-portada-imagen-10-1-copia-2.webp?resize=350%2C200&ssl=1","width":350,"height":200,"srcset":"https:\/\/i0.wp.com\/webdelmaestrocmf.com\/portal\/wp-content\/uploads\/2026\/02\/1A-Banner-1-portada-imagen-10-1-copia-2.webp?resize=350%2C200&ssl=1 1x, https:\/\/i0.wp.com\/webdelmaestrocmf.com\/portal\/wp-content\/uploads\/2026\/02\/1A-Banner-1-portada-imagen-10-1-copia-2.webp?resize=525%2C300&ssl=1 1.5x, https:\/\/i0.wp.com\/webdelmaestrocmf.com\/portal\/wp-content\/uploads\/2026\/02\/1A-Banner-1-portada-imagen-10-1-copia-2.webp?resize=700%2C400&ssl=1 2x"},"classes":[]},{"id":41909,"url":"https:\/\/webdelmaestrocmf.com\/portal\/jose-antonio-marina-deberiamos-dar-mas-protagonismo-a-los-profesores-de-educacion-fisica-y-teatro\/","url_meta":{"origin":42217,"position":4},"title":"Jos\u00e9 Antonio Marina: Deber\u00edamos dar m\u00e1s protagonismo a los profesores de educaci\u00f3n f\u00edsica y teatro","author":"Web del Maestro CMF","date":"19 noviembre, 2019","format":false,"excerpt":"Elisa Sili\u00f3, redactora de El Pa\u00eds (Espa\u00f1a), Licenciada en Geograf\u00eda e Historia (especialidad en Contempor\u00e1nea), con M\u00e1ster en Periodismos, Relaciones Internacionales y Comunicaci\u00f3n, por la Universidad Aut\u00f3noma de Madrid, Universidad Complutense de Madrid y la Sorbona de Par\u00eds, entrevista al Profesor Jos\u00e9 Antonio Marina (Toledo, Espa\u00f1a, 1939), cuyos datos personales\u2026","rel":"","context":"En \u00abEntrevistas\u00bb","block_context":{"text":"Entrevistas","link":"https:\/\/webdelmaestrocmf.com\/portal\/category\/noticias\/entrevistas\/"},"img":{"alt_text":"","src":"https:\/\/i0.wp.com\/webdelmaestrocmf.com\/portal\/wp-content\/uploads\/2019\/11\/1-65.jpg?resize=350%2C200&ssl=1","width":350,"height":200,"srcset":"https:\/\/i0.wp.com\/webdelmaestrocmf.com\/portal\/wp-content\/uploads\/2019\/11\/1-65.jpg?resize=350%2C200&ssl=1 1x, https:\/\/i0.wp.com\/webdelmaestrocmf.com\/portal\/wp-content\/uploads\/2019\/11\/1-65.jpg?resize=525%2C300&ssl=1 1.5x, https:\/\/i0.wp.com\/webdelmaestrocmf.com\/portal\/wp-content\/uploads\/2019\/11\/1-65.jpg?resize=700%2C400&ssl=1 2x, https:\/\/i0.wp.com\/webdelmaestrocmf.com\/portal\/wp-content\/uploads\/2019\/11\/1-65.jpg?resize=1050%2C600&ssl=1 3x"},"classes":[]},{"id":116450,"url":"https:\/\/webdelmaestrocmf.com\/portal\/jose-antonio-marina-en-cinco-anos-podriamos-tener-una-escuela-sin-valores-humanisticos\/","url_meta":{"origin":42217,"position":5},"title":"Jos\u00e9 Antonio Marina: En cinco a\u00f1os podr\u00edamos tener una escuela sin valores human\u00edsticos","author":"Web del Maestro CMF","date":"14 marzo, 2026","format":false,"excerpt":"Jos\u00e9 Antonio Marina advierte que la escuela podr\u00eda perder los valores human\u00edsticos si prioriza solo tecnolog\u00eda y ciencia. Defiende integrar \u00e9tica, pensamiento cr\u00edtico, memoria, deber y formaci\u00f3n del car\u00e1cter.","rel":"","context":"En \u00abEntrevistas\u00bb","block_context":{"text":"Entrevistas","link":"https:\/\/webdelmaestrocmf.com\/portal\/category\/noticias\/entrevistas\/"},"img":{"alt_text":"","src":"https:\/\/i0.wp.com\/webdelmaestrocmf.com\/portal\/wp-content\/uploads\/2026\/03\/1AA-Banner-1-portada-imagen-10-1-copia-2-2.webp?resize=350%2C200&ssl=1","width":350,"height":200,"srcset":"https:\/\/i0.wp.com\/webdelmaestrocmf.com\/portal\/wp-content\/uploads\/2026\/03\/1AA-Banner-1-portada-imagen-10-1-copia-2-2.webp?resize=350%2C200&ssl=1 1x, https:\/\/i0.wp.com\/webdelmaestrocmf.com\/portal\/wp-content\/uploads\/2026\/03\/1AA-Banner-1-portada-imagen-10-1-copia-2-2.webp?resize=525%2C300&ssl=1 1.5x, https:\/\/i0.wp.com\/webdelmaestrocmf.com\/portal\/wp-content\/uploads\/2026\/03\/1AA-Banner-1-portada-imagen-10-1-copia-2-2.webp?resize=700%2C400&ssl=1 2x, https:\/\/i0.wp.com\/webdelmaestrocmf.com\/portal\/wp-content\/uploads\/2026\/03\/1AA-Banner-1-portada-imagen-10-1-copia-2-2.webp?resize=1050%2C600&ssl=1 3x"},"classes":[]}],"_links":{"self":[{"href":"https:\/\/webdelmaestrocmf.com\/portal\/wp-json\/wp\/v2\/posts\/42217","targetHints":{"allow":["GET"]}}],"collection":[{"href":"https:\/\/webdelmaestrocmf.com\/portal\/wp-json\/wp\/v2\/posts"}],"about":[{"href":"https:\/\/webdelmaestrocmf.com\/portal\/wp-json\/wp\/v2\/types\/post"}],"author":[{"embeddable":true,"href":"https:\/\/webdelmaestrocmf.com\/portal\/wp-json\/wp\/v2\/users\/1"}],"replies":[{"embeddable":true,"href":"https:\/\/webdelmaestrocmf.com\/portal\/wp-json\/wp\/v2\/comments?post=42217"}],"version-history":[{"count":0,"href":"https:\/\/webdelmaestrocmf.com\/portal\/wp-json\/wp\/v2\/posts\/42217\/revisions"}],"wp:featuredmedia":[{"embeddable":true,"href":"https:\/\/webdelmaestrocmf.com\/portal\/wp-json\/wp\/v2\/media\/42222"}],"wp:attachment":[{"href":"https:\/\/webdelmaestrocmf.com\/portal\/wp-json\/wp\/v2\/media?parent=42217"}],"wp:term":[{"taxonomy":"category","embeddable":true,"href":"https:\/\/webdelmaestrocmf.com\/portal\/wp-json\/wp\/v2\/categories?post=42217"},{"taxonomy":"post_tag","embeddable":true,"href":"https:\/\/webdelmaestrocmf.com\/portal\/wp-json\/wp\/v2\/tags?post=42217"}],"curies":[{"name":"wp","href":"https:\/\/api.w.org\/{rel}","templated":true}]}}