{"id":42088,"date":"2024-01-18T18:50:47","date_gmt":"2024-01-18T21:50:47","guid":{"rendered":"https:\/\/webdelmaestrocmf.com\/portal\/?p=42088"},"modified":"2024-01-18T18:54:02","modified_gmt":"2024-01-18T21:54:02","slug":"cual-es-la-importancia-de-aprender-historia-en-la-escuela","status":"publish","type":"post","link":"https:\/\/webdelmaestrocmf.com\/portal\/cual-es-la-importancia-de-aprender-historia-en-la-escuela\/","title":{"rendered":"Cu\u00e1l es la importancia de aprender historia en la escuela"},"content":{"rendered":"<p style=\"text-align: justify;\"><strong>La historia es una ciencia social cuyo campo de estudio es el pasado de los seres humanos. Pero no todo el pasado es conocido y estudiado; los historiadores han seleccionado hechos que, por diversas razones, son considerados importantes y dignos de ser conocidos como hechos hist\u00f3ricos. Los investigadores han organizado y sistematizado dichos conocimientos en forma cronol\u00f3gica, con el fin de ordenarlos. Estos conocimientos son los que se estudian en el curso de historia.<\/strong><\/p>\n<p><!--more--><\/p>\n<p style=\"text-align: justify;\">En algunos pa\u00edses de nuestra regi\u00f3n, se est\u00e1 produciendo una pol\u00e9mica en la educaci\u00f3n. Esto debido a que el curso de Historia no ser\u00e1 obligatorio para ciertos grados de ense\u00f1anza secundaria\/media, lo mismo ocurre con Educaci\u00f3n F\u00edsica, Filosof\u00eda y otros cursos; ambos ramos pasar\u00e1n a ser optativos. Cambios sustanciales que abrieron un enconado debate entre profesores, estudiantes y acad\u00e9micos.<\/p>\n<p style=\"text-align: left;\">Tal vez le interese leer: <a title=\"Ir a WMCMF\" href=\"https:\/\/webdelmaestrocmf.com\/portal\/por-que-la-etica-la-filosofia-y-la-educacion-fisica-son-fundamentales-en-la-educacion\/\">\u00bfPor qu\u00e9 la \u00e9tica, la filosof\u00eda y la educaci\u00f3n f\u00edsica son fundamentales en la educaci\u00f3n?<\/a><\/p>\n<h2 style=\"text-align: left;\"><b>\u00bfQu\u00e9 pasa si sus hijos no estudian el cursos de historia?<\/b><\/h2>\n<p style=\"text-align: justify;\">Como padres, es necesario que comprendamos la necesidad de esta asignatura para poder motivar a nuestros hijos a estudiarla con ganas.<\/p>\n<p><img loading=\"lazy\" decoding=\"async\" class=\"alignnone size-full wp-image-102773\" src=\"https:\/\/webdelmaestrocmf.com\/portal\/wp-content\/uploads\/2019\/11\/Banner-1-portada-imagen-10-25.jpg\" alt=\"historia\" width=\"1024\" height=\"1024\" srcset=\"https:\/\/webdelmaestrocmf.com\/portal\/wp-content\/uploads\/2019\/11\/Banner-1-portada-imagen-10-25.jpg 1024w, https:\/\/webdelmaestrocmf.com\/portal\/wp-content\/uploads\/2019\/11\/Banner-1-portada-imagen-10-25-300x300.jpg 300w, https:\/\/webdelmaestrocmf.com\/portal\/wp-content\/uploads\/2019\/11\/Banner-1-portada-imagen-10-25-150x150.jpg 150w, https:\/\/webdelmaestrocmf.com\/portal\/wp-content\/uploads\/2019\/11\/Banner-1-portada-imagen-10-25-768x768.jpg 768w, https:\/\/webdelmaestrocmf.com\/portal\/wp-content\/uploads\/2019\/11\/Banner-1-portada-imagen-10-25-80x80.jpg 80w, https:\/\/webdelmaestrocmf.com\/portal\/wp-content\/uploads\/2019\/11\/Banner-1-portada-imagen-10-25-110x110.jpg 110w, https:\/\/webdelmaestrocmf.com\/portal\/wp-content\/uploads\/2019\/11\/Banner-1-portada-imagen-10-25-380x380.jpg 380w, https:\/\/webdelmaestrocmf.com\/portal\/wp-content\/uploads\/2019\/11\/Banner-1-portada-imagen-10-25-550x550.jpg 550w, https:\/\/webdelmaestrocmf.com\/portal\/wp-content\/uploads\/2019\/11\/Banner-1-portada-imagen-10-25-800x800.jpg 800w\" sizes=\"auto, (max-width: 1024px) 100vw, 1024px\" \/><\/p>\n<p style=\"text-align: justify;\">La especialista Margarita Luna, coordinadora de Ciencias Sociales de Educaci\u00f3n Secundaria del Ministerio de Educaci\u00f3n (Per\u00fa), en una entrevista al portal <b><a title=\"Ir a vital\" href=\"https:\/\/vital.rpp.pe\" target=\"_blank\" rel=\"noopener noreferrer\">Vital<\/a> <\/b>del grupo <b><a title=\"Ir a vital\" href=\"https:\/\/rpp.pe\" target=\"_blank\" rel=\"noopener noreferrer\">RPP<\/a> <\/b>sostiene que:\u00a0\u201cEs importante estudiar historia, pues esta<b> no solo nos ense\u00f1a cosas del pasado<\/b>, sino que nos presenta hechos del pasado con un car\u00e1cter prospectivo, es decir, con una mirada hacia el presente y sobre todo el futuro.<\/p>\n<p style=\"text-align: justify;\">La historia permite que conozcamos el pasado para entender el presente y proyectarnos al futuro con lecciones aprendidas y retos por lograr. As\u00ed, los estudiantes toman conciencia de que los procesos del pasado y del presente se relacionan entre s\u00ed y asumen que son sujetos hist\u00f3ricos, es decir que comprendan que somos producto de un pasado pero, a la vez, que estamos construyendo, desde el presente, nuestro futuro. Entender de d\u00f3nde venimos y hacia d\u00f3nde vamos ayudar\u00e1 a que se formen y consoliden las identidades y se valore y comprenda la diversidad\u201d, explica Luna.<\/p>\n<p style=\"text-align: justify;\">La especialista tambi\u00e9n recalca que el reto es que los estudiantes conozcan la actualidad y no solo se preocupen de programas de televisi\u00f3n, redes sociales o juegos en red. \u201cEs importante que se vinculen con la actualidad de su pa\u00eds para que as\u00ed empiecen a preocuparse de la situaci\u00f3n y puedan aportar en la construcci\u00f3n de una mejor sociedad\u201d. Estudiar historia despierta y cultiva la curiosidad y nos ayuda a entender mejor los procesos sociales. No hay que dejarla de lado.\u201d <b><a title=\"Ir a rpp\" href=\"https:\/\/vital.rpp.pe\/vivir-bien\/la-importancia-de-estudiar-historia-noticia-971136\" target=\"_blank\" rel=\"noopener noreferrer\">LA IMPORTANCIA DE ESTUDIAR HISTORIA.<\/a><\/b><\/p>\n<p><img loading=\"lazy\" decoding=\"async\" class=\"alignnone size-full wp-image-42091\" title=\"Importancia de la historia\" src=\"https:\/\/webdelmaestrocmf.com\/portal\/wp-content\/uploads\/2019\/11\/1-86.jpg\" alt=\"\" width=\"1100\" height=\"680\" srcset=\"https:\/\/webdelmaestrocmf.com\/portal\/wp-content\/uploads\/2019\/11\/1-86.jpg 1100w, https:\/\/webdelmaestrocmf.com\/portal\/wp-content\/uploads\/2019\/11\/1-86-300x185.jpg 300w, https:\/\/webdelmaestrocmf.com\/portal\/wp-content\/uploads\/2019\/11\/1-86-1024x633.jpg 1024w, https:\/\/webdelmaestrocmf.com\/portal\/wp-content\/uploads\/2019\/11\/1-86-768x475.jpg 768w, https:\/\/webdelmaestrocmf.com\/portal\/wp-content\/uploads\/2019\/11\/1-86-110x68.jpg 110w, https:\/\/webdelmaestrocmf.com\/portal\/wp-content\/uploads\/2019\/11\/1-86-200x124.jpg 200w, https:\/\/webdelmaestrocmf.com\/portal\/wp-content\/uploads\/2019\/11\/1-86-380x235.jpg 380w, https:\/\/webdelmaestrocmf.com\/portal\/wp-content\/uploads\/2019\/11\/1-86-255x158.jpg 255w, https:\/\/webdelmaestrocmf.com\/portal\/wp-content\/uploads\/2019\/11\/1-86-550x340.jpg 550w, https:\/\/webdelmaestrocmf.com\/portal\/wp-content\/uploads\/2019\/11\/1-86-800x495.jpg 800w\" sizes=\"auto, (max-width: 1100px) 100vw, 1100px\" \/><\/p>\n<h2 style=\"text-align: left;\"><strong>Cinco razones por qu\u00e9 estudiamos historia<\/strong><\/h2>\n<p style=\"text-align: justify;\">Seg\u00fan el Blog \u201c<a title=\"Ir a revistahistoriaparatodos\" href=\"https:\/\/revistahistoriaparatodos.wordpress.com\/\" target=\"_blank\" rel=\"home noopener noreferrer\">Revista Historia para todos<\/a>\u201c, estas son algunas de las mejores respuestas a la pregunta de por qu\u00e9 estudiamos historia y que compartimos por motivos unicamente educativos:<\/p>\n<h3 style=\"padding-left: 40px; text-align: left;\"><b>Raz\u00f3n 1: Porque aprendemos c\u00f3mo eran las cosas en el pasado:\u00a0<\/b><\/h3>\n<p style=\"text-align: justify; padding-left: 40px;\">\u00bfSe han preguntado alguna vez <b>c\u00f3mo era la vida antes<\/b>\u00a0de que existieran los ordenadores? \u00bfCu\u00e1ndo comenz\u00f3 a habitarse tu pueblo? \u00bfQu\u00e9 pasaba antes de que ir al colegio fuese obligatorio por ley? \u00bfQu\u00e9 estar\u00edas haciendo ahora si vivieras en el pasado? \u00bfPor qu\u00e9 celebramos el Carnaval o la Semana Santa? \u00bfPor qu\u00e9 tenemos castillos, murallas o grandes piedras colocadas en vertical?<\/p>\n<h3 style=\"padding-left: 40px; text-align: left;\"><b>2: Porque nos convierte en personas mejor informadas:\u00a0<\/b><\/h3>\n<p style=\"text-align: justify; padding-left: 40px;\">Estudiando historia comenzaremos a\u00a0<b>comprender las referencias hist\u00f3ricas<\/b>\u00a0que aparecen por doquier, desde una pel\u00edcula de Hollywood hasta un cap\u00edtulo de\u00a0<i>Los Simpsons<\/i>. \u00bfTe suenan algunas de estas im\u00e1genes?\u00a0<i>Los Simpsons<\/i>\u00a0est\u00e1n plagados de referencias hist\u00f3ricas. En este art\u00edculo puedes visitar algunas de ellas:\u00a0<a title=\"Ir a numaniaticos\" href=\"http:\/\/www.numaniaticos.com\/momentos-historicos-en-los-simpsons\/\" target=\"_blank\" rel=\"noopener noreferrer\">15 momentos en que Los Simpsons quisieron emular la historia<\/a>.<\/p>\n<h3 style=\"padding-left: 40px; text-align: left;\"><b>3: Porque as\u00ed conoceremos m\u00e1s cosas sobre lo que sucede en el mundo: <\/b><\/h3>\n<p style=\"padding-left: 40px; text-align: justify;\">Por qu\u00e9 hay ahora una\u00a0<b>crisis de refugiados en Siria<\/b>. De d\u00f3nde viene eso. Por qu\u00e9 Corea del Norte es el pa\u00eds m\u00e1s herm\u00e9tico del mundo. Cuba ha estado bloqueada internacionalmente por Estados Unidos desde hace medio siglo. Por qu\u00e9 los espa\u00f1oles y los franceses no nos llevamos muy bien (y no s\u00f3lo en los deportes). Y muchos etc\u00e9tera.<b>Estudiar historia<\/b> nos ayudar\u00e1 a comprender algunos de los porqu\u00e9s del presente.\u00a0Estudiar historia nos ayudar\u00e1 a comprender y a recordar que el problema actual de la crisis de los refugiados sirios, por ejemplo, no es nuevo, que <b>los europeos ya tuvimos que emigrar en masa<\/b>, a otros lugares,\u00a0huyendo de la crisis (crack del 29), de la guerra (Guerra Civil espa\u00f1ola o la Segunda Guerra Mundial) o por cuestiones pol\u00edticas (Guerra Fr\u00eda).<\/p>\n<h3 style=\"padding-left: 40px; text-align: left;\"><b>4: Pone en pr\u00e1ctica habilidades que necesitamos para otras materias: <\/b><\/h3>\n<p style=\"padding-left: 40px; text-align: justify;\">Como\u00a0<b>escribir respuestas y redacciones detalladas,\u00a0<\/b>elaborar buenos argumentos y<b>\u00a0usar diferentes fuentes<\/b>\u00a0para construir nuestro propio trabajo. Las ventajas de estudiar historia se notar\u00e1n en materias como Lengua y Literatura, Ciencias Naturales, Filosof\u00eda, etc.<\/p>\n<h3 style=\"padding-left: 40px; text-align: left;\"><b>5: Porque nos permite aprender a pensar: <\/b><\/h3>\n<p style=\"text-align: justify; padding-left: 40px;\">Y por \u00faltimo, la raz\u00f3n que m\u00e1s me gusta y que considero un poco m\u00e1s importante de las anteriores. Estudiar historia nos capacita para\u00a0<b>hacernos preguntas y extraer conclusiones<\/b>a partir de indicios disponibles. Podremos juzgar, en la medida de lo posible, las decisiones que otros tomaron en el pasado y que afectaron a miles o a millones de personas, y pensar qu\u00e9 podr\u00eda ocurrir en casos en que lo actual se presente como algunos momentos del pasado. Porque\u00a0<b>el pasado es una rueda de molino que siempre vuelve. <\/b><b><a title=\"Ir a revistahistoriaparatodos\" href=\"https:\/\/revistahistoriaparatodos.wordpress.com\/2015\/09\/27\/por-que-estudiamos-historia-cinco-razones-y-una-reflexion\/comment-page-1\/\" target=\"_blank\" rel=\"noopener noreferrer\">\u00bfPOR QU\u00c9 ESTUDIAMOS HISTORIA? CINCO RAZONES Y UNA REFLEXI\u00d3N<\/a><\/b><\/p>\n<p style=\"text-align: left;\"><b>Nuestra publicaci\u00f3n indica las fuentes, que recomendamos leer para completar la informaci\u00f3n: <a title=\"Ir a revistahistoriaparatodos\" href=\"https:\/\/revistahistoriaparatodos.wordpress.com\/2015\/09\/27\/por-que-estudiamos-historia-cinco-razones-y-una-reflexion\/comment-page-1\/\" target=\"_blank\" rel=\"noopener noreferrer\">revistahistoriaparatodos.wordpress.com<\/a>\u00a0\/\u00a0<a title=\"Ir a rpp\" href=\"https:\/\/vital.rpp.pe\/vivir-bien\/la-importancia-de-estudiar-historia-noticia-971136\" target=\"_blank\" rel=\"noopener noreferrer\">vital.rpp.pe<\/a>\u00a0<\/b><\/p>\n<p style=\"text-align: center;\"><strong>ENLACE DE LECTURA:\u00a0<\/strong><a href=\"https:\/\/drive.google.com\/drive\/folders\/1EaQPSTAsU5ImjfauqEwhWAwmRVTz_EPx?usp=sharing\" target=\"_blank\" rel=\"noopener\">\u00bfPOR QU\u00c9 ENSE\u00d1AR HISTORIA A LOS J\u00d3VENES<\/a><\/p>\n\t\t<div class=\"pk-inline-posts\">\n\t\t\t\n\t\t\t<div class=\"pk-inline-posts-container pk-inline-posts-template-list\"\n\t\t\t\tdata-columns=\"1\">\n\t\t\t\t\t\t<article id=\"post-44992\" class=\"post-44992 post type-post status-publish format-standard has-post-thumbnail category-educacion-pedagogia category-pedagogia category-tecnicas tag-ensenanza tag-estudiantes tag-mejorar tag-motivacion tag-tecnicas cs-entry cs-video-wrap\">\n\t\t\t<div class=\"pk-post-outer\">\n\n\t\t\t\t\t\t\t\t<div class=\"pk-post-inner\">\n\t\t\t\t\t<div class=\"entry-thumbnail\">\n\t\t\t\t\t\t<div class=\"pk-overlay pk-overlay-ratio pk-ratio-landscape\">\n\t\t\t\t\t\t\t<div class=\"pk-overlay-background\">\n\t\t\t\t\t\t\t\t<a href=\"https:\/\/webdelmaestrocmf.com\/portal\/tecnicas-de-ensenanza-para-mejorar-la-motivacion-de-los-estudiantes\/\" class=\"pk-overlay-link\">\n\t\t\t\t\t\t\t\t\t<img loading=\"lazy\" decoding=\"async\" width=\"300\" height=\"225\" src=\"https:\/\/webdelmaestrocmf.com\/portal\/wp-content\/uploads\/2023\/11\/1AA-Banner-1-portada-imagen-10-1-copia-9-300x225.webp\" class=\"attachment-pk-thumbnail size-pk-thumbnail wp-post-image\" alt=\"\" \/>\t\t\t\t\t\t\t\t<\/a>\n\t\t\t\t\t\t\t<\/div>\n\t\t\t\t\t\t<\/div>\n\t\t\t\t\t<\/div>\n\t\t\t\t<\/div>\n\t\t\t\t\n\t\t\t\t<div class=\"pk-post-inner\">\n\t\t\t\t\t<header>\n\t\t\t\t\t\t<h3 class=\"pk-title\"><a href=\"https:\/\/webdelmaestrocmf.com\/portal\/tecnicas-de-ensenanza-para-mejorar-la-motivacion-de-los-estudiantes\/\" rel=\"bookmark\">T\u00e9cnicas de ense\u00f1anza para crear un ambiente de aprendizaje efectivo<\/a><\/h3>\t\t\t\t\t<\/header><!-- .entry-header -->\n\t\t\t\t<\/div><!-- .post-inner -->\n\n\t\t\t<\/div><!-- .post-outer -->\n\t\t<\/article>\n\t\t\t<article id=\"post-31186\" class=\"post-31186 post type-post status-publish format-standard has-post-thumbnail category-bienestar-familiar category-descargas-manuales-pdf category-educacion-pedagogia category-pedagogia tag-2876 tag-divertidos tag-experimentos tag-manual tag-ninos tag-primaria cs-entry cs-video-wrap\">\n\t\t\t<div class=\"pk-post-outer\">\n\n\t\t\t\t\t\t\t\t<div class=\"pk-post-inner\">\n\t\t\t\t\t<div class=\"entry-thumbnail\">\n\t\t\t\t\t\t<div class=\"pk-overlay pk-overlay-ratio pk-ratio-landscape\">\n\t\t\t\t\t\t\t<div class=\"pk-overlay-background\">\n\t\t\t\t\t\t\t\t<a href=\"https:\/\/webdelmaestrocmf.com\/portal\/manual-de-50-experimentos-muy-divertidos-para-ninos\/\" class=\"pk-overlay-link\">\n\t\t\t\t\t\t\t\t\t<img loading=\"lazy\" decoding=\"async\" width=\"300\" height=\"225\" src=\"https:\/\/webdelmaestrocmf.com\/portal\/wp-content\/uploads\/2020\/07\/Banner-1-portada-imagen-10-1-2024-06-17T124808.095-300x225.jpg\" class=\"attachment-pk-thumbnail size-pk-thumbnail wp-post-image\" alt=\"\" \/>\t\t\t\t\t\t\t\t<\/a>\n\t\t\t\t\t\t\t<\/div>\n\t\t\t\t\t\t<\/div>\n\t\t\t\t\t<\/div>\n\t\t\t\t<\/div>\n\t\t\t\t\n\t\t\t\t<div class=\"pk-post-inner\">\n\t\t\t\t\t<header>\n\t\t\t\t\t\t<h3 class=\"pk-title\"><a href=\"https:\/\/webdelmaestrocmf.com\/portal\/manual-de-50-experimentos-muy-divertidos-para-ninos\/\" rel=\"bookmark\">Descarga los manuales con m\u00e1s de 250 experimentos muy divertidos para ni\u00f1os<\/a><\/h3>\t\t\t\t\t<\/header><!-- .entry-header -->\n\t\t\t\t<\/div><!-- .post-inner -->\n\n\t\t\t<\/div><!-- .post-outer -->\n\t\t<\/article>\n\t\t\t<article id=\"post-74086\" class=\"post-74086 post type-post status-publish format-standard has-post-thumbnail category-docentes category-educacion-pedagogia category-pedagogia tag-aprendizaje tag-ensenanza tag-estudiantes tag-modelos tag-todos cs-entry cs-video-wrap\">\n\t\t\t<div class=\"pk-post-outer\">\n\n\t\t\t\t\t\t\t\t<div class=\"pk-post-inner\">\n\t\t\t\t\t<div class=\"entry-thumbnail\">\n\t\t\t\t\t\t<div class=\"pk-overlay pk-overlay-ratio pk-ratio-landscape\">\n\t\t\t\t\t\t\t<div class=\"pk-overlay-background\">\n\t\t\t\t\t\t\t\t<a href=\"https:\/\/webdelmaestrocmf.com\/portal\/estos-son-los-modelos-de-aprendizaje-mas-destacados-cual-le-gustaria-aplicar\/\" class=\"pk-overlay-link\">\n\t\t\t\t\t\t\t\t\t<img loading=\"lazy\" decoding=\"async\" width=\"300\" height=\"225\" src=\"https:\/\/webdelmaestrocmf.com\/portal\/wp-content\/uploads\/2022\/02\/1A-Banner-1-portada-imagen-10-1-copia-64-300x225.jpg\" class=\"attachment-pk-thumbnail size-pk-thumbnail wp-post-image\" alt=\"\" \/>\t\t\t\t\t\t\t\t<\/a>\n\t\t\t\t\t\t\t<\/div>\n\t\t\t\t\t\t<\/div>\n\t\t\t\t\t<\/div>\n\t\t\t\t<\/div>\n\t\t\t\t\n\t\t\t\t<div class=\"pk-post-inner\">\n\t\t\t\t\t<header>\n\t\t\t\t\t\t<h3 class=\"pk-title\"><a href=\"https:\/\/webdelmaestrocmf.com\/portal\/estos-son-los-modelos-de-aprendizaje-mas-destacados-cual-le-gustaria-aplicar\/\" rel=\"bookmark\">Estos son los modelos de aprendizaje m\u00e1s destacados \u00bfCu\u00e1l le gustar\u00eda aplicar?<\/a><\/h3>\t\t\t\t\t<\/header><!-- .entry-header -->\n\t\t\t\t<\/div><!-- .post-inner -->\n\n\t\t\t<\/div><!-- .post-outer -->\n\t\t<\/article>\n\t\t\t\t<\/div>\n\t\t<\/div>\n\t\t\n","protected":false},"excerpt":{"rendered":"La historia es una ciencia social cuyo campo de estudio es el pasado de los seres humanos. Pero&hellip;","protected":false},"author":1,"featured_media":102773,"comment_status":"open","ping_status":"closed","sticky":false,"template":"","format":"standard","meta":{"csco_display_header_overlay":false,"csco_singular_sidebar":"default","csco_page_header_type":"default","csco_page_load_nextpost":"default","csco_post_video_location":[],"csco_post_video_location_hash":"","csco_post_video_url":"","csco_post_video_bg_start_time":0,"csco_post_video_bg_end_time":0,"csco_post_video_bg_volume":false,"_jetpack_memberships_contains_paid_content":false,"footnotes":""},"categories":[442,735],"tags":[188,228,1759,1185],"class_list":{"0":"post-42088","1":"post","2":"type-post","3":"status-publish","4":"format-standard","5":"has-post-thumbnail","7":"category-educacion-pedagogia","8":"category-pedagogia","9":"tag-aprender","10":"tag-escuela","11":"tag-historia","12":"tag-importancia","13":"cs-entry","14":"cs-video-wrap"},"yoast_head":"<!-- This site is optimized with the Yoast SEO plugin v27.5 - https:\/\/yoast.com\/product\/yoast-seo-wordpress\/ -->\n<title>Cu\u00e1l es la importancia de aprender historia en la escuela - 2026<\/title>\n<meta name=\"description\" content=\"La historia es una ciencia social cuyo campo de estudio es el pasado de los seres humanos. Pero no todo el pasado es conocido y...\" \/>\n<meta name=\"robots\" content=\"index, follow, max-snippet:-1, max-image-preview:large, max-video-preview:-1\" \/>\n<link rel=\"canonical\" href=\"https:\/\/webdelmaestrocmf.com\/portal\/cual-es-la-importancia-de-aprender-historia-en-la-escuela\/\" \/>\n<meta property=\"og:locale\" content=\"es_ES\" \/>\n<meta property=\"og:type\" content=\"article\" \/>\n<meta property=\"og:title\" content=\"Cu\u00e1l es la importancia de aprender historia en la escuela - 2026\" \/>\n<meta property=\"og:description\" content=\"La historia es una ciencia social cuyo campo de estudio es el pasado de los seres humanos. Pero no todo el pasado es conocido y...\" \/>\n<meta property=\"og:url\" content=\"https:\/\/webdelmaestrocmf.com\/portal\/cual-es-la-importancia-de-aprender-historia-en-la-escuela\/\" \/>\n<meta property=\"og:site_name\" content=\"Web del Maestro CMF\" \/>\n<meta property=\"article:publisher\" content=\"https:\/\/www.facebook.com\/WebdelMaestroCMF\/\" \/>\n<meta property=\"article:author\" content=\"https:\/\/www.facebook.com\/WebdelMaestroCMF\/\" \/>\n<meta property=\"article:published_time\" content=\"2024-01-18T21:50:47+00:00\" \/>\n<meta property=\"article:modified_time\" content=\"2024-01-18T21:54:02+00:00\" \/>\n<meta property=\"og:image\" content=\"https:\/\/webdelmaestrocmf.com\/portal\/wp-content\/uploads\/2019\/11\/Banner-1-portada-imagen-10-25.jpg\" \/>\n\t<meta property=\"og:image:width\" content=\"1024\" \/>\n\t<meta property=\"og:image:height\" content=\"1024\" \/>\n\t<meta property=\"og:image:type\" content=\"image\/jpeg\" \/>\n<meta name=\"author\" content=\"Web del Maestro CMF\" \/>\n<meta name=\"twitter:card\" content=\"summary_large_image\" \/>\n<meta name=\"twitter:creator\" content=\"@cmf_w\" \/>\n<meta name=\"twitter:site\" content=\"@cmf_w\" \/>\n<script type=\"application\/ld+json\" class=\"yoast-schema-graph\">{\"@context\":\"https:\\\/\\\/schema.org\",\"@graph\":[{\"@type\":\"ScholarlyArticle\",\"@id\":\"https:\\\/\\\/webdelmaestrocmf.com\\\/portal\\\/cual-es-la-importancia-de-aprender-historia-en-la-escuela\\\/#article\",\"isPartOf\":{\"@id\":\"https:\\\/\\\/webdelmaestrocmf.com\\\/portal\\\/cual-es-la-importancia-de-aprender-historia-en-la-escuela\\\/\"},\"author\":{\"name\":\"Web del Maestro CMF\",\"@id\":\"https:\\\/\\\/webdelmaestrocmf.com\\\/portal\\\/#\\\/schema\\\/person\\\/1072a2ed7bd960df8ef99a551fa35dc5\"},\"headline\":\"Cu\u00e1l es la importancia de aprender historia en la escuela\",\"datePublished\":\"2024-01-18T21:50:47+00:00\",\"dateModified\":\"2024-01-18T21:54:02+00:00\",\"mainEntityOfPage\":{\"@id\":\"https:\\\/\\\/webdelmaestrocmf.com\\\/portal\\\/cual-es-la-importancia-de-aprender-historia-en-la-escuela\\\/\"},\"wordCount\":994,\"commentCount\":2,\"publisher\":{\"@id\":\"https:\\\/\\\/webdelmaestrocmf.com\\\/portal\\\/#organization\"},\"image\":{\"@id\":\"https:\\\/\\\/webdelmaestrocmf.com\\\/portal\\\/cual-es-la-importancia-de-aprender-historia-en-la-escuela\\\/#primaryimage\"},\"thumbnailUrl\":\"https:\\\/\\\/webdelmaestrocmf.com\\\/portal\\\/wp-content\\\/uploads\\\/2019\\\/11\\\/Banner-1-portada-imagen-10-25.jpg\",\"keywords\":[\"Aprender\",\"escuela\",\"HISTORIA\",\"IMPORTANCIA\"],\"articleSection\":[\"Pedagog\u00eda\",\"Recursos\"],\"inLanguage\":\"es\",\"potentialAction\":[{\"@type\":\"CommentAction\",\"name\":\"Comment\",\"target\":[\"https:\\\/\\\/webdelmaestrocmf.com\\\/portal\\\/cual-es-la-importancia-de-aprender-historia-en-la-escuela\\\/#respond\"]}]},{\"@type\":\"WebPage\",\"@id\":\"https:\\\/\\\/webdelmaestrocmf.com\\\/portal\\\/cual-es-la-importancia-de-aprender-historia-en-la-escuela\\\/\",\"url\":\"https:\\\/\\\/webdelmaestrocmf.com\\\/portal\\\/cual-es-la-importancia-de-aprender-historia-en-la-escuela\\\/\",\"name\":\"Cu\u00e1l es la importancia de aprender historia en la escuela - 2026\",\"isPartOf\":{\"@id\":\"https:\\\/\\\/webdelmaestrocmf.com\\\/portal\\\/#website\"},\"primaryImageOfPage\":{\"@id\":\"https:\\\/\\\/webdelmaestrocmf.com\\\/portal\\\/cual-es-la-importancia-de-aprender-historia-en-la-escuela\\\/#primaryimage\"},\"image\":{\"@id\":\"https:\\\/\\\/webdelmaestrocmf.com\\\/portal\\\/cual-es-la-importancia-de-aprender-historia-en-la-escuela\\\/#primaryimage\"},\"thumbnailUrl\":\"https:\\\/\\\/webdelmaestrocmf.com\\\/portal\\\/wp-content\\\/uploads\\\/2019\\\/11\\\/Banner-1-portada-imagen-10-25.jpg\",\"datePublished\":\"2024-01-18T21:50:47+00:00\",\"dateModified\":\"2024-01-18T21:54:02+00:00\",\"description\":\"La historia es una ciencia social cuyo campo de estudio es el pasado de los seres humanos. Pero no todo el pasado es conocido y...\",\"breadcrumb\":{\"@id\":\"https:\\\/\\\/webdelmaestrocmf.com\\\/portal\\\/cual-es-la-importancia-de-aprender-historia-en-la-escuela\\\/#breadcrumb\"},\"inLanguage\":\"es\",\"potentialAction\":[{\"@type\":\"ReadAction\",\"target\":[\"https:\\\/\\\/webdelmaestrocmf.com\\\/portal\\\/cual-es-la-importancia-de-aprender-historia-en-la-escuela\\\/\"]}]},{\"@type\":\"ImageObject\",\"inLanguage\":\"es\",\"@id\":\"https:\\\/\\\/webdelmaestrocmf.com\\\/portal\\\/cual-es-la-importancia-de-aprender-historia-en-la-escuela\\\/#primaryimage\",\"url\":\"https:\\\/\\\/webdelmaestrocmf.com\\\/portal\\\/wp-content\\\/uploads\\\/2019\\\/11\\\/Banner-1-portada-imagen-10-25.jpg\",\"contentUrl\":\"https:\\\/\\\/webdelmaestrocmf.com\\\/portal\\\/wp-content\\\/uploads\\\/2019\\\/11\\\/Banner-1-portada-imagen-10-25.jpg\",\"width\":1024,\"height\":1024,\"caption\":\"historia\"},{\"@type\":\"BreadcrumbList\",\"@id\":\"https:\\\/\\\/webdelmaestrocmf.com\\\/portal\\\/cual-es-la-importancia-de-aprender-historia-en-la-escuela\\\/#breadcrumb\",\"itemListElement\":[{\"@type\":\"ListItem\",\"position\":1,\"name\":\"Portada\",\"item\":\"https:\\\/\\\/webdelmaestrocmf.com\\\/portal\\\/\"},{\"@type\":\"ListItem\",\"position\":2,\"name\":\"Recursos\",\"item\":\"https:\\\/\\\/webdelmaestrocmf.com\\\/portal\\\/category\\\/pedagogia\\\/\"},{\"@type\":\"ListItem\",\"position\":3,\"name\":\"Pedagog\u00eda\",\"item\":\"https:\\\/\\\/webdelmaestrocmf.com\\\/portal\\\/category\\\/pedagogia\\\/educacion-pedagogia\\\/\"},{\"@type\":\"ListItem\",\"position\":4,\"name\":\"Cu\u00e1l es la importancia de aprender historia en la escuela\"}]},{\"@type\":\"WebSite\",\"@id\":\"https:\\\/\\\/webdelmaestrocmf.com\\\/portal\\\/#website\",\"url\":\"https:\\\/\\\/webdelmaestrocmf.com\\\/portal\\\/\",\"name\":\"Web del Maestro CMF\",\"description\":\"Maestros al servicio de la educaci\u00f3n\",\"publisher\":{\"@id\":\"https:\\\/\\\/webdelmaestrocmf.com\\\/portal\\\/#organization\"},\"alternateName\":\"WMCMF\",\"potentialAction\":[{\"@type\":\"SearchAction\",\"target\":{\"@type\":\"EntryPoint\",\"urlTemplate\":\"https:\\\/\\\/webdelmaestrocmf.com\\\/portal\\\/?s={search_term_string}\"},\"query-input\":{\"@type\":\"PropertyValueSpecification\",\"valueRequired\":true,\"valueName\":\"search_term_string\"}}],\"inLanguage\":\"es\"},{\"@type\":\"Organization\",\"@id\":\"https:\\\/\\\/webdelmaestrocmf.com\\\/portal\\\/#organization\",\"name\":\"Web del Maestro CMF\",\"alternateName\":\"WMCMF\",\"url\":\"https:\\\/\\\/webdelmaestrocmf.com\\\/portal\\\/\",\"logo\":{\"@type\":\"ImageObject\",\"inLanguage\":\"es\",\"@id\":\"https:\\\/\\\/webdelmaestrocmf.com\\\/portal\\\/#\\\/schema\\\/logo\\\/image\\\/\",\"url\":\"https:\\\/\\\/webdelmaestrocmf.com\\\/portal\\\/wp-content\\\/uploads\\\/2023\\\/01\\\/logo-wmcmf-2.png\",\"contentUrl\":\"https:\\\/\\\/webdelmaestrocmf.com\\\/portal\\\/wp-content\\\/uploads\\\/2023\\\/01\\\/logo-wmcmf-2.png\",\"width\":200,\"height\":60,\"caption\":\"Web del Maestro CMF\"},\"image\":{\"@id\":\"https:\\\/\\\/webdelmaestrocmf.com\\\/portal\\\/#\\\/schema\\\/logo\\\/image\\\/\"},\"sameAs\":[\"https:\\\/\\\/www.facebook.com\\\/WebdelMaestroCMF\\\/\",\"https:\\\/\\\/x.com\\\/cmf_w\",\"https:\\\/\\\/www.pinterest.com\\\/WMCMF\\\/\",\"https:\\\/\\\/www.linkedin.com\\\/company\\\/web-del-maestro-cmf\\\/\",\"https:\\\/\\\/www.instagram.com\\\/wmcmf\\\/\",\"https:\\\/\\\/www.youtube.com\\\/channel\\\/UCDPSvjbdodE5sHnC3OxutHw\",\"https:\\\/\\\/mastodon.social\\\/@wmcmf\",\"https:\\\/\\\/www.tiktok.com\\\/@webdelmaestrocmf\"]},{\"@type\":\"Person\",\"@id\":\"https:\\\/\\\/webdelmaestrocmf.com\\\/portal\\\/#\\\/schema\\\/person\\\/1072a2ed7bd960df8ef99a551fa35dc5\",\"name\":\"Web del Maestro CMF\",\"image\":{\"@type\":\"ImageObject\",\"inLanguage\":\"es\",\"@id\":\"https:\\\/\\\/secure.gravatar.com\\\/avatar\\\/23291dd5b5ae1077dcff3dbb04c3e02bd28403fa75af6d8787d5e97c5bbbe30b?s=96&d=mm&r=g\",\"url\":\"https:\\\/\\\/secure.gravatar.com\\\/avatar\\\/23291dd5b5ae1077dcff3dbb04c3e02bd28403fa75af6d8787d5e97c5bbbe30b?s=96&d=mm&r=g\",\"contentUrl\":\"https:\\\/\\\/secure.gravatar.com\\\/avatar\\\/23291dd5b5ae1077dcff3dbb04c3e02bd28403fa75af6d8787d5e97c5bbbe30b?s=96&d=mm&r=g\",\"caption\":\"Web del Maestro CMF\"},\"description\":\"Esta Web se cre\u00f3 sin fines de lucro, con fines educativos, cient\u00edficos y acad\u00e9micos, para personas que tengan dificultades y\\\/o inconvenientes en visualizar el material original. El objetivo es entregar recursos, compartir experiencias y materiales que ayuden a los padres de familia, maestros y estudiantes en su actualizaci\u00f3n y formaci\u00f3n permanente, en bien de la Educaci\u00f3n.\",\"sameAs\":[\"http:\\\/\\\/webdelmaestrocmf.com\\\/portal\",\"https:\\\/\\\/www.facebook.com\\\/WebdelMaestroCMF\\\/\",\"https:\\\/\\\/www.instagram.com\\\/wmcmf\\\/\",\"https:\\\/\\\/cl.linkedin.com\\\/company\\\/web-del-maestro-cmf\",\"https:\\\/\\\/www.pinterest.com\\\/WMCMF\\\/publicaciones\\\/\",\"https:\\\/\\\/x.com\\\/cmf_w\",\"https:\\\/\\\/www.youtube.com\\\/@WMCMF\"]}]}<\/script>\n<!-- \/ Yoast SEO plugin. -->","yoast_head_json":{"title":"Cu\u00e1l es la importancia de aprender historia en la escuela - 2026","description":"La historia es una ciencia social cuyo campo de estudio es el pasado de los seres humanos. Pero no todo el pasado es conocido y...","robots":{"index":"index","follow":"follow","max-snippet":"max-snippet:-1","max-image-preview":"max-image-preview:large","max-video-preview":"max-video-preview:-1"},"canonical":"https:\/\/webdelmaestrocmf.com\/portal\/cual-es-la-importancia-de-aprender-historia-en-la-escuela\/","og_locale":"es_ES","og_type":"article","og_title":"Cu\u00e1l es la importancia de aprender historia en la escuela - 2026","og_description":"La historia es una ciencia social cuyo campo de estudio es el pasado de los seres humanos. Pero no todo el pasado es conocido y...","og_url":"https:\/\/webdelmaestrocmf.com\/portal\/cual-es-la-importancia-de-aprender-historia-en-la-escuela\/","og_site_name":"Web del Maestro CMF","article_publisher":"https:\/\/www.facebook.com\/WebdelMaestroCMF\/","article_author":"https:\/\/www.facebook.com\/WebdelMaestroCMF\/","article_published_time":"2024-01-18T21:50:47+00:00","article_modified_time":"2024-01-18T21:54:02+00:00","og_image":[{"width":1024,"height":1024,"url":"https:\/\/webdelmaestrocmf.com\/portal\/wp-content\/uploads\/2019\/11\/Banner-1-portada-imagen-10-25.jpg","type":"image\/jpeg"}],"author":"Web del Maestro CMF","twitter_card":"summary_large_image","twitter_creator":"@cmf_w","twitter_site":"@cmf_w","schema":{"@context":"https:\/\/schema.org","@graph":[{"@type":"ScholarlyArticle","@id":"https:\/\/webdelmaestrocmf.com\/portal\/cual-es-la-importancia-de-aprender-historia-en-la-escuela\/#article","isPartOf":{"@id":"https:\/\/webdelmaestrocmf.com\/portal\/cual-es-la-importancia-de-aprender-historia-en-la-escuela\/"},"author":{"name":"Web del Maestro CMF","@id":"https:\/\/webdelmaestrocmf.com\/portal\/#\/schema\/person\/1072a2ed7bd960df8ef99a551fa35dc5"},"headline":"Cu\u00e1l es la importancia de aprender historia en la escuela","datePublished":"2024-01-18T21:50:47+00:00","dateModified":"2024-01-18T21:54:02+00:00","mainEntityOfPage":{"@id":"https:\/\/webdelmaestrocmf.com\/portal\/cual-es-la-importancia-de-aprender-historia-en-la-escuela\/"},"wordCount":994,"commentCount":2,"publisher":{"@id":"https:\/\/webdelmaestrocmf.com\/portal\/#organization"},"image":{"@id":"https:\/\/webdelmaestrocmf.com\/portal\/cual-es-la-importancia-de-aprender-historia-en-la-escuela\/#primaryimage"},"thumbnailUrl":"https:\/\/webdelmaestrocmf.com\/portal\/wp-content\/uploads\/2019\/11\/Banner-1-portada-imagen-10-25.jpg","keywords":["Aprender","escuela","HISTORIA","IMPORTANCIA"],"articleSection":["Pedagog\u00eda","Recursos"],"inLanguage":"es","potentialAction":[{"@type":"CommentAction","name":"Comment","target":["https:\/\/webdelmaestrocmf.com\/portal\/cual-es-la-importancia-de-aprender-historia-en-la-escuela\/#respond"]}]},{"@type":"WebPage","@id":"https:\/\/webdelmaestrocmf.com\/portal\/cual-es-la-importancia-de-aprender-historia-en-la-escuela\/","url":"https:\/\/webdelmaestrocmf.com\/portal\/cual-es-la-importancia-de-aprender-historia-en-la-escuela\/","name":"Cu\u00e1l es la importancia de aprender historia en la escuela - 2026","isPartOf":{"@id":"https:\/\/webdelmaestrocmf.com\/portal\/#website"},"primaryImageOfPage":{"@id":"https:\/\/webdelmaestrocmf.com\/portal\/cual-es-la-importancia-de-aprender-historia-en-la-escuela\/#primaryimage"},"image":{"@id":"https:\/\/webdelmaestrocmf.com\/portal\/cual-es-la-importancia-de-aprender-historia-en-la-escuela\/#primaryimage"},"thumbnailUrl":"https:\/\/webdelmaestrocmf.com\/portal\/wp-content\/uploads\/2019\/11\/Banner-1-portada-imagen-10-25.jpg","datePublished":"2024-01-18T21:50:47+00:00","dateModified":"2024-01-18T21:54:02+00:00","description":"La historia es una ciencia social cuyo campo de estudio es el pasado de los seres humanos. Pero no todo el pasado es conocido y...","breadcrumb":{"@id":"https:\/\/webdelmaestrocmf.com\/portal\/cual-es-la-importancia-de-aprender-historia-en-la-escuela\/#breadcrumb"},"inLanguage":"es","potentialAction":[{"@type":"ReadAction","target":["https:\/\/webdelmaestrocmf.com\/portal\/cual-es-la-importancia-de-aprender-historia-en-la-escuela\/"]}]},{"@type":"ImageObject","inLanguage":"es","@id":"https:\/\/webdelmaestrocmf.com\/portal\/cual-es-la-importancia-de-aprender-historia-en-la-escuela\/#primaryimage","url":"https:\/\/webdelmaestrocmf.com\/portal\/wp-content\/uploads\/2019\/11\/Banner-1-portada-imagen-10-25.jpg","contentUrl":"https:\/\/webdelmaestrocmf.com\/portal\/wp-content\/uploads\/2019\/11\/Banner-1-portada-imagen-10-25.jpg","width":1024,"height":1024,"caption":"historia"},{"@type":"BreadcrumbList","@id":"https:\/\/webdelmaestrocmf.com\/portal\/cual-es-la-importancia-de-aprender-historia-en-la-escuela\/#breadcrumb","itemListElement":[{"@type":"ListItem","position":1,"name":"Portada","item":"https:\/\/webdelmaestrocmf.com\/portal\/"},{"@type":"ListItem","position":2,"name":"Recursos","item":"https:\/\/webdelmaestrocmf.com\/portal\/category\/pedagogia\/"},{"@type":"ListItem","position":3,"name":"Pedagog\u00eda","item":"https:\/\/webdelmaestrocmf.com\/portal\/category\/pedagogia\/educacion-pedagogia\/"},{"@type":"ListItem","position":4,"name":"Cu\u00e1l es la importancia de aprender historia en la escuela"}]},{"@type":"WebSite","@id":"https:\/\/webdelmaestrocmf.com\/portal\/#website","url":"https:\/\/webdelmaestrocmf.com\/portal\/","name":"Web del Maestro CMF","description":"Maestros al servicio de la educaci\u00f3n","publisher":{"@id":"https:\/\/webdelmaestrocmf.com\/portal\/#organization"},"alternateName":"WMCMF","potentialAction":[{"@type":"SearchAction","target":{"@type":"EntryPoint","urlTemplate":"https:\/\/webdelmaestrocmf.com\/portal\/?s={search_term_string}"},"query-input":{"@type":"PropertyValueSpecification","valueRequired":true,"valueName":"search_term_string"}}],"inLanguage":"es"},{"@type":"Organization","@id":"https:\/\/webdelmaestrocmf.com\/portal\/#organization","name":"Web del Maestro CMF","alternateName":"WMCMF","url":"https:\/\/webdelmaestrocmf.com\/portal\/","logo":{"@type":"ImageObject","inLanguage":"es","@id":"https:\/\/webdelmaestrocmf.com\/portal\/#\/schema\/logo\/image\/","url":"https:\/\/webdelmaestrocmf.com\/portal\/wp-content\/uploads\/2023\/01\/logo-wmcmf-2.png","contentUrl":"https:\/\/webdelmaestrocmf.com\/portal\/wp-content\/uploads\/2023\/01\/logo-wmcmf-2.png","width":200,"height":60,"caption":"Web del Maestro CMF"},"image":{"@id":"https:\/\/webdelmaestrocmf.com\/portal\/#\/schema\/logo\/image\/"},"sameAs":["https:\/\/www.facebook.com\/WebdelMaestroCMF\/","https:\/\/x.com\/cmf_w","https:\/\/www.pinterest.com\/WMCMF\/","https:\/\/www.linkedin.com\/company\/web-del-maestro-cmf\/","https:\/\/www.instagram.com\/wmcmf\/","https:\/\/www.youtube.com\/channel\/UCDPSvjbdodE5sHnC3OxutHw","https:\/\/mastodon.social\/@wmcmf","https:\/\/www.tiktok.com\/@webdelmaestrocmf"]},{"@type":"Person","@id":"https:\/\/webdelmaestrocmf.com\/portal\/#\/schema\/person\/1072a2ed7bd960df8ef99a551fa35dc5","name":"Web del Maestro CMF","image":{"@type":"ImageObject","inLanguage":"es","@id":"https:\/\/secure.gravatar.com\/avatar\/23291dd5b5ae1077dcff3dbb04c3e02bd28403fa75af6d8787d5e97c5bbbe30b?s=96&d=mm&r=g","url":"https:\/\/secure.gravatar.com\/avatar\/23291dd5b5ae1077dcff3dbb04c3e02bd28403fa75af6d8787d5e97c5bbbe30b?s=96&d=mm&r=g","contentUrl":"https:\/\/secure.gravatar.com\/avatar\/23291dd5b5ae1077dcff3dbb04c3e02bd28403fa75af6d8787d5e97c5bbbe30b?s=96&d=mm&r=g","caption":"Web del Maestro CMF"},"description":"Esta Web se cre\u00f3 sin fines de lucro, con fines educativos, cient\u00edficos y acad\u00e9micos, para personas que tengan dificultades y\/o inconvenientes en visualizar el material original. El objetivo es entregar recursos, compartir experiencias y materiales que ayuden a los padres de familia, maestros y estudiantes en su actualizaci\u00f3n y formaci\u00f3n permanente, en bien de la Educaci\u00f3n.","sameAs":["http:\/\/webdelmaestrocmf.com\/portal","https:\/\/www.facebook.com\/WebdelMaestroCMF\/","https:\/\/www.instagram.com\/wmcmf\/","https:\/\/cl.linkedin.com\/company\/web-del-maestro-cmf","https:\/\/www.pinterest.com\/WMCMF\/publicaciones\/","https:\/\/x.com\/cmf_w","https:\/\/www.youtube.com\/@WMCMF"]}]}},"jetpack_featured_media_url":"https:\/\/webdelmaestrocmf.com\/portal\/wp-content\/uploads\/2019\/11\/Banner-1-portada-imagen-10-25.jpg","jetpack_sharing_enabled":true,"jetpack-related-posts":[{"id":83478,"url":"https:\/\/webdelmaestrocmf.com\/portal\/jason-steinhauer-es-fundamental-que-los-estudiantes-vuelvan-a-aprender-historia\/","url_meta":{"origin":42088,"position":0},"title":"Jason Steinhauer: Es fundamental que los estudiantes vuelvan a aprender historia","author":"Web del Maestro CMF","date":"29 enero, 2023","format":false,"excerpt":"Las redes sociales moldean nuestro presente, para bien o para mal. Permiten tanto la difusi\u00f3n de buenas causas como la propagaci\u00f3n de noticias falsas. El historiador Jason Steinhauer (Nueva York), fundador y jefe del Instituto de Comunicaci\u00f3n de Historia, relata en su libro \u2018History, Disrupted\u2019\u00a0c\u00f3mo internet tambi\u00e9n est\u00e1 distorsionando nuestro\u2026","rel":"","context":"En \u00abEntrevistas\u00bb","block_context":{"text":"Entrevistas","link":"https:\/\/webdelmaestrocmf.com\/portal\/category\/noticias\/entrevistas\/"},"img":{"alt_text":"","src":"https:\/\/i0.wp.com\/webdelmaestrocmf.com\/portal\/wp-content\/uploads\/2023\/01\/1-71.jpg?resize=350%2C200&ssl=1","width":350,"height":200,"srcset":"https:\/\/i0.wp.com\/webdelmaestrocmf.com\/portal\/wp-content\/uploads\/2023\/01\/1-71.jpg?resize=350%2C200&ssl=1 1x, https:\/\/i0.wp.com\/webdelmaestrocmf.com\/portal\/wp-content\/uploads\/2023\/01\/1-71.jpg?resize=525%2C300&ssl=1 1.5x, https:\/\/i0.wp.com\/webdelmaestrocmf.com\/portal\/wp-content\/uploads\/2023\/01\/1-71.jpg?resize=700%2C400&ssl=1 2x"},"classes":[]},{"id":18281,"url":"https:\/\/webdelmaestrocmf.com\/portal\/la-idea-no-todos-hagan-lo-uno-pueda-escoger-aprender\/","url_meta":{"origin":42088,"position":1},"title":"LA IDEA ES QUE NO TODOS HAGAN LO MISMO, QUE CADA UNO PUEDA ESCOGER QU\u00c9 APRENDER","author":"Web del Maestro CMF","date":"14 mayo, 2017","format":false,"excerpt":"Este mes en la revista REDES para la ciencia entrevisto a Roger Schank, un personaje divertido y bonach\u00f3n, con el que hab\u00e9 de educaci\u00f3n emocional. Nos pasamos media vida memorizando cosas que poco despue\u0301s somos incapaces de recordar. Para Roger C. Schank eso es una pe\u0301rdida de tiempo y de\u2026","rel":"","context":"En \u00abSin categor\u00eda\u00bb","block_context":{"text":"Sin categor\u00eda","link":"https:\/\/webdelmaestrocmf.com\/portal\/category\/sin-categoria-es\/"},"img":{"alt_text":"","src":"https:\/\/i0.wp.com\/webdelmaestrocmf.com\/portal\/wp-content\/uploads\/2017\/05\/Roger-Schank-2.jpg?resize=350%2C200&ssl=1","width":350,"height":200,"srcset":"https:\/\/i0.wp.com\/webdelmaestrocmf.com\/portal\/wp-content\/uploads\/2017\/05\/Roger-Schank-2.jpg?resize=350%2C200&ssl=1 1x, https:\/\/i0.wp.com\/webdelmaestrocmf.com\/portal\/wp-content\/uploads\/2017\/05\/Roger-Schank-2.jpg?resize=525%2C300&ssl=1 1.5x, https:\/\/i0.wp.com\/webdelmaestrocmf.com\/portal\/wp-content\/uploads\/2017\/05\/Roger-Schank-2.jpg?resize=700%2C400&ssl=1 2x"},"classes":[]},{"id":82984,"url":"https:\/\/webdelmaestrocmf.com\/portal\/baul-del-docente-entrevista-la-importancia-de-la-historia-para-la-educacion\/","url_meta":{"origin":42088,"position":2},"title":"[Ba\u00fal del Docente] Entrevista: La importancia de la Historia para la Educaci\u00f3n","author":"Web del Maestro CMF","date":"17 enero, 2023","format":false,"excerpt":"Estimados docentes: Ba\u00fal del Docente presenta, en esta oportunidad, una entrevista que realizamos a la historiadora y catedr\u00e1tica espa\u00f1ola Eva Tobalina Ora\u00e1, acerca de un tema de enorme vigencia entre la comunidad docente del mundo: la importancia que tiene, para la educaci\u00f3n, el estudio y conocimiento de la historia. Poseedora\u2026","rel":"","context":"En \u00abZ-Colaboradores\u00bb","block_context":{"text":"Z-Colaboradores","link":"https:\/\/webdelmaestrocmf.com\/portal\/category\/colaborador\/"},"img":{"alt_text":"","src":"https:\/\/i0.wp.com\/webdelmaestrocmf.com\/portal\/wp-content\/uploads\/2023\/01\/1CC.jpg?resize=350%2C200&ssl=1","width":350,"height":200,"srcset":"https:\/\/i0.wp.com\/webdelmaestrocmf.com\/portal\/wp-content\/uploads\/2023\/01\/1CC.jpg?resize=350%2C200&ssl=1 1x, https:\/\/i0.wp.com\/webdelmaestrocmf.com\/portal\/wp-content\/uploads\/2023\/01\/1CC.jpg?resize=525%2C300&ssl=1 1.5x, https:\/\/i0.wp.com\/webdelmaestrocmf.com\/portal\/wp-content\/uploads\/2023\/01\/1CC.jpg?resize=700%2C400&ssl=1 2x"},"classes":[]},{"id":42901,"url":"https:\/\/webdelmaestrocmf.com\/portal\/10-estrategias-con-las-que-polonia-ha-logrado-el-mejor-resultado-pisa-de-su-historia\/","url_meta":{"origin":42088,"position":3},"title":"10 estrategias con las que Polonia ha logrado el mejor resultado PISA de su historia","author":"Web del Maestro CMF","date":"21 diciembre, 2019","format":false,"excerpt":"Como profesores siempre nos ayuda el conocer, reflexionar y aprender de las experiencias educativas de otros profesores, de otros pa\u00edses, aunque tengamos diferencias en cuanto al tama\u00f1o de poblaci\u00f3n, nuestras historias, econom\u00edas y cultura. Aprender de otros nos permite tomar decisiones apoy\u00e1ndonos en el conocimiento, experiencias y correcciones de otros.\u2026","rel":"","context":"En \u00abYo opino - WMCMF\u00bb","block_context":{"text":"Yo opino - WMCMF","link":"https:\/\/webdelmaestrocmf.com\/portal\/category\/jamb\/"},"img":{"alt_text":"","src":"https:\/\/i0.wp.com\/webdelmaestrocmf.com\/portal\/wp-content\/uploads\/2019\/12\/1-58.jpg?resize=350%2C200&ssl=1","width":350,"height":200,"srcset":"https:\/\/i0.wp.com\/webdelmaestrocmf.com\/portal\/wp-content\/uploads\/2019\/12\/1-58.jpg?resize=350%2C200&ssl=1 1x, https:\/\/i0.wp.com\/webdelmaestrocmf.com\/portal\/wp-content\/uploads\/2019\/12\/1-58.jpg?resize=525%2C300&ssl=1 1.5x, https:\/\/i0.wp.com\/webdelmaestrocmf.com\/portal\/wp-content\/uploads\/2019\/12\/1-58.jpg?resize=700%2C400&ssl=1 2x, https:\/\/i0.wp.com\/webdelmaestrocmf.com\/portal\/wp-content\/uploads\/2019\/12\/1-58.jpg?resize=1050%2C600&ssl=1 3x"},"classes":[]},{"id":117716,"url":"https:\/\/webdelmaestrocmf.com\/portal\/ferran-ballard-el-aprendizaje-si-es-facil-no-es-aprendizaje\/","url_meta":{"origin":42088,"position":4},"title":"Ferran Ballard: \u00abEl aprendizaje, si es f\u00e1cil, no es aprendizaje\u00bb","author":"Web del Maestro CMF","date":"13 abril, 2026","format":false,"excerpt":"El profesor universitario Ferran Ballard advierte que muchos estudiantes fracasan no por falta de esfuerzo, sino por no saber estudiar, destacando la importancia de t\u00e9cnicas eficaces basadas en neurociencia.","rel":"","context":"En \u00abEntrevistas\u00bb","block_context":{"text":"Entrevistas","link":"https:\/\/webdelmaestrocmf.com\/portal\/category\/noticias\/entrevistas\/"},"img":{"alt_text":"","src":"https:\/\/i0.wp.com\/webdelmaestrocmf.com\/portal\/wp-content\/uploads\/2026\/04\/1AA-Banner-1-portada-imagen-10-1-copia-12.webp?resize=350%2C200&ssl=1","width":350,"height":200,"srcset":"https:\/\/i0.wp.com\/webdelmaestrocmf.com\/portal\/wp-content\/uploads\/2026\/04\/1AA-Banner-1-portada-imagen-10-1-copia-12.webp?resize=350%2C200&ssl=1 1x, https:\/\/i0.wp.com\/webdelmaestrocmf.com\/portal\/wp-content\/uploads\/2026\/04\/1AA-Banner-1-portada-imagen-10-1-copia-12.webp?resize=525%2C300&ssl=1 1.5x, https:\/\/i0.wp.com\/webdelmaestrocmf.com\/portal\/wp-content\/uploads\/2026\/04\/1AA-Banner-1-portada-imagen-10-1-copia-12.webp?resize=700%2C400&ssl=1 2x, https:\/\/i0.wp.com\/webdelmaestrocmf.com\/portal\/wp-content\/uploads\/2026\/04\/1AA-Banner-1-portada-imagen-10-1-copia-12.webp?resize=1050%2C600&ssl=1 3x"},"classes":[]},{"id":114321,"url":"https:\/\/webdelmaestrocmf.com\/portal\/gregorio-luri-los-ninos-pasan-de-aprender-a-leer-a-aprender-leyendo-si-no-dominan-la-comprension-lectora-a-los-nueve-anos-eso-sera-un-lastre-en-todas-las-materias\/","url_meta":{"origin":42088,"position":5},"title":"Gregorio Luri: Los ni\u00f1os pasan de aprender a leer a aprender leyendo; si no dominan la comprensi\u00f3n lectora a los nueve a\u00f1os, eso ser\u00e1 un lastre en todas las materias","author":"Web del Maestro CMF","date":"26 diciembre, 2025","format":false,"excerpt":"La comprensi\u00f3n lectora a los nueve a\u00f1os define el \u00e9xito escolar: sin lenguaje s\u00f3lido, el aprendizaje en todas las materias queda seriamente limitado.","rel":"","context":"En \u00abEntrevistas\u00bb","block_context":{"text":"Entrevistas","link":"https:\/\/webdelmaestrocmf.com\/portal\/category\/noticias\/entrevistas\/"},"img":{"alt_text":"","src":"https:\/\/i0.wp.com\/webdelmaestrocmf.com\/portal\/wp-content\/uploads\/2025\/12\/1A-Banner-1-portada-imagen-10-1-copia-2-9.webp?resize=350%2C200&ssl=1","width":350,"height":200,"srcset":"https:\/\/i0.wp.com\/webdelmaestrocmf.com\/portal\/wp-content\/uploads\/2025\/12\/1A-Banner-1-portada-imagen-10-1-copia-2-9.webp?resize=350%2C200&ssl=1 1x, https:\/\/i0.wp.com\/webdelmaestrocmf.com\/portal\/wp-content\/uploads\/2025\/12\/1A-Banner-1-portada-imagen-10-1-copia-2-9.webp?resize=525%2C300&ssl=1 1.5x, https:\/\/i0.wp.com\/webdelmaestrocmf.com\/portal\/wp-content\/uploads\/2025\/12\/1A-Banner-1-portada-imagen-10-1-copia-2-9.webp?resize=700%2C400&ssl=1 2x"},"classes":[]}],"_links":{"self":[{"href":"https:\/\/webdelmaestrocmf.com\/portal\/wp-json\/wp\/v2\/posts\/42088","targetHints":{"allow":["GET"]}}],"collection":[{"href":"https:\/\/webdelmaestrocmf.com\/portal\/wp-json\/wp\/v2\/posts"}],"about":[{"href":"https:\/\/webdelmaestrocmf.com\/portal\/wp-json\/wp\/v2\/types\/post"}],"author":[{"embeddable":true,"href":"https:\/\/webdelmaestrocmf.com\/portal\/wp-json\/wp\/v2\/users\/1"}],"replies":[{"embeddable":true,"href":"https:\/\/webdelmaestrocmf.com\/portal\/wp-json\/wp\/v2\/comments?post=42088"}],"version-history":[{"count":0,"href":"https:\/\/webdelmaestrocmf.com\/portal\/wp-json\/wp\/v2\/posts\/42088\/revisions"}],"wp:featuredmedia":[{"embeddable":true,"href":"https:\/\/webdelmaestrocmf.com\/portal\/wp-json\/wp\/v2\/media\/102773"}],"wp:attachment":[{"href":"https:\/\/webdelmaestrocmf.com\/portal\/wp-json\/wp\/v2\/media?parent=42088"}],"wp:term":[{"taxonomy":"category","embeddable":true,"href":"https:\/\/webdelmaestrocmf.com\/portal\/wp-json\/wp\/v2\/categories?post=42088"},{"taxonomy":"post_tag","embeddable":true,"href":"https:\/\/webdelmaestrocmf.com\/portal\/wp-json\/wp\/v2\/tags?post=42088"}],"curies":[{"name":"wp","href":"https:\/\/api.w.org\/{rel}","templated":true}]}}