{"id":41909,"date":"2019-11-19T22:12:33","date_gmt":"2019-11-20T01:12:33","guid":{"rendered":"https:\/\/webdelmaestrocmf.com\/portal\/?p=41909"},"modified":"2021-06-06T23:18:37","modified_gmt":"2021-06-07T03:18:37","slug":"jose-antonio-marina-deberiamos-dar-mas-protagonismo-a-los-profesores-de-educacion-fisica-y-teatro","status":"publish","type":"post","link":"https:\/\/webdelmaestrocmf.com\/portal\/jose-antonio-marina-deberiamos-dar-mas-protagonismo-a-los-profesores-de-educacion-fisica-y-teatro\/","title":{"rendered":"Jos\u00e9 Antonio Marina: Deber\u00edamos dar m\u00e1s protagonismo a los profesores de educaci\u00f3n f\u00edsica y teatro"},"content":{"rendered":"<h5 style=\"text-align: justify;\">Elisa Sili\u00f3, redactora de El Pa\u00eds (Espa\u00f1a), Licenciada en Geograf\u00eda e Historia (especialidad en Contempor\u00e1nea), con M\u00e1ster en Periodismos, Relaciones Internacionales y Comunicaci\u00f3n, por la Universidad Aut\u00f3noma de Madrid, Universidad Complutense de Madrid y la Sorbona de Par\u00eds, entrevista al Profesor Jos\u00e9 Antonio Marina (Toledo, Espa\u00f1a, 1939), cuyos datos personales y su experiencia educativa la pueden encontrar en esta publicaci\u00f3n: <a href=\"https:\/\/webdelmaestrocmf.com\/portal\/todos-los-ninos-entran-a-primaria-con-verdadero-deseo-de-aprender-y-salen-con-verdadero-deseo-de-aprobar\/\" target=\"_blank\" rel=\"noopener noreferrer\">TODOS LOS NI\u00d1OS ENTRAN A PRIMARIA CON VERDADERO DESEO DE APRENDER Y SALEN CON VERDADERO DESEO DE APROBAR<\/a><!--more--><\/h5>\n<p style=\"text-align: justify;\">Por motivos \u00fanicamente educativos compartimos con Ustedes tres preguntas y respuestas del di\u00e1logo entre Sili\u00f3 y Marina, que esperamos les anime a leer la entrevista completa publicada por El Pa\u00eds, en el enlace que indicamos al final de este art\u00edculo.<\/p>\n<p style=\"text-align: justify;\">Para el Profesor Jos\u00e9 Antonio Marina hay que dar su lugar al conocimiento en la primera infancia, y responder a una \u201cidea destructiva\u201d que se va difundiendo: \u201c\u00bfpara qu\u00e9 lo voy a aprender si lo puedo encontrar en Internet? Como educadores debemos conocer y aprovechar <b>uno de los descubrimientos m\u00e1s sorprendentes de la neurolog\u00eda: \u201chay una segunda \u00e9poca dorada del aprendizaje<\/b>, en la que se redise\u00f1a el cerebro con un tipo nuevo de neuroplasticidad, <b>entre los 13 y los 18 a\u00f1os<\/b>..<\/p>\n<p><img decoding=\"async\" src=\"https:\/\/webdelmaestrocmf.com\/portal\/wp-content\/uploads\/2019\/10\/1-67.jpg\" \/><\/p>\n<p style=\"text-align: justify;\">Cambia la anatom\u00eda del cerebro, los grandes h\u00e1bitos se implantan mejor y <b>podemos corregir fallos educativos<\/b>\u201d. Temas que analiza en su libro, <b><i>Historia visual de la inteligencia <\/i><\/b>(Conecta), \u201cen el que con textos, mapas mentales y jerogl\u00edficos repasa la historia de la humanidad hasta la inteligencia artificial\u201d.<\/p>\n<p style=\"text-align: justify;\">Compartimos, con fines \u00fanicamente educativos, el video colgado por CESUR Empresarios del Sur de Espa\u00f1a, en YouTube, sobre \u201ccu\u00e1l es el papel de la tecnolog\u00eda en el aprendizaje a d\u00eda de hoy\u201d.<\/p>\n<h5 style=\"text-align: left;\"><b>HUMANISMO FRENTE A INTELIGENCIA ARTIFICIAL <\/b>(02\u00b459\u201d)<\/h5>\n<p><iframe loading=\"lazy\" src=\"https:\/\/www.youtube.com\/embed\/zdsbKq4LfCc\" width=\"100%\" height=\"400\" frameborder=\"0\" allowfullscreen=\"allowfullscreen\"><span data-mce-type=\"bookmark\" style=\"display: inline-block; width: 0px; overflow: hidden; line-height: 0;\" class=\"mce_SELRES_start\">\ufeff<\/span><\/iframe><\/p>\n<h5 style=\"text-align: left;\"><b>ELISA SILI\u00d3: <i>De modo que no se puede descuidar a los adolescentes.<\/i><\/b><\/h5>\n<p style=\"text-align: justify;\"><b>JOS\u00c9 A. MARINA:<\/b> \u201c<b>El ni\u00f1o tiene que aprender a organizarse en el mundo<\/b> al que ha venido y el adolescente aprender porque se va a emancipar. Siempre hacemos responsables a las hormonas de las alteraciones en la adolescencia, pero tambi\u00e9n <b>est\u00e1 cambiando la forma de funcionar el cerebro<\/b>. Hay que aprovechar esta capacidad\u201d.<\/p>\n<h5 style=\"text-align: left;\"><b>ELISA SILI\u00d3:<\/b> <b><i>Se les reprocha tener d\u00e9ficit de atenci\u00f3n, de hecho, las clases son m\u00e1s cortas (50 minutos).<\/i><\/b><\/h5>\n<p style=\"text-align: justify;\"><b>JOS\u00c9 A. MARINA:<\/b> \u201cHasta un 12% de los alumnos tienen problemas de atenci\u00f3n. Lo vimos en la Escuela de Padres. <b>El uso de m\u00f3viles est\u00e1 dificultando la atenci\u00f3n voluntaria<\/b>. Al mirarlo y volver a la tarea podemos perder hasta el 40% de la informaci\u00f3n que manej\u00e1bamos. Es una especie de hacer y deshacer. Un s\u00edndrome compulsivo, <b>si no miran la pantalla cada tres o cuatro minutos empiezan a sentir una especie de angustia<\/b>. Eso es un disparate completo. Ese traj\u00edn puede ser de 300 o 400 veces al d\u00eda. Hay mucha <b>gente que no es nativa digital<\/b> y empieza ahora por el m\u00f3vil a tener dificultades para leer un texto medianamente largo. Eso es un <b>empobrecimiento intelectual absoluto<\/b> y dram\u00e1tico\u201d.<\/p>\n<p style=\"text-align: justify;\"><b>Publicaci\u00f3n relacionada con la opini\u00f3n experimentada de Claudio Naranjo: <\/b><a href=\"https:\/\/webdelmaestrocmf.com\/portal\/los-trastornos-la-atencion-una-respuesta-sana-una-educacion-insana\/\" target=\"_blank\" rel=\"noopener noreferrer\">LOS TRASTORNOS DE LA ATENCI\u00d3N SON UNA RESPUESTA SANA A UNA EDUCACI\u00d3N INSANA<\/a><\/p>\n<h5 style=\"text-align: left;\"><b>ELISA SILI\u00d3:<\/b> <b><i>El 85% de los trabajos de 2030 no se han inventado, seg\u00fan el informe Dell Technologies. \u00bfEstamos preparados?<\/i><\/b><\/h5>\n<p style=\"text-align: justify;\"><b>JOS\u00c9 A. MARINA:<\/b> \u201cEn 2040 o 2050 no solo habr\u00e1 cambios en los trabajos, sino desembarco de sistemas potent\u00edsimos de inteligencia artificial, de <b>microimplantes neurol\u00f3gicos<\/b>, de <b>drogas de la memoria<\/b> o de avances gen\u00e9ticos, aunque estos m\u00e1s lentos. Y hay compa\u00f1\u00edas inform\u00e1ticas \u2014en especial Google\u2014 preparadas para hacerse con el talento con <b>programas educativos muy potentes<\/b>, mientras que <b>en el mundo de la educaci\u00f3n no estamos reaccionando.<\/b> Este libro aborda c\u00f3mo el mundo de la inteligencia artificial maneja muy bien la parte cognitiva pero no la parte emocional, que es la que nos lleva a tomar decisiones\u201d.<\/p>\n<p style=\"text-align: justify;\"><img loading=\"lazy\" decoding=\"async\" class=\"alignnone size-full wp-image-63779\" src=\"https:\/\/webdelmaestrocmf.com\/portal\/wp-content\/uploads\/2019\/11\/1-6.jpeg\" alt=\"\" width=\"1024\" height=\"576\" srcset=\"https:\/\/webdelmaestrocmf.com\/portal\/wp-content\/uploads\/2019\/11\/1-6.jpeg 1024w, https:\/\/webdelmaestrocmf.com\/portal\/wp-content\/uploads\/2019\/11\/1-6-300x169.jpeg 300w, https:\/\/webdelmaestrocmf.com\/portal\/wp-content\/uploads\/2019\/11\/1-6-768x432.jpeg 768w, https:\/\/webdelmaestrocmf.com\/portal\/wp-content\/uploads\/2019\/11\/1-6-110x62.jpeg 110w, https:\/\/webdelmaestrocmf.com\/portal\/wp-content\/uploads\/2019\/11\/1-6-200x113.jpeg 200w, https:\/\/webdelmaestrocmf.com\/portal\/wp-content\/uploads\/2019\/11\/1-6-380x214.jpeg 380w, https:\/\/webdelmaestrocmf.com\/portal\/wp-content\/uploads\/2019\/11\/1-6-255x143.jpeg 255w, https:\/\/webdelmaestrocmf.com\/portal\/wp-content\/uploads\/2019\/11\/1-6-550x309.jpeg 550w, https:\/\/webdelmaestrocmf.com\/portal\/wp-content\/uploads\/2019\/11\/1-6-800x450.jpeg 800w, https:\/\/webdelmaestrocmf.com\/portal\/wp-content\/uploads\/2019\/11\/1-6-220x124.jpeg 220w, https:\/\/webdelmaestrocmf.com\/portal\/wp-content\/uploads\/2019\/11\/1-6-400x225.jpeg 400w, https:\/\/webdelmaestrocmf.com\/portal\/wp-content\/uploads\/2019\/11\/1-6-760x428.jpeg 760w, https:\/\/webdelmaestrocmf.com\/portal\/wp-content\/uploads\/2019\/11\/1-6-510x287.jpeg 510w, https:\/\/webdelmaestrocmf.com\/portal\/wp-content\/uploads\/2019\/11\/1-6-600x338.jpeg 600w\" sizes=\"auto, (max-width: 1024px) 100vw, 1024px\" \/><\/p>\n<h5 style=\"text-align: left;\"><b>ELISA SILI\u00d3:<\/b> <b><i>Canarias[Espa\u00f1a] imparte la materia Educaci\u00f3n Emocional.<\/i><\/b><\/h5>\n<p style=\"text-align: justify;\"><b>JOS\u00c9 A. MARINA:<\/b> \u201cLa asignatura se queda corta. <b>No podemos decirles a los alumnos c\u00f3mo resolver los problemas que tendr\u00e1n<\/b>, pero s\u00ed proporcionarles recursos para ser r\u00e1pidos en aprender, tenaces, optimistas\u2026 <b>Tienen que saber gestionar las emociones, <\/b>sobreponerse al fracaso, disfrutar de las cosas buenas, saber elegir las metas, saber centrar la atenci\u00f3n\u2026 <b>La rapidez en el aprendizaje <\/b>es lo que nos ha definido como especie y por tanto es el n\u00facleo de lo que somos\u201d.<\/p>\n<h5 style=\"text-align: left;\"><b>ELISA SILI\u00d3:<\/b>\u00a0 <b><i>Distintos informes manifiestan que los alumnos no practican el \u201cmens sana in corpore sano\u201d. \u00bfEs grave?<\/i><\/b><\/h5>\n<p style=\"text-align: justify;\"><b>JOS\u00c9 A. MARINA:<\/b> \u201c[\u2026] la gente mayor debe ejercitarse m\u00e1s f\u00edsicamente que intelectualmente. Y, si el deporte es reglado, a los ni\u00f1os les organiza mucho la conducta y <b>es un ant\u00eddoto contra la obesidad, la droga o el alcohol<\/b>. Adem\u00e1s, deber\u00edamos dar m\u00e1s protagonismo a los profesores de Educaci\u00f3n F\u00edsica y Teatro, porque tienen un acceso \u2014sobre todo en secundaria\u2014 a los alumnos diferente. <b>Nadie en la cancha discute que el entrenador sabe<\/b> c\u00f3mo se juega y quienes son los jugadores\u201d.<\/p>\n<p style=\"text-align: justify;\">La entrevista completa, que recomendamos leer, est\u00e1 en este enlace: <a href=\"https:\/\/elpais.com\/sociedad\/2019\/10\/29\/actualidad\/1572364902_758721.html\" target=\"_blank\" rel=\"noopener noreferrer\"><b>\u201cLA TECNOLOG\u00cdA EST\u00c1 CREANDO UNA PASIVIDAD PELIGROSA\u201d<\/b><\/a><\/p>\n<p style=\"text-align: justify;\"><i>\u201cNecesitamos hacer una pedagog\u00eda de los recreos que vaya m\u00e1s all\u00e1 de la vigilancia. No conviene olvidar este asunto, porque los estudios nos dicen que es durante el recreo cuando ocurren m\u00e1s actos de violencia en la escuela\u201d.<\/i> (JAM)<\/p>\n<p style=\"text-align: right;\"><b>REDACCI\u00d3N WEB DEL MAESTRO CMF<\/b><\/p>\n\t\t<div class=\"pk-inline-posts\">\n\t\t\t\n\t\t\t<div class=\"pk-inline-posts-container pk-inline-posts-template-list\"\n\t\t\t\tdata-columns=\"1\">\n\t\t\t\t\t\t<article id=\"post-118510\" class=\"post-118510 post type-post status-publish format-standard has-post-thumbnail category-entrevistas category-noticias tag-aprendizaje tag-aula tag-docentes tag-educacion-2 tag-estudiantes tag-filosofia-2 tag-formacion-2 tag-inteligencia tag-jose-antonio-marina tag-pedagogia-2 tag-pensamiento-critico-2 cs-entry cs-video-wrap\">\n\t\t\t<div class=\"pk-post-outer\">\n\n\t\t\t\t\t\t\t\t<div class=\"pk-post-inner\">\n\t\t\t\t\t<div class=\"entry-thumbnail\">\n\t\t\t\t\t\t<div class=\"pk-overlay pk-overlay-ratio pk-ratio-landscape\">\n\t\t\t\t\t\t\t<div class=\"pk-overlay-background\">\n\t\t\t\t\t\t\t\t<a href=\"https:\/\/webdelmaestrocmf.com\/portal\/jose-antonio-marina-si-no-teneis-pensamiento-critico-o-si-no-hay-pensamiento-critico-la-manipulacion-va-a-ser-muy-sencilla\/\" class=\"pk-overlay-link\">\n\t\t\t\t\t\t\t\t\t<img loading=\"lazy\" decoding=\"async\" width=\"300\" height=\"225\" src=\"https:\/\/webdelmaestrocmf.com\/portal\/wp-content\/uploads\/2026\/04\/1AA-Banner-1-portada-imagen-10-1-copia-5-6-300x225.webp\" class=\"attachment-pk-thumbnail size-pk-thumbnail wp-post-image\" alt=\"\" \/>\t\t\t\t\t\t\t\t<\/a>\n\t\t\t\t\t\t\t<\/div>\n\t\t\t\t\t\t<\/div>\n\t\t\t\t\t<\/div>\n\t\t\t\t<\/div>\n\t\t\t\t\n\t\t\t\t<div class=\"pk-post-inner\">\n\t\t\t\t\t<header>\n\t\t\t\t\t\t<h3 class=\"pk-title\"><a href=\"https:\/\/webdelmaestrocmf.com\/portal\/jose-antonio-marina-si-no-teneis-pensamiento-critico-o-si-no-hay-pensamiento-critico-la-manipulacion-va-a-ser-muy-sencilla\/\" rel=\"bookmark\">Jos\u00e9 Antonio Marina: Si no ten\u00e9is pensamiento cr\u00edtico, o si no hay pensamiento cr\u00edtico, la manipulaci\u00f3n va a ser muy sencilla<\/a><\/h3>\t\t\t\t\t<\/header><!-- .entry-header -->\n\t\t\t\t<\/div><!-- .post-inner -->\n\n\t\t\t<\/div><!-- .post-outer -->\n\t\t<\/article>\n\t\t\t\t<\/div>\n\t\t<\/div>\n\t\t\n","protected":false},"excerpt":{"rendered":"Elisa Sili\u00f3, redactora de El Pa\u00eds (Espa\u00f1a), Licenciada en Geograf\u00eda e Historia (especialidad en Contempor\u00e1nea), con M\u00e1ster en&hellip;","protected":false},"author":1,"featured_media":41910,"comment_status":"open","ping_status":"closed","sticky":false,"template":"","format":"standard","meta":{"csco_display_header_overlay":false,"csco_singular_sidebar":"disabled","csco_page_header_type":"standard","csco_page_load_nextpost":"default","csco_post_video_location":[],"csco_post_video_location_hash":"","csco_post_video_url":"","csco_post_video_bg_start_time":0,"csco_post_video_bg_end_time":0,"csco_post_video_bg_volume":false,"_jetpack_memberships_contains_paid_content":false,"footnotes":""},"categories":[48,47],"tags":[55,576,244,62,4521,4146],"class_list":{"0":"post-41909","1":"post","2":"type-post","3":"status-publish","4":"format-standard","5":"has-post-thumbnail","7":"category-entrevistas","8":"category-noticias","9":"tag-educacion","10":"tag-fisica","11":"tag-jose-antonio-marina","12":"tag-profesores","13":"tag-protagonismo","14":"tag-teatro","15":"cs-entry","16":"cs-video-wrap"},"yoast_head":"<!-- This site is optimized with the Yoast SEO plugin v27.5 - https:\/\/yoast.com\/product\/yoast-seo-wordpress\/ -->\n<title>Jos\u00e9 Antonio Marina: Deber\u00edamos dar m\u00e1s protagonismo a los profesores de educaci\u00f3n f\u00edsica y teatro - 2026<\/title>\n<meta name=\"description\" content=\"Y, si el deporte es reglado, a los ni\u00f1os les organiza mucho la conducta y es un ant\u00eddoto contra la obesidad, la droga o el alcohol...\" \/>\n<meta name=\"robots\" content=\"index, follow, max-snippet:-1, max-image-preview:large, max-video-preview:-1\" \/>\n<link rel=\"canonical\" href=\"https:\/\/webdelmaestrocmf.com\/portal\/jose-antonio-marina-deberiamos-dar-mas-protagonismo-a-los-profesores-de-educacion-fisica-y-teatro\/\" \/>\n<meta property=\"og:locale\" content=\"es_ES\" \/>\n<meta property=\"og:type\" content=\"article\" \/>\n<meta property=\"og:title\" content=\"Jos\u00e9 Antonio Marina: Deber\u00edamos dar m\u00e1s protagonismo a los profesores de educaci\u00f3n f\u00edsica y teatro - 2026\" \/>\n<meta property=\"og:description\" content=\"Y, si el deporte es reglado, a los ni\u00f1os les organiza mucho la conducta y es un ant\u00eddoto contra la obesidad, la droga o el alcohol...\" \/>\n<meta property=\"og:url\" content=\"https:\/\/webdelmaestrocmf.com\/portal\/jose-antonio-marina-deberiamos-dar-mas-protagonismo-a-los-profesores-de-educacion-fisica-y-teatro\/\" \/>\n<meta property=\"og:site_name\" content=\"Web del Maestro CMF\" \/>\n<meta property=\"article:publisher\" content=\"https:\/\/www.facebook.com\/WebdelMaestroCMF\/\" \/>\n<meta property=\"article:author\" content=\"https:\/\/www.facebook.com\/WebdelMaestroCMF\/\" \/>\n<meta property=\"article:published_time\" content=\"2019-11-20T01:12:33+00:00\" \/>\n<meta property=\"article:modified_time\" content=\"2021-06-07T03:18:37+00:00\" \/>\n<meta property=\"og:image\" content=\"https:\/\/i0.wp.com\/webdelmaestrocmf.com\/portal\/wp-content\/uploads\/2019\/11\/1-65.jpg?fit=1100%2C680&ssl=1\" \/>\n\t<meta property=\"og:image:width\" content=\"1100\" \/>\n\t<meta property=\"og:image:height\" content=\"680\" \/>\n\t<meta property=\"og:image:type\" content=\"image\/jpeg\" \/>\n<meta name=\"author\" content=\"Web del Maestro CMF\" \/>\n<meta name=\"twitter:card\" content=\"summary_large_image\" \/>\n<meta name=\"twitter:creator\" content=\"@cmf_w\" \/>\n<meta name=\"twitter:site\" content=\"@cmf_w\" \/>\n<script type=\"application\/ld+json\" class=\"yoast-schema-graph\">{\"@context\":\"https:\\\/\\\/schema.org\",\"@graph\":[{\"@type\":\"ScholarlyArticle\",\"@id\":\"https:\\\/\\\/webdelmaestrocmf.com\\\/portal\\\/jose-antonio-marina-deberiamos-dar-mas-protagonismo-a-los-profesores-de-educacion-fisica-y-teatro\\\/#article\",\"isPartOf\":{\"@id\":\"https:\\\/\\\/webdelmaestrocmf.com\\\/portal\\\/jose-antonio-marina-deberiamos-dar-mas-protagonismo-a-los-profesores-de-educacion-fisica-y-teatro\\\/\"},\"author\":{\"name\":\"Web del Maestro CMF\",\"@id\":\"https:\\\/\\\/webdelmaestrocmf.com\\\/portal\\\/#\\\/schema\\\/person\\\/1072a2ed7bd960df8ef99a551fa35dc5\"},\"headline\":\"Jos\u00e9 Antonio Marina: Deber\u00edamos dar m\u00e1s protagonismo a los profesores de educaci\u00f3n f\u00edsica y teatro\",\"datePublished\":\"2019-11-20T01:12:33+00:00\",\"dateModified\":\"2021-06-07T03:18:37+00:00\",\"mainEntityOfPage\":{\"@id\":\"https:\\\/\\\/webdelmaestrocmf.com\\\/portal\\\/jose-antonio-marina-deberiamos-dar-mas-protagonismo-a-los-profesores-de-educacion-fisica-y-teatro\\\/\"},\"wordCount\":953,\"commentCount\":0,\"publisher\":{\"@id\":\"https:\\\/\\\/webdelmaestrocmf.com\\\/portal\\\/#organization\"},\"image\":{\"@id\":\"https:\\\/\\\/webdelmaestrocmf.com\\\/portal\\\/jose-antonio-marina-deberiamos-dar-mas-protagonismo-a-los-profesores-de-educacion-fisica-y-teatro\\\/#primaryimage\"},\"thumbnailUrl\":\"https:\\\/\\\/webdelmaestrocmf.com\\\/portal\\\/wp-content\\\/uploads\\\/2019\\\/11\\\/1-65.jpg\",\"keywords\":[\"EDUCACI\u00d3N\",\"F\u00cdSICA\",\"Jos\u00e9 Antonio Marina\",\"profesores\",\"protagonismo\",\"TEATRO\"],\"articleSection\":[\"Entrevistas\",\"Noticias\"],\"inLanguage\":\"es\",\"potentialAction\":[{\"@type\":\"CommentAction\",\"name\":\"Comment\",\"target\":[\"https:\\\/\\\/webdelmaestrocmf.com\\\/portal\\\/jose-antonio-marina-deberiamos-dar-mas-protagonismo-a-los-profesores-de-educacion-fisica-y-teatro\\\/#respond\"]}]},{\"@type\":\"WebPage\",\"@id\":\"https:\\\/\\\/webdelmaestrocmf.com\\\/portal\\\/jose-antonio-marina-deberiamos-dar-mas-protagonismo-a-los-profesores-de-educacion-fisica-y-teatro\\\/\",\"url\":\"https:\\\/\\\/webdelmaestrocmf.com\\\/portal\\\/jose-antonio-marina-deberiamos-dar-mas-protagonismo-a-los-profesores-de-educacion-fisica-y-teatro\\\/\",\"name\":\"Jos\u00e9 Antonio Marina: Deber\u00edamos dar m\u00e1s protagonismo a los profesores de educaci\u00f3n f\u00edsica y teatro - 2026\",\"isPartOf\":{\"@id\":\"https:\\\/\\\/webdelmaestrocmf.com\\\/portal\\\/#website\"},\"primaryImageOfPage\":{\"@id\":\"https:\\\/\\\/webdelmaestrocmf.com\\\/portal\\\/jose-antonio-marina-deberiamos-dar-mas-protagonismo-a-los-profesores-de-educacion-fisica-y-teatro\\\/#primaryimage\"},\"image\":{\"@id\":\"https:\\\/\\\/webdelmaestrocmf.com\\\/portal\\\/jose-antonio-marina-deberiamos-dar-mas-protagonismo-a-los-profesores-de-educacion-fisica-y-teatro\\\/#primaryimage\"},\"thumbnailUrl\":\"https:\\\/\\\/webdelmaestrocmf.com\\\/portal\\\/wp-content\\\/uploads\\\/2019\\\/11\\\/1-65.jpg\",\"datePublished\":\"2019-11-20T01:12:33+00:00\",\"dateModified\":\"2021-06-07T03:18:37+00:00\",\"description\":\"Y, si el deporte es reglado, a los ni\u00f1os les organiza mucho la conducta y es un ant\u00eddoto contra la obesidad, la droga o el alcohol...\",\"breadcrumb\":{\"@id\":\"https:\\\/\\\/webdelmaestrocmf.com\\\/portal\\\/jose-antonio-marina-deberiamos-dar-mas-protagonismo-a-los-profesores-de-educacion-fisica-y-teatro\\\/#breadcrumb\"},\"inLanguage\":\"es\",\"potentialAction\":[{\"@type\":\"ReadAction\",\"target\":[\"https:\\\/\\\/webdelmaestrocmf.com\\\/portal\\\/jose-antonio-marina-deberiamos-dar-mas-protagonismo-a-los-profesores-de-educacion-fisica-y-teatro\\\/\"]}]},{\"@type\":\"ImageObject\",\"inLanguage\":\"es\",\"@id\":\"https:\\\/\\\/webdelmaestrocmf.com\\\/portal\\\/jose-antonio-marina-deberiamos-dar-mas-protagonismo-a-los-profesores-de-educacion-fisica-y-teatro\\\/#primaryimage\",\"url\":\"https:\\\/\\\/webdelmaestrocmf.com\\\/portal\\\/wp-content\\\/uploads\\\/2019\\\/11\\\/1-65.jpg\",\"contentUrl\":\"https:\\\/\\\/webdelmaestrocmf.com\\\/portal\\\/wp-content\\\/uploads\\\/2019\\\/11\\\/1-65.jpg\",\"width\":1100,\"height\":680},{\"@type\":\"BreadcrumbList\",\"@id\":\"https:\\\/\\\/webdelmaestrocmf.com\\\/portal\\\/jose-antonio-marina-deberiamos-dar-mas-protagonismo-a-los-profesores-de-educacion-fisica-y-teatro\\\/#breadcrumb\",\"itemListElement\":[{\"@type\":\"ListItem\",\"position\":1,\"name\":\"Portada\",\"item\":\"https:\\\/\\\/webdelmaestrocmf.com\\\/portal\\\/\"},{\"@type\":\"ListItem\",\"position\":2,\"name\":\"Noticias\",\"item\":\"https:\\\/\\\/webdelmaestrocmf.com\\\/portal\\\/category\\\/noticias\\\/\"},{\"@type\":\"ListItem\",\"position\":3,\"name\":\"Jos\u00e9 Antonio Marina: Deber\u00edamos dar m\u00e1s protagonismo a los profesores de educaci\u00f3n f\u00edsica y teatro\"}]},{\"@type\":\"WebSite\",\"@id\":\"https:\\\/\\\/webdelmaestrocmf.com\\\/portal\\\/#website\",\"url\":\"https:\\\/\\\/webdelmaestrocmf.com\\\/portal\\\/\",\"name\":\"Web del Maestro CMF\",\"description\":\"Maestros al servicio de la educaci\u00f3n\",\"publisher\":{\"@id\":\"https:\\\/\\\/webdelmaestrocmf.com\\\/portal\\\/#organization\"},\"alternateName\":\"WMCMF\",\"potentialAction\":[{\"@type\":\"SearchAction\",\"target\":{\"@type\":\"EntryPoint\",\"urlTemplate\":\"https:\\\/\\\/webdelmaestrocmf.com\\\/portal\\\/?s={search_term_string}\"},\"query-input\":{\"@type\":\"PropertyValueSpecification\",\"valueRequired\":true,\"valueName\":\"search_term_string\"}}],\"inLanguage\":\"es\"},{\"@type\":\"Organization\",\"@id\":\"https:\\\/\\\/webdelmaestrocmf.com\\\/portal\\\/#organization\",\"name\":\"Web del Maestro CMF\",\"alternateName\":\"WMCMF\",\"url\":\"https:\\\/\\\/webdelmaestrocmf.com\\\/portal\\\/\",\"logo\":{\"@type\":\"ImageObject\",\"inLanguage\":\"es\",\"@id\":\"https:\\\/\\\/webdelmaestrocmf.com\\\/portal\\\/#\\\/schema\\\/logo\\\/image\\\/\",\"url\":\"https:\\\/\\\/webdelmaestrocmf.com\\\/portal\\\/wp-content\\\/uploads\\\/2023\\\/01\\\/logo-wmcmf-2.png\",\"contentUrl\":\"https:\\\/\\\/webdelmaestrocmf.com\\\/portal\\\/wp-content\\\/uploads\\\/2023\\\/01\\\/logo-wmcmf-2.png\",\"width\":200,\"height\":60,\"caption\":\"Web del Maestro CMF\"},\"image\":{\"@id\":\"https:\\\/\\\/webdelmaestrocmf.com\\\/portal\\\/#\\\/schema\\\/logo\\\/image\\\/\"},\"sameAs\":[\"https:\\\/\\\/www.facebook.com\\\/WebdelMaestroCMF\\\/\",\"https:\\\/\\\/x.com\\\/cmf_w\",\"https:\\\/\\\/www.pinterest.com\\\/WMCMF\\\/\",\"https:\\\/\\\/www.linkedin.com\\\/company\\\/web-del-maestro-cmf\\\/\",\"https:\\\/\\\/www.instagram.com\\\/wmcmf\\\/\",\"https:\\\/\\\/www.youtube.com\\\/channel\\\/UCDPSvjbdodE5sHnC3OxutHw\",\"https:\\\/\\\/mastodon.social\\\/@wmcmf\",\"https:\\\/\\\/www.tiktok.com\\\/@webdelmaestrocmf\"]},{\"@type\":\"Person\",\"@id\":\"https:\\\/\\\/webdelmaestrocmf.com\\\/portal\\\/#\\\/schema\\\/person\\\/1072a2ed7bd960df8ef99a551fa35dc5\",\"name\":\"Web del Maestro CMF\",\"image\":{\"@type\":\"ImageObject\",\"inLanguage\":\"es\",\"@id\":\"https:\\\/\\\/secure.gravatar.com\\\/avatar\\\/23291dd5b5ae1077dcff3dbb04c3e02bd28403fa75af6d8787d5e97c5bbbe30b?s=96&d=mm&r=g\",\"url\":\"https:\\\/\\\/secure.gravatar.com\\\/avatar\\\/23291dd5b5ae1077dcff3dbb04c3e02bd28403fa75af6d8787d5e97c5bbbe30b?s=96&d=mm&r=g\",\"contentUrl\":\"https:\\\/\\\/secure.gravatar.com\\\/avatar\\\/23291dd5b5ae1077dcff3dbb04c3e02bd28403fa75af6d8787d5e97c5bbbe30b?s=96&d=mm&r=g\",\"caption\":\"Web del Maestro CMF\"},\"description\":\"Esta Web se cre\u00f3 sin fines de lucro, con fines educativos, cient\u00edficos y acad\u00e9micos, para personas que tengan dificultades y\\\/o inconvenientes en visualizar el material original. El objetivo es entregar recursos, compartir experiencias y materiales que ayuden a los padres de familia, maestros y estudiantes en su actualizaci\u00f3n y formaci\u00f3n permanente, en bien de la Educaci\u00f3n.\",\"sameAs\":[\"http:\\\/\\\/webdelmaestrocmf.com\\\/portal\",\"https:\\\/\\\/www.facebook.com\\\/WebdelMaestroCMF\\\/\",\"https:\\\/\\\/www.instagram.com\\\/wmcmf\\\/\",\"https:\\\/\\\/cl.linkedin.com\\\/company\\\/web-del-maestro-cmf\",\"https:\\\/\\\/www.pinterest.com\\\/WMCMF\\\/publicaciones\\\/\",\"https:\\\/\\\/x.com\\\/cmf_w\",\"https:\\\/\\\/www.youtube.com\\\/@WMCMF\"]}]}<\/script>\n<!-- \/ Yoast SEO plugin. -->","yoast_head_json":{"title":"Jos\u00e9 Antonio Marina: Deber\u00edamos dar m\u00e1s protagonismo a los profesores de educaci\u00f3n f\u00edsica y teatro - 2026","description":"Y, si el deporte es reglado, a los ni\u00f1os les organiza mucho la conducta y es un ant\u00eddoto contra la obesidad, la droga o el alcohol...","robots":{"index":"index","follow":"follow","max-snippet":"max-snippet:-1","max-image-preview":"max-image-preview:large","max-video-preview":"max-video-preview:-1"},"canonical":"https:\/\/webdelmaestrocmf.com\/portal\/jose-antonio-marina-deberiamos-dar-mas-protagonismo-a-los-profesores-de-educacion-fisica-y-teatro\/","og_locale":"es_ES","og_type":"article","og_title":"Jos\u00e9 Antonio Marina: Deber\u00edamos dar m\u00e1s protagonismo a los profesores de educaci\u00f3n f\u00edsica y teatro - 2026","og_description":"Y, si el deporte es reglado, a los ni\u00f1os les organiza mucho la conducta y es un ant\u00eddoto contra la obesidad, la droga o el alcohol...","og_url":"https:\/\/webdelmaestrocmf.com\/portal\/jose-antonio-marina-deberiamos-dar-mas-protagonismo-a-los-profesores-de-educacion-fisica-y-teatro\/","og_site_name":"Web del Maestro CMF","article_publisher":"https:\/\/www.facebook.com\/WebdelMaestroCMF\/","article_author":"https:\/\/www.facebook.com\/WebdelMaestroCMF\/","article_published_time":"2019-11-20T01:12:33+00:00","article_modified_time":"2021-06-07T03:18:37+00:00","og_image":[{"width":1100,"height":680,"url":"https:\/\/i0.wp.com\/webdelmaestrocmf.com\/portal\/wp-content\/uploads\/2019\/11\/1-65.jpg?fit=1100%2C680&ssl=1","type":"image\/jpeg"}],"author":"Web del Maestro CMF","twitter_card":"summary_large_image","twitter_creator":"@cmf_w","twitter_site":"@cmf_w","schema":{"@context":"https:\/\/schema.org","@graph":[{"@type":"ScholarlyArticle","@id":"https:\/\/webdelmaestrocmf.com\/portal\/jose-antonio-marina-deberiamos-dar-mas-protagonismo-a-los-profesores-de-educacion-fisica-y-teatro\/#article","isPartOf":{"@id":"https:\/\/webdelmaestrocmf.com\/portal\/jose-antonio-marina-deberiamos-dar-mas-protagonismo-a-los-profesores-de-educacion-fisica-y-teatro\/"},"author":{"name":"Web del Maestro CMF","@id":"https:\/\/webdelmaestrocmf.com\/portal\/#\/schema\/person\/1072a2ed7bd960df8ef99a551fa35dc5"},"headline":"Jos\u00e9 Antonio Marina: Deber\u00edamos dar m\u00e1s protagonismo a los profesores de educaci\u00f3n f\u00edsica y teatro","datePublished":"2019-11-20T01:12:33+00:00","dateModified":"2021-06-07T03:18:37+00:00","mainEntityOfPage":{"@id":"https:\/\/webdelmaestrocmf.com\/portal\/jose-antonio-marina-deberiamos-dar-mas-protagonismo-a-los-profesores-de-educacion-fisica-y-teatro\/"},"wordCount":953,"commentCount":0,"publisher":{"@id":"https:\/\/webdelmaestrocmf.com\/portal\/#organization"},"image":{"@id":"https:\/\/webdelmaestrocmf.com\/portal\/jose-antonio-marina-deberiamos-dar-mas-protagonismo-a-los-profesores-de-educacion-fisica-y-teatro\/#primaryimage"},"thumbnailUrl":"https:\/\/webdelmaestrocmf.com\/portal\/wp-content\/uploads\/2019\/11\/1-65.jpg","keywords":["EDUCACI\u00d3N","F\u00cdSICA","Jos\u00e9 Antonio Marina","profesores","protagonismo","TEATRO"],"articleSection":["Entrevistas","Noticias"],"inLanguage":"es","potentialAction":[{"@type":"CommentAction","name":"Comment","target":["https:\/\/webdelmaestrocmf.com\/portal\/jose-antonio-marina-deberiamos-dar-mas-protagonismo-a-los-profesores-de-educacion-fisica-y-teatro\/#respond"]}]},{"@type":"WebPage","@id":"https:\/\/webdelmaestrocmf.com\/portal\/jose-antonio-marina-deberiamos-dar-mas-protagonismo-a-los-profesores-de-educacion-fisica-y-teatro\/","url":"https:\/\/webdelmaestrocmf.com\/portal\/jose-antonio-marina-deberiamos-dar-mas-protagonismo-a-los-profesores-de-educacion-fisica-y-teatro\/","name":"Jos\u00e9 Antonio Marina: Deber\u00edamos dar m\u00e1s protagonismo a los profesores de educaci\u00f3n f\u00edsica y teatro - 2026","isPartOf":{"@id":"https:\/\/webdelmaestrocmf.com\/portal\/#website"},"primaryImageOfPage":{"@id":"https:\/\/webdelmaestrocmf.com\/portal\/jose-antonio-marina-deberiamos-dar-mas-protagonismo-a-los-profesores-de-educacion-fisica-y-teatro\/#primaryimage"},"image":{"@id":"https:\/\/webdelmaestrocmf.com\/portal\/jose-antonio-marina-deberiamos-dar-mas-protagonismo-a-los-profesores-de-educacion-fisica-y-teatro\/#primaryimage"},"thumbnailUrl":"https:\/\/webdelmaestrocmf.com\/portal\/wp-content\/uploads\/2019\/11\/1-65.jpg","datePublished":"2019-11-20T01:12:33+00:00","dateModified":"2021-06-07T03:18:37+00:00","description":"Y, si el deporte es reglado, a los ni\u00f1os les organiza mucho la conducta y es un ant\u00eddoto contra la obesidad, la droga o el alcohol...","breadcrumb":{"@id":"https:\/\/webdelmaestrocmf.com\/portal\/jose-antonio-marina-deberiamos-dar-mas-protagonismo-a-los-profesores-de-educacion-fisica-y-teatro\/#breadcrumb"},"inLanguage":"es","potentialAction":[{"@type":"ReadAction","target":["https:\/\/webdelmaestrocmf.com\/portal\/jose-antonio-marina-deberiamos-dar-mas-protagonismo-a-los-profesores-de-educacion-fisica-y-teatro\/"]}]},{"@type":"ImageObject","inLanguage":"es","@id":"https:\/\/webdelmaestrocmf.com\/portal\/jose-antonio-marina-deberiamos-dar-mas-protagonismo-a-los-profesores-de-educacion-fisica-y-teatro\/#primaryimage","url":"https:\/\/webdelmaestrocmf.com\/portal\/wp-content\/uploads\/2019\/11\/1-65.jpg","contentUrl":"https:\/\/webdelmaestrocmf.com\/portal\/wp-content\/uploads\/2019\/11\/1-65.jpg","width":1100,"height":680},{"@type":"BreadcrumbList","@id":"https:\/\/webdelmaestrocmf.com\/portal\/jose-antonio-marina-deberiamos-dar-mas-protagonismo-a-los-profesores-de-educacion-fisica-y-teatro\/#breadcrumb","itemListElement":[{"@type":"ListItem","position":1,"name":"Portada","item":"https:\/\/webdelmaestrocmf.com\/portal\/"},{"@type":"ListItem","position":2,"name":"Noticias","item":"https:\/\/webdelmaestrocmf.com\/portal\/category\/noticias\/"},{"@type":"ListItem","position":3,"name":"Jos\u00e9 Antonio Marina: Deber\u00edamos dar m\u00e1s protagonismo a los profesores de educaci\u00f3n f\u00edsica y teatro"}]},{"@type":"WebSite","@id":"https:\/\/webdelmaestrocmf.com\/portal\/#website","url":"https:\/\/webdelmaestrocmf.com\/portal\/","name":"Web del Maestro CMF","description":"Maestros al servicio de la educaci\u00f3n","publisher":{"@id":"https:\/\/webdelmaestrocmf.com\/portal\/#organization"},"alternateName":"WMCMF","potentialAction":[{"@type":"SearchAction","target":{"@type":"EntryPoint","urlTemplate":"https:\/\/webdelmaestrocmf.com\/portal\/?s={search_term_string}"},"query-input":{"@type":"PropertyValueSpecification","valueRequired":true,"valueName":"search_term_string"}}],"inLanguage":"es"},{"@type":"Organization","@id":"https:\/\/webdelmaestrocmf.com\/portal\/#organization","name":"Web del Maestro CMF","alternateName":"WMCMF","url":"https:\/\/webdelmaestrocmf.com\/portal\/","logo":{"@type":"ImageObject","inLanguage":"es","@id":"https:\/\/webdelmaestrocmf.com\/portal\/#\/schema\/logo\/image\/","url":"https:\/\/webdelmaestrocmf.com\/portal\/wp-content\/uploads\/2023\/01\/logo-wmcmf-2.png","contentUrl":"https:\/\/webdelmaestrocmf.com\/portal\/wp-content\/uploads\/2023\/01\/logo-wmcmf-2.png","width":200,"height":60,"caption":"Web del Maestro CMF"},"image":{"@id":"https:\/\/webdelmaestrocmf.com\/portal\/#\/schema\/logo\/image\/"},"sameAs":["https:\/\/www.facebook.com\/WebdelMaestroCMF\/","https:\/\/x.com\/cmf_w","https:\/\/www.pinterest.com\/WMCMF\/","https:\/\/www.linkedin.com\/company\/web-del-maestro-cmf\/","https:\/\/www.instagram.com\/wmcmf\/","https:\/\/www.youtube.com\/channel\/UCDPSvjbdodE5sHnC3OxutHw","https:\/\/mastodon.social\/@wmcmf","https:\/\/www.tiktok.com\/@webdelmaestrocmf"]},{"@type":"Person","@id":"https:\/\/webdelmaestrocmf.com\/portal\/#\/schema\/person\/1072a2ed7bd960df8ef99a551fa35dc5","name":"Web del Maestro CMF","image":{"@type":"ImageObject","inLanguage":"es","@id":"https:\/\/secure.gravatar.com\/avatar\/23291dd5b5ae1077dcff3dbb04c3e02bd28403fa75af6d8787d5e97c5bbbe30b?s=96&d=mm&r=g","url":"https:\/\/secure.gravatar.com\/avatar\/23291dd5b5ae1077dcff3dbb04c3e02bd28403fa75af6d8787d5e97c5bbbe30b?s=96&d=mm&r=g","contentUrl":"https:\/\/secure.gravatar.com\/avatar\/23291dd5b5ae1077dcff3dbb04c3e02bd28403fa75af6d8787d5e97c5bbbe30b?s=96&d=mm&r=g","caption":"Web del Maestro CMF"},"description":"Esta Web se cre\u00f3 sin fines de lucro, con fines educativos, cient\u00edficos y acad\u00e9micos, para personas que tengan dificultades y\/o inconvenientes en visualizar el material original. El objetivo es entregar recursos, compartir experiencias y materiales que ayuden a los padres de familia, maestros y estudiantes en su actualizaci\u00f3n y formaci\u00f3n permanente, en bien de la Educaci\u00f3n.","sameAs":["http:\/\/webdelmaestrocmf.com\/portal","https:\/\/www.facebook.com\/WebdelMaestroCMF\/","https:\/\/www.instagram.com\/wmcmf\/","https:\/\/cl.linkedin.com\/company\/web-del-maestro-cmf","https:\/\/www.pinterest.com\/WMCMF\/publicaciones\/","https:\/\/x.com\/cmf_w","https:\/\/www.youtube.com\/@WMCMF"]}]}},"jetpack_featured_media_url":"https:\/\/webdelmaestrocmf.com\/portal\/wp-content\/uploads\/2019\/11\/1-65.jpg","jetpack_sharing_enabled":true,"jetpack-related-posts":[{"id":96305,"url":"https:\/\/webdelmaestrocmf.com\/portal\/jose-antonio-marina-el-buen-maestro-no-puede-cobrar-lo-mismo-que-el-malo\/","url_meta":{"origin":41909,"position":0},"title":"Jos\u00e9 Antonio Marina: El buen maestro no puede cobrar lo mismo que el malo","author":"Web del Maestro CMF","date":"30 septiembre, 2023","format":false,"excerpt":"un sistema educativo justo debe reconocer el m\u00e9rito, la calidad profesional y el impacto real que cada docente tiene en el aprendizaje de sus estudiantes.","rel":"","context":"En \u00abEntrevistas\u00bb","block_context":{"text":"Entrevistas","link":"https:\/\/webdelmaestrocmf.com\/portal\/category\/noticias\/entrevistas\/"},"img":{"alt_text":"Jos\u00e9 Antonio Marina","src":"https:\/\/i0.wp.com\/webdelmaestrocmf.com\/portal\/wp-content\/uploads\/2023\/09\/A12B3C4D-55.jpg?resize=350%2C200&ssl=1","width":350,"height":200,"srcset":"https:\/\/i0.wp.com\/webdelmaestrocmf.com\/portal\/wp-content\/uploads\/2023\/09\/A12B3C4D-55.jpg?resize=350%2C200&ssl=1 1x, https:\/\/i0.wp.com\/webdelmaestrocmf.com\/portal\/wp-content\/uploads\/2023\/09\/A12B3C4D-55.jpg?resize=525%2C300&ssl=1 1.5x, https:\/\/i0.wp.com\/webdelmaestrocmf.com\/portal\/wp-content\/uploads\/2023\/09\/A12B3C4D-55.jpg?resize=700%2C400&ssl=1 2x"},"classes":[]},{"id":50216,"url":"https:\/\/webdelmaestrocmf.com\/portal\/francisco-mora-el-maestro-es-insustituible-tu-no-puedes-educar-a-un-nino-con-una-pantalla-es-imposible\/","url_meta":{"origin":41909,"position":1},"title":"Francisco Mora: El maestro es insustituible. T\u00fa no puedes educar a un ni\u00f1o con una pantalla. Es imposible.","author":"Web del Maestro CMF","date":"19 agosto, 2020","format":false,"excerpt":"El profesor Francisco Mora Teruel se licenci\u00f3 y doctor\u00f3 en Medicina en la Universidad de Granada (Espa\u00f1a), y se doctor\u00f3 en Neurociencias en la Universidad de Oxford (Reino Unido). Es catedr\u00e1tico de Fisiolog\u00eda en la Universidad Complutense de Madrid y profesor adscrito de Fisiolog\u00eda Molecular y Biof\u00edsica en la Universidad\u2026","rel":"","context":"En \u00abEntrevistas\u00bb","block_context":{"text":"Entrevistas","link":"https:\/\/webdelmaestrocmf.com\/portal\/category\/noticias\/entrevistas\/"},"img":{"alt_text":"","src":"https:\/\/i0.wp.com\/webdelmaestrocmf.com\/portal\/wp-content\/uploads\/2020\/08\/Banner-1-portada-imagen-10-1-2.jpg?resize=350%2C200&ssl=1","width":350,"height":200,"srcset":"https:\/\/i0.wp.com\/webdelmaestrocmf.com\/portal\/wp-content\/uploads\/2020\/08\/Banner-1-portada-imagen-10-1-2.jpg?resize=350%2C200&ssl=1 1x, https:\/\/i0.wp.com\/webdelmaestrocmf.com\/portal\/wp-content\/uploads\/2020\/08\/Banner-1-portada-imagen-10-1-2.jpg?resize=525%2C300&ssl=1 1.5x, https:\/\/i0.wp.com\/webdelmaestrocmf.com\/portal\/wp-content\/uploads\/2020\/08\/Banner-1-portada-imagen-10-1-2.jpg?resize=700%2C400&ssl=1 2x"},"classes":[]},{"id":22330,"url":"https:\/\/webdelmaestrocmf.com\/portal\/todos-los-ninos-entran-a-primaria-con-verdadero-deseo-de-aprender-y-salen-con-verdadero-deseo-de-aprobar\/","url_meta":{"origin":41909,"position":2},"title":"TODOS LOS NI\u00d1OS ENTRAN A PRIMARIA CON VERDADERO DESEO DE APRENDER Y SALEN CON VERDADERO DESEO DE APROBAR","author":"Web del Maestro CMF","date":"20 septiembre, 2017","format":false,"excerpt":"Jos\u00e9 Antonio Marina es catedr\u00e1tico excedente de filosof\u00eda en el instituto madrile\u00f1o de La Cabrera,\u00a0Doctor Honoris Causa\u00a0por la\u00a0Universidad Polit\u00e9cnica de Valencia, adem\u00e1s de conferenciante y floricultor. Estudi\u00f3 filosof\u00eda en la\u00a0Universidad Complutense de Madrid. Su labor investigadora se ha centrado en el estudio de la\u00a0inteligencia\u00a0y en especial de los mecanismos de\u2026","rel":"","context":"En \u00abSin categor\u00eda\u00bb","block_context":{"text":"Sin categor\u00eda","link":"https:\/\/webdelmaestrocmf.com\/portal\/category\/sin-categoria-es\/"},"img":{"alt_text":"","src":"https:\/\/i0.wp.com\/webdelmaestrocmf.com\/portal\/wp-content\/uploads\/2017\/09\/Jos%C3%A9-Marina.jpg?resize=350%2C200&ssl=1","width":350,"height":200,"srcset":"https:\/\/i0.wp.com\/webdelmaestrocmf.com\/portal\/wp-content\/uploads\/2017\/09\/Jos%C3%A9-Marina.jpg?resize=350%2C200&ssl=1 1x, https:\/\/i0.wp.com\/webdelmaestrocmf.com\/portal\/wp-content\/uploads\/2017\/09\/Jos%C3%A9-Marina.jpg?resize=525%2C300&ssl=1 1.5x, https:\/\/i0.wp.com\/webdelmaestrocmf.com\/portal\/wp-content\/uploads\/2017\/09\/Jos%C3%A9-Marina.jpg?resize=700%2C400&ssl=1 2x"},"classes":[]},{"id":34568,"url":"https:\/\/webdelmaestrocmf.com\/portal\/cuantos-menos-politicos-se-impliquen-en-temas-educativos-mayor-la-oportunidad-de-que-participen-alumnos-padres-y-profesores\/","url_meta":{"origin":41909,"position":3},"title":"Andreas Schleicher: Cuantos menos pol\u00edticos se impliquen en temas educativos, mayor la oportunidad de que participen alumnos, padres y profesores","author":"Web del Maestro CMF","date":"6 diciembre, 2019","format":false,"excerpt":"El estad\u00edstico e investigador alem\u00e1n en el \u00e1rea de la educaci\u00f3n. Andreas Schleicher (Hamburgo, Alemania, 1964), estudi\u00f3 F\u00edsica en Hamburgo, matem\u00e1ticas en la Universidad de Deakin en Australia, donde se gradu\u00f3 con una Maestr\u00eda en Ciencias (1992). Actualmente es director de Educaci\u00f3n de la Organizaci\u00f3n para la Cooperaci\u00f3n y el\u2026","rel":"","context":"En \u00abEntrevistas\u00bb","block_context":{"text":"Entrevistas","link":"https:\/\/webdelmaestrocmf.com\/portal\/category\/noticias\/entrevistas\/"},"img":{"alt_text":"","src":"https:\/\/i0.wp.com\/webdelmaestrocmf.com\/portal\/wp-content\/uploads\/2019\/01\/2-18.jpg?resize=350%2C200&ssl=1","width":350,"height":200,"srcset":"https:\/\/i0.wp.com\/webdelmaestrocmf.com\/portal\/wp-content\/uploads\/2019\/01\/2-18.jpg?resize=350%2C200&ssl=1 1x, https:\/\/i0.wp.com\/webdelmaestrocmf.com\/portal\/wp-content\/uploads\/2019\/01\/2-18.jpg?resize=525%2C300&ssl=1 1.5x, https:\/\/i0.wp.com\/webdelmaestrocmf.com\/portal\/wp-content\/uploads\/2019\/01\/2-18.jpg?resize=700%2C400&ssl=1 2x, https:\/\/i0.wp.com\/webdelmaestrocmf.com\/portal\/wp-content\/uploads\/2019\/01\/2-18.jpg?resize=1050%2C600&ssl=1 3x"},"classes":[]},{"id":46520,"url":"https:\/\/webdelmaestrocmf.com\/portal\/jose-antonio-marina-este-ano-academico-tiene-que-ser-peculiar-flexible-un-ejemplo-del-adaptative-learning\/","url_meta":{"origin":41909,"position":4},"title":"Jos\u00e9 Antonio Marina: Este a\u00f1o acad\u00e9mico tiene que ser peculiar, flexible, un ejemplo del \u00abadaptative learning\u00bb","author":"Web del Maestro CMF","date":"7 julio, 2020","format":false,"excerpt":"Responder al desaf\u00edo para que los estudiantes sigan estudiando con una planificaci\u00f3n acad\u00e9mica aprobado al inicio del a\u00f1o escolar y los profesores desarrollen su rol de ense\u00f1ar a aprender, con las escuelas cerradas, es una realidad que hasta hace poco ni se examinaba, ni se ten\u00eda como posible. La comunidad\u2026","rel":"","context":"En \u00abEntrevistas\u00bb","block_context":{"text":"Entrevistas","link":"https:\/\/webdelmaestrocmf.com\/portal\/category\/noticias\/entrevistas\/"},"img":{"alt_text":"","src":"https:\/\/i0.wp.com\/webdelmaestrocmf.com\/portal\/wp-content\/uploads\/2020\/04\/2-16.jpg?resize=350%2C200&ssl=1","width":350,"height":200,"srcset":"https:\/\/i0.wp.com\/webdelmaestrocmf.com\/portal\/wp-content\/uploads\/2020\/04\/2-16.jpg?resize=350%2C200&ssl=1 1x, https:\/\/i0.wp.com\/webdelmaestrocmf.com\/portal\/wp-content\/uploads\/2020\/04\/2-16.jpg?resize=525%2C300&ssl=1 1.5x, https:\/\/i0.wp.com\/webdelmaestrocmf.com\/portal\/wp-content\/uploads\/2020\/04\/2-16.jpg?resize=700%2C400&ssl=1 2x, https:\/\/i0.wp.com\/webdelmaestrocmf.com\/portal\/wp-content\/uploads\/2020\/04\/2-16.jpg?resize=1050%2C600&ssl=1 3x"},"classes":[]},{"id":23993,"url":"https:\/\/webdelmaestrocmf.com\/portal\/la-evaluacion-trascendental-pisa-se-ha-puesto-moda-no-nos-dice-nada-los-metodos\/","url_meta":{"origin":41909,"position":5},"title":"Jos\u00e9 Antonio Marina: La evaluaci\u00f3n es trascendental. Pisa se ha puesto de moda, pero no nos dice nada sobre los m\u00e9todos","author":"Web del Maestro CMF","date":"1 diciembre, 2017","format":false,"excerpt":"Jos\u00e9 Antonio Marina naci\u00f3 en Toledo en 1939. Fil\u00f3sofo y escritor polifac\u00e9tico, ha conseguido hacer compatible sus investigaciones sobre la inteligencia con su labor como profesor de Filosof\u00eda y sus estudios relacionados con la fenomenolog\u00eda, la psicolog\u00eda gen\u00e9tica, la neurolog\u00eda y la ling\u00fc\u00edstica, trabajos que le han ocupado los veinticinco\u2026","rel":"","context":"En \u00abSin categor\u00eda\u00bb","block_context":{"text":"Sin categor\u00eda","link":"https:\/\/webdelmaestrocmf.com\/portal\/category\/sin-categoria-es\/"},"img":{"alt_text":"","src":"https:\/\/i0.wp.com\/webdelmaestrocmf.com\/portal\/wp-content\/uploads\/2017\/12\/jose_antonio-marina.jpg?resize=350%2C200&ssl=1","width":350,"height":200,"srcset":"https:\/\/i0.wp.com\/webdelmaestrocmf.com\/portal\/wp-content\/uploads\/2017\/12\/jose_antonio-marina.jpg?resize=350%2C200&ssl=1 1x, https:\/\/i0.wp.com\/webdelmaestrocmf.com\/portal\/wp-content\/uploads\/2017\/12\/jose_antonio-marina.jpg?resize=525%2C300&ssl=1 1.5x, https:\/\/i0.wp.com\/webdelmaestrocmf.com\/portal\/wp-content\/uploads\/2017\/12\/jose_antonio-marina.jpg?resize=700%2C400&ssl=1 2x"},"classes":[]}],"_links":{"self":[{"href":"https:\/\/webdelmaestrocmf.com\/portal\/wp-json\/wp\/v2\/posts\/41909","targetHints":{"allow":["GET"]}}],"collection":[{"href":"https:\/\/webdelmaestrocmf.com\/portal\/wp-json\/wp\/v2\/posts"}],"about":[{"href":"https:\/\/webdelmaestrocmf.com\/portal\/wp-json\/wp\/v2\/types\/post"}],"author":[{"embeddable":true,"href":"https:\/\/webdelmaestrocmf.com\/portal\/wp-json\/wp\/v2\/users\/1"}],"replies":[{"embeddable":true,"href":"https:\/\/webdelmaestrocmf.com\/portal\/wp-json\/wp\/v2\/comments?post=41909"}],"version-history":[{"count":0,"href":"https:\/\/webdelmaestrocmf.com\/portal\/wp-json\/wp\/v2\/posts\/41909\/revisions"}],"wp:featuredmedia":[{"embeddable":true,"href":"https:\/\/webdelmaestrocmf.com\/portal\/wp-json\/wp\/v2\/media\/41910"}],"wp:attachment":[{"href":"https:\/\/webdelmaestrocmf.com\/portal\/wp-json\/wp\/v2\/media?parent=41909"}],"wp:term":[{"taxonomy":"category","embeddable":true,"href":"https:\/\/webdelmaestrocmf.com\/portal\/wp-json\/wp\/v2\/categories?post=41909"},{"taxonomy":"post_tag","embeddable":true,"href":"https:\/\/webdelmaestrocmf.com\/portal\/wp-json\/wp\/v2\/tags?post=41909"}],"curies":[{"name":"wp","href":"https:\/\/api.w.org\/{rel}","templated":true}]}}