{"id":41767,"date":"2023-11-11T21:35:34","date_gmt":"2023-11-12T00:35:34","guid":{"rendered":"https:\/\/webdelmaestrocmf.com\/portal\/?p=41767"},"modified":"2023-11-13T12:09:30","modified_gmt":"2023-11-13T15:09:30","slug":"la-programacion-de-aula-desde-los-principios-de-la-neurociencia","status":"publish","type":"post","link":"https:\/\/webdelmaestrocmf.com\/portal\/la-programacion-de-aula-desde-los-principios-de-la-neurociencia\/","title":{"rendered":"La Programaci\u00f3n de aula desde los principios de la Neurociencia"},"content":{"rendered":"<p style=\"text-align: justify;\" data-sourcepos=\"5:1-5:300\"><strong>La neurociencia educativa es una disciplina que estudia c\u00f3mo el cerebro aprende. Los avances en este campo nos han proporcionado una mejor comprensi\u00f3n de los procesos cognitivos que subyacen al aprendizaje. Esta comprensi\u00f3n puede ayudarnos a mejorar la programaci\u00f3n de aula para que sea m\u00e1s efectiva. En el presente art\u00edculo, exploraremos los principios de la neurociencia y examinaremos estrategias para integrar estos principios de manera efectiva en nuestra pr\u00e1ctica docente.<\/strong><\/p>\n<p><!--more--><\/p>\n<p style=\"text-align: justify;\">Esta disciplina educativa que fusiona la investigaci\u00f3n sobre el cerebro con la pr\u00e1ctica pedag\u00f3gica, ofrece valiosas perspectivas para mejorar la programaci\u00f3n de aula. En este art\u00edculo, exploraremos los principios fundamentales de la neurociencia educativa y c\u00f3mo aplicarlos de manera pr\u00e1ctica en el dise\u00f1o de la ense\u00f1anza.<\/p>\n<p>Art\u00edculo relacionado:\u00a0<a title=\"Ir a WMCMF\" href=\"https:\/\/webdelmaestrocmf.com\/portal\/docente-catorce-sugerencias-de-las-neurociencias\/\" target=\"_top\" rel=\"noopener\">Estas son las catorce sugerencias de las neurociencias para los docentes<\/a><\/p>\n<h2 style=\"text-align: left;\" data-sourcepos=\"7:1-7:51\"><strong>Principios b\u00e1sicos de la <a title=\"Ir a wikipedia\" href=\"https:\/\/es.wikipedia.org\/wiki\/Neurociencia\" target=\"_blank\" rel=\"noopener\">neurociencia<\/a> educativa<\/strong><\/h2>\n<p style=\"text-align: justify;\" data-sourcepos=\"9:1-9:487\">La neurociencia educativa nos ha ense\u00f1ado que el cerebro es pl\u00e1stico y adaptable. Esto significa que el cerebro puede cambiar y adaptarse a nuevas experiencias. El aprendizaje es un proceso activo, lo que significa que los estudiantes necesitan participar activamente en el proceso de aprendizaje para que sea eficaz. El aprendizaje es tambi\u00e9n social y emocional, lo que significa que el entorno de aprendizaje y las relaciones con los dem\u00e1s juegan un papel importante en el aprendizaje.<\/p>\n<ul>\n<li style=\"text-align: justify;\"><strong>El cerebro es pl\u00e1stico y adaptable.<\/strong> El cerebro de cada estudiante es \u00fanico, una realidad que debe ser considerada al programar el aula. Adaptar la ense\u00f1anza a las necesidades individuales es esencial para maximizar el potencial de aprendizaje.<\/li>\n<li style=\"text-align: justify;\"><strong>El aprendizaje es un proceso activo.<\/strong> La pasividad no favorece el aprendizaje \u00f3ptimo. Integrar actividades que involucren a los estudiantes activamente en el proceso educativo no solo estimula sus mentes, sino que tambi\u00e9n fortalece la retenci\u00f3n y comprensi\u00f3n de conceptos.<\/li>\n<li style=\"text-align: justify;\"><strong>El aprendizaje es social y emocional.<\/strong> Las interacciones sociales y las emociones desempe\u00f1an un papel crucial en el aprendizaje. Un entorno positivo y de apoyo puede potenciar la retenci\u00f3n de informaci\u00f3n y el desarrollo integral del estudiante.<\/li>\n<\/ul>\n<h2 data-sourcepos=\"11:1-11:59\"><strong>C\u00f3mo aplicar estos principios a la programaci\u00f3n de aula<\/strong><\/h2>\n<p style=\"text-align: justify;\" data-sourcepos=\"13:1-13:130\">Los principios b\u00e1sicos de la neurociencia educativa nos pueden ayudar a mejorar la programaci\u00f3n de aula de las siguientes maneras:<\/p>\n<ul data-sourcepos=\"15:1-18:0\">\n<li style=\"text-align: justify;\" data-sourcepos=\"15:1-15:351\"><strong>Considerar las necesidades individuales de los estudiantes:<\/strong>\u00a0El cerebro de cada estudiante es \u00fanico, por lo que es importante adaptar la programaci\u00f3n a sus necesidades individuales. Esto significa proporcionar a los estudiantes oportunidades de aprendizaje que se ajusten a su estilo de aprendizaje, sus intereses y sus necesidades de desarrollo.<\/li>\n<li style=\"text-align: justify;\" data-sourcepos=\"16:1-16:273\"><strong>Proponer actividades activas y participativas:<\/strong>\u00a0El aprendizaje es m\u00e1s efectivo cuando los estudiantes est\u00e1n involucrados activamente en el proceso. Esto significa proponer actividades que requieran que los estudiantes piensen, trabajen en equipo y resuelvan problemas.<\/li>\n<li style=\"text-align: justify;\" data-sourcepos=\"17:1-18:0\"><strong>Crear un entorno de aprendizaje positivo y acogedor:<\/strong>\u00a0El aprendizaje es m\u00e1s eficaz cuando los estudiantes se sienten seguros y apoyados. Esto significa crear un entorno de aprendizaje que sea respetuoso, estimulante y motivador.<\/li>\n<\/ul>\n<h2><strong>\u00bfC\u00f3mo incorporar los principios de la neurociencia educativa en nuestra pr\u00e1ctica docente diaria?<\/strong><\/h2>\n<p style=\"text-align: justify;\">La integraci\u00f3n de los principios de la neurociencia educativa en nuestra pr\u00e1ctica docente diaria implica un compromiso constante con la exploraci\u00f3n de nuevas estrategias y metodolog\u00edas que se alineen con la diversidad cerebral de nuestros estudiantes. Este enfoque activo no solo enriquece la experiencia de aprendizaje, sino que tambi\u00e9n potencia el desarrollo integral de cada individuo en el aula.<\/p>\n<h3 style=\"padding-left: 40px;\"><strong>Explorar Activamente Nuevas Estrategias y Metodolog\u00edas<\/strong><\/h3>\n<p style=\"padding-left: 40px; text-align: justify;\">La neurociencia nos ense\u00f1a que cada cerebro es \u00fanico, procesando y asimilando informaci\u00f3n de manera distinta. Al abrazar esta diversidad, los educadores pueden adaptar su enfoque pedag\u00f3gico para abordar las variadas formas de aprendizaje. Incorporar t\u00e9cnicas como el aprendizaje basado en proyectos, el uso de tecnolog\u00edas interactivas y la diferenciaci\u00f3n en la presentaci\u00f3n del contenido son ejemplos de estrategias que pueden resonar con la diversidad cerebral de los estudiantes. La clave radica en mantenerse informado sobre las \u00faltimas investigaciones en neurociencia educativa y estar dispuesto a ajustar y personalizar en consecuencia.<\/p>\n<h2><strong>4 Funciones de la Neurociencia Educativa<\/strong><\/h2>\n<p style=\"text-align: justify;\" data-sourcepos=\"3:1-3:61\">La neurociencia educativa tiene cuatro funciones principales:<\/p>\n<h3 style=\"padding-left: 40px;\"><strong>Comprender el proceso de aprendizaje:<\/strong><\/h3>\n<p style=\"padding-left: 40px; text-align: justify;\">La neurociencia educativa busca desentra\u00f1ar los mecanismos neuronales que subyacen al aprendizaje, analizando c\u00f3mo el cerebro adquiere, procesa y retiene informaci\u00f3n, con el objetivo de informar pr\u00e1cticas pedag\u00f3gicas m\u00e1s efectivas.<\/p>\n<h3 style=\"padding-left: 40px;\"><strong>Prevenir y remediar trastornos del aprendizaje:<\/strong><\/h3>\n<p style=\"padding-left: 40px; text-align: justify;\">Al identificar patrones neurobiol\u00f3gicos asociados a trastornos del aprendizaje, la neurociencia educativa contribuye al dise\u00f1o de intervenciones tempranas y estrategias pedag\u00f3gicas adaptadas para mitigar dificultades espec\u00edficas en el proceso de aprendizaje.<\/p>\n<h3 style=\"padding-left: 40px;\"><strong>Mejorar los procesos de aprendizaje:<\/strong><\/h3>\n<p style=\"padding-left: 40px; text-align: justify;\">La neurociencia educativa utiliza descubrimientos sobre plasticidad cerebral y m\u00e9todos de ense\u00f1anza basados en evidencia neurocient\u00edfica para optimizar ambientes de aprendizaje, maximizando la retenci\u00f3n y comprensi\u00f3n del material por parte de los estudiantes.<\/p>\n<h3 style=\"padding-left: 40px;\"><strong>Desarrollar nuevas tecnolog\u00edas educativas:<\/strong><\/h3>\n<p style=\"padding-left: 40px; text-align: justify;\">Al integrar conocimientos sobre c\u00f3mo el cerebro procesa la informaci\u00f3n, la neurociencia educativa impulsa el desarrollo de tecnolog\u00edas educativas innovadoras que se alinean con los principios neurocient\u00edficos, ofreciendo herramientas m\u00e1s eficaces y personalizadas para el proceso de ense\u00f1anza-aprendizaje.<\/p>\n<p><img loading=\"lazy\" decoding=\"async\" class=\"alignnone wp-image-99907 size-large\" src=\"https:\/\/webdelmaestrocmf.com\/portal\/wp-content\/uploads\/2019\/11\/4funcionesneurocienciaeducativa-1-1-1024x724.png\" alt=\"4 Funciones de la Neurociencia Educativa\" width=\"1024\" height=\"724\" srcset=\"https:\/\/webdelmaestrocmf.com\/portal\/wp-content\/uploads\/2019\/11\/4funcionesneurocienciaeducativa-1-1-1024x724.png 1024w, https:\/\/webdelmaestrocmf.com\/portal\/wp-content\/uploads\/2019\/11\/4funcionesneurocienciaeducativa-1-1-300x212.png 300w, https:\/\/webdelmaestrocmf.com\/portal\/wp-content\/uploads\/2019\/11\/4funcionesneurocienciaeducativa-1-1-768x543.png 768w, https:\/\/webdelmaestrocmf.com\/portal\/wp-content\/uploads\/2019\/11\/4funcionesneurocienciaeducativa-1-1-380x269.png 380w, https:\/\/webdelmaestrocmf.com\/portal\/wp-content\/uploads\/2019\/11\/4funcionesneurocienciaeducativa-1-1-550x389.png 550w, https:\/\/webdelmaestrocmf.com\/portal\/wp-content\/uploads\/2019\/11\/4funcionesneurocienciaeducativa-1-1-800x566.png 800w, https:\/\/webdelmaestrocmf.com\/portal\/wp-content\/uploads\/2019\/11\/4funcionesneurocienciaeducativa-1-1-1160x821.png 1160w, https:\/\/webdelmaestrocmf.com\/portal\/wp-content\/uploads\/2019\/11\/4funcionesneurocienciaeducativa-1-1.png 1220w\" sizes=\"auto, (max-width: 1024px) 100vw, 1024px\" \/><\/p>\n<h2><strong>\u00bfQu\u00e9 cambios podemos realizar en nuestra programaci\u00f3n de aula para que sea m\u00e1s efectiva?<\/strong><\/h2>\n<p style=\"text-align: justify;\">La efectividad de la programaci\u00f3n de aula es un proceso din\u00e1mico que requiere una evaluaci\u00f3n continua. \u00bfC\u00f3mo podemos realizar cambios significativos para mejorar el aprendizaje de los estudiantes? La respuesta est\u00e1 en la adaptabilidad y la receptividad a las necesidades y respuestas de los estudiantes.<\/p>\n<h3 style=\"padding-left: 40px;\"><strong>Evaluar Regularmente la Efectividad de las Actividades<\/strong><\/h3>\n<p style=\"padding-left: 40px; text-align: justify;\">La neurociencia educa sobre la plasticidad cerebral, sugiriendo que el cerebro est\u00e1 en constante cambio. Esto implica que las estrategias que funcionaron bien en un momento pueden necesitar ajustes. Realizar evaluaciones regulares de la efectividad de las actividades en el aula proporciona una visi\u00f3n clara de lo que est\u00e1 funcionando y lo que necesita ser modificado. Estas evaluaciones pueden incluir retroalimentaci\u00f3n de los estudiantes, observaciones en el aula y an\u00e1lisis de resultados de pruebas. Al estar atentos a las se\u00f1ales que indican la necesidad de ajustes, podemos mejorar continuamente nuestra programaci\u00f3n para garantizar un aprendizaje \u00f3ptimo.<\/p>\n<h2><strong>\u00bfC\u00f3mo podemos crear un entorno de aprendizaje m\u00e1s favorable para el desarrollo del cerebro de los estudiantes?<\/strong><\/h2>\n<p style=\"text-align: justify;\">El entorno de aprendizaje no se limita a las paredes del aula; se extiende a la atm\u00f3sfera emocional y relacional que creamos para nuestros estudiantes. La neurociencia subraya la importancia de un entorno positivo y de apoyo para el desarrollo cerebral y emocional de los estudiantes.<\/p>\n<h3 style=\"padding-left: 40px;\"><strong>Fomentar una Cultura de Respeto Mutuo, Apoyo y Exploraci\u00f3n Intelectual<\/strong><\/h3>\n<p style=\"padding-left: 40px; text-align: justify;\">La conexi\u00f3n entre la neurociencia y la cultura del aula destaca la necesidad de fomentar un ambiente donde los estudiantes se sientan respetados y apoyados. Promover la exploraci\u00f3n intelectual y el intercambio de ideas crea un terreno f\u00e9rtil para el desarrollo cognitivo. Actividades que fomentan la colaboraci\u00f3n, la empat\u00eda y la autoexpresi\u00f3n contribuyen a un entorno enriquecedor. Al construir una comunidad que celebra la diversidad y nutre tanto el desarrollo cerebral como emocional, estamos creando un espacio donde los estudiantes pueden alcanzar su m\u00e1ximo potencial.<\/p>\n<h2><strong>La Programaci\u00f3n de Aula desde los Principios de la Neurociencia: Un Enfoque Transformador<\/strong><\/h2>\n<p style=\"text-align: justify;\">La educaci\u00f3n, un \u00e1mbito en constante evoluci\u00f3n, busca m\u00e9todos efectivos y adaptables. La neurociencia emerge como una herramienta poderosa para transformar la programaci\u00f3n de aula. La Directora del Colegio Carmelitas de Vitoria, Nieves Maya, comparte valiosos insights en videos y una entrevista centrados en \u00abLa programaci\u00f3n de aula desde los principios de la Neurociencia\u00bb. En el primer video, alojado en \u00abFundaci\u00f3n Trilema\u00bb, aborda enfoques obsoletos y destaca la importancia de la adaptabilidad en el entorno educativo, desafiando pr\u00e1cticas convencionales.<\/p>\n<p><a href=\"https:\/\/www.youtube.com\/watch?v=67vQn4miLVU\" target=\"_blank\" rel=\"noopener\"><img loading=\"lazy\" decoding=\"async\" class=\"alignnone wp-image-99905\" title=\"La programaci\u00f3n de aula desde los principios de la Neurociencia \" src=\"https:\/\/webdelmaestrocmf.com\/portal\/wp-content\/uploads\/2019\/11\/1-2.webp\" alt=\"La programaci\u00f3n de aula desde los principios de la Neurociencia\" width=\"786\" height=\"466\" srcset=\"https:\/\/webdelmaestrocmf.com\/portal\/wp-content\/uploads\/2019\/11\/1-2.webp 607w, https:\/\/webdelmaestrocmf.com\/portal\/wp-content\/uploads\/2019\/11\/1-2-300x178.webp 300w, https:\/\/webdelmaestrocmf.com\/portal\/wp-content\/uploads\/2019\/11\/1-2-380x225.webp 380w, https:\/\/webdelmaestrocmf.com\/portal\/wp-content\/uploads\/2019\/11\/1-2-550x326.webp 550w\" sizes=\"auto, (max-width: 786px) 100vw, 786px\" \/><\/a><\/p>\n<p style=\"text-align: justify;\">Asimismo, la Conferencia titulada \u00abLa programaci\u00f3n de aula desde los principios de la neurociencia\u00bb ofrece una inmersi\u00f3n profunda en la intersecci\u00f3n entre la neurobiolog\u00eda y las dificultades del aprendizaje. Este evento, parte del curso organizado por el Ministerio de Educaci\u00f3n, Cultura y Deporte en colaboraci\u00f3n con la Universidad Internacional Men\u00e9ndez Pelayo, destaca la importancia de aplicar los hallazgos de la neurociencia en la planificaci\u00f3n curricular y las estrategias pedag\u00f3gicas.<\/p>\n<p><a title=\"La programaci\u00f3n de aula desde los principios de la neurociencia. Nieves Maya. \" href=\"https:\/\/www.youtube.com\/watch?v=X6eYR3I9IFc\" target=\"_blank\" rel=\"noopener\"><img loading=\"lazy\" decoding=\"async\" class=\"alignnone wp-image-99906\" src=\"https:\/\/webdelmaestrocmf.com\/portal\/wp-content\/uploads\/2019\/11\/1-3.webp\" alt=\"La programaci\u00f3n de aula desde los principios de la neurociencia\" width=\"789\" height=\"473\" srcset=\"https:\/\/webdelmaestrocmf.com\/portal\/wp-content\/uploads\/2019\/11\/1-3.webp 597w, https:\/\/webdelmaestrocmf.com\/portal\/wp-content\/uploads\/2019\/11\/1-3-300x180.webp 300w, https:\/\/webdelmaestrocmf.com\/portal\/wp-content\/uploads\/2019\/11\/1-3-380x228.webp 380w, https:\/\/webdelmaestrocmf.com\/portal\/wp-content\/uploads\/2019\/11\/1-3-550x330.webp 550w\" sizes=\"auto, (max-width: 789px) 100vw, 789px\" \/><\/a><\/p>\n<p style=\"text-align: justify;\">La entrevista en EducaOn Radio 98.7 FM a\u00f1ade otra capa a la comprensi\u00f3n del enfoque de la Directora Nieves Maya. Aqu\u00ed, se explora c\u00f3mo el Colegio Carmelitas-Sagrado Coraz\u00f3n aborda el acoso escolar, priorizando la prevenci\u00f3n sobre la intervenci\u00f3n. Adem\u00e1s, la entrevista toca temas cruciales como los nuevos m\u00e9todos de ense\u00f1anza y la identificaci\u00f3n de alumnos con altas capacidades. Escuchar esta conversaci\u00f3n enriquecedora proporciona una visi\u00f3n hol\u00edstica de los desaf\u00edos actuales en la educaci\u00f3n y las estrategias innovadoras para abordarlos.<\/p>\n<p style=\"text-align: justify;\">En su archivo digital sobre \u00abConocer el cerebro para la excelencia en la educaci\u00f3n\u00bb, la Directora Nieves Maya Elcarte comparte recursos educativos valiosos. Este material sirve como complemento a sus intervenciones p\u00fablicas, consolidando la relaci\u00f3n entre la teor\u00eda neurocient\u00edfica y su aplicaci\u00f3n pr\u00e1ctica en el entorno educativo.<\/p>\n<h2 data-sourcepos=\"19:1-19:16\"><strong>Conclusiones<\/strong><\/h2>\n<p style=\"text-align: justify;\" data-sourcepos=\"21:1-21:401\">La programaci\u00f3n de aula desde los principios de la neurociencia puede ayudarnos a crear un entorno de aprendizaje m\u00e1s eficaz y que mejore el aprendizaje de los estudiantes. Al considerar las necesidades individuales de los estudiantes, proponer actividades activas y participativas y crear un entorno de aprendizaje positivo y acogedor, podemos ayudar a los estudiantes a alcanzar su m\u00e1ximo potencial.<\/p>\n<p style=\"text-align: center;\"><b>ENLACE DE LECTURA: <a title=\"Ir a uaslp\" href=\"http:\/\/evirtual.uaslp.mx\/Vinculacion\/CORECYTzc\/Documentos%20compartidos\/2010%20-%20Documento%20Conocer%20-%20Carlos%20Artolozaga.pdf\" target=\"_blank\" rel=\"noopener noreferrer\">CONOCER EL CEREBRO PARA LA EXCELENCIA EN LA EDUCACI\u00d3N<\/a><\/b><\/p>\n\t\t<div class=\"pk-inline-posts\">\n\t\t\t\n\t\t\t<div class=\"pk-inline-posts-container pk-inline-posts-template-list\"\n\t\t\t\tdata-columns=\"1\">\n\t\t\t\t\t\t<article id=\"post-74079\" class=\"post-74079 post type-post status-publish format-standard has-post-thumbnail category-neurociencia category-pedagogia tag-clave tag-educativo tag-modelo tag-neuroeducacion tag-nuevo cs-entry cs-video-wrap\">\n\t\t\t<div class=\"pk-post-outer\">\n\n\t\t\t\t\t\t\t\t<div class=\"pk-post-inner\">\n\t\t\t\t\t<div class=\"entry-thumbnail\">\n\t\t\t\t\t\t<div class=\"pk-overlay pk-overlay-ratio pk-ratio-landscape\">\n\t\t\t\t\t\t\t<div class=\"pk-overlay-background\">\n\t\t\t\t\t\t\t\t<a href=\"https:\/\/webdelmaestrocmf.com\/portal\/es-la-neuroeducacion-la-clave-de-un-nuevo-modelo-educativo\/\" class=\"pk-overlay-link\">\n\t\t\t\t\t\t\t\t\t<img loading=\"lazy\" decoding=\"async\" width=\"300\" height=\"225\" src=\"https:\/\/webdelmaestrocmf.com\/portal\/wp-content\/uploads\/2022\/02\/1AA-Banner-1-portada-imagen-10-1-copia-1-300x225.webp\" class=\"attachment-pk-thumbnail size-pk-thumbnail wp-post-image\" alt=\"\" \/>\t\t\t\t\t\t\t\t<\/a>\n\t\t\t\t\t\t\t<\/div>\n\t\t\t\t\t\t<\/div>\n\t\t\t\t\t<\/div>\n\t\t\t\t<\/div>\n\t\t\t\t\n\t\t\t\t<div class=\"pk-post-inner\">\n\t\t\t\t\t<header>\n\t\t\t\t\t\t<h3 class=\"pk-title\"><a href=\"https:\/\/webdelmaestrocmf.com\/portal\/es-la-neuroeducacion-la-clave-de-un-nuevo-modelo-educativo\/\" rel=\"bookmark\">\u00bfEs la neuroeducaci\u00f3n la clave de un nuevo modelo educativo?<\/a><\/h3>\t\t\t\t\t<\/header><!-- .entry-header -->\n\t\t\t\t<\/div><!-- .post-inner -->\n\n\t\t\t<\/div><!-- .post-outer -->\n\t\t<\/article>\n\t\t\t<article id=\"post-22146\" class=\"post-22146 post type-post status-publish format-standard has-post-thumbnail category-neurociencia category-pedagogia tag-descarga tag-manual tag-neuroeducacion tag-pdf tag-practica tag-teoria cs-entry cs-video-wrap\">\n\t\t\t<div class=\"pk-post-outer\">\n\n\t\t\t\t\t\t\t\t<div class=\"pk-post-inner\">\n\t\t\t\t\t<div class=\"entry-thumbnail\">\n\t\t\t\t\t\t<div class=\"pk-overlay pk-overlay-ratio pk-ratio-landscape\">\n\t\t\t\t\t\t\t<div class=\"pk-overlay-background\">\n\t\t\t\t\t\t\t\t<a href=\"https:\/\/webdelmaestrocmf.com\/portal\/neuroeducacion-en-el-aula-de-la-teoria-a-la-practica\/\" class=\"pk-overlay-link\">\n\t\t\t\t\t\t\t\t\t<img loading=\"lazy\" decoding=\"async\" width=\"300\" height=\"225\" src=\"https:\/\/webdelmaestrocmf.com\/portal\/wp-content\/uploads\/2026\/03\/1AA-Banner-1-portada-imagen-10-1-copia-8-4-300x225.webp\" class=\"attachment-pk-thumbnail size-pk-thumbnail wp-post-image\" alt=\"\" \/>\t\t\t\t\t\t\t\t<\/a>\n\t\t\t\t\t\t\t<\/div>\n\t\t\t\t\t\t<\/div>\n\t\t\t\t\t<\/div>\n\t\t\t\t<\/div>\n\t\t\t\t\n\t\t\t\t<div class=\"pk-post-inner\">\n\t\t\t\t\t<header>\n\t\t\t\t\t\t<h3 class=\"pk-title\"><a href=\"https:\/\/webdelmaestrocmf.com\/portal\/neuroeducacion-en-el-aula-de-la-teoria-a-la-practica\/\" rel=\"bookmark\">Neuroeducaci\u00f3n en el aula: de la teor\u00eda a la pr\u00e1ctica. Actividades para estimulaci\u00f3n cognitiva con fichas | Libro PDF gratis<\/a><\/h3>\t\t\t\t\t<\/header><!-- .entry-header -->\n\t\t\t\t<\/div><!-- .post-inner -->\n\n\t\t\t<\/div><!-- .post-outer -->\n\t\t<\/article>\n\t\t\t<article id=\"post-115241\" class=\"post-115241 post type-post status-publish format-standard has-post-thumbnail category-neurociencia category-pedagogia tag-aprendizaje tag-atencion-2 tag-aula tag-autorregulacion tag-didactica-2 tag-neurociencia tag-neuroeducacion tag-practica-docente tag-redes-cerebrales cs-entry cs-video-wrap\">\n\t\t\t<div class=\"pk-post-outer\">\n\n\t\t\t\t\t\t\t\t<div class=\"pk-post-inner\">\n\t\t\t\t\t<div class=\"entry-thumbnail\">\n\t\t\t\t\t\t<div class=\"pk-overlay pk-overlay-ratio pk-ratio-landscape\">\n\t\t\t\t\t\t\t<div class=\"pk-overlay-background\">\n\t\t\t\t\t\t\t\t<a href=\"https:\/\/webdelmaestrocmf.com\/portal\/que-estamos-pidiendo-realmente-cuando-pedimos-atencion-en-el-aula\/\" class=\"pk-overlay-link\">\n\t\t\t\t\t\t\t\t\t<img loading=\"lazy\" decoding=\"async\" width=\"300\" height=\"225\" src=\"https:\/\/webdelmaestrocmf.com\/portal\/wp-content\/uploads\/2026\/02\/1A-Banner-1-portada-imagen-10-1-copia-300x225.jpg\" class=\"attachment-pk-thumbnail size-pk-thumbnail wp-post-image\" alt=\"\" \/>\t\t\t\t\t\t\t\t<\/a>\n\t\t\t\t\t\t\t<\/div>\n\t\t\t\t\t\t<\/div>\n\t\t\t\t\t<\/div>\n\t\t\t\t<\/div>\n\t\t\t\t\n\t\t\t\t<div class=\"pk-post-inner\">\n\t\t\t\t\t<header>\n\t\t\t\t\t\t<h3 class=\"pk-title\"><a href=\"https:\/\/webdelmaestrocmf.com\/portal\/que-estamos-pidiendo-realmente-cuando-pedimos-atencion-en-el-aula\/\" rel=\"bookmark\">\u00bfQu\u00e9 estamos pidiendo realmente cuando pedimos atenci\u00f3n en el aula?<\/a><\/h3>\t\t\t\t\t<\/header><!-- .entry-header -->\n\t\t\t\t<\/div><!-- .post-inner -->\n\n\t\t\t<\/div><!-- .post-outer -->\n\t\t<\/article>\n\t\t\t\t<\/div>\n\t\t<\/div>\n\t\t\n","protected":false},"excerpt":{"rendered":"La neurociencia educativa es una disciplina que estudia c\u00f3mo el cerebro aprende. Los avances en este campo nos&hellip;","protected":false},"author":1,"featured_media":99912,"comment_status":"open","ping_status":"closed","sticky":false,"template":"","format":"standard","meta":{"csco_display_header_overlay":false,"csco_singular_sidebar":"default","csco_page_header_type":"default","csco_page_load_nextpost":"default","csco_post_video_location":[],"csco_post_video_location_hash":"","csco_post_video_url":"","csco_post_video_bg_start_time":0,"csco_post_video_bg_end_time":0,"csco_post_video_bg_volume":false,"_jetpack_memberships_contains_paid_content":false,"footnotes":""},"categories":[1249,735],"tags":[596,360,2534,23017,2262,23019,23018],"class_list":{"0":"post-41767","1":"post","2":"type-post","3":"status-publish","4":"format-standard","5":"has-post-thumbnail","7":"category-neurociencia","8":"category-pedagogia","9":"tag-aula","10":"tag-neurociencia","11":"tag-principios","12":"tag-principios-de-la-neurociencia","13":"tag-programacion","14":"tag-programacion-neurociencia","15":"tag-rogramacion-de-aula","16":"cs-entry","17":"cs-video-wrap"},"yoast_head":"<!-- This site is optimized with the Yoast SEO plugin v27.5 - https:\/\/yoast.com\/product\/yoast-seo-wordpress\/ -->\n<title>La Programaci\u00f3n de aula desde los principios de la Neurociencia - 2026<\/title>\n<meta name=\"description\" content=\"Descubre y aplica los principios de la neurociencia para mejorar la programaci\u00f3n de aula mediante la fusi\u00f3n de investigaci\u00f3n y pr\u00e1ctica.\" \/>\n<meta name=\"robots\" content=\"index, follow, max-snippet:-1, max-image-preview:large, max-video-preview:-1\" \/>\n<link rel=\"canonical\" href=\"https:\/\/webdelmaestrocmf.com\/portal\/la-programacion-de-aula-desde-los-principios-de-la-neurociencia\/\" \/>\n<meta property=\"og:locale\" content=\"es_ES\" \/>\n<meta property=\"og:type\" content=\"article\" \/>\n<meta property=\"og:title\" content=\"La Programaci\u00f3n de aula desde los principios de la Neurociencia - 2026\" \/>\n<meta property=\"og:description\" content=\"Descubre y aplica los principios de la neurociencia para mejorar la programaci\u00f3n de aula mediante la fusi\u00f3n de investigaci\u00f3n y pr\u00e1ctica.\" \/>\n<meta property=\"og:url\" content=\"https:\/\/webdelmaestrocmf.com\/portal\/la-programacion-de-aula-desde-los-principios-de-la-neurociencia\/\" \/>\n<meta property=\"og:site_name\" content=\"Web del Maestro CMF\" \/>\n<meta property=\"article:publisher\" content=\"https:\/\/www.facebook.com\/WebdelMaestroCMF\/\" \/>\n<meta property=\"article:author\" content=\"https:\/\/www.facebook.com\/WebdelMaestroCMF\/\" \/>\n<meta property=\"article:published_time\" content=\"2023-11-12T00:35:34+00:00\" \/>\n<meta property=\"article:modified_time\" content=\"2023-11-13T15:09:30+00:00\" \/>\n<meta property=\"og:image\" content=\"https:\/\/webdelmaestrocmf.com\/portal\/wp-content\/uploads\/2023\/11\/A12B3C4D-5-2.jpg\" \/>\n\t<meta property=\"og:image:width\" content=\"900\" \/>\n\t<meta property=\"og:image:height\" content=\"556\" \/>\n\t<meta property=\"og:image:type\" content=\"image\/jpeg\" \/>\n<meta name=\"author\" content=\"Web del Maestro CMF\" \/>\n<meta name=\"twitter:card\" content=\"summary_large_image\" \/>\n<meta name=\"twitter:creator\" content=\"@cmf_w\" \/>\n<meta name=\"twitter:site\" content=\"@cmf_w\" \/>\n<script type=\"application\/ld+json\" class=\"yoast-schema-graph\">{\"@context\":\"https:\\\/\\\/schema.org\",\"@graph\":[{\"@type\":\"ScholarlyArticle\",\"@id\":\"https:\\\/\\\/webdelmaestrocmf.com\\\/portal\\\/la-programacion-de-aula-desde-los-principios-de-la-neurociencia\\\/#article\",\"isPartOf\":{\"@id\":\"https:\\\/\\\/webdelmaestrocmf.com\\\/portal\\\/la-programacion-de-aula-desde-los-principios-de-la-neurociencia\\\/\"},\"author\":{\"name\":\"Web del Maestro CMF\",\"@id\":\"https:\\\/\\\/webdelmaestrocmf.com\\\/portal\\\/#\\\/schema\\\/person\\\/1072a2ed7bd960df8ef99a551fa35dc5\"},\"headline\":\"La Programaci\u00f3n de aula desde los principios de la Neurociencia\",\"datePublished\":\"2023-11-12T00:35:34+00:00\",\"dateModified\":\"2023-11-13T15:09:30+00:00\",\"mainEntityOfPage\":{\"@id\":\"https:\\\/\\\/webdelmaestrocmf.com\\\/portal\\\/la-programacion-de-aula-desde-los-principios-de-la-neurociencia\\\/\"},\"wordCount\":1641,\"commentCount\":0,\"publisher\":{\"@id\":\"https:\\\/\\\/webdelmaestrocmf.com\\\/portal\\\/#organization\"},\"image\":{\"@id\":\"https:\\\/\\\/webdelmaestrocmf.com\\\/portal\\\/la-programacion-de-aula-desde-los-principios-de-la-neurociencia\\\/#primaryimage\"},\"thumbnailUrl\":\"https:\\\/\\\/webdelmaestrocmf.com\\\/portal\\\/wp-content\\\/uploads\\\/2023\\\/11\\\/A12B3C4D-5-2.jpg\",\"keywords\":[\"aula\",\"neurociencia\",\"PRINCIPIOS\",\"principios de la Neurociencia\",\"PROGRAMACI\u00d3N\",\"Programaci\u00f3n Neurociencia\",\"rogramaci\u00f3n de aula\"],\"articleSection\":[\"Neurociencia\",\"Recursos\"],\"inLanguage\":\"es\",\"potentialAction\":[{\"@type\":\"CommentAction\",\"name\":\"Comment\",\"target\":[\"https:\\\/\\\/webdelmaestrocmf.com\\\/portal\\\/la-programacion-de-aula-desde-los-principios-de-la-neurociencia\\\/#respond\"]}]},{\"@type\":\"WebPage\",\"@id\":\"https:\\\/\\\/webdelmaestrocmf.com\\\/portal\\\/la-programacion-de-aula-desde-los-principios-de-la-neurociencia\\\/\",\"url\":\"https:\\\/\\\/webdelmaestrocmf.com\\\/portal\\\/la-programacion-de-aula-desde-los-principios-de-la-neurociencia\\\/\",\"name\":\"La Programaci\u00f3n de aula desde los principios de la Neurociencia - 2026\",\"isPartOf\":{\"@id\":\"https:\\\/\\\/webdelmaestrocmf.com\\\/portal\\\/#website\"},\"primaryImageOfPage\":{\"@id\":\"https:\\\/\\\/webdelmaestrocmf.com\\\/portal\\\/la-programacion-de-aula-desde-los-principios-de-la-neurociencia\\\/#primaryimage\"},\"image\":{\"@id\":\"https:\\\/\\\/webdelmaestrocmf.com\\\/portal\\\/la-programacion-de-aula-desde-los-principios-de-la-neurociencia\\\/#primaryimage\"},\"thumbnailUrl\":\"https:\\\/\\\/webdelmaestrocmf.com\\\/portal\\\/wp-content\\\/uploads\\\/2023\\\/11\\\/A12B3C4D-5-2.jpg\",\"datePublished\":\"2023-11-12T00:35:34+00:00\",\"dateModified\":\"2023-11-13T15:09:30+00:00\",\"description\":\"Descubre y aplica los principios de la neurociencia para mejorar la programaci\u00f3n de aula mediante la fusi\u00f3n de investigaci\u00f3n y pr\u00e1ctica.\",\"breadcrumb\":{\"@id\":\"https:\\\/\\\/webdelmaestrocmf.com\\\/portal\\\/la-programacion-de-aula-desde-los-principios-de-la-neurociencia\\\/#breadcrumb\"},\"inLanguage\":\"es\",\"potentialAction\":[{\"@type\":\"ReadAction\",\"target\":[\"https:\\\/\\\/webdelmaestrocmf.com\\\/portal\\\/la-programacion-de-aula-desde-los-principios-de-la-neurociencia\\\/\"]}]},{\"@type\":\"ImageObject\",\"inLanguage\":\"es\",\"@id\":\"https:\\\/\\\/webdelmaestrocmf.com\\\/portal\\\/la-programacion-de-aula-desde-los-principios-de-la-neurociencia\\\/#primaryimage\",\"url\":\"https:\\\/\\\/webdelmaestrocmf.com\\\/portal\\\/wp-content\\\/uploads\\\/2023\\\/11\\\/A12B3C4D-5-2.jpg\",\"contentUrl\":\"https:\\\/\\\/webdelmaestrocmf.com\\\/portal\\\/wp-content\\\/uploads\\\/2023\\\/11\\\/A12B3C4D-5-2.jpg\",\"width\":900,\"height\":556,\"caption\":\"principios de la neurociencia\"},{\"@type\":\"BreadcrumbList\",\"@id\":\"https:\\\/\\\/webdelmaestrocmf.com\\\/portal\\\/la-programacion-de-aula-desde-los-principios-de-la-neurociencia\\\/#breadcrumb\",\"itemListElement\":[{\"@type\":\"ListItem\",\"position\":1,\"name\":\"Portada\",\"item\":\"https:\\\/\\\/webdelmaestrocmf.com\\\/portal\\\/\"},{\"@type\":\"ListItem\",\"position\":2,\"name\":\"Recursos\",\"item\":\"https:\\\/\\\/webdelmaestrocmf.com\\\/portal\\\/category\\\/pedagogia\\\/\"},{\"@type\":\"ListItem\",\"position\":3,\"name\":\"Neurociencia\",\"item\":\"https:\\\/\\\/webdelmaestrocmf.com\\\/portal\\\/category\\\/pedagogia\\\/neurociencia\\\/\"},{\"@type\":\"ListItem\",\"position\":4,\"name\":\"La Programaci\u00f3n de aula desde los principios de la Neurociencia\"}]},{\"@type\":\"WebSite\",\"@id\":\"https:\\\/\\\/webdelmaestrocmf.com\\\/portal\\\/#website\",\"url\":\"https:\\\/\\\/webdelmaestrocmf.com\\\/portal\\\/\",\"name\":\"Web del Maestro CMF\",\"description\":\"Maestros al servicio de la educaci\u00f3n\",\"publisher\":{\"@id\":\"https:\\\/\\\/webdelmaestrocmf.com\\\/portal\\\/#organization\"},\"alternateName\":\"WMCMF\",\"potentialAction\":[{\"@type\":\"SearchAction\",\"target\":{\"@type\":\"EntryPoint\",\"urlTemplate\":\"https:\\\/\\\/webdelmaestrocmf.com\\\/portal\\\/?s={search_term_string}\"},\"query-input\":{\"@type\":\"PropertyValueSpecification\",\"valueRequired\":true,\"valueName\":\"search_term_string\"}}],\"inLanguage\":\"es\"},{\"@type\":\"Organization\",\"@id\":\"https:\\\/\\\/webdelmaestrocmf.com\\\/portal\\\/#organization\",\"name\":\"Web del Maestro CMF\",\"alternateName\":\"WMCMF\",\"url\":\"https:\\\/\\\/webdelmaestrocmf.com\\\/portal\\\/\",\"logo\":{\"@type\":\"ImageObject\",\"inLanguage\":\"es\",\"@id\":\"https:\\\/\\\/webdelmaestrocmf.com\\\/portal\\\/#\\\/schema\\\/logo\\\/image\\\/\",\"url\":\"https:\\\/\\\/webdelmaestrocmf.com\\\/portal\\\/wp-content\\\/uploads\\\/2023\\\/01\\\/logo-wmcmf-2.png\",\"contentUrl\":\"https:\\\/\\\/webdelmaestrocmf.com\\\/portal\\\/wp-content\\\/uploads\\\/2023\\\/01\\\/logo-wmcmf-2.png\",\"width\":200,\"height\":60,\"caption\":\"Web del Maestro CMF\"},\"image\":{\"@id\":\"https:\\\/\\\/webdelmaestrocmf.com\\\/portal\\\/#\\\/schema\\\/logo\\\/image\\\/\"},\"sameAs\":[\"https:\\\/\\\/www.facebook.com\\\/WebdelMaestroCMF\\\/\",\"https:\\\/\\\/x.com\\\/cmf_w\",\"https:\\\/\\\/www.pinterest.com\\\/WMCMF\\\/\",\"https:\\\/\\\/www.linkedin.com\\\/company\\\/web-del-maestro-cmf\\\/\",\"https:\\\/\\\/www.instagram.com\\\/wmcmf\\\/\",\"https:\\\/\\\/www.youtube.com\\\/channel\\\/UCDPSvjbdodE5sHnC3OxutHw\",\"https:\\\/\\\/mastodon.social\\\/@wmcmf\",\"https:\\\/\\\/www.tiktok.com\\\/@webdelmaestrocmf\"]},{\"@type\":\"Person\",\"@id\":\"https:\\\/\\\/webdelmaestrocmf.com\\\/portal\\\/#\\\/schema\\\/person\\\/1072a2ed7bd960df8ef99a551fa35dc5\",\"name\":\"Web del Maestro CMF\",\"image\":{\"@type\":\"ImageObject\",\"inLanguage\":\"es\",\"@id\":\"https:\\\/\\\/secure.gravatar.com\\\/avatar\\\/23291dd5b5ae1077dcff3dbb04c3e02bd28403fa75af6d8787d5e97c5bbbe30b?s=96&d=mm&r=g\",\"url\":\"https:\\\/\\\/secure.gravatar.com\\\/avatar\\\/23291dd5b5ae1077dcff3dbb04c3e02bd28403fa75af6d8787d5e97c5bbbe30b?s=96&d=mm&r=g\",\"contentUrl\":\"https:\\\/\\\/secure.gravatar.com\\\/avatar\\\/23291dd5b5ae1077dcff3dbb04c3e02bd28403fa75af6d8787d5e97c5bbbe30b?s=96&d=mm&r=g\",\"caption\":\"Web del Maestro CMF\"},\"description\":\"Esta Web se cre\u00f3 sin fines de lucro, con fines educativos, cient\u00edficos y acad\u00e9micos, para personas que tengan dificultades y\\\/o inconvenientes en visualizar el material original. El objetivo es entregar recursos, compartir experiencias y materiales que ayuden a los padres de familia, maestros y estudiantes en su actualizaci\u00f3n y formaci\u00f3n permanente, en bien de la Educaci\u00f3n.\",\"sameAs\":[\"http:\\\/\\\/webdelmaestrocmf.com\\\/portal\",\"https:\\\/\\\/www.facebook.com\\\/WebdelMaestroCMF\\\/\",\"https:\\\/\\\/www.instagram.com\\\/wmcmf\\\/\",\"https:\\\/\\\/cl.linkedin.com\\\/company\\\/web-del-maestro-cmf\",\"https:\\\/\\\/www.pinterest.com\\\/WMCMF\\\/publicaciones\\\/\",\"https:\\\/\\\/x.com\\\/cmf_w\",\"https:\\\/\\\/www.youtube.com\\\/@WMCMF\"]}]}<\/script>\n<!-- \/ Yoast SEO plugin. -->","yoast_head_json":{"title":"La Programaci\u00f3n de aula desde los principios de la Neurociencia - 2026","description":"Descubre y aplica los principios de la neurociencia para mejorar la programaci\u00f3n de aula mediante la fusi\u00f3n de investigaci\u00f3n y pr\u00e1ctica.","robots":{"index":"index","follow":"follow","max-snippet":"max-snippet:-1","max-image-preview":"max-image-preview:large","max-video-preview":"max-video-preview:-1"},"canonical":"https:\/\/webdelmaestrocmf.com\/portal\/la-programacion-de-aula-desde-los-principios-de-la-neurociencia\/","og_locale":"es_ES","og_type":"article","og_title":"La Programaci\u00f3n de aula desde los principios de la Neurociencia - 2026","og_description":"Descubre y aplica los principios de la neurociencia para mejorar la programaci\u00f3n de aula mediante la fusi\u00f3n de investigaci\u00f3n y pr\u00e1ctica.","og_url":"https:\/\/webdelmaestrocmf.com\/portal\/la-programacion-de-aula-desde-los-principios-de-la-neurociencia\/","og_site_name":"Web del Maestro CMF","article_publisher":"https:\/\/www.facebook.com\/WebdelMaestroCMF\/","article_author":"https:\/\/www.facebook.com\/WebdelMaestroCMF\/","article_published_time":"2023-11-12T00:35:34+00:00","article_modified_time":"2023-11-13T15:09:30+00:00","og_image":[{"width":900,"height":556,"url":"https:\/\/webdelmaestrocmf.com\/portal\/wp-content\/uploads\/2023\/11\/A12B3C4D-5-2.jpg","type":"image\/jpeg"}],"author":"Web del Maestro CMF","twitter_card":"summary_large_image","twitter_creator":"@cmf_w","twitter_site":"@cmf_w","schema":{"@context":"https:\/\/schema.org","@graph":[{"@type":"ScholarlyArticle","@id":"https:\/\/webdelmaestrocmf.com\/portal\/la-programacion-de-aula-desde-los-principios-de-la-neurociencia\/#article","isPartOf":{"@id":"https:\/\/webdelmaestrocmf.com\/portal\/la-programacion-de-aula-desde-los-principios-de-la-neurociencia\/"},"author":{"name":"Web del Maestro CMF","@id":"https:\/\/webdelmaestrocmf.com\/portal\/#\/schema\/person\/1072a2ed7bd960df8ef99a551fa35dc5"},"headline":"La Programaci\u00f3n de aula desde los principios de la Neurociencia","datePublished":"2023-11-12T00:35:34+00:00","dateModified":"2023-11-13T15:09:30+00:00","mainEntityOfPage":{"@id":"https:\/\/webdelmaestrocmf.com\/portal\/la-programacion-de-aula-desde-los-principios-de-la-neurociencia\/"},"wordCount":1641,"commentCount":0,"publisher":{"@id":"https:\/\/webdelmaestrocmf.com\/portal\/#organization"},"image":{"@id":"https:\/\/webdelmaestrocmf.com\/portal\/la-programacion-de-aula-desde-los-principios-de-la-neurociencia\/#primaryimage"},"thumbnailUrl":"https:\/\/webdelmaestrocmf.com\/portal\/wp-content\/uploads\/2023\/11\/A12B3C4D-5-2.jpg","keywords":["aula","neurociencia","PRINCIPIOS","principios de la Neurociencia","PROGRAMACI\u00d3N","Programaci\u00f3n Neurociencia","rogramaci\u00f3n de aula"],"articleSection":["Neurociencia","Recursos"],"inLanguage":"es","potentialAction":[{"@type":"CommentAction","name":"Comment","target":["https:\/\/webdelmaestrocmf.com\/portal\/la-programacion-de-aula-desde-los-principios-de-la-neurociencia\/#respond"]}]},{"@type":"WebPage","@id":"https:\/\/webdelmaestrocmf.com\/portal\/la-programacion-de-aula-desde-los-principios-de-la-neurociencia\/","url":"https:\/\/webdelmaestrocmf.com\/portal\/la-programacion-de-aula-desde-los-principios-de-la-neurociencia\/","name":"La Programaci\u00f3n de aula desde los principios de la Neurociencia - 2026","isPartOf":{"@id":"https:\/\/webdelmaestrocmf.com\/portal\/#website"},"primaryImageOfPage":{"@id":"https:\/\/webdelmaestrocmf.com\/portal\/la-programacion-de-aula-desde-los-principios-de-la-neurociencia\/#primaryimage"},"image":{"@id":"https:\/\/webdelmaestrocmf.com\/portal\/la-programacion-de-aula-desde-los-principios-de-la-neurociencia\/#primaryimage"},"thumbnailUrl":"https:\/\/webdelmaestrocmf.com\/portal\/wp-content\/uploads\/2023\/11\/A12B3C4D-5-2.jpg","datePublished":"2023-11-12T00:35:34+00:00","dateModified":"2023-11-13T15:09:30+00:00","description":"Descubre y aplica los principios de la neurociencia para mejorar la programaci\u00f3n de aula mediante la fusi\u00f3n de investigaci\u00f3n y pr\u00e1ctica.","breadcrumb":{"@id":"https:\/\/webdelmaestrocmf.com\/portal\/la-programacion-de-aula-desde-los-principios-de-la-neurociencia\/#breadcrumb"},"inLanguage":"es","potentialAction":[{"@type":"ReadAction","target":["https:\/\/webdelmaestrocmf.com\/portal\/la-programacion-de-aula-desde-los-principios-de-la-neurociencia\/"]}]},{"@type":"ImageObject","inLanguage":"es","@id":"https:\/\/webdelmaestrocmf.com\/portal\/la-programacion-de-aula-desde-los-principios-de-la-neurociencia\/#primaryimage","url":"https:\/\/webdelmaestrocmf.com\/portal\/wp-content\/uploads\/2023\/11\/A12B3C4D-5-2.jpg","contentUrl":"https:\/\/webdelmaestrocmf.com\/portal\/wp-content\/uploads\/2023\/11\/A12B3C4D-5-2.jpg","width":900,"height":556,"caption":"principios de la neurociencia"},{"@type":"BreadcrumbList","@id":"https:\/\/webdelmaestrocmf.com\/portal\/la-programacion-de-aula-desde-los-principios-de-la-neurociencia\/#breadcrumb","itemListElement":[{"@type":"ListItem","position":1,"name":"Portada","item":"https:\/\/webdelmaestrocmf.com\/portal\/"},{"@type":"ListItem","position":2,"name":"Recursos","item":"https:\/\/webdelmaestrocmf.com\/portal\/category\/pedagogia\/"},{"@type":"ListItem","position":3,"name":"Neurociencia","item":"https:\/\/webdelmaestrocmf.com\/portal\/category\/pedagogia\/neurociencia\/"},{"@type":"ListItem","position":4,"name":"La Programaci\u00f3n de aula desde los principios de la Neurociencia"}]},{"@type":"WebSite","@id":"https:\/\/webdelmaestrocmf.com\/portal\/#website","url":"https:\/\/webdelmaestrocmf.com\/portal\/","name":"Web del Maestro CMF","description":"Maestros al servicio de la educaci\u00f3n","publisher":{"@id":"https:\/\/webdelmaestrocmf.com\/portal\/#organization"},"alternateName":"WMCMF","potentialAction":[{"@type":"SearchAction","target":{"@type":"EntryPoint","urlTemplate":"https:\/\/webdelmaestrocmf.com\/portal\/?s={search_term_string}"},"query-input":{"@type":"PropertyValueSpecification","valueRequired":true,"valueName":"search_term_string"}}],"inLanguage":"es"},{"@type":"Organization","@id":"https:\/\/webdelmaestrocmf.com\/portal\/#organization","name":"Web del Maestro CMF","alternateName":"WMCMF","url":"https:\/\/webdelmaestrocmf.com\/portal\/","logo":{"@type":"ImageObject","inLanguage":"es","@id":"https:\/\/webdelmaestrocmf.com\/portal\/#\/schema\/logo\/image\/","url":"https:\/\/webdelmaestrocmf.com\/portal\/wp-content\/uploads\/2023\/01\/logo-wmcmf-2.png","contentUrl":"https:\/\/webdelmaestrocmf.com\/portal\/wp-content\/uploads\/2023\/01\/logo-wmcmf-2.png","width":200,"height":60,"caption":"Web del Maestro CMF"},"image":{"@id":"https:\/\/webdelmaestrocmf.com\/portal\/#\/schema\/logo\/image\/"},"sameAs":["https:\/\/www.facebook.com\/WebdelMaestroCMF\/","https:\/\/x.com\/cmf_w","https:\/\/www.pinterest.com\/WMCMF\/","https:\/\/www.linkedin.com\/company\/web-del-maestro-cmf\/","https:\/\/www.instagram.com\/wmcmf\/","https:\/\/www.youtube.com\/channel\/UCDPSvjbdodE5sHnC3OxutHw","https:\/\/mastodon.social\/@wmcmf","https:\/\/www.tiktok.com\/@webdelmaestrocmf"]},{"@type":"Person","@id":"https:\/\/webdelmaestrocmf.com\/portal\/#\/schema\/person\/1072a2ed7bd960df8ef99a551fa35dc5","name":"Web del Maestro CMF","image":{"@type":"ImageObject","inLanguage":"es","@id":"https:\/\/secure.gravatar.com\/avatar\/23291dd5b5ae1077dcff3dbb04c3e02bd28403fa75af6d8787d5e97c5bbbe30b?s=96&d=mm&r=g","url":"https:\/\/secure.gravatar.com\/avatar\/23291dd5b5ae1077dcff3dbb04c3e02bd28403fa75af6d8787d5e97c5bbbe30b?s=96&d=mm&r=g","contentUrl":"https:\/\/secure.gravatar.com\/avatar\/23291dd5b5ae1077dcff3dbb04c3e02bd28403fa75af6d8787d5e97c5bbbe30b?s=96&d=mm&r=g","caption":"Web del Maestro CMF"},"description":"Esta Web se cre\u00f3 sin fines de lucro, con fines educativos, cient\u00edficos y acad\u00e9micos, para personas que tengan dificultades y\/o inconvenientes en visualizar el material original. El objetivo es entregar recursos, compartir experiencias y materiales que ayuden a los padres de familia, maestros y estudiantes en su actualizaci\u00f3n y formaci\u00f3n permanente, en bien de la Educaci\u00f3n.","sameAs":["http:\/\/webdelmaestrocmf.com\/portal","https:\/\/www.facebook.com\/WebdelMaestroCMF\/","https:\/\/www.instagram.com\/wmcmf\/","https:\/\/cl.linkedin.com\/company\/web-del-maestro-cmf","https:\/\/www.pinterest.com\/WMCMF\/publicaciones\/","https:\/\/x.com\/cmf_w","https:\/\/www.youtube.com\/@WMCMF"]}]}},"jetpack_featured_media_url":"https:\/\/webdelmaestrocmf.com\/portal\/wp-content\/uploads\/2023\/11\/A12B3C4D-5-2.jpg","jetpack_sharing_enabled":true,"jetpack-related-posts":[{"id":21491,"url":"https:\/\/webdelmaestrocmf.com\/portal\/aprenden-los-ninos\/","url_meta":{"origin":41767,"position":0},"title":"C\u00f3mo aprenden los ni\u00f1os","author":"Web del Maestro CMF","date":"25 febrero, 2025","format":false,"excerpt":"Comprendiendo el proceso de aprendizaje en los ni\u00f1os, nos adentramos en un fen\u00f3meno intrigante que ha capturado la atenci\u00f3n de padres, educadores y cient\u00edficos a lo largo de la historia. La capacidad asombrosa de los ni\u00f1os para adquirir conocimientos y habilidades a un ritmo acelerado no solo es notable, sino\u2026","rel":"","context":"En \u00abNeurociencia\u00bb","block_context":{"text":"Neurociencia","link":"https:\/\/webdelmaestrocmf.com\/portal\/category\/pedagogia\/neurociencia\/"},"img":{"alt_text":"","src":"https:\/\/i0.wp.com\/webdelmaestrocmf.com\/portal\/wp-content\/uploads\/2021\/04\/Banner-1-portada-imagen-10-1-23.jpg?resize=350%2C200&ssl=1","width":350,"height":200,"srcset":"https:\/\/i0.wp.com\/webdelmaestrocmf.com\/portal\/wp-content\/uploads\/2021\/04\/Banner-1-portada-imagen-10-1-23.jpg?resize=350%2C200&ssl=1 1x, https:\/\/i0.wp.com\/webdelmaestrocmf.com\/portal\/wp-content\/uploads\/2021\/04\/Banner-1-portada-imagen-10-1-23.jpg?resize=525%2C300&ssl=1 1.5x, https:\/\/i0.wp.com\/webdelmaestrocmf.com\/portal\/wp-content\/uploads\/2021\/04\/Banner-1-portada-imagen-10-1-23.jpg?resize=700%2C400&ssl=1 2x"},"classes":[]},{"id":27566,"url":"https:\/\/webdelmaestrocmf.com\/portal\/neurociencia-y-educacion-12-principios-que-todo-educador-deberia-conocer\/","url_meta":{"origin":41767,"position":1},"title":"Neuroeducaci\u00f3n: Principios que todo educador deber\u00eda conocer","author":"Web del Maestro CMF","date":"3 marzo, 2024","format":false,"excerpt":"Emp\u00edricamente se sabe que ninguna innovaci\u00f3n en los m\u00e9todos de ense\u00f1anza tendr\u00e1 \u00e9xito si no se entiende la forma en que aprenden los estudiantes y el propio docente. No obstante, a pesar de los avances en curr\u00edculo educativo \u2026se desconoce fehacientemente c\u00f3mo aprenden los alumnos. Como humanos, las emociones son\u2026","rel":"","context":"En \u00abNeurociencia\u00bb","block_context":{"text":"Neurociencia","link":"https:\/\/webdelmaestrocmf.com\/portal\/category\/pedagogia\/neurociencia\/"},"img":{"alt_text":"","src":"https:\/\/i0.wp.com\/webdelmaestrocmf.com\/portal\/wp-content\/uploads\/2020\/01\/Banner-1-portada-imagen-10-1-8.jpg?resize=350%2C200&ssl=1","width":350,"height":200,"srcset":"https:\/\/i0.wp.com\/webdelmaestrocmf.com\/portal\/wp-content\/uploads\/2020\/01\/Banner-1-portada-imagen-10-1-8.jpg?resize=350%2C200&ssl=1 1x, https:\/\/i0.wp.com\/webdelmaestrocmf.com\/portal\/wp-content\/uploads\/2020\/01\/Banner-1-portada-imagen-10-1-8.jpg?resize=525%2C300&ssl=1 1.5x, https:\/\/i0.wp.com\/webdelmaestrocmf.com\/portal\/wp-content\/uploads\/2020\/01\/Banner-1-portada-imagen-10-1-8.jpg?resize=700%2C400&ssl=1 2x"},"classes":[]},{"id":98266,"url":"https:\/\/webdelmaestrocmf.com\/portal\/andrea-goldin-la-memorizacion-promueve-el-desarrollo-de-habilidades-que-son-fundamentales-para-el-aprendizaje-y-el-exito-en-la-vida\/","url_meta":{"origin":41767,"position":2},"title":"Andrea Goldin: La memorizaci\u00f3n promueve el desarrollo de habilidades que son fundamentales para el aprendizaje y el \u00e9xito en la vida","author":"Web del Maestro CMF","date":"22 octubre, 2023","format":false,"excerpt":"\"Aprender de memoria\" o la memorizaci\u00f3n se refiere al proceso de memorizar informaci\u00f3n o contenido sin necesariamente comprender profundamente su significado. Implica recordar datos, hechos, f\u00f3rmulas o informaci\u00f3n de manera repetitiva hasta que puedan ser recuperados sin dificultad cuando sea necesario. Le invitamos a ver la entrevista completa en el\u2026","rel":"","context":"En \u00abEntrevistas\u00bb","block_context":{"text":"Entrevistas","link":"https:\/\/webdelmaestrocmf.com\/portal\/category\/noticias\/entrevistas\/"},"img":{"alt_text":"memorizaci\u00f3n","src":"https:\/\/i0.wp.com\/webdelmaestrocmf.com\/portal\/wp-content\/uploads\/2023\/10\/A12B3C4D-7-2.jpg?resize=350%2C200&ssl=1","width":350,"height":200,"srcset":"https:\/\/i0.wp.com\/webdelmaestrocmf.com\/portal\/wp-content\/uploads\/2023\/10\/A12B3C4D-7-2.jpg?resize=350%2C200&ssl=1 1x, https:\/\/i0.wp.com\/webdelmaestrocmf.com\/portal\/wp-content\/uploads\/2023\/10\/A12B3C4D-7-2.jpg?resize=525%2C300&ssl=1 1.5x, https:\/\/i0.wp.com\/webdelmaestrocmf.com\/portal\/wp-content\/uploads\/2023\/10\/A12B3C4D-7-2.jpg?resize=700%2C400&ssl=1 2x"},"classes":[]},{"id":24204,"url":"https:\/\/webdelmaestrocmf.com\/portal\/30-libros-neurociencia-docentes\/","url_meta":{"origin":41767,"position":3},"title":"Libros de Neurociencia y Neuroeducaci\u00f3n para docentes","author":"Web del Maestro CMF","date":"30 noviembre, 2023","format":false,"excerpt":"Aprovechando la proximidad de las vacaciones por navidad en las que muchos maestros, profesores y docentes seguramente dispondr\u00e1n de m\u00e1s tiempo libre, queremos recomendaros la lectura de algunos libros sobre \"Neurociencia y Neuroeducaci\u00f3n\" el cerebro humano que consideramos especialmente interesantes. Hemos querido elegir una obra representativa de algunos de los\u2026","rel":"","context":"En \u00abLibros\u00bb","block_context":{"text":"Libros","link":"https:\/\/webdelmaestrocmf.com\/portal\/category\/pedagogia\/libros\/"},"img":{"alt_text":"","src":"https:\/\/i0.wp.com\/webdelmaestrocmf.com\/portal\/wp-content\/uploads\/2023\/11\/1A-Banner-1-portada-imagen-10-1-2.jpg?resize=350%2C200&ssl=1","width":350,"height":200,"srcset":"https:\/\/i0.wp.com\/webdelmaestrocmf.com\/portal\/wp-content\/uploads\/2023\/11\/1A-Banner-1-portada-imagen-10-1-2.jpg?resize=350%2C200&ssl=1 1x, https:\/\/i0.wp.com\/webdelmaestrocmf.com\/portal\/wp-content\/uploads\/2023\/11\/1A-Banner-1-portada-imagen-10-1-2.jpg?resize=525%2C300&ssl=1 1.5x, https:\/\/i0.wp.com\/webdelmaestrocmf.com\/portal\/wp-content\/uploads\/2023\/11\/1A-Banner-1-portada-imagen-10-1-2.jpg?resize=700%2C400&ssl=1 2x"},"classes":[]},{"id":86556,"url":"https:\/\/webdelmaestrocmf.com\/portal\/neurociencia-y-neuroaprendizaje-nivelar-estados-emocionales-y-crear-un-aula-con-cerebro\/","url_meta":{"origin":41767,"position":4},"title":"Neurociencia y Neuroaprendizaje: Nivelar estados emocionales y crear un aula con cerebro","author":"Web del Maestro CMF","date":"2 abril, 2023","format":false,"excerpt":"Nivelar estados emocionales y crear un aula con cerebro es una danza constante entre las emociones y el aprendizaje. En este libro te encontrar\u00e1s con concepciones de las neurociencias y el neuroaprendizaje que te acercar\u00e1n a comprender de una manera m\u00e1s clara y sencilla por qu\u00e9, a veces, nuestros alumnos\u2026","rel":"","context":"En \u00abLibros\u00bb","block_context":{"text":"Libros","link":"https:\/\/webdelmaestrocmf.com\/portal\/category\/pedagogia\/libros\/"},"img":{"alt_text":"","src":"https:\/\/i0.wp.com\/webdelmaestrocmf.com\/portal\/wp-content\/uploads\/2023\/04\/A12B3C4D-67.jpg?resize=350%2C200&ssl=1","width":350,"height":200,"srcset":"https:\/\/i0.wp.com\/webdelmaestrocmf.com\/portal\/wp-content\/uploads\/2023\/04\/A12B3C4D-67.jpg?resize=350%2C200&ssl=1 1x, https:\/\/i0.wp.com\/webdelmaestrocmf.com\/portal\/wp-content\/uploads\/2023\/04\/A12B3C4D-67.jpg?resize=525%2C300&ssl=1 1.5x, https:\/\/i0.wp.com\/webdelmaestrocmf.com\/portal\/wp-content\/uploads\/2023\/04\/A12B3C4D-67.jpg?resize=700%2C400&ssl=1 2x"},"classes":[]},{"id":18031,"url":"https:\/\/webdelmaestrocmf.com\/portal\/10-mejores-paginas-neuroeducacion\/","url_meta":{"origin":41767,"position":5},"title":"Las mejores p\u00e1ginas de neuroeducaci\u00f3n para docentes","author":"Web del Maestro CMF","date":"9 octubre, 2021","format":false,"excerpt":"La\u00a0Neuroeducaci\u00f3n, un componente de Mente, Cerebro y Educaci\u00f3n\u00a0\u00a0que es un campo cient\u00edfico emergente el cual junta las investigaciones de la neurociencia cognitiva, neurociencia del desarrollo cognitivo, psicolog\u00eda educativa, tecnolog\u00eda educativa, teor\u00eda de la educaci\u00f3n y otras disciplinas relacionadas para explorar las interacciones entre los procesos biol\u00f3gicos y la educaci\u00f3n. Investigadores\u2026","rel":"","context":"En \u00abNeurociencia\u00bb","block_context":{"text":"Neurociencia","link":"https:\/\/webdelmaestrocmf.com\/portal\/category\/pedagogia\/neurociencia\/"},"img":{"alt_text":"","src":"https:\/\/i0.wp.com\/webdelmaestrocmf.com\/portal\/wp-content\/uploads\/2021\/05\/1-178.jpg?resize=350%2C200&ssl=1","width":350,"height":200,"srcset":"https:\/\/i0.wp.com\/webdelmaestrocmf.com\/portal\/wp-content\/uploads\/2021\/05\/1-178.jpg?resize=350%2C200&ssl=1 1x, https:\/\/i0.wp.com\/webdelmaestrocmf.com\/portal\/wp-content\/uploads\/2021\/05\/1-178.jpg?resize=525%2C300&ssl=1 1.5x, https:\/\/i0.wp.com\/webdelmaestrocmf.com\/portal\/wp-content\/uploads\/2021\/05\/1-178.jpg?resize=700%2C400&ssl=1 2x, https:\/\/i0.wp.com\/webdelmaestrocmf.com\/portal\/wp-content\/uploads\/2021\/05\/1-178.jpg?resize=1050%2C600&ssl=1 3x"},"classes":[]}],"_links":{"self":[{"href":"https:\/\/webdelmaestrocmf.com\/portal\/wp-json\/wp\/v2\/posts\/41767","targetHints":{"allow":["GET"]}}],"collection":[{"href":"https:\/\/webdelmaestrocmf.com\/portal\/wp-json\/wp\/v2\/posts"}],"about":[{"href":"https:\/\/webdelmaestrocmf.com\/portal\/wp-json\/wp\/v2\/types\/post"}],"author":[{"embeddable":true,"href":"https:\/\/webdelmaestrocmf.com\/portal\/wp-json\/wp\/v2\/users\/1"}],"replies":[{"embeddable":true,"href":"https:\/\/webdelmaestrocmf.com\/portal\/wp-json\/wp\/v2\/comments?post=41767"}],"version-history":[{"count":0,"href":"https:\/\/webdelmaestrocmf.com\/portal\/wp-json\/wp\/v2\/posts\/41767\/revisions"}],"wp:featuredmedia":[{"embeddable":true,"href":"https:\/\/webdelmaestrocmf.com\/portal\/wp-json\/wp\/v2\/media\/99912"}],"wp:attachment":[{"href":"https:\/\/webdelmaestrocmf.com\/portal\/wp-json\/wp\/v2\/media?parent=41767"}],"wp:term":[{"taxonomy":"category","embeddable":true,"href":"https:\/\/webdelmaestrocmf.com\/portal\/wp-json\/wp\/v2\/categories?post=41767"},{"taxonomy":"post_tag","embeddable":true,"href":"https:\/\/webdelmaestrocmf.com\/portal\/wp-json\/wp\/v2\/tags?post=41767"}],"curies":[{"name":"wp","href":"https:\/\/api.w.org\/{rel}","templated":true}]}}