{"id":41573,"date":"2019-11-14T13:30:49","date_gmt":"2019-11-14T16:30:49","guid":{"rendered":"https:\/\/webdelmaestrocmf.com\/portal\/?p=41573"},"modified":"2022-11-04T11:46:18","modified_gmt":"2022-11-04T14:46:18","slug":"anthony-rios-que-pasa-con-la-infancia-la-escuela-la-familia-y-la-comunidad","status":"publish","type":"post","link":"https:\/\/webdelmaestrocmf.com\/portal\/anthony-rios-que-pasa-con-la-infancia-la-escuela-la-familia-y-la-comunidad\/","title":{"rendered":"[Anthony R\u00edos] \u00bfQu\u00e9 pasa con la infancia, la escuela, la familia y la comunidad?"},"content":{"rendered":"<h5 style=\"text-align: justify;\">Muchos nos preguntamos qu\u00e9 sucede con los nuestros ni\u00f1os hoy en d\u00eda, \u00faltimamente se ven en las calles haciendo cosas inapropiadas, pidiendo monedas, otros vendiendo golosinas, limpiando vidrios de carros, menores en las guerras empu\u00f1ando un fusil, vemos \u00faltimamente ni\u00f1os criando ni\u00f1os (EMBARAZOS PREMATUROS).<\/h5>\n<p><!--more--><\/p>\n<p style=\"text-align: justify;\">Ni\u00f1os que no soportan estar en casa, no se sienten felices en la escuela y se sienten condenados y marcados por la sociedad. \u00bfQu\u00e9 pudo haber pasado? Me atrever\u00eda a dar las siguientes conclusiones de porque la humanidad pierde un ni\u00f1o.<\/p>\n<h5 style=\"text-align: justify;\"><strong>LA FAMILIA<\/strong><\/h5>\n<ul style=\"text-align: justify;\">\n<li>El ni\u00f1o creci\u00f3 sin alguno de sus padres.<\/li>\n<li>El menor nunca recibi\u00f3 acompa\u00f1amiento familiar.<\/li>\n<li>Nunca fueron importantes sus preocupaciones para la familia.<\/li>\n<li>Nunca fue escuchado, ni corregido a tiempo.<\/li>\n<li>La calle lo educ\u00f3, lo form\u00f3 y lo perfil\u00f3.<\/li>\n<\/ul>\n<h5 style=\"text-align: justify;\"><strong>LA ESCUELA<\/strong><\/h5>\n<ul style=\"text-align: justify;\">\n<li>Se preocup\u00f3 por marcarlo con una calificaci\u00f3n.<\/li>\n<li>Lo tildo como un ni\u00f1o bueno o malo.<\/li>\n<li>Le dio m\u00e1s horas me matem\u00e1ticas y lenguaje, que de \u00e9tica y valores, art\u00edstica o deportes.<\/li>\n<li>Le hizo perder su asombro, fue un sujeto inactivo m\u00e1s.<\/li>\n<\/ul>\n<p style=\"text-align: justify;\"><img decoding=\"async\" src=\"https:\/\/webdelmaestrocmf.com\/portal\/wp-content\/uploads\/2019\/11\/3-4.jpg\" \/><\/p>\n<h5 style=\"text-align: justify;\"><strong>LA SOCIEDAD<\/strong><\/h5>\n<ul style=\"text-align: justify;\">\n<li>Le mostr\u00f3 y ense\u00f1\u00f3 cosas inadecuadas<\/li>\n<li>Lo tild\u00f3, lo marc\u00f3 y lo se\u00f1al\u00f3<\/li>\n<li>Lo menospreci\u00f3<\/li>\n<li>No lo acompa\u00f1\u00f3 en momentos de crisis.<\/li>\n<\/ul>\n<p style=\"text-align: justify;\">Todos somos responsables de la vida futura de nuestros ni\u00f1os, la familia, la escuela y la sociedad en general, no dejemos que luego todo se convierta en arrepentimientos.<\/p>\n<table border=\"0\" width=\"100%\" cellspacing=\"10\" cellpadding=\"10\">\n<tbody>\n<tr>\n<td style=\"text-align: center;\" width=\"30%\"><strong><img loading=\"lazy\" decoding=\"async\" class=\"size-full wp-image-40896 aligncenter\" src=\"https:\/\/webdelmaestrocmf.com\/portal\/wp-content\/uploads\/2019\/09\/1-66.jpg\" alt=\"\" width=\"200\" height=\"200\" srcset=\"https:\/\/webdelmaestrocmf.com\/portal\/wp-content\/uploads\/2019\/09\/1-66.jpg 200w, https:\/\/webdelmaestrocmf.com\/portal\/wp-content\/uploads\/2019\/09\/1-66-150x150.jpg 150w, https:\/\/webdelmaestrocmf.com\/portal\/wp-content\/uploads\/2019\/09\/1-66-80x80.jpg 80w, https:\/\/webdelmaestrocmf.com\/portal\/wp-content\/uploads\/2019\/09\/1-66-110x110.jpg 110w\" sizes=\"auto, (max-width: 200px) 100vw, 200px\" \/><br \/>\nAutor: <\/strong>Anthony Jos\u00e9 R\u00edos, pedagogo Colombiano.<br \/>\n<strong>Estudios:<\/strong> Licenciado en pedagog\u00eda infantil universidad de Pamplona Colombia<br \/>\n<strong>Experiencia laboral:<\/strong> Como docente de b\u00e1sica primaria coordinador acad\u00e9mico , formador de auxiliares de educaci\u00f3n infantil , coordinador de salidas pedag\u00f3gicas de campo , asesor de proyectos pedag\u00f3gicos , pasante Internacional en la Universidad de la Serena de Chile en educaci\u00f3n parvularia , actualmente proyect\u00e1ndose como tallerista y dise\u00f1o de art\u00edculos de opini\u00f3n en el campo de la educaci\u00f3n infantil.<br \/>\n<strong>Facebook:<\/strong> <a href=\"https:\/\/www.facebook.com\/anthonyvallenet\" target=\"_blank\" rel=\"noopener noreferrer\">anthonyvallenet<\/a><\/td>\n<\/tr>\n<\/tbody>\n<\/table>\n<p style=\"text-align: justify;\">.<\/p>\n\t\t<div class=\"pk-inline-posts\">\n\t\t\t\n\t\t\t<div class=\"pk-inline-posts-container pk-inline-posts-template-list\"\n\t\t\t\tdata-columns=\"1\">\n\t\t\t\t\t\t<article id=\"post-81716\" class=\"post-81716 post type-post status-publish format-standard has-post-thumbnail category-colaborador category-z-colaboradores-anthony-jose-rios tag-anthony-jose-rios tag-disfracen tag-infantil tag-malatrato tag-redes tag-sociales cs-entry cs-video-wrap\">\n\t\t\t<div class=\"pk-post-outer\">\n\n\t\t\t\t\t\t\t\t<div class=\"pk-post-inner\">\n\t\t\t\t\t<div class=\"entry-thumbnail\">\n\t\t\t\t\t\t<div class=\"pk-overlay pk-overlay-ratio pk-ratio-landscape\">\n\t\t\t\t\t\t\t<div class=\"pk-overlay-background\">\n\t\t\t\t\t\t\t\t<a href=\"https:\/\/webdelmaestrocmf.com\/portal\/anthony-jose-rios-que-las-redes-sociales-no-disfracen-el-maltrato-infantil-2\/\" class=\"pk-overlay-link\">\n\t\t\t\t\t\t\t\t\t<img loading=\"lazy\" decoding=\"async\" width=\"300\" height=\"225\" src=\"https:\/\/webdelmaestrocmf.com\/portal\/wp-content\/uploads\/2022\/12\/1-15-300x225.jpg\" class=\"attachment-pk-thumbnail size-pk-thumbnail wp-post-image\" alt=\"\" \/>\t\t\t\t\t\t\t\t<\/a>\n\t\t\t\t\t\t\t<\/div>\n\t\t\t\t\t\t<\/div>\n\t\t\t\t\t<\/div>\n\t\t\t\t<\/div>\n\t\t\t\t\n\t\t\t\t<div class=\"pk-post-inner\">\n\t\t\t\t\t<header>\n\t\t\t\t\t\t<h3 class=\"pk-title\"><a href=\"https:\/\/webdelmaestrocmf.com\/portal\/anthony-jose-rios-que-las-redes-sociales-no-disfracen-el-maltrato-infantil-2\/\" rel=\"bookmark\">[Anthony Jos\u00e9 R\u00edos] Que las redes sociales no disfracen el maltrato infantil<\/a><\/h3>\t\t\t\t\t<\/header><!-- .entry-header -->\n\t\t\t\t<\/div><!-- .post-inner -->\n\n\t\t\t<\/div><!-- .post-outer -->\n\t\t<\/article>\n\t\t\t\t<\/div>\n\t\t<\/div>\n\t\t\n","protected":false},"excerpt":{"rendered":"Muchos nos preguntamos qu\u00e9 sucede con los nuestros ni\u00f1os hoy en d\u00eda, \u00faltimamente se ven en las calles&hellip;","protected":false},"author":1,"featured_media":41574,"comment_status":"open","ping_status":"closed","sticky":false,"template":"","format":"standard","meta":{"csco_display_header_overlay":false,"csco_singular_sidebar":"default","csco_page_header_type":"default","csco_page_load_nextpost":"default","csco_post_video_location":[],"csco_post_video_location_hash":"","csco_post_video_url":"","csco_post_video_bg_start_time":0,"csco_post_video_bg_end_time":0,"csco_post_video_bg_volume":false,"_jetpack_memberships_contains_paid_content":false,"footnotes":""},"categories":[1790,4454],"tags":[4485,1558,228,97,673],"class_list":{"0":"post-41573","1":"post","2":"type-post","3":"status-publish","4":"format-standard","5":"has-post-thumbnail","7":"category-colaborador","8":"category-z-colaboradores-anthony-jose-rios","9":"tag-anthony-rios","10":"tag-comunidad","11":"tag-escuela","12":"tag-familia","13":"tag-infancia","14":"cs-entry","15":"cs-video-wrap"},"yoast_head":"<!-- This site is optimized with the Yoast SEO plugin v27.5 - https:\/\/yoast.com\/product\/yoast-seo-wordpress\/ -->\n<title>[Anthony R\u00edos] \u00bfQu\u00e9 pasa con la infancia, la escuela, la familia y la comunidad? - 2026<\/title>\n<meta name=\"description\" content=\"Muchos nos preguntamos qu\u00e9 sucede con los nuestros ni\u00f1os hoy en d\u00eda, \u00faltimamente se ven en las calles haciendo cosas inapropiadas, pidiendo...\" \/>\n<meta name=\"robots\" content=\"index, follow, max-snippet:-1, max-image-preview:large, max-video-preview:-1\" \/>\n<link rel=\"canonical\" href=\"https:\/\/webdelmaestrocmf.com\/portal\/anthony-rios-que-pasa-con-la-infancia-la-escuela-la-familia-y-la-comunidad\/\" \/>\n<meta property=\"og:locale\" content=\"es_ES\" \/>\n<meta property=\"og:type\" content=\"article\" \/>\n<meta property=\"og:title\" content=\"[Anthony R\u00edos] \u00bfQu\u00e9 pasa con la infancia, la escuela, la familia y la comunidad? - 2026\" \/>\n<meta property=\"og:description\" content=\"Muchos nos preguntamos qu\u00e9 sucede con los nuestros ni\u00f1os hoy en d\u00eda, \u00faltimamente se ven en las calles haciendo cosas inapropiadas, pidiendo...\" \/>\n<meta property=\"og:url\" content=\"https:\/\/webdelmaestrocmf.com\/portal\/anthony-rios-que-pasa-con-la-infancia-la-escuela-la-familia-y-la-comunidad\/\" \/>\n<meta property=\"og:site_name\" content=\"Web del Maestro CMF\" \/>\n<meta property=\"article:publisher\" content=\"https:\/\/www.facebook.com\/WebdelMaestroCMF\/\" \/>\n<meta property=\"article:author\" content=\"https:\/\/www.facebook.com\/WebdelMaestroCMF\/\" \/>\n<meta property=\"article:published_time\" content=\"2019-11-14T16:30:49+00:00\" \/>\n<meta property=\"article:modified_time\" content=\"2022-11-04T14:46:18+00:00\" \/>\n<meta property=\"og:image\" content=\"https:\/\/i0.wp.com\/webdelmaestrocmf.com\/portal\/wp-content\/uploads\/2019\/11\/1-37.jpg?fit=1100%2C680&ssl=1\" \/>\n\t<meta property=\"og:image:width\" content=\"1100\" \/>\n\t<meta property=\"og:image:height\" content=\"680\" \/>\n\t<meta property=\"og:image:type\" content=\"image\/jpeg\" \/>\n<meta name=\"author\" content=\"Web del Maestro CMF\" \/>\n<meta name=\"twitter:card\" content=\"summary_large_image\" \/>\n<meta name=\"twitter:creator\" content=\"@cmf_w\" \/>\n<meta name=\"twitter:site\" content=\"@cmf_w\" \/>\n<script type=\"application\/ld+json\" class=\"yoast-schema-graph\">{\"@context\":\"https:\\\/\\\/schema.org\",\"@graph\":[{\"@type\":\"ScholarlyArticle\",\"@id\":\"https:\\\/\\\/webdelmaestrocmf.com\\\/portal\\\/anthony-rios-que-pasa-con-la-infancia-la-escuela-la-familia-y-la-comunidad\\\/#article\",\"isPartOf\":{\"@id\":\"https:\\\/\\\/webdelmaestrocmf.com\\\/portal\\\/anthony-rios-que-pasa-con-la-infancia-la-escuela-la-familia-y-la-comunidad\\\/\"},\"author\":{\"name\":\"Web del Maestro CMF\",\"@id\":\"https:\\\/\\\/webdelmaestrocmf.com\\\/portal\\\/#\\\/schema\\\/person\\\/1072a2ed7bd960df8ef99a551fa35dc5\"},\"headline\":\"[Anthony R\u00edos] \u00bfQu\u00e9 pasa con la infancia, la escuela, la familia y la comunidad?\",\"datePublished\":\"2019-11-14T16:30:49+00:00\",\"dateModified\":\"2022-11-04T14:46:18+00:00\",\"mainEntityOfPage\":{\"@id\":\"https:\\\/\\\/webdelmaestrocmf.com\\\/portal\\\/anthony-rios-que-pasa-con-la-infancia-la-escuela-la-familia-y-la-comunidad\\\/\"},\"wordCount\":340,\"commentCount\":1,\"publisher\":{\"@id\":\"https:\\\/\\\/webdelmaestrocmf.com\\\/portal\\\/#organization\"},\"image\":{\"@id\":\"https:\\\/\\\/webdelmaestrocmf.com\\\/portal\\\/anthony-rios-que-pasa-con-la-infancia-la-escuela-la-familia-y-la-comunidad\\\/#primaryimage\"},\"thumbnailUrl\":\"https:\\\/\\\/webdelmaestrocmf.com\\\/portal\\\/wp-content\\\/uploads\\\/2019\\\/11\\\/1-37.jpg\",\"keywords\":[\"Anthony R\u00edos\",\"COMUNIDAD\",\"escuela\",\"familia\",\"infancia\"],\"articleSection\":[\"Z-Colaboradores\",\"Z-Colaboradores-Anthony-Jos\u00e9-R\u00edos\"],\"inLanguage\":\"es\",\"potentialAction\":[{\"@type\":\"CommentAction\",\"name\":\"Comment\",\"target\":[\"https:\\\/\\\/webdelmaestrocmf.com\\\/portal\\\/anthony-rios-que-pasa-con-la-infancia-la-escuela-la-familia-y-la-comunidad\\\/#respond\"]}]},{\"@type\":\"WebPage\",\"@id\":\"https:\\\/\\\/webdelmaestrocmf.com\\\/portal\\\/anthony-rios-que-pasa-con-la-infancia-la-escuela-la-familia-y-la-comunidad\\\/\",\"url\":\"https:\\\/\\\/webdelmaestrocmf.com\\\/portal\\\/anthony-rios-que-pasa-con-la-infancia-la-escuela-la-familia-y-la-comunidad\\\/\",\"name\":\"[Anthony R\u00edos] \u00bfQu\u00e9 pasa con la infancia, la escuela, la familia y la comunidad? - 2026\",\"isPartOf\":{\"@id\":\"https:\\\/\\\/webdelmaestrocmf.com\\\/portal\\\/#website\"},\"primaryImageOfPage\":{\"@id\":\"https:\\\/\\\/webdelmaestrocmf.com\\\/portal\\\/anthony-rios-que-pasa-con-la-infancia-la-escuela-la-familia-y-la-comunidad\\\/#primaryimage\"},\"image\":{\"@id\":\"https:\\\/\\\/webdelmaestrocmf.com\\\/portal\\\/anthony-rios-que-pasa-con-la-infancia-la-escuela-la-familia-y-la-comunidad\\\/#primaryimage\"},\"thumbnailUrl\":\"https:\\\/\\\/webdelmaestrocmf.com\\\/portal\\\/wp-content\\\/uploads\\\/2019\\\/11\\\/1-37.jpg\",\"datePublished\":\"2019-11-14T16:30:49+00:00\",\"dateModified\":\"2022-11-04T14:46:18+00:00\",\"description\":\"Muchos nos preguntamos qu\u00e9 sucede con los nuestros ni\u00f1os hoy en d\u00eda, \u00faltimamente se ven en las calles haciendo cosas inapropiadas, pidiendo...\",\"breadcrumb\":{\"@id\":\"https:\\\/\\\/webdelmaestrocmf.com\\\/portal\\\/anthony-rios-que-pasa-con-la-infancia-la-escuela-la-familia-y-la-comunidad\\\/#breadcrumb\"},\"inLanguage\":\"es\",\"potentialAction\":[{\"@type\":\"ReadAction\",\"target\":[\"https:\\\/\\\/webdelmaestrocmf.com\\\/portal\\\/anthony-rios-que-pasa-con-la-infancia-la-escuela-la-familia-y-la-comunidad\\\/\"]}]},{\"@type\":\"ImageObject\",\"inLanguage\":\"es\",\"@id\":\"https:\\\/\\\/webdelmaestrocmf.com\\\/portal\\\/anthony-rios-que-pasa-con-la-infancia-la-escuela-la-familia-y-la-comunidad\\\/#primaryimage\",\"url\":\"https:\\\/\\\/webdelmaestrocmf.com\\\/portal\\\/wp-content\\\/uploads\\\/2019\\\/11\\\/1-37.jpg\",\"contentUrl\":\"https:\\\/\\\/webdelmaestrocmf.com\\\/portal\\\/wp-content\\\/uploads\\\/2019\\\/11\\\/1-37.jpg\",\"width\":1100,\"height\":680},{\"@type\":\"BreadcrumbList\",\"@id\":\"https:\\\/\\\/webdelmaestrocmf.com\\\/portal\\\/anthony-rios-que-pasa-con-la-infancia-la-escuela-la-familia-y-la-comunidad\\\/#breadcrumb\",\"itemListElement\":[{\"@type\":\"ListItem\",\"position\":1,\"name\":\"Portada\",\"item\":\"https:\\\/\\\/webdelmaestrocmf.com\\\/portal\\\/\"},{\"@type\":\"ListItem\",\"position\":2,\"name\":\"Z-Colaboradores\",\"item\":\"https:\\\/\\\/webdelmaestrocmf.com\\\/portal\\\/category\\\/colaborador\\\/\"},{\"@type\":\"ListItem\",\"position\":3,\"name\":\"[Anthony R\u00edos] \u00bfQu\u00e9 pasa con la infancia, la escuela, la familia y la comunidad?\"}]},{\"@type\":\"WebSite\",\"@id\":\"https:\\\/\\\/webdelmaestrocmf.com\\\/portal\\\/#website\",\"url\":\"https:\\\/\\\/webdelmaestrocmf.com\\\/portal\\\/\",\"name\":\"Web del Maestro CMF\",\"description\":\"Maestros al servicio de la educaci\u00f3n\",\"publisher\":{\"@id\":\"https:\\\/\\\/webdelmaestrocmf.com\\\/portal\\\/#organization\"},\"alternateName\":\"WMCMF\",\"potentialAction\":[{\"@type\":\"SearchAction\",\"target\":{\"@type\":\"EntryPoint\",\"urlTemplate\":\"https:\\\/\\\/webdelmaestrocmf.com\\\/portal\\\/?s={search_term_string}\"},\"query-input\":{\"@type\":\"PropertyValueSpecification\",\"valueRequired\":true,\"valueName\":\"search_term_string\"}}],\"inLanguage\":\"es\"},{\"@type\":\"Organization\",\"@id\":\"https:\\\/\\\/webdelmaestrocmf.com\\\/portal\\\/#organization\",\"name\":\"Web del Maestro CMF\",\"alternateName\":\"WMCMF\",\"url\":\"https:\\\/\\\/webdelmaestrocmf.com\\\/portal\\\/\",\"logo\":{\"@type\":\"ImageObject\",\"inLanguage\":\"es\",\"@id\":\"https:\\\/\\\/webdelmaestrocmf.com\\\/portal\\\/#\\\/schema\\\/logo\\\/image\\\/\",\"url\":\"https:\\\/\\\/webdelmaestrocmf.com\\\/portal\\\/wp-content\\\/uploads\\\/2023\\\/01\\\/logo-wmcmf-2.png\",\"contentUrl\":\"https:\\\/\\\/webdelmaestrocmf.com\\\/portal\\\/wp-content\\\/uploads\\\/2023\\\/01\\\/logo-wmcmf-2.png\",\"width\":200,\"height\":60,\"caption\":\"Web del Maestro CMF\"},\"image\":{\"@id\":\"https:\\\/\\\/webdelmaestrocmf.com\\\/portal\\\/#\\\/schema\\\/logo\\\/image\\\/\"},\"sameAs\":[\"https:\\\/\\\/www.facebook.com\\\/WebdelMaestroCMF\\\/\",\"https:\\\/\\\/x.com\\\/cmf_w\",\"https:\\\/\\\/www.pinterest.com\\\/WMCMF\\\/\",\"https:\\\/\\\/www.linkedin.com\\\/company\\\/web-del-maestro-cmf\\\/\",\"https:\\\/\\\/www.instagram.com\\\/wmcmf\\\/\",\"https:\\\/\\\/www.youtube.com\\\/channel\\\/UCDPSvjbdodE5sHnC3OxutHw\",\"https:\\\/\\\/mastodon.social\\\/@wmcmf\",\"https:\\\/\\\/www.tiktok.com\\\/@webdelmaestrocmf\"]},{\"@type\":\"Person\",\"@id\":\"https:\\\/\\\/webdelmaestrocmf.com\\\/portal\\\/#\\\/schema\\\/person\\\/1072a2ed7bd960df8ef99a551fa35dc5\",\"name\":\"Web del Maestro CMF\",\"image\":{\"@type\":\"ImageObject\",\"inLanguage\":\"es\",\"@id\":\"https:\\\/\\\/secure.gravatar.com\\\/avatar\\\/23291dd5b5ae1077dcff3dbb04c3e02bd28403fa75af6d8787d5e97c5bbbe30b?s=96&d=mm&r=g\",\"url\":\"https:\\\/\\\/secure.gravatar.com\\\/avatar\\\/23291dd5b5ae1077dcff3dbb04c3e02bd28403fa75af6d8787d5e97c5bbbe30b?s=96&d=mm&r=g\",\"contentUrl\":\"https:\\\/\\\/secure.gravatar.com\\\/avatar\\\/23291dd5b5ae1077dcff3dbb04c3e02bd28403fa75af6d8787d5e97c5bbbe30b?s=96&d=mm&r=g\",\"caption\":\"Web del Maestro CMF\"},\"description\":\"Esta Web se cre\u00f3 sin fines de lucro, con fines educativos, cient\u00edficos y acad\u00e9micos, para personas que tengan dificultades y\\\/o inconvenientes en visualizar el material original. El objetivo es entregar recursos, compartir experiencias y materiales que ayuden a los padres de familia, maestros y estudiantes en su actualizaci\u00f3n y formaci\u00f3n permanente, en bien de la Educaci\u00f3n.\",\"sameAs\":[\"http:\\\/\\\/webdelmaestrocmf.com\\\/portal\",\"https:\\\/\\\/www.facebook.com\\\/WebdelMaestroCMF\\\/\",\"https:\\\/\\\/www.instagram.com\\\/wmcmf\\\/\",\"https:\\\/\\\/cl.linkedin.com\\\/company\\\/web-del-maestro-cmf\",\"https:\\\/\\\/www.pinterest.com\\\/WMCMF\\\/publicaciones\\\/\",\"https:\\\/\\\/x.com\\\/cmf_w\",\"https:\\\/\\\/www.youtube.com\\\/@WMCMF\"]}]}<\/script>\n<!-- \/ Yoast SEO plugin. -->","yoast_head_json":{"title":"[Anthony R\u00edos] \u00bfQu\u00e9 pasa con la infancia, la escuela, la familia y la comunidad? - 2026","description":"Muchos nos preguntamos qu\u00e9 sucede con los nuestros ni\u00f1os hoy en d\u00eda, \u00faltimamente se ven en las calles haciendo cosas inapropiadas, pidiendo...","robots":{"index":"index","follow":"follow","max-snippet":"max-snippet:-1","max-image-preview":"max-image-preview:large","max-video-preview":"max-video-preview:-1"},"canonical":"https:\/\/webdelmaestrocmf.com\/portal\/anthony-rios-que-pasa-con-la-infancia-la-escuela-la-familia-y-la-comunidad\/","og_locale":"es_ES","og_type":"article","og_title":"[Anthony R\u00edos] \u00bfQu\u00e9 pasa con la infancia, la escuela, la familia y la comunidad? - 2026","og_description":"Muchos nos preguntamos qu\u00e9 sucede con los nuestros ni\u00f1os hoy en d\u00eda, \u00faltimamente se ven en las calles haciendo cosas inapropiadas, pidiendo...","og_url":"https:\/\/webdelmaestrocmf.com\/portal\/anthony-rios-que-pasa-con-la-infancia-la-escuela-la-familia-y-la-comunidad\/","og_site_name":"Web del Maestro CMF","article_publisher":"https:\/\/www.facebook.com\/WebdelMaestroCMF\/","article_author":"https:\/\/www.facebook.com\/WebdelMaestroCMF\/","article_published_time":"2019-11-14T16:30:49+00:00","article_modified_time":"2022-11-04T14:46:18+00:00","og_image":[{"width":1100,"height":680,"url":"https:\/\/i0.wp.com\/webdelmaestrocmf.com\/portal\/wp-content\/uploads\/2019\/11\/1-37.jpg?fit=1100%2C680&ssl=1","type":"image\/jpeg"}],"author":"Web del Maestro CMF","twitter_card":"summary_large_image","twitter_creator":"@cmf_w","twitter_site":"@cmf_w","schema":{"@context":"https:\/\/schema.org","@graph":[{"@type":"ScholarlyArticle","@id":"https:\/\/webdelmaestrocmf.com\/portal\/anthony-rios-que-pasa-con-la-infancia-la-escuela-la-familia-y-la-comunidad\/#article","isPartOf":{"@id":"https:\/\/webdelmaestrocmf.com\/portal\/anthony-rios-que-pasa-con-la-infancia-la-escuela-la-familia-y-la-comunidad\/"},"author":{"name":"Web del Maestro CMF","@id":"https:\/\/webdelmaestrocmf.com\/portal\/#\/schema\/person\/1072a2ed7bd960df8ef99a551fa35dc5"},"headline":"[Anthony R\u00edos] \u00bfQu\u00e9 pasa con la infancia, la escuela, la familia y la comunidad?","datePublished":"2019-11-14T16:30:49+00:00","dateModified":"2022-11-04T14:46:18+00:00","mainEntityOfPage":{"@id":"https:\/\/webdelmaestrocmf.com\/portal\/anthony-rios-que-pasa-con-la-infancia-la-escuela-la-familia-y-la-comunidad\/"},"wordCount":340,"commentCount":1,"publisher":{"@id":"https:\/\/webdelmaestrocmf.com\/portal\/#organization"},"image":{"@id":"https:\/\/webdelmaestrocmf.com\/portal\/anthony-rios-que-pasa-con-la-infancia-la-escuela-la-familia-y-la-comunidad\/#primaryimage"},"thumbnailUrl":"https:\/\/webdelmaestrocmf.com\/portal\/wp-content\/uploads\/2019\/11\/1-37.jpg","keywords":["Anthony R\u00edos","COMUNIDAD","escuela","familia","infancia"],"articleSection":["Z-Colaboradores","Z-Colaboradores-Anthony-Jos\u00e9-R\u00edos"],"inLanguage":"es","potentialAction":[{"@type":"CommentAction","name":"Comment","target":["https:\/\/webdelmaestrocmf.com\/portal\/anthony-rios-que-pasa-con-la-infancia-la-escuela-la-familia-y-la-comunidad\/#respond"]}]},{"@type":"WebPage","@id":"https:\/\/webdelmaestrocmf.com\/portal\/anthony-rios-que-pasa-con-la-infancia-la-escuela-la-familia-y-la-comunidad\/","url":"https:\/\/webdelmaestrocmf.com\/portal\/anthony-rios-que-pasa-con-la-infancia-la-escuela-la-familia-y-la-comunidad\/","name":"[Anthony R\u00edos] \u00bfQu\u00e9 pasa con la infancia, la escuela, la familia y la comunidad? - 2026","isPartOf":{"@id":"https:\/\/webdelmaestrocmf.com\/portal\/#website"},"primaryImageOfPage":{"@id":"https:\/\/webdelmaestrocmf.com\/portal\/anthony-rios-que-pasa-con-la-infancia-la-escuela-la-familia-y-la-comunidad\/#primaryimage"},"image":{"@id":"https:\/\/webdelmaestrocmf.com\/portal\/anthony-rios-que-pasa-con-la-infancia-la-escuela-la-familia-y-la-comunidad\/#primaryimage"},"thumbnailUrl":"https:\/\/webdelmaestrocmf.com\/portal\/wp-content\/uploads\/2019\/11\/1-37.jpg","datePublished":"2019-11-14T16:30:49+00:00","dateModified":"2022-11-04T14:46:18+00:00","description":"Muchos nos preguntamos qu\u00e9 sucede con los nuestros ni\u00f1os hoy en d\u00eda, \u00faltimamente se ven en las calles haciendo cosas inapropiadas, pidiendo...","breadcrumb":{"@id":"https:\/\/webdelmaestrocmf.com\/portal\/anthony-rios-que-pasa-con-la-infancia-la-escuela-la-familia-y-la-comunidad\/#breadcrumb"},"inLanguage":"es","potentialAction":[{"@type":"ReadAction","target":["https:\/\/webdelmaestrocmf.com\/portal\/anthony-rios-que-pasa-con-la-infancia-la-escuela-la-familia-y-la-comunidad\/"]}]},{"@type":"ImageObject","inLanguage":"es","@id":"https:\/\/webdelmaestrocmf.com\/portal\/anthony-rios-que-pasa-con-la-infancia-la-escuela-la-familia-y-la-comunidad\/#primaryimage","url":"https:\/\/webdelmaestrocmf.com\/portal\/wp-content\/uploads\/2019\/11\/1-37.jpg","contentUrl":"https:\/\/webdelmaestrocmf.com\/portal\/wp-content\/uploads\/2019\/11\/1-37.jpg","width":1100,"height":680},{"@type":"BreadcrumbList","@id":"https:\/\/webdelmaestrocmf.com\/portal\/anthony-rios-que-pasa-con-la-infancia-la-escuela-la-familia-y-la-comunidad\/#breadcrumb","itemListElement":[{"@type":"ListItem","position":1,"name":"Portada","item":"https:\/\/webdelmaestrocmf.com\/portal\/"},{"@type":"ListItem","position":2,"name":"Z-Colaboradores","item":"https:\/\/webdelmaestrocmf.com\/portal\/category\/colaborador\/"},{"@type":"ListItem","position":3,"name":"[Anthony R\u00edos] \u00bfQu\u00e9 pasa con la infancia, la escuela, la familia y la comunidad?"}]},{"@type":"WebSite","@id":"https:\/\/webdelmaestrocmf.com\/portal\/#website","url":"https:\/\/webdelmaestrocmf.com\/portal\/","name":"Web del Maestro CMF","description":"Maestros al servicio de la educaci\u00f3n","publisher":{"@id":"https:\/\/webdelmaestrocmf.com\/portal\/#organization"},"alternateName":"WMCMF","potentialAction":[{"@type":"SearchAction","target":{"@type":"EntryPoint","urlTemplate":"https:\/\/webdelmaestrocmf.com\/portal\/?s={search_term_string}"},"query-input":{"@type":"PropertyValueSpecification","valueRequired":true,"valueName":"search_term_string"}}],"inLanguage":"es"},{"@type":"Organization","@id":"https:\/\/webdelmaestrocmf.com\/portal\/#organization","name":"Web del Maestro CMF","alternateName":"WMCMF","url":"https:\/\/webdelmaestrocmf.com\/portal\/","logo":{"@type":"ImageObject","inLanguage":"es","@id":"https:\/\/webdelmaestrocmf.com\/portal\/#\/schema\/logo\/image\/","url":"https:\/\/webdelmaestrocmf.com\/portal\/wp-content\/uploads\/2023\/01\/logo-wmcmf-2.png","contentUrl":"https:\/\/webdelmaestrocmf.com\/portal\/wp-content\/uploads\/2023\/01\/logo-wmcmf-2.png","width":200,"height":60,"caption":"Web del Maestro CMF"},"image":{"@id":"https:\/\/webdelmaestrocmf.com\/portal\/#\/schema\/logo\/image\/"},"sameAs":["https:\/\/www.facebook.com\/WebdelMaestroCMF\/","https:\/\/x.com\/cmf_w","https:\/\/www.pinterest.com\/WMCMF\/","https:\/\/www.linkedin.com\/company\/web-del-maestro-cmf\/","https:\/\/www.instagram.com\/wmcmf\/","https:\/\/www.youtube.com\/channel\/UCDPSvjbdodE5sHnC3OxutHw","https:\/\/mastodon.social\/@wmcmf","https:\/\/www.tiktok.com\/@webdelmaestrocmf"]},{"@type":"Person","@id":"https:\/\/webdelmaestrocmf.com\/portal\/#\/schema\/person\/1072a2ed7bd960df8ef99a551fa35dc5","name":"Web del Maestro CMF","image":{"@type":"ImageObject","inLanguage":"es","@id":"https:\/\/secure.gravatar.com\/avatar\/23291dd5b5ae1077dcff3dbb04c3e02bd28403fa75af6d8787d5e97c5bbbe30b?s=96&d=mm&r=g","url":"https:\/\/secure.gravatar.com\/avatar\/23291dd5b5ae1077dcff3dbb04c3e02bd28403fa75af6d8787d5e97c5bbbe30b?s=96&d=mm&r=g","contentUrl":"https:\/\/secure.gravatar.com\/avatar\/23291dd5b5ae1077dcff3dbb04c3e02bd28403fa75af6d8787d5e97c5bbbe30b?s=96&d=mm&r=g","caption":"Web del Maestro CMF"},"description":"Esta Web se cre\u00f3 sin fines de lucro, con fines educativos, cient\u00edficos y acad\u00e9micos, para personas que tengan dificultades y\/o inconvenientes en visualizar el material original. El objetivo es entregar recursos, compartir experiencias y materiales que ayuden a los padres de familia, maestros y estudiantes en su actualizaci\u00f3n y formaci\u00f3n permanente, en bien de la Educaci\u00f3n.","sameAs":["http:\/\/webdelmaestrocmf.com\/portal","https:\/\/www.facebook.com\/WebdelMaestroCMF\/","https:\/\/www.instagram.com\/wmcmf\/","https:\/\/cl.linkedin.com\/company\/web-del-maestro-cmf","https:\/\/www.pinterest.com\/WMCMF\/publicaciones\/","https:\/\/x.com\/cmf_w","https:\/\/www.youtube.com\/@WMCMF"]}]}},"jetpack_featured_media_url":"https:\/\/webdelmaestrocmf.com\/portal\/wp-content\/uploads\/2019\/11\/1-37.jpg","jetpack_sharing_enabled":true,"jetpack-related-posts":[{"id":40890,"url":"https:\/\/webdelmaestrocmf.com\/portal\/anthony-jose-rios-la-educacion-en-las-cavernas\/","url_meta":{"origin":41573,"position":0},"title":"[Anthony Jos\u00e9 R\u00edos] La educaci\u00f3n en las cavernas","author":"Web del Maestro CMF","date":"23 septiembre, 2019","format":false,"excerpt":"Es triste ver como en la actualidad donde todo cambia, todo avanza, todo evoluciona, la educaci\u00f3n sigue estancada, sigue viviendo en el pasado. Se ha convertido en un simple negocio para unos y un total desinter\u00e9s para otros desde los mismos padres de familia, la comunidad y los sistemas educativos\u2026","rel":"","context":"En \u00abZ-Colaboradores\u00bb","block_context":{"text":"Z-Colaboradores","link":"https:\/\/webdelmaestrocmf.com\/portal\/category\/colaborador\/"},"img":{"alt_text":"","src":"https:\/\/i0.wp.com\/webdelmaestrocmf.com\/portal\/wp-content\/uploads\/2019\/09\/1-64.jpg?resize=350%2C200&ssl=1","width":350,"height":200,"srcset":"https:\/\/i0.wp.com\/webdelmaestrocmf.com\/portal\/wp-content\/uploads\/2019\/09\/1-64.jpg?resize=350%2C200&ssl=1 1x, https:\/\/i0.wp.com\/webdelmaestrocmf.com\/portal\/wp-content\/uploads\/2019\/09\/1-64.jpg?resize=525%2C300&ssl=1 1.5x, https:\/\/i0.wp.com\/webdelmaestrocmf.com\/portal\/wp-content\/uploads\/2019\/09\/1-64.jpg?resize=700%2C400&ssl=1 2x, https:\/\/i0.wp.com\/webdelmaestrocmf.com\/portal\/wp-content\/uploads\/2019\/09\/1-64.jpg?resize=1050%2C600&ssl=1 3x"},"classes":[]},{"id":81318,"url":"https:\/\/webdelmaestrocmf.com\/portal\/anthony-jose-rios-que-las-redes-sociales-no-disfracen-el-maltrato-infantil\/","url_meta":{"origin":41573,"position":1},"title":"[Anthony Jos\u00e9 R\u00edos] Que las redes sociales no disfracen el maltrato infantil","author":"Web del Maestro CMF","date":"4 noviembre, 2022","format":false,"excerpt":"Es muy com\u00fan ver en la actualidad una gran cantidad de redes sociales donde es posible compartir diferentes momentos capturados por el lente de una c\u00e1mara \u00a0como un cumplea\u00f1os, una reuni\u00f3n social, un grado, un d\u00eda de la madre, un aniversario, una boda .entre muchos otros espacios familiares y sociales\u2026","rel":"","context":"En \u00abZ-Colaboradores\u00bb","block_context":{"text":"Z-Colaboradores","link":"https:\/\/webdelmaestrocmf.com\/portal\/category\/colaborador\/"},"img":{"alt_text":"","src":"https:\/\/i0.wp.com\/webdelmaestrocmf.com\/portal\/wp-content\/uploads\/2022\/11\/1-2.jpg?resize=350%2C200&ssl=1","width":350,"height":200,"srcset":"https:\/\/i0.wp.com\/webdelmaestrocmf.com\/portal\/wp-content\/uploads\/2022\/11\/1-2.jpg?resize=350%2C200&ssl=1 1x, https:\/\/i0.wp.com\/webdelmaestrocmf.com\/portal\/wp-content\/uploads\/2022\/11\/1-2.jpg?resize=525%2C300&ssl=1 1.5x, https:\/\/i0.wp.com\/webdelmaestrocmf.com\/portal\/wp-content\/uploads\/2022\/11\/1-2.jpg?resize=700%2C400&ssl=1 2x"},"classes":[]},{"id":47070,"url":"https:\/\/webdelmaestrocmf.com\/portal\/anthony-jose-rios-el-covid-19-reprueba-la-educacion-infantil\/","url_meta":{"origin":41573,"position":2},"title":"[Anthony Jos\u00e9 R\u00edos] El Covid-19 reprueba la educaci\u00f3n infantil","author":"Web del Maestro CMF","date":"9 mayo, 2020","format":false,"excerpt":"Debido a esta pandemia que vivimos la educaci\u00f3n debi\u00f3 redise\u00f1arse y comenzar un proceso virtual que lamentablemente en gran parte del mundo y en especial en Am\u00e9rica no se estaba preparado para esta eventualidad, todo ha sido simplemente un completo caos. Profesores cargados de trabajo por orden de sus directivos\u2026","rel":"","context":"En \u00abZ-Colaboradores\u00bb","block_context":{"text":"Z-Colaboradores","link":"https:\/\/webdelmaestrocmf.com\/portal\/category\/colaborador\/"},"img":{"alt_text":"","src":"https:\/\/i0.wp.com\/webdelmaestrocmf.com\/portal\/wp-content\/uploads\/2020\/05\/1a-3.jpg?resize=350%2C200&ssl=1","width":350,"height":200,"srcset":"https:\/\/i0.wp.com\/webdelmaestrocmf.com\/portal\/wp-content\/uploads\/2020\/05\/1a-3.jpg?resize=350%2C200&ssl=1 1x, https:\/\/i0.wp.com\/webdelmaestrocmf.com\/portal\/wp-content\/uploads\/2020\/05\/1a-3.jpg?resize=525%2C300&ssl=1 1.5x, https:\/\/i0.wp.com\/webdelmaestrocmf.com\/portal\/wp-content\/uploads\/2020\/05\/1a-3.jpg?resize=700%2C400&ssl=1 2x, https:\/\/i0.wp.com\/webdelmaestrocmf.com\/portal\/wp-content\/uploads\/2020\/05\/1a-3.jpg?resize=1050%2C600&ssl=1 3x"},"classes":[]},{"id":81716,"url":"https:\/\/webdelmaestrocmf.com\/portal\/anthony-jose-rios-que-las-redes-sociales-no-disfracen-el-maltrato-infantil-2\/","url_meta":{"origin":41573,"position":3},"title":"[Anthony Jos\u00e9 R\u00edos] Que las redes sociales no disfracen el maltrato infantil","author":"Web del Maestro CMF","date":"13 diciembre, 2022","format":false,"excerpt":"Es muy com\u00fan ver en la actualidad una gran cantidad de redes sociales donde es posible compartir diferentes momentos capturados por el lente de una c\u00e1mara \u00a0como un cumplea\u00f1os, una reuni\u00f3n social, un grado, un d\u00eda de la madre, un aniversario, una boda .entre muchos otros espacios familiares y sociales\u2026","rel":"","context":"En \u00abZ-Colaboradores\u00bb","block_context":{"text":"Z-Colaboradores","link":"https:\/\/webdelmaestrocmf.com\/portal\/category\/colaborador\/"},"img":{"alt_text":"","src":"https:\/\/i0.wp.com\/webdelmaestrocmf.com\/portal\/wp-content\/uploads\/2022\/12\/1-15.jpg?resize=350%2C200&ssl=1","width":350,"height":200,"srcset":"https:\/\/i0.wp.com\/webdelmaestrocmf.com\/portal\/wp-content\/uploads\/2022\/12\/1-15.jpg?resize=350%2C200&ssl=1 1x, https:\/\/i0.wp.com\/webdelmaestrocmf.com\/portal\/wp-content\/uploads\/2022\/12\/1-15.jpg?resize=525%2C300&ssl=1 1.5x, https:\/\/i0.wp.com\/webdelmaestrocmf.com\/portal\/wp-content\/uploads\/2022\/12\/1-15.jpg?resize=700%2C400&ssl=1 2x"},"classes":[]},{"id":111591,"url":"https:\/\/webdelmaestrocmf.com\/portal\/grave-denuncia-en-escuela-de-los-lagos-educadora-es-acusada-de-encerrar-a-nino-de-5-anos-en-una-caja-y-sentarse-encima\/","url_meta":{"origin":41573,"position":4},"title":"Grave denuncia en escuela de Los Lagos: educadora es acusada de encerrar a ni\u00f1o de 5 a\u00f1os en una caja y sentarse encima","author":"Web del Maestro CMF","date":"29 julio, 2025","format":false,"excerpt":"Educadora es acusada de encerrar a un ni\u00f1o en una caja y sentarse encima, frente a toda la clase.","rel":"","context":"En \u00abNoticias Internacionales\u00bb","block_context":{"text":"Noticias Internacionales","link":"https:\/\/webdelmaestrocmf.com\/portal\/category\/noticias-internacionales\/"},"img":{"alt_text":"","src":"https:\/\/i0.wp.com\/webdelmaestrocmf.com\/portal\/wp-content\/uploads\/2025\/07\/1A-Banner-1-portada-imagen-10-1-copia-87.webp?resize=350%2C200&ssl=1","width":350,"height":200,"srcset":"https:\/\/i0.wp.com\/webdelmaestrocmf.com\/portal\/wp-content\/uploads\/2025\/07\/1A-Banner-1-portada-imagen-10-1-copia-87.webp?resize=350%2C200&ssl=1 1x, https:\/\/i0.wp.com\/webdelmaestrocmf.com\/portal\/wp-content\/uploads\/2025\/07\/1A-Banner-1-portada-imagen-10-1-copia-87.webp?resize=525%2C300&ssl=1 1.5x, https:\/\/i0.wp.com\/webdelmaestrocmf.com\/portal\/wp-content\/uploads\/2025\/07\/1A-Banner-1-portada-imagen-10-1-copia-87.webp?resize=700%2C400&ssl=1 2x"},"classes":[]},{"id":26909,"url":"https:\/\/webdelmaestrocmf.com\/portal\/25-cosas-que-deberias-preguntarle-a-tu-hijo-en-lugar-de-como-te-fue\/","url_meta":{"origin":41573,"position":5},"title":"Qu\u00e9 cosas deber\u00edas preguntarle a tu hijo en lugar de \u00ab\u00bfC\u00f3mo te fue en la escuela?\u00bb","author":"Web del Maestro CMF","date":"10 octubre, 2024","format":false,"excerpt":"La comunicaci\u00f3n efectiva entre padres y hijos es una parte fundamental del desarrollo de una relaci\u00f3n s\u00f3lida y de confianza. Sin embargo, muchas veces, los padres se enfrentan al desaf\u00edo de encontrar formas significativas de conectar con sus hijos, especialmente con adolescentes que pueden ser reservados o poco dispuestos a\u2026","rel":"","context":"En \u00abBienestar Familiar\u00bb","block_context":{"text":"Bienestar Familiar","link":"https:\/\/webdelmaestrocmf.com\/portal\/category\/pedagogia\/bienestar-familiar\/"},"img":{"alt_text":"","src":"https:\/\/i0.wp.com\/webdelmaestrocmf.com\/portal\/wp-content\/uploads\/2018\/03\/Banner-1-portada-imagen-10-1-28.jpg?resize=350%2C200&ssl=1","width":350,"height":200,"srcset":"https:\/\/i0.wp.com\/webdelmaestrocmf.com\/portal\/wp-content\/uploads\/2018\/03\/Banner-1-portada-imagen-10-1-28.jpg?resize=350%2C200&ssl=1 1x, https:\/\/i0.wp.com\/webdelmaestrocmf.com\/portal\/wp-content\/uploads\/2018\/03\/Banner-1-portada-imagen-10-1-28.jpg?resize=525%2C300&ssl=1 1.5x, https:\/\/i0.wp.com\/webdelmaestrocmf.com\/portal\/wp-content\/uploads\/2018\/03\/Banner-1-portada-imagen-10-1-28.jpg?resize=700%2C400&ssl=1 2x"},"classes":[]}],"_links":{"self":[{"href":"https:\/\/webdelmaestrocmf.com\/portal\/wp-json\/wp\/v2\/posts\/41573","targetHints":{"allow":["GET"]}}],"collection":[{"href":"https:\/\/webdelmaestrocmf.com\/portal\/wp-json\/wp\/v2\/posts"}],"about":[{"href":"https:\/\/webdelmaestrocmf.com\/portal\/wp-json\/wp\/v2\/types\/post"}],"author":[{"embeddable":true,"href":"https:\/\/webdelmaestrocmf.com\/portal\/wp-json\/wp\/v2\/users\/1"}],"replies":[{"embeddable":true,"href":"https:\/\/webdelmaestrocmf.com\/portal\/wp-json\/wp\/v2\/comments?post=41573"}],"version-history":[{"count":0,"href":"https:\/\/webdelmaestrocmf.com\/portal\/wp-json\/wp\/v2\/posts\/41573\/revisions"}],"wp:featuredmedia":[{"embeddable":true,"href":"https:\/\/webdelmaestrocmf.com\/portal\/wp-json\/wp\/v2\/media\/41574"}],"wp:attachment":[{"href":"https:\/\/webdelmaestrocmf.com\/portal\/wp-json\/wp\/v2\/media?parent=41573"}],"wp:term":[{"taxonomy":"category","embeddable":true,"href":"https:\/\/webdelmaestrocmf.com\/portal\/wp-json\/wp\/v2\/categories?post=41573"},{"taxonomy":"post_tag","embeddable":true,"href":"https:\/\/webdelmaestrocmf.com\/portal\/wp-json\/wp\/v2\/tags?post=41573"}],"curies":[{"name":"wp","href":"https:\/\/api.w.org\/{rel}","templated":true}]}}