{"id":41391,"date":"2024-06-27T18:30:44","date_gmt":"2024-06-27T22:30:44","guid":{"rendered":"https:\/\/webdelmaestrocmf.com\/portal\/?p=41391"},"modified":"2024-06-27T20:24:10","modified_gmt":"2024-06-28T00:24:10","slug":"el-bullying-entre-maestros-que-hacer-y-como-detectarlo","status":"publish","type":"post","link":"https:\/\/webdelmaestrocmf.com\/portal\/el-bullying-entre-maestros-que-hacer-y-como-detectarlo\/","title":{"rendered":"Y a usted le pas\u00f3: Bullying entre maestros \u00bfQu\u00e9 hacer y c\u00f3mo detectarlo?"},"content":{"rendered":"<p style=\"text-align: justify;\"><strong>El &#8216;bullying&#8217; es un concepto anglosaj\u00f3n que significa abuso, acoso o intimidaci\u00f3n. Aunque parezca y casi todos creamos que es algo solo aplicable a ni\u00f1os y adolescentes, en realidad, tambi\u00e9n sucede (y m\u00e1s de lo que crees) entre adultos.<\/strong><\/p>\n<p><!--more--><\/p>\n<p style=\"text-align: justify;\">Pero, empecemos desde el principio. \u00bfQu\u00e9 significa bullying? La traducci\u00f3n como tal en castellano no existe, como puedes ver en la captura de pantalla que le hemos hecho al no resultado de la\u00a0RAE (DRAE).<\/p>\n<p style=\"text-align: justify;\">Entonces, \u00bfpor qu\u00e9 la usamos tanto? Porque nos encantan los anglicismos, pero este es otro tema. Normalmente se asocia, y mal, el concepto de\u00a0bullying\u00a0al acoso\/intimidaci\u00f3n y\/o insultos a ni\u00f1os o a personas adolescentes. Aunque esto es cierto, no es del todo completo. Este tipo de comportamiento se recibe y se vive (mucho) tambi\u00e9n en la edad adulta.<\/p>\n<p><img loading=\"lazy\" decoding=\"async\" class=\"alignnone wp-image-41392\" src=\"https:\/\/webdelmaestrocmf.com\/portal\/wp-content\/uploads\/2019\/10\/1-5.jpg\" alt=\"\" width=\"719\" height=\"380\" srcset=\"https:\/\/webdelmaestrocmf.com\/portal\/wp-content\/uploads\/2019\/10\/1-5.jpg 600w, https:\/\/webdelmaestrocmf.com\/portal\/wp-content\/uploads\/2019\/10\/1-5-300x159.jpg 300w, https:\/\/webdelmaestrocmf.com\/portal\/wp-content\/uploads\/2019\/10\/1-5-110x58.jpg 110w, https:\/\/webdelmaestrocmf.com\/portal\/wp-content\/uploads\/2019\/10\/1-5-200x106.jpg 200w, https:\/\/webdelmaestrocmf.com\/portal\/wp-content\/uploads\/2019\/10\/1-5-380x201.jpg 380w, https:\/\/webdelmaestrocmf.com\/portal\/wp-content\/uploads\/2019\/10\/1-5-255x135.jpg 255w, https:\/\/webdelmaestrocmf.com\/portal\/wp-content\/uploads\/2019\/10\/1-5-550x291.jpg 550w\" sizes=\"auto, (max-width: 719px) 100vw, 719px\" \/><\/p>\n<p style=\"text-align: justify;\">Captura de pantalla del resultado inexistente de \u2019bullying\u2019 en la rae. imagen extra\u00edda de google.<\/p>\n<p class=\"body-text\" style=\"text-align: justify;\">Existen muchos tipo de\u00a0<em><strong>bullying<\/strong><\/em>. Est\u00e1 dirigido a ni\u00f1os, adolescentes, adultos, en el colegio, en el trabajo, en casa, en pareja, en la familia, entre amigos, en Internet. Hay\u00a0<em><strong>bullying<\/strong><\/em>\u00a0f\u00edsico o psicol\u00f3gico (mental).\u00a0<em>Bullying<\/em> verbal, en serie, en pandillas, virtual, s\u00e1dico, psic\u00f3tico, sociop\u00e1tico, entre otros. Usted puede terminar de complementar esta informaci\u00f3n en: <a href=\"https:\/\/www.harpersbazaar.com\/es\/cultura\/viajes-planes\/a335655\/bullying-psicologia-sociedad-adultos\/\" target=\"_blank\" rel=\"noopener noreferrer\">El &#8216;bullying&#8217; adulto, \u00bfexiste?<\/a><\/p>\n<p style=\"text-align: justify;\">A continuaci\u00f3n compartimos una publicaci\u00f3n del blog <strong><a href=\"https:\/\/observatorio.tec.mx\" target=\"_blank\" rel=\"noopener noreferrer\">Observatorio<\/a><\/strong> escrito por <strong>Paulette Delgado <\/strong>en donde utilizaron como fuente y tradujeron la publicaci\u00f3n de <a id=\"yui_3_17_2_1_1570227579919_824\" href=\"http:\/\/blackboardtalk.com\/2018\/02\/04\/when-teachers-bully-other-teachers-bullying-in-the-teaching-profession\/\" target=\"_blank\" rel=\"noopener noreferrer\"><em>When Teachers Bully Other Teachers<\/em><\/a><em>, de Patricia Sacawa, publicado en <a href=\"http:\/\/blackboardtalk.com\" target=\"_blank\" rel=\"noopener noreferrer\">Blackboard Talk<\/a>\u00a0<\/em>y que a continuaci\u00f3n la compartimos con la comunidad docente con fines educativos. Esperamos que el siguiente material les sea de reflexi\u00f3n.<\/p>\n<p><a href=\"https:\/\/webdelmaestrocmf.com\/portal\/wp-content\/uploads\/2019\/10\/1.png\" target=\"_blank\" rel=\"noopener noreferrer\"><img loading=\"lazy\" decoding=\"async\" class=\"alignnone size-full wp-image-41400\" src=\"https:\/\/webdelmaestrocmf.com\/portal\/wp-content\/uploads\/2019\/10\/1.png\" alt=\"\" width=\"1200\" height=\"915\" srcset=\"https:\/\/webdelmaestrocmf.com\/portal\/wp-content\/uploads\/2019\/10\/1.png 1200w, https:\/\/webdelmaestrocmf.com\/portal\/wp-content\/uploads\/2019\/10\/1-300x229.png 300w, https:\/\/webdelmaestrocmf.com\/portal\/wp-content\/uploads\/2019\/10\/1-768x586.png 768w, https:\/\/webdelmaestrocmf.com\/portal\/wp-content\/uploads\/2019\/10\/1-1024x781.png 1024w, https:\/\/webdelmaestrocmf.com\/portal\/wp-content\/uploads\/2019\/10\/1-110x84.png 110w, https:\/\/webdelmaestrocmf.com\/portal\/wp-content\/uploads\/2019\/10\/1-200x153.png 200w, https:\/\/webdelmaestrocmf.com\/portal\/wp-content\/uploads\/2019\/10\/1-380x290.png 380w, https:\/\/webdelmaestrocmf.com\/portal\/wp-content\/uploads\/2019\/10\/1-255x194.png 255w, https:\/\/webdelmaestrocmf.com\/portal\/wp-content\/uploads\/2019\/10\/1-550x419.png 550w, https:\/\/webdelmaestrocmf.com\/portal\/wp-content\/uploads\/2019\/10\/1-800x610.png 800w, https:\/\/webdelmaestrocmf.com\/portal\/wp-content\/uploads\/2019\/10\/1-1160x885.png 1160w\" sizes=\"auto, (max-width: 1200px) 100vw, 1200px\" \/><\/a><\/p>\n<h2 class=\"entry-title\" style=\"text-align: left;\" data-content-field=\"title\"><strong>Los docentes tambi\u00e9n sufren de &#8216;bullying&#8217;<\/strong><\/h2>\n<p class=\"\" style=\"text-align: justify;\">Lamentablemente, muchos maestros han sufrido de <em>bullying<\/em> o acoso escolar en alg\u00fan punto de sus carreras. Seg\u00fan un <a href=\"http:\/\/blackboardtalk.com\/2018\/02\/04\/when-teachers-bully-other-teachers-bullying-in-the-teaching-profession\/\">art\u00edculo<\/a> de Blackboard Talk, entre un 24 % a un 46 % de los maestros encuestados admiti\u00f3 ser intimidado y acosado en alg\u00fan punto de su carrera. Adem\u00e1s, un 89 % de los maestros admitieron haber visto\u00a0 hostigamiento por parte del personal de la escuela. El tipo m\u00e1s com\u00fan de <em>bullying<\/em> (del 67 % al 75 %) es el tipo \u201cTop-down\u201d es decir, aqu\u00e9l que se ejerce desde las personas con mejor posici\u00f3n, desde los altos cargos administrativos,\u00a0 hacia los de m\u00e1s baja posici\u00f3n.<\/p>\n<p class=\"\" style=\"text-align: justify;\">La cultura del chisme, la formaci\u00f3n de grupos y camarillas\u00a0 es algo que habitualmente se ve en las salas de profesores de las escuelas. Este tipo de actitudes resultan perjudicando a los maestros, incluso llegando a causar el despido o la renuncia debido a los chismes y otras formas de intimidaci\u00f3n.<\/p>\n<p class=\"\" style=\"text-align: justify;\">Para entender a profundidad el problema, es necesario comprender que es el <em>bullying<\/em>. El <em>bullying<\/em>, acoso escolar o <a href=\"https:\/\/www.lavanguardia.com\/seguros\/empresa\/20190426\/462107577595\/que-debo-hacer-si-sufro-mobbing-en-mi-trabajo.html\"><em>mobbing<\/em><\/a>, como tambi\u00e9n se le conoce, es un patr\u00f3n de abuso que se da durante un periodo de\u00a0 tiempo y se caracteriza por el deseo de lastimar, degradar, humillar o aislar a otra persona.\u00a0 Para intimidar, el acosador puede usar varias t\u00e9cnicas como la exclusi\u00f3n, insultos, agresi\u00f3n f\u00edsica, abuso verbal, humillaci\u00f3n o destrucci\u00f3n de reputaci\u00f3n, todo esto con el fin de causar da\u00f1o psicol\u00f3gico o f\u00edsico al objetivo del <em>bullying<\/em>.<\/p>\n<p style=\"text-align: left;\">Tal ves le pueda interesar el siguiente art\u00edculo:\u00a0<a href=\"https:\/\/webdelmaestrocmf.com\/portal\/sabes-que-es-el-mobbing\/\" target=\"_top\" rel=\"noopener\">Consejos para docentes que sufren \u201cMobbing\u201d o acoso laboral<\/a><\/p>\n<h2 style=\"text-align: left;\"><strong>Las se\u00f1ales que debes detectar para saber si est\u00e1s siendo intimidado<\/strong><\/h2>\n<p class=\"\" style=\"text-align: justify;\">Seg\u00fan Patricia Sacawa, maestra y creadora de Blackboard Talk,, explica que hay <strong>cuatro tipos de<em> bullying<\/em><\/strong>:<\/p>\n<ol>\n<li style=\"text-align: justify;\"><strong>Acoso psicol\u00f3gico: <\/strong>aqu\u00e9l que ataca psicol\u00f3gicamente por medio de la exclusi\u00f3n, palabras hirientes, ignorar a la otra persona, o utilizar t\u00e9cnicas\u00a0 pasivo-agresivas.<\/li>\n<li style=\"text-align: justify;\"><strong>Acoso verbal: <\/strong>es el que se lleva a cabo a trav\u00e9s de esparcir rumores, insultar, acusaciones falsas, e\u00a0 intercambio de informaci\u00f3n confidencial.<\/li>\n<li style=\"text-align: justify;\"><strong>Intimidaci\u00f3n f\u00edsica: <\/strong>empujar, golpear, hacer a otro tropezar, entre otros tipos de acoso f\u00edsico.<\/li>\n<li style=\"text-align: justify;\"><strong>Cyberbullying:<\/strong> difamaci\u00f3n en l\u00ednea.<\/li>\n<\/ol>\n<h5 style=\"text-align: left;\">\u00bfPor qu\u00e9 intimidan los \u201cbullies\u201d?<\/h5>\n<p class=\"\" style=\"text-align: justify;\">Seg\u00fan el art\u00edculo, la frase \u201cla gente lastimada, lastima\u201d es cierta. Muchos \u201c<em>bullies\u201d<\/em> son personas que est\u00e1n bajo estr\u00e9s, agotados, son inseguros, no cuentan con capacitaci\u00f3n, no atienden sus enfermedades mentales, son o han sido ellos mismos v\u00edctimas de intimidaci\u00f3n y acoso, o est\u00e1n frustrados con sus vidas. Para ellos, el acosar\u00a0 a otros es una distracci\u00f3n de sus propios problemas.<\/p>\n<p class=\"\" style=\"text-align: justify;\">Sin embargo, este no es el \u00fanico motivo, tambi\u00e9n est\u00e1n aquellos que son motivados s por el poder. Esta clase de <em>bullies<\/em>\u00a0 pueden ser narcisistas, personas muy competitivas que buscan avanzar a costa de sus compa\u00f1eros, personas moralmente desconectadas o que simplemente est\u00e1n acostumbradas a actuar de esa forma.<\/p>\n<p style=\"text-align: left;\">Tal ves le pueda interesar el siguiente art\u00edculo:\u00a0<a href=\"https:\/\/webdelmaestrocmf.com\/portal\/los-6-tipos-de-acoso-escolar-que-existen\/\" target=\"_top\" rel=\"noopener\">Los 6 tipos de acoso escolar: f\u00edsico, psicol\u00f3gico, verbal, sexual, social y ciberbullying<\/a><\/p>\n<h2 style=\"text-align: left;\"><strong>\u00bfQu\u00e9 hacer en caso de ser intimidado?<\/strong><\/h2>\n<p class=\"\" style=\"text-align: justify;\">La maestra explica quehay <strong>cuatro cosas que un docente debe hacer en caso de sufrir de <em>bullying<\/em><\/strong> por parte de otro (a) compa\u00f1ero (a):<\/p>\n<ol style=\"text-align: justify;\" data-rte-list=\"default\">\n<li>\n<p class=\"\"><strong>Documentar cada incidente: <\/strong>Si un maestro sufre cualquier tipo de intimidaci\u00f3n, lo mejor es escribir en un diario o documentar de alguna manera\u00a0 lo que sucedi\u00f3. Es de suma importancia mencionar la fecha, lugar, las personas que estuvieron presentes, qu\u00e9 tipo de acoso o intimidaci\u00f3n\u00a0 fue, qu\u00e9 se dijo o se hizo, y lo que la v\u00edctima sinti\u00f3 en esos momentos. Esto con la finalidad de tener un registro y poder recrear el incidente aunque sea un a\u00f1o despu\u00e9s.<\/p>\n<\/li>\n<li>\n<p class=\"\"><strong>Ponerse en contacto con una autoridad. <\/strong>Se recomienda buscar a una autoridad, especialmente un sindicato, para obtener la pol\u00edtica de acoso laboral y escolar pertinente. Esto ayudar\u00e1 a la persona a saber qu\u00e9 hacer.<\/p>\n<\/li>\n<li>\n<p class=\"\"><strong>Ignorarlo. <\/strong>Como se mencion\u00f3 anteriormente, una de las razones por las cuales las personas intimidan es por poder, as\u00ed que, en medida de lo posible, intentar no caer en sus provocaciones puede ayudar a disminuir el problema.<\/p>\n<\/li>\n<li>\n<p class=\"\"><strong>Confrontar directamente al acosador.<\/strong> Si la v\u00edctima se siente segura, enfrentar al <em>bully<\/em> puede hacer que retroceda debido a que no esperan ser confrontados. Puede ser a solas o acompa\u00f1ado por alguien. Es importante documentar la interacci\u00f3n por medio de un email discutiendo la pl\u00e1tica y terminar diciendo que si las cosas no cambian, se tomar\u00e1n acciones formales o informales. De esta forma, en\u00a0 caso de que contin\u00fae la intimidaci\u00f3n, hay evidencia de que hubo un intento de cambiar las cosas.<\/p>\n<\/li>\n<\/ol>\n<p><iframe loading=\"lazy\" src=\"https:\/\/www.youtube.com\/embed\/emUNjrpAPK0\" width=\"100%\" height=\"400\" frameborder=\"0\" allowfullscreen=\"allowfullscreen\"><span data-mce-type=\"bookmark\" style=\"display: inline-block; width: 0px; overflow: hidden; line-height: 0;\" class=\"mce_SELRES_start\">\ufeff<\/span><\/iframe><\/p>\n<p class=\"\" style=\"text-align: justify;\">Adicionalmente, es importante no aislarse, por lo que se recomienda hablar con alguien sobre esta situaci\u00f3n, ya sea con un amigo cercano, con la pareja o familia. As\u00ed como buscar un terapeuta y enfocarse en mantener una salud mental saludable.<\/p>\n<p class=\"\" style=\"text-align: justify;\">Tambi\u00e9n existen innumerables blogs y sitios web dedicados a los problemas de acoso en el trabajo. Este tipo de recursos pueden ayudar a aceptar la situaci\u00f3n y no sentirse aislado.<\/p>\n<p class=\"\" style=\"text-align: justify;\">La intimidaci\u00f3n y el acoso pueden resultar en un bajo desempe\u00f1o laboral e insatisfacci\u00f3n, as\u00ed como problemas m\u00e1s graves como la ansiedad, depresi\u00f3n, tensi\u00f3n y dolor de cabeza, pensamientos suicidas, entre otros.<\/p>\n<p class=\"\" style=\"text-align: justify;\"><em>\u00bfHas sido o eres v\u00edctima de acoso laboral por parte de otro docente? \u00a1Busca ayuda! Asociaciones como<\/em><a href=\"https:\/\/amaya.info\/\"><em> Amaya<\/em><\/a><em> est\u00e1n para servirte. Tambi\u00e9n existen<\/em><a href=\"https:\/\/www.facebook.com\/groups\/weareteachershelpline\/\"><em> grupos en Facebook<\/em><\/a><em> donde puedes encontrar el apoyo de otros docentes. Adicionalmente, te compartimos m\u00e1s informaci\u00f3n<\/em><a href=\"https:\/\/www.lavanguardia.com\/seguros\/empresa\/20190426\/462107577595\/que-debo-hacer-si-sufro-mobbing-en-mi-trabajo.html\"><em> aqu\u00ed<\/em><\/a><em>. Recuerda que no est\u00e1s sola (o).<\/em><\/p>\n<p><strong>Este contenido ha sido publicado originalmente por <a href=\"https:\/\/observatorio.tec.mx\" target=\"_blank\" rel=\"noopener noreferrer\">OBSERVATORIO<\/a>\u00a0en la siguiente direcci\u00f3n: <a href=\"https:\/\/observatorio.tec.mx\/\" target=\"_blank\" rel=\"noopener noreferrer\">observatorio.tec.mx<\/a><\/strong><\/p>\n\t\t<div class=\"pk-inline-posts\">\n\t\t\t\n\t\t\t<div class=\"pk-inline-posts-container pk-inline-posts-template-list\"\n\t\t\t\tdata-columns=\"1\">\n\t\t\t\t\t\t<article id=\"post-118197\" class=\"post-118197 post type-post status-publish format-standard has-post-thumbnail category-bienestar-familiar category-pedagogia category-violencia tag-convivencia-escolar tag-crianza tag-educacion-emocional-2 tag-estudiantes tag-familia tag-intervencion tag-prevencion tag-rol-docente tag-salud-mental tag-violencia-escolar cs-entry cs-video-wrap\">\n\t\t\t<div class=\"pk-post-outer\">\n\n\t\t\t\t\t\t\t\t<div class=\"pk-post-inner\">\n\t\t\t\t\t<div class=\"entry-thumbnail\">\n\t\t\t\t\t\t<div class=\"pk-overlay pk-overlay-ratio pk-ratio-landscape\">\n\t\t\t\t\t\t\t<div class=\"pk-overlay-background\">\n\t\t\t\t\t\t\t\t<a href=\"https:\/\/webdelmaestrocmf.com\/portal\/tu-hijo-normaliza-la-violencia-y-habla-de-venganza-senales-que-pueden-escalar-y-como-actuar-a-tiempo\/\" class=\"pk-overlay-link\">\n\t\t\t\t\t\t\t\t\t<img loading=\"lazy\" decoding=\"async\" width=\"300\" height=\"225\" src=\"https:\/\/webdelmaestrocmf.com\/portal\/wp-content\/uploads\/2026\/04\/1AA-Banner-1-portada-imagen-10-1-copia-3-6-300x225.webp\" class=\"attachment-pk-thumbnail size-pk-thumbnail wp-post-image\" alt=\"\" \/>\t\t\t\t\t\t\t\t<\/a>\n\t\t\t\t\t\t\t<\/div>\n\t\t\t\t\t\t<\/div>\n\t\t\t\t\t<\/div>\n\t\t\t\t<\/div>\n\t\t\t\t\n\t\t\t\t<div class=\"pk-post-inner\">\n\t\t\t\t\t<header>\n\t\t\t\t\t\t<h3 class=\"pk-title\"><a href=\"https:\/\/webdelmaestrocmf.com\/portal\/tu-hijo-normaliza-la-violencia-y-habla-de-venganza-senales-que-pueden-escalar-y-como-actuar-a-tiempo\/\" rel=\"bookmark\">\u00bfTu hijo normaliza la violencia y habla de venganza? Estas son las se\u00f1ales que pueden escalar y c\u00f3mo actuar a tiempo<\/a><\/h3>\t\t\t\t\t<\/header><!-- .entry-header -->\n\t\t\t\t<\/div><!-- .post-inner -->\n\n\t\t\t<\/div><!-- .post-outer -->\n\t\t<\/article>\n\t\t\t<article id=\"post-16013\" class=\"post-16013 post type-post status-publish format-standard has-post-thumbnail category-visitadas category-picologia category-pedagogia category-violencia tag-clase tag-conductas tag-desafiantes tag-estudiante tag-normas cs-entry cs-video-wrap\">\n\t\t\t<div class=\"pk-post-outer\">\n\n\t\t\t\t\t\t\t\t<div class=\"pk-post-inner\">\n\t\t\t\t\t<div class=\"entry-thumbnail\">\n\t\t\t\t\t\t<div class=\"pk-overlay pk-overlay-ratio pk-ratio-landscape\">\n\t\t\t\t\t\t\t<div class=\"pk-overlay-background\">\n\t\t\t\t\t\t\t\t<a href=\"https:\/\/webdelmaestrocmf.com\/portal\/sistemas-ayudan-ante-conductas-desafiantes-aula\/\" class=\"pk-overlay-link\">\n\t\t\t\t\t\t\t\t\t<img loading=\"lazy\" decoding=\"async\" width=\"300\" height=\"225\" src=\"https:\/\/webdelmaestrocmf.com\/portal\/wp-content\/uploads\/2022\/07\/Banner-1-portada-imagen-10-1-21-300x225.jpg\" class=\"attachment-pk-thumbnail size-pk-thumbnail wp-post-image\" alt=\"\" \/>\t\t\t\t\t\t\t\t<\/a>\n\t\t\t\t\t\t\t<\/div>\n\t\t\t\t\t\t<\/div>\n\t\t\t\t\t<\/div>\n\t\t\t\t<\/div>\n\t\t\t\t\n\t\t\t\t<div class=\"pk-post-inner\">\n\t\t\t\t\t<header>\n\t\t\t\t\t\t<h3 class=\"pk-title\"><a href=\"https:\/\/webdelmaestrocmf.com\/portal\/sistemas-ayudan-ante-conductas-desafiantes-aula\/\" rel=\"bookmark\">Sistemas que ayudan ante conductas desafiantes en el aula: descarga el libro \u201cAn\u00e1lisis funcional de la conducta\u201d<\/a><\/h3>\t\t\t\t\t<\/header><!-- .entry-header -->\n\t\t\t\t<\/div><!-- .post-inner -->\n\n\t\t\t<\/div><!-- .post-outer -->\n\t\t<\/article>\n\t\t\t<article id=\"post-23193\" class=\"post-23193 post type-post status-publish format-standard has-post-thumbnail category-director category-estres category-picologia category-pedagogia category-violencia tag-como tag-directivos tag-indentificarlos tag-toxicos cs-entry cs-video-wrap\">\n\t\t\t<div class=\"pk-post-outer\">\n\n\t\t\t\t\t\t\t\t<div class=\"pk-post-inner\">\n\t\t\t\t\t<div class=\"entry-thumbnail\">\n\t\t\t\t\t\t<div class=\"pk-overlay pk-overlay-ratio pk-ratio-landscape\">\n\t\t\t\t\t\t\t<div class=\"pk-overlay-background\">\n\t\t\t\t\t\t\t\t<a href=\"https:\/\/webdelmaestrocmf.com\/portal\/directivos-toxicos-indentificarlos\/\" class=\"pk-overlay-link\">\n\t\t\t\t\t\t\t\t\t<img loading=\"lazy\" decoding=\"async\" width=\"300\" height=\"225\" src=\"https:\/\/webdelmaestrocmf.com\/portal\/wp-content\/uploads\/2024\/02\/1AA-Banner-1-portada-imagen-10-1-copia-1-300x225.webp\" class=\"attachment-pk-thumbnail size-pk-thumbnail wp-post-image\" alt=\"\" \/>\t\t\t\t\t\t\t\t<\/a>\n\t\t\t\t\t\t\t<\/div>\n\t\t\t\t\t\t<\/div>\n\t\t\t\t\t<\/div>\n\t\t\t\t<\/div>\n\t\t\t\t\n\t\t\t\t<div class=\"pk-post-inner\">\n\t\t\t\t\t<header>\n\t\t\t\t\t\t<h3 class=\"pk-title\"><a href=\"https:\/\/webdelmaestrocmf.com\/portal\/directivos-toxicos-indentificarlos\/\" rel=\"bookmark\">Directivos altamente t\u00f3xicos, c\u00f3mo identificarlos y qu\u00e9 hacer al respecto<\/a><\/h3>\t\t\t\t\t<\/header><!-- .entry-header -->\n\t\t\t\t<\/div><!-- .post-inner -->\n\n\t\t\t<\/div><!-- .post-outer -->\n\t\t<\/article>\n\t\t\t\t<\/div>\n\t\t<\/div>\n\t\t\n","protected":false},"excerpt":{"rendered":"El &#8216;bullying&#8217; es un concepto anglosaj\u00f3n que significa abuso, acoso o intimidaci\u00f3n. Aunque parezca y casi todos creamos&hellip;","protected":false},"author":1,"featured_media":106105,"comment_status":"open","ping_status":"closed","sticky":false,"template":"","format":"standard","meta":{"csco_display_header_overlay":false,"csco_singular_sidebar":"default","csco_page_header_type":"default","csco_page_load_nextpost":"default","csco_post_video_location":[],"csco_post_video_location_hash":"","csco_post_video_url":"","csco_post_video_bg_start_time":0,"csco_post_video_bg_end_time":0,"csco_post_video_bg_volume":false,"_jetpack_memberships_contains_paid_content":false,"footnotes":""},"categories":[735,587],"tags":[192,190],"class_list":{"0":"post-41391","1":"post","2":"type-post","3":"status-publish","4":"format-standard","5":"has-post-thumbnail","7":"category-pedagogia","8":"category-violencia","9":"tag-bullying","10":"tag-maestros","11":"cs-entry","12":"cs-video-wrap"},"yoast_head":"<!-- This site is optimized with the Yoast SEO plugin v27.5 - https:\/\/yoast.com\/product\/yoast-seo-wordpress\/ -->\n<title>Y a usted le pas\u00f3: Bullying entre maestros \u00bfQu\u00e9 hacer y c\u00f3mo detectarlo? - 2026<\/title>\n<meta name=\"description\" content=\"El &#039;bullying&#039; es un concepto anglosaj\u00f3n que significa abuso, acoso o intimidaci\u00f3n. Aunque parezca y casi todos creamos que...\" \/>\n<meta name=\"robots\" content=\"index, follow, max-snippet:-1, max-image-preview:large, max-video-preview:-1\" \/>\n<link rel=\"canonical\" href=\"https:\/\/webdelmaestrocmf.com\/portal\/el-bullying-entre-maestros-que-hacer-y-como-detectarlo\/\" \/>\n<meta property=\"og:locale\" content=\"es_ES\" \/>\n<meta property=\"og:type\" content=\"article\" \/>\n<meta property=\"og:title\" content=\"Y a usted le pas\u00f3: Bullying entre maestros \u00bfQu\u00e9 hacer y c\u00f3mo detectarlo? - 2026\" \/>\n<meta property=\"og:description\" content=\"El &#039;bullying&#039; es un concepto anglosaj\u00f3n que significa abuso, acoso o intimidaci\u00f3n. Aunque parezca y casi todos creamos que...\" \/>\n<meta property=\"og:url\" content=\"https:\/\/webdelmaestrocmf.com\/portal\/el-bullying-entre-maestros-que-hacer-y-como-detectarlo\/\" \/>\n<meta property=\"og:site_name\" content=\"Web del Maestro CMF\" \/>\n<meta property=\"article:publisher\" content=\"https:\/\/www.facebook.com\/WebdelMaestroCMF\/\" \/>\n<meta property=\"article:author\" content=\"https:\/\/www.facebook.com\/WebdelMaestroCMF\/\" \/>\n<meta property=\"article:published_time\" content=\"2024-06-27T22:30:44+00:00\" \/>\n<meta property=\"article:modified_time\" content=\"2024-06-28T00:24:10+00:00\" \/>\n<meta property=\"og:image\" content=\"https:\/\/webdelmaestrocmf.com\/portal\/wp-content\/uploads\/2021\/12\/Banner-1-portada-imagen-10-1-2024-06-27T202336.756.jpg\" \/>\n\t<meta property=\"og:image:width\" content=\"1024\" \/>\n\t<meta property=\"og:image:height\" content=\"1024\" \/>\n\t<meta property=\"og:image:type\" content=\"image\/jpeg\" \/>\n<meta name=\"author\" content=\"Web del Maestro CMF\" \/>\n<meta name=\"twitter:card\" content=\"summary_large_image\" \/>\n<meta name=\"twitter:creator\" content=\"@cmf_w\" \/>\n<meta name=\"twitter:site\" content=\"@cmf_w\" \/>\n<script type=\"application\/ld+json\" class=\"yoast-schema-graph\">{\"@context\":\"https:\\\/\\\/schema.org\",\"@graph\":[{\"@type\":\"ScholarlyArticle\",\"@id\":\"https:\\\/\\\/webdelmaestrocmf.com\\\/portal\\\/el-bullying-entre-maestros-que-hacer-y-como-detectarlo\\\/#article\",\"isPartOf\":{\"@id\":\"https:\\\/\\\/webdelmaestrocmf.com\\\/portal\\\/el-bullying-entre-maestros-que-hacer-y-como-detectarlo\\\/\"},\"author\":{\"name\":\"Web del Maestro CMF\",\"@id\":\"https:\\\/\\\/webdelmaestrocmf.com\\\/portal\\\/#\\\/schema\\\/person\\\/1072a2ed7bd960df8ef99a551fa35dc5\"},\"headline\":\"Y a usted le pas\u00f3: Bullying entre maestros \u00bfQu\u00e9 hacer y c\u00f3mo detectarlo?\",\"datePublished\":\"2024-06-27T22:30:44+00:00\",\"dateModified\":\"2024-06-28T00:24:10+00:00\",\"mainEntityOfPage\":{\"@id\":\"https:\\\/\\\/webdelmaestrocmf.com\\\/portal\\\/el-bullying-entre-maestros-que-hacer-y-como-detectarlo\\\/\"},\"wordCount\":1294,\"commentCount\":2,\"publisher\":{\"@id\":\"https:\\\/\\\/webdelmaestrocmf.com\\\/portal\\\/#organization\"},\"image\":{\"@id\":\"https:\\\/\\\/webdelmaestrocmf.com\\\/portal\\\/el-bullying-entre-maestros-que-hacer-y-como-detectarlo\\\/#primaryimage\"},\"thumbnailUrl\":\"https:\\\/\\\/webdelmaestrocmf.com\\\/portal\\\/wp-content\\\/uploads\\\/2021\\\/12\\\/Banner-1-portada-imagen-10-1-2024-06-27T202336.756.jpg\",\"keywords\":[\"bullying\",\"Maestros\"],\"articleSection\":[\"Recursos\",\"violencia\"],\"inLanguage\":\"es\",\"potentialAction\":[{\"@type\":\"CommentAction\",\"name\":\"Comment\",\"target\":[\"https:\\\/\\\/webdelmaestrocmf.com\\\/portal\\\/el-bullying-entre-maestros-que-hacer-y-como-detectarlo\\\/#respond\"]}]},{\"@type\":\"WebPage\",\"@id\":\"https:\\\/\\\/webdelmaestrocmf.com\\\/portal\\\/el-bullying-entre-maestros-que-hacer-y-como-detectarlo\\\/\",\"url\":\"https:\\\/\\\/webdelmaestrocmf.com\\\/portal\\\/el-bullying-entre-maestros-que-hacer-y-como-detectarlo\\\/\",\"name\":\"Y a usted le pas\u00f3: Bullying entre maestros \u00bfQu\u00e9 hacer y c\u00f3mo detectarlo? - 2026\",\"isPartOf\":{\"@id\":\"https:\\\/\\\/webdelmaestrocmf.com\\\/portal\\\/#website\"},\"primaryImageOfPage\":{\"@id\":\"https:\\\/\\\/webdelmaestrocmf.com\\\/portal\\\/el-bullying-entre-maestros-que-hacer-y-como-detectarlo\\\/#primaryimage\"},\"image\":{\"@id\":\"https:\\\/\\\/webdelmaestrocmf.com\\\/portal\\\/el-bullying-entre-maestros-que-hacer-y-como-detectarlo\\\/#primaryimage\"},\"thumbnailUrl\":\"https:\\\/\\\/webdelmaestrocmf.com\\\/portal\\\/wp-content\\\/uploads\\\/2021\\\/12\\\/Banner-1-portada-imagen-10-1-2024-06-27T202336.756.jpg\",\"datePublished\":\"2024-06-27T22:30:44+00:00\",\"dateModified\":\"2024-06-28T00:24:10+00:00\",\"description\":\"El 'bullying' es un concepto anglosaj\u00f3n que significa abuso, acoso o intimidaci\u00f3n. Aunque parezca y casi todos creamos que...\",\"breadcrumb\":{\"@id\":\"https:\\\/\\\/webdelmaestrocmf.com\\\/portal\\\/el-bullying-entre-maestros-que-hacer-y-como-detectarlo\\\/#breadcrumb\"},\"inLanguage\":\"es\",\"potentialAction\":[{\"@type\":\"ReadAction\",\"target\":[\"https:\\\/\\\/webdelmaestrocmf.com\\\/portal\\\/el-bullying-entre-maestros-que-hacer-y-como-detectarlo\\\/\"]}]},{\"@type\":\"ImageObject\",\"inLanguage\":\"es\",\"@id\":\"https:\\\/\\\/webdelmaestrocmf.com\\\/portal\\\/el-bullying-entre-maestros-que-hacer-y-como-detectarlo\\\/#primaryimage\",\"url\":\"https:\\\/\\\/webdelmaestrocmf.com\\\/portal\\\/wp-content\\\/uploads\\\/2021\\\/12\\\/Banner-1-portada-imagen-10-1-2024-06-27T202336.756.jpg\",\"contentUrl\":\"https:\\\/\\\/webdelmaestrocmf.com\\\/portal\\\/wp-content\\\/uploads\\\/2021\\\/12\\\/Banner-1-portada-imagen-10-1-2024-06-27T202336.756.jpg\",\"width\":1024,\"height\":1024},{\"@type\":\"BreadcrumbList\",\"@id\":\"https:\\\/\\\/webdelmaestrocmf.com\\\/portal\\\/el-bullying-entre-maestros-que-hacer-y-como-detectarlo\\\/#breadcrumb\",\"itemListElement\":[{\"@type\":\"ListItem\",\"position\":1,\"name\":\"Portada\",\"item\":\"https:\\\/\\\/webdelmaestrocmf.com\\\/portal\\\/\"},{\"@type\":\"ListItem\",\"position\":2,\"name\":\"Recursos\",\"item\":\"https:\\\/\\\/webdelmaestrocmf.com\\\/portal\\\/category\\\/pedagogia\\\/\"},{\"@type\":\"ListItem\",\"position\":3,\"name\":\"Y a usted le pas\u00f3: Bullying entre maestros \u00bfQu\u00e9 hacer y c\u00f3mo detectarlo?\"}]},{\"@type\":\"WebSite\",\"@id\":\"https:\\\/\\\/webdelmaestrocmf.com\\\/portal\\\/#website\",\"url\":\"https:\\\/\\\/webdelmaestrocmf.com\\\/portal\\\/\",\"name\":\"Web del Maestro CMF\",\"description\":\"Maestros al servicio de la educaci\u00f3n\",\"publisher\":{\"@id\":\"https:\\\/\\\/webdelmaestrocmf.com\\\/portal\\\/#organization\"},\"alternateName\":\"WMCMF\",\"potentialAction\":[{\"@type\":\"SearchAction\",\"target\":{\"@type\":\"EntryPoint\",\"urlTemplate\":\"https:\\\/\\\/webdelmaestrocmf.com\\\/portal\\\/?s={search_term_string}\"},\"query-input\":{\"@type\":\"PropertyValueSpecification\",\"valueRequired\":true,\"valueName\":\"search_term_string\"}}],\"inLanguage\":\"es\"},{\"@type\":\"Organization\",\"@id\":\"https:\\\/\\\/webdelmaestrocmf.com\\\/portal\\\/#organization\",\"name\":\"Web del Maestro CMF\",\"alternateName\":\"WMCMF\",\"url\":\"https:\\\/\\\/webdelmaestrocmf.com\\\/portal\\\/\",\"logo\":{\"@type\":\"ImageObject\",\"inLanguage\":\"es\",\"@id\":\"https:\\\/\\\/webdelmaestrocmf.com\\\/portal\\\/#\\\/schema\\\/logo\\\/image\\\/\",\"url\":\"https:\\\/\\\/webdelmaestrocmf.com\\\/portal\\\/wp-content\\\/uploads\\\/2023\\\/01\\\/logo-wmcmf-2.png\",\"contentUrl\":\"https:\\\/\\\/webdelmaestrocmf.com\\\/portal\\\/wp-content\\\/uploads\\\/2023\\\/01\\\/logo-wmcmf-2.png\",\"width\":200,\"height\":60,\"caption\":\"Web del Maestro CMF\"},\"image\":{\"@id\":\"https:\\\/\\\/webdelmaestrocmf.com\\\/portal\\\/#\\\/schema\\\/logo\\\/image\\\/\"},\"sameAs\":[\"https:\\\/\\\/www.facebook.com\\\/WebdelMaestroCMF\\\/\",\"https:\\\/\\\/x.com\\\/cmf_w\",\"https:\\\/\\\/www.pinterest.com\\\/WMCMF\\\/\",\"https:\\\/\\\/www.linkedin.com\\\/company\\\/web-del-maestro-cmf\\\/\",\"https:\\\/\\\/www.instagram.com\\\/wmcmf\\\/\",\"https:\\\/\\\/www.youtube.com\\\/channel\\\/UCDPSvjbdodE5sHnC3OxutHw\",\"https:\\\/\\\/mastodon.social\\\/@wmcmf\",\"https:\\\/\\\/www.tiktok.com\\\/@webdelmaestrocmf\"]},{\"@type\":\"Person\",\"@id\":\"https:\\\/\\\/webdelmaestrocmf.com\\\/portal\\\/#\\\/schema\\\/person\\\/1072a2ed7bd960df8ef99a551fa35dc5\",\"name\":\"Web del Maestro CMF\",\"image\":{\"@type\":\"ImageObject\",\"inLanguage\":\"es\",\"@id\":\"https:\\\/\\\/secure.gravatar.com\\\/avatar\\\/23291dd5b5ae1077dcff3dbb04c3e02bd28403fa75af6d8787d5e97c5bbbe30b?s=96&d=mm&r=g\",\"url\":\"https:\\\/\\\/secure.gravatar.com\\\/avatar\\\/23291dd5b5ae1077dcff3dbb04c3e02bd28403fa75af6d8787d5e97c5bbbe30b?s=96&d=mm&r=g\",\"contentUrl\":\"https:\\\/\\\/secure.gravatar.com\\\/avatar\\\/23291dd5b5ae1077dcff3dbb04c3e02bd28403fa75af6d8787d5e97c5bbbe30b?s=96&d=mm&r=g\",\"caption\":\"Web del Maestro CMF\"},\"description\":\"Esta Web se cre\u00f3 sin fines de lucro, con fines educativos, cient\u00edficos y acad\u00e9micos, para personas que tengan dificultades y\\\/o inconvenientes en visualizar el material original. El objetivo es entregar recursos, compartir experiencias y materiales que ayuden a los padres de familia, maestros y estudiantes en su actualizaci\u00f3n y formaci\u00f3n permanente, en bien de la Educaci\u00f3n.\",\"sameAs\":[\"http:\\\/\\\/webdelmaestrocmf.com\\\/portal\",\"https:\\\/\\\/www.facebook.com\\\/WebdelMaestroCMF\\\/\",\"https:\\\/\\\/www.instagram.com\\\/wmcmf\\\/\",\"https:\\\/\\\/cl.linkedin.com\\\/company\\\/web-del-maestro-cmf\",\"https:\\\/\\\/www.pinterest.com\\\/WMCMF\\\/publicaciones\\\/\",\"https:\\\/\\\/x.com\\\/cmf_w\",\"https:\\\/\\\/www.youtube.com\\\/@WMCMF\"]}]}<\/script>\n<!-- \/ Yoast SEO plugin. -->","yoast_head_json":{"title":"Y a usted le pas\u00f3: Bullying entre maestros \u00bfQu\u00e9 hacer y c\u00f3mo detectarlo? - 2026","description":"El 'bullying' es un concepto anglosaj\u00f3n que significa abuso, acoso o intimidaci\u00f3n. Aunque parezca y casi todos creamos que...","robots":{"index":"index","follow":"follow","max-snippet":"max-snippet:-1","max-image-preview":"max-image-preview:large","max-video-preview":"max-video-preview:-1"},"canonical":"https:\/\/webdelmaestrocmf.com\/portal\/el-bullying-entre-maestros-que-hacer-y-como-detectarlo\/","og_locale":"es_ES","og_type":"article","og_title":"Y a usted le pas\u00f3: Bullying entre maestros \u00bfQu\u00e9 hacer y c\u00f3mo detectarlo? - 2026","og_description":"El 'bullying' es un concepto anglosaj\u00f3n que significa abuso, acoso o intimidaci\u00f3n. Aunque parezca y casi todos creamos que...","og_url":"https:\/\/webdelmaestrocmf.com\/portal\/el-bullying-entre-maestros-que-hacer-y-como-detectarlo\/","og_site_name":"Web del Maestro CMF","article_publisher":"https:\/\/www.facebook.com\/WebdelMaestroCMF\/","article_author":"https:\/\/www.facebook.com\/WebdelMaestroCMF\/","article_published_time":"2024-06-27T22:30:44+00:00","article_modified_time":"2024-06-28T00:24:10+00:00","og_image":[{"width":1024,"height":1024,"url":"https:\/\/webdelmaestrocmf.com\/portal\/wp-content\/uploads\/2021\/12\/Banner-1-portada-imagen-10-1-2024-06-27T202336.756.jpg","type":"image\/jpeg"}],"author":"Web del Maestro CMF","twitter_card":"summary_large_image","twitter_creator":"@cmf_w","twitter_site":"@cmf_w","schema":{"@context":"https:\/\/schema.org","@graph":[{"@type":"ScholarlyArticle","@id":"https:\/\/webdelmaestrocmf.com\/portal\/el-bullying-entre-maestros-que-hacer-y-como-detectarlo\/#article","isPartOf":{"@id":"https:\/\/webdelmaestrocmf.com\/portal\/el-bullying-entre-maestros-que-hacer-y-como-detectarlo\/"},"author":{"name":"Web del Maestro CMF","@id":"https:\/\/webdelmaestrocmf.com\/portal\/#\/schema\/person\/1072a2ed7bd960df8ef99a551fa35dc5"},"headline":"Y a usted le pas\u00f3: Bullying entre maestros \u00bfQu\u00e9 hacer y c\u00f3mo detectarlo?","datePublished":"2024-06-27T22:30:44+00:00","dateModified":"2024-06-28T00:24:10+00:00","mainEntityOfPage":{"@id":"https:\/\/webdelmaestrocmf.com\/portal\/el-bullying-entre-maestros-que-hacer-y-como-detectarlo\/"},"wordCount":1294,"commentCount":2,"publisher":{"@id":"https:\/\/webdelmaestrocmf.com\/portal\/#organization"},"image":{"@id":"https:\/\/webdelmaestrocmf.com\/portal\/el-bullying-entre-maestros-que-hacer-y-como-detectarlo\/#primaryimage"},"thumbnailUrl":"https:\/\/webdelmaestrocmf.com\/portal\/wp-content\/uploads\/2021\/12\/Banner-1-portada-imagen-10-1-2024-06-27T202336.756.jpg","keywords":["bullying","Maestros"],"articleSection":["Recursos","violencia"],"inLanguage":"es","potentialAction":[{"@type":"CommentAction","name":"Comment","target":["https:\/\/webdelmaestrocmf.com\/portal\/el-bullying-entre-maestros-que-hacer-y-como-detectarlo\/#respond"]}]},{"@type":"WebPage","@id":"https:\/\/webdelmaestrocmf.com\/portal\/el-bullying-entre-maestros-que-hacer-y-como-detectarlo\/","url":"https:\/\/webdelmaestrocmf.com\/portal\/el-bullying-entre-maestros-que-hacer-y-como-detectarlo\/","name":"Y a usted le pas\u00f3: Bullying entre maestros \u00bfQu\u00e9 hacer y c\u00f3mo detectarlo? - 2026","isPartOf":{"@id":"https:\/\/webdelmaestrocmf.com\/portal\/#website"},"primaryImageOfPage":{"@id":"https:\/\/webdelmaestrocmf.com\/portal\/el-bullying-entre-maestros-que-hacer-y-como-detectarlo\/#primaryimage"},"image":{"@id":"https:\/\/webdelmaestrocmf.com\/portal\/el-bullying-entre-maestros-que-hacer-y-como-detectarlo\/#primaryimage"},"thumbnailUrl":"https:\/\/webdelmaestrocmf.com\/portal\/wp-content\/uploads\/2021\/12\/Banner-1-portada-imagen-10-1-2024-06-27T202336.756.jpg","datePublished":"2024-06-27T22:30:44+00:00","dateModified":"2024-06-28T00:24:10+00:00","description":"El 'bullying' es un concepto anglosaj\u00f3n que significa abuso, acoso o intimidaci\u00f3n. Aunque parezca y casi todos creamos que...","breadcrumb":{"@id":"https:\/\/webdelmaestrocmf.com\/portal\/el-bullying-entre-maestros-que-hacer-y-como-detectarlo\/#breadcrumb"},"inLanguage":"es","potentialAction":[{"@type":"ReadAction","target":["https:\/\/webdelmaestrocmf.com\/portal\/el-bullying-entre-maestros-que-hacer-y-como-detectarlo\/"]}]},{"@type":"ImageObject","inLanguage":"es","@id":"https:\/\/webdelmaestrocmf.com\/portal\/el-bullying-entre-maestros-que-hacer-y-como-detectarlo\/#primaryimage","url":"https:\/\/webdelmaestrocmf.com\/portal\/wp-content\/uploads\/2021\/12\/Banner-1-portada-imagen-10-1-2024-06-27T202336.756.jpg","contentUrl":"https:\/\/webdelmaestrocmf.com\/portal\/wp-content\/uploads\/2021\/12\/Banner-1-portada-imagen-10-1-2024-06-27T202336.756.jpg","width":1024,"height":1024},{"@type":"BreadcrumbList","@id":"https:\/\/webdelmaestrocmf.com\/portal\/el-bullying-entre-maestros-que-hacer-y-como-detectarlo\/#breadcrumb","itemListElement":[{"@type":"ListItem","position":1,"name":"Portada","item":"https:\/\/webdelmaestrocmf.com\/portal\/"},{"@type":"ListItem","position":2,"name":"Recursos","item":"https:\/\/webdelmaestrocmf.com\/portal\/category\/pedagogia\/"},{"@type":"ListItem","position":3,"name":"Y a usted le pas\u00f3: Bullying entre maestros \u00bfQu\u00e9 hacer y c\u00f3mo detectarlo?"}]},{"@type":"WebSite","@id":"https:\/\/webdelmaestrocmf.com\/portal\/#website","url":"https:\/\/webdelmaestrocmf.com\/portal\/","name":"Web del Maestro CMF","description":"Maestros al servicio de la educaci\u00f3n","publisher":{"@id":"https:\/\/webdelmaestrocmf.com\/portal\/#organization"},"alternateName":"WMCMF","potentialAction":[{"@type":"SearchAction","target":{"@type":"EntryPoint","urlTemplate":"https:\/\/webdelmaestrocmf.com\/portal\/?s={search_term_string}"},"query-input":{"@type":"PropertyValueSpecification","valueRequired":true,"valueName":"search_term_string"}}],"inLanguage":"es"},{"@type":"Organization","@id":"https:\/\/webdelmaestrocmf.com\/portal\/#organization","name":"Web del Maestro CMF","alternateName":"WMCMF","url":"https:\/\/webdelmaestrocmf.com\/portal\/","logo":{"@type":"ImageObject","inLanguage":"es","@id":"https:\/\/webdelmaestrocmf.com\/portal\/#\/schema\/logo\/image\/","url":"https:\/\/webdelmaestrocmf.com\/portal\/wp-content\/uploads\/2023\/01\/logo-wmcmf-2.png","contentUrl":"https:\/\/webdelmaestrocmf.com\/portal\/wp-content\/uploads\/2023\/01\/logo-wmcmf-2.png","width":200,"height":60,"caption":"Web del Maestro CMF"},"image":{"@id":"https:\/\/webdelmaestrocmf.com\/portal\/#\/schema\/logo\/image\/"},"sameAs":["https:\/\/www.facebook.com\/WebdelMaestroCMF\/","https:\/\/x.com\/cmf_w","https:\/\/www.pinterest.com\/WMCMF\/","https:\/\/www.linkedin.com\/company\/web-del-maestro-cmf\/","https:\/\/www.instagram.com\/wmcmf\/","https:\/\/www.youtube.com\/channel\/UCDPSvjbdodE5sHnC3OxutHw","https:\/\/mastodon.social\/@wmcmf","https:\/\/www.tiktok.com\/@webdelmaestrocmf"]},{"@type":"Person","@id":"https:\/\/webdelmaestrocmf.com\/portal\/#\/schema\/person\/1072a2ed7bd960df8ef99a551fa35dc5","name":"Web del Maestro CMF","image":{"@type":"ImageObject","inLanguage":"es","@id":"https:\/\/secure.gravatar.com\/avatar\/23291dd5b5ae1077dcff3dbb04c3e02bd28403fa75af6d8787d5e97c5bbbe30b?s=96&d=mm&r=g","url":"https:\/\/secure.gravatar.com\/avatar\/23291dd5b5ae1077dcff3dbb04c3e02bd28403fa75af6d8787d5e97c5bbbe30b?s=96&d=mm&r=g","contentUrl":"https:\/\/secure.gravatar.com\/avatar\/23291dd5b5ae1077dcff3dbb04c3e02bd28403fa75af6d8787d5e97c5bbbe30b?s=96&d=mm&r=g","caption":"Web del Maestro CMF"},"description":"Esta Web se cre\u00f3 sin fines de lucro, con fines educativos, cient\u00edficos y acad\u00e9micos, para personas que tengan dificultades y\/o inconvenientes en visualizar el material original. El objetivo es entregar recursos, compartir experiencias y materiales que ayuden a los padres de familia, maestros y estudiantes en su actualizaci\u00f3n y formaci\u00f3n permanente, en bien de la Educaci\u00f3n.","sameAs":["http:\/\/webdelmaestrocmf.com\/portal","https:\/\/www.facebook.com\/WebdelMaestroCMF\/","https:\/\/www.instagram.com\/wmcmf\/","https:\/\/cl.linkedin.com\/company\/web-del-maestro-cmf","https:\/\/www.pinterest.com\/WMCMF\/publicaciones\/","https:\/\/x.com\/cmf_w","https:\/\/www.youtube.com\/@WMCMF"]}]}},"jetpack_featured_media_url":"https:\/\/webdelmaestrocmf.com\/portal\/wp-content\/uploads\/2021\/12\/Banner-1-portada-imagen-10-1-2024-06-27T202336.756.jpg","jetpack_sharing_enabled":true,"jetpack-related-posts":[{"id":27542,"url":"https:\/\/webdelmaestrocmf.com\/portal\/los-6-tipos-de-acoso-escolar-que-existen\/","url_meta":{"origin":41391,"position":0},"title":"Los 6 tipos de acoso escolar: f\u00edsico, psicol\u00f3gico, verbal, sexual, social y ciberbullying. Descarga la \u00abGu\u00eda con t\u00e9cnicas y din\u00e1micas para la intervenci\u00f3n del bullying\u00bb","author":"Web del Maestro CMF","date":"28 marzo, 2026","format":false,"excerpt":"El bullying afecta a 4 de cada 10 estudiantes y adopta m\u00faltiples formas f\u00edsica, psicol\u00f3gica, verbal, sexual, social y digital, generando consecuencias emocionales que exigen prevenci\u00f3n e intervenci\u00f3n educativa oportuna.","rel":"","context":"En \u00abRecursos\u00bb","block_context":{"text":"Recursos","link":"https:\/\/webdelmaestrocmf.com\/portal\/category\/pedagogia\/"},"img":{"alt_text":"","src":"https:\/\/i0.wp.com\/webdelmaestrocmf.com\/portal\/wp-content\/uploads\/2019\/06\/1AA-Banner-1-portada-imagen-10-1-copia-13.webp?resize=350%2C200&ssl=1","width":350,"height":200,"srcset":"https:\/\/i0.wp.com\/webdelmaestrocmf.com\/portal\/wp-content\/uploads\/2019\/06\/1AA-Banner-1-portada-imagen-10-1-copia-13.webp?resize=350%2C200&ssl=1 1x, https:\/\/i0.wp.com\/webdelmaestrocmf.com\/portal\/wp-content\/uploads\/2019\/06\/1AA-Banner-1-portada-imagen-10-1-copia-13.webp?resize=525%2C300&ssl=1 1.5x, https:\/\/i0.wp.com\/webdelmaestrocmf.com\/portal\/wp-content\/uploads\/2019\/06\/1AA-Banner-1-portada-imagen-10-1-copia-13.webp?resize=700%2C400&ssl=1 2x, https:\/\/i0.wp.com\/webdelmaestrocmf.com\/portal\/wp-content\/uploads\/2019\/06\/1AA-Banner-1-portada-imagen-10-1-copia-13.webp?resize=1050%2C600&ssl=1 3x"},"classes":[]},{"id":42267,"url":"https:\/\/webdelmaestrocmf.com\/portal\/seis-factores-y-ocho-recomendaciones-para-erradicar-el-acoso-escolar\/","url_meta":{"origin":41391,"position":1},"title":"Seis factores y ocho recomendaciones para erradicar el acoso escolar","author":"Web del Maestro CMF","date":"29 noviembre, 2020","format":false,"excerpt":"La UNESCO ha publicado un informe con datos cuantitativos y cualitativos extra\u00eddos de una serie de encuestas elaboradas en 144 pa\u00edses y territorios, que han intentado e intentan acabar con el acoso escolar. En esas estad\u00edsticas se confirma que \u201ccasi uno de cada tres estudiantes (32%) ha sido intimidado por\u2026","rel":"","context":"En \u00abYo opino - WMCMF\u00bb","block_context":{"text":"Yo opino - WMCMF","link":"https:\/\/webdelmaestrocmf.com\/portal\/category\/jamb\/"},"img":{"alt_text":"","src":"https:\/\/i0.wp.com\/webdelmaestrocmf.com\/portal\/wp-content\/uploads\/2019\/11\/1-153.jpg?resize=350%2C200&ssl=1","width":350,"height":200,"srcset":"https:\/\/i0.wp.com\/webdelmaestrocmf.com\/portal\/wp-content\/uploads\/2019\/11\/1-153.jpg?resize=350%2C200&ssl=1 1x, https:\/\/i0.wp.com\/webdelmaestrocmf.com\/portal\/wp-content\/uploads\/2019\/11\/1-153.jpg?resize=525%2C300&ssl=1 1.5x, https:\/\/i0.wp.com\/webdelmaestrocmf.com\/portal\/wp-content\/uploads\/2019\/11\/1-153.jpg?resize=700%2C400&ssl=1 2x, https:\/\/i0.wp.com\/webdelmaestrocmf.com\/portal\/wp-content\/uploads\/2019\/11\/1-153.jpg?resize=1050%2C600&ssl=1 3x"},"classes":[]},{"id":15672,"url":"https:\/\/webdelmaestrocmf.com\/portal\/5-estrategias-9-peliculas-prevenir-bullying-salon-clases\/","url_meta":{"origin":41391,"position":2},"title":"5 estrategias + 9 pel\u00edculas para prevenir el bullying y el ciberbullying en el sal\u00f3n de clases","author":"Web del Maestro CMF","date":"6 marzo, 2020","format":false,"excerpt":"\u201cUn empuj\u00f3n que se repite. Un apodo que denigra. Un insulto cada vez que le toca salir a la pizarra. En la escuela o en el instituto, existen muchas formas de ejercer y sufrir violencia entre iguales y muchas formas de tratar de acabar con ella. Es una responsabilidad conjunta\u2026","rel":"","context":"En \u00abLas m\u00e1s vistas\u00bb","block_context":{"text":"Las m\u00e1s vistas","link":"https:\/\/webdelmaestrocmf.com\/portal\/category\/pedagogia\/visitadas\/"},"img":{"alt_text":"","src":"https:\/\/i0.wp.com\/webdelmaestrocmf.com\/portal\/wp-content\/uploads\/2020\/03\/1-16.jpeg?resize=350%2C200&ssl=1","width":350,"height":200,"srcset":"https:\/\/i0.wp.com\/webdelmaestrocmf.com\/portal\/wp-content\/uploads\/2020\/03\/1-16.jpeg?resize=350%2C200&ssl=1 1x, https:\/\/i0.wp.com\/webdelmaestrocmf.com\/portal\/wp-content\/uploads\/2020\/03\/1-16.jpeg?resize=525%2C300&ssl=1 1.5x, https:\/\/i0.wp.com\/webdelmaestrocmf.com\/portal\/wp-content\/uploads\/2020\/03\/1-16.jpeg?resize=700%2C400&ssl=1 2x, https:\/\/i0.wp.com\/webdelmaestrocmf.com\/portal\/wp-content\/uploads\/2020\/03\/1-16.jpeg?resize=1050%2C600&ssl=1 3x"},"classes":[]},{"id":8854,"url":"https:\/\/webdelmaestrocmf.com\/portal\/me-di-por-vencido-la-estremecedora-carta-de-un-nino-antes-de-suicidarse-por-bullying\/","url_meta":{"origin":41391,"position":3},"title":"\u00abMe di por vencido\u00bb: Carta de un ni\u00f1o antes de suicidarse por bullying","author":"Web del Maestro CMF","date":"12 julio, 2019","format":false,"excerpt":"El tr\u00e1gico caso de Daniel Fitzpatrick, un ni\u00f1o de 13 a\u00f1os que se quit\u00f3 la vida debido al acoso escolar que sufri\u00f3, pone de manifiesto la cruda realidad del bullying y la necesidad de abordar este tema de manera seria y efectiva. El acoso escolar es un problema que afecta\u2026","rel":"","context":"En \u00abBullying acoso\u00bb","block_context":{"text":"Bullying acoso","link":"https:\/\/webdelmaestrocmf.com\/portal\/category\/pedagogia\/bullying-acoso\/"},"img":{"alt_text":"","src":"https:\/\/i0.wp.com\/webdelmaestrocmf.com\/portal\/wp-content\/uploads\/2019\/07\/A12B3C4D-7.jpg?resize=350%2C200&ssl=1","width":350,"height":200,"srcset":"https:\/\/i0.wp.com\/webdelmaestrocmf.com\/portal\/wp-content\/uploads\/2019\/07\/A12B3C4D-7.jpg?resize=350%2C200&ssl=1 1x, https:\/\/i0.wp.com\/webdelmaestrocmf.com\/portal\/wp-content\/uploads\/2019\/07\/A12B3C4D-7.jpg?resize=525%2C300&ssl=1 1.5x, https:\/\/i0.wp.com\/webdelmaestrocmf.com\/portal\/wp-content\/uploads\/2019\/07\/A12B3C4D-7.jpg?resize=700%2C400&ssl=1 2x"},"classes":[]},{"id":16542,"url":"https:\/\/webdelmaestrocmf.com\/portal\/5-estrategias-prevenir-bullying-salon-clases\/","url_meta":{"origin":41391,"position":4},"title":"5 estrategias para prevenir el bullying en el sal\u00f3n de clases","author":"Web del Maestro CMF","date":"31 marzo, 2017","format":false,"excerpt":"Sigue estas recomendaciones para erradicar el acoso escolar y ayudar tanto a las v\u00edctimas como a los victimarios. El \u201cbullying\u201d o acoso escolar constituye una forma de agresi\u00f3n verbal, f\u00edsica o escrita que genera un da\u00f1o en otro individuo. Estos ataques suelen estar fundados en temas de g\u00e9nero, orientaci\u00f3n sexual,\u2026","rel":"","context":"En \u00abVIDEO PRACTICA DOCENTE\u00bb","block_context":{"text":"VIDEO PRACTICA DOCENTE","link":"https:\/\/webdelmaestrocmf.com\/portal\/category\/videos\/"},"img":{"alt_text":"","src":"https:\/\/i0.wp.com\/webdelmaestrocmf.com\/portal\/wp-content\/uploads\/2017\/03\/A12B3C4D-2023-06-08T124436.571.jpg?resize=350%2C200&ssl=1","width":350,"height":200,"srcset":"https:\/\/i0.wp.com\/webdelmaestrocmf.com\/portal\/wp-content\/uploads\/2017\/03\/A12B3C4D-2023-06-08T124436.571.jpg?resize=350%2C200&ssl=1 1x, https:\/\/i0.wp.com\/webdelmaestrocmf.com\/portal\/wp-content\/uploads\/2017\/03\/A12B3C4D-2023-06-08T124436.571.jpg?resize=525%2C300&ssl=1 1.5x, https:\/\/i0.wp.com\/webdelmaestrocmf.com\/portal\/wp-content\/uploads\/2017\/03\/A12B3C4D-2023-06-08T124436.571.jpg?resize=700%2C400&ssl=1 2x"},"classes":[]},{"id":18986,"url":"https:\/\/webdelmaestrocmf.com\/portal\/profesora-ensena-los-ninos-dano-provoca-bullying-usando-manzanas\/","url_meta":{"origin":41391,"position":5},"title":"C\u00f3mo puede ense\u00f1ar a los ni\u00f1os el da\u00f1o que provoca el bullying usando manzanas","author":"Web del Maestro CMF","date":"16 diciembre, 2020","format":false,"excerpt":"Aunque los adultos estamos muy concienciados contra\u00a0el bullying y el acoso escolar, los ni\u00f1os de ciertas edades no son capaces de comprender la gravedad\u00a0de este problema.\u00a0Por suerte, Rosie Dutton,\u00a0monitora\u00a0infantil del programa contra conductas violentas\u00a0Relax Kids\u00a0de Tamworth, Reino Unido, lleva a\u00f1os explicando\u00a0a los ni\u00f1os el efecto que el tormento f\u00edsico y\u2026","rel":"","context":"En \u00abRecursos\u00bb","block_context":{"text":"Recursos","link":"https:\/\/webdelmaestrocmf.com\/portal\/category\/pedagogia\/"},"img":{"alt_text":"","src":"https:\/\/i0.wp.com\/webdelmaestrocmf.com\/portal\/wp-content\/uploads\/2020\/12\/1-copia-104.jpg?resize=350%2C200&ssl=1","width":350,"height":200,"srcset":"https:\/\/i0.wp.com\/webdelmaestrocmf.com\/portal\/wp-content\/uploads\/2020\/12\/1-copia-104.jpg?resize=350%2C200&ssl=1 1x, https:\/\/i0.wp.com\/webdelmaestrocmf.com\/portal\/wp-content\/uploads\/2020\/12\/1-copia-104.jpg?resize=525%2C300&ssl=1 1.5x, https:\/\/i0.wp.com\/webdelmaestrocmf.com\/portal\/wp-content\/uploads\/2020\/12\/1-copia-104.jpg?resize=700%2C400&ssl=1 2x, https:\/\/i0.wp.com\/webdelmaestrocmf.com\/portal\/wp-content\/uploads\/2020\/12\/1-copia-104.jpg?resize=1050%2C600&ssl=1 3x"},"classes":[]}],"_links":{"self":[{"href":"https:\/\/webdelmaestrocmf.com\/portal\/wp-json\/wp\/v2\/posts\/41391","targetHints":{"allow":["GET"]}}],"collection":[{"href":"https:\/\/webdelmaestrocmf.com\/portal\/wp-json\/wp\/v2\/posts"}],"about":[{"href":"https:\/\/webdelmaestrocmf.com\/portal\/wp-json\/wp\/v2\/types\/post"}],"author":[{"embeddable":true,"href":"https:\/\/webdelmaestrocmf.com\/portal\/wp-json\/wp\/v2\/users\/1"}],"replies":[{"embeddable":true,"href":"https:\/\/webdelmaestrocmf.com\/portal\/wp-json\/wp\/v2\/comments?post=41391"}],"version-history":[{"count":0,"href":"https:\/\/webdelmaestrocmf.com\/portal\/wp-json\/wp\/v2\/posts\/41391\/revisions"}],"wp:featuredmedia":[{"embeddable":true,"href":"https:\/\/webdelmaestrocmf.com\/portal\/wp-json\/wp\/v2\/media\/106105"}],"wp:attachment":[{"href":"https:\/\/webdelmaestrocmf.com\/portal\/wp-json\/wp\/v2\/media?parent=41391"}],"wp:term":[{"taxonomy":"category","embeddable":true,"href":"https:\/\/webdelmaestrocmf.com\/portal\/wp-json\/wp\/v2\/categories?post=41391"},{"taxonomy":"post_tag","embeddable":true,"href":"https:\/\/webdelmaestrocmf.com\/portal\/wp-json\/wp\/v2\/tags?post=41391"}],"curies":[{"name":"wp","href":"https:\/\/api.w.org\/{rel}","templated":true}]}}