{"id":40993,"date":"2019-09-25T10:33:11","date_gmt":"2019-09-25T13:33:11","guid":{"rendered":"https:\/\/webdelmaestrocmf.com\/portal\/?p=40993"},"modified":"2019-09-25T10:35:05","modified_gmt":"2019-09-25T13:35:05","slug":"papa-francisco-las-personas-valen-mas-que-las-cosas-y-que-la-riqueza-que-poseen","status":"publish","type":"post","link":"https:\/\/webdelmaestrocmf.com\/portal\/papa-francisco-las-personas-valen-mas-que-las-cosas-y-que-la-riqueza-que-poseen\/","title":{"rendered":"Papa Francisco: Las personas valen m\u00e1s que las cosas y que la riqueza que poseen"},"content":{"rendered":"<h5 style=\"text-align: justify;\">Ante este mar de paraguas, el Papa Francisco pidi\u00f3 convertir las riquezas en instrumentos de fraternidad.<\/h5>\n<h5 style=\"text-align: justify;\">\u201cLa riqueza puede llevarnos a levantar muros, crear divisiones y discriminar. Jes\u00fas, por el contrario, invita a sus disc\u00edpulos a cambiar de rumbo: \u00abHazte amigo de las riquezas\u00bb. Es una invitaci\u00f3n a saber c\u00f3mo transformar bienes y riquezas en relaciones, porque las personas valen m\u00e1s que las cosas y cuentan m\u00e1s que la riqueza que poseen\u201d.<\/h5>\n<p><!--more--><\/p>\n<p style=\"text-align: justify;\">Durante el \u00c1ngelus, Francisco explic\u00f3 que las fallas y fracasos no tienen la \u00faltima palabra en la vida. Dijo que \u201cJes\u00fas nos asegura que siempre estamos a tiempo para sanar el mal hecho con el bien\u201d.<\/p>\n<p><img loading=\"lazy\" decoding=\"async\" class=\"alignnone size-full wp-image-40995\" src=\"https:\/\/webdelmaestrocmf.com\/portal\/wp-content\/uploads\/2019\/09\/1-73.jpg\" alt=\"\" width=\"910\" height=\"512\" srcset=\"https:\/\/webdelmaestrocmf.com\/portal\/wp-content\/uploads\/2019\/09\/1-73.jpg 910w, https:\/\/webdelmaestrocmf.com\/portal\/wp-content\/uploads\/2019\/09\/1-73-300x169.jpg 300w, https:\/\/webdelmaestrocmf.com\/portal\/wp-content\/uploads\/2019\/09\/1-73-768x432.jpg 768w, https:\/\/webdelmaestrocmf.com\/portal\/wp-content\/uploads\/2019\/09\/1-73-110x62.jpg 110w, https:\/\/webdelmaestrocmf.com\/portal\/wp-content\/uploads\/2019\/09\/1-73-200x113.jpg 200w, https:\/\/webdelmaestrocmf.com\/portal\/wp-content\/uploads\/2019\/09\/1-73-380x214.jpg 380w, https:\/\/webdelmaestrocmf.com\/portal\/wp-content\/uploads\/2019\/09\/1-73-255x143.jpg 255w, https:\/\/webdelmaestrocmf.com\/portal\/wp-content\/uploads\/2019\/09\/1-73-550x309.jpg 550w, https:\/\/webdelmaestrocmf.com\/portal\/wp-content\/uploads\/2019\/09\/1-73-800x450.jpg 800w\" sizes=\"auto, (max-width: 910px) 100vw, 910px\" \/><\/p>\n<p style=\"text-align: justify;\">\u201cQuien ha causado l\u00e1grimas, haga feliz a alguien; quien ha quitado indebidamente, done a quien est\u00e1 en necesidad. Haciendo as\u00ed, seremos alabados por el Se\u00f1or porque hemos actuado con astucia. Al hacerlo, seremos alabados por el Se\u00f1or &#8216;porque hemos actuado con astucia&#8217;, es decir, con la sabidur\u00eda de alguien que se reconoce a s\u00ed mismo como hijo de Dios y busca el Reino de los Cielos\u201d.<\/p>\n<p style=\"text-align: justify;\">El Papa record\u00f3 que el pr\u00f3ximo 29 de septiembre, celebrar\u00e1 una misa en la Plaza de San Pedro con motivo de la Jornada Mundial del Migrante y el Refugiado, adem\u00e1s pidi\u00f3 oraciones por ellos.<\/p>\n<p><iframe loading=\"lazy\" src=\"https:\/\/www.youtube.com\/embed\/xbHDa8x3nKQ\" width=\"100%\" height=\"400\" frameborder=\"0\" allowfullscreen=\"allowfullscreen\"><span data-mce-type=\"bookmark\" style=\"display: inline-block; width: 0px; overflow: hidden; line-height: 0;\" class=\"mce_SELRES_start\">\ufeff<\/span><\/iframe><\/p>\n<p class=\"p1\"><strong>Este contenido ha sido publicado originalmente por Rome Reports en la siguiente direcci\u00f3n: <a href=\"http:\/\/romereports.com\" target=\"_blank\" rel=\"noopener noreferrer\">romereports.com <\/a>y escrito por: Daniel D\u00edaz Vizzi<\/strong><\/p>\n<p class=\"p1\">\t\t<div class=\"pk-inline-posts\">\n\t\t\t\n\t\t\t<div class=\"pk-inline-posts-container pk-inline-posts-template-list\"\n\t\t\t\tdata-columns=\"1\">\n\t\t\t\t\t\t<article id=\"post-117930\" class=\"post-117930 post type-post status-publish format-standard has-post-thumbnail category-pastoral category-noticias-internacionales category-papa-leon-xiv tag-conflictos tag-derechos-humanos tag-educacion-en-valores-2 tag-etica-3 tag-justicia-social tag-liderazgo tag-papa-2 tag-paz tag-reflexion-2 tag-solidaridad cs-entry cs-video-wrap\">\n\t\t\t<div class=\"pk-post-outer\">\n\n\t\t\t\t\t\t\t\t<div class=\"pk-post-inner\">\n\t\t\t\t\t<div class=\"entry-thumbnail\">\n\t\t\t\t\t\t<div class=\"pk-overlay pk-overlay-ratio pk-ratio-landscape\">\n\t\t\t\t\t\t\t<div class=\"pk-overlay-background\">\n\t\t\t\t\t\t\t\t<a href=\"https:\/\/webdelmaestrocmf.com\/portal\/papa-leon-xiv-el-mundo-esta-siendo-destruido-por-unos-pocos-tiranos-en-referencia-a-trump\/\" class=\"pk-overlay-link\">\n\t\t\t\t\t\t\t\t\t<img loading=\"lazy\" decoding=\"async\" width=\"300\" height=\"225\" src=\"https:\/\/webdelmaestrocmf.com\/portal\/wp-content\/uploads\/2026\/04\/1AA-Banner-1-portada-imagen-10-1-copia-30-300x225.webp\" class=\"attachment-pk-thumbnail size-pk-thumbnail wp-post-image\" alt=\"\" \/>\t\t\t\t\t\t\t\t<\/a>\n\t\t\t\t\t\t\t<\/div>\n\t\t\t\t\t\t<\/div>\n\t\t\t\t\t<\/div>\n\t\t\t\t<\/div>\n\t\t\t\t\n\t\t\t\t<div class=\"pk-post-inner\">\n\t\t\t\t\t<header>\n\t\t\t\t\t\t<h3 class=\"pk-title\"><a href=\"https:\/\/webdelmaestrocmf.com\/portal\/papa-leon-xiv-el-mundo-esta-siendo-destruido-por-unos-pocos-tiranos-en-referencia-a-trump\/\" rel=\"bookmark\">Papa Le\u00f3n XIV: \u201cEl mundo est\u00e1 siendo destruido por unos pocos tiranos\u201d, en referencia a Trump<\/a><\/h3>\t\t\t\t\t<\/header><!-- .entry-header -->\n\t\t\t\t<\/div><!-- .post-inner -->\n\n\t\t\t<\/div><!-- .post-outer -->\n\t\t<\/article>\n\t\t\t\t<\/div>\n\t\t<\/div>\n\t\t<\/p>\n","protected":false},"excerpt":{"rendered":"Ante este mar de paraguas, el Papa Francisco pidi\u00f3 convertir las riquezas en instrumentos de fraternidad. \u201cLa riqueza&hellip;","protected":false},"author":1,"featured_media":40996,"comment_status":"open","ping_status":"closed","sticky":false,"template":"","format":"standard","meta":{"csco_display_header_overlay":false,"csco_singular_sidebar":"default","csco_page_header_type":"default","csco_page_load_nextpost":"default","csco_post_video_location":[],"csco_post_video_location_hash":"","csco_post_video_url":"","csco_post_video_bg_start_time":0,"csco_post_video_bg_end_time":0,"csco_post_video_bg_volume":false,"_jetpack_memberships_contains_paid_content":false,"footnotes":""},"categories":[431,467],"tags":[1363,880,84,4464,4463],"class_list":{"0":"post-40993","1":"post","2":"type-post","3":"status-publish","4":"format-standard","5":"has-post-thumbnail","7":"category-pastoral","8":"category-papa-francisco","9":"tag-francisco","10":"tag-papa","11":"tag-personas","12":"tag-riqueza","13":"tag-valen","14":"cs-entry","15":"cs-video-wrap"},"yoast_head":"<!-- This site is optimized with the Yoast SEO plugin v27.5 - https:\/\/yoast.com\/product\/yoast-seo-wordpress\/ -->\n<title>Papa Francisco: Las personas valen m\u00e1s que las cosas y que la riqueza que poseen - 2026<\/title>\n<meta name=\"description\" content=\"\u201cLa riqueza puede llevarnos a levantar muros, crear divisiones y discriminar. Jes\u00fas, por el contrario, invita a sus disc\u00edpulos a cambiar de rumbo:\" \/>\n<meta name=\"robots\" content=\"index, follow, max-snippet:-1, max-image-preview:large, max-video-preview:-1\" \/>\n<link rel=\"canonical\" href=\"https:\/\/webdelmaestrocmf.com\/portal\/papa-francisco-las-personas-valen-mas-que-las-cosas-y-que-la-riqueza-que-poseen\/\" \/>\n<meta property=\"og:locale\" content=\"es_ES\" \/>\n<meta property=\"og:type\" content=\"article\" \/>\n<meta property=\"og:title\" content=\"Papa Francisco: Las personas valen m\u00e1s que las cosas y que la riqueza que poseen - 2026\" \/>\n<meta property=\"og:description\" content=\"\u201cLa riqueza puede llevarnos a levantar muros, crear divisiones y discriminar. Jes\u00fas, por el contrario, invita a sus disc\u00edpulos a cambiar de rumbo:\" \/>\n<meta property=\"og:url\" content=\"https:\/\/webdelmaestrocmf.com\/portal\/papa-francisco-las-personas-valen-mas-que-las-cosas-y-que-la-riqueza-que-poseen\/\" \/>\n<meta property=\"og:site_name\" content=\"Web del Maestro CMF\" \/>\n<meta property=\"article:publisher\" content=\"https:\/\/www.facebook.com\/WebdelMaestroCMF\/\" \/>\n<meta property=\"article:author\" content=\"https:\/\/www.facebook.com\/WebdelMaestroCMF\/\" \/>\n<meta property=\"article:published_time\" content=\"2019-09-25T13:33:11+00:00\" \/>\n<meta property=\"article:modified_time\" content=\"2019-09-25T13:35:05+00:00\" \/>\n<meta property=\"og:image\" content=\"https:\/\/i0.wp.com\/webdelmaestrocmf.com\/portal\/wp-content\/uploads\/2019\/09\/1-74.jpg?fit=1100%2C680&ssl=1\" \/>\n\t<meta property=\"og:image:width\" content=\"1100\" \/>\n\t<meta property=\"og:image:height\" content=\"680\" \/>\n\t<meta property=\"og:image:type\" content=\"image\/jpeg\" \/>\n<meta name=\"author\" content=\"Web del Maestro CMF\" \/>\n<meta name=\"twitter:card\" content=\"summary_large_image\" \/>\n<meta name=\"twitter:creator\" content=\"@cmf_w\" \/>\n<meta name=\"twitter:site\" content=\"@cmf_w\" \/>\n<script type=\"application\/ld+json\" class=\"yoast-schema-graph\">{\"@context\":\"https:\\\/\\\/schema.org\",\"@graph\":[{\"@type\":\"ScholarlyArticle\",\"@id\":\"https:\\\/\\\/webdelmaestrocmf.com\\\/portal\\\/papa-francisco-las-personas-valen-mas-que-las-cosas-y-que-la-riqueza-que-poseen\\\/#article\",\"isPartOf\":{\"@id\":\"https:\\\/\\\/webdelmaestrocmf.com\\\/portal\\\/papa-francisco-las-personas-valen-mas-que-las-cosas-y-que-la-riqueza-que-poseen\\\/\"},\"author\":{\"name\":\"Web del Maestro CMF\",\"@id\":\"https:\\\/\\\/webdelmaestrocmf.com\\\/portal\\\/#\\\/schema\\\/person\\\/1072a2ed7bd960df8ef99a551fa35dc5\"},\"headline\":\"Papa Francisco: Las personas valen m\u00e1s que las cosas y que la riqueza que poseen\",\"datePublished\":\"2019-09-25T13:33:11+00:00\",\"dateModified\":\"2019-09-25T13:35:05+00:00\",\"mainEntityOfPage\":{\"@id\":\"https:\\\/\\\/webdelmaestrocmf.com\\\/portal\\\/papa-francisco-las-personas-valen-mas-que-las-cosas-y-que-la-riqueza-que-poseen\\\/\"},\"wordCount\":261,\"commentCount\":8,\"publisher\":{\"@id\":\"https:\\\/\\\/webdelmaestrocmf.com\\\/portal\\\/#organization\"},\"image\":{\"@id\":\"https:\\\/\\\/webdelmaestrocmf.com\\\/portal\\\/papa-francisco-las-personas-valen-mas-que-las-cosas-y-que-la-riqueza-que-poseen\\\/#primaryimage\"},\"thumbnailUrl\":\"https:\\\/\\\/webdelmaestrocmf.com\\\/portal\\\/wp-content\\\/uploads\\\/2019\\\/09\\\/1-74.jpg\",\"keywords\":[\"Francisco\",\"pap\u00e1\",\"personas\",\"riqueza\",\"valen\"],\"articleSection\":[\"Mundo cart\u00f3lico\",\"Papa Francisco\"],\"inLanguage\":\"es\",\"potentialAction\":[{\"@type\":\"CommentAction\",\"name\":\"Comment\",\"target\":[\"https:\\\/\\\/webdelmaestrocmf.com\\\/portal\\\/papa-francisco-las-personas-valen-mas-que-las-cosas-y-que-la-riqueza-que-poseen\\\/#respond\"]}]},{\"@type\":\"WebPage\",\"@id\":\"https:\\\/\\\/webdelmaestrocmf.com\\\/portal\\\/papa-francisco-las-personas-valen-mas-que-las-cosas-y-que-la-riqueza-que-poseen\\\/\",\"url\":\"https:\\\/\\\/webdelmaestrocmf.com\\\/portal\\\/papa-francisco-las-personas-valen-mas-que-las-cosas-y-que-la-riqueza-que-poseen\\\/\",\"name\":\"Papa Francisco: Las personas valen m\u00e1s que las cosas y que la riqueza que poseen - 2026\",\"isPartOf\":{\"@id\":\"https:\\\/\\\/webdelmaestrocmf.com\\\/portal\\\/#website\"},\"primaryImageOfPage\":{\"@id\":\"https:\\\/\\\/webdelmaestrocmf.com\\\/portal\\\/papa-francisco-las-personas-valen-mas-que-las-cosas-y-que-la-riqueza-que-poseen\\\/#primaryimage\"},\"image\":{\"@id\":\"https:\\\/\\\/webdelmaestrocmf.com\\\/portal\\\/papa-francisco-las-personas-valen-mas-que-las-cosas-y-que-la-riqueza-que-poseen\\\/#primaryimage\"},\"thumbnailUrl\":\"https:\\\/\\\/webdelmaestrocmf.com\\\/portal\\\/wp-content\\\/uploads\\\/2019\\\/09\\\/1-74.jpg\",\"datePublished\":\"2019-09-25T13:33:11+00:00\",\"dateModified\":\"2019-09-25T13:35:05+00:00\",\"description\":\"\u201cLa riqueza puede llevarnos a levantar muros, crear divisiones y discriminar. Jes\u00fas, por el contrario, invita a sus disc\u00edpulos a cambiar de rumbo:\",\"breadcrumb\":{\"@id\":\"https:\\\/\\\/webdelmaestrocmf.com\\\/portal\\\/papa-francisco-las-personas-valen-mas-que-las-cosas-y-que-la-riqueza-que-poseen\\\/#breadcrumb\"},\"inLanguage\":\"es\",\"potentialAction\":[{\"@type\":\"ReadAction\",\"target\":[\"https:\\\/\\\/webdelmaestrocmf.com\\\/portal\\\/papa-francisco-las-personas-valen-mas-que-las-cosas-y-que-la-riqueza-que-poseen\\\/\"]}]},{\"@type\":\"ImageObject\",\"inLanguage\":\"es\",\"@id\":\"https:\\\/\\\/webdelmaestrocmf.com\\\/portal\\\/papa-francisco-las-personas-valen-mas-que-las-cosas-y-que-la-riqueza-que-poseen\\\/#primaryimage\",\"url\":\"https:\\\/\\\/webdelmaestrocmf.com\\\/portal\\\/wp-content\\\/uploads\\\/2019\\\/09\\\/1-74.jpg\",\"contentUrl\":\"https:\\\/\\\/webdelmaestrocmf.com\\\/portal\\\/wp-content\\\/uploads\\\/2019\\\/09\\\/1-74.jpg\",\"width\":1100,\"height\":680},{\"@type\":\"BreadcrumbList\",\"@id\":\"https:\\\/\\\/webdelmaestrocmf.com\\\/portal\\\/papa-francisco-las-personas-valen-mas-que-las-cosas-y-que-la-riqueza-que-poseen\\\/#breadcrumb\",\"itemListElement\":[{\"@type\":\"ListItem\",\"position\":1,\"name\":\"Portada\",\"item\":\"https:\\\/\\\/webdelmaestrocmf.com\\\/portal\\\/\"},{\"@type\":\"ListItem\",\"position\":2,\"name\":\"Mundo cart\u00f3lico\",\"item\":\"https:\\\/\\\/webdelmaestrocmf.com\\\/portal\\\/category\\\/pastoral\\\/\"},{\"@type\":\"ListItem\",\"position\":3,\"name\":\"Papa Francisco: Las personas valen m\u00e1s que las cosas y que la riqueza que poseen\"}]},{\"@type\":\"WebSite\",\"@id\":\"https:\\\/\\\/webdelmaestrocmf.com\\\/portal\\\/#website\",\"url\":\"https:\\\/\\\/webdelmaestrocmf.com\\\/portal\\\/\",\"name\":\"Web del Maestro CMF\",\"description\":\"Maestros al servicio de la educaci\u00f3n\",\"publisher\":{\"@id\":\"https:\\\/\\\/webdelmaestrocmf.com\\\/portal\\\/#organization\"},\"alternateName\":\"WMCMF\",\"potentialAction\":[{\"@type\":\"SearchAction\",\"target\":{\"@type\":\"EntryPoint\",\"urlTemplate\":\"https:\\\/\\\/webdelmaestrocmf.com\\\/portal\\\/?s={search_term_string}\"},\"query-input\":{\"@type\":\"PropertyValueSpecification\",\"valueRequired\":true,\"valueName\":\"search_term_string\"}}],\"inLanguage\":\"es\"},{\"@type\":\"Organization\",\"@id\":\"https:\\\/\\\/webdelmaestrocmf.com\\\/portal\\\/#organization\",\"name\":\"Web del Maestro CMF\",\"alternateName\":\"WMCMF\",\"url\":\"https:\\\/\\\/webdelmaestrocmf.com\\\/portal\\\/\",\"logo\":{\"@type\":\"ImageObject\",\"inLanguage\":\"es\",\"@id\":\"https:\\\/\\\/webdelmaestrocmf.com\\\/portal\\\/#\\\/schema\\\/logo\\\/image\\\/\",\"url\":\"https:\\\/\\\/webdelmaestrocmf.com\\\/portal\\\/wp-content\\\/uploads\\\/2023\\\/01\\\/logo-wmcmf-2.png\",\"contentUrl\":\"https:\\\/\\\/webdelmaestrocmf.com\\\/portal\\\/wp-content\\\/uploads\\\/2023\\\/01\\\/logo-wmcmf-2.png\",\"width\":200,\"height\":60,\"caption\":\"Web del Maestro CMF\"},\"image\":{\"@id\":\"https:\\\/\\\/webdelmaestrocmf.com\\\/portal\\\/#\\\/schema\\\/logo\\\/image\\\/\"},\"sameAs\":[\"https:\\\/\\\/www.facebook.com\\\/WebdelMaestroCMF\\\/\",\"https:\\\/\\\/x.com\\\/cmf_w\",\"https:\\\/\\\/www.pinterest.com\\\/WMCMF\\\/\",\"https:\\\/\\\/www.linkedin.com\\\/company\\\/web-del-maestro-cmf\\\/\",\"https:\\\/\\\/www.instagram.com\\\/wmcmf\\\/\",\"https:\\\/\\\/www.youtube.com\\\/channel\\\/UCDPSvjbdodE5sHnC3OxutHw\",\"https:\\\/\\\/mastodon.social\\\/@wmcmf\",\"https:\\\/\\\/www.tiktok.com\\\/@webdelmaestrocmf\"]},{\"@type\":\"Person\",\"@id\":\"https:\\\/\\\/webdelmaestrocmf.com\\\/portal\\\/#\\\/schema\\\/person\\\/1072a2ed7bd960df8ef99a551fa35dc5\",\"name\":\"Web del Maestro CMF\",\"image\":{\"@type\":\"ImageObject\",\"inLanguage\":\"es\",\"@id\":\"https:\\\/\\\/secure.gravatar.com\\\/avatar\\\/23291dd5b5ae1077dcff3dbb04c3e02bd28403fa75af6d8787d5e97c5bbbe30b?s=96&d=mm&r=g\",\"url\":\"https:\\\/\\\/secure.gravatar.com\\\/avatar\\\/23291dd5b5ae1077dcff3dbb04c3e02bd28403fa75af6d8787d5e97c5bbbe30b?s=96&d=mm&r=g\",\"contentUrl\":\"https:\\\/\\\/secure.gravatar.com\\\/avatar\\\/23291dd5b5ae1077dcff3dbb04c3e02bd28403fa75af6d8787d5e97c5bbbe30b?s=96&d=mm&r=g\",\"caption\":\"Web del Maestro CMF\"},\"description\":\"Esta Web se cre\u00f3 sin fines de lucro, con fines educativos, cient\u00edficos y acad\u00e9micos, para personas que tengan dificultades y\\\/o inconvenientes en visualizar el material original. El objetivo es entregar recursos, compartir experiencias y materiales que ayuden a los padres de familia, maestros y estudiantes en su actualizaci\u00f3n y formaci\u00f3n permanente, en bien de la Educaci\u00f3n.\",\"sameAs\":[\"http:\\\/\\\/webdelmaestrocmf.com\\\/portal\",\"https:\\\/\\\/www.facebook.com\\\/WebdelMaestroCMF\\\/\",\"https:\\\/\\\/www.instagram.com\\\/wmcmf\\\/\",\"https:\\\/\\\/cl.linkedin.com\\\/company\\\/web-del-maestro-cmf\",\"https:\\\/\\\/www.pinterest.com\\\/WMCMF\\\/publicaciones\\\/\",\"https:\\\/\\\/x.com\\\/cmf_w\",\"https:\\\/\\\/www.youtube.com\\\/@WMCMF\"]}]}<\/script>\n<!-- \/ Yoast SEO plugin. -->","yoast_head_json":{"title":"Papa Francisco: Las personas valen m\u00e1s que las cosas y que la riqueza que poseen - 2026","description":"\u201cLa riqueza puede llevarnos a levantar muros, crear divisiones y discriminar. Jes\u00fas, por el contrario, invita a sus disc\u00edpulos a cambiar de rumbo:","robots":{"index":"index","follow":"follow","max-snippet":"max-snippet:-1","max-image-preview":"max-image-preview:large","max-video-preview":"max-video-preview:-1"},"canonical":"https:\/\/webdelmaestrocmf.com\/portal\/papa-francisco-las-personas-valen-mas-que-las-cosas-y-que-la-riqueza-que-poseen\/","og_locale":"es_ES","og_type":"article","og_title":"Papa Francisco: Las personas valen m\u00e1s que las cosas y que la riqueza que poseen - 2026","og_description":"\u201cLa riqueza puede llevarnos a levantar muros, crear divisiones y discriminar. Jes\u00fas, por el contrario, invita a sus disc\u00edpulos a cambiar de rumbo:","og_url":"https:\/\/webdelmaestrocmf.com\/portal\/papa-francisco-las-personas-valen-mas-que-las-cosas-y-que-la-riqueza-que-poseen\/","og_site_name":"Web del Maestro CMF","article_publisher":"https:\/\/www.facebook.com\/WebdelMaestroCMF\/","article_author":"https:\/\/www.facebook.com\/WebdelMaestroCMF\/","article_published_time":"2019-09-25T13:33:11+00:00","article_modified_time":"2019-09-25T13:35:05+00:00","og_image":[{"width":1100,"height":680,"url":"https:\/\/i0.wp.com\/webdelmaestrocmf.com\/portal\/wp-content\/uploads\/2019\/09\/1-74.jpg?fit=1100%2C680&ssl=1","type":"image\/jpeg"}],"author":"Web del Maestro CMF","twitter_card":"summary_large_image","twitter_creator":"@cmf_w","twitter_site":"@cmf_w","schema":{"@context":"https:\/\/schema.org","@graph":[{"@type":"ScholarlyArticle","@id":"https:\/\/webdelmaestrocmf.com\/portal\/papa-francisco-las-personas-valen-mas-que-las-cosas-y-que-la-riqueza-que-poseen\/#article","isPartOf":{"@id":"https:\/\/webdelmaestrocmf.com\/portal\/papa-francisco-las-personas-valen-mas-que-las-cosas-y-que-la-riqueza-que-poseen\/"},"author":{"name":"Web del Maestro CMF","@id":"https:\/\/webdelmaestrocmf.com\/portal\/#\/schema\/person\/1072a2ed7bd960df8ef99a551fa35dc5"},"headline":"Papa Francisco: Las personas valen m\u00e1s que las cosas y que la riqueza que poseen","datePublished":"2019-09-25T13:33:11+00:00","dateModified":"2019-09-25T13:35:05+00:00","mainEntityOfPage":{"@id":"https:\/\/webdelmaestrocmf.com\/portal\/papa-francisco-las-personas-valen-mas-que-las-cosas-y-que-la-riqueza-que-poseen\/"},"wordCount":261,"commentCount":8,"publisher":{"@id":"https:\/\/webdelmaestrocmf.com\/portal\/#organization"},"image":{"@id":"https:\/\/webdelmaestrocmf.com\/portal\/papa-francisco-las-personas-valen-mas-que-las-cosas-y-que-la-riqueza-que-poseen\/#primaryimage"},"thumbnailUrl":"https:\/\/webdelmaestrocmf.com\/portal\/wp-content\/uploads\/2019\/09\/1-74.jpg","keywords":["Francisco","pap\u00e1","personas","riqueza","valen"],"articleSection":["Mundo cart\u00f3lico","Papa Francisco"],"inLanguage":"es","potentialAction":[{"@type":"CommentAction","name":"Comment","target":["https:\/\/webdelmaestrocmf.com\/portal\/papa-francisco-las-personas-valen-mas-que-las-cosas-y-que-la-riqueza-que-poseen\/#respond"]}]},{"@type":"WebPage","@id":"https:\/\/webdelmaestrocmf.com\/portal\/papa-francisco-las-personas-valen-mas-que-las-cosas-y-que-la-riqueza-que-poseen\/","url":"https:\/\/webdelmaestrocmf.com\/portal\/papa-francisco-las-personas-valen-mas-que-las-cosas-y-que-la-riqueza-que-poseen\/","name":"Papa Francisco: Las personas valen m\u00e1s que las cosas y que la riqueza que poseen - 2026","isPartOf":{"@id":"https:\/\/webdelmaestrocmf.com\/portal\/#website"},"primaryImageOfPage":{"@id":"https:\/\/webdelmaestrocmf.com\/portal\/papa-francisco-las-personas-valen-mas-que-las-cosas-y-que-la-riqueza-que-poseen\/#primaryimage"},"image":{"@id":"https:\/\/webdelmaestrocmf.com\/portal\/papa-francisco-las-personas-valen-mas-que-las-cosas-y-que-la-riqueza-que-poseen\/#primaryimage"},"thumbnailUrl":"https:\/\/webdelmaestrocmf.com\/portal\/wp-content\/uploads\/2019\/09\/1-74.jpg","datePublished":"2019-09-25T13:33:11+00:00","dateModified":"2019-09-25T13:35:05+00:00","description":"\u201cLa riqueza puede llevarnos a levantar muros, crear divisiones y discriminar. Jes\u00fas, por el contrario, invita a sus disc\u00edpulos a cambiar de rumbo:","breadcrumb":{"@id":"https:\/\/webdelmaestrocmf.com\/portal\/papa-francisco-las-personas-valen-mas-que-las-cosas-y-que-la-riqueza-que-poseen\/#breadcrumb"},"inLanguage":"es","potentialAction":[{"@type":"ReadAction","target":["https:\/\/webdelmaestrocmf.com\/portal\/papa-francisco-las-personas-valen-mas-que-las-cosas-y-que-la-riqueza-que-poseen\/"]}]},{"@type":"ImageObject","inLanguage":"es","@id":"https:\/\/webdelmaestrocmf.com\/portal\/papa-francisco-las-personas-valen-mas-que-las-cosas-y-que-la-riqueza-que-poseen\/#primaryimage","url":"https:\/\/webdelmaestrocmf.com\/portal\/wp-content\/uploads\/2019\/09\/1-74.jpg","contentUrl":"https:\/\/webdelmaestrocmf.com\/portal\/wp-content\/uploads\/2019\/09\/1-74.jpg","width":1100,"height":680},{"@type":"BreadcrumbList","@id":"https:\/\/webdelmaestrocmf.com\/portal\/papa-francisco-las-personas-valen-mas-que-las-cosas-y-que-la-riqueza-que-poseen\/#breadcrumb","itemListElement":[{"@type":"ListItem","position":1,"name":"Portada","item":"https:\/\/webdelmaestrocmf.com\/portal\/"},{"@type":"ListItem","position":2,"name":"Mundo cart\u00f3lico","item":"https:\/\/webdelmaestrocmf.com\/portal\/category\/pastoral\/"},{"@type":"ListItem","position":3,"name":"Papa Francisco: Las personas valen m\u00e1s que las cosas y que la riqueza que poseen"}]},{"@type":"WebSite","@id":"https:\/\/webdelmaestrocmf.com\/portal\/#website","url":"https:\/\/webdelmaestrocmf.com\/portal\/","name":"Web del Maestro CMF","description":"Maestros al servicio de la educaci\u00f3n","publisher":{"@id":"https:\/\/webdelmaestrocmf.com\/portal\/#organization"},"alternateName":"WMCMF","potentialAction":[{"@type":"SearchAction","target":{"@type":"EntryPoint","urlTemplate":"https:\/\/webdelmaestrocmf.com\/portal\/?s={search_term_string}"},"query-input":{"@type":"PropertyValueSpecification","valueRequired":true,"valueName":"search_term_string"}}],"inLanguage":"es"},{"@type":"Organization","@id":"https:\/\/webdelmaestrocmf.com\/portal\/#organization","name":"Web del Maestro CMF","alternateName":"WMCMF","url":"https:\/\/webdelmaestrocmf.com\/portal\/","logo":{"@type":"ImageObject","inLanguage":"es","@id":"https:\/\/webdelmaestrocmf.com\/portal\/#\/schema\/logo\/image\/","url":"https:\/\/webdelmaestrocmf.com\/portal\/wp-content\/uploads\/2023\/01\/logo-wmcmf-2.png","contentUrl":"https:\/\/webdelmaestrocmf.com\/portal\/wp-content\/uploads\/2023\/01\/logo-wmcmf-2.png","width":200,"height":60,"caption":"Web del Maestro CMF"},"image":{"@id":"https:\/\/webdelmaestrocmf.com\/portal\/#\/schema\/logo\/image\/"},"sameAs":["https:\/\/www.facebook.com\/WebdelMaestroCMF\/","https:\/\/x.com\/cmf_w","https:\/\/www.pinterest.com\/WMCMF\/","https:\/\/www.linkedin.com\/company\/web-del-maestro-cmf\/","https:\/\/www.instagram.com\/wmcmf\/","https:\/\/www.youtube.com\/channel\/UCDPSvjbdodE5sHnC3OxutHw","https:\/\/mastodon.social\/@wmcmf","https:\/\/www.tiktok.com\/@webdelmaestrocmf"]},{"@type":"Person","@id":"https:\/\/webdelmaestrocmf.com\/portal\/#\/schema\/person\/1072a2ed7bd960df8ef99a551fa35dc5","name":"Web del Maestro CMF","image":{"@type":"ImageObject","inLanguage":"es","@id":"https:\/\/secure.gravatar.com\/avatar\/23291dd5b5ae1077dcff3dbb04c3e02bd28403fa75af6d8787d5e97c5bbbe30b?s=96&d=mm&r=g","url":"https:\/\/secure.gravatar.com\/avatar\/23291dd5b5ae1077dcff3dbb04c3e02bd28403fa75af6d8787d5e97c5bbbe30b?s=96&d=mm&r=g","contentUrl":"https:\/\/secure.gravatar.com\/avatar\/23291dd5b5ae1077dcff3dbb04c3e02bd28403fa75af6d8787d5e97c5bbbe30b?s=96&d=mm&r=g","caption":"Web del Maestro CMF"},"description":"Esta Web se cre\u00f3 sin fines de lucro, con fines educativos, cient\u00edficos y acad\u00e9micos, para personas que tengan dificultades y\/o inconvenientes en visualizar el material original. El objetivo es entregar recursos, compartir experiencias y materiales que ayuden a los padres de familia, maestros y estudiantes en su actualizaci\u00f3n y formaci\u00f3n permanente, en bien de la Educaci\u00f3n.","sameAs":["http:\/\/webdelmaestrocmf.com\/portal","https:\/\/www.facebook.com\/WebdelMaestroCMF\/","https:\/\/www.instagram.com\/wmcmf\/","https:\/\/cl.linkedin.com\/company\/web-del-maestro-cmf","https:\/\/www.pinterest.com\/WMCMF\/publicaciones\/","https:\/\/x.com\/cmf_w","https:\/\/www.youtube.com\/@WMCMF"]}]}},"jetpack_featured_media_url":"https:\/\/webdelmaestrocmf.com\/portal\/wp-content\/uploads\/2019\/09\/1-74.jpg","jetpack_sharing_enabled":true,"jetpack-related-posts":[{"id":29480,"url":"https:\/\/webdelmaestrocmf.com\/portal\/papa-francisco-quien-tenga-apego-a-las-cosas-materiales-no-se-meta-en-politica\/","url_meta":{"origin":40993,"position":0},"title":"Papa Francisco: Quien tenga apego a las cosas materiales, no se meta en pol\u00edtica","author":"Web del Maestro CMF","date":"26 julio, 2018","format":false,"excerpt":"El Papa Francisco afirma que \u201cla sed del apego a las riquezas no termina nunca. Si tienes el coraz\u00f3n apegado a las riquezas \u2013cuando se tienen tantas\u2013 quieres m\u00e1s. Y esto es el dios de la persona que est\u00e1 apegada a las riquezas\u201d. (19\/10\/2015). \u201cEl apego a lo que amamos,\u2026","rel":"","context":"En \u00abInformativo\u00bb","block_context":{"text":"Informativo","link":"https:\/\/webdelmaestrocmf.com\/portal\/category\/noticias\/informativo\/"},"img":{"alt_text":"","src":"https:\/\/i0.wp.com\/webdelmaestrocmf.com\/portal\/wp-content\/uploads\/2018\/02\/franciscopapa.jpg?resize=350%2C200&ssl=1","width":350,"height":200,"srcset":"https:\/\/i0.wp.com\/webdelmaestrocmf.com\/portal\/wp-content\/uploads\/2018\/02\/franciscopapa.jpg?resize=350%2C200&ssl=1 1x, https:\/\/i0.wp.com\/webdelmaestrocmf.com\/portal\/wp-content\/uploads\/2018\/02\/franciscopapa.jpg?resize=525%2C300&ssl=1 1.5x, https:\/\/i0.wp.com\/webdelmaestrocmf.com\/portal\/wp-content\/uploads\/2018\/02\/franciscopapa.jpg?resize=700%2C400&ssl=1 2x"},"classes":[]},{"id":18128,"url":"https:\/\/webdelmaestrocmf.com\/portal\/papa-francisco-rezar-los-cristianos-africa\/","url_meta":{"origin":40993,"position":1},"title":"Papa Francisco: rezar por los cristianos de \u00e1frica","author":"Web del Maestro CMF","date":"10 mayo, 2017","format":false,"excerpt":"Para el mes de mayo, el Papa Francisco propone rezar por el continente africano y sus cristianos. En el v\u00eddeo de este mes, el Papa elogia el rico patrimonio cultural, intelectual y religioso del continente. Tambi\u00e9n lamenta las guerras que destruyen esas riquezas. Por eso, invita a los cristianos de\u2026","rel":"","context":"En \u00abMundo cart\u00f3lico\u00bb","block_context":{"text":"Mundo cart\u00f3lico","link":"https:\/\/webdelmaestrocmf.com\/portal\/category\/pastoral\/"},"img":{"alt_text":"","src":"https:\/\/i0.wp.com\/webdelmaestrocmf.com\/portal\/wp-content\/uploads\/2017\/10\/1ss.jpg?resize=350%2C200&ssl=1","width":350,"height":200,"srcset":"https:\/\/i0.wp.com\/webdelmaestrocmf.com\/portal\/wp-content\/uploads\/2017\/10\/1ss.jpg?resize=350%2C200&ssl=1 1x, https:\/\/i0.wp.com\/webdelmaestrocmf.com\/portal\/wp-content\/uploads\/2017\/10\/1ss.jpg?resize=525%2C300&ssl=1 1.5x"},"classes":[]},{"id":60250,"url":"https:\/\/webdelmaestrocmf.com\/portal\/papa-francisco-gracias-maestros-por-lo-que-hacen\/","url_meta":{"origin":40993,"position":2},"title":"Papa Francisco: Gracias maestros, por lo que hacen","author":"Web del Maestro CMF","date":"7 marzo, 2021","format":false,"excerpt":"En la ciudad de Los \u00c1ngeles (California, USA) se ha desarrollado el Congreso virtual de Educaci\u00f3n Religiosa 2021, con el lema \u00a1Proclame la promesa! (18-21 de febrero 2021), como alegre y entusiasta \u201cinvitaci\u00f3n radical a creer que nuestras vidas y nuestro mundo est\u00e1n sostenidos por la promesa de Dios. Ahora\u2026","rel":"","context":"En \u00abMundo cart\u00f3lico\u00bb","block_context":{"text":"Mundo cart\u00f3lico","link":"https:\/\/webdelmaestrocmf.com\/portal\/category\/pastoral\/"},"img":{"alt_text":"","src":"https:\/\/i0.wp.com\/webdelmaestrocmf.com\/portal\/wp-content\/uploads\/2021\/03\/1-39.jpg?resize=350%2C200&ssl=1","width":350,"height":200,"srcset":"https:\/\/i0.wp.com\/webdelmaestrocmf.com\/portal\/wp-content\/uploads\/2021\/03\/1-39.jpg?resize=350%2C200&ssl=1 1x, https:\/\/i0.wp.com\/webdelmaestrocmf.com\/portal\/wp-content\/uploads\/2021\/03\/1-39.jpg?resize=525%2C300&ssl=1 1.5x, https:\/\/i0.wp.com\/webdelmaestrocmf.com\/portal\/wp-content\/uploads\/2021\/03\/1-39.jpg?resize=700%2C400&ssl=1 2x, https:\/\/i0.wp.com\/webdelmaestrocmf.com\/portal\/wp-content\/uploads\/2021\/03\/1-39.jpg?resize=1050%2C600&ssl=1 3x"},"classes":[]},{"id":26575,"url":"https:\/\/webdelmaestrocmf.com\/portal\/papa-francisco-invita-los-jovenes-participar-internet-la-preparacion-del-sinodo\/","url_meta":{"origin":40993,"position":3},"title":"Papa Francisco invita a los j\u00f3venes a participar por internet en la preparaci\u00f3n del s\u00ednodo","author":"Web del Maestro CMF","date":"21 febrero, 2018","format":false,"excerpt":"En marzo, unos 300 j\u00f3venes se reunir\u00e1n en Roma para aportar ideas y preparar el pr\u00f3ximo S\u00ednodo. \u00c9ste se celebrar\u00e1 en octubre y tratar\u00e1 precisamente sobre la Iglesia y los j\u00f3venes. Por eso, en el \u00c1ngelus, el Papa pidi\u00f3 a todos los j\u00f3venes que participen en el encuentro de marzo\u2026","rel":"","context":"En \u00abMundo cart\u00f3lico\u00bb","block_context":{"text":"Mundo cart\u00f3lico","link":"https:\/\/webdelmaestrocmf.com\/portal\/category\/pastoral\/"},"img":{"alt_text":"","src":"https:\/\/i0.wp.com\/webdelmaestrocmf.com\/portal\/wp-content\/uploads\/2018\/02\/papa-francisco.jpg?resize=350%2C200&ssl=1","width":350,"height":200,"srcset":"https:\/\/i0.wp.com\/webdelmaestrocmf.com\/portal\/wp-content\/uploads\/2018\/02\/papa-francisco.jpg?resize=350%2C200&ssl=1 1x, https:\/\/i0.wp.com\/webdelmaestrocmf.com\/portal\/wp-content\/uploads\/2018\/02\/papa-francisco.jpg?resize=525%2C300&ssl=1 1.5x, https:\/\/i0.wp.com\/webdelmaestrocmf.com\/portal\/wp-content\/uploads\/2018\/02\/papa-francisco.jpg?resize=700%2C400&ssl=1 2x, https:\/\/i0.wp.com\/webdelmaestrocmf.com\/portal\/wp-content\/uploads\/2018\/02\/papa-francisco.jpg?resize=1050%2C600&ssl=1 3x"},"classes":[]},{"id":20950,"url":"https:\/\/webdelmaestrocmf.com\/portal\/papa-francisco-la-creatividad-educacion-dejar-jugar-sonar\/","url_meta":{"origin":40993,"position":4},"title":"[Papa Francisco] La creatividad en educaci\u00f3n, es dejar jugar y so\u00f1ar","author":"Web del Maestro CMF","date":"2 agosto, 2017","format":false,"excerpt":"Con motivo de la reuni\u00f3n de estudiantes de muchas partes del mundo a Jerusal\u00e9n, este video mensaje creemos que puede servirnos de reflexi\u00f3n sobre la riqueza de nuestra vocaci\u00f3n docente, y para que nuestros estudiantes y padres de familia valoren la importancia de educaci\u00f3n en valores y con el entusiasmo\u2026","rel":"","context":"En \u00abMundo cart\u00f3lico\u00bb","block_context":{"text":"Mundo cart\u00f3lico","link":"https:\/\/webdelmaestrocmf.com\/portal\/category\/pastoral\/"},"img":{"alt_text":"","src":"https:\/\/i0.wp.com\/webdelmaestrocmf.com\/portal\/wp-content\/uploads\/2017\/08\/1ss.jpg?resize=350%2C200&ssl=1","width":350,"height":200,"srcset":"https:\/\/i0.wp.com\/webdelmaestrocmf.com\/portal\/wp-content\/uploads\/2017\/08\/1ss.jpg?resize=350%2C200&ssl=1 1x, https:\/\/i0.wp.com\/webdelmaestrocmf.com\/portal\/wp-content\/uploads\/2017\/08\/1ss.jpg?resize=525%2C300&ssl=1 1.5x, https:\/\/i0.wp.com\/webdelmaestrocmf.com\/portal\/wp-content\/uploads\/2017\/08\/1ss.jpg?resize=700%2C400&ssl=1 2x, https:\/\/i0.wp.com\/webdelmaestrocmf.com\/portal\/wp-content\/uploads\/2017\/08\/1ss.jpg?resize=1050%2C600&ssl=1 3x"},"classes":[]},{"id":50878,"url":"https:\/\/webdelmaestrocmf.com\/portal\/papa-francisco-queremos-ser-amos-de-la-tierra-pero-arruinamos-la-biodiversidad-y-el-equilibrio-ecologico\/","url_meta":{"origin":40993,"position":5},"title":"Papa Francisco: Queremos ser amos de la Tierra, pero arruinamos la biodiversidad y el equilibrio ecol\u00f3gico","author":"Web del Maestro CMF","date":"3 septiembre, 2020","format":false,"excerpt":"El sentirse parte de una comunidad educativa en la que cada uno se siente involucrado, comprometido, corresponsable y parte de una red de relaciones humana y abiertas, es una condici\u00f3n para construir una \u201caldea de la educaci\u00f3n\u201d. Ayuda mucho a vivir la vocaci\u00f3n docente en la riqueza de la diversidad\u2026","rel":"","context":"En \u00abMundo cart\u00f3lico\u00bb","block_context":{"text":"Mundo cart\u00f3lico","link":"https:\/\/webdelmaestrocmf.com\/portal\/category\/pastoral\/"},"img":{"alt_text":"","src":"https:\/\/i0.wp.com\/webdelmaestrocmf.com\/portal\/wp-content\/uploads\/2020\/09\/1-27.jpg?resize=350%2C200&ssl=1","width":350,"height":200,"srcset":"https:\/\/i0.wp.com\/webdelmaestrocmf.com\/portal\/wp-content\/uploads\/2020\/09\/1-27.jpg?resize=350%2C200&ssl=1 1x, https:\/\/i0.wp.com\/webdelmaestrocmf.com\/portal\/wp-content\/uploads\/2020\/09\/1-27.jpg?resize=525%2C300&ssl=1 1.5x, https:\/\/i0.wp.com\/webdelmaestrocmf.com\/portal\/wp-content\/uploads\/2020\/09\/1-27.jpg?resize=700%2C400&ssl=1 2x, https:\/\/i0.wp.com\/webdelmaestrocmf.com\/portal\/wp-content\/uploads\/2020\/09\/1-27.jpg?resize=1050%2C600&ssl=1 3x"},"classes":[]}],"_links":{"self":[{"href":"https:\/\/webdelmaestrocmf.com\/portal\/wp-json\/wp\/v2\/posts\/40993","targetHints":{"allow":["GET"]}}],"collection":[{"href":"https:\/\/webdelmaestrocmf.com\/portal\/wp-json\/wp\/v2\/posts"}],"about":[{"href":"https:\/\/webdelmaestrocmf.com\/portal\/wp-json\/wp\/v2\/types\/post"}],"author":[{"embeddable":true,"href":"https:\/\/webdelmaestrocmf.com\/portal\/wp-json\/wp\/v2\/users\/1"}],"replies":[{"embeddable":true,"href":"https:\/\/webdelmaestrocmf.com\/portal\/wp-json\/wp\/v2\/comments?post=40993"}],"version-history":[{"count":0,"href":"https:\/\/webdelmaestrocmf.com\/portal\/wp-json\/wp\/v2\/posts\/40993\/revisions"}],"wp:featuredmedia":[{"embeddable":true,"href":"https:\/\/webdelmaestrocmf.com\/portal\/wp-json\/wp\/v2\/media\/40996"}],"wp:attachment":[{"href":"https:\/\/webdelmaestrocmf.com\/portal\/wp-json\/wp\/v2\/media?parent=40993"}],"wp:term":[{"taxonomy":"category","embeddable":true,"href":"https:\/\/webdelmaestrocmf.com\/portal\/wp-json\/wp\/v2\/categories?post=40993"},{"taxonomy":"post_tag","embeddable":true,"href":"https:\/\/webdelmaestrocmf.com\/portal\/wp-json\/wp\/v2\/tags?post=40993"}],"curies":[{"name":"wp","href":"https:\/\/api.w.org\/{rel}","templated":true}]}}