{"id":40294,"date":"2021-08-15T20:48:48","date_gmt":"2021-08-16T00:48:48","guid":{"rendered":"https:\/\/webdelmaestrocmf.com\/portal\/?p=40294"},"modified":"2023-11-12T23:29:09","modified_gmt":"2023-11-13T02:29:09","slug":"ayuda-a-tus-alumnos-a-maximizar-su-concentracion-con-las-pausas-cerebrales-y-las-practicas-de-atencion","status":"publish","type":"post","link":"https:\/\/webdelmaestrocmf.com\/portal\/ayuda-a-tus-alumnos-a-maximizar-su-concentracion-con-las-pausas-cerebrales-y-las-practicas-de-atencion\/","title":{"rendered":"Pausas cerebrales y las Pr\u00e1cticas de atenci\u00f3n"},"content":{"rendered":"<p style=\"text-align: justify;\"><strong>Entre las nuevas tendencias est\u00e1 la pr\u00e1ctica de las pausas cerebrales, momentos dentro del sal\u00f3n de clase en los que los alumnos detienen su tarea y cambian a una actividad diferente, preferentemente f\u00edsica, que les permite recobrar el aliento para seguir con el aprendizaje. En distintos estudios se ha visto que este tipo de pausas ayudan a los ni\u00f1os a maximizar su concentraci\u00f3n, liberar la creatividad y mejorar la comprensi\u00f3n.<\/strong><\/p>\n<p><!--more--><\/p>\n<p style=\"text-align: justify;\">Se trata de ejercicios simples como secuencias de movimiento o peque\u00f1os juegos como \u201cSim\u00f3n dice\u201d que se realizan entre actividades para que el cerebro pueda descansar antes de volver a una tarea. Estirar los m\u00fasculos o bailar una canci\u00f3n son tambi\u00e9n \u00fatiles, pues se ha comprobado que la actividad f\u00edsica es muy importante.<\/p>\n<p>Art\u00edculo relacionado: <a href=\"https:\/\/webdelmaestrocmf.com\/portal\/25-consejos-alvaro-bilbao-los-dialogue-hijos-estudiantes\/\" target=\"_top\" rel=\"noopener\">25 consejos de \u00c1lvaro Bilbao, para que los dialogue con sus hijos y\/o estudiantes<\/a><\/p>\n<p style=\"text-align: justify;\">A continuaci\u00f3n compartimos con fines educativos la publicaci\u00f3n del portal<strong> <a href=\"https:\/\/eligeeducar.cl\" target=\"_blank\" rel=\"noopener noreferrer\">Elige Educar<\/a> (Chile)<\/strong> en donde Camila Londo\u00f1o explica en que consisten las Pautas Mentales y que tipo de ejercicios se deben realizar en clases. Esperamos que la informaci\u00f3n les sea de utilidad.<\/p>\n<h5 class=\"entry-title fusion-post-title\" style=\"text-align: left;\">15 pausas cerebrales y pr\u00e1cticas de atenci\u00f3n para implementar en el aula<\/h5>\n<p style=\"text-align: justify;\">\u00bfQu\u00e9 son las pausas cerebrales? \u00bfC\u00f3mo son las pr\u00e1cticas de atenci\u00f3n? Esta profesora ofrece una explicaci\u00f3n y comparte algunas actividades simples y efectivas para llevar esto a las salas de clase.<\/p>\n<p style=\"text-align: justify;\">Las pr\u00e1cticas de atenci\u00f3n y las pausas cerebrales son necesarias para impactar positivamente los estados emocionales y por ende, la forma como se aprende. Estas actividades, seg\u00fan Lori Desautels (profesora del Colegio de Educaci\u00f3n en la Butler University), reenfocan los circuitos neuronales y generan una mayor actividad en la corteza prefrontal, lugar donde se da la resoluci\u00f3n de problemas y la regulaci\u00f3n emocional.\u00a0<strong>\u00bfCu\u00e1les son las pausas cerebrales y las pr\u00e1cticas de atenci\u00f3n?<\/strong><\/p>\n<h5 style=\"text-align: left;\">Las pausas cerebrales, seg\u00fan lo explica Lori en un art\u00edculo de\u00a0<a href=\"https:\/\/www.edutopia.org\/blog\/brain-breaks-focused-attention-practices-lori-desautels\" target=\"_blank\" rel=\"noopener noreferrer\">Edutopia<\/a>, son periodos de tiempo corto en el cual cambiamos la rutina de la informaci\u00f3n entrante que llega a trav\u00e9s de caminos predecibles y tediosos.<\/h5>\n<p style=\"text-align: justify;\">\u201cNuestros cerebros est\u00e1n conectados para la novedad\u201d, explica la profesora. \u201cSabemos esto porque prestamos atenci\u00f3n a cada est\u00edmulo en nuestro entorno que se siente amenazante o fuera de lo com\u00fan. Esto siempre ha sido una gran ventaja. De hecho, nuestra supervivencia como especie depend\u00eda de este aspecto del desarrollo cerebral\u201d<strong>. Esto significa que cuando le damos un descanso al cerebro, se refresca el pensamiento, lo que ayuda a descubrir otra soluci\u00f3n a un problema o ver una situaci\u00f3n de una manera diferente.<\/strong>\u00a0En pocos minutos el cerebro se aleja del aprendizaje, la memorizaci\u00f3n y la resoluci\u00f3n de problemas, y esas pausas en realidad ayudan a incubar y procesar nueva informaci\u00f3n.<\/p>\n<h5>Las pr\u00e1cticas de atenci\u00f3n, son ejercicios mentales para silenciar los miles de pensamientos que nos distraen a lo largo del d\u00eda.<\/h5>\n<p style=\"text-align: justify;\">Lori explica que, cuando nuestra mente est\u00e1 \u201ccallada\u201d y enfocada, podemos estar mucho m\u00e1s presentes a trav\u00e9s de cosas tan simples como los sonidos o los sabores. \u201cLa investigaci\u00f3n muestra repetidamente que calmar nuestras mentes enciende nuestro sistema nervioso parasimp\u00e1tico, reduciendo la frecuencia card\u00edaca y la presi\u00f3n arterial, al tiempo que mejoramos las estrategias que nos permite afrontar de manera efectiva los desaf\u00edos cotidianos. Nuestro pensamiento mejora y nuestras emociones comienzan a regularse para que podamos abordar una experiencia a trav\u00e9s de opciones variables\u201d, explica la profesora.<\/p>\n<p><img loading=\"lazy\" decoding=\"async\" class=\"alignnone wp-image-66602\" src=\"https:\/\/webdelmaestrocmf.com\/portal\/wp-content\/uploads\/2020\/08\/1-185.jpg\" alt=\"\" width=\"698\" height=\"1047\" srcset=\"https:\/\/webdelmaestrocmf.com\/portal\/wp-content\/uploads\/2020\/08\/1-185.jpg 526w, https:\/\/webdelmaestrocmf.com\/portal\/wp-content\/uploads\/2020\/08\/1-185-200x300.jpg 200w, https:\/\/webdelmaestrocmf.com\/portal\/wp-content\/uploads\/2020\/08\/1-185-110x165.jpg 110w, https:\/\/webdelmaestrocmf.com\/portal\/wp-content\/uploads\/2020\/08\/1-185-380x570.jpg 380w, https:\/\/webdelmaestrocmf.com\/portal\/wp-content\/uploads\/2020\/08\/1-185-255x383.jpg 255w, https:\/\/webdelmaestrocmf.com\/portal\/wp-content\/uploads\/2020\/08\/1-185-300x450.jpg 300w, https:\/\/webdelmaestrocmf.com\/portal\/wp-content\/uploads\/2020\/08\/1-185-220x330.jpg 220w, https:\/\/webdelmaestrocmf.com\/portal\/wp-content\/uploads\/2020\/08\/1-185-400x600.jpg 400w, https:\/\/webdelmaestrocmf.com\/portal\/wp-content\/uploads\/2020\/08\/1-185-510x765.jpg 510w\" sizes=\"auto, (max-width: 698px) 100vw, 698px\" \/><\/p>\n<p>Art\u00edculo relacionado: <a href=\"https:\/\/webdelmaestrocmf.com\/portal\/las-diez-claves-de-la-neurociencia-para-mejorar-el-aprendizaje\/\" target=\"_blank\" rel=\"noopener\">Las diez claves de la neurociencia para mejorar el aprendizaje<\/a><\/p>\n<h4 style=\"text-align: justify;\">Actividades para hacer pausas cerebrales:<\/h4>\n<h5 style=\"text-align: justify;\">1. La bolsa de basura<\/h5>\n<p style=\"text-align: justify;\">Lori tiene una bolsa con objetos dom\u00e9sticos como marcadores, papel, abrelatas, cordones de zapatos y otros elementos que podr\u00edan encontrarse en una bolsa con basura. El objetivo de esta bolsa es elegir cualquier objeto\u00a0 y pedirle a los estudiantes que piensen en dos formas de reinventar este objeto para otros usos. Pueden escribir o dibujar sus respuestas. Una vez que los estudiantes han dibujado o escrito estos, pueden caminar por la habitaci\u00f3n durante un minuto compartiendo y comparando sus iniciativas.<\/p>\n<h5 style=\"text-align: justify;\">2. L\u00ednea<\/h5>\n<p style=\"text-align: justify;\">En una hoja en blanco o sobre la pizarra, dibuja una l\u00ednea zigzagueante. Dale a tus estudiantes un minuto para que se paren y con la mano que menos usan, transformen la l\u00ednea en un dibujo o dise\u00f1o.<\/p>\n<h5 style=\"text-align: justify;\">3. Opuestos<\/h5>\n<p style=\"text-align: justify;\">El movimiento es crucial en el aprendizaje. Permite que tus estudiantes se pongan de pie y pesta\u00f1een con el ojo derecho mientras chasquean los dedos de su mano izquierda. Luego deben repetir esto con el ojo izquierdo y la mano derecha. Otra opci\u00f3n es que los estudiantes se enfrenten entre s\u00ed y golpeen el pie derecho una vez, el pie izquierdo dos veces y el pie derecho tres veces, aumentando la velocidad con la que alternan el golpe sobre el piso.<\/p>\n<h5 style=\"text-align: justify;\">4. Alfabeto simb\u00f3lico<\/h5>\n<p style=\"text-align: justify;\">Los estudiantes tendr\u00e1n que cantar el alfabeto con nombres u objetos, y no con letras.<\/p>\n<h5 style=\"text-align: justify;\">5. Lenguajes<\/h5>\n<p style=\"text-align: justify;\">Ense\u00f1a a tus estudiantes lenguaje de se\u00f1as, o inventa un idioma hablado. En parejas, los estudiantes se pueden turnar para hablar o interpretar este nuevo idioma durante 30 segundos cada uno.<\/p>\n<h5 style=\"text-align: justify;\">6. Matem\u00e1tica<\/h5>\n<p style=\"text-align: justify;\">Dale a tus estudiantes tres instrucciones en secuencia. Entre compa\u00f1eros, tendr\u00e1n que realizar estas instrucciones en 30 segundos. Por ejemplo: cuenta por dos hasta 20, luego cuenta por tres hasta 50, y finalmente, por siete hasta 80. Cuando uno termina, es el turno de otro estudiante.<\/p>\n<h5 style=\"text-align: justify;\">7. Im\u00e1genes invisibles<\/h5>\n<p style=\"text-align: justify;\">Haz que uno de tus alumnos dibuje en el aire mientras una pareja adivina qu\u00e9 est\u00e1 dibujando. Pueden hacer varios grupos. Podr\u00edas darles categor\u00edas como alimentos, lugares, etc.<\/p>\n<h5 style=\"text-align: justify;\">8. Historias<\/h5>\n<p style=\"text-align: justify;\">Un estudiante o profesor comienza una historia por un minuto, ya sea de forma individual o con un compa\u00f1ero. Luego, los estudiantes deben completarla o continuarla con un final absurdo y divertido.<\/p>\n<p style=\"text-align: justify;\"><a href=\"https:\/\/webdelmaestrocmf.com\/portal\/wp-content\/uploads\/2019\/09\/1-31.jpg\" target=\"_blank\" rel=\"noopener noreferrer\"><img loading=\"lazy\" decoding=\"async\" src=\"https:\/\/webdelmaestrocmf.com\/portal\/wp-content\/uploads\/2019\/09\/1-31.jpg\" alt=\"\" width=\"735\" height=\"518\" \/><\/a><\/p>\n<h4 style=\"text-align: left;\">Pr\u00e1cticas de atenci\u00f3n. La idea es con 60 o 90 segundos y despu\u00e9s llegar a cinco minutos:<\/h4>\n<h5 style=\"text-align: justify;\">1. Respiraci\u00f3n<\/h5>\n<p style=\"text-align: justify;\">Usa la respiraci\u00f3n como un punto de enfoque. P\u00eddele a tus alumnos que pongan una mano cerca de su nariz (sin tocarla) y una mano sobre su vientre. A medida que respiran, haz que sientan c\u00f3mo se les expande el est\u00f3mago. Mientras exhalan, pueden sentir el aire c\u00e1lido sobre su mano. Los estudiantes deben enfocarse en esta respiraci\u00f3n s\u00f3lo un minuto. Expl\u00edcales que est\u00e1 bien cuando los pensamientos llegan a la mente sin invitaci\u00f3n y diles que exhalen ese pensamiento.<\/p>\n<h5 style=\"text-align: justify;\">2. Colores<\/h5>\n<p style=\"text-align: justify;\">Pide a tus estudiantes que piensen en los colores mientras se enfocan en la respiraci\u00f3n. Deben inhalar un color verde oscuro y exhalar un gris. Dile a tus estudiantes que imaginen los colores como remolinos vivos con cada inhalaci\u00f3n. Si un estudiante est\u00e1 reduciendo la intensidad despu\u00e9s de un momento de enojo, el color rojo es un gran color para exhalar.<\/p>\n<h5 style=\"text-align: justify;\">3. Movimiento<\/h5>\n<p style=\"text-align: justify;\">Para los ni\u00f1os m\u00e1s peque\u00f1os: p\u00eddeles que se pongan de pie y, mientras inhalan, que levanten un brazo o una pierna y los agiten mientras exhalan, hasta volver a la posici\u00f3n original. Para los m\u00e1s j\u00f3venes que comienzan estas pr\u00e1cticas de atenci\u00f3n plena, es bueno incluir inhalaciones y exhalaciones con cualquier tipo de movimiento.<\/p>\n<h5 style=\"text-align: justify;\">4. La respiraci\u00f3n profunda<\/h5>\n<p style=\"text-align: justify;\">La idea es inhalar en cuatro tiempos. Se aguantan cuatro segundos y se exhala lentamente en cuatro tiempos. Se puede aumentar la retenci\u00f3n del aire en unos pocos segundos, una vez que los estudiantes encuentran el ritmo del ejercicio.<\/p>\n<h5 style=\"text-align: justify;\">5. Respiraci\u00f3n energizante<\/h5>\n<p style=\"text-align: justify;\">Se deben hacer \u201cjadeos\u201d, tal como la hace un perro con la boca abierta y la lengua afuera por 30 segundos. Se contin\u00faa otros 30 segundos con la boca cerrada mientras se respira brevemente con una mano sobre el vientre. Normalmente se hacen tres respiraciones de estas durante un segundo. Despu\u00e9s de un minuto completo, los estudiantes regresan a cuatro inhalaciones y exhalaciones profundas regulares.<\/p>\n<h5 style=\"text-align: justify;\">6. Sonido<\/h5>\n<p style=\"text-align: justify;\">El uso del sonido es muy poderoso para lograr una respuesta tranquila. En las tres aulas donde esta profesora hace clase, utilizan palos de lluvia, campanas y m\u00fasica. Hay muchos sitios web que ofrecen m\u00fasica para la atenci\u00f3n plena, la relajaci\u00f3n y la visualizaci\u00f3n. Uno de sus sitios preferidos es este:<\/p>\n<h5 style=\"text-align: justify;\">7. Ascenso y ca\u00edda<\/h5>\n<p style=\"text-align: justify;\">Al inhalar y exhalar a trav\u00e9s de la nariz, los estudiantes se pueden tender en el suelo y poner un objeto sobre el est\u00f3mago. La idea es observar el ascenso y la ca\u00edda de este objeto para mejorar la atenci\u00f3n.<\/p>\n<p style=\"text-align: justify;\">Cuando los estudiantes logran concentrarse y poner atenci\u00f3n a sus emociones, sensaciones y decisiones, entonces existe una gran oportunidad: la oportunidad de cambiar esos pensamientos poco \u00fatiles para orientarlos de otra manera en el proceso de aprendizaje.<strong>\u00a0\u201cCuando captamos esta conciencia, \u00a1vemos y sentimos la diferencia!\u201d, concluye Lori.<\/strong><\/p>\n<p><strong>Este contenido ha sido publicado originalmente por ELIGE EDUCAR en la siguiente direcci\u00f3n: <a href=\"https:\/\/eligeeducar.cl\" target=\"_blank\" rel=\"noopener noreferrer\">eligeeducar.cl<\/a><\/strong><\/p>\n<p style=\"text-align: center;\"><strong>ENLACE DE LECTURA:<\/strong> <a href=\"https:\/\/repository.unilibre.edu.co\/bitstream\/handle\/10901\/8337\/TRABAJO%20FINAL%20FREDDY%20JIMENEZ%20%281%29.pdf?sequence=1&amp;isAllowed=y\" target=\"_blank\" rel=\"noopener noreferrer\">PAUSAS ACTIVAS ESCOLARES COMO ESTRATEGIA PEDAG\u00d3GICA\u00a0<\/a><\/p>\n\n","protected":false},"excerpt":{"rendered":"Entre las nuevas tendencias est\u00e1 la pr\u00e1ctica de las pausas cerebrales, momentos dentro del sal\u00f3n de clase en&hellip;","protected":false},"author":1,"featured_media":66604,"comment_status":"open","ping_status":"closed","sticky":false,"template":"","format":"standard","meta":{"csco_display_header_overlay":false,"csco_singular_sidebar":"default","csco_page_header_type":"default","csco_page_load_nextpost":"default","csco_post_video_location":[],"csco_post_video_location_hash":"","csco_post_video_url":"","csco_post_video_bg_start_time":0,"csco_post_video_bg_end_time":0,"csco_post_video_bg_volume":false,"_jetpack_memberships_contains_paid_content":false,"footnotes":""},"categories":[4429,735],"tags":[691,2418,4430,23048,2959,23049],"class_list":{"0":"post-40294","1":"post","2":"type-post","3":"status-publish","4":"format-standard","5":"has-post-thumbnail","7":"category-pausas-mentales","8":"category-pedagogia","9":"tag-atencion","10":"tag-cerebrales","11":"tag-pausas","12":"tag-pausas-cerebrales","13":"tag-practicas","14":"tag-practicas-de-atencion","15":"cs-entry","16":"cs-video-wrap"},"yoast_head":"<!-- This site is optimized with the Yoast SEO plugin v27.5 - https:\/\/yoast.com\/product\/yoast-seo-wordpress\/ -->\n<title>Pausas cerebrales y las Pr\u00e1cticas de atenci\u00f3n - 2026<\/title>\n<meta name=\"description\" content=\"Entre las nuevas tendencias est\u00e1 la pr\u00e1ctica de las pausas cerebrales, momentos dentro del sal\u00f3n de clase en los que los alumnos detienen...\" \/>\n<meta name=\"robots\" content=\"index, follow, max-snippet:-1, max-image-preview:large, max-video-preview:-1\" \/>\n<link rel=\"canonical\" href=\"https:\/\/webdelmaestrocmf.com\/portal\/ayuda-a-tus-alumnos-a-maximizar-su-concentracion-con-las-pausas-cerebrales-y-las-practicas-de-atencion\/\" \/>\n<meta property=\"og:locale\" content=\"es_ES\" \/>\n<meta property=\"og:type\" content=\"article\" \/>\n<meta property=\"og:title\" content=\"Pausas cerebrales y las Pr\u00e1cticas de atenci\u00f3n - 2026\" \/>\n<meta property=\"og:description\" content=\"Entre las nuevas tendencias est\u00e1 la pr\u00e1ctica de las pausas cerebrales, momentos dentro del sal\u00f3n de clase en los que los alumnos detienen...\" \/>\n<meta property=\"og:url\" content=\"https:\/\/webdelmaestrocmf.com\/portal\/ayuda-a-tus-alumnos-a-maximizar-su-concentracion-con-las-pausas-cerebrales-y-las-practicas-de-atencion\/\" \/>\n<meta property=\"og:site_name\" content=\"Web del Maestro CMF\" \/>\n<meta property=\"article:publisher\" content=\"https:\/\/www.facebook.com\/WebdelMaestroCMF\/\" \/>\n<meta property=\"article:author\" content=\"https:\/\/www.facebook.com\/WebdelMaestroCMF\/\" \/>\n<meta property=\"article:published_time\" content=\"2021-08-16T00:48:48+00:00\" \/>\n<meta property=\"article:modified_time\" content=\"2023-11-13T02:29:09+00:00\" \/>\n<meta property=\"og:image\" content=\"https:\/\/webdelmaestrocmf.com\/portal\/wp-content\/uploads\/2020\/08\/1-186.jpg\" \/>\n\t<meta property=\"og:image:width\" content=\"1100\" \/>\n\t<meta property=\"og:image:height\" content=\"680\" \/>\n\t<meta property=\"og:image:type\" content=\"image\/jpeg\" \/>\n<meta name=\"author\" content=\"Web del Maestro CMF\" \/>\n<meta name=\"twitter:card\" content=\"summary_large_image\" \/>\n<meta name=\"twitter:creator\" content=\"@cmf_w\" \/>\n<meta name=\"twitter:site\" content=\"@cmf_w\" \/>\n<script type=\"application\/ld+json\" class=\"yoast-schema-graph\">{\"@context\":\"https:\\\/\\\/schema.org\",\"@graph\":[{\"@type\":\"ScholarlyArticle\",\"@id\":\"https:\\\/\\\/webdelmaestrocmf.com\\\/portal\\\/ayuda-a-tus-alumnos-a-maximizar-su-concentracion-con-las-pausas-cerebrales-y-las-practicas-de-atencion\\\/#article\",\"isPartOf\":{\"@id\":\"https:\\\/\\\/webdelmaestrocmf.com\\\/portal\\\/ayuda-a-tus-alumnos-a-maximizar-su-concentracion-con-las-pausas-cerebrales-y-las-practicas-de-atencion\\\/\"},\"author\":{\"name\":\"Web del Maestro CMF\",\"@id\":\"https:\\\/\\\/webdelmaestrocmf.com\\\/portal\\\/#\\\/schema\\\/person\\\/1072a2ed7bd960df8ef99a551fa35dc5\"},\"headline\":\"Pausas cerebrales y las Pr\u00e1cticas de atenci\u00f3n\",\"datePublished\":\"2021-08-16T00:48:48+00:00\",\"dateModified\":\"2023-11-13T02:29:09+00:00\",\"mainEntityOfPage\":{\"@id\":\"https:\\\/\\\/webdelmaestrocmf.com\\\/portal\\\/ayuda-a-tus-alumnos-a-maximizar-su-concentracion-con-las-pausas-cerebrales-y-las-practicas-de-atencion\\\/\"},\"wordCount\":1546,\"commentCount\":0,\"publisher\":{\"@id\":\"https:\\\/\\\/webdelmaestrocmf.com\\\/portal\\\/#organization\"},\"image\":{\"@id\":\"https:\\\/\\\/webdelmaestrocmf.com\\\/portal\\\/ayuda-a-tus-alumnos-a-maximizar-su-concentracion-con-las-pausas-cerebrales-y-las-practicas-de-atencion\\\/#primaryimage\"},\"thumbnailUrl\":\"https:\\\/\\\/webdelmaestrocmf.com\\\/portal\\\/wp-content\\\/uploads\\\/2020\\\/08\\\/1-186.jpg\",\"keywords\":[\"ATENCI\u00d3N\",\"CEREBRALES\",\"Pausas\",\"Pausas cerebrales\",\"PR\u00c1CTICAS\",\"Pr\u00e1cticas de atenci\u00f3n\"],\"articleSection\":[\"Pausas Mentales\",\"Recursos\"],\"inLanguage\":\"es\",\"potentialAction\":[{\"@type\":\"CommentAction\",\"name\":\"Comment\",\"target\":[\"https:\\\/\\\/webdelmaestrocmf.com\\\/portal\\\/ayuda-a-tus-alumnos-a-maximizar-su-concentracion-con-las-pausas-cerebrales-y-las-practicas-de-atencion\\\/#respond\"]}]},{\"@type\":\"WebPage\",\"@id\":\"https:\\\/\\\/webdelmaestrocmf.com\\\/portal\\\/ayuda-a-tus-alumnos-a-maximizar-su-concentracion-con-las-pausas-cerebrales-y-las-practicas-de-atencion\\\/\",\"url\":\"https:\\\/\\\/webdelmaestrocmf.com\\\/portal\\\/ayuda-a-tus-alumnos-a-maximizar-su-concentracion-con-las-pausas-cerebrales-y-las-practicas-de-atencion\\\/\",\"name\":\"Pausas cerebrales y las Pr\u00e1cticas de atenci\u00f3n - 2026\",\"isPartOf\":{\"@id\":\"https:\\\/\\\/webdelmaestrocmf.com\\\/portal\\\/#website\"},\"primaryImageOfPage\":{\"@id\":\"https:\\\/\\\/webdelmaestrocmf.com\\\/portal\\\/ayuda-a-tus-alumnos-a-maximizar-su-concentracion-con-las-pausas-cerebrales-y-las-practicas-de-atencion\\\/#primaryimage\"},\"image\":{\"@id\":\"https:\\\/\\\/webdelmaestrocmf.com\\\/portal\\\/ayuda-a-tus-alumnos-a-maximizar-su-concentracion-con-las-pausas-cerebrales-y-las-practicas-de-atencion\\\/#primaryimage\"},\"thumbnailUrl\":\"https:\\\/\\\/webdelmaestrocmf.com\\\/portal\\\/wp-content\\\/uploads\\\/2020\\\/08\\\/1-186.jpg\",\"datePublished\":\"2021-08-16T00:48:48+00:00\",\"dateModified\":\"2023-11-13T02:29:09+00:00\",\"description\":\"Entre las nuevas tendencias est\u00e1 la pr\u00e1ctica de las pausas cerebrales, momentos dentro del sal\u00f3n de clase en los que los alumnos detienen...\",\"breadcrumb\":{\"@id\":\"https:\\\/\\\/webdelmaestrocmf.com\\\/portal\\\/ayuda-a-tus-alumnos-a-maximizar-su-concentracion-con-las-pausas-cerebrales-y-las-practicas-de-atencion\\\/#breadcrumb\"},\"inLanguage\":\"es\",\"potentialAction\":[{\"@type\":\"ReadAction\",\"target\":[\"https:\\\/\\\/webdelmaestrocmf.com\\\/portal\\\/ayuda-a-tus-alumnos-a-maximizar-su-concentracion-con-las-pausas-cerebrales-y-las-practicas-de-atencion\\\/\"]}]},{\"@type\":\"ImageObject\",\"inLanguage\":\"es\",\"@id\":\"https:\\\/\\\/webdelmaestrocmf.com\\\/portal\\\/ayuda-a-tus-alumnos-a-maximizar-su-concentracion-con-las-pausas-cerebrales-y-las-practicas-de-atencion\\\/#primaryimage\",\"url\":\"https:\\\/\\\/webdelmaestrocmf.com\\\/portal\\\/wp-content\\\/uploads\\\/2020\\\/08\\\/1-186.jpg\",\"contentUrl\":\"https:\\\/\\\/webdelmaestrocmf.com\\\/portal\\\/wp-content\\\/uploads\\\/2020\\\/08\\\/1-186.jpg\",\"width\":1100,\"height\":680},{\"@type\":\"BreadcrumbList\",\"@id\":\"https:\\\/\\\/webdelmaestrocmf.com\\\/portal\\\/ayuda-a-tus-alumnos-a-maximizar-su-concentracion-con-las-pausas-cerebrales-y-las-practicas-de-atencion\\\/#breadcrumb\",\"itemListElement\":[{\"@type\":\"ListItem\",\"position\":1,\"name\":\"Portada\",\"item\":\"https:\\\/\\\/webdelmaestrocmf.com\\\/portal\\\/\"},{\"@type\":\"ListItem\",\"position\":2,\"name\":\"Recursos\",\"item\":\"https:\\\/\\\/webdelmaestrocmf.com\\\/portal\\\/category\\\/pedagogia\\\/\"},{\"@type\":\"ListItem\",\"position\":3,\"name\":\"Pausas cerebrales y las Pr\u00e1cticas de atenci\u00f3n\"}]},{\"@type\":\"WebSite\",\"@id\":\"https:\\\/\\\/webdelmaestrocmf.com\\\/portal\\\/#website\",\"url\":\"https:\\\/\\\/webdelmaestrocmf.com\\\/portal\\\/\",\"name\":\"Web del Maestro CMF\",\"description\":\"Maestros al servicio de la educaci\u00f3n\",\"publisher\":{\"@id\":\"https:\\\/\\\/webdelmaestrocmf.com\\\/portal\\\/#organization\"},\"alternateName\":\"WMCMF\",\"potentialAction\":[{\"@type\":\"SearchAction\",\"target\":{\"@type\":\"EntryPoint\",\"urlTemplate\":\"https:\\\/\\\/webdelmaestrocmf.com\\\/portal\\\/?s={search_term_string}\"},\"query-input\":{\"@type\":\"PropertyValueSpecification\",\"valueRequired\":true,\"valueName\":\"search_term_string\"}}],\"inLanguage\":\"es\"},{\"@type\":\"Organization\",\"@id\":\"https:\\\/\\\/webdelmaestrocmf.com\\\/portal\\\/#organization\",\"name\":\"Web del Maestro CMF\",\"alternateName\":\"WMCMF\",\"url\":\"https:\\\/\\\/webdelmaestrocmf.com\\\/portal\\\/\",\"logo\":{\"@type\":\"ImageObject\",\"inLanguage\":\"es\",\"@id\":\"https:\\\/\\\/webdelmaestrocmf.com\\\/portal\\\/#\\\/schema\\\/logo\\\/image\\\/\",\"url\":\"https:\\\/\\\/webdelmaestrocmf.com\\\/portal\\\/wp-content\\\/uploads\\\/2023\\\/01\\\/logo-wmcmf-2.png\",\"contentUrl\":\"https:\\\/\\\/webdelmaestrocmf.com\\\/portal\\\/wp-content\\\/uploads\\\/2023\\\/01\\\/logo-wmcmf-2.png\",\"width\":200,\"height\":60,\"caption\":\"Web del Maestro CMF\"},\"image\":{\"@id\":\"https:\\\/\\\/webdelmaestrocmf.com\\\/portal\\\/#\\\/schema\\\/logo\\\/image\\\/\"},\"sameAs\":[\"https:\\\/\\\/www.facebook.com\\\/WebdelMaestroCMF\\\/\",\"https:\\\/\\\/x.com\\\/cmf_w\",\"https:\\\/\\\/www.pinterest.com\\\/WMCMF\\\/\",\"https:\\\/\\\/www.linkedin.com\\\/company\\\/web-del-maestro-cmf\\\/\",\"https:\\\/\\\/www.instagram.com\\\/wmcmf\\\/\",\"https:\\\/\\\/www.youtube.com\\\/channel\\\/UCDPSvjbdodE5sHnC3OxutHw\",\"https:\\\/\\\/mastodon.social\\\/@wmcmf\",\"https:\\\/\\\/www.tiktok.com\\\/@webdelmaestrocmf\"]},{\"@type\":\"Person\",\"@id\":\"https:\\\/\\\/webdelmaestrocmf.com\\\/portal\\\/#\\\/schema\\\/person\\\/1072a2ed7bd960df8ef99a551fa35dc5\",\"name\":\"Web del Maestro CMF\",\"image\":{\"@type\":\"ImageObject\",\"inLanguage\":\"es\",\"@id\":\"https:\\\/\\\/secure.gravatar.com\\\/avatar\\\/23291dd5b5ae1077dcff3dbb04c3e02bd28403fa75af6d8787d5e97c5bbbe30b?s=96&d=mm&r=g\",\"url\":\"https:\\\/\\\/secure.gravatar.com\\\/avatar\\\/23291dd5b5ae1077dcff3dbb04c3e02bd28403fa75af6d8787d5e97c5bbbe30b?s=96&d=mm&r=g\",\"contentUrl\":\"https:\\\/\\\/secure.gravatar.com\\\/avatar\\\/23291dd5b5ae1077dcff3dbb04c3e02bd28403fa75af6d8787d5e97c5bbbe30b?s=96&d=mm&r=g\",\"caption\":\"Web del Maestro CMF\"},\"description\":\"Esta Web se cre\u00f3 sin fines de lucro, con fines educativos, cient\u00edficos y acad\u00e9micos, para personas que tengan dificultades y\\\/o inconvenientes en visualizar el material original. El objetivo es entregar recursos, compartir experiencias y materiales que ayuden a los padres de familia, maestros y estudiantes en su actualizaci\u00f3n y formaci\u00f3n permanente, en bien de la Educaci\u00f3n.\",\"sameAs\":[\"http:\\\/\\\/webdelmaestrocmf.com\\\/portal\",\"https:\\\/\\\/www.facebook.com\\\/WebdelMaestroCMF\\\/\",\"https:\\\/\\\/www.instagram.com\\\/wmcmf\\\/\",\"https:\\\/\\\/cl.linkedin.com\\\/company\\\/web-del-maestro-cmf\",\"https:\\\/\\\/www.pinterest.com\\\/WMCMF\\\/publicaciones\\\/\",\"https:\\\/\\\/x.com\\\/cmf_w\",\"https:\\\/\\\/www.youtube.com\\\/@WMCMF\"]}]}<\/script>\n<!-- \/ Yoast SEO plugin. -->","yoast_head_json":{"title":"Pausas cerebrales y las Pr\u00e1cticas de atenci\u00f3n - 2026","description":"Entre las nuevas tendencias est\u00e1 la pr\u00e1ctica de las pausas cerebrales, momentos dentro del sal\u00f3n de clase en los que los alumnos detienen...","robots":{"index":"index","follow":"follow","max-snippet":"max-snippet:-1","max-image-preview":"max-image-preview:large","max-video-preview":"max-video-preview:-1"},"canonical":"https:\/\/webdelmaestrocmf.com\/portal\/ayuda-a-tus-alumnos-a-maximizar-su-concentracion-con-las-pausas-cerebrales-y-las-practicas-de-atencion\/","og_locale":"es_ES","og_type":"article","og_title":"Pausas cerebrales y las Pr\u00e1cticas de atenci\u00f3n - 2026","og_description":"Entre las nuevas tendencias est\u00e1 la pr\u00e1ctica de las pausas cerebrales, momentos dentro del sal\u00f3n de clase en los que los alumnos detienen...","og_url":"https:\/\/webdelmaestrocmf.com\/portal\/ayuda-a-tus-alumnos-a-maximizar-su-concentracion-con-las-pausas-cerebrales-y-las-practicas-de-atencion\/","og_site_name":"Web del Maestro CMF","article_publisher":"https:\/\/www.facebook.com\/WebdelMaestroCMF\/","article_author":"https:\/\/www.facebook.com\/WebdelMaestroCMF\/","article_published_time":"2021-08-16T00:48:48+00:00","article_modified_time":"2023-11-13T02:29:09+00:00","og_image":[{"width":1100,"height":680,"url":"https:\/\/webdelmaestrocmf.com\/portal\/wp-content\/uploads\/2020\/08\/1-186.jpg","type":"image\/jpeg"}],"author":"Web del Maestro CMF","twitter_card":"summary_large_image","twitter_creator":"@cmf_w","twitter_site":"@cmf_w","schema":{"@context":"https:\/\/schema.org","@graph":[{"@type":"ScholarlyArticle","@id":"https:\/\/webdelmaestrocmf.com\/portal\/ayuda-a-tus-alumnos-a-maximizar-su-concentracion-con-las-pausas-cerebrales-y-las-practicas-de-atencion\/#article","isPartOf":{"@id":"https:\/\/webdelmaestrocmf.com\/portal\/ayuda-a-tus-alumnos-a-maximizar-su-concentracion-con-las-pausas-cerebrales-y-las-practicas-de-atencion\/"},"author":{"name":"Web del Maestro CMF","@id":"https:\/\/webdelmaestrocmf.com\/portal\/#\/schema\/person\/1072a2ed7bd960df8ef99a551fa35dc5"},"headline":"Pausas cerebrales y las Pr\u00e1cticas de atenci\u00f3n","datePublished":"2021-08-16T00:48:48+00:00","dateModified":"2023-11-13T02:29:09+00:00","mainEntityOfPage":{"@id":"https:\/\/webdelmaestrocmf.com\/portal\/ayuda-a-tus-alumnos-a-maximizar-su-concentracion-con-las-pausas-cerebrales-y-las-practicas-de-atencion\/"},"wordCount":1546,"commentCount":0,"publisher":{"@id":"https:\/\/webdelmaestrocmf.com\/portal\/#organization"},"image":{"@id":"https:\/\/webdelmaestrocmf.com\/portal\/ayuda-a-tus-alumnos-a-maximizar-su-concentracion-con-las-pausas-cerebrales-y-las-practicas-de-atencion\/#primaryimage"},"thumbnailUrl":"https:\/\/webdelmaestrocmf.com\/portal\/wp-content\/uploads\/2020\/08\/1-186.jpg","keywords":["ATENCI\u00d3N","CEREBRALES","Pausas","Pausas cerebrales","PR\u00c1CTICAS","Pr\u00e1cticas de atenci\u00f3n"],"articleSection":["Pausas Mentales","Recursos"],"inLanguage":"es","potentialAction":[{"@type":"CommentAction","name":"Comment","target":["https:\/\/webdelmaestrocmf.com\/portal\/ayuda-a-tus-alumnos-a-maximizar-su-concentracion-con-las-pausas-cerebrales-y-las-practicas-de-atencion\/#respond"]}]},{"@type":"WebPage","@id":"https:\/\/webdelmaestrocmf.com\/portal\/ayuda-a-tus-alumnos-a-maximizar-su-concentracion-con-las-pausas-cerebrales-y-las-practicas-de-atencion\/","url":"https:\/\/webdelmaestrocmf.com\/portal\/ayuda-a-tus-alumnos-a-maximizar-su-concentracion-con-las-pausas-cerebrales-y-las-practicas-de-atencion\/","name":"Pausas cerebrales y las Pr\u00e1cticas de atenci\u00f3n - 2026","isPartOf":{"@id":"https:\/\/webdelmaestrocmf.com\/portal\/#website"},"primaryImageOfPage":{"@id":"https:\/\/webdelmaestrocmf.com\/portal\/ayuda-a-tus-alumnos-a-maximizar-su-concentracion-con-las-pausas-cerebrales-y-las-practicas-de-atencion\/#primaryimage"},"image":{"@id":"https:\/\/webdelmaestrocmf.com\/portal\/ayuda-a-tus-alumnos-a-maximizar-su-concentracion-con-las-pausas-cerebrales-y-las-practicas-de-atencion\/#primaryimage"},"thumbnailUrl":"https:\/\/webdelmaestrocmf.com\/portal\/wp-content\/uploads\/2020\/08\/1-186.jpg","datePublished":"2021-08-16T00:48:48+00:00","dateModified":"2023-11-13T02:29:09+00:00","description":"Entre las nuevas tendencias est\u00e1 la pr\u00e1ctica de las pausas cerebrales, momentos dentro del sal\u00f3n de clase en los que los alumnos detienen...","breadcrumb":{"@id":"https:\/\/webdelmaestrocmf.com\/portal\/ayuda-a-tus-alumnos-a-maximizar-su-concentracion-con-las-pausas-cerebrales-y-las-practicas-de-atencion\/#breadcrumb"},"inLanguage":"es","potentialAction":[{"@type":"ReadAction","target":["https:\/\/webdelmaestrocmf.com\/portal\/ayuda-a-tus-alumnos-a-maximizar-su-concentracion-con-las-pausas-cerebrales-y-las-practicas-de-atencion\/"]}]},{"@type":"ImageObject","inLanguage":"es","@id":"https:\/\/webdelmaestrocmf.com\/portal\/ayuda-a-tus-alumnos-a-maximizar-su-concentracion-con-las-pausas-cerebrales-y-las-practicas-de-atencion\/#primaryimage","url":"https:\/\/webdelmaestrocmf.com\/portal\/wp-content\/uploads\/2020\/08\/1-186.jpg","contentUrl":"https:\/\/webdelmaestrocmf.com\/portal\/wp-content\/uploads\/2020\/08\/1-186.jpg","width":1100,"height":680},{"@type":"BreadcrumbList","@id":"https:\/\/webdelmaestrocmf.com\/portal\/ayuda-a-tus-alumnos-a-maximizar-su-concentracion-con-las-pausas-cerebrales-y-las-practicas-de-atencion\/#breadcrumb","itemListElement":[{"@type":"ListItem","position":1,"name":"Portada","item":"https:\/\/webdelmaestrocmf.com\/portal\/"},{"@type":"ListItem","position":2,"name":"Recursos","item":"https:\/\/webdelmaestrocmf.com\/portal\/category\/pedagogia\/"},{"@type":"ListItem","position":3,"name":"Pausas cerebrales y las Pr\u00e1cticas de atenci\u00f3n"}]},{"@type":"WebSite","@id":"https:\/\/webdelmaestrocmf.com\/portal\/#website","url":"https:\/\/webdelmaestrocmf.com\/portal\/","name":"Web del Maestro CMF","description":"Maestros al servicio de la educaci\u00f3n","publisher":{"@id":"https:\/\/webdelmaestrocmf.com\/portal\/#organization"},"alternateName":"WMCMF","potentialAction":[{"@type":"SearchAction","target":{"@type":"EntryPoint","urlTemplate":"https:\/\/webdelmaestrocmf.com\/portal\/?s={search_term_string}"},"query-input":{"@type":"PropertyValueSpecification","valueRequired":true,"valueName":"search_term_string"}}],"inLanguage":"es"},{"@type":"Organization","@id":"https:\/\/webdelmaestrocmf.com\/portal\/#organization","name":"Web del Maestro CMF","alternateName":"WMCMF","url":"https:\/\/webdelmaestrocmf.com\/portal\/","logo":{"@type":"ImageObject","inLanguage":"es","@id":"https:\/\/webdelmaestrocmf.com\/portal\/#\/schema\/logo\/image\/","url":"https:\/\/webdelmaestrocmf.com\/portal\/wp-content\/uploads\/2023\/01\/logo-wmcmf-2.png","contentUrl":"https:\/\/webdelmaestrocmf.com\/portal\/wp-content\/uploads\/2023\/01\/logo-wmcmf-2.png","width":200,"height":60,"caption":"Web del Maestro CMF"},"image":{"@id":"https:\/\/webdelmaestrocmf.com\/portal\/#\/schema\/logo\/image\/"},"sameAs":["https:\/\/www.facebook.com\/WebdelMaestroCMF\/","https:\/\/x.com\/cmf_w","https:\/\/www.pinterest.com\/WMCMF\/","https:\/\/www.linkedin.com\/company\/web-del-maestro-cmf\/","https:\/\/www.instagram.com\/wmcmf\/","https:\/\/www.youtube.com\/channel\/UCDPSvjbdodE5sHnC3OxutHw","https:\/\/mastodon.social\/@wmcmf","https:\/\/www.tiktok.com\/@webdelmaestrocmf"]},{"@type":"Person","@id":"https:\/\/webdelmaestrocmf.com\/portal\/#\/schema\/person\/1072a2ed7bd960df8ef99a551fa35dc5","name":"Web del Maestro CMF","image":{"@type":"ImageObject","inLanguage":"es","@id":"https:\/\/secure.gravatar.com\/avatar\/23291dd5b5ae1077dcff3dbb04c3e02bd28403fa75af6d8787d5e97c5bbbe30b?s=96&d=mm&r=g","url":"https:\/\/secure.gravatar.com\/avatar\/23291dd5b5ae1077dcff3dbb04c3e02bd28403fa75af6d8787d5e97c5bbbe30b?s=96&d=mm&r=g","contentUrl":"https:\/\/secure.gravatar.com\/avatar\/23291dd5b5ae1077dcff3dbb04c3e02bd28403fa75af6d8787d5e97c5bbbe30b?s=96&d=mm&r=g","caption":"Web del Maestro CMF"},"description":"Esta Web se cre\u00f3 sin fines de lucro, con fines educativos, cient\u00edficos y acad\u00e9micos, para personas que tengan dificultades y\/o inconvenientes en visualizar el material original. El objetivo es entregar recursos, compartir experiencias y materiales que ayuden a los padres de familia, maestros y estudiantes en su actualizaci\u00f3n y formaci\u00f3n permanente, en bien de la Educaci\u00f3n.","sameAs":["http:\/\/webdelmaestrocmf.com\/portal","https:\/\/www.facebook.com\/WebdelMaestroCMF\/","https:\/\/www.instagram.com\/wmcmf\/","https:\/\/cl.linkedin.com\/company\/web-del-maestro-cmf","https:\/\/www.pinterest.com\/WMCMF\/publicaciones\/","https:\/\/x.com\/cmf_w","https:\/\/www.youtube.com\/@WMCMF"]}]}},"jetpack_featured_media_url":"https:\/\/webdelmaestrocmf.com\/portal\/wp-content\/uploads\/2020\/08\/1-186.jpg","jetpack_sharing_enabled":true,"jetpack-related-posts":[{"id":108700,"url":"https:\/\/webdelmaestrocmf.com\/portal\/el-cerebro-en-meditacion-como-cambian-nuestras-redes-neuronales-segun-el-tipo-de-atencion\/","url_meta":{"origin":40294,"position":0},"title":"El cerebro en meditaci\u00f3n: c\u00f3mo cambian nuestras redes neuronales seg\u00fan el tipo de atenci\u00f3n","author":"Web del Maestro CMF","date":"7 abril, 2025","format":false,"excerpt":"Durante siglos, las pr\u00e1cticas contemplativas como la meditaci\u00f3n fueron vistas como t\u00e9cnicas espirituales o filos\u00f3ficas, dif\u00edciles de medir desde una perspectiva cient\u00edfica. Sin embargo, en las \u00faltimas d\u00e9cadas, los avances en neuroimagen han permitido abrir una ventana fascinante hacia el cerebro humano en estado meditativo. Hoy, la ciencia puede demostrar\u2026","rel":"","context":"En \u00abAtenci\u00f3n\u00bb","block_context":{"text":"Atenci\u00f3n","link":"https:\/\/webdelmaestrocmf.com\/portal\/category\/pedagogia\/atencion\/"},"img":{"alt_text":"","src":"https:\/\/i0.wp.com\/webdelmaestrocmf.com\/portal\/wp-content\/uploads\/2025\/04\/1A-Banner-1-portada-imagen-10-1-47.jpg?resize=350%2C200&ssl=1","width":350,"height":200,"srcset":"https:\/\/i0.wp.com\/webdelmaestrocmf.com\/portal\/wp-content\/uploads\/2025\/04\/1A-Banner-1-portada-imagen-10-1-47.jpg?resize=350%2C200&ssl=1 1x, https:\/\/i0.wp.com\/webdelmaestrocmf.com\/portal\/wp-content\/uploads\/2025\/04\/1A-Banner-1-portada-imagen-10-1-47.jpg?resize=525%2C300&ssl=1 1.5x, https:\/\/i0.wp.com\/webdelmaestrocmf.com\/portal\/wp-content\/uploads\/2025\/04\/1A-Banner-1-portada-imagen-10-1-47.jpg?resize=700%2C400&ssl=1 2x"},"classes":[]},{"id":85619,"url":"https:\/\/webdelmaestrocmf.com\/portal\/que-son-las-pausas-activas-en-el-aula-son-utiles\/","url_meta":{"origin":40294,"position":1},"title":"\u00bfQu\u00e9 son las pausas activas en el aula? \u00bfSon \u00fatiles?","author":"Web del Maestro CMF","date":"14 marzo, 2023","format":false,"excerpt":"Las\u00a0pausas o descansos activos\u00a0son periodos cortos durante la\u00a0jornada escolar\u00a0en los que se detiene la actividad escolar m\u00e1s intelectual y sedentaria (explicaciones, preguntas, debates o ejercicios) para realizar una actividad f\u00edsica como bailar, saltar o estiramientos. Es muy com\u00fan que se realicen entre clase y clase, m\u00e1s o menos cada 50\u2026","rel":"","context":"En \u00abDocentes\u00bb","block_context":{"text":"Docentes","link":"https:\/\/webdelmaestrocmf.com\/portal\/category\/pedagogia\/docentes\/"},"img":{"alt_text":"","src":"https:\/\/i0.wp.com\/webdelmaestrocmf.com\/portal\/wp-content\/uploads\/2023\/03\/A12B3C4D-6.jpg?resize=350%2C200&ssl=1","width":350,"height":200,"srcset":"https:\/\/i0.wp.com\/webdelmaestrocmf.com\/portal\/wp-content\/uploads\/2023\/03\/A12B3C4D-6.jpg?resize=350%2C200&ssl=1 1x, https:\/\/i0.wp.com\/webdelmaestrocmf.com\/portal\/wp-content\/uploads\/2023\/03\/A12B3C4D-6.jpg?resize=525%2C300&ssl=1 1.5x, https:\/\/i0.wp.com\/webdelmaestrocmf.com\/portal\/wp-content\/uploads\/2023\/03\/A12B3C4D-6.jpg?resize=700%2C400&ssl=1 2x"},"classes":[]},{"id":112165,"url":"https:\/\/webdelmaestrocmf.com\/portal\/el-movimiento-la-emocion-y-la-memoria-tres-aliados-cerebrales-para-el-docente\/","url_meta":{"origin":40294,"position":2},"title":"El movimiento, la emoci\u00f3n y la memoria: tres aliados cerebrales para el docente","author":"Web del Maestro CMF","date":"16 septiembre, 2025","format":false,"excerpt":"Comprender el cerebro permite al docente dise\u00f1ar clases inclusivas, conectar con emociones, activar aprendizajes significativos y transformar la ense\u00f1anza.","rel":"","context":"En \u00abNeurociencia\u00bb","block_context":{"text":"Neurociencia","link":"https:\/\/webdelmaestrocmf.com\/portal\/category\/pedagogia\/neurociencia\/"},"img":{"alt_text":"","src":"https:\/\/i0.wp.com\/webdelmaestrocmf.com\/portal\/wp-content\/uploads\/2025\/09\/1A-Banner-1-portada-imagen-10-1-copia-2025-09-16T113414.045.webp?resize=350%2C200&ssl=1","width":350,"height":200,"srcset":"https:\/\/i0.wp.com\/webdelmaestrocmf.com\/portal\/wp-content\/uploads\/2025\/09\/1A-Banner-1-portada-imagen-10-1-copia-2025-09-16T113414.045.webp?resize=350%2C200&ssl=1 1x, https:\/\/i0.wp.com\/webdelmaestrocmf.com\/portal\/wp-content\/uploads\/2025\/09\/1A-Banner-1-portada-imagen-10-1-copia-2025-09-16T113414.045.webp?resize=525%2C300&ssl=1 1.5x, https:\/\/i0.wp.com\/webdelmaestrocmf.com\/portal\/wp-content\/uploads\/2025\/09\/1A-Banner-1-portada-imagen-10-1-copia-2025-09-16T113414.045.webp?resize=700%2C400&ssl=1 2x"},"classes":[]},{"id":97040,"url":"https:\/\/webdelmaestrocmf.com\/portal\/que-son-las-pausas-activas-y-como-incorporarlas-en-tus-clases-una-por-dia\/","url_meta":{"origin":40294,"position":3},"title":"Qu\u00e9 son las pausas activas y c\u00f3mo incorporarlas en tus clases una por d\u00eda","author":"Web del Maestro CMF","date":"9 octubre, 2023","format":false,"excerpt":"Las pausas activas son breves descansos o interrupciones planificadas durante una actividad o tarea para que las personas puedan estirarse, moverse y relajarse moment\u00e1neamente. Estas pausas tienen como objetivo principal reducir la fatiga f\u00edsica y mental, mejorar la concentraci\u00f3n, aumentar la circulaci\u00f3n sangu\u00ednea y promover el bienestar general. La educaci\u00f3n\u2026","rel":"","context":"En \u00abPausas Activas\u00bb","block_context":{"text":"Pausas Activas","link":"https:\/\/webdelmaestrocmf.com\/portal\/category\/pedagogia\/pausas-activas\/"},"img":{"alt_text":"pausas activas","src":"https:\/\/i0.wp.com\/webdelmaestrocmf.com\/portal\/wp-content\/uploads\/2023\/10\/A12B3C4D-27.jpg?resize=350%2C200&ssl=1","width":350,"height":200,"srcset":"https:\/\/i0.wp.com\/webdelmaestrocmf.com\/portal\/wp-content\/uploads\/2023\/10\/A12B3C4D-27.jpg?resize=350%2C200&ssl=1 1x, https:\/\/i0.wp.com\/webdelmaestrocmf.com\/portal\/wp-content\/uploads\/2023\/10\/A12B3C4D-27.jpg?resize=525%2C300&ssl=1 1.5x, https:\/\/i0.wp.com\/webdelmaestrocmf.com\/portal\/wp-content\/uploads\/2023\/10\/A12B3C4D-27.jpg?resize=700%2C400&ssl=1 2x"},"classes":[]},{"id":115241,"url":"https:\/\/webdelmaestrocmf.com\/portal\/que-estamos-pidiendo-realmente-cuando-pedimos-atencion-en-el-aula\/","url_meta":{"origin":40294,"position":4},"title":"\u00bfQu\u00e9 estamos pidiendo realmente cuando pedimos atenci\u00f3n en el aula?","author":"Web del Maestro CMF","date":"10 febrero, 2026","format":false,"excerpt":"La atenci\u00f3n no se exige: se dise\u00f1a comprendiendo redes cerebrales para ajustar tareas, tiempos, apoyos y demandas cognitivas del aula.","rel":"","context":"En \u00abNeurociencia\u00bb","block_context":{"text":"Neurociencia","link":"https:\/\/webdelmaestrocmf.com\/portal\/category\/pedagogia\/neurociencia\/"},"img":{"alt_text":"","src":"https:\/\/i0.wp.com\/webdelmaestrocmf.com\/portal\/wp-content\/uploads\/2026\/02\/1A-Banner-1-portada-imagen-10-1-copia.jpg?resize=350%2C200&ssl=1","width":350,"height":200,"srcset":"https:\/\/i0.wp.com\/webdelmaestrocmf.com\/portal\/wp-content\/uploads\/2026\/02\/1A-Banner-1-portada-imagen-10-1-copia.jpg?resize=350%2C200&ssl=1 1x, https:\/\/i0.wp.com\/webdelmaestrocmf.com\/portal\/wp-content\/uploads\/2026\/02\/1A-Banner-1-portada-imagen-10-1-copia.jpg?resize=525%2C300&ssl=1 1.5x, https:\/\/i0.wp.com\/webdelmaestrocmf.com\/portal\/wp-content\/uploads\/2026\/02\/1A-Banner-1-portada-imagen-10-1-copia.jpg?resize=700%2C400&ssl=1 2x"},"classes":[]},{"id":87073,"url":"https:\/\/webdelmaestrocmf.com\/portal\/pausas-activas-ejemplos-graficos-de-como-los-docentes-deverian-aplicar-en-sus-clases\/","url_meta":{"origin":40294,"position":5},"title":"Pausas activas: qu\u00e9 son, c\u00f3mo aplicarlas y ejemplos","author":"Web del Maestro CMF","date":"15 enero, 2024","format":false,"excerpt":"Las pausas activas, son tiempos reducidos de movimientos naturales, realizados por el estudiante mientras se desarrolla la jornada de clases dentro de la Instituci\u00f3n educativa, donde le permite al docente recuperar la atenci\u00f3n y concentraci\u00f3n de los estudiantes, adem\u00e1s M\u00e9ndez (2020). Manifiesta que, \u201clos descansos activos consisten en actividades independientes,\u2026","rel":"","context":"En \u00abPausas Activas\u00bb","block_context":{"text":"Pausas Activas","link":"https:\/\/webdelmaestrocmf.com\/portal\/category\/pedagogia\/pausas-activas\/"},"img":{"alt_text":"PAUSAS ACTIVAS","src":"https:\/\/i0.wp.com\/webdelmaestrocmf.com\/portal\/wp-content\/uploads\/2023\/04\/Banner-1-portada-imagen-10-4.jpg?resize=350%2C200&ssl=1","width":350,"height":200,"srcset":"https:\/\/i0.wp.com\/webdelmaestrocmf.com\/portal\/wp-content\/uploads\/2023\/04\/Banner-1-portada-imagen-10-4.jpg?resize=350%2C200&ssl=1 1x, https:\/\/i0.wp.com\/webdelmaestrocmf.com\/portal\/wp-content\/uploads\/2023\/04\/Banner-1-portada-imagen-10-4.jpg?resize=525%2C300&ssl=1 1.5x, https:\/\/i0.wp.com\/webdelmaestrocmf.com\/portal\/wp-content\/uploads\/2023\/04\/Banner-1-portada-imagen-10-4.jpg?resize=700%2C400&ssl=1 2x"},"classes":[]}],"_links":{"self":[{"href":"https:\/\/webdelmaestrocmf.com\/portal\/wp-json\/wp\/v2\/posts\/40294","targetHints":{"allow":["GET"]}}],"collection":[{"href":"https:\/\/webdelmaestrocmf.com\/portal\/wp-json\/wp\/v2\/posts"}],"about":[{"href":"https:\/\/webdelmaestrocmf.com\/portal\/wp-json\/wp\/v2\/types\/post"}],"author":[{"embeddable":true,"href":"https:\/\/webdelmaestrocmf.com\/portal\/wp-json\/wp\/v2\/users\/1"}],"replies":[{"embeddable":true,"href":"https:\/\/webdelmaestrocmf.com\/portal\/wp-json\/wp\/v2\/comments?post=40294"}],"version-history":[{"count":0,"href":"https:\/\/webdelmaestrocmf.com\/portal\/wp-json\/wp\/v2\/posts\/40294\/revisions"}],"wp:featuredmedia":[{"embeddable":true,"href":"https:\/\/webdelmaestrocmf.com\/portal\/wp-json\/wp\/v2\/media\/66604"}],"wp:attachment":[{"href":"https:\/\/webdelmaestrocmf.com\/portal\/wp-json\/wp\/v2\/media?parent=40294"}],"wp:term":[{"taxonomy":"category","embeddable":true,"href":"https:\/\/webdelmaestrocmf.com\/portal\/wp-json\/wp\/v2\/categories?post=40294"},{"taxonomy":"post_tag","embeddable":true,"href":"https:\/\/webdelmaestrocmf.com\/portal\/wp-json\/wp\/v2\/tags?post=40294"}],"curies":[{"name":"wp","href":"https:\/\/api.w.org\/{rel}","templated":true}]}}