{"id":39945,"date":"2020-01-05T13:40:38","date_gmt":"2020-01-05T16:40:38","guid":{"rendered":"http:\/\/webdelmaestrocmf.com\/portal\/?p=39945"},"modified":"2020-03-19T18:29:10","modified_gmt":"2020-03-19T21:29:10","slug":"guia-para-educadores-la-herramienta-facebook-para-ensenar-y-aprender","status":"publish","type":"post","link":"https:\/\/webdelmaestrocmf.com\/portal\/guia-para-educadores-la-herramienta-facebook-para-ensenar-y-aprender\/","title":{"rendered":"Gu\u00eda para Educadores: La herramienta Facebook para ense\u00f1ar y aprender"},"content":{"rendered":"<h5 style=\"text-align: justify;\">En este art\u00edculo queremos detallar las posibilidades que Facebook ofrece para los profesores y darte herramientas para que puedas sacarle m\u00e1s partido a esta red social; adem\u00e1s, descarga la\u00a0<strong>Gu\u00eda de Facebook para Educadores<\/strong>.<\/h5>\n<h5 style=\"text-align: justify;\">Facebook es una herramienta social que nos conecta con gente, marcas y organizaciones que nos importan. Fue fundado en el a\u00f1o 2004 y r\u00e1pidamente se ha convertido en una de las plataformas m\u00e1s usadas y visitadas por gente de todas las edades para comunicarse y conectarse con amigos y otras personas con quienes trabajan, estudian o comparten sus vidas.<\/h5>\n<p><!--more--><\/p>\n<p style=\"text-align: justify;\">La misi\u00f3n de Facebook es hacer del mundo un lugar m\u00e1s abierto y conectado. Es en este esp\u00edritu en el que Facebook ha empezado a trabajar con escuelas, institutos y universidades para entender mejor como sus servicios pueden ser utilizados dentro y fuera de las aulas como una herramienta de aprendizaje, aprovechando al m\u00e1ximo su potencial para mejorar las posibilidades educativas de los j\u00f3venes.<\/p>\n<p><img loading=\"lazy\" decoding=\"async\" class=\"alignnone wp-image-40031 size-full\" src=\"http:\/\/webdelmaestrocmf.com\/portal\/wp-content\/uploads\/2019\/09\/1-15.jpg\" alt=\"\" width=\"1100\" height=\"680\" srcset=\"https:\/\/webdelmaestrocmf.com\/portal\/wp-content\/uploads\/2019\/09\/1-15.jpg 1100w, https:\/\/webdelmaestrocmf.com\/portal\/wp-content\/uploads\/2019\/09\/1-15-300x185.jpg 300w, https:\/\/webdelmaestrocmf.com\/portal\/wp-content\/uploads\/2019\/09\/1-15-768x475.jpg 768w, https:\/\/webdelmaestrocmf.com\/portal\/wp-content\/uploads\/2019\/09\/1-15-1024x633.jpg 1024w, https:\/\/webdelmaestrocmf.com\/portal\/wp-content\/uploads\/2019\/09\/1-15-110x68.jpg 110w, https:\/\/webdelmaestrocmf.com\/portal\/wp-content\/uploads\/2019\/09\/1-15-200x124.jpg 200w, https:\/\/webdelmaestrocmf.com\/portal\/wp-content\/uploads\/2019\/09\/1-15-380x235.jpg 380w, https:\/\/webdelmaestrocmf.com\/portal\/wp-content\/uploads\/2019\/09\/1-15-255x158.jpg 255w, https:\/\/webdelmaestrocmf.com\/portal\/wp-content\/uploads\/2019\/09\/1-15-550x340.jpg 550w, https:\/\/webdelmaestrocmf.com\/portal\/wp-content\/uploads\/2019\/09\/1-15-800x495.jpg 800w\" sizes=\"auto, (max-width: 1100px) 100vw, 1100px\" \/><\/p>\n<h5 style=\"text-align: justify;\"><strong>\u00bfPara qui\u00e9n es esta gu\u00eda?<\/strong><\/h5>\n<p style=\"text-align: justify;\">Esta gu\u00eda est\u00e1 dirigida a educadores trabajando con gente joven en escuelas, colegios, institutos, universidades, centros de formaci\u00f3n profesional y entornos de aprendizaje formal e informal. Investiga las maneras en que Facebook puede servir como una herramienta para:<\/p>\n<ul>\n<li style=\"text-align: justify;\">Apoyar la ense\u00f1anza interdisciplinaria<\/li>\n<li style=\"text-align: justify;\">Reforzar el aprendizaje extra escolar<\/li>\n<li style=\"text-align: justify;\">Promover un aprendizaje social e informal<\/li>\n<li style=\"text-align: justify;\">Facilitar una v\u00eda de comunicaci\u00f3n entre alumnos, profesores y padres<\/li>\n<li style=\"text-align: justify;\">Apoyar el desarrollo de habilidades digitales sociales.<\/li>\n<\/ul>\n<p style=\"text-align: justify;\">Esta gu\u00eda pretende ser pr\u00e1ctica y f\u00e1cil de usar, pero no exhaustiva, ya que constantemente se est\u00e1n desarrollando nuevas e innovadoras maneras de utilizar Facebook.<\/p>\n<h5><strong>Facebook como una herramienta para ense\u00f1ar y aprender<\/strong><\/h5>\n<p style=\"text-align: justify;\">Los sistemas educativos de todo el mundo est\u00e1n experimentando una revoluci\u00f3n en la ense\u00f1anza y el aprendizaje. Con la llegada y el establecimiento de las nuevas tecnolog\u00edas, se han creado nuevas v\u00edas de comunicaci\u00f3n e interacci\u00f3n entre alumnos, profesores y el resto del mundo impulsado por la web. El aprendizaje digital y social a menudo se basa en el hecho de que los j\u00f3venes tienen acceso a los conocimientos y al aprendizaje por ellos mismos. Ese aprendizaje es t\u00edpicamente interactivo, centrado en el estudiante, colaborativo e instant\u00e1neo. Se realiza fuera del horario escolar, en contextos no formales y cada vez m\u00e1s entre amigos y a trav\u00e9s de redes sociales. La ense\u00f1anza y el aprendizaje son y ser\u00e1n mucho m\u00e1s sociales.<\/p>\n<p style=\"text-align: justify;\">Los j\u00f3venes de hoy tambi\u00e9n tienen la habilidad de comunicarse con cualquier persona alrededor del mundo utilizando una gran variedad de plataformas digitales, principalmente con tel\u00e9fonos m\u00f3viles y tabletas. Estas herramientas permiten a millones de personas conectarse y compartir informaci\u00f3n de una manera sin precedentes.<\/p>\n<p><img loading=\"lazy\" decoding=\"async\" class=\"alignnone size-full\" src=\"https:\/\/cdn.dribbble.com\/users\/1331\/screenshots\/2990914\/facebook_brand_by_fantasy.gif\" width=\"800\" height=\"600\" \/><\/p>\n<p style=\"text-align: justify;\">Se han planteado interrogantes acerca de c\u00f3mo preparar mejor a los j\u00f3venes para un mundo digital y la necesidad de una alfabetizaci\u00f3n digital y las habilidades necesarias para el mundo laboral. Lo que creemos es que hay que dar a los j\u00f3venes acceso a las plataformas digitales en escuelas, institutos y otros entornos de aprendizaje para que les proporcione habilidades b\u00e1sicas y esenciales que les permitan navegar dentro de su mundo digital y que les permitan ser ciudadanos digitales preparados.<\/p>\n<h4><strong>Videos sobre como Facebook puede ayudar a los docentes:<\/strong><\/h4>\n<h5><strong>1. Facebook como herramienta educativa<\/strong><\/h5>\n<p style=\"text-align: justify;\">En nuestra opini\u00f3n, Facebook es una herramienta clave del siglo XXI para ense\u00f1ar, aprender y hacer que la educaci\u00f3n de la gente joven sea una experiencia m\u00e1s social. Hoy en d\u00eda ya est\u00e1 implementado en escuelas y universidades alrededor de Espa\u00f1a, Reino Unido y tambi\u00e9n alrededor del mundo, pero a\u00fan tiene capacidad para generar un cambio fundamental en las vidas de los profesores, en las escuelas y en el aula. Es una herramienta clave para ofrecer un aprendizaje a la gente joven tanto dentro como fuera del aula.<\/p>\n<p><iframe loading=\"lazy\" src=\"https:\/\/www.youtube.com\/embed\/I1COSpELVkc\" width=\"100%\" height=\"400\" frameborder=\"0\" allowfullscreen=\"allowfullscreen\"><span data-mce-type=\"bookmark\" style=\"display: inline-block; width: 0px; overflow: hidden; line-height: 0;\" class=\"mce_SELRES_start\">\ufeff<\/span><\/iframe><\/p>\n<h5><strong>2. 14 aplicaciones educativas de facebook para el aula.<\/strong><\/h5>\n<p style=\"text-align: justify;\">Este v\u00eddeo es parte del curso \u00abFacebook en el aula\u00bb de la Fundaci\u00f3n Conectando Pasos A.C. y puedes inscribirte o llevarlo a tu instituci\u00f3n educativa, dej\u00e1ndonos un comentario y nosotros te contactaremos.<\/p>\n<p><iframe loading=\"lazy\" src=\"https:\/\/www.youtube.com\/embed\/69nQYIYOPLw\" width=\"100%\" height=\"400\" frameborder=\"0\" allowfullscreen=\"allowfullscreen\"><span data-mce-type=\"bookmark\" style=\"display: inline-block; width: 0px; overflow: hidden; line-height: 0;\" class=\"mce_SELRES_start\">\ufeff<\/span><\/iframe><\/p>\n<h5><strong>3. Facebook para Educadores<\/strong><\/h5>\n<p>Curso de inducci\u00f3n para asesores, uso educativo de Facebook.<\/p>\n<p><iframe loading=\"lazy\" src=\"https:\/\/www.youtube.com\/embed\/DW9d6BWNYD0\" width=\"100%\" height=\"400\" frameborder=\"0\" allowfullscreen=\"allowfullscreen\"><span data-mce-type=\"bookmark\" style=\"display: inline-block; width: 0px; overflow: hidden; line-height: 0;\" class=\"mce_SELRES_start\">\ufeff<\/span><\/iframe><\/p>\n<h5><strong>4. Uso de Facebook en la educaci\u00f3n<\/strong><\/h5>\n<p style=\"text-align: justify;\">En este v\u00eddeo se explica las ventajas de usar Facebook en el proceso ense\u00f1anza aprendizaje<\/p>\n<p><iframe loading=\"lazy\" src=\"https:\/\/www.youtube.com\/embed\/R34q9PsTBpQ\" width=\"100%\" height=\"400\" frameborder=\"0\" allowfullscreen=\"allowfullscreen\"><span data-mce-type=\"bookmark\" style=\"display: inline-block; width: 0px; overflow: hidden; line-height: 0;\" class=\"mce_SELRES_start\">\ufeff<\/span><\/iframe><\/p>\n<h5><strong>Facebook lanza un programa para sensibilizar a alumnos y educadores sobre seguridad en Internet<\/strong><\/h5>\n<p>Facebook\u00a0 ha presentado en\u00a0<span lang=\"EN-GB\"><a href=\"https:\/\/zona.fb.com\/\" target=\"_blank\" rel=\"noopener noreferrer\"><span lang=\"ES\">Zona from Facebook<\/span><\/a><\/span>\u00a0el programa GeneraZion, una iniciativa creada por esta red social en colaboraci\u00f3n con la\u00a0<span lang=\"EN-GB\"><a href=\"https:\/\/www.cibervoluntarios.org\/\" target=\"_blank\" rel=\"noopener noreferrer\"><span lang=\"ES\">Fundaci\u00f3n Cibervoluntarios<\/span><\/a><\/span>. El objetivo de este programa es educar a 11.000 adolescentes, profesores y padres para que sepan actuar ante posibles situaciones de abuso as\u00ed como proporcionarles herramientas para afrontar los diferentes desaf\u00edos y protegerse adem\u00e1s de mejorar su privacidad y seguridad en Internet.<\/p>\n<p><img loading=\"lazy\" decoding=\"async\" class=\"alignnone wp-image-39947 size-full\" src=\"http:\/\/webdelmaestrocmf.com\/portal\/wp-content\/uploads\/2019\/09\/1-9.jpg\" alt=\"\" width=\"805\" height=\"535\" srcset=\"https:\/\/webdelmaestrocmf.com\/portal\/wp-content\/uploads\/2019\/09\/1-9.jpg 805w, https:\/\/webdelmaestrocmf.com\/portal\/wp-content\/uploads\/2019\/09\/1-9-300x199.jpg 300w, https:\/\/webdelmaestrocmf.com\/portal\/wp-content\/uploads\/2019\/09\/1-9-768x510.jpg 768w, https:\/\/webdelmaestrocmf.com\/portal\/wp-content\/uploads\/2019\/09\/1-9-110x73.jpg 110w, https:\/\/webdelmaestrocmf.com\/portal\/wp-content\/uploads\/2019\/09\/1-9-200x133.jpg 200w, https:\/\/webdelmaestrocmf.com\/portal\/wp-content\/uploads\/2019\/09\/1-9-380x253.jpg 380w, https:\/\/webdelmaestrocmf.com\/portal\/wp-content\/uploads\/2019\/09\/1-9-255x169.jpg 255w, https:\/\/webdelmaestrocmf.com\/portal\/wp-content\/uploads\/2019\/09\/1-9-550x366.jpg 550w, https:\/\/webdelmaestrocmf.com\/portal\/wp-content\/uploads\/2019\/09\/1-9-800x532.jpg 800w\" sizes=\"auto, (max-width: 805px) 100vw, 805px\" \/><\/p>\n<p style=\"text-align: center;\">Recomendamos a la Comunidad Educativa Digital tener en cuenta que, el enlace y\/o la carpeta en donde est\u00e1n alojados los libros, recursos y\/o materiales, no es administrado por la Web del Maestro CMF, pueda ser que en cuesti\u00f3n de d\u00edas (o seg\u00fan el tiempo transcurrido desde su publicaci\u00f3n), los enlaces no funcionen y el material ya no se encuentre disponible. Gracias por su comprensi\u00f3n.<\/p>\n<h3><strong>ENLACE DE LECTURA:<\/strong><\/h3>\n<p style=\"text-align: center;\">\u00a1Comparte y as\u00ed m\u00e1s docentes utilizar\u00e1n estos recursos\u00a0gratis! Muchas gracias.<\/p>\n<p style=\"text-align: center;\"><strong>ENLACE 1: <a href=\"http:\/\/www.ednfoundation.org\/wp-content\/uploads\/Facebookguidespanish.pdf\" target=\"_blank\" rel=\"noopener noreferrer\"><span style=\"color: #000000;\">GU\u00cdA DE FACEBOOK PARA EDUCADORES<\/span><\/a><\/strong><\/p>\n\t\t<div class=\"pk-inline-posts\">\n\t\t\t\n\t\t\t<div class=\"pk-inline-posts-container pk-inline-posts-template-list\"\n\t\t\t\tdata-columns=\"1\">\n\t\t\t\t\t\t<article id=\"post-106856\" class=\"post-106856 post type-post status-publish format-standard has-post-thumbnail category-noticias-internacionales category-redes-sociales tag-menores tag-prohiben tag-redes-sociales cs-entry cs-video-wrap\">\n\t\t\t<div class=\"pk-post-outer\">\n\n\t\t\t\t\t\t\t\t<div class=\"pk-post-inner\">\n\t\t\t\t\t<div class=\"entry-thumbnail\">\n\t\t\t\t\t\t<div class=\"pk-overlay pk-overlay-ratio pk-ratio-landscape\">\n\t\t\t\t\t\t\t<div class=\"pk-overlay-background\">\n\t\t\t\t\t\t\t\t<a href=\"https:\/\/webdelmaestrocmf.com\/portal\/proponen-prohiben-el-uso-de-redes-sociales-a-menores-de-16-anos\/\" class=\"pk-overlay-link\">\n\t\t\t\t\t\t\t\t\t<img loading=\"lazy\" decoding=\"async\" width=\"300\" height=\"225\" src=\"https:\/\/webdelmaestrocmf.com\/portal\/wp-content\/uploads\/2024\/11\/Banner-1-portada-imagen-10-1-29-300x225.jpg\" class=\"attachment-pk-thumbnail size-pk-thumbnail wp-post-image\" alt=\"\" \/>\t\t\t\t\t\t\t\t<\/a>\n\t\t\t\t\t\t\t<\/div>\n\t\t\t\t\t\t<\/div>\n\t\t\t\t\t<\/div>\n\t\t\t\t<\/div>\n\t\t\t\t\n\t\t\t\t<div class=\"pk-post-inner\">\n\t\t\t\t\t<header>\n\t\t\t\t\t\t<h3 class=\"pk-title\"><a href=\"https:\/\/webdelmaestrocmf.com\/portal\/proponen-prohiben-el-uso-de-redes-sociales-a-menores-de-16-anos\/\" rel=\"bookmark\">Proponen prohibir el uso de redes sociales a menores de 16 a\u00f1os<\/a><\/h3>\t\t\t\t\t<\/header><!-- .entry-header -->\n\t\t\t\t<\/div><!-- .post-inner -->\n\n\t\t\t<\/div><!-- .post-outer -->\n\t\t<\/article>\n\t\t\t\t<\/div>\n\t\t<\/div>\n\t\t\n","protected":false},"excerpt":{"rendered":"En este art\u00edculo queremos detallar las posibilidades que Facebook ofrece para los profesores y darte herramientas para que&hellip;","protected":false},"author":1,"featured_media":45638,"comment_status":"open","ping_status":"closed","sticky":false,"template":"","format":"standard","meta":{"csco_display_header_overlay":false,"csco_singular_sidebar":"default","csco_page_header_type":"default","csco_page_load_nextpost":"default","csco_post_video_location":[],"csco_post_video_location_hash":"","csco_post_video_url":"","csco_post_video_bg_start_time":0,"csco_post_video_bg_end_time":0,"csco_post_video_bg_volume":false,"_jetpack_memberships_contains_paid_content":false,"footnotes":""},"categories":[1548,737],"tags":[188,64,51,226,2121,2317],"class_list":{"0":"post-39945","1":"post","2":"type-post","3":"status-publish","4":"format-standard","5":"has-post-thumbnail","7":"category-redes-sociales","8":"category-tecnologia","9":"tag-aprender","10":"tag-educadores","11":"tag-ensenar","12":"tag-facebook","13":"tag-guia","14":"tag-herramienta","15":"cs-entry","16":"cs-video-wrap"},"yoast_head":"<!-- This site is optimized with the Yoast SEO plugin v27.5 - https:\/\/yoast.com\/product\/yoast-seo-wordpress\/ -->\n<title>Gu\u00eda para Educadores: La herramienta Facebook para ense\u00f1ar y aprender - 2026<\/title>\n<meta name=\"description\" content=\"Comunidad de Maestros, Docentes y Profesores, en donde encontrar\u00e1s material, informaci\u00f3n y noticias del \u00e1mbito nacional y mundial.\" \/>\n<meta name=\"robots\" content=\"index, follow, max-snippet:-1, max-image-preview:large, max-video-preview:-1\" \/>\n<link rel=\"canonical\" href=\"https:\/\/webdelmaestrocmf.com\/portal\/guia-para-educadores-la-herramienta-facebook-para-ensenar-y-aprender\/\" \/>\n<meta property=\"og:locale\" content=\"es_ES\" \/>\n<meta property=\"og:type\" content=\"article\" \/>\n<meta property=\"og:title\" content=\"Gu\u00eda para Educadores: La herramienta Facebook para ense\u00f1ar y aprender - 2026\" \/>\n<meta property=\"og:description\" content=\"Comunidad de Maestros, Docentes y Profesores, en donde encontrar\u00e1s material, informaci\u00f3n y noticias del \u00e1mbito nacional y mundial.\" \/>\n<meta property=\"og:url\" content=\"https:\/\/webdelmaestrocmf.com\/portal\/guia-para-educadores-la-herramienta-facebook-para-ensenar-y-aprender\/\" \/>\n<meta property=\"og:site_name\" content=\"Web del Maestro CMF\" \/>\n<meta property=\"article:publisher\" content=\"https:\/\/www.facebook.com\/WebdelMaestroCMF\/\" \/>\n<meta property=\"article:author\" content=\"https:\/\/www.facebook.com\/WebdelMaestroCMF\/\" \/>\n<meta property=\"article:published_time\" content=\"2020-01-05T16:40:38+00:00\" \/>\n<meta property=\"article:modified_time\" content=\"2020-03-19T21:29:10+00:00\" \/>\n<meta property=\"og:image\" content=\"https:\/\/i0.wp.com\/webdelmaestrocmf.com\/portal\/wp-content\/uploads\/2019\/09\/1-1.jpeg?fit=1100%2C680&ssl=1\" \/>\n\t<meta property=\"og:image:width\" content=\"1100\" \/>\n\t<meta property=\"og:image:height\" content=\"680\" \/>\n\t<meta property=\"og:image:type\" content=\"image\/jpeg\" \/>\n<meta name=\"author\" content=\"Web del Maestro CMF\" \/>\n<meta name=\"twitter:card\" content=\"summary_large_image\" \/>\n<meta name=\"twitter:creator\" content=\"@cmf_w\" \/>\n<meta name=\"twitter:site\" content=\"@cmf_w\" \/>\n<script type=\"application\/ld+json\" class=\"yoast-schema-graph\">{\"@context\":\"https:\\\/\\\/schema.org\",\"@graph\":[{\"@type\":\"ScholarlyArticle\",\"@id\":\"https:\\\/\\\/webdelmaestrocmf.com\\\/portal\\\/guia-para-educadores-la-herramienta-facebook-para-ensenar-y-aprender\\\/#article\",\"isPartOf\":{\"@id\":\"https:\\\/\\\/webdelmaestrocmf.com\\\/portal\\\/guia-para-educadores-la-herramienta-facebook-para-ensenar-y-aprender\\\/\"},\"author\":{\"name\":\"Web del Maestro CMF\",\"@id\":\"https:\\\/\\\/webdelmaestrocmf.com\\\/portal\\\/#\\\/schema\\\/person\\\/1072a2ed7bd960df8ef99a551fa35dc5\"},\"headline\":\"Gu\u00eda para Educadores: La herramienta Facebook para ense\u00f1ar y aprender\",\"datePublished\":\"2020-01-05T16:40:38+00:00\",\"dateModified\":\"2020-03-19T21:29:10+00:00\",\"mainEntityOfPage\":{\"@id\":\"https:\\\/\\\/webdelmaestrocmf.com\\\/portal\\\/guia-para-educadores-la-herramienta-facebook-para-ensenar-y-aprender\\\/\"},\"wordCount\":939,\"commentCount\":0,\"publisher\":{\"@id\":\"https:\\\/\\\/webdelmaestrocmf.com\\\/portal\\\/#organization\"},\"image\":{\"@id\":\"https:\\\/\\\/webdelmaestrocmf.com\\\/portal\\\/guia-para-educadores-la-herramienta-facebook-para-ensenar-y-aprender\\\/#primaryimage\"},\"thumbnailUrl\":\"https:\\\/\\\/webdelmaestrocmf.com\\\/portal\\\/wp-content\\\/uploads\\\/2019\\\/09\\\/1-1.jpeg\",\"keywords\":[\"Aprender\",\"Educadores\",\"ENSE\u00d1AR\",\"Facebook\",\"GU\u00cdA\",\"HERRAMIENTA\"],\"articleSection\":[\"Redes Sociales\",\"Tecnolog\u00eda\"],\"inLanguage\":\"es\",\"potentialAction\":[{\"@type\":\"CommentAction\",\"name\":\"Comment\",\"target\":[\"https:\\\/\\\/webdelmaestrocmf.com\\\/portal\\\/guia-para-educadores-la-herramienta-facebook-para-ensenar-y-aprender\\\/#respond\"]}]},{\"@type\":\"WebPage\",\"@id\":\"https:\\\/\\\/webdelmaestrocmf.com\\\/portal\\\/guia-para-educadores-la-herramienta-facebook-para-ensenar-y-aprender\\\/\",\"url\":\"https:\\\/\\\/webdelmaestrocmf.com\\\/portal\\\/guia-para-educadores-la-herramienta-facebook-para-ensenar-y-aprender\\\/\",\"name\":\"Gu\u00eda para Educadores: La herramienta Facebook para ense\u00f1ar y aprender - 2026\",\"isPartOf\":{\"@id\":\"https:\\\/\\\/webdelmaestrocmf.com\\\/portal\\\/#website\"},\"primaryImageOfPage\":{\"@id\":\"https:\\\/\\\/webdelmaestrocmf.com\\\/portal\\\/guia-para-educadores-la-herramienta-facebook-para-ensenar-y-aprender\\\/#primaryimage\"},\"image\":{\"@id\":\"https:\\\/\\\/webdelmaestrocmf.com\\\/portal\\\/guia-para-educadores-la-herramienta-facebook-para-ensenar-y-aprender\\\/#primaryimage\"},\"thumbnailUrl\":\"https:\\\/\\\/webdelmaestrocmf.com\\\/portal\\\/wp-content\\\/uploads\\\/2019\\\/09\\\/1-1.jpeg\",\"datePublished\":\"2020-01-05T16:40:38+00:00\",\"dateModified\":\"2020-03-19T21:29:10+00:00\",\"description\":\"Comunidad de Maestros, Docentes y Profesores, en donde encontrar\u00e1s material, informaci\u00f3n y noticias del \u00e1mbito nacional y mundial.\",\"breadcrumb\":{\"@id\":\"https:\\\/\\\/webdelmaestrocmf.com\\\/portal\\\/guia-para-educadores-la-herramienta-facebook-para-ensenar-y-aprender\\\/#breadcrumb\"},\"inLanguage\":\"es\",\"potentialAction\":[{\"@type\":\"ReadAction\",\"target\":[\"https:\\\/\\\/webdelmaestrocmf.com\\\/portal\\\/guia-para-educadores-la-herramienta-facebook-para-ensenar-y-aprender\\\/\"]}]},{\"@type\":\"ImageObject\",\"inLanguage\":\"es\",\"@id\":\"https:\\\/\\\/webdelmaestrocmf.com\\\/portal\\\/guia-para-educadores-la-herramienta-facebook-para-ensenar-y-aprender\\\/#primaryimage\",\"url\":\"https:\\\/\\\/webdelmaestrocmf.com\\\/portal\\\/wp-content\\\/uploads\\\/2019\\\/09\\\/1-1.jpeg\",\"contentUrl\":\"https:\\\/\\\/webdelmaestrocmf.com\\\/portal\\\/wp-content\\\/uploads\\\/2019\\\/09\\\/1-1.jpeg\",\"width\":1100,\"height\":680},{\"@type\":\"BreadcrumbList\",\"@id\":\"https:\\\/\\\/webdelmaestrocmf.com\\\/portal\\\/guia-para-educadores-la-herramienta-facebook-para-ensenar-y-aprender\\\/#breadcrumb\",\"itemListElement\":[{\"@type\":\"ListItem\",\"position\":1,\"name\":\"Portada\",\"item\":\"https:\\\/\\\/webdelmaestrocmf.com\\\/portal\\\/\"},{\"@type\":\"ListItem\",\"position\":2,\"name\":\"Tecnolog\u00eda\",\"item\":\"https:\\\/\\\/webdelmaestrocmf.com\\\/portal\\\/category\\\/tecnologia\\\/\"},{\"@type\":\"ListItem\",\"position\":3,\"name\":\"Redes Sociales\",\"item\":\"https:\\\/\\\/webdelmaestrocmf.com\\\/portal\\\/category\\\/tecnologia\\\/redes-sociales\\\/\"},{\"@type\":\"ListItem\",\"position\":4,\"name\":\"Gu\u00eda para Educadores: La herramienta Facebook para ense\u00f1ar y aprender\"}]},{\"@type\":\"WebSite\",\"@id\":\"https:\\\/\\\/webdelmaestrocmf.com\\\/portal\\\/#website\",\"url\":\"https:\\\/\\\/webdelmaestrocmf.com\\\/portal\\\/\",\"name\":\"Web del Maestro CMF\",\"description\":\"Maestros al servicio de la educaci\u00f3n\",\"publisher\":{\"@id\":\"https:\\\/\\\/webdelmaestrocmf.com\\\/portal\\\/#organization\"},\"alternateName\":\"WMCMF\",\"potentialAction\":[{\"@type\":\"SearchAction\",\"target\":{\"@type\":\"EntryPoint\",\"urlTemplate\":\"https:\\\/\\\/webdelmaestrocmf.com\\\/portal\\\/?s={search_term_string}\"},\"query-input\":{\"@type\":\"PropertyValueSpecification\",\"valueRequired\":true,\"valueName\":\"search_term_string\"}}],\"inLanguage\":\"es\"},{\"@type\":\"Organization\",\"@id\":\"https:\\\/\\\/webdelmaestrocmf.com\\\/portal\\\/#organization\",\"name\":\"Web del Maestro CMF\",\"alternateName\":\"WMCMF\",\"url\":\"https:\\\/\\\/webdelmaestrocmf.com\\\/portal\\\/\",\"logo\":{\"@type\":\"ImageObject\",\"inLanguage\":\"es\",\"@id\":\"https:\\\/\\\/webdelmaestrocmf.com\\\/portal\\\/#\\\/schema\\\/logo\\\/image\\\/\",\"url\":\"https:\\\/\\\/webdelmaestrocmf.com\\\/portal\\\/wp-content\\\/uploads\\\/2023\\\/01\\\/logo-wmcmf-2.png\",\"contentUrl\":\"https:\\\/\\\/webdelmaestrocmf.com\\\/portal\\\/wp-content\\\/uploads\\\/2023\\\/01\\\/logo-wmcmf-2.png\",\"width\":200,\"height\":60,\"caption\":\"Web del Maestro CMF\"},\"image\":{\"@id\":\"https:\\\/\\\/webdelmaestrocmf.com\\\/portal\\\/#\\\/schema\\\/logo\\\/image\\\/\"},\"sameAs\":[\"https:\\\/\\\/www.facebook.com\\\/WebdelMaestroCMF\\\/\",\"https:\\\/\\\/x.com\\\/cmf_w\",\"https:\\\/\\\/www.pinterest.com\\\/WMCMF\\\/\",\"https:\\\/\\\/www.linkedin.com\\\/company\\\/web-del-maestro-cmf\\\/\",\"https:\\\/\\\/www.instagram.com\\\/wmcmf\\\/\",\"https:\\\/\\\/www.youtube.com\\\/channel\\\/UCDPSvjbdodE5sHnC3OxutHw\",\"https:\\\/\\\/mastodon.social\\\/@wmcmf\",\"https:\\\/\\\/www.tiktok.com\\\/@webdelmaestrocmf\"]},{\"@type\":\"Person\",\"@id\":\"https:\\\/\\\/webdelmaestrocmf.com\\\/portal\\\/#\\\/schema\\\/person\\\/1072a2ed7bd960df8ef99a551fa35dc5\",\"name\":\"Web del Maestro CMF\",\"image\":{\"@type\":\"ImageObject\",\"inLanguage\":\"es\",\"@id\":\"https:\\\/\\\/secure.gravatar.com\\\/avatar\\\/23291dd5b5ae1077dcff3dbb04c3e02bd28403fa75af6d8787d5e97c5bbbe30b?s=96&d=mm&r=g\",\"url\":\"https:\\\/\\\/secure.gravatar.com\\\/avatar\\\/23291dd5b5ae1077dcff3dbb04c3e02bd28403fa75af6d8787d5e97c5bbbe30b?s=96&d=mm&r=g\",\"contentUrl\":\"https:\\\/\\\/secure.gravatar.com\\\/avatar\\\/23291dd5b5ae1077dcff3dbb04c3e02bd28403fa75af6d8787d5e97c5bbbe30b?s=96&d=mm&r=g\",\"caption\":\"Web del Maestro CMF\"},\"description\":\"Esta Web se cre\u00f3 sin fines de lucro, con fines educativos, cient\u00edficos y acad\u00e9micos, para personas que tengan dificultades y\\\/o inconvenientes en visualizar el material original. El objetivo es entregar recursos, compartir experiencias y materiales que ayuden a los padres de familia, maestros y estudiantes en su actualizaci\u00f3n y formaci\u00f3n permanente, en bien de la Educaci\u00f3n.\",\"sameAs\":[\"http:\\\/\\\/webdelmaestrocmf.com\\\/portal\",\"https:\\\/\\\/www.facebook.com\\\/WebdelMaestroCMF\\\/\",\"https:\\\/\\\/www.instagram.com\\\/wmcmf\\\/\",\"https:\\\/\\\/cl.linkedin.com\\\/company\\\/web-del-maestro-cmf\",\"https:\\\/\\\/www.pinterest.com\\\/WMCMF\\\/publicaciones\\\/\",\"https:\\\/\\\/x.com\\\/cmf_w\",\"https:\\\/\\\/www.youtube.com\\\/@WMCMF\"]}]}<\/script>\n<!-- \/ Yoast SEO plugin. -->","yoast_head_json":{"title":"Gu\u00eda para Educadores: La herramienta Facebook para ense\u00f1ar y aprender - 2026","description":"Comunidad de Maestros, Docentes y Profesores, en donde encontrar\u00e1s material, informaci\u00f3n y noticias del \u00e1mbito nacional y mundial.","robots":{"index":"index","follow":"follow","max-snippet":"max-snippet:-1","max-image-preview":"max-image-preview:large","max-video-preview":"max-video-preview:-1"},"canonical":"https:\/\/webdelmaestrocmf.com\/portal\/guia-para-educadores-la-herramienta-facebook-para-ensenar-y-aprender\/","og_locale":"es_ES","og_type":"article","og_title":"Gu\u00eda para Educadores: La herramienta Facebook para ense\u00f1ar y aprender - 2026","og_description":"Comunidad de Maestros, Docentes y Profesores, en donde encontrar\u00e1s material, informaci\u00f3n y noticias del \u00e1mbito nacional y mundial.","og_url":"https:\/\/webdelmaestrocmf.com\/portal\/guia-para-educadores-la-herramienta-facebook-para-ensenar-y-aprender\/","og_site_name":"Web del Maestro CMF","article_publisher":"https:\/\/www.facebook.com\/WebdelMaestroCMF\/","article_author":"https:\/\/www.facebook.com\/WebdelMaestroCMF\/","article_published_time":"2020-01-05T16:40:38+00:00","article_modified_time":"2020-03-19T21:29:10+00:00","og_image":[{"width":1100,"height":680,"url":"https:\/\/i0.wp.com\/webdelmaestrocmf.com\/portal\/wp-content\/uploads\/2019\/09\/1-1.jpeg?fit=1100%2C680&ssl=1","type":"image\/jpeg"}],"author":"Web del Maestro CMF","twitter_card":"summary_large_image","twitter_creator":"@cmf_w","twitter_site":"@cmf_w","schema":{"@context":"https:\/\/schema.org","@graph":[{"@type":"ScholarlyArticle","@id":"https:\/\/webdelmaestrocmf.com\/portal\/guia-para-educadores-la-herramienta-facebook-para-ensenar-y-aprender\/#article","isPartOf":{"@id":"https:\/\/webdelmaestrocmf.com\/portal\/guia-para-educadores-la-herramienta-facebook-para-ensenar-y-aprender\/"},"author":{"name":"Web del Maestro CMF","@id":"https:\/\/webdelmaestrocmf.com\/portal\/#\/schema\/person\/1072a2ed7bd960df8ef99a551fa35dc5"},"headline":"Gu\u00eda para Educadores: La herramienta Facebook para ense\u00f1ar y aprender","datePublished":"2020-01-05T16:40:38+00:00","dateModified":"2020-03-19T21:29:10+00:00","mainEntityOfPage":{"@id":"https:\/\/webdelmaestrocmf.com\/portal\/guia-para-educadores-la-herramienta-facebook-para-ensenar-y-aprender\/"},"wordCount":939,"commentCount":0,"publisher":{"@id":"https:\/\/webdelmaestrocmf.com\/portal\/#organization"},"image":{"@id":"https:\/\/webdelmaestrocmf.com\/portal\/guia-para-educadores-la-herramienta-facebook-para-ensenar-y-aprender\/#primaryimage"},"thumbnailUrl":"https:\/\/webdelmaestrocmf.com\/portal\/wp-content\/uploads\/2019\/09\/1-1.jpeg","keywords":["Aprender","Educadores","ENSE\u00d1AR","Facebook","GU\u00cdA","HERRAMIENTA"],"articleSection":["Redes Sociales","Tecnolog\u00eda"],"inLanguage":"es","potentialAction":[{"@type":"CommentAction","name":"Comment","target":["https:\/\/webdelmaestrocmf.com\/portal\/guia-para-educadores-la-herramienta-facebook-para-ensenar-y-aprender\/#respond"]}]},{"@type":"WebPage","@id":"https:\/\/webdelmaestrocmf.com\/portal\/guia-para-educadores-la-herramienta-facebook-para-ensenar-y-aprender\/","url":"https:\/\/webdelmaestrocmf.com\/portal\/guia-para-educadores-la-herramienta-facebook-para-ensenar-y-aprender\/","name":"Gu\u00eda para Educadores: La herramienta Facebook para ense\u00f1ar y aprender - 2026","isPartOf":{"@id":"https:\/\/webdelmaestrocmf.com\/portal\/#website"},"primaryImageOfPage":{"@id":"https:\/\/webdelmaestrocmf.com\/portal\/guia-para-educadores-la-herramienta-facebook-para-ensenar-y-aprender\/#primaryimage"},"image":{"@id":"https:\/\/webdelmaestrocmf.com\/portal\/guia-para-educadores-la-herramienta-facebook-para-ensenar-y-aprender\/#primaryimage"},"thumbnailUrl":"https:\/\/webdelmaestrocmf.com\/portal\/wp-content\/uploads\/2019\/09\/1-1.jpeg","datePublished":"2020-01-05T16:40:38+00:00","dateModified":"2020-03-19T21:29:10+00:00","description":"Comunidad de Maestros, Docentes y Profesores, en donde encontrar\u00e1s material, informaci\u00f3n y noticias del \u00e1mbito nacional y mundial.","breadcrumb":{"@id":"https:\/\/webdelmaestrocmf.com\/portal\/guia-para-educadores-la-herramienta-facebook-para-ensenar-y-aprender\/#breadcrumb"},"inLanguage":"es","potentialAction":[{"@type":"ReadAction","target":["https:\/\/webdelmaestrocmf.com\/portal\/guia-para-educadores-la-herramienta-facebook-para-ensenar-y-aprender\/"]}]},{"@type":"ImageObject","inLanguage":"es","@id":"https:\/\/webdelmaestrocmf.com\/portal\/guia-para-educadores-la-herramienta-facebook-para-ensenar-y-aprender\/#primaryimage","url":"https:\/\/webdelmaestrocmf.com\/portal\/wp-content\/uploads\/2019\/09\/1-1.jpeg","contentUrl":"https:\/\/webdelmaestrocmf.com\/portal\/wp-content\/uploads\/2019\/09\/1-1.jpeg","width":1100,"height":680},{"@type":"BreadcrumbList","@id":"https:\/\/webdelmaestrocmf.com\/portal\/guia-para-educadores-la-herramienta-facebook-para-ensenar-y-aprender\/#breadcrumb","itemListElement":[{"@type":"ListItem","position":1,"name":"Portada","item":"https:\/\/webdelmaestrocmf.com\/portal\/"},{"@type":"ListItem","position":2,"name":"Tecnolog\u00eda","item":"https:\/\/webdelmaestrocmf.com\/portal\/category\/tecnologia\/"},{"@type":"ListItem","position":3,"name":"Redes Sociales","item":"https:\/\/webdelmaestrocmf.com\/portal\/category\/tecnologia\/redes-sociales\/"},{"@type":"ListItem","position":4,"name":"Gu\u00eda para Educadores: La herramienta Facebook para ense\u00f1ar y aprender"}]},{"@type":"WebSite","@id":"https:\/\/webdelmaestrocmf.com\/portal\/#website","url":"https:\/\/webdelmaestrocmf.com\/portal\/","name":"Web del Maestro CMF","description":"Maestros al servicio de la educaci\u00f3n","publisher":{"@id":"https:\/\/webdelmaestrocmf.com\/portal\/#organization"},"alternateName":"WMCMF","potentialAction":[{"@type":"SearchAction","target":{"@type":"EntryPoint","urlTemplate":"https:\/\/webdelmaestrocmf.com\/portal\/?s={search_term_string}"},"query-input":{"@type":"PropertyValueSpecification","valueRequired":true,"valueName":"search_term_string"}}],"inLanguage":"es"},{"@type":"Organization","@id":"https:\/\/webdelmaestrocmf.com\/portal\/#organization","name":"Web del Maestro CMF","alternateName":"WMCMF","url":"https:\/\/webdelmaestrocmf.com\/portal\/","logo":{"@type":"ImageObject","inLanguage":"es","@id":"https:\/\/webdelmaestrocmf.com\/portal\/#\/schema\/logo\/image\/","url":"https:\/\/webdelmaestrocmf.com\/portal\/wp-content\/uploads\/2023\/01\/logo-wmcmf-2.png","contentUrl":"https:\/\/webdelmaestrocmf.com\/portal\/wp-content\/uploads\/2023\/01\/logo-wmcmf-2.png","width":200,"height":60,"caption":"Web del Maestro CMF"},"image":{"@id":"https:\/\/webdelmaestrocmf.com\/portal\/#\/schema\/logo\/image\/"},"sameAs":["https:\/\/www.facebook.com\/WebdelMaestroCMF\/","https:\/\/x.com\/cmf_w","https:\/\/www.pinterest.com\/WMCMF\/","https:\/\/www.linkedin.com\/company\/web-del-maestro-cmf\/","https:\/\/www.instagram.com\/wmcmf\/","https:\/\/www.youtube.com\/channel\/UCDPSvjbdodE5sHnC3OxutHw","https:\/\/mastodon.social\/@wmcmf","https:\/\/www.tiktok.com\/@webdelmaestrocmf"]},{"@type":"Person","@id":"https:\/\/webdelmaestrocmf.com\/portal\/#\/schema\/person\/1072a2ed7bd960df8ef99a551fa35dc5","name":"Web del Maestro CMF","image":{"@type":"ImageObject","inLanguage":"es","@id":"https:\/\/secure.gravatar.com\/avatar\/23291dd5b5ae1077dcff3dbb04c3e02bd28403fa75af6d8787d5e97c5bbbe30b?s=96&d=mm&r=g","url":"https:\/\/secure.gravatar.com\/avatar\/23291dd5b5ae1077dcff3dbb04c3e02bd28403fa75af6d8787d5e97c5bbbe30b?s=96&d=mm&r=g","contentUrl":"https:\/\/secure.gravatar.com\/avatar\/23291dd5b5ae1077dcff3dbb04c3e02bd28403fa75af6d8787d5e97c5bbbe30b?s=96&d=mm&r=g","caption":"Web del Maestro CMF"},"description":"Esta Web se cre\u00f3 sin fines de lucro, con fines educativos, cient\u00edficos y acad\u00e9micos, para personas que tengan dificultades y\/o inconvenientes en visualizar el material original. El objetivo es entregar recursos, compartir experiencias y materiales que ayuden a los padres de familia, maestros y estudiantes en su actualizaci\u00f3n y formaci\u00f3n permanente, en bien de la Educaci\u00f3n.","sameAs":["http:\/\/webdelmaestrocmf.com\/portal","https:\/\/www.facebook.com\/WebdelMaestroCMF\/","https:\/\/www.instagram.com\/wmcmf\/","https:\/\/cl.linkedin.com\/company\/web-del-maestro-cmf","https:\/\/www.pinterest.com\/WMCMF\/publicaciones\/","https:\/\/x.com\/cmf_w","https:\/\/www.youtube.com\/@WMCMF"]}]}},"jetpack_featured_media_url":"https:\/\/webdelmaestrocmf.com\/portal\/wp-content\/uploads\/2019\/09\/1-1.jpeg","jetpack_sharing_enabled":true,"jetpack-related-posts":[{"id":58042,"url":"https:\/\/webdelmaestrocmf.com\/portal\/curso-gratuito-para-docentes-como-ensenar-por-facebook\/","url_meta":{"origin":39945,"position":0},"title":"Curso gratuito para docentes: \u00bfC\u00f3mo ense\u00f1ar por Facebook?","author":"Web del Maestro CMF","date":"19 enero, 2021","format":false,"excerpt":"Aprende a utilizar Facebook para ense\u00f1ar a tus estudiantes. M\u00e1s all\u00e1 de ser una red social esta herramienta facilita la comunicaci\u00f3n, la interacci\u00f3n, el intercambio de ideas y la organizaci\u00f3n de tus clases logrando que el aprendizaje sea a\u00fan m\u00e1s divertido. Tus estudiantes est\u00e1n en Facebook, los padres de tus\u2026","rel":"","context":"En \u00abCursos\u00bb","block_context":{"text":"Cursos","link":"https:\/\/webdelmaestrocmf.com\/portal\/category\/cursos\/"},"img":{"alt_text":"","src":"https:\/\/i0.wp.com\/webdelmaestrocmf.com\/portal\/wp-content\/uploads\/2021\/01\/1-copia-114.jpg?resize=350%2C200&ssl=1","width":350,"height":200,"srcset":"https:\/\/i0.wp.com\/webdelmaestrocmf.com\/portal\/wp-content\/uploads\/2021\/01\/1-copia-114.jpg?resize=350%2C200&ssl=1 1x, https:\/\/i0.wp.com\/webdelmaestrocmf.com\/portal\/wp-content\/uploads\/2021\/01\/1-copia-114.jpg?resize=525%2C300&ssl=1 1.5x, https:\/\/i0.wp.com\/webdelmaestrocmf.com\/portal\/wp-content\/uploads\/2021\/01\/1-copia-114.jpg?resize=700%2C400&ssl=1 2x, https:\/\/i0.wp.com\/webdelmaestrocmf.com\/portal\/wp-content\/uploads\/2021\/01\/1-copia-114.jpg?resize=1050%2C600&ssl=1 3x"},"classes":[]},{"id":47177,"url":"https:\/\/webdelmaestrocmf.com\/portal\/ya-esta-disponible-messenger-rooms-de-facebook-servicio-de-videollamada-de-hasta-50-personas-aprenda-a-utilizar-esta-herramienta-para-sus-clases-virtuales-aqui\/","url_meta":{"origin":39945,"position":1},"title":"Ya est\u00e1 disponible \u00abMessenger Rooms\u00bb de Facebook, servicio de videollamada de hasta 50 personas. Aprenda a utilizar esta herramienta para sus clases virtuales aqu\u00ed","author":"Web del Maestro CMF","date":"14 mayo, 2020","format":false,"excerpt":"El servicio unir\u00e1\u00a0Facebook, Messenger, WhatsApp e Instagram\u00a0con\u00a0salas de videos de hasta 50 personas. Luego del anuncio de su salida hace algunos d\u00edas,\u00a0Facebook\u00a0ha lanzado la opci\u00f3n\u00a0Messenger Rooms\u00a0para todo el mundo. En medio de un contexto de cuarentena y en el que los docentes y alumnos necesitan estar conectadas ya no solo\u2026","rel":"","context":"En \u00abRedes Sociales\u00bb","block_context":{"text":"Redes Sociales","link":"https:\/\/webdelmaestrocmf.com\/portal\/category\/tecnologia\/redes-sociales\/"},"img":{"alt_text":"","src":"https:\/\/i0.wp.com\/webdelmaestrocmf.com\/portal\/wp-content\/uploads\/2020\/05\/1a-30.jpg?resize=350%2C200&ssl=1","width":350,"height":200,"srcset":"https:\/\/i0.wp.com\/webdelmaestrocmf.com\/portal\/wp-content\/uploads\/2020\/05\/1a-30.jpg?resize=350%2C200&ssl=1 1x, https:\/\/i0.wp.com\/webdelmaestrocmf.com\/portal\/wp-content\/uploads\/2020\/05\/1a-30.jpg?resize=525%2C300&ssl=1 1.5x, https:\/\/i0.wp.com\/webdelmaestrocmf.com\/portal\/wp-content\/uploads\/2020\/05\/1a-30.jpg?resize=700%2C400&ssl=1 2x, https:\/\/i0.wp.com\/webdelmaestrocmf.com\/portal\/wp-content\/uploads\/2020\/05\/1a-30.jpg?resize=1050%2C600&ssl=1 3x"},"classes":[]},{"id":50632,"url":"https:\/\/webdelmaestrocmf.com\/portal\/como-hacer-clases-virtuales-por-facebook-con-sus-herramientas-de-videollamadas-transmisiones-en-vivo-grupos-chat-encuestas-preguntas-galerias-y-mucho-mas\/","url_meta":{"origin":39945,"position":2},"title":"C\u00f3mo hacer clases virtuales por Facebook con sus herramientas de videollamadas, transmisiones en vivo, grupos, chat, encuestas, preguntas, galer\u00edas y mucho m\u00e1s","author":"Web del Maestro CMF","date":"30 agosto, 2020","format":false,"excerpt":"La idea de introducir Facebook dentro de un entorno virtual educativo, puede tener muchas ventajas. Una opci\u00f3n interesante que supera algunos de estos retos es la creaci\u00f3n de un grupo o varios grupos cerrados en Facebook, pues la configuraci\u00f3n de un grupo no requiere de la amistad entre sus miembros,\u2026","rel":"","context":"En \u00abRedes Sociales\u00bb","block_context":{"text":"Redes Sociales","link":"https:\/\/webdelmaestrocmf.com\/portal\/category\/tecnologia\/redes-sociales\/"},"img":{"alt_text":"","src":"https:\/\/i0.wp.com\/webdelmaestrocmf.com\/portal\/wp-content\/uploads\/2020\/08\/1-copia-75.jpg?resize=350%2C200&ssl=1","width":350,"height":200,"srcset":"https:\/\/i0.wp.com\/webdelmaestrocmf.com\/portal\/wp-content\/uploads\/2020\/08\/1-copia-75.jpg?resize=350%2C200&ssl=1 1x, https:\/\/i0.wp.com\/webdelmaestrocmf.com\/portal\/wp-content\/uploads\/2020\/08\/1-copia-75.jpg?resize=525%2C300&ssl=1 1.5x, https:\/\/i0.wp.com\/webdelmaestrocmf.com\/portal\/wp-content\/uploads\/2020\/08\/1-copia-75.jpg?resize=700%2C400&ssl=1 2x, https:\/\/i0.wp.com\/webdelmaestrocmf.com\/portal\/wp-content\/uploads\/2020\/08\/1-copia-75.jpg?resize=1050%2C600&ssl=1 3x"},"classes":[]},{"id":17064,"url":"https:\/\/webdelmaestrocmf.com\/portal\/ayuda-docente-20-paginas-educativas-facebook-debes-seguir\/","url_meta":{"origin":39945,"position":3},"title":"60 enlaces y canales educativos en Facebook, Twitter y YouTube que todo docente debe seguir","author":"Web del Maestro CMF","date":"24 marzo, 2020","format":false,"excerpt":"Cuando hablamos de Redes Sociales, se nos viene a la mente Facebook, Twitter o YouTube. Hoy en d\u00eda las redes sociales son herramientas clave para la comunicaci\u00f3n en muchos \u00e1mbitos, incluyendo el educativo. Con cerca de 200\u00a0millones\u00a0de usuarios, Facebook sigue siendo la principal red social en estos momentos. Donde tiene\u2026","rel":"","context":"En \u00abRedes Sociales\u00bb","block_context":{"text":"Redes Sociales","link":"https:\/\/webdelmaestrocmf.com\/portal\/category\/tecnologia\/redes-sociales\/"},"img":{"alt_text":"","src":"https:\/\/i0.wp.com\/webdelmaestrocmf.com\/portal\/wp-content\/uploads\/2018\/09\/4a.jpg?resize=350%2C200&ssl=1","width":350,"height":200,"srcset":"https:\/\/i0.wp.com\/webdelmaestrocmf.com\/portal\/wp-content\/uploads\/2018\/09\/4a.jpg?resize=350%2C200&ssl=1 1x, https:\/\/i0.wp.com\/webdelmaestrocmf.com\/portal\/wp-content\/uploads\/2018\/09\/4a.jpg?resize=525%2C300&ssl=1 1.5x, https:\/\/i0.wp.com\/webdelmaestrocmf.com\/portal\/wp-content\/uploads\/2018\/09\/4a.jpg?resize=700%2C400&ssl=1 2x, https:\/\/i0.wp.com\/webdelmaestrocmf.com\/portal\/wp-content\/uploads\/2018\/09\/4a.jpg?resize=1050%2C600&ssl=1 3x"},"classes":[]},{"id":30693,"url":"https:\/\/webdelmaestrocmf.com\/portal\/maria-palacios-conectar-con-nuestros-estudiantes\/","url_meta":{"origin":39945,"position":4},"title":"[Mar\u00eda Palacios] Conectar con nuestros estudiantes","author":"Web del Maestro CMF","date":"21 agosto, 2018","format":false,"excerpt":"Actualmente, hablamos de innovaci\u00f3n, tecnolog\u00edas, nuevos paradigmas en la educaci\u00f3n, entre otros temas que nos han llevado a reflexionar sobre nuestra pr\u00e1ctica educativa y asumir nuevos retos y desaf\u00edos. Por eso, la tecnolog\u00eda debe considerarse una aliada para desarrollar habilidades y competencias en el proceso de aprendizaje de los estudiantes,\u2026","rel":"","context":"En \u00abZ-Colaboradores\u00bb","block_context":{"text":"Z-Colaboradores","link":"https:\/\/webdelmaestrocmf.com\/portal\/category\/colaborador\/"},"img":{"alt_text":"","src":"https:\/\/i0.wp.com\/webdelmaestrocmf.com\/portal\/wp-content\/uploads\/2018\/08\/1-84.jpg?resize=350%2C200&ssl=1","width":350,"height":200,"srcset":"https:\/\/i0.wp.com\/webdelmaestrocmf.com\/portal\/wp-content\/uploads\/2018\/08\/1-84.jpg?resize=350%2C200&ssl=1 1x, https:\/\/i0.wp.com\/webdelmaestrocmf.com\/portal\/wp-content\/uploads\/2018\/08\/1-84.jpg?resize=525%2C300&ssl=1 1.5x, https:\/\/i0.wp.com\/webdelmaestrocmf.com\/portal\/wp-content\/uploads\/2018\/08\/1-84.jpg?resize=700%2C400&ssl=1 2x, https:\/\/i0.wp.com\/webdelmaestrocmf.com\/portal\/wp-content\/uploads\/2018\/08\/1-84.jpg?resize=1050%2C600&ssl=1 3x"},"classes":[]},{"id":58258,"url":"https:\/\/webdelmaestrocmf.com\/portal\/curso-tutorial-de-como-usar-facebook-messenger-rooms\/","url_meta":{"origin":39945,"position":5},"title":"Curso de Messenger Rooms y c\u00f3mo aplicarlo en las clases virtuales (Tutoriales para el autoaprendizaje)","author":"Web del Maestro CMF","date":"23 enero, 2021","format":false,"excerpt":"Aprende a utilizar y manejar correctamente la aplicaci\u00f3n de mensajer\u00eda de Facebook, bien sea para comunicarte con los que m\u00e1s quieres, para potenciar tu negocio o para comunicarte con tus alumnos. Al final de este curso, podr\u00e1s utilizar y manejar correctamente la aplicaci\u00f3n de mensajer\u00eda Facebook Messenger. Adem\u00e1s, conocer\u00e1s las\u2026","rel":"","context":"En \u00abCursos\u00bb","block_context":{"text":"Cursos","link":"https:\/\/webdelmaestrocmf.com\/portal\/category\/cursos\/"},"img":{"alt_text":"","src":"https:\/\/i0.wp.com\/webdelmaestrocmf.com\/portal\/wp-content\/uploads\/2021\/01\/2-39.jpg?resize=350%2C200&ssl=1","width":350,"height":200,"srcset":"https:\/\/i0.wp.com\/webdelmaestrocmf.com\/portal\/wp-content\/uploads\/2021\/01\/2-39.jpg?resize=350%2C200&ssl=1 1x, https:\/\/i0.wp.com\/webdelmaestrocmf.com\/portal\/wp-content\/uploads\/2021\/01\/2-39.jpg?resize=525%2C300&ssl=1 1.5x, https:\/\/i0.wp.com\/webdelmaestrocmf.com\/portal\/wp-content\/uploads\/2021\/01\/2-39.jpg?resize=700%2C400&ssl=1 2x, https:\/\/i0.wp.com\/webdelmaestrocmf.com\/portal\/wp-content\/uploads\/2021\/01\/2-39.jpg?resize=1050%2C600&ssl=1 3x"},"classes":[]}],"_links":{"self":[{"href":"https:\/\/webdelmaestrocmf.com\/portal\/wp-json\/wp\/v2\/posts\/39945","targetHints":{"allow":["GET"]}}],"collection":[{"href":"https:\/\/webdelmaestrocmf.com\/portal\/wp-json\/wp\/v2\/posts"}],"about":[{"href":"https:\/\/webdelmaestrocmf.com\/portal\/wp-json\/wp\/v2\/types\/post"}],"author":[{"embeddable":true,"href":"https:\/\/webdelmaestrocmf.com\/portal\/wp-json\/wp\/v2\/users\/1"}],"replies":[{"embeddable":true,"href":"https:\/\/webdelmaestrocmf.com\/portal\/wp-json\/wp\/v2\/comments?post=39945"}],"version-history":[{"count":0,"href":"https:\/\/webdelmaestrocmf.com\/portal\/wp-json\/wp\/v2\/posts\/39945\/revisions"}],"wp:featuredmedia":[{"embeddable":true,"href":"https:\/\/webdelmaestrocmf.com\/portal\/wp-json\/wp\/v2\/media\/45638"}],"wp:attachment":[{"href":"https:\/\/webdelmaestrocmf.com\/portal\/wp-json\/wp\/v2\/media?parent=39945"}],"wp:term":[{"taxonomy":"category","embeddable":true,"href":"https:\/\/webdelmaestrocmf.com\/portal\/wp-json\/wp\/v2\/categories?post=39945"},{"taxonomy":"post_tag","embeddable":true,"href":"https:\/\/webdelmaestrocmf.com\/portal\/wp-json\/wp\/v2\/tags?post=39945"}],"curies":[{"name":"wp","href":"https:\/\/api.w.org\/{rel}","templated":true}]}}