{"id":39773,"date":"2023-05-19T18:39:39","date_gmt":"2023-05-19T22:39:39","guid":{"rendered":"http:\/\/webdelmaestrocmf.com\/portal\/?p=39773"},"modified":"2023-08-27T02:26:45","modified_gmt":"2023-08-27T06:26:45","slug":"los-ninos-que-se-sienten-amados-se-vuelven-adultos-que-saben-amar","status":"publish","type":"post","link":"https:\/\/webdelmaestrocmf.com\/portal\/los-ninos-que-se-sienten-amados-se-vuelven-adultos-que-saben-amar\/","title":{"rendered":"Los ni\u00f1os que se sienten amados se vuelven adultos que saben amar"},"content":{"rendered":"<h5 style=\"text-align: justify;\">El amor es una de las emociones humanas m\u00e1s presentes en el d\u00eda a d\u00eda del ser humano.\u00a0<strong>El cerebro humano se rige por el amor<\/strong>. <strong>Somos criaturas sociales<\/strong>, nuestros neurotransmisores y nuestras estructuras neuronales se desarrollan en base a nuestras interacciones cotidianas con quienes nos rodean.<\/h5>\n<p><!--more--><\/p>\n<h5 style=\"text-align: justify;\"><strong>Necesitamos\u00a0afecto<\/strong>\u00a0para crecer, seguridad para desarrollarnos y la atenci\u00f3n de unos padres que saben atender cuando el ni\u00f1o lo necesita.<\/h5>\n<p style=\"text-align: justify;\">El amor no es cualquier cosa. Se trata de un sentimiento poderoso capaz de potenciar lo mejor del ser humano en la vida.<\/p>\n<p style=\"text-align: justify;\">A continuaci\u00f3n compartimos con fines educativos la publicaci\u00f3n del blog <a href=\"http:\/\/www.miraquevideo.com\" target=\"_blank\" rel=\"noopener noreferrer\"><strong>Mira que video<\/strong><\/a> donde comparten una reflexi\u00f3n para todos los padres de familia.<\/p>\n<h5 class=\"video_detail\">Los ni\u00f1os que se sienten amados se vuelven adultos que saben amar<\/h5>\n<p style=\"text-align: justify;\">Nuestra capacidad de amar depende del ambiente afectivo en el cual transcurrimos los primeros a\u00f1os de vida. Es propio durante la infancia que se crea un\u00a0<strong>mapa conceptual entre mente y cuerpo\u00a0<\/strong>que influira sobre nuestra capacidad de amar y de probar emociones.<\/p>\n<p style=\"text-align: justify;\">Aquello que nos rodea durante la infancia dejara una marca que durara toda la vida y desde la cual dependera nuestra actitud a crear relaciones emocionales y sociales. Y esto vale sobre todo para la capacidad de amar y de ser amados.<\/p>\n<p><img loading=\"lazy\" decoding=\"async\" class=\"alignnone wp-image-39776 size-full\" src=\"http:\/\/webdelmaestrocmf.com\/portal\/wp-content\/uploads\/2019\/09\/1.jpg\" alt=\"\" width=\"800\" height=\"800\" srcset=\"https:\/\/webdelmaestrocmf.com\/portal\/wp-content\/uploads\/2019\/09\/1.jpg 800w, https:\/\/webdelmaestrocmf.com\/portal\/wp-content\/uploads\/2019\/09\/1-150x150.jpg 150w, https:\/\/webdelmaestrocmf.com\/portal\/wp-content\/uploads\/2019\/09\/1-300x300.jpg 300w, https:\/\/webdelmaestrocmf.com\/portal\/wp-content\/uploads\/2019\/09\/1-768x768.jpg 768w, https:\/\/webdelmaestrocmf.com\/portal\/wp-content\/uploads\/2019\/09\/1-80x80.jpg 80w, https:\/\/webdelmaestrocmf.com\/portal\/wp-content\/uploads\/2019\/09\/1-110x110.jpg 110w, https:\/\/webdelmaestrocmf.com\/portal\/wp-content\/uploads\/2019\/09\/1-200x200.jpg 200w, https:\/\/webdelmaestrocmf.com\/portal\/wp-content\/uploads\/2019\/09\/1-380x380.jpg 380w, https:\/\/webdelmaestrocmf.com\/portal\/wp-content\/uploads\/2019\/09\/1-255x255.jpg 255w, https:\/\/webdelmaestrocmf.com\/portal\/wp-content\/uploads\/2019\/09\/1-550x550.jpg 550w\" sizes=\"auto, (max-width: 800px) 100vw, 800px\" \/><\/p>\n<p style=\"text-align: justify;\">El afecto demostrado de los padres aumenta la autoestima del ni\u00f1o y favorece el desarrollo de una personalidad armoniosa. A traves del amor, los padres transmiten como manejar los miedos, desarrollando la capacidad de adaptacion del peque\u00f1o para hacer frente a las variadas emociones.<\/p>\n<p style=\"text-align: justify;\">Realizar esto nos hace comprender la importancia de amar a nuestros hijos y de educarlos al respecto, la empatia, como conducir la rabia, la ira, la adaptabilidad, la confianza en uno mismo!<\/p>\n<h5 style=\"text-align: justify;\">Como crecer ni\u00f1os felices<\/h5>\n<p style=\"text-align: justify;\">La personalidad de un ni\u00f1o se basa sobre los procesos innatos, presentes desde su nacimiento. Estos esquemas biologicos podrian ser o no ser apropiados, entones un ambiente afectivo positivo viene a ser todavia mas importante para el sano desarrollo emocional del ni\u00f1o. A traves del amor y la educacion emocional se plasman conexiones neuronales sanas.<\/p>\n<p style=\"text-align: justify;\">Por ejemplo, si un ni\u00f1o timido y rodeado de adultos que lo protegen excesivamente, en virtud de su misma timidez, no estara en grado de superar los miedos y no aprendera a gestionar las emociones.<\/p>\n<p style=\"text-align: justify;\">Al contrario, el adulto debe favorecer un sano desarrollo psiquico y emoconal del ni\u00f1o. Aqui algunos puntos:<\/p>\n<ul style=\"text-align: justify;\">\n<li><strong>Ense\u00f1ar a los ni\u00f1os a hablar de sus emociones\u00a0<\/strong>para entender y conocerse a si mismos y a los demas. Junto a las palabras, es importante ense\u00f1ar tambien a recoger el significado de todos aquellos elementos que forman la comunicacin no verbal como la postura, las expresiones faciales, el tono de la voz.<\/li>\n<li>Para favorecer la autoestima del ni\u00f1o no confiarlo solo de elogios. Los elogios y los premiso son positivos solo si son consecuencia de resultados especificos y a la adquisici\u00f3n de nuevas habilidades.<\/li>\n<li>Los padres ense\u00f1an mucho a traves de su ejemplo. Y sabemos como a menudo los adultos estan estresados. El estres es nocivo para el ni\u00f1o pero es un elemento de la vida con que debemos hacer las cuentas. Mas que protegerlos en modo excesivo, ense\u00f1arles a afrontar las dificultados fisiologicas del ambiente en que viven y adaptarse a ella, es importante.<\/li>\n<\/ul>\n<p style=\"text-align: justify;\">Educar a los ni\u00f1os, sea para los padres que para todos los parientes o los educadores que se encuentran haciendolo, es muy complejo y las variables son muchisimas. Pero de seguro, podemos decir: si los ni\u00f1os se sienten amados &#8211; no malcriarlos! &#8211; es muy probable que tiendan a ser personas en grado de amar a su vez de ese modo.<\/p>\n<p><strong>Este contenido ha sido publicado originalmente por MIRA QUE VIDEO en la siguiente direcci\u00f3n: <a href=\"http:\/\/www.miraquevideo.com\" target=\"_blank\" rel=\"noopener noreferrer\">miraquevideo.com<\/a><\/strong><\/p>\n\t\t<div class=\"pk-inline-posts\">\n\t\t\t\n\t\t\t<div class=\"pk-inline-posts-container pk-inline-posts-template-list\"\n\t\t\t\tdata-columns=\"1\">\n\t\t\t\t\t\t<article id=\"post-118381\" class=\"post-118381 post type-post status-publish format-standard has-post-thumbnail category-bienestar-familiar category-pedagogia tag-aprendizaje tag-autonomia-3 tag-crianza-consciente tag-desarrollo-infantil tag-docentes tag-educacion-infantil tag-empatia-2 tag-funciones-ejecutivas tag-padres tag-responsabilidad cs-entry cs-video-wrap\">\n\t\t\t<div class=\"pk-post-outer\">\n\n\t\t\t\t\t\t\t\t<div class=\"pk-post-inner\">\n\t\t\t\t\t<div class=\"entry-thumbnail\">\n\t\t\t\t\t\t<div class=\"pk-overlay pk-overlay-ratio pk-ratio-landscape\">\n\t\t\t\t\t\t\t<div class=\"pk-overlay-background\">\n\t\t\t\t\t\t\t\t<a href=\"https:\/\/webdelmaestrocmf.com\/portal\/si-tu-hijo-hace-estas-3-cosas-felicidades-tienes-un-hijo-listo-para-toda-la-vida\/\" class=\"pk-overlay-link\">\n\t\t\t\t\t\t\t\t\t<img loading=\"lazy\" decoding=\"async\" width=\"300\" height=\"225\" src=\"https:\/\/webdelmaestrocmf.com\/portal\/wp-content\/uploads\/2026\/04\/1AA-Banner-1-portada-imagen-10-1-copia-3-7-300x225.webp\" class=\"attachment-pk-thumbnail size-pk-thumbnail wp-post-image\" alt=\"\" \/>\t\t\t\t\t\t\t\t<\/a>\n\t\t\t\t\t\t\t<\/div>\n\t\t\t\t\t\t<\/div>\n\t\t\t\t\t<\/div>\n\t\t\t\t<\/div>\n\t\t\t\t\n\t\t\t\t<div class=\"pk-post-inner\">\n\t\t\t\t\t<header>\n\t\t\t\t\t\t<h3 class=\"pk-title\"><a href=\"https:\/\/webdelmaestrocmf.com\/portal\/si-tu-hijo-hace-estas-3-cosas-felicidades-tienes-un-hijo-listo-para-toda-la-vida\/\" rel=\"bookmark\">Si tu hijo hace estas 3 cosas, felicidades: tienes un hijo listo para toda la vida<\/a><\/h3>\t\t\t\t\t<\/header><!-- .entry-header -->\n\t\t\t\t<\/div><!-- .post-inner -->\n\n\t\t\t<\/div><!-- .post-outer -->\n\t\t<\/article>\n\t\t\t\t<\/div>\n\t\t<\/div>\n\t\t\n","protected":false},"excerpt":{"rendered":"El amor es una de las emociones humanas m\u00e1s presentes en el d\u00eda a d\u00eda del ser humano.\u00a0El&hellip;","protected":false},"author":1,"featured_media":89155,"comment_status":"open","ping_status":"closed","sticky":false,"template":"","format":"standard","meta":{"csco_display_header_overlay":false,"csco_singular_sidebar":"default","csco_page_header_type":"default","csco_page_load_nextpost":"default","csco_post_video_location":[],"csco_post_video_location_hash":"","csco_post_video_url":"","csco_post_video_bg_start_time":0,"csco_post_video_bg_end_time":0,"csco_post_video_bg_volume":false,"_jetpack_memberships_contains_paid_content":false,"footnotes":""},"categories":[464,735],"tags":[1016,1340,4283,297,4420],"class_list":{"0":"post-39773","1":"post","2":"type-post","3":"status-publish","4":"format-standard","5":"has-post-thumbnail","7":"category-bienestar-familiar","8":"category-pedagogia","9":"tag-adultos","10":"tag-amados","11":"tag-amar","12":"tag-ninos","13":"tag-saben","14":"cs-entry","15":"cs-video-wrap"},"yoast_head":"<!-- This site is optimized with the Yoast SEO plugin v27.5 - https:\/\/yoast.com\/product\/yoast-seo-wordpress\/ -->\n<title>Los ni\u00f1os que se sienten amados se vuelven adultos que saben amar - 2026<\/title>\n<meta name=\"description\" content=\"Nuestra capacidad de amar depende del ambiente afectivo en el cual transcurrimos los primeros a\u00f1os de vida. Es propio durante la infancia...\" \/>\n<meta name=\"robots\" content=\"index, follow, max-snippet:-1, max-image-preview:large, max-video-preview:-1\" \/>\n<link rel=\"canonical\" href=\"https:\/\/webdelmaestrocmf.com\/portal\/los-ninos-que-se-sienten-amados-se-vuelven-adultos-que-saben-amar\/\" \/>\n<meta property=\"og:locale\" content=\"es_ES\" \/>\n<meta property=\"og:type\" content=\"article\" \/>\n<meta property=\"og:title\" content=\"Los ni\u00f1os que se sienten amados se vuelven adultos que saben amar - 2026\" \/>\n<meta property=\"og:description\" content=\"Nuestra capacidad de amar depende del ambiente afectivo en el cual transcurrimos los primeros a\u00f1os de vida. Es propio durante la infancia...\" \/>\n<meta property=\"og:url\" content=\"https:\/\/webdelmaestrocmf.com\/portal\/los-ninos-que-se-sienten-amados-se-vuelven-adultos-que-saben-amar\/\" \/>\n<meta property=\"og:site_name\" content=\"Web del Maestro CMF\" \/>\n<meta property=\"article:publisher\" content=\"https:\/\/www.facebook.com\/WebdelMaestroCMF\/\" \/>\n<meta property=\"article:author\" content=\"https:\/\/www.facebook.com\/WebdelMaestroCMF\/\" \/>\n<meta property=\"article:published_time\" content=\"2023-05-19T22:39:39+00:00\" \/>\n<meta property=\"article:modified_time\" content=\"2023-08-27T06:26:45+00:00\" \/>\n<meta property=\"og:image\" content=\"https:\/\/i0.wp.com\/webdelmaestrocmf.com\/portal\/wp-content\/uploads\/2019\/09\/A12B3C4D-88.jpg?fit=900%2C556&ssl=1\" \/>\n\t<meta property=\"og:image:width\" content=\"900\" \/>\n\t<meta property=\"og:image:height\" content=\"556\" \/>\n\t<meta property=\"og:image:type\" content=\"image\/jpeg\" \/>\n<meta name=\"author\" content=\"Web del Maestro CMF\" \/>\n<meta name=\"twitter:card\" content=\"summary_large_image\" \/>\n<meta name=\"twitter:creator\" content=\"@cmf_w\" \/>\n<meta name=\"twitter:site\" content=\"@cmf_w\" \/>\n<script type=\"application\/ld+json\" class=\"yoast-schema-graph\">{\"@context\":\"https:\\\/\\\/schema.org\",\"@graph\":[{\"@type\":\"ScholarlyArticle\",\"@id\":\"https:\\\/\\\/webdelmaestrocmf.com\\\/portal\\\/los-ninos-que-se-sienten-amados-se-vuelven-adultos-que-saben-amar\\\/#article\",\"isPartOf\":{\"@id\":\"https:\\\/\\\/webdelmaestrocmf.com\\\/portal\\\/los-ninos-que-se-sienten-amados-se-vuelven-adultos-que-saben-amar\\\/\"},\"author\":{\"name\":\"Web del Maestro CMF\",\"@id\":\"https:\\\/\\\/webdelmaestrocmf.com\\\/portal\\\/#\\\/schema\\\/person\\\/1072a2ed7bd960df8ef99a551fa35dc5\"},\"headline\":\"Los ni\u00f1os que se sienten amados se vuelven adultos que saben amar\",\"datePublished\":\"2023-05-19T22:39:39+00:00\",\"dateModified\":\"2023-08-27T06:26:45+00:00\",\"mainEntityOfPage\":{\"@id\":\"https:\\\/\\\/webdelmaestrocmf.com\\\/portal\\\/los-ninos-que-se-sienten-amados-se-vuelven-adultos-que-saben-amar\\\/\"},\"wordCount\":664,\"commentCount\":0,\"publisher\":{\"@id\":\"https:\\\/\\\/webdelmaestrocmf.com\\\/portal\\\/#organization\"},\"image\":{\"@id\":\"https:\\\/\\\/webdelmaestrocmf.com\\\/portal\\\/los-ninos-que-se-sienten-amados-se-vuelven-adultos-que-saben-amar\\\/#primaryimage\"},\"thumbnailUrl\":\"https:\\\/\\\/webdelmaestrocmf.com\\\/portal\\\/wp-content\\\/uploads\\\/2019\\\/09\\\/A12B3C4D-88.jpg\",\"keywords\":[\"ADULTOS\",\"amados\",\"AMAR\",\"Ni\u00f1os\",\"saben\"],\"articleSection\":[\"Bienestar Familiar\",\"Recursos\"],\"inLanguage\":\"es\",\"potentialAction\":[{\"@type\":\"CommentAction\",\"name\":\"Comment\",\"target\":[\"https:\\\/\\\/webdelmaestrocmf.com\\\/portal\\\/los-ninos-que-se-sienten-amados-se-vuelven-adultos-que-saben-amar\\\/#respond\"]}]},{\"@type\":\"WebPage\",\"@id\":\"https:\\\/\\\/webdelmaestrocmf.com\\\/portal\\\/los-ninos-que-se-sienten-amados-se-vuelven-adultos-que-saben-amar\\\/\",\"url\":\"https:\\\/\\\/webdelmaestrocmf.com\\\/portal\\\/los-ninos-que-se-sienten-amados-se-vuelven-adultos-que-saben-amar\\\/\",\"name\":\"Los ni\u00f1os que se sienten amados se vuelven adultos que saben amar - 2026\",\"isPartOf\":{\"@id\":\"https:\\\/\\\/webdelmaestrocmf.com\\\/portal\\\/#website\"},\"primaryImageOfPage\":{\"@id\":\"https:\\\/\\\/webdelmaestrocmf.com\\\/portal\\\/los-ninos-que-se-sienten-amados-se-vuelven-adultos-que-saben-amar\\\/#primaryimage\"},\"image\":{\"@id\":\"https:\\\/\\\/webdelmaestrocmf.com\\\/portal\\\/los-ninos-que-se-sienten-amados-se-vuelven-adultos-que-saben-amar\\\/#primaryimage\"},\"thumbnailUrl\":\"https:\\\/\\\/webdelmaestrocmf.com\\\/portal\\\/wp-content\\\/uploads\\\/2019\\\/09\\\/A12B3C4D-88.jpg\",\"datePublished\":\"2023-05-19T22:39:39+00:00\",\"dateModified\":\"2023-08-27T06:26:45+00:00\",\"description\":\"Nuestra capacidad de amar depende del ambiente afectivo en el cual transcurrimos los primeros a\u00f1os de vida. Es propio durante la infancia...\",\"breadcrumb\":{\"@id\":\"https:\\\/\\\/webdelmaestrocmf.com\\\/portal\\\/los-ninos-que-se-sienten-amados-se-vuelven-adultos-que-saben-amar\\\/#breadcrumb\"},\"inLanguage\":\"es\",\"potentialAction\":[{\"@type\":\"ReadAction\",\"target\":[\"https:\\\/\\\/webdelmaestrocmf.com\\\/portal\\\/los-ninos-que-se-sienten-amados-se-vuelven-adultos-que-saben-amar\\\/\"]}]},{\"@type\":\"ImageObject\",\"inLanguage\":\"es\",\"@id\":\"https:\\\/\\\/webdelmaestrocmf.com\\\/portal\\\/los-ninos-que-se-sienten-amados-se-vuelven-adultos-que-saben-amar\\\/#primaryimage\",\"url\":\"https:\\\/\\\/webdelmaestrocmf.com\\\/portal\\\/wp-content\\\/uploads\\\/2019\\\/09\\\/A12B3C4D-88.jpg\",\"contentUrl\":\"https:\\\/\\\/webdelmaestrocmf.com\\\/portal\\\/wp-content\\\/uploads\\\/2019\\\/09\\\/A12B3C4D-88.jpg\",\"width\":900,\"height\":556},{\"@type\":\"BreadcrumbList\",\"@id\":\"https:\\\/\\\/webdelmaestrocmf.com\\\/portal\\\/los-ninos-que-se-sienten-amados-se-vuelven-adultos-que-saben-amar\\\/#breadcrumb\",\"itemListElement\":[{\"@type\":\"ListItem\",\"position\":1,\"name\":\"Portada\",\"item\":\"https:\\\/\\\/webdelmaestrocmf.com\\\/portal\\\/\"},{\"@type\":\"ListItem\",\"position\":2,\"name\":\"Recursos\",\"item\":\"https:\\\/\\\/webdelmaestrocmf.com\\\/portal\\\/category\\\/pedagogia\\\/\"},{\"@type\":\"ListItem\",\"position\":3,\"name\":\"Los ni\u00f1os que se sienten amados se vuelven adultos que saben amar\"}]},{\"@type\":\"WebSite\",\"@id\":\"https:\\\/\\\/webdelmaestrocmf.com\\\/portal\\\/#website\",\"url\":\"https:\\\/\\\/webdelmaestrocmf.com\\\/portal\\\/\",\"name\":\"Web del Maestro CMF\",\"description\":\"Maestros al servicio de la educaci\u00f3n\",\"publisher\":{\"@id\":\"https:\\\/\\\/webdelmaestrocmf.com\\\/portal\\\/#organization\"},\"alternateName\":\"WMCMF\",\"potentialAction\":[{\"@type\":\"SearchAction\",\"target\":{\"@type\":\"EntryPoint\",\"urlTemplate\":\"https:\\\/\\\/webdelmaestrocmf.com\\\/portal\\\/?s={search_term_string}\"},\"query-input\":{\"@type\":\"PropertyValueSpecification\",\"valueRequired\":true,\"valueName\":\"search_term_string\"}}],\"inLanguage\":\"es\"},{\"@type\":\"Organization\",\"@id\":\"https:\\\/\\\/webdelmaestrocmf.com\\\/portal\\\/#organization\",\"name\":\"Web del Maestro CMF\",\"alternateName\":\"WMCMF\",\"url\":\"https:\\\/\\\/webdelmaestrocmf.com\\\/portal\\\/\",\"logo\":{\"@type\":\"ImageObject\",\"inLanguage\":\"es\",\"@id\":\"https:\\\/\\\/webdelmaestrocmf.com\\\/portal\\\/#\\\/schema\\\/logo\\\/image\\\/\",\"url\":\"https:\\\/\\\/webdelmaestrocmf.com\\\/portal\\\/wp-content\\\/uploads\\\/2023\\\/01\\\/logo-wmcmf-2.png\",\"contentUrl\":\"https:\\\/\\\/webdelmaestrocmf.com\\\/portal\\\/wp-content\\\/uploads\\\/2023\\\/01\\\/logo-wmcmf-2.png\",\"width\":200,\"height\":60,\"caption\":\"Web del Maestro CMF\"},\"image\":{\"@id\":\"https:\\\/\\\/webdelmaestrocmf.com\\\/portal\\\/#\\\/schema\\\/logo\\\/image\\\/\"},\"sameAs\":[\"https:\\\/\\\/www.facebook.com\\\/WebdelMaestroCMF\\\/\",\"https:\\\/\\\/x.com\\\/cmf_w\",\"https:\\\/\\\/www.pinterest.com\\\/WMCMF\\\/\",\"https:\\\/\\\/www.linkedin.com\\\/company\\\/web-del-maestro-cmf\\\/\",\"https:\\\/\\\/www.instagram.com\\\/wmcmf\\\/\",\"https:\\\/\\\/www.youtube.com\\\/channel\\\/UCDPSvjbdodE5sHnC3OxutHw\",\"https:\\\/\\\/mastodon.social\\\/@wmcmf\",\"https:\\\/\\\/www.tiktok.com\\\/@webdelmaestrocmf\"]},{\"@type\":\"Person\",\"@id\":\"https:\\\/\\\/webdelmaestrocmf.com\\\/portal\\\/#\\\/schema\\\/person\\\/1072a2ed7bd960df8ef99a551fa35dc5\",\"name\":\"Web del Maestro CMF\",\"image\":{\"@type\":\"ImageObject\",\"inLanguage\":\"es\",\"@id\":\"https:\\\/\\\/secure.gravatar.com\\\/avatar\\\/23291dd5b5ae1077dcff3dbb04c3e02bd28403fa75af6d8787d5e97c5bbbe30b?s=96&d=mm&r=g\",\"url\":\"https:\\\/\\\/secure.gravatar.com\\\/avatar\\\/23291dd5b5ae1077dcff3dbb04c3e02bd28403fa75af6d8787d5e97c5bbbe30b?s=96&d=mm&r=g\",\"contentUrl\":\"https:\\\/\\\/secure.gravatar.com\\\/avatar\\\/23291dd5b5ae1077dcff3dbb04c3e02bd28403fa75af6d8787d5e97c5bbbe30b?s=96&d=mm&r=g\",\"caption\":\"Web del Maestro CMF\"},\"description\":\"Esta Web se cre\u00f3 sin fines de lucro, con fines educativos, cient\u00edficos y acad\u00e9micos, para personas que tengan dificultades y\\\/o inconvenientes en visualizar el material original. El objetivo es entregar recursos, compartir experiencias y materiales que ayuden a los padres de familia, maestros y estudiantes en su actualizaci\u00f3n y formaci\u00f3n permanente, en bien de la Educaci\u00f3n.\",\"sameAs\":[\"http:\\\/\\\/webdelmaestrocmf.com\\\/portal\",\"https:\\\/\\\/www.facebook.com\\\/WebdelMaestroCMF\\\/\",\"https:\\\/\\\/www.instagram.com\\\/wmcmf\\\/\",\"https:\\\/\\\/cl.linkedin.com\\\/company\\\/web-del-maestro-cmf\",\"https:\\\/\\\/www.pinterest.com\\\/WMCMF\\\/publicaciones\\\/\",\"https:\\\/\\\/x.com\\\/cmf_w\",\"https:\\\/\\\/www.youtube.com\\\/@WMCMF\"]}]}<\/script>\n<!-- \/ Yoast SEO plugin. -->","yoast_head_json":{"title":"Los ni\u00f1os que se sienten amados se vuelven adultos que saben amar - 2026","description":"Nuestra capacidad de amar depende del ambiente afectivo en el cual transcurrimos los primeros a\u00f1os de vida. Es propio durante la infancia...","robots":{"index":"index","follow":"follow","max-snippet":"max-snippet:-1","max-image-preview":"max-image-preview:large","max-video-preview":"max-video-preview:-1"},"canonical":"https:\/\/webdelmaestrocmf.com\/portal\/los-ninos-que-se-sienten-amados-se-vuelven-adultos-que-saben-amar\/","og_locale":"es_ES","og_type":"article","og_title":"Los ni\u00f1os que se sienten amados se vuelven adultos que saben amar - 2026","og_description":"Nuestra capacidad de amar depende del ambiente afectivo en el cual transcurrimos los primeros a\u00f1os de vida. Es propio durante la infancia...","og_url":"https:\/\/webdelmaestrocmf.com\/portal\/los-ninos-que-se-sienten-amados-se-vuelven-adultos-que-saben-amar\/","og_site_name":"Web del Maestro CMF","article_publisher":"https:\/\/www.facebook.com\/WebdelMaestroCMF\/","article_author":"https:\/\/www.facebook.com\/WebdelMaestroCMF\/","article_published_time":"2023-05-19T22:39:39+00:00","article_modified_time":"2023-08-27T06:26:45+00:00","og_image":[{"width":900,"height":556,"url":"https:\/\/i0.wp.com\/webdelmaestrocmf.com\/portal\/wp-content\/uploads\/2019\/09\/A12B3C4D-88.jpg?fit=900%2C556&ssl=1","type":"image\/jpeg"}],"author":"Web del Maestro CMF","twitter_card":"summary_large_image","twitter_creator":"@cmf_w","twitter_site":"@cmf_w","schema":{"@context":"https:\/\/schema.org","@graph":[{"@type":"ScholarlyArticle","@id":"https:\/\/webdelmaestrocmf.com\/portal\/los-ninos-que-se-sienten-amados-se-vuelven-adultos-que-saben-amar\/#article","isPartOf":{"@id":"https:\/\/webdelmaestrocmf.com\/portal\/los-ninos-que-se-sienten-amados-se-vuelven-adultos-que-saben-amar\/"},"author":{"name":"Web del Maestro CMF","@id":"https:\/\/webdelmaestrocmf.com\/portal\/#\/schema\/person\/1072a2ed7bd960df8ef99a551fa35dc5"},"headline":"Los ni\u00f1os que se sienten amados se vuelven adultos que saben amar","datePublished":"2023-05-19T22:39:39+00:00","dateModified":"2023-08-27T06:26:45+00:00","mainEntityOfPage":{"@id":"https:\/\/webdelmaestrocmf.com\/portal\/los-ninos-que-se-sienten-amados-se-vuelven-adultos-que-saben-amar\/"},"wordCount":664,"commentCount":0,"publisher":{"@id":"https:\/\/webdelmaestrocmf.com\/portal\/#organization"},"image":{"@id":"https:\/\/webdelmaestrocmf.com\/portal\/los-ninos-que-se-sienten-amados-se-vuelven-adultos-que-saben-amar\/#primaryimage"},"thumbnailUrl":"https:\/\/webdelmaestrocmf.com\/portal\/wp-content\/uploads\/2019\/09\/A12B3C4D-88.jpg","keywords":["ADULTOS","amados","AMAR","Ni\u00f1os","saben"],"articleSection":["Bienestar Familiar","Recursos"],"inLanguage":"es","potentialAction":[{"@type":"CommentAction","name":"Comment","target":["https:\/\/webdelmaestrocmf.com\/portal\/los-ninos-que-se-sienten-amados-se-vuelven-adultos-que-saben-amar\/#respond"]}]},{"@type":"WebPage","@id":"https:\/\/webdelmaestrocmf.com\/portal\/los-ninos-que-se-sienten-amados-se-vuelven-adultos-que-saben-amar\/","url":"https:\/\/webdelmaestrocmf.com\/portal\/los-ninos-que-se-sienten-amados-se-vuelven-adultos-que-saben-amar\/","name":"Los ni\u00f1os que se sienten amados se vuelven adultos que saben amar - 2026","isPartOf":{"@id":"https:\/\/webdelmaestrocmf.com\/portal\/#website"},"primaryImageOfPage":{"@id":"https:\/\/webdelmaestrocmf.com\/portal\/los-ninos-que-se-sienten-amados-se-vuelven-adultos-que-saben-amar\/#primaryimage"},"image":{"@id":"https:\/\/webdelmaestrocmf.com\/portal\/los-ninos-que-se-sienten-amados-se-vuelven-adultos-que-saben-amar\/#primaryimage"},"thumbnailUrl":"https:\/\/webdelmaestrocmf.com\/portal\/wp-content\/uploads\/2019\/09\/A12B3C4D-88.jpg","datePublished":"2023-05-19T22:39:39+00:00","dateModified":"2023-08-27T06:26:45+00:00","description":"Nuestra capacidad de amar depende del ambiente afectivo en el cual transcurrimos los primeros a\u00f1os de vida. Es propio durante la infancia...","breadcrumb":{"@id":"https:\/\/webdelmaestrocmf.com\/portal\/los-ninos-que-se-sienten-amados-se-vuelven-adultos-que-saben-amar\/#breadcrumb"},"inLanguage":"es","potentialAction":[{"@type":"ReadAction","target":["https:\/\/webdelmaestrocmf.com\/portal\/los-ninos-que-se-sienten-amados-se-vuelven-adultos-que-saben-amar\/"]}]},{"@type":"ImageObject","inLanguage":"es","@id":"https:\/\/webdelmaestrocmf.com\/portal\/los-ninos-que-se-sienten-amados-se-vuelven-adultos-que-saben-amar\/#primaryimage","url":"https:\/\/webdelmaestrocmf.com\/portal\/wp-content\/uploads\/2019\/09\/A12B3C4D-88.jpg","contentUrl":"https:\/\/webdelmaestrocmf.com\/portal\/wp-content\/uploads\/2019\/09\/A12B3C4D-88.jpg","width":900,"height":556},{"@type":"BreadcrumbList","@id":"https:\/\/webdelmaestrocmf.com\/portal\/los-ninos-que-se-sienten-amados-se-vuelven-adultos-que-saben-amar\/#breadcrumb","itemListElement":[{"@type":"ListItem","position":1,"name":"Portada","item":"https:\/\/webdelmaestrocmf.com\/portal\/"},{"@type":"ListItem","position":2,"name":"Recursos","item":"https:\/\/webdelmaestrocmf.com\/portal\/category\/pedagogia\/"},{"@type":"ListItem","position":3,"name":"Los ni\u00f1os que se sienten amados se vuelven adultos que saben amar"}]},{"@type":"WebSite","@id":"https:\/\/webdelmaestrocmf.com\/portal\/#website","url":"https:\/\/webdelmaestrocmf.com\/portal\/","name":"Web del Maestro CMF","description":"Maestros al servicio de la educaci\u00f3n","publisher":{"@id":"https:\/\/webdelmaestrocmf.com\/portal\/#organization"},"alternateName":"WMCMF","potentialAction":[{"@type":"SearchAction","target":{"@type":"EntryPoint","urlTemplate":"https:\/\/webdelmaestrocmf.com\/portal\/?s={search_term_string}"},"query-input":{"@type":"PropertyValueSpecification","valueRequired":true,"valueName":"search_term_string"}}],"inLanguage":"es"},{"@type":"Organization","@id":"https:\/\/webdelmaestrocmf.com\/portal\/#organization","name":"Web del Maestro CMF","alternateName":"WMCMF","url":"https:\/\/webdelmaestrocmf.com\/portal\/","logo":{"@type":"ImageObject","inLanguage":"es","@id":"https:\/\/webdelmaestrocmf.com\/portal\/#\/schema\/logo\/image\/","url":"https:\/\/webdelmaestrocmf.com\/portal\/wp-content\/uploads\/2023\/01\/logo-wmcmf-2.png","contentUrl":"https:\/\/webdelmaestrocmf.com\/portal\/wp-content\/uploads\/2023\/01\/logo-wmcmf-2.png","width":200,"height":60,"caption":"Web del Maestro CMF"},"image":{"@id":"https:\/\/webdelmaestrocmf.com\/portal\/#\/schema\/logo\/image\/"},"sameAs":["https:\/\/www.facebook.com\/WebdelMaestroCMF\/","https:\/\/x.com\/cmf_w","https:\/\/www.pinterest.com\/WMCMF\/","https:\/\/www.linkedin.com\/company\/web-del-maestro-cmf\/","https:\/\/www.instagram.com\/wmcmf\/","https:\/\/www.youtube.com\/channel\/UCDPSvjbdodE5sHnC3OxutHw","https:\/\/mastodon.social\/@wmcmf","https:\/\/www.tiktok.com\/@webdelmaestrocmf"]},{"@type":"Person","@id":"https:\/\/webdelmaestrocmf.com\/portal\/#\/schema\/person\/1072a2ed7bd960df8ef99a551fa35dc5","name":"Web del Maestro CMF","image":{"@type":"ImageObject","inLanguage":"es","@id":"https:\/\/secure.gravatar.com\/avatar\/23291dd5b5ae1077dcff3dbb04c3e02bd28403fa75af6d8787d5e97c5bbbe30b?s=96&d=mm&r=g","url":"https:\/\/secure.gravatar.com\/avatar\/23291dd5b5ae1077dcff3dbb04c3e02bd28403fa75af6d8787d5e97c5bbbe30b?s=96&d=mm&r=g","contentUrl":"https:\/\/secure.gravatar.com\/avatar\/23291dd5b5ae1077dcff3dbb04c3e02bd28403fa75af6d8787d5e97c5bbbe30b?s=96&d=mm&r=g","caption":"Web del Maestro CMF"},"description":"Esta Web se cre\u00f3 sin fines de lucro, con fines educativos, cient\u00edficos y acad\u00e9micos, para personas que tengan dificultades y\/o inconvenientes en visualizar el material original. El objetivo es entregar recursos, compartir experiencias y materiales que ayuden a los padres de familia, maestros y estudiantes en su actualizaci\u00f3n y formaci\u00f3n permanente, en bien de la Educaci\u00f3n.","sameAs":["http:\/\/webdelmaestrocmf.com\/portal","https:\/\/www.facebook.com\/WebdelMaestroCMF\/","https:\/\/www.instagram.com\/wmcmf\/","https:\/\/cl.linkedin.com\/company\/web-del-maestro-cmf","https:\/\/www.pinterest.com\/WMCMF\/publicaciones\/","https:\/\/x.com\/cmf_w","https:\/\/www.youtube.com\/@WMCMF"]}]}},"jetpack_featured_media_url":"https:\/\/webdelmaestrocmf.com\/portal\/wp-content\/uploads\/2019\/09\/A12B3C4D-88.jpg","jetpack_sharing_enabled":true,"jetpack-related-posts":[{"id":59058,"url":"https:\/\/webdelmaestrocmf.com\/portal\/bernabe-tierno-la-amabilidad-acerca-los-corazones-del-educador-y-del-educando\/","url_meta":{"origin":39773,"position":0},"title":"Bernab\u00e9 Tierno: La amabilidad acerca los corazones del educador y del educando","author":"Web del Maestro CMF","date":"7 febrero, 2021","format":false,"excerpt":"\u201cNuestro tiempo de estancia en la Tierra es s\u00f3lo para aprender a amar\u201d (C. Carreto). \u201cLa amabilidad es hacer lo que m\u00e1s conviene a otra persona, seg\u00fan lo que necesita en ese momento\u201d (Antony de Mello). Amabilidad se define como \u00abcalidad de amable\u00bb, y una persona amable es aquella que\u2026","rel":"","context":"En \u00abValores\u00bb","block_context":{"text":"Valores","link":"https:\/\/webdelmaestrocmf.com\/portal\/category\/pedagogia\/valores\/"},"img":{"alt_text":"","src":"https:\/\/i0.wp.com\/webdelmaestrocmf.com\/portal\/wp-content\/uploads\/2021\/02\/1-copia-27.jpg?resize=350%2C200&ssl=1","width":350,"height":200,"srcset":"https:\/\/i0.wp.com\/webdelmaestrocmf.com\/portal\/wp-content\/uploads\/2021\/02\/1-copia-27.jpg?resize=350%2C200&ssl=1 1x, https:\/\/i0.wp.com\/webdelmaestrocmf.com\/portal\/wp-content\/uploads\/2021\/02\/1-copia-27.jpg?resize=525%2C300&ssl=1 1.5x, https:\/\/i0.wp.com\/webdelmaestrocmf.com\/portal\/wp-content\/uploads\/2021\/02\/1-copia-27.jpg?resize=700%2C400&ssl=1 2x, https:\/\/i0.wp.com\/webdelmaestrocmf.com\/portal\/wp-content\/uploads\/2021\/02\/1-copia-27.jpg?resize=1050%2C600&ssl=1 3x"},"classes":[]},{"id":89810,"url":"https:\/\/webdelmaestrocmf.com\/portal\/bernabe-tierno-para-amar-se-necesita-comprension-tolerancia-dedicacion-tiempo-imaginacion-y-esfuerzo\/","url_meta":{"origin":39773,"position":1},"title":"Bernab\u00e9 Tierno: Para ense\u00f1ar se necesita conocimiento, comprensi\u00f3n, tolerancia, dedicaci\u00f3n, tiempo, imaginaci\u00f3n y esfuerzo. No es f\u00e1cil.","author":"Web del Maestro CMF","date":"10 marzo, 2026","format":false,"excerpt":"Nada debe obstaculizar al amor. No hay nada m\u00e1s valioso ni que proporcione una vida m\u00e1s equilibrada y plena en este mundo que el tener alguien a quien cuidar, alguien de quien preocuparse.","rel":"","context":"En \u00abEntrevistas\u00bb","block_context":{"text":"Entrevistas","link":"https:\/\/webdelmaestrocmf.com\/portal\/category\/noticias\/entrevistas\/"},"img":{"alt_text":"","src":"https:\/\/i0.wp.com\/webdelmaestrocmf.com\/portal\/wp-content\/uploads\/2026\/03\/1AA-Banner-1-portada-imagen-10-1-copia-2.webp?resize=350%2C200&ssl=1","width":350,"height":200,"srcset":"https:\/\/i0.wp.com\/webdelmaestrocmf.com\/portal\/wp-content\/uploads\/2026\/03\/1AA-Banner-1-portada-imagen-10-1-copia-2.webp?resize=350%2C200&ssl=1 1x, https:\/\/i0.wp.com\/webdelmaestrocmf.com\/portal\/wp-content\/uploads\/2026\/03\/1AA-Banner-1-portada-imagen-10-1-copia-2.webp?resize=525%2C300&ssl=1 1.5x, https:\/\/i0.wp.com\/webdelmaestrocmf.com\/portal\/wp-content\/uploads\/2026\/03\/1AA-Banner-1-portada-imagen-10-1-copia-2.webp?resize=700%2C400&ssl=1 2x, https:\/\/i0.wp.com\/webdelmaestrocmf.com\/portal\/wp-content\/uploads\/2026\/03\/1AA-Banner-1-portada-imagen-10-1-copia-2.webp?resize=1050%2C600&ssl=1 3x"},"classes":[]},{"id":67285,"url":"https:\/\/webdelmaestrocmf.com\/portal\/estos-son-cinco-pilares-de-la-felicidad-en-el-nino\/","url_meta":{"origin":39773,"position":2},"title":"Estos son cinco pilares de la felicidad en el ni\u00f1o","author":"Web del Maestro CMF","date":"22 octubre, 2021","format":false,"excerpt":"Alberto Guzm\u00e1n Ortega es Psic\u00f3logo y Terapeuta de Conducta. Su actividad profesional se viene desarrollando tanto en el \u00e1mbito de la\u00a0Psicolog\u00eda Cl\u00ednica\u00a0como en la terapia individual y familiar. Ser padre, as\u00ed como trabajar con ni\u00f1os y j\u00f3venes, ha contribuido a reforzar la valoraci\u00f3n que este momento vital representa para \u00e9l.Como\u2026","rel":"","context":"En \u00abFelicidad\u00bb","block_context":{"text":"Felicidad","link":"https:\/\/webdelmaestrocmf.com\/portal\/category\/pedagogia\/felicidad\/"},"img":{"alt_text":"","src":"https:\/\/i0.wp.com\/webdelmaestrocmf.com\/portal\/wp-content\/uploads\/2021\/08\/1-216.jpg?resize=350%2C200&ssl=1","width":350,"height":200,"srcset":"https:\/\/i0.wp.com\/webdelmaestrocmf.com\/portal\/wp-content\/uploads\/2021\/08\/1-216.jpg?resize=350%2C200&ssl=1 1x, https:\/\/i0.wp.com\/webdelmaestrocmf.com\/portal\/wp-content\/uploads\/2021\/08\/1-216.jpg?resize=525%2C300&ssl=1 1.5x, https:\/\/i0.wp.com\/webdelmaestrocmf.com\/portal\/wp-content\/uploads\/2021\/08\/1-216.jpg?resize=700%2C400&ssl=1 2x, https:\/\/i0.wp.com\/webdelmaestrocmf.com\/portal\/wp-content\/uploads\/2021\/08\/1-216.jpg?resize=1050%2C600&ssl=1 3x"},"classes":[]},{"id":70824,"url":"https:\/\/webdelmaestrocmf.com\/portal\/cualidades-de-la-familia-como-primera-escuela-de-humanidad-y-valores\/","url_meta":{"origin":39773,"position":3},"title":"Cualidades de la familia como primera escuela de humanidad y de valores","author":"Web del Maestro CMF","date":"5 mayo, 2022","format":false,"excerpt":"La familia est\u00e1 llamada por naturaleza a ser la primera formadora de valores en los hijos. Todo parte del prop\u00f3sito fundamental de los padres que les compromete con la felicidad de los hijos a darle lo mejor de s\u00ed mismos, sus propios valores. Por eso no es extra\u00f1o que los\u2026","rel":"","context":"En \u00abBienestar Familiar\u00bb","block_context":{"text":"Bienestar Familiar","link":"https:\/\/webdelmaestrocmf.com\/portal\/category\/pedagogia\/bienestar-familiar\/"},"img":{"alt_text":"","src":"https:\/\/i0.wp.com\/webdelmaestrocmf.com\/portal\/wp-content\/uploads\/2021\/11\/0-6.jpg?resize=350%2C200&ssl=1","width":350,"height":200,"srcset":"https:\/\/i0.wp.com\/webdelmaestrocmf.com\/portal\/wp-content\/uploads\/2021\/11\/0-6.jpg?resize=350%2C200&ssl=1 1x, https:\/\/i0.wp.com\/webdelmaestrocmf.com\/portal\/wp-content\/uploads\/2021\/11\/0-6.jpg?resize=525%2C300&ssl=1 1.5x, https:\/\/i0.wp.com\/webdelmaestrocmf.com\/portal\/wp-content\/uploads\/2021\/11\/0-6.jpg?resize=700%2C400&ssl=1 2x, https:\/\/i0.wp.com\/webdelmaestrocmf.com\/portal\/wp-content\/uploads\/2021\/11\/0-6.jpg?resize=1050%2C600&ssl=1 3x"},"classes":[]},{"id":19428,"url":"https:\/\/webdelmaestrocmf.com\/portal\/detras-muchos-intolerantes-violentos-se-esconde-gran-vacio-interior\/","url_meta":{"origin":39773,"position":4},"title":"Detr\u00e1s de muchos intolerantes y violentos se esconde un gran vac\u00edo interior","author":"Web del Maestro CMF","date":"14 junio, 2017","format":false,"excerpt":"Pocas palabras, pero no podemos dejar pasar la oportunidad de invitar a los padres de familia y profesores, sacarles el m\u00e1ximo provecho de estas palabras: \u201cPara cambiar el coraz\u00f3n de una persona, en primer lugar, hay que abrazarla, que sienta que es importante para nosotros y que es querida. As\u00ed\u2026","rel":"","context":"En \u00abMundo cart\u00f3lico\u00bb","block_context":{"text":"Mundo cart\u00f3lico","link":"https:\/\/webdelmaestrocmf.com\/portal\/category\/pastoral\/"},"img":{"alt_text":"","src":"https:\/\/i0.wp.com\/webdelmaestrocmf.com\/portal\/wp-content\/uploads\/2017\/10\/1ss.jpg?resize=350%2C200&ssl=1","width":350,"height":200,"srcset":"https:\/\/i0.wp.com\/webdelmaestrocmf.com\/portal\/wp-content\/uploads\/2017\/10\/1ss.jpg?resize=350%2C200&ssl=1 1x, https:\/\/i0.wp.com\/webdelmaestrocmf.com\/portal\/wp-content\/uploads\/2017\/10\/1ss.jpg?resize=525%2C300&ssl=1 1.5x"},"classes":[]},{"id":10402,"url":"https:\/\/webdelmaestrocmf.com\/portal\/la-familia-es-escuela-de-humanidad-es-la-primera-escuela-para-todos-nosotros\/","url_meta":{"origin":39773,"position":5},"title":"La familia es escuela de humanidad, es la primera escuela para todos. Valores que se deben trabajar en casa","author":"Web del Maestro CMF","date":"27 septiembre, 2024","format":false,"excerpt":"El Papa Francisco nos recuerda unas cualidades de la familia, que les son propias. Los profesores, en su mayor\u00eda, son padres y madres de familia, por eso compartimos estas frases, sabiendo que siempre debemos valorar la familia como la primera escuela de todos nosotros. Deseamos que las siguientes frases les\u2026","rel":"","context":"En \u00abYo opino - WMCMF\u00bb","block_context":{"text":"Yo opino - WMCMF","link":"https:\/\/webdelmaestrocmf.com\/portal\/category\/jamb\/"},"img":{"alt_text":"","src":"https:\/\/i0.wp.com\/webdelmaestrocmf.com\/portal\/wp-content\/uploads\/2020\/06\/Banner-1-portada-imagen-10-1-2.jpg?resize=350%2C200&ssl=1","width":350,"height":200,"srcset":"https:\/\/i0.wp.com\/webdelmaestrocmf.com\/portal\/wp-content\/uploads\/2020\/06\/Banner-1-portada-imagen-10-1-2.jpg?resize=350%2C200&ssl=1 1x, https:\/\/i0.wp.com\/webdelmaestrocmf.com\/portal\/wp-content\/uploads\/2020\/06\/Banner-1-portada-imagen-10-1-2.jpg?resize=525%2C300&ssl=1 1.5x, https:\/\/i0.wp.com\/webdelmaestrocmf.com\/portal\/wp-content\/uploads\/2020\/06\/Banner-1-portada-imagen-10-1-2.jpg?resize=700%2C400&ssl=1 2x"},"classes":[]}],"_links":{"self":[{"href":"https:\/\/webdelmaestrocmf.com\/portal\/wp-json\/wp\/v2\/posts\/39773","targetHints":{"allow":["GET"]}}],"collection":[{"href":"https:\/\/webdelmaestrocmf.com\/portal\/wp-json\/wp\/v2\/posts"}],"about":[{"href":"https:\/\/webdelmaestrocmf.com\/portal\/wp-json\/wp\/v2\/types\/post"}],"author":[{"embeddable":true,"href":"https:\/\/webdelmaestrocmf.com\/portal\/wp-json\/wp\/v2\/users\/1"}],"replies":[{"embeddable":true,"href":"https:\/\/webdelmaestrocmf.com\/portal\/wp-json\/wp\/v2\/comments?post=39773"}],"version-history":[{"count":0,"href":"https:\/\/webdelmaestrocmf.com\/portal\/wp-json\/wp\/v2\/posts\/39773\/revisions"}],"wp:featuredmedia":[{"embeddable":true,"href":"https:\/\/webdelmaestrocmf.com\/portal\/wp-json\/wp\/v2\/media\/89155"}],"wp:attachment":[{"href":"https:\/\/webdelmaestrocmf.com\/portal\/wp-json\/wp\/v2\/media?parent=39773"}],"wp:term":[{"taxonomy":"category","embeddable":true,"href":"https:\/\/webdelmaestrocmf.com\/portal\/wp-json\/wp\/v2\/categories?post=39773"},{"taxonomy":"post_tag","embeddable":true,"href":"https:\/\/webdelmaestrocmf.com\/portal\/wp-json\/wp\/v2\/tags?post=39773"}],"curies":[{"name":"wp","href":"https:\/\/api.w.org\/{rel}","templated":true}]}}