{"id":39386,"date":"2024-01-20T18:00:55","date_gmt":"2024-01-20T21:00:55","guid":{"rendered":"http:\/\/webdelmaestrocmf.com\/portal\/?p=39386"},"modified":"2024-01-20T18:13:15","modified_gmt":"2024-01-20T21:13:15","slug":"como-elaborar-un-diagnostico-de-grupo-incluye-una-guia-y-ejemplo-practico","status":"publish","type":"post","link":"https:\/\/webdelmaestrocmf.com\/portal\/como-elaborar-un-diagnostico-de-grupo-incluye-una-guia-y-ejemplo-practico\/","title":{"rendered":"C\u00f3mo elaborar un Diagn\u00f3stico de Grupo"},"content":{"rendered":"<p style=\"text-align: justify;\"><strong>La elaboraci\u00f3n de un \u00abDiagn\u00f3stico de Grupo\u00bb es una herramienta crucial en el \u00e1mbito educativo, ya que permite a docentes y profesionales de la educaci\u00f3n comprender a fondo las necesidades y potencialidades de un grupo de estudiantes. En este art\u00edculo, exploraremos c\u00f3mo llevar a cabo un diagn\u00f3stico de grupo de manera efectiva. <\/strong><!--more--><\/p>\n<p style=\"text-align: justify;\">Para facilitar este proceso, no solo ofreceremos una gu\u00eda detallada, sino tambi\u00e9n un ejemplo pr\u00e1ctico que ilustra c\u00f3mo aplicar estos conceptos en la pr\u00e1ctica. El diagn\u00f3stico de grupo se convierte as\u00ed en una valiosa br\u00fajula para guiar el proceso educativo y adaptarlo a las particularidades de cada conjunto de estudiantes.<\/p>\n<p>Art\u00edculo relacionado: <a title=\"Ir a WMCMF\" href=\"https:\/\/webdelmaestrocmf.com\/portal\/dinamicas-grupales-para-trabajar-con-adolescentes\/\" target=\"_top\" rel=\"noopener\">Din\u00e1micas grupales para ayudar a los adolescentes a desarrollarse<\/a><\/p>\n<p style=\"text-align: justify;\">\u00bfC\u00f3mo podr\u00edamos elaborar un esquema para desarrollar un\u00a0diagn\u00f3stico\u00a0en la\u00a0escuela? Obviamente, no es posible pensar en un\u00a0modelo \u00fanico para tal efecto, pues, la\u00a0estructura\u00a0de un diagn\u00f3stico depender\u00e1 directamente de diversas circunstancias: la\u00a0naturaleza\u00a0del problema, el contexto, los\u00a0recursos, el\u00a0tiempo, la formaci\u00f3n acad\u00e9mica del investigador, las preferencias metodol\u00f3gicas, etc.<\/p>\n<p style=\"text-align: justify;\">Sin embargo, s\u00ed es posible hacer referencia a algunos momentos y apartados que, por lo general, son considerados en la estructura de la mayor\u00eda de los diagn\u00f3sticos aplicados en el \u00e1mbito educativo.<\/p>\n<p style=\"text-align: justify;\">A continuaci\u00f3n compartimos con fines educativos la publicaci\u00f3n del Blog <a title=\"Ir a docentesaldia\" href=\"http:\/\/docentesaldia.com\" target=\"_blank\" rel=\"noopener noreferrer\"><strong>Docentes al D\u00eda<\/strong><\/a> en donde explican c\u00f3mo podr\u00edamos hacer un diagn\u00f3stico de grupo. Esperamos que el siguiente enlace les sea de utilidad para la comunidad docente.<\/p>\n<p><img loading=\"lazy\" decoding=\"async\" class=\"alignnone size-full wp-image-102834\" src=\"https:\/\/webdelmaestrocmf.com\/portal\/wp-content\/uploads\/2020\/08\/Banner-1-portada-imagen-10-42.jpg\" alt=\"\" width=\"1024\" height=\"1024\" srcset=\"https:\/\/webdelmaestrocmf.com\/portal\/wp-content\/uploads\/2020\/08\/Banner-1-portada-imagen-10-42.jpg 1024w, https:\/\/webdelmaestrocmf.com\/portal\/wp-content\/uploads\/2020\/08\/Banner-1-portada-imagen-10-42-300x300.jpg 300w, https:\/\/webdelmaestrocmf.com\/portal\/wp-content\/uploads\/2020\/08\/Banner-1-portada-imagen-10-42-150x150.jpg 150w, https:\/\/webdelmaestrocmf.com\/portal\/wp-content\/uploads\/2020\/08\/Banner-1-portada-imagen-10-42-768x768.jpg 768w, https:\/\/webdelmaestrocmf.com\/portal\/wp-content\/uploads\/2020\/08\/Banner-1-portada-imagen-10-42-80x80.jpg 80w, https:\/\/webdelmaestrocmf.com\/portal\/wp-content\/uploads\/2020\/08\/Banner-1-portada-imagen-10-42-110x110.jpg 110w, https:\/\/webdelmaestrocmf.com\/portal\/wp-content\/uploads\/2020\/08\/Banner-1-portada-imagen-10-42-380x380.jpg 380w, https:\/\/webdelmaestrocmf.com\/portal\/wp-content\/uploads\/2020\/08\/Banner-1-portada-imagen-10-42-550x550.jpg 550w, https:\/\/webdelmaestrocmf.com\/portal\/wp-content\/uploads\/2020\/08\/Banner-1-portada-imagen-10-42-800x800.jpg 800w\" sizes=\"auto, (max-width: 1024px) 100vw, 1024px\" \/><\/p>\n<h2 style=\"text-align: left;\">\u00bfC\u00f3mo elaborar un diagn\u00f3stico de grupo? Gu\u00eda y ejemplo pr\u00e1ctico<\/h2>\n<p style=\"text-align: justify;\">Es indudable que los primeros d\u00edas de clase son importantes para maestros y alumnos. En ellos se establece el tono del ambiente y sientan las bases para el resto del a\u00f1o lectivo; es en ellos cuando un grupo de individuos diversos se re\u00fanen y forman ufna clase. Un grupo nuevo tiene su propia mezcla de ambientes, habilidades, intereses, personalidades y\u00a0 que lo hacen distinto a cualquier otro que el maestro haya tenido. Durante los primeros d\u00edas el maestro trata de conocer a sus alumnos y al grupo en conjunto, con el fin de organizarlos en una sociedad escolar caracterizada por la comunicaci\u00f3n, el orden y el aprendizaje. El diagn\u00f3stico de grupo es algo que todos los maestros deben efectuar al comenzar el a\u00f1o lectivo. Pero \u00bfc\u00f3mo logro conocer a mis nuevos estudiantes, su contexto y qu\u00e9 necesito saber de ellos para ofrecerles un ambiente propicio para el aprendizaje?<\/p>\n<p style=\"text-align: justify;\">Es importante entender que son m\u00faltiples factores los que se deben tomar en cuenta para conocer a un grupo, como lo son las caracter\u00edsticas de desarrollo y aprendizaje, intereses y gustos; pero no debemos dejar de lado el contexto sociodemogr\u00e1fico y el escolar, ya que ellos nos pueden dar pautas muy puntuales sobre como favorecer de mejor manera el aprendizaje de los alumnos, as\u00ed como para poder entender de manera m\u00e1s pertinente los comportamientos y las relaciones que se establecen en el aula.<\/p>\n<p>Art\u00edculo relacioado: <a title=\"Ir a WMCMF\" href=\"https:\/\/webdelmaestrocmf.com\/portal\/elementos-debe-contener-un-diagnostico-grupal-ejemplo\/\" target=\"_top\" rel=\"noopener\">Elementos que debe contener un Diagn\u00f3stico grupal + Ejemplos<\/a><\/p>\n<h2>Cuestionamientos que ayudan a elaborar un diagn\u00f3stico grupal<\/h2>\n<h3 style=\"padding-left: 40px;\">Contexto externo<\/h3>\n<ul>\n<li style=\"list-style-type: none;\">\n<ul>\n<li>\u00bfC\u00f3mo es el contexto sociocultural donde se ubica la escuela?<\/li>\n<li>\u00bfQu\u00e9 aspectos del contexto sociocultural obstaculizan el aprendizaje de los alumnos?<\/li>\n<li>\u00bfQu\u00e9 aspectos del contexto sociocultural favorecen el aprendizaje?<\/li>\n<\/ul>\n<\/li>\n<\/ul>\n<h3 style=\"padding-left: 40px;\">Contexto escolar<\/h3>\n<ul>\n<li style=\"list-style-type: none;\">\n<ul>\n<li>\u00bfC\u00f3mo es el contexto de la escuela?<\/li>\n<li>\u00bfQu\u00e9 aspectos del contexto de la escuela obstaculizan el aprendizaje?<\/li>\n<li>\u00bfQu\u00e9 aspectos del contexto de la escuela favorecen el aprendizaje?<\/li>\n<\/ul>\n<\/li>\n<\/ul>\n<h2 style=\"text-align: left;\">Diagn\u00f3stico del desarrollo integral y de los procesos de aprendizaje de los alumnos<\/h2>\n<ul>\n<li>\u00bfCu\u00e1les son las caracter\u00edsticas del desarrollo cognitivo?<\/li>\n<li>\u00bfCu\u00e1l es el nivel de dominio de las competencias b\u00e1sicas (lectura, escritura, c\u00e1lculo y convivencia)?<\/li>\n<li>\u00bfCu\u00e1les son los estilos y ritmos de aprendizaje de los alumnos?<\/li>\n<li>\u00bfExisten alumnos con necesidades espec\u00edficas de aprendizaje o con necesidades educativas especiales?<\/li>\n<li>\u00bfCu\u00e1les son los intereses\u00a0 de los alumnos?<\/li>\n<\/ul>\n<h2 style=\"text-align: left;\">Recomendaciones para recopilar la informaci\u00f3n anterior<\/h2>\n<ul>\n<li>Encuestas a los alumnos y padres de familia<\/li>\n<li>Fichas de informaci\u00f3n de los alumnos<\/li>\n<li>Observaci\u00f3n directa<\/li>\n<li>Consulta de sitios web<\/li>\n<li>An\u00e1lisis de las fichas descriptivas del grupo y de los alumnos dejados por el profesor anterior<\/li>\n<li>Aplicaci\u00f3n de tests para identificar los estilos de aprendizaje<\/li>\n<li>Revisi\u00f3n de las etapas del desarrollo cognitivo de Piaget para ubicar a los alumnos<\/li>\n<\/ul>\n<p>Diagnostico escolar<br \/>\n<img loading=\"lazy\" decoding=\"async\" class=\"alignnone size-large wp-image-99607\" title=\"\" src=\"https:\/\/webdelmaestrocmf.com\/portal\/wp-content\/uploads\/2020\/08\/0-1024x592.webp\" alt=\"\" width=\"1024\" height=\"592\" srcset=\"https:\/\/webdelmaestrocmf.com\/portal\/wp-content\/uploads\/2020\/08\/0-1024x592.webp 1024w, https:\/\/webdelmaestrocmf.com\/portal\/wp-content\/uploads\/2020\/08\/0-300x173.webp 300w, https:\/\/webdelmaestrocmf.com\/portal\/wp-content\/uploads\/2020\/08\/0-768x444.webp 768w, https:\/\/webdelmaestrocmf.com\/portal\/wp-content\/uploads\/2020\/08\/0-1536x888.webp 1536w, https:\/\/webdelmaestrocmf.com\/portal\/wp-content\/uploads\/2020\/08\/0-380x220.webp 380w, https:\/\/webdelmaestrocmf.com\/portal\/wp-content\/uploads\/2020\/08\/0-550x318.webp 550w, https:\/\/webdelmaestrocmf.com\/portal\/wp-content\/uploads\/2020\/08\/0-800x463.webp 800w, https:\/\/webdelmaestrocmf.com\/portal\/wp-content\/uploads\/2020\/08\/0-1160x671.webp 1160w, https:\/\/webdelmaestrocmf.com\/portal\/wp-content\/uploads\/2020\/08\/0.webp 1657w\" sizes=\"auto, (max-width: 1024px) 100vw, 1024px\" \/><\/p>\n<h3><strong>Ejemplo de diagn\u00f3stico grupal<\/strong><\/h3>\n<p style=\"padding-left: 40px; text-align: justify;\"><strong>Contexto\u00a0 <\/strong><strong>Sociocultural<\/strong><\/p>\n<ul style=\"text-align: justify;\">\n<li style=\"list-style-type: none;\">\n<ul>\n<li>La instituci\u00f3n est\u00e1 situada en un medio rural, los caminos de acceso son de terracer\u00eda y se encuentran en mal estado.<\/li>\n<li>La vegetaci\u00f3n predominante consta de cact\u00e1ceas y acacias. El clima es extremoso y las lluvias son escasas.<\/li>\n<li>En la localidad existen dos peque\u00f1as papeler\u00edas con computadoras e internet en donde los ni\u00f1os pueden consultar informaci\u00f3n.<\/li>\n<li>La mayor parte de los habitantes se dedican a trabajar en f\u00e1bricas.<\/li>\n<li>El nivel socioecon\u00f3mico de las familias es medio-bajo.<\/li>\n<li>La localidad es tranquila, existen pocos conflictos.<\/li>\n<\/ul>\n<\/li>\n<\/ul>\n<p style=\"padding-left: 40px; text-align: justify;\"><strong>Aspectos que\u00a0 <\/strong><strong>obstaculizan el\u00a0 <\/strong><strong>aprendizaje<\/strong><\/p>\n<ul style=\"text-align: justify;\">\n<li style=\"list-style-type: none;\">\n<ul>\n<li>La dificultad de acceso ocasiona ausentismo de los alumnos.<\/li>\n<li>Los padres de familia tiene poco tiempo para apoyar a los alumnos debido a su trabajo.<\/li>\n<li>Son pocos los materiales did\u00e1cticos que se les pueden pedir.<\/li>\n<\/ul>\n<\/li>\n<\/ul>\n<p style=\"padding-left: 40px; text-align: justify;\"><strong>Aspectos\u00a0 <\/strong><strong>que favorecen el aprendizaje<\/strong><\/p>\n<ul style=\"text-align: justify;\">\n<li style=\"list-style-type: none;\">\n<ul>\n<li>Los alumnos pueden realizar investigaciones en internet.<\/li>\n<li>Pueden realizarse recorridos por la localidad ya que los caminos son poco transitados y el ambiente es tranquilo.<\/li>\n<\/ul>\n<\/li>\n<\/ul>\n<p style=\"padding-left: 40px; text-align: justify;\"><strong>Contexto Escolar<\/strong><\/p>\n<ul style=\"text-align: justify;\">\n<li style=\"list-style-type: none;\">\n<ul>\n<li>La escuela cuenta con seis aulas, un patio y una peque\u00f1a cancha de f\u00fatbol de tierra.<\/li>\n<li>La infraestructura se encuentra en regulares condiciones.<\/li>\n<li>Los materiales con que se cuentan son: un proyector, hojas blancas, dos loter\u00edas de fracciones y una de tablas de multiplicar.<\/li>\n<\/ul>\n<\/li>\n<\/ul>\n<p style=\"padding-left: 40px; text-align: justify;\"><strong>Aspectos que <\/strong><strong>obstaculizan el\u00a0 <\/strong><strong>aprendizaje<\/strong><\/p>\n<ul style=\"text-align: justify;\">\n<li style=\"list-style-type: none;\">\n<ul>\n<li>Son pocos los materiales con los que cuenta la escuela.<\/li>\n<li>Hay un solo proyector y ninguna computadora.<\/li>\n<\/ul>\n<\/li>\n<\/ul>\n<p style=\"padding-left: 40px; text-align: justify;\"><strong>Aspectos que\u00a0 <\/strong><strong>favorecen el\u00a0 <\/strong><strong>aprendizaje<\/strong><\/p>\n<ul>\n<li style=\"list-style-type: none;\">\n<ul>\n<li style=\"text-align: justify;\">Hay un patio que se puede aprovechar para realizar actividades<\/li>\n<li style=\"text-align: justify;\">Aunque es poco material el existente, si se emplea de manera sistem\u00e1tica puede ser de mucha utilidad.<\/li>\n<li style=\"text-align: justify;\">La cancha de f\u00fatbol es un \u00e1rea que puede favorecer la realizaci\u00f3n de proyectos deportivos.<\/li>\n<\/ul>\n<\/li>\n<\/ul>\n<h2>Diagn\u00f3stico del desarrollo integral y de los procesos de aprendizaje<\/h2>\n<h3 style=\"padding-left: 40px;\">Caracter\u00edsticas de\u00a0 desarrollo y aprendizaje<\/h3>\n<ul>\n<li style=\"list-style-type: none;\">\n<ul>\n<li style=\"text-align: justify;\">El grupo consta de 28 alumnos, 15 ni\u00f1as y 13 ni\u00f1os, cuyas edades oscilan entre los 11 y 12 a\u00f1os.<\/li>\n<li style=\"text-align: justify;\">Se encuentran en la transici\u00f3n entre la etapa de las operaciones concretas y las operaciones formales, por lo que comienzan a ser capaces de resolver problemas abstractos de manera l\u00f3gica y desarrollan inter\u00e9s por temas sociales.<\/li>\n<\/ul>\n<\/li>\n<\/ul>\n<h3 style=\"padding-left: 40px; text-align: justify;\"><span style=\"font-weight: 700 !important;\">Nivel de dominio de las <\/span><span style=\"font-weight: 700 !important;\">competencias b\u00e1sicas <\/span><span style=\"font-weight: 700 !important;\">(lectura, escritura, c\u00e1lculo y <\/span><span style=\"font-weight: 700 !important;\">convivencia)<\/span><\/h3>\n<ul style=\"text-align: justify;\">\n<li style=\"list-style-type: none;\">\n<ul>\n<li>12% de los alumnos del requieren apoyo en lectura, el 28% en producci\u00f3n de textos y el 11% en c\u00e1lcu-lo mental.<\/li>\n<li>Las interacciones, en el grupo son en general buenas, aunque hay dos alum-nos que ocasionalmente causan conflic-tos y otro m\u00e1s que no se integra con sus compa\u00f1eros.<\/li>\n<\/ul>\n<\/li>\n<\/ul>\n<h3 style=\"padding-left: 40px; text-align: justify;\"><span style=\"font-weight: 700 !important;\">Estilos y ritmos de <\/span><span style=\"font-weight: 700 !important;\">aprendizaje de los alumnos<\/span><\/h3>\n<ul style=\"text-align: justify;\">\n<li style=\"list-style-type: none;\">\n<ul>\n<li>De acuerdo al Modelo de estilos de aprendizaje de Felder y Silverman el 44% de los alumnos del grupo son activos; 26% reflexivos; 22% te\u00f3ricos y 8% pragm\u00e1ticos.<\/li>\n<li>El 70% de los alumnos tiene un ritmo de aprendizaje moderado y el resto r\u00e1pido; asimismo el grupo trabaja de manera colaborativa y se inclina por actividades en las que puedan moverse y aplicar la creatividad<\/li>\n<\/ul>\n<\/li>\n<\/ul>\n<h3 style=\"padding-left: 40px; text-align: justify;\">Alumnos con necesidades espec\u00edficas de aprendizaje o con necesidades educativas especiales<\/h3>\n<ul style=\"text-align: justify;\">\n<li style=\"list-style-type: none;\">\n<ul>\n<li>Dos alumnas tienen discapacidad intelectual, son muy participativas y se interesan por su aprendizaje. Requieren ajustes razonables en algunas actividades.<\/li>\n<\/ul>\n<\/li>\n<\/ul>\n<h3 style=\"padding-left: 40px; text-align: justify;\">Intereses\u00a0 de los alumnos<\/h3>\n<ul>\n<li style=\"list-style-type: none;\">\n<ul>\n<li style=\"text-align: justify;\">Muestran inter\u00e9s por las series de televisi\u00f3n sobre todo de terror y comedia.<\/li>\n<li style=\"text-align: justify;\">Les gusta el f\u00fatbol, tanto verlo en televisi\u00f3n como jugarlo.<\/li>\n<\/ul>\n<\/li>\n<\/ul>\n<p style=\"text-align: justify;\">Estos son algunos ejemplos de los aspectos que puedes incluir en un diagn\u00f3stico grupal. Recuerda que es importante \u00a0incluir en \u00e9l las caracter\u00edsticas del contexto externo e interno, adem\u00e1s de las del grupo, ya que esto nos da pautas acerca de qu\u00e9 manera podemos dise\u00f1ar las actividades, qu\u00e9 materiales podemos requerir, as\u00ed como qu\u00e9 tem\u00e1ticas son relevantes socialmente para poder relacionarlas con la planeaci\u00f3n.<\/p>\n<p><strong>Este contenido ha sido publicado originalmente por Docentes al D\u00eda en la siguiente direcci\u00f3n: docentesal<\/strong><\/p>\n<p style=\"text-align: center;\"><strong>ENLACE DE LECTURA:<\/strong> <a title=\"Ir a MEGA\" href=\"https:\/\/drive.google.com\/drive\/folders\/1WvT-FLFtLTxcpM6z8vf_anaAIoU6BKaP?usp=sharing\" target=\"_blank\" rel=\"noopener noreferrer\">DIAGNOSTICO DE GRUPO<\/a> | <a title=\"Ir a MEGA\" href=\"https:\/\/mega.nz\/#F!y7Q3DCyY!y9L_nVlOVUZL4ssOGHX3BQ\" target=\"_blank\" rel=\"noopener noreferrer\">DIAGNOSTICO DE GRUPO<\/a><\/p>\n\t\t<div class=\"pk-inline-posts\">\n\t\t\t\n\t\t\t<div class=\"pk-inline-posts-container pk-inline-posts-template-list\"\n\t\t\t\tdata-columns=\"1\">\n\t\t\t\t\t\t<article id=\"post-28153\" class=\"post-28153 post type-post status-publish format-standard has-post-thumbnail category-consejos category-docentes category-pedagogia tag-adaptacion-a-diversidad tag-adaptacion-curricular tag-aprendizaje-activo tag-clases tag-diseno-curricular tag-diseno-de-actividades tag-diseno-de-lecciones tag-diseno-de-unidades-didacticas tag-eficiente tag-enfoque-centrado-en-el-estudiante tag-estrategias-de-ensenanza tag-estrategias-de-ensenanza-efectiva tag-estrategias-de-instruccion tag-estrategias-de-participacion tag-evaluacion-autentica tag-evaluacion-del-aprendizaje tag-evaluacion-formativa tag-evaluacion-sumativa tag-instruccion-diferenciada tag-manera tag-medicion-del-progreso tag-metodologia-educativa tag-motivacion-del-estudiante tag-objetivos-de-aprendizaje tag-planificacion-a-corto-plazo tag-planificacion-a-largo-plazo tag-planificacion-de-clases tag-planificar tag-recursos-didacticos tag-retroalimentacion-formativa tag-secuencia-didactica tag-taxonomia-de-bloom tag-tecnicas-de-organizacion tag-uso-de-tecnologia-educativa cs-entry cs-video-wrap\">\n\t\t\t<div class=\"pk-post-outer\">\n\n\t\t\t\t\t\t\t\t<div class=\"pk-post-inner\">\n\t\t\t\t\t<div class=\"entry-thumbnail\">\n\t\t\t\t\t\t<div class=\"pk-overlay pk-overlay-ratio pk-ratio-landscape\">\n\t\t\t\t\t\t\t<div class=\"pk-overlay-background\">\n\t\t\t\t\t\t\t\t<a href=\"https:\/\/webdelmaestrocmf.com\/portal\/como-planificar-las-clases-de-manera-eficiente\/\" class=\"pk-overlay-link\">\n\t\t\t\t\t\t\t\t\t<img loading=\"lazy\" decoding=\"async\" width=\"300\" height=\"225\" src=\"https:\/\/webdelmaestrocmf.com\/portal\/wp-content\/uploads\/2026\/02\/1AA-Banner-1-portada-imagen-10-1-copia-16-300x225.webp\" class=\"attachment-pk-thumbnail size-pk-thumbnail wp-post-image\" alt=\"\" \/>\t\t\t\t\t\t\t\t<\/a>\n\t\t\t\t\t\t\t<\/div>\n\t\t\t\t\t\t<\/div>\n\t\t\t\t\t<\/div>\n\t\t\t\t<\/div>\n\t\t\t\t\n\t\t\t\t<div class=\"pk-post-inner\">\n\t\t\t\t\t<header>\n\t\t\t\t\t\t<h3 class=\"pk-title\"><a href=\"https:\/\/webdelmaestrocmf.com\/portal\/como-planificar-las-clases-de-manera-eficiente\/\" rel=\"bookmark\">C\u00f3mo planificar las clases de manera eficiente: descarga las mejores plantillas de planificaci\u00f3n de clases<\/a><\/h3>\t\t\t\t\t<\/header><!-- .entry-header -->\n\t\t\t\t<\/div><!-- .post-inner -->\n\n\t\t\t<\/div><!-- .post-outer -->\n\t\t<\/article>\n\t\t\t<article id=\"post-117746\" class=\"post-117746 post type-post status-publish format-standard has-post-thumbnail category-docentes category-pedagogia tag-bienestar-docente tag-clima-escolar tag-docentes tag-educacion-3 tag-gestion-educativa-3 tag-salud-mental-docente tag-sistema-educativo tag-sobrecarga-laboral tag-trabajo-docente tag-vocacion-docente-2 cs-entry cs-video-wrap\">\n\t\t\t<div class=\"pk-post-outer\">\n\n\t\t\t\t\t\t\t\t<div class=\"pk-post-inner\">\n\t\t\t\t\t<div class=\"entry-thumbnail\">\n\t\t\t\t\t\t<div class=\"pk-overlay pk-overlay-ratio pk-ratio-landscape\">\n\t\t\t\t\t\t\t<div class=\"pk-overlay-background\">\n\t\t\t\t\t\t\t\t<a href=\"https:\/\/webdelmaestrocmf.com\/portal\/la-mochila-invisible-del-docente-una-carga-que-el-sistema-aun-no-logra-ver\/\" class=\"pk-overlay-link\">\n\t\t\t\t\t\t\t\t\t<img loading=\"lazy\" decoding=\"async\" width=\"300\" height=\"225\" src=\"https:\/\/webdelmaestrocmf.com\/portal\/wp-content\/uploads\/2026\/04\/1AA-Banner-1-portada-imagen-10-1-copia-14-1-300x225.webp\" class=\"attachment-pk-thumbnail size-pk-thumbnail wp-post-image\" alt=\"\" \/>\t\t\t\t\t\t\t\t<\/a>\n\t\t\t\t\t\t\t<\/div>\n\t\t\t\t\t\t<\/div>\n\t\t\t\t\t<\/div>\n\t\t\t\t<\/div>\n\t\t\t\t\n\t\t\t\t<div class=\"pk-post-inner\">\n\t\t\t\t\t<header>\n\t\t\t\t\t\t<h3 class=\"pk-title\"><a href=\"https:\/\/webdelmaestrocmf.com\/portal\/la-mochila-invisible-del-docente-una-carga-que-el-sistema-aun-no-logra-ver\/\" rel=\"bookmark\">La mochila invisible del docente: una carga que el sistema a\u00fan no logra ver<\/a><\/h3>\t\t\t\t\t<\/header><!-- .entry-header -->\n\t\t\t\t<\/div><!-- .post-inner -->\n\n\t\t\t<\/div><!-- .post-outer -->\n\t\t<\/article>\n\t\t\t<article id=\"post-117526\" class=\"post-117526 post type-post status-publish format-standard has-post-thumbnail category-docentes category-pedagogia tag-aula tag-convivencia-escolar tag-docentes tag-educacion-2 tag-educacion-socioemocional tag-espacio-personal tag-limites tag-pedagogia-2 tag-vinculo-educativo cs-entry cs-video-wrap\">\n\t\t\t<div class=\"pk-post-outer\">\n\n\t\t\t\t\t\t\t\t<div class=\"pk-post-inner\">\n\t\t\t\t\t<div class=\"entry-thumbnail\">\n\t\t\t\t\t\t<div class=\"pk-overlay pk-overlay-ratio pk-ratio-landscape\">\n\t\t\t\t\t\t\t<div class=\"pk-overlay-background\">\n\t\t\t\t\t\t\t\t<a href=\"https:\/\/webdelmaestrocmf.com\/portal\/el-dilema-del-contacto-fisico-en-la-escuela-entre-el-vinculo-humano-y-la-responsabilidad-profesional-que-debe-hacer-el-docente\/\" class=\"pk-overlay-link\">\n\t\t\t\t\t\t\t\t\t<img loading=\"lazy\" decoding=\"async\" width=\"300\" height=\"225\" src=\"https:\/\/webdelmaestrocmf.com\/portal\/wp-content\/uploads\/2026\/04\/1AA-Banner-1-portada-imagen-10-1-copia-6-1-300x225.webp\" class=\"attachment-pk-thumbnail size-pk-thumbnail wp-post-image\" alt=\"\" \/>\t\t\t\t\t\t\t\t<\/a>\n\t\t\t\t\t\t\t<\/div>\n\t\t\t\t\t\t<\/div>\n\t\t\t\t\t<\/div>\n\t\t\t\t<\/div>\n\t\t\t\t\n\t\t\t\t<div class=\"pk-post-inner\">\n\t\t\t\t\t<header>\n\t\t\t\t\t\t<h3 class=\"pk-title\"><a href=\"https:\/\/webdelmaestrocmf.com\/portal\/el-dilema-del-contacto-fisico-en-la-escuela-entre-el-vinculo-humano-y-la-responsabilidad-profesional-que-debe-hacer-el-docente\/\" rel=\"bookmark\">El dilema del contacto f\u00edsico en la escuela: entre el v\u00ednculo humano y la responsabilidad profesional \u00bfQu\u00e9 debe hacer el docente?<\/a><\/h3>\t\t\t\t\t<\/header><!-- .entry-header -->\n\t\t\t\t<\/div><!-- .post-inner -->\n\n\t\t\t<\/div><!-- .post-outer -->\n\t\t<\/article>\n\t\t\t\t<\/div>\n\t\t<\/div>\n\t\t\n","protected":false},"excerpt":{"rendered":"La elaboraci\u00f3n de un \u00abDiagn\u00f3stico de Grupo\u00bb es una herramienta crucial en el \u00e1mbito educativo, ya que permite&hellip;","protected":false},"author":1,"featured_media":102834,"comment_status":"open","ping_status":"closed","sticky":false,"template":"","format":"standard","meta":{"csco_display_header_overlay":false,"csco_singular_sidebar":"default","csco_page_header_type":"default","csco_page_load_nextpost":"default","csco_post_video_location":[],"csco_post_video_location_hash":"","csco_post_video_url":"","csco_post_video_bg_start_time":0,"csco_post_video_bg_end_time":0,"csco_post_video_bg_volume":false,"_jetpack_memberships_contains_paid_content":false,"footnotes":""},"categories":[570,735],"tags":[2098,659,1257,2121,4406],"class_list":{"0":"post-39386","1":"post","2":"type-post","3":"status-publish","4":"format-standard","5":"has-post-thumbnail","7":"category-docentes","8":"category-pedagogia","9":"tag-diagnostico","10":"tag-ejemplo","11":"tag-grupo","12":"tag-guia","13":"tag-practico","14":"cs-entry","15":"cs-video-wrap"},"yoast_head":"<!-- This site is optimized with the Yoast SEO plugin v27.5 - https:\/\/yoast.com\/product\/yoast-seo-wordpress\/ -->\n<title>C\u00f3mo elaborar un Diagn\u00f3stico de Grupo - 2026<\/title>\n<meta name=\"description\" content=\"La elaboraci\u00f3n de un &quot;Diagn\u00f3stico de Grupo&quot; es una herramienta crucial en el \u00e1mbito educativo, ya que permite a docentes y profesionales...\" \/>\n<meta name=\"robots\" content=\"index, follow, max-snippet:-1, max-image-preview:large, max-video-preview:-1\" \/>\n<link rel=\"canonical\" href=\"https:\/\/webdelmaestrocmf.com\/portal\/como-elaborar-un-diagnostico-de-grupo-incluye-una-guia-y-ejemplo-practico\/\" \/>\n<meta property=\"og:locale\" content=\"es_ES\" \/>\n<meta property=\"og:type\" content=\"article\" \/>\n<meta property=\"og:title\" content=\"C\u00f3mo elaborar un Diagn\u00f3stico de Grupo - 2026\" \/>\n<meta property=\"og:description\" content=\"La elaboraci\u00f3n de un &quot;Diagn\u00f3stico de Grupo&quot; es una herramienta crucial en el \u00e1mbito educativo, ya que permite a docentes y profesionales...\" \/>\n<meta property=\"og:url\" content=\"https:\/\/webdelmaestrocmf.com\/portal\/como-elaborar-un-diagnostico-de-grupo-incluye-una-guia-y-ejemplo-practico\/\" \/>\n<meta property=\"og:site_name\" content=\"Web del Maestro CMF\" \/>\n<meta property=\"article:publisher\" content=\"https:\/\/www.facebook.com\/WebdelMaestroCMF\/\" \/>\n<meta property=\"article:author\" content=\"https:\/\/www.facebook.com\/WebdelMaestroCMF\/\" \/>\n<meta property=\"article:published_time\" content=\"2024-01-20T21:00:55+00:00\" \/>\n<meta property=\"article:modified_time\" content=\"2024-01-20T21:13:15+00:00\" \/>\n<meta property=\"og:image\" content=\"https:\/\/webdelmaestrocmf.com\/portal\/wp-content\/uploads\/2020\/08\/Banner-1-portada-imagen-10-42.jpg\" \/>\n\t<meta property=\"og:image:width\" content=\"1024\" \/>\n\t<meta property=\"og:image:height\" content=\"1024\" \/>\n\t<meta property=\"og:image:type\" content=\"image\/jpeg\" \/>\n<meta name=\"author\" content=\"Web del Maestro CMF\" \/>\n<meta name=\"twitter:card\" content=\"summary_large_image\" \/>\n<meta name=\"twitter:creator\" content=\"@cmf_w\" \/>\n<meta name=\"twitter:site\" content=\"@cmf_w\" \/>\n<script type=\"application\/ld+json\" class=\"yoast-schema-graph\">{\"@context\":\"https:\\\/\\\/schema.org\",\"@graph\":[{\"@type\":\"ScholarlyArticle\",\"@id\":\"https:\\\/\\\/webdelmaestrocmf.com\\\/portal\\\/como-elaborar-un-diagnostico-de-grupo-incluye-una-guia-y-ejemplo-practico\\\/#article\",\"isPartOf\":{\"@id\":\"https:\\\/\\\/webdelmaestrocmf.com\\\/portal\\\/como-elaborar-un-diagnostico-de-grupo-incluye-una-guia-y-ejemplo-practico\\\/\"},\"author\":{\"name\":\"Web del Maestro CMF\",\"@id\":\"https:\\\/\\\/webdelmaestrocmf.com\\\/portal\\\/#\\\/schema\\\/person\\\/1072a2ed7bd960df8ef99a551fa35dc5\"},\"headline\":\"C\u00f3mo elaborar un Diagn\u00f3stico de Grupo\",\"datePublished\":\"2024-01-20T21:00:55+00:00\",\"dateModified\":\"2024-01-20T21:13:15+00:00\",\"mainEntityOfPage\":{\"@id\":\"https:\\\/\\\/webdelmaestrocmf.com\\\/portal\\\/como-elaborar-un-diagnostico-de-grupo-incluye-una-guia-y-ejemplo-practico\\\/\"},\"wordCount\":1421,\"commentCount\":3,\"publisher\":{\"@id\":\"https:\\\/\\\/webdelmaestrocmf.com\\\/portal\\\/#organization\"},\"image\":{\"@id\":\"https:\\\/\\\/webdelmaestrocmf.com\\\/portal\\\/como-elaborar-un-diagnostico-de-grupo-incluye-una-guia-y-ejemplo-practico\\\/#primaryimage\"},\"thumbnailUrl\":\"https:\\\/\\\/webdelmaestrocmf.com\\\/portal\\\/wp-content\\\/uploads\\\/2020\\\/08\\\/Banner-1-portada-imagen-10-42.jpg\",\"keywords\":[\"DIAGN\u00d3STICO\",\"ejemplo\",\"GRUPO\",\"GU\u00cdA\",\"pr\u00e1ctico\"],\"articleSection\":[\"Docentes\",\"Recursos\"],\"inLanguage\":\"es\",\"potentialAction\":[{\"@type\":\"CommentAction\",\"name\":\"Comment\",\"target\":[\"https:\\\/\\\/webdelmaestrocmf.com\\\/portal\\\/como-elaborar-un-diagnostico-de-grupo-incluye-una-guia-y-ejemplo-practico\\\/#respond\"]}]},{\"@type\":\"WebPage\",\"@id\":\"https:\\\/\\\/webdelmaestrocmf.com\\\/portal\\\/como-elaborar-un-diagnostico-de-grupo-incluye-una-guia-y-ejemplo-practico\\\/\",\"url\":\"https:\\\/\\\/webdelmaestrocmf.com\\\/portal\\\/como-elaborar-un-diagnostico-de-grupo-incluye-una-guia-y-ejemplo-practico\\\/\",\"name\":\"C\u00f3mo elaborar un Diagn\u00f3stico de Grupo - 2026\",\"isPartOf\":{\"@id\":\"https:\\\/\\\/webdelmaestrocmf.com\\\/portal\\\/#website\"},\"primaryImageOfPage\":{\"@id\":\"https:\\\/\\\/webdelmaestrocmf.com\\\/portal\\\/como-elaborar-un-diagnostico-de-grupo-incluye-una-guia-y-ejemplo-practico\\\/#primaryimage\"},\"image\":{\"@id\":\"https:\\\/\\\/webdelmaestrocmf.com\\\/portal\\\/como-elaborar-un-diagnostico-de-grupo-incluye-una-guia-y-ejemplo-practico\\\/#primaryimage\"},\"thumbnailUrl\":\"https:\\\/\\\/webdelmaestrocmf.com\\\/portal\\\/wp-content\\\/uploads\\\/2020\\\/08\\\/Banner-1-portada-imagen-10-42.jpg\",\"datePublished\":\"2024-01-20T21:00:55+00:00\",\"dateModified\":\"2024-01-20T21:13:15+00:00\",\"description\":\"La elaboraci\u00f3n de un \\\"Diagn\u00f3stico de Grupo\\\" es una herramienta crucial en el \u00e1mbito educativo, ya que permite a docentes y profesionales...\",\"breadcrumb\":{\"@id\":\"https:\\\/\\\/webdelmaestrocmf.com\\\/portal\\\/como-elaborar-un-diagnostico-de-grupo-incluye-una-guia-y-ejemplo-practico\\\/#breadcrumb\"},\"inLanguage\":\"es\",\"potentialAction\":[{\"@type\":\"ReadAction\",\"target\":[\"https:\\\/\\\/webdelmaestrocmf.com\\\/portal\\\/como-elaborar-un-diagnostico-de-grupo-incluye-una-guia-y-ejemplo-practico\\\/\"]}]},{\"@type\":\"ImageObject\",\"inLanguage\":\"es\",\"@id\":\"https:\\\/\\\/webdelmaestrocmf.com\\\/portal\\\/como-elaborar-un-diagnostico-de-grupo-incluye-una-guia-y-ejemplo-practico\\\/#primaryimage\",\"url\":\"https:\\\/\\\/webdelmaestrocmf.com\\\/portal\\\/wp-content\\\/uploads\\\/2020\\\/08\\\/Banner-1-portada-imagen-10-42.jpg\",\"contentUrl\":\"https:\\\/\\\/webdelmaestrocmf.com\\\/portal\\\/wp-content\\\/uploads\\\/2020\\\/08\\\/Banner-1-portada-imagen-10-42.jpg\",\"width\":1024,\"height\":1024},{\"@type\":\"BreadcrumbList\",\"@id\":\"https:\\\/\\\/webdelmaestrocmf.com\\\/portal\\\/como-elaborar-un-diagnostico-de-grupo-incluye-una-guia-y-ejemplo-practico\\\/#breadcrumb\",\"itemListElement\":[{\"@type\":\"ListItem\",\"position\":1,\"name\":\"Portada\",\"item\":\"https:\\\/\\\/webdelmaestrocmf.com\\\/portal\\\/\"},{\"@type\":\"ListItem\",\"position\":2,\"name\":\"Recursos\",\"item\":\"https:\\\/\\\/webdelmaestrocmf.com\\\/portal\\\/category\\\/pedagogia\\\/\"},{\"@type\":\"ListItem\",\"position\":3,\"name\":\"C\u00f3mo elaborar un Diagn\u00f3stico de Grupo\"}]},{\"@type\":\"WebSite\",\"@id\":\"https:\\\/\\\/webdelmaestrocmf.com\\\/portal\\\/#website\",\"url\":\"https:\\\/\\\/webdelmaestrocmf.com\\\/portal\\\/\",\"name\":\"Web del Maestro CMF\",\"description\":\"Maestros al servicio de la educaci\u00f3n\",\"publisher\":{\"@id\":\"https:\\\/\\\/webdelmaestrocmf.com\\\/portal\\\/#organization\"},\"alternateName\":\"WMCMF\",\"potentialAction\":[{\"@type\":\"SearchAction\",\"target\":{\"@type\":\"EntryPoint\",\"urlTemplate\":\"https:\\\/\\\/webdelmaestrocmf.com\\\/portal\\\/?s={search_term_string}\"},\"query-input\":{\"@type\":\"PropertyValueSpecification\",\"valueRequired\":true,\"valueName\":\"search_term_string\"}}],\"inLanguage\":\"es\"},{\"@type\":\"Organization\",\"@id\":\"https:\\\/\\\/webdelmaestrocmf.com\\\/portal\\\/#organization\",\"name\":\"Web del Maestro CMF\",\"alternateName\":\"WMCMF\",\"url\":\"https:\\\/\\\/webdelmaestrocmf.com\\\/portal\\\/\",\"logo\":{\"@type\":\"ImageObject\",\"inLanguage\":\"es\",\"@id\":\"https:\\\/\\\/webdelmaestrocmf.com\\\/portal\\\/#\\\/schema\\\/logo\\\/image\\\/\",\"url\":\"https:\\\/\\\/webdelmaestrocmf.com\\\/portal\\\/wp-content\\\/uploads\\\/2023\\\/01\\\/logo-wmcmf-2.png\",\"contentUrl\":\"https:\\\/\\\/webdelmaestrocmf.com\\\/portal\\\/wp-content\\\/uploads\\\/2023\\\/01\\\/logo-wmcmf-2.png\",\"width\":200,\"height\":60,\"caption\":\"Web del Maestro CMF\"},\"image\":{\"@id\":\"https:\\\/\\\/webdelmaestrocmf.com\\\/portal\\\/#\\\/schema\\\/logo\\\/image\\\/\"},\"sameAs\":[\"https:\\\/\\\/www.facebook.com\\\/WebdelMaestroCMF\\\/\",\"https:\\\/\\\/x.com\\\/cmf_w\",\"https:\\\/\\\/www.pinterest.com\\\/WMCMF\\\/\",\"https:\\\/\\\/www.linkedin.com\\\/company\\\/web-del-maestro-cmf\\\/\",\"https:\\\/\\\/www.instagram.com\\\/wmcmf\\\/\",\"https:\\\/\\\/www.youtube.com\\\/channel\\\/UCDPSvjbdodE5sHnC3OxutHw\",\"https:\\\/\\\/mastodon.social\\\/@wmcmf\",\"https:\\\/\\\/www.tiktok.com\\\/@webdelmaestrocmf\"]},{\"@type\":\"Person\",\"@id\":\"https:\\\/\\\/webdelmaestrocmf.com\\\/portal\\\/#\\\/schema\\\/person\\\/1072a2ed7bd960df8ef99a551fa35dc5\",\"name\":\"Web del Maestro CMF\",\"image\":{\"@type\":\"ImageObject\",\"inLanguage\":\"es\",\"@id\":\"https:\\\/\\\/secure.gravatar.com\\\/avatar\\\/23291dd5b5ae1077dcff3dbb04c3e02bd28403fa75af6d8787d5e97c5bbbe30b?s=96&d=mm&r=g\",\"url\":\"https:\\\/\\\/secure.gravatar.com\\\/avatar\\\/23291dd5b5ae1077dcff3dbb04c3e02bd28403fa75af6d8787d5e97c5bbbe30b?s=96&d=mm&r=g\",\"contentUrl\":\"https:\\\/\\\/secure.gravatar.com\\\/avatar\\\/23291dd5b5ae1077dcff3dbb04c3e02bd28403fa75af6d8787d5e97c5bbbe30b?s=96&d=mm&r=g\",\"caption\":\"Web del Maestro CMF\"},\"description\":\"Esta Web se cre\u00f3 sin fines de lucro, con fines educativos, cient\u00edficos y acad\u00e9micos, para personas que tengan dificultades y\\\/o inconvenientes en visualizar el material original. El objetivo es entregar recursos, compartir experiencias y materiales que ayuden a los padres de familia, maestros y estudiantes en su actualizaci\u00f3n y formaci\u00f3n permanente, en bien de la Educaci\u00f3n.\",\"sameAs\":[\"http:\\\/\\\/webdelmaestrocmf.com\\\/portal\",\"https:\\\/\\\/www.facebook.com\\\/WebdelMaestroCMF\\\/\",\"https:\\\/\\\/www.instagram.com\\\/wmcmf\\\/\",\"https:\\\/\\\/cl.linkedin.com\\\/company\\\/web-del-maestro-cmf\",\"https:\\\/\\\/www.pinterest.com\\\/WMCMF\\\/publicaciones\\\/\",\"https:\\\/\\\/x.com\\\/cmf_w\",\"https:\\\/\\\/www.youtube.com\\\/@WMCMF\"]}]}<\/script>\n<!-- \/ Yoast SEO plugin. -->","yoast_head_json":{"title":"C\u00f3mo elaborar un Diagn\u00f3stico de Grupo - 2026","description":"La elaboraci\u00f3n de un \"Diagn\u00f3stico de Grupo\" es una herramienta crucial en el \u00e1mbito educativo, ya que permite a docentes y profesionales...","robots":{"index":"index","follow":"follow","max-snippet":"max-snippet:-1","max-image-preview":"max-image-preview:large","max-video-preview":"max-video-preview:-1"},"canonical":"https:\/\/webdelmaestrocmf.com\/portal\/como-elaborar-un-diagnostico-de-grupo-incluye-una-guia-y-ejemplo-practico\/","og_locale":"es_ES","og_type":"article","og_title":"C\u00f3mo elaborar un Diagn\u00f3stico de Grupo - 2026","og_description":"La elaboraci\u00f3n de un \"Diagn\u00f3stico de Grupo\" es una herramienta crucial en el \u00e1mbito educativo, ya que permite a docentes y profesionales...","og_url":"https:\/\/webdelmaestrocmf.com\/portal\/como-elaborar-un-diagnostico-de-grupo-incluye-una-guia-y-ejemplo-practico\/","og_site_name":"Web del Maestro CMF","article_publisher":"https:\/\/www.facebook.com\/WebdelMaestroCMF\/","article_author":"https:\/\/www.facebook.com\/WebdelMaestroCMF\/","article_published_time":"2024-01-20T21:00:55+00:00","article_modified_time":"2024-01-20T21:13:15+00:00","og_image":[{"width":1024,"height":1024,"url":"https:\/\/webdelmaestrocmf.com\/portal\/wp-content\/uploads\/2020\/08\/Banner-1-portada-imagen-10-42.jpg","type":"image\/jpeg"}],"author":"Web del Maestro CMF","twitter_card":"summary_large_image","twitter_creator":"@cmf_w","twitter_site":"@cmf_w","schema":{"@context":"https:\/\/schema.org","@graph":[{"@type":"ScholarlyArticle","@id":"https:\/\/webdelmaestrocmf.com\/portal\/como-elaborar-un-diagnostico-de-grupo-incluye-una-guia-y-ejemplo-practico\/#article","isPartOf":{"@id":"https:\/\/webdelmaestrocmf.com\/portal\/como-elaborar-un-diagnostico-de-grupo-incluye-una-guia-y-ejemplo-practico\/"},"author":{"name":"Web del Maestro CMF","@id":"https:\/\/webdelmaestrocmf.com\/portal\/#\/schema\/person\/1072a2ed7bd960df8ef99a551fa35dc5"},"headline":"C\u00f3mo elaborar un Diagn\u00f3stico de Grupo","datePublished":"2024-01-20T21:00:55+00:00","dateModified":"2024-01-20T21:13:15+00:00","mainEntityOfPage":{"@id":"https:\/\/webdelmaestrocmf.com\/portal\/como-elaborar-un-diagnostico-de-grupo-incluye-una-guia-y-ejemplo-practico\/"},"wordCount":1421,"commentCount":3,"publisher":{"@id":"https:\/\/webdelmaestrocmf.com\/portal\/#organization"},"image":{"@id":"https:\/\/webdelmaestrocmf.com\/portal\/como-elaborar-un-diagnostico-de-grupo-incluye-una-guia-y-ejemplo-practico\/#primaryimage"},"thumbnailUrl":"https:\/\/webdelmaestrocmf.com\/portal\/wp-content\/uploads\/2020\/08\/Banner-1-portada-imagen-10-42.jpg","keywords":["DIAGN\u00d3STICO","ejemplo","GRUPO","GU\u00cdA","pr\u00e1ctico"],"articleSection":["Docentes","Recursos"],"inLanguage":"es","potentialAction":[{"@type":"CommentAction","name":"Comment","target":["https:\/\/webdelmaestrocmf.com\/portal\/como-elaborar-un-diagnostico-de-grupo-incluye-una-guia-y-ejemplo-practico\/#respond"]}]},{"@type":"WebPage","@id":"https:\/\/webdelmaestrocmf.com\/portal\/como-elaborar-un-diagnostico-de-grupo-incluye-una-guia-y-ejemplo-practico\/","url":"https:\/\/webdelmaestrocmf.com\/portal\/como-elaborar-un-diagnostico-de-grupo-incluye-una-guia-y-ejemplo-practico\/","name":"C\u00f3mo elaborar un Diagn\u00f3stico de Grupo - 2026","isPartOf":{"@id":"https:\/\/webdelmaestrocmf.com\/portal\/#website"},"primaryImageOfPage":{"@id":"https:\/\/webdelmaestrocmf.com\/portal\/como-elaborar-un-diagnostico-de-grupo-incluye-una-guia-y-ejemplo-practico\/#primaryimage"},"image":{"@id":"https:\/\/webdelmaestrocmf.com\/portal\/como-elaborar-un-diagnostico-de-grupo-incluye-una-guia-y-ejemplo-practico\/#primaryimage"},"thumbnailUrl":"https:\/\/webdelmaestrocmf.com\/portal\/wp-content\/uploads\/2020\/08\/Banner-1-portada-imagen-10-42.jpg","datePublished":"2024-01-20T21:00:55+00:00","dateModified":"2024-01-20T21:13:15+00:00","description":"La elaboraci\u00f3n de un \"Diagn\u00f3stico de Grupo\" es una herramienta crucial en el \u00e1mbito educativo, ya que permite a docentes y profesionales...","breadcrumb":{"@id":"https:\/\/webdelmaestrocmf.com\/portal\/como-elaborar-un-diagnostico-de-grupo-incluye-una-guia-y-ejemplo-practico\/#breadcrumb"},"inLanguage":"es","potentialAction":[{"@type":"ReadAction","target":["https:\/\/webdelmaestrocmf.com\/portal\/como-elaborar-un-diagnostico-de-grupo-incluye-una-guia-y-ejemplo-practico\/"]}]},{"@type":"ImageObject","inLanguage":"es","@id":"https:\/\/webdelmaestrocmf.com\/portal\/como-elaborar-un-diagnostico-de-grupo-incluye-una-guia-y-ejemplo-practico\/#primaryimage","url":"https:\/\/webdelmaestrocmf.com\/portal\/wp-content\/uploads\/2020\/08\/Banner-1-portada-imagen-10-42.jpg","contentUrl":"https:\/\/webdelmaestrocmf.com\/portal\/wp-content\/uploads\/2020\/08\/Banner-1-portada-imagen-10-42.jpg","width":1024,"height":1024},{"@type":"BreadcrumbList","@id":"https:\/\/webdelmaestrocmf.com\/portal\/como-elaborar-un-diagnostico-de-grupo-incluye-una-guia-y-ejemplo-practico\/#breadcrumb","itemListElement":[{"@type":"ListItem","position":1,"name":"Portada","item":"https:\/\/webdelmaestrocmf.com\/portal\/"},{"@type":"ListItem","position":2,"name":"Recursos","item":"https:\/\/webdelmaestrocmf.com\/portal\/category\/pedagogia\/"},{"@type":"ListItem","position":3,"name":"C\u00f3mo elaborar un Diagn\u00f3stico de Grupo"}]},{"@type":"WebSite","@id":"https:\/\/webdelmaestrocmf.com\/portal\/#website","url":"https:\/\/webdelmaestrocmf.com\/portal\/","name":"Web del Maestro CMF","description":"Maestros al servicio de la educaci\u00f3n","publisher":{"@id":"https:\/\/webdelmaestrocmf.com\/portal\/#organization"},"alternateName":"WMCMF","potentialAction":[{"@type":"SearchAction","target":{"@type":"EntryPoint","urlTemplate":"https:\/\/webdelmaestrocmf.com\/portal\/?s={search_term_string}"},"query-input":{"@type":"PropertyValueSpecification","valueRequired":true,"valueName":"search_term_string"}}],"inLanguage":"es"},{"@type":"Organization","@id":"https:\/\/webdelmaestrocmf.com\/portal\/#organization","name":"Web del Maestro CMF","alternateName":"WMCMF","url":"https:\/\/webdelmaestrocmf.com\/portal\/","logo":{"@type":"ImageObject","inLanguage":"es","@id":"https:\/\/webdelmaestrocmf.com\/portal\/#\/schema\/logo\/image\/","url":"https:\/\/webdelmaestrocmf.com\/portal\/wp-content\/uploads\/2023\/01\/logo-wmcmf-2.png","contentUrl":"https:\/\/webdelmaestrocmf.com\/portal\/wp-content\/uploads\/2023\/01\/logo-wmcmf-2.png","width":200,"height":60,"caption":"Web del Maestro CMF"},"image":{"@id":"https:\/\/webdelmaestrocmf.com\/portal\/#\/schema\/logo\/image\/"},"sameAs":["https:\/\/www.facebook.com\/WebdelMaestroCMF\/","https:\/\/x.com\/cmf_w","https:\/\/www.pinterest.com\/WMCMF\/","https:\/\/www.linkedin.com\/company\/web-del-maestro-cmf\/","https:\/\/www.instagram.com\/wmcmf\/","https:\/\/www.youtube.com\/channel\/UCDPSvjbdodE5sHnC3OxutHw","https:\/\/mastodon.social\/@wmcmf","https:\/\/www.tiktok.com\/@webdelmaestrocmf"]},{"@type":"Person","@id":"https:\/\/webdelmaestrocmf.com\/portal\/#\/schema\/person\/1072a2ed7bd960df8ef99a551fa35dc5","name":"Web del Maestro CMF","image":{"@type":"ImageObject","inLanguage":"es","@id":"https:\/\/secure.gravatar.com\/avatar\/23291dd5b5ae1077dcff3dbb04c3e02bd28403fa75af6d8787d5e97c5bbbe30b?s=96&d=mm&r=g","url":"https:\/\/secure.gravatar.com\/avatar\/23291dd5b5ae1077dcff3dbb04c3e02bd28403fa75af6d8787d5e97c5bbbe30b?s=96&d=mm&r=g","contentUrl":"https:\/\/secure.gravatar.com\/avatar\/23291dd5b5ae1077dcff3dbb04c3e02bd28403fa75af6d8787d5e97c5bbbe30b?s=96&d=mm&r=g","caption":"Web del Maestro CMF"},"description":"Esta Web se cre\u00f3 sin fines de lucro, con fines educativos, cient\u00edficos y acad\u00e9micos, para personas que tengan dificultades y\/o inconvenientes en visualizar el material original. El objetivo es entregar recursos, compartir experiencias y materiales que ayuden a los padres de familia, maestros y estudiantes en su actualizaci\u00f3n y formaci\u00f3n permanente, en bien de la Educaci\u00f3n.","sameAs":["http:\/\/webdelmaestrocmf.com\/portal","https:\/\/www.facebook.com\/WebdelMaestroCMF\/","https:\/\/www.instagram.com\/wmcmf\/","https:\/\/cl.linkedin.com\/company\/web-del-maestro-cmf","https:\/\/www.pinterest.com\/WMCMF\/publicaciones\/","https:\/\/x.com\/cmf_w","https:\/\/www.youtube.com\/@WMCMF"]}]}},"jetpack_featured_media_url":"https:\/\/webdelmaestrocmf.com\/portal\/wp-content\/uploads\/2020\/08\/Banner-1-portada-imagen-10-42.jpg","jetpack_sharing_enabled":true,"jetpack-related-posts":[{"id":97136,"url":"https:\/\/webdelmaestrocmf.com\/portal\/diferencias-entre-diagnostico-del-alumnado-y-diagnostico-de-grupo-y-como-implementarlo-en-secundaria\/","url_meta":{"origin":39386,"position":0},"title":"Diferencias entre Diagn\u00f3stico del alumnado y Diagn\u00f3stico de Grupo y c\u00f3mo implementarlo en secundaria","author":"Web del Maestro CMF","date":"10 octubre, 2023","format":false,"excerpt":"Sin duda, comprender las diferencias entre el diagn\u00f3stico del alumnado y el diagn\u00f3stico de grupo es crucial para el \u00e9xito de los educadores en la ense\u00f1anza secundaria. El diagn\u00f3stico del alumnado se convierte en una lupa enfocada en cada estudiante, permitiendo a los docentes evaluar sus habilidades, conocimientos previos, estilos\u2026","rel":"","context":"En \u00abDescargas Manuales PDF\u00bb","block_context":{"text":"Descargas Manuales PDF","link":"https:\/\/webdelmaestrocmf.com\/portal\/category\/pedagogia\/descargas-manuales-pdf\/"},"img":{"alt_text":"alumnado","src":"https:\/\/i0.wp.com\/webdelmaestrocmf.com\/portal\/wp-content\/uploads\/2023\/10\/A12B3C4D-36.jpg?resize=350%2C200&ssl=1","width":350,"height":200,"srcset":"https:\/\/i0.wp.com\/webdelmaestrocmf.com\/portal\/wp-content\/uploads\/2023\/10\/A12B3C4D-36.jpg?resize=350%2C200&ssl=1 1x, https:\/\/i0.wp.com\/webdelmaestrocmf.com\/portal\/wp-content\/uploads\/2023\/10\/A12B3C4D-36.jpg?resize=525%2C300&ssl=1 1.5x, https:\/\/i0.wp.com\/webdelmaestrocmf.com\/portal\/wp-content\/uploads\/2023\/10\/A12B3C4D-36.jpg?resize=700%2C400&ssl=1 2x"},"classes":[]},{"id":21165,"url":"https:\/\/webdelmaestrocmf.com\/portal\/elementos-debe-contener-un-diagnostico-grupal-ejemplo\/","url_meta":{"origin":39386,"position":1},"title":"Elementos que debe contener un Diagn\u00f3stico grupal + Ejemplos","author":"Web del Maestro CMF","date":"12 enero, 2020","format":false,"excerpt":"El diagnostico es de suma importancia, ya que permite conocer las caracter\u00edsticas de los\u00a0ni\u00f1os, sus fortalezas y debilidades, entender el porqu\u00e9 de sus acciones y lo m\u00e1s\u00a0importante, lo que quieren y necesitan para lograr el desarrollo integral de sus\u00a0capacidades, para qu\u00e9 el profesor pueda registrar como recibi\u00f3 al grupo y\u2026","rel":"","context":"En \u00abDescargas Manuales PDF\u00bb","block_context":{"text":"Descargas Manuales PDF","link":"https:\/\/webdelmaestrocmf.com\/portal\/category\/pedagogia\/descargas-manuales-pdf\/"},"img":{"alt_text":"Diagn\u00f3stico","src":"https:\/\/i0.wp.com\/webdelmaestrocmf.com\/portal\/wp-content\/uploads\/2018\/07\/1-2.jpeg?resize=350%2C200&ssl=1","width":350,"height":200,"srcset":"https:\/\/i0.wp.com\/webdelmaestrocmf.com\/portal\/wp-content\/uploads\/2018\/07\/1-2.jpeg?resize=350%2C200&ssl=1 1x, https:\/\/i0.wp.com\/webdelmaestrocmf.com\/portal\/wp-content\/uploads\/2018\/07\/1-2.jpeg?resize=525%2C300&ssl=1 1.5x, https:\/\/i0.wp.com\/webdelmaestrocmf.com\/portal\/wp-content\/uploads\/2018\/07\/1-2.jpeg?resize=700%2C400&ssl=1 2x, https:\/\/i0.wp.com\/webdelmaestrocmf.com\/portal\/wp-content\/uploads\/2018\/07\/1-2.jpeg?resize=1050%2C600&ssl=1 3x"},"classes":[]},{"id":103892,"url":"https:\/\/webdelmaestrocmf.com\/portal\/caracteristicas-de-una-evaluacion-diagnostica-efectiva\/","url_meta":{"origin":39386,"position":2},"title":"Caracter\u00edsticas de una evaluaci\u00f3n diagn\u00f3stica efectiva","author":"Web del Maestro CMF","date":"15 febrero, 2024","format":false,"excerpt":"La evaluaci\u00f3n diagn\u00f3stica es un proceso fundamental en la educaci\u00f3n inicial y primaria, ya que permite obtener informaci\u00f3n precisa sobre los conocimientos, habilidades y necesidades de los estudiantes al inicio del ciclo escolar. Esta informaci\u00f3n es vital para que los docentes puedan adaptar sus estrategias pedag\u00f3gicas y brindar una atenci\u00f3n\u2026","rel":"","context":"En \u00abExamen diagnostico\u00bb","block_context":{"text":"Examen diagnostico","link":"https:\/\/webdelmaestrocmf.com\/portal\/category\/pedagogia\/examen-diagnostico\/"},"img":{"alt_text":"","src":"https:\/\/i0.wp.com\/webdelmaestrocmf.com\/portal\/wp-content\/uploads\/2024\/02\/Banner-1-portada-imagen-10-1-12-1.jpg?resize=350%2C200&ssl=1","width":350,"height":200,"srcset":"https:\/\/i0.wp.com\/webdelmaestrocmf.com\/portal\/wp-content\/uploads\/2024\/02\/Banner-1-portada-imagen-10-1-12-1.jpg?resize=350%2C200&ssl=1 1x, https:\/\/i0.wp.com\/webdelmaestrocmf.com\/portal\/wp-content\/uploads\/2024\/02\/Banner-1-portada-imagen-10-1-12-1.jpg?resize=525%2C300&ssl=1 1.5x, https:\/\/i0.wp.com\/webdelmaestrocmf.com\/portal\/wp-content\/uploads\/2024\/02\/Banner-1-portada-imagen-10-1-12-1.jpg?resize=700%2C400&ssl=1 2x"},"classes":[]},{"id":93326,"url":"https:\/\/webdelmaestrocmf.com\/portal\/examen-diagnostico-para-evaluar-los-conocimientos-de-alumnos-de-1o-al-6o-grado\/","url_meta":{"origin":39386,"position":3},"title":"Examen diagnostico para evaluar los conocimientos de alumnos de 1\u00ba al 6\u00ba grado","author":"Web del Maestro CMF","date":"3 marzo, 2025","format":false,"excerpt":"En el \u00e1mbito educativo, la evaluaci\u00f3n es un recurso esencial para medir el progreso de los estudiantes y orientar la planificaci\u00f3n curricular. El examen diagn\u00f3stico se destacan como una herramienta valiosa para evaluar los conocimientos en cada uno de los grados de educaci\u00f3n primaria. Su prop\u00f3sito va m\u00e1s all\u00e1 de\u2026","rel":"","context":"En \u00abEvaluar\u00bb","block_context":{"text":"Evaluar","link":"https:\/\/webdelmaestrocmf.com\/portal\/category\/pedagogia\/evaluar\/"},"img":{"alt_text":"examen diagn\u00f3stico","src":"https:\/\/i0.wp.com\/webdelmaestrocmf.com\/portal\/wp-content\/uploads\/2023\/08\/Banner-1-portada-imagen-10-1-3.jpg?resize=350%2C200&ssl=1","width":350,"height":200,"srcset":"https:\/\/i0.wp.com\/webdelmaestrocmf.com\/portal\/wp-content\/uploads\/2023\/08\/Banner-1-portada-imagen-10-1-3.jpg?resize=350%2C200&ssl=1 1x, https:\/\/i0.wp.com\/webdelmaestrocmf.com\/portal\/wp-content\/uploads\/2023\/08\/Banner-1-portada-imagen-10-1-3.jpg?resize=525%2C300&ssl=1 1.5x, https:\/\/i0.wp.com\/webdelmaestrocmf.com\/portal\/wp-content\/uploads\/2023\/08\/Banner-1-portada-imagen-10-1-3.jpg?resize=700%2C400&ssl=1 2x"},"classes":[]},{"id":76243,"url":"https:\/\/webdelmaestrocmf.com\/portal\/guia-para-el-analisis-de-evidencias-de-la-evaluacion-diagnostica\/","url_meta":{"origin":39386,"position":4},"title":"Gu\u00eda para el an\u00e1lisis de evidencias de la evaluaci\u00f3n diagnostica","author":"Web del Maestro CMF","date":"28 septiembre, 2022","format":false,"excerpt":"La pandemia global que surge el a\u00f1o pasado de manera inusitada, puso a los sistemas educativos en un escenario in\u00e9dito lleno de incertidumbre para maestros, estudiantes y familias, con la \u00fanica certeza del vertiginoso tr\u00e1nsito hacia una educaci\u00f3n remota. Desde entonces, los actores de la educaci\u00f3n asumieron nuevos roles, hasta\u2026","rel":"","context":"En \u00abDescargas Manuales PDF\u00bb","block_context":{"text":"Descargas Manuales PDF","link":"https:\/\/webdelmaestrocmf.com\/portal\/category\/pedagogia\/descargas-manuales-pdf\/"},"img":{"alt_text":"","src":"https:\/\/i0.wp.com\/webdelmaestrocmf.com\/portal\/wp-content\/uploads\/2022\/04\/1-30.jpg?resize=350%2C200&ssl=1","width":350,"height":200,"srcset":"https:\/\/i0.wp.com\/webdelmaestrocmf.com\/portal\/wp-content\/uploads\/2022\/04\/1-30.jpg?resize=350%2C200&ssl=1 1x, https:\/\/i0.wp.com\/webdelmaestrocmf.com\/portal\/wp-content\/uploads\/2022\/04\/1-30.jpg?resize=525%2C300&ssl=1 1.5x, https:\/\/i0.wp.com\/webdelmaestrocmf.com\/portal\/wp-content\/uploads\/2022\/04\/1-30.jpg?resize=700%2C400&ssl=1 2x, https:\/\/i0.wp.com\/webdelmaestrocmf.com\/portal\/wp-content\/uploads\/2022\/04\/1-30.jpg?resize=1050%2C600&ssl=1 3x"},"classes":[]},{"id":94285,"url":"https:\/\/webdelmaestrocmf.com\/portal\/planeacion-analitica-de-primero-a-sexto-de-primaria-semanal-ciclo-2023-2024\/","url_meta":{"origin":39386,"position":5},"title":"Planeaci\u00f3n Anal\u00edtica de Primero a Sexto de Primaria semanal, ciclo 2023 &#8211; 2024","author":"Web del Maestro CMF","date":"6 septiembre, 2023","format":false,"excerpt":"La ense\u00f1anza efectiva es un pilar fundamental en la formaci\u00f3n de los estudiantes, y para lograrlo, los docentes desempe\u00f1an un papel crucial. La planeaci\u00f3n anal\u00edtica se presenta como un proceso esencial que permite a los educadores estructurar su trabajo de manera sistem\u00e1tica y eficiente. En el contexto de la educaci\u00f3n\u2026","rel":"","context":"En \u00abPlaneaci\u00f3n\u00bb","block_context":{"text":"Planeaci\u00f3n","link":"https:\/\/webdelmaestrocmf.com\/portal\/category\/pedagogia\/planeacion\/"},"img":{"alt_text":"Planeaci\u00f3n Anal\u00edtica","src":"https:\/\/i0.wp.com\/webdelmaestrocmf.com\/portal\/wp-content\/uploads\/2023\/09\/A12B3C4D-29.jpg?resize=350%2C200&ssl=1","width":350,"height":200,"srcset":"https:\/\/i0.wp.com\/webdelmaestrocmf.com\/portal\/wp-content\/uploads\/2023\/09\/A12B3C4D-29.jpg?resize=350%2C200&ssl=1 1x, https:\/\/i0.wp.com\/webdelmaestrocmf.com\/portal\/wp-content\/uploads\/2023\/09\/A12B3C4D-29.jpg?resize=525%2C300&ssl=1 1.5x, https:\/\/i0.wp.com\/webdelmaestrocmf.com\/portal\/wp-content\/uploads\/2023\/09\/A12B3C4D-29.jpg?resize=700%2C400&ssl=1 2x"},"classes":[]}],"_links":{"self":[{"href":"https:\/\/webdelmaestrocmf.com\/portal\/wp-json\/wp\/v2\/posts\/39386","targetHints":{"allow":["GET"]}}],"collection":[{"href":"https:\/\/webdelmaestrocmf.com\/portal\/wp-json\/wp\/v2\/posts"}],"about":[{"href":"https:\/\/webdelmaestrocmf.com\/portal\/wp-json\/wp\/v2\/types\/post"}],"author":[{"embeddable":true,"href":"https:\/\/webdelmaestrocmf.com\/portal\/wp-json\/wp\/v2\/users\/1"}],"replies":[{"embeddable":true,"href":"https:\/\/webdelmaestrocmf.com\/portal\/wp-json\/wp\/v2\/comments?post=39386"}],"version-history":[{"count":0,"href":"https:\/\/webdelmaestrocmf.com\/portal\/wp-json\/wp\/v2\/posts\/39386\/revisions"}],"wp:featuredmedia":[{"embeddable":true,"href":"https:\/\/webdelmaestrocmf.com\/portal\/wp-json\/wp\/v2\/media\/102834"}],"wp:attachment":[{"href":"https:\/\/webdelmaestrocmf.com\/portal\/wp-json\/wp\/v2\/media?parent=39386"}],"wp:term":[{"taxonomy":"category","embeddable":true,"href":"https:\/\/webdelmaestrocmf.com\/portal\/wp-json\/wp\/v2\/categories?post=39386"},{"taxonomy":"post_tag","embeddable":true,"href":"https:\/\/webdelmaestrocmf.com\/portal\/wp-json\/wp\/v2\/tags?post=39386"}],"curies":[{"name":"wp","href":"https:\/\/api.w.org\/{rel}","templated":true}]}}