{"id":38365,"date":"2019-07-22T19:20:45","date_gmt":"2019-07-22T23:20:45","guid":{"rendered":"http:\/\/webdelmaestrocmf.com\/portal\/?p=38365"},"modified":"2019-07-22T19:20:45","modified_gmt":"2019-07-22T23:20:45","slug":"ernesto-gonzalez-la-necesidad-de-ser-cultos","status":"publish","type":"post","link":"https:\/\/webdelmaestrocmf.com\/portal\/ernesto-gonzalez-la-necesidad-de-ser-cultos\/","title":{"rendered":"[ERNESTO GONZ\u00c1LEZ] LA NECESIDAD DE SER CULTOS"},"content":{"rendered":"<h4 style=\"text-align: justify;\">Tradicionalmente, atribuimos la codiciada categor\u00eda de \u00abpersona culta\u00bb a las que, adem\u00e1s de haber cursado una carrera superior, dedican la mayor parte de su tiempo a la lectura. O a quienes est\u00e1n al d\u00eda de lo que ocurre entre nosotros y en el resto del mundo. O a las que se desenvuelven con cierta soltura en la historia, la ciencia, la filosof\u00eda, la econom\u00eda o la literatura y las dem\u00e1s manifestaciones art\u00edsticas.<\/h4>\n<p><!--more--><\/p>\n<p style=\"text-align: justify;\">No es f\u00e1cil, por tanto, ser una persona culta. Pero,<strong> \u00bfno hay otras acepciones para este t\u00e9rmino de cultura?<\/strong> Maslow, cient\u00edfico de la psicolog\u00eda y experto en la investigaci\u00f3n de las conductas humanas, describi\u00f3 y catalog\u00f3 hace ya varias d\u00e9cadas las necesidades de las personas y las clasific\u00f3 en<strong> \u00abb\u00e1sicas\u00bb y de \u00abcrecimiento\u00bb.<\/strong><\/p>\n<p style=\"text-align: justify;\">Dentro de las necesidades b\u00e1sicas <strong>(las que hemos de satisfacer para poder aspirar a un m\u00ednimo desarrollo como seres humanos y a un cierto equilibrio personal),<\/strong> situaba la de ser personas cultas. Pero no especificaba qu\u00e9 nivel de cultura es el que consideraba b\u00e1sico. En t\u00e9rminos abstractos, puede decirse que el desarrollo cultural de las personas se concreta en la adaptaci\u00f3n inteligente al medio en que viven, para poder as\u00ed interpretarlo y transformarlo seg\u00fan sus necesidades y deseos.<\/p>\n<p style=\"text-align: justify;\">[socialpug_tweet tweet=\u00bbEs necesarios tener en cuenta que estamos ante un proceso que no puede producirse individualmente, se requiere la comunicaci\u00f3n entre los individuos y los grupos&#8230;\u00bb display_tweet=\u00bbEs necesarios tener en cuenta que estamos ante un proceso que no puede producirse individualmente, se requiere la comunicaci\u00f3n entre los individuos y los grupos, que comparten saberes, actitudes, experiencia, emociones, &#8230; Para participar en este proceso, din\u00e1mico por naturaleza, cada persona ha de saber comunicarse, y poseer los c\u00f3digos necesarios para interpretar el pensamiento, las vivencias y los \u00abdescubrimientos\u00bb de los dem\u00e1s.\u00bb]<\/p>\n<p style=\"text-align: justify;\">Por eso, hemos de aprender y perfeccionar continuamente esos lenguajes, mediante la lectura, la conversaci\u00f3n, la interpretaci\u00f3n de las bellas artes, de las im\u00e1genes audiovisuales, del uso correcto de las redes sociales. El acceso a la cultura es un proceso personal, de transformaci\u00f3n interior. Nuestra cultura individual inicial nos la proporciona la propia vida, las experiencias que hemos ido acumulando.<\/p>\n<p><img loading=\"lazy\" decoding=\"async\" class=\"alignnone size-full wp-image-38371\" src=\"http:\/\/webdelmaestrocmf.com\/portal\/wp-content\/uploads\/2019\/07\/2-17.jpg\" alt=\"\" width=\"1100\" height=\"680\" srcset=\"https:\/\/webdelmaestrocmf.com\/portal\/wp-content\/uploads\/2019\/07\/2-17.jpg 1100w, https:\/\/webdelmaestrocmf.com\/portal\/wp-content\/uploads\/2019\/07\/2-17-300x185.jpg 300w, https:\/\/webdelmaestrocmf.com\/portal\/wp-content\/uploads\/2019\/07\/2-17-768x475.jpg 768w, https:\/\/webdelmaestrocmf.com\/portal\/wp-content\/uploads\/2019\/07\/2-17-1024x633.jpg 1024w\" sizes=\"auto, (max-width: 1100px) 100vw, 1100px\" \/><\/p>\n<p style=\"text-align: justify;\">Sin duda, hay mucho de cierto en el rotundo aserto popular de que<strong> \u00abla mejor universidad es la propia vida\u00bb.<\/strong> Pero sabemos que no es suficiente. Si bien la vida nos permite acumular experiencias y conocimientos insustituibles, nuestro objetivo de una existencia equilibrada y plena nos exige acercarnos a vidas ajenas y distintas a la nuestra, a otros contextos culturales, econ\u00f3micos y geogr\u00e1ficos.<\/p>\n<p style=\"text-align: justify;\">[socialpug_tweet tweet=\u00bbCuando extraemos lo positivo de nuestras vivencias, cuando nos interesamos por conocer c\u00f3mo disfrutan o padecen los dem\u00e1s, nos situamos ante el mundo de una&#8230;\u00bb display_tweet=\u00bbCuando extraemos lo positivo de nuestras vivencias, cuando nos interesamos por conocer c\u00f3mo disfrutan o padecen los dem\u00e1s, nos situamos ante el mundo de una forma m\u00e1s abierta y receptiva, que nos permitir\u00e1 sacar m\u00e1s rendimiento a nuestra vida.\u00bb]<\/p>\n<p style=\"text-align: justify;\">Y comprender mejor cu\u00e1les son las circunstancias que la condicionan. La cultura, en suma, no se limita exclusivamente al mundo de los conocimientos acad\u00e9micos, ni a lo que est\u00e1 escrito en los libros. Cultivar muchos de estos apartados nos har\u00e1, probablemente, personas m\u00e1s sanas, equilibradas y ricas en conocimientos, adem\u00e1s de m\u00e1s libres e independientes. Nos permitir\u00e1, adem\u00e1s, una percepci\u00f3n del mundo m\u00e1s rica y m\u00e1s personal. Y nos convertir\u00e1 en individuos m\u00e1s libres, menos manipulables y menos atados a prejuicios, t\u00f3picos o supersticiones. Todo ello, sin olvidar que nos abre un infinito abanico de posibilidades para cubrir a plena satisfacci\u00f3n nuestro tiempo libre. \u00bfEst\u00e1 Usted de acuerdo conmigo? Espero que s\u00ed.<\/p>\n<table border=\"0\" width=\"100%\" cellspacing=\"10\" cellpadding=\"10\">\n<tbody>\n<tr>\n<td style=\"text-align: center;\" width=\"30%\"><strong><img loading=\"lazy\" decoding=\"async\" class=\"size-full wp-image-35086 aligncenter\" src=\"http:\/\/webdelmaestrocmf.com\/portal\/wp-content\/uploads\/2019\/02\/1-6.jpg\" alt=\"\" width=\"200\" height=\"200\" srcset=\"https:\/\/webdelmaestrocmf.com\/portal\/wp-content\/uploads\/2019\/02\/1-6.jpg 200w, https:\/\/webdelmaestrocmf.com\/portal\/wp-content\/uploads\/2019\/02\/1-6-150x150.jpg 150w, https:\/\/webdelmaestrocmf.com\/portal\/wp-content\/uploads\/2019\/02\/1-6-109x109.jpg 109w, https:\/\/webdelmaestrocmf.com\/portal\/wp-content\/uploads\/2019\/02\/1-6-100x100.jpg 100w, https:\/\/webdelmaestrocmf.com\/portal\/wp-content\/uploads\/2019\/02\/1-6-65x65.jpg 65w\" sizes=\"auto, (max-width: 200px) 100vw, 200px\" \/><br \/>\nAutor: <\/strong>Ernesto Gonzalez , ciudadano nicarag\u00fcense, nacido en Cuba.<strong><br \/>\nExperiencia laboral:<\/strong> Lic. en Ciencias Pedag\u00f3gicas con menci\u00f3n en qu\u00edmica. 40 a\u00f1os de experiencia como docente en los niveles de educaci\u00f3n media y superior; cursos de posgrado propios de la especialidad y en pedagog\u00eda; autor de libros de texto para la ense\u00f1anza media tanto en ciencias naturales, como sociales. Articulista para los peri\u00f3dicos La Prensa, El Nuevo Diario (nicarag\u00fcenses 2000-2008), actualmente para el peri\u00f3dico El Siglo 21 guatemalteco.<strong><br \/>\nCorreo electr\u00f3nico:<\/strong> <a href=\"mailto:eglezvaldes@gmail.com\">eglezvaldes@gmail.com<\/a><br \/>\n<strong>Cuenta de twitter:<\/strong> <a href=\"https:\/\/twitter.com\/search?q=%40gonzlez_ernesto&amp;src=typd\" target=\"_blank\" rel=\"noopener noreferrer\">@gonzlez_ernesto<\/a><\/td>\n<\/tr>\n<\/tbody>\n<\/table>\n<p style=\"text-align: justify;\">.<\/p>\n","protected":false},"excerpt":{"rendered":"Tradicionalmente, atribuimos la codiciada categor\u00eda de \u00abpersona culta\u00bb a las que, adem\u00e1s de haber cursado una carrera superior,&hellip;","protected":false},"author":1,"featured_media":38370,"comment_status":"open","ping_status":"closed","sticky":false,"template":"","format":"standard","meta":{"csco_display_header_overlay":false,"csco_singular_sidebar":"","csco_page_header_type":"","csco_page_load_nextpost":"","csco_post_video_location":[],"csco_post_video_location_hash":"","csco_post_video_url":"","csco_post_video_bg_start_time":0,"csco_post_video_bg_end_time":0,"csco_post_video_bg_volume":false,"_jetpack_memberships_contains_paid_content":false,"footnotes":""},"categories":[1790,4122],"tags":[4358,4123,2510,2442],"class_list":{"0":"post-38365","1":"post","2":"type-post","3":"status-publish","4":"format-standard","5":"has-post-thumbnail","7":"category-colaborador","8":"category-z-colaboradores-ernesto-gonzalez","9":"tag-cultos","10":"tag-ernesto-gonzalez","11":"tag-necesidad","12":"tag-ser","13":"cs-entry","14":"cs-video-wrap"},"yoast_head":"<!-- This site is optimized with the Yoast SEO plugin v27.5 - https:\/\/yoast.com\/product\/yoast-seo-wordpress\/ -->\n<title>[ERNESTO GONZ\u00c1LEZ] LA NECESIDAD DE SER CULTOS - 2026<\/title>\n<meta name=\"description\" content=\"Comunidad de Maestros, Docentes y Profesores, en donde encontrar\u00e1s material, informaci\u00f3n y noticias del \u00e1mbito nacional y mundial.\" \/>\n<meta name=\"robots\" content=\"index, follow, max-snippet:-1, max-image-preview:large, max-video-preview:-1\" \/>\n<link rel=\"canonical\" href=\"https:\/\/webdelmaestrocmf.com\/portal\/ernesto-gonzalez-la-necesidad-de-ser-cultos\/\" \/>\n<meta property=\"og:locale\" content=\"es_ES\" \/>\n<meta property=\"og:type\" content=\"article\" \/>\n<meta property=\"og:title\" content=\"[ERNESTO GONZ\u00c1LEZ] LA NECESIDAD DE SER CULTOS - 2026\" \/>\n<meta property=\"og:description\" content=\"Comunidad de Maestros, Docentes y Profesores, en donde encontrar\u00e1s material, informaci\u00f3n y noticias del \u00e1mbito nacional y mundial.\" \/>\n<meta property=\"og:url\" content=\"https:\/\/webdelmaestrocmf.com\/portal\/ernesto-gonzalez-la-necesidad-de-ser-cultos\/\" \/>\n<meta property=\"og:site_name\" content=\"Web del Maestro CMF\" \/>\n<meta property=\"article:publisher\" content=\"https:\/\/www.facebook.com\/WebdelMaestroCMF\/\" \/>\n<meta property=\"article:author\" content=\"https:\/\/www.facebook.com\/WebdelMaestroCMF\/\" \/>\n<meta property=\"article:published_time\" content=\"2019-07-22T23:20:45+00:00\" \/>\n<meta property=\"og:image\" content=\"https:\/\/i0.wp.com\/webdelmaestrocmf.com\/portal\/wp-content\/uploads\/2019\/07\/1-41.jpg?fit=1100%2C680&ssl=1\" \/>\n\t<meta property=\"og:image:width\" content=\"1100\" \/>\n\t<meta property=\"og:image:height\" content=\"680\" \/>\n\t<meta property=\"og:image:type\" content=\"image\/jpeg\" \/>\n<meta name=\"author\" content=\"Web del Maestro CMF\" \/>\n<meta name=\"twitter:card\" content=\"summary_large_image\" \/>\n<meta name=\"twitter:creator\" content=\"@cmf_w\" \/>\n<meta name=\"twitter:site\" content=\"@cmf_w\" \/>\n<script type=\"application\/ld+json\" class=\"yoast-schema-graph\">{\"@context\":\"https:\\\/\\\/schema.org\",\"@graph\":[{\"@type\":\"ScholarlyArticle\",\"@id\":\"https:\\\/\\\/webdelmaestrocmf.com\\\/portal\\\/ernesto-gonzalez-la-necesidad-de-ser-cultos\\\/#article\",\"isPartOf\":{\"@id\":\"https:\\\/\\\/webdelmaestrocmf.com\\\/portal\\\/ernesto-gonzalez-la-necesidad-de-ser-cultos\\\/\"},\"author\":{\"name\":\"Web del Maestro CMF\",\"@id\":\"https:\\\/\\\/webdelmaestrocmf.com\\\/portal\\\/#\\\/schema\\\/person\\\/1072a2ed7bd960df8ef99a551fa35dc5\"},\"headline\":\"[ERNESTO GONZ\u00c1LEZ] LA NECESIDAD DE SER CULTOS\",\"datePublished\":\"2019-07-22T23:20:45+00:00\",\"mainEntityOfPage\":{\"@id\":\"https:\\\/\\\/webdelmaestrocmf.com\\\/portal\\\/ernesto-gonzalez-la-necesidad-de-ser-cultos\\\/\"},\"wordCount\":753,\"commentCount\":0,\"publisher\":{\"@id\":\"https:\\\/\\\/webdelmaestrocmf.com\\\/portal\\\/#organization\"},\"image\":{\"@id\":\"https:\\\/\\\/webdelmaestrocmf.com\\\/portal\\\/ernesto-gonzalez-la-necesidad-de-ser-cultos\\\/#primaryimage\"},\"thumbnailUrl\":\"https:\\\/\\\/webdelmaestrocmf.com\\\/portal\\\/wp-content\\\/uploads\\\/2019\\\/07\\\/1-41.jpg\",\"keywords\":[\"CULTOS\",\"ERNESTO GONZALEZ\",\"NECESIDAD\",\"SER\"],\"articleSection\":[\"Z-Colaboradores\",\"Z-Colaboradores-Ernesto-Gonzalez\"],\"inLanguage\":\"es\",\"potentialAction\":[{\"@type\":\"CommentAction\",\"name\":\"Comment\",\"target\":[\"https:\\\/\\\/webdelmaestrocmf.com\\\/portal\\\/ernesto-gonzalez-la-necesidad-de-ser-cultos\\\/#respond\"]}]},{\"@type\":\"WebPage\",\"@id\":\"https:\\\/\\\/webdelmaestrocmf.com\\\/portal\\\/ernesto-gonzalez-la-necesidad-de-ser-cultos\\\/\",\"url\":\"https:\\\/\\\/webdelmaestrocmf.com\\\/portal\\\/ernesto-gonzalez-la-necesidad-de-ser-cultos\\\/\",\"name\":\"[ERNESTO GONZ\u00c1LEZ] LA NECESIDAD DE SER CULTOS - 2026\",\"isPartOf\":{\"@id\":\"https:\\\/\\\/webdelmaestrocmf.com\\\/portal\\\/#website\"},\"primaryImageOfPage\":{\"@id\":\"https:\\\/\\\/webdelmaestrocmf.com\\\/portal\\\/ernesto-gonzalez-la-necesidad-de-ser-cultos\\\/#primaryimage\"},\"image\":{\"@id\":\"https:\\\/\\\/webdelmaestrocmf.com\\\/portal\\\/ernesto-gonzalez-la-necesidad-de-ser-cultos\\\/#primaryimage\"},\"thumbnailUrl\":\"https:\\\/\\\/webdelmaestrocmf.com\\\/portal\\\/wp-content\\\/uploads\\\/2019\\\/07\\\/1-41.jpg\",\"datePublished\":\"2019-07-22T23:20:45+00:00\",\"description\":\"Comunidad de Maestros, Docentes y Profesores, en donde encontrar\u00e1s material, informaci\u00f3n y noticias del \u00e1mbito nacional y mundial.\",\"breadcrumb\":{\"@id\":\"https:\\\/\\\/webdelmaestrocmf.com\\\/portal\\\/ernesto-gonzalez-la-necesidad-de-ser-cultos\\\/#breadcrumb\"},\"inLanguage\":\"es\",\"potentialAction\":[{\"@type\":\"ReadAction\",\"target\":[\"https:\\\/\\\/webdelmaestrocmf.com\\\/portal\\\/ernesto-gonzalez-la-necesidad-de-ser-cultos\\\/\"]}]},{\"@type\":\"ImageObject\",\"inLanguage\":\"es\",\"@id\":\"https:\\\/\\\/webdelmaestrocmf.com\\\/portal\\\/ernesto-gonzalez-la-necesidad-de-ser-cultos\\\/#primaryimage\",\"url\":\"https:\\\/\\\/webdelmaestrocmf.com\\\/portal\\\/wp-content\\\/uploads\\\/2019\\\/07\\\/1-41.jpg\",\"contentUrl\":\"https:\\\/\\\/webdelmaestrocmf.com\\\/portal\\\/wp-content\\\/uploads\\\/2019\\\/07\\\/1-41.jpg\",\"width\":1100,\"height\":680},{\"@type\":\"BreadcrumbList\",\"@id\":\"https:\\\/\\\/webdelmaestrocmf.com\\\/portal\\\/ernesto-gonzalez-la-necesidad-de-ser-cultos\\\/#breadcrumb\",\"itemListElement\":[{\"@type\":\"ListItem\",\"position\":1,\"name\":\"Portada\",\"item\":\"https:\\\/\\\/webdelmaestrocmf.com\\\/portal\\\/\"},{\"@type\":\"ListItem\",\"position\":2,\"name\":\"Z-Colaboradores\",\"item\":\"https:\\\/\\\/webdelmaestrocmf.com\\\/portal\\\/category\\\/colaborador\\\/\"},{\"@type\":\"ListItem\",\"position\":3,\"name\":\"[ERNESTO GONZ\u00c1LEZ] LA NECESIDAD DE SER CULTOS\"}]},{\"@type\":\"WebSite\",\"@id\":\"https:\\\/\\\/webdelmaestrocmf.com\\\/portal\\\/#website\",\"url\":\"https:\\\/\\\/webdelmaestrocmf.com\\\/portal\\\/\",\"name\":\"Web del Maestro CMF\",\"description\":\"Maestros al servicio de la educaci\u00f3n\",\"publisher\":{\"@id\":\"https:\\\/\\\/webdelmaestrocmf.com\\\/portal\\\/#organization\"},\"alternateName\":\"WMCMF\",\"potentialAction\":[{\"@type\":\"SearchAction\",\"target\":{\"@type\":\"EntryPoint\",\"urlTemplate\":\"https:\\\/\\\/webdelmaestrocmf.com\\\/portal\\\/?s={search_term_string}\"},\"query-input\":{\"@type\":\"PropertyValueSpecification\",\"valueRequired\":true,\"valueName\":\"search_term_string\"}}],\"inLanguage\":\"es\"},{\"@type\":\"Organization\",\"@id\":\"https:\\\/\\\/webdelmaestrocmf.com\\\/portal\\\/#organization\",\"name\":\"Web del Maestro CMF\",\"alternateName\":\"WMCMF\",\"url\":\"https:\\\/\\\/webdelmaestrocmf.com\\\/portal\\\/\",\"logo\":{\"@type\":\"ImageObject\",\"inLanguage\":\"es\",\"@id\":\"https:\\\/\\\/webdelmaestrocmf.com\\\/portal\\\/#\\\/schema\\\/logo\\\/image\\\/\",\"url\":\"https:\\\/\\\/webdelmaestrocmf.com\\\/portal\\\/wp-content\\\/uploads\\\/2023\\\/01\\\/logo-wmcmf-2.png\",\"contentUrl\":\"https:\\\/\\\/webdelmaestrocmf.com\\\/portal\\\/wp-content\\\/uploads\\\/2023\\\/01\\\/logo-wmcmf-2.png\",\"width\":200,\"height\":60,\"caption\":\"Web del Maestro CMF\"},\"image\":{\"@id\":\"https:\\\/\\\/webdelmaestrocmf.com\\\/portal\\\/#\\\/schema\\\/logo\\\/image\\\/\"},\"sameAs\":[\"https:\\\/\\\/www.facebook.com\\\/WebdelMaestroCMF\\\/\",\"https:\\\/\\\/x.com\\\/cmf_w\",\"https:\\\/\\\/www.pinterest.com\\\/WMCMF\\\/\",\"https:\\\/\\\/www.linkedin.com\\\/company\\\/web-del-maestro-cmf\\\/\",\"https:\\\/\\\/www.instagram.com\\\/wmcmf\\\/\",\"https:\\\/\\\/www.youtube.com\\\/channel\\\/UCDPSvjbdodE5sHnC3OxutHw\",\"https:\\\/\\\/mastodon.social\\\/@wmcmf\",\"https:\\\/\\\/www.tiktok.com\\\/@webdelmaestrocmf\"]},{\"@type\":\"Person\",\"@id\":\"https:\\\/\\\/webdelmaestrocmf.com\\\/portal\\\/#\\\/schema\\\/person\\\/1072a2ed7bd960df8ef99a551fa35dc5\",\"name\":\"Web del Maestro CMF\",\"image\":{\"@type\":\"ImageObject\",\"inLanguage\":\"es\",\"@id\":\"https:\\\/\\\/secure.gravatar.com\\\/avatar\\\/23291dd5b5ae1077dcff3dbb04c3e02bd28403fa75af6d8787d5e97c5bbbe30b?s=96&d=mm&r=g\",\"url\":\"https:\\\/\\\/secure.gravatar.com\\\/avatar\\\/23291dd5b5ae1077dcff3dbb04c3e02bd28403fa75af6d8787d5e97c5bbbe30b?s=96&d=mm&r=g\",\"contentUrl\":\"https:\\\/\\\/secure.gravatar.com\\\/avatar\\\/23291dd5b5ae1077dcff3dbb04c3e02bd28403fa75af6d8787d5e97c5bbbe30b?s=96&d=mm&r=g\",\"caption\":\"Web del Maestro CMF\"},\"description\":\"Esta Web se cre\u00f3 sin fines de lucro, con fines educativos, cient\u00edficos y acad\u00e9micos, para personas que tengan dificultades y\\\/o inconvenientes en visualizar el material original. El objetivo es entregar recursos, compartir experiencias y materiales que ayuden a los padres de familia, maestros y estudiantes en su actualizaci\u00f3n y formaci\u00f3n permanente, en bien de la Educaci\u00f3n.\",\"sameAs\":[\"http:\\\/\\\/webdelmaestrocmf.com\\\/portal\",\"https:\\\/\\\/www.facebook.com\\\/WebdelMaestroCMF\\\/\",\"https:\\\/\\\/www.instagram.com\\\/wmcmf\\\/\",\"https:\\\/\\\/cl.linkedin.com\\\/company\\\/web-del-maestro-cmf\",\"https:\\\/\\\/www.pinterest.com\\\/WMCMF\\\/publicaciones\\\/\",\"https:\\\/\\\/x.com\\\/cmf_w\",\"https:\\\/\\\/www.youtube.com\\\/@WMCMF\"]}]}<\/script>\n<!-- \/ Yoast SEO plugin. -->","yoast_head_json":{"title":"[ERNESTO GONZ\u00c1LEZ] LA NECESIDAD DE SER CULTOS - 2026","description":"Comunidad de Maestros, Docentes y Profesores, en donde encontrar\u00e1s material, informaci\u00f3n y noticias del \u00e1mbito nacional y mundial.","robots":{"index":"index","follow":"follow","max-snippet":"max-snippet:-1","max-image-preview":"max-image-preview:large","max-video-preview":"max-video-preview:-1"},"canonical":"https:\/\/webdelmaestrocmf.com\/portal\/ernesto-gonzalez-la-necesidad-de-ser-cultos\/","og_locale":"es_ES","og_type":"article","og_title":"[ERNESTO GONZ\u00c1LEZ] LA NECESIDAD DE SER CULTOS - 2026","og_description":"Comunidad de Maestros, Docentes y Profesores, en donde encontrar\u00e1s material, informaci\u00f3n y noticias del \u00e1mbito nacional y mundial.","og_url":"https:\/\/webdelmaestrocmf.com\/portal\/ernesto-gonzalez-la-necesidad-de-ser-cultos\/","og_site_name":"Web del Maestro CMF","article_publisher":"https:\/\/www.facebook.com\/WebdelMaestroCMF\/","article_author":"https:\/\/www.facebook.com\/WebdelMaestroCMF\/","article_published_time":"2019-07-22T23:20:45+00:00","og_image":[{"width":1100,"height":680,"url":"https:\/\/i0.wp.com\/webdelmaestrocmf.com\/portal\/wp-content\/uploads\/2019\/07\/1-41.jpg?fit=1100%2C680&ssl=1","type":"image\/jpeg"}],"author":"Web del Maestro CMF","twitter_card":"summary_large_image","twitter_creator":"@cmf_w","twitter_site":"@cmf_w","schema":{"@context":"https:\/\/schema.org","@graph":[{"@type":"ScholarlyArticle","@id":"https:\/\/webdelmaestrocmf.com\/portal\/ernesto-gonzalez-la-necesidad-de-ser-cultos\/#article","isPartOf":{"@id":"https:\/\/webdelmaestrocmf.com\/portal\/ernesto-gonzalez-la-necesidad-de-ser-cultos\/"},"author":{"name":"Web del Maestro CMF","@id":"https:\/\/webdelmaestrocmf.com\/portal\/#\/schema\/person\/1072a2ed7bd960df8ef99a551fa35dc5"},"headline":"[ERNESTO GONZ\u00c1LEZ] LA NECESIDAD DE SER CULTOS","datePublished":"2019-07-22T23:20:45+00:00","mainEntityOfPage":{"@id":"https:\/\/webdelmaestrocmf.com\/portal\/ernesto-gonzalez-la-necesidad-de-ser-cultos\/"},"wordCount":753,"commentCount":0,"publisher":{"@id":"https:\/\/webdelmaestrocmf.com\/portal\/#organization"},"image":{"@id":"https:\/\/webdelmaestrocmf.com\/portal\/ernesto-gonzalez-la-necesidad-de-ser-cultos\/#primaryimage"},"thumbnailUrl":"https:\/\/webdelmaestrocmf.com\/portal\/wp-content\/uploads\/2019\/07\/1-41.jpg","keywords":["CULTOS","ERNESTO GONZALEZ","NECESIDAD","SER"],"articleSection":["Z-Colaboradores","Z-Colaboradores-Ernesto-Gonzalez"],"inLanguage":"es","potentialAction":[{"@type":"CommentAction","name":"Comment","target":["https:\/\/webdelmaestrocmf.com\/portal\/ernesto-gonzalez-la-necesidad-de-ser-cultos\/#respond"]}]},{"@type":"WebPage","@id":"https:\/\/webdelmaestrocmf.com\/portal\/ernesto-gonzalez-la-necesidad-de-ser-cultos\/","url":"https:\/\/webdelmaestrocmf.com\/portal\/ernesto-gonzalez-la-necesidad-de-ser-cultos\/","name":"[ERNESTO GONZ\u00c1LEZ] LA NECESIDAD DE SER CULTOS - 2026","isPartOf":{"@id":"https:\/\/webdelmaestrocmf.com\/portal\/#website"},"primaryImageOfPage":{"@id":"https:\/\/webdelmaestrocmf.com\/portal\/ernesto-gonzalez-la-necesidad-de-ser-cultos\/#primaryimage"},"image":{"@id":"https:\/\/webdelmaestrocmf.com\/portal\/ernesto-gonzalez-la-necesidad-de-ser-cultos\/#primaryimage"},"thumbnailUrl":"https:\/\/webdelmaestrocmf.com\/portal\/wp-content\/uploads\/2019\/07\/1-41.jpg","datePublished":"2019-07-22T23:20:45+00:00","description":"Comunidad de Maestros, Docentes y Profesores, en donde encontrar\u00e1s material, informaci\u00f3n y noticias del \u00e1mbito nacional y mundial.","breadcrumb":{"@id":"https:\/\/webdelmaestrocmf.com\/portal\/ernesto-gonzalez-la-necesidad-de-ser-cultos\/#breadcrumb"},"inLanguage":"es","potentialAction":[{"@type":"ReadAction","target":["https:\/\/webdelmaestrocmf.com\/portal\/ernesto-gonzalez-la-necesidad-de-ser-cultos\/"]}]},{"@type":"ImageObject","inLanguage":"es","@id":"https:\/\/webdelmaestrocmf.com\/portal\/ernesto-gonzalez-la-necesidad-de-ser-cultos\/#primaryimage","url":"https:\/\/webdelmaestrocmf.com\/portal\/wp-content\/uploads\/2019\/07\/1-41.jpg","contentUrl":"https:\/\/webdelmaestrocmf.com\/portal\/wp-content\/uploads\/2019\/07\/1-41.jpg","width":1100,"height":680},{"@type":"BreadcrumbList","@id":"https:\/\/webdelmaestrocmf.com\/portal\/ernesto-gonzalez-la-necesidad-de-ser-cultos\/#breadcrumb","itemListElement":[{"@type":"ListItem","position":1,"name":"Portada","item":"https:\/\/webdelmaestrocmf.com\/portal\/"},{"@type":"ListItem","position":2,"name":"Z-Colaboradores","item":"https:\/\/webdelmaestrocmf.com\/portal\/category\/colaborador\/"},{"@type":"ListItem","position":3,"name":"[ERNESTO GONZ\u00c1LEZ] LA NECESIDAD DE SER CULTOS"}]},{"@type":"WebSite","@id":"https:\/\/webdelmaestrocmf.com\/portal\/#website","url":"https:\/\/webdelmaestrocmf.com\/portal\/","name":"Web del Maestro CMF","description":"Maestros al servicio de la educaci\u00f3n","publisher":{"@id":"https:\/\/webdelmaestrocmf.com\/portal\/#organization"},"alternateName":"WMCMF","potentialAction":[{"@type":"SearchAction","target":{"@type":"EntryPoint","urlTemplate":"https:\/\/webdelmaestrocmf.com\/portal\/?s={search_term_string}"},"query-input":{"@type":"PropertyValueSpecification","valueRequired":true,"valueName":"search_term_string"}}],"inLanguage":"es"},{"@type":"Organization","@id":"https:\/\/webdelmaestrocmf.com\/portal\/#organization","name":"Web del Maestro CMF","alternateName":"WMCMF","url":"https:\/\/webdelmaestrocmf.com\/portal\/","logo":{"@type":"ImageObject","inLanguage":"es","@id":"https:\/\/webdelmaestrocmf.com\/portal\/#\/schema\/logo\/image\/","url":"https:\/\/webdelmaestrocmf.com\/portal\/wp-content\/uploads\/2023\/01\/logo-wmcmf-2.png","contentUrl":"https:\/\/webdelmaestrocmf.com\/portal\/wp-content\/uploads\/2023\/01\/logo-wmcmf-2.png","width":200,"height":60,"caption":"Web del Maestro CMF"},"image":{"@id":"https:\/\/webdelmaestrocmf.com\/portal\/#\/schema\/logo\/image\/"},"sameAs":["https:\/\/www.facebook.com\/WebdelMaestroCMF\/","https:\/\/x.com\/cmf_w","https:\/\/www.pinterest.com\/WMCMF\/","https:\/\/www.linkedin.com\/company\/web-del-maestro-cmf\/","https:\/\/www.instagram.com\/wmcmf\/","https:\/\/www.youtube.com\/channel\/UCDPSvjbdodE5sHnC3OxutHw","https:\/\/mastodon.social\/@wmcmf","https:\/\/www.tiktok.com\/@webdelmaestrocmf"]},{"@type":"Person","@id":"https:\/\/webdelmaestrocmf.com\/portal\/#\/schema\/person\/1072a2ed7bd960df8ef99a551fa35dc5","name":"Web del Maestro CMF","image":{"@type":"ImageObject","inLanguage":"es","@id":"https:\/\/secure.gravatar.com\/avatar\/23291dd5b5ae1077dcff3dbb04c3e02bd28403fa75af6d8787d5e97c5bbbe30b?s=96&d=mm&r=g","url":"https:\/\/secure.gravatar.com\/avatar\/23291dd5b5ae1077dcff3dbb04c3e02bd28403fa75af6d8787d5e97c5bbbe30b?s=96&d=mm&r=g","contentUrl":"https:\/\/secure.gravatar.com\/avatar\/23291dd5b5ae1077dcff3dbb04c3e02bd28403fa75af6d8787d5e97c5bbbe30b?s=96&d=mm&r=g","caption":"Web del Maestro CMF"},"description":"Esta Web se cre\u00f3 sin fines de lucro, con fines educativos, cient\u00edficos y acad\u00e9micos, para personas que tengan dificultades y\/o inconvenientes en visualizar el material original. El objetivo es entregar recursos, compartir experiencias y materiales que ayuden a los padres de familia, maestros y estudiantes en su actualizaci\u00f3n y formaci\u00f3n permanente, en bien de la Educaci\u00f3n.","sameAs":["http:\/\/webdelmaestrocmf.com\/portal","https:\/\/www.facebook.com\/WebdelMaestroCMF\/","https:\/\/www.instagram.com\/wmcmf\/","https:\/\/cl.linkedin.com\/company\/web-del-maestro-cmf","https:\/\/www.pinterest.com\/WMCMF\/publicaciones\/","https:\/\/x.com\/cmf_w","https:\/\/www.youtube.com\/@WMCMF"]}]}},"jetpack_featured_media_url":"https:\/\/webdelmaestrocmf.com\/portal\/wp-content\/uploads\/2019\/07\/1-41.jpg","jetpack_sharing_enabled":true,"jetpack-related-posts":[{"id":36336,"url":"https:\/\/webdelmaestrocmf.com\/portal\/ernesto-gonzalez-blanco-o-negro-o-gris\/","url_meta":{"origin":38365,"position":0},"title":"[ERNESTO GONZ\u00c1LEZ] \u00bfBLANCO O NEGRO?, \u00bfO GRIS?","author":"Web del Maestro CMF","date":"1 mayo, 2019","format":false,"excerpt":"El primer interrogante del art\u00edculo, nos conduce a posibles incertidumbres: \u00bfes una decisi\u00f3n a tomar?, \u00bfdebo decir la verdad y solo la verdad?, \u00bfno hay otras opciones? Tambi\u00e9n pude haber nombrado lo que hoy leer\u00e1n como \u00bfderecha o izquierda?, lo cual conlleva al an\u00e1lisis del rol del docente ante la\u2026","rel":"","context":"En \u00abZ-Colaboradores\u00bb","block_context":{"text":"Z-Colaboradores","link":"https:\/\/webdelmaestrocmf.com\/portal\/category\/colaborador\/"},"img":{"alt_text":"","src":"https:\/\/i0.wp.com\/webdelmaestrocmf.com\/portal\/wp-content\/uploads\/2019\/05\/1-4.jpg?resize=350%2C200&ssl=1","width":350,"height":200,"srcset":"https:\/\/i0.wp.com\/webdelmaestrocmf.com\/portal\/wp-content\/uploads\/2019\/05\/1-4.jpg?resize=350%2C200&ssl=1 1x, https:\/\/i0.wp.com\/webdelmaestrocmf.com\/portal\/wp-content\/uploads\/2019\/05\/1-4.jpg?resize=525%2C300&ssl=1 1.5x, https:\/\/i0.wp.com\/webdelmaestrocmf.com\/portal\/wp-content\/uploads\/2019\/05\/1-4.jpg?resize=700%2C400&ssl=1 2x, https:\/\/i0.wp.com\/webdelmaestrocmf.com\/portal\/wp-content\/uploads\/2019\/05\/1-4.jpg?resize=1050%2C600&ssl=1 3x"},"classes":[]},{"id":44129,"url":"https:\/\/webdelmaestrocmf.com\/portal\/ernesto-gonzalez-temor-a-comprometerte\/","url_meta":{"origin":38365,"position":1},"title":"[Ernesto Gonz\u00e1lez] \u00bfTemor a comprometerte?","author":"Web del Maestro CMF","date":"10 febrero, 2020","format":false,"excerpt":"No es f\u00e1cil para muchas personas conocer a alguien que pueda resultar interesante, pero cuando se encuentra y se decide iniciar una relaci\u00f3n, uno se aventura en un universo de experiencias novedosas y de complejos sentimientos y emociones. Muchas personas desean encontrar una pareja y establecer una relaci\u00f3n s\u00f3lida pero\u2026","rel":"","context":"En \u00abZ-Colaboradores\u00bb","block_context":{"text":"Z-Colaboradores","link":"https:\/\/webdelmaestrocmf.com\/portal\/category\/colaborador\/"},"img":{"alt_text":"","src":"https:\/\/i0.wp.com\/webdelmaestrocmf.com\/portal\/wp-content\/uploads\/2020\/02\/1-24.jpg?resize=350%2C200&ssl=1","width":350,"height":200,"srcset":"https:\/\/i0.wp.com\/webdelmaestrocmf.com\/portal\/wp-content\/uploads\/2020\/02\/1-24.jpg?resize=350%2C200&ssl=1 1x, https:\/\/i0.wp.com\/webdelmaestrocmf.com\/portal\/wp-content\/uploads\/2020\/02\/1-24.jpg?resize=525%2C300&ssl=1 1.5x, https:\/\/i0.wp.com\/webdelmaestrocmf.com\/portal\/wp-content\/uploads\/2020\/02\/1-24.jpg?resize=700%2C400&ssl=1 2x, https:\/\/i0.wp.com\/webdelmaestrocmf.com\/portal\/wp-content\/uploads\/2020\/02\/1-24.jpg?resize=1050%2C600&ssl=1 3x"},"classes":[]},{"id":58019,"url":"https:\/\/webdelmaestrocmf.com\/portal\/ernesto-gonzalez-dificil-trabajar-en-equipo\/","url_meta":{"origin":38365,"position":2},"title":"[Ernesto Gonz\u00e1lez] \u00bfDif\u00edcil trabajar en equipo?","author":"Web del Maestro CMF","date":"19 enero, 2021","format":false,"excerpt":"Ya casi a nivel de saturaci\u00f3n, pr\u00e1cticamente en cada anuncio period\u00edstico, donde anuncian necesidades de personal, enti\u00e9ndase empleos, una de las competencias que se solicitan por parte de las empresas es: la capacidad de trabajar en equipo. \u00bfPor qu\u00e9 tanta solicitud de la misma? Uno de los mayores problemas que\u2026","rel":"","context":"En \u00abZ-Colaboradores\u00bb","block_context":{"text":"Z-Colaboradores","link":"https:\/\/webdelmaestrocmf.com\/portal\/category\/colaborador\/"},"img":{"alt_text":"","src":"https:\/\/i0.wp.com\/webdelmaestrocmf.com\/portal\/wp-content\/uploads\/2021\/01\/1-copia-111.jpg?resize=350%2C200&ssl=1","width":350,"height":200,"srcset":"https:\/\/i0.wp.com\/webdelmaestrocmf.com\/portal\/wp-content\/uploads\/2021\/01\/1-copia-111.jpg?resize=350%2C200&ssl=1 1x, https:\/\/i0.wp.com\/webdelmaestrocmf.com\/portal\/wp-content\/uploads\/2021\/01\/1-copia-111.jpg?resize=525%2C300&ssl=1 1.5x, https:\/\/i0.wp.com\/webdelmaestrocmf.com\/portal\/wp-content\/uploads\/2021\/01\/1-copia-111.jpg?resize=700%2C400&ssl=1 2x, https:\/\/i0.wp.com\/webdelmaestrocmf.com\/portal\/wp-content\/uploads\/2021\/01\/1-copia-111.jpg?resize=1050%2C600&ssl=1 3x"},"classes":[]},{"id":42016,"url":"https:\/\/webdelmaestrocmf.com\/portal\/ernesto-gonzalez-ah-la-familia\/","url_meta":{"origin":38365,"position":3},"title":"[Ernesto Gonz\u00e1lez] Ah, \u00a1la familia!","author":"Web del Maestro CMF","date":"22 noviembre, 2019","format":false,"excerpt":"Parto de la premisa, que siempre es bueno recordar y sobre todo aquello que nos transmiten las mejores experiencias y aprendizajes, que de ser viables ser transmitido a hijos, nietos, padres, docentes, de aqu\u00ed la siguiente an\u00e9cdota. Un amigo de la infancia, vecino sol\u00edamos jugar bien en mi casa o\u2026","rel":"","context":"En \u00abZ-Colaboradores\u00bb","block_context":{"text":"Z-Colaboradores","link":"https:\/\/webdelmaestrocmf.com\/portal\/category\/colaborador\/"},"img":{"alt_text":"","src":"https:\/\/i0.wp.com\/webdelmaestrocmf.com\/portal\/wp-content\/uploads\/2019\/11\/1-78.jpg?resize=350%2C200&ssl=1","width":350,"height":200,"srcset":"https:\/\/i0.wp.com\/webdelmaestrocmf.com\/portal\/wp-content\/uploads\/2019\/11\/1-78.jpg?resize=350%2C200&ssl=1 1x, https:\/\/i0.wp.com\/webdelmaestrocmf.com\/portal\/wp-content\/uploads\/2019\/11\/1-78.jpg?resize=525%2C300&ssl=1 1.5x, https:\/\/i0.wp.com\/webdelmaestrocmf.com\/portal\/wp-content\/uploads\/2019\/11\/1-78.jpg?resize=700%2C400&ssl=1 2x, https:\/\/i0.wp.com\/webdelmaestrocmf.com\/portal\/wp-content\/uploads\/2019\/11\/1-78.jpg?resize=1050%2C600&ssl=1 3x"},"classes":[]},{"id":47665,"url":"https:\/\/webdelmaestrocmf.com\/portal\/ernesto-gonzalez-cuando-regresemos-a-clase\/","url_meta":{"origin":38365,"position":4},"title":"[Ernesto Gonz\u00e1lez] Cuando regresemos a clase","author":"Web del Maestro CMF","date":"5 junio, 2020","format":false,"excerpt":"En m\u00e1s de una ocasi\u00f3n me he referido \u2013desde el punto de vista metodol\u00f3gico\u2013 que una clase no siempre debe comenzar con el saludo del docente y a continuaci\u00f3n el tema o asunto de la clase que corresponde ese d\u00eda. Transcurrido un per\u00edodo escolar (cambio de semestre, inicio de un\u2026","rel":"","context":"En \u00abZ-Colaboradores\u00bb","block_context":{"text":"Z-Colaboradores","link":"https:\/\/webdelmaestrocmf.com\/portal\/category\/colaborador\/"},"img":{"alt_text":"","src":"https:\/\/i0.wp.com\/webdelmaestrocmf.com\/portal\/wp-content\/uploads\/2020\/06\/1-26.jpg?resize=350%2C200&ssl=1","width":350,"height":200,"srcset":"https:\/\/i0.wp.com\/webdelmaestrocmf.com\/portal\/wp-content\/uploads\/2020\/06\/1-26.jpg?resize=350%2C200&ssl=1 1x, https:\/\/i0.wp.com\/webdelmaestrocmf.com\/portal\/wp-content\/uploads\/2020\/06\/1-26.jpg?resize=525%2C300&ssl=1 1.5x, https:\/\/i0.wp.com\/webdelmaestrocmf.com\/portal\/wp-content\/uploads\/2020\/06\/1-26.jpg?resize=700%2C400&ssl=1 2x, https:\/\/i0.wp.com\/webdelmaestrocmf.com\/portal\/wp-content\/uploads\/2020\/06\/1-26.jpg?resize=1050%2C600&ssl=1 3x"},"classes":[]},{"id":60580,"url":"https:\/\/webdelmaestrocmf.com\/portal\/ernesto-gonzalez-el-plenario-una-estrategia-de-ensenanza-aprendizaje\/","url_meta":{"origin":38365,"position":5},"title":"[Ernesto Gonz\u00e1lez] El Plenario, una estrategia de ense\u00f1anza aprendizaje","author":"Web del Maestro CMF","date":"16 marzo, 2021","format":false,"excerpt":"Resulta innegable en el presente y nuevo siglo XXI, la incorporaci\u00f3n de un conjunto de acciones planificadas y dise\u00f1adas (estrategias) por el\/la docente, para facilitar la toma de decisiones y orientadas a alcanzar un determinado resultado, en nuestro caso las competencias de cada unidad o tema, por parte del estudiante.\u2026","rel":"","context":"En \u00abZ-Colaboradores\u00bb","block_context":{"text":"Z-Colaboradores","link":"https:\/\/webdelmaestrocmf.com\/portal\/category\/colaborador\/"},"img":{"alt_text":"","src":"https:\/\/i0.wp.com\/webdelmaestrocmf.com\/portal\/wp-content\/uploads\/2021\/03\/1-copia-26.jpg?resize=350%2C200&ssl=1","width":350,"height":200,"srcset":"https:\/\/i0.wp.com\/webdelmaestrocmf.com\/portal\/wp-content\/uploads\/2021\/03\/1-copia-26.jpg?resize=350%2C200&ssl=1 1x, https:\/\/i0.wp.com\/webdelmaestrocmf.com\/portal\/wp-content\/uploads\/2021\/03\/1-copia-26.jpg?resize=525%2C300&ssl=1 1.5x, https:\/\/i0.wp.com\/webdelmaestrocmf.com\/portal\/wp-content\/uploads\/2021\/03\/1-copia-26.jpg?resize=700%2C400&ssl=1 2x, https:\/\/i0.wp.com\/webdelmaestrocmf.com\/portal\/wp-content\/uploads\/2021\/03\/1-copia-26.jpg?resize=1050%2C600&ssl=1 3x"},"classes":[]}],"_links":{"self":[{"href":"https:\/\/webdelmaestrocmf.com\/portal\/wp-json\/wp\/v2\/posts\/38365","targetHints":{"allow":["GET"]}}],"collection":[{"href":"https:\/\/webdelmaestrocmf.com\/portal\/wp-json\/wp\/v2\/posts"}],"about":[{"href":"https:\/\/webdelmaestrocmf.com\/portal\/wp-json\/wp\/v2\/types\/post"}],"author":[{"embeddable":true,"href":"https:\/\/webdelmaestrocmf.com\/portal\/wp-json\/wp\/v2\/users\/1"}],"replies":[{"embeddable":true,"href":"https:\/\/webdelmaestrocmf.com\/portal\/wp-json\/wp\/v2\/comments?post=38365"}],"version-history":[{"count":0,"href":"https:\/\/webdelmaestrocmf.com\/portal\/wp-json\/wp\/v2\/posts\/38365\/revisions"}],"wp:featuredmedia":[{"embeddable":true,"href":"https:\/\/webdelmaestrocmf.com\/portal\/wp-json\/wp\/v2\/media\/38370"}],"wp:attachment":[{"href":"https:\/\/webdelmaestrocmf.com\/portal\/wp-json\/wp\/v2\/media?parent=38365"}],"wp:term":[{"taxonomy":"category","embeddable":true,"href":"https:\/\/webdelmaestrocmf.com\/portal\/wp-json\/wp\/v2\/categories?post=38365"},{"taxonomy":"post_tag","embeddable":true,"href":"https:\/\/webdelmaestrocmf.com\/portal\/wp-json\/wp\/v2\/tags?post=38365"}],"curies":[{"name":"wp","href":"https:\/\/api.w.org\/{rel}","templated":true}]}}