{"id":38022,"date":"2019-07-05T17:44:05","date_gmt":"2019-07-05T21:44:05","guid":{"rendered":"http:\/\/webdelmaestrocmf.com\/portal\/?p=38022"},"modified":"2024-12-07T10:31:06","modified_gmt":"2024-12-07T13:31:06","slug":"loris-malaguzzi-el-profesor-debe-renunciar-a-todas-sus-ideas-preconcebidas-y-aceptar-al-nino-como-un-co-constructor","status":"publish","type":"post","link":"https:\/\/webdelmaestrocmf.com\/portal\/loris-malaguzzi-el-profesor-debe-renunciar-a-todas-sus-ideas-preconcebidas-y-aceptar-al-nino-como-un-co-constructor\/","title":{"rendered":"Loris Malaguzzi: El profesor debe renunciar a todas sus ideas preconcebidas y aceptar al ni\u00f1o como un co-constructor"},"content":{"rendered":"<p style=\"text-align: justify;\">El maestro, pedagogo, periodista y psic\u00f3logo italiano, Loris Malaguzzi (1920 \u2013 1994) fue el fundador y propulsor de las escuelas de Reggio Emilia. Dedic\u00f3 \u201ctoda su vida a la construcci\u00f3n de una <strong>experiencia de calidad educativa<\/strong> en la cual se escuchaba, se respetaba y se consideraban las potencialidades de los ni\u00f1os y ni\u00f1as para que se reconocieran los derechos de estos a ser educados\u201d. Es tambi\u00e9n el autor de \u00abZerosei\u00bb (1976), \u00abLos cien lenguajes del ni\u00f1o\u00bb (1995) y \u00abLa Educaci\u00f3n Infantil en Reggio Emilia\u00bb (1995).\u00a0 Les sugerimos la lectura de nuestra anterior publicaci\u00f3n:\u00a0 <a href=\"http:\/\/webdelmaestrocmf.com\/portal\/pedagogia-del-asombro-principios-de-las-escuelas-reggio-emilia\/\" target=\"_blank\" rel=\"noopener noreferrer\"><strong>PEDAGOG\u00cdA DEL ASOMBRO: PRINCIPIOS DE LAS ESCUELAS REGGIO EMILIA.<\/strong><\/a><\/p>\n<p><!--more--><\/p>\n<p style=\"text-align: justify;\">Los principales<strong> OBJETIVOS <\/strong>de las escuelas propuestas por Malaguzzi son:<\/p>\n<ol style=\"text-align: justify;\">\n<li>Crear una <strong>escuela activa, inventiva, habitable y comunicable<\/strong>.<\/li>\n<li>Que \u00e9sta sea un sitio de <strong>investigaci\u00f3n, de aprendizaje y de reflexi\u00f3n<\/strong>.<\/li>\n<li>Un lugar donde tanto los ni\u00f1os, como los educadores, como los familiares <strong>participen y se interrelacionan<\/strong>.<\/li>\n<li>En el que haya un <strong>compromiso completo de la comunidad <\/strong>en el aprendizaje de los peque\u00f1os, para facilitar su comunicaci\u00f3n e intercambio con el mundo.<\/li>\n<li>Para hacer buena educaci\u00f3n debemos <strong>cerrar los libros de psicolog\u00eda, pedagog\u00eda y did\u00e1ctica<\/strong>.<\/li>\n<\/ol>\n<p><a href=\"http:\/\/webdelmaestrocmf.com\/portal\/wp-content\/uploads\/2019\/07\/1-4.jpg\" target=\"_blank\" rel=\"noopener noreferrer\"><img loading=\"lazy\" decoding=\"async\" class=\"alignnone size-full wp-image-38027\" src=\"http:\/\/webdelmaestrocmf.com\/portal\/wp-content\/uploads\/2019\/07\/1-4.jpg\" alt=\"\" width=\"1100\" height=\"680\" srcset=\"https:\/\/webdelmaestrocmf.com\/portal\/wp-content\/uploads\/2019\/07\/1-4.jpg 1100w, https:\/\/webdelmaestrocmf.com\/portal\/wp-content\/uploads\/2019\/07\/1-4-300x185.jpg 300w, https:\/\/webdelmaestrocmf.com\/portal\/wp-content\/uploads\/2019\/07\/1-4-768x475.jpg 768w, https:\/\/webdelmaestrocmf.com\/portal\/wp-content\/uploads\/2019\/07\/1-4-1024x633.jpg 1024w\" sizes=\"auto, (max-width: 1100px) 100vw, 1100px\" \/><\/a><\/p>\n<p style=\"text-align: justify;\">Malaguzzi hizo su propuesta metodol\u00f3gica de aprendizaje, convencido que los ni\u00f1os <strong>no deben ser subestimados y encasillados<\/strong>. Ellos necesitan expresarse, experimentar, y aprender por s\u00ed mismos, pues seg\u00fan \u00e9l:<\/p>\n<ol style=\"text-align: justify;\">\n<li>Tienen \u201ccien lenguajes\u201d, <strong>pluralidad de c\u00f3digos ling\u00fc\u00edsticos<\/strong>, no se quedan en lo que ven si no que ven m\u00e1s all\u00e1. A\u00fan creen y ven todas las partes de las cosas: las verdaderas y las fantasiosas.<\/li>\n<li>Sus ideas surgen de <strong>experiencias reales<\/strong> dando como resultado respuestas y conclusiones reales.<\/li>\n<li>Cada ni\u00f1o es <strong>diferente, singular<\/strong> y por eso mismo cada individuo se relaciona con los otros de diferente manera y tiene habilidades diferentes.<\/li>\n<li>Tienen formas propias y personales de participar, proceder y elegir.<\/li>\n<li>Sus roles y sus relaciones con los dem\u00e1s los desarrolla con mayor espontaneidad en las actividades en grupos peque\u00f1os.<\/li>\n<li>Tienen capacidades, potenciales, curiosidad e inter\u00e9s para construir su propio aprendizaje. despu\u00e9s desarrollar sus propios proyectos de creaci\u00f3n.<\/li>\n<\/ol>\n<p style=\"text-align: justify;\">La informaci\u00f3n precedente ha sido resumida por motivos \u00fanicamente educativos, considerando que, sin importar nuestras situaciones geogr\u00e1ficas y sociales, nos pueden ser \u00fatiles para reconocer y valorar todas las formas de expresi\u00f3n y comunicaci\u00f3n que tienen nuestros estudiantes en su proceso de aprendizaje. <a href=\"http:\/\/laeducacinenlosojosdelorismalaguzzi.blogspot.com\/2010\/08\/metodologia-de-loris-malaguzzi.html\" target=\"_blank\" rel=\"noopener noreferrer\"><strong>LA EDUCACI\u00d3N EN LOS OJOS DE LORIS MALAGUZZI.<\/strong><\/a><\/p>\n<h5 style=\"text-align: left;\"><strong>LORIS MALAGUZZI\u00a0METODOLOG\u00cdA REGGIO EMILIA (02\u00a853\u201d) &#8211; (LUPITA GARC\u00cdA)\u00a0<\/strong><\/h5>\n<p><iframe loading=\"lazy\" src=\"https:\/\/www.youtube.com\/embed\/VcQRnPpdIP0\" width=\"100%\" height=\"400\" frameborder=\"0\" allowfullscreen=\"allowfullscreen\"><span data-mce-type=\"bookmark\" style=\"display: inline-block; width: 0px; overflow: hidden; line-height: 0;\" class=\"mce_SELRES_start\">\ufeff<\/span><span data-mce-type=\"bookmark\" style=\"display: inline-block; width: 0px; overflow: hidden; line-height: 0;\" class=\"mce_SELRES_start\">\ufeff<\/span><\/iframe><\/p>\n<p>&nbsp;<\/p>\n<p style=\"text-align: justify;\">Compartimos algunas <strong>frases dichas por el mismo profesor Loris Malaguzzi,<\/strong> y que nos pueden ayudar a comprender m\u00e1s claramente su propuesta y sus ideales de ense\u00f1anza y de aprendizaje:<\/p>\n<p style=\"text-align: justify;\">Trabajar con los ni\u00f1os quiere decir tener que hacer las cuentas con poca certeza y muchas incertidumbres. Lo que nos salva es buscar y no perder el lenguaje de la maravilla que perdura, en cambio, en los ojos y en la mente de los ni\u00f1os\u201d.<\/p>\n<ul style=\"text-align: justify;\">\n<li>\u201cEs necesario que estemos convencidos, nosotros los adultos antes que nadie, de que <strong>los ni\u00f1os no son solo ostentadores de derechos, sino portadores de una cultura propia. <\/strong>Que son ostentadores de una capacidad de elaborar cultura, que son capaces de construir su cultura, y de contaminar la nuestra\u201d.<\/li>\n<li><strong>\u201c\u00bfF\u00f3rmulas? No las hay.<\/strong> S\u00f3lo hay posibles estrategias. Sobre todo, hacer que los ni\u00f1os familiaricen sus mentes con las im\u00e1genes, <strong>que sepan mantenerlas vivas, que cojan el gusto de reactivarlas, de regenerarlas, multiplicarlas con el m\u00e1ximo uso personal y creativo.<\/strong> Una condici\u00f3n fundamental es que las im\u00e1genes sean buenas y significativas para s\u00ed mismas, para los ni\u00f1os, para los adultos. As\u00ed, s\u00f3lo as\u00ed, las im\u00e1genes, combin\u00e1ndose y recombin\u00e1ndose cada vez m\u00e1s (y no siempre con \u00fatiles lineares y acumulativos) en las formas de realismo, del sue\u00f1o, de la ficci\u00f3n, de lo l\u00f3gico, de lo imaginario, de lo simb\u00f3lico, <strong>se convertir\u00e1n en signo y semi\u00f3tica<\/strong>\u201d.<\/li>\n<li>\u201cLos ni\u00f1os descubren (con nosotros) la complicidad con las acciones, los lenguajes, los pensamientos, los significados; que es fundamental preservar en los ni\u00f1os (y en nosotros) <strong>los sentimientos de asombro<\/strong>: la creatividad, como el conocimiento, es hija del asombro; que tambi\u00e9n la creatividad es un arte y una creaci\u00f3n combinada (unas veces inmediata y espont\u00e1nea, otras aislada, subordinada) que tienen motivaciones, formas, procedimientos, contenidos (formales e informales) y <strong>capacidades comunicativas, previsibilidad e imprevisibilidad,<\/strong> que proceden del juego, del ejercicio, del estudio, del aprendizaje visual, de la subjetividad interpretativa de las emociones, de las instituciones o de la imaginaci\u00f3n racional y de sus posibles transformaciones y transgresiones Todo ello favorecido, tolerado o impedido por las tendencias y las pol\u00edticas culturales. <a href=\"http:\/\/www.frasesypensamientos.com.ar\/autor\/loris-malaguzzi.html\" target=\"_blank\" rel=\"noopener noreferrer\"><strong>\u201cFRASES Y PENSAMIENTOS. <\/strong><\/a><\/li>\n<\/ul>\n<p><img loading=\"lazy\" decoding=\"async\" class=\"alignnone wp-image-38030\" src=\"http:\/\/webdelmaestrocmf.com\/portal\/wp-content\/uploads\/2019\/07\/2-4.jpg\" alt=\"\" width=\"964\" height=\"683\" srcset=\"https:\/\/webdelmaestrocmf.com\/portal\/wp-content\/uploads\/2019\/07\/2-4.jpg 800w, https:\/\/webdelmaestrocmf.com\/portal\/wp-content\/uploads\/2019\/07\/2-4-300x213.jpg 300w, https:\/\/webdelmaestrocmf.com\/portal\/wp-content\/uploads\/2019\/07\/2-4-768x544.jpg 768w\" sizes=\"auto, (max-width: 964px) 100vw, 964px\" \/><\/p>\n<p style=\"text-align: justify;\">Y de manera puntual nos recomienda a los educadores:<\/p>\n<p>\u201cDebemos atribuirle al ni\u00f1o un enorme potencial y los ni\u00f1os deben sentir esa confianza. El profesor debe renunciar a todas sus ideas preconcebidas y aceptar al ni\u00f1o como un co-constructor\u201d.<\/p>\n<ul style=\"text-align: justify;\">\n<li>\u201cNuestra tarea, en cuanto a la creatividad, es <strong>ayudar a los ni\u00f1os a que suban sus propias monta\u00f1as<\/strong>, lo m\u00e1s alto posible. Nadie puede hacer m\u00e1s\u201d.<\/li>\n<li>\u201cEs necesario que estemos convencidos, nosotros los adultos antes que nadie, de que los ni\u00f1os no son solo ostentadores de derechos, sino <strong>portadores de una cultura propia<\/strong>. Que son ostentadores de una capacidad de elaborar cultura, que son capaces de construir su cultura, y de contaminar la nuestra\u201d.<\/li>\n<li>\u201c<strong>La educaci\u00f3n debe liberar la energ\u00eda y las capacidades de la infancia<\/strong>, as\u00ed como promover el desarrollo arm\u00f3nico de los ni\u00f1os en todas las \u00e1reas: la comunicativa, social, afectiva, y un pensamiento cr\u00edtico y cient\u00edfico\u201d.<\/li>\n<li>\u201cUna escuela debe ser un lugar para todos los ni\u00f1os, no basada en la idea de que todos son iguales, sino que todos son diferentes\u201d.<\/li>\n<\/ul>\n<p style=\"text-align: justify;\">Las reflexiones, pensamientos y frases anteriores las compartimos por motivos educativos y de formaci\u00f3n permanente, tanto para padres de familia como para profesores, convencidos que el conocer otras experiencias educativas enriquecer\u00e1 nuestra tarea docente. <strong>No es una publicaci\u00f3n para \u201ccopiar experiencias\u201d, sino conocer experiencias para ver qu\u00e9 podemos aprender de ellas<\/strong>. El escritor y fil\u00f3sofo estadounidense Eric Hoffer, nos motiva, como educadores, a estar siempre abiertos al asombro y recordar que, \u201cen tiempos de cambio, quienes est\u00e9n abiertos al aprendizaje se adue\u00f1ar\u00e1n del futuro, mientras que <strong>aquellos que creen saberlo todo estar\u00e1n bien equipados para un mundo que ya no existe<\/strong>\u201d.<\/p>\n<p style=\"text-align: justify;\">Para quienes deseen reflexionar, con otras familias y\/o profesores, esta propuesta educativa, sabiendo que en Educaci\u00f3n la \u00faltima palabra todav\u00eda no est\u00e1 dicha, les sugerimos ingresar a este enlace: <a href=\"https:\/\/lorismalaguzzi.com\/institucional\/proyecto-pedagogico\/\" target=\"_blank\" rel=\"noopener noreferrer\"><strong>INSTITUTO LORIS MALAGUZZI<\/strong>.<\/a><\/p>\n<p style=\"text-align: center;\"><em>\u201cLa escuela y la cultura<br \/>\n<\/em><em>le separan la cabeza del cuerpo.<br \/>\n<\/em><em>Le dicen:<br \/>\n<\/em><em>de pensar sin manos<br \/>\n<\/em><em>de actuar sin cabeza<br \/>\n<\/em><em>de escuchar y no hablar<br \/>\n<\/em><em>de entender sin alegr\u00eda<br \/>\n<\/em><em>de amar y sorprenderse<br \/>\n<\/em><em>s\u00f3lo en Pascua y en Navidad\u201d.<\/em><\/p>\n<p style=\"text-align: right;\"><strong>REDACCI\u00d3N WEB DEL MAESTRO CMF<\/strong><\/p>\n\t\t<div class=\"pk-inline-posts\">\n\t\t\t\n\t\t\t<div class=\"pk-inline-posts-container pk-inline-posts-template-list\"\n\t\t\t\tdata-columns=\"1\">\n\t\t\t\t\t\t<article id=\"post-118510\" class=\"post-118510 post type-post status-publish format-standard has-post-thumbnail category-entrevistas category-noticias tag-aprendizaje tag-aula tag-docentes tag-educacion-2 tag-estudiantes tag-filosofia-2 tag-formacion-2 tag-inteligencia tag-jose-antonio-marina tag-pedagogia-2 tag-pensamiento-critico-2 cs-entry cs-video-wrap\">\n\t\t\t<div class=\"pk-post-outer\">\n\n\t\t\t\t\t\t\t\t<div class=\"pk-post-inner\">\n\t\t\t\t\t<div class=\"entry-thumbnail\">\n\t\t\t\t\t\t<div class=\"pk-overlay pk-overlay-ratio pk-ratio-landscape\">\n\t\t\t\t\t\t\t<div class=\"pk-overlay-background\">\n\t\t\t\t\t\t\t\t<a href=\"https:\/\/webdelmaestrocmf.com\/portal\/jose-antonio-marina-si-no-teneis-pensamiento-critico-o-si-no-hay-pensamiento-critico-la-manipulacion-va-a-ser-muy-sencilla\/\" class=\"pk-overlay-link\">\n\t\t\t\t\t\t\t\t\t<img loading=\"lazy\" decoding=\"async\" width=\"300\" height=\"225\" src=\"https:\/\/webdelmaestrocmf.com\/portal\/wp-content\/uploads\/2026\/04\/1AA-Banner-1-portada-imagen-10-1-copia-5-6-300x225.webp\" class=\"attachment-pk-thumbnail size-pk-thumbnail wp-post-image\" alt=\"\" \/>\t\t\t\t\t\t\t\t<\/a>\n\t\t\t\t\t\t\t<\/div>\n\t\t\t\t\t\t<\/div>\n\t\t\t\t\t<\/div>\n\t\t\t\t<\/div>\n\t\t\t\t\n\t\t\t\t<div class=\"pk-post-inner\">\n\t\t\t\t\t<header>\n\t\t\t\t\t\t<h3 class=\"pk-title\"><a href=\"https:\/\/webdelmaestrocmf.com\/portal\/jose-antonio-marina-si-no-teneis-pensamiento-critico-o-si-no-hay-pensamiento-critico-la-manipulacion-va-a-ser-muy-sencilla\/\" rel=\"bookmark\">Jos\u00e9 Antonio Marina: Si no ten\u00e9is pensamiento cr\u00edtico, o si no hay pensamiento cr\u00edtico, la manipulaci\u00f3n va a ser muy sencilla<\/a><\/h3>\t\t\t\t\t<\/header><!-- .entry-header -->\n\t\t\t\t<\/div><!-- .post-inner -->\n\n\t\t\t<\/div><!-- .post-outer -->\n\t\t<\/article>\n\t\t\t<article id=\"post-113504\" class=\"post-113504 post type-post status-publish format-standard has-post-thumbnail category-entrevistas category-noticias tag-alumno tag-begona-ibarrola-2 tag-desmotivado tag-vago cs-entry cs-video-wrap\">\n\t\t\t<div class=\"pk-post-outer\">\n\n\t\t\t\t\t\t\t\t<div class=\"pk-post-inner\">\n\t\t\t\t\t<div class=\"entry-thumbnail\">\n\t\t\t\t\t\t<div class=\"pk-overlay pk-overlay-ratio pk-ratio-landscape\">\n\t\t\t\t\t\t\t<div class=\"pk-overlay-background\">\n\t\t\t\t\t\t\t\t<a href=\"https:\/\/webdelmaestrocmf.com\/portal\/begona-ibarrola-debemos-distinguir-entre-un-alumno-verdaderamente-vago-y-uno-que-esta-desmotivado-porque-anticipa-el-fracaso\/\" class=\"pk-overlay-link\">\n\t\t\t\t\t\t\t\t\t<img loading=\"lazy\" decoding=\"async\" width=\"300\" height=\"225\" src=\"https:\/\/webdelmaestrocmf.com\/portal\/wp-content\/uploads\/2025\/11\/1AA-Banner-1-portada-imagen-10-1-copia-3-300x225.webp\" class=\"attachment-pk-thumbnail size-pk-thumbnail wp-post-image\" alt=\"\" \/>\t\t\t\t\t\t\t\t<\/a>\n\t\t\t\t\t\t\t<\/div>\n\t\t\t\t\t\t<\/div>\n\t\t\t\t\t<\/div>\n\t\t\t\t<\/div>\n\t\t\t\t\n\t\t\t\t<div class=\"pk-post-inner\">\n\t\t\t\t\t<header>\n\t\t\t\t\t\t<h3 class=\"pk-title\"><a href=\"https:\/\/webdelmaestrocmf.com\/portal\/begona-ibarrola-debemos-distinguir-entre-un-alumno-verdaderamente-vago-y-uno-que-esta-desmotivado-porque-anticipa-el-fracaso\/\" rel=\"bookmark\">Bego\u00f1a Ibarrola: Debemos distinguir entre un alumno verdaderamente vago y uno que est\u00e1 desmotivado porque anticipa el fracaso<\/a><\/h3>\t\t\t\t\t<\/header><!-- .entry-header -->\n\t\t\t\t<\/div><!-- .post-inner -->\n\n\t\t\t<\/div><!-- .post-outer -->\n\t\t<\/article>\n\t\t\t<article id=\"post-118480\" class=\"post-118480 post type-post status-publish format-standard has-post-thumbnail category-entrevistas category-noticias tag-aprendizaje tag-autonomia-3 tag-desarrollo tag-docentes tag-educacion-2 tag-ensenanza-2 tag-escuela tag-infancia tag-juego tag-pedagogia-2 cs-entry cs-video-wrap\">\n\t\t\t<div class=\"pk-post-outer\">\n\n\t\t\t\t\t\t\t\t<div class=\"pk-post-inner\">\n\t\t\t\t\t<div class=\"entry-thumbnail\">\n\t\t\t\t\t\t<div class=\"pk-overlay pk-overlay-ratio pk-ratio-landscape\">\n\t\t\t\t\t\t\t<div class=\"pk-overlay-background\">\n\t\t\t\t\t\t\t\t<a href=\"https:\/\/webdelmaestrocmf.com\/portal\/francesco-tonucci-hoy-la-escuela-esta-asumiendo-un-error-fatal-que-es-hacer-mas-un-papel-de-ninera-que-de-estructura-educativa\/\" class=\"pk-overlay-link\">\n\t\t\t\t\t\t\t\t\t<img loading=\"lazy\" decoding=\"async\" width=\"300\" height=\"225\" src=\"https:\/\/webdelmaestrocmf.com\/portal\/wp-content\/uploads\/2026\/04\/1AA-Banner-1-portada-imagen-10-1-copia-2-9-300x225.webp\" class=\"attachment-pk-thumbnail size-pk-thumbnail wp-post-image\" alt=\"\" \/>\t\t\t\t\t\t\t\t<\/a>\n\t\t\t\t\t\t\t<\/div>\n\t\t\t\t\t\t<\/div>\n\t\t\t\t\t<\/div>\n\t\t\t\t<\/div>\n\t\t\t\t\n\t\t\t\t<div class=\"pk-post-inner\">\n\t\t\t\t\t<header>\n\t\t\t\t\t\t<h3 class=\"pk-title\"><a href=\"https:\/\/webdelmaestrocmf.com\/portal\/francesco-tonucci-hoy-la-escuela-esta-asumiendo-un-error-fatal-que-es-hacer-mas-un-papel-de-ninera-que-de-estructura-educativa\/\" rel=\"bookmark\">Francesco Tonucci: Hoy la escuela est\u00e1 asumiendo un error fatal que es hacer m\u00e1s un papel de ni\u00f1era que de estructura educativa<\/a><\/h3>\t\t\t\t\t<\/header><!-- .entry-header -->\n\t\t\t\t<\/div><!-- .post-inner -->\n\n\t\t\t<\/div><!-- .post-outer -->\n\t\t<\/article>\n\t\t\t\t<\/div>\n\t\t<\/div>\n\t\t\n","protected":false},"excerpt":{"rendered":"El maestro, pedagogo, periodista y psic\u00f3logo italiano, Loris Malaguzzi (1920 \u2013 1994) fue el fundador y propulsor de&hellip;","protected":false},"author":1,"featured_media":107099,"comment_status":"open","ping_status":"closed","sticky":false,"template":"","format":"standard","meta":{"csco_display_header_overlay":false,"csco_singular_sidebar":"disabled","csco_page_header_type":"large","csco_page_load_nextpost":"default","csco_post_video_location":[],"csco_post_video_location_hash":"","csco_post_video_url":"","csco_post_video_bg_start_time":0,"csco_post_video_bg_end_time":0,"csco_post_video_bg_volume":false,"_jetpack_memberships_contains_paid_content":false,"footnotes":""},"categories":[48,47],"tags":[4339,73,220,155,1690,4337,4340,4338,1589,3423,1284],"class_list":{"0":"post-38022","1":"post","2":"type-post","3":"status-publish","4":"format-standard","5":"has-post-thumbnail","7":"category-entrevistas","8":"category-noticias","9":"tag-asombro","10":"tag-creatividad","11":"tag-educativa","12":"tag-escuelas","13":"tag-innovacion","14":"tag-loris","15":"tag-loris-malaguzzi","16":"tag-malaguzzi","17":"tag-pedagogia","18":"tag-reggio-emilia","19":"tag-video","20":"cs-entry","21":"cs-video-wrap"},"yoast_head":"<!-- This site is optimized with the Yoast SEO plugin v27.5 - https:\/\/yoast.com\/product\/yoast-seo-wordpress\/ -->\n<title>Loris Malaguzzi: El profesor debe renunciar a todas sus ideas preconcebidas y aceptar al ni\u00f1o como un co-constructor - 2026<\/title>\n<meta name=\"description\" content=\"El maestro, pedagogo, periodista y psic\u00f3logo italiano, Loris Malaguzzi (1920 \u2013 1994) fue el fundador y propulsor de las escuelas de Reggio...\" \/>\n<meta name=\"robots\" content=\"index, follow, max-snippet:-1, max-image-preview:large, max-video-preview:-1\" \/>\n<link rel=\"canonical\" href=\"https:\/\/webdelmaestrocmf.com\/portal\/loris-malaguzzi-el-profesor-debe-renunciar-a-todas-sus-ideas-preconcebidas-y-aceptar-al-nino-como-un-co-constructor\/\" \/>\n<meta property=\"og:locale\" content=\"es_ES\" \/>\n<meta property=\"og:type\" content=\"article\" \/>\n<meta property=\"og:title\" content=\"Loris Malaguzzi: El profesor debe renunciar a todas sus ideas preconcebidas y aceptar al ni\u00f1o como un co-constructor - 2026\" \/>\n<meta property=\"og:description\" content=\"El maestro, pedagogo, periodista y psic\u00f3logo italiano, Loris Malaguzzi (1920 \u2013 1994) fue el fundador y propulsor de las escuelas de Reggio...\" \/>\n<meta property=\"og:url\" content=\"https:\/\/webdelmaestrocmf.com\/portal\/loris-malaguzzi-el-profesor-debe-renunciar-a-todas-sus-ideas-preconcebidas-y-aceptar-al-nino-como-un-co-constructor\/\" \/>\n<meta property=\"og:site_name\" content=\"Web del Maestro CMF\" \/>\n<meta property=\"article:publisher\" content=\"https:\/\/www.facebook.com\/WebdelMaestroCMF\/\" \/>\n<meta property=\"article:author\" content=\"https:\/\/www.facebook.com\/WebdelMaestroCMF\/\" \/>\n<meta property=\"article:published_time\" content=\"2019-07-05T21:44:05+00:00\" \/>\n<meta property=\"article:modified_time\" content=\"2024-12-07T13:31:06+00:00\" \/>\n<meta property=\"og:image\" content=\"https:\/\/webdelmaestrocmf.com\/portal\/wp-content\/uploads\/2019\/07\/Banner-1-portada-imagen-10-1-7.jpg\" \/>\n\t<meta property=\"og:image:width\" content=\"1024\" \/>\n\t<meta property=\"og:image:height\" content=\"1024\" \/>\n\t<meta property=\"og:image:type\" content=\"image\/jpeg\" \/>\n<meta name=\"author\" content=\"Web del Maestro CMF\" \/>\n<meta name=\"twitter:card\" content=\"summary_large_image\" \/>\n<meta name=\"twitter:creator\" content=\"@cmf_w\" \/>\n<meta name=\"twitter:site\" content=\"@cmf_w\" \/>\n<script type=\"application\/ld+json\" class=\"yoast-schema-graph\">{\"@context\":\"https:\\\/\\\/schema.org\",\"@graph\":[{\"@type\":\"ScholarlyArticle\",\"@id\":\"https:\\\/\\\/webdelmaestrocmf.com\\\/portal\\\/loris-malaguzzi-el-profesor-debe-renunciar-a-todas-sus-ideas-preconcebidas-y-aceptar-al-nino-como-un-co-constructor\\\/#article\",\"isPartOf\":{\"@id\":\"https:\\\/\\\/webdelmaestrocmf.com\\\/portal\\\/loris-malaguzzi-el-profesor-debe-renunciar-a-todas-sus-ideas-preconcebidas-y-aceptar-al-nino-como-un-co-constructor\\\/\"},\"author\":{\"name\":\"Web del Maestro CMF\",\"@id\":\"https:\\\/\\\/webdelmaestrocmf.com\\\/portal\\\/#\\\/schema\\\/person\\\/1072a2ed7bd960df8ef99a551fa35dc5\"},\"headline\":\"Loris Malaguzzi: El profesor debe renunciar a todas sus ideas preconcebidas y aceptar al ni\u00f1o como un co-constructor\",\"datePublished\":\"2019-07-05T21:44:05+00:00\",\"dateModified\":\"2024-12-07T13:31:06+00:00\",\"mainEntityOfPage\":{\"@id\":\"https:\\\/\\\/webdelmaestrocmf.com\\\/portal\\\/loris-malaguzzi-el-profesor-debe-renunciar-a-todas-sus-ideas-preconcebidas-y-aceptar-al-nino-como-un-co-constructor\\\/\"},\"wordCount\":1205,\"commentCount\":0,\"publisher\":{\"@id\":\"https:\\\/\\\/webdelmaestrocmf.com\\\/portal\\\/#organization\"},\"image\":{\"@id\":\"https:\\\/\\\/webdelmaestrocmf.com\\\/portal\\\/loris-malaguzzi-el-profesor-debe-renunciar-a-todas-sus-ideas-preconcebidas-y-aceptar-al-nino-como-un-co-constructor\\\/#primaryimage\"},\"thumbnailUrl\":\"https:\\\/\\\/webdelmaestrocmf.com\\\/portal\\\/wp-content\\\/uploads\\\/2019\\\/07\\\/Banner-1-portada-imagen-10-1-7.jpg\",\"keywords\":[\"ASOMBRO\",\"creatividad\",\"EDUCATIVA\",\"ESCUELAS\",\"INNOVACI\u00d3N\",\"LORIS\",\"LORIS MALAGUZZI\",\"MALAGUZZI\",\"PEDAGOG\u00cdA\",\"REGGIO EMILIA\",\"video\"],\"articleSection\":[\"Entrevistas\",\"Noticias\"],\"inLanguage\":\"es\",\"potentialAction\":[{\"@type\":\"CommentAction\",\"name\":\"Comment\",\"target\":[\"https:\\\/\\\/webdelmaestrocmf.com\\\/portal\\\/loris-malaguzzi-el-profesor-debe-renunciar-a-todas-sus-ideas-preconcebidas-y-aceptar-al-nino-como-un-co-constructor\\\/#respond\"]}]},{\"@type\":\"WebPage\",\"@id\":\"https:\\\/\\\/webdelmaestrocmf.com\\\/portal\\\/loris-malaguzzi-el-profesor-debe-renunciar-a-todas-sus-ideas-preconcebidas-y-aceptar-al-nino-como-un-co-constructor\\\/\",\"url\":\"https:\\\/\\\/webdelmaestrocmf.com\\\/portal\\\/loris-malaguzzi-el-profesor-debe-renunciar-a-todas-sus-ideas-preconcebidas-y-aceptar-al-nino-como-un-co-constructor\\\/\",\"name\":\"Loris Malaguzzi: El profesor debe renunciar a todas sus ideas preconcebidas y aceptar al ni\u00f1o como un co-constructor - 2026\",\"isPartOf\":{\"@id\":\"https:\\\/\\\/webdelmaestrocmf.com\\\/portal\\\/#website\"},\"primaryImageOfPage\":{\"@id\":\"https:\\\/\\\/webdelmaestrocmf.com\\\/portal\\\/loris-malaguzzi-el-profesor-debe-renunciar-a-todas-sus-ideas-preconcebidas-y-aceptar-al-nino-como-un-co-constructor\\\/#primaryimage\"},\"image\":{\"@id\":\"https:\\\/\\\/webdelmaestrocmf.com\\\/portal\\\/loris-malaguzzi-el-profesor-debe-renunciar-a-todas-sus-ideas-preconcebidas-y-aceptar-al-nino-como-un-co-constructor\\\/#primaryimage\"},\"thumbnailUrl\":\"https:\\\/\\\/webdelmaestrocmf.com\\\/portal\\\/wp-content\\\/uploads\\\/2019\\\/07\\\/Banner-1-portada-imagen-10-1-7.jpg\",\"datePublished\":\"2019-07-05T21:44:05+00:00\",\"dateModified\":\"2024-12-07T13:31:06+00:00\",\"description\":\"El maestro, pedagogo, periodista y psic\u00f3logo italiano, Loris Malaguzzi (1920 \u2013 1994) fue el fundador y propulsor de las escuelas de Reggio...\",\"breadcrumb\":{\"@id\":\"https:\\\/\\\/webdelmaestrocmf.com\\\/portal\\\/loris-malaguzzi-el-profesor-debe-renunciar-a-todas-sus-ideas-preconcebidas-y-aceptar-al-nino-como-un-co-constructor\\\/#breadcrumb\"},\"inLanguage\":\"es\",\"potentialAction\":[{\"@type\":\"ReadAction\",\"target\":[\"https:\\\/\\\/webdelmaestrocmf.com\\\/portal\\\/loris-malaguzzi-el-profesor-debe-renunciar-a-todas-sus-ideas-preconcebidas-y-aceptar-al-nino-como-un-co-constructor\\\/\"]}]},{\"@type\":\"ImageObject\",\"inLanguage\":\"es\",\"@id\":\"https:\\\/\\\/webdelmaestrocmf.com\\\/portal\\\/loris-malaguzzi-el-profesor-debe-renunciar-a-todas-sus-ideas-preconcebidas-y-aceptar-al-nino-como-un-co-constructor\\\/#primaryimage\",\"url\":\"https:\\\/\\\/webdelmaestrocmf.com\\\/portal\\\/wp-content\\\/uploads\\\/2019\\\/07\\\/Banner-1-portada-imagen-10-1-7.jpg\",\"contentUrl\":\"https:\\\/\\\/webdelmaestrocmf.com\\\/portal\\\/wp-content\\\/uploads\\\/2019\\\/07\\\/Banner-1-portada-imagen-10-1-7.jpg\",\"width\":1024,\"height\":1024},{\"@type\":\"BreadcrumbList\",\"@id\":\"https:\\\/\\\/webdelmaestrocmf.com\\\/portal\\\/loris-malaguzzi-el-profesor-debe-renunciar-a-todas-sus-ideas-preconcebidas-y-aceptar-al-nino-como-un-co-constructor\\\/#breadcrumb\",\"itemListElement\":[{\"@type\":\"ListItem\",\"position\":1,\"name\":\"Portada\",\"item\":\"https:\\\/\\\/webdelmaestrocmf.com\\\/portal\\\/\"},{\"@type\":\"ListItem\",\"position\":2,\"name\":\"Noticias\",\"item\":\"https:\\\/\\\/webdelmaestrocmf.com\\\/portal\\\/category\\\/noticias\\\/\"},{\"@type\":\"ListItem\",\"position\":3,\"name\":\"Loris Malaguzzi: El profesor debe renunciar a todas sus ideas preconcebidas y aceptar al ni\u00f1o como un co-constructor\"}]},{\"@type\":\"WebSite\",\"@id\":\"https:\\\/\\\/webdelmaestrocmf.com\\\/portal\\\/#website\",\"url\":\"https:\\\/\\\/webdelmaestrocmf.com\\\/portal\\\/\",\"name\":\"Web del Maestro CMF\",\"description\":\"Maestros al servicio de la educaci\u00f3n\",\"publisher\":{\"@id\":\"https:\\\/\\\/webdelmaestrocmf.com\\\/portal\\\/#organization\"},\"alternateName\":\"WMCMF\",\"potentialAction\":[{\"@type\":\"SearchAction\",\"target\":{\"@type\":\"EntryPoint\",\"urlTemplate\":\"https:\\\/\\\/webdelmaestrocmf.com\\\/portal\\\/?s={search_term_string}\"},\"query-input\":{\"@type\":\"PropertyValueSpecification\",\"valueRequired\":true,\"valueName\":\"search_term_string\"}}],\"inLanguage\":\"es\"},{\"@type\":\"Organization\",\"@id\":\"https:\\\/\\\/webdelmaestrocmf.com\\\/portal\\\/#organization\",\"name\":\"Web del Maestro CMF\",\"alternateName\":\"WMCMF\",\"url\":\"https:\\\/\\\/webdelmaestrocmf.com\\\/portal\\\/\",\"logo\":{\"@type\":\"ImageObject\",\"inLanguage\":\"es\",\"@id\":\"https:\\\/\\\/webdelmaestrocmf.com\\\/portal\\\/#\\\/schema\\\/logo\\\/image\\\/\",\"url\":\"https:\\\/\\\/webdelmaestrocmf.com\\\/portal\\\/wp-content\\\/uploads\\\/2023\\\/01\\\/logo-wmcmf-2.png\",\"contentUrl\":\"https:\\\/\\\/webdelmaestrocmf.com\\\/portal\\\/wp-content\\\/uploads\\\/2023\\\/01\\\/logo-wmcmf-2.png\",\"width\":200,\"height\":60,\"caption\":\"Web del Maestro CMF\"},\"image\":{\"@id\":\"https:\\\/\\\/webdelmaestrocmf.com\\\/portal\\\/#\\\/schema\\\/logo\\\/image\\\/\"},\"sameAs\":[\"https:\\\/\\\/www.facebook.com\\\/WebdelMaestroCMF\\\/\",\"https:\\\/\\\/x.com\\\/cmf_w\",\"https:\\\/\\\/www.pinterest.com\\\/WMCMF\\\/\",\"https:\\\/\\\/www.linkedin.com\\\/company\\\/web-del-maestro-cmf\\\/\",\"https:\\\/\\\/www.instagram.com\\\/wmcmf\\\/\",\"https:\\\/\\\/www.youtube.com\\\/channel\\\/UCDPSvjbdodE5sHnC3OxutHw\",\"https:\\\/\\\/mastodon.social\\\/@wmcmf\",\"https:\\\/\\\/www.tiktok.com\\\/@webdelmaestrocmf\"]},{\"@type\":\"Person\",\"@id\":\"https:\\\/\\\/webdelmaestrocmf.com\\\/portal\\\/#\\\/schema\\\/person\\\/1072a2ed7bd960df8ef99a551fa35dc5\",\"name\":\"Web del Maestro CMF\",\"image\":{\"@type\":\"ImageObject\",\"inLanguage\":\"es\",\"@id\":\"https:\\\/\\\/secure.gravatar.com\\\/avatar\\\/23291dd5b5ae1077dcff3dbb04c3e02bd28403fa75af6d8787d5e97c5bbbe30b?s=96&d=mm&r=g\",\"url\":\"https:\\\/\\\/secure.gravatar.com\\\/avatar\\\/23291dd5b5ae1077dcff3dbb04c3e02bd28403fa75af6d8787d5e97c5bbbe30b?s=96&d=mm&r=g\",\"contentUrl\":\"https:\\\/\\\/secure.gravatar.com\\\/avatar\\\/23291dd5b5ae1077dcff3dbb04c3e02bd28403fa75af6d8787d5e97c5bbbe30b?s=96&d=mm&r=g\",\"caption\":\"Web del Maestro CMF\"},\"description\":\"Esta Web se cre\u00f3 sin fines de lucro, con fines educativos, cient\u00edficos y acad\u00e9micos, para personas que tengan dificultades y\\\/o inconvenientes en visualizar el material original. El objetivo es entregar recursos, compartir experiencias y materiales que ayuden a los padres de familia, maestros y estudiantes en su actualizaci\u00f3n y formaci\u00f3n permanente, en bien de la Educaci\u00f3n.\",\"sameAs\":[\"http:\\\/\\\/webdelmaestrocmf.com\\\/portal\",\"https:\\\/\\\/www.facebook.com\\\/WebdelMaestroCMF\\\/\",\"https:\\\/\\\/www.instagram.com\\\/wmcmf\\\/\",\"https:\\\/\\\/cl.linkedin.com\\\/company\\\/web-del-maestro-cmf\",\"https:\\\/\\\/www.pinterest.com\\\/WMCMF\\\/publicaciones\\\/\",\"https:\\\/\\\/x.com\\\/cmf_w\",\"https:\\\/\\\/www.youtube.com\\\/@WMCMF\"]}]}<\/script>\n<!-- \/ Yoast SEO plugin. -->","yoast_head_json":{"title":"Loris Malaguzzi: El profesor debe renunciar a todas sus ideas preconcebidas y aceptar al ni\u00f1o como un co-constructor - 2026","description":"El maestro, pedagogo, periodista y psic\u00f3logo italiano, Loris Malaguzzi (1920 \u2013 1994) fue el fundador y propulsor de las escuelas de Reggio...","robots":{"index":"index","follow":"follow","max-snippet":"max-snippet:-1","max-image-preview":"max-image-preview:large","max-video-preview":"max-video-preview:-1"},"canonical":"https:\/\/webdelmaestrocmf.com\/portal\/loris-malaguzzi-el-profesor-debe-renunciar-a-todas-sus-ideas-preconcebidas-y-aceptar-al-nino-como-un-co-constructor\/","og_locale":"es_ES","og_type":"article","og_title":"Loris Malaguzzi: El profesor debe renunciar a todas sus ideas preconcebidas y aceptar al ni\u00f1o como un co-constructor - 2026","og_description":"El maestro, pedagogo, periodista y psic\u00f3logo italiano, Loris Malaguzzi (1920 \u2013 1994) fue el fundador y propulsor de las escuelas de Reggio...","og_url":"https:\/\/webdelmaestrocmf.com\/portal\/loris-malaguzzi-el-profesor-debe-renunciar-a-todas-sus-ideas-preconcebidas-y-aceptar-al-nino-como-un-co-constructor\/","og_site_name":"Web del Maestro CMF","article_publisher":"https:\/\/www.facebook.com\/WebdelMaestroCMF\/","article_author":"https:\/\/www.facebook.com\/WebdelMaestroCMF\/","article_published_time":"2019-07-05T21:44:05+00:00","article_modified_time":"2024-12-07T13:31:06+00:00","og_image":[{"width":1024,"height":1024,"url":"https:\/\/webdelmaestrocmf.com\/portal\/wp-content\/uploads\/2019\/07\/Banner-1-portada-imagen-10-1-7.jpg","type":"image\/jpeg"}],"author":"Web del Maestro CMF","twitter_card":"summary_large_image","twitter_creator":"@cmf_w","twitter_site":"@cmf_w","schema":{"@context":"https:\/\/schema.org","@graph":[{"@type":"ScholarlyArticle","@id":"https:\/\/webdelmaestrocmf.com\/portal\/loris-malaguzzi-el-profesor-debe-renunciar-a-todas-sus-ideas-preconcebidas-y-aceptar-al-nino-como-un-co-constructor\/#article","isPartOf":{"@id":"https:\/\/webdelmaestrocmf.com\/portal\/loris-malaguzzi-el-profesor-debe-renunciar-a-todas-sus-ideas-preconcebidas-y-aceptar-al-nino-como-un-co-constructor\/"},"author":{"name":"Web del Maestro CMF","@id":"https:\/\/webdelmaestrocmf.com\/portal\/#\/schema\/person\/1072a2ed7bd960df8ef99a551fa35dc5"},"headline":"Loris Malaguzzi: El profesor debe renunciar a todas sus ideas preconcebidas y aceptar al ni\u00f1o como un co-constructor","datePublished":"2019-07-05T21:44:05+00:00","dateModified":"2024-12-07T13:31:06+00:00","mainEntityOfPage":{"@id":"https:\/\/webdelmaestrocmf.com\/portal\/loris-malaguzzi-el-profesor-debe-renunciar-a-todas-sus-ideas-preconcebidas-y-aceptar-al-nino-como-un-co-constructor\/"},"wordCount":1205,"commentCount":0,"publisher":{"@id":"https:\/\/webdelmaestrocmf.com\/portal\/#organization"},"image":{"@id":"https:\/\/webdelmaestrocmf.com\/portal\/loris-malaguzzi-el-profesor-debe-renunciar-a-todas-sus-ideas-preconcebidas-y-aceptar-al-nino-como-un-co-constructor\/#primaryimage"},"thumbnailUrl":"https:\/\/webdelmaestrocmf.com\/portal\/wp-content\/uploads\/2019\/07\/Banner-1-portada-imagen-10-1-7.jpg","keywords":["ASOMBRO","creatividad","EDUCATIVA","ESCUELAS","INNOVACI\u00d3N","LORIS","LORIS MALAGUZZI","MALAGUZZI","PEDAGOG\u00cdA","REGGIO EMILIA","video"],"articleSection":["Entrevistas","Noticias"],"inLanguage":"es","potentialAction":[{"@type":"CommentAction","name":"Comment","target":["https:\/\/webdelmaestrocmf.com\/portal\/loris-malaguzzi-el-profesor-debe-renunciar-a-todas-sus-ideas-preconcebidas-y-aceptar-al-nino-como-un-co-constructor\/#respond"]}]},{"@type":"WebPage","@id":"https:\/\/webdelmaestrocmf.com\/portal\/loris-malaguzzi-el-profesor-debe-renunciar-a-todas-sus-ideas-preconcebidas-y-aceptar-al-nino-como-un-co-constructor\/","url":"https:\/\/webdelmaestrocmf.com\/portal\/loris-malaguzzi-el-profesor-debe-renunciar-a-todas-sus-ideas-preconcebidas-y-aceptar-al-nino-como-un-co-constructor\/","name":"Loris Malaguzzi: El profesor debe renunciar a todas sus ideas preconcebidas y aceptar al ni\u00f1o como un co-constructor - 2026","isPartOf":{"@id":"https:\/\/webdelmaestrocmf.com\/portal\/#website"},"primaryImageOfPage":{"@id":"https:\/\/webdelmaestrocmf.com\/portal\/loris-malaguzzi-el-profesor-debe-renunciar-a-todas-sus-ideas-preconcebidas-y-aceptar-al-nino-como-un-co-constructor\/#primaryimage"},"image":{"@id":"https:\/\/webdelmaestrocmf.com\/portal\/loris-malaguzzi-el-profesor-debe-renunciar-a-todas-sus-ideas-preconcebidas-y-aceptar-al-nino-como-un-co-constructor\/#primaryimage"},"thumbnailUrl":"https:\/\/webdelmaestrocmf.com\/portal\/wp-content\/uploads\/2019\/07\/Banner-1-portada-imagen-10-1-7.jpg","datePublished":"2019-07-05T21:44:05+00:00","dateModified":"2024-12-07T13:31:06+00:00","description":"El maestro, pedagogo, periodista y psic\u00f3logo italiano, Loris Malaguzzi (1920 \u2013 1994) fue el fundador y propulsor de las escuelas de Reggio...","breadcrumb":{"@id":"https:\/\/webdelmaestrocmf.com\/portal\/loris-malaguzzi-el-profesor-debe-renunciar-a-todas-sus-ideas-preconcebidas-y-aceptar-al-nino-como-un-co-constructor\/#breadcrumb"},"inLanguage":"es","potentialAction":[{"@type":"ReadAction","target":["https:\/\/webdelmaestrocmf.com\/portal\/loris-malaguzzi-el-profesor-debe-renunciar-a-todas-sus-ideas-preconcebidas-y-aceptar-al-nino-como-un-co-constructor\/"]}]},{"@type":"ImageObject","inLanguage":"es","@id":"https:\/\/webdelmaestrocmf.com\/portal\/loris-malaguzzi-el-profesor-debe-renunciar-a-todas-sus-ideas-preconcebidas-y-aceptar-al-nino-como-un-co-constructor\/#primaryimage","url":"https:\/\/webdelmaestrocmf.com\/portal\/wp-content\/uploads\/2019\/07\/Banner-1-portada-imagen-10-1-7.jpg","contentUrl":"https:\/\/webdelmaestrocmf.com\/portal\/wp-content\/uploads\/2019\/07\/Banner-1-portada-imagen-10-1-7.jpg","width":1024,"height":1024},{"@type":"BreadcrumbList","@id":"https:\/\/webdelmaestrocmf.com\/portal\/loris-malaguzzi-el-profesor-debe-renunciar-a-todas-sus-ideas-preconcebidas-y-aceptar-al-nino-como-un-co-constructor\/#breadcrumb","itemListElement":[{"@type":"ListItem","position":1,"name":"Portada","item":"https:\/\/webdelmaestrocmf.com\/portal\/"},{"@type":"ListItem","position":2,"name":"Noticias","item":"https:\/\/webdelmaestrocmf.com\/portal\/category\/noticias\/"},{"@type":"ListItem","position":3,"name":"Loris Malaguzzi: El profesor debe renunciar a todas sus ideas preconcebidas y aceptar al ni\u00f1o como un co-constructor"}]},{"@type":"WebSite","@id":"https:\/\/webdelmaestrocmf.com\/portal\/#website","url":"https:\/\/webdelmaestrocmf.com\/portal\/","name":"Web del Maestro CMF","description":"Maestros al servicio de la educaci\u00f3n","publisher":{"@id":"https:\/\/webdelmaestrocmf.com\/portal\/#organization"},"alternateName":"WMCMF","potentialAction":[{"@type":"SearchAction","target":{"@type":"EntryPoint","urlTemplate":"https:\/\/webdelmaestrocmf.com\/portal\/?s={search_term_string}"},"query-input":{"@type":"PropertyValueSpecification","valueRequired":true,"valueName":"search_term_string"}}],"inLanguage":"es"},{"@type":"Organization","@id":"https:\/\/webdelmaestrocmf.com\/portal\/#organization","name":"Web del Maestro CMF","alternateName":"WMCMF","url":"https:\/\/webdelmaestrocmf.com\/portal\/","logo":{"@type":"ImageObject","inLanguage":"es","@id":"https:\/\/webdelmaestrocmf.com\/portal\/#\/schema\/logo\/image\/","url":"https:\/\/webdelmaestrocmf.com\/portal\/wp-content\/uploads\/2023\/01\/logo-wmcmf-2.png","contentUrl":"https:\/\/webdelmaestrocmf.com\/portal\/wp-content\/uploads\/2023\/01\/logo-wmcmf-2.png","width":200,"height":60,"caption":"Web del Maestro CMF"},"image":{"@id":"https:\/\/webdelmaestrocmf.com\/portal\/#\/schema\/logo\/image\/"},"sameAs":["https:\/\/www.facebook.com\/WebdelMaestroCMF\/","https:\/\/x.com\/cmf_w","https:\/\/www.pinterest.com\/WMCMF\/","https:\/\/www.linkedin.com\/company\/web-del-maestro-cmf\/","https:\/\/www.instagram.com\/wmcmf\/","https:\/\/www.youtube.com\/channel\/UCDPSvjbdodE5sHnC3OxutHw","https:\/\/mastodon.social\/@wmcmf","https:\/\/www.tiktok.com\/@webdelmaestrocmf"]},{"@type":"Person","@id":"https:\/\/webdelmaestrocmf.com\/portal\/#\/schema\/person\/1072a2ed7bd960df8ef99a551fa35dc5","name":"Web del Maestro CMF","image":{"@type":"ImageObject","inLanguage":"es","@id":"https:\/\/secure.gravatar.com\/avatar\/23291dd5b5ae1077dcff3dbb04c3e02bd28403fa75af6d8787d5e97c5bbbe30b?s=96&d=mm&r=g","url":"https:\/\/secure.gravatar.com\/avatar\/23291dd5b5ae1077dcff3dbb04c3e02bd28403fa75af6d8787d5e97c5bbbe30b?s=96&d=mm&r=g","contentUrl":"https:\/\/secure.gravatar.com\/avatar\/23291dd5b5ae1077dcff3dbb04c3e02bd28403fa75af6d8787d5e97c5bbbe30b?s=96&d=mm&r=g","caption":"Web del Maestro CMF"},"description":"Esta Web se cre\u00f3 sin fines de lucro, con fines educativos, cient\u00edficos y acad\u00e9micos, para personas que tengan dificultades y\/o inconvenientes en visualizar el material original. El objetivo es entregar recursos, compartir experiencias y materiales que ayuden a los padres de familia, maestros y estudiantes en su actualizaci\u00f3n y formaci\u00f3n permanente, en bien de la Educaci\u00f3n.","sameAs":["http:\/\/webdelmaestrocmf.com\/portal","https:\/\/www.facebook.com\/WebdelMaestroCMF\/","https:\/\/www.instagram.com\/wmcmf\/","https:\/\/cl.linkedin.com\/company\/web-del-maestro-cmf","https:\/\/www.pinterest.com\/WMCMF\/publicaciones\/","https:\/\/x.com\/cmf_w","https:\/\/www.youtube.com\/@WMCMF"]}]}},"jetpack_featured_media_url":"https:\/\/webdelmaestrocmf.com\/portal\/wp-content\/uploads\/2019\/07\/Banner-1-portada-imagen-10-1-7.jpg","jetpack_sharing_enabled":true,"jetpack-related-posts":[{"id":36939,"url":"https:\/\/webdelmaestrocmf.com\/portal\/pedagogia-del-asombro-principios-de-las-escuelas-reggio-emilia\/","url_meta":{"origin":38022,"position":0},"title":"Pedagog\u00eda del asombro: Principios de las escuelas Reggio Emilia","author":"Web del Maestro CMF","date":"4 marzo, 2020","format":false,"excerpt":"El profesor italiano Loris Malaguzzi (1920, - 1994), estudi\u00f3 pedagog\u00eda en la Universidad de Urbino \"Carlo Bo\" (Italia). En 1945 se une a un grupo de campesinos de Reggio Emilia, como profesor, para hacer realidad el proyecto de edificar una escuela para ni\u00f1os. En 1950 sigue la carrera de psicolog\u00eda,\u2026","rel":"","context":"En \u00abYo opino - WMCMF\u00bb","block_context":{"text":"Yo opino - WMCMF","link":"https:\/\/webdelmaestrocmf.com\/portal\/category\/jamb\/"},"img":{"alt_text":"","src":"https:\/\/i0.wp.com\/webdelmaestrocmf.com\/portal\/wp-content\/uploads\/2020\/03\/1b-4.jpg?resize=350%2C200&ssl=1","width":350,"height":200,"srcset":"https:\/\/i0.wp.com\/webdelmaestrocmf.com\/portal\/wp-content\/uploads\/2020\/03\/1b-4.jpg?resize=350%2C200&ssl=1 1x, https:\/\/i0.wp.com\/webdelmaestrocmf.com\/portal\/wp-content\/uploads\/2020\/03\/1b-4.jpg?resize=525%2C300&ssl=1 1.5x, https:\/\/i0.wp.com\/webdelmaestrocmf.com\/portal\/wp-content\/uploads\/2020\/03\/1b-4.jpg?resize=700%2C400&ssl=1 2x, https:\/\/i0.wp.com\/webdelmaestrocmf.com\/portal\/wp-content\/uploads\/2020\/03\/1b-4.jpg?resize=1050%2C600&ssl=1 3x"},"classes":[]},{"id":26936,"url":"https:\/\/webdelmaestrocmf.com\/portal\/diferencias-entre-los-metodos-pedagogicos-alternativos-montessori-waldorf-reggio-emilia-y-pikler\/","url_meta":{"origin":38022,"position":1},"title":"Diferencias entre los m\u00e9todos pedag\u00f3gicos alternativos: Montessori, Waldorf, Reggio Emilia y Pikler","author":"Web del Maestro CMF","date":"16 marzo, 2021","format":false,"excerpt":"Existen m\u00e9todos de ense\u00f1anza alternativa\u00a0Montessori, Waldorf, Reggio Emilia Y Pikler\u00a0que, a diferencia del sistema educativo convencional, proporcionan a los ni\u00f1os herramientas para ser m\u00e1s autodidactas. Se conocen como m\u00e9todos de ense\u00f1anza alternativa a aquellos que difieren del\u00a0sistema educativo\u00a0convencional, aunque no son una novedad, ya que llevan d\u00e9cadas funcionando. Existen colegios\u2026","rel":"","context":"En \u00abDocentes\u00bb","block_context":{"text":"Docentes","link":"https:\/\/webdelmaestrocmf.com\/portal\/category\/pedagogia\/docentes\/"},"img":{"alt_text":"","src":"https:\/\/i0.wp.com\/webdelmaestrocmf.com\/portal\/wp-content\/uploads\/2019\/03\/1-5.jpeg?resize=350%2C200&ssl=1","width":350,"height":200,"srcset":"https:\/\/i0.wp.com\/webdelmaestrocmf.com\/portal\/wp-content\/uploads\/2019\/03\/1-5.jpeg?resize=350%2C200&ssl=1 1x, https:\/\/i0.wp.com\/webdelmaestrocmf.com\/portal\/wp-content\/uploads\/2019\/03\/1-5.jpeg?resize=525%2C300&ssl=1 1.5x, https:\/\/i0.wp.com\/webdelmaestrocmf.com\/portal\/wp-content\/uploads\/2019\/03\/1-5.jpeg?resize=700%2C400&ssl=1 2x, https:\/\/i0.wp.com\/webdelmaestrocmf.com\/portal\/wp-content\/uploads\/2019\/03\/1-5.jpeg?resize=1050%2C600&ssl=1 3x"},"classes":[]},{"id":77573,"url":"https:\/\/webdelmaestrocmf.com\/portal\/francesco-tonucci-el-profesor-tiene-que-observar-y-acordarse-de-su-infancia-para-entender-a-los-estudiantes\/","url_meta":{"origin":38022,"position":2},"title":"Francesco Tonucci: El profesor tiene que observar y acordarse de su infancia para entender a los estudiantes","author":"Web del Maestro CMF","date":"21 septiembre, 2025","format":false,"excerpt":"Un adulto logra construir esa comprensi\u00f3n observando y escuchando, acord\u00e1ndose de lo que fue mi infancia. Este es un pasaje fundamental: parece que nosotros los adultos tenemos que olvidarnos de la infancia para llegar a ser adultos.","rel":"","context":"En \u00abEntrevistas\u00bb","block_context":{"text":"Entrevistas","link":"https:\/\/webdelmaestrocmf.com\/portal\/category\/noticias\/entrevistas\/"},"img":{"alt_text":"","src":"https:\/\/i0.wp.com\/webdelmaestrocmf.com\/portal\/wp-content\/uploads\/2022\/06\/Banner-1-portada-imagen-10-1-18.jpg?resize=350%2C200&ssl=1","width":350,"height":200,"srcset":"https:\/\/i0.wp.com\/webdelmaestrocmf.com\/portal\/wp-content\/uploads\/2022\/06\/Banner-1-portada-imagen-10-1-18.jpg?resize=350%2C200&ssl=1 1x, https:\/\/i0.wp.com\/webdelmaestrocmf.com\/portal\/wp-content\/uploads\/2022\/06\/Banner-1-portada-imagen-10-1-18.jpg?resize=525%2C300&ssl=1 1.5x, https:\/\/i0.wp.com\/webdelmaestrocmf.com\/portal\/wp-content\/uploads\/2022\/06\/Banner-1-portada-imagen-10-1-18.jpg?resize=700%2C400&ssl=1 2x"},"classes":[]},{"id":88768,"url":"https:\/\/webdelmaestrocmf.com\/portal\/aprendizaje-alternativo-ejemplos-y-estrategias-para-desarrollar-competencias\/","url_meta":{"origin":38022,"position":3},"title":"Aprendizaje Alternativo: Ejemplos y Estrategias para desarrollar competencias","author":"Web del Maestro CMF","date":"9 mayo, 2023","format":false,"excerpt":"El Aprendizaje Alternativo tiene sus ra\u00edces en las teor\u00edas de la educaci\u00f3n progresista que surgieron a finales del siglo XIX y principios del siglo XX, que cuestionaban la educaci\u00f3n tradicional y propugnaban por enfoques m\u00e1s flexibles y adaptativos. Uno de los principales exponentes de la educaci\u00f3n progresista fue el pedagogo\u2026","rel":"","context":"En \u00abAprendizaje Alternativo\u00bb","block_context":{"text":"Aprendizaje Alternativo","link":"https:\/\/webdelmaestrocmf.com\/portal\/category\/pedagogia\/aprendizaje-alternativo\/"},"img":{"alt_text":"","src":"https:\/\/i0.wp.com\/webdelmaestrocmf.com\/portal\/wp-content\/uploads\/2023\/05\/A12B3C4D-71.jpg?resize=350%2C200&ssl=1","width":350,"height":200,"srcset":"https:\/\/i0.wp.com\/webdelmaestrocmf.com\/portal\/wp-content\/uploads\/2023\/05\/A12B3C4D-71.jpg?resize=350%2C200&ssl=1 1x, https:\/\/i0.wp.com\/webdelmaestrocmf.com\/portal\/wp-content\/uploads\/2023\/05\/A12B3C4D-71.jpg?resize=525%2C300&ssl=1 1.5x, https:\/\/i0.wp.com\/webdelmaestrocmf.com\/portal\/wp-content\/uploads\/2023\/05\/A12B3C4D-71.jpg?resize=700%2C400&ssl=1 2x"},"classes":[]},{"id":52598,"url":"https:\/\/webdelmaestrocmf.com\/portal\/miguel-gonzalez-jugar-con-los-estudiantes-es-el-mejor-vehiculo-del-aprendizaje\/","url_meta":{"origin":38022,"position":4},"title":"[Miguel Gonz\u00e1lez] Jugar con los estudiantes es el mejor veh\u00edculo del aprendizaje","author":"Web del Maestro CMF","date":"7 octubre, 2020","format":false,"excerpt":"La Secretar\u00eda de Educaci\u00f3n del Distrito (SED) del Concejo de Bogot\u00e1 (Colombia), como responsable de la educaci\u00f3n inicial (preescolar), b\u00e1sica (primaria y secundaria), en Ciudad Bol\u00edvar, tiene como tarea principal el orientar y liderar la formulaci\u00f3n y ejecuci\u00f3n de pol\u00edticas, planes y programas para garantizar el derecho a la educaci\u00f3n\u2026","rel":"","context":"En \u00abZ-Colaboradores\u00bb","block_context":{"text":"Z-Colaboradores","link":"https:\/\/webdelmaestrocmf.com\/portal\/category\/colaborador\/"},"img":{"alt_text":"","src":"https:\/\/i0.wp.com\/webdelmaestrocmf.com\/portal\/wp-content\/uploads\/2020\/10\/1-copia-21.jpg?resize=350%2C200&ssl=1","width":350,"height":200,"srcset":"https:\/\/i0.wp.com\/webdelmaestrocmf.com\/portal\/wp-content\/uploads\/2020\/10\/1-copia-21.jpg?resize=350%2C200&ssl=1 1x, https:\/\/i0.wp.com\/webdelmaestrocmf.com\/portal\/wp-content\/uploads\/2020\/10\/1-copia-21.jpg?resize=525%2C300&ssl=1 1.5x, https:\/\/i0.wp.com\/webdelmaestrocmf.com\/portal\/wp-content\/uploads\/2020\/10\/1-copia-21.jpg?resize=700%2C400&ssl=1 2x, https:\/\/i0.wp.com\/webdelmaestrocmf.com\/portal\/wp-content\/uploads\/2020\/10\/1-copia-21.jpg?resize=1050%2C600&ssl=1 3x"},"classes":[]},{"id":81626,"url":"https:\/\/webdelmaestrocmf.com\/portal\/la-curiosidad-el-asombro-y-el-aprendizaje-a-proposito-de-como-un-nino-de-ocho-anos-permitio-encaminar-un-nuevo-estudio-cientifico\/","url_meta":{"origin":38022,"position":5},"title":"La curiosidad, el asombro y el aprendizaje, a prop\u00f3sito de c\u00f3mo un ni\u00f1o de ocho a\u00f1os permiti\u00f3 encaminar un nuevo estudio cient\u00edfico","author":"Web del Maestro CMF","date":"11 diciembre, 2022","format":false,"excerpt":"Como educadores, sabemos por propia experiencia c\u00f3mo es as\u00ed que \u201clos ni\u00f1os son curiosos por naturaleza, y en su mayor\u00eda tienen la habilidad para formular preguntas, conjeturas e hip\u00f3tesis que inicialmente surgen de la admiraci\u00f3n y del modo para analizar lo que llama su atenci\u00f3n o les causa admiraci\u00f3n. Pese\u2026","rel":"","context":"En \u00abYo opino - WMCMF\u00bb","block_context":{"text":"Yo opino - WMCMF","link":"https:\/\/webdelmaestrocmf.com\/portal\/category\/jamb\/"},"img":{"alt_text":"","src":"https:\/\/i0.wp.com\/webdelmaestrocmf.com\/portal\/wp-content\/uploads\/2022\/12\/1-1.jpg?resize=350%2C200&ssl=1","width":350,"height":200,"srcset":"https:\/\/i0.wp.com\/webdelmaestrocmf.com\/portal\/wp-content\/uploads\/2022\/12\/1-1.jpg?resize=350%2C200&ssl=1 1x, https:\/\/i0.wp.com\/webdelmaestrocmf.com\/portal\/wp-content\/uploads\/2022\/12\/1-1.jpg?resize=525%2C300&ssl=1 1.5x, https:\/\/i0.wp.com\/webdelmaestrocmf.com\/portal\/wp-content\/uploads\/2022\/12\/1-1.jpg?resize=700%2C400&ssl=1 2x"},"classes":[]}],"_links":{"self":[{"href":"https:\/\/webdelmaestrocmf.com\/portal\/wp-json\/wp\/v2\/posts\/38022","targetHints":{"allow":["GET"]}}],"collection":[{"href":"https:\/\/webdelmaestrocmf.com\/portal\/wp-json\/wp\/v2\/posts"}],"about":[{"href":"https:\/\/webdelmaestrocmf.com\/portal\/wp-json\/wp\/v2\/types\/post"}],"author":[{"embeddable":true,"href":"https:\/\/webdelmaestrocmf.com\/portal\/wp-json\/wp\/v2\/users\/1"}],"replies":[{"embeddable":true,"href":"https:\/\/webdelmaestrocmf.com\/portal\/wp-json\/wp\/v2\/comments?post=38022"}],"version-history":[{"count":0,"href":"https:\/\/webdelmaestrocmf.com\/portal\/wp-json\/wp\/v2\/posts\/38022\/revisions"}],"wp:featuredmedia":[{"embeddable":true,"href":"https:\/\/webdelmaestrocmf.com\/portal\/wp-json\/wp\/v2\/media\/107099"}],"wp:attachment":[{"href":"https:\/\/webdelmaestrocmf.com\/portal\/wp-json\/wp\/v2\/media?parent=38022"}],"wp:term":[{"taxonomy":"category","embeddable":true,"href":"https:\/\/webdelmaestrocmf.com\/portal\/wp-json\/wp\/v2\/categories?post=38022"},{"taxonomy":"post_tag","embeddable":true,"href":"https:\/\/webdelmaestrocmf.com\/portal\/wp-json\/wp\/v2\/tags?post=38022"}],"curies":[{"name":"wp","href":"https:\/\/api.w.org\/{rel}","templated":true}]}}