{"id":37974,"date":"2019-07-03T17:48:27","date_gmt":"2019-07-03T21:48:27","guid":{"rendered":"http:\/\/webdelmaestrocmf.com\/portal\/?p=37974"},"modified":"2019-09-16T13:13:12","modified_gmt":"2019-09-16T16:13:12","slug":"papa-francisco-no-sigais-la-logica-del-cada-uno-por-su-cuenta","status":"publish","type":"post","link":"https:\/\/webdelmaestrocmf.com\/portal\/papa-francisco-no-sigais-la-logica-del-cada-uno-por-su-cuenta\/","title":{"rendered":"Papa Francisco: No sig\u00e1is la l\u00f3gica del \u201cCada uno por su cuenta\u201d"},"content":{"rendered":"<h5 class=\"paragraph text-block__paragraph text-block__element\" style=\"text-align: justify;\">Durante el \u00c1ngelus el Papa record\u00f3 que en muchos pa\u00edses la Iglesia celebra en este domingo el Corpus Christi. Explic\u00f3 que el gran mensaje de esta solemnidad es la generosidad, preocuparse los unos por los otros.<\/h5>\n<h5 class=\"paragraph text-block__paragraph text-block__element\" style=\"text-align: justify;\">\u201cJes\u00fas invita a sus disc\u00edpulos a cumplir una verdadera conversi\u00f3n de la l\u00f3gica del \u201ccada uno por su lado\u201d a la de compartir, comenzando por ese poco que la Providencia pone a nuestra disposici\u00f3n\u201d.<\/h5>\n<p><!--more--><\/p>\n<p class=\"paragraph text-block__paragraph text-block__element\" style=\"text-align: justify;\">Francisco explic\u00f3 que la solemnidad del Corpus Christi es una invitaci\u00f3n para que los cristianos redescubran el valor de la Eucarist\u00eda.<\/p>\n<h5 class=\"paragraph text-block__paragraph text-block__element\" style=\"text-align: justify;\"><strong>FRANCISCO<\/strong><\/h5>\n<p class=\"paragraph text-block__paragraph text-block__element\" style=\"text-align: justify;\">La Eucarist\u00eda es la s\u00edntesis de toda la existencia de Jes\u00fas. La fiesta del Corpus Christi nos invita cada a\u00f1o a renovar el estupor y la alegr\u00eda por este don estupendo del Se\u00f1or, que es la Eucarist\u00eda\u201d.<\/p>\n<p><img loading=\"lazy\" decoding=\"async\" class=\"alignnone size-full wp-image-37979\" src=\"http:\/\/webdelmaestrocmf.com\/portal\/wp-content\/uploads\/2019\/07\/2-1.jpg\" alt=\"\" width=\"900\" height=\"500\" srcset=\"https:\/\/webdelmaestrocmf.com\/portal\/wp-content\/uploads\/2019\/07\/2-1.jpg 900w, https:\/\/webdelmaestrocmf.com\/portal\/wp-content\/uploads\/2019\/07\/2-1-300x167.jpg 300w, https:\/\/webdelmaestrocmf.com\/portal\/wp-content\/uploads\/2019\/07\/2-1-768x427.jpg 768w\" sizes=\"auto, (max-width: 900px) 100vw, 900px\" \/><\/p>\n<p class=\"paragraph text-block__paragraph text-block__element\" style=\"text-align: justify;\">Francisco dijo que no hay que acostumbrarse a recibir la comuni\u00f3n. Aconsej\u00f3 que cada vez que se comulgue se intente hacer como si fuera la primera vez.<\/p>\n<p class=\"paragraph text-block__paragraph text-block__element\" style=\"text-align: justify;\">Al terminar el rezo del \u00c1ngelus el Papa record\u00f3 a las 14 m\u00e1rtires espa\u00f1olas asesinadas en los a\u00f1os 30 que fueron beatificadas el s\u00e1bado en Madrid.<\/p>\n<p><iframe loading=\"lazy\" src=\"https:\/\/www.youtube.com\/embed\/Fa0e6umRG6o\" width=\"900\" height=\"400\" frameborder=\"0\" allowfullscreen=\"allowfullscreen\"><span data-mce-type=\"bookmark\" style=\"display: inline-block; width: 0px; overflow: hidden; line-height: 0;\" class=\"mce_SELRES_start\">\ufeff<\/span><\/iframe><\/p>\n<p style=\"text-align: justify;\"><strong>Este contenido ha sido publicado originalmente por ROME REPORTS en la siguiente direcci\u00f3n: <a href=\"https:\/\/www.romereports.com\" target=\"_blank\" rel=\"noopener noreferrer\">romereports.com<\/a><\/strong><\/p>\n\t\t<div class=\"pk-inline-posts\">\n\t\t\t\n\t\t\t<div class=\"pk-inline-posts-container pk-inline-posts-template-list\"\n\t\t\t\tdata-columns=\"1\">\n\t\t\t\t\t\t<article id=\"post-117930\" class=\"post-117930 post type-post status-publish format-standard has-post-thumbnail category-pastoral category-noticias-internacionales category-papa-leon-xiv tag-conflictos tag-derechos-humanos tag-educacion-en-valores-2 tag-etica-3 tag-justicia-social tag-liderazgo tag-papa-2 tag-paz tag-reflexion-2 tag-solidaridad cs-entry cs-video-wrap\">\n\t\t\t<div class=\"pk-post-outer\">\n\n\t\t\t\t\t\t\t\t<div class=\"pk-post-inner\">\n\t\t\t\t\t<div class=\"entry-thumbnail\">\n\t\t\t\t\t\t<div class=\"pk-overlay pk-overlay-ratio pk-ratio-landscape\">\n\t\t\t\t\t\t\t<div class=\"pk-overlay-background\">\n\t\t\t\t\t\t\t\t<a href=\"https:\/\/webdelmaestrocmf.com\/portal\/papa-leon-xiv-el-mundo-esta-siendo-destruido-por-unos-pocos-tiranos-en-referencia-a-trump\/\" class=\"pk-overlay-link\">\n\t\t\t\t\t\t\t\t\t<img loading=\"lazy\" decoding=\"async\" width=\"300\" height=\"225\" src=\"https:\/\/webdelmaestrocmf.com\/portal\/wp-content\/uploads\/2026\/04\/1AA-Banner-1-portada-imagen-10-1-copia-30-300x225.webp\" class=\"attachment-pk-thumbnail size-pk-thumbnail wp-post-image\" alt=\"\" \/>\t\t\t\t\t\t\t\t<\/a>\n\t\t\t\t\t\t\t<\/div>\n\t\t\t\t\t\t<\/div>\n\t\t\t\t\t<\/div>\n\t\t\t\t<\/div>\n\t\t\t\t\n\t\t\t\t<div class=\"pk-post-inner\">\n\t\t\t\t\t<header>\n\t\t\t\t\t\t<h3 class=\"pk-title\"><a href=\"https:\/\/webdelmaestrocmf.com\/portal\/papa-leon-xiv-el-mundo-esta-siendo-destruido-por-unos-pocos-tiranos-en-referencia-a-trump\/\" rel=\"bookmark\">Papa Le\u00f3n XIV: \u201cEl mundo est\u00e1 siendo destruido por unos pocos tiranos\u201d, en referencia a Trump<\/a><\/h3>\t\t\t\t\t<\/header><!-- .entry-header -->\n\t\t\t\t<\/div><!-- .post-inner -->\n\n\t\t\t<\/div><!-- .post-outer -->\n\t\t<\/article>\n\t\t\t\t<\/div>\n\t\t<\/div>\n\t\t\n","protected":false},"excerpt":{"rendered":"Durante el \u00c1ngelus el Papa record\u00f3 que en muchos pa\u00edses la Iglesia celebra en este domingo el Corpus&hellip;","protected":false},"author":1,"featured_media":37977,"comment_status":"open","ping_status":"closed","sticky":false,"template":"","format":"standard","meta":{"csco_display_header_overlay":false,"csco_singular_sidebar":"default","csco_page_header_type":"default","csco_page_load_nextpost":"default","csco_post_video_location":[],"csco_post_video_location_hash":"","csco_post_video_url":"","csco_post_video_bg_start_time":0,"csco_post_video_bg_end_time":0,"csco_post_video_bg_volume":false,"_jetpack_memberships_contains_paid_content":false,"footnotes":""},"categories":[431,467],"tags":[1363,3043,880],"class_list":{"0":"post-37974","1":"post","2":"type-post","3":"status-publish","4":"format-standard","5":"has-post-thumbnail","7":"category-pastoral","8":"category-papa-francisco","9":"tag-francisco","10":"tag-logica","11":"tag-papa","12":"cs-entry","13":"cs-video-wrap"},"yoast_head":"<!-- This site is optimized with the Yoast SEO plugin v27.5 - https:\/\/yoast.com\/product\/yoast-seo-wordpress\/ -->\n<title>Papa Francisco: No sig\u00e1is la l\u00f3gica del \u201cCada uno por su cuenta\u201d - 2026<\/title>\n<meta name=\"description\" content=\"\u201cJes\u00fas invita a sus disc\u00edpulos a cumplir una verdadera conversi\u00f3n de la l\u00f3gica del \u201ccada uno por su lado\u201d a la de compartir, comenzando por ese poco que...\" \/>\n<meta name=\"robots\" content=\"index, follow, max-snippet:-1, max-image-preview:large, max-video-preview:-1\" \/>\n<link rel=\"canonical\" href=\"https:\/\/webdelmaestrocmf.com\/portal\/papa-francisco-no-sigais-la-logica-del-cada-uno-por-su-cuenta\/\" \/>\n<meta property=\"og:locale\" content=\"es_ES\" \/>\n<meta property=\"og:type\" content=\"article\" \/>\n<meta property=\"og:title\" content=\"Papa Francisco: No sig\u00e1is la l\u00f3gica del \u201cCada uno por su cuenta\u201d - 2026\" \/>\n<meta property=\"og:description\" content=\"\u201cJes\u00fas invita a sus disc\u00edpulos a cumplir una verdadera conversi\u00f3n de la l\u00f3gica del \u201ccada uno por su lado\u201d a la de compartir, comenzando por ese poco que...\" \/>\n<meta property=\"og:url\" content=\"https:\/\/webdelmaestrocmf.com\/portal\/papa-francisco-no-sigais-la-logica-del-cada-uno-por-su-cuenta\/\" \/>\n<meta property=\"og:site_name\" content=\"Web del Maestro CMF\" \/>\n<meta property=\"article:publisher\" content=\"https:\/\/www.facebook.com\/WebdelMaestroCMF\/\" \/>\n<meta property=\"article:author\" content=\"https:\/\/www.facebook.com\/WebdelMaestroCMF\/\" \/>\n<meta property=\"article:published_time\" content=\"2019-07-03T21:48:27+00:00\" \/>\n<meta property=\"article:modified_time\" content=\"2019-09-16T16:13:12+00:00\" \/>\n<meta property=\"og:image\" content=\"https:\/\/i0.wp.com\/webdelmaestrocmf.com\/portal\/wp-content\/uploads\/2019\/07\/1.jpg?fit=1100%2C680&ssl=1\" \/>\n\t<meta property=\"og:image:width\" content=\"1100\" \/>\n\t<meta property=\"og:image:height\" content=\"680\" \/>\n\t<meta property=\"og:image:type\" content=\"image\/jpeg\" \/>\n<meta name=\"author\" content=\"Web del Maestro CMF\" \/>\n<meta name=\"twitter:card\" content=\"summary_large_image\" \/>\n<meta name=\"twitter:creator\" content=\"@cmf_w\" \/>\n<meta name=\"twitter:site\" content=\"@cmf_w\" \/>\n<script type=\"application\/ld+json\" class=\"yoast-schema-graph\">{\"@context\":\"https:\\\/\\\/schema.org\",\"@graph\":[{\"@type\":\"ScholarlyArticle\",\"@id\":\"https:\\\/\\\/webdelmaestrocmf.com\\\/portal\\\/papa-francisco-no-sigais-la-logica-del-cada-uno-por-su-cuenta\\\/#article\",\"isPartOf\":{\"@id\":\"https:\\\/\\\/webdelmaestrocmf.com\\\/portal\\\/papa-francisco-no-sigais-la-logica-del-cada-uno-por-su-cuenta\\\/\"},\"author\":{\"name\":\"Web del Maestro CMF\",\"@id\":\"https:\\\/\\\/webdelmaestrocmf.com\\\/portal\\\/#\\\/schema\\\/person\\\/1072a2ed7bd960df8ef99a551fa35dc5\"},\"headline\":\"Papa Francisco: No sig\u00e1is la l\u00f3gica del \u201cCada uno por su cuenta\u201d\",\"datePublished\":\"2019-07-03T21:48:27+00:00\",\"dateModified\":\"2019-09-16T16:13:12+00:00\",\"mainEntityOfPage\":{\"@id\":\"https:\\\/\\\/webdelmaestrocmf.com\\\/portal\\\/papa-francisco-no-sigais-la-logica-del-cada-uno-por-su-cuenta\\\/\"},\"wordCount\":232,\"commentCount\":0,\"publisher\":{\"@id\":\"https:\\\/\\\/webdelmaestrocmf.com\\\/portal\\\/#organization\"},\"image\":{\"@id\":\"https:\\\/\\\/webdelmaestrocmf.com\\\/portal\\\/papa-francisco-no-sigais-la-logica-del-cada-uno-por-su-cuenta\\\/#primaryimage\"},\"thumbnailUrl\":\"https:\\\/\\\/webdelmaestrocmf.com\\\/portal\\\/wp-content\\\/uploads\\\/2019\\\/07\\\/1.jpg\",\"keywords\":[\"Francisco\",\"L\u00d3GICA\",\"pap\u00e1\"],\"articleSection\":[\"Mundo cart\u00f3lico\",\"Papa Francisco\"],\"inLanguage\":\"es\",\"potentialAction\":[{\"@type\":\"CommentAction\",\"name\":\"Comment\",\"target\":[\"https:\\\/\\\/webdelmaestrocmf.com\\\/portal\\\/papa-francisco-no-sigais-la-logica-del-cada-uno-por-su-cuenta\\\/#respond\"]}]},{\"@type\":\"WebPage\",\"@id\":\"https:\\\/\\\/webdelmaestrocmf.com\\\/portal\\\/papa-francisco-no-sigais-la-logica-del-cada-uno-por-su-cuenta\\\/\",\"url\":\"https:\\\/\\\/webdelmaestrocmf.com\\\/portal\\\/papa-francisco-no-sigais-la-logica-del-cada-uno-por-su-cuenta\\\/\",\"name\":\"Papa Francisco: No sig\u00e1is la l\u00f3gica del \u201cCada uno por su cuenta\u201d - 2026\",\"isPartOf\":{\"@id\":\"https:\\\/\\\/webdelmaestrocmf.com\\\/portal\\\/#website\"},\"primaryImageOfPage\":{\"@id\":\"https:\\\/\\\/webdelmaestrocmf.com\\\/portal\\\/papa-francisco-no-sigais-la-logica-del-cada-uno-por-su-cuenta\\\/#primaryimage\"},\"image\":{\"@id\":\"https:\\\/\\\/webdelmaestrocmf.com\\\/portal\\\/papa-francisco-no-sigais-la-logica-del-cada-uno-por-su-cuenta\\\/#primaryimage\"},\"thumbnailUrl\":\"https:\\\/\\\/webdelmaestrocmf.com\\\/portal\\\/wp-content\\\/uploads\\\/2019\\\/07\\\/1.jpg\",\"datePublished\":\"2019-07-03T21:48:27+00:00\",\"dateModified\":\"2019-09-16T16:13:12+00:00\",\"description\":\"\u201cJes\u00fas invita a sus disc\u00edpulos a cumplir una verdadera conversi\u00f3n de la l\u00f3gica del \u201ccada uno por su lado\u201d a la de compartir, comenzando por ese poco que...\",\"breadcrumb\":{\"@id\":\"https:\\\/\\\/webdelmaestrocmf.com\\\/portal\\\/papa-francisco-no-sigais-la-logica-del-cada-uno-por-su-cuenta\\\/#breadcrumb\"},\"inLanguage\":\"es\",\"potentialAction\":[{\"@type\":\"ReadAction\",\"target\":[\"https:\\\/\\\/webdelmaestrocmf.com\\\/portal\\\/papa-francisco-no-sigais-la-logica-del-cada-uno-por-su-cuenta\\\/\"]}]},{\"@type\":\"ImageObject\",\"inLanguage\":\"es\",\"@id\":\"https:\\\/\\\/webdelmaestrocmf.com\\\/portal\\\/papa-francisco-no-sigais-la-logica-del-cada-uno-por-su-cuenta\\\/#primaryimage\",\"url\":\"https:\\\/\\\/webdelmaestrocmf.com\\\/portal\\\/wp-content\\\/uploads\\\/2019\\\/07\\\/1.jpg\",\"contentUrl\":\"https:\\\/\\\/webdelmaestrocmf.com\\\/portal\\\/wp-content\\\/uploads\\\/2019\\\/07\\\/1.jpg\",\"width\":1100,\"height\":680},{\"@type\":\"BreadcrumbList\",\"@id\":\"https:\\\/\\\/webdelmaestrocmf.com\\\/portal\\\/papa-francisco-no-sigais-la-logica-del-cada-uno-por-su-cuenta\\\/#breadcrumb\",\"itemListElement\":[{\"@type\":\"ListItem\",\"position\":1,\"name\":\"Portada\",\"item\":\"https:\\\/\\\/webdelmaestrocmf.com\\\/portal\\\/\"},{\"@type\":\"ListItem\",\"position\":2,\"name\":\"Mundo cart\u00f3lico\",\"item\":\"https:\\\/\\\/webdelmaestrocmf.com\\\/portal\\\/category\\\/pastoral\\\/\"},{\"@type\":\"ListItem\",\"position\":3,\"name\":\"Papa Francisco: No sig\u00e1is la l\u00f3gica del \u201cCada uno por su cuenta\u201d\"}]},{\"@type\":\"WebSite\",\"@id\":\"https:\\\/\\\/webdelmaestrocmf.com\\\/portal\\\/#website\",\"url\":\"https:\\\/\\\/webdelmaestrocmf.com\\\/portal\\\/\",\"name\":\"Web del Maestro CMF\",\"description\":\"Maestros al servicio de la educaci\u00f3n\",\"publisher\":{\"@id\":\"https:\\\/\\\/webdelmaestrocmf.com\\\/portal\\\/#organization\"},\"alternateName\":\"WMCMF\",\"potentialAction\":[{\"@type\":\"SearchAction\",\"target\":{\"@type\":\"EntryPoint\",\"urlTemplate\":\"https:\\\/\\\/webdelmaestrocmf.com\\\/portal\\\/?s={search_term_string}\"},\"query-input\":{\"@type\":\"PropertyValueSpecification\",\"valueRequired\":true,\"valueName\":\"search_term_string\"}}],\"inLanguage\":\"es\"},{\"@type\":\"Organization\",\"@id\":\"https:\\\/\\\/webdelmaestrocmf.com\\\/portal\\\/#organization\",\"name\":\"Web del Maestro CMF\",\"alternateName\":\"WMCMF\",\"url\":\"https:\\\/\\\/webdelmaestrocmf.com\\\/portal\\\/\",\"logo\":{\"@type\":\"ImageObject\",\"inLanguage\":\"es\",\"@id\":\"https:\\\/\\\/webdelmaestrocmf.com\\\/portal\\\/#\\\/schema\\\/logo\\\/image\\\/\",\"url\":\"https:\\\/\\\/webdelmaestrocmf.com\\\/portal\\\/wp-content\\\/uploads\\\/2023\\\/01\\\/logo-wmcmf-2.png\",\"contentUrl\":\"https:\\\/\\\/webdelmaestrocmf.com\\\/portal\\\/wp-content\\\/uploads\\\/2023\\\/01\\\/logo-wmcmf-2.png\",\"width\":200,\"height\":60,\"caption\":\"Web del Maestro CMF\"},\"image\":{\"@id\":\"https:\\\/\\\/webdelmaestrocmf.com\\\/portal\\\/#\\\/schema\\\/logo\\\/image\\\/\"},\"sameAs\":[\"https:\\\/\\\/www.facebook.com\\\/WebdelMaestroCMF\\\/\",\"https:\\\/\\\/x.com\\\/cmf_w\",\"https:\\\/\\\/www.pinterest.com\\\/WMCMF\\\/\",\"https:\\\/\\\/www.linkedin.com\\\/company\\\/web-del-maestro-cmf\\\/\",\"https:\\\/\\\/www.instagram.com\\\/wmcmf\\\/\",\"https:\\\/\\\/www.youtube.com\\\/channel\\\/UCDPSvjbdodE5sHnC3OxutHw\",\"https:\\\/\\\/mastodon.social\\\/@wmcmf\",\"https:\\\/\\\/www.tiktok.com\\\/@webdelmaestrocmf\"]},{\"@type\":\"Person\",\"@id\":\"https:\\\/\\\/webdelmaestrocmf.com\\\/portal\\\/#\\\/schema\\\/person\\\/1072a2ed7bd960df8ef99a551fa35dc5\",\"name\":\"Web del Maestro CMF\",\"image\":{\"@type\":\"ImageObject\",\"inLanguage\":\"es\",\"@id\":\"https:\\\/\\\/secure.gravatar.com\\\/avatar\\\/23291dd5b5ae1077dcff3dbb04c3e02bd28403fa75af6d8787d5e97c5bbbe30b?s=96&d=mm&r=g\",\"url\":\"https:\\\/\\\/secure.gravatar.com\\\/avatar\\\/23291dd5b5ae1077dcff3dbb04c3e02bd28403fa75af6d8787d5e97c5bbbe30b?s=96&d=mm&r=g\",\"contentUrl\":\"https:\\\/\\\/secure.gravatar.com\\\/avatar\\\/23291dd5b5ae1077dcff3dbb04c3e02bd28403fa75af6d8787d5e97c5bbbe30b?s=96&d=mm&r=g\",\"caption\":\"Web del Maestro CMF\"},\"description\":\"Esta Web se cre\u00f3 sin fines de lucro, con fines educativos, cient\u00edficos y acad\u00e9micos, para personas que tengan dificultades y\\\/o inconvenientes en visualizar el material original. El objetivo es entregar recursos, compartir experiencias y materiales que ayuden a los padres de familia, maestros y estudiantes en su actualizaci\u00f3n y formaci\u00f3n permanente, en bien de la Educaci\u00f3n.\",\"sameAs\":[\"http:\\\/\\\/webdelmaestrocmf.com\\\/portal\",\"https:\\\/\\\/www.facebook.com\\\/WebdelMaestroCMF\\\/\",\"https:\\\/\\\/www.instagram.com\\\/wmcmf\\\/\",\"https:\\\/\\\/cl.linkedin.com\\\/company\\\/web-del-maestro-cmf\",\"https:\\\/\\\/www.pinterest.com\\\/WMCMF\\\/publicaciones\\\/\",\"https:\\\/\\\/x.com\\\/cmf_w\",\"https:\\\/\\\/www.youtube.com\\\/@WMCMF\"]}]}<\/script>\n<!-- \/ Yoast SEO plugin. -->","yoast_head_json":{"title":"Papa Francisco: No sig\u00e1is la l\u00f3gica del \u201cCada uno por su cuenta\u201d - 2026","description":"\u201cJes\u00fas invita a sus disc\u00edpulos a cumplir una verdadera conversi\u00f3n de la l\u00f3gica del \u201ccada uno por su lado\u201d a la de compartir, comenzando por ese poco que...","robots":{"index":"index","follow":"follow","max-snippet":"max-snippet:-1","max-image-preview":"max-image-preview:large","max-video-preview":"max-video-preview:-1"},"canonical":"https:\/\/webdelmaestrocmf.com\/portal\/papa-francisco-no-sigais-la-logica-del-cada-uno-por-su-cuenta\/","og_locale":"es_ES","og_type":"article","og_title":"Papa Francisco: No sig\u00e1is la l\u00f3gica del \u201cCada uno por su cuenta\u201d - 2026","og_description":"\u201cJes\u00fas invita a sus disc\u00edpulos a cumplir una verdadera conversi\u00f3n de la l\u00f3gica del \u201ccada uno por su lado\u201d a la de compartir, comenzando por ese poco que...","og_url":"https:\/\/webdelmaestrocmf.com\/portal\/papa-francisco-no-sigais-la-logica-del-cada-uno-por-su-cuenta\/","og_site_name":"Web del Maestro CMF","article_publisher":"https:\/\/www.facebook.com\/WebdelMaestroCMF\/","article_author":"https:\/\/www.facebook.com\/WebdelMaestroCMF\/","article_published_time":"2019-07-03T21:48:27+00:00","article_modified_time":"2019-09-16T16:13:12+00:00","og_image":[{"width":1100,"height":680,"url":"https:\/\/i0.wp.com\/webdelmaestrocmf.com\/portal\/wp-content\/uploads\/2019\/07\/1.jpg?fit=1100%2C680&ssl=1","type":"image\/jpeg"}],"author":"Web del Maestro CMF","twitter_card":"summary_large_image","twitter_creator":"@cmf_w","twitter_site":"@cmf_w","schema":{"@context":"https:\/\/schema.org","@graph":[{"@type":"ScholarlyArticle","@id":"https:\/\/webdelmaestrocmf.com\/portal\/papa-francisco-no-sigais-la-logica-del-cada-uno-por-su-cuenta\/#article","isPartOf":{"@id":"https:\/\/webdelmaestrocmf.com\/portal\/papa-francisco-no-sigais-la-logica-del-cada-uno-por-su-cuenta\/"},"author":{"name":"Web del Maestro CMF","@id":"https:\/\/webdelmaestrocmf.com\/portal\/#\/schema\/person\/1072a2ed7bd960df8ef99a551fa35dc5"},"headline":"Papa Francisco: No sig\u00e1is la l\u00f3gica del \u201cCada uno por su cuenta\u201d","datePublished":"2019-07-03T21:48:27+00:00","dateModified":"2019-09-16T16:13:12+00:00","mainEntityOfPage":{"@id":"https:\/\/webdelmaestrocmf.com\/portal\/papa-francisco-no-sigais-la-logica-del-cada-uno-por-su-cuenta\/"},"wordCount":232,"commentCount":0,"publisher":{"@id":"https:\/\/webdelmaestrocmf.com\/portal\/#organization"},"image":{"@id":"https:\/\/webdelmaestrocmf.com\/portal\/papa-francisco-no-sigais-la-logica-del-cada-uno-por-su-cuenta\/#primaryimage"},"thumbnailUrl":"https:\/\/webdelmaestrocmf.com\/portal\/wp-content\/uploads\/2019\/07\/1.jpg","keywords":["Francisco","L\u00d3GICA","pap\u00e1"],"articleSection":["Mundo cart\u00f3lico","Papa Francisco"],"inLanguage":"es","potentialAction":[{"@type":"CommentAction","name":"Comment","target":["https:\/\/webdelmaestrocmf.com\/portal\/papa-francisco-no-sigais-la-logica-del-cada-uno-por-su-cuenta\/#respond"]}]},{"@type":"WebPage","@id":"https:\/\/webdelmaestrocmf.com\/portal\/papa-francisco-no-sigais-la-logica-del-cada-uno-por-su-cuenta\/","url":"https:\/\/webdelmaestrocmf.com\/portal\/papa-francisco-no-sigais-la-logica-del-cada-uno-por-su-cuenta\/","name":"Papa Francisco: No sig\u00e1is la l\u00f3gica del \u201cCada uno por su cuenta\u201d - 2026","isPartOf":{"@id":"https:\/\/webdelmaestrocmf.com\/portal\/#website"},"primaryImageOfPage":{"@id":"https:\/\/webdelmaestrocmf.com\/portal\/papa-francisco-no-sigais-la-logica-del-cada-uno-por-su-cuenta\/#primaryimage"},"image":{"@id":"https:\/\/webdelmaestrocmf.com\/portal\/papa-francisco-no-sigais-la-logica-del-cada-uno-por-su-cuenta\/#primaryimage"},"thumbnailUrl":"https:\/\/webdelmaestrocmf.com\/portal\/wp-content\/uploads\/2019\/07\/1.jpg","datePublished":"2019-07-03T21:48:27+00:00","dateModified":"2019-09-16T16:13:12+00:00","description":"\u201cJes\u00fas invita a sus disc\u00edpulos a cumplir una verdadera conversi\u00f3n de la l\u00f3gica del \u201ccada uno por su lado\u201d a la de compartir, comenzando por ese poco que...","breadcrumb":{"@id":"https:\/\/webdelmaestrocmf.com\/portal\/papa-francisco-no-sigais-la-logica-del-cada-uno-por-su-cuenta\/#breadcrumb"},"inLanguage":"es","potentialAction":[{"@type":"ReadAction","target":["https:\/\/webdelmaestrocmf.com\/portal\/papa-francisco-no-sigais-la-logica-del-cada-uno-por-su-cuenta\/"]}]},{"@type":"ImageObject","inLanguage":"es","@id":"https:\/\/webdelmaestrocmf.com\/portal\/papa-francisco-no-sigais-la-logica-del-cada-uno-por-su-cuenta\/#primaryimage","url":"https:\/\/webdelmaestrocmf.com\/portal\/wp-content\/uploads\/2019\/07\/1.jpg","contentUrl":"https:\/\/webdelmaestrocmf.com\/portal\/wp-content\/uploads\/2019\/07\/1.jpg","width":1100,"height":680},{"@type":"BreadcrumbList","@id":"https:\/\/webdelmaestrocmf.com\/portal\/papa-francisco-no-sigais-la-logica-del-cada-uno-por-su-cuenta\/#breadcrumb","itemListElement":[{"@type":"ListItem","position":1,"name":"Portada","item":"https:\/\/webdelmaestrocmf.com\/portal\/"},{"@type":"ListItem","position":2,"name":"Mundo cart\u00f3lico","item":"https:\/\/webdelmaestrocmf.com\/portal\/category\/pastoral\/"},{"@type":"ListItem","position":3,"name":"Papa Francisco: No sig\u00e1is la l\u00f3gica del \u201cCada uno por su cuenta\u201d"}]},{"@type":"WebSite","@id":"https:\/\/webdelmaestrocmf.com\/portal\/#website","url":"https:\/\/webdelmaestrocmf.com\/portal\/","name":"Web del Maestro CMF","description":"Maestros al servicio de la educaci\u00f3n","publisher":{"@id":"https:\/\/webdelmaestrocmf.com\/portal\/#organization"},"alternateName":"WMCMF","potentialAction":[{"@type":"SearchAction","target":{"@type":"EntryPoint","urlTemplate":"https:\/\/webdelmaestrocmf.com\/portal\/?s={search_term_string}"},"query-input":{"@type":"PropertyValueSpecification","valueRequired":true,"valueName":"search_term_string"}}],"inLanguage":"es"},{"@type":"Organization","@id":"https:\/\/webdelmaestrocmf.com\/portal\/#organization","name":"Web del Maestro CMF","alternateName":"WMCMF","url":"https:\/\/webdelmaestrocmf.com\/portal\/","logo":{"@type":"ImageObject","inLanguage":"es","@id":"https:\/\/webdelmaestrocmf.com\/portal\/#\/schema\/logo\/image\/","url":"https:\/\/webdelmaestrocmf.com\/portal\/wp-content\/uploads\/2023\/01\/logo-wmcmf-2.png","contentUrl":"https:\/\/webdelmaestrocmf.com\/portal\/wp-content\/uploads\/2023\/01\/logo-wmcmf-2.png","width":200,"height":60,"caption":"Web del Maestro CMF"},"image":{"@id":"https:\/\/webdelmaestrocmf.com\/portal\/#\/schema\/logo\/image\/"},"sameAs":["https:\/\/www.facebook.com\/WebdelMaestroCMF\/","https:\/\/x.com\/cmf_w","https:\/\/www.pinterest.com\/WMCMF\/","https:\/\/www.linkedin.com\/company\/web-del-maestro-cmf\/","https:\/\/www.instagram.com\/wmcmf\/","https:\/\/www.youtube.com\/channel\/UCDPSvjbdodE5sHnC3OxutHw","https:\/\/mastodon.social\/@wmcmf","https:\/\/www.tiktok.com\/@webdelmaestrocmf"]},{"@type":"Person","@id":"https:\/\/webdelmaestrocmf.com\/portal\/#\/schema\/person\/1072a2ed7bd960df8ef99a551fa35dc5","name":"Web del Maestro CMF","image":{"@type":"ImageObject","inLanguage":"es","@id":"https:\/\/secure.gravatar.com\/avatar\/23291dd5b5ae1077dcff3dbb04c3e02bd28403fa75af6d8787d5e97c5bbbe30b?s=96&d=mm&r=g","url":"https:\/\/secure.gravatar.com\/avatar\/23291dd5b5ae1077dcff3dbb04c3e02bd28403fa75af6d8787d5e97c5bbbe30b?s=96&d=mm&r=g","contentUrl":"https:\/\/secure.gravatar.com\/avatar\/23291dd5b5ae1077dcff3dbb04c3e02bd28403fa75af6d8787d5e97c5bbbe30b?s=96&d=mm&r=g","caption":"Web del Maestro CMF"},"description":"Esta Web se cre\u00f3 sin fines de lucro, con fines educativos, cient\u00edficos y acad\u00e9micos, para personas que tengan dificultades y\/o inconvenientes en visualizar el material original. El objetivo es entregar recursos, compartir experiencias y materiales que ayuden a los padres de familia, maestros y estudiantes en su actualizaci\u00f3n y formaci\u00f3n permanente, en bien de la Educaci\u00f3n.","sameAs":["http:\/\/webdelmaestrocmf.com\/portal","https:\/\/www.facebook.com\/WebdelMaestroCMF\/","https:\/\/www.instagram.com\/wmcmf\/","https:\/\/cl.linkedin.com\/company\/web-del-maestro-cmf","https:\/\/www.pinterest.com\/WMCMF\/publicaciones\/","https:\/\/x.com\/cmf_w","https:\/\/www.youtube.com\/@WMCMF"]}]}},"jetpack_featured_media_url":"https:\/\/webdelmaestrocmf.com\/portal\/wp-content\/uploads\/2019\/07\/1.jpg","jetpack_sharing_enabled":true,"jetpack-related-posts":[{"id":10500,"url":"https:\/\/webdelmaestrocmf.com\/portal\/carta-del-papa-francisco-la-misericordia-y-la-miserable\/","url_meta":{"origin":37974,"position":0},"title":"Carta del Papa Francisco: \u00abla misericordia y la miserable\u201d","author":"Web del Maestro CMF","date":"23 noviembre, 2016","format":false,"excerpt":"El Papa ha utilizado una expresi\u00f3n de San Agust\u00edn, para recordar la escena del evangelio en la que quer\u00edan lapidar a una mujer adultera y Jes\u00fas la perdona (Jn 8, 3-11): \u201cElla le respondi\u00f3: \u00abNadie, Se\u00f1or\u00bb. \u00abYo tampoco te condeno, le dijo Jes\u00fas. Vete, no peques m\u00e1s en adelante\u00bb.\u201d Gracias\u2026","rel":"","context":"En \u00abMundo cart\u00f3lico\u00bb","block_context":{"text":"Mundo cart\u00f3lico","link":"https:\/\/webdelmaestrocmf.com\/portal\/category\/pastoral\/"},"img":{"alt_text":"","src":"https:\/\/i0.wp.com\/webdelmaestrocmf.com\/portal\/wp-content\/uploads\/2017\/10\/1ss.jpg?resize=350%2C200&ssl=1","width":350,"height":200,"srcset":"https:\/\/i0.wp.com\/webdelmaestrocmf.com\/portal\/wp-content\/uploads\/2017\/10\/1ss.jpg?resize=350%2C200&ssl=1 1x, https:\/\/i0.wp.com\/webdelmaestrocmf.com\/portal\/wp-content\/uploads\/2017\/10\/1ss.jpg?resize=525%2C300&ssl=1 1.5x"},"classes":[]},{"id":110059,"url":"https:\/\/webdelmaestrocmf.com\/portal\/el-papa-leon-xiv-clama-por-la-paz-cada-conflicto-es-una-derrota-para-la-humanidad\/","url_meta":{"origin":37974,"position":1},"title":"El Papa Le\u00f3n XIV clama por la paz: Cada conflicto es una derrota para la humanidad","author":"Web del Maestro CMF","date":"18 junio, 2025","format":false,"excerpt":"\u201cLa guerra es siempre una derrota\u201d, dice citando al Papa Francisco. Y evocando a P\u00edo XII, afirma: \u201cNada se pierde con la paz. Todo puede perderse con la guerra\u201d.","rel":"","context":"En \u00abMundo cart\u00f3lico\u00bb","block_context":{"text":"Mundo cart\u00f3lico","link":"https:\/\/webdelmaestrocmf.com\/portal\/category\/pastoral\/"},"img":{"alt_text":"","src":"https:\/\/i0.wp.com\/webdelmaestrocmf.com\/portal\/wp-content\/uploads\/2025\/06\/1A-Banner-1-portada-imagen-10-1-copia-1-1.jpg?resize=350%2C200&ssl=1","width":350,"height":200,"srcset":"https:\/\/i0.wp.com\/webdelmaestrocmf.com\/portal\/wp-content\/uploads\/2025\/06\/1A-Banner-1-portada-imagen-10-1-copia-1-1.jpg?resize=350%2C200&ssl=1 1x, https:\/\/i0.wp.com\/webdelmaestrocmf.com\/portal\/wp-content\/uploads\/2025\/06\/1A-Banner-1-portada-imagen-10-1-copia-1-1.jpg?resize=525%2C300&ssl=1 1.5x, https:\/\/i0.wp.com\/webdelmaestrocmf.com\/portal\/wp-content\/uploads\/2025\/06\/1A-Banner-1-portada-imagen-10-1-copia-1-1.jpg?resize=700%2C400&ssl=1 2x"},"classes":[]},{"id":108765,"url":"https:\/\/webdelmaestrocmf.com\/portal\/vaticano-activa-protocolo-de-sucesion-tras-muerte-del-papa-francisco\/","url_meta":{"origin":37974,"position":2},"title":"Vaticano activa protocolo de sucesi\u00f3n tras muerte del Papa Francisco","author":"Web del Maestro CMF","date":"21 abril, 2025","format":false,"excerpt":"Este lunes 21 de abril, el\u00a0papa Francisco\u00a0falleci\u00f3 en su residencia de la Casa Santa Marta, luego de m\u00e1s de dos meses padeciendo problemas respiratorios que lo mantuvieron hospitalizado en Italia. El maestro ceremoniero del Vaticano,\u00a0Diego Ravelli,\u00a0comunic\u00f3 que el f\u00e9retro ser\u00e1 velado en la capilla de su residencia por disposici\u00f3n de\u00a0Jorge\u2026","rel":"","context":"En \u00abMundo cart\u00f3lico\u00bb","block_context":{"text":"Mundo cart\u00f3lico","link":"https:\/\/webdelmaestrocmf.com\/portal\/category\/pastoral\/"},"img":{"alt_text":"","src":"https:\/\/i0.wp.com\/webdelmaestrocmf.com\/portal\/wp-content\/uploads\/2025\/04\/1A-Banner-1-portada-imagen-10-1-8.jpg?resize=350%2C200&ssl=1","width":350,"height":200,"srcset":"https:\/\/i0.wp.com\/webdelmaestrocmf.com\/portal\/wp-content\/uploads\/2025\/04\/1A-Banner-1-portada-imagen-10-1-8.jpg?resize=350%2C200&ssl=1 1x, https:\/\/i0.wp.com\/webdelmaestrocmf.com\/portal\/wp-content\/uploads\/2025\/04\/1A-Banner-1-portada-imagen-10-1-8.jpg?resize=525%2C300&ssl=1 1.5x, https:\/\/i0.wp.com\/webdelmaestrocmf.com\/portal\/wp-content\/uploads\/2025\/04\/1A-Banner-1-portada-imagen-10-1-8.jpg?resize=700%2C400&ssl=1 2x"},"classes":[]},{"id":37010,"url":"https:\/\/webdelmaestrocmf.com\/portal\/papa-francisco-que-cada-uno-se-pregunte-si-es-capaz-de-amar-a-quien-le-ha-ofendido\/","url_meta":{"origin":37974,"position":3},"title":"Papa Francisco: Que cada uno se pregunte si es capaz de amar a quien le ha ofendido","author":"Web del Maestro CMF","date":"23 mayo, 2019","format":false,"excerpt":"Durante el rezo del Regina Coeli el Papa explic\u00f3 el sentido de las palabras de Jes\u00fas en la \u00faltima cena con los disc\u00edpulos. En aquella ocasi\u00f3n les dio un mandamiento nuevo: que se amaran los unos a los otros como \u00c9l los am\u00f3 a ellos. \u201cEntonces... \u00bfcu\u00e1l es la novedad\u2026","rel":"","context":"En \u00abMundo cart\u00f3lico\u00bb","block_context":{"text":"Mundo cart\u00f3lico","link":"https:\/\/webdelmaestrocmf.com\/portal\/category\/pastoral\/"},"img":{"alt_text":"","src":"https:\/\/i0.wp.com\/webdelmaestrocmf.com\/portal\/wp-content\/uploads\/2019\/05\/3-15.jpg?resize=350%2C200&ssl=1","width":350,"height":200,"srcset":"https:\/\/i0.wp.com\/webdelmaestrocmf.com\/portal\/wp-content\/uploads\/2019\/05\/3-15.jpg?resize=350%2C200&ssl=1 1x, https:\/\/i0.wp.com\/webdelmaestrocmf.com\/portal\/wp-content\/uploads\/2019\/05\/3-15.jpg?resize=525%2C300&ssl=1 1.5x, https:\/\/i0.wp.com\/webdelmaestrocmf.com\/portal\/wp-content\/uploads\/2019\/05\/3-15.jpg?resize=700%2C400&ssl=1 2x, https:\/\/i0.wp.com\/webdelmaestrocmf.com\/portal\/wp-content\/uploads\/2019\/05\/3-15.jpg?resize=1050%2C600&ssl=1 3x"},"classes":[]},{"id":79844,"url":"https:\/\/webdelmaestrocmf.com\/portal\/francisco-a-ninos-con-autismo-cada-uno-de-vosotros-es-hermoso-a-los-ojos-de-dios\/","url_meta":{"origin":37974,"position":4},"title":"Papa Francisco a ni\u00f1os con autismo: Cada uno de vosotros es hermoso a los ojos de Dios","author":"Web del Maestro CMF","date":"29 agosto, 2022","format":false,"excerpt":"Despu\u00e9s de muchos meses,\u00a0el Papa volvi\u00f3 a encontrarse con sus peregrinos favoritos: los m\u00e1s peque\u00f1os. Adem\u00e1s, en esta ocasi\u00f3n, sus invitados eran los usuarios de un centro para ni\u00f1os con autismo. Vinieron desde Austria y algunos, como esta ni\u00f1a,\u00a0demostraron sentirse como en casa. El centro se llama\u00a0Sonnenschein, lo que significa\u2026","rel":"","context":"En \u00abMundo cart\u00f3lico\u00bb","block_context":{"text":"Mundo cart\u00f3lico","link":"https:\/\/webdelmaestrocmf.com\/portal\/category\/pastoral\/"},"img":{"alt_text":"","src":"https:\/\/i0.wp.com\/webdelmaestrocmf.com\/portal\/wp-content\/uploads\/2022\/08\/1-77.jpg?resize=350%2C200&ssl=1","width":350,"height":200,"srcset":"https:\/\/i0.wp.com\/webdelmaestrocmf.com\/portal\/wp-content\/uploads\/2022\/08\/1-77.jpg?resize=350%2C200&ssl=1 1x, https:\/\/i0.wp.com\/webdelmaestrocmf.com\/portal\/wp-content\/uploads\/2022\/08\/1-77.jpg?resize=525%2C300&ssl=1 1.5x, https:\/\/i0.wp.com\/webdelmaestrocmf.com\/portal\/wp-content\/uploads\/2022\/08\/1-77.jpg?resize=700%2C400&ssl=1 2x"},"classes":[]},{"id":26335,"url":"https:\/\/webdelmaestrocmf.com\/portal\/papa-francisco-las-victorias-obtenidas-violencia-falsas-victorias\/","url_meta":{"origin":37974,"position":5},"title":"Papa Francisco: las victorias obtenidas con violencia son falsas victorias","author":"Web del Maestro CMF","date":"8 febrero, 2018","format":false,"excerpt":"Ante unos 20.000 fieles, el Papa Francisco\u00a0explic\u00f3 que Jes\u00fas vivi\u00f3 junto a las personas, acompa\u00f1\u00e1ndolas en sus problemas y sus dificultades. \u201cJes\u00fas no vino para traer la salvaci\u00f3n en un laboratorio. No hace una predicaci\u00f3n de laboratorio, separado de la gente. \u00a1Est\u00e1 en medio de la gente, en medio del\u2026","rel":"","context":"En \u00abMundo cart\u00f3lico\u00bb","block_context":{"text":"Mundo cart\u00f3lico","link":"https:\/\/webdelmaestrocmf.com\/portal\/category\/pastoral\/"},"img":{"alt_text":"","src":"https:\/\/i0.wp.com\/webdelmaestrocmf.com\/portal\/wp-content\/uploads\/2018\/02\/21GumucioEs2-master1050.jpg?resize=350%2C200&ssl=1","width":350,"height":200,"srcset":"https:\/\/i0.wp.com\/webdelmaestrocmf.com\/portal\/wp-content\/uploads\/2018\/02\/21GumucioEs2-master1050.jpg?resize=350%2C200&ssl=1 1x, https:\/\/i0.wp.com\/webdelmaestrocmf.com\/portal\/wp-content\/uploads\/2018\/02\/21GumucioEs2-master1050.jpg?resize=525%2C300&ssl=1 1.5x, https:\/\/i0.wp.com\/webdelmaestrocmf.com\/portal\/wp-content\/uploads\/2018\/02\/21GumucioEs2-master1050.jpg?resize=700%2C400&ssl=1 2x, https:\/\/i0.wp.com\/webdelmaestrocmf.com\/portal\/wp-content\/uploads\/2018\/02\/21GumucioEs2-master1050.jpg?resize=1050%2C600&ssl=1 3x"},"classes":[]}],"_links":{"self":[{"href":"https:\/\/webdelmaestrocmf.com\/portal\/wp-json\/wp\/v2\/posts\/37974","targetHints":{"allow":["GET"]}}],"collection":[{"href":"https:\/\/webdelmaestrocmf.com\/portal\/wp-json\/wp\/v2\/posts"}],"about":[{"href":"https:\/\/webdelmaestrocmf.com\/portal\/wp-json\/wp\/v2\/types\/post"}],"author":[{"embeddable":true,"href":"https:\/\/webdelmaestrocmf.com\/portal\/wp-json\/wp\/v2\/users\/1"}],"replies":[{"embeddable":true,"href":"https:\/\/webdelmaestrocmf.com\/portal\/wp-json\/wp\/v2\/comments?post=37974"}],"version-history":[{"count":0,"href":"https:\/\/webdelmaestrocmf.com\/portal\/wp-json\/wp\/v2\/posts\/37974\/revisions"}],"wp:featuredmedia":[{"embeddable":true,"href":"https:\/\/webdelmaestrocmf.com\/portal\/wp-json\/wp\/v2\/media\/37977"}],"wp:attachment":[{"href":"https:\/\/webdelmaestrocmf.com\/portal\/wp-json\/wp\/v2\/media?parent=37974"}],"wp:term":[{"taxonomy":"category","embeddable":true,"href":"https:\/\/webdelmaestrocmf.com\/portal\/wp-json\/wp\/v2\/categories?post=37974"},{"taxonomy":"post_tag","embeddable":true,"href":"https:\/\/webdelmaestrocmf.com\/portal\/wp-json\/wp\/v2\/tags?post=37974"}],"curies":[{"name":"wp","href":"https:\/\/api.w.org\/{rel}","templated":true}]}}