{"id":37479,"date":"2025-06-15T06:00:53","date_gmt":"2025-06-15T10:00:53","guid":{"rendered":"http:\/\/webdelmaestrocmf.com\/portal\/?p=37479"},"modified":"2025-06-15T09:44:32","modified_gmt":"2025-06-15T13:44:32","slug":"dia-del-padre-y-maestro","status":"publish","type":"post","link":"https:\/\/webdelmaestrocmf.com\/portal\/dia-del-padre-y-maestro\/","title":{"rendered":"Gratitud al Padre y Maestro"},"content":{"rendered":"<p style=\"text-align: justify;\"><strong>Se atribuye al escritor colombiano Gabriel Garc\u00eda M\u00e1rquez la frase que \u201ccuando un reci\u00e9n nacido aprieta con su peque\u00f1o pu\u00f1o, por primera vez, el dedo de su padre, lo tiene atrapado para siempre\u201d. Y en nuestra experiencia, una de las primeras palabras que pronunciamos al comenzar a comunicarnos\u00a0 es la palabra \u201cpap\u00e1\u201d. \u201c\u00abPadre\u00bb es una palabra conocida por todos, una palabra universal. Indica una relaci\u00f3n fundamental cuya realidad es tan antigua como la historia del hombre\u201d.<\/strong><!--more--><\/p>\n<p style=\"text-align: justify;\">Y hoy, en la Web del Maestro CMF, deseamos manifestar nuestro homenaje de gratitud a los padres que tambi\u00e9n son profesores. En medio de esta crisis educativa, o \u201ccat\u00e1strofe educativa\u201d como la han llamado algunos especialistas, recordamos la importancia de su tarea docente y la importancia de cuidar de su familia. Queremos agradecerles su presencia como referentes de sus estudiantes, y su trascendental tarea y servicio en el desarrollo de toda la humanidad.<\/p>\n<p style=\"text-align: justify;\">Independientemente de cu\u00e1l sea la fecha de la celebraci\u00f3n en su pa\u00eds, <strong>desde la Web del Maestro CMF, <\/strong>en este tercer domingo de junio,<strong> queremos rendir homenaje a los padres que han cumplido su tarea de educar tratando de actualizarse y cumplir con hacer su tarea educativa con esmero y prolijidad. <\/strong>Y perm\u00edtanos identificarlos como <strong>padres maestros<\/strong> en este art\u00edculo.<\/p>\n<p style=\"text-align: justify;\">Les sugerimos una anterior publicaci\u00f3n: <a style=\"text-align: center;\" href=\"http:\/\/webdelmaestrocmf.com\/portal\/el-nuevo-rol-del-maestro\/\" target=\"_blank\" rel=\"noopener noreferrer\">EL NUEVO ROL DEL MAESTRO.<\/a><\/p>\n<p style=\"text-align: justify;\">Hoy se ha llegado a afirmar que nuestra sociedad es una \u00absociedad sin padres\u00bb, (especialmente en la cultura occidental), en la cual la figura del padre estar\u00eda <strong>simb\u00f3licamente ausente, desviada, desvanecida<\/strong>. Y como maestros, necesitamos <strong>que nuestros estudiantes tengan muy clara la referencia de la figura paterna <\/strong>y la importancia de su cercan\u00eda, su ternura, su autoridad, su ejemplo, su protecci\u00f3n y sus consejos, como una necesidad natural para crecer y desarrollarse sana e integralmente. El Papa Francisco tambi\u00e9n nos recuerda que \u00abla ausencia de la figura paterna en la vida de los peque\u00f1os y de los j\u00f3venes <strong>produce lagunas y heridas<\/strong> que pueden ser muy graves\u201d.<\/p>\n<p><img loading=\"lazy\" decoding=\"async\" class=\"alignnone size-full wp-image-64151\" src=\"https:\/\/webdelmaestrocmf.com\/portal\/wp-content\/uploads\/2021\/06\/2-3.jpg\" alt=\"\" width=\"800\" height=\"600\" srcset=\"https:\/\/webdelmaestrocmf.com\/portal\/wp-content\/uploads\/2021\/06\/2-3.jpg 800w, https:\/\/webdelmaestrocmf.com\/portal\/wp-content\/uploads\/2021\/06\/2-3-300x225.jpg 300w, https:\/\/webdelmaestrocmf.com\/portal\/wp-content\/uploads\/2021\/06\/2-3-768x576.jpg 768w, https:\/\/webdelmaestrocmf.com\/portal\/wp-content\/uploads\/2021\/06\/2-3-110x83.jpg 110w, https:\/\/webdelmaestrocmf.com\/portal\/wp-content\/uploads\/2021\/06\/2-3-200x150.jpg 200w, https:\/\/webdelmaestrocmf.com\/portal\/wp-content\/uploads\/2021\/06\/2-3-380x285.jpg 380w, https:\/\/webdelmaestrocmf.com\/portal\/wp-content\/uploads\/2021\/06\/2-3-255x191.jpg 255w, https:\/\/webdelmaestrocmf.com\/portal\/wp-content\/uploads\/2021\/06\/2-3-550x413.jpg 550w, https:\/\/webdelmaestrocmf.com\/portal\/wp-content\/uploads\/2021\/06\/2-3-600x450.jpg 600w, https:\/\/webdelmaestrocmf.com\/portal\/wp-content\/uploads\/2021\/06\/2-3-220x165.jpg 220w, https:\/\/webdelmaestrocmf.com\/portal\/wp-content\/uploads\/2021\/06\/2-3-400x300.jpg 400w, https:\/\/webdelmaestrocmf.com\/portal\/wp-content\/uploads\/2021\/06\/2-3-760x570.jpg 760w, https:\/\/webdelmaestrocmf.com\/portal\/wp-content\/uploads\/2021\/06\/2-3-510x383.jpg 510w\" sizes=\"auto, (max-width: 800px) 100vw, 800px\" \/><\/p>\n<p style=\"text-align: justify;\">La docencia es un servicio vocacional que requiere reconocimiento y respeto. El maestro \u201ctiene que tener cr\u00e9dito y ser confiable, porque eso es la autoridad\u201d, que el problema de <strong>la crisis de autoridad en la familia se traslada a la escuela<\/strong>. Los valores que antes correspond\u00edan inculcarlos a la familia, y el maestro daba por descontado cuando llegaba a la escuela; hoy se ve (en algunos lugares) que no es as\u00ed, sino que se le agrega esta tarea al maestro. <a style=\"text-align: center;\" href=\"http:\/\/webdelmaestrocmf.com\/portal\/hoy-se-le-exige-al-maestro-tener-mas-herramientas-de-tipo-psicologicos-que-pedagogicas\/\" target=\"_blank\" rel=\"noopener noreferrer\">EMILIO TENTI: HOY SE LE EXIGE AL MAESTRO TENER M\u00c1S HERRAMIENTAS DE TIPO PSICOL\u00d3GICAS QUE PEDAG\u00d3GICAS<\/a><span style=\"text-align: center;\">.<\/span><\/p>\n<p style=\"text-align: justify;\">Compartimos con fines \u00fanicamente educativos, este bien logrado video, colgado en YouTube sobre todas las tareas que realiza y los personajes en que se convierte un padre a los ojos de sus hijos.<\/p>\n<p style=\"text-align: center;\"><iframe loading=\"lazy\" style=\"border: none; overflow: hidden;\" src=\"https:\/\/www.facebook.com\/plugins\/video.php?href=https%3A%2F%2Fwww.facebook.com%2Fasociacion.exalumnos.claretianos.trujillo%2Fvideos%2F471654336918526%2F&amp;show_text=0&amp;width=100%\" width=\"560\" height=\"315\" frameborder=\"0\" scrolling=\"no\" allowfullscreen=\"allowfullscreen\"><span data-mce-type=\"bookmark\" style=\"display: inline-block; width: 0px; overflow: hidden; line-height: 0;\" class=\"mce_SELRES_start\">\ufeff<\/span><\/iframe><\/p>\n<p style=\"text-align: justify;\">Los padres maestros tenemos que ser realistas, y sabemos que <strong>a nuestras aulas pueden llegar estudiantes que se sienten \u00abhu\u00e9rfanos\u00bb<\/strong> porque no s\u00f3lo los padres est\u00e1n ausentes, sino porque algunos tampoco dialogan con ellos, han descuidado su deber educativo, no dan el ejemplo acompa\u00f1ado de las palabras, no les proveen el alimento y el vestido, y hasta vulneran abiertamente los principios, los valores y las reglas m\u00ednimas de convivencia que necesitan para crecer y desarrollarse.<\/p>\n<p style=\"text-align: justify;\">El padre maestro, asume una responsabilidad que tiene un matiz propio, con caracter\u00edsticas singulares de su naturaleza de ser hombre. <strong>No es un informante o instructor neutro,<\/strong> <strong>ni h\u00edbrido<\/strong>: es el profesor, es el padre maestro. Y es este hombre (con nombre, apellido e historia) es el que recibe una confianza y cumple una <strong>autoridad concedida por los padres de familia a otro padre de familia. <\/strong>Y de aqu\u00ed surge el debido respeto que cada estudiante siente y tiene por su profesor, por su maestro. Sin embargo, as\u00ed como en la vida familiar; en la vida escolar \u201cse ha experimentado una decadencia muy alarmante en el grado de respeto y seriedad con que los alumnos tratan a sus maestros. Por muchas razones, les ven de igual a igual y, respaldados por algunas leyes mal interpretadas de protecci\u00f3n al menor, se comportan de forma apabullante, indisciplinada y muy irrespetuosa hacia el colectivo docente\u201d. <a href=\"https:\/\/planlea.listindiario.com\/2018\/05\/respeto-hacia-los-profesores\/\" target=\"_blank\" rel=\"noopener noreferrer\"><strong>EL RESPETO HACIA LOS PROFESORES.<\/strong><\/a><\/p>\n<p style=\"text-align: justify;\">[socialpug_tweet tweet=\u00bbEl padre maestro es consciente que debe estar preparado por su experiencia como padre de familia, pero tambi\u00e9n en su propia asignatura, y dotado adem\u00e1s de sabidur\u00eda&#8230;\u00bb display_tweet=\u00bbEl padre maestro es consciente que debe estar preparado por su experiencia como padre de familia, pero tambi\u00e9n en su propia asignatura, y dotado adem\u00e1s de sabidur\u00eda, para desempe\u00f1ar una \u201cpaternidad educativa\u201d liberada de todo patronazgo; a toda imposici\u00f3n desde fuera; a la falta de respeto, humillaci\u00f3n o menosprecio; a no respetar o censurar los tiempos del proceso personal de aprendizaje; a ser obst\u00e1culo en el proceso de emancipaci\u00f3n y autonom\u00eda, &#8230; Y, sobre todo a tener ese \u201csexto sentido\u201d para no invadir el rol de los padres de familia.\u00bb]<\/p>\n<p style=\"text-align: justify;\">Si bien para los padres de familia, no es f\u00e1cil educar a un ni\u00f1o o joven en libertad, con cuanta mayor raz\u00f3n los<strong> padres maestros<\/strong> han de tener muy claro que su servicio, su tarea, su rol, su papel, como docente, como profesor, como maestro; tiene <strong>obligaciones, l\u00edmites y protocolos<\/strong> propios de intervenci\u00f3n y comunicaci\u00f3n. <strong>Nunca deben olvidar que son solo y \u00fanicamente el apoyo que los padres han buscado y escogido para ense\u00f1ar a aprender a sus hijos<\/strong>.<\/p>\n<p style=\"text-align: justify;\">La responsabilidad fundamental del padre maestro es la pedag\u00f3gica, <strong>para que esos ni\u00f1os y j\u00f3venes a \u00e9l confiados<\/strong>, aprendan a aprender, adquieran conocimientos, descubran sus habilidades, desarrollen sus competencias, afiancen y consoliden los valores, adquieran una conciencia cr\u00edtica, manejen sus emociones, sepan convivir con tolerancia, solidaridad, cooperaci\u00f3n y colaboraci\u00f3n, que no se dejen robar sus sue\u00f1os y utop\u00edas, que sus cualidades y logros se orienten a buscar el bien com\u00fan y crezcan en el correcto uso de la libertad y la responsabilidad, para asumir la construcci\u00f3n de su futuro y el de la sociedad. Y que debe (ordinariamente) realizar <strong>con itinerarios educativos diferentes a los de sus hijos<\/strong>.<\/p>\n<p style=\"text-align: justify;\">Esta es la (larga e interminable) lista de las tareas que ha asumido el docente que es padre y maestro, y que, al lograrlas sus hijos y sus estudiantes, las engastar\u00e1n una a una, en una corona, y se la ce\u00f1ir\u00e1n para la eternidad.<\/p>\n<p style=\"text-align: center;\"><em> \u201cEnse\u00f1ar\u00e1s a volar,<br \/>\n<\/em><em>pero no volar\u00e1n tu vuelo.<br \/>\n<\/em><em>Ense\u00f1ar\u00e1s a so\u00f1ar,<br \/>\n<\/em><em>pero no so\u00f1ar\u00e1n tu sue\u00f1o.<br \/>\n<\/em><em>Ense\u00f1ar\u00e1s a vivir,<br \/>\n<\/em><em>pero no vivir\u00e1n tu vida.<br \/>\n<\/em><em>Sin embargo\u2026<br \/>\n<\/em><em>en cada vuelo,<br \/>\n<\/em><em>en cada vida,<br \/>\n<\/em><em>en cada sue\u00f1o,<br \/>\n<\/em><em>perdurar\u00e1 siempre la huella<br \/>\n<\/em><em>del camino ense\u00f1ado\u201d. (cf Teresa de Calcuta)<\/em><\/p>\n<p style=\"text-align: center;\"><strong>\u00a1FELIZ D\u00cdA DEL PADRE, MAESTRO, PROFESOR!<\/strong><\/p>\n<p style=\"text-align: justify;\"><em>\u201cCuando un maestro se da cuenta que sus maestros tuvieron raz\u00f3n, ordinariamente es porque ahora tiene estudiantes que creen que \u00e9l est\u00e1 equivocado\u201d. <\/em>(cf Charles Wadsworth).<\/p>\n<p style=\"text-align: right;\"><strong>REDACCI\u00d3N WEB DEL MAESTRO CMF<\/strong><\/p>\n\t\t<div class=\"pk-inline-posts\">\n\t\t\t\n\t\t\t<div class=\"pk-inline-posts-container pk-inline-posts-template-list\"\n\t\t\t\tdata-columns=\"1\">\n\t\t\t\t\t\t<article id=\"post-17756\" class=\"post-17756 post type-post status-publish format-standard has-post-thumbnail category-jamb tag-dia tag-dia-del-trabajo tag-jorge-bergoglio tag-maestros tag-trabajo cs-entry cs-video-wrap\">\n\t\t\t<div class=\"pk-post-outer\">\n\n\t\t\t\t\t\t\t\t<div class=\"pk-post-inner\">\n\t\t\t\t\t<div class=\"entry-thumbnail\">\n\t\t\t\t\t\t<div class=\"pk-overlay pk-overlay-ratio pk-ratio-landscape\">\n\t\t\t\t\t\t\t<div class=\"pk-overlay-background\">\n\t\t\t\t\t\t\t\t<a href=\"https:\/\/webdelmaestrocmf.com\/portal\/dia-del-trabajo-maestros-gracias-lo-hacen\/\" class=\"pk-overlay-link\">\n\t\t\t\t\t\t\t\t\t<img loading=\"lazy\" decoding=\"async\" width=\"300\" height=\"225\" src=\"https:\/\/webdelmaestrocmf.com\/portal\/wp-content\/uploads\/2023\/05\/Banner-1-portada-imagen-10-1-55-300x225.jpg\" class=\"attachment-pk-thumbnail size-pk-thumbnail wp-post-image\" alt=\"d\u00eda del trabajo\" \/>\t\t\t\t\t\t\t\t<\/a>\n\t\t\t\t\t\t\t<\/div>\n\t\t\t\t\t\t<\/div>\n\t\t\t\t\t<\/div>\n\t\t\t\t<\/div>\n\t\t\t\t\n\t\t\t\t<div class=\"pk-post-inner\">\n\t\t\t\t\t<header>\n\t\t\t\t\t\t<h3 class=\"pk-title\"><a href=\"https:\/\/webdelmaestrocmf.com\/portal\/dia-del-trabajo-maestros-gracias-lo-hacen\/\" rel=\"bookmark\">D\u00eda Internacional de los Trabajadores: Maestros, \u00a1gracias por lo que hacen!<\/a><\/h3>\t\t\t\t\t<\/header><!-- .entry-header -->\n\t\t\t\t<\/div><!-- .post-inner -->\n\n\t\t\t<\/div><!-- .post-outer -->\n\t\t<\/article>\n\t\t\t<article id=\"post-118333\" class=\"post-118333 post type-post status-publish format-standard has-post-thumbnail category-jamb tag-apego tag-crianza tag-docentes tag-educacion tag-escuela tag-familia tag-infancia tag-responsabilidad tag-vinculo cs-entry cs-video-wrap\">\n\t\t\t<div class=\"pk-post-outer\">\n\n\t\t\t\t\t\t\t\t<div class=\"pk-post-inner\">\n\t\t\t\t\t<div class=\"entry-thumbnail\">\n\t\t\t\t\t\t<div class=\"pk-overlay pk-overlay-ratio pk-ratio-landscape\">\n\t\t\t\t\t\t\t<div class=\"pk-overlay-background\">\n\t\t\t\t\t\t\t\t<a href=\"https:\/\/webdelmaestrocmf.com\/portal\/el-sistema-nos-rompe-a-todos-y-a-los-ninos-primero\/\" class=\"pk-overlay-link\">\n\t\t\t\t\t\t\t\t\t<img loading=\"lazy\" decoding=\"async\" width=\"300\" height=\"225\" src=\"https:\/\/webdelmaestrocmf.com\/portal\/wp-content\/uploads\/2026\/04\/1AA-Banner-1-portada-imagen-10-1-copia-2-300x225.jpg\" class=\"attachment-pk-thumbnail size-pk-thumbnail wp-post-image\" alt=\"\" \/>\t\t\t\t\t\t\t\t<\/a>\n\t\t\t\t\t\t\t<\/div>\n\t\t\t\t\t\t<\/div>\n\t\t\t\t\t<\/div>\n\t\t\t\t<\/div>\n\t\t\t\t\n\t\t\t\t<div class=\"pk-post-inner\">\n\t\t\t\t\t<header>\n\t\t\t\t\t\t<h3 class=\"pk-title\"><a href=\"https:\/\/webdelmaestrocmf.com\/portal\/el-sistema-nos-rompe-a-todos-y-a-los-ninos-primero\/\" rel=\"bookmark\">El sistema nos rompe a todos\u2026 y a los ni\u00f1os primero<\/a><\/h3>\t\t\t\t\t<\/header><!-- .entry-header -->\n\t\t\t\t<\/div><!-- .post-inner -->\n\n\t\t\t<\/div><!-- .post-outer -->\n\t\t<\/article>\n\t\t\t<article id=\"post-118324\" class=\"post-118324 post type-post status-publish format-standard has-post-thumbnail category-jamb tag-administracion-educativa tag-calidad-educativa tag-comunidad-educativa tag-direccion-escolar tag-educacion-digital tag-gestion-escolar tag-innovacion-educativa tag-liderazgo-educativo tag-mejora-continua tag-planificacion-educativa cs-entry cs-video-wrap\">\n\t\t\t<div class=\"pk-post-outer\">\n\n\t\t\t\t\t\t\t\t<div class=\"pk-post-inner\">\n\t\t\t\t\t<div class=\"entry-thumbnail\">\n\t\t\t\t\t\t<div class=\"pk-overlay pk-overlay-ratio pk-ratio-landscape\">\n\t\t\t\t\t\t\t<div class=\"pk-overlay-background\">\n\t\t\t\t\t\t\t\t<a href=\"https:\/\/webdelmaestrocmf.com\/portal\/la-administracion-educativa-el-pilar-silencioso-que-sostiene-la-escuela-administrar-o-gestionar-una-comunidad-educativa-es-lo-mismo\/\" class=\"pk-overlay-link\">\n\t\t\t\t\t\t\t\t\t<img loading=\"lazy\" decoding=\"async\" width=\"300\" height=\"225\" src=\"https:\/\/webdelmaestrocmf.com\/portal\/wp-content\/uploads\/2026\/04\/1AA-Banner-1-portada-imagen-10-1-copia-6-4-300x225.webp\" class=\"attachment-pk-thumbnail size-pk-thumbnail wp-post-image\" alt=\"\" \/>\t\t\t\t\t\t\t\t<\/a>\n\t\t\t\t\t\t\t<\/div>\n\t\t\t\t\t\t<\/div>\n\t\t\t\t\t<\/div>\n\t\t\t\t<\/div>\n\t\t\t\t\n\t\t\t\t<div class=\"pk-post-inner\">\n\t\t\t\t\t<header>\n\t\t\t\t\t\t<h3 class=\"pk-title\"><a href=\"https:\/\/webdelmaestrocmf.com\/portal\/la-administracion-educativa-el-pilar-silencioso-que-sostiene-la-escuela-administrar-o-gestionar-una-comunidad-educativa-es-lo-mismo\/\" rel=\"bookmark\">La administraci\u00f3n educativa: el pilar silencioso que sostiene la escuela. \u00bfAdministrar o gestionar una comunidad educativa es lo mismo?<\/a><\/h3>\t\t\t\t\t<\/header><!-- .entry-header -->\n\t\t\t\t<\/div><!-- .post-inner -->\n\n\t\t\t<\/div><!-- .post-outer -->\n\t\t<\/article>\n\t\t\t\t<\/div>\n\t\t<\/div>\n\t\t\n","protected":false},"excerpt":{"rendered":"Se atribuye al escritor colombiano Gabriel Garc\u00eda M\u00e1rquez la frase que \u201ccuando un reci\u00e9n nacido aprieta con su&hellip;","protected":false},"author":2,"featured_media":106020,"comment_status":"open","ping_status":"closed","sticky":false,"template":"","format":"standard","meta":{"csco_display_header_overlay":false,"csco_singular_sidebar":"default","csco_page_header_type":"default","csco_page_load_nextpost":"default","csco_post_video_location":[],"csco_post_video_location_hash":"","csco_post_video_url":"","csco_post_video_bg_start_time":0,"csco_post_video_bg_end_time":0,"csco_post_video_bg_volume":false,"_jetpack_memberships_contains_paid_content":false,"footnotes":""},"categories":[61],"tags":[1853,1828,216,1289],"class_list":{"0":"post-37479","1":"post","2":"type-post","3":"status-publish","4":"format-standard","5":"has-post-thumbnail","7":"category-jamb","8":"tag-dia","9":"tag-feliz","10":"tag-maestro","11":"tag-padre","12":"cs-entry","13":"cs-video-wrap"},"yoast_head":"<!-- This site is optimized with the Yoast SEO plugin v27.5 - https:\/\/yoast.com\/product\/yoast-seo-wordpress\/ -->\n<title>Gratitud al Padre y Maestro - 2026<\/title>\n<meta name=\"description\" content=\"Casi todos pronunciamos, entre nuestras primeras palabras, la palabra \u201cpap\u00e1\u201d. \u201c\u00abPadre\u00bb es una palabra conocida por todos, una palabra...\" \/>\n<meta name=\"robots\" content=\"index, follow, max-snippet:-1, max-image-preview:large, max-video-preview:-1\" \/>\n<link rel=\"canonical\" href=\"https:\/\/webdelmaestrocmf.com\/portal\/dia-del-padre-y-maestro\/\" \/>\n<meta property=\"og:locale\" content=\"es_ES\" \/>\n<meta property=\"og:type\" content=\"article\" \/>\n<meta property=\"og:title\" content=\"Gratitud al Padre y Maestro - 2026\" \/>\n<meta property=\"og:description\" content=\"Casi todos pronunciamos, entre nuestras primeras palabras, la palabra \u201cpap\u00e1\u201d. \u201c\u00abPadre\u00bb es una palabra conocida por todos, una palabra...\" \/>\n<meta property=\"og:url\" content=\"https:\/\/webdelmaestrocmf.com\/portal\/dia-del-padre-y-maestro\/\" \/>\n<meta property=\"og:site_name\" content=\"Web del Maestro CMF\" \/>\n<meta property=\"article:publisher\" content=\"https:\/\/www.facebook.com\/WebdelMaestroCMF\/\" \/>\n<meta property=\"article:author\" content=\"https:\/\/www.facebook.com\/WebdelMaestroCMF\/\" \/>\n<meta property=\"article:published_time\" content=\"2025-06-15T10:00:53+00:00\" \/>\n<meta property=\"article:modified_time\" content=\"2025-06-15T13:44:32+00:00\" \/>\n<meta property=\"og:image\" content=\"https:\/\/webdelmaestrocmf.com\/portal\/wp-content\/uploads\/2021\/06\/Banner-1-portada-imagen-10-1-2024-06-16T122100.139.jpg\" \/>\n\t<meta property=\"og:image:width\" content=\"1024\" \/>\n\t<meta property=\"og:image:height\" content=\"1024\" \/>\n\t<meta property=\"og:image:type\" content=\"image\/jpeg\" \/>\n<meta name=\"author\" content=\"Web del Maestro CMF\" \/>\n<meta name=\"twitter:card\" content=\"summary_large_image\" \/>\n<meta name=\"twitter:creator\" content=\"@cmf_w\" \/>\n<meta name=\"twitter:site\" content=\"@cmf_w\" \/>\n<script type=\"application\/ld+json\" class=\"yoast-schema-graph\">{\"@context\":\"https:\\\/\\\/schema.org\",\"@graph\":[{\"@type\":\"ScholarlyArticle\",\"@id\":\"https:\\\/\\\/webdelmaestrocmf.com\\\/portal\\\/dia-del-padre-y-maestro\\\/#article\",\"isPartOf\":{\"@id\":\"https:\\\/\\\/webdelmaestrocmf.com\\\/portal\\\/dia-del-padre-y-maestro\\\/\"},\"author\":{\"name\":\"Web del Maestro CMF\",\"@id\":\"https:\\\/\\\/webdelmaestrocmf.com\\\/portal\\\/#\\\/schema\\\/person\\\/ebc57e23d318c9c4270c6f41367015b5\"},\"headline\":\"Gratitud al Padre y Maestro\",\"datePublished\":\"2025-06-15T10:00:53+00:00\",\"dateModified\":\"2025-06-15T13:44:32+00:00\",\"mainEntityOfPage\":{\"@id\":\"https:\\\/\\\/webdelmaestrocmf.com\\\/portal\\\/dia-del-padre-y-maestro\\\/\"},\"wordCount\":1213,\"commentCount\":0,\"publisher\":{\"@id\":\"https:\\\/\\\/webdelmaestrocmf.com\\\/portal\\\/#organization\"},\"image\":{\"@id\":\"https:\\\/\\\/webdelmaestrocmf.com\\\/portal\\\/dia-del-padre-y-maestro\\\/#primaryimage\"},\"thumbnailUrl\":\"https:\\\/\\\/webdelmaestrocmf.com\\\/portal\\\/wp-content\\\/uploads\\\/2021\\\/06\\\/Banner-1-portada-imagen-10-1-2024-06-16T122100.139.jpg\",\"keywords\":[\"DIA\",\"FELIZ\",\"Maestro\",\"padre\"],\"articleSection\":[\"Yo opino - WMCMF\"],\"inLanguage\":\"es\",\"potentialAction\":[{\"@type\":\"CommentAction\",\"name\":\"Comment\",\"target\":[\"https:\\\/\\\/webdelmaestrocmf.com\\\/portal\\\/dia-del-padre-y-maestro\\\/#respond\"]}]},{\"@type\":\"WebPage\",\"@id\":\"https:\\\/\\\/webdelmaestrocmf.com\\\/portal\\\/dia-del-padre-y-maestro\\\/\",\"url\":\"https:\\\/\\\/webdelmaestrocmf.com\\\/portal\\\/dia-del-padre-y-maestro\\\/\",\"name\":\"Gratitud al Padre y Maestro - 2026\",\"isPartOf\":{\"@id\":\"https:\\\/\\\/webdelmaestrocmf.com\\\/portal\\\/#website\"},\"primaryImageOfPage\":{\"@id\":\"https:\\\/\\\/webdelmaestrocmf.com\\\/portal\\\/dia-del-padre-y-maestro\\\/#primaryimage\"},\"image\":{\"@id\":\"https:\\\/\\\/webdelmaestrocmf.com\\\/portal\\\/dia-del-padre-y-maestro\\\/#primaryimage\"},\"thumbnailUrl\":\"https:\\\/\\\/webdelmaestrocmf.com\\\/portal\\\/wp-content\\\/uploads\\\/2021\\\/06\\\/Banner-1-portada-imagen-10-1-2024-06-16T122100.139.jpg\",\"datePublished\":\"2025-06-15T10:00:53+00:00\",\"dateModified\":\"2025-06-15T13:44:32+00:00\",\"description\":\"Casi todos pronunciamos, entre nuestras primeras palabras, la palabra \u201cpap\u00e1\u201d. \u201c\u00abPadre\u00bb es una palabra conocida por todos, una palabra...\",\"breadcrumb\":{\"@id\":\"https:\\\/\\\/webdelmaestrocmf.com\\\/portal\\\/dia-del-padre-y-maestro\\\/#breadcrumb\"},\"inLanguage\":\"es\",\"potentialAction\":[{\"@type\":\"ReadAction\",\"target\":[\"https:\\\/\\\/webdelmaestrocmf.com\\\/portal\\\/dia-del-padre-y-maestro\\\/\"]}]},{\"@type\":\"ImageObject\",\"inLanguage\":\"es\",\"@id\":\"https:\\\/\\\/webdelmaestrocmf.com\\\/portal\\\/dia-del-padre-y-maestro\\\/#primaryimage\",\"url\":\"https:\\\/\\\/webdelmaestrocmf.com\\\/portal\\\/wp-content\\\/uploads\\\/2021\\\/06\\\/Banner-1-portada-imagen-10-1-2024-06-16T122100.139.jpg\",\"contentUrl\":\"https:\\\/\\\/webdelmaestrocmf.com\\\/portal\\\/wp-content\\\/uploads\\\/2021\\\/06\\\/Banner-1-portada-imagen-10-1-2024-06-16T122100.139.jpg\",\"width\":1024,\"height\":1024},{\"@type\":\"BreadcrumbList\",\"@id\":\"https:\\\/\\\/webdelmaestrocmf.com\\\/portal\\\/dia-del-padre-y-maestro\\\/#breadcrumb\",\"itemListElement\":[{\"@type\":\"ListItem\",\"position\":1,\"name\":\"Portada\",\"item\":\"https:\\\/\\\/webdelmaestrocmf.com\\\/portal\\\/\"},{\"@type\":\"ListItem\",\"position\":2,\"name\":\"Yo opino - WMCMF\",\"item\":\"https:\\\/\\\/webdelmaestrocmf.com\\\/portal\\\/category\\\/jamb\\\/\"},{\"@type\":\"ListItem\",\"position\":3,\"name\":\"Gratitud al Padre y Maestro\"}]},{\"@type\":\"WebSite\",\"@id\":\"https:\\\/\\\/webdelmaestrocmf.com\\\/portal\\\/#website\",\"url\":\"https:\\\/\\\/webdelmaestrocmf.com\\\/portal\\\/\",\"name\":\"Web del Maestro CMF\",\"description\":\"Maestros al servicio de la educaci\u00f3n\",\"publisher\":{\"@id\":\"https:\\\/\\\/webdelmaestrocmf.com\\\/portal\\\/#organization\"},\"alternateName\":\"WMCMF\",\"potentialAction\":[{\"@type\":\"SearchAction\",\"target\":{\"@type\":\"EntryPoint\",\"urlTemplate\":\"https:\\\/\\\/webdelmaestrocmf.com\\\/portal\\\/?s={search_term_string}\"},\"query-input\":{\"@type\":\"PropertyValueSpecification\",\"valueRequired\":true,\"valueName\":\"search_term_string\"}}],\"inLanguage\":\"es\"},{\"@type\":\"Organization\",\"@id\":\"https:\\\/\\\/webdelmaestrocmf.com\\\/portal\\\/#organization\",\"name\":\"Web del Maestro CMF\",\"alternateName\":\"WMCMF\",\"url\":\"https:\\\/\\\/webdelmaestrocmf.com\\\/portal\\\/\",\"logo\":{\"@type\":\"ImageObject\",\"inLanguage\":\"es\",\"@id\":\"https:\\\/\\\/webdelmaestrocmf.com\\\/portal\\\/#\\\/schema\\\/logo\\\/image\\\/\",\"url\":\"https:\\\/\\\/webdelmaestrocmf.com\\\/portal\\\/wp-content\\\/uploads\\\/2023\\\/01\\\/logo-wmcmf-2.png\",\"contentUrl\":\"https:\\\/\\\/webdelmaestrocmf.com\\\/portal\\\/wp-content\\\/uploads\\\/2023\\\/01\\\/logo-wmcmf-2.png\",\"width\":200,\"height\":60,\"caption\":\"Web del Maestro CMF\"},\"image\":{\"@id\":\"https:\\\/\\\/webdelmaestrocmf.com\\\/portal\\\/#\\\/schema\\\/logo\\\/image\\\/\"},\"sameAs\":[\"https:\\\/\\\/www.facebook.com\\\/WebdelMaestroCMF\\\/\",\"https:\\\/\\\/x.com\\\/cmf_w\",\"https:\\\/\\\/www.pinterest.com\\\/WMCMF\\\/\",\"https:\\\/\\\/www.linkedin.com\\\/company\\\/web-del-maestro-cmf\\\/\",\"https:\\\/\\\/www.instagram.com\\\/wmcmf\\\/\",\"https:\\\/\\\/www.youtube.com\\\/channel\\\/UCDPSvjbdodE5sHnC3OxutHw\",\"https:\\\/\\\/mastodon.social\\\/@wmcmf\",\"https:\\\/\\\/www.tiktok.com\\\/@webdelmaestrocmf\"]},{\"@type\":\"Person\",\"@id\":\"https:\\\/\\\/webdelmaestrocmf.com\\\/portal\\\/#\\\/schema\\\/person\\\/ebc57e23d318c9c4270c6f41367015b5\",\"name\":\"Web del Maestro CMF\",\"image\":{\"@type\":\"ImageObject\",\"inLanguage\":\"es\",\"@id\":\"https:\\\/\\\/secure.gravatar.com\\\/avatar\\\/718b2df46e711f63dc8c16a160d16cc0104e961fe3c231eaaed2426975fc5e2d?s=96&d=mm&r=g\",\"url\":\"https:\\\/\\\/secure.gravatar.com\\\/avatar\\\/718b2df46e711f63dc8c16a160d16cc0104e961fe3c231eaaed2426975fc5e2d?s=96&d=mm&r=g\",\"contentUrl\":\"https:\\\/\\\/secure.gravatar.com\\\/avatar\\\/718b2df46e711f63dc8c16a160d16cc0104e961fe3c231eaaed2426975fc5e2d?s=96&d=mm&r=g\",\"caption\":\"Web del Maestro CMF\"},\"description\":\"Esta Web se cre\u00f3 sin fines de lucro, con fines educativos, cient\u00edficos y acad\u00e9micos, para personas que tengan dificultades y\\\/o inconvenientes en visualizar el material original. El objetivo es entregar recursos, compartir experiencias y materiales que ayuden a los padres de familia, maestros y estudiantes en su actualizaci\u00f3n y formaci\u00f3n permanente, en bien de la Educaci\u00f3n.\",\"sameAs\":[\"http:\\\/\\\/webdelmaestrocmf.com\\\/portal\",\"https:\\\/\\\/www.facebook.com\\\/WebdelMaestroCMF\\\/\",\"https:\\\/\\\/www.instagram.com\\\/wmcmf\\\/\",\"https:\\\/\\\/cl.linkedin.com\\\/company\\\/web-del-maestro-cmf\",\"https:\\\/\\\/www.pinterest.com\\\/WMCMF\\\/publicaciones\\\/\",\"https:\\\/\\\/x.com\\\/cmf_w\",\"https:\\\/\\\/www.youtube.com\\\/@WMCMF\"]}]}<\/script>\n<!-- \/ Yoast SEO plugin. -->","yoast_head_json":{"title":"Gratitud al Padre y Maestro - 2026","description":"Casi todos pronunciamos, entre nuestras primeras palabras, la palabra \u201cpap\u00e1\u201d. \u201c\u00abPadre\u00bb es una palabra conocida por todos, una palabra...","robots":{"index":"index","follow":"follow","max-snippet":"max-snippet:-1","max-image-preview":"max-image-preview:large","max-video-preview":"max-video-preview:-1"},"canonical":"https:\/\/webdelmaestrocmf.com\/portal\/dia-del-padre-y-maestro\/","og_locale":"es_ES","og_type":"article","og_title":"Gratitud al Padre y Maestro - 2026","og_description":"Casi todos pronunciamos, entre nuestras primeras palabras, la palabra \u201cpap\u00e1\u201d. \u201c\u00abPadre\u00bb es una palabra conocida por todos, una palabra...","og_url":"https:\/\/webdelmaestrocmf.com\/portal\/dia-del-padre-y-maestro\/","og_site_name":"Web del Maestro CMF","article_publisher":"https:\/\/www.facebook.com\/WebdelMaestroCMF\/","article_author":"https:\/\/www.facebook.com\/WebdelMaestroCMF\/","article_published_time":"2025-06-15T10:00:53+00:00","article_modified_time":"2025-06-15T13:44:32+00:00","og_image":[{"width":1024,"height":1024,"url":"https:\/\/webdelmaestrocmf.com\/portal\/wp-content\/uploads\/2021\/06\/Banner-1-portada-imagen-10-1-2024-06-16T122100.139.jpg","type":"image\/jpeg"}],"author":"Web del Maestro CMF","twitter_card":"summary_large_image","twitter_creator":"@cmf_w","twitter_site":"@cmf_w","schema":{"@context":"https:\/\/schema.org","@graph":[{"@type":"ScholarlyArticle","@id":"https:\/\/webdelmaestrocmf.com\/portal\/dia-del-padre-y-maestro\/#article","isPartOf":{"@id":"https:\/\/webdelmaestrocmf.com\/portal\/dia-del-padre-y-maestro\/"},"author":{"name":"Web del Maestro CMF","@id":"https:\/\/webdelmaestrocmf.com\/portal\/#\/schema\/person\/ebc57e23d318c9c4270c6f41367015b5"},"headline":"Gratitud al Padre y Maestro","datePublished":"2025-06-15T10:00:53+00:00","dateModified":"2025-06-15T13:44:32+00:00","mainEntityOfPage":{"@id":"https:\/\/webdelmaestrocmf.com\/portal\/dia-del-padre-y-maestro\/"},"wordCount":1213,"commentCount":0,"publisher":{"@id":"https:\/\/webdelmaestrocmf.com\/portal\/#organization"},"image":{"@id":"https:\/\/webdelmaestrocmf.com\/portal\/dia-del-padre-y-maestro\/#primaryimage"},"thumbnailUrl":"https:\/\/webdelmaestrocmf.com\/portal\/wp-content\/uploads\/2021\/06\/Banner-1-portada-imagen-10-1-2024-06-16T122100.139.jpg","keywords":["DIA","FELIZ","Maestro","padre"],"articleSection":["Yo opino - WMCMF"],"inLanguage":"es","potentialAction":[{"@type":"CommentAction","name":"Comment","target":["https:\/\/webdelmaestrocmf.com\/portal\/dia-del-padre-y-maestro\/#respond"]}]},{"@type":"WebPage","@id":"https:\/\/webdelmaestrocmf.com\/portal\/dia-del-padre-y-maestro\/","url":"https:\/\/webdelmaestrocmf.com\/portal\/dia-del-padre-y-maestro\/","name":"Gratitud al Padre y Maestro - 2026","isPartOf":{"@id":"https:\/\/webdelmaestrocmf.com\/portal\/#website"},"primaryImageOfPage":{"@id":"https:\/\/webdelmaestrocmf.com\/portal\/dia-del-padre-y-maestro\/#primaryimage"},"image":{"@id":"https:\/\/webdelmaestrocmf.com\/portal\/dia-del-padre-y-maestro\/#primaryimage"},"thumbnailUrl":"https:\/\/webdelmaestrocmf.com\/portal\/wp-content\/uploads\/2021\/06\/Banner-1-portada-imagen-10-1-2024-06-16T122100.139.jpg","datePublished":"2025-06-15T10:00:53+00:00","dateModified":"2025-06-15T13:44:32+00:00","description":"Casi todos pronunciamos, entre nuestras primeras palabras, la palabra \u201cpap\u00e1\u201d. \u201c\u00abPadre\u00bb es una palabra conocida por todos, una palabra...","breadcrumb":{"@id":"https:\/\/webdelmaestrocmf.com\/portal\/dia-del-padre-y-maestro\/#breadcrumb"},"inLanguage":"es","potentialAction":[{"@type":"ReadAction","target":["https:\/\/webdelmaestrocmf.com\/portal\/dia-del-padre-y-maestro\/"]}]},{"@type":"ImageObject","inLanguage":"es","@id":"https:\/\/webdelmaestrocmf.com\/portal\/dia-del-padre-y-maestro\/#primaryimage","url":"https:\/\/webdelmaestrocmf.com\/portal\/wp-content\/uploads\/2021\/06\/Banner-1-portada-imagen-10-1-2024-06-16T122100.139.jpg","contentUrl":"https:\/\/webdelmaestrocmf.com\/portal\/wp-content\/uploads\/2021\/06\/Banner-1-portada-imagen-10-1-2024-06-16T122100.139.jpg","width":1024,"height":1024},{"@type":"BreadcrumbList","@id":"https:\/\/webdelmaestrocmf.com\/portal\/dia-del-padre-y-maestro\/#breadcrumb","itemListElement":[{"@type":"ListItem","position":1,"name":"Portada","item":"https:\/\/webdelmaestrocmf.com\/portal\/"},{"@type":"ListItem","position":2,"name":"Yo opino - WMCMF","item":"https:\/\/webdelmaestrocmf.com\/portal\/category\/jamb\/"},{"@type":"ListItem","position":3,"name":"Gratitud al Padre y Maestro"}]},{"@type":"WebSite","@id":"https:\/\/webdelmaestrocmf.com\/portal\/#website","url":"https:\/\/webdelmaestrocmf.com\/portal\/","name":"Web del Maestro CMF","description":"Maestros al servicio de la educaci\u00f3n","publisher":{"@id":"https:\/\/webdelmaestrocmf.com\/portal\/#organization"},"alternateName":"WMCMF","potentialAction":[{"@type":"SearchAction","target":{"@type":"EntryPoint","urlTemplate":"https:\/\/webdelmaestrocmf.com\/portal\/?s={search_term_string}"},"query-input":{"@type":"PropertyValueSpecification","valueRequired":true,"valueName":"search_term_string"}}],"inLanguage":"es"},{"@type":"Organization","@id":"https:\/\/webdelmaestrocmf.com\/portal\/#organization","name":"Web del Maestro CMF","alternateName":"WMCMF","url":"https:\/\/webdelmaestrocmf.com\/portal\/","logo":{"@type":"ImageObject","inLanguage":"es","@id":"https:\/\/webdelmaestrocmf.com\/portal\/#\/schema\/logo\/image\/","url":"https:\/\/webdelmaestrocmf.com\/portal\/wp-content\/uploads\/2023\/01\/logo-wmcmf-2.png","contentUrl":"https:\/\/webdelmaestrocmf.com\/portal\/wp-content\/uploads\/2023\/01\/logo-wmcmf-2.png","width":200,"height":60,"caption":"Web del Maestro CMF"},"image":{"@id":"https:\/\/webdelmaestrocmf.com\/portal\/#\/schema\/logo\/image\/"},"sameAs":["https:\/\/www.facebook.com\/WebdelMaestroCMF\/","https:\/\/x.com\/cmf_w","https:\/\/www.pinterest.com\/WMCMF\/","https:\/\/www.linkedin.com\/company\/web-del-maestro-cmf\/","https:\/\/www.instagram.com\/wmcmf\/","https:\/\/www.youtube.com\/channel\/UCDPSvjbdodE5sHnC3OxutHw","https:\/\/mastodon.social\/@wmcmf","https:\/\/www.tiktok.com\/@webdelmaestrocmf"]},{"@type":"Person","@id":"https:\/\/webdelmaestrocmf.com\/portal\/#\/schema\/person\/ebc57e23d318c9c4270c6f41367015b5","name":"Web del Maestro CMF","image":{"@type":"ImageObject","inLanguage":"es","@id":"https:\/\/secure.gravatar.com\/avatar\/718b2df46e711f63dc8c16a160d16cc0104e961fe3c231eaaed2426975fc5e2d?s=96&d=mm&r=g","url":"https:\/\/secure.gravatar.com\/avatar\/718b2df46e711f63dc8c16a160d16cc0104e961fe3c231eaaed2426975fc5e2d?s=96&d=mm&r=g","contentUrl":"https:\/\/secure.gravatar.com\/avatar\/718b2df46e711f63dc8c16a160d16cc0104e961fe3c231eaaed2426975fc5e2d?s=96&d=mm&r=g","caption":"Web del Maestro CMF"},"description":"Esta Web se cre\u00f3 sin fines de lucro, con fines educativos, cient\u00edficos y acad\u00e9micos, para personas que tengan dificultades y\/o inconvenientes en visualizar el material original. El objetivo es entregar recursos, compartir experiencias y materiales que ayuden a los padres de familia, maestros y estudiantes en su actualizaci\u00f3n y formaci\u00f3n permanente, en bien de la Educaci\u00f3n.","sameAs":["http:\/\/webdelmaestrocmf.com\/portal","https:\/\/www.facebook.com\/WebdelMaestroCMF\/","https:\/\/www.instagram.com\/wmcmf\/","https:\/\/cl.linkedin.com\/company\/web-del-maestro-cmf","https:\/\/www.pinterest.com\/WMCMF\/publicaciones\/","https:\/\/x.com\/cmf_w","https:\/\/www.youtube.com\/@WMCMF"]}]}},"jetpack_featured_media_url":"https:\/\/webdelmaestrocmf.com\/portal\/wp-content\/uploads\/2021\/06\/Banner-1-portada-imagen-10-1-2024-06-16T122100.139.jpg","jetpack_sharing_enabled":true,"jetpack-related-posts":[{"id":111162,"url":"https:\/\/webdelmaestrocmf.com\/portal\/esteban-canchola-somos-parte-del-mismo-sistema-educativo-y-debemos-trabajar-en-union\/","url_meta":{"origin":37479,"position":0},"title":"Esteban Canchola: \u201cSomos parte del mismo sistema educativo y debemos trabajar en uni\u00f3n\u201d","author":"Web del Maestro CMF","date":"12 julio, 2025","format":false,"excerpt":"Su testimonio busca unir, no dividir, y exigir que se escuche a los maestros.","rel":"","context":"En \u00abNoticias Internacionales\u00bb","block_context":{"text":"Noticias Internacionales","link":"https:\/\/webdelmaestrocmf.com\/portal\/category\/noticias-internacionales\/"},"img":{"alt_text":"","src":"https:\/\/i0.wp.com\/webdelmaestrocmf.com\/portal\/wp-content\/uploads\/2025\/07\/1A-Banner-1-portada-imagen-10-1-copia-43.webp?resize=350%2C200&ssl=1","width":350,"height":200,"srcset":"https:\/\/i0.wp.com\/webdelmaestrocmf.com\/portal\/wp-content\/uploads\/2025\/07\/1A-Banner-1-portada-imagen-10-1-copia-43.webp?resize=350%2C200&ssl=1 1x, https:\/\/i0.wp.com\/webdelmaestrocmf.com\/portal\/wp-content\/uploads\/2025\/07\/1A-Banner-1-portada-imagen-10-1-copia-43.webp?resize=525%2C300&ssl=1 1.5x, https:\/\/i0.wp.com\/webdelmaestrocmf.com\/portal\/wp-content\/uploads\/2025\/07\/1A-Banner-1-portada-imagen-10-1-copia-43.webp?resize=700%2C400&ssl=1 2x"},"classes":[]},{"id":114010,"url":"https:\/\/webdelmaestrocmf.com\/portal\/maestra-desata-conmocion-en-tiktok-al-decir-hay-algunos-padres-que-quieren-que-el-colegio-lo-haga-todo\/","url_meta":{"origin":37479,"position":1},"title":"Maestra desata conmoci\u00f3n en TikTok al decir: \u201cHay algunos padres que quieren que el colegio lo haga todo\u00bb","author":"Web del Maestro CMF","date":"13 diciembre, 2025","format":false,"excerpt":"En casa no hay reglas, ni tiempo, ni disposici\u00f3n para criar.","rel":"","context":"En \u00abNoticias Internacionales\u00bb","block_context":{"text":"Noticias Internacionales","link":"https:\/\/webdelmaestrocmf.com\/portal\/category\/noticias-internacionales\/"},"img":{"alt_text":"","src":"https:\/\/i0.wp.com\/webdelmaestrocmf.com\/portal\/wp-content\/uploads\/2025\/12\/1A-Banner-1-portada-imagen-10-1-copia-1-9.webp?resize=350%2C200&ssl=1","width":350,"height":200,"srcset":"https:\/\/i0.wp.com\/webdelmaestrocmf.com\/portal\/wp-content\/uploads\/2025\/12\/1A-Banner-1-portada-imagen-10-1-copia-1-9.webp?resize=350%2C200&ssl=1 1x, https:\/\/i0.wp.com\/webdelmaestrocmf.com\/portal\/wp-content\/uploads\/2025\/12\/1A-Banner-1-portada-imagen-10-1-copia-1-9.webp?resize=525%2C300&ssl=1 1.5x, https:\/\/i0.wp.com\/webdelmaestrocmf.com\/portal\/wp-content\/uploads\/2025\/12\/1A-Banner-1-portada-imagen-10-1-copia-1-9.webp?resize=700%2C400&ssl=1 2x"},"classes":[]},{"id":90239,"url":"https:\/\/webdelmaestrocmf.com\/portal\/david-auris-dia-del-padre-una-oportunidad-pedagogica-para-reflexionar\/","url_meta":{"origin":37479,"position":2},"title":"[David Auris] D\u00eda del padre, una oportunidad pedag\u00f3gica para reflexionar","author":"Web del Maestro CMF","date":"30 junio, 2023","format":false,"excerpt":"Todos los a\u00f1os, a nivel mundial, celebramos el D\u00eda del Padre en el mes de junio. Se trata de un espacio para reflexionar acerca de la relevancia de la figura paterna y reconocer el impacto beneficioso que tiene en el desarrollo de sus hijos y la sociedad. Este tributo a\u2026","rel":"","context":"En \u00abZ-Colaborador-David-Auris\u00bb","block_context":{"text":"Z-Colaborador-David-Auris","link":"https:\/\/webdelmaestrocmf.com\/portal\/category\/colaborador\/z-colaborador-david-auris\/"},"img":{"alt_text":"","src":"https:\/\/i0.wp.com\/webdelmaestrocmf.com\/portal\/wp-content\/uploads\/2023\/06\/A12B3C4D-6-1.jpg?resize=350%2C200&ssl=1","width":350,"height":200,"srcset":"https:\/\/i0.wp.com\/webdelmaestrocmf.com\/portal\/wp-content\/uploads\/2023\/06\/A12B3C4D-6-1.jpg?resize=350%2C200&ssl=1 1x, https:\/\/i0.wp.com\/webdelmaestrocmf.com\/portal\/wp-content\/uploads\/2023\/06\/A12B3C4D-6-1.jpg?resize=525%2C300&ssl=1 1.5x, https:\/\/i0.wp.com\/webdelmaestrocmf.com\/portal\/wp-content\/uploads\/2023\/06\/A12B3C4D-6-1.jpg?resize=700%2C400&ssl=1 2x"},"classes":[]},{"id":102072,"url":"https:\/\/webdelmaestrocmf.com\/portal\/que-es-el-alfabeto-movil-y-para-que-sirve\/","url_meta":{"origin":37479,"position":3},"title":"Descarga el alfabeto Montessori y Alfabeto m\u00f3vil","author":"Web del Maestro CMF","date":"14 febrero, 2024","format":false,"excerpt":"El alfabeto Montessori y el alfabeto m\u00f3vil son herramientas que fomentan el aprendizaje del abecedario de forma sensorial, aut\u00f3noma y divertida. Permiten al ni\u00f1o explorar las letras con sus sentidos, desarrollar la motricidad fina, la concentraci\u00f3n, la creatividad y la fon\u00e9tica. Adem\u00e1s, preparan al ni\u00f1o para la lectoescritura de forma\u2026","rel":"","context":"En \u00abAlfabeto\u00bb","block_context":{"text":"Alfabeto","link":"https:\/\/webdelmaestrocmf.com\/portal\/category\/pedagogia\/alfabeto\/"},"img":{"alt_text":"","src":"https:\/\/i0.wp.com\/webdelmaestrocmf.com\/portal\/wp-content\/uploads\/2024\/01\/Banner-1-portada-imagen-10-1-9.jpg?resize=350%2C200&ssl=1","width":350,"height":200,"srcset":"https:\/\/i0.wp.com\/webdelmaestrocmf.com\/portal\/wp-content\/uploads\/2024\/01\/Banner-1-portada-imagen-10-1-9.jpg?resize=350%2C200&ssl=1 1x, https:\/\/i0.wp.com\/webdelmaestrocmf.com\/portal\/wp-content\/uploads\/2024\/01\/Banner-1-portada-imagen-10-1-9.jpg?resize=525%2C300&ssl=1 1.5x, https:\/\/i0.wp.com\/webdelmaestrocmf.com\/portal\/wp-content\/uploads\/2024\/01\/Banner-1-portada-imagen-10-1-9.jpg?resize=700%2C400&ssl=1 2x"},"classes":[]},{"id":10361,"url":"https:\/\/webdelmaestrocmf.com\/portal\/antonio-mansen-con-gratitud-a-los-30000-seguidores-en-facebook\/","url_meta":{"origin":37479,"position":4},"title":"Con gratitud a los 30,000 seguidores en facebook","author":"Web del Maestro CMF","date":"16 noviembre, 2016","format":false,"excerpt":"En estos d\u00edas, caminando por las mismas monta\u00f1as y lugares por las que camin\u00f3 un ni\u00f1o,cuyos padres lo educaron conforme a las costumbres de su tiempo y de su sociedad; y que a los treinta a\u00f1os, baj\u00f3 a otro pueblo para empezar una in\u00e9dita forma de vida, ante los maestros\u2026","rel":"","context":"En \u00abYo opino - WMCMF\u00bb","block_context":{"text":"Yo opino - WMCMF","link":"https:\/\/webdelmaestrocmf.com\/portal\/category\/jamb\/"},"img":{"alt_text":"","src":"https:\/\/i0.wp.com\/webdelmaestrocmf.com\/portal\/wp-content\/uploads\/2016\/11\/a2.jpg?resize=350%2C200&ssl=1","width":350,"height":200,"srcset":"https:\/\/i0.wp.com\/webdelmaestrocmf.com\/portal\/wp-content\/uploads\/2016\/11\/a2.jpg?resize=350%2C200&ssl=1 1x, https:\/\/i0.wp.com\/webdelmaestrocmf.com\/portal\/wp-content\/uploads\/2016\/11\/a2.jpg?resize=525%2C300&ssl=1 1.5x, https:\/\/i0.wp.com\/webdelmaestrocmf.com\/portal\/wp-content\/uploads\/2016\/11\/a2.jpg?resize=700%2C400&ssl=1 2x, https:\/\/i0.wp.com\/webdelmaestrocmf.com\/portal\/wp-content\/uploads\/2016\/11\/a2.jpg?resize=1050%2C600&ssl=1 3x"},"classes":[]},{"id":116473,"url":"https:\/\/webdelmaestrocmf.com\/portal\/maestra-llama-la-atencion-a-los-padres-y-les-dice-esperas-que-el-maestro-de-el-100-por-tu-hijo-entonces-da-tu-tambien-el-100-como-padre\/","url_meta":{"origin":37479,"position":5},"title":"Maestra llama la atenci\u00f3n a los padres y les dice: \u00bfEsperas que el maestro d\u00e9 el 100% por tu hijo? Entonces da t\u00fa tambi\u00e9n el 100% como padre","author":"Web del Maestro CMF","date":"14 marzo, 2026","format":false,"excerpt":"Una maestra advierte que la educaci\u00f3n requiere compromiso real de los padres. Sin participaci\u00f3n familiar, reuniones atendidas y acompa\u00f1amiento en casa, el trabajo docente se debilita y quienes terminan perjudicados son los estudiantes.","rel":"","context":"En \u00abNoticias Internacionales\u00bb","block_context":{"text":"Noticias Internacionales","link":"https:\/\/webdelmaestrocmf.com\/portal\/category\/noticias-internacionales\/"},"img":{"alt_text":"","src":"https:\/\/i0.wp.com\/webdelmaestrocmf.com\/portal\/wp-content\/uploads\/2026\/03\/image-1.png?resize=350%2C200&ssl=1","width":350,"height":200,"srcset":"https:\/\/i0.wp.com\/webdelmaestrocmf.com\/portal\/wp-content\/uploads\/2026\/03\/image-1.png?resize=350%2C200&ssl=1 1x, https:\/\/i0.wp.com\/webdelmaestrocmf.com\/portal\/wp-content\/uploads\/2026\/03\/image-1.png?resize=525%2C300&ssl=1 1.5x"},"classes":[]}],"_links":{"self":[{"href":"https:\/\/webdelmaestrocmf.com\/portal\/wp-json\/wp\/v2\/posts\/37479","targetHints":{"allow":["GET"]}}],"collection":[{"href":"https:\/\/webdelmaestrocmf.com\/portal\/wp-json\/wp\/v2\/posts"}],"about":[{"href":"https:\/\/webdelmaestrocmf.com\/portal\/wp-json\/wp\/v2\/types\/post"}],"author":[{"embeddable":true,"href":"https:\/\/webdelmaestrocmf.com\/portal\/wp-json\/wp\/v2\/users\/2"}],"replies":[{"embeddable":true,"href":"https:\/\/webdelmaestrocmf.com\/portal\/wp-json\/wp\/v2\/comments?post=37479"}],"version-history":[{"count":1,"href":"https:\/\/webdelmaestrocmf.com\/portal\/wp-json\/wp\/v2\/posts\/37479\/revisions"}],"predecessor-version":[{"id":109452,"href":"https:\/\/webdelmaestrocmf.com\/portal\/wp-json\/wp\/v2\/posts\/37479\/revisions\/109452"}],"wp:featuredmedia":[{"embeddable":true,"href":"https:\/\/webdelmaestrocmf.com\/portal\/wp-json\/wp\/v2\/media\/106020"}],"wp:attachment":[{"href":"https:\/\/webdelmaestrocmf.com\/portal\/wp-json\/wp\/v2\/media?parent=37479"}],"wp:term":[{"taxonomy":"category","embeddable":true,"href":"https:\/\/webdelmaestrocmf.com\/portal\/wp-json\/wp\/v2\/categories?post=37479"},{"taxonomy":"post_tag","embeddable":true,"href":"https:\/\/webdelmaestrocmf.com\/portal\/wp-json\/wp\/v2\/tags?post=37479"}],"curies":[{"name":"wp","href":"https:\/\/api.w.org\/{rel}","templated":true}]}}