{"id":37424,"date":"2026-04-28T08:30:00","date_gmt":"2026-04-28T12:30:00","guid":{"rendered":"http:\/\/webdelmaestrocmf.com\/portal\/?p=37424"},"modified":"2026-04-28T09:14:07","modified_gmt":"2026-04-28T13:14:07","slug":"james-heckman-leerles-a-los-ninos-tiene-un-impacto-enorme-en-su-desarrollo","status":"publish","type":"post","link":"https:\/\/webdelmaestrocmf.com\/portal\/james-heckman-leerles-a-los-ninos-tiene-un-impacto-enorme-en-su-desarrollo\/","title":{"rendered":"James Heckman: Leerles a los ni\u00f1os tiene un impacto enorme en su desarrollo"},"content":{"rendered":"\n<p>Para corregir las limitaciones de \u201cla educaci\u00f3n infantil basada en figuras de autoridad y su carente sentido de la duda como principio de toda experiencia con el conocimiento\u201d; se inici\u00f3 \u201cel proyecto educativo de servicios especiales denominado: \u201cProyecto Preescolar Perry\u201d, en Ypsilanti, Michigan (USA), y que m\u00e1s tarde se conoce como el \u201cProyecto Preescolar Perry High Scope\u201d.<\/p>\n\n\n\n<!--more-->\n\n\n\n<p>\u00bfC\u00f3mo es? \u00bfQu\u00e9 tiene de novedoso? \u201cSon grupos peque\u00f1os de ni\u00f1os que reciben mucha atenci\u00f3n, orientaci\u00f3n, muchos est\u00edmulos\u201d, cuyo estudio <strong>no se concentra tanto en el CI, sino en las habilidades sociales y emocionales<\/strong>, y los participantes demuestran que influye en las etapas siguientes de sus vidas. Se ha comprobado que los participantes tienen m\u00e1s probabilidades de estar empleados y muchas menos probabilidades de haber cometido cr\u00edmenes.<\/p>\n\n\n\n<p>En el Sistema High Scope, los<strong> maestros, cuidadores y padres<\/strong> se incluyen de una manera cercana y fundamental en la vida escolar del ni\u00f1o, \u201cpara ofrecerle <strong>apoyo f\u00edsico, orientaci\u00f3n emocional y soporte intelectua<\/strong>l\u201d; basado en el m\u00e9todo de investigaci\u00f3n, \u201cen donde los ni\u00f1os dan el primer paso en el proceso de aprendizaje, haciendo elecciones y llevando a cabo sus propios planes y decisiones\u201d.<\/p>\n\n\n\n<blockquote class=\"wp-block-quote is-layout-flow wp-block-quote-is-layout-flow\">\n<p class=\"has-text-align-center\"><em>El amor es la inversi\u00f3n m\u00e1s rentable. <strong>James Heckman<\/strong><\/em><\/p>\n<\/blockquote>\n\n\n\n<p>El proceso de aprendizaje del High Scope <strong>optimiza la relaci\u00f3n entre los educadores y el ni\u00f1o<\/strong>, de tal manera que se desarrolla un ponderado balance entre las iniciativas del ni\u00f1o y las del adulto, estimul\u00e1ndolo \u201ca pensar y tomar decisiones, utilizando diferentes materiales y nutridas interacciones\u201d. (cf <a href=\"https:\/\/www.tipkids.com\/articulo\/480-Sistema-Educativo-HighScope-una-opcion-Preescolar-para-tus-ninos\" target=\"_blank\" rel=\"noopener noreferrer\"><strong>SISTEMA EDUCATIVO HIGHSCOPE: UNA OPCI\u00d3N PREESCOLAR PARA TUS NI\u00d1OS<\/strong><\/a>).<\/p>\n\n\n\n<p>Sobre los aspectos no negociables en un aprendizaje interactivo, le sugerimos nuestra anterior publicaci\u00f3n sobre la experiencia de la Academia Colegiada de Cochrane (USA):<\/p>\n\n\n\n<figure class=\"wp-block-embed is-type-wp-embed is-provider-web-del-maestro-cmf wp-block-embed-web-del-maestro-cmf\"><div class=\"wp-block-embed__wrapper\">\n<blockquote class=\"wp-embedded-content\" data-secret=\"7TXgqbtxmd\"><a href=\"https:\/\/webdelmaestrocmf.com\/portal\/diez-elementos-esenciales-para-lograr-clases-interactivas\/\">Diez elementos esenciales para lograr clases interactivas<\/a><\/blockquote><iframe loading=\"lazy\" class=\"wp-embedded-content\" sandbox=\"allow-scripts\" security=\"restricted\" style=\"position: absolute; visibility: hidden;\" title=\"\u00abDiez elementos esenciales para lograr clases interactivas\u00bb \u2014 Web del Maestro CMF\" src=\"https:\/\/webdelmaestrocmf.com\/portal\/diez-elementos-esenciales-para-lograr-clases-interactivas\/embed\/#?secret=6XANROFbO3#?secret=7TXgqbtxmd\" data-secret=\"7TXgqbtxmd\" width=\"600\" height=\"338\" frameborder=\"0\" marginwidth=\"0\" marginheight=\"0\" scrolling=\"no\"><\/iframe>\n<\/div><\/figure>\n\n\n\n<p>El profesor <strong>James Heckman<\/strong> galardonado con el Premio Nobel de Econom\u00eda (2000); se interes\u00f3 profundamente en estudiar la <strong>relaci\u00f3n de la primera infancia \u2014<\/strong>de 0 a 5 a\u00f1os de edad<strong>\u2014, \u201ccon la desigualdad social y el potencial que hay en esta fase<\/strong> de la vida para lograr cambios capaces de sacar a la gente de la pobreza. [&#8230;] llegando \u201ca la conclusi\u00f3n de que <strong>invertir en la primera infancia es una estrategia eficaz para el crecimiento econ\u00f3mico<\/strong>. \u00c9l calcula que el retorno financiero de cada d\u00f3lar gastado es de los m\u00e1s altos\u201d.<\/p>\n\n\n\n<figure class=\"wp-block-image\"><img loading=\"lazy\" decoding=\"async\" width=\"668\" height=\"328\" src=\"https:\/\/webdelmaestrocmf.com\/portal\/wp-content\/uploads\/2019\/06\/1-2.jpeg\" alt=\"\" class=\"wp-image-63283\" srcset=\"https:\/\/webdelmaestrocmf.com\/portal\/wp-content\/uploads\/2019\/06\/1-2.jpeg 668w, https:\/\/webdelmaestrocmf.com\/portal\/wp-content\/uploads\/2019\/06\/1-2-300x147.jpeg 300w, https:\/\/webdelmaestrocmf.com\/portal\/wp-content\/uploads\/2019\/06\/1-2-110x54.jpeg 110w, https:\/\/webdelmaestrocmf.com\/portal\/wp-content\/uploads\/2019\/06\/1-2-200x98.jpeg 200w, https:\/\/webdelmaestrocmf.com\/portal\/wp-content\/uploads\/2019\/06\/1-2-380x187.jpeg 380w, https:\/\/webdelmaestrocmf.com\/portal\/wp-content\/uploads\/2019\/06\/1-2-255x125.jpeg 255w, https:\/\/webdelmaestrocmf.com\/portal\/wp-content\/uploads\/2019\/06\/1-2-550x270.jpeg 550w, https:\/\/webdelmaestrocmf.com\/portal\/wp-content\/uploads\/2019\/06\/1-2-220x108.jpeg 220w, https:\/\/webdelmaestrocmf.com\/portal\/wp-content\/uploads\/2019\/06\/1-2-400x196.jpeg 400w, https:\/\/webdelmaestrocmf.com\/portal\/wp-content\/uploads\/2019\/06\/1-2-510x250.jpeg 510w, https:\/\/webdelmaestrocmf.com\/portal\/wp-content\/uploads\/2019\/06\/1-2-600x295.jpeg 600w\" sizes=\"auto, (max-width: 668px) 100vw, 668px\" \/><\/figure>\n\n\n\n<p><\/p>\n\n\n\n<p>Heckman es de la opini\u00f3n <strong>\u201cla mayor tasa de rendimiento de una inversi\u00f3n\u201d es la que se hace en la educaci\u00f3n de la ni\u00f1ez,<\/strong> y mejor cuanto se realiza \u201clo m\u00e1s temprano en la vida como sea posible\u201d. <strong>La calidad educativa <\/strong>tambi\u00e9n depender\u00e1 \u201cde <strong>la atenci\u00f3n, el cuidado y la preocupaci\u00f3n que le da un padre, un mentor o un tutor a la vida de un ni\u00f1o<\/strong>.<\/p>\n\n\n\n<p>Esto se asocia al profundo sentido de altruismo y preocupaci\u00f3n; ese deseo de ayudar, promover y acompa\u00f1ar a esa persona en un afecto que va m\u00e1s all\u00e1 de cualquier tipo de c\u00e1lculo econ\u00f3mico simple\u201d. Adem\u00e1s, est\u00e1 convencido que disminuye la drogadicci\u00f3n, el embarazo adolescente y la criminalidad.<\/p>\n\n\n\n<blockquote class=\"wp-block-quote is-layout-flow wp-block-quote-is-layout-flow\">\n<p class=\"has-text-align-center\"><em>La calidad educacional debe medirse en t\u00e9rminos de los programas que involucren a los padres en la vida del ni\u00f1o y no en la cantidad de horas u otra medida.<\/em><\/p>\n<\/blockquote>\n\n\n\n<p>Compartimos, como pre\u00e1mbulo de las preguntas y respuestas del Profesor James Heckman, el video colgado en YouTube por <strong>Heckman Equation<\/strong>, por motivos \u00fanicamente educativos, sugiri\u00e9ndoles visualicen sus otros videos relacionados.<\/p>\n\n\n\n<h3 class=\"wp-block-heading\"><strong>EL APRENDIZAJE A TEMPRANA EDAD GENERA M\u00c1S APRENDIZAJE <\/strong>(02\u00b430\u201d)<\/h3>\n\n\n\n<figure class=\"wp-block-embed is-type-video is-provider-youtube wp-block-embed-youtube wp-embed-aspect-16-9 wp-has-aspect-ratio\"><div class=\"wp-block-embed__wrapper\">\n<iframe loading=\"lazy\" title=\"El Aprendizaje a Temprana Edad Genera M\u00e1s Aprendizaje\" width=\"1200\" height=\"675\" src=\"https:\/\/www.youtube.com\/embed\/c_yQvpULF6Y?feature=oembed\" frameborder=\"0\" allow=\"accelerometer; autoplay; clipboard-write; encrypted-media; gyroscope; picture-in-picture; web-share\" referrerpolicy=\"strict-origin-when-cross-origin\" allowfullscreen><\/iframe>\n<\/div><\/figure>\n\n\n\n<p>Patricio Torrealba, entrevist\u00f3 al Profesor James Heckman para <strong>El Mercurio<\/strong> (Chile) y Luiza Franco para el <strong>BBC News Brasil<\/strong>. De ambas publicaciones hemos tomado, por motivos \u00fanicamente educativos de formaci\u00f3n permanente, cinco preguntas y respuestas que podr\u00edan ayudarnos a conocer, algo m\u00e1s sobre la evaluaci\u00f3n al <strong>\u201cProyecto Preescolar Perry High Scope\u201d <\/strong>y las propuestas educativas del Profesor Heckman.<\/p>\n\n\n\n<h3 class=\"wp-block-heading\"><strong>PATRICIO TORREALBA:<\/strong> <strong>\u00bfY el rol de la educaci\u00f3n formal?<\/strong><\/h3>\n\n\n\n<p><strong>JAMES HECKMAN<\/strong>: \u201cHay un gran debate sobre qu\u00e9 significa la calidad y en ese sentido, volver\u00eda a esta cuesti\u00f3n del amor: uno de los ingredientes m\u00e1s importantes en cualquier programa exitoso es un espacio que, en esencia, involucre al padre con el ni\u00f1o. En otras palabras, algo que realmente ense\u00f1e a los padres a amar y a no seguir un guion: que interact\u00faen con el ni\u00f1o, que lo gu\u00eden y as\u00ed crear las habilidades y el coeficiente intelectual\u201d.<\/p>\n\n\n\n<blockquote class=\"wp-block-quote is-layout-flow wp-block-quote-is-layout-flow\">\n<p class=\"has-text-align-center\"><em>El desaf\u00edo es cambiar la forma de pensar. Es err\u00f3neo pensar que la educaci\u00f3n formal es el camino para la creaci\u00f3n de habilidades.<\/em><\/p>\n<\/blockquote>\n\n\n\n<h3 class=\"wp-block-heading\"><strong>PATRICIO TORREALBA: <\/strong><strong>\u00bfLa relaci\u00f3n padre-hijo es m\u00e1s importante que los profesores?<\/strong><\/h3>\n\n\n\n<p><strong>JAMES HECKMAN<\/strong>: \u201cMuchos hablan sobre <strong>la cantidad de docentes en las aulas<\/strong> o las instalaciones. Pero cada programa exitoso que he estudiado en el mundo tiene entre sus ingredientes el <strong>promover la interacci\u00f3n cercana entre padres e hijos<\/strong>.<\/p>\n\n\n\n<p>Algunos programas son muy simples: solo se dedican a ense\u00f1arle a la madre c\u00f3mo jugar con el ni\u00f1o, c\u00f3mo involucrarlo, que tenga una cierta comprensi\u00f3n de lo que puede llegar a ser el ni\u00f1o.<\/p>\n\n\n\n<p>As\u00ed, <strong>la calidad educacional debe medirse en t\u00e9rminos de los programas que involucren a los padres en la vida del ni\u00f1o y no en la cantidad de horas u otra medida.<\/strong> Lo hemos analizado en China, Jamaica, Irlanda, India, Colombia, con resultados claros. En Jamaica, seguimos a ni\u00f1os desde la infancia hasta los 22 a\u00f1os y ahora hasta los 30. Esta estructura de relaciones entre el ni\u00f1o y el padre deriva en mejores salarios, por ejemplo\u201d.<\/p>\n\n\n\n<p>La publicaci\u00f3n de El Mercurio (Chile), con el di\u00e1logo completo lo encuentra en este enlace: <a href=\"http:\/\/www.elmercurio.com\/Inversiones\/Noticias\/Entrevistas\/2018\/10\/12\/James-Heckman-El-amor-es-la-inversion-mas-rentable.aspx\" target=\"_blank\" rel=\"noopener noreferrer\"><strong>JAMES HECKMAN: \u00abEL AMOR ES LA INVERSI\u00d3N M\u00c1S RENTABLE\u00bb<\/strong><strong>&nbsp;<\/strong><\/a><\/p>\n\n\n\n<h3 class=\"wp-block-heading\"><strong>LUIZA FRANCO:<\/strong> <strong>\u00bfCree que los gobiernos han prestado m\u00e1s atenci\u00f3n a la primera infancia, en las \u00faltimas d\u00e9cadas? \u00bfCu\u00e1les son los desaf\u00edos en este sentido?<\/strong><\/h3>\n\n\n\n<p><strong>JAMES HECKMAN<\/strong>: \u201cEl desaf\u00edo es cambiar la forma de pensar. <strong>Es err\u00f3neo pensar que la educaci\u00f3n formal es el camino para la creaci\u00f3n de habilidades<\/strong> y que el modelo del profesor de pie delante de la clase que ense\u00f1a a los ni\u00f1os es la manera correcta de generar vidas exitosas. Este raciocinio es promovido incluso por cursos superiores de educaci\u00f3n y por personas bien intencionadas. Pero <strong>lo m\u00e1s importante es pensar en la familia <\/strong>y en la formaci\u00f3n del ni\u00f1o\u201d.<\/p>\n\n\n\n<blockquote class=\"wp-block-quote is-layout-flow wp-block-quote-is-layout-flow\">\n<p class=\"has-text-align-center\"><em>El ni\u00f1o bien formado puede aprovechar mejor los aprendizajes futuros. Pero no debemos desistir de las personas despu\u00e9s de una cierta edad. Eso no es verdad.<\/em><\/p>\n<\/blockquote>\n\n\n\n<h3 class=\"wp-block-heading\"><strong>LUIZA FRANCO:<\/strong> <strong>\u00bfCu\u00e1l es la relaci\u00f3n entre buen desarrollo infantil y la criminalidad?<\/strong><\/h3>\n\n\n\n<p><strong>JAMES HECKMAN<\/strong>: \u201cEste es el principal resultado de todos estos programas de educaci\u00f3n infantil. El <strong>mayor retorno para cada d\u00f3lar in<\/strong>vertido en todos ellos se ve en <strong>la reducci\u00f3n de cr\u00edmenes y la creaci\u00f3n de un ambiente ale<\/strong>ntador para los ni\u00f1os. La gente ignora eso, pero es important\u00edsimo. Es por eso que estos programas son tan exitosos para los hombres. Es <strong>una estrategia anticrisis<\/strong>. Aunque solo fuera por eso, deber\u00edan ser tomados en serio como pol\u00edtica p\u00fablica\u201d.<\/p>\n\n\n\n<h3 class=\"wp-block-heading\"><strong>LUIZA FRANCO:<\/strong> <strong>Si la persona no tiene la oportunidad de desarrollarse en la primera infancia, \u00bfes un caso perdido?<\/strong><\/h3>\n\n\n\n<p><strong>JAMES HECKMAN<\/strong>: \u201cEl desarrollo ocurre en otras etapas de la vida. Sin embargo, una etapa lleva a la otra. El ni\u00f1o bien formado puede aprovechar mejor los aprendizajes futuros. Pero no debemos desistir de las personas despu\u00e9s de una cierta edad. Eso no es verdad\u201d.<\/p>\n\n\n\n<p>El art\u00edculo de BBC News Brasil con la entrevista completa de Luiza Franco, la puede Usted leer en este enlace<strong>: <a href=\"https:\/\/www.bbc.com\/mundo\/noticias-48416338\" target=\"_blank\" rel=\"noopener noreferrer\">\u00abINVERTIR EN LA EDUCACI\u00d3N INFANTIL ES LA MEJOR ESTRATEGIA CONTRA EL CRIMEN\u00bb: JAMES HECKMAN, NOBEL DE ECONOM\u00cdA.<\/a><\/strong><\/p>\n\n\n\n<p class=\"has-text-align-center\">\u201cSi usted hace una imitaci\u00f3n y aplica el proyecto Perry de 1960 a la ciudad Porto Alegre de 2019 ser\u00eda una locura. Hay adaptaciones culturales que es necesario hacer. Pero los mecanismos que describimos son replicables. Ense\u00f1ar a los padres a involucrarse en la vida del ni\u00f1o, esto genera resultados para el resto de su vida\u201d.<\/p>\n\n\n\n<p class=\"has-text-align-right\"><strong>Redacci\u00f3n | Web del Maestro CMF<\/strong><\/p>\n\n\n\t\t<div class=\"pk-inline-posts\">\n\t\t\t\t\t\t\t<h5 class=\"pk-inline-posts-title pk-title pk-font-block\">\n\t\t\t\t\t\u00daltimas entradas\t\t\t\t<\/h5>\n\t\t\t\n\t\t\t<div class=\"pk-inline-posts-container pk-inline-posts-template-list\"\n\t\t\t\tdata-columns=\"1\">\n\t\t\t\t\t\t<article id=\"post-55421\" class=\"post-55421 post type-post status-publish format-standard has-post-thumbnail category-entrevistas category-noticias tag-ayudar tag-buena tag-debe tag-lider tag-pasion tag-persona tag-tener tag-victor-kuppers cs-entry cs-video-wrap\">\n\t\t\t<div class=\"pk-post-outer\">\n\n\t\t\t\t\t\t\t\t<div class=\"pk-post-inner\">\n\t\t\t\t\t<div class=\"entry-thumbnail\">\n\t\t\t\t\t\t<div class=\"pk-overlay pk-overlay-ratio pk-ratio-landscape\">\n\t\t\t\t\t\t\t<div class=\"pk-overlay-background\">\n\t\t\t\t\t\t\t\t<a href=\"https:\/\/webdelmaestrocmf.com\/portal\/victor-kuppers-un-lider-debe-ser-buena-persona-y-tener-pasion-por-ayudar\/\" class=\"pk-overlay-link\">\n\t\t\t\t\t\t\t\t\t<img loading=\"lazy\" decoding=\"async\" width=\"300\" height=\"225\" src=\"https:\/\/webdelmaestrocmf.com\/portal\/wp-content\/uploads\/2020\/12\/1AA-Banner-1-portada-imagen-10-1-copia-3-300x225.webp\" class=\"attachment-pk-thumbnail size-pk-thumbnail wp-post-image\" alt=\"\" \/>\t\t\t\t\t\t\t\t<\/a>\n\t\t\t\t\t\t\t<\/div>\n\t\t\t\t\t\t<\/div>\n\t\t\t\t\t<\/div>\n\t\t\t\t<\/div>\n\t\t\t\t\n\t\t\t\t<div class=\"pk-post-inner\">\n\t\t\t\t\t<header>\n\t\t\t\t\t\t<h3 class=\"pk-title\"><a href=\"https:\/\/webdelmaestrocmf.com\/portal\/victor-kuppers-un-lider-debe-ser-buena-persona-y-tener-pasion-por-ayudar\/\" rel=\"bookmark\">V\u00edctor K\u00fcppers: Un l\u00edder debe ser buena persona y tener pasi\u00f3n por ayudar<\/a><\/h3>\t\t\t\t\t<\/header><!-- .entry-header -->\n\t\t\t\t<\/div><!-- .post-inner -->\n\n\t\t\t<\/div><!-- .post-outer -->\n\t\t<\/article>\n\t\t\t<article id=\"post-118242\" class=\"post-118242 post type-post status-publish format-standard has-post-thumbnail category-entrevistas category-noticias tag-adolescencia tag-autoridad tag-convivencia-escolar tag-disciplina tag-docentes tag-educacion tag-escuela tag-familia tag-infancia tag-valores cs-entry cs-video-wrap\">\n\t\t\t<div class=\"pk-post-outer\">\n\n\t\t\t\t\t\t\t\t<div class=\"pk-post-inner\">\n\t\t\t\t\t<div class=\"entry-thumbnail\">\n\t\t\t\t\t\t<div class=\"pk-overlay pk-overlay-ratio pk-ratio-landscape\">\n\t\t\t\t\t\t\t<div class=\"pk-overlay-background\">\n\t\t\t\t\t\t\t\t<a href=\"https:\/\/webdelmaestrocmf.com\/portal\/emilio-calatayud-los-padres-tenemos-la-obligacion-de-devolver-el-prestigio-a-los-maestros\/\" class=\"pk-overlay-link\">\n\t\t\t\t\t\t\t\t\t<img loading=\"lazy\" decoding=\"async\" width=\"300\" height=\"225\" src=\"https:\/\/webdelmaestrocmf.com\/portal\/wp-content\/uploads\/2026\/04\/1-61-300x225.jpg\" class=\"attachment-pk-thumbnail size-pk-thumbnail wp-post-image\" alt=\"\" \/>\t\t\t\t\t\t\t\t<\/a>\n\t\t\t\t\t\t\t<\/div>\n\t\t\t\t\t\t<\/div>\n\t\t\t\t\t<\/div>\n\t\t\t\t<\/div>\n\t\t\t\t\n\t\t\t\t<div class=\"pk-post-inner\">\n\t\t\t\t\t<header>\n\t\t\t\t\t\t<h3 class=\"pk-title\"><a href=\"https:\/\/webdelmaestrocmf.com\/portal\/emilio-calatayud-los-padres-tenemos-la-obligacion-de-devolver-el-prestigio-a-los-maestros\/\" rel=\"bookmark\">Emilio Calatayud: \u00abLos padres tenemos la obligaci\u00f3n de devolver el prestigio a los maestros\u00bb<\/a><\/h3>\t\t\t\t\t<\/header><!-- .entry-header -->\n\t\t\t\t<\/div><!-- .post-inner -->\n\n\t\t\t<\/div><!-- .post-outer -->\n\t\t<\/article>\n\t\t\t<article id=\"post-118144\" class=\"post-118144 post type-post status-publish format-standard has-post-thumbnail category-entrevistas category-noticias tag-alfabetizacion-2 tag-aprendizaje tag-comprension-lectora tag-docentes tag-educacion-2 tag-ensenanza-2 tag-escuela tag-lenguaje tag-pedagogia-2 tag-pensamiento-critico-2 cs-entry cs-video-wrap\">\n\t\t\t<div class=\"pk-post-outer\">\n\n\t\t\t\t\t\t\t\t<div class=\"pk-post-inner\">\n\t\t\t\t\t<div class=\"entry-thumbnail\">\n\t\t\t\t\t\t<div class=\"pk-overlay pk-overlay-ratio pk-ratio-landscape\">\n\t\t\t\t\t\t\t<div class=\"pk-overlay-background\">\n\t\t\t\t\t\t\t\t<a href=\"https:\/\/webdelmaestrocmf.com\/portal\/gregorio-luri-para-fomentar-el-pensamiento-critico-garanticemos-que-todos-salen-de-la-secundaria-sabiendo-leer-y-escribir\/\" class=\"pk-overlay-link\">\n\t\t\t\t\t\t\t\t\t<img loading=\"lazy\" decoding=\"async\" width=\"300\" height=\"225\" src=\"https:\/\/webdelmaestrocmf.com\/portal\/wp-content\/uploads\/2026\/04\/Portada-articulos-1-300x225.jpg\" class=\"attachment-pk-thumbnail size-pk-thumbnail wp-post-image\" alt=\"\" \/>\t\t\t\t\t\t\t\t<\/a>\n\t\t\t\t\t\t\t<\/div>\n\t\t\t\t\t\t<\/div>\n\t\t\t\t\t<\/div>\n\t\t\t\t<\/div>\n\t\t\t\t\n\t\t\t\t<div class=\"pk-post-inner\">\n\t\t\t\t\t<header>\n\t\t\t\t\t\t<h3 class=\"pk-title\"><a href=\"https:\/\/webdelmaestrocmf.com\/portal\/gregorio-luri-para-fomentar-el-pensamiento-critico-garanticemos-que-todos-salen-de-la-secundaria-sabiendo-leer-y-escribir\/\" rel=\"bookmark\">Gregorio Luri: Para fomentar el pensamiento cr\u00edtico, garanticemos que todos salen de la secundaria sabiendo leer y escribir<\/a><\/h3>\t\t\t\t\t<\/header><!-- .entry-header -->\n\t\t\t\t<\/div><!-- .post-inner -->\n\n\t\t\t<\/div><!-- .post-outer -->\n\t\t<\/article>\n\t\t\t\t<\/div>\n\t\t<\/div>\n\t\t\n","protected":false},"excerpt":{"rendered":"M\u00e1s all\u00e1 del contenido, es un acto de interacci\u00f3n emocional que fortalece el v\u00ednculo afectivo, estimula el lenguaje, cultiva la atenci\u00f3n y promueve habilidades cognitivas y sociales desde la primera infancia.","protected":false},"author":1,"featured_media":118410,"comment_status":"open","ping_status":"closed","sticky":false,"template":"","format":"standard","meta":{"csco_display_header_overlay":false,"csco_singular_sidebar":"disabled","csco_page_header_type":"featured","csco_page_load_nextpost":"default","csco_post_video_location":[],"csco_post_video_location_hash":"","csco_post_video_url":"","csco_post_video_bg_start_time":0,"csco_post_video_bg_end_time":0,"csco_post_video_bg_volume":false,"_jetpack_memberships_contains_paid_content":false,"footnotes":""},"categories":[48,47],"tags":[773,4311,4310,628,297],"class_list":{"0":"post-37424","1":"post","2":"type-post","3":"status-publish","4":"format-standard","5":"has-post-thumbnail","7":"category-entrevistas","8":"category-noticias","9":"tag-desarrollo","10":"tag-heckman","11":"tag-james","12":"tag-leer","13":"tag-ninos","14":"cs-entry","15":"cs-video-wrap"},"yoast_head":"<!-- This site is optimized with the Yoast SEO plugin v27.5 - https:\/\/yoast.com\/product\/yoast-seo-wordpress\/ -->\n<title>James Heckman: Leerles a los ni\u00f1os tiene un impacto enorme en su desarrollo - 2026<\/title>\n<meta name=\"description\" content=\"Porque los padres de ni\u00f1os desfavorecidos no saben por qu\u00e9 estos se queden atr\u00e1s. En realidad, s\u00f3lo hay que estimularlos.\" \/>\n<meta name=\"robots\" content=\"index, follow, max-snippet:-1, max-image-preview:large, max-video-preview:-1\" \/>\n<link rel=\"canonical\" href=\"https:\/\/webdelmaestrocmf.com\/portal\/james-heckman-leerles-a-los-ninos-tiene-un-impacto-enorme-en-su-desarrollo\/\" \/>\n<meta property=\"og:locale\" content=\"es_ES\" \/>\n<meta property=\"og:type\" content=\"article\" \/>\n<meta property=\"og:title\" content=\"James Heckman: Leerles a los ni\u00f1os tiene un impacto enorme en su desarrollo - 2026\" \/>\n<meta property=\"og:description\" content=\"Porque los padres de ni\u00f1os desfavorecidos no saben por qu\u00e9 estos se queden atr\u00e1s. En realidad, s\u00f3lo hay que estimularlos.\" \/>\n<meta property=\"og:url\" content=\"https:\/\/webdelmaestrocmf.com\/portal\/james-heckman-leerles-a-los-ninos-tiene-un-impacto-enorme-en-su-desarrollo\/\" \/>\n<meta property=\"og:site_name\" content=\"Web del Maestro CMF\" \/>\n<meta property=\"article:publisher\" content=\"https:\/\/www.facebook.com\/WebdelMaestroCMF\/\" \/>\n<meta property=\"article:author\" content=\"https:\/\/www.facebook.com\/WebdelMaestroCMF\/\" \/>\n<meta property=\"article:published_time\" content=\"2026-04-28T12:30:00+00:00\" \/>\n<meta property=\"article:modified_time\" content=\"2026-04-28T13:14:07+00:00\" \/>\n<meta property=\"og:image\" content=\"https:\/\/webdelmaestrocmf.com\/portal\/wp-content\/uploads\/2023\/01\/1AA-Banner-1-portada-imagen-10-1-copia-3.webp\" \/>\n\t<meta property=\"og:image:width\" content=\"1200\" \/>\n\t<meta property=\"og:image:height\" content=\"675\" \/>\n\t<meta property=\"og:image:type\" content=\"image\/webp\" \/>\n<meta name=\"author\" content=\"Web del Maestro CMF\" \/>\n<meta name=\"twitter:card\" content=\"summary_large_image\" \/>\n<meta name=\"twitter:creator\" content=\"@cmf_w\" \/>\n<meta name=\"twitter:site\" content=\"@cmf_w\" \/>\n<script type=\"application\/ld+json\" class=\"yoast-schema-graph\">{\"@context\":\"https:\\\/\\\/schema.org\",\"@graph\":[{\"@type\":\"ScholarlyArticle\",\"@id\":\"https:\\\/\\\/webdelmaestrocmf.com\\\/portal\\\/james-heckman-leerles-a-los-ninos-tiene-un-impacto-enorme-en-su-desarrollo\\\/#article\",\"isPartOf\":{\"@id\":\"https:\\\/\\\/webdelmaestrocmf.com\\\/portal\\\/james-heckman-leerles-a-los-ninos-tiene-un-impacto-enorme-en-su-desarrollo\\\/\"},\"author\":{\"name\":\"Web del Maestro CMF\",\"@id\":\"https:\\\/\\\/webdelmaestrocmf.com\\\/portal\\\/#\\\/schema\\\/person\\\/1072a2ed7bd960df8ef99a551fa35dc5\"},\"headline\":\"James Heckman: Leerles a los ni\u00f1os tiene un impacto enorme en su desarrollo\",\"datePublished\":\"2026-04-28T12:30:00+00:00\",\"dateModified\":\"2026-04-28T13:14:07+00:00\",\"mainEntityOfPage\":{\"@id\":\"https:\\\/\\\/webdelmaestrocmf.com\\\/portal\\\/james-heckman-leerles-a-los-ninos-tiene-un-impacto-enorme-en-su-desarrollo\\\/\"},\"wordCount\":1450,\"commentCount\":0,\"publisher\":{\"@id\":\"https:\\\/\\\/webdelmaestrocmf.com\\\/portal\\\/#organization\"},\"image\":{\"@id\":\"https:\\\/\\\/webdelmaestrocmf.com\\\/portal\\\/james-heckman-leerles-a-los-ninos-tiene-un-impacto-enorme-en-su-desarrollo\\\/#primaryimage\"},\"thumbnailUrl\":\"https:\\\/\\\/webdelmaestrocmf.com\\\/portal\\\/wp-content\\\/uploads\\\/2023\\\/01\\\/1AA-Banner-1-portada-imagen-10-1-copia-3.webp\",\"keywords\":[\"desarrollo\",\"HECKMAN\",\"JAMES\",\"LEER\",\"Ni\u00f1os\"],\"articleSection\":[\"Entrevistas\",\"Noticias\"],\"inLanguage\":\"es\",\"potentialAction\":[{\"@type\":\"CommentAction\",\"name\":\"Comment\",\"target\":[\"https:\\\/\\\/webdelmaestrocmf.com\\\/portal\\\/james-heckman-leerles-a-los-ninos-tiene-un-impacto-enorme-en-su-desarrollo\\\/#respond\"]}]},{\"@type\":\"WebPage\",\"@id\":\"https:\\\/\\\/webdelmaestrocmf.com\\\/portal\\\/james-heckman-leerles-a-los-ninos-tiene-un-impacto-enorme-en-su-desarrollo\\\/\",\"url\":\"https:\\\/\\\/webdelmaestrocmf.com\\\/portal\\\/james-heckman-leerles-a-los-ninos-tiene-un-impacto-enorme-en-su-desarrollo\\\/\",\"name\":\"James Heckman: Leerles a los ni\u00f1os tiene un impacto enorme en su desarrollo - 2026\",\"isPartOf\":{\"@id\":\"https:\\\/\\\/webdelmaestrocmf.com\\\/portal\\\/#website\"},\"primaryImageOfPage\":{\"@id\":\"https:\\\/\\\/webdelmaestrocmf.com\\\/portal\\\/james-heckman-leerles-a-los-ninos-tiene-un-impacto-enorme-en-su-desarrollo\\\/#primaryimage\"},\"image\":{\"@id\":\"https:\\\/\\\/webdelmaestrocmf.com\\\/portal\\\/james-heckman-leerles-a-los-ninos-tiene-un-impacto-enorme-en-su-desarrollo\\\/#primaryimage\"},\"thumbnailUrl\":\"https:\\\/\\\/webdelmaestrocmf.com\\\/portal\\\/wp-content\\\/uploads\\\/2023\\\/01\\\/1AA-Banner-1-portada-imagen-10-1-copia-3.webp\",\"datePublished\":\"2026-04-28T12:30:00+00:00\",\"dateModified\":\"2026-04-28T13:14:07+00:00\",\"description\":\"Porque los padres de ni\u00f1os desfavorecidos no saben por qu\u00e9 estos se queden atr\u00e1s. En realidad, s\u00f3lo hay que estimularlos.\",\"breadcrumb\":{\"@id\":\"https:\\\/\\\/webdelmaestrocmf.com\\\/portal\\\/james-heckman-leerles-a-los-ninos-tiene-un-impacto-enorme-en-su-desarrollo\\\/#breadcrumb\"},\"inLanguage\":\"es\",\"potentialAction\":[{\"@type\":\"ReadAction\",\"target\":[\"https:\\\/\\\/webdelmaestrocmf.com\\\/portal\\\/james-heckman-leerles-a-los-ninos-tiene-un-impacto-enorme-en-su-desarrollo\\\/\"]}]},{\"@type\":\"ImageObject\",\"inLanguage\":\"es\",\"@id\":\"https:\\\/\\\/webdelmaestrocmf.com\\\/portal\\\/james-heckman-leerles-a-los-ninos-tiene-un-impacto-enorme-en-su-desarrollo\\\/#primaryimage\",\"url\":\"https:\\\/\\\/webdelmaestrocmf.com\\\/portal\\\/wp-content\\\/uploads\\\/2023\\\/01\\\/1AA-Banner-1-portada-imagen-10-1-copia-3.webp\",\"contentUrl\":\"https:\\\/\\\/webdelmaestrocmf.com\\\/portal\\\/wp-content\\\/uploads\\\/2023\\\/01\\\/1AA-Banner-1-portada-imagen-10-1-copia-3.webp\",\"width\":1200,\"height\":675},{\"@type\":\"BreadcrumbList\",\"@id\":\"https:\\\/\\\/webdelmaestrocmf.com\\\/portal\\\/james-heckman-leerles-a-los-ninos-tiene-un-impacto-enorme-en-su-desarrollo\\\/#breadcrumb\",\"itemListElement\":[{\"@type\":\"ListItem\",\"position\":1,\"name\":\"Portada\",\"item\":\"https:\\\/\\\/webdelmaestrocmf.com\\\/portal\\\/\"},{\"@type\":\"ListItem\",\"position\":2,\"name\":\"Noticias\",\"item\":\"https:\\\/\\\/webdelmaestrocmf.com\\\/portal\\\/category\\\/noticias\\\/\"},{\"@type\":\"ListItem\",\"position\":3,\"name\":\"James Heckman: Leerles a los ni\u00f1os tiene un impacto enorme en su desarrollo\"}]},{\"@type\":\"WebSite\",\"@id\":\"https:\\\/\\\/webdelmaestrocmf.com\\\/portal\\\/#website\",\"url\":\"https:\\\/\\\/webdelmaestrocmf.com\\\/portal\\\/\",\"name\":\"Web del Maestro CMF\",\"description\":\"Maestros al servicio de la educaci\u00f3n\",\"publisher\":{\"@id\":\"https:\\\/\\\/webdelmaestrocmf.com\\\/portal\\\/#organization\"},\"alternateName\":\"WMCMF\",\"potentialAction\":[{\"@type\":\"SearchAction\",\"target\":{\"@type\":\"EntryPoint\",\"urlTemplate\":\"https:\\\/\\\/webdelmaestrocmf.com\\\/portal\\\/?s={search_term_string}\"},\"query-input\":{\"@type\":\"PropertyValueSpecification\",\"valueRequired\":true,\"valueName\":\"search_term_string\"}}],\"inLanguage\":\"es\"},{\"@type\":\"Organization\",\"@id\":\"https:\\\/\\\/webdelmaestrocmf.com\\\/portal\\\/#organization\",\"name\":\"Web del Maestro CMF\",\"alternateName\":\"WMCMF\",\"url\":\"https:\\\/\\\/webdelmaestrocmf.com\\\/portal\\\/\",\"logo\":{\"@type\":\"ImageObject\",\"inLanguage\":\"es\",\"@id\":\"https:\\\/\\\/webdelmaestrocmf.com\\\/portal\\\/#\\\/schema\\\/logo\\\/image\\\/\",\"url\":\"https:\\\/\\\/webdelmaestrocmf.com\\\/portal\\\/wp-content\\\/uploads\\\/2023\\\/01\\\/logo-wmcmf-2.png\",\"contentUrl\":\"https:\\\/\\\/webdelmaestrocmf.com\\\/portal\\\/wp-content\\\/uploads\\\/2023\\\/01\\\/logo-wmcmf-2.png\",\"width\":200,\"height\":60,\"caption\":\"Web del Maestro CMF\"},\"image\":{\"@id\":\"https:\\\/\\\/webdelmaestrocmf.com\\\/portal\\\/#\\\/schema\\\/logo\\\/image\\\/\"},\"sameAs\":[\"https:\\\/\\\/www.facebook.com\\\/WebdelMaestroCMF\\\/\",\"https:\\\/\\\/x.com\\\/cmf_w\",\"https:\\\/\\\/www.pinterest.com\\\/WMCMF\\\/\",\"https:\\\/\\\/www.linkedin.com\\\/company\\\/web-del-maestro-cmf\\\/\",\"https:\\\/\\\/www.instagram.com\\\/wmcmf\\\/\",\"https:\\\/\\\/www.youtube.com\\\/channel\\\/UCDPSvjbdodE5sHnC3OxutHw\",\"https:\\\/\\\/mastodon.social\\\/@wmcmf\",\"https:\\\/\\\/www.tiktok.com\\\/@webdelmaestrocmf\"]},{\"@type\":\"Person\",\"@id\":\"https:\\\/\\\/webdelmaestrocmf.com\\\/portal\\\/#\\\/schema\\\/person\\\/1072a2ed7bd960df8ef99a551fa35dc5\",\"name\":\"Web del Maestro CMF\",\"image\":{\"@type\":\"ImageObject\",\"inLanguage\":\"es\",\"@id\":\"https:\\\/\\\/secure.gravatar.com\\\/avatar\\\/23291dd5b5ae1077dcff3dbb04c3e02bd28403fa75af6d8787d5e97c5bbbe30b?s=96&d=mm&r=g\",\"url\":\"https:\\\/\\\/secure.gravatar.com\\\/avatar\\\/23291dd5b5ae1077dcff3dbb04c3e02bd28403fa75af6d8787d5e97c5bbbe30b?s=96&d=mm&r=g\",\"contentUrl\":\"https:\\\/\\\/secure.gravatar.com\\\/avatar\\\/23291dd5b5ae1077dcff3dbb04c3e02bd28403fa75af6d8787d5e97c5bbbe30b?s=96&d=mm&r=g\",\"caption\":\"Web del Maestro CMF\"},\"description\":\"Esta Web se cre\u00f3 sin fines de lucro, con fines educativos, cient\u00edficos y acad\u00e9micos, para personas que tengan dificultades y\\\/o inconvenientes en visualizar el material original. El objetivo es entregar recursos, compartir experiencias y materiales que ayuden a los padres de familia, maestros y estudiantes en su actualizaci\u00f3n y formaci\u00f3n permanente, en bien de la Educaci\u00f3n.\",\"sameAs\":[\"http:\\\/\\\/webdelmaestrocmf.com\\\/portal\",\"https:\\\/\\\/www.facebook.com\\\/WebdelMaestroCMF\\\/\",\"https:\\\/\\\/www.instagram.com\\\/wmcmf\\\/\",\"https:\\\/\\\/cl.linkedin.com\\\/company\\\/web-del-maestro-cmf\",\"https:\\\/\\\/www.pinterest.com\\\/WMCMF\\\/publicaciones\\\/\",\"https:\\\/\\\/x.com\\\/cmf_w\",\"https:\\\/\\\/www.youtube.com\\\/@WMCMF\"]}]}<\/script>\n<!-- \/ Yoast SEO plugin. -->","yoast_head_json":{"title":"James Heckman: Leerles a los ni\u00f1os tiene un impacto enorme en su desarrollo - 2026","description":"Porque los padres de ni\u00f1os desfavorecidos no saben por qu\u00e9 estos se queden atr\u00e1s. En realidad, s\u00f3lo hay que estimularlos.","robots":{"index":"index","follow":"follow","max-snippet":"max-snippet:-1","max-image-preview":"max-image-preview:large","max-video-preview":"max-video-preview:-1"},"canonical":"https:\/\/webdelmaestrocmf.com\/portal\/james-heckman-leerles-a-los-ninos-tiene-un-impacto-enorme-en-su-desarrollo\/","og_locale":"es_ES","og_type":"article","og_title":"James Heckman: Leerles a los ni\u00f1os tiene un impacto enorme en su desarrollo - 2026","og_description":"Porque los padres de ni\u00f1os desfavorecidos no saben por qu\u00e9 estos se queden atr\u00e1s. En realidad, s\u00f3lo hay que estimularlos.","og_url":"https:\/\/webdelmaestrocmf.com\/portal\/james-heckman-leerles-a-los-ninos-tiene-un-impacto-enorme-en-su-desarrollo\/","og_site_name":"Web del Maestro CMF","article_publisher":"https:\/\/www.facebook.com\/WebdelMaestroCMF\/","article_author":"https:\/\/www.facebook.com\/WebdelMaestroCMF\/","article_published_time":"2026-04-28T12:30:00+00:00","article_modified_time":"2026-04-28T13:14:07+00:00","og_image":[{"width":1200,"height":675,"url":"https:\/\/webdelmaestrocmf.com\/portal\/wp-content\/uploads\/2023\/01\/1AA-Banner-1-portada-imagen-10-1-copia-3.webp","type":"image\/webp"}],"author":"Web del Maestro CMF","twitter_card":"summary_large_image","twitter_creator":"@cmf_w","twitter_site":"@cmf_w","schema":{"@context":"https:\/\/schema.org","@graph":[{"@type":"ScholarlyArticle","@id":"https:\/\/webdelmaestrocmf.com\/portal\/james-heckman-leerles-a-los-ninos-tiene-un-impacto-enorme-en-su-desarrollo\/#article","isPartOf":{"@id":"https:\/\/webdelmaestrocmf.com\/portal\/james-heckman-leerles-a-los-ninos-tiene-un-impacto-enorme-en-su-desarrollo\/"},"author":{"name":"Web del Maestro CMF","@id":"https:\/\/webdelmaestrocmf.com\/portal\/#\/schema\/person\/1072a2ed7bd960df8ef99a551fa35dc5"},"headline":"James Heckman: Leerles a los ni\u00f1os tiene un impacto enorme en su desarrollo","datePublished":"2026-04-28T12:30:00+00:00","dateModified":"2026-04-28T13:14:07+00:00","mainEntityOfPage":{"@id":"https:\/\/webdelmaestrocmf.com\/portal\/james-heckman-leerles-a-los-ninos-tiene-un-impacto-enorme-en-su-desarrollo\/"},"wordCount":1450,"commentCount":0,"publisher":{"@id":"https:\/\/webdelmaestrocmf.com\/portal\/#organization"},"image":{"@id":"https:\/\/webdelmaestrocmf.com\/portal\/james-heckman-leerles-a-los-ninos-tiene-un-impacto-enorme-en-su-desarrollo\/#primaryimage"},"thumbnailUrl":"https:\/\/webdelmaestrocmf.com\/portal\/wp-content\/uploads\/2023\/01\/1AA-Banner-1-portada-imagen-10-1-copia-3.webp","keywords":["desarrollo","HECKMAN","JAMES","LEER","Ni\u00f1os"],"articleSection":["Entrevistas","Noticias"],"inLanguage":"es","potentialAction":[{"@type":"CommentAction","name":"Comment","target":["https:\/\/webdelmaestrocmf.com\/portal\/james-heckman-leerles-a-los-ninos-tiene-un-impacto-enorme-en-su-desarrollo\/#respond"]}]},{"@type":"WebPage","@id":"https:\/\/webdelmaestrocmf.com\/portal\/james-heckman-leerles-a-los-ninos-tiene-un-impacto-enorme-en-su-desarrollo\/","url":"https:\/\/webdelmaestrocmf.com\/portal\/james-heckman-leerles-a-los-ninos-tiene-un-impacto-enorme-en-su-desarrollo\/","name":"James Heckman: Leerles a los ni\u00f1os tiene un impacto enorme en su desarrollo - 2026","isPartOf":{"@id":"https:\/\/webdelmaestrocmf.com\/portal\/#website"},"primaryImageOfPage":{"@id":"https:\/\/webdelmaestrocmf.com\/portal\/james-heckman-leerles-a-los-ninos-tiene-un-impacto-enorme-en-su-desarrollo\/#primaryimage"},"image":{"@id":"https:\/\/webdelmaestrocmf.com\/portal\/james-heckman-leerles-a-los-ninos-tiene-un-impacto-enorme-en-su-desarrollo\/#primaryimage"},"thumbnailUrl":"https:\/\/webdelmaestrocmf.com\/portal\/wp-content\/uploads\/2023\/01\/1AA-Banner-1-portada-imagen-10-1-copia-3.webp","datePublished":"2026-04-28T12:30:00+00:00","dateModified":"2026-04-28T13:14:07+00:00","description":"Porque los padres de ni\u00f1os desfavorecidos no saben por qu\u00e9 estos se queden atr\u00e1s. En realidad, s\u00f3lo hay que estimularlos.","breadcrumb":{"@id":"https:\/\/webdelmaestrocmf.com\/portal\/james-heckman-leerles-a-los-ninos-tiene-un-impacto-enorme-en-su-desarrollo\/#breadcrumb"},"inLanguage":"es","potentialAction":[{"@type":"ReadAction","target":["https:\/\/webdelmaestrocmf.com\/portal\/james-heckman-leerles-a-los-ninos-tiene-un-impacto-enorme-en-su-desarrollo\/"]}]},{"@type":"ImageObject","inLanguage":"es","@id":"https:\/\/webdelmaestrocmf.com\/portal\/james-heckman-leerles-a-los-ninos-tiene-un-impacto-enorme-en-su-desarrollo\/#primaryimage","url":"https:\/\/webdelmaestrocmf.com\/portal\/wp-content\/uploads\/2023\/01\/1AA-Banner-1-portada-imagen-10-1-copia-3.webp","contentUrl":"https:\/\/webdelmaestrocmf.com\/portal\/wp-content\/uploads\/2023\/01\/1AA-Banner-1-portada-imagen-10-1-copia-3.webp","width":1200,"height":675},{"@type":"BreadcrumbList","@id":"https:\/\/webdelmaestrocmf.com\/portal\/james-heckman-leerles-a-los-ninos-tiene-un-impacto-enorme-en-su-desarrollo\/#breadcrumb","itemListElement":[{"@type":"ListItem","position":1,"name":"Portada","item":"https:\/\/webdelmaestrocmf.com\/portal\/"},{"@type":"ListItem","position":2,"name":"Noticias","item":"https:\/\/webdelmaestrocmf.com\/portal\/category\/noticias\/"},{"@type":"ListItem","position":3,"name":"James Heckman: Leerles a los ni\u00f1os tiene un impacto enorme en su desarrollo"}]},{"@type":"WebSite","@id":"https:\/\/webdelmaestrocmf.com\/portal\/#website","url":"https:\/\/webdelmaestrocmf.com\/portal\/","name":"Web del Maestro CMF","description":"Maestros al servicio de la educaci\u00f3n","publisher":{"@id":"https:\/\/webdelmaestrocmf.com\/portal\/#organization"},"alternateName":"WMCMF","potentialAction":[{"@type":"SearchAction","target":{"@type":"EntryPoint","urlTemplate":"https:\/\/webdelmaestrocmf.com\/portal\/?s={search_term_string}"},"query-input":{"@type":"PropertyValueSpecification","valueRequired":true,"valueName":"search_term_string"}}],"inLanguage":"es"},{"@type":"Organization","@id":"https:\/\/webdelmaestrocmf.com\/portal\/#organization","name":"Web del Maestro CMF","alternateName":"WMCMF","url":"https:\/\/webdelmaestrocmf.com\/portal\/","logo":{"@type":"ImageObject","inLanguage":"es","@id":"https:\/\/webdelmaestrocmf.com\/portal\/#\/schema\/logo\/image\/","url":"https:\/\/webdelmaestrocmf.com\/portal\/wp-content\/uploads\/2023\/01\/logo-wmcmf-2.png","contentUrl":"https:\/\/webdelmaestrocmf.com\/portal\/wp-content\/uploads\/2023\/01\/logo-wmcmf-2.png","width":200,"height":60,"caption":"Web del Maestro CMF"},"image":{"@id":"https:\/\/webdelmaestrocmf.com\/portal\/#\/schema\/logo\/image\/"},"sameAs":["https:\/\/www.facebook.com\/WebdelMaestroCMF\/","https:\/\/x.com\/cmf_w","https:\/\/www.pinterest.com\/WMCMF\/","https:\/\/www.linkedin.com\/company\/web-del-maestro-cmf\/","https:\/\/www.instagram.com\/wmcmf\/","https:\/\/www.youtube.com\/channel\/UCDPSvjbdodE5sHnC3OxutHw","https:\/\/mastodon.social\/@wmcmf","https:\/\/www.tiktok.com\/@webdelmaestrocmf"]},{"@type":"Person","@id":"https:\/\/webdelmaestrocmf.com\/portal\/#\/schema\/person\/1072a2ed7bd960df8ef99a551fa35dc5","name":"Web del Maestro CMF","image":{"@type":"ImageObject","inLanguage":"es","@id":"https:\/\/secure.gravatar.com\/avatar\/23291dd5b5ae1077dcff3dbb04c3e02bd28403fa75af6d8787d5e97c5bbbe30b?s=96&d=mm&r=g","url":"https:\/\/secure.gravatar.com\/avatar\/23291dd5b5ae1077dcff3dbb04c3e02bd28403fa75af6d8787d5e97c5bbbe30b?s=96&d=mm&r=g","contentUrl":"https:\/\/secure.gravatar.com\/avatar\/23291dd5b5ae1077dcff3dbb04c3e02bd28403fa75af6d8787d5e97c5bbbe30b?s=96&d=mm&r=g","caption":"Web del Maestro CMF"},"description":"Esta Web se cre\u00f3 sin fines de lucro, con fines educativos, cient\u00edficos y acad\u00e9micos, para personas que tengan dificultades y\/o inconvenientes en visualizar el material original. El objetivo es entregar recursos, compartir experiencias y materiales que ayuden a los padres de familia, maestros y estudiantes en su actualizaci\u00f3n y formaci\u00f3n permanente, en bien de la Educaci\u00f3n.","sameAs":["http:\/\/webdelmaestrocmf.com\/portal","https:\/\/www.facebook.com\/WebdelMaestroCMF\/","https:\/\/www.instagram.com\/wmcmf\/","https:\/\/cl.linkedin.com\/company\/web-del-maestro-cmf","https:\/\/www.pinterest.com\/WMCMF\/publicaciones\/","https:\/\/x.com\/cmf_w","https:\/\/www.youtube.com\/@WMCMF"]}]}},"jetpack_featured_media_url":"https:\/\/webdelmaestrocmf.com\/portal\/wp-content\/uploads\/2023\/01\/1AA-Banner-1-portada-imagen-10-1-copia-3.webp","jetpack_sharing_enabled":true,"jetpack-related-posts":[{"id":111092,"url":"https:\/\/webdelmaestrocmf.com\/portal\/colombia-crea-una-nueva-materia-obligatoria-educacion-emocional-sera-parte-del-curriculo-escolar\/","url_meta":{"origin":37424,"position":0},"title":"Colombia crea una nueva materia obligatoria: Educaci\u00f3n Emocional ser\u00e1 parte del curr\u00edculo escolar","author":"Web del Maestro CMF","date":"10 julio, 2025","format":false,"excerpt":"Por ley, todos los colegios del pa\u00eds deber\u00e1n incluir la asignatura desde preescolar hasta educaci\u00f3n media","rel":"","context":"En \u00abNoticias Internacionales\u00bb","block_context":{"text":"Noticias Internacionales","link":"https:\/\/webdelmaestrocmf.com\/portal\/category\/noticias-internacionales\/"},"img":{"alt_text":"","src":"https:\/\/i0.wp.com\/webdelmaestrocmf.com\/portal\/wp-content\/uploads\/2025\/07\/1A-Banner-1-portada-imagen-10-1-copia-37.webp?resize=350%2C200&ssl=1","width":350,"height":200,"srcset":"https:\/\/i0.wp.com\/webdelmaestrocmf.com\/portal\/wp-content\/uploads\/2025\/07\/1A-Banner-1-portada-imagen-10-1-copia-37.webp?resize=350%2C200&ssl=1 1x, https:\/\/i0.wp.com\/webdelmaestrocmf.com\/portal\/wp-content\/uploads\/2025\/07\/1A-Banner-1-portada-imagen-10-1-copia-37.webp?resize=525%2C300&ssl=1 1.5x, https:\/\/i0.wp.com\/webdelmaestrocmf.com\/portal\/wp-content\/uploads\/2025\/07\/1A-Banner-1-portada-imagen-10-1-copia-37.webp?resize=700%2C400&ssl=1 2x"},"classes":[]},{"id":83884,"url":"https:\/\/webdelmaestrocmf.com\/portal\/nunca-nunca-nuncaaa-le-cortes-las-alas-a-un-nino\/","url_meta":{"origin":37424,"position":1},"title":"Nunca, nunca, nuncaaa le cortes las alas a un ni\u00f1o","author":"Web del Maestro CMF","date":"6 febrero, 2023","format":false,"excerpt":"\u201cNo cortes mis alas\u201d dir\u00edan los ni\u00f1os si pudieran expresarse adecuadamente desde muy corta edad frente a padres que, con la paciencia derrotada, imploran que el ni\u00f1o se quede quieto, callado y sin hacer ninguno de sus t\u00edpicos desparramos. \u201cNo cortes mis alas, solo soy un ni\u00f1o\u201d, rezar\u00eda cualquier peque\u00f1o\u2026","rel":"","context":"En \u00abEducaci\u00f3n y Familia\u00bb","block_context":{"text":"Educaci\u00f3n y Familia","link":"https:\/\/webdelmaestrocmf.com\/portal\/category\/pedagogia\/educacion-y-familia\/"},"img":{"alt_text":"","src":"https:\/\/i0.wp.com\/webdelmaestrocmf.com\/portal\/wp-content\/uploads\/2023\/02\/1-29.jpg?resize=350%2C200&ssl=1","width":350,"height":200,"srcset":"https:\/\/i0.wp.com\/webdelmaestrocmf.com\/portal\/wp-content\/uploads\/2023\/02\/1-29.jpg?resize=350%2C200&ssl=1 1x, https:\/\/i0.wp.com\/webdelmaestrocmf.com\/portal\/wp-content\/uploads\/2023\/02\/1-29.jpg?resize=525%2C300&ssl=1 1.5x, https:\/\/i0.wp.com\/webdelmaestrocmf.com\/portal\/wp-content\/uploads\/2023\/02\/1-29.jpg?resize=700%2C400&ssl=1 2x"},"classes":[]},{"id":104691,"url":"https:\/\/webdelmaestrocmf.com\/portal\/cuaderno-maduracion-para-preescolar\/","url_meta":{"origin":37424,"position":2},"title":"Cuaderno de Maduraci\u00f3n para Preescolar","author":"Web del Maestro CMF","date":"7 marzo, 2024","format":false,"excerpt":"En el mundo acelerado de hoy, encontrar herramientas educativas efectivas y divertidas para los ni\u00f1os puede ser un desaf\u00edo. Afortunadamente, he descubierto un recurso maravilloso que no solo entretiene a los peque\u00f1os, sino que tambi\u00e9n los ayuda a desarrollar habilidades clave.\u00a0 Perm\u00edteme presentarte este adorable cuaderno de maduraci\u00f3n, dise\u00f1ado para\u2026","rel":"","context":"En \u00abCuadernillos\u00bb","block_context":{"text":"Cuadernillos","link":"https:\/\/webdelmaestrocmf.com\/portal\/category\/pedagogia\/cuadernillos\/"},"img":{"alt_text":"","src":"https:\/\/i0.wp.com\/webdelmaestrocmf.com\/portal\/wp-content\/uploads\/2024\/03\/Banner-1-portada-imagen-10-1-15.jpg?resize=350%2C200&ssl=1","width":350,"height":200,"srcset":"https:\/\/i0.wp.com\/webdelmaestrocmf.com\/portal\/wp-content\/uploads\/2024\/03\/Banner-1-portada-imagen-10-1-15.jpg?resize=350%2C200&ssl=1 1x, https:\/\/i0.wp.com\/webdelmaestrocmf.com\/portal\/wp-content\/uploads\/2024\/03\/Banner-1-portada-imagen-10-1-15.jpg?resize=525%2C300&ssl=1 1.5x, https:\/\/i0.wp.com\/webdelmaestrocmf.com\/portal\/wp-content\/uploads\/2024\/03\/Banner-1-portada-imagen-10-1-15.jpg?resize=700%2C400&ssl=1 2x"},"classes":[]},{"id":85433,"url":"https:\/\/webdelmaestrocmf.com\/portal\/los-mejores-temas-para-tu-tesis-de-educacion\/","url_meta":{"origin":37424,"position":3},"title":"Los mejores temas para tu Tesis de Educaci\u00f3n","author":"Web del Maestro CMF","date":"8 marzo, 2023","format":false,"excerpt":"La primera infancia es algo impresionante. Si estudi\u00e1s\u00a0Educaci\u00f3n Preescolar\u00a0o\u00a0Inicial\u00a0sabr\u00e1s de lo que hablamos. Los nenes est\u00e1n tan llenos de posibilidades que, como no, esto se traduce en una infinitud de posibles temas para tu tesis de Educaci\u00f3n Preescolar. \u00bfTantos te llaman la atenci\u00f3n que no sab\u00e9s cu\u00e1l elegir? Segu\u00ed leyendo\u2026","rel":"","context":"En \u00abDescargas Manuales PDF\u00bb","block_context":{"text":"Descargas Manuales PDF","link":"https:\/\/webdelmaestrocmf.com\/portal\/category\/pedagogia\/descargas-manuales-pdf\/"},"img":{"alt_text":"","src":"https:\/\/i0.wp.com\/webdelmaestrocmf.com\/portal\/wp-content\/uploads\/2023\/03\/Banner-Facebook-2023-11.jpg?resize=350%2C200&ssl=1","width":350,"height":200,"srcset":"https:\/\/i0.wp.com\/webdelmaestrocmf.com\/portal\/wp-content\/uploads\/2023\/03\/Banner-Facebook-2023-11.jpg?resize=350%2C200&ssl=1 1x, https:\/\/i0.wp.com\/webdelmaestrocmf.com\/portal\/wp-content\/uploads\/2023\/03\/Banner-Facebook-2023-11.jpg?resize=525%2C300&ssl=1 1.5x, https:\/\/i0.wp.com\/webdelmaestrocmf.com\/portal\/wp-content\/uploads\/2023\/03\/Banner-Facebook-2023-11.jpg?resize=700%2C400&ssl=1 2x"},"classes":[]},{"id":94794,"url":"https:\/\/webdelmaestrocmf.com\/portal\/el-silabario-para-preescolar-y-primaria-un-poderoso-aliado-de-la-lectura-y-escritura-para-ninos\/","url_meta":{"origin":37424,"position":4},"title":"El Silabario para preescolar y primaria: un poderoso aliado de la lectura y escritura para ni\u00f1os","author":"Web del Maestro CMF","date":"18 mayo, 2024","format":false,"excerpt":"La alfabetizaci\u00f3n es uno de los hitos m\u00e1s cruciales en el desarrollo de un ni\u00f1o. Aprender a leer y escribir no solo abre las puertas a un mundo de conocimiento y comunicaci\u00f3n, sino que tambi\u00e9n sienta las bases para un futuro acad\u00e9mico y profesional exitoso. En este contexto, el silabario\u2026","rel":"","context":"En \u00abDescargas Manuales PDF\u00bb","block_context":{"text":"Descargas Manuales PDF","link":"https:\/\/webdelmaestrocmf.com\/portal\/category\/pedagogia\/descargas-manuales-pdf\/"},"img":{"alt_text":"silabario","src":"https:\/\/i0.wp.com\/webdelmaestrocmf.com\/portal\/wp-content\/uploads\/2023\/09\/Banner-1-portada-imagen-10-1-2024-05-18T111407.974.jpg?resize=350%2C200&ssl=1","width":350,"height":200,"srcset":"https:\/\/i0.wp.com\/webdelmaestrocmf.com\/portal\/wp-content\/uploads\/2023\/09\/Banner-1-portada-imagen-10-1-2024-05-18T111407.974.jpg?resize=350%2C200&ssl=1 1x, https:\/\/i0.wp.com\/webdelmaestrocmf.com\/portal\/wp-content\/uploads\/2023\/09\/Banner-1-portada-imagen-10-1-2024-05-18T111407.974.jpg?resize=525%2C300&ssl=1 1.5x, https:\/\/i0.wp.com\/webdelmaestrocmf.com\/portal\/wp-content\/uploads\/2023\/09\/Banner-1-portada-imagen-10-1-2024-05-18T111407.974.jpg?resize=700%2C400&ssl=1 2x"},"classes":[]},{"id":74627,"url":"https:\/\/webdelmaestrocmf.com\/portal\/estrategias-didacticas-para-activar-el-desarrollo-de-los-procesos-de-pensamiento-en-el-preescolar\/","url_meta":{"origin":37424,"position":5},"title":"Estrategias did\u00e1cticas para activar el desarrollo de los procesos de pensamiento en el preescolar","author":"Web del Maestro CMF","date":"12 junio, 2023","format":false,"excerpt":"Un factor importante para elevar la calidad de la educaci\u00f3n a nivel nacional, lo constituye el cambio en la pr\u00e1ctica pedag\u00f3gica de los educadores. As\u00ed lo han demostrado diversas instituciones y organismos dedicados a investigaciones educativas. Este cambio involucra el ejercicio de una gerencia compatible con los prop\u00f3sitos deseados y\u2026","rel":"","context":"En \u00abEstrategias\u00bb","block_context":{"text":"Estrategias","link":"https:\/\/webdelmaestrocmf.com\/portal\/category\/pedagogia\/estrategias\/"},"img":{"alt_text":"","src":"https:\/\/i0.wp.com\/webdelmaestrocmf.com\/portal\/wp-content\/uploads\/2022\/02\/1-99.jpg?resize=350%2C200&ssl=1","width":350,"height":200,"srcset":"https:\/\/i0.wp.com\/webdelmaestrocmf.com\/portal\/wp-content\/uploads\/2022\/02\/1-99.jpg?resize=350%2C200&ssl=1 1x, https:\/\/i0.wp.com\/webdelmaestrocmf.com\/portal\/wp-content\/uploads\/2022\/02\/1-99.jpg?resize=525%2C300&ssl=1 1.5x, https:\/\/i0.wp.com\/webdelmaestrocmf.com\/portal\/wp-content\/uploads\/2022\/02\/1-99.jpg?resize=700%2C400&ssl=1 2x, https:\/\/i0.wp.com\/webdelmaestrocmf.com\/portal\/wp-content\/uploads\/2022\/02\/1-99.jpg?resize=1050%2C600&ssl=1 3x"},"classes":[]}],"_links":{"self":[{"href":"https:\/\/webdelmaestrocmf.com\/portal\/wp-json\/wp\/v2\/posts\/37424","targetHints":{"allow":["GET"]}}],"collection":[{"href":"https:\/\/webdelmaestrocmf.com\/portal\/wp-json\/wp\/v2\/posts"}],"about":[{"href":"https:\/\/webdelmaestrocmf.com\/portal\/wp-json\/wp\/v2\/types\/post"}],"author":[{"embeddable":true,"href":"https:\/\/webdelmaestrocmf.com\/portal\/wp-json\/wp\/v2\/users\/1"}],"replies":[{"embeddable":true,"href":"https:\/\/webdelmaestrocmf.com\/portal\/wp-json\/wp\/v2\/comments?post=37424"}],"version-history":[{"count":5,"href":"https:\/\/webdelmaestrocmf.com\/portal\/wp-json\/wp\/v2\/posts\/37424\/revisions"}],"predecessor-version":[{"id":118414,"href":"https:\/\/webdelmaestrocmf.com\/portal\/wp-json\/wp\/v2\/posts\/37424\/revisions\/118414"}],"wp:featuredmedia":[{"embeddable":true,"href":"https:\/\/webdelmaestrocmf.com\/portal\/wp-json\/wp\/v2\/media\/118410"}],"wp:attachment":[{"href":"https:\/\/webdelmaestrocmf.com\/portal\/wp-json\/wp\/v2\/media?parent=37424"}],"wp:term":[{"taxonomy":"category","embeddable":true,"href":"https:\/\/webdelmaestrocmf.com\/portal\/wp-json\/wp\/v2\/categories?post=37424"},{"taxonomy":"post_tag","embeddable":true,"href":"https:\/\/webdelmaestrocmf.com\/portal\/wp-json\/wp\/v2\/tags?post=37424"}],"curies":[{"name":"wp","href":"https:\/\/api.w.org\/{rel}","templated":true}]}}