{"id":37345,"date":"2024-10-02T23:50:25","date_gmt":"2024-10-03T02:50:25","guid":{"rendered":"http:\/\/webdelmaestrocmf.com\/portal\/?p=37345"},"modified":"2026-03-29T18:45:19","modified_gmt":"2026-03-29T21:45:19","slug":"hoy-se-le-exige-al-maestro-tener-mas-herramientas-de-tipo-psicologicos-que-pedagogicas","status":"publish","type":"post","link":"https:\/\/webdelmaestrocmf.com\/portal\/hoy-se-le-exige-al-maestro-tener-mas-herramientas-de-tipo-psicologicos-que-pedagogicas\/","title":{"rendered":"Emilio Tenti: Hoy se le exige al maestro tener m\u00e1s herramientas de tipo psicol\u00f3gicos que pedag\u00f3gicas"},"content":{"rendered":"\n<p><strong>Hay t\u00e9rminos que merecen nuestra atenci\u00f3n y estudio, como profesores, porque quien tiene claro los conceptos ling\u00fc\u00edsticos y los sabe explicar, facilitar\u00e1 el di\u00e1logo y el entendimiento. Y consideramos como MUY IMPORTANTE que como profesores hablemos un lenguaje conceptual igual en contenidos y valores de convivencia que el que manejan los padres de familia, sobre autoridad, obediencia y respeto.<\/strong><\/p>\n\n\n\n<!--more-->\n\n\n\n<p>Tenemos que tener muy en claro el significado de cada una de las palabras. Esto nos ayudar\u00e1 para definir <strong>cu\u00e1l es nuestro rol y cu\u00e1l el de los padres fe familia. <\/strong>Incluso el educador Paulo Freire llama \u201ceducadores autoritarios\u201d a quienes \u201cniegan la solidaridad entre el acto de educar y el acto de ser educados por los educandos\u201d.<\/p>\n\n\n\n<p>En una publicaci\u00f3n de ANFIBIA (Universidad Nacional San Mart\u00edn), se afirma que <strong>los profesores que creen que no todos los estudiante<\/strong>s est\u00e1n en condiciones para terminar bien sus estudios ni capacitados para lo que hay que aprender, lo \u00fanico que est\u00e1n haciendo es \u201cun simple pron\u00f3stico \u201cobjetivo\u201d: <strong>est\u00e1n contribuyendo, conscientemente o no, a hacer realidad su propia y lamentable profec\u00eda<\/strong>\u201d. Entonces \u00bfc\u00f3mo evitar ese \u201cdesastre anunciado\u201d o augurado se haga realidad? &#8230; parece bastante dif\u00edcil de alcanzar, por \u201cla <strong>adjudicaci\u00f3n mutua de responsabilidades entre \u201cescuela\u201d y \u201cfamilia<\/strong>\u201d [&#8230;] cl\u00e1sico de los cl\u00e1sicos de los debates escolares. Si un estudiante tiene problemas, es l\u00f3gico pensar que a veces tienen raz\u00f3n los docentes y a veces, los padres, y que en cualquier caso <strong>deber\u00edan conversar y escucharse un poco m\u00e1s<\/strong>. Sin embargo, frente a cierta sensaci\u00f3n de desborde por parte de unos, de otros o de ambos, los docentes y los padres se pasan la pelota\u201d. Perm\u00edtanos sugerirles la lectura completa de este excelente aporte de Alejandro Grimson y Emilio Tenti: <a href=\"http:\/\/revistaanfibia.com\/ensayo\/los-nuevos-mitos-de-los-viejos-vinagres\/\" target=\"_blank\" rel=\"noopener noreferrer\"><strong>LOS NUEVOS MITOS DE LO VIEJOS VINAGRES.<\/strong><\/a><\/p>\n\n\n\n<figure class=\"wp-block-image\"><img loading=\"lazy\" decoding=\"async\" width=\"1100\" height=\"680\" src=\"http:\/\/webdelmaestrocmf.com\/portal\/wp-content\/uploads\/2019\/06\/1-3.jpg\" alt=\"\" class=\"wp-image-37350\" srcset=\"https:\/\/webdelmaestrocmf.com\/portal\/wp-content\/uploads\/2019\/06\/1-3.jpg 1100w, https:\/\/webdelmaestrocmf.com\/portal\/wp-content\/uploads\/2019\/06\/1-3-300x185.jpg 300w, https:\/\/webdelmaestrocmf.com\/portal\/wp-content\/uploads\/2019\/06\/1-3-768x475.jpg 768w, https:\/\/webdelmaestrocmf.com\/portal\/wp-content\/uploads\/2019\/06\/1-3-1024x633.jpg 1024w\" sizes=\"auto, (max-width: 1100px) 100vw, 1100px\" \/><\/figure>\n\n\n\n<p>\u201cLa autoridad es una ayuda, pero <strong>si se ejerce mal, se vuelve opresiva,<\/strong> no permite que la gente crezca y crea un clima de desconfianza y hostilidad\u201d (Papa Francisco 05\/11\/2017); por eso <strong>la natural autoridad<\/strong> de los padres y profesores, tiene que fundarse en razones y en la coherencia entre lo que hacen y lo que dicen, para que los ni\u00f1os y adolescentes cuenten con \u201cun <strong>punto de referencia v\u00e1lido y fiable<\/strong> para guiar sus propias acciones hacia el bien y aprender a valerse por s\u00ed mismo[s]\u201d.<\/p>\n\n\n\n<p>Tal vez le interese leer: <a href=\"http:\/\/webdelmaestrocmf.com\/portal\/sin-obediencia-sin-disciplina-sin-autoridad-no-habra-jamas-verdadera-educacion\/\" target=\"_blank\" rel=\"noopener noreferrer\">SIN OBEDIENCIA, SIN DISCIPLINA Y SIN AUTORIDAD, NO HABR\u00c1 VERDADERA EDUCACI\u00d3N.<\/a><\/p>\n\n\n\n<p>\u00bfTenemos claros, en la escuela, los roles de los padres de familia y los profesores? \u00bfTenemos los padres de familia y los profesores, el mismo concepto sobre la autoridad, la obediencia y el respeto? \u00bfEst\u00e1n en nuestros reglamentos internos claramente definidas las obligaciones y derechos de los estudiantes, de padres de familia, directivos, profesores, personal administrativo y de apoyo?<\/p>\n\n\n\n<p>La licenciada Mariana Alejandra Milovich, afirma que \u201choy en d\u00eda <strong>los docentes sentimos que la relaci\u00f3n que antes manten\u00edamos con nuestros alumnos debe ser repensada<\/strong>. Las condiciones sociales, culturales y econ\u00f3micos se han transformado. Existe una realidad que nos interpela, es decir, nos hace pensar, nos desaf\u00eda. [&#8230;] <strong>De acuerdo a la personalidad del profesor <\/strong>se organizara\u0301 el clima afectivo de la clase, las disposiciones y actitudes hacia los pedidos de los alumnos, las posibilidades de escucha y comprensi\u00f3n de diferentes puntos de vista, las formas de establecer los encuadres de tarea, las maneras de comunicarse, la calidad de los intercambios en el di\u00e1logo. [&#8230;] &#8230; los docentes para desarrollar las clases <strong>se encuentran con situaciones impensadas en otros tiempos<\/strong>, pero sin embargo es necesario atenderlas para poder resolver los espacios estallados por la conflictividad que genera la indiferencia o desidia\u201d. <a href=\"http:\/\/dspace.uces.edu.ar:8180\/xmlui\/bitstream\/handle\/123456789\/1085\/Construccion_Milovich.pdf?sequence=1\" target=\"_blank\" rel=\"noopener noreferrer\"><strong>CONSTRUCCIO\u0301N DE LA AUTORIDAD DOCENTE.<\/strong><\/a><\/p>\n\n\n\n<p>La Licenciada en Psicolog\u00eda, Alicia Tallone, Gestora de la OEI, tambi\u00e9n opina que el \u201cmodo tradicional de construcci\u00f3n de <strong>la autoridad est\u00e1 en entredicho<\/strong> y que debemos <strong>elaborar otras formas de concebirla<\/strong>, m\u00e1s acordes con las necesidades de la escuela y de la realidad. [&#8230;] <strong>La crisis de la autoridad pedag\u00f3gica<\/strong> tiene un fuerte impacto en el coraz\u00f3n del sistema educativo porque <strong>educar implica siempre un ejercicio de autoridad. Si los alumnos no reconocen el lugar del docente como fuente habilitadora<\/strong> para el acceso a los distintos saberes, al margen de que ese saber sea susceptible hoy de ser revisado y corregido, la relaci\u00f3n de autoridad no puede funcionar. [&#8230;] Es momento oportuno para pensar, incluso, qu\u00e9 estamos solicitando cuando reclamamos \u00abautoridad\u00bb, pues es muy distinto requerir obediencia que demandar reconocimiento. Especialmente, si consideramos que solo es posible asentar el reconocimiento en el respeto y la confianza rec\u00edproca; aspectos que, como sabemos, no pueden ser impuestos, sino que se consiguen con el trabajo cotidiano\u201d. <a href=\"http:\/\/www.revistaeducacion.educacion.es\/re2011\/re2011_06.pdf\" target=\"_blank\" rel=\"noopener noreferrer\"><strong>LAS TRANSFORMACIONES DE LA AUTORIDAD DOCENTE, EN BUSCA DE UNA NUEVA LEGITIMIDAD.<\/strong><\/a><\/p>\n\n\n\n<figure class=\"wp-block-image\"><img loading=\"lazy\" decoding=\"async\" width=\"1220\" height=\"889\" src=\"http:\/\/webdelmaestrocmf.com\/portal\/wp-content\/uploads\/2019\/06\/4.jpg\" alt=\"\" class=\"wp-image-37352\" srcset=\"https:\/\/webdelmaestrocmf.com\/portal\/wp-content\/uploads\/2019\/06\/4.jpg 1220w, https:\/\/webdelmaestrocmf.com\/portal\/wp-content\/uploads\/2019\/06\/4-300x219.jpg 300w, https:\/\/webdelmaestrocmf.com\/portal\/wp-content\/uploads\/2019\/06\/4-768x560.jpg 768w, https:\/\/webdelmaestrocmf.com\/portal\/wp-content\/uploads\/2019\/06\/4-1024x746.jpg 1024w\" sizes=\"auto, (max-width: 1220px) 100vw, 1220px\" \/><\/figure>\n\n\n\n<p>La ex asesora ex asesora del Ministerio de Educaci\u00f3n de Suecia, Inger Enkvist, insiste que <strong>es urgente recuperar la disciplina y la autoridad de los docentes en las clases<\/strong>, porque sin los h\u00e1bitos sistem\u00e1ticos de trabajo, sin esfuerzo sin los adultos que los gu\u00eden, el aprendizaje no se da. Si desea ampliar esta opini\u00f3n les sugerimos leer nuestra anterior publicaci\u00f3n: <a href=\"http:\/\/webdelmaestrocmf.com\/portal\/recuperar-la-disciplina-la-autoridad-la-escuela\/\" target=\"_blank\" rel=\"noopener noreferrer\">HAY QUE RECUPERAR LA DISCIPLINA Y LA AUTORIDAD EN LA ESCUELA.<\/a><\/p>\n\n\n\n<p>Por motivos \u00fanicamente educativos, y con el fin de ir escuchando y reflexionando algunas opiniones especializadas (para tener mayores elementos de juicio), es que compartimos algunas preguntas y respuestas del di\u00e1logo entre la periodista argentina Mariela Goy y el <strong>Doctor Emilio Tenti Fanfani<\/strong>, Consultor de la Organizaci\u00f3n de Estados Iberoamericanos para la Educaci\u00f3n, la Ciencia y la Cultura (OEI), y del Instituto Internacional de Planeamiento de la Educaci\u00f3n (IIPE) -UNESCO sobre este tema. Y que enriquecer\u00e1n los planteamientos de Grimson, Milovich, Tallone y Enkvist. Hacemos de su conocimiento que los textos con negritas son nuestros, que hemos respetado una palabra que nos parece un poco \u201csubida de tono\u201d, y otras propias del lenguaje argentino.<\/p>\n\n\n\n<h2 class=\"wp-block-heading\"><strong>MARIELA GOY: \u00bfCu\u00e1les son los desaf\u00edos que esperan al maestro en el aula hoy?<\/strong><\/h2>\n\n\n\n<p><strong>EMILIO TENTI: <\/strong>\u201cUno de los grandes desaf\u00edos es que deben resolver problemas nuevos para los cuales no tienen recursos ni conocimiento porque <strong>las situaciones son totalmente in\u00e9ditas, novedosas y cambian permanentemente<\/strong>. Cambian los adolescentes, los conocimientos, la familia, los contextos. <strong>Vivimos momentos de grandes transformaciones<\/strong>, pero los institutos de formaci\u00f3n docente van siempre m\u00e1s lentos. Entonces, cuando un maestro llega al aula a trabajar ya los problemas son novedosos y no encuentran respuestas\u201d.<\/p>\n\n\n\n<h2 class=\"wp-block-heading\"><strong>MARIELA GOY: La p\u00e9rdida de autoridad en el aula \u00bfes uno de esos problemas?<\/strong><\/h2>\n\n\n\n<p><strong>EMILIO TENTI: <\/strong>\u201cEsto ya es grave. <strong>La docencia es un oficio que requiere reconocimiento y respeto.<\/strong> Eso es lo que quieren los periodistas y todos aquellos que ejercen una funci\u00f3n pedag\u00f3gica. <strong>Tienen que ser cre\u00eddos<\/strong>. Si la gente no le cree a un periodista, si cree que es un mentiroso, que no es digno de ser escuchado, todo lo que diga le va a entrar por un o\u00eddo y salir por otro. Pasa lo mismo con el maestro. <strong>Tiene que tener cr\u00e9dito y ser confiable, porque eso es la autoridad\u201d<\/strong>.<\/p>\n\n\n\n<h2 class=\"wp-block-heading\"><strong>MARIELA GOY: Muchos sostienen que la autoridad hay que construirla \u00bfQu\u00e9 opina?<\/strong><\/h2>\n\n\n\n<p><strong>EMILIO TENTI: <\/strong>\u201cLo que pasa es que el sistema escolar es viejo. Cuando se fund\u00f3, los ni\u00f1os por ser ni\u00f1os ya <strong>le daban cr\u00e9dito al maestro s\u00f3lo por ser adulto<\/strong>. Antes la instituci\u00f3n te daba esa autoridad, te pon\u00eda al frente de la c\u00e1tedra en el secundario y hasta al profesor m\u00e1s imb\u00e9cil era respetado s\u00f3lo porque el tipo fue nombrado para ocupar ese trono que era estar al frente de la clase. <strong>Hoy no es as\u00ed.<\/strong> Cada vez m\u00e1s depende del esfuerzo; la autoridad hay que construirla. Es decir, es el maestro el que tiene que crear las condiciones de su credibilidad. <strong>Si se dice que las familias y los ni\u00f1os ya no respetan al maestro, no les creen, no conf\u00edan en ellos \u00bfqu\u00e9 hay que hacer?<\/strong> En Espa\u00f1a sancionaron una ley para declarar al maestro \u201cautoridad p\u00fablica\u201d, de manera que si le falt\u00e1s el respeto, eso configura una carga mayor que si insult\u00e1s a tu vecino. Eso pasa con los polic\u00edas que ejercen la autoridad p\u00fablica\u201d.<\/p>\n\n\n\n<p>Relacionado al tema tenemos hemos reciente publicaci\u00f3n:<strong>&nbsp; <a href=\"https:\/\/www.ideal.es\/andalucia\/agresion-profesores-atentado-20190515130219-nt.html?fbclid=IwAR2rnJvoVpUfFKdS2DUpJoSjb-Z2Thkr-FqQTtuhBHyharvWwvGXuYsbh6o\" target=\"_blank\" rel=\"noopener noreferrer\">LA AGRESI\u00d3N A PROFESORES SER\u00c1 ATENTADO A LA AUTORIDAD, CON PENAS DE HASTA CUATRO A\u00d1OS DE PRISI\u00d3N<\/a><\/strong><\/p>\n\n\n\n<h2 class=\"wp-block-heading\"><strong>MARIELA GOY: Otra de las quejas que se escucha entre los docentes es que tienen que contener a los chicos y que no fueron preparados para eso.<\/strong><\/h2>\n\n\n\n<p><strong>EMILIO TENTI:<\/strong> \u201c[&#8230;] Hoy, <strong>la escuela tiene que responder a una demanda de sociabilizaci\u00f3n del chico,<\/strong> tiene que ense\u00f1arle c\u00f3mo comportarse, el respeto a las reglas, a no agredir, no pegar, no escupir en el suelo. Todas cuestiones que en el modelo tradicional correspond\u00eda a las familias. Eso se llamaba \u201ceducaci\u00f3n\u201d y <strong>la gente sabe distinguir<\/strong>. \u201cEse tipo tendr\u00e1 un doctorado, pero es un maleducado terrible, un ego\u00edsta, agresivo, mala gente\u201d, se dice. Esos valores antes correspond\u00edan inculcarlos a la familia y <strong>el maestro daba por descontado que el chico llegaba con esa base a la escuela<\/strong>. Hoy en d\u00eda no es as\u00ed, sino que se le agrega esta tarea al docente. Entonces se los escucha decir: \u201cNosotros <strong>somos especialistas en pedagog\u00eda y nuestra tarea es ense\u00f1ar conocimientos, instruir,<\/strong> no tener que andar pacificando, calmando a los chicos, controlando sus sentimientos, su comportamiento; \u00e9se es un problema del psic\u00f3logo o de la familia\u201d. Pero resulta que, <strong>si un chico no tiene estabilidad emocional, no ha educado sus sentimientos, no tiene la madurez suficiente en sus emociones, no puede aprender<\/strong>. Si son agresivos o vienen excitado, se generan situaciones de <strong>violencia en el aula<\/strong> y no puede aprender\u201d.<\/p>\n\n\n\n<h2 class=\"wp-block-heading\"><strong>MARIELA GOY: \u00bfLa tarea de contener al ni\u00f1o no le corresponde al docente?<\/strong><\/h2>\n\n\n\n<p><strong>EMILIO TENTI:<\/strong> \u201cAlgo le corresponde. <strong>Si la familia no lo cumple<\/strong> porque la mujer se incorpor\u00f3 al mercado del trabajo, porque hay madres jefas de familia que dejan al ni\u00f1o con la vecina, alguien se tiene que hacer cargo. En Estados Unidos hablan de la <strong>\u201cterapeutizaci\u00f3n\u201d de la pedagog\u00eda<\/strong>. O sea que los maestros antes de dar clases, han aprendido t\u00e9cnicas psicoterap\u00e9uticas de grupo <strong>para calmar a los chicos que llegan excitados y agresivos<\/strong>. Se le exige al maestro tener m\u00e1s herramientas de tipo psicol\u00f3gicos que pedag\u00f3gicas.<\/p>\n\n\n\n<p>Entonces, si le vamos a encargar esto a la escuela, se requiere de otra escuela. No puede ser de 4 horas sino de tiempo completo, con otros especialistas y no s\u00f3lo docentes. Porque no se le puede exigir a un maestro que no ha sido formado en psicolog\u00eda, realizar la tarea de otro profesional. Entonces, el maestro se siente sobrecargado porque no est\u00e1 cumpliendo con lo espec\u00edfico de \u00e9l que es la ense\u00f1anza\u201d.<\/p>\n\n\n\n<p>Les animamos a completar la informaci\u00f3n, y quiz\u00e1 socializarla en su comunidad educativa, con sus colegas, con sus padres de familia y estudiantes; ingresando a este enlace: <a href=\"https:\/\/www.ellitoral.com\/index.php\/diarios\/2012\/08\/13\/educacion\/EDUC-01.html\" target=\"_blank\" rel=\"noopener noreferrer\"><strong>\u201cLA AUTORIDAD DOCENTE ANTES SE IMPON\u00cdA, HOY SE DEBE CONSTRUIR\u201d<\/strong><\/a><\/p>\n\n\n\n<p class=\"has-text-align-center\"><em>\u201cLa escuela tiene el monopolio de la ense\u00f1anza de aquellos elementos m\u00e1s complejos de la cultura moderna. No se ha ense\u00f1ado todav\u00eda la m\u00e1quina de ense\u00f1ar y aprender. Apropiarse de la lectoescritura, el c\u00e1lculo b\u00e1sico, la l\u00f3gica del funcionamiento del mundo natural y social, etc. se requiere de una instituci\u00f3n y de agentes especializados (los maestros y profesores)\u201d<\/em> (LA CAPITAL, 14\/12\/2014)<\/p>\n\n\n\n<p class=\"has-text-align-right\"><strong>Redacci\u00f3n | Web del Maestro CMF<\/strong><\/p>\n\n\n\t\t<div class=\"pk-inline-posts\">\n\t\t\t\t\t\t\t<h5 class=\"pk-inline-posts-title pk-title pk-font-block\">\n\t\t\t\t\t\u00daltimas entradas\t\t\t\t<\/h5>\n\t\t\t\n\t\t\t<div class=\"pk-inline-posts-container pk-inline-posts-template-list\"\n\t\t\t\tdata-columns=\"1\">\n\t\t\t\t\t\t<article id=\"post-113504\" class=\"post-113504 post type-post status-publish format-standard has-post-thumbnail category-entrevistas category-noticias tag-alumno tag-begona-ibarrola-2 tag-desmotivado tag-vago cs-entry cs-video-wrap\">\n\t\t\t<div class=\"pk-post-outer\">\n\n\t\t\t\t\t\t\t\t<div class=\"pk-post-inner\">\n\t\t\t\t\t<div class=\"entry-thumbnail\">\n\t\t\t\t\t\t<div class=\"pk-overlay pk-overlay-ratio pk-ratio-landscape\">\n\t\t\t\t\t\t\t<div class=\"pk-overlay-background\">\n\t\t\t\t\t\t\t\t<a href=\"https:\/\/webdelmaestrocmf.com\/portal\/begona-ibarrola-debemos-distinguir-entre-un-alumno-verdaderamente-vago-y-uno-que-esta-desmotivado-porque-anticipa-el-fracaso\/\" class=\"pk-overlay-link\">\n\t\t\t\t\t\t\t\t\t<img loading=\"lazy\" decoding=\"async\" width=\"300\" height=\"225\" src=\"https:\/\/webdelmaestrocmf.com\/portal\/wp-content\/uploads\/2025\/11\/1AA-Banner-1-portada-imagen-10-1-copia-3-300x225.webp\" class=\"attachment-pk-thumbnail size-pk-thumbnail wp-post-image\" alt=\"\" \/>\t\t\t\t\t\t\t\t<\/a>\n\t\t\t\t\t\t\t<\/div>\n\t\t\t\t\t\t<\/div>\n\t\t\t\t\t<\/div>\n\t\t\t\t<\/div>\n\t\t\t\t\n\t\t\t\t<div class=\"pk-post-inner\">\n\t\t\t\t\t<header>\n\t\t\t\t\t\t<h3 class=\"pk-title\"><a href=\"https:\/\/webdelmaestrocmf.com\/portal\/begona-ibarrola-debemos-distinguir-entre-un-alumno-verdaderamente-vago-y-uno-que-esta-desmotivado-porque-anticipa-el-fracaso\/\" rel=\"bookmark\">Bego\u00f1a Ibarrola: Debemos distinguir entre un alumno verdaderamente vago y uno que est\u00e1 desmotivado porque anticipa el fracaso<\/a><\/h3>\t\t\t\t\t<\/header><!-- .entry-header -->\n\t\t\t\t<\/div><!-- .post-inner -->\n\n\t\t\t<\/div><!-- .post-outer -->\n\t\t<\/article>\n\t\t\t<article id=\"post-118480\" class=\"post-118480 post type-post status-publish format-standard has-post-thumbnail category-entrevistas category-noticias tag-aprendizaje tag-autonomia-3 tag-desarrollo tag-docentes tag-educacion-2 tag-ensenanza-2 tag-escuela tag-infancia tag-juego tag-pedagogia-2 cs-entry cs-video-wrap\">\n\t\t\t<div class=\"pk-post-outer\">\n\n\t\t\t\t\t\t\t\t<div class=\"pk-post-inner\">\n\t\t\t\t\t<div class=\"entry-thumbnail\">\n\t\t\t\t\t\t<div class=\"pk-overlay pk-overlay-ratio pk-ratio-landscape\">\n\t\t\t\t\t\t\t<div class=\"pk-overlay-background\">\n\t\t\t\t\t\t\t\t<a href=\"https:\/\/webdelmaestrocmf.com\/portal\/francesco-tonucci-hoy-la-escuela-esta-asumiendo-un-error-fatal-que-es-hacer-mas-un-papel-de-ninera-que-de-estructura-educativa\/\" class=\"pk-overlay-link\">\n\t\t\t\t\t\t\t\t\t<img loading=\"lazy\" decoding=\"async\" width=\"300\" height=\"225\" src=\"https:\/\/webdelmaestrocmf.com\/portal\/wp-content\/uploads\/2026\/04\/1AA-Banner-1-portada-imagen-10-1-copia-2-9-300x225.webp\" class=\"attachment-pk-thumbnail size-pk-thumbnail wp-post-image\" alt=\"\" \/>\t\t\t\t\t\t\t\t<\/a>\n\t\t\t\t\t\t\t<\/div>\n\t\t\t\t\t\t<\/div>\n\t\t\t\t\t<\/div>\n\t\t\t\t<\/div>\n\t\t\t\t\n\t\t\t\t<div class=\"pk-post-inner\">\n\t\t\t\t\t<header>\n\t\t\t\t\t\t<h3 class=\"pk-title\"><a href=\"https:\/\/webdelmaestrocmf.com\/portal\/francesco-tonucci-hoy-la-escuela-esta-asumiendo-un-error-fatal-que-es-hacer-mas-un-papel-de-ninera-que-de-estructura-educativa\/\" rel=\"bookmark\">Francesco Tonucci: Hoy la escuela est\u00e1 asumiendo un error fatal que es hacer m\u00e1s un papel de ni\u00f1era que de estructura educativa<\/a><\/h3>\t\t\t\t\t<\/header><!-- .entry-header -->\n\t\t\t\t<\/div><!-- .post-inner -->\n\n\t\t\t<\/div><!-- .post-outer -->\n\t\t<\/article>\n\t\t\t<article id=\"post-37424\" class=\"post-37424 post type-post status-publish format-standard has-post-thumbnail category-entrevistas category-noticias tag-desarrollo tag-heckman tag-james tag-leer tag-ninos cs-entry cs-video-wrap\">\n\t\t\t<div class=\"pk-post-outer\">\n\n\t\t\t\t\t\t\t\t<div class=\"pk-post-inner\">\n\t\t\t\t\t<div class=\"entry-thumbnail\">\n\t\t\t\t\t\t<div class=\"pk-overlay pk-overlay-ratio pk-ratio-landscape\">\n\t\t\t\t\t\t\t<div class=\"pk-overlay-background\">\n\t\t\t\t\t\t\t\t<a href=\"https:\/\/webdelmaestrocmf.com\/portal\/james-heckman-leerles-a-los-ninos-tiene-un-impacto-enorme-en-su-desarrollo\/\" class=\"pk-overlay-link\">\n\t\t\t\t\t\t\t\t\t<img loading=\"lazy\" decoding=\"async\" width=\"300\" height=\"225\" src=\"https:\/\/webdelmaestrocmf.com\/portal\/wp-content\/uploads\/2023\/01\/1AA-Banner-1-portada-imagen-10-1-copia-3-300x225.webp\" class=\"attachment-pk-thumbnail size-pk-thumbnail wp-post-image\" alt=\"\" \/>\t\t\t\t\t\t\t\t<\/a>\n\t\t\t\t\t\t\t<\/div>\n\t\t\t\t\t\t<\/div>\n\t\t\t\t\t<\/div>\n\t\t\t\t<\/div>\n\t\t\t\t\n\t\t\t\t<div class=\"pk-post-inner\">\n\t\t\t\t\t<header>\n\t\t\t\t\t\t<h3 class=\"pk-title\"><a href=\"https:\/\/webdelmaestrocmf.com\/portal\/james-heckman-leerles-a-los-ninos-tiene-un-impacto-enorme-en-su-desarrollo\/\" rel=\"bookmark\">James Heckman: Leerles a los ni\u00f1os tiene un impacto enorme en su desarrollo<\/a><\/h3>\t\t\t\t\t<\/header><!-- .entry-header -->\n\t\t\t\t<\/div><!-- .post-inner -->\n\n\t\t\t<\/div><!-- .post-outer -->\n\t\t<\/article>\n\t\t\t\t<\/div>\n\t\t<\/div>\n\t\t\n","protected":false},"excerpt":{"rendered":"La educaci\u00f3n requiere claridad conceptual y coherencia entre familia y escuela, donde autoridad, respeto y di\u00e1logo compartido eviten conflictos y fortalezcan el aprendizaje y la formaci\u00f3n integral de los estudiantes.","protected":false},"author":1,"featured_media":106471,"comment_status":"open","ping_status":"closed","sticky":false,"template":"","format":"standard","meta":{"csco_display_header_overlay":false,"csco_singular_sidebar":"disabled","csco_page_header_type":"large","csco_page_load_nextpost":"default","csco_post_video_location":[],"csco_post_video_location_hash":"","csco_post_video_url":"","csco_post_video_bg_start_time":0,"csco_post_video_bg_end_time":0,"csco_post_video_bg_volume":false,"_jetpack_memberships_contains_paid_content":false,"footnotes":""},"categories":[48,47],"tags":[4309,751,216,1737,2459],"class_list":{"0":"post-37345","1":"post","2":"type-post","3":"status-publish","4":"format-standard","5":"has-post-thumbnail","7":"category-entrevistas","8":"category-noticias","9":"tag-exige","10":"tag-herramientas","11":"tag-maestro","12":"tag-pedagogicas","13":"tag-psicologicos","14":"cs-entry","15":"cs-video-wrap"},"yoast_head":"<!-- This site is optimized with the Yoast SEO plugin v27.5 - https:\/\/yoast.com\/product\/yoast-seo-wordpress\/ -->\n<title>Emilio Tenti: Hoy se le exige al maestro tener m\u00e1s herramientas de tipo psicol\u00f3gicos que pedag\u00f3gicas - 2026<\/title>\n<meta name=\"description\" content=\"Entonces, si le vamos a encargar esto a la escuela, se requiere de otra escuela. No puede ser de 4 horas sino de tiempo completo, con otros...\" \/>\n<meta name=\"robots\" content=\"index, follow, max-snippet:-1, max-image-preview:large, max-video-preview:-1\" \/>\n<link rel=\"canonical\" href=\"https:\/\/webdelmaestrocmf.com\/portal\/hoy-se-le-exige-al-maestro-tener-mas-herramientas-de-tipo-psicologicos-que-pedagogicas\/\" \/>\n<meta property=\"og:locale\" content=\"es_ES\" \/>\n<meta property=\"og:type\" content=\"article\" \/>\n<meta property=\"og:title\" content=\"Emilio Tenti: Hoy se le exige al maestro tener m\u00e1s herramientas de tipo psicol\u00f3gicos que pedag\u00f3gicas - 2026\" \/>\n<meta property=\"og:description\" content=\"Entonces, si le vamos a encargar esto a la escuela, se requiere de otra escuela. No puede ser de 4 horas sino de tiempo completo, con otros...\" \/>\n<meta property=\"og:url\" content=\"https:\/\/webdelmaestrocmf.com\/portal\/hoy-se-le-exige-al-maestro-tener-mas-herramientas-de-tipo-psicologicos-que-pedagogicas\/\" \/>\n<meta property=\"og:site_name\" content=\"Web del Maestro CMF\" \/>\n<meta property=\"article:publisher\" content=\"https:\/\/www.facebook.com\/WebdelMaestroCMF\/\" \/>\n<meta property=\"article:author\" content=\"https:\/\/www.facebook.com\/WebdelMaestroCMF\/\" \/>\n<meta property=\"article:published_time\" content=\"2024-10-03T02:50:25+00:00\" \/>\n<meta property=\"article:modified_time\" content=\"2026-03-29T21:45:19+00:00\" \/>\n<meta property=\"og:image\" content=\"https:\/\/webdelmaestrocmf.com\/portal\/wp-content\/uploads\/2019\/06\/Banner-1-portada-imagen-10-1-32.jpg\" \/>\n\t<meta property=\"og:image:width\" content=\"1024\" \/>\n\t<meta property=\"og:image:height\" content=\"1024\" \/>\n\t<meta property=\"og:image:type\" content=\"image\/jpeg\" \/>\n<meta name=\"author\" content=\"Web del Maestro CMF\" \/>\n<meta name=\"twitter:card\" content=\"summary_large_image\" \/>\n<meta name=\"twitter:creator\" content=\"@cmf_w\" \/>\n<meta name=\"twitter:site\" content=\"@cmf_w\" \/>\n<script type=\"application\/ld+json\" class=\"yoast-schema-graph\">{\"@context\":\"https:\\\/\\\/schema.org\",\"@graph\":[{\"@type\":\"ScholarlyArticle\",\"@id\":\"https:\\\/\\\/webdelmaestrocmf.com\\\/portal\\\/hoy-se-le-exige-al-maestro-tener-mas-herramientas-de-tipo-psicologicos-que-pedagogicas\\\/#article\",\"isPartOf\":{\"@id\":\"https:\\\/\\\/webdelmaestrocmf.com\\\/portal\\\/hoy-se-le-exige-al-maestro-tener-mas-herramientas-de-tipo-psicologicos-que-pedagogicas\\\/\"},\"author\":{\"name\":\"Web del Maestro CMF\",\"@id\":\"https:\\\/\\\/webdelmaestrocmf.com\\\/portal\\\/#\\\/schema\\\/person\\\/1072a2ed7bd960df8ef99a551fa35dc5\"},\"headline\":\"Emilio Tenti: Hoy se le exige al maestro tener m\u00e1s herramientas de tipo psicol\u00f3gicos que pedag\u00f3gicas\",\"datePublished\":\"2024-10-03T02:50:25+00:00\",\"dateModified\":\"2026-03-29T21:45:19+00:00\",\"mainEntityOfPage\":{\"@id\":\"https:\\\/\\\/webdelmaestrocmf.com\\\/portal\\\/hoy-se-le-exige-al-maestro-tener-mas-herramientas-de-tipo-psicologicos-que-pedagogicas\\\/\"},\"wordCount\":2012,\"commentCount\":6,\"publisher\":{\"@id\":\"https:\\\/\\\/webdelmaestrocmf.com\\\/portal\\\/#organization\"},\"image\":{\"@id\":\"https:\\\/\\\/webdelmaestrocmf.com\\\/portal\\\/hoy-se-le-exige-al-maestro-tener-mas-herramientas-de-tipo-psicologicos-que-pedagogicas\\\/#primaryimage\"},\"thumbnailUrl\":\"https:\\\/\\\/webdelmaestrocmf.com\\\/portal\\\/wp-content\\\/uploads\\\/2019\\\/06\\\/Banner-1-portada-imagen-10-1-32.jpg\",\"keywords\":[\"EXIGE\",\"herramientas\",\"Maestro\",\"PEDAG\u00d3GICAS\",\"PSICOL\u00d3GICOS\"],\"articleSection\":[\"Entrevistas\",\"Noticias\"],\"inLanguage\":\"es\",\"potentialAction\":[{\"@type\":\"CommentAction\",\"name\":\"Comment\",\"target\":[\"https:\\\/\\\/webdelmaestrocmf.com\\\/portal\\\/hoy-se-le-exige-al-maestro-tener-mas-herramientas-de-tipo-psicologicos-que-pedagogicas\\\/#respond\"]}]},{\"@type\":\"WebPage\",\"@id\":\"https:\\\/\\\/webdelmaestrocmf.com\\\/portal\\\/hoy-se-le-exige-al-maestro-tener-mas-herramientas-de-tipo-psicologicos-que-pedagogicas\\\/\",\"url\":\"https:\\\/\\\/webdelmaestrocmf.com\\\/portal\\\/hoy-se-le-exige-al-maestro-tener-mas-herramientas-de-tipo-psicologicos-que-pedagogicas\\\/\",\"name\":\"Emilio Tenti: Hoy se le exige al maestro tener m\u00e1s herramientas de tipo psicol\u00f3gicos que pedag\u00f3gicas - 2026\",\"isPartOf\":{\"@id\":\"https:\\\/\\\/webdelmaestrocmf.com\\\/portal\\\/#website\"},\"primaryImageOfPage\":{\"@id\":\"https:\\\/\\\/webdelmaestrocmf.com\\\/portal\\\/hoy-se-le-exige-al-maestro-tener-mas-herramientas-de-tipo-psicologicos-que-pedagogicas\\\/#primaryimage\"},\"image\":{\"@id\":\"https:\\\/\\\/webdelmaestrocmf.com\\\/portal\\\/hoy-se-le-exige-al-maestro-tener-mas-herramientas-de-tipo-psicologicos-que-pedagogicas\\\/#primaryimage\"},\"thumbnailUrl\":\"https:\\\/\\\/webdelmaestrocmf.com\\\/portal\\\/wp-content\\\/uploads\\\/2019\\\/06\\\/Banner-1-portada-imagen-10-1-32.jpg\",\"datePublished\":\"2024-10-03T02:50:25+00:00\",\"dateModified\":\"2026-03-29T21:45:19+00:00\",\"description\":\"Entonces, si le vamos a encargar esto a la escuela, se requiere de otra escuela. No puede ser de 4 horas sino de tiempo completo, con otros...\",\"breadcrumb\":{\"@id\":\"https:\\\/\\\/webdelmaestrocmf.com\\\/portal\\\/hoy-se-le-exige-al-maestro-tener-mas-herramientas-de-tipo-psicologicos-que-pedagogicas\\\/#breadcrumb\"},\"inLanguage\":\"es\",\"potentialAction\":[{\"@type\":\"ReadAction\",\"target\":[\"https:\\\/\\\/webdelmaestrocmf.com\\\/portal\\\/hoy-se-le-exige-al-maestro-tener-mas-herramientas-de-tipo-psicologicos-que-pedagogicas\\\/\"]}]},{\"@type\":\"ImageObject\",\"inLanguage\":\"es\",\"@id\":\"https:\\\/\\\/webdelmaestrocmf.com\\\/portal\\\/hoy-se-le-exige-al-maestro-tener-mas-herramientas-de-tipo-psicologicos-que-pedagogicas\\\/#primaryimage\",\"url\":\"https:\\\/\\\/webdelmaestrocmf.com\\\/portal\\\/wp-content\\\/uploads\\\/2019\\\/06\\\/Banner-1-portada-imagen-10-1-32.jpg\",\"contentUrl\":\"https:\\\/\\\/webdelmaestrocmf.com\\\/portal\\\/wp-content\\\/uploads\\\/2019\\\/06\\\/Banner-1-portada-imagen-10-1-32.jpg\",\"width\":1024,\"height\":1024},{\"@type\":\"BreadcrumbList\",\"@id\":\"https:\\\/\\\/webdelmaestrocmf.com\\\/portal\\\/hoy-se-le-exige-al-maestro-tener-mas-herramientas-de-tipo-psicologicos-que-pedagogicas\\\/#breadcrumb\",\"itemListElement\":[{\"@type\":\"ListItem\",\"position\":1,\"name\":\"Portada\",\"item\":\"https:\\\/\\\/webdelmaestrocmf.com\\\/portal\\\/\"},{\"@type\":\"ListItem\",\"position\":2,\"name\":\"Noticias\",\"item\":\"https:\\\/\\\/webdelmaestrocmf.com\\\/portal\\\/category\\\/noticias\\\/\"},{\"@type\":\"ListItem\",\"position\":3,\"name\":\"Emilio Tenti: Hoy se le exige al maestro tener m\u00e1s herramientas de tipo psicol\u00f3gicos que pedag\u00f3gicas\"}]},{\"@type\":\"WebSite\",\"@id\":\"https:\\\/\\\/webdelmaestrocmf.com\\\/portal\\\/#website\",\"url\":\"https:\\\/\\\/webdelmaestrocmf.com\\\/portal\\\/\",\"name\":\"Web del Maestro CMF\",\"description\":\"Maestros al servicio de la educaci\u00f3n\",\"publisher\":{\"@id\":\"https:\\\/\\\/webdelmaestrocmf.com\\\/portal\\\/#organization\"},\"alternateName\":\"WMCMF\",\"potentialAction\":[{\"@type\":\"SearchAction\",\"target\":{\"@type\":\"EntryPoint\",\"urlTemplate\":\"https:\\\/\\\/webdelmaestrocmf.com\\\/portal\\\/?s={search_term_string}\"},\"query-input\":{\"@type\":\"PropertyValueSpecification\",\"valueRequired\":true,\"valueName\":\"search_term_string\"}}],\"inLanguage\":\"es\"},{\"@type\":\"Organization\",\"@id\":\"https:\\\/\\\/webdelmaestrocmf.com\\\/portal\\\/#organization\",\"name\":\"Web del Maestro CMF\",\"alternateName\":\"WMCMF\",\"url\":\"https:\\\/\\\/webdelmaestrocmf.com\\\/portal\\\/\",\"logo\":{\"@type\":\"ImageObject\",\"inLanguage\":\"es\",\"@id\":\"https:\\\/\\\/webdelmaestrocmf.com\\\/portal\\\/#\\\/schema\\\/logo\\\/image\\\/\",\"url\":\"https:\\\/\\\/webdelmaestrocmf.com\\\/portal\\\/wp-content\\\/uploads\\\/2023\\\/01\\\/logo-wmcmf-2.png\",\"contentUrl\":\"https:\\\/\\\/webdelmaestrocmf.com\\\/portal\\\/wp-content\\\/uploads\\\/2023\\\/01\\\/logo-wmcmf-2.png\",\"width\":200,\"height\":60,\"caption\":\"Web del Maestro CMF\"},\"image\":{\"@id\":\"https:\\\/\\\/webdelmaestrocmf.com\\\/portal\\\/#\\\/schema\\\/logo\\\/image\\\/\"},\"sameAs\":[\"https:\\\/\\\/www.facebook.com\\\/WebdelMaestroCMF\\\/\",\"https:\\\/\\\/x.com\\\/cmf_w\",\"https:\\\/\\\/www.pinterest.com\\\/WMCMF\\\/\",\"https:\\\/\\\/www.linkedin.com\\\/company\\\/web-del-maestro-cmf\\\/\",\"https:\\\/\\\/www.instagram.com\\\/wmcmf\\\/\",\"https:\\\/\\\/www.youtube.com\\\/channel\\\/UCDPSvjbdodE5sHnC3OxutHw\",\"https:\\\/\\\/mastodon.social\\\/@wmcmf\",\"https:\\\/\\\/www.tiktok.com\\\/@webdelmaestrocmf\"]},{\"@type\":\"Person\",\"@id\":\"https:\\\/\\\/webdelmaestrocmf.com\\\/portal\\\/#\\\/schema\\\/person\\\/1072a2ed7bd960df8ef99a551fa35dc5\",\"name\":\"Web del Maestro CMF\",\"image\":{\"@type\":\"ImageObject\",\"inLanguage\":\"es\",\"@id\":\"https:\\\/\\\/secure.gravatar.com\\\/avatar\\\/23291dd5b5ae1077dcff3dbb04c3e02bd28403fa75af6d8787d5e97c5bbbe30b?s=96&d=mm&r=g\",\"url\":\"https:\\\/\\\/secure.gravatar.com\\\/avatar\\\/23291dd5b5ae1077dcff3dbb04c3e02bd28403fa75af6d8787d5e97c5bbbe30b?s=96&d=mm&r=g\",\"contentUrl\":\"https:\\\/\\\/secure.gravatar.com\\\/avatar\\\/23291dd5b5ae1077dcff3dbb04c3e02bd28403fa75af6d8787d5e97c5bbbe30b?s=96&d=mm&r=g\",\"caption\":\"Web del Maestro CMF\"},\"description\":\"Esta Web se cre\u00f3 sin fines de lucro, con fines educativos, cient\u00edficos y acad\u00e9micos, para personas que tengan dificultades y\\\/o inconvenientes en visualizar el material original. El objetivo es entregar recursos, compartir experiencias y materiales que ayuden a los padres de familia, maestros y estudiantes en su actualizaci\u00f3n y formaci\u00f3n permanente, en bien de la Educaci\u00f3n.\",\"sameAs\":[\"http:\\\/\\\/webdelmaestrocmf.com\\\/portal\",\"https:\\\/\\\/www.facebook.com\\\/WebdelMaestroCMF\\\/\",\"https:\\\/\\\/www.instagram.com\\\/wmcmf\\\/\",\"https:\\\/\\\/cl.linkedin.com\\\/company\\\/web-del-maestro-cmf\",\"https:\\\/\\\/www.pinterest.com\\\/WMCMF\\\/publicaciones\\\/\",\"https:\\\/\\\/x.com\\\/cmf_w\",\"https:\\\/\\\/www.youtube.com\\\/@WMCMF\"]}]}<\/script>\n<!-- \/ Yoast SEO plugin. -->","yoast_head_json":{"title":"Emilio Tenti: Hoy se le exige al maestro tener m\u00e1s herramientas de tipo psicol\u00f3gicos que pedag\u00f3gicas - 2026","description":"Entonces, si le vamos a encargar esto a la escuela, se requiere de otra escuela. No puede ser de 4 horas sino de tiempo completo, con otros...","robots":{"index":"index","follow":"follow","max-snippet":"max-snippet:-1","max-image-preview":"max-image-preview:large","max-video-preview":"max-video-preview:-1"},"canonical":"https:\/\/webdelmaestrocmf.com\/portal\/hoy-se-le-exige-al-maestro-tener-mas-herramientas-de-tipo-psicologicos-que-pedagogicas\/","og_locale":"es_ES","og_type":"article","og_title":"Emilio Tenti: Hoy se le exige al maestro tener m\u00e1s herramientas de tipo psicol\u00f3gicos que pedag\u00f3gicas - 2026","og_description":"Entonces, si le vamos a encargar esto a la escuela, se requiere de otra escuela. No puede ser de 4 horas sino de tiempo completo, con otros...","og_url":"https:\/\/webdelmaestrocmf.com\/portal\/hoy-se-le-exige-al-maestro-tener-mas-herramientas-de-tipo-psicologicos-que-pedagogicas\/","og_site_name":"Web del Maestro CMF","article_publisher":"https:\/\/www.facebook.com\/WebdelMaestroCMF\/","article_author":"https:\/\/www.facebook.com\/WebdelMaestroCMF\/","article_published_time":"2024-10-03T02:50:25+00:00","article_modified_time":"2026-03-29T21:45:19+00:00","og_image":[{"width":1024,"height":1024,"url":"https:\/\/webdelmaestrocmf.com\/portal\/wp-content\/uploads\/2019\/06\/Banner-1-portada-imagen-10-1-32.jpg","type":"image\/jpeg"}],"author":"Web del Maestro CMF","twitter_card":"summary_large_image","twitter_creator":"@cmf_w","twitter_site":"@cmf_w","schema":{"@context":"https:\/\/schema.org","@graph":[{"@type":"ScholarlyArticle","@id":"https:\/\/webdelmaestrocmf.com\/portal\/hoy-se-le-exige-al-maestro-tener-mas-herramientas-de-tipo-psicologicos-que-pedagogicas\/#article","isPartOf":{"@id":"https:\/\/webdelmaestrocmf.com\/portal\/hoy-se-le-exige-al-maestro-tener-mas-herramientas-de-tipo-psicologicos-que-pedagogicas\/"},"author":{"name":"Web del Maestro CMF","@id":"https:\/\/webdelmaestrocmf.com\/portal\/#\/schema\/person\/1072a2ed7bd960df8ef99a551fa35dc5"},"headline":"Emilio Tenti: Hoy se le exige al maestro tener m\u00e1s herramientas de tipo psicol\u00f3gicos que pedag\u00f3gicas","datePublished":"2024-10-03T02:50:25+00:00","dateModified":"2026-03-29T21:45:19+00:00","mainEntityOfPage":{"@id":"https:\/\/webdelmaestrocmf.com\/portal\/hoy-se-le-exige-al-maestro-tener-mas-herramientas-de-tipo-psicologicos-que-pedagogicas\/"},"wordCount":2012,"commentCount":6,"publisher":{"@id":"https:\/\/webdelmaestrocmf.com\/portal\/#organization"},"image":{"@id":"https:\/\/webdelmaestrocmf.com\/portal\/hoy-se-le-exige-al-maestro-tener-mas-herramientas-de-tipo-psicologicos-que-pedagogicas\/#primaryimage"},"thumbnailUrl":"https:\/\/webdelmaestrocmf.com\/portal\/wp-content\/uploads\/2019\/06\/Banner-1-portada-imagen-10-1-32.jpg","keywords":["EXIGE","herramientas","Maestro","PEDAG\u00d3GICAS","PSICOL\u00d3GICOS"],"articleSection":["Entrevistas","Noticias"],"inLanguage":"es","potentialAction":[{"@type":"CommentAction","name":"Comment","target":["https:\/\/webdelmaestrocmf.com\/portal\/hoy-se-le-exige-al-maestro-tener-mas-herramientas-de-tipo-psicologicos-que-pedagogicas\/#respond"]}]},{"@type":"WebPage","@id":"https:\/\/webdelmaestrocmf.com\/portal\/hoy-se-le-exige-al-maestro-tener-mas-herramientas-de-tipo-psicologicos-que-pedagogicas\/","url":"https:\/\/webdelmaestrocmf.com\/portal\/hoy-se-le-exige-al-maestro-tener-mas-herramientas-de-tipo-psicologicos-que-pedagogicas\/","name":"Emilio Tenti: Hoy se le exige al maestro tener m\u00e1s herramientas de tipo psicol\u00f3gicos que pedag\u00f3gicas - 2026","isPartOf":{"@id":"https:\/\/webdelmaestrocmf.com\/portal\/#website"},"primaryImageOfPage":{"@id":"https:\/\/webdelmaestrocmf.com\/portal\/hoy-se-le-exige-al-maestro-tener-mas-herramientas-de-tipo-psicologicos-que-pedagogicas\/#primaryimage"},"image":{"@id":"https:\/\/webdelmaestrocmf.com\/portal\/hoy-se-le-exige-al-maestro-tener-mas-herramientas-de-tipo-psicologicos-que-pedagogicas\/#primaryimage"},"thumbnailUrl":"https:\/\/webdelmaestrocmf.com\/portal\/wp-content\/uploads\/2019\/06\/Banner-1-portada-imagen-10-1-32.jpg","datePublished":"2024-10-03T02:50:25+00:00","dateModified":"2026-03-29T21:45:19+00:00","description":"Entonces, si le vamos a encargar esto a la escuela, se requiere de otra escuela. No puede ser de 4 horas sino de tiempo completo, con otros...","breadcrumb":{"@id":"https:\/\/webdelmaestrocmf.com\/portal\/hoy-se-le-exige-al-maestro-tener-mas-herramientas-de-tipo-psicologicos-que-pedagogicas\/#breadcrumb"},"inLanguage":"es","potentialAction":[{"@type":"ReadAction","target":["https:\/\/webdelmaestrocmf.com\/portal\/hoy-se-le-exige-al-maestro-tener-mas-herramientas-de-tipo-psicologicos-que-pedagogicas\/"]}]},{"@type":"ImageObject","inLanguage":"es","@id":"https:\/\/webdelmaestrocmf.com\/portal\/hoy-se-le-exige-al-maestro-tener-mas-herramientas-de-tipo-psicologicos-que-pedagogicas\/#primaryimage","url":"https:\/\/webdelmaestrocmf.com\/portal\/wp-content\/uploads\/2019\/06\/Banner-1-portada-imagen-10-1-32.jpg","contentUrl":"https:\/\/webdelmaestrocmf.com\/portal\/wp-content\/uploads\/2019\/06\/Banner-1-portada-imagen-10-1-32.jpg","width":1024,"height":1024},{"@type":"BreadcrumbList","@id":"https:\/\/webdelmaestrocmf.com\/portal\/hoy-se-le-exige-al-maestro-tener-mas-herramientas-de-tipo-psicologicos-que-pedagogicas\/#breadcrumb","itemListElement":[{"@type":"ListItem","position":1,"name":"Portada","item":"https:\/\/webdelmaestrocmf.com\/portal\/"},{"@type":"ListItem","position":2,"name":"Noticias","item":"https:\/\/webdelmaestrocmf.com\/portal\/category\/noticias\/"},{"@type":"ListItem","position":3,"name":"Emilio Tenti: Hoy se le exige al maestro tener m\u00e1s herramientas de tipo psicol\u00f3gicos que pedag\u00f3gicas"}]},{"@type":"WebSite","@id":"https:\/\/webdelmaestrocmf.com\/portal\/#website","url":"https:\/\/webdelmaestrocmf.com\/portal\/","name":"Web del Maestro CMF","description":"Maestros al servicio de la educaci\u00f3n","publisher":{"@id":"https:\/\/webdelmaestrocmf.com\/portal\/#organization"},"alternateName":"WMCMF","potentialAction":[{"@type":"SearchAction","target":{"@type":"EntryPoint","urlTemplate":"https:\/\/webdelmaestrocmf.com\/portal\/?s={search_term_string}"},"query-input":{"@type":"PropertyValueSpecification","valueRequired":true,"valueName":"search_term_string"}}],"inLanguage":"es"},{"@type":"Organization","@id":"https:\/\/webdelmaestrocmf.com\/portal\/#organization","name":"Web del Maestro CMF","alternateName":"WMCMF","url":"https:\/\/webdelmaestrocmf.com\/portal\/","logo":{"@type":"ImageObject","inLanguage":"es","@id":"https:\/\/webdelmaestrocmf.com\/portal\/#\/schema\/logo\/image\/","url":"https:\/\/webdelmaestrocmf.com\/portal\/wp-content\/uploads\/2023\/01\/logo-wmcmf-2.png","contentUrl":"https:\/\/webdelmaestrocmf.com\/portal\/wp-content\/uploads\/2023\/01\/logo-wmcmf-2.png","width":200,"height":60,"caption":"Web del Maestro CMF"},"image":{"@id":"https:\/\/webdelmaestrocmf.com\/portal\/#\/schema\/logo\/image\/"},"sameAs":["https:\/\/www.facebook.com\/WebdelMaestroCMF\/","https:\/\/x.com\/cmf_w","https:\/\/www.pinterest.com\/WMCMF\/","https:\/\/www.linkedin.com\/company\/web-del-maestro-cmf\/","https:\/\/www.instagram.com\/wmcmf\/","https:\/\/www.youtube.com\/channel\/UCDPSvjbdodE5sHnC3OxutHw","https:\/\/mastodon.social\/@wmcmf","https:\/\/www.tiktok.com\/@webdelmaestrocmf"]},{"@type":"Person","@id":"https:\/\/webdelmaestrocmf.com\/portal\/#\/schema\/person\/1072a2ed7bd960df8ef99a551fa35dc5","name":"Web del Maestro CMF","image":{"@type":"ImageObject","inLanguage":"es","@id":"https:\/\/secure.gravatar.com\/avatar\/23291dd5b5ae1077dcff3dbb04c3e02bd28403fa75af6d8787d5e97c5bbbe30b?s=96&d=mm&r=g","url":"https:\/\/secure.gravatar.com\/avatar\/23291dd5b5ae1077dcff3dbb04c3e02bd28403fa75af6d8787d5e97c5bbbe30b?s=96&d=mm&r=g","contentUrl":"https:\/\/secure.gravatar.com\/avatar\/23291dd5b5ae1077dcff3dbb04c3e02bd28403fa75af6d8787d5e97c5bbbe30b?s=96&d=mm&r=g","caption":"Web del Maestro CMF"},"description":"Esta Web se cre\u00f3 sin fines de lucro, con fines educativos, cient\u00edficos y acad\u00e9micos, para personas que tengan dificultades y\/o inconvenientes en visualizar el material original. El objetivo es entregar recursos, compartir experiencias y materiales que ayuden a los padres de familia, maestros y estudiantes en su actualizaci\u00f3n y formaci\u00f3n permanente, en bien de la Educaci\u00f3n.","sameAs":["http:\/\/webdelmaestrocmf.com\/portal","https:\/\/www.facebook.com\/WebdelMaestroCMF\/","https:\/\/www.instagram.com\/wmcmf\/","https:\/\/cl.linkedin.com\/company\/web-del-maestro-cmf","https:\/\/www.pinterest.com\/WMCMF\/publicaciones\/","https:\/\/x.com\/cmf_w","https:\/\/www.youtube.com\/@WMCMF"]}]}},"jetpack_featured_media_url":"https:\/\/webdelmaestrocmf.com\/portal\/wp-content\/uploads\/2019\/06\/Banner-1-portada-imagen-10-1-32.jpg","jetpack_sharing_enabled":true,"jetpack-related-posts":[{"id":113567,"url":"https:\/\/webdelmaestrocmf.com\/portal\/para-ser-maestro-hoy-en-dia-hay-que-estar-lucidos-para-entender-la-realidad-valientes-para-enfrentarla-y-apasionados-para-transformarla\/","url_meta":{"origin":37345,"position":0},"title":"Para ser maestro hoy en d\u00eda hay que estar: l\u00facidos para entender la realidad, valientes para enfrentarla y apasionados para transformarla","author":"Web del Maestro CMF","date":"22 noviembre, 2025","format":false,"excerpt":"En medio de exigencias crecientes y poco apoyo, el maestro sostiene el aula con lucidez, valent\u00eda, pasi\u00f3n y profundo compromiso.","rel":"","context":"En \u00abYo opino - WMCMF\u00bb","block_context":{"text":"Yo opino - WMCMF","link":"https:\/\/webdelmaestrocmf.com\/portal\/category\/jamb\/"},"img":{"alt_text":"","src":"https:\/\/i0.wp.com\/webdelmaestrocmf.com\/portal\/wp-content\/uploads\/2025\/11\/1A-Banner-1-portada-imagen-10-1-copia-1-5.webp?resize=350%2C200&ssl=1","width":350,"height":200,"srcset":"https:\/\/i0.wp.com\/webdelmaestrocmf.com\/portal\/wp-content\/uploads\/2025\/11\/1A-Banner-1-portada-imagen-10-1-copia-1-5.webp?resize=350%2C200&ssl=1 1x, https:\/\/i0.wp.com\/webdelmaestrocmf.com\/portal\/wp-content\/uploads\/2025\/11\/1A-Banner-1-portada-imagen-10-1-copia-1-5.webp?resize=525%2C300&ssl=1 1.5x, https:\/\/i0.wp.com\/webdelmaestrocmf.com\/portal\/wp-content\/uploads\/2025\/11\/1A-Banner-1-portada-imagen-10-1-copia-1-5.webp?resize=700%2C400&ssl=1 2x"},"classes":[]},{"id":113143,"url":"https:\/\/webdelmaestrocmf.com\/portal\/los-profesores-somos-carne-de-canon-del-sistema-educativo\/","url_meta":{"origin":37345,"position":1},"title":"Los profesores somos carne de ca\u00f1\u00f3n del sistema educativo. Somos quienes ponemos el cuerpo y el alma en medio del caos: pol\u00edticas improvisadas, decisiones injustas, violencia creciente y salarios paup\u00e9rrimos","author":"Web del Maestro CMF","date":"4 noviembre, 2025","format":false,"excerpt":"Nos exigen todo y nos protegen de nada. Siempre en la primera l\u00ednea cuando hay que recibir cr\u00edticas, pero nunca cuando se trata de recibir apoyo. Mientras otros deciden desde un escritorio, el maestro es quien sangra en silencio dentro del aula, sosteniendo un sistema que se cae a pedazos.","rel":"","context":"En \u00abYo opino - WMCMF\u00bb","block_context":{"text":"Yo opino - WMCMF","link":"https:\/\/webdelmaestrocmf.com\/portal\/category\/jamb\/"},"img":{"alt_text":"","src":"https:\/\/i0.wp.com\/webdelmaestrocmf.com\/portal\/wp-content\/uploads\/2025\/11\/1A-Banner-1-portada-imagen-10-1-copia-2-1.webp?resize=350%2C200&ssl=1","width":350,"height":200,"srcset":"https:\/\/i0.wp.com\/webdelmaestrocmf.com\/portal\/wp-content\/uploads\/2025\/11\/1A-Banner-1-portada-imagen-10-1-copia-2-1.webp?resize=350%2C200&ssl=1 1x, https:\/\/i0.wp.com\/webdelmaestrocmf.com\/portal\/wp-content\/uploads\/2025\/11\/1A-Banner-1-portada-imagen-10-1-copia-2-1.webp?resize=525%2C300&ssl=1 1.5x, https:\/\/i0.wp.com\/webdelmaestrocmf.com\/portal\/wp-content\/uploads\/2025\/11\/1A-Banner-1-portada-imagen-10-1-copia-2-1.webp?resize=700%2C400&ssl=1 2x"},"classes":[]},{"id":37479,"url":"https:\/\/webdelmaestrocmf.com\/portal\/dia-del-padre-y-maestro\/","url_meta":{"origin":37345,"position":2},"title":"Gratitud al Padre y Maestro","author":"Web del Maestro CMF","date":"15 junio, 2025","format":false,"excerpt":"Se atribuye al escritor colombiano Gabriel Garc\u00eda M\u00e1rquez la frase que \u201ccuando un reci\u00e9n nacido aprieta con su peque\u00f1o pu\u00f1o, por primera vez, el dedo de su padre, lo tiene atrapado para siempre\u201d. Y en nuestra experiencia, una de las primeras palabras que pronunciamos al comenzar a comunicarnos\u00a0 es la\u2026","rel":"","context":"En \u00abYo opino - WMCMF\u00bb","block_context":{"text":"Yo opino - WMCMF","link":"https:\/\/webdelmaestrocmf.com\/portal\/category\/jamb\/"},"img":{"alt_text":"","src":"https:\/\/i0.wp.com\/webdelmaestrocmf.com\/portal\/wp-content\/uploads\/2021\/06\/Banner-1-portada-imagen-10-1-2024-06-16T122100.139.jpg?resize=350%2C200&ssl=1","width":350,"height":200,"srcset":"https:\/\/i0.wp.com\/webdelmaestrocmf.com\/portal\/wp-content\/uploads\/2021\/06\/Banner-1-portada-imagen-10-1-2024-06-16T122100.139.jpg?resize=350%2C200&ssl=1 1x, https:\/\/i0.wp.com\/webdelmaestrocmf.com\/portal\/wp-content\/uploads\/2021\/06\/Banner-1-portada-imagen-10-1-2024-06-16T122100.139.jpg?resize=525%2C300&ssl=1 1.5x, https:\/\/i0.wp.com\/webdelmaestrocmf.com\/portal\/wp-content\/uploads\/2021\/06\/Banner-1-portada-imagen-10-1-2024-06-16T122100.139.jpg?resize=700%2C400&ssl=1 2x"},"classes":[]},{"id":117866,"url":"https:\/\/webdelmaestrocmf.com\/portal\/padre-de-familia-escribe-una-polemica-carta-al-profesor-de-su-hijo-la-educacion-de-mi-hijo-es-su-trabajo\/","url_meta":{"origin":37345,"position":3},"title":"Padre de familia escribe una pol\u00e9mica carta al profesor de su hijo: \u201cLa educaci\u00f3n de mi hijo es su trabajo\u201d","author":"Web del Maestro CMF","date":"16 abril, 2026","format":false,"excerpt":"La educaci\u00f3n no es responsabilidad exclusiva del docente. Sin el compromiso de la familia, el aprendizaje se debilita. Educar exige corresponsabilidad, respeto mutuo y una alianza s\u00f3lida entre hogar y escuela.","rel":"","context":"En \u00abNoticias Internacionales\u00bb","block_context":{"text":"Noticias Internacionales","link":"https:\/\/webdelmaestrocmf.com\/portal\/category\/noticias-internacionales\/"},"img":{"alt_text":"","src":"https:\/\/i0.wp.com\/webdelmaestrocmf.com\/portal\/wp-content\/uploads\/2026\/04\/1AA-Banner-1-portada-imagen-10-1-copia-24.webp?resize=350%2C200&ssl=1","width":350,"height":200,"srcset":"https:\/\/i0.wp.com\/webdelmaestrocmf.com\/portal\/wp-content\/uploads\/2026\/04\/1AA-Banner-1-portada-imagen-10-1-copia-24.webp?resize=350%2C200&ssl=1 1x, https:\/\/i0.wp.com\/webdelmaestrocmf.com\/portal\/wp-content\/uploads\/2026\/04\/1AA-Banner-1-portada-imagen-10-1-copia-24.webp?resize=525%2C300&ssl=1 1.5x, https:\/\/i0.wp.com\/webdelmaestrocmf.com\/portal\/wp-content\/uploads\/2026\/04\/1AA-Banner-1-portada-imagen-10-1-copia-24.webp?resize=700%2C400&ssl=1 2x, https:\/\/i0.wp.com\/webdelmaestrocmf.com\/portal\/wp-content\/uploads\/2026\/04\/1AA-Banner-1-portada-imagen-10-1-copia-24.webp?resize=1050%2C600&ssl=1 3x"},"classes":[]},{"id":15528,"url":"https:\/\/webdelmaestrocmf.com\/portal\/que-hacer-para-aplicar-limites-y-normas-en-los-ninos\/","url_meta":{"origin":37345,"position":4},"title":"\u00bfQU\u00c9 HACER PARA APLICAR L\u00cdMITES Y NORMAS EN LOS NI\u00d1OS?","author":"Web del Maestro CMF","date":"3 marzo, 2017","format":false,"excerpt":"Crecer con l\u00edmites, aceptarlos y respetarlos \u201cconstruye la libertad, la fortalece y la educa, evitando que la persona se vuelva esclava de inclinaciones compulsivas deshumanizantes y antisociales. Porque la misma dignidad humana exige que cada uno \u00abact\u00fae seg\u00fan una elecci\u00f3n consciente y libre, es decir, movido e inducido personalmente desde\u2026","rel":"","context":"En \u00abVideo I\u00bb","block_context":{"text":"Video I","link":"https:\/\/webdelmaestrocmf.com\/portal\/category\/video\/"},"img":{"alt_text":"","src":"https:\/\/i0.wp.com\/webdelmaestrocmf.com\/portal\/wp-content\/uploads\/2017\/03\/limites.jpg?resize=350%2C200","width":350,"height":200,"srcset":"https:\/\/i0.wp.com\/webdelmaestrocmf.com\/portal\/wp-content\/uploads\/2017\/03\/limites.jpg?resize=350%2C200 1x, https:\/\/i0.wp.com\/webdelmaestrocmf.com\/portal\/wp-content\/uploads\/2017\/03\/limites.jpg?resize=525%2C300 1.5x, https:\/\/i0.wp.com\/webdelmaestrocmf.com\/portal\/wp-content\/uploads\/2017\/03\/limites.jpg?resize=700%2C400 2x"},"classes":[]},{"id":113123,"url":"https:\/\/webdelmaestrocmf.com\/portal\/pablo-duchement-el-acoso-escolar-no-depende-del-colegio-sino-de-la-naturaleza-humana\/","url_meta":{"origin":37345,"position":5},"title":"Pablo Duchement: \u201cEl acoso escolar no depende del colegio, sino de la naturaleza humana\u201d","author":"Web del Maestro CMF","date":"3 noviembre, 2025","format":false,"excerpt":"El acoso escolar no depende del colegio, sino de la naturaleza humana; gestionarlo bien exige formaci\u00f3n, conciencia y acci\u00f3n inmediata.","rel":"","context":"En \u00abEntrevistas\u00bb","block_context":{"text":"Entrevistas","link":"https:\/\/webdelmaestrocmf.com\/portal\/category\/noticias\/entrevistas\/"},"img":{"alt_text":"","src":"https:\/\/i0.wp.com\/webdelmaestrocmf.com\/portal\/wp-content\/uploads\/2025\/11\/1A-Banner-1-portada-imagen-10-1-copia-2.webp?resize=350%2C200&ssl=1","width":350,"height":200,"srcset":"https:\/\/i0.wp.com\/webdelmaestrocmf.com\/portal\/wp-content\/uploads\/2025\/11\/1A-Banner-1-portada-imagen-10-1-copia-2.webp?resize=350%2C200&ssl=1 1x, https:\/\/i0.wp.com\/webdelmaestrocmf.com\/portal\/wp-content\/uploads\/2025\/11\/1A-Banner-1-portada-imagen-10-1-copia-2.webp?resize=525%2C300&ssl=1 1.5x, https:\/\/i0.wp.com\/webdelmaestrocmf.com\/portal\/wp-content\/uploads\/2025\/11\/1A-Banner-1-portada-imagen-10-1-copia-2.webp?resize=700%2C400&ssl=1 2x"},"classes":[]}],"_links":{"self":[{"href":"https:\/\/webdelmaestrocmf.com\/portal\/wp-json\/wp\/v2\/posts\/37345","targetHints":{"allow":["GET"]}}],"collection":[{"href":"https:\/\/webdelmaestrocmf.com\/portal\/wp-json\/wp\/v2\/posts"}],"about":[{"href":"https:\/\/webdelmaestrocmf.com\/portal\/wp-json\/wp\/v2\/types\/post"}],"author":[{"embeddable":true,"href":"https:\/\/webdelmaestrocmf.com\/portal\/wp-json\/wp\/v2\/users\/1"}],"replies":[{"embeddable":true,"href":"https:\/\/webdelmaestrocmf.com\/portal\/wp-json\/wp\/v2\/comments?post=37345"}],"version-history":[{"count":3,"href":"https:\/\/webdelmaestrocmf.com\/portal\/wp-json\/wp\/v2\/posts\/37345\/revisions"}],"predecessor-version":[{"id":117072,"href":"https:\/\/webdelmaestrocmf.com\/portal\/wp-json\/wp\/v2\/posts\/37345\/revisions\/117072"}],"wp:featuredmedia":[{"embeddable":true,"href":"https:\/\/webdelmaestrocmf.com\/portal\/wp-json\/wp\/v2\/media\/106471"}],"wp:attachment":[{"href":"https:\/\/webdelmaestrocmf.com\/portal\/wp-json\/wp\/v2\/media?parent=37345"}],"wp:term":[{"taxonomy":"category","embeddable":true,"href":"https:\/\/webdelmaestrocmf.com\/portal\/wp-json\/wp\/v2\/categories?post=37345"},{"taxonomy":"post_tag","embeddable":true,"href":"https:\/\/webdelmaestrocmf.com\/portal\/wp-json\/wp\/v2\/tags?post=37345"}],"curies":[{"name":"wp","href":"https:\/\/api.w.org\/{rel}","templated":true}]}}