{"id":36772,"date":"2019-05-14T13:09:54","date_gmt":"2019-05-14T17:09:54","guid":{"rendered":"http:\/\/webdelmaestrocmf.com\/portal\/?p=36772"},"modified":"2023-03-16T11:28:08","modified_gmt":"2023-03-16T14:28:08","slug":"cree-usted-que-la-excesiva-decoracion-en-las-aulas-disminuyen-la-atencion-y-concentracion-de-los-ninos","status":"publish","type":"post","link":"https:\/\/webdelmaestrocmf.com\/portal\/cree-usted-que-la-excesiva-decoracion-en-las-aulas-disminuyen-la-atencion-y-concentracion-de-los-ninos\/","title":{"rendered":"\u00bfCree usted que la excesiva decoraci\u00f3n en las aulas disminuyen la atenci\u00f3n y concentraci\u00f3n de los ni\u00f1os?"},"content":{"rendered":"<h5 style=\"text-align: justify;\">La Universidad Concordia en Portland (Oregon) refiere la importancia de<strong>\u00a0proveer ambientes escolares c\u00f3modos y positivos que contribuyan a una mejor din\u00e1mica en la comunidad estudianti<\/strong>l.\u00a0A simple vista, se creer\u00eda que un aula aseada y en buen estado basta para que los estudiantes rindan al m\u00e1ximo acad\u00e9micamente, sin embargo, los expertos opinan lo contrario.<\/h5>\n<p><!--more--><\/p>\n<h5 style=\"text-align: justify;\">Un entorno de alta calidad significa\u00a0<strong>un ambiente capaz de hacer que los estudiantes se sientan valorados y seguros, un espacio pensado para promover la autoestima y la motivaci\u00f3n de los ni\u00f1os<\/strong>. Esto no se obtiene necesariamente con aulas excesivamente decoradas o cargadas de informaci\u00f3n, tampoco es suficiente una buena infraestructura. Lo importante, seg\u00fan los expertos, es\u00a0<strong>dise\u00f1ar espacios que puedan hacer a los ni\u00f1os sentir como en casa<\/strong>.<\/h5>\n<p style=\"text-align: justify;\">Un estudio conducido por la Dra. Sheryl\u00a0Reinisch, decana de la Escuela de Educaci\u00f3n de la Universidad Concordia, sugiere que los entornos escolares que hacen a los ni\u00f1os sentir como si estuvieran en casa\u00a0<strong>promueven el desarrollo de fuertes v\u00ednculos de pertenencia que facilitan el aprendizaje<\/strong>.<\/p>\n<p style=\"text-align: justify;\">Hacer del aula un sitio que recuerde a los ni\u00f1os el calor del hogar<strong>\u00a0no tiene nada que ver con motivos aleg\u00f3ricos o paredes cargadas de dise\u00f1o<\/strong>, sino elementos simples como espacios de lectura c\u00f3modos, peces, plantas y exhibiciones de obras de arte de los estudiantes. Puede terminar de leer el art\u00edculo en la siguiente direcci\u00f3n:\u00a0<a href=\"http:\/\/elartedesabervivir.com\/aprendizaje-aulas-ninos\/\" target=\"_blank\" rel=\"noopener noreferrer\">La decoraci\u00f3n excesiva en las aulas disminuye la atenci\u00f3n de los ni\u00f1os<\/a><\/p>\n<p><img loading=\"lazy\" decoding=\"async\" class=\"alignnone size-full wp-image-36777\" src=\"http:\/\/webdelmaestrocmf.com\/portal\/wp-content\/uploads\/2019\/05\/2-1.jpeg\" alt=\"\" width=\"900\" height=\"600\" srcset=\"https:\/\/webdelmaestrocmf.com\/portal\/wp-content\/uploads\/2019\/05\/2-1.jpeg 900w, https:\/\/webdelmaestrocmf.com\/portal\/wp-content\/uploads\/2019\/05\/2-1-300x200.jpeg 300w, https:\/\/webdelmaestrocmf.com\/portal\/wp-content\/uploads\/2019\/05\/2-1-768x512.jpeg 768w, https:\/\/webdelmaestrocmf.com\/portal\/wp-content\/uploads\/2019\/05\/2-1-700x466.jpeg 700w\" sizes=\"auto, (max-width: 900px) 100vw, 900px\" \/><\/p>\n<p style=\"text-align: justify;\">A continuaci\u00f3n compartimos con fines educativos la publicaci\u00f3n del Blog <a href=\"http:\/\/ecohabitar.org\" target=\"_blank\" rel=\"noopener noreferrer\">EcoHabitar<\/a> en donde un buen an\u00e1lisis sobre la decoraci\u00f3n excesiva en los salones de clases. Esperamos que sea de utilidad para la comunidad docente.<\/p>\n<h5 data-animate=\"fadeInUp\">La decoraci\u00f3n del aula puede entorpecer el aprendizaje de los ni\u00f1os<\/h5>\n<p style=\"text-align: justify;\">Mapas, l\u00edneas de n\u00fameros, formas, obras de arte y otros materiales tienden a cubrir las paredes del aula de primaria. Sin embargo, una nueva investigaci\u00f3n de la<a href=\"http:\/\/www.cmu.edu\/index.shtml\" target=\"_blank\" rel=\"noopener noreferrer\">\u00a0Universidad Carnegie Mellon<\/a>\u00a0muestra que demasiado de una buena cosa puede terminar alterando la atenci\u00f3n y el aprendizaje en los ni\u00f1os peque\u00f1os.<\/p>\n<p style=\"text-align: justify;\">Publicado en la revista\u00a0<a href=\"http:\/\/pss.sagepub.com\/content\/early\/2014\/05\/20\/0956797614533801.abstract\" target=\"_blank\" rel=\"noopener noreferrer\">Psychological Science<\/a>, investigadores analizaron si las decoraciones del aula afectaron la capacidad de los ni\u00f1os para mantener la atenci\u00f3n durante la instrucci\u00f3n y aprender el contenido de la lecci\u00f3n. Encontraron que los ni\u00f1os en aulas muy decoradas eran m\u00e1s distra\u00eddos, pasaron m\u00e1s tiempo sin prestar atenci\u00f3n a la tarea y demostraron peque\u00f1os avances en el aprendizaje, que cuando se retiraron las decoraciones.<\/p>\n<p style=\"text-align: justify;\">\u00abLos ni\u00f1os peque\u00f1os pasan mucho tiempo \u2013 por lo general todo el d\u00eda \u2013 en el mismo sal\u00f3n de clases, y hemos demostrado que el entorno visual de un sal\u00f3n de clases puede afectar el aprendizaje\u00bb, dijo\u00a0<a href=\"http:\/\/hss.cmu.edu\/\" target=\"_blank\" rel=\"noopener noreferrer\">Ana Fisher<\/a>, autora principal y profesora asociada de psicolog\u00eda en la\u00a0<a href=\"http:\/\/hss.cmu.edu\/\" target=\"_blank\" rel=\"noopener noreferrer\">Dietrich College of Humanities and Social Sciences<\/a>. (Ver video con entrevista)<\/p>\n<p style=\"text-align: justify;\">\u00abNo estamos sugiriendo de ninguna manera que esta es la respuesta a todos los problemas educativos. Adem\u00e1s, se necesita m\u00e1s investigaci\u00f3n para saber el efecto del entorno visual del aula sobre la atenci\u00f3n de los ni\u00f1os y el aprendizaje en las aulas reales\u00bb, dijo Fisher, \u00abPor lo tanto, la sugerencia es que en lugar de quitar todas las decoraciones, los profesores deben considerar si algunas de sus pantallas visuales puedan distraer a los ni\u00f1os peque\u00f1os\u00bb.<\/p>\n<p style=\"text-align: justify;\">Para el estudio, 24 estudiantes de jard\u00edn infantil fueron colocados en aulas de laboratorio durante seis lecciones introductorias sobre temas con los que no estaban familiarizados. Tres lecciones fueron impartidas en un aula muy decorada, y tres lecciones se dieron en un aula con escasa decoraci\u00f3n.<\/p>\n<p><img loading=\"lazy\" decoding=\"async\" class=\"size-full wp-image-36778\" src=\"http:\/\/webdelmaestrocmf.com\/portal\/wp-content\/uploads\/2019\/05\/1-39.jpg\" alt=\"\" width=\"1600\" height=\"1200\" srcset=\"https:\/\/webdelmaestrocmf.com\/portal\/wp-content\/uploads\/2019\/05\/1-39.jpg 1600w, https:\/\/webdelmaestrocmf.com\/portal\/wp-content\/uploads\/2019\/05\/1-39-300x225.jpg 300w, https:\/\/webdelmaestrocmf.com\/portal\/wp-content\/uploads\/2019\/05\/1-39-768x576.jpg 768w, https:\/\/webdelmaestrocmf.com\/portal\/wp-content\/uploads\/2019\/05\/1-39-1024x768.jpg 1024w\" sizes=\"auto, (max-width: 1600px) 100vw, 1600px\" \/><\/p>\n<p style=\"text-align: justify;\">Los resultados mostraron que mientras que los ni\u00f1os aprendieron en los dos tipos de clase, aprendieron m\u00e1s cuando la habitaci\u00f3n no estaba muy decorada. En concreto, la exactitud de respuestas de los ni\u00f1os en las preguntas de la prueba fue mayor en el sal\u00f3n de clases con escasa decoraci\u00f3n (55% correcto) que en el aula decorada (42% correcto).<\/p>\n<p style=\"text-align: justify;\">\u00abTambi\u00e9n est\u00e1bamos interesados en saber si al eliminar las representaciones visuales, la atenci\u00f3n de los ni\u00f1os se desplazar\u00eda a otra distracci\u00f3n, como hablar con sus compa\u00f1eros, y si la cantidad total de tiempo que estaban distra\u00eddos seguir\u00eda siendo el mismo\u00bb, dijo Godwin, un doctorando en psicolog\u00eda y miembro del\u00a0<a href=\"http:\/\/www.cmu.edu\/pier\/index.html\" target=\"_blank\" rel=\"noopener noreferrer\">Programa de Investigaci\u00f3n en Educaci\u00f3n Interdisciplinaria<\/a>\u00a0(PIER).<\/p>\n<p style=\"text-align: justify;\">Sin embargo, cuando los investigadores contaron todo el tiempo que los ni\u00f1os pasaban fuera de la tarea en los dos tipos de aulas, la tasa de la conducta fuera de la tarea fue m\u00e1s alta en el aula decorada (38,6% pas\u00f3 fuera de la tarea) que en el sal\u00f3n de clases con escasa decoraci\u00f3n (28,4% de tiempo pasado fuera de la tarea).<\/p>\n<p style=\"text-align: justify;\">Los investigadores esperan que estos hallazgos conduzcan a m\u00e1s estudios sobre el desarrollo de directrices para ayudar a los profesores de manera \u00f3ptima el dise\u00f1o de las aulas.<\/p>\n<p style=\"text-align: justify;\"><strong>Este contenido ha sido publicado originalmente por EcoHabitar en la siguiente direcci\u00f3n: <a href=\"http:\/\/ecohabitar.org\" target=\"_blank\" rel=\"noopener noreferrer\">ecohabitar.org<\/a><\/strong><\/p>\n<h3>MATERIAL DE DESCARGA:<\/h3>\n<p style=\"text-align: center;\">\u00a1Comparte y as\u00ed m\u00e1s docentes utilizar\u00e1n estos recursos\u00a0gratis! Muchas gracias.<\/p>\n<p style=\"text-align: center;\">DESCARGA: <a href=\"https:\/\/mega.nz\/#F!2nwh1CbZ!WXa2vL1KD5JlpbnUJEisTQ\" target=\"_blank\" rel=\"noopener noreferrer\">LOS AMBIENTES DE AULA QUE PROMUEVEN EL APRENDIZAJE<\/a><\/p>\n\t\t<div class=\"pk-inline-posts\">\n\t\t\t\n\t\t\t<div class=\"pk-inline-posts-container pk-inline-posts-template-list\"\n\t\t\t\tdata-columns=\"1\">\n\t\t\t\t\t\t<article id=\"post-7600\" class=\"post-7600 post type-post status-publish format-gallery has-post-thumbnail category-infraestructura category-pedagogia tag-aula tag-colegio-vittra tag-diseno tag-suecia post_format-post-format-gallery cs-entry cs-video-wrap\">\n\t\t\t<div class=\"pk-post-outer\">\n\n\t\t\t\t\t\t\t\t<div class=\"pk-post-inner\">\n\t\t\t\t\t<div class=\"entry-thumbnail\">\n\t\t\t\t\t\t<div class=\"pk-overlay pk-overlay-ratio pk-ratio-landscape\">\n\t\t\t\t\t\t\t<div class=\"pk-overlay-background\">\n\t\t\t\t\t\t\t\t<a href=\"https:\/\/webdelmaestrocmf.com\/portal\/cree-usted-que-el-diseno-de-las-aulas-es-un-tema-importante\/\" class=\"pk-overlay-link\">\n\t\t\t\t\t\t\t\t\t<img loading=\"lazy\" decoding=\"async\" width=\"300\" height=\"225\" src=\"https:\/\/webdelmaestrocmf.com\/portal\/wp-content\/uploads\/2020\/02\/1AA-Banner-1-portada-imagen-10-1-copia-6-300x225.webp\" class=\"attachment-pk-thumbnail size-pk-thumbnail wp-post-image\" alt=\"\" \/>\t\t\t\t\t\t\t\t<\/a>\n\t\t\t\t\t\t\t<\/div>\n\t\t\t\t\t\t<\/div>\n\t\t\t\t\t<\/div>\n\t\t\t\t<\/div>\n\t\t\t\t\n\t\t\t\t<div class=\"pk-post-inner\">\n\t\t\t\t\t<header>\n\t\t\t\t\t\t<h3 class=\"pk-title\"><a href=\"https:\/\/webdelmaestrocmf.com\/portal\/cree-usted-que-el-diseno-de-las-aulas-es-un-tema-importante\/\" rel=\"bookmark\">\u00bfImporta el dise\u00f1o del aula? \u00bfY la cantidad de alumnos? \u00bfLa distribuci\u00f3n?<\/a><\/h3>\t\t\t\t\t<\/header><!-- .entry-header -->\n\t\t\t\t<\/div><!-- .post-inner -->\n\n\t\t\t<\/div><!-- .post-outer -->\n\t\t<\/article>\n\t\t\t\t<\/div>\n\t\t<\/div>\n\t\t\n","protected":false},"excerpt":{"rendered":"La Universidad Concordia en Portland (Oregon) refiere la importancia de\u00a0proveer ambientes escolares c\u00f3modos y positivos que contribuyan a&hellip;","protected":false},"author":1,"featured_media":68205,"comment_status":"open","ping_status":"closed","sticky":false,"template":"","format":"standard","meta":{"csco_display_header_overlay":false,"csco_singular_sidebar":"default","csco_page_header_type":"default","csco_page_load_nextpost":"default","csco_post_video_location":[],"csco_post_video_location_hash":"","csco_post_video_url":"","csco_post_video_bg_start_time":0,"csco_post_video_bg_end_time":0,"csco_post_video_bg_volume":false,"_jetpack_memberships_contains_paid_content":false,"footnotes":""},"categories":[702,735],"tags":[691,1865,3041,4270,4271,4269,297],"class_list":{"0":"post-36772","1":"post","2":"type-post","3":"status-publish","4":"format-standard","5":"has-post-thumbnail","7":"category-infraestructura","8":"category-pedagogia","9":"tag-atencion","10":"tag-aulas","11":"tag-concentracion","12":"tag-decoracion","13":"tag-disminuyen","14":"tag-excesiva","15":"tag-ninos","16":"cs-entry","17":"cs-video-wrap"},"yoast_head":"<!-- This site is optimized with the Yoast SEO plugin v27.5 - https:\/\/yoast.com\/product\/yoast-seo-wordpress\/ -->\n<title>\u00bfCree usted que la excesiva decoraci\u00f3n en las aulas disminuyen la atenci\u00f3n y concentraci\u00f3n de los ni\u00f1os? - 2026<\/title>\n<meta name=\"description\" content=\"Un entorno de alta calidad significa\u00a0un ambiente capaz de hacer que los estudiantes se sientan valorados y seguros, un espacio pensado...\" \/>\n<meta name=\"robots\" content=\"index, follow, max-snippet:-1, max-image-preview:large, max-video-preview:-1\" \/>\n<link rel=\"canonical\" href=\"https:\/\/webdelmaestrocmf.com\/portal\/cree-usted-que-la-excesiva-decoracion-en-las-aulas-disminuyen-la-atencion-y-concentracion-de-los-ninos\/\" \/>\n<meta property=\"og:locale\" content=\"es_ES\" \/>\n<meta property=\"og:type\" content=\"article\" \/>\n<meta property=\"og:title\" content=\"\u00bfCree usted que la excesiva decoraci\u00f3n en las aulas disminuyen la atenci\u00f3n y concentraci\u00f3n de los ni\u00f1os? - 2026\" \/>\n<meta property=\"og:description\" content=\"Un entorno de alta calidad significa\u00a0un ambiente capaz de hacer que los estudiantes se sientan valorados y seguros, un espacio pensado...\" \/>\n<meta property=\"og:url\" content=\"https:\/\/webdelmaestrocmf.com\/portal\/cree-usted-que-la-excesiva-decoracion-en-las-aulas-disminuyen-la-atencion-y-concentracion-de-los-ninos\/\" \/>\n<meta property=\"og:site_name\" content=\"Web del Maestro CMF\" \/>\n<meta property=\"article:publisher\" content=\"https:\/\/www.facebook.com\/WebdelMaestroCMF\/\" \/>\n<meta property=\"article:author\" content=\"https:\/\/www.facebook.com\/WebdelMaestroCMF\/\" \/>\n<meta property=\"article:published_time\" content=\"2019-05-14T17:09:54+00:00\" \/>\n<meta property=\"article:modified_time\" content=\"2023-03-16T14:28:08+00:00\" \/>\n<meta property=\"og:image\" content=\"https:\/\/i0.wp.com\/webdelmaestrocmf.com\/portal\/wp-content\/uploads\/2019\/05\/1-127.jpg?fit=1100%2C680&ssl=1\" \/>\n\t<meta property=\"og:image:width\" content=\"1100\" \/>\n\t<meta property=\"og:image:height\" content=\"680\" \/>\n\t<meta property=\"og:image:type\" content=\"image\/jpeg\" \/>\n<meta name=\"author\" content=\"Web del Maestro CMF\" \/>\n<meta name=\"twitter:card\" content=\"summary_large_image\" \/>\n<meta name=\"twitter:creator\" content=\"@cmf_w\" \/>\n<meta name=\"twitter:site\" content=\"@cmf_w\" \/>\n<script type=\"application\/ld+json\" class=\"yoast-schema-graph\">{\"@context\":\"https:\\\/\\\/schema.org\",\"@graph\":[{\"@type\":\"ScholarlyArticle\",\"@id\":\"https:\\\/\\\/webdelmaestrocmf.com\\\/portal\\\/cree-usted-que-la-excesiva-decoracion-en-las-aulas-disminuyen-la-atencion-y-concentracion-de-los-ninos\\\/#article\",\"isPartOf\":{\"@id\":\"https:\\\/\\\/webdelmaestrocmf.com\\\/portal\\\/cree-usted-que-la-excesiva-decoracion-en-las-aulas-disminuyen-la-atencion-y-concentracion-de-los-ninos\\\/\"},\"author\":{\"name\":\"Web del Maestro CMF\",\"@id\":\"https:\\\/\\\/webdelmaestrocmf.com\\\/portal\\\/#\\\/schema\\\/person\\\/1072a2ed7bd960df8ef99a551fa35dc5\"},\"headline\":\"\u00bfCree usted que la excesiva decoraci\u00f3n en las aulas disminuyen la atenci\u00f3n y concentraci\u00f3n de los ni\u00f1os?\",\"datePublished\":\"2019-05-14T17:09:54+00:00\",\"dateModified\":\"2023-03-16T14:28:08+00:00\",\"mainEntityOfPage\":{\"@id\":\"https:\\\/\\\/webdelmaestrocmf.com\\\/portal\\\/cree-usted-que-la-excesiva-decoracion-en-las-aulas-disminuyen-la-atencion-y-concentracion-de-los-ninos\\\/\"},\"wordCount\":922,\"commentCount\":0,\"publisher\":{\"@id\":\"https:\\\/\\\/webdelmaestrocmf.com\\\/portal\\\/#organization\"},\"image\":{\"@id\":\"https:\\\/\\\/webdelmaestrocmf.com\\\/portal\\\/cree-usted-que-la-excesiva-decoracion-en-las-aulas-disminuyen-la-atencion-y-concentracion-de-los-ninos\\\/#primaryimage\"},\"thumbnailUrl\":\"https:\\\/\\\/webdelmaestrocmf.com\\\/portal\\\/wp-content\\\/uploads\\\/2019\\\/05\\\/1-127.jpg\",\"keywords\":[\"ATENCI\u00d3N\",\"AULAS\",\"CONCENTRACI\u00d3N\",\"DECORACI\u00d3N\",\"DISMINUYEN\",\"EXCESIVA\",\"Ni\u00f1os\"],\"articleSection\":[\"Infraestructura\",\"Recursos\"],\"inLanguage\":\"es\",\"potentialAction\":[{\"@type\":\"CommentAction\",\"name\":\"Comment\",\"target\":[\"https:\\\/\\\/webdelmaestrocmf.com\\\/portal\\\/cree-usted-que-la-excesiva-decoracion-en-las-aulas-disminuyen-la-atencion-y-concentracion-de-los-ninos\\\/#respond\"]}]},{\"@type\":\"WebPage\",\"@id\":\"https:\\\/\\\/webdelmaestrocmf.com\\\/portal\\\/cree-usted-que-la-excesiva-decoracion-en-las-aulas-disminuyen-la-atencion-y-concentracion-de-los-ninos\\\/\",\"url\":\"https:\\\/\\\/webdelmaestrocmf.com\\\/portal\\\/cree-usted-que-la-excesiva-decoracion-en-las-aulas-disminuyen-la-atencion-y-concentracion-de-los-ninos\\\/\",\"name\":\"\u00bfCree usted que la excesiva decoraci\u00f3n en las aulas disminuyen la atenci\u00f3n y concentraci\u00f3n de los ni\u00f1os? - 2026\",\"isPartOf\":{\"@id\":\"https:\\\/\\\/webdelmaestrocmf.com\\\/portal\\\/#website\"},\"primaryImageOfPage\":{\"@id\":\"https:\\\/\\\/webdelmaestrocmf.com\\\/portal\\\/cree-usted-que-la-excesiva-decoracion-en-las-aulas-disminuyen-la-atencion-y-concentracion-de-los-ninos\\\/#primaryimage\"},\"image\":{\"@id\":\"https:\\\/\\\/webdelmaestrocmf.com\\\/portal\\\/cree-usted-que-la-excesiva-decoracion-en-las-aulas-disminuyen-la-atencion-y-concentracion-de-los-ninos\\\/#primaryimage\"},\"thumbnailUrl\":\"https:\\\/\\\/webdelmaestrocmf.com\\\/portal\\\/wp-content\\\/uploads\\\/2019\\\/05\\\/1-127.jpg\",\"datePublished\":\"2019-05-14T17:09:54+00:00\",\"dateModified\":\"2023-03-16T14:28:08+00:00\",\"description\":\"Un entorno de alta calidad significa\u00a0un ambiente capaz de hacer que los estudiantes se sientan valorados y seguros, un espacio pensado...\",\"breadcrumb\":{\"@id\":\"https:\\\/\\\/webdelmaestrocmf.com\\\/portal\\\/cree-usted-que-la-excesiva-decoracion-en-las-aulas-disminuyen-la-atencion-y-concentracion-de-los-ninos\\\/#breadcrumb\"},\"inLanguage\":\"es\",\"potentialAction\":[{\"@type\":\"ReadAction\",\"target\":[\"https:\\\/\\\/webdelmaestrocmf.com\\\/portal\\\/cree-usted-que-la-excesiva-decoracion-en-las-aulas-disminuyen-la-atencion-y-concentracion-de-los-ninos\\\/\"]}]},{\"@type\":\"ImageObject\",\"inLanguage\":\"es\",\"@id\":\"https:\\\/\\\/webdelmaestrocmf.com\\\/portal\\\/cree-usted-que-la-excesiva-decoracion-en-las-aulas-disminuyen-la-atencion-y-concentracion-de-los-ninos\\\/#primaryimage\",\"url\":\"https:\\\/\\\/webdelmaestrocmf.com\\\/portal\\\/wp-content\\\/uploads\\\/2019\\\/05\\\/1-127.jpg\",\"contentUrl\":\"https:\\\/\\\/webdelmaestrocmf.com\\\/portal\\\/wp-content\\\/uploads\\\/2019\\\/05\\\/1-127.jpg\",\"width\":1100,\"height\":680},{\"@type\":\"BreadcrumbList\",\"@id\":\"https:\\\/\\\/webdelmaestrocmf.com\\\/portal\\\/cree-usted-que-la-excesiva-decoracion-en-las-aulas-disminuyen-la-atencion-y-concentracion-de-los-ninos\\\/#breadcrumb\",\"itemListElement\":[{\"@type\":\"ListItem\",\"position\":1,\"name\":\"Portada\",\"item\":\"https:\\\/\\\/webdelmaestrocmf.com\\\/portal\\\/\"},{\"@type\":\"ListItem\",\"position\":2,\"name\":\"Recursos\",\"item\":\"https:\\\/\\\/webdelmaestrocmf.com\\\/portal\\\/category\\\/pedagogia\\\/\"},{\"@type\":\"ListItem\",\"position\":3,\"name\":\"\u00bfCree usted que la excesiva decoraci\u00f3n en las aulas disminuyen la atenci\u00f3n y concentraci\u00f3n de los ni\u00f1os?\"}]},{\"@type\":\"WebSite\",\"@id\":\"https:\\\/\\\/webdelmaestrocmf.com\\\/portal\\\/#website\",\"url\":\"https:\\\/\\\/webdelmaestrocmf.com\\\/portal\\\/\",\"name\":\"Web del Maestro CMF\",\"description\":\"Maestros al servicio de la educaci\u00f3n\",\"publisher\":{\"@id\":\"https:\\\/\\\/webdelmaestrocmf.com\\\/portal\\\/#organization\"},\"alternateName\":\"WMCMF\",\"potentialAction\":[{\"@type\":\"SearchAction\",\"target\":{\"@type\":\"EntryPoint\",\"urlTemplate\":\"https:\\\/\\\/webdelmaestrocmf.com\\\/portal\\\/?s={search_term_string}\"},\"query-input\":{\"@type\":\"PropertyValueSpecification\",\"valueRequired\":true,\"valueName\":\"search_term_string\"}}],\"inLanguage\":\"es\"},{\"@type\":\"Organization\",\"@id\":\"https:\\\/\\\/webdelmaestrocmf.com\\\/portal\\\/#organization\",\"name\":\"Web del Maestro CMF\",\"alternateName\":\"WMCMF\",\"url\":\"https:\\\/\\\/webdelmaestrocmf.com\\\/portal\\\/\",\"logo\":{\"@type\":\"ImageObject\",\"inLanguage\":\"es\",\"@id\":\"https:\\\/\\\/webdelmaestrocmf.com\\\/portal\\\/#\\\/schema\\\/logo\\\/image\\\/\",\"url\":\"https:\\\/\\\/webdelmaestrocmf.com\\\/portal\\\/wp-content\\\/uploads\\\/2023\\\/01\\\/logo-wmcmf-2.png\",\"contentUrl\":\"https:\\\/\\\/webdelmaestrocmf.com\\\/portal\\\/wp-content\\\/uploads\\\/2023\\\/01\\\/logo-wmcmf-2.png\",\"width\":200,\"height\":60,\"caption\":\"Web del Maestro CMF\"},\"image\":{\"@id\":\"https:\\\/\\\/webdelmaestrocmf.com\\\/portal\\\/#\\\/schema\\\/logo\\\/image\\\/\"},\"sameAs\":[\"https:\\\/\\\/www.facebook.com\\\/WebdelMaestroCMF\\\/\",\"https:\\\/\\\/x.com\\\/cmf_w\",\"https:\\\/\\\/www.pinterest.com\\\/WMCMF\\\/\",\"https:\\\/\\\/www.linkedin.com\\\/company\\\/web-del-maestro-cmf\\\/\",\"https:\\\/\\\/www.instagram.com\\\/wmcmf\\\/\",\"https:\\\/\\\/www.youtube.com\\\/channel\\\/UCDPSvjbdodE5sHnC3OxutHw\",\"https:\\\/\\\/mastodon.social\\\/@wmcmf\",\"https:\\\/\\\/www.tiktok.com\\\/@webdelmaestrocmf\"]},{\"@type\":\"Person\",\"@id\":\"https:\\\/\\\/webdelmaestrocmf.com\\\/portal\\\/#\\\/schema\\\/person\\\/1072a2ed7bd960df8ef99a551fa35dc5\",\"name\":\"Web del Maestro CMF\",\"image\":{\"@type\":\"ImageObject\",\"inLanguage\":\"es\",\"@id\":\"https:\\\/\\\/secure.gravatar.com\\\/avatar\\\/23291dd5b5ae1077dcff3dbb04c3e02bd28403fa75af6d8787d5e97c5bbbe30b?s=96&d=mm&r=g\",\"url\":\"https:\\\/\\\/secure.gravatar.com\\\/avatar\\\/23291dd5b5ae1077dcff3dbb04c3e02bd28403fa75af6d8787d5e97c5bbbe30b?s=96&d=mm&r=g\",\"contentUrl\":\"https:\\\/\\\/secure.gravatar.com\\\/avatar\\\/23291dd5b5ae1077dcff3dbb04c3e02bd28403fa75af6d8787d5e97c5bbbe30b?s=96&d=mm&r=g\",\"caption\":\"Web del Maestro CMF\"},\"description\":\"Esta Web se cre\u00f3 sin fines de lucro, con fines educativos, cient\u00edficos y acad\u00e9micos, para personas que tengan dificultades y\\\/o inconvenientes en visualizar el material original. El objetivo es entregar recursos, compartir experiencias y materiales que ayuden a los padres de familia, maestros y estudiantes en su actualizaci\u00f3n y formaci\u00f3n permanente, en bien de la Educaci\u00f3n.\",\"sameAs\":[\"http:\\\/\\\/webdelmaestrocmf.com\\\/portal\",\"https:\\\/\\\/www.facebook.com\\\/WebdelMaestroCMF\\\/\",\"https:\\\/\\\/www.instagram.com\\\/wmcmf\\\/\",\"https:\\\/\\\/cl.linkedin.com\\\/company\\\/web-del-maestro-cmf\",\"https:\\\/\\\/www.pinterest.com\\\/WMCMF\\\/publicaciones\\\/\",\"https:\\\/\\\/x.com\\\/cmf_w\",\"https:\\\/\\\/www.youtube.com\\\/@WMCMF\"]}]}<\/script>\n<!-- \/ Yoast SEO plugin. -->","yoast_head_json":{"title":"\u00bfCree usted que la excesiva decoraci\u00f3n en las aulas disminuyen la atenci\u00f3n y concentraci\u00f3n de los ni\u00f1os? - 2026","description":"Un entorno de alta calidad significa\u00a0un ambiente capaz de hacer que los estudiantes se sientan valorados y seguros, un espacio pensado...","robots":{"index":"index","follow":"follow","max-snippet":"max-snippet:-1","max-image-preview":"max-image-preview:large","max-video-preview":"max-video-preview:-1"},"canonical":"https:\/\/webdelmaestrocmf.com\/portal\/cree-usted-que-la-excesiva-decoracion-en-las-aulas-disminuyen-la-atencion-y-concentracion-de-los-ninos\/","og_locale":"es_ES","og_type":"article","og_title":"\u00bfCree usted que la excesiva decoraci\u00f3n en las aulas disminuyen la atenci\u00f3n y concentraci\u00f3n de los ni\u00f1os? - 2026","og_description":"Un entorno de alta calidad significa\u00a0un ambiente capaz de hacer que los estudiantes se sientan valorados y seguros, un espacio pensado...","og_url":"https:\/\/webdelmaestrocmf.com\/portal\/cree-usted-que-la-excesiva-decoracion-en-las-aulas-disminuyen-la-atencion-y-concentracion-de-los-ninos\/","og_site_name":"Web del Maestro CMF","article_publisher":"https:\/\/www.facebook.com\/WebdelMaestroCMF\/","article_author":"https:\/\/www.facebook.com\/WebdelMaestroCMF\/","article_published_time":"2019-05-14T17:09:54+00:00","article_modified_time":"2023-03-16T14:28:08+00:00","og_image":[{"width":1100,"height":680,"url":"https:\/\/i0.wp.com\/webdelmaestrocmf.com\/portal\/wp-content\/uploads\/2019\/05\/1-127.jpg?fit=1100%2C680&ssl=1","type":"image\/jpeg"}],"author":"Web del Maestro CMF","twitter_card":"summary_large_image","twitter_creator":"@cmf_w","twitter_site":"@cmf_w","schema":{"@context":"https:\/\/schema.org","@graph":[{"@type":"ScholarlyArticle","@id":"https:\/\/webdelmaestrocmf.com\/portal\/cree-usted-que-la-excesiva-decoracion-en-las-aulas-disminuyen-la-atencion-y-concentracion-de-los-ninos\/#article","isPartOf":{"@id":"https:\/\/webdelmaestrocmf.com\/portal\/cree-usted-que-la-excesiva-decoracion-en-las-aulas-disminuyen-la-atencion-y-concentracion-de-los-ninos\/"},"author":{"name":"Web del Maestro CMF","@id":"https:\/\/webdelmaestrocmf.com\/portal\/#\/schema\/person\/1072a2ed7bd960df8ef99a551fa35dc5"},"headline":"\u00bfCree usted que la excesiva decoraci\u00f3n en las aulas disminuyen la atenci\u00f3n y concentraci\u00f3n de los ni\u00f1os?","datePublished":"2019-05-14T17:09:54+00:00","dateModified":"2023-03-16T14:28:08+00:00","mainEntityOfPage":{"@id":"https:\/\/webdelmaestrocmf.com\/portal\/cree-usted-que-la-excesiva-decoracion-en-las-aulas-disminuyen-la-atencion-y-concentracion-de-los-ninos\/"},"wordCount":922,"commentCount":0,"publisher":{"@id":"https:\/\/webdelmaestrocmf.com\/portal\/#organization"},"image":{"@id":"https:\/\/webdelmaestrocmf.com\/portal\/cree-usted-que-la-excesiva-decoracion-en-las-aulas-disminuyen-la-atencion-y-concentracion-de-los-ninos\/#primaryimage"},"thumbnailUrl":"https:\/\/webdelmaestrocmf.com\/portal\/wp-content\/uploads\/2019\/05\/1-127.jpg","keywords":["ATENCI\u00d3N","AULAS","CONCENTRACI\u00d3N","DECORACI\u00d3N","DISMINUYEN","EXCESIVA","Ni\u00f1os"],"articleSection":["Infraestructura","Recursos"],"inLanguage":"es","potentialAction":[{"@type":"CommentAction","name":"Comment","target":["https:\/\/webdelmaestrocmf.com\/portal\/cree-usted-que-la-excesiva-decoracion-en-las-aulas-disminuyen-la-atencion-y-concentracion-de-los-ninos\/#respond"]}]},{"@type":"WebPage","@id":"https:\/\/webdelmaestrocmf.com\/portal\/cree-usted-que-la-excesiva-decoracion-en-las-aulas-disminuyen-la-atencion-y-concentracion-de-los-ninos\/","url":"https:\/\/webdelmaestrocmf.com\/portal\/cree-usted-que-la-excesiva-decoracion-en-las-aulas-disminuyen-la-atencion-y-concentracion-de-los-ninos\/","name":"\u00bfCree usted que la excesiva decoraci\u00f3n en las aulas disminuyen la atenci\u00f3n y concentraci\u00f3n de los ni\u00f1os? - 2026","isPartOf":{"@id":"https:\/\/webdelmaestrocmf.com\/portal\/#website"},"primaryImageOfPage":{"@id":"https:\/\/webdelmaestrocmf.com\/portal\/cree-usted-que-la-excesiva-decoracion-en-las-aulas-disminuyen-la-atencion-y-concentracion-de-los-ninos\/#primaryimage"},"image":{"@id":"https:\/\/webdelmaestrocmf.com\/portal\/cree-usted-que-la-excesiva-decoracion-en-las-aulas-disminuyen-la-atencion-y-concentracion-de-los-ninos\/#primaryimage"},"thumbnailUrl":"https:\/\/webdelmaestrocmf.com\/portal\/wp-content\/uploads\/2019\/05\/1-127.jpg","datePublished":"2019-05-14T17:09:54+00:00","dateModified":"2023-03-16T14:28:08+00:00","description":"Un entorno de alta calidad significa\u00a0un ambiente capaz de hacer que los estudiantes se sientan valorados y seguros, un espacio pensado...","breadcrumb":{"@id":"https:\/\/webdelmaestrocmf.com\/portal\/cree-usted-que-la-excesiva-decoracion-en-las-aulas-disminuyen-la-atencion-y-concentracion-de-los-ninos\/#breadcrumb"},"inLanguage":"es","potentialAction":[{"@type":"ReadAction","target":["https:\/\/webdelmaestrocmf.com\/portal\/cree-usted-que-la-excesiva-decoracion-en-las-aulas-disminuyen-la-atencion-y-concentracion-de-los-ninos\/"]}]},{"@type":"ImageObject","inLanguage":"es","@id":"https:\/\/webdelmaestrocmf.com\/portal\/cree-usted-que-la-excesiva-decoracion-en-las-aulas-disminuyen-la-atencion-y-concentracion-de-los-ninos\/#primaryimage","url":"https:\/\/webdelmaestrocmf.com\/portal\/wp-content\/uploads\/2019\/05\/1-127.jpg","contentUrl":"https:\/\/webdelmaestrocmf.com\/portal\/wp-content\/uploads\/2019\/05\/1-127.jpg","width":1100,"height":680},{"@type":"BreadcrumbList","@id":"https:\/\/webdelmaestrocmf.com\/portal\/cree-usted-que-la-excesiva-decoracion-en-las-aulas-disminuyen-la-atencion-y-concentracion-de-los-ninos\/#breadcrumb","itemListElement":[{"@type":"ListItem","position":1,"name":"Portada","item":"https:\/\/webdelmaestrocmf.com\/portal\/"},{"@type":"ListItem","position":2,"name":"Recursos","item":"https:\/\/webdelmaestrocmf.com\/portal\/category\/pedagogia\/"},{"@type":"ListItem","position":3,"name":"\u00bfCree usted que la excesiva decoraci\u00f3n en las aulas disminuyen la atenci\u00f3n y concentraci\u00f3n de los ni\u00f1os?"}]},{"@type":"WebSite","@id":"https:\/\/webdelmaestrocmf.com\/portal\/#website","url":"https:\/\/webdelmaestrocmf.com\/portal\/","name":"Web del Maestro CMF","description":"Maestros al servicio de la educaci\u00f3n","publisher":{"@id":"https:\/\/webdelmaestrocmf.com\/portal\/#organization"},"alternateName":"WMCMF","potentialAction":[{"@type":"SearchAction","target":{"@type":"EntryPoint","urlTemplate":"https:\/\/webdelmaestrocmf.com\/portal\/?s={search_term_string}"},"query-input":{"@type":"PropertyValueSpecification","valueRequired":true,"valueName":"search_term_string"}}],"inLanguage":"es"},{"@type":"Organization","@id":"https:\/\/webdelmaestrocmf.com\/portal\/#organization","name":"Web del Maestro CMF","alternateName":"WMCMF","url":"https:\/\/webdelmaestrocmf.com\/portal\/","logo":{"@type":"ImageObject","inLanguage":"es","@id":"https:\/\/webdelmaestrocmf.com\/portal\/#\/schema\/logo\/image\/","url":"https:\/\/webdelmaestrocmf.com\/portal\/wp-content\/uploads\/2023\/01\/logo-wmcmf-2.png","contentUrl":"https:\/\/webdelmaestrocmf.com\/portal\/wp-content\/uploads\/2023\/01\/logo-wmcmf-2.png","width":200,"height":60,"caption":"Web del Maestro CMF"},"image":{"@id":"https:\/\/webdelmaestrocmf.com\/portal\/#\/schema\/logo\/image\/"},"sameAs":["https:\/\/www.facebook.com\/WebdelMaestroCMF\/","https:\/\/x.com\/cmf_w","https:\/\/www.pinterest.com\/WMCMF\/","https:\/\/www.linkedin.com\/company\/web-del-maestro-cmf\/","https:\/\/www.instagram.com\/wmcmf\/","https:\/\/www.youtube.com\/channel\/UCDPSvjbdodE5sHnC3OxutHw","https:\/\/mastodon.social\/@wmcmf","https:\/\/www.tiktok.com\/@webdelmaestrocmf"]},{"@type":"Person","@id":"https:\/\/webdelmaestrocmf.com\/portal\/#\/schema\/person\/1072a2ed7bd960df8ef99a551fa35dc5","name":"Web del Maestro CMF","image":{"@type":"ImageObject","inLanguage":"es","@id":"https:\/\/secure.gravatar.com\/avatar\/23291dd5b5ae1077dcff3dbb04c3e02bd28403fa75af6d8787d5e97c5bbbe30b?s=96&d=mm&r=g","url":"https:\/\/secure.gravatar.com\/avatar\/23291dd5b5ae1077dcff3dbb04c3e02bd28403fa75af6d8787d5e97c5bbbe30b?s=96&d=mm&r=g","contentUrl":"https:\/\/secure.gravatar.com\/avatar\/23291dd5b5ae1077dcff3dbb04c3e02bd28403fa75af6d8787d5e97c5bbbe30b?s=96&d=mm&r=g","caption":"Web del Maestro CMF"},"description":"Esta Web se cre\u00f3 sin fines de lucro, con fines educativos, cient\u00edficos y acad\u00e9micos, para personas que tengan dificultades y\/o inconvenientes en visualizar el material original. El objetivo es entregar recursos, compartir experiencias y materiales que ayuden a los padres de familia, maestros y estudiantes en su actualizaci\u00f3n y formaci\u00f3n permanente, en bien de la Educaci\u00f3n.","sameAs":["http:\/\/webdelmaestrocmf.com\/portal","https:\/\/www.facebook.com\/WebdelMaestroCMF\/","https:\/\/www.instagram.com\/wmcmf\/","https:\/\/cl.linkedin.com\/company\/web-del-maestro-cmf","https:\/\/www.pinterest.com\/WMCMF\/publicaciones\/","https:\/\/x.com\/cmf_w","https:\/\/www.youtube.com\/@WMCMF"]}]}},"jetpack_featured_media_url":"https:\/\/webdelmaestrocmf.com\/portal\/wp-content\/uploads\/2019\/05\/1-127.jpg","jetpack_sharing_enabled":true,"jetpack-related-posts":[{"id":103922,"url":"https:\/\/webdelmaestrocmf.com\/portal\/ideas-para-decorar-las-puertas-de-aula-para-el-mes-de-marzo\/","url_meta":{"origin":36772,"position":0},"title":"Ideas para decorar las Puertas del aula para el inicio de clases","author":"Web del Maestro CMF","date":"6 febrero, 2025","format":false,"excerpt":"La decoraci\u00f3n del aula juega un papel crucial en la creaci\u00f3n de un ambiente de aprendizaje positivo y estimulante. Un espacio bien decorado puede fomentar la creatividad, el aprendizaje y el bienestar de los estudiantes. Sin embargo, es importante encontrar un equilibrio entre la est\u00e9tica y la funcionalidad. A continuaci\u00f3n,\u2026","rel":"","context":"En \u00abDecoraci\u00f3n\u00bb","block_context":{"text":"Decoraci\u00f3n","link":"https:\/\/webdelmaestrocmf.com\/portal\/category\/pedagogia\/decoracion\/"},"img":{"alt_text":"","src":"https:\/\/i0.wp.com\/webdelmaestrocmf.com\/portal\/wp-content\/uploads\/2024\/02\/Banner-1-portada-imagen-10-1-1-2.jpg?resize=350%2C200&ssl=1","width":350,"height":200,"srcset":"https:\/\/i0.wp.com\/webdelmaestrocmf.com\/portal\/wp-content\/uploads\/2024\/02\/Banner-1-portada-imagen-10-1-1-2.jpg?resize=350%2C200&ssl=1 1x, https:\/\/i0.wp.com\/webdelmaestrocmf.com\/portal\/wp-content\/uploads\/2024\/02\/Banner-1-portada-imagen-10-1-1-2.jpg?resize=525%2C300&ssl=1 1.5x, https:\/\/i0.wp.com\/webdelmaestrocmf.com\/portal\/wp-content\/uploads\/2024\/02\/Banner-1-portada-imagen-10-1-1-2.jpg?resize=700%2C400&ssl=1 2x"},"classes":[]},{"id":104011,"url":"https:\/\/webdelmaestrocmf.com\/portal\/como-decorar-el-aula-en-inicial-y-primaria\/","url_meta":{"origin":36772,"position":1},"title":"C\u00f3mo decorar el aula en inicial y primaria","author":"Web del Maestro CMF","date":"3 febrero, 2026","format":false,"excerpt":"Aqu\u00ed te presentamos algunas ideas para que puedas decorar tu aula de forma creativa y funcional:","rel":"","context":"En \u00abDecoraci\u00f3n\u00bb","block_context":{"text":"Decoraci\u00f3n","link":"https:\/\/webdelmaestrocmf.com\/portal\/category\/pedagogia\/decoracion\/"},"img":{"alt_text":"","src":"https:\/\/i0.wp.com\/webdelmaestrocmf.com\/portal\/wp-content\/uploads\/2024\/02\/Banner-1-portada-imagen-10-1-8-3.jpg?resize=350%2C200&ssl=1","width":350,"height":200,"srcset":"https:\/\/i0.wp.com\/webdelmaestrocmf.com\/portal\/wp-content\/uploads\/2024\/02\/Banner-1-portada-imagen-10-1-8-3.jpg?resize=350%2C200&ssl=1 1x, https:\/\/i0.wp.com\/webdelmaestrocmf.com\/portal\/wp-content\/uploads\/2024\/02\/Banner-1-portada-imagen-10-1-8-3.jpg?resize=525%2C300&ssl=1 1.5x, https:\/\/i0.wp.com\/webdelmaestrocmf.com\/portal\/wp-content\/uploads\/2024\/02\/Banner-1-portada-imagen-10-1-8-3.jpg?resize=700%2C400&ssl=1 2x"},"classes":[]},{"id":108820,"url":"https:\/\/webdelmaestrocmf.com\/portal\/finlandia-prohibe-el-uso-de-celulares-en-las-aulas-se-suma-a-la-tendencia-mundial-por-un-aprendizaje-sin-distracciones\/","url_meta":{"origin":36772,"position":2},"title":"Finlandia proh\u00edbe el uso de celulares en las aulas: se suma a la tendencia mundial por un aprendizaje sin distracciones","author":"Web del Maestro CMF","date":"1 mayo, 2025","format":false,"excerpt":"El Parlamento de Finlandia ha aprobado una nueva legislaci\u00f3n que restringe el uso de tel\u00e9fonos m\u00f3viles en las aulas de escuelas Primarias y Secundarias de todo el pa\u00eds. La medida, que entrar\u00e1 en vigor tras el verano, no implica una prohibici\u00f3n absoluta, pero limita su uso a situaciones espec\u00edficas autorizadas\u2026","rel":"","context":"En \u00abNoticias Internacionales\u00bb","block_context":{"text":"Noticias Internacionales","link":"https:\/\/webdelmaestrocmf.com\/portal\/category\/noticias-internacionales\/"},"img":{"alt_text":"","src":"https:\/\/i0.wp.com\/webdelmaestrocmf.com\/portal\/wp-content\/uploads\/2025\/05\/1A-Banner-1-portada-imagen-10-1-1.jpg?resize=350%2C200&ssl=1","width":350,"height":200,"srcset":"https:\/\/i0.wp.com\/webdelmaestrocmf.com\/portal\/wp-content\/uploads\/2025\/05\/1A-Banner-1-portada-imagen-10-1-1.jpg?resize=350%2C200&ssl=1 1x, https:\/\/i0.wp.com\/webdelmaestrocmf.com\/portal\/wp-content\/uploads\/2025\/05\/1A-Banner-1-portada-imagen-10-1-1.jpg?resize=525%2C300&ssl=1 1.5x, https:\/\/i0.wp.com\/webdelmaestrocmf.com\/portal\/wp-content\/uploads\/2025\/05\/1A-Banner-1-portada-imagen-10-1-1.jpg?resize=700%2C400&ssl=1 2x"},"classes":[]},{"id":112860,"url":"https:\/\/webdelmaestrocmf.com\/portal\/exageracion-o-acierto-el-llamado-de-atencion-de-un-profesor-que-busca-despertar-conciencia\/","url_meta":{"origin":36772,"position":3},"title":"\u00bfExageraci\u00f3n o acierto? El llamado de atenci\u00f3n de un profesor que busca despertar conciencia: \u00a1Por favor dejar de ver las redes sociales!","author":"Web del Maestro CMF","date":"27 octubre, 2025","format":false,"excerpt":"Un profesor advierte a su alumna: menos redes sociales, m\u00e1s estudio. Su mensaje genera debate sobre atenci\u00f3n, aprendizaje y disciplina escolar.","rel":"","context":"En \u00abNoticias\u00bb","block_context":{"text":"Noticias","link":"https:\/\/webdelmaestrocmf.com\/portal\/category\/pedagogia\/noticias-pedagogia\/"},"img":{"alt_text":"","src":"https:\/\/i0.wp.com\/webdelmaestrocmf.com\/portal\/wp-content\/uploads\/2025\/10\/1A-Banner-1-portada-imagen-10-1-copia-2-2.webp?resize=350%2C200&ssl=1","width":350,"height":200,"srcset":"https:\/\/i0.wp.com\/webdelmaestrocmf.com\/portal\/wp-content\/uploads\/2025\/10\/1A-Banner-1-portada-imagen-10-1-copia-2-2.webp?resize=350%2C200&ssl=1 1x, https:\/\/i0.wp.com\/webdelmaestrocmf.com\/portal\/wp-content\/uploads\/2025\/10\/1A-Banner-1-portada-imagen-10-1-copia-2-2.webp?resize=525%2C300&ssl=1 1.5x, https:\/\/i0.wp.com\/webdelmaestrocmf.com\/portal\/wp-content\/uploads\/2025\/10\/1A-Banner-1-portada-imagen-10-1-copia-2-2.webp?resize=700%2C400&ssl=1 2x"},"classes":[]},{"id":73628,"url":"https:\/\/webdelmaestrocmf.com\/portal\/maestro-sabe-como-elevar-los-niveles-de-concentracion-en-tus-estudiantes\/","url_meta":{"origin":36772,"position":4},"title":"\u00bfC\u00f3mo elevar los niveles de concentraci\u00f3n en tus estudiantes?","author":"Web del Maestro CMF","date":"28 enero, 2022","format":false,"excerpt":"\u00bfCu\u00e1nto duran los periodos\u00a0de atenci\u00f3n de los estudiantes en el aula?\u00a0La respuesta puede variar en funci\u00f3n de la influencia de diferentes factores como la motivaci\u00f3n, la emoci\u00f3n, el momento del d\u00eda o el tipo de tarea. Es necesario profundizar en la comprensi\u00f3n de este proceso psicol\u00f3gico b\u00e1sico y su utilizaci\u00f3n\u2026","rel":"","context":"En \u00abEstrategias\u00bb","block_context":{"text":"Estrategias","link":"https:\/\/webdelmaestrocmf.com\/portal\/category\/pedagogia\/estrategias\/"},"img":{"alt_text":"concentraci\u00f3n","src":"https:\/\/i0.wp.com\/webdelmaestrocmf.com\/portal\/wp-content\/uploads\/2022\/01\/1-165.jpg?resize=350%2C200&ssl=1","width":350,"height":200,"srcset":"https:\/\/i0.wp.com\/webdelmaestrocmf.com\/portal\/wp-content\/uploads\/2022\/01\/1-165.jpg?resize=350%2C200&ssl=1 1x, https:\/\/i0.wp.com\/webdelmaestrocmf.com\/portal\/wp-content\/uploads\/2022\/01\/1-165.jpg?resize=525%2C300&ssl=1 1.5x, https:\/\/i0.wp.com\/webdelmaestrocmf.com\/portal\/wp-content\/uploads\/2022\/01\/1-165.jpg?resize=700%2C400&ssl=1 2x, https:\/\/i0.wp.com\/webdelmaestrocmf.com\/portal\/wp-content\/uploads\/2022\/01\/1-165.jpg?resize=1050%2C600&ssl=1 3x"},"classes":[]},{"id":106701,"url":"https:\/\/webdelmaestrocmf.com\/portal\/los-8-sindromes-laborales-en-docentes\/","url_meta":{"origin":36772,"position":5},"title":"Los 8 s\u00edndromes laborales en docentes","author":"Web del Maestro CMF","date":"23 octubre, 2024","format":false,"excerpt":"Los docentes no solo enfrentan desaf\u00edos pedag\u00f3gicos, sino tambi\u00e9n emocionales y psicol\u00f3gicos que influyen en su desempe\u00f1o. Adaptar los s\u00edndromes laborales comunes al \u00e1mbito educativo permite identificar patrones de comportamiento que afectan tanto a los maestros como a sus estudiantes. A continuaci\u00f3n, exploraremos los 8 s\u00edndromes laborales m\u00e1s comunes y\u2026","rel":"","context":"En \u00abPsicolog\u00eda\u00bb","block_context":{"text":"Psicolog\u00eda","link":"https:\/\/webdelmaestrocmf.com\/portal\/category\/pedagogia\/picologia\/"},"img":{"alt_text":"","src":"https:\/\/i0.wp.com\/webdelmaestrocmf.com\/portal\/wp-content\/uploads\/2024\/10\/Banner-1-portada-imagen-10-1-52.jpg?resize=350%2C200&ssl=1","width":350,"height":200,"srcset":"https:\/\/i0.wp.com\/webdelmaestrocmf.com\/portal\/wp-content\/uploads\/2024\/10\/Banner-1-portada-imagen-10-1-52.jpg?resize=350%2C200&ssl=1 1x, https:\/\/i0.wp.com\/webdelmaestrocmf.com\/portal\/wp-content\/uploads\/2024\/10\/Banner-1-portada-imagen-10-1-52.jpg?resize=525%2C300&ssl=1 1.5x, https:\/\/i0.wp.com\/webdelmaestrocmf.com\/portal\/wp-content\/uploads\/2024\/10\/Banner-1-portada-imagen-10-1-52.jpg?resize=700%2C400&ssl=1 2x"},"classes":[]}],"_links":{"self":[{"href":"https:\/\/webdelmaestrocmf.com\/portal\/wp-json\/wp\/v2\/posts\/36772","targetHints":{"allow":["GET"]}}],"collection":[{"href":"https:\/\/webdelmaestrocmf.com\/portal\/wp-json\/wp\/v2\/posts"}],"about":[{"href":"https:\/\/webdelmaestrocmf.com\/portal\/wp-json\/wp\/v2\/types\/post"}],"author":[{"embeddable":true,"href":"https:\/\/webdelmaestrocmf.com\/portal\/wp-json\/wp\/v2\/users\/1"}],"replies":[{"embeddable":true,"href":"https:\/\/webdelmaestrocmf.com\/portal\/wp-json\/wp\/v2\/comments?post=36772"}],"version-history":[{"count":0,"href":"https:\/\/webdelmaestrocmf.com\/portal\/wp-json\/wp\/v2\/posts\/36772\/revisions"}],"wp:featuredmedia":[{"embeddable":true,"href":"https:\/\/webdelmaestrocmf.com\/portal\/wp-json\/wp\/v2\/media\/68205"}],"wp:attachment":[{"href":"https:\/\/webdelmaestrocmf.com\/portal\/wp-json\/wp\/v2\/media?parent=36772"}],"wp:term":[{"taxonomy":"category","embeddable":true,"href":"https:\/\/webdelmaestrocmf.com\/portal\/wp-json\/wp\/v2\/categories?post=36772"},{"taxonomy":"post_tag","embeddable":true,"href":"https:\/\/webdelmaestrocmf.com\/portal\/wp-json\/wp\/v2\/tags?post=36772"}],"curies":[{"name":"wp","href":"https:\/\/api.w.org\/{rel}","templated":true}]}}