{"id":36704,"date":"2019-11-30T20:50:19","date_gmt":"2019-11-30T23:50:19","guid":{"rendered":"http:\/\/webdelmaestrocmf.com\/portal\/?p=36704"},"modified":"2022-07-29T23:18:33","modified_gmt":"2022-07-30T03:18:33","slug":"la-carrera-de-educacion-es-una-de-las-peores-pagadas-dentro-los-ultimos-cinco-anos","status":"publish","type":"post","link":"https:\/\/webdelmaestrocmf.com\/portal\/la-carrera-de-educacion-es-una-de-las-peores-pagadas-dentro-los-ultimos-cinco-anos\/","title":{"rendered":"La carrera de educaci\u00f3n es una de las peores pagadas dentro de los \u00faltimos a\u00f1os en Latinoam\u00e9rica"},"content":{"rendered":"<h5 style=\"text-align: justify;\">La profesi\u00f3n docente, en general, est\u00e1 muy poco remunerada si tenemos en cuenta la gran preparaci\u00f3n que se requiere para el desempe\u00f1o de la misma. Al margen del hecho de que el total de los sueldos de los maestros constituye la mayor parte de los gastos de ense\u00f1anza y de que, por lo tanto, los profesores son el elemento m\u00e1s caro de un sistema educativo, \u00e9stos est\u00e1n mal pagados.<\/h5>\n<h5 style=\"text-align: justify;\">Las causas explicativas de esta realidad no son las mismas aqu\u00ed o all\u00e1 y desde luego difieren conforme se trate del nivel primario, secundario, universitario, o seg\u00fan la procedencia (p\u00fablica o privada) de su financiaci\u00f3n.<\/h5>\n<p><!--more--><\/p>\n<p style=\"text-align: justify;\">A continuaci\u00f3n compartimos las publicaciones de los portales <span class=\"priority-content\"><a href=\"http:\/\/elcolombiano.com\" target=\"_blank\" rel=\"noopener noreferrer\">El Colombiano<\/a>\u00a0<\/span>y <a href=\"https:\/\/mundo.sputniknews.com\/america-latina\/201703081067436602-sueldos-america-latina-maestros\/\" target=\"_blank\" rel=\"noopener noreferrer\">Mundo Sputniknews<\/a> donde realizan un an\u00e1lisis sobre el salario bajo de los docentes de algunos pa\u00edses de Am\u00e9rica Latina<\/p>\n<h2><span class=\"priority-content\">Docentes latinos son \u201clos peores pagos\u201d, seg\u00fan OCDE (<a href=\"http:\/\/elcolombiano.com\" target=\"_blank\" rel=\"noopener noreferrer\">elcolombiano.com<\/a>)<\/span><\/h2>\n<p style=\"text-align: justify;\">Una mejora de la educaci\u00f3n en Latinoam\u00e9rica pasa, entre otros aspectos, por incentivar a los profesores, bien con salarios m\u00e1s altos o con m\u00e1s tiempo al margen de las horas lectivas para que puedan incrementar su formaci\u00f3n.<\/p>\n<p style=\"text-align: justify;\">Argentina, Brasil, Chile, Colombia, Costa Rica y M\u00e9xico son los seis pa\u00edses latinoamericanos analizados porque son miembros de la OCDE o participan regularmente en sus actividades.<\/p>\n<p><img loading=\"lazy\" decoding=\"async\" class=\"alignnone size-full wp-image-44711\" src=\"https:\/\/webdelmaestrocmf.com\/portal\/wp-content\/uploads\/2019\/11\/Educar-es-acompa\u00f1ar-en-la-b\u00fasqueda-de-la-verdad-7.png\" alt=\"\" width=\"1080\" height=\"1080\" srcset=\"https:\/\/webdelmaestrocmf.com\/portal\/wp-content\/uploads\/2019\/11\/Educar-es-acompa\u00f1ar-en-la-b\u00fasqueda-de-la-verdad-7.png 1080w, https:\/\/webdelmaestrocmf.com\/portal\/wp-content\/uploads\/2019\/11\/Educar-es-acompa\u00f1ar-en-la-b\u00fasqueda-de-la-verdad-7-300x300.png 300w, https:\/\/webdelmaestrocmf.com\/portal\/wp-content\/uploads\/2019\/11\/Educar-es-acompa\u00f1ar-en-la-b\u00fasqueda-de-la-verdad-7-1024x1024.png 1024w, https:\/\/webdelmaestrocmf.com\/portal\/wp-content\/uploads\/2019\/11\/Educar-es-acompa\u00f1ar-en-la-b\u00fasqueda-de-la-verdad-7-150x150.png 150w, https:\/\/webdelmaestrocmf.com\/portal\/wp-content\/uploads\/2019\/11\/Educar-es-acompa\u00f1ar-en-la-b\u00fasqueda-de-la-verdad-7-768x768.png 768w, https:\/\/webdelmaestrocmf.com\/portal\/wp-content\/uploads\/2019\/11\/Educar-es-acompa\u00f1ar-en-la-b\u00fasqueda-de-la-verdad-7-80x80.png 80w, https:\/\/webdelmaestrocmf.com\/portal\/wp-content\/uploads\/2019\/11\/Educar-es-acompa\u00f1ar-en-la-b\u00fasqueda-de-la-verdad-7-110x110.png 110w, https:\/\/webdelmaestrocmf.com\/portal\/wp-content\/uploads\/2019\/11\/Educar-es-acompa\u00f1ar-en-la-b\u00fasqueda-de-la-verdad-7-200x200.png 200w, https:\/\/webdelmaestrocmf.com\/portal\/wp-content\/uploads\/2019\/11\/Educar-es-acompa\u00f1ar-en-la-b\u00fasqueda-de-la-verdad-7-380x380.png 380w, https:\/\/webdelmaestrocmf.com\/portal\/wp-content\/uploads\/2019\/11\/Educar-es-acompa\u00f1ar-en-la-b\u00fasqueda-de-la-verdad-7-255x255.png 255w, https:\/\/webdelmaestrocmf.com\/portal\/wp-content\/uploads\/2019\/11\/Educar-es-acompa\u00f1ar-en-la-b\u00fasqueda-de-la-verdad-7-550x550.png 550w, https:\/\/webdelmaestrocmf.com\/portal\/wp-content\/uploads\/2019\/11\/Educar-es-acompa\u00f1ar-en-la-b\u00fasqueda-de-la-verdad-7-800x800.png 800w\" sizes=\"auto, (max-width: 1080px) 100vw, 1080px\" \/><\/p>\n<p style=\"text-align: justify;\">El informe destaca que los profesores en Latinoam\u00e9rica est\u00e1n, en general, peor pagados que la media de la OCDE y pasan muchas horas en clase con los alumnos.<\/p>\n<p style=\"text-align: justify;\">El director de Educaci\u00f3n y Competencias de la OCDE, Andreas Schleicher, explic\u00f3 que cuantas m\u00e1s horas de clase d\u00e9 un profesor menos docentes ser\u00e1n necesarios y se registra menos gasto en ellos.<\/p>\n<p><b>Afecta calidad de la educaci\u00f3n<\/b><\/p>\n<p style=\"text-align: justify;\">Por su parte, el director corporativo del Banco de Desarrollo de Am\u00e9rica Latina (CAF), Germ\u00e1n R\u00edos, asegur\u00f3 que el salario de los profesores y su escaso tiempo para formarse es un problema que afecta a la calidad de la educaci\u00f3n, al tiempo que carecen del adecuado reconocimiento social, porque est\u00e1n mejor vistos otros segmentos, como los ingenieros.<\/p>\n<p style=\"text-align: justify;\">Otro elemento que distingue los modelos educativos de los pa\u00edses latinoamericanos de algunos anglosajones es la mejor conexi\u00f3n de estos con el mercado laboral.<\/p>\n<p style=\"text-align: justify;\">\u201cEn Am\u00e9rica Latina el mercado laboral tiene un alto grado de informalidad\u201d y ello se deriva, seg\u00fan Germ\u00e1n R\u00edos, en falta de capacitaci\u00f3n con la que los estudiantes salen de los centros.<\/p>\n<p style=\"text-align: justify;\">Por ello, se mostr\u00f3 partidario de una mejor relaci\u00f3n entre las universidades y el mercado, ya que las carreras son \u201cr\u00edgidas y no permiten traspasos f\u00e1ciles\u201d entre profesiones.<\/p>\n<p><img loading=\"lazy\" decoding=\"async\" class=\"alignnone size-full wp-image-44716\" src=\"https:\/\/webdelmaestrocmf.com\/portal\/wp-content\/uploads\/2019\/11\/1aa.png\" alt=\"\" width=\"900\" height=\"610\" srcset=\"https:\/\/webdelmaestrocmf.com\/portal\/wp-content\/uploads\/2019\/11\/1aa.png 900w, https:\/\/webdelmaestrocmf.com\/portal\/wp-content\/uploads\/2019\/11\/1aa-300x203.png 300w, https:\/\/webdelmaestrocmf.com\/portal\/wp-content\/uploads\/2019\/11\/1aa-768x521.png 768w, https:\/\/webdelmaestrocmf.com\/portal\/wp-content\/uploads\/2019\/11\/1aa-110x75.png 110w, https:\/\/webdelmaestrocmf.com\/portal\/wp-content\/uploads\/2019\/11\/1aa-200x136.png 200w, https:\/\/webdelmaestrocmf.com\/portal\/wp-content\/uploads\/2019\/11\/1aa-380x258.png 380w, https:\/\/webdelmaestrocmf.com\/portal\/wp-content\/uploads\/2019\/11\/1aa-255x173.png 255w, https:\/\/webdelmaestrocmf.com\/portal\/wp-content\/uploads\/2019\/11\/1aa-550x373.png 550w, https:\/\/webdelmaestrocmf.com\/portal\/wp-content\/uploads\/2019\/11\/1aa-800x542.png 800w\" sizes=\"auto, (max-width: 900px) 100vw, 900px\" \/><\/p>\n<p style=\"text-align: justify;\">Schleicher asegur\u00f3 que en Latinoam\u00e9rica no se invierte lo suficiente en la preparaci\u00f3n de profesores aunque se felicit\u00f3 de que existe una creciente presencia de alumnos que llegan a las universidades.<\/p>\n<p style=\"text-align: justify;\">\u201cSe est\u00e1 convirtiendo en una norma\u201d, dijo el alto funcionario de la OCDE, qui\u00e9n se pregunt\u00f3: \u201c\u00bfPor qu\u00e9 no invertimos en una buena educaci\u00f3n. Ser\u00eda bueno para los contribuyentes y para los estudiantes\u201d, porque siempre se produce un retorno a las sociedades de los fondos que se destinan a la instrucci\u00f3n.<\/p>\n<p style=\"text-align: justify;\">Schleicher tambi\u00e9n apost\u00f3 por la movilidad internacional de los estudiantes, un factor muy presente en Europa a trav\u00e9s de programas como el Erasmus y que contribuye a crear m\u00e1s competencia.<\/p>\n<h5><strong>\u00bfCu\u00e1nto ganan los maestros en Am\u00e9rica Latina? (<a href=\"https:\/\/mundo.sputniknews.com\/america-latina\/201703081067436602-sueldos-america-latina-maestros\/\" target=\"_blank\" rel=\"noopener noreferrer\">mundo.sputniknews.com<\/a>)<\/strong><\/h5>\n<ul>\n<li style=\"text-align: justify;\">En la provincia de <strong>Buenos Aires<\/strong>, un maestro de educaci\u00f3n primaria de hasta un a\u00f1o de antig\u00fcedad gana\u00a0<a href=\"http:\/\/www.suteba.org.ar\/download\/acced-a-la-consulta-52070.pdf\" target=\"_blank\" rel=\"noopener noreferrer\">8.846 pesos argentinos (570 d\u00f3lares)<\/a>por 20 horas semanales. El sueldo sube a 11.937 pesos (769 d\u00f3lares) con m\u00e1s de 24 a\u00f1os de experiencia.<\/li>\n<li style=\"text-align: justify;\">En <strong>Uruguay,<\/strong> un maestro que comienza su carrera percibe\u00a0<a href=\"http:\/\/www.anep.edu.uy\/anep\/phocadownload\/Noticias_Doc\/2015\/tabla_salarios_anep_150826.pdf\" target=\"_blank\" rel=\"noopener noreferrer\">24.722 pesos (875 d\u00f3lares)<\/a>, tambi\u00e9n por 20 horas de aula. Al final de su carrera, esta remuneraci\u00f3n puede escalar a 40.526 pesos (1.434 d\u00f3lares).<\/li>\n<li style=\"text-align: justify;\"><strong>Brasi<\/strong>l paga a sus profesores\u00a0<a href=\"http:\/\/oglobo.globo.com\/sociedade\/educacao\/piso-salarial-de-professores-vai-r-2298-com-aumento-real-de-135-20763615\" target=\"_blank\" rel=\"noopener noreferrer\">2.298 reales (737 d\u00f3lares) por 40 horas semanales<\/a>. Este sueldo es el m\u00ednimo nacional fijado para los trabajadores de la ense\u00f1anza. En Chile, el salario promedio por 35 horas semanales fijado para un maestro de ense\u00f1anza b\u00e1sica con menos de cinco a\u00f1os de experiencia ronda los\u00a0<a href=\"http:\/\/www.politicanacionaldocente.cl\/nuevas-condiciones-laborales\/\" target=\"_blank\" rel=\"noopener noreferrer\">600.000 pesos (860 d\u00f3lares)<\/a>.<\/li>\n<li style=\"text-align: justify;\"><strong>Ecuador<\/strong> paga a sus docentes un m\u00ednimo de\u00a0<a href=\"https:\/\/educacion.gob.ec\/las-reformas-a-la-loei-establecen-beneficios-para-la-carrera-de-los-docentes-del-magisterio-fiscal\/\" target=\"_blank\" rel=\"noopener noreferrer\">817 d\u00f3lares por seis horas diarias de clase<\/a>, tras el reciente aumento dictado por el Gobierno. Antes, un maestro con un t\u00edtulo terciario obten\u00eda 530 d\u00f3lares por las mismas tareas.<\/li>\n<li style=\"text-align: justify;\">En <strong>Per\u00fa,<\/strong> por 30 horas a la semana en el aula, un maestro que empieza a trabajar puede aspirar a\u00a0<a href=\"http:\/\/www.minedu.gob.pe\/n\/noticia.php?id=39341\" target=\"_blank\" rel=\"noopener noreferrer\">1.700 soles (516 d\u00f3lares)<\/a>. Un trabajador novato de la ense\u00f1anza en Colombia percibe en promedio\u00a0<a href=\"http:\/\/www.semana.com\/educacion\/articulo\/salario-de-profesores-en-colombia-aumento\/458146-3\" target=\"_blank\" rel=\"noopener noreferrer\">1.426.000 pesos, unos 479 d\u00f3lares<\/a>.<\/li>\n<li style=\"text-align: justify;\">En <strong>Ciudad de M\u00e9xico,<\/strong> un maestro de escuela primaria que da sus primeros pasos en la carrera docente puede recibir mensualmente\u00a0<a href=\"https:\/\/www2.sepdf.gob.mx\/info_dga\/remuneraciones\/archivos-2016\/DEB_1_ENERO_2015.pdf\" target=\"_blank\" rel=\"noopener noreferrer\">alrededor de 6.000 pesos (307 d\u00f3lares)<\/a>por 25 horas semanales.<\/li>\n<\/ul>\n<p><img loading=\"lazy\" decoding=\"async\" class=\"alignnone size-full wp-image-36708\" src=\"http:\/\/webdelmaestrocmf.com\/portal\/wp-content\/uploads\/2019\/05\/1-28.jpg\" alt=\"\" width=\"1100\" height=\"680\" srcset=\"https:\/\/webdelmaestrocmf.com\/portal\/wp-content\/uploads\/2019\/05\/1-28.jpg 1100w, https:\/\/webdelmaestrocmf.com\/portal\/wp-content\/uploads\/2019\/05\/1-28-300x185.jpg 300w, https:\/\/webdelmaestrocmf.com\/portal\/wp-content\/uploads\/2019\/05\/1-28-768x475.jpg 768w, https:\/\/webdelmaestrocmf.com\/portal\/wp-content\/uploads\/2019\/05\/1-28-1024x633.jpg 1024w\" sizes=\"auto, (max-width: 1100px) 100vw, 1100px\" \/><\/p>\n<h5 style=\"text-align: left;\"><strong>Otras informaciones de otros medios sobre cuanto gana un Maestro en Am\u00e9rica Latina<\/strong><\/h5>\n<ul>\n<li><a href=\"https:\/\/ar.superprof.com\/blog\/el-salario-de-un-profe-en-argentina\/#sueldos-de-los-profesores\" target=\"_blank\" rel=\"noopener noreferrer\">Argentina.<\/a><\/li>\n<li><a href=\"http:\/\/www.adnradio.cl\/noticias\/sociedad\/revelan-ranking-de-las-carreras-peor-pagadas\/20181216\/nota\/3838915.aspx\" target=\"_blank\" rel=\"noopener noreferrer\">Chile<\/a>.<\/li>\n<li><a href=\"https:\/\/plumasatomicas.com\/noticias\/mexico\/cuanto-gana-profesor-mexico\/\" target=\"_blank\" rel=\"noopener noreferrer\">M\u00e9xico.<\/a><\/li>\n<li><a href=\"https:\/\/gestion.pe\/economia\/empresas\/educacion-carrera-menores-ingresos-mensuales-pais-266735?fbclid=IwAR1r1RRsUHAA2T6uKnI6bRkpwVSN9MOQ-B_hYwGfPqRw1PRhKinh3WiCjPg\" target=\"_blank\" rel=\"noopener noreferrer\">Per\u00fa<\/a>.<\/li>\n<li><a href=\"https:\/\/noticias.caracoltv.com\/colombia\/cuanto-se-gana-un-profe-en-colombia-estas-son-las-razones-del-paro-segun-presidente-de-fecode\" target=\"_blank\" rel=\"noopener noreferrer\">Colombia.<\/a><\/li>\n<li><a href=\"https:\/\/talcualdigital.com\/index.php\/2019\/01\/18\/salario-de-los-docentes-oscilaran-entre-bss-35-000-y-bss-67-000-segun-sinafum\/\" target=\"_blank\" rel=\"noopener noreferrer\">Venezuela.<\/a><\/li>\n<\/ul>\n<p><strong>Estos contenidos han sido publicado originalmente por <span class=\"priority-content\"><a href=\"http:\/\/elcolombiano.com\" target=\"_blank\" rel=\"noopener noreferrer\">elcolombiano.com<\/a> y\u00a0<\/span><a href=\"https:\/\/mundo.sputniknews.com\/america-latina\/201703081067436602-sueldos-america-latina-maestros\/\" target=\"_blank\" rel=\"noopener noreferrer\">mundo.sputniknews.com<\/a><\/strong><\/p>\n\t\t<div class=\"pk-inline-posts\">\n\t\t\t\n\t\t\t<div class=\"pk-inline-posts-container pk-inline-posts-template-list\"\n\t\t\t\tdata-columns=\"1\">\n\t\t\t\t\t\t<article id=\"post-28153\" class=\"post-28153 post type-post status-publish format-standard has-post-thumbnail category-consejos category-docentes category-pedagogia tag-adaptacion-a-diversidad tag-adaptacion-curricular tag-aprendizaje-activo tag-clases tag-diseno-curricular tag-diseno-de-actividades tag-diseno-de-lecciones tag-diseno-de-unidades-didacticas tag-eficiente tag-enfoque-centrado-en-el-estudiante tag-estrategias-de-ensenanza tag-estrategias-de-ensenanza-efectiva tag-estrategias-de-instruccion tag-estrategias-de-participacion tag-evaluacion-autentica tag-evaluacion-del-aprendizaje tag-evaluacion-formativa tag-evaluacion-sumativa tag-instruccion-diferenciada tag-manera tag-medicion-del-progreso tag-metodologia-educativa tag-motivacion-del-estudiante tag-objetivos-de-aprendizaje tag-planificacion-a-corto-plazo tag-planificacion-a-largo-plazo tag-planificacion-de-clases tag-planificar tag-recursos-didacticos tag-retroalimentacion-formativa tag-secuencia-didactica tag-taxonomia-de-bloom tag-tecnicas-de-organizacion tag-uso-de-tecnologia-educativa cs-entry cs-video-wrap\">\n\t\t\t<div class=\"pk-post-outer\">\n\n\t\t\t\t\t\t\t\t<div class=\"pk-post-inner\">\n\t\t\t\t\t<div class=\"entry-thumbnail\">\n\t\t\t\t\t\t<div class=\"pk-overlay pk-overlay-ratio pk-ratio-landscape\">\n\t\t\t\t\t\t\t<div class=\"pk-overlay-background\">\n\t\t\t\t\t\t\t\t<a href=\"https:\/\/webdelmaestrocmf.com\/portal\/como-planificar-las-clases-de-manera-eficiente\/\" class=\"pk-overlay-link\">\n\t\t\t\t\t\t\t\t\t<img loading=\"lazy\" decoding=\"async\" width=\"300\" height=\"225\" src=\"https:\/\/webdelmaestrocmf.com\/portal\/wp-content\/uploads\/2026\/02\/1AA-Banner-1-portada-imagen-10-1-copia-16-300x225.webp\" class=\"attachment-pk-thumbnail size-pk-thumbnail wp-post-image\" alt=\"\" \/>\t\t\t\t\t\t\t\t<\/a>\n\t\t\t\t\t\t\t<\/div>\n\t\t\t\t\t\t<\/div>\n\t\t\t\t\t<\/div>\n\t\t\t\t<\/div>\n\t\t\t\t\n\t\t\t\t<div class=\"pk-post-inner\">\n\t\t\t\t\t<header>\n\t\t\t\t\t\t<h3 class=\"pk-title\"><a href=\"https:\/\/webdelmaestrocmf.com\/portal\/como-planificar-las-clases-de-manera-eficiente\/\" rel=\"bookmark\">C\u00f3mo planificar las clases de manera eficiente: descarga las mejores plantillas de planificaci\u00f3n de clases<\/a><\/h3>\t\t\t\t\t<\/header><!-- .entry-header -->\n\t\t\t\t<\/div><!-- .post-inner -->\n\n\t\t\t<\/div><!-- .post-outer -->\n\t\t<\/article>\n\t\t\t\t<\/div>\n\t\t<\/div>\n\t\t\n","protected":false},"excerpt":{"rendered":"La profesi\u00f3n docente, en general, est\u00e1 muy poco remunerada si tenemos en cuenta la gran preparaci\u00f3n que se&hellip;","protected":false},"author":1,"featured_media":44719,"comment_status":"open","ping_status":"closed","sticky":false,"template":"","format":"standard","meta":{"csco_display_header_overlay":false,"csco_singular_sidebar":"default","csco_page_header_type":"default","csco_page_load_nextpost":"default","csco_post_video_location":[],"csco_post_video_location_hash":"","csco_post_video_url":"","csco_post_video_bg_start_time":0,"csco_post_video_bg_end_time":0,"csco_post_video_bg_volume":false,"_jetpack_memberships_contains_paid_content":false,"footnotes":""},"categories":[570,4530,735,4264],"tags":[2378,52,2379,1379,4265,3879],"class_list":{"0":"post-36704","1":"post","2":"type-post","3":"status-publish","4":"format-standard","5":"has-post-thumbnail","7":"category-docentes","8":"category-economia","9":"category-pedagogia","10":"category-sueldos","11":"tag-america","12":"tag-docente","13":"tag-latina","14":"tag-mal","15":"tag-pagados","16":"tag-sueldo","17":"cs-entry","18":"cs-video-wrap"},"yoast_head":"<!-- This site is optimized with the Yoast SEO plugin v27.5 - https:\/\/yoast.com\/product\/yoast-seo-wordpress\/ -->\n<title>La carrera de educaci\u00f3n es una de las peores pagadas dentro de los \u00faltimos a\u00f1os en Latinoam\u00e9rica - 2026<\/title>\n<meta name=\"description\" content=\"La profesi\u00f3n docente, en general, est\u00e1 muy poco remunerada si tenemos en cuenta la gran preparaci\u00f3n que se requiere para el desempe\u00f1o de la misma.\" \/>\n<meta name=\"robots\" content=\"index, follow, max-snippet:-1, max-image-preview:large, max-video-preview:-1\" \/>\n<link rel=\"canonical\" href=\"https:\/\/webdelmaestrocmf.com\/portal\/la-carrera-de-educacion-es-una-de-las-peores-pagadas-dentro-los-ultimos-cinco-anos\/\" \/>\n<meta property=\"og:locale\" content=\"es_ES\" \/>\n<meta property=\"og:type\" content=\"article\" \/>\n<meta property=\"og:title\" content=\"La carrera de educaci\u00f3n es una de las peores pagadas dentro de los \u00faltimos a\u00f1os en Latinoam\u00e9rica - 2026\" \/>\n<meta property=\"og:description\" content=\"La profesi\u00f3n docente, en general, est\u00e1 muy poco remunerada si tenemos en cuenta la gran preparaci\u00f3n que se requiere para el desempe\u00f1o de la misma.\" \/>\n<meta property=\"og:url\" content=\"https:\/\/webdelmaestrocmf.com\/portal\/la-carrera-de-educacion-es-una-de-las-peores-pagadas-dentro-los-ultimos-cinco-anos\/\" \/>\n<meta property=\"og:site_name\" content=\"Web del Maestro CMF\" \/>\n<meta property=\"article:publisher\" content=\"https:\/\/www.facebook.com\/WebdelMaestroCMF\/\" \/>\n<meta property=\"article:author\" content=\"https:\/\/www.facebook.com\/WebdelMaestroCMF\/\" \/>\n<meta property=\"article:published_time\" content=\"2019-11-30T23:50:19+00:00\" \/>\n<meta property=\"article:modified_time\" content=\"2022-07-30T03:18:33+00:00\" \/>\n<meta property=\"og:image\" content=\"https:\/\/i0.wp.com\/webdelmaestrocmf.com\/portal\/wp-content\/uploads\/2019\/11\/2a.jpg?fit=1100%2C680&ssl=1\" \/>\n\t<meta property=\"og:image:width\" content=\"1100\" \/>\n\t<meta property=\"og:image:height\" content=\"680\" \/>\n\t<meta property=\"og:image:type\" content=\"image\/jpeg\" \/>\n<meta name=\"author\" content=\"Web del Maestro CMF\" \/>\n<meta name=\"twitter:card\" content=\"summary_large_image\" \/>\n<meta name=\"twitter:creator\" content=\"@cmf_w\" \/>\n<meta name=\"twitter:site\" content=\"@cmf_w\" \/>\n<script type=\"application\/ld+json\" class=\"yoast-schema-graph\">{\"@context\":\"https:\\\/\\\/schema.org\",\"@graph\":[{\"@type\":\"ScholarlyArticle\",\"@id\":\"https:\\\/\\\/webdelmaestrocmf.com\\\/portal\\\/la-carrera-de-educacion-es-una-de-las-peores-pagadas-dentro-los-ultimos-cinco-anos\\\/#article\",\"isPartOf\":{\"@id\":\"https:\\\/\\\/webdelmaestrocmf.com\\\/portal\\\/la-carrera-de-educacion-es-una-de-las-peores-pagadas-dentro-los-ultimos-cinco-anos\\\/\"},\"author\":{\"name\":\"Web del Maestro CMF\",\"@id\":\"https:\\\/\\\/webdelmaestrocmf.com\\\/portal\\\/#\\\/schema\\\/person\\\/1072a2ed7bd960df8ef99a551fa35dc5\"},\"headline\":\"La carrera de educaci\u00f3n es una de las peores pagadas dentro de los \u00faltimos a\u00f1os en Latinoam\u00e9rica\",\"datePublished\":\"2019-11-30T23:50:19+00:00\",\"dateModified\":\"2022-07-30T03:18:33+00:00\",\"mainEntityOfPage\":{\"@id\":\"https:\\\/\\\/webdelmaestrocmf.com\\\/portal\\\/la-carrera-de-educacion-es-una-de-las-peores-pagadas-dentro-los-ultimos-cinco-anos\\\/\"},\"wordCount\":884,\"commentCount\":10,\"publisher\":{\"@id\":\"https:\\\/\\\/webdelmaestrocmf.com\\\/portal\\\/#organization\"},\"image\":{\"@id\":\"https:\\\/\\\/webdelmaestrocmf.com\\\/portal\\\/la-carrera-de-educacion-es-una-de-las-peores-pagadas-dentro-los-ultimos-cinco-anos\\\/#primaryimage\"},\"thumbnailUrl\":\"https:\\\/\\\/webdelmaestrocmf.com\\\/portal\\\/wp-content\\\/uploads\\\/2019\\\/11\\\/2a.jpg\",\"keywords\":[\"AM\u00c9RICA\",\"DOCENTE\",\"LATINA\",\"mal\",\"PAGADOS\",\"sueldo\"],\"articleSection\":[\"Docentes\",\"Econom\u00eda\",\"Recursos\",\"Sueldos\"],\"inLanguage\":\"es\",\"potentialAction\":[{\"@type\":\"CommentAction\",\"name\":\"Comment\",\"target\":[\"https:\\\/\\\/webdelmaestrocmf.com\\\/portal\\\/la-carrera-de-educacion-es-una-de-las-peores-pagadas-dentro-los-ultimos-cinco-anos\\\/#respond\"]}]},{\"@type\":\"WebPage\",\"@id\":\"https:\\\/\\\/webdelmaestrocmf.com\\\/portal\\\/la-carrera-de-educacion-es-una-de-las-peores-pagadas-dentro-los-ultimos-cinco-anos\\\/\",\"url\":\"https:\\\/\\\/webdelmaestrocmf.com\\\/portal\\\/la-carrera-de-educacion-es-una-de-las-peores-pagadas-dentro-los-ultimos-cinco-anos\\\/\",\"name\":\"La carrera de educaci\u00f3n es una de las peores pagadas dentro de los \u00faltimos a\u00f1os en Latinoam\u00e9rica - 2026\",\"isPartOf\":{\"@id\":\"https:\\\/\\\/webdelmaestrocmf.com\\\/portal\\\/#website\"},\"primaryImageOfPage\":{\"@id\":\"https:\\\/\\\/webdelmaestrocmf.com\\\/portal\\\/la-carrera-de-educacion-es-una-de-las-peores-pagadas-dentro-los-ultimos-cinco-anos\\\/#primaryimage\"},\"image\":{\"@id\":\"https:\\\/\\\/webdelmaestrocmf.com\\\/portal\\\/la-carrera-de-educacion-es-una-de-las-peores-pagadas-dentro-los-ultimos-cinco-anos\\\/#primaryimage\"},\"thumbnailUrl\":\"https:\\\/\\\/webdelmaestrocmf.com\\\/portal\\\/wp-content\\\/uploads\\\/2019\\\/11\\\/2a.jpg\",\"datePublished\":\"2019-11-30T23:50:19+00:00\",\"dateModified\":\"2022-07-30T03:18:33+00:00\",\"description\":\"La profesi\u00f3n docente, en general, est\u00e1 muy poco remunerada si tenemos en cuenta la gran preparaci\u00f3n que se requiere para el desempe\u00f1o de la misma.\",\"breadcrumb\":{\"@id\":\"https:\\\/\\\/webdelmaestrocmf.com\\\/portal\\\/la-carrera-de-educacion-es-una-de-las-peores-pagadas-dentro-los-ultimos-cinco-anos\\\/#breadcrumb\"},\"inLanguage\":\"es\",\"potentialAction\":[{\"@type\":\"ReadAction\",\"target\":[\"https:\\\/\\\/webdelmaestrocmf.com\\\/portal\\\/la-carrera-de-educacion-es-una-de-las-peores-pagadas-dentro-los-ultimos-cinco-anos\\\/\"]}]},{\"@type\":\"ImageObject\",\"inLanguage\":\"es\",\"@id\":\"https:\\\/\\\/webdelmaestrocmf.com\\\/portal\\\/la-carrera-de-educacion-es-una-de-las-peores-pagadas-dentro-los-ultimos-cinco-anos\\\/#primaryimage\",\"url\":\"https:\\\/\\\/webdelmaestrocmf.com\\\/portal\\\/wp-content\\\/uploads\\\/2019\\\/11\\\/2a.jpg\",\"contentUrl\":\"https:\\\/\\\/webdelmaestrocmf.com\\\/portal\\\/wp-content\\\/uploads\\\/2019\\\/11\\\/2a.jpg\",\"width\":1100,\"height\":680},{\"@type\":\"BreadcrumbList\",\"@id\":\"https:\\\/\\\/webdelmaestrocmf.com\\\/portal\\\/la-carrera-de-educacion-es-una-de-las-peores-pagadas-dentro-los-ultimos-cinco-anos\\\/#breadcrumb\",\"itemListElement\":[{\"@type\":\"ListItem\",\"position\":1,\"name\":\"Portada\",\"item\":\"https:\\\/\\\/webdelmaestrocmf.com\\\/portal\\\/\"},{\"@type\":\"ListItem\",\"position\":2,\"name\":\"Recursos\",\"item\":\"https:\\\/\\\/webdelmaestrocmf.com\\\/portal\\\/category\\\/pedagogia\\\/\"},{\"@type\":\"ListItem\",\"position\":3,\"name\":\"La carrera de educaci\u00f3n es una de las peores pagadas dentro de los \u00faltimos a\u00f1os en Latinoam\u00e9rica\"}]},{\"@type\":\"WebSite\",\"@id\":\"https:\\\/\\\/webdelmaestrocmf.com\\\/portal\\\/#website\",\"url\":\"https:\\\/\\\/webdelmaestrocmf.com\\\/portal\\\/\",\"name\":\"Web del Maestro CMF\",\"description\":\"Maestros al servicio de la educaci\u00f3n\",\"publisher\":{\"@id\":\"https:\\\/\\\/webdelmaestrocmf.com\\\/portal\\\/#organization\"},\"alternateName\":\"WMCMF\",\"potentialAction\":[{\"@type\":\"SearchAction\",\"target\":{\"@type\":\"EntryPoint\",\"urlTemplate\":\"https:\\\/\\\/webdelmaestrocmf.com\\\/portal\\\/?s={search_term_string}\"},\"query-input\":{\"@type\":\"PropertyValueSpecification\",\"valueRequired\":true,\"valueName\":\"search_term_string\"}}],\"inLanguage\":\"es\"},{\"@type\":\"Organization\",\"@id\":\"https:\\\/\\\/webdelmaestrocmf.com\\\/portal\\\/#organization\",\"name\":\"Web del Maestro CMF\",\"alternateName\":\"WMCMF\",\"url\":\"https:\\\/\\\/webdelmaestrocmf.com\\\/portal\\\/\",\"logo\":{\"@type\":\"ImageObject\",\"inLanguage\":\"es\",\"@id\":\"https:\\\/\\\/webdelmaestrocmf.com\\\/portal\\\/#\\\/schema\\\/logo\\\/image\\\/\",\"url\":\"https:\\\/\\\/webdelmaestrocmf.com\\\/portal\\\/wp-content\\\/uploads\\\/2023\\\/01\\\/logo-wmcmf-2.png\",\"contentUrl\":\"https:\\\/\\\/webdelmaestrocmf.com\\\/portal\\\/wp-content\\\/uploads\\\/2023\\\/01\\\/logo-wmcmf-2.png\",\"width\":200,\"height\":60,\"caption\":\"Web del Maestro CMF\"},\"image\":{\"@id\":\"https:\\\/\\\/webdelmaestrocmf.com\\\/portal\\\/#\\\/schema\\\/logo\\\/image\\\/\"},\"sameAs\":[\"https:\\\/\\\/www.facebook.com\\\/WebdelMaestroCMF\\\/\",\"https:\\\/\\\/x.com\\\/cmf_w\",\"https:\\\/\\\/www.pinterest.com\\\/WMCMF\\\/\",\"https:\\\/\\\/www.linkedin.com\\\/company\\\/web-del-maestro-cmf\\\/\",\"https:\\\/\\\/www.instagram.com\\\/wmcmf\\\/\",\"https:\\\/\\\/www.youtube.com\\\/channel\\\/UCDPSvjbdodE5sHnC3OxutHw\",\"https:\\\/\\\/mastodon.social\\\/@wmcmf\",\"https:\\\/\\\/www.tiktok.com\\\/@webdelmaestrocmf\"]},{\"@type\":\"Person\",\"@id\":\"https:\\\/\\\/webdelmaestrocmf.com\\\/portal\\\/#\\\/schema\\\/person\\\/1072a2ed7bd960df8ef99a551fa35dc5\",\"name\":\"Web del Maestro CMF\",\"image\":{\"@type\":\"ImageObject\",\"inLanguage\":\"es\",\"@id\":\"https:\\\/\\\/secure.gravatar.com\\\/avatar\\\/23291dd5b5ae1077dcff3dbb04c3e02bd28403fa75af6d8787d5e97c5bbbe30b?s=96&d=mm&r=g\",\"url\":\"https:\\\/\\\/secure.gravatar.com\\\/avatar\\\/23291dd5b5ae1077dcff3dbb04c3e02bd28403fa75af6d8787d5e97c5bbbe30b?s=96&d=mm&r=g\",\"contentUrl\":\"https:\\\/\\\/secure.gravatar.com\\\/avatar\\\/23291dd5b5ae1077dcff3dbb04c3e02bd28403fa75af6d8787d5e97c5bbbe30b?s=96&d=mm&r=g\",\"caption\":\"Web del Maestro CMF\"},\"description\":\"Esta Web se cre\u00f3 sin fines de lucro, con fines educativos, cient\u00edficos y acad\u00e9micos, para personas que tengan dificultades y\\\/o inconvenientes en visualizar el material original. El objetivo es entregar recursos, compartir experiencias y materiales que ayuden a los padres de familia, maestros y estudiantes en su actualizaci\u00f3n y formaci\u00f3n permanente, en bien de la Educaci\u00f3n.\",\"sameAs\":[\"http:\\\/\\\/webdelmaestrocmf.com\\\/portal\",\"https:\\\/\\\/www.facebook.com\\\/WebdelMaestroCMF\\\/\",\"https:\\\/\\\/www.instagram.com\\\/wmcmf\\\/\",\"https:\\\/\\\/cl.linkedin.com\\\/company\\\/web-del-maestro-cmf\",\"https:\\\/\\\/www.pinterest.com\\\/WMCMF\\\/publicaciones\\\/\",\"https:\\\/\\\/x.com\\\/cmf_w\",\"https:\\\/\\\/www.youtube.com\\\/@WMCMF\"]}]}<\/script>\n<!-- \/ Yoast SEO plugin. -->","yoast_head_json":{"title":"La carrera de educaci\u00f3n es una de las peores pagadas dentro de los \u00faltimos a\u00f1os en Latinoam\u00e9rica - 2026","description":"La profesi\u00f3n docente, en general, est\u00e1 muy poco remunerada si tenemos en cuenta la gran preparaci\u00f3n que se requiere para el desempe\u00f1o de la misma.","robots":{"index":"index","follow":"follow","max-snippet":"max-snippet:-1","max-image-preview":"max-image-preview:large","max-video-preview":"max-video-preview:-1"},"canonical":"https:\/\/webdelmaestrocmf.com\/portal\/la-carrera-de-educacion-es-una-de-las-peores-pagadas-dentro-los-ultimos-cinco-anos\/","og_locale":"es_ES","og_type":"article","og_title":"La carrera de educaci\u00f3n es una de las peores pagadas dentro de los \u00faltimos a\u00f1os en Latinoam\u00e9rica - 2026","og_description":"La profesi\u00f3n docente, en general, est\u00e1 muy poco remunerada si tenemos en cuenta la gran preparaci\u00f3n que se requiere para el desempe\u00f1o de la misma.","og_url":"https:\/\/webdelmaestrocmf.com\/portal\/la-carrera-de-educacion-es-una-de-las-peores-pagadas-dentro-los-ultimos-cinco-anos\/","og_site_name":"Web del Maestro CMF","article_publisher":"https:\/\/www.facebook.com\/WebdelMaestroCMF\/","article_author":"https:\/\/www.facebook.com\/WebdelMaestroCMF\/","article_published_time":"2019-11-30T23:50:19+00:00","article_modified_time":"2022-07-30T03:18:33+00:00","og_image":[{"width":1100,"height":680,"url":"https:\/\/i0.wp.com\/webdelmaestrocmf.com\/portal\/wp-content\/uploads\/2019\/11\/2a.jpg?fit=1100%2C680&ssl=1","type":"image\/jpeg"}],"author":"Web del Maestro CMF","twitter_card":"summary_large_image","twitter_creator":"@cmf_w","twitter_site":"@cmf_w","schema":{"@context":"https:\/\/schema.org","@graph":[{"@type":"ScholarlyArticle","@id":"https:\/\/webdelmaestrocmf.com\/portal\/la-carrera-de-educacion-es-una-de-las-peores-pagadas-dentro-los-ultimos-cinco-anos\/#article","isPartOf":{"@id":"https:\/\/webdelmaestrocmf.com\/portal\/la-carrera-de-educacion-es-una-de-las-peores-pagadas-dentro-los-ultimos-cinco-anos\/"},"author":{"name":"Web del Maestro CMF","@id":"https:\/\/webdelmaestrocmf.com\/portal\/#\/schema\/person\/1072a2ed7bd960df8ef99a551fa35dc5"},"headline":"La carrera de educaci\u00f3n es una de las peores pagadas dentro de los \u00faltimos a\u00f1os en Latinoam\u00e9rica","datePublished":"2019-11-30T23:50:19+00:00","dateModified":"2022-07-30T03:18:33+00:00","mainEntityOfPage":{"@id":"https:\/\/webdelmaestrocmf.com\/portal\/la-carrera-de-educacion-es-una-de-las-peores-pagadas-dentro-los-ultimos-cinco-anos\/"},"wordCount":884,"commentCount":10,"publisher":{"@id":"https:\/\/webdelmaestrocmf.com\/portal\/#organization"},"image":{"@id":"https:\/\/webdelmaestrocmf.com\/portal\/la-carrera-de-educacion-es-una-de-las-peores-pagadas-dentro-los-ultimos-cinco-anos\/#primaryimage"},"thumbnailUrl":"https:\/\/webdelmaestrocmf.com\/portal\/wp-content\/uploads\/2019\/11\/2a.jpg","keywords":["AM\u00c9RICA","DOCENTE","LATINA","mal","PAGADOS","sueldo"],"articleSection":["Docentes","Econom\u00eda","Recursos","Sueldos"],"inLanguage":"es","potentialAction":[{"@type":"CommentAction","name":"Comment","target":["https:\/\/webdelmaestrocmf.com\/portal\/la-carrera-de-educacion-es-una-de-las-peores-pagadas-dentro-los-ultimos-cinco-anos\/#respond"]}]},{"@type":"WebPage","@id":"https:\/\/webdelmaestrocmf.com\/portal\/la-carrera-de-educacion-es-una-de-las-peores-pagadas-dentro-los-ultimos-cinco-anos\/","url":"https:\/\/webdelmaestrocmf.com\/portal\/la-carrera-de-educacion-es-una-de-las-peores-pagadas-dentro-los-ultimos-cinco-anos\/","name":"La carrera de educaci\u00f3n es una de las peores pagadas dentro de los \u00faltimos a\u00f1os en Latinoam\u00e9rica - 2026","isPartOf":{"@id":"https:\/\/webdelmaestrocmf.com\/portal\/#website"},"primaryImageOfPage":{"@id":"https:\/\/webdelmaestrocmf.com\/portal\/la-carrera-de-educacion-es-una-de-las-peores-pagadas-dentro-los-ultimos-cinco-anos\/#primaryimage"},"image":{"@id":"https:\/\/webdelmaestrocmf.com\/portal\/la-carrera-de-educacion-es-una-de-las-peores-pagadas-dentro-los-ultimos-cinco-anos\/#primaryimage"},"thumbnailUrl":"https:\/\/webdelmaestrocmf.com\/portal\/wp-content\/uploads\/2019\/11\/2a.jpg","datePublished":"2019-11-30T23:50:19+00:00","dateModified":"2022-07-30T03:18:33+00:00","description":"La profesi\u00f3n docente, en general, est\u00e1 muy poco remunerada si tenemos en cuenta la gran preparaci\u00f3n que se requiere para el desempe\u00f1o de la misma.","breadcrumb":{"@id":"https:\/\/webdelmaestrocmf.com\/portal\/la-carrera-de-educacion-es-una-de-las-peores-pagadas-dentro-los-ultimos-cinco-anos\/#breadcrumb"},"inLanguage":"es","potentialAction":[{"@type":"ReadAction","target":["https:\/\/webdelmaestrocmf.com\/portal\/la-carrera-de-educacion-es-una-de-las-peores-pagadas-dentro-los-ultimos-cinco-anos\/"]}]},{"@type":"ImageObject","inLanguage":"es","@id":"https:\/\/webdelmaestrocmf.com\/portal\/la-carrera-de-educacion-es-una-de-las-peores-pagadas-dentro-los-ultimos-cinco-anos\/#primaryimage","url":"https:\/\/webdelmaestrocmf.com\/portal\/wp-content\/uploads\/2019\/11\/2a.jpg","contentUrl":"https:\/\/webdelmaestrocmf.com\/portal\/wp-content\/uploads\/2019\/11\/2a.jpg","width":1100,"height":680},{"@type":"BreadcrumbList","@id":"https:\/\/webdelmaestrocmf.com\/portal\/la-carrera-de-educacion-es-una-de-las-peores-pagadas-dentro-los-ultimos-cinco-anos\/#breadcrumb","itemListElement":[{"@type":"ListItem","position":1,"name":"Portada","item":"https:\/\/webdelmaestrocmf.com\/portal\/"},{"@type":"ListItem","position":2,"name":"Recursos","item":"https:\/\/webdelmaestrocmf.com\/portal\/category\/pedagogia\/"},{"@type":"ListItem","position":3,"name":"La carrera de educaci\u00f3n es una de las peores pagadas dentro de los \u00faltimos a\u00f1os en Latinoam\u00e9rica"}]},{"@type":"WebSite","@id":"https:\/\/webdelmaestrocmf.com\/portal\/#website","url":"https:\/\/webdelmaestrocmf.com\/portal\/","name":"Web del Maestro CMF","description":"Maestros al servicio de la educaci\u00f3n","publisher":{"@id":"https:\/\/webdelmaestrocmf.com\/portal\/#organization"},"alternateName":"WMCMF","potentialAction":[{"@type":"SearchAction","target":{"@type":"EntryPoint","urlTemplate":"https:\/\/webdelmaestrocmf.com\/portal\/?s={search_term_string}"},"query-input":{"@type":"PropertyValueSpecification","valueRequired":true,"valueName":"search_term_string"}}],"inLanguage":"es"},{"@type":"Organization","@id":"https:\/\/webdelmaestrocmf.com\/portal\/#organization","name":"Web del Maestro CMF","alternateName":"WMCMF","url":"https:\/\/webdelmaestrocmf.com\/portal\/","logo":{"@type":"ImageObject","inLanguage":"es","@id":"https:\/\/webdelmaestrocmf.com\/portal\/#\/schema\/logo\/image\/","url":"https:\/\/webdelmaestrocmf.com\/portal\/wp-content\/uploads\/2023\/01\/logo-wmcmf-2.png","contentUrl":"https:\/\/webdelmaestrocmf.com\/portal\/wp-content\/uploads\/2023\/01\/logo-wmcmf-2.png","width":200,"height":60,"caption":"Web del Maestro CMF"},"image":{"@id":"https:\/\/webdelmaestrocmf.com\/portal\/#\/schema\/logo\/image\/"},"sameAs":["https:\/\/www.facebook.com\/WebdelMaestroCMF\/","https:\/\/x.com\/cmf_w","https:\/\/www.pinterest.com\/WMCMF\/","https:\/\/www.linkedin.com\/company\/web-del-maestro-cmf\/","https:\/\/www.instagram.com\/wmcmf\/","https:\/\/www.youtube.com\/channel\/UCDPSvjbdodE5sHnC3OxutHw","https:\/\/mastodon.social\/@wmcmf","https:\/\/www.tiktok.com\/@webdelmaestrocmf"]},{"@type":"Person","@id":"https:\/\/webdelmaestrocmf.com\/portal\/#\/schema\/person\/1072a2ed7bd960df8ef99a551fa35dc5","name":"Web del Maestro CMF","image":{"@type":"ImageObject","inLanguage":"es","@id":"https:\/\/secure.gravatar.com\/avatar\/23291dd5b5ae1077dcff3dbb04c3e02bd28403fa75af6d8787d5e97c5bbbe30b?s=96&d=mm&r=g","url":"https:\/\/secure.gravatar.com\/avatar\/23291dd5b5ae1077dcff3dbb04c3e02bd28403fa75af6d8787d5e97c5bbbe30b?s=96&d=mm&r=g","contentUrl":"https:\/\/secure.gravatar.com\/avatar\/23291dd5b5ae1077dcff3dbb04c3e02bd28403fa75af6d8787d5e97c5bbbe30b?s=96&d=mm&r=g","caption":"Web del Maestro CMF"},"description":"Esta Web se cre\u00f3 sin fines de lucro, con fines educativos, cient\u00edficos y acad\u00e9micos, para personas que tengan dificultades y\/o inconvenientes en visualizar el material original. El objetivo es entregar recursos, compartir experiencias y materiales que ayuden a los padres de familia, maestros y estudiantes en su actualizaci\u00f3n y formaci\u00f3n permanente, en bien de la Educaci\u00f3n.","sameAs":["http:\/\/webdelmaestrocmf.com\/portal","https:\/\/www.facebook.com\/WebdelMaestroCMF\/","https:\/\/www.instagram.com\/wmcmf\/","https:\/\/cl.linkedin.com\/company\/web-del-maestro-cmf","https:\/\/www.pinterest.com\/WMCMF\/publicaciones\/","https:\/\/x.com\/cmf_w","https:\/\/www.youtube.com\/@WMCMF"]}]}},"jetpack_featured_media_url":"https:\/\/webdelmaestrocmf.com\/portal\/wp-content\/uploads\/2019\/11\/2a.jpg","jetpack_sharing_enabled":true,"jetpack-related-posts":[{"id":32338,"url":"https:\/\/webdelmaestrocmf.com\/portal\/sueldo-docente-promesa-pendiente-no-olviden-que-tambien-tenemos-una-familia-que-educar-y-alimentar\/","url_meta":{"origin":36704,"position":0},"title":"Jorge Mauricio Borja Ram\u00edrez: No puede haber educaci\u00f3n de calidad con maestros mal pagados","author":"Web del Maestro CMF","date":"18 junio, 2025","format":false,"excerpt":"Sin maestros bien remunerados no hay educaci\u00f3n de calidad. Los bajos salarios afectan la motivaci\u00f3n, alejan talentos y limitan el desarrollo educativo, evidenciando la urgente necesidad de dignificar la profesi\u00f3n docente.","rel":"","context":"En \u00abEntrevistas\u00bb","block_context":{"text":"Entrevistas","link":"https:\/\/webdelmaestrocmf.com\/portal\/category\/noticias\/entrevistas\/"},"img":{"alt_text":"","src":"https:\/\/i0.wp.com\/webdelmaestrocmf.com\/portal\/wp-content\/uploads\/2025\/06\/1A-Banner-1-portada-imagen-10-1-copia-24.jpg?resize=350%2C200&ssl=1","width":350,"height":200,"srcset":"https:\/\/i0.wp.com\/webdelmaestrocmf.com\/portal\/wp-content\/uploads\/2025\/06\/1A-Banner-1-portada-imagen-10-1-copia-24.jpg?resize=350%2C200&ssl=1 1x, https:\/\/i0.wp.com\/webdelmaestrocmf.com\/portal\/wp-content\/uploads\/2025\/06\/1A-Banner-1-portada-imagen-10-1-copia-24.jpg?resize=525%2C300&ssl=1 1.5x, https:\/\/i0.wp.com\/webdelmaestrocmf.com\/portal\/wp-content\/uploads\/2025\/06\/1A-Banner-1-portada-imagen-10-1-copia-24.jpg?resize=700%2C400&ssl=1 2x"},"classes":[]},{"id":22833,"url":"https:\/\/webdelmaestrocmf.com\/portal\/los-paises-de-latinoamerica-que-mejor-y-peor-le-pagan-a-sus-profesores\/","url_meta":{"origin":36704,"position":1},"title":"Pa\u00edses de Latinoam\u00e9rica que mejor y peor le pagan a sus profesores","author":"Web del Maestro CMF","date":"8 octubre, 2017","format":false,"excerpt":"Sacar un promedio de lo que gana un profesor en Am\u00e9rica Latina es una tarea compleja, los factores que inciden en el salario de los educadores var\u00edan de pa\u00eds en pa\u00eds de acuerdo con su nivel de educaci\u00f3n, los a\u00f1os de experiencia y si pertenecen al sector p\u00fablico o privado.\u2026","rel":"","context":"En \u00abRecursos\u00bb","block_context":{"text":"Recursos","link":"https:\/\/webdelmaestrocmf.com\/portal\/category\/pedagogia\/"},"img":{"alt_text":"","src":"https:\/\/i0.wp.com\/webdelmaestrocmf.com\/portal\/wp-content\/uploads\/2017\/10\/19253-1.jpeg?resize=350%2C200&ssl=1","width":350,"height":200,"srcset":"https:\/\/i0.wp.com\/webdelmaestrocmf.com\/portal\/wp-content\/uploads\/2017\/10\/19253-1.jpeg?resize=350%2C200&ssl=1 1x, https:\/\/i0.wp.com\/webdelmaestrocmf.com\/portal\/wp-content\/uploads\/2017\/10\/19253-1.jpeg?resize=525%2C300&ssl=1 1.5x, https:\/\/i0.wp.com\/webdelmaestrocmf.com\/portal\/wp-content\/uploads\/2017\/10\/19253-1.jpeg?resize=700%2C400&ssl=1 2x, https:\/\/i0.wp.com\/webdelmaestrocmf.com\/portal\/wp-content\/uploads\/2017\/10\/19253-1.jpeg?resize=1050%2C600&ssl=1 3x"},"classes":[]},{"id":113528,"url":"https:\/\/webdelmaestrocmf.com\/portal\/minedu-anuncia-aumento-de-sueldo-para-profesores-mas-de-430-mil-docentes-seran-beneficiados\/","url_meta":{"origin":36704,"position":2},"title":"Minedu anuncia aumento de sueldo para profesores: m\u00e1s de 430 mil docentes ser\u00e1n beneficiados","author":"Web del Maestro CMF","date":"17 noviembre, 2025","format":false,"excerpt":"El Minedu oficializ\u00f3 un aumento salarial para m\u00e1s de 430 mil docentes, mejorando categor\u00edas y escalas en educaci\u00f3n pedag\u00f3gica y tecnol\u00f3gica.","rel":"","context":"En \u00abNoticias Internacionales\u00bb","block_context":{"text":"Noticias Internacionales","link":"https:\/\/webdelmaestrocmf.com\/portal\/category\/noticias-internacionales\/"},"img":{"alt_text":"","src":"https:\/\/i0.wp.com\/webdelmaestrocmf.com\/portal\/wp-content\/uploads\/2025\/11\/1A-Banner-1-portada-imagen-10-1-copia-8-1.webp?resize=350%2C200&ssl=1","width":350,"height":200,"srcset":"https:\/\/i0.wp.com\/webdelmaestrocmf.com\/portal\/wp-content\/uploads\/2025\/11\/1A-Banner-1-portada-imagen-10-1-copia-8-1.webp?resize=350%2C200&ssl=1 1x, https:\/\/i0.wp.com\/webdelmaestrocmf.com\/portal\/wp-content\/uploads\/2025\/11\/1A-Banner-1-portada-imagen-10-1-copia-8-1.webp?resize=525%2C300&ssl=1 1.5x, https:\/\/i0.wp.com\/webdelmaestrocmf.com\/portal\/wp-content\/uploads\/2025\/11\/1A-Banner-1-portada-imagen-10-1-copia-8-1.webp?resize=700%2C400&ssl=1 2x"},"classes":[]},{"id":41868,"url":"https:\/\/webdelmaestrocmf.com\/portal\/los-politicos-no-deben-ganar-mas-de-lo-que-gana-un-profesor-y-deberian-usar-los-servicios-de-salud-y-el-sistema-educativo-del-estado\/","url_meta":{"origin":36704,"position":3},"title":"Si los docentes ganasen bien, \u00bflos pol\u00edticos postular\u00edan al magisterio?","author":"Web del Maestro CMF","date":"4 julio, 2025","format":false,"excerpt":"Es el m\u00e1s querido de los profesionales y el peor pagado","rel":"","context":"En \u00abEconom\u00eda\u00bb","block_context":{"text":"Econom\u00eda","link":"https:\/\/webdelmaestrocmf.com\/portal\/category\/pedagogia\/economia\/"},"img":{"alt_text":"","src":"https:\/\/i0.wp.com\/webdelmaestrocmf.com\/portal\/wp-content\/uploads\/2019\/11\/1A-Banner-1-portada-imagen-10-1-2.jpg?resize=350%2C200&ssl=1","width":350,"height":200,"srcset":"https:\/\/i0.wp.com\/webdelmaestrocmf.com\/portal\/wp-content\/uploads\/2019\/11\/1A-Banner-1-portada-imagen-10-1-2.jpg?resize=350%2C200&ssl=1 1x, https:\/\/i0.wp.com\/webdelmaestrocmf.com\/portal\/wp-content\/uploads\/2019\/11\/1A-Banner-1-portada-imagen-10-1-2.jpg?resize=525%2C300&ssl=1 1.5x, https:\/\/i0.wp.com\/webdelmaestrocmf.com\/portal\/wp-content\/uploads\/2019\/11\/1A-Banner-1-portada-imagen-10-1-2.jpg?resize=700%2C400&ssl=1 2x"},"classes":[]},{"id":113865,"url":"https:\/\/webdelmaestrocmf.com\/portal\/segun-la-ocde-los-maestros-de-primaria-en-espana-ganan-50-130-euros-brutos-al-ano-y-los-profesores-de-secundaria-56-190-euros\/","url_meta":{"origin":36704,"position":4},"title":"Seg\u00fan la OCDE, los maestros de primaria en Espa\u00f1a ganan 50.130 euros brutos al a\u00f1o y los profesores de secundaria 56.190 euros","author":"Web del Maestro CMF","date":"8 diciembre, 2025","format":false,"excerpt":"Un an\u00e1lisis serio revela cu\u00e1nto ganan realmente los docentes espa\u00f1oles y qu\u00e9 lecciones aporta esta brecha salarial para la educaci\u00f3n latinoamericana.","rel":"","context":"En \u00abNoticias Internacionales\u00bb","block_context":{"text":"Noticias Internacionales","link":"https:\/\/webdelmaestrocmf.com\/portal\/category\/noticias-internacionales\/"},"img":{"alt_text":"","src":"https:\/\/i0.wp.com\/webdelmaestrocmf.com\/portal\/wp-content\/uploads\/2025\/12\/1A-Banner-1-portada-imagen-10-1-copia-7.webp?resize=350%2C200&ssl=1","width":350,"height":200,"srcset":"https:\/\/i0.wp.com\/webdelmaestrocmf.com\/portal\/wp-content\/uploads\/2025\/12\/1A-Banner-1-portada-imagen-10-1-copia-7.webp?resize=350%2C200&ssl=1 1x, https:\/\/i0.wp.com\/webdelmaestrocmf.com\/portal\/wp-content\/uploads\/2025\/12\/1A-Banner-1-portada-imagen-10-1-copia-7.webp?resize=525%2C300&ssl=1 1.5x, https:\/\/i0.wp.com\/webdelmaestrocmf.com\/portal\/wp-content\/uploads\/2025\/12\/1A-Banner-1-portada-imagen-10-1-copia-7.webp?resize=700%2C400&ssl=1 2x"},"classes":[]},{"id":12282,"url":"https:\/\/webdelmaestrocmf.com\/portal\/13-cosas-que-nunca-debes-decirle-a-un-docente\/","url_meta":{"origin":36704,"position":5},"title":"13 frases que nunca debes decirle a un maestro, por que las consideramos de mal gusto y una falta de respeto","author":"Web del Maestro CMF","date":"30 octubre, 2020","format":false,"excerpt":"Los Docentes son (en algunos lugares) v\u00edctimas de tantas burlas, desprestigios y blanco de infundios, pero es sorprendente c\u00f3mo se sobreponen ante las adversidades. Los Profesores son el colectivo m\u00e1s importante de nuestra sociedad. Con ellos aprendemos el pasado, realizamos nuestro presente y nos moldean hacia el futuro. En \u00e9pocas\u2026","rel":"","context":"En \u00abConsejos\u00bb","block_context":{"text":"Consejos","link":"https:\/\/webdelmaestrocmf.com\/portal\/category\/pedagogia\/consejos\/"},"img":{"alt_text":"","src":"https:\/\/i0.wp.com\/webdelmaestrocmf.com\/portal\/wp-content\/uploads\/2018\/09\/unnamed.jpg?resize=350%2C200&ssl=1","width":350,"height":200,"srcset":"https:\/\/i0.wp.com\/webdelmaestrocmf.com\/portal\/wp-content\/uploads\/2018\/09\/unnamed.jpg?resize=350%2C200&ssl=1 1x, https:\/\/i0.wp.com\/webdelmaestrocmf.com\/portal\/wp-content\/uploads\/2018\/09\/unnamed.jpg?resize=525%2C300&ssl=1 1.5x, https:\/\/i0.wp.com\/webdelmaestrocmf.com\/portal\/wp-content\/uploads\/2018\/09\/unnamed.jpg?resize=700%2C400&ssl=1 2x, https:\/\/i0.wp.com\/webdelmaestrocmf.com\/portal\/wp-content\/uploads\/2018\/09\/unnamed.jpg?resize=1050%2C600&ssl=1 3x"},"classes":[]}],"_links":{"self":[{"href":"https:\/\/webdelmaestrocmf.com\/portal\/wp-json\/wp\/v2\/posts\/36704","targetHints":{"allow":["GET"]}}],"collection":[{"href":"https:\/\/webdelmaestrocmf.com\/portal\/wp-json\/wp\/v2\/posts"}],"about":[{"href":"https:\/\/webdelmaestrocmf.com\/portal\/wp-json\/wp\/v2\/types\/post"}],"author":[{"embeddable":true,"href":"https:\/\/webdelmaestrocmf.com\/portal\/wp-json\/wp\/v2\/users\/1"}],"replies":[{"embeddable":true,"href":"https:\/\/webdelmaestrocmf.com\/portal\/wp-json\/wp\/v2\/comments?post=36704"}],"version-history":[{"count":0,"href":"https:\/\/webdelmaestrocmf.com\/portal\/wp-json\/wp\/v2\/posts\/36704\/revisions"}],"wp:featuredmedia":[{"embeddable":true,"href":"https:\/\/webdelmaestrocmf.com\/portal\/wp-json\/wp\/v2\/media\/44719"}],"wp:attachment":[{"href":"https:\/\/webdelmaestrocmf.com\/portal\/wp-json\/wp\/v2\/media?parent=36704"}],"wp:term":[{"taxonomy":"category","embeddable":true,"href":"https:\/\/webdelmaestrocmf.com\/portal\/wp-json\/wp\/v2\/categories?post=36704"},{"taxonomy":"post_tag","embeddable":true,"href":"https:\/\/webdelmaestrocmf.com\/portal\/wp-json\/wp\/v2\/tags?post=36704"}],"curies":[{"name":"wp","href":"https:\/\/api.w.org\/{rel}","templated":true}]}}