{"id":36570,"date":"2019-05-08T19:41:08","date_gmt":"2019-05-08T23:41:08","guid":{"rendered":"http:\/\/webdelmaestrocmf.com\/portal\/?p=36570"},"modified":"2021-01-31T17:56:18","modified_gmt":"2021-01-31T20:56:18","slug":"no-eres-maestra-o-madre-sino-madre-y-maestra","status":"publish","type":"post","link":"https:\/\/webdelmaestrocmf.com\/portal\/no-eres-maestra-o-madre-sino-madre-y-maestra\/","title":{"rendered":"No eres \u00abMaestra o Madre\u00bb sino \u00abMadre y Maestra\u00bb"},"content":{"rendered":"<h5 style=\"text-align: justify;\">El D\u00eda de la Madre no se celebra el mismo d\u00eda en todos los pa\u00edses y su raz\u00f3n ha ido evolucionando a lo largo del tiempo. La mayor\u00eda lo festejan el segundo domingo de mayo en coincidencia con la propuesta de Anna Jarvis. Sin embargo, es bueno saber que en Latinoam\u00e9rica hay m\u00e1s variaci\u00f3n: el 10 de mayo en <strong>Belice<\/strong>, <strong>El Salvador, Guatemala y M\u00e9xico<\/strong>; el 15 de mayo en Paraguay; 27 de mayo en <strong>Bolivia<\/strong>; 30 de mayo en <strong>Nicaragua<\/strong>; <strong>Hait\u00ed y Rep\u00fablica Dominicana<\/strong> el \u00faltimo domingo de mayo; <strong>Costa Rica<\/strong> el 15 de agosto; <strong>Argentina<\/strong> el tercer domingo de octubre y <strong>Panam\u00e1 <\/strong>el 08 de diciembre. (Disculpen los no mencionados). <strong>En\u00a0Europa<\/strong>, muchos pa\u00edses lo celebran el primer domingo de mayo (<strong>Espa\u00f1a, Hungr\u00eda, Lituania y Portugal<\/strong>). En <strong>Noruega,<\/strong> el 11 de febrero; en <strong>Indonesia<\/strong>, el 22 de diciembre. <strong>Irlanda e Inglaterra<\/strong> el Cuarto Domingo de Cuaresma. <strong>Corea del Sur<\/strong> celebra el d\u00eda de la madre y del padre juntos.<\/h5>\n<p><!--more--><\/p>\n<p>Desde la <strong>Web del Maestro CMF<\/strong>, queremos decirles a todas las madres que tambi\u00e9n son maestras:<\/p>\n<ul>\n<li>sabemos que Ustedes <strong>lo dan todo, sin recibir mucho<\/strong> (y a veces nada);<\/li>\n<li><strong>quieren a todos sus estudiantes<\/strong>, sin hacer ninguna distinci\u00f3n, con todo su coraz\u00f3n, <strong>sin esperar nada a cambio<\/strong>;<\/li>\n<li><strong>motivan, dan confianza y dan fuerzas<\/strong> para que no perdamos la confianza ante las dificultades;<\/li>\n<li><strong>creen en sus estudiantes<\/strong> cuando todos los dem\u00e1s dicen que ya no hay posibilidad que aprendan o se comporten mejor;<\/li>\n<li><strong>practican la paciencia y demuestran confianza<\/strong> para insistir hasta que aprendamos, &#8230;<\/li>\n<\/ul>\n<h5>GRACIAS por ser nuestras MADRES Y MAESTRAS.<\/h5>\n<p style=\"text-align: justify;\">De una manera especial, al recordar el D\u00eda de la Madre, les invitamos a tratar de <strong>recordar a la mujer <\/strong>-con las disculpas para quienes fue su padre, su abuelo o un profesor- <strong>qui\u00e9n les ense\u00f1\u00f3 a leer <\/strong>con un cart\u00f3n que ten\u00eda impreso el abecedario o con papelotes con s\u00edlabas o con libros con figuritas, &#8230; Les queremos agradecer a las profesoras que nos ense\u00f1aron a tomar un l\u00e1piz, un esfero, un birome, una pluma, un bol\u00edgrafo, &#8230; y trazar los primeros palotes, <strong>y luego a escribir.<\/strong> A todas las mujeres \u2013madres y maestras- quienes nos ense\u00f1aron, como dice Mario Vargas Llosa, a <strong>convertir el sue\u00f1o en vida y la vida en sue\u00f1o<\/strong>, para que las historias que nos leyeron o le\u00edmos antes de dormir, en el aula o como tarea, no se terminaran all\u00ed donde dec\u00edan o tuvieran el final que nosotros quer\u00edamos darles. (El Pa\u00eds, 08\/12(2010).<\/p>\n<p style=\"text-align: justify;\">Perm\u00edtannos compartir este mensaje musical de Nicole Pillman:<\/p>\n<h5><strong>GRACIAS MAM\u00c1 <\/strong>(3\u00b422\u201d)<\/h5>\n<p><iframe loading=\"lazy\" src=\"https:\/\/www.youtube.com\/embed\/xIVMliAbpMw\" width=\"100%\" height=\"400\" frameborder=\"0\" allowfullscreen=\"allowfullscreen\"><span data-mce-type=\"bookmark\" style=\"display: inline-block; width: 0px; overflow: hidden; line-height: 0;\" class=\"mce_SELRES_start\">\ufeff<\/span><span data-mce-type=\"bookmark\" style=\"display: inline-block; width: 0px; overflow: hidden; line-height: 0;\" class=\"mce_SELRES_start\">\ufeff<\/span><\/iframe><\/p>\n<p style=\"text-align: justify;\">Para no pocos de los que estamos como profesoras y profesores en las aulas -o ya las hemos dejado-, sin dejar de ser maestros y maestras; existe en nuestra memoria <strong>la imaginen de una mujer que nos ense\u00f1\u00f3 a leer, a escribir <\/strong>-para algunos la bendici\u00f3n de nuestra madre-<strong>,<\/strong> &#8230; y que desde nuestra peque\u00f1a estatura la llamamos <em><strong>\u201cse\u00f1orita\u201d<\/strong><\/em>, y con el tiempo pas\u00f3 a ser la profesora o la <strong><em>\u201cmiss\u201d<\/em><\/strong>. Con ellas <strong>aprendimos que la imaginaci\u00f3n<\/strong> no s\u00f3lo es la \u201cloca de la casa\u201d, sino tambi\u00e9n el motor y motivo de vivir nuestra ni\u00f1ez, y que <strong>no hay fantas\u00eda que no se viviera con la emoci\u00f3n de una realidad,<\/strong> cuando nos hac\u00edan describir qu\u00e9 hab\u00edamos entendido sobre una lectura o nos ensayaban para las actuaciones escolares. Y luego, tan <strong>solo luego de haber dado rienda suelta a la imaginaci\u00f3n, nos ayudaron a descubrir que pod\u00edamos escribir \u201cmam\u00e1\u201d,<\/strong> en un cartoncito, por el d\u00eda de la madre o copiar un p\u00e1rrafo en una hoja de papel. Y que necesit\u00e1bamos seguir leyendo mucho para escribir y comunicar lo que pensamos, con mayor destreza y claridad. <strong>Gracias por ser Madres y Maestras.<\/strong><\/p>\n<p><img loading=\"lazy\" decoding=\"async\" class=\"alignnone wp-image-36646\" src=\"http:\/\/webdelmaestrocmf.com\/portal\/wp-content\/uploads\/2019\/05\/2-13.jpg\" alt=\"\" width=\"1098\" height=\"580\" srcset=\"https:\/\/webdelmaestrocmf.com\/portal\/wp-content\/uploads\/2019\/05\/2-13.jpg 1024w, https:\/\/webdelmaestrocmf.com\/portal\/wp-content\/uploads\/2019\/05\/2-13-300x158.jpg 300w, https:\/\/webdelmaestrocmf.com\/portal\/wp-content\/uploads\/2019\/05\/2-13-768x406.jpg 768w\" sizes=\"auto, (max-width: 1098px) 100vw, 1098px\" \/><\/p>\n<p style=\"text-align: justify;\">El Portal de la Derrama Magisterial de Per\u00fa, public\u00f3 un testimonio de la Profesora Mari Carmen Heredia Melero, y que compartimos (<em>los resaltados son nuestros<\/em>) por su sencillez y profundidad: \u201cNo cabe duda que el\u00a0<strong>\u201cser madre\u201d<\/strong>\u00a0ha marcado mi \u201cser maestra\u201d. No obstante, tambi\u00e9n he de admitir que no soy\u00a0<strong>\u201cmaestra o madre\u201d<\/strong>\u00a0sino <strong>\u201cmadre y maestra<\/strong>\u201d. Que no puedo evitar eso que algunos llaman \u201cdeformaci\u00f3n profesional\u201d y que yo no puedo llamar de otra forma que \u201cvocaci\u00f3n\u201d, o si lo prefieren \u201cmisi\u00f3n\u201d. Que cuando estoy con mis hijos me surge la vena did\u00e1ctica que llevamos todas las\u00a0<strong>madres<\/strong>\u00a0y que nos conduce a explorar el mundo del conocimiento con ellos. Asimismo, <strong>tampoco puedo evitar querer a mis alumnos y alumnas con\u00a0coraz\u00f3n de madre, sufrir con sus problemas, desear lo mejor a sus familias, enorgullecerme de sus logros y lamentar sus tropiezos<\/strong>. En definitiva,<strong> ser madre<\/strong>\u00a0me ha ayudado a ser la maestra que quiero ser y a considerar como pilares fundamentales en mi pr\u00e1ctica educativa: <strong>la afectividad, el aprendizaje colaborativo y la creatividad.<\/strong> Tres pilares en los que es fundamental la aceptaci\u00f3n del ni\u00f1o como persona y no como un n\u00famero o una operaci\u00f3n exacta que siempre tiene que cuadrar de la misma forma\u201d. <a href=\"https:\/\/blog.derrama.org.pe\/ser-madre-y-ser-maestra-a-la-vez-un-reto-profesional-y-personal\/\" target=\"_blank\" rel=\"noopener noreferrer\"><strong>SER MADRE Y SER MAESTRA A LA VEZ, UN RETO PROFESIONAL Y PERSONAL.<\/strong><\/a><\/p>\n<p><img loading=\"lazy\" decoding=\"async\" class=\"alignnone size-full wp-image-36579\" src=\"http:\/\/webdelmaestrocmf.com\/portal\/wp-content\/uploads\/2019\/05\/3-7.jpg\" alt=\"\" width=\"1100\" height=\"680\" srcset=\"https:\/\/webdelmaestrocmf.com\/portal\/wp-content\/uploads\/2019\/05\/3-7.jpg 1100w, https:\/\/webdelmaestrocmf.com\/portal\/wp-content\/uploads\/2019\/05\/3-7-300x185.jpg 300w, https:\/\/webdelmaestrocmf.com\/portal\/wp-content\/uploads\/2019\/05\/3-7-768x475.jpg 768w, https:\/\/webdelmaestrocmf.com\/portal\/wp-content\/uploads\/2019\/05\/3-7-1024x633.jpg 1024w\" sizes=\"auto, (max-width: 1100px) 100vw, 1100px\" \/><\/p>\n<p style=\"text-align: justify;\">[socialpug_tweet tweet=\u00bbNos alegramos (y nos emocionamos) al recordar a esas mujeres que fueron y son madres de cada uno de nosotros en la escuela, y tambi\u00e9n (muchas de ellas) madres en sus hogares.\u00bb display_tweet=\u00bbNos alegramos (y nos emocionamos) al recordar a esas mujeres que fueron y son madres de cada uno de nosotros en la escuela, y tambi\u00e9n (muchas de ellas) madres en sus hogares. Mujeres, madres y maestras que, \u201cdeben realizar en simult\u00e1neo labores propias del ejercicio educativo y labores de ser madre, y combinar ambas tareas, con el mismo amor y dedicaci\u00f3n, tanto en casa como en el aula. Independientemente de si esto es beneficioso o no para el cabal cumplimiento de sus objetivos pedag\u00f3gicos, personales, o sus sue\u00f1os.\u00bb]<\/p>\n<p style=\"text-align: justify;\">A ellas les queremos agradecer, <strong>con la gratitud de hijos<\/strong> (nosotros y los suyos) porque han pasado por nuestras vidas como madres y maestras. Y decirles:<\/p>\n<blockquote>\n<p style=\"text-align: center;\">\u201cLlevas tu bolso de profesora<br \/>\nlleno de libros y anotaciones<br \/>\ny en tu mirada iluminadora<br \/>\nbrillan de tu alma las ilusiones.<br \/>\nPasan los d\u00edas, meses y a\u00f1os,<br \/>\ncrecen los hijos y a la palestra,<br \/>\nsigues saltando pues no hay cansancio<br \/>\nen tu alma noble de gran maestra\u201d (Fernando el Grande).<\/p>\n<\/blockquote>\n<p style=\"text-align: center;\"><strong><em>GRACIAS A TODAS LAS MUJERES QUE HAN SIDO, SON Y SER\u00c1N NUESTRAS MADRES Y MAESTRAS.<\/em><\/strong><\/p>\n<p>Cuenta una leyenda que a un angelito que estaba en el cielo, le toc\u00f3 su turno de nacer como ni\u00f1o y le dijo un d\u00eda a Dios:<\/p>\n<ul>\n<li style=\"text-align: justify;\">Me dicen que me vas a enviar ma\u00f1ana a la tierra. \u00bfPero, c\u00f3mo vivir? tan peque\u00f1o e indefenso como soy.<\/li>\n<li style=\"text-align: justify;\">Entre muchos \u00e1ngeles escog\u00ed uno para t\u00ed, que te est\u00e1 esperando y que te cuidar\u00e1.<\/li>\n<li style=\"text-align: justify;\">Pero dime, aqu\u00ed en el cielo no hago m\u00e1s que cantar y sonre\u00edr, eso basta para ser feliz.<\/li>\n<li style=\"text-align: justify;\">Tu \u00e1ngel te cantar\u00e1, te sonreir\u00e1 todos los d\u00edas y t\u00fa sentir\u00e1s su amor y ser\u00e1s feliz.<\/li>\n<li style=\"text-align: justify;\">\u00bfY c\u00f3mo entender lo que la gente me hable, si no conozco el extra\u00f1o idioma que hablan los hombres?<\/li>\n<li style=\"text-align: justify;\">Tu \u00e1ngel te dir\u00e1 las palabras m\u00e1s dulces y m\u00e1s tiernas que puedas escuchar y con mucha paciencia y con cari\u00f1o te ense\u00f1ar\u00e1 a hablar.<\/li>\n<li style=\"text-align: justify;\">\u00bfY qu\u00e9 har\u00e9 cuando quiera hablar contigo?<\/li>\n<li style=\"text-align: justify;\">Tu \u00e1ngel te juntar\u00e1 las manitas te ense\u00f1ar\u00e1 a orar y podr\u00e1s hablarme.<\/li>\n<li style=\"text-align: justify;\">He o\u00eddo que en la tierra hay hombres malos. \u00bfQui\u00e9n me defender\u00e1?<\/li>\n<li style=\"text-align: justify;\">Tu \u00e1ngel te defender\u00e1 m\u00e1s a\u00fan a costa de su propia vida.<\/li>\n<li style=\"text-align: justify;\">Pero estar\u00e9 siempre triste porque no te ver\u00e9 m\u00e1s Se\u00f1or.<\/li>\n<li style=\"text-align: justify;\">Tu \u00e1ngel te hablar\u00e1 siempre de m\u00ed y te ense\u00f1ar\u00e1 el camino para que regreses a mi presencia, aunque yo siempre estar\u00e9 a tu lado.<\/li>\n<li style=\"text-align: justify;\">En ese instante, una gran paz reinaba en el cielo pero ya se o\u00edan voces terrestres, y el ni\u00f1o presuroso repet\u00eda con l\u00e1grimas en sus ojitos sollozando&#8230;<\/li>\n<li style=\"text-align: justify;\">\u00a1Dios m\u00edo, si ya me voy dime su nombre!. \u00bfC\u00f3mo se llama mi \u00e1ngel?<\/li>\n<li style=\"text-align: justify;\">Su nombre no importa, tu le dir\u00e1s : MAM\u00c1.<\/li>\n<\/ul>\n<p>.<\/p>\n<p style=\"text-align: right;\"><strong>REDACCI\u00d3N WEB DEL MAESTRO CMF\u00a0<\/strong><\/p>\n\t\t<div class=\"pk-inline-posts\">\n\t\t\t\n\t\t\t<div class=\"pk-inline-posts-container pk-inline-posts-template-list\"\n\t\t\t\tdata-columns=\"1\">\n\t\t\t\t\t\t<article id=\"post-17756\" class=\"post-17756 post type-post status-publish format-standard has-post-thumbnail category-jamb tag-dia tag-dia-del-trabajo tag-jorge-bergoglio tag-maestros tag-trabajo cs-entry cs-video-wrap\">\n\t\t\t<div class=\"pk-post-outer\">\n\n\t\t\t\t\t\t\t\t<div class=\"pk-post-inner\">\n\t\t\t\t\t<div class=\"entry-thumbnail\">\n\t\t\t\t\t\t<div class=\"pk-overlay pk-overlay-ratio pk-ratio-landscape\">\n\t\t\t\t\t\t\t<div class=\"pk-overlay-background\">\n\t\t\t\t\t\t\t\t<a href=\"https:\/\/webdelmaestrocmf.com\/portal\/dia-del-trabajo-maestros-gracias-lo-hacen\/\" class=\"pk-overlay-link\">\n\t\t\t\t\t\t\t\t\t<img loading=\"lazy\" decoding=\"async\" width=\"300\" height=\"225\" src=\"https:\/\/webdelmaestrocmf.com\/portal\/wp-content\/uploads\/2023\/05\/Banner-1-portada-imagen-10-1-55-300x225.jpg\" class=\"attachment-pk-thumbnail size-pk-thumbnail wp-post-image\" alt=\"d\u00eda del trabajo\" \/>\t\t\t\t\t\t\t\t<\/a>\n\t\t\t\t\t\t\t<\/div>\n\t\t\t\t\t\t<\/div>\n\t\t\t\t\t<\/div>\n\t\t\t\t<\/div>\n\t\t\t\t\n\t\t\t\t<div class=\"pk-post-inner\">\n\t\t\t\t\t<header>\n\t\t\t\t\t\t<h3 class=\"pk-title\"><a href=\"https:\/\/webdelmaestrocmf.com\/portal\/dia-del-trabajo-maestros-gracias-lo-hacen\/\" rel=\"bookmark\">D\u00eda Internacional de los Trabajadores: Maestros, \u00a1gracias por lo que hacen!<\/a><\/h3>\t\t\t\t\t<\/header><!-- .entry-header -->\n\t\t\t\t<\/div><!-- .post-inner -->\n\n\t\t\t<\/div><!-- .post-outer -->\n\t\t<\/article>\n\t\t\t\t<\/div>\n\t\t<\/div>\n\t\t\n","protected":false},"excerpt":{"rendered":"El D\u00eda de la Madre no se celebra el mismo d\u00eda en todos los pa\u00edses y su raz\u00f3n&hellip;","protected":false},"author":2,"featured_media":36578,"comment_status":"open","ping_status":"closed","sticky":false,"template":"","format":"standard","meta":{"csco_display_header_overlay":false,"csco_singular_sidebar":"","csco_page_header_type":"","csco_page_load_nextpost":"","csco_post_video_location":[],"csco_post_video_location_hash":"","csco_post_video_url":"","csco_post_video_bg_start_time":0,"csco_post_video_bg_end_time":0,"csco_post_video_bg_volume":false,"_jetpack_memberships_contains_paid_content":false,"footnotes":""},"categories":[61],"tags":[1853,536,1903],"class_list":{"0":"post-36570","1":"post","2":"type-post","3":"status-publish","4":"format-standard","5":"has-post-thumbnail","7":"category-jamb","8":"tag-dia","9":"tag-madre","10":"tag-maestra","11":"cs-entry","12":"cs-video-wrap"},"yoast_head":"<!-- This site is optimized with the Yoast SEO plugin v27.5 - https:\/\/yoast.com\/product\/yoast-seo-wordpress\/ -->\n<title>No eres &quot;Maestra o Madre&quot; sino &quot;Madre y Maestra&quot; - 2026<\/title>\n<meta name=\"description\" content=\"El D\u00eda de la Madre no se celebra el mismo d\u00eda en todos los pa\u00edses y su raz\u00f3n ha ido evolucionando a lo largo del tiempo. La mayor\u00eda lo festejan el...\" \/>\n<meta name=\"robots\" content=\"index, follow, max-snippet:-1, max-image-preview:large, max-video-preview:-1\" \/>\n<link rel=\"canonical\" href=\"https:\/\/webdelmaestrocmf.com\/portal\/no-eres-maestra-o-madre-sino-madre-y-maestra\/\" \/>\n<meta property=\"og:locale\" content=\"es_ES\" \/>\n<meta property=\"og:type\" content=\"article\" \/>\n<meta property=\"og:title\" content=\"No eres &quot;Maestra o Madre&quot; sino &quot;Madre y Maestra&quot; - 2026\" \/>\n<meta property=\"og:description\" content=\"El D\u00eda de la Madre no se celebra el mismo d\u00eda en todos los pa\u00edses y su raz\u00f3n ha ido evolucionando a lo largo del tiempo. La mayor\u00eda lo festejan el...\" \/>\n<meta property=\"og:url\" content=\"https:\/\/webdelmaestrocmf.com\/portal\/no-eres-maestra-o-madre-sino-madre-y-maestra\/\" \/>\n<meta property=\"og:site_name\" content=\"Web del Maestro CMF\" \/>\n<meta property=\"article:publisher\" content=\"https:\/\/www.facebook.com\/WebdelMaestroCMF\/\" \/>\n<meta property=\"article:author\" content=\"https:\/\/www.facebook.com\/WebdelMaestroCMF\/\" \/>\n<meta property=\"article:published_time\" content=\"2019-05-08T23:41:08+00:00\" \/>\n<meta property=\"article:modified_time\" content=\"2021-01-31T20:56:18+00:00\" \/>\n<meta property=\"og:image\" content=\"https:\/\/i0.wp.com\/webdelmaestrocmf.com\/portal\/wp-content\/uploads\/2019\/05\/2-9.jpg?fit=1100%2C680&ssl=1\" \/>\n\t<meta property=\"og:image:width\" content=\"1100\" \/>\n\t<meta property=\"og:image:height\" content=\"680\" \/>\n\t<meta property=\"og:image:type\" content=\"image\/jpeg\" \/>\n<meta name=\"author\" content=\"Web del Maestro CMF\" \/>\n<meta name=\"twitter:card\" content=\"summary_large_image\" \/>\n<meta name=\"twitter:creator\" content=\"@cmf_w\" \/>\n<meta name=\"twitter:site\" content=\"@cmf_w\" \/>\n<script type=\"application\/ld+json\" class=\"yoast-schema-graph\">{\"@context\":\"https:\\\/\\\/schema.org\",\"@graph\":[{\"@type\":\"ScholarlyArticle\",\"@id\":\"https:\\\/\\\/webdelmaestrocmf.com\\\/portal\\\/no-eres-maestra-o-madre-sino-madre-y-maestra\\\/#article\",\"isPartOf\":{\"@id\":\"https:\\\/\\\/webdelmaestrocmf.com\\\/portal\\\/no-eres-maestra-o-madre-sino-madre-y-maestra\\\/\"},\"author\":{\"name\":\"Web del Maestro CMF\",\"@id\":\"https:\\\/\\\/webdelmaestrocmf.com\\\/portal\\\/#\\\/schema\\\/person\\\/ebc57e23d318c9c4270c6f41367015b5\"},\"headline\":\"No eres \u00abMaestra o Madre\u00bb sino \u00abMadre y Maestra\u00bb\",\"datePublished\":\"2019-05-08T23:41:08+00:00\",\"dateModified\":\"2021-01-31T20:56:18+00:00\",\"mainEntityOfPage\":{\"@id\":\"https:\\\/\\\/webdelmaestrocmf.com\\\/portal\\\/no-eres-maestra-o-madre-sino-madre-y-maestra\\\/\"},\"wordCount\":1422,\"commentCount\":0,\"publisher\":{\"@id\":\"https:\\\/\\\/webdelmaestrocmf.com\\\/portal\\\/#organization\"},\"image\":{\"@id\":\"https:\\\/\\\/webdelmaestrocmf.com\\\/portal\\\/no-eres-maestra-o-madre-sino-madre-y-maestra\\\/#primaryimage\"},\"thumbnailUrl\":\"https:\\\/\\\/webdelmaestrocmf.com\\\/portal\\\/wp-content\\\/uploads\\\/2019\\\/05\\\/2-9.jpg\",\"keywords\":[\"DIA\",\"madre\",\"MAESTRA\"],\"articleSection\":[\"Yo opino - WMCMF\"],\"inLanguage\":\"es\",\"potentialAction\":[{\"@type\":\"CommentAction\",\"name\":\"Comment\",\"target\":[\"https:\\\/\\\/webdelmaestrocmf.com\\\/portal\\\/no-eres-maestra-o-madre-sino-madre-y-maestra\\\/#respond\"]}]},{\"@type\":\"WebPage\",\"@id\":\"https:\\\/\\\/webdelmaestrocmf.com\\\/portal\\\/no-eres-maestra-o-madre-sino-madre-y-maestra\\\/\",\"url\":\"https:\\\/\\\/webdelmaestrocmf.com\\\/portal\\\/no-eres-maestra-o-madre-sino-madre-y-maestra\\\/\",\"name\":\"No eres \\\"Maestra o Madre\\\" sino \\\"Madre y Maestra\\\" - 2026\",\"isPartOf\":{\"@id\":\"https:\\\/\\\/webdelmaestrocmf.com\\\/portal\\\/#website\"},\"primaryImageOfPage\":{\"@id\":\"https:\\\/\\\/webdelmaestrocmf.com\\\/portal\\\/no-eres-maestra-o-madre-sino-madre-y-maestra\\\/#primaryimage\"},\"image\":{\"@id\":\"https:\\\/\\\/webdelmaestrocmf.com\\\/portal\\\/no-eres-maestra-o-madre-sino-madre-y-maestra\\\/#primaryimage\"},\"thumbnailUrl\":\"https:\\\/\\\/webdelmaestrocmf.com\\\/portal\\\/wp-content\\\/uploads\\\/2019\\\/05\\\/2-9.jpg\",\"datePublished\":\"2019-05-08T23:41:08+00:00\",\"dateModified\":\"2021-01-31T20:56:18+00:00\",\"description\":\"El D\u00eda de la Madre no se celebra el mismo d\u00eda en todos los pa\u00edses y su raz\u00f3n ha ido evolucionando a lo largo del tiempo. La mayor\u00eda lo festejan el...\",\"breadcrumb\":{\"@id\":\"https:\\\/\\\/webdelmaestrocmf.com\\\/portal\\\/no-eres-maestra-o-madre-sino-madre-y-maestra\\\/#breadcrumb\"},\"inLanguage\":\"es\",\"potentialAction\":[{\"@type\":\"ReadAction\",\"target\":[\"https:\\\/\\\/webdelmaestrocmf.com\\\/portal\\\/no-eres-maestra-o-madre-sino-madre-y-maestra\\\/\"]}]},{\"@type\":\"ImageObject\",\"inLanguage\":\"es\",\"@id\":\"https:\\\/\\\/webdelmaestrocmf.com\\\/portal\\\/no-eres-maestra-o-madre-sino-madre-y-maestra\\\/#primaryimage\",\"url\":\"https:\\\/\\\/webdelmaestrocmf.com\\\/portal\\\/wp-content\\\/uploads\\\/2019\\\/05\\\/2-9.jpg\",\"contentUrl\":\"https:\\\/\\\/webdelmaestrocmf.com\\\/portal\\\/wp-content\\\/uploads\\\/2019\\\/05\\\/2-9.jpg\",\"width\":1100,\"height\":680},{\"@type\":\"BreadcrumbList\",\"@id\":\"https:\\\/\\\/webdelmaestrocmf.com\\\/portal\\\/no-eres-maestra-o-madre-sino-madre-y-maestra\\\/#breadcrumb\",\"itemListElement\":[{\"@type\":\"ListItem\",\"position\":1,\"name\":\"Portada\",\"item\":\"https:\\\/\\\/webdelmaestrocmf.com\\\/portal\\\/\"},{\"@type\":\"ListItem\",\"position\":2,\"name\":\"Yo opino - WMCMF\",\"item\":\"https:\\\/\\\/webdelmaestrocmf.com\\\/portal\\\/category\\\/jamb\\\/\"},{\"@type\":\"ListItem\",\"position\":3,\"name\":\"No eres &#8220;Maestra o Madre&#8221; sino &#8220;Madre y Maestra&#8221;\"}]},{\"@type\":\"WebSite\",\"@id\":\"https:\\\/\\\/webdelmaestrocmf.com\\\/portal\\\/#website\",\"url\":\"https:\\\/\\\/webdelmaestrocmf.com\\\/portal\\\/\",\"name\":\"Web del Maestro CMF\",\"description\":\"Maestros al servicio de la educaci\u00f3n\",\"publisher\":{\"@id\":\"https:\\\/\\\/webdelmaestrocmf.com\\\/portal\\\/#organization\"},\"alternateName\":\"WMCMF\",\"potentialAction\":[{\"@type\":\"SearchAction\",\"target\":{\"@type\":\"EntryPoint\",\"urlTemplate\":\"https:\\\/\\\/webdelmaestrocmf.com\\\/portal\\\/?s={search_term_string}\"},\"query-input\":{\"@type\":\"PropertyValueSpecification\",\"valueRequired\":true,\"valueName\":\"search_term_string\"}}],\"inLanguage\":\"es\"},{\"@type\":\"Organization\",\"@id\":\"https:\\\/\\\/webdelmaestrocmf.com\\\/portal\\\/#organization\",\"name\":\"Web del Maestro CMF\",\"alternateName\":\"WMCMF\",\"url\":\"https:\\\/\\\/webdelmaestrocmf.com\\\/portal\\\/\",\"logo\":{\"@type\":\"ImageObject\",\"inLanguage\":\"es\",\"@id\":\"https:\\\/\\\/webdelmaestrocmf.com\\\/portal\\\/#\\\/schema\\\/logo\\\/image\\\/\",\"url\":\"https:\\\/\\\/webdelmaestrocmf.com\\\/portal\\\/wp-content\\\/uploads\\\/2023\\\/01\\\/logo-wmcmf-2.png\",\"contentUrl\":\"https:\\\/\\\/webdelmaestrocmf.com\\\/portal\\\/wp-content\\\/uploads\\\/2023\\\/01\\\/logo-wmcmf-2.png\",\"width\":200,\"height\":60,\"caption\":\"Web del Maestro CMF\"},\"image\":{\"@id\":\"https:\\\/\\\/webdelmaestrocmf.com\\\/portal\\\/#\\\/schema\\\/logo\\\/image\\\/\"},\"sameAs\":[\"https:\\\/\\\/www.facebook.com\\\/WebdelMaestroCMF\\\/\",\"https:\\\/\\\/x.com\\\/cmf_w\",\"https:\\\/\\\/www.pinterest.com\\\/WMCMF\\\/\",\"https:\\\/\\\/www.linkedin.com\\\/company\\\/web-del-maestro-cmf\\\/\",\"https:\\\/\\\/www.instagram.com\\\/wmcmf\\\/\",\"https:\\\/\\\/www.youtube.com\\\/channel\\\/UCDPSvjbdodE5sHnC3OxutHw\",\"https:\\\/\\\/mastodon.social\\\/@wmcmf\",\"https:\\\/\\\/www.tiktok.com\\\/@webdelmaestrocmf\"]},{\"@type\":\"Person\",\"@id\":\"https:\\\/\\\/webdelmaestrocmf.com\\\/portal\\\/#\\\/schema\\\/person\\\/ebc57e23d318c9c4270c6f41367015b5\",\"name\":\"Web del Maestro CMF\",\"image\":{\"@type\":\"ImageObject\",\"inLanguage\":\"es\",\"@id\":\"https:\\\/\\\/secure.gravatar.com\\\/avatar\\\/718b2df46e711f63dc8c16a160d16cc0104e961fe3c231eaaed2426975fc5e2d?s=96&d=mm&r=g\",\"url\":\"https:\\\/\\\/secure.gravatar.com\\\/avatar\\\/718b2df46e711f63dc8c16a160d16cc0104e961fe3c231eaaed2426975fc5e2d?s=96&d=mm&r=g\",\"contentUrl\":\"https:\\\/\\\/secure.gravatar.com\\\/avatar\\\/718b2df46e711f63dc8c16a160d16cc0104e961fe3c231eaaed2426975fc5e2d?s=96&d=mm&r=g\",\"caption\":\"Web del Maestro CMF\"},\"description\":\"Esta Web se cre\u00f3 sin fines de lucro, con fines educativos, cient\u00edficos y acad\u00e9micos, para personas que tengan dificultades y\\\/o inconvenientes en visualizar el material original. El objetivo es entregar recursos, compartir experiencias y materiales que ayuden a los padres de familia, maestros y estudiantes en su actualizaci\u00f3n y formaci\u00f3n permanente, en bien de la Educaci\u00f3n.\",\"sameAs\":[\"http:\\\/\\\/webdelmaestrocmf.com\\\/portal\",\"https:\\\/\\\/www.facebook.com\\\/WebdelMaestroCMF\\\/\",\"https:\\\/\\\/www.instagram.com\\\/wmcmf\\\/\",\"https:\\\/\\\/cl.linkedin.com\\\/company\\\/web-del-maestro-cmf\",\"https:\\\/\\\/www.pinterest.com\\\/WMCMF\\\/publicaciones\\\/\",\"https:\\\/\\\/x.com\\\/cmf_w\",\"https:\\\/\\\/www.youtube.com\\\/@WMCMF\"]}]}<\/script>\n<!-- \/ Yoast SEO plugin. -->","yoast_head_json":{"title":"No eres \"Maestra o Madre\" sino \"Madre y Maestra\" - 2026","description":"El D\u00eda de la Madre no se celebra el mismo d\u00eda en todos los pa\u00edses y su raz\u00f3n ha ido evolucionando a lo largo del tiempo. La mayor\u00eda lo festejan el...","robots":{"index":"index","follow":"follow","max-snippet":"max-snippet:-1","max-image-preview":"max-image-preview:large","max-video-preview":"max-video-preview:-1"},"canonical":"https:\/\/webdelmaestrocmf.com\/portal\/no-eres-maestra-o-madre-sino-madre-y-maestra\/","og_locale":"es_ES","og_type":"article","og_title":"No eres \"Maestra o Madre\" sino \"Madre y Maestra\" - 2026","og_description":"El D\u00eda de la Madre no se celebra el mismo d\u00eda en todos los pa\u00edses y su raz\u00f3n ha ido evolucionando a lo largo del tiempo. La mayor\u00eda lo festejan el...","og_url":"https:\/\/webdelmaestrocmf.com\/portal\/no-eres-maestra-o-madre-sino-madre-y-maestra\/","og_site_name":"Web del Maestro CMF","article_publisher":"https:\/\/www.facebook.com\/WebdelMaestroCMF\/","article_author":"https:\/\/www.facebook.com\/WebdelMaestroCMF\/","article_published_time":"2019-05-08T23:41:08+00:00","article_modified_time":"2021-01-31T20:56:18+00:00","og_image":[{"width":1100,"height":680,"url":"https:\/\/i0.wp.com\/webdelmaestrocmf.com\/portal\/wp-content\/uploads\/2019\/05\/2-9.jpg?fit=1100%2C680&ssl=1","type":"image\/jpeg"}],"author":"Web del Maestro CMF","twitter_card":"summary_large_image","twitter_creator":"@cmf_w","twitter_site":"@cmf_w","schema":{"@context":"https:\/\/schema.org","@graph":[{"@type":"ScholarlyArticle","@id":"https:\/\/webdelmaestrocmf.com\/portal\/no-eres-maestra-o-madre-sino-madre-y-maestra\/#article","isPartOf":{"@id":"https:\/\/webdelmaestrocmf.com\/portal\/no-eres-maestra-o-madre-sino-madre-y-maestra\/"},"author":{"name":"Web del Maestro CMF","@id":"https:\/\/webdelmaestrocmf.com\/portal\/#\/schema\/person\/ebc57e23d318c9c4270c6f41367015b5"},"headline":"No eres \u00abMaestra o Madre\u00bb sino \u00abMadre y Maestra\u00bb","datePublished":"2019-05-08T23:41:08+00:00","dateModified":"2021-01-31T20:56:18+00:00","mainEntityOfPage":{"@id":"https:\/\/webdelmaestrocmf.com\/portal\/no-eres-maestra-o-madre-sino-madre-y-maestra\/"},"wordCount":1422,"commentCount":0,"publisher":{"@id":"https:\/\/webdelmaestrocmf.com\/portal\/#organization"},"image":{"@id":"https:\/\/webdelmaestrocmf.com\/portal\/no-eres-maestra-o-madre-sino-madre-y-maestra\/#primaryimage"},"thumbnailUrl":"https:\/\/webdelmaestrocmf.com\/portal\/wp-content\/uploads\/2019\/05\/2-9.jpg","keywords":["DIA","madre","MAESTRA"],"articleSection":["Yo opino - WMCMF"],"inLanguage":"es","potentialAction":[{"@type":"CommentAction","name":"Comment","target":["https:\/\/webdelmaestrocmf.com\/portal\/no-eres-maestra-o-madre-sino-madre-y-maestra\/#respond"]}]},{"@type":"WebPage","@id":"https:\/\/webdelmaestrocmf.com\/portal\/no-eres-maestra-o-madre-sino-madre-y-maestra\/","url":"https:\/\/webdelmaestrocmf.com\/portal\/no-eres-maestra-o-madre-sino-madre-y-maestra\/","name":"No eres \"Maestra o Madre\" sino \"Madre y Maestra\" - 2026","isPartOf":{"@id":"https:\/\/webdelmaestrocmf.com\/portal\/#website"},"primaryImageOfPage":{"@id":"https:\/\/webdelmaestrocmf.com\/portal\/no-eres-maestra-o-madre-sino-madre-y-maestra\/#primaryimage"},"image":{"@id":"https:\/\/webdelmaestrocmf.com\/portal\/no-eres-maestra-o-madre-sino-madre-y-maestra\/#primaryimage"},"thumbnailUrl":"https:\/\/webdelmaestrocmf.com\/portal\/wp-content\/uploads\/2019\/05\/2-9.jpg","datePublished":"2019-05-08T23:41:08+00:00","dateModified":"2021-01-31T20:56:18+00:00","description":"El D\u00eda de la Madre no se celebra el mismo d\u00eda en todos los pa\u00edses y su raz\u00f3n ha ido evolucionando a lo largo del tiempo. La mayor\u00eda lo festejan el...","breadcrumb":{"@id":"https:\/\/webdelmaestrocmf.com\/portal\/no-eres-maestra-o-madre-sino-madre-y-maestra\/#breadcrumb"},"inLanguage":"es","potentialAction":[{"@type":"ReadAction","target":["https:\/\/webdelmaestrocmf.com\/portal\/no-eres-maestra-o-madre-sino-madre-y-maestra\/"]}]},{"@type":"ImageObject","inLanguage":"es","@id":"https:\/\/webdelmaestrocmf.com\/portal\/no-eres-maestra-o-madre-sino-madre-y-maestra\/#primaryimage","url":"https:\/\/webdelmaestrocmf.com\/portal\/wp-content\/uploads\/2019\/05\/2-9.jpg","contentUrl":"https:\/\/webdelmaestrocmf.com\/portal\/wp-content\/uploads\/2019\/05\/2-9.jpg","width":1100,"height":680},{"@type":"BreadcrumbList","@id":"https:\/\/webdelmaestrocmf.com\/portal\/no-eres-maestra-o-madre-sino-madre-y-maestra\/#breadcrumb","itemListElement":[{"@type":"ListItem","position":1,"name":"Portada","item":"https:\/\/webdelmaestrocmf.com\/portal\/"},{"@type":"ListItem","position":2,"name":"Yo opino - WMCMF","item":"https:\/\/webdelmaestrocmf.com\/portal\/category\/jamb\/"},{"@type":"ListItem","position":3,"name":"No eres &#8220;Maestra o Madre&#8221; sino &#8220;Madre y Maestra&#8221;"}]},{"@type":"WebSite","@id":"https:\/\/webdelmaestrocmf.com\/portal\/#website","url":"https:\/\/webdelmaestrocmf.com\/portal\/","name":"Web del Maestro CMF","description":"Maestros al servicio de la educaci\u00f3n","publisher":{"@id":"https:\/\/webdelmaestrocmf.com\/portal\/#organization"},"alternateName":"WMCMF","potentialAction":[{"@type":"SearchAction","target":{"@type":"EntryPoint","urlTemplate":"https:\/\/webdelmaestrocmf.com\/portal\/?s={search_term_string}"},"query-input":{"@type":"PropertyValueSpecification","valueRequired":true,"valueName":"search_term_string"}}],"inLanguage":"es"},{"@type":"Organization","@id":"https:\/\/webdelmaestrocmf.com\/portal\/#organization","name":"Web del Maestro CMF","alternateName":"WMCMF","url":"https:\/\/webdelmaestrocmf.com\/portal\/","logo":{"@type":"ImageObject","inLanguage":"es","@id":"https:\/\/webdelmaestrocmf.com\/portal\/#\/schema\/logo\/image\/","url":"https:\/\/webdelmaestrocmf.com\/portal\/wp-content\/uploads\/2023\/01\/logo-wmcmf-2.png","contentUrl":"https:\/\/webdelmaestrocmf.com\/portal\/wp-content\/uploads\/2023\/01\/logo-wmcmf-2.png","width":200,"height":60,"caption":"Web del Maestro CMF"},"image":{"@id":"https:\/\/webdelmaestrocmf.com\/portal\/#\/schema\/logo\/image\/"},"sameAs":["https:\/\/www.facebook.com\/WebdelMaestroCMF\/","https:\/\/x.com\/cmf_w","https:\/\/www.pinterest.com\/WMCMF\/","https:\/\/www.linkedin.com\/company\/web-del-maestro-cmf\/","https:\/\/www.instagram.com\/wmcmf\/","https:\/\/www.youtube.com\/channel\/UCDPSvjbdodE5sHnC3OxutHw","https:\/\/mastodon.social\/@wmcmf","https:\/\/www.tiktok.com\/@webdelmaestrocmf"]},{"@type":"Person","@id":"https:\/\/webdelmaestrocmf.com\/portal\/#\/schema\/person\/ebc57e23d318c9c4270c6f41367015b5","name":"Web del Maestro CMF","image":{"@type":"ImageObject","inLanguage":"es","@id":"https:\/\/secure.gravatar.com\/avatar\/718b2df46e711f63dc8c16a160d16cc0104e961fe3c231eaaed2426975fc5e2d?s=96&d=mm&r=g","url":"https:\/\/secure.gravatar.com\/avatar\/718b2df46e711f63dc8c16a160d16cc0104e961fe3c231eaaed2426975fc5e2d?s=96&d=mm&r=g","contentUrl":"https:\/\/secure.gravatar.com\/avatar\/718b2df46e711f63dc8c16a160d16cc0104e961fe3c231eaaed2426975fc5e2d?s=96&d=mm&r=g","caption":"Web del Maestro CMF"},"description":"Esta Web se cre\u00f3 sin fines de lucro, con fines educativos, cient\u00edficos y acad\u00e9micos, para personas que tengan dificultades y\/o inconvenientes en visualizar el material original. El objetivo es entregar recursos, compartir experiencias y materiales que ayuden a los padres de familia, maestros y estudiantes en su actualizaci\u00f3n y formaci\u00f3n permanente, en bien de la Educaci\u00f3n.","sameAs":["http:\/\/webdelmaestrocmf.com\/portal","https:\/\/www.facebook.com\/WebdelMaestroCMF\/","https:\/\/www.instagram.com\/wmcmf\/","https:\/\/cl.linkedin.com\/company\/web-del-maestro-cmf","https:\/\/www.pinterest.com\/WMCMF\/publicaciones\/","https:\/\/x.com\/cmf_w","https:\/\/www.youtube.com\/@WMCMF"]}]}},"jetpack_featured_media_url":"https:\/\/webdelmaestrocmf.com\/portal\/wp-content\/uploads\/2019\/05\/2-9.jpg","jetpack_sharing_enabled":true,"jetpack-related-posts":[{"id":27437,"url":"https:\/\/webdelmaestrocmf.com\/portal\/30-poesias-para-el-dia-de-la-madre-cortas-y-bonitas\/","url_meta":{"origin":36570,"position":0},"title":"180 poes\u00edas cortas y bonitas para el \u00abD\u00eda de la Madre\u00bb","author":"Web del Maestro CMF","date":"2 mayo, 2020","format":false,"excerpt":"En la mayor parte del mundo de habla hispana, el D\u00eda de la Madre se celebra en mayo. Seguramente, quiere decir presente a la hora de saludar a su propia madre y a las madres que tiene a su alrededor (esposa, hermana, hija, amiga, etc.). Regalar poes\u00edas para el 10\u2026","rel":"","context":"En \u00abDescargas Manuales PDF\u00bb","block_context":{"text":"Descargas Manuales PDF","link":"https:\/\/webdelmaestrocmf.com\/portal\/category\/pedagogia\/descargas-manuales-pdf\/"},"img":{"alt_text":"","src":"https:\/\/i0.wp.com\/webdelmaestrocmf.com\/portal\/wp-content\/uploads\/2019\/04\/a3.jpg?resize=350%2C200&ssl=1","width":350,"height":200,"srcset":"https:\/\/i0.wp.com\/webdelmaestrocmf.com\/portal\/wp-content\/uploads\/2019\/04\/a3.jpg?resize=350%2C200&ssl=1 1x, https:\/\/i0.wp.com\/webdelmaestrocmf.com\/portal\/wp-content\/uploads\/2019\/04\/a3.jpg?resize=525%2C300&ssl=1 1.5x, https:\/\/i0.wp.com\/webdelmaestrocmf.com\/portal\/wp-content\/uploads\/2019\/04\/a3.jpg?resize=700%2C400&ssl=1 2x, https:\/\/i0.wp.com\/webdelmaestrocmf.com\/portal\/wp-content\/uploads\/2019\/04\/a3.jpg?resize=1050%2C600&ssl=1 3x"},"classes":[]},{"id":27595,"url":"https:\/\/webdelmaestrocmf.com\/portal\/gracias-a-nuestras-madres-y-maestras\/","url_meta":{"origin":36570,"position":1},"title":"Gracias a nuestras madres y maestras","author":"Web del Maestro CMF","date":"10 mayo, 2018","format":"video","excerpt":"Muchas, much\u00edsimas madres cada d\u00eda, despu\u00e9s de los rutinarios y comunes apuros y consejos, despiden a sus hijos que van a escuela; pero tambi\u00e9n, algunas de ellas van a la escuela para encontrarse con esos hijos que no siendo suyos, la esperan como madre, porque son maestras y saben que\u2026","rel":"","context":"En \u00abYo opino - WMCMF\u00bb","block_context":{"text":"Yo opino - WMCMF","link":"https:\/\/webdelmaestrocmf.com\/portal\/category\/jamb\/"},"img":{"alt_text":"","src":"https:\/\/i0.wp.com\/webdelmaestrocmf.com\/portal\/wp-content\/uploads\/2018\/05\/madre-1.jpg?resize=350%2C200&ssl=1","width":350,"height":200,"srcset":"https:\/\/i0.wp.com\/webdelmaestrocmf.com\/portal\/wp-content\/uploads\/2018\/05\/madre-1.jpg?resize=350%2C200&ssl=1 1x, https:\/\/i0.wp.com\/webdelmaestrocmf.com\/portal\/wp-content\/uploads\/2018\/05\/madre-1.jpg?resize=525%2C300&ssl=1 1.5x, https:\/\/i0.wp.com\/webdelmaestrocmf.com\/portal\/wp-content\/uploads\/2018\/05\/madre-1.jpg?resize=700%2C400&ssl=1 2x, https:\/\/i0.wp.com\/webdelmaestrocmf.com\/portal\/wp-content\/uploads\/2018\/05\/madre-1.jpg?resize=1050%2C600&ssl=1 3x"},"classes":[]},{"id":46977,"url":"https:\/\/webdelmaestrocmf.com\/portal\/con-amor-y-gratitud-para-ti-madre-y-maestra\/","url_meta":{"origin":36570,"position":2},"title":"Con amor y gratitud, para ti Madre y Maestra","author":"Web del Maestro CMF","date":"5 mayo, 2020","format":false,"excerpt":"El d\u00eda de homenaje a la madre, a su maternidad f\u00edsica y espiritual, a su singular tarea y su presencia en la vida de todos los seres humanos, lo celebraban los griegos en honor \u201ca Rea, la madre de los dioses Zeus, Poseid\u00f3n y Hades. Posteriormente los romanos llamaron a\u2026","rel":"","context":"En \u00abYo opino - WMCMF\u00bb","block_context":{"text":"Yo opino - WMCMF","link":"https:\/\/webdelmaestrocmf.com\/portal\/category\/jamb\/"},"img":{"alt_text":"","src":"https:\/\/i0.wp.com\/webdelmaestrocmf.com\/portal\/wp-content\/uploads\/2020\/05\/1-16.jpg?resize=350%2C200&ssl=1","width":350,"height":200,"srcset":"https:\/\/i0.wp.com\/webdelmaestrocmf.com\/portal\/wp-content\/uploads\/2020\/05\/1-16.jpg?resize=350%2C200&ssl=1 1x, https:\/\/i0.wp.com\/webdelmaestrocmf.com\/portal\/wp-content\/uploads\/2020\/05\/1-16.jpg?resize=525%2C300&ssl=1 1.5x, https:\/\/i0.wp.com\/webdelmaestrocmf.com\/portal\/wp-content\/uploads\/2020\/05\/1-16.jpg?resize=700%2C400&ssl=1 2x, https:\/\/i0.wp.com\/webdelmaestrocmf.com\/portal\/wp-content\/uploads\/2020\/05\/1-16.jpg?resize=1050%2C600&ssl=1 3x"},"classes":[]},{"id":36681,"url":"https:\/\/webdelmaestrocmf.com\/portal\/papa-francisco-gracias-a-las-madres-porque-protegen-el-valor-de-la-familia\/","url_meta":{"origin":36570,"position":3},"title":"Papa Francisco: gracias a las madres porque protegen el valor de la familia","author":"Web del Maestro CMF","date":"13 mayo, 2019","format":false,"excerpt":"Este domingo el Papa Francisco en el Regina Coeli record\u00f3 que Jes\u00fas siempre sale en busca de las personas, consciente de sus esperanzas, deseos, fracasos y decepciones. \u201cNos protege y nos conduce con amor, nos ayuda a atravesar los senderos dif\u00edciles y los caminos peligrosos que se presentan en el\u2026","rel":"","context":"En \u00abMundo cart\u00f3lico\u00bb","block_context":{"text":"Mundo cart\u00f3lico","link":"https:\/\/webdelmaestrocmf.com\/portal\/category\/pastoral\/"},"img":{"alt_text":"","src":"https:\/\/i0.wp.com\/webdelmaestrocmf.com\/portal\/wp-content\/uploads\/2019\/05\/1-22.jpg?resize=350%2C200&ssl=1","width":350,"height":200,"srcset":"https:\/\/i0.wp.com\/webdelmaestrocmf.com\/portal\/wp-content\/uploads\/2019\/05\/1-22.jpg?resize=350%2C200&ssl=1 1x, https:\/\/i0.wp.com\/webdelmaestrocmf.com\/portal\/wp-content\/uploads\/2019\/05\/1-22.jpg?resize=525%2C300&ssl=1 1.5x, https:\/\/i0.wp.com\/webdelmaestrocmf.com\/portal\/wp-content\/uploads\/2019\/05\/1-22.jpg?resize=700%2C400&ssl=1 2x, https:\/\/i0.wp.com\/webdelmaestrocmf.com\/portal\/wp-content\/uploads\/2019\/05\/1-22.jpg?resize=1050%2C600&ssl=1 3x"},"classes":[]},{"id":105550,"url":"https:\/\/webdelmaestrocmf.com\/portal\/david-auris-dia-de-la-madre-en-las-escuelas\/","url_meta":{"origin":36570,"position":4},"title":"[David Auris] D\u00eda de la madre en las escuelas","author":"Web del Maestro CMF","date":"18 mayo, 2024","format":false,"excerpt":"Cada segundo domingo de mayo, al celebrarse el D\u00eda de la Madre en muchos pa\u00edses del mundo, las escuelas se colman de vibrantes alegr\u00edas, discursos de amor y poemas del alma. Sin embargo, \u00bfes factible que este a\u00f1o vayamos m\u00e1s all\u00e1 de los tradicionales homenajes y reconozcamos a las progenitoras\u2026","rel":"","context":"En \u00abZ-Colaborador-David-Auris\u00bb","block_context":{"text":"Z-Colaborador-David-Auris","link":"https:\/\/webdelmaestrocmf.com\/portal\/category\/colaborador\/z-colaborador-david-auris\/"},"img":{"alt_text":"","src":"https:\/\/i0.wp.com\/webdelmaestrocmf.com\/portal\/wp-content\/uploads\/2024\/05\/happy-mothers-day-celebration.png?resize=350%2C200&ssl=1","width":350,"height":200,"srcset":"https:\/\/i0.wp.com\/webdelmaestrocmf.com\/portal\/wp-content\/uploads\/2024\/05\/happy-mothers-day-celebration.png?resize=350%2C200&ssl=1 1x, https:\/\/i0.wp.com\/webdelmaestrocmf.com\/portal\/wp-content\/uploads\/2024\/05\/happy-mothers-day-celebration.png?resize=525%2C300&ssl=1 1.5x, https:\/\/i0.wp.com\/webdelmaestrocmf.com\/portal\/wp-content\/uploads\/2024\/05\/happy-mothers-day-celebration.png?resize=700%2C400&ssl=1 2x, https:\/\/i0.wp.com\/webdelmaestrocmf.com\/portal\/wp-content\/uploads\/2024\/05\/happy-mothers-day-celebration.png?resize=1050%2C600&ssl=1 3x, https:\/\/i0.wp.com\/webdelmaestrocmf.com\/portal\/wp-content\/uploads\/2024\/05\/happy-mothers-day-celebration.png?resize=1400%2C800&ssl=1 4x"},"classes":[]},{"id":104707,"url":"https:\/\/webdelmaestrocmf.com\/portal\/descarga-el-calendario-civico-escolar-2024-fechas-segun-el-minedu\/","url_meta":{"origin":36570,"position":5},"title":"Descarga el Calendario C\u00edvico Escolar 2024: Fechas seg\u00fan el Minedu","author":"Web del Maestro CMF","date":"7 marzo, 2024","format":false,"excerpt":"El Calendario C\u00edvico Escolar 2024 es una herramienta fundamental para que los estudiantes de Per\u00fa conozcan y comprendan la historia del pa\u00eds y del mundo. Este documento, publicado por el Ministerio de Educaci\u00f3n (Minedu), establece las fechas m\u00e1s importantes del a\u00f1o para conmemorar acontecimientos relevantes, tanto nacionales como internacionales. El\u2026","rel":"","context":"En \u00abCalendario\u00bb","block_context":{"text":"Calendario","link":"https:\/\/webdelmaestrocmf.com\/portal\/category\/pedagogia\/calendario\/"},"img":{"alt_text":"","src":"https:\/\/i0.wp.com\/webdelmaestrocmf.com\/portal\/wp-content\/uploads\/2024\/03\/Banner-1-portada-imagen-10-1-17.jpg?resize=350%2C200&ssl=1","width":350,"height":200,"srcset":"https:\/\/i0.wp.com\/webdelmaestrocmf.com\/portal\/wp-content\/uploads\/2024\/03\/Banner-1-portada-imagen-10-1-17.jpg?resize=350%2C200&ssl=1 1x, https:\/\/i0.wp.com\/webdelmaestrocmf.com\/portal\/wp-content\/uploads\/2024\/03\/Banner-1-portada-imagen-10-1-17.jpg?resize=525%2C300&ssl=1 1.5x, https:\/\/i0.wp.com\/webdelmaestrocmf.com\/portal\/wp-content\/uploads\/2024\/03\/Banner-1-portada-imagen-10-1-17.jpg?resize=700%2C400&ssl=1 2x"},"classes":[]}],"_links":{"self":[{"href":"https:\/\/webdelmaestrocmf.com\/portal\/wp-json\/wp\/v2\/posts\/36570","targetHints":{"allow":["GET"]}}],"collection":[{"href":"https:\/\/webdelmaestrocmf.com\/portal\/wp-json\/wp\/v2\/posts"}],"about":[{"href":"https:\/\/webdelmaestrocmf.com\/portal\/wp-json\/wp\/v2\/types\/post"}],"author":[{"embeddable":true,"href":"https:\/\/webdelmaestrocmf.com\/portal\/wp-json\/wp\/v2\/users\/2"}],"replies":[{"embeddable":true,"href":"https:\/\/webdelmaestrocmf.com\/portal\/wp-json\/wp\/v2\/comments?post=36570"}],"version-history":[{"count":0,"href":"https:\/\/webdelmaestrocmf.com\/portal\/wp-json\/wp\/v2\/posts\/36570\/revisions"}],"wp:featuredmedia":[{"embeddable":true,"href":"https:\/\/webdelmaestrocmf.com\/portal\/wp-json\/wp\/v2\/media\/36578"}],"wp:attachment":[{"href":"https:\/\/webdelmaestrocmf.com\/portal\/wp-json\/wp\/v2\/media?parent=36570"}],"wp:term":[{"taxonomy":"category","embeddable":true,"href":"https:\/\/webdelmaestrocmf.com\/portal\/wp-json\/wp\/v2\/categories?post=36570"},{"taxonomy":"post_tag","embeddable":true,"href":"https:\/\/webdelmaestrocmf.com\/portal\/wp-json\/wp\/v2\/tags?post=36570"}],"curies":[{"name":"wp","href":"https:\/\/api.w.org\/{rel}","templated":true}]}}