{"id":36093,"date":"2019-04-06T19:21:23","date_gmt":"2019-04-06T22:21:23","guid":{"rendered":"http:\/\/webdelmaestrocmf.com\/portal\/?p=36093"},"modified":"2022-09-08T19:37:54","modified_gmt":"2022-09-08T23:37:54","slug":"jorge-lopez-guzman-profes-salvemos-el-mundo","status":"publish","type":"post","link":"https:\/\/webdelmaestrocmf.com\/portal\/jorge-lopez-guzman-profes-salvemos-el-mundo\/","title":{"rendered":"[Jorge L\u00f3pez Guzm\u00e1n] \u00a1Profes! Salvemos el mundo"},"content":{"rendered":"<h5 style=\"text-align: justify;\">Bienaventurados los profesores, porque de ellos ser\u00e1 el reino de ense\u00f1ar.<\/h5>\n<h5 style=\"text-align: justify;\">El mundo de hoy, es un mundo indolente, intolerante e insensible; un mundo en medio de guerras, violencias simb\u00f3licas, pobreza mental e inequidades por doquier. Sin embargo, todo no est\u00e1 perdido, podemos devolver la humanidad a los seres humanos, qu\u00e9 tarea m\u00e1s dif\u00edcil y compleja, \u00bfa qui\u00e9n corresponder\u00eda esto?, indudablemente, a los profesores \u00bfpor qu\u00e9 a ellos?<\/h5>\n<p><!--more--><\/p>\n<p style=\"text-align: justify;\">Los profesores somos capaces de crear futuro, de sacar los talentos rec\u00f3nditos e extraordinarios de los estudiantes, somos capaces de ense\u00f1ar a so\u00f1ar, de cambiar el mundo y de amar con vocaci\u00f3n lo que hacemos. Por lo tanto, queridos profesores, es necesario arriesgarnos a confrontar el mundo con nuestros estudiantes, ser esos h\u00e9roes de la vida real, que no tienen miedo a trasmutar su contexto y revolucionar la vida de esos ni\u00f1os, ni\u00f1as y adolescentes, que han perdido la pasi\u00f3n por la transformaci\u00f3n y que el miedo al fracaso es una constante en sus vidas.<\/p>\n<p><img loading=\"lazy\" decoding=\"async\" class=\"alignnone size-full wp-image-36096\" src=\"http:\/\/webdelmaestrocmf.com\/portal\/wp-content\/uploads\/2019\/04\/2-1.jpg\" alt=\"\" width=\"1100\" height=\"680\" srcset=\"https:\/\/webdelmaestrocmf.com\/portal\/wp-content\/uploads\/2019\/04\/2-1.jpg 1100w, https:\/\/webdelmaestrocmf.com\/portal\/wp-content\/uploads\/2019\/04\/2-1-300x185.jpg 300w, https:\/\/webdelmaestrocmf.com\/portal\/wp-content\/uploads\/2019\/04\/2-1-768x475.jpg 768w, https:\/\/webdelmaestrocmf.com\/portal\/wp-content\/uploads\/2019\/04\/2-1-1024x633.jpg 1024w\" sizes=\"auto, (max-width: 1100px) 100vw, 1100px\" \/><\/p>\n<p style=\"text-align: justify;\">Seamos esos profesores que siempre quisimos tener o recordemos a esos que marcaron nuestra vida. Debemos darnos cuenta de la responsabilidad tan inmensa que tenemos, no solo es ir a dar una clase, es ense\u00f1ar para vivir, porque el aula es la vida misma. Seamos esos profesores inolvidables, que dan clases inmortales con pasi\u00f3n, vehemencia y amor, porque en ellas enaltecemos la valiosa de las vocaciones. Hagamos que nuestros estudiantes reivindiquen su creatividad, su capacidad de sorprenderse, invit\u00e9moslos a comerse el mundo, a descifrar la sensibilidad de las situaciones arduas que nos impone el destino, afrontando su cotidianidad y contexto con miras a combatirlo, porque tenemos la capacidad de proveerles las herramientas dise\u00f1adas para construir en los lugares m\u00e1s rec\u00f3nditos e inhumanos.<\/p>\n<p style=\"text-align: justify;\">Seamos esa luz, en medio de la oscuridad de la insensatez de un mundo sin alma. Creamos en nosotros, no perdamos la paciencia, que cada d\u00eda en las aulas, en medio de tantos trajines, es una aventura m\u00e1s, una oportunidad distinta y lo mejor de todo, es el suceso m\u00e1s sublime de tener la vocaci\u00f3n de ser profesores.<\/p>\n<p style=\"text-align: justify;\">Profes, gracias. Porque sin ustedes, contemplar un futuro en armon\u00eda y convivencia, ser\u00eda una utop\u00eda.<\/p>\n<p style=\"text-align: justify;\"><strong>NOTA DE REDACCI\u00d3N:<\/strong> La Web del Maestro CMF publica los textos originales de su autor, no necesariamente coincide con lo expuesto en el tema, no se hace responsable de las opiniones expresadas, y no promociona ning\u00fan producto, servicio, marca o empresa. Sugerimos a nuestros lectores conocer la identidad de la fuente o de su autor, para tener mayores elementos de juicio y la pertinencia a su realidad educativa.<\/p>\n<table border=\"0\" width=\"100%\" cellspacing=\"10\" cellpadding=\"10\">\n<tbody>\n<tr>\n<td width=\"30%\"><img loading=\"lazy\" decoding=\"async\" class=\"size-full wp-image-80148 aligncenter\" src=\"https:\/\/webdelmaestrocmf.com\/portal\/wp-content\/uploads\/2022\/09\/2-3.jpg\" alt=\"\" width=\"200\" height=\"200\" srcset=\"https:\/\/webdelmaestrocmf.com\/portal\/wp-content\/uploads\/2022\/09\/2-3.jpg 200w, https:\/\/webdelmaestrocmf.com\/portal\/wp-content\/uploads\/2022\/09\/2-3-150x150.jpg 150w, https:\/\/webdelmaestrocmf.com\/portal\/wp-content\/uploads\/2022\/09\/2-3-80x80.jpg 80w, https:\/\/webdelmaestrocmf.com\/portal\/wp-content\/uploads\/2022\/09\/2-3-110x110.jpg 110w\" sizes=\"auto, (max-width: 200px) 100vw, 200px\" \/><\/p>\n<p style=\"text-align: center;\"><strong>Autor:<\/strong> Jorge A. L\u00f3pez-Guzm\u00e1n, ciudadano colombiano, nacido en Popay\u00e1n (Cauca).<br \/>\nEs Antrop\u00f3logo, Polit\u00f3logo, Especialista y Mag\u00edster en Gobierno y Pol\u00edticas P\u00fablicas, actualmente Doctorando en Antropolog\u00eda. La mayor\u00eda de sus publicaciones han sido de orden acad\u00e9mico en las que se encuentran art\u00edculos publicados en revistas de Colombia, Ecuador, Chile, M\u00e9xico, Per\u00fa y Estados Unidos, tambi\u00e9n ha incursionado en la escritura creativa a trav\u00e9s de cuentos, ensayos y poes\u00eda en prosa por los cuales ha recibido distintos reconocimientos.<br \/>\n<strong>E-mail:<\/strong> <a href=\"mailto:lopezg@unicauca.edu.co\">lopezg@unicauca.edu.co<\/a><\/p>\n<\/td>\n<\/tr>\n<\/tbody>\n<\/table>\n\t\t<div class=\"pk-inline-posts\">\n\t\t\t\n\t\t\t<div class=\"pk-inline-posts-container pk-inline-posts-template-list\"\n\t\t\t\tdata-columns=\"1\">\n\t\t\t\t\t\t<article id=\"post-80121\" class=\"post-80121 post type-post status-publish format-standard has-post-thumbnail category-colaborador category-z-colaboradores-jorge-lopez tag-aulas tag-cambiar tag-jorge-lopez-guzman tag-mundo tag-profes cs-entry cs-video-wrap\">\n\t\t\t<div class=\"pk-post-outer\">\n\n\t\t\t\t\t\t\t\t<div class=\"pk-post-inner\">\n\t\t\t\t\t<div class=\"entry-thumbnail\">\n\t\t\t\t\t\t<div class=\"pk-overlay pk-overlay-ratio pk-ratio-landscape\">\n\t\t\t\t\t\t\t<div class=\"pk-overlay-background\">\n\t\t\t\t\t\t\t\t<a href=\"https:\/\/webdelmaestrocmf.com\/portal\/jorge-lopez-guzman-profes-es-hora-de-cambiar-el-mundo-desde-las-aulas\/\" class=\"pk-overlay-link\">\n\t\t\t\t\t\t\t\t\t<img loading=\"lazy\" decoding=\"async\" width=\"300\" height=\"225\" src=\"https:\/\/webdelmaestrocmf.com\/portal\/wp-content\/uploads\/2022\/09\/1-35-300x225.jpg\" class=\"attachment-pk-thumbnail size-pk-thumbnail wp-post-image\" alt=\"\" \/>\t\t\t\t\t\t\t\t<\/a>\n\t\t\t\t\t\t\t<\/div>\n\t\t\t\t\t\t<\/div>\n\t\t\t\t\t<\/div>\n\t\t\t\t<\/div>\n\t\t\t\t\n\t\t\t\t<div class=\"pk-post-inner\">\n\t\t\t\t\t<header>\n\t\t\t\t\t\t<h3 class=\"pk-title\"><a href=\"https:\/\/webdelmaestrocmf.com\/portal\/jorge-lopez-guzman-profes-es-hora-de-cambiar-el-mundo-desde-las-aulas\/\" rel=\"bookmark\">[Jorge L\u00f3pez Guzm\u00e1n] \u00a1Profes! Es hora de cambiar el mundo desde las aulas<\/a><\/h3>\t\t\t\t\t<\/header><!-- .entry-header -->\n\t\t\t\t<\/div><!-- .post-inner -->\n\n\t\t\t<\/div><!-- .post-outer -->\n\t\t<\/article>\n\t\t\t\t<\/div>\n\t\t<\/div>\n\t\t\n","protected":false},"excerpt":{"rendered":"Bienaventurados los profesores, porque de ellos ser\u00e1 el reino de ense\u00f1ar. El mundo de hoy, es un mundo&hellip;","protected":false},"author":1,"featured_media":36098,"comment_status":"open","ping_status":"closed","sticky":false,"template":"","format":"standard","meta":{"csco_display_header_overlay":false,"csco_singular_sidebar":"default","csco_page_header_type":"default","csco_page_load_nextpost":"default","csco_post_video_location":[],"csco_post_video_location_hash":"","csco_post_video_url":"","csco_post_video_bg_start_time":0,"csco_post_video_bg_end_time":0,"csco_post_video_bg_volume":false,"_jetpack_memberships_contains_paid_content":false,"footnotes":""},"categories":[1790,3944],"tags":[3946,4009,3948,201,4208,4209],"class_list":{"0":"post-36093","1":"post","2":"type-post","3":"status-publish","4":"format-standard","5":"has-post-thumbnail","7":"category-colaborador","8":"category-z-colaboradores-jorge-lopez","9":"tag-jorge","10":"tag-jorge-lopez-guzman","11":"tag-lopez","12":"tag-mundo","13":"tag-profes","14":"tag-salvemos","15":"cs-entry","16":"cs-video-wrap"},"yoast_head":"<!-- This site is optimized with the Yoast SEO plugin v27.5 - https:\/\/yoast.com\/product\/yoast-seo-wordpress\/ -->\n<title>[Jorge L\u00f3pez Guzm\u00e1n] \u00a1Profes! Salvemos el mundo - 2026<\/title>\n<meta name=\"description\" content=\"Bienaventurados los profesores, porque de ellos ser\u00e1 el reino de ense\u00f1ar. El mundo de hoy, es un mundo indolente, intolerante e insensible...\" \/>\n<meta name=\"robots\" content=\"index, follow, max-snippet:-1, max-image-preview:large, max-video-preview:-1\" \/>\n<link rel=\"canonical\" href=\"https:\/\/webdelmaestrocmf.com\/portal\/jorge-lopez-guzman-profes-salvemos-el-mundo\/\" \/>\n<meta property=\"og:locale\" content=\"es_ES\" \/>\n<meta property=\"og:type\" content=\"article\" \/>\n<meta property=\"og:title\" content=\"[Jorge L\u00f3pez Guzm\u00e1n] \u00a1Profes! Salvemos el mundo - 2026\" \/>\n<meta property=\"og:description\" content=\"Bienaventurados los profesores, porque de ellos ser\u00e1 el reino de ense\u00f1ar. El mundo de hoy, es un mundo indolente, intolerante e insensible...\" \/>\n<meta property=\"og:url\" content=\"https:\/\/webdelmaestrocmf.com\/portal\/jorge-lopez-guzman-profes-salvemos-el-mundo\/\" \/>\n<meta property=\"og:site_name\" content=\"Web del Maestro CMF\" \/>\n<meta property=\"article:publisher\" content=\"https:\/\/www.facebook.com\/WebdelMaestroCMF\/\" \/>\n<meta property=\"article:author\" content=\"https:\/\/www.facebook.com\/WebdelMaestroCMF\/\" \/>\n<meta property=\"article:published_time\" content=\"2019-04-06T22:21:23+00:00\" \/>\n<meta property=\"article:modified_time\" content=\"2022-09-08T23:37:54+00:00\" \/>\n<meta property=\"og:image\" content=\"https:\/\/i0.wp.com\/webdelmaestrocmf.com\/portal\/wp-content\/uploads\/2019\/04\/3.jpg?fit=1100%2C680&ssl=1\" \/>\n\t<meta property=\"og:image:width\" content=\"1100\" \/>\n\t<meta property=\"og:image:height\" content=\"680\" \/>\n\t<meta property=\"og:image:type\" content=\"image\/jpeg\" \/>\n<meta name=\"author\" content=\"Web del Maestro CMF\" \/>\n<meta name=\"twitter:card\" content=\"summary_large_image\" \/>\n<meta name=\"twitter:creator\" content=\"@cmf_w\" \/>\n<meta name=\"twitter:site\" content=\"@cmf_w\" \/>\n<script type=\"application\/ld+json\" class=\"yoast-schema-graph\">{\"@context\":\"https:\\\/\\\/schema.org\",\"@graph\":[{\"@type\":\"ScholarlyArticle\",\"@id\":\"https:\\\/\\\/webdelmaestrocmf.com\\\/portal\\\/jorge-lopez-guzman-profes-salvemos-el-mundo\\\/#article\",\"isPartOf\":{\"@id\":\"https:\\\/\\\/webdelmaestrocmf.com\\\/portal\\\/jorge-lopez-guzman-profes-salvemos-el-mundo\\\/\"},\"author\":{\"name\":\"Web del Maestro CMF\",\"@id\":\"https:\\\/\\\/webdelmaestrocmf.com\\\/portal\\\/#\\\/schema\\\/person\\\/1072a2ed7bd960df8ef99a551fa35dc5\"},\"headline\":\"[Jorge L\u00f3pez Guzm\u00e1n] \u00a1Profes! Salvemos el mundo\",\"datePublished\":\"2019-04-06T22:21:23+00:00\",\"dateModified\":\"2022-09-08T23:37:54+00:00\",\"mainEntityOfPage\":{\"@id\":\"https:\\\/\\\/webdelmaestrocmf.com\\\/portal\\\/jorge-lopez-guzman-profes-salvemos-el-mundo\\\/\"},\"wordCount\":564,\"commentCount\":0,\"publisher\":{\"@id\":\"https:\\\/\\\/webdelmaestrocmf.com\\\/portal\\\/#organization\"},\"image\":{\"@id\":\"https:\\\/\\\/webdelmaestrocmf.com\\\/portal\\\/jorge-lopez-guzman-profes-salvemos-el-mundo\\\/#primaryimage\"},\"thumbnailUrl\":\"https:\\\/\\\/webdelmaestrocmf.com\\\/portal\\\/wp-content\\\/uploads\\\/2019\\\/04\\\/3.jpg\",\"keywords\":[\"Jorge\",\"JORGE L\u00d3PEZ-GUZM\u00c1N\",\"L\u00f3pez\",\"Mundo\",\"PROFES\",\"SALVEMOS\"],\"articleSection\":[\"Z-Colaboradores\",\"Z-Colaboradores-Jorge-Lopez\"],\"inLanguage\":\"es\",\"potentialAction\":[{\"@type\":\"CommentAction\",\"name\":\"Comment\",\"target\":[\"https:\\\/\\\/webdelmaestrocmf.com\\\/portal\\\/jorge-lopez-guzman-profes-salvemos-el-mundo\\\/#respond\"]}]},{\"@type\":\"WebPage\",\"@id\":\"https:\\\/\\\/webdelmaestrocmf.com\\\/portal\\\/jorge-lopez-guzman-profes-salvemos-el-mundo\\\/\",\"url\":\"https:\\\/\\\/webdelmaestrocmf.com\\\/portal\\\/jorge-lopez-guzman-profes-salvemos-el-mundo\\\/\",\"name\":\"[Jorge L\u00f3pez Guzm\u00e1n] \u00a1Profes! Salvemos el mundo - 2026\",\"isPartOf\":{\"@id\":\"https:\\\/\\\/webdelmaestrocmf.com\\\/portal\\\/#website\"},\"primaryImageOfPage\":{\"@id\":\"https:\\\/\\\/webdelmaestrocmf.com\\\/portal\\\/jorge-lopez-guzman-profes-salvemos-el-mundo\\\/#primaryimage\"},\"image\":{\"@id\":\"https:\\\/\\\/webdelmaestrocmf.com\\\/portal\\\/jorge-lopez-guzman-profes-salvemos-el-mundo\\\/#primaryimage\"},\"thumbnailUrl\":\"https:\\\/\\\/webdelmaestrocmf.com\\\/portal\\\/wp-content\\\/uploads\\\/2019\\\/04\\\/3.jpg\",\"datePublished\":\"2019-04-06T22:21:23+00:00\",\"dateModified\":\"2022-09-08T23:37:54+00:00\",\"description\":\"Bienaventurados los profesores, porque de ellos ser\u00e1 el reino de ense\u00f1ar. El mundo de hoy, es un mundo indolente, intolerante e insensible...\",\"breadcrumb\":{\"@id\":\"https:\\\/\\\/webdelmaestrocmf.com\\\/portal\\\/jorge-lopez-guzman-profes-salvemos-el-mundo\\\/#breadcrumb\"},\"inLanguage\":\"es\",\"potentialAction\":[{\"@type\":\"ReadAction\",\"target\":[\"https:\\\/\\\/webdelmaestrocmf.com\\\/portal\\\/jorge-lopez-guzman-profes-salvemos-el-mundo\\\/\"]}]},{\"@type\":\"ImageObject\",\"inLanguage\":\"es\",\"@id\":\"https:\\\/\\\/webdelmaestrocmf.com\\\/portal\\\/jorge-lopez-guzman-profes-salvemos-el-mundo\\\/#primaryimage\",\"url\":\"https:\\\/\\\/webdelmaestrocmf.com\\\/portal\\\/wp-content\\\/uploads\\\/2019\\\/04\\\/3.jpg\",\"contentUrl\":\"https:\\\/\\\/webdelmaestrocmf.com\\\/portal\\\/wp-content\\\/uploads\\\/2019\\\/04\\\/3.jpg\",\"width\":1100,\"height\":680},{\"@type\":\"BreadcrumbList\",\"@id\":\"https:\\\/\\\/webdelmaestrocmf.com\\\/portal\\\/jorge-lopez-guzman-profes-salvemos-el-mundo\\\/#breadcrumb\",\"itemListElement\":[{\"@type\":\"ListItem\",\"position\":1,\"name\":\"Portada\",\"item\":\"https:\\\/\\\/webdelmaestrocmf.com\\\/portal\\\/\"},{\"@type\":\"ListItem\",\"position\":2,\"name\":\"Z-Colaboradores\",\"item\":\"https:\\\/\\\/webdelmaestrocmf.com\\\/portal\\\/category\\\/colaborador\\\/\"},{\"@type\":\"ListItem\",\"position\":3,\"name\":\"Z-Colaboradores-Jorge-Lopez\",\"item\":\"https:\\\/\\\/webdelmaestrocmf.com\\\/portal\\\/category\\\/colaborador\\\/z-colaboradores-jorge-lopez\\\/\"},{\"@type\":\"ListItem\",\"position\":4,\"name\":\"[Jorge L\u00f3pez Guzm\u00e1n] \u00a1Profes! Salvemos el mundo\"}]},{\"@type\":\"WebSite\",\"@id\":\"https:\\\/\\\/webdelmaestrocmf.com\\\/portal\\\/#website\",\"url\":\"https:\\\/\\\/webdelmaestrocmf.com\\\/portal\\\/\",\"name\":\"Web del Maestro CMF\",\"description\":\"Maestros al servicio de la educaci\u00f3n\",\"publisher\":{\"@id\":\"https:\\\/\\\/webdelmaestrocmf.com\\\/portal\\\/#organization\"},\"alternateName\":\"WMCMF\",\"potentialAction\":[{\"@type\":\"SearchAction\",\"target\":{\"@type\":\"EntryPoint\",\"urlTemplate\":\"https:\\\/\\\/webdelmaestrocmf.com\\\/portal\\\/?s={search_term_string}\"},\"query-input\":{\"@type\":\"PropertyValueSpecification\",\"valueRequired\":true,\"valueName\":\"search_term_string\"}}],\"inLanguage\":\"es\"},{\"@type\":\"Organization\",\"@id\":\"https:\\\/\\\/webdelmaestrocmf.com\\\/portal\\\/#organization\",\"name\":\"Web del Maestro CMF\",\"alternateName\":\"WMCMF\",\"url\":\"https:\\\/\\\/webdelmaestrocmf.com\\\/portal\\\/\",\"logo\":{\"@type\":\"ImageObject\",\"inLanguage\":\"es\",\"@id\":\"https:\\\/\\\/webdelmaestrocmf.com\\\/portal\\\/#\\\/schema\\\/logo\\\/image\\\/\",\"url\":\"https:\\\/\\\/webdelmaestrocmf.com\\\/portal\\\/wp-content\\\/uploads\\\/2023\\\/01\\\/logo-wmcmf-2.png\",\"contentUrl\":\"https:\\\/\\\/webdelmaestrocmf.com\\\/portal\\\/wp-content\\\/uploads\\\/2023\\\/01\\\/logo-wmcmf-2.png\",\"width\":200,\"height\":60,\"caption\":\"Web del Maestro CMF\"},\"image\":{\"@id\":\"https:\\\/\\\/webdelmaestrocmf.com\\\/portal\\\/#\\\/schema\\\/logo\\\/image\\\/\"},\"sameAs\":[\"https:\\\/\\\/www.facebook.com\\\/WebdelMaestroCMF\\\/\",\"https:\\\/\\\/x.com\\\/cmf_w\",\"https:\\\/\\\/www.pinterest.com\\\/WMCMF\\\/\",\"https:\\\/\\\/www.linkedin.com\\\/company\\\/web-del-maestro-cmf\\\/\",\"https:\\\/\\\/www.instagram.com\\\/wmcmf\\\/\",\"https:\\\/\\\/www.youtube.com\\\/channel\\\/UCDPSvjbdodE5sHnC3OxutHw\",\"https:\\\/\\\/mastodon.social\\\/@wmcmf\",\"https:\\\/\\\/www.tiktok.com\\\/@webdelmaestrocmf\"]},{\"@type\":\"Person\",\"@id\":\"https:\\\/\\\/webdelmaestrocmf.com\\\/portal\\\/#\\\/schema\\\/person\\\/1072a2ed7bd960df8ef99a551fa35dc5\",\"name\":\"Web del Maestro CMF\",\"image\":{\"@type\":\"ImageObject\",\"inLanguage\":\"es\",\"@id\":\"https:\\\/\\\/secure.gravatar.com\\\/avatar\\\/23291dd5b5ae1077dcff3dbb04c3e02bd28403fa75af6d8787d5e97c5bbbe30b?s=96&d=mm&r=g\",\"url\":\"https:\\\/\\\/secure.gravatar.com\\\/avatar\\\/23291dd5b5ae1077dcff3dbb04c3e02bd28403fa75af6d8787d5e97c5bbbe30b?s=96&d=mm&r=g\",\"contentUrl\":\"https:\\\/\\\/secure.gravatar.com\\\/avatar\\\/23291dd5b5ae1077dcff3dbb04c3e02bd28403fa75af6d8787d5e97c5bbbe30b?s=96&d=mm&r=g\",\"caption\":\"Web del Maestro CMF\"},\"description\":\"Esta Web se cre\u00f3 sin fines de lucro, con fines educativos, cient\u00edficos y acad\u00e9micos, para personas que tengan dificultades y\\\/o inconvenientes en visualizar el material original. El objetivo es entregar recursos, compartir experiencias y materiales que ayuden a los padres de familia, maestros y estudiantes en su actualizaci\u00f3n y formaci\u00f3n permanente, en bien de la Educaci\u00f3n.\",\"sameAs\":[\"http:\\\/\\\/webdelmaestrocmf.com\\\/portal\",\"https:\\\/\\\/www.facebook.com\\\/WebdelMaestroCMF\\\/\",\"https:\\\/\\\/www.instagram.com\\\/wmcmf\\\/\",\"https:\\\/\\\/cl.linkedin.com\\\/company\\\/web-del-maestro-cmf\",\"https:\\\/\\\/www.pinterest.com\\\/WMCMF\\\/publicaciones\\\/\",\"https:\\\/\\\/x.com\\\/cmf_w\",\"https:\\\/\\\/www.youtube.com\\\/@WMCMF\"]}]}<\/script>\n<!-- \/ Yoast SEO plugin. -->","yoast_head_json":{"title":"[Jorge L\u00f3pez Guzm\u00e1n] \u00a1Profes! Salvemos el mundo - 2026","description":"Bienaventurados los profesores, porque de ellos ser\u00e1 el reino de ense\u00f1ar. El mundo de hoy, es un mundo indolente, intolerante e insensible...","robots":{"index":"index","follow":"follow","max-snippet":"max-snippet:-1","max-image-preview":"max-image-preview:large","max-video-preview":"max-video-preview:-1"},"canonical":"https:\/\/webdelmaestrocmf.com\/portal\/jorge-lopez-guzman-profes-salvemos-el-mundo\/","og_locale":"es_ES","og_type":"article","og_title":"[Jorge L\u00f3pez Guzm\u00e1n] \u00a1Profes! Salvemos el mundo - 2026","og_description":"Bienaventurados los profesores, porque de ellos ser\u00e1 el reino de ense\u00f1ar. El mundo de hoy, es un mundo indolente, intolerante e insensible...","og_url":"https:\/\/webdelmaestrocmf.com\/portal\/jorge-lopez-guzman-profes-salvemos-el-mundo\/","og_site_name":"Web del Maestro CMF","article_publisher":"https:\/\/www.facebook.com\/WebdelMaestroCMF\/","article_author":"https:\/\/www.facebook.com\/WebdelMaestroCMF\/","article_published_time":"2019-04-06T22:21:23+00:00","article_modified_time":"2022-09-08T23:37:54+00:00","og_image":[{"width":1100,"height":680,"url":"https:\/\/i0.wp.com\/webdelmaestrocmf.com\/portal\/wp-content\/uploads\/2019\/04\/3.jpg?fit=1100%2C680&ssl=1","type":"image\/jpeg"}],"author":"Web del Maestro CMF","twitter_card":"summary_large_image","twitter_creator":"@cmf_w","twitter_site":"@cmf_w","schema":{"@context":"https:\/\/schema.org","@graph":[{"@type":"ScholarlyArticle","@id":"https:\/\/webdelmaestrocmf.com\/portal\/jorge-lopez-guzman-profes-salvemos-el-mundo\/#article","isPartOf":{"@id":"https:\/\/webdelmaestrocmf.com\/portal\/jorge-lopez-guzman-profes-salvemos-el-mundo\/"},"author":{"name":"Web del Maestro CMF","@id":"https:\/\/webdelmaestrocmf.com\/portal\/#\/schema\/person\/1072a2ed7bd960df8ef99a551fa35dc5"},"headline":"[Jorge L\u00f3pez Guzm\u00e1n] \u00a1Profes! Salvemos el mundo","datePublished":"2019-04-06T22:21:23+00:00","dateModified":"2022-09-08T23:37:54+00:00","mainEntityOfPage":{"@id":"https:\/\/webdelmaestrocmf.com\/portal\/jorge-lopez-guzman-profes-salvemos-el-mundo\/"},"wordCount":564,"commentCount":0,"publisher":{"@id":"https:\/\/webdelmaestrocmf.com\/portal\/#organization"},"image":{"@id":"https:\/\/webdelmaestrocmf.com\/portal\/jorge-lopez-guzman-profes-salvemos-el-mundo\/#primaryimage"},"thumbnailUrl":"https:\/\/webdelmaestrocmf.com\/portal\/wp-content\/uploads\/2019\/04\/3.jpg","keywords":["Jorge","JORGE L\u00d3PEZ-GUZM\u00c1N","L\u00f3pez","Mundo","PROFES","SALVEMOS"],"articleSection":["Z-Colaboradores","Z-Colaboradores-Jorge-Lopez"],"inLanguage":"es","potentialAction":[{"@type":"CommentAction","name":"Comment","target":["https:\/\/webdelmaestrocmf.com\/portal\/jorge-lopez-guzman-profes-salvemos-el-mundo\/#respond"]}]},{"@type":"WebPage","@id":"https:\/\/webdelmaestrocmf.com\/portal\/jorge-lopez-guzman-profes-salvemos-el-mundo\/","url":"https:\/\/webdelmaestrocmf.com\/portal\/jorge-lopez-guzman-profes-salvemos-el-mundo\/","name":"[Jorge L\u00f3pez Guzm\u00e1n] \u00a1Profes! Salvemos el mundo - 2026","isPartOf":{"@id":"https:\/\/webdelmaestrocmf.com\/portal\/#website"},"primaryImageOfPage":{"@id":"https:\/\/webdelmaestrocmf.com\/portal\/jorge-lopez-guzman-profes-salvemos-el-mundo\/#primaryimage"},"image":{"@id":"https:\/\/webdelmaestrocmf.com\/portal\/jorge-lopez-guzman-profes-salvemos-el-mundo\/#primaryimage"},"thumbnailUrl":"https:\/\/webdelmaestrocmf.com\/portal\/wp-content\/uploads\/2019\/04\/3.jpg","datePublished":"2019-04-06T22:21:23+00:00","dateModified":"2022-09-08T23:37:54+00:00","description":"Bienaventurados los profesores, porque de ellos ser\u00e1 el reino de ense\u00f1ar. El mundo de hoy, es un mundo indolente, intolerante e insensible...","breadcrumb":{"@id":"https:\/\/webdelmaestrocmf.com\/portal\/jorge-lopez-guzman-profes-salvemos-el-mundo\/#breadcrumb"},"inLanguage":"es","potentialAction":[{"@type":"ReadAction","target":["https:\/\/webdelmaestrocmf.com\/portal\/jorge-lopez-guzman-profes-salvemos-el-mundo\/"]}]},{"@type":"ImageObject","inLanguage":"es","@id":"https:\/\/webdelmaestrocmf.com\/portal\/jorge-lopez-guzman-profes-salvemos-el-mundo\/#primaryimage","url":"https:\/\/webdelmaestrocmf.com\/portal\/wp-content\/uploads\/2019\/04\/3.jpg","contentUrl":"https:\/\/webdelmaestrocmf.com\/portal\/wp-content\/uploads\/2019\/04\/3.jpg","width":1100,"height":680},{"@type":"BreadcrumbList","@id":"https:\/\/webdelmaestrocmf.com\/portal\/jorge-lopez-guzman-profes-salvemos-el-mundo\/#breadcrumb","itemListElement":[{"@type":"ListItem","position":1,"name":"Portada","item":"https:\/\/webdelmaestrocmf.com\/portal\/"},{"@type":"ListItem","position":2,"name":"Z-Colaboradores","item":"https:\/\/webdelmaestrocmf.com\/portal\/category\/colaborador\/"},{"@type":"ListItem","position":3,"name":"Z-Colaboradores-Jorge-Lopez","item":"https:\/\/webdelmaestrocmf.com\/portal\/category\/colaborador\/z-colaboradores-jorge-lopez\/"},{"@type":"ListItem","position":4,"name":"[Jorge L\u00f3pez Guzm\u00e1n] \u00a1Profes! Salvemos el mundo"}]},{"@type":"WebSite","@id":"https:\/\/webdelmaestrocmf.com\/portal\/#website","url":"https:\/\/webdelmaestrocmf.com\/portal\/","name":"Web del Maestro CMF","description":"Maestros al servicio de la educaci\u00f3n","publisher":{"@id":"https:\/\/webdelmaestrocmf.com\/portal\/#organization"},"alternateName":"WMCMF","potentialAction":[{"@type":"SearchAction","target":{"@type":"EntryPoint","urlTemplate":"https:\/\/webdelmaestrocmf.com\/portal\/?s={search_term_string}"},"query-input":{"@type":"PropertyValueSpecification","valueRequired":true,"valueName":"search_term_string"}}],"inLanguage":"es"},{"@type":"Organization","@id":"https:\/\/webdelmaestrocmf.com\/portal\/#organization","name":"Web del Maestro CMF","alternateName":"WMCMF","url":"https:\/\/webdelmaestrocmf.com\/portal\/","logo":{"@type":"ImageObject","inLanguage":"es","@id":"https:\/\/webdelmaestrocmf.com\/portal\/#\/schema\/logo\/image\/","url":"https:\/\/webdelmaestrocmf.com\/portal\/wp-content\/uploads\/2023\/01\/logo-wmcmf-2.png","contentUrl":"https:\/\/webdelmaestrocmf.com\/portal\/wp-content\/uploads\/2023\/01\/logo-wmcmf-2.png","width":200,"height":60,"caption":"Web del Maestro CMF"},"image":{"@id":"https:\/\/webdelmaestrocmf.com\/portal\/#\/schema\/logo\/image\/"},"sameAs":["https:\/\/www.facebook.com\/WebdelMaestroCMF\/","https:\/\/x.com\/cmf_w","https:\/\/www.pinterest.com\/WMCMF\/","https:\/\/www.linkedin.com\/company\/web-del-maestro-cmf\/","https:\/\/www.instagram.com\/wmcmf\/","https:\/\/www.youtube.com\/channel\/UCDPSvjbdodE5sHnC3OxutHw","https:\/\/mastodon.social\/@wmcmf","https:\/\/www.tiktok.com\/@webdelmaestrocmf"]},{"@type":"Person","@id":"https:\/\/webdelmaestrocmf.com\/portal\/#\/schema\/person\/1072a2ed7bd960df8ef99a551fa35dc5","name":"Web del Maestro CMF","image":{"@type":"ImageObject","inLanguage":"es","@id":"https:\/\/secure.gravatar.com\/avatar\/23291dd5b5ae1077dcff3dbb04c3e02bd28403fa75af6d8787d5e97c5bbbe30b?s=96&d=mm&r=g","url":"https:\/\/secure.gravatar.com\/avatar\/23291dd5b5ae1077dcff3dbb04c3e02bd28403fa75af6d8787d5e97c5bbbe30b?s=96&d=mm&r=g","contentUrl":"https:\/\/secure.gravatar.com\/avatar\/23291dd5b5ae1077dcff3dbb04c3e02bd28403fa75af6d8787d5e97c5bbbe30b?s=96&d=mm&r=g","caption":"Web del Maestro CMF"},"description":"Esta Web se cre\u00f3 sin fines de lucro, con fines educativos, cient\u00edficos y acad\u00e9micos, para personas que tengan dificultades y\/o inconvenientes en visualizar el material original. El objetivo es entregar recursos, compartir experiencias y materiales que ayuden a los padres de familia, maestros y estudiantes en su actualizaci\u00f3n y formaci\u00f3n permanente, en bien de la Educaci\u00f3n.","sameAs":["http:\/\/webdelmaestrocmf.com\/portal","https:\/\/www.facebook.com\/WebdelMaestroCMF\/","https:\/\/www.instagram.com\/wmcmf\/","https:\/\/cl.linkedin.com\/company\/web-del-maestro-cmf","https:\/\/www.pinterest.com\/WMCMF\/publicaciones\/","https:\/\/x.com\/cmf_w","https:\/\/www.youtube.com\/@WMCMF"]}]}},"jetpack_featured_media_url":"https:\/\/webdelmaestrocmf.com\/portal\/wp-content\/uploads\/2019\/04\/3.jpg","jetpack_sharing_enabled":true,"jetpack-related-posts":[{"id":80121,"url":"https:\/\/webdelmaestrocmf.com\/portal\/jorge-lopez-guzman-profes-es-hora-de-cambiar-el-mundo-desde-las-aulas\/","url_meta":{"origin":36093,"position":0},"title":"[Jorge L\u00f3pez Guzm\u00e1n] \u00a1Profes! Es hora de cambiar el mundo desde las aulas","author":"Web del Maestro CMF","date":"8 septiembre, 2022","format":false,"excerpt":"A mis estudiantes \u00a1Bienaventurados las profesoras y profesores porque de ellos ser\u00e1 el reino de ense\u00f1ar! El mayor desaf\u00edo que se debe afrontar la academia es cambiar el mundo desde las aulas, donde estudiantes y docentes conciban sus sue\u00f1os como el mayor impulso para forjar cambios estructurales en sus contextos\u2026","rel":"","context":"En \u00abZ-Colaboradores\u00bb","block_context":{"text":"Z-Colaboradores","link":"https:\/\/webdelmaestrocmf.com\/portal\/category\/colaborador\/"},"img":{"alt_text":"","src":"https:\/\/i0.wp.com\/webdelmaestrocmf.com\/portal\/wp-content\/uploads\/2022\/09\/1-35.jpg?resize=350%2C200&ssl=1","width":350,"height":200,"srcset":"https:\/\/i0.wp.com\/webdelmaestrocmf.com\/portal\/wp-content\/uploads\/2022\/09\/1-35.jpg?resize=350%2C200&ssl=1 1x, https:\/\/i0.wp.com\/webdelmaestrocmf.com\/portal\/wp-content\/uploads\/2022\/09\/1-35.jpg?resize=525%2C300&ssl=1 1.5x, https:\/\/i0.wp.com\/webdelmaestrocmf.com\/portal\/wp-content\/uploads\/2022\/09\/1-35.jpg?resize=700%2C400&ssl=1 2x"},"classes":[]},{"id":58562,"url":"https:\/\/webdelmaestrocmf.com\/portal\/jorge-lopez-guzman-catarsis-de-un-estudiante-precoz-a-quien-se-inicia-en-la-docencia\/","url_meta":{"origin":36093,"position":1},"title":"[Jorge L\u00f3pez \u2013 Guzm\u00e1n] Catarsis de un estudiante precoz a quien se inicia en la docencia","author":"Web del Maestro CMF","date":"29 enero, 2021","format":false,"excerpt":"Para mi amiga Yuliana B. (Para que edifiques sue\u00f1os donde los han abolido) Si realizar\u00e1 una introspecci\u00f3n con el objetivo de evocar alguna de mis clases del colegio o de la universidad, llegar\u00edan a mi memoria malas experiencias, rega\u00f1os antip\u00e1ticos, parciales memor\u00edsticos, o trabajos descontextualizados, pero si me preguntan por\u2026","rel":"","context":"En \u00abZ-Colaboradores\u00bb","block_context":{"text":"Z-Colaboradores","link":"https:\/\/webdelmaestrocmf.com\/portal\/category\/colaborador\/"},"img":{"alt_text":"","src":"https:\/\/i0.wp.com\/webdelmaestrocmf.com\/portal\/wp-content\/uploads\/2021\/01\/1-copia-141.jpg?resize=350%2C200&ssl=1","width":350,"height":200,"srcset":"https:\/\/i0.wp.com\/webdelmaestrocmf.com\/portal\/wp-content\/uploads\/2021\/01\/1-copia-141.jpg?resize=350%2C200&ssl=1 1x, https:\/\/i0.wp.com\/webdelmaestrocmf.com\/portal\/wp-content\/uploads\/2021\/01\/1-copia-141.jpg?resize=525%2C300&ssl=1 1.5x, https:\/\/i0.wp.com\/webdelmaestrocmf.com\/portal\/wp-content\/uploads\/2021\/01\/1-copia-141.jpg?resize=700%2C400&ssl=1 2x, https:\/\/i0.wp.com\/webdelmaestrocmf.com\/portal\/wp-content\/uploads\/2021\/01\/1-copia-141.jpg?resize=1050%2C600&ssl=1 3x"},"classes":[]},{"id":33346,"url":"https:\/\/webdelmaestrocmf.com\/portal\/manifiesto-por-la-reivindicacion-de-los-suenos-en-las-aulas-de-clase\/","url_meta":{"origin":36093,"position":2},"title":"[Jorge L\u00f3pez-Guzm\u00e1n] Manifiesto por la reivindicaci\u00f3n de los sue\u00f1os en las aulas de clase","author":"Web del Maestro CMF","date":"26 noviembre, 2018","format":false,"excerpt":"El presente manifiesto propende por la reivindicaci\u00f3n de los sue\u00f1os de los estudiantes y docentes en las diferentes aulas de clase, donde los ex\u00e1menes, trabajos y calificaciones sean vistos como secundarias, ya que lo fundamental ser\u00e1 determinado por los diferentes sue\u00f1os que se van configurando a trav\u00e9s de los a\u00f1os\u2026","rel":"","context":"En \u00abZ-Colaboradores\u00bb","block_context":{"text":"Z-Colaboradores","link":"https:\/\/webdelmaestrocmf.com\/portal\/category\/colaborador\/"},"img":{"alt_text":"","src":"https:\/\/i0.wp.com\/webdelmaestrocmf.com\/portal\/wp-content\/uploads\/2018\/11\/1-51.jpg?resize=350%2C200&ssl=1","width":350,"height":200,"srcset":"https:\/\/i0.wp.com\/webdelmaestrocmf.com\/portal\/wp-content\/uploads\/2018\/11\/1-51.jpg?resize=350%2C200&ssl=1 1x, https:\/\/i0.wp.com\/webdelmaestrocmf.com\/portal\/wp-content\/uploads\/2018\/11\/1-51.jpg?resize=525%2C300&ssl=1 1.5x, https:\/\/i0.wp.com\/webdelmaestrocmf.com\/portal\/wp-content\/uploads\/2018\/11\/1-51.jpg?resize=700%2C400&ssl=1 2x, https:\/\/i0.wp.com\/webdelmaestrocmf.com\/portal\/wp-content\/uploads\/2018\/11\/1-51.jpg?resize=1050%2C600&ssl=1 3x"},"classes":[]},{"id":42234,"url":"https:\/\/webdelmaestrocmf.com\/portal\/jorge-lopez-guzman-7-pasos-para-sonar-en-las-aulas\/","url_meta":{"origin":36093,"position":3},"title":"[Jorge L\u00f3pez \u2013 Guzm\u00e1n] 7 pasos para so\u00f1ar en las aulas","author":"Web del Maestro CMF","date":"28 noviembre, 2019","format":false,"excerpt":"La principal preocupaci\u00f3n en la actualidad en las aulas debe ser el estudio y an\u00e1lisis de la invisibilizaci\u00f3n de los sue\u00f1os de estudiantes y docentes en los procesos de aprendizaje y pr\u00e1cticas pedag\u00f3gicas, lo que termina impidiendo que los contenidos, ex\u00e1menes, notas, pr\u00e1cticas, sean relevantes, ya que no permiten vislumbrar\u2026","rel":"","context":"En \u00abZ-Colaboradores\u00bb","block_context":{"text":"Z-Colaboradores","link":"https:\/\/webdelmaestrocmf.com\/portal\/category\/colaborador\/"},"img":{"alt_text":"","src":"https:\/\/i0.wp.com\/webdelmaestrocmf.com\/portal\/wp-content\/uploads\/2019\/11\/1-101.jpg?resize=350%2C200&ssl=1","width":350,"height":200,"srcset":"https:\/\/i0.wp.com\/webdelmaestrocmf.com\/portal\/wp-content\/uploads\/2019\/11\/1-101.jpg?resize=350%2C200&ssl=1 1x, https:\/\/i0.wp.com\/webdelmaestrocmf.com\/portal\/wp-content\/uploads\/2019\/11\/1-101.jpg?resize=525%2C300&ssl=1 1.5x, https:\/\/i0.wp.com\/webdelmaestrocmf.com\/portal\/wp-content\/uploads\/2019\/11\/1-101.jpg?resize=700%2C400&ssl=1 2x, https:\/\/i0.wp.com\/webdelmaestrocmf.com\/portal\/wp-content\/uploads\/2019\/11\/1-101.jpg?resize=1050%2C600&ssl=1 3x"},"classes":[]},{"id":34689,"url":"https:\/\/webdelmaestrocmf.com\/portal\/jorge-lopez-guzman-como-transformar-las-clases-en-unicas-e-irrepetibles\/","url_meta":{"origin":36093,"position":4},"title":"[Jorge L\u00f3pez Guzm\u00e1n] C\u00f3mo transformar las clases en \u00fanicas e irrepetibles","author":"Web del Maestro CMF","date":"11 enero, 2019","format":false,"excerpt":"La neurociencia ha demostrado que una de las mejores formas para que el cerebro aprenda es cuando se emociona y divierte. Muchas de las c\u00e1tedras que se dan en las escuelas y colegios han perdido su esencia de ser \u00fanicas e irrepetibles, a pasar a ser aburridas y mon\u00f3tonas, por\u2026","rel":"","context":"En \u00abZ-Colaboradores\u00bb","block_context":{"text":"Z-Colaboradores","link":"https:\/\/webdelmaestrocmf.com\/portal\/category\/colaborador\/"},"img":{"alt_text":"","src":"https:\/\/i0.wp.com\/webdelmaestrocmf.com\/portal\/wp-content\/uploads\/2019\/01\/1-16.jpg?resize=350%2C200&ssl=1","width":350,"height":200,"srcset":"https:\/\/i0.wp.com\/webdelmaestrocmf.com\/portal\/wp-content\/uploads\/2019\/01\/1-16.jpg?resize=350%2C200&ssl=1 1x, https:\/\/i0.wp.com\/webdelmaestrocmf.com\/portal\/wp-content\/uploads\/2019\/01\/1-16.jpg?resize=525%2C300&ssl=1 1.5x, https:\/\/i0.wp.com\/webdelmaestrocmf.com\/portal\/wp-content\/uploads\/2019\/01\/1-16.jpg?resize=700%2C400&ssl=1 2x, https:\/\/i0.wp.com\/webdelmaestrocmf.com\/portal\/wp-content\/uploads\/2019\/01\/1-16.jpg?resize=1050%2C600&ssl=1 3x"},"classes":[]},{"id":33960,"url":"https:\/\/webdelmaestrocmf.com\/portal\/jorge-lopez-guzman-como-formar-ninos-y-ninas-criticos-en-las-aulas-de-clase\/","url_meta":{"origin":36093,"position":5},"title":"[Jorge L\u00f3pez-Guzm\u00e1n] C\u00f3mo formar ni\u00f1os y ni\u00f1as cr\u00edticos en las aulas de clase","author":"Web del Maestro CMF","date":"17 diciembre, 2018","format":false,"excerpt":"Cautivar a los estudiantes en las aulas de clase es cada vez m\u00e1s dif\u00edcil, los docentes deben enfrentarse a los bancos de informaci\u00f3n y conocimiento que se encuentran sin restricciones, ni limitaciones en la era digital, y que los estudiantes consumen directa e indirectamente, construy\u00e9ndose certidumbres sin previa reflexi\u00f3n cr\u00edtica\u2026","rel":"","context":"En \u00abZ-Colaboradores\u00bb","block_context":{"text":"Z-Colaboradores","link":"https:\/\/webdelmaestrocmf.com\/portal\/category\/colaborador\/"},"img":{"alt_text":"","src":"https:\/\/i0.wp.com\/webdelmaestrocmf.com\/portal\/wp-content\/uploads\/2018\/12\/2-5.jpg?resize=350%2C200&ssl=1","width":350,"height":200,"srcset":"https:\/\/i0.wp.com\/webdelmaestrocmf.com\/portal\/wp-content\/uploads\/2018\/12\/2-5.jpg?resize=350%2C200&ssl=1 1x, https:\/\/i0.wp.com\/webdelmaestrocmf.com\/portal\/wp-content\/uploads\/2018\/12\/2-5.jpg?resize=525%2C300&ssl=1 1.5x, https:\/\/i0.wp.com\/webdelmaestrocmf.com\/portal\/wp-content\/uploads\/2018\/12\/2-5.jpg?resize=700%2C400&ssl=1 2x, https:\/\/i0.wp.com\/webdelmaestrocmf.com\/portal\/wp-content\/uploads\/2018\/12\/2-5.jpg?resize=1050%2C600&ssl=1 3x"},"classes":[]}],"_links":{"self":[{"href":"https:\/\/webdelmaestrocmf.com\/portal\/wp-json\/wp\/v2\/posts\/36093","targetHints":{"allow":["GET"]}}],"collection":[{"href":"https:\/\/webdelmaestrocmf.com\/portal\/wp-json\/wp\/v2\/posts"}],"about":[{"href":"https:\/\/webdelmaestrocmf.com\/portal\/wp-json\/wp\/v2\/types\/post"}],"author":[{"embeddable":true,"href":"https:\/\/webdelmaestrocmf.com\/portal\/wp-json\/wp\/v2\/users\/1"}],"replies":[{"embeddable":true,"href":"https:\/\/webdelmaestrocmf.com\/portal\/wp-json\/wp\/v2\/comments?post=36093"}],"version-history":[{"count":0,"href":"https:\/\/webdelmaestrocmf.com\/portal\/wp-json\/wp\/v2\/posts\/36093\/revisions"}],"wp:featuredmedia":[{"embeddable":true,"href":"https:\/\/webdelmaestrocmf.com\/portal\/wp-json\/wp\/v2\/media\/36098"}],"wp:attachment":[{"href":"https:\/\/webdelmaestrocmf.com\/portal\/wp-json\/wp\/v2\/media?parent=36093"}],"wp:term":[{"taxonomy":"category","embeddable":true,"href":"https:\/\/webdelmaestrocmf.com\/portal\/wp-json\/wp\/v2\/categories?post=36093"},{"taxonomy":"post_tag","embeddable":true,"href":"https:\/\/webdelmaestrocmf.com\/portal\/wp-json\/wp\/v2\/tags?post=36093"}],"curies":[{"name":"wp","href":"https:\/\/api.w.org\/{rel}","templated":true}]}}