{"id":35915,"date":"2019-03-25T17:18:18","date_gmt":"2019-03-25T20:18:18","guid":{"rendered":"http:\/\/webdelmaestrocmf.com\/portal\/?p=35915"},"modified":"2023-10-28T16:51:36","modified_gmt":"2023-10-28T19:51:36","slug":"profesor-africano-peter-tabichi-es-el-ganador-del-global-teacher-prize-2019","status":"publish","type":"post","link":"https:\/\/webdelmaestrocmf.com\/portal\/profesor-africano-peter-tabichi-es-el-ganador-del-global-teacher-prize-2019\/","title":{"rendered":"Profesor africano, Peter Tabichi, es el ganador del Global Teacher Prize"},"content":{"rendered":"<p style=\"text-align: justify;\"><strong>La Fundaci\u00f3n Varkey otorg\u00f3 al profesor keniata Peter Tabichi, el Global Teacher Prize 2019. El premio consistente en un mill\u00f3n de d\u00f3lares, se le adjudic\u00f3 en una competencia con otras 10,000 nominaciones de 179 pa\u00edses. Sus primeras palabras de agradecimiento fueron para los j\u00f3venes del continente africano, epecialemnte a sus estudiantes anim\u00e1ndolos a luchar por sus sue\u00f1os:<\/strong><\/p>\n<p><!--more--><\/p>\n<p style=\"text-align: justify;\"><em>\u00abTodos los d\u00edas en \u00c1frica pasamos una nueva p\u00e1gina y cap\u00edtulo. Hoy es otro d\u00eda. Este premio no me reconoce a m\u00ed, reconoce a los j\u00f3venes de este gran continente. Solo estoy aqu\u00ed por lo que mis alumnos lograron. Este premio les da una oportunidad. Le dice al mundo que pueden hacer aquello que ellos deseen\u00bb.<\/em><\/p>\n<h5>EL FINALISTA PETER TABICHI (En ingl\u00e9s) (4\u00b430\u201d)<\/h5>\n<p><iframe loading=\"lazy\" title=\"Peter Tabichi, es el ganador del Global Teacher Prize \" src=\"https:\/\/www.youtube.com\/embed\/i41XlsaDc-w\" width=\"100%\" height=\"400\" frameborder=\"0\" allowfullscreen=\"allowfullscreen\" data-mce-fragment=\"1\"><span data-mce-type=\"bookmark\" style=\"display: inline-block; width: 0px; overflow: hidden; line-height: 0;\" class=\"mce_SELRES_start\">\ufeff<\/span><span data-mce-type=\"bookmark\" style=\"display: inline-block; width: 0px; overflow: hidden; line-height: 0;\" class=\"mce_SELRES_start\">\ufeff<\/span><span data-mce-type=\"bookmark\" style=\"display: inline-block; width: 0px; overflow: hidden; line-height: 0;\" class=\"mce_SELRES_start\">\ufeff<\/span><span data-mce-type=\"bookmark\" style=\"display: inline-block; width: 0px; overflow: hidden; line-height: 0;\" class=\"mce_SELRES_start\">\ufeff<\/span><span data-mce-type=\"bookmark\" style=\"display: inline-block; width: 0px; overflow: hidden; line-height: 0;\" class=\"mce_SELRES_start\">\ufeff<\/span><span data-mce-type=\"bookmark\" style=\"display: inline-block; width: 0px; overflow: hidden; line-height: 0;\" class=\"mce_SELRES_start\">\ufeff<\/span><\/iframe><\/p>\n<p>Art\u00edculo relacionado: <a title=\"Ir a WMCMF\" href=\"https:\/\/webdelmaestrocmf.com\/portal\/maestros-reinventaron-la-ensenanza-con-5-estrategias-innovadoras\/\" target=\"_top\" rel=\"noopener\">Maestros reinventaron la ense\u00f1anza con 5 estrategias innovadoras<\/a><\/p>\n<p style=\"text-align: justify;\">El Profesor Tabichi de 36 a\u00f1os, es miembro de la orden religiosa franciscana, y tiene la especialidad de <strong>profesor de ciencias y matem\u00e1tica<\/strong>. Da clases en la secundaria Keriko Mixed Day en Pwani Village, (Keriko, Nakuru, Kenia) situada en una parte remota y semi\u00e1rida del valle del Rift en Kenia. All\u00ed <strong>la comunidad convive con el hambre y la sequ\u00eda<\/strong>. El 95% de sus alumnos vive en la pobreza y casi <strong>un tercio son hu\u00e9rfanos o tienen un solo padre<\/strong>.<\/p>\n<p style=\"text-align: justify;\">Desde que tom\u00f3 su cargo en 2015 <strong>la matr\u00edcula se multiplic\u00f3<\/strong>: pas\u00f3 de tener de 200 alumnos a 480. Ide\u00f3 el <strong>club de ciencias <\/strong>para fomentar el talento, que ha ayudado a sus alumnos a \u201cdise\u00f1ar proyectos de investigaci\u00f3n de tal calidad que el 60% ahora califica para competiciones nacionales. Peter dirigi\u00f3 a sus alumnos a trav\u00e9s de la <strong>Feria de Ciencia e Ingenier\u00eda de Kenia 2018<\/strong>\u201d.<\/p>\n<p><iframe loading=\"lazy\" title=\"Peter Tabichi, es el ganador del Global Teacher Prize \" src=\"https:\/\/www.youtube.com\/embed\/8sSW9l4UbRI\" width=\"100%\" height=\"400\" frameborder=\"0\" allowfullscreen=\"allowfullscreen\"><span data-mce-type=\"bookmark\" style=\"display: inline-block; width: 0px; overflow: hidden; line-height: 0;\" class=\"mce_SELRES_start\">\ufeff<\/span><span data-mce-type=\"bookmark\" style=\"display: inline-block; width: 0px; overflow: hidden; line-height: 0;\" class=\"mce_SELRES_start\">\ufeff<\/span><span data-mce-type=\"bookmark\" style=\"display: inline-block; width: 0px; overflow: hidden; line-height: 0;\" class=\"mce_SELRES_start\">\ufeff<\/span><\/iframe><\/p>\n<p style=\"text-align: justify;\">Quiz\u00e1 le interese conocer sobre los competidores a los que super\u00f3, a consideraci\u00f3n del jurado, el Profesor Peter Tabichi: <strong><a href=\"http:\/\/webdelmaestrocmf.com\/portal\/global-teacher-prize-2019-los-50-finalistas-y-los-doce-americanos-nominados\/\" target=\"_blank\" rel=\"noopener noreferrer\">GLOBAL TEACHER PRIZE 2019: LOS 50 FINALISTAS Y LOS DOCE AMERICANOS NOMINADOS.<\/a><\/strong><\/p>\n<p style=\"text-align: justify;\">Junto a otros profesores imparte <strong>clases individuales a alumnos de bajo rendimiento en Matem\u00e1ticas y Ciencias<\/strong>, y los fines de semana, <strong>visita los hogares de sus estudiantes<\/strong> y comparte con sus familias para identificar los desaf\u00edos que enfrentan. En su <strong>escuela hay una sola computadora de escritorio con una conexi\u00f3n intermitente<\/strong>, pero a pesar de ello, sus clases en un 80% las dicta usando TIC.<\/p>\n<p style=\"text-align: justify;\">Uno de sus mayores resultados ha sido el que sus estudiantes <strong>crean en s\u00ed mismos<\/strong>, <strong>mejoren sus logros y su autoestima<\/strong>, reduciendo los actos de indisciplina. Tambi\u00e9n el ingreso a estudios superiores ha aumentado.cf <a href=\"https:\/\/www.bbc.com\/news\/business-47658803\" target=\"_blank\" rel=\"noopener noreferrer\"><strong>EL PROFESOR DE CIENCIA DE KENIA PETER TABICHI GANA PREMIO MUNDIAL.<\/strong><\/a><\/p>\n<p>Art\u00edculo relacionado: <a href=\"https:\/\/webdelmaestrocmf.com\/portal\/15-caracteristicas-de-la-educacion-practicada-por-peter-tabichi\/\" target=\"_top\" rel=\"noopener\">15 caracter\u00edsticas de la educaci\u00f3n practicada por Peter Tabichi<\/a><\/p>\n<p style=\"text-align: justify;\">\u201cEn su discurso, Tabichi se acord\u00f3 e incluso <strong>hizo pasar al escenario a su padre<\/strong>. Su mam\u00e1 muri\u00f3 cuando \u00e9l apenas ten\u00eda 11 a\u00f1os y fue su pap\u00e1 quien aliment\u00f3 y educ\u00f3 a cada uno de los siete hermanos. <strong>Toda una familia ligada a la docencia.<\/strong> Y toda una familia franciscana. De hecho, el docente <strong>dona el 80 por ciento de su sueldo mensual<\/strong>, de alrededor de 400 d\u00f3lares, para socorrer a los chicos hacinados\u201d.<\/p>\n<p><img loading=\"lazy\" decoding=\"async\" class=\"alignnone wp-image-35919 size-full\" title=\"Mejor profesor del mundo\" src=\"https:\/\/webdelmaestrocmf.com\/portal\/wp-content\/uploads\/2019\/03\/1-53.jpg\" alt=\"Peter Tabichi\" width=\"1200\" height=\"670\" srcset=\"https:\/\/webdelmaestrocmf.com\/portal\/wp-content\/uploads\/2019\/03\/1-53.jpg 1200w, https:\/\/webdelmaestrocmf.com\/portal\/wp-content\/uploads\/2019\/03\/1-53-300x168.jpg 300w, https:\/\/webdelmaestrocmf.com\/portal\/wp-content\/uploads\/2019\/03\/1-53-768x429.jpg 768w, https:\/\/webdelmaestrocmf.com\/portal\/wp-content\/uploads\/2019\/03\/1-53-1024x572.jpg 1024w\" sizes=\"auto, (max-width: 1200px) 100vw, 1200px\" \/><\/p>\n<p style=\"text-align: justify;\"><em>\u201cVer a mis alumnos crecer en conocimiento, habilidades y confianza es mi mayor alegr\u00eda al ense\u00f1ar! Cuando se vuelven resilientes, creativos y productivos en la sociedad, me siento muy satisfecho porque act\u00fao como el mejor facilitador de destinos y la clave que desbloquea su potencial de la manera m\u00e1s emocionante\u201d.<\/em><\/p>\n<p style=\"text-align: justify;\">La Fuente principal ha sido tomada del Portal Varkey Foundation: <strong>PETER TABICHI.<\/strong><\/p>\n\t\t<div class=\"pk-inline-posts\">\n\t\t\t\n\t\t\t<div class=\"pk-inline-posts-container pk-inline-posts-template-list\"\n\t\t\t\tdata-columns=\"1\">\n\t\t\t\t\t\t<article id=\"post-26784\" class=\"post-26784 post type-post status-publish format-video has-post-thumbnail category-noticias-educacion tag-envidia tag-sindrome tag-solomon post_format-post-format-video cs-entry cs-video-wrap\">\n\t\t\t<div class=\"pk-post-outer\">\n\n\t\t\t\t\t\t\t\t<div class=\"pk-post-inner\">\n\t\t\t\t\t<div class=\"entry-thumbnail\">\n\t\t\t\t\t\t<div class=\"pk-overlay pk-overlay-ratio pk-ratio-landscape\">\n\t\t\t\t\t\t\t<div class=\"pk-overlay-background\">\n\t\t\t\t\t\t\t\t<a href=\"https:\/\/webdelmaestrocmf.com\/portal\/la-envidia-y-el-sindrome-de-solomon\/\" class=\"pk-overlay-link\">\n\t\t\t\t\t\t\t\t\t<img loading=\"lazy\" decoding=\"async\" width=\"300\" height=\"225\" src=\"https:\/\/webdelmaestrocmf.com\/portal\/wp-content\/uploads\/2021\/03\/1A-Banner-1-portada-imagen-10-1-copia-300x225.webp\" class=\"attachment-pk-thumbnail size-pk-thumbnail wp-post-image\" alt=\"\" \/>\t\t\t\t\t\t\t\t<\/a>\n\t\t\t\t\t\t\t<\/div>\n\t\t\t\t\t\t<\/div>\n\t\t\t\t\t<\/div>\n\t\t\t\t<\/div>\n\t\t\t\t\n\t\t\t\t<div class=\"pk-post-inner\">\n\t\t\t\t\t<header>\n\t\t\t\t\t\t<h3 class=\"pk-title\"><a href=\"https:\/\/webdelmaestrocmf.com\/portal\/la-envidia-y-el-sindrome-de-solomon\/\" rel=\"bookmark\">La envidia y el s\u00edndrome de solomon<\/a><\/h3>\t\t\t\t\t<\/header><!-- .entry-header -->\n\t\t\t\t<\/div><!-- .post-inner -->\n\n\t\t\t<\/div><!-- .post-outer -->\n\t\t<\/article>\n\t\t\t<article id=\"post-16570\" class=\"post-16570 post type-post status-publish format-standard has-post-thumbnail category-noticias-educacion tag-abril tag-dia tag-educacion tag-mundial tag-primero cs-entry cs-video-wrap\">\n\t\t\t<div class=\"pk-post-outer\">\n\n\t\t\t\t\t\t\t\t<div class=\"pk-post-inner\">\n\t\t\t\t\t<div class=\"entry-thumbnail\">\n\t\t\t\t\t\t<div class=\"pk-overlay pk-overlay-ratio pk-ratio-landscape\">\n\t\t\t\t\t\t\t<div class=\"pk-overlay-background\">\n\t\t\t\t\t\t\t\t<a href=\"https:\/\/webdelmaestrocmf.com\/portal\/01-abril-dia-mundial-la-educacion\/\" class=\"pk-overlay-link\">\n\t\t\t\t\t\t\t\t\t<img loading=\"lazy\" decoding=\"async\" width=\"300\" height=\"225\" src=\"https:\/\/webdelmaestrocmf.com\/portal\/wp-content\/uploads\/2023\/04\/A12B3C4D-64-300x225.jpg\" class=\"attachment-pk-thumbnail size-pk-thumbnail wp-post-image\" alt=\"\" \/>\t\t\t\t\t\t\t\t<\/a>\n\t\t\t\t\t\t\t<\/div>\n\t\t\t\t\t\t<\/div>\n\t\t\t\t\t<\/div>\n\t\t\t\t<\/div>\n\t\t\t\t\n\t\t\t\t<div class=\"pk-post-inner\">\n\t\t\t\t\t<header>\n\t\t\t\t\t\t<h3 class=\"pk-title\"><a href=\"https:\/\/webdelmaestrocmf.com\/portal\/01-abril-dia-mundial-la-educacion\/\" rel=\"bookmark\">01 de abril: D\u00eda mundial de la educaci\u00f3n<\/a><\/h3>\t\t\t\t\t<\/header><!-- .entry-header -->\n\t\t\t\t<\/div><!-- .post-inner -->\n\n\t\t\t<\/div><!-- .post-outer -->\n\t\t<\/article>\n\t\t\t<article id=\"post-68080\" class=\"post-68080 post type-post status-publish format-standard has-post-thumbnail category-noticias-educacion tag-diez tag-global-teacher-prize-2021 tag-nominados tag-profesores cs-entry cs-video-wrap\">\n\t\t\t<div class=\"pk-post-outer\">\n\n\t\t\t\t\t\t\t\t<div class=\"pk-post-inner\">\n\t\t\t\t\t<div class=\"entry-thumbnail\">\n\t\t\t\t\t\t<div class=\"pk-overlay pk-overlay-ratio pk-ratio-landscape\">\n\t\t\t\t\t\t\t<div class=\"pk-overlay-background\">\n\t\t\t\t\t\t\t\t<a href=\"https:\/\/webdelmaestrocmf.com\/portal\/global-teacher-prize-2021-diez-profesores-de-habla-espanola-entre-los-50-nominados\/\" class=\"pk-overlay-link\">\n\t\t\t\t\t\t\t\t\t<img loading=\"lazy\" decoding=\"async\" width=\"300\" height=\"225\" src=\"https:\/\/webdelmaestrocmf.com\/portal\/wp-content\/uploads\/2021\/09\/1-106-300x225.jpg\" class=\"attachment-pk-thumbnail size-pk-thumbnail wp-post-image\" alt=\"\" srcset=\"https:\/\/webdelmaestrocmf.com\/portal\/wp-content\/uploads\/2021\/09\/1-106-300x225.jpg 300w, https:\/\/webdelmaestrocmf.com\/portal\/wp-content\/uploads\/2021\/09\/1-106-600x450.jpg 600w\" sizes=\"auto, (max-width: 300px) 100vw, 300px\" \/>\t\t\t\t\t\t\t\t<\/a>\n\t\t\t\t\t\t\t<\/div>\n\t\t\t\t\t\t<\/div>\n\t\t\t\t\t<\/div>\n\t\t\t\t<\/div>\n\t\t\t\t\n\t\t\t\t<div class=\"pk-post-inner\">\n\t\t\t\t\t<header>\n\t\t\t\t\t\t<h3 class=\"pk-title\"><a href=\"https:\/\/webdelmaestrocmf.com\/portal\/global-teacher-prize-2021-diez-profesores-de-habla-espanola-entre-los-50-nominados\/\" rel=\"bookmark\">Global Teacher Prize 2021: diez profesores de habla espa\u00f1ola entre los 50 nominados<\/a><\/h3>\t\t\t\t\t<\/header><!-- .entry-header -->\n\t\t\t\t<\/div><!-- .post-inner -->\n\n\t\t\t<\/div><!-- .post-outer -->\n\t\t<\/article>\n\t\t\t\t<\/div>\n\t\t<\/div>\n\t\t\n","protected":false},"excerpt":{"rendered":"La Fundaci\u00f3n Varkey otorg\u00f3 al profesor keniata Peter Tabichi, el Global Teacher Prize 2019. El premio consistente en&hellip;","protected":false},"author":1,"featured_media":35920,"comment_status":"open","ping_status":"closed","sticky":false,"template":"","format":"standard","meta":{"csco_display_header_overlay":false,"csco_singular_sidebar":"default","csco_page_header_type":"default","csco_page_load_nextpost":"default","csco_post_video_location":[],"csco_post_video_location_hash":"","csco_post_video_url":"","csco_post_video_bg_start_time":0,"csco_post_video_bg_end_time":0,"csco_post_video_bg_volume":false,"_jetpack_memberships_contains_paid_content":false,"footnotes":""},"categories":[3721],"tags":[3718,4194,4196,1567,22281,22280,4195,342],"class_list":{"0":"post-35915","1":"post","2":"type-post","3":"status-publish","4":"format-standard","5":"has-post-thumbnail","7":"category-noticias-educacion","8":"tag-3718","9":"tag-africano","10":"tag-ganador","11":"tag-global-teacher-prize","12":"tag-mejor-profesor-del-mundo","13":"tag-mejores-profesores-del-mundo","14":"tag-peter-tabichi","15":"tag-profesor","16":"cs-entry","17":"cs-video-wrap"},"yoast_head":"<!-- This site is optimized with the Yoast SEO plugin v27.5 - https:\/\/yoast.com\/product\/yoast-seo-wordpress\/ -->\n<title>Profesor africano, Peter Tabichi, es el ganador del Global Teacher Prize - 2026<\/title>\n<meta name=\"description\" content=\"La Fundaci\u00f3n Varkey otorg\u00f3 al profesor keniata Peter Tabichi, el Global Teacher Prize 2019. El premio consistente en un mill\u00f3n...\" \/>\n<meta name=\"robots\" content=\"index, follow, max-snippet:-1, max-image-preview:large, max-video-preview:-1\" \/>\n<link rel=\"canonical\" href=\"https:\/\/webdelmaestrocmf.com\/portal\/profesor-africano-peter-tabichi-es-el-ganador-del-global-teacher-prize-2019\/\" \/>\n<meta property=\"og:locale\" content=\"es_ES\" \/>\n<meta property=\"og:type\" content=\"article\" \/>\n<meta property=\"og:title\" content=\"Profesor africano, Peter Tabichi, es el ganador del Global Teacher Prize - 2026\" \/>\n<meta property=\"og:description\" content=\"La Fundaci\u00f3n Varkey otorg\u00f3 al profesor keniata Peter Tabichi, el Global Teacher Prize 2019. El premio consistente en un mill\u00f3n...\" \/>\n<meta property=\"og:url\" content=\"https:\/\/webdelmaestrocmf.com\/portal\/profesor-africano-peter-tabichi-es-el-ganador-del-global-teacher-prize-2019\/\" \/>\n<meta property=\"og:site_name\" content=\"Web del Maestro CMF\" \/>\n<meta property=\"article:publisher\" content=\"https:\/\/www.facebook.com\/WebdelMaestroCMF\/\" \/>\n<meta property=\"article:author\" content=\"https:\/\/www.facebook.com\/WebdelMaestroCMF\/\" \/>\n<meta property=\"article:published_time\" content=\"2019-03-25T20:18:18+00:00\" \/>\n<meta property=\"article:modified_time\" content=\"2023-10-28T19:51:36+00:00\" \/>\n<meta property=\"og:image\" content=\"https:\/\/webdelmaestrocmf.com\/portal\/wp-content\/uploads\/2019\/03\/1-54.jpg\" \/>\n\t<meta property=\"og:image:width\" content=\"1100\" \/>\n\t<meta property=\"og:image:height\" content=\"680\" \/>\n\t<meta property=\"og:image:type\" content=\"image\/jpeg\" \/>\n<meta name=\"author\" content=\"Web del Maestro CMF\" \/>\n<meta name=\"twitter:card\" content=\"summary_large_image\" \/>\n<meta name=\"twitter:creator\" content=\"@cmf_w\" \/>\n<meta name=\"twitter:site\" content=\"@cmf_w\" \/>\n<script type=\"application\/ld+json\" class=\"yoast-schema-graph\">{\"@context\":\"https:\\\/\\\/schema.org\",\"@graph\":[{\"@type\":\"ScholarlyArticle\",\"@id\":\"https:\\\/\\\/webdelmaestrocmf.com\\\/portal\\\/profesor-africano-peter-tabichi-es-el-ganador-del-global-teacher-prize-2019\\\/#article\",\"isPartOf\":{\"@id\":\"https:\\\/\\\/webdelmaestrocmf.com\\\/portal\\\/profesor-africano-peter-tabichi-es-el-ganador-del-global-teacher-prize-2019\\\/\"},\"author\":{\"name\":\"Web del Maestro CMF\",\"@id\":\"https:\\\/\\\/webdelmaestrocmf.com\\\/portal\\\/#\\\/schema\\\/person\\\/1072a2ed7bd960df8ef99a551fa35dc5\"},\"headline\":\"Profesor africano, Peter Tabichi, es el ganador del Global Teacher Prize\",\"datePublished\":\"2019-03-25T20:18:18+00:00\",\"dateModified\":\"2023-10-28T19:51:36+00:00\",\"mainEntityOfPage\":{\"@id\":\"https:\\\/\\\/webdelmaestrocmf.com\\\/portal\\\/profesor-africano-peter-tabichi-es-el-ganador-del-global-teacher-prize-2019\\\/\"},\"wordCount\":602,\"commentCount\":0,\"publisher\":{\"@id\":\"https:\\\/\\\/webdelmaestrocmf.com\\\/portal\\\/#organization\"},\"image\":{\"@id\":\"https:\\\/\\\/webdelmaestrocmf.com\\\/portal\\\/profesor-africano-peter-tabichi-es-el-ganador-del-global-teacher-prize-2019\\\/#primaryimage\"},\"thumbnailUrl\":\"https:\\\/\\\/webdelmaestrocmf.com\\\/portal\\\/wp-content\\\/uploads\\\/2019\\\/03\\\/1-54.jpg\",\"keywords\":[\"2019\",\"AFRICANO\",\"GANADOR\",\"Global Teacher Prize\",\"mejor profesor del mundo\",\"Mejores profesores del mundo\",\"PETER TABICHI\",\"profesor\"],\"articleSection\":[\"INTER\u00c9S\"],\"inLanguage\":\"es\",\"potentialAction\":[{\"@type\":\"CommentAction\",\"name\":\"Comment\",\"target\":[\"https:\\\/\\\/webdelmaestrocmf.com\\\/portal\\\/profesor-africano-peter-tabichi-es-el-ganador-del-global-teacher-prize-2019\\\/#respond\"]}]},{\"@type\":\"WebPage\",\"@id\":\"https:\\\/\\\/webdelmaestrocmf.com\\\/portal\\\/profesor-africano-peter-tabichi-es-el-ganador-del-global-teacher-prize-2019\\\/\",\"url\":\"https:\\\/\\\/webdelmaestrocmf.com\\\/portal\\\/profesor-africano-peter-tabichi-es-el-ganador-del-global-teacher-prize-2019\\\/\",\"name\":\"Profesor africano, Peter Tabichi, es el ganador del Global Teacher Prize - 2026\",\"isPartOf\":{\"@id\":\"https:\\\/\\\/webdelmaestrocmf.com\\\/portal\\\/#website\"},\"primaryImageOfPage\":{\"@id\":\"https:\\\/\\\/webdelmaestrocmf.com\\\/portal\\\/profesor-africano-peter-tabichi-es-el-ganador-del-global-teacher-prize-2019\\\/#primaryimage\"},\"image\":{\"@id\":\"https:\\\/\\\/webdelmaestrocmf.com\\\/portal\\\/profesor-africano-peter-tabichi-es-el-ganador-del-global-teacher-prize-2019\\\/#primaryimage\"},\"thumbnailUrl\":\"https:\\\/\\\/webdelmaestrocmf.com\\\/portal\\\/wp-content\\\/uploads\\\/2019\\\/03\\\/1-54.jpg\",\"datePublished\":\"2019-03-25T20:18:18+00:00\",\"dateModified\":\"2023-10-28T19:51:36+00:00\",\"description\":\"La Fundaci\u00f3n Varkey otorg\u00f3 al profesor keniata Peter Tabichi, el Global Teacher Prize 2019. El premio consistente en un mill\u00f3n...\",\"breadcrumb\":{\"@id\":\"https:\\\/\\\/webdelmaestrocmf.com\\\/portal\\\/profesor-africano-peter-tabichi-es-el-ganador-del-global-teacher-prize-2019\\\/#breadcrumb\"},\"inLanguage\":\"es\",\"potentialAction\":[{\"@type\":\"ReadAction\",\"target\":[\"https:\\\/\\\/webdelmaestrocmf.com\\\/portal\\\/profesor-africano-peter-tabichi-es-el-ganador-del-global-teacher-prize-2019\\\/\"]}]},{\"@type\":\"ImageObject\",\"inLanguage\":\"es\",\"@id\":\"https:\\\/\\\/webdelmaestrocmf.com\\\/portal\\\/profesor-africano-peter-tabichi-es-el-ganador-del-global-teacher-prize-2019\\\/#primaryimage\",\"url\":\"https:\\\/\\\/webdelmaestrocmf.com\\\/portal\\\/wp-content\\\/uploads\\\/2019\\\/03\\\/1-54.jpg\",\"contentUrl\":\"https:\\\/\\\/webdelmaestrocmf.com\\\/portal\\\/wp-content\\\/uploads\\\/2019\\\/03\\\/1-54.jpg\",\"width\":1100,\"height\":680,\"caption\":\"Peter Tabichi\"},{\"@type\":\"BreadcrumbList\",\"@id\":\"https:\\\/\\\/webdelmaestrocmf.com\\\/portal\\\/profesor-africano-peter-tabichi-es-el-ganador-del-global-teacher-prize-2019\\\/#breadcrumb\",\"itemListElement\":[{\"@type\":\"ListItem\",\"position\":1,\"name\":\"Portada\",\"item\":\"https:\\\/\\\/webdelmaestrocmf.com\\\/portal\\\/\"},{\"@type\":\"ListItem\",\"position\":2,\"name\":\"INTER\u00c9S\",\"item\":\"https:\\\/\\\/webdelmaestrocmf.com\\\/portal\\\/category\\\/noticias-educacion\\\/\"},{\"@type\":\"ListItem\",\"position\":3,\"name\":\"Profesor africano, Peter Tabichi, es el ganador del Global Teacher Prize\"}]},{\"@type\":\"WebSite\",\"@id\":\"https:\\\/\\\/webdelmaestrocmf.com\\\/portal\\\/#website\",\"url\":\"https:\\\/\\\/webdelmaestrocmf.com\\\/portal\\\/\",\"name\":\"Web del Maestro CMF\",\"description\":\"Maestros al servicio de la educaci\u00f3n\",\"publisher\":{\"@id\":\"https:\\\/\\\/webdelmaestrocmf.com\\\/portal\\\/#organization\"},\"alternateName\":\"WMCMF\",\"potentialAction\":[{\"@type\":\"SearchAction\",\"target\":{\"@type\":\"EntryPoint\",\"urlTemplate\":\"https:\\\/\\\/webdelmaestrocmf.com\\\/portal\\\/?s={search_term_string}\"},\"query-input\":{\"@type\":\"PropertyValueSpecification\",\"valueRequired\":true,\"valueName\":\"search_term_string\"}}],\"inLanguage\":\"es\"},{\"@type\":\"Organization\",\"@id\":\"https:\\\/\\\/webdelmaestrocmf.com\\\/portal\\\/#organization\",\"name\":\"Web del Maestro CMF\",\"alternateName\":\"WMCMF\",\"url\":\"https:\\\/\\\/webdelmaestrocmf.com\\\/portal\\\/\",\"logo\":{\"@type\":\"ImageObject\",\"inLanguage\":\"es\",\"@id\":\"https:\\\/\\\/webdelmaestrocmf.com\\\/portal\\\/#\\\/schema\\\/logo\\\/image\\\/\",\"url\":\"https:\\\/\\\/webdelmaestrocmf.com\\\/portal\\\/wp-content\\\/uploads\\\/2023\\\/01\\\/logo-wmcmf-2.png\",\"contentUrl\":\"https:\\\/\\\/webdelmaestrocmf.com\\\/portal\\\/wp-content\\\/uploads\\\/2023\\\/01\\\/logo-wmcmf-2.png\",\"width\":200,\"height\":60,\"caption\":\"Web del Maestro CMF\"},\"image\":{\"@id\":\"https:\\\/\\\/webdelmaestrocmf.com\\\/portal\\\/#\\\/schema\\\/logo\\\/image\\\/\"},\"sameAs\":[\"https:\\\/\\\/www.facebook.com\\\/WebdelMaestroCMF\\\/\",\"https:\\\/\\\/x.com\\\/cmf_w\",\"https:\\\/\\\/www.pinterest.com\\\/WMCMF\\\/\",\"https:\\\/\\\/www.linkedin.com\\\/company\\\/web-del-maestro-cmf\\\/\",\"https:\\\/\\\/www.instagram.com\\\/wmcmf\\\/\",\"https:\\\/\\\/www.youtube.com\\\/channel\\\/UCDPSvjbdodE5sHnC3OxutHw\",\"https:\\\/\\\/mastodon.social\\\/@wmcmf\",\"https:\\\/\\\/www.tiktok.com\\\/@webdelmaestrocmf\"]},{\"@type\":\"Person\",\"@id\":\"https:\\\/\\\/webdelmaestrocmf.com\\\/portal\\\/#\\\/schema\\\/person\\\/1072a2ed7bd960df8ef99a551fa35dc5\",\"name\":\"Web del Maestro CMF\",\"image\":{\"@type\":\"ImageObject\",\"inLanguage\":\"es\",\"@id\":\"https:\\\/\\\/secure.gravatar.com\\\/avatar\\\/23291dd5b5ae1077dcff3dbb04c3e02bd28403fa75af6d8787d5e97c5bbbe30b?s=96&d=mm&r=g\",\"url\":\"https:\\\/\\\/secure.gravatar.com\\\/avatar\\\/23291dd5b5ae1077dcff3dbb04c3e02bd28403fa75af6d8787d5e97c5bbbe30b?s=96&d=mm&r=g\",\"contentUrl\":\"https:\\\/\\\/secure.gravatar.com\\\/avatar\\\/23291dd5b5ae1077dcff3dbb04c3e02bd28403fa75af6d8787d5e97c5bbbe30b?s=96&d=mm&r=g\",\"caption\":\"Web del Maestro CMF\"},\"description\":\"Esta Web se cre\u00f3 sin fines de lucro, con fines educativos, cient\u00edficos y acad\u00e9micos, para personas que tengan dificultades y\\\/o inconvenientes en visualizar el material original. El objetivo es entregar recursos, compartir experiencias y materiales que ayuden a los padres de familia, maestros y estudiantes en su actualizaci\u00f3n y formaci\u00f3n permanente, en bien de la Educaci\u00f3n.\",\"sameAs\":[\"http:\\\/\\\/webdelmaestrocmf.com\\\/portal\",\"https:\\\/\\\/www.facebook.com\\\/WebdelMaestroCMF\\\/\",\"https:\\\/\\\/www.instagram.com\\\/wmcmf\\\/\",\"https:\\\/\\\/cl.linkedin.com\\\/company\\\/web-del-maestro-cmf\",\"https:\\\/\\\/www.pinterest.com\\\/WMCMF\\\/publicaciones\\\/\",\"https:\\\/\\\/x.com\\\/cmf_w\",\"https:\\\/\\\/www.youtube.com\\\/@WMCMF\"]}]}<\/script>\n<!-- \/ Yoast SEO plugin. -->","yoast_head_json":{"title":"Profesor africano, Peter Tabichi, es el ganador del Global Teacher Prize - 2026","description":"La Fundaci\u00f3n Varkey otorg\u00f3 al profesor keniata Peter Tabichi, el Global Teacher Prize 2019. El premio consistente en un mill\u00f3n...","robots":{"index":"index","follow":"follow","max-snippet":"max-snippet:-1","max-image-preview":"max-image-preview:large","max-video-preview":"max-video-preview:-1"},"canonical":"https:\/\/webdelmaestrocmf.com\/portal\/profesor-africano-peter-tabichi-es-el-ganador-del-global-teacher-prize-2019\/","og_locale":"es_ES","og_type":"article","og_title":"Profesor africano, Peter Tabichi, es el ganador del Global Teacher Prize - 2026","og_description":"La Fundaci\u00f3n Varkey otorg\u00f3 al profesor keniata Peter Tabichi, el Global Teacher Prize 2019. El premio consistente en un mill\u00f3n...","og_url":"https:\/\/webdelmaestrocmf.com\/portal\/profesor-africano-peter-tabichi-es-el-ganador-del-global-teacher-prize-2019\/","og_site_name":"Web del Maestro CMF","article_publisher":"https:\/\/www.facebook.com\/WebdelMaestroCMF\/","article_author":"https:\/\/www.facebook.com\/WebdelMaestroCMF\/","article_published_time":"2019-03-25T20:18:18+00:00","article_modified_time":"2023-10-28T19:51:36+00:00","og_image":[{"width":1100,"height":680,"url":"https:\/\/webdelmaestrocmf.com\/portal\/wp-content\/uploads\/2019\/03\/1-54.jpg","type":"image\/jpeg"}],"author":"Web del Maestro CMF","twitter_card":"summary_large_image","twitter_creator":"@cmf_w","twitter_site":"@cmf_w","schema":{"@context":"https:\/\/schema.org","@graph":[{"@type":"ScholarlyArticle","@id":"https:\/\/webdelmaestrocmf.com\/portal\/profesor-africano-peter-tabichi-es-el-ganador-del-global-teacher-prize-2019\/#article","isPartOf":{"@id":"https:\/\/webdelmaestrocmf.com\/portal\/profesor-africano-peter-tabichi-es-el-ganador-del-global-teacher-prize-2019\/"},"author":{"name":"Web del Maestro CMF","@id":"https:\/\/webdelmaestrocmf.com\/portal\/#\/schema\/person\/1072a2ed7bd960df8ef99a551fa35dc5"},"headline":"Profesor africano, Peter Tabichi, es el ganador del Global Teacher Prize","datePublished":"2019-03-25T20:18:18+00:00","dateModified":"2023-10-28T19:51:36+00:00","mainEntityOfPage":{"@id":"https:\/\/webdelmaestrocmf.com\/portal\/profesor-africano-peter-tabichi-es-el-ganador-del-global-teacher-prize-2019\/"},"wordCount":602,"commentCount":0,"publisher":{"@id":"https:\/\/webdelmaestrocmf.com\/portal\/#organization"},"image":{"@id":"https:\/\/webdelmaestrocmf.com\/portal\/profesor-africano-peter-tabichi-es-el-ganador-del-global-teacher-prize-2019\/#primaryimage"},"thumbnailUrl":"https:\/\/webdelmaestrocmf.com\/portal\/wp-content\/uploads\/2019\/03\/1-54.jpg","keywords":["2019","AFRICANO","GANADOR","Global Teacher Prize","mejor profesor del mundo","Mejores profesores del mundo","PETER TABICHI","profesor"],"articleSection":["INTER\u00c9S"],"inLanguage":"es","potentialAction":[{"@type":"CommentAction","name":"Comment","target":["https:\/\/webdelmaestrocmf.com\/portal\/profesor-africano-peter-tabichi-es-el-ganador-del-global-teacher-prize-2019\/#respond"]}]},{"@type":"WebPage","@id":"https:\/\/webdelmaestrocmf.com\/portal\/profesor-africano-peter-tabichi-es-el-ganador-del-global-teacher-prize-2019\/","url":"https:\/\/webdelmaestrocmf.com\/portal\/profesor-africano-peter-tabichi-es-el-ganador-del-global-teacher-prize-2019\/","name":"Profesor africano, Peter Tabichi, es el ganador del Global Teacher Prize - 2026","isPartOf":{"@id":"https:\/\/webdelmaestrocmf.com\/portal\/#website"},"primaryImageOfPage":{"@id":"https:\/\/webdelmaestrocmf.com\/portal\/profesor-africano-peter-tabichi-es-el-ganador-del-global-teacher-prize-2019\/#primaryimage"},"image":{"@id":"https:\/\/webdelmaestrocmf.com\/portal\/profesor-africano-peter-tabichi-es-el-ganador-del-global-teacher-prize-2019\/#primaryimage"},"thumbnailUrl":"https:\/\/webdelmaestrocmf.com\/portal\/wp-content\/uploads\/2019\/03\/1-54.jpg","datePublished":"2019-03-25T20:18:18+00:00","dateModified":"2023-10-28T19:51:36+00:00","description":"La Fundaci\u00f3n Varkey otorg\u00f3 al profesor keniata Peter Tabichi, el Global Teacher Prize 2019. El premio consistente en un mill\u00f3n...","breadcrumb":{"@id":"https:\/\/webdelmaestrocmf.com\/portal\/profesor-africano-peter-tabichi-es-el-ganador-del-global-teacher-prize-2019\/#breadcrumb"},"inLanguage":"es","potentialAction":[{"@type":"ReadAction","target":["https:\/\/webdelmaestrocmf.com\/portal\/profesor-africano-peter-tabichi-es-el-ganador-del-global-teacher-prize-2019\/"]}]},{"@type":"ImageObject","inLanguage":"es","@id":"https:\/\/webdelmaestrocmf.com\/portal\/profesor-africano-peter-tabichi-es-el-ganador-del-global-teacher-prize-2019\/#primaryimage","url":"https:\/\/webdelmaestrocmf.com\/portal\/wp-content\/uploads\/2019\/03\/1-54.jpg","contentUrl":"https:\/\/webdelmaestrocmf.com\/portal\/wp-content\/uploads\/2019\/03\/1-54.jpg","width":1100,"height":680,"caption":"Peter Tabichi"},{"@type":"BreadcrumbList","@id":"https:\/\/webdelmaestrocmf.com\/portal\/profesor-africano-peter-tabichi-es-el-ganador-del-global-teacher-prize-2019\/#breadcrumb","itemListElement":[{"@type":"ListItem","position":1,"name":"Portada","item":"https:\/\/webdelmaestrocmf.com\/portal\/"},{"@type":"ListItem","position":2,"name":"INTER\u00c9S","item":"https:\/\/webdelmaestrocmf.com\/portal\/category\/noticias-educacion\/"},{"@type":"ListItem","position":3,"name":"Profesor africano, Peter Tabichi, es el ganador del Global Teacher Prize"}]},{"@type":"WebSite","@id":"https:\/\/webdelmaestrocmf.com\/portal\/#website","url":"https:\/\/webdelmaestrocmf.com\/portal\/","name":"Web del Maestro CMF","description":"Maestros al servicio de la educaci\u00f3n","publisher":{"@id":"https:\/\/webdelmaestrocmf.com\/portal\/#organization"},"alternateName":"WMCMF","potentialAction":[{"@type":"SearchAction","target":{"@type":"EntryPoint","urlTemplate":"https:\/\/webdelmaestrocmf.com\/portal\/?s={search_term_string}"},"query-input":{"@type":"PropertyValueSpecification","valueRequired":true,"valueName":"search_term_string"}}],"inLanguage":"es"},{"@type":"Organization","@id":"https:\/\/webdelmaestrocmf.com\/portal\/#organization","name":"Web del Maestro CMF","alternateName":"WMCMF","url":"https:\/\/webdelmaestrocmf.com\/portal\/","logo":{"@type":"ImageObject","inLanguage":"es","@id":"https:\/\/webdelmaestrocmf.com\/portal\/#\/schema\/logo\/image\/","url":"https:\/\/webdelmaestrocmf.com\/portal\/wp-content\/uploads\/2023\/01\/logo-wmcmf-2.png","contentUrl":"https:\/\/webdelmaestrocmf.com\/portal\/wp-content\/uploads\/2023\/01\/logo-wmcmf-2.png","width":200,"height":60,"caption":"Web del Maestro CMF"},"image":{"@id":"https:\/\/webdelmaestrocmf.com\/portal\/#\/schema\/logo\/image\/"},"sameAs":["https:\/\/www.facebook.com\/WebdelMaestroCMF\/","https:\/\/x.com\/cmf_w","https:\/\/www.pinterest.com\/WMCMF\/","https:\/\/www.linkedin.com\/company\/web-del-maestro-cmf\/","https:\/\/www.instagram.com\/wmcmf\/","https:\/\/www.youtube.com\/channel\/UCDPSvjbdodE5sHnC3OxutHw","https:\/\/mastodon.social\/@wmcmf","https:\/\/www.tiktok.com\/@webdelmaestrocmf"]},{"@type":"Person","@id":"https:\/\/webdelmaestrocmf.com\/portal\/#\/schema\/person\/1072a2ed7bd960df8ef99a551fa35dc5","name":"Web del Maestro CMF","image":{"@type":"ImageObject","inLanguage":"es","@id":"https:\/\/secure.gravatar.com\/avatar\/23291dd5b5ae1077dcff3dbb04c3e02bd28403fa75af6d8787d5e97c5bbbe30b?s=96&d=mm&r=g","url":"https:\/\/secure.gravatar.com\/avatar\/23291dd5b5ae1077dcff3dbb04c3e02bd28403fa75af6d8787d5e97c5bbbe30b?s=96&d=mm&r=g","contentUrl":"https:\/\/secure.gravatar.com\/avatar\/23291dd5b5ae1077dcff3dbb04c3e02bd28403fa75af6d8787d5e97c5bbbe30b?s=96&d=mm&r=g","caption":"Web del Maestro CMF"},"description":"Esta Web se cre\u00f3 sin fines de lucro, con fines educativos, cient\u00edficos y acad\u00e9micos, para personas que tengan dificultades y\/o inconvenientes en visualizar el material original. El objetivo es entregar recursos, compartir experiencias y materiales que ayuden a los padres de familia, maestros y estudiantes en su actualizaci\u00f3n y formaci\u00f3n permanente, en bien de la Educaci\u00f3n.","sameAs":["http:\/\/webdelmaestrocmf.com\/portal","https:\/\/www.facebook.com\/WebdelMaestroCMF\/","https:\/\/www.instagram.com\/wmcmf\/","https:\/\/cl.linkedin.com\/company\/web-del-maestro-cmf","https:\/\/www.pinterest.com\/WMCMF\/publicaciones\/","https:\/\/x.com\/cmf_w","https:\/\/www.youtube.com\/@WMCMF"]}]}},"jetpack_featured_media_url":"https:\/\/webdelmaestrocmf.com\/portal\/wp-content\/uploads\/2019\/03\/1-54.jpg","jetpack_sharing_enabled":true,"jetpack-related-posts":[{"id":43014,"url":"https:\/\/webdelmaestrocmf.com\/portal\/15-caracteristicas-de-la-educacion-practicada-por-peter-tabichi\/","url_meta":{"origin":35915,"position":0},"title":"15 caracter\u00edsticas de la educaci\u00f3n practicada por Peter Tabichi","author":"Web del Maestro CMF","date":"27 diciembre, 2019","format":false,"excerpt":"El profesor Peter Tabichi (1982), ganador del Global Teacher Prize 2019, declar\u00f3 al recibir la distinci\u00f3n mundial: \u201cEste premio no me reconoce a m\u00ed, reconoce a los j\u00f3venes de este gran continente. Solo estoy aqu\u00ed por lo que mis alumnos lograron. Este premio les da una oportunidad. Le dice al\u2026","rel":"","context":"En \u00abYo opino - WMCMF\u00bb","block_context":{"text":"Yo opino - WMCMF","link":"https:\/\/webdelmaestrocmf.com\/portal\/category\/jamb\/"},"img":{"alt_text":"Peter Tabichi","src":"https:\/\/i0.wp.com\/webdelmaestrocmf.com\/portal\/wp-content\/uploads\/2019\/12\/1-69.jpg?resize=350%2C200&ssl=1","width":350,"height":200,"srcset":"https:\/\/i0.wp.com\/webdelmaestrocmf.com\/portal\/wp-content\/uploads\/2019\/12\/1-69.jpg?resize=350%2C200&ssl=1 1x, https:\/\/i0.wp.com\/webdelmaestrocmf.com\/portal\/wp-content\/uploads\/2019\/12\/1-69.jpg?resize=525%2C300&ssl=1 1.5x, https:\/\/i0.wp.com\/webdelmaestrocmf.com\/portal\/wp-content\/uploads\/2019\/12\/1-69.jpg?resize=700%2C400&ssl=1 2x, https:\/\/i0.wp.com\/webdelmaestrocmf.com\/portal\/wp-content\/uploads\/2019\/12\/1-69.jpg?resize=1050%2C600&ssl=1 3x"},"classes":[]},{"id":43319,"url":"https:\/\/webdelmaestrocmf.com\/portal\/papa-francisco-recibe-al-fraile-peter-tabichi-el-mejor-profesor-del-mundo\/","url_meta":{"origin":35915,"position":1},"title":"Papa Francisco recibe al fraile Peter Tabichi, el mejor profesor del mundo","author":"Web del Maestro CMF","date":"9 enero, 2020","format":false,"excerpt":"El Papa Francisco salud\u00f3 en el Vaticano a Peter Tabichi, hermano franciscano y profesor de ciencias, conocido como \u201cel mejor profesor del mundo\u201d luego de ser galardonado con el Nobel de Educaci\u00f3n (Global Teacher Prize) 2019, por su significativa labor educativa en una de las zonas de extrema pobreza en\u2026","rel":"","context":"En \u00abMundo cart\u00f3lico\u00bb","block_context":{"text":"Mundo cart\u00f3lico","link":"https:\/\/webdelmaestrocmf.com\/portal\/category\/pastoral\/"},"img":{"alt_text":"","src":"https:\/\/i0.wp.com\/webdelmaestrocmf.com\/portal\/wp-content\/uploads\/2020\/01\/1-26.jpg?resize=350%2C200&ssl=1","width":350,"height":200,"srcset":"https:\/\/i0.wp.com\/webdelmaestrocmf.com\/portal\/wp-content\/uploads\/2020\/01\/1-26.jpg?resize=350%2C200&ssl=1 1x, https:\/\/i0.wp.com\/webdelmaestrocmf.com\/portal\/wp-content\/uploads\/2020\/01\/1-26.jpg?resize=525%2C300&ssl=1 1.5x, https:\/\/i0.wp.com\/webdelmaestrocmf.com\/portal\/wp-content\/uploads\/2020\/01\/1-26.jpg?resize=700%2C400&ssl=1 2x, https:\/\/i0.wp.com\/webdelmaestrocmf.com\/portal\/wp-content\/uploads\/2020\/01\/1-26.jpg?resize=1050%2C600&ssl=1 3x"},"classes":[]},{"id":47384,"url":"https:\/\/webdelmaestrocmf.com\/portal\/conferencia-28-29-30-y-31-de-mayo-como-ser-el-mejor-maestro-del-mundo\/","url_meta":{"origin":35915,"position":2},"title":"C\u00f3mo ser el mejor maestro","author":"Web del Maestro CMF","date":"25 mayo, 2020","format":false,"excerpt":"El Global Teacher Prize es un premio anual convocado cada a\u00f1o por la Fundaci\u00f3n Varkey, a un docente extraordinario y comprometido que haya alcanzado\u00a0 un impacto inspirador en su escuela y en su comunidad. Y se enfoca a estas \u00e1reas: Brindar acceso a la educaci\u00f3n. Desarrollar la capacidad de los\u2026","rel":"","context":"En \u00abCursos\u00bb","block_context":{"text":"Cursos","link":"https:\/\/webdelmaestrocmf.com\/portal\/category\/cursos\/"},"img":{"alt_text":"","src":"https:\/\/i0.wp.com\/webdelmaestrocmf.com\/portal\/wp-content\/uploads\/2020\/05\/1-8.jpeg?resize=350%2C200&ssl=1","width":350,"height":200,"srcset":"https:\/\/i0.wp.com\/webdelmaestrocmf.com\/portal\/wp-content\/uploads\/2020\/05\/1-8.jpeg?resize=350%2C200&ssl=1 1x, https:\/\/i0.wp.com\/webdelmaestrocmf.com\/portal\/wp-content\/uploads\/2020\/05\/1-8.jpeg?resize=525%2C300&ssl=1 1.5x, https:\/\/i0.wp.com\/webdelmaestrocmf.com\/portal\/wp-content\/uploads\/2020\/05\/1-8.jpeg?resize=700%2C400&ssl=1 2x, https:\/\/i0.wp.com\/webdelmaestrocmf.com\/portal\/wp-content\/uploads\/2020\/05\/1-8.jpeg?resize=1050%2C600&ssl=1 3x"},"classes":[]},{"id":41124,"url":"https:\/\/webdelmaestrocmf.com\/portal\/peter-tabichi-la-profesion-docente-es-la-mas-importante-por-eso-la-elegi-yo\/","url_meta":{"origin":35915,"position":3},"title":"Peter Tabichi: La profesi\u00f3n docente es la m\u00e1s importante. Por eso la eleg\u00ed yo","author":"Web del Maestro CMF","date":"27 septiembre, 2019","format":false,"excerpt":"La Fundaci\u00f3n Varkey hace cada a\u00f1o un reconocimiento a los maestros excepcionales que contribuyen en forma sobresaliente a su profesi\u00f3n. \u201cEste premio tiene como objetivo identificar a los maestros que han demostrado excelencia en la ense\u00f1anza de diferentes materias, han demostrado una contribuci\u00f3n sobresaliente a los alumnos y han servido\u2026","rel":"","context":"En \u00abEntrevistas\u00bb","block_context":{"text":"Entrevistas","link":"https:\/\/webdelmaestrocmf.com\/portal\/category\/noticias\/entrevistas\/"},"img":{"alt_text":"","src":"https:\/\/i0.wp.com\/webdelmaestrocmf.com\/portal\/wp-content\/uploads\/2019\/09\/2-24.jpg?resize=350%2C200&ssl=1","width":350,"height":200,"srcset":"https:\/\/i0.wp.com\/webdelmaestrocmf.com\/portal\/wp-content\/uploads\/2019\/09\/2-24.jpg?resize=350%2C200&ssl=1 1x, https:\/\/i0.wp.com\/webdelmaestrocmf.com\/portal\/wp-content\/uploads\/2019\/09\/2-24.jpg?resize=525%2C300&ssl=1 1.5x, https:\/\/i0.wp.com\/webdelmaestrocmf.com\/portal\/wp-content\/uploads\/2019\/09\/2-24.jpg?resize=700%2C400&ssl=1 2x, https:\/\/i0.wp.com\/webdelmaestrocmf.com\/portal\/wp-content\/uploads\/2019\/09\/2-24.jpg?resize=1050%2C600&ssl=1 3x"},"classes":[]},{"id":68080,"url":"https:\/\/webdelmaestrocmf.com\/portal\/global-teacher-prize-2021-diez-profesores-de-habla-espanola-entre-los-50-nominados\/","url_meta":{"origin":35915,"position":4},"title":"Global Teacher Prize 2021: diez profesores de habla espa\u00f1ola entre los 50 nominados","author":"Web del Maestro CMF","date":"16 septiembre, 2021","format":false,"excerpt":"El cierre de las escuelas para evitar la propagaci\u00f3n de la pandemia del Covid 19, quedar\u00e1n (esperamos pronto) como una parte de la historia. Ser\u00e1 un tiempo que se contar\u00e1 y se analizar\u00e1 por generaciones c\u00f3mo aquellos d\u00edas en que el mundo se detuvo, y afect\u00f3 todo aquello que la\u2026","rel":"","context":"En \u00abINTER\u00c9S\u00bb","block_context":{"text":"INTER\u00c9S","link":"https:\/\/webdelmaestrocmf.com\/portal\/category\/noticias-educacion\/"},"img":{"alt_text":"","src":"https:\/\/i0.wp.com\/webdelmaestrocmf.com\/portal\/wp-content\/uploads\/2021\/09\/1-106.jpg?resize=350%2C200&ssl=1","width":350,"height":200,"srcset":"https:\/\/i0.wp.com\/webdelmaestrocmf.com\/portal\/wp-content\/uploads\/2021\/09\/1-106.jpg?resize=350%2C200&ssl=1 1x, https:\/\/i0.wp.com\/webdelmaestrocmf.com\/portal\/wp-content\/uploads\/2021\/09\/1-106.jpg?resize=525%2C300&ssl=1 1.5x, https:\/\/i0.wp.com\/webdelmaestrocmf.com\/portal\/wp-content\/uploads\/2021\/09\/1-106.jpg?resize=700%2C400&ssl=1 2x, https:\/\/i0.wp.com\/webdelmaestrocmf.com\/portal\/wp-content\/uploads\/2021\/09\/1-106.jpg?resize=1050%2C600&ssl=1 3x"},"classes":[]},{"id":70089,"url":"https:\/\/webdelmaestrocmf.com\/portal\/global-teacher-prize-2021-argentina-y-mexico-entre-los-diez-mejores-del-mundo\/","url_meta":{"origin":35915,"position":5},"title":"Global Teacher Prize 2021: Argentina y M\u00e9xico entre los diez mejores del mundo","author":"Web del Maestro CMF","date":"27 octubre, 2021","format":false,"excerpt":"Ahora que conocemos los diez finalistas al Global Teacher Prize 2021, vemos con alegr\u00eda que proceden de todos los rincones del mundo. Esto nos recuerda lo mucho que podemos aprender unos de otros, y cu\u00e1nto bien hacemos (y nos hacemos) cuando compartimos nuestras experiencias educativas; no para copiarlas, sino para\u2026","rel":"","context":"En \u00abYo opino - WMCMF\u00bb","block_context":{"text":"Yo opino - WMCMF","link":"https:\/\/webdelmaestrocmf.com\/portal\/category\/jamb\/"},"img":{"alt_text":"","src":"https:\/\/i0.wp.com\/webdelmaestrocmf.com\/portal\/wp-content\/uploads\/2021\/10\/1-119.jpg?resize=350%2C200&ssl=1","width":350,"height":200,"srcset":"https:\/\/i0.wp.com\/webdelmaestrocmf.com\/portal\/wp-content\/uploads\/2021\/10\/1-119.jpg?resize=350%2C200&ssl=1 1x, https:\/\/i0.wp.com\/webdelmaestrocmf.com\/portal\/wp-content\/uploads\/2021\/10\/1-119.jpg?resize=525%2C300&ssl=1 1.5x, https:\/\/i0.wp.com\/webdelmaestrocmf.com\/portal\/wp-content\/uploads\/2021\/10\/1-119.jpg?resize=700%2C400&ssl=1 2x, https:\/\/i0.wp.com\/webdelmaestrocmf.com\/portal\/wp-content\/uploads\/2021\/10\/1-119.jpg?resize=1050%2C600&ssl=1 3x"},"classes":[]}],"_links":{"self":[{"href":"https:\/\/webdelmaestrocmf.com\/portal\/wp-json\/wp\/v2\/posts\/35915","targetHints":{"allow":["GET"]}}],"collection":[{"href":"https:\/\/webdelmaestrocmf.com\/portal\/wp-json\/wp\/v2\/posts"}],"about":[{"href":"https:\/\/webdelmaestrocmf.com\/portal\/wp-json\/wp\/v2\/types\/post"}],"author":[{"embeddable":true,"href":"https:\/\/webdelmaestrocmf.com\/portal\/wp-json\/wp\/v2\/users\/1"}],"replies":[{"embeddable":true,"href":"https:\/\/webdelmaestrocmf.com\/portal\/wp-json\/wp\/v2\/comments?post=35915"}],"version-history":[{"count":0,"href":"https:\/\/webdelmaestrocmf.com\/portal\/wp-json\/wp\/v2\/posts\/35915\/revisions"}],"wp:featuredmedia":[{"embeddable":true,"href":"https:\/\/webdelmaestrocmf.com\/portal\/wp-json\/wp\/v2\/media\/35920"}],"wp:attachment":[{"href":"https:\/\/webdelmaestrocmf.com\/portal\/wp-json\/wp\/v2\/media?parent=35915"}],"wp:term":[{"taxonomy":"category","embeddable":true,"href":"https:\/\/webdelmaestrocmf.com\/portal\/wp-json\/wp\/v2\/categories?post=35915"},{"taxonomy":"post_tag","embeddable":true,"href":"https:\/\/webdelmaestrocmf.com\/portal\/wp-json\/wp\/v2\/tags?post=35915"}],"curies":[{"name":"wp","href":"https:\/\/api.w.org\/{rel}","templated":true}]}}