{"id":35541,"date":"2019-03-08T19:38:20","date_gmt":"2019-03-08T22:38:20","guid":{"rendered":"http:\/\/webdelmaestrocmf.com\/portal\/?p=35541"},"modified":"2023-07-19T21:13:55","modified_gmt":"2023-07-20T01:13:55","slug":"el-chisme-muere-cuando-llega-al-oido-de-la-persona-inteligente-6-consejos-para-acabar-con-el-chisme","status":"publish","type":"post","link":"https:\/\/webdelmaestrocmf.com\/portal\/el-chisme-muere-cuando-llega-al-oido-de-la-persona-inteligente-6-consejos-para-acabar-con-el-chisme\/","title":{"rendered":"Conoces alg\u00fan docente chismoso: Seis consejos para acabar con el chisme en el colegio"},"content":{"rendered":"<h5 style=\"text-align: justify;\">En la mayor\u00eda de grupos de la vida cotidiana, existen personas da\u00f1inas para la sana convivencia,\u00a0<strong>personas que con su envidia y sus chismes, acaban con el ambiente ameno que los otros pretenden vivir.<\/strong><\/h5>\n<p><!--more--><\/p>\n<h5 style=\"text-align: justify;\">El chisme o rumor suele ser utilizado siempre de la misma manera,\u00a0<strong>sale de la boca de un mal intencionado para que el chismoso lo difunda y el inocente se trague el cuento<\/strong>; lastimosamente,\u00a0<strong>este fen\u00f3meno solo termina cuando llega a los o\u00eddos de alguien que es lo suficientemente inteligente<\/strong>\u00a0para saber que esto no es nada provechosos y por ende no merece respuesta alguna.<\/h5>\n<p style=\"text-align: justify;\">En el \u00e1mbito de la comunicaci\u00f3n, el rumor es utilizado como uno de los mecanismos efectivos a la hora de conocer determinados puntos de vista respecto a un tema en la organizaci\u00f3n o grupo de trabajo.<\/p>\n<p style=\"text-align: justify;\"><a href=\"http:\/\/naxio.com.ar\/el-chisme-muere-cuando-llega-al-oido-de-la-persona-inteligente\"><strong>Naxio nos cuenta de algunos estudios que a lo largo de la historia se han desarrollado respecto al chisme<\/strong>\u00a0<\/a>\u201cEn un libro publicado en 1947 por el psic\u00f3logo social Gordon Allport titulado <strong>\u201cLa psicolog\u00eda de los rumores\u201d<\/strong> se nos explica algo realmente curioso: los chismes sirven a diversos grupos de personas para cohesionarse entre s\u00ed y posicionarse frente a alguien. A su vez, estas conductas les son placenteras, liberan endorfinas y logran combatir el estr\u00e9s\u201d.<\/p>\n<p style=\"text-align: justify;\">Por lo tanto,\u00a0<strong>es importante ser conscientes de que el chisme se ha acomodado en la sociedad y en vez de ser el portador de este, debemos convertirnos en el o\u00eddo inteligente que lo detiene<\/strong>, que se convierte en el muro que no se puede sobrepasar.<\/p>\n<p style=\"text-align: justify;\">A continuaci\u00f3n compartimos con fines \u00fanicamente educativos la publicaci\u00f3n del portal <a href=\"https:\/\/www.pildorasdefe.net\/\" target=\"_blank\" rel=\"noopener noreferrer\"><strong>P\u00edldoras de Fe<\/strong><\/a> en donde nos otorgan 6 consejos para aplicar y reflexionar.<\/p>\n<h5><strong>6 consejos para controlar la lengua y acabar con el chisme<\/strong><\/h5>\n<p style=\"text-align: justify;\">Enseguida, se describen 6<strong>\u00a0consejos <\/strong>para leer y tratar de aplicarlas a nuestro diario hablar para as\u00ed\u00a0<strong>controlar la lengua acabar con el chisme<\/strong> que tanto da\u00f1o hace a nuestras comunidades y a nuestra propia alma.<\/p>\n<h5>1.\u00a0Pensar\u00a0antes de hablar<\/h5>\n<p style=\"text-align: justify;\">Santiago dice que debemos estar listos para escuchar y lentos para hablar. Por lo tanto, evitemos la impulsividad. \u00a1<strong>Piensa antes de hablar!<\/strong><\/p>\n<p style=\"text-align: justify;\">\u00bfCu\u00e1ntas veces hemos hablado con la efervescencia del momento, sin reflexionar, hiriendo a la persona y teniendo que pagar las consecuencias?<\/p>\n<div class=\"pk-content-block pk-block-bg pk-block-bg-light\" style=\"text-align: center;\">Pocos han lamentado por mantener el silencio, muchos por haber hablado de m\u00e1s.<\/div>\n<h5>2. La Regla de Oro<\/h5>\n<p style=\"text-align: justify;\">Recuerden esta preciosa y poderosa m\u00e1xima de Jes\u00fas: \u00abHaz a los dem\u00e1s lo que quieras que te hagan a ti\u00bb As\u00ed podemos aplicar esto a la oraci\u00f3n:<\/p>\n<div class=\"pk-content-block pk-block-bg pk-block-bg-light\" style=\"text-align: center;\">Di a los dem\u00e1s lo que quieras que te digan.<\/div>\n<h5>3. \u00a1El Silencio!<\/h5>\n<p style=\"text-align: justify;\">Las madres, muy a menudo ense\u00f1an a sus hijos esta gran lecci\u00f3n que debemos tener presente pro el resto de nuestra vida:<\/p>\n<div class=\"pk-content-block pk-block-bg pk-block-bg-light\" style=\"text-align: center;\">Si no tienes nada bueno que decir, entonces no lo digas.<\/div>\n<p style=\"text-align: justify;\">Esto si que es un \u00a1Gran consejo!<\/p>\n<h5>4. \u00bfAgitado?<\/h5>\n<p style=\"text-align: justify;\">En los momentos de agitaci\u00f3n, lo mejor es evitar el habla. Es mejor retirarse, calmarse, y despu\u00e9s entrar en una conversaci\u00f3n tranquila y serena.<\/p>\n<h5>5. \u00a1\u00c1nimo!<\/h5>\n<p style=\"text-align: justify;\">Aprende a decir palabras de aliento. Todos necesitamos esas palabras, de aliento, afirmaci\u00f3n y apoyo.<\/p>\n<div class=\"pk-content-block pk-block-bg pk-block-bg-light\" style=\"text-align: center;\">S\u00e9 un Bernab\u00e9. \u00c9l fue uno de los \u00faltimos Ap\u00f3stoles y su nombre significa \u00abHijo de consolaci\u00f3n\u00bb. \u00bfPor qu\u00e9 no formar un club \u00abBernab\u00e9\u00bb?<\/div>\n<h5>6. \u00a1Perd\u00f3n!<\/h5>\n<p style=\"text-align: justify;\">Cuando fallen en su discurso perjudicando al pr\u00f3jimo, re\u00fanan la suficiente humildad y el coraje para expresar dos palabras muy dif\u00edciles: \u00ab<strong>\u00a1Lo Siento!<\/strong>\u00ab<\/p>\n<div class=\"pk-content-block pk-block-bg pk-block-bg-light\" style=\"text-align: center;\">Shakespeare dio en el clavo cuando dijo: Errar es humano, perdonar es divino.<\/div>\n<h5>Las 3 preguntas: verdad, bondad y utilidad<\/h5>\n<p style=\"text-align: justify;\">Cuenta la historia que un d\u00eda un conocido de S\u00f3crates le pregunt\u00f3:<\/p>\n<ul style=\"text-align: justify;\">\n<li>\u00a1S\u00f3crates! \u00bfSabe lo que acabo de escuchar de uno de sus estudiantes?<\/li>\n<li>Espera \u2013 dijo \u00e9l \u2013 antes de que me cuentes nada me gustar\u00eda hacerte tres preguntas. La primera est\u00e1 relacionada con la\u00a0<strong>verdad<\/strong>, \u00bfest\u00e1s seguro de que lo que vas a contarme es cierto?<\/li>\n<li>No \u2013 respondi\u00f3 el conocido \u2013 acaban de cont\u00e1rmelo.<\/li>\n<li>Vaya, no sabes si es cierto no, de acuerdo, ahora la segunda pregunta. Est\u00e1 relacionada con la\u00a0<strong>bondad<\/strong>, lo que vas a decirme de mi estudiante, \u00bfes algo bueno?<\/li>\n<li>No\u2026 \u2013 respondi\u00f3.<\/li>\n<li>As\u00ed pues \u2013 interrumpi\u00f3 S\u00f3crates \u2013 vas a decirme algo malo de otra persona sin saber si es verdad o no. Veamos, la tercera pregunta est\u00e1 relacionada con la\u00a0<strong>utilizad<\/strong>, lo que vas a contarme, \u00bfser\u00e1 provechoso para alguien?<\/li>\n<li>En realidad\u2026 no\u2026<\/li>\n<li>Bien, bien \u2013 respondi\u00f3 el fil\u00f3sofo \u2013 quieres contarme algo que no sabes si es verdad, tampoco es bueno y no sirve de provecho.\u00a0<strong>Entonces, \u00bfpor qu\u00e9 hablar sobre ello?<\/strong>\u00a0\u00a1Vete de aqu\u00ed con tus infundios y bulos!<\/li>\n<\/ul>\n<p><img loading=\"lazy\" decoding=\"async\" class=\"alignnone size-full wp-image-90797\" src=\"https:\/\/webdelmaestrocmf.com\/portal\/wp-content\/uploads\/2019\/03\/A12B3C4DCV2-1.png\" alt=\"\" width=\"800\" height=\"440\" srcset=\"https:\/\/webdelmaestrocmf.com\/portal\/wp-content\/uploads\/2019\/03\/A12B3C4DCV2-1.png 800w, https:\/\/webdelmaestrocmf.com\/portal\/wp-content\/uploads\/2019\/03\/A12B3C4DCV2-1-300x165.png 300w, https:\/\/webdelmaestrocmf.com\/portal\/wp-content\/uploads\/2019\/03\/A12B3C4DCV2-1-768x422.png 768w, https:\/\/webdelmaestrocmf.com\/portal\/wp-content\/uploads\/2019\/03\/A12B3C4DCV2-1-110x61.png 110w, https:\/\/webdelmaestrocmf.com\/portal\/wp-content\/uploads\/2019\/03\/A12B3C4DCV2-1-200x110.png 200w, https:\/\/webdelmaestrocmf.com\/portal\/wp-content\/uploads\/2019\/03\/A12B3C4DCV2-1-380x209.png 380w, https:\/\/webdelmaestrocmf.com\/portal\/wp-content\/uploads\/2019\/03\/A12B3C4DCV2-1-255x140.png 255w, https:\/\/webdelmaestrocmf.com\/portal\/wp-content\/uploads\/2019\/03\/A12B3C4DCV2-1-550x303.png 550w\" sizes=\"auto, (max-width: 800px) 100vw, 800px\" \/><\/p>\n<p style=\"text-align: justify;\">Sin duda alguna, S\u00f3crates era un hombre inteligente.<\/p>\n<p class=\"p1\" style=\"text-align: justify;\"><b>Este contenido ha sido publicado originalmente por P\u00edldoras de Fe en la siguiente direcci\u00f3n: <a href=\"http:\/\/pildorasdefe.net\" target=\"_blank\" rel=\"noopener noreferrer\">pildorasdefe.net<\/a><\/b><\/p>\n\t\t<div class=\"pk-inline-posts\">\n\t\t\t\n\t\t\t<div class=\"pk-inline-posts-container pk-inline-posts-template-list\"\n\t\t\t\tdata-columns=\"1\">\n\t\t\t\t\t\t<article id=\"post-118197\" class=\"post-118197 post type-post status-publish format-standard has-post-thumbnail category-bienestar-familiar category-pedagogia category-violencia tag-convivencia-escolar tag-crianza tag-educacion-emocional-2 tag-estudiantes tag-familia tag-intervencion tag-prevencion tag-rol-docente tag-salud-mental tag-violencia-escolar cs-entry cs-video-wrap\">\n\t\t\t<div class=\"pk-post-outer\">\n\n\t\t\t\t\t\t\t\t<div class=\"pk-post-inner\">\n\t\t\t\t\t<div class=\"entry-thumbnail\">\n\t\t\t\t\t\t<div class=\"pk-overlay pk-overlay-ratio pk-ratio-landscape\">\n\t\t\t\t\t\t\t<div class=\"pk-overlay-background\">\n\t\t\t\t\t\t\t\t<a href=\"https:\/\/webdelmaestrocmf.com\/portal\/tu-hijo-normaliza-la-violencia-y-habla-de-venganza-senales-que-pueden-escalar-y-como-actuar-a-tiempo\/\" class=\"pk-overlay-link\">\n\t\t\t\t\t\t\t\t\t<img loading=\"lazy\" decoding=\"async\" width=\"300\" height=\"225\" src=\"https:\/\/webdelmaestrocmf.com\/portal\/wp-content\/uploads\/2026\/04\/1AA-Banner-1-portada-imagen-10-1-copia-3-6-300x225.webp\" class=\"attachment-pk-thumbnail size-pk-thumbnail wp-post-image\" alt=\"\" \/>\t\t\t\t\t\t\t\t<\/a>\n\t\t\t\t\t\t\t<\/div>\n\t\t\t\t\t\t<\/div>\n\t\t\t\t\t<\/div>\n\t\t\t\t<\/div>\n\t\t\t\t\n\t\t\t\t<div class=\"pk-post-inner\">\n\t\t\t\t\t<header>\n\t\t\t\t\t\t<h3 class=\"pk-title\"><a href=\"https:\/\/webdelmaestrocmf.com\/portal\/tu-hijo-normaliza-la-violencia-y-habla-de-venganza-senales-que-pueden-escalar-y-como-actuar-a-tiempo\/\" rel=\"bookmark\">\u00bfTu hijo normaliza la violencia y habla de venganza? Estas son las se\u00f1ales que pueden escalar y c\u00f3mo actuar a tiempo<\/a><\/h3>\t\t\t\t\t<\/header><!-- .entry-header -->\n\t\t\t\t<\/div><!-- .post-inner -->\n\n\t\t\t<\/div><!-- .post-outer -->\n\t\t<\/article>\n\t\t\t\t<\/div>\n\t\t<\/div>\n\t\t\n","protected":false},"excerpt":{"rendered":"En la mayor\u00eda de grupos de la vida cotidiana, existen personas da\u00f1inas para la sana convivencia,\u00a0personas que con&hellip;","protected":false},"author":1,"featured_media":69368,"comment_status":"open","ping_status":"closed","sticky":false,"template":"","format":"standard","meta":{"csco_display_header_overlay":false,"csco_singular_sidebar":"default","csco_page_header_type":"default","csco_page_load_nextpost":"default","csco_post_video_location":[],"csco_post_video_location_hash":"","csco_post_video_url":"","csco_post_video_bg_start_time":0,"csco_post_video_bg_end_time":0,"csco_post_video_bg_volume":false,"_jetpack_memberships_contains_paid_content":false,"footnotes":""},"categories":[735,587],"tags":[4163,1668,2828],"class_list":{"0":"post-35541","1":"post","2":"type-post","3":"status-publish","4":"format-standard","5":"has-post-thumbnail","7":"category-pedagogia","8":"category-violencia","9":"tag-chisme","10":"tag-inteligente","11":"tag-persona","12":"cs-entry","13":"cs-video-wrap"},"yoast_head":"<!-- This site is optimized with the Yoast SEO plugin v27.5 - https:\/\/yoast.com\/product\/yoast-seo-wordpress\/ -->\n<title>Conoces alg\u00fan docente chismoso: Seis consejos para acabar con el chisme en el colegio - 2026<\/title>\n<meta name=\"description\" content=\"En la mayor\u00eda de grupos de la vida cotidiana, existen personas da\u00f1inas para la sana convivencia,\u00a0personas que con su envidia y sus chismes...\" \/>\n<meta name=\"robots\" content=\"index, follow, max-snippet:-1, max-image-preview:large, max-video-preview:-1\" \/>\n<link rel=\"canonical\" href=\"https:\/\/webdelmaestrocmf.com\/portal\/el-chisme-muere-cuando-llega-al-oido-de-la-persona-inteligente-6-consejos-para-acabar-con-el-chisme\/\" \/>\n<meta property=\"og:locale\" content=\"es_ES\" \/>\n<meta property=\"og:type\" content=\"article\" \/>\n<meta property=\"og:title\" content=\"Conoces alg\u00fan docente chismoso: Seis consejos para acabar con el chisme en el colegio - 2026\" \/>\n<meta property=\"og:description\" content=\"En la mayor\u00eda de grupos de la vida cotidiana, existen personas da\u00f1inas para la sana convivencia,\u00a0personas que con su envidia y sus chismes...\" \/>\n<meta property=\"og:url\" content=\"https:\/\/webdelmaestrocmf.com\/portal\/el-chisme-muere-cuando-llega-al-oido-de-la-persona-inteligente-6-consejos-para-acabar-con-el-chisme\/\" \/>\n<meta property=\"og:site_name\" content=\"Web del Maestro CMF\" \/>\n<meta property=\"article:publisher\" content=\"https:\/\/www.facebook.com\/WebdelMaestroCMF\/\" \/>\n<meta property=\"article:author\" content=\"https:\/\/www.facebook.com\/WebdelMaestroCMF\/\" \/>\n<meta property=\"article:published_time\" content=\"2019-03-08T22:38:20+00:00\" \/>\n<meta property=\"article:modified_time\" content=\"2023-07-20T01:13:55+00:00\" \/>\n<meta property=\"og:image\" content=\"https:\/\/i0.wp.com\/webdelmaestrocmf.com\/portal\/wp-content\/uploads\/2019\/03\/2-32.jpeg?fit=1100%2C680&ssl=1\" \/>\n\t<meta property=\"og:image:width\" content=\"1100\" \/>\n\t<meta property=\"og:image:height\" content=\"680\" \/>\n\t<meta property=\"og:image:type\" content=\"image\/jpeg\" \/>\n<meta name=\"author\" content=\"Web del Maestro CMF\" \/>\n<meta name=\"twitter:card\" content=\"summary_large_image\" \/>\n<meta name=\"twitter:creator\" content=\"@cmf_w\" \/>\n<meta name=\"twitter:site\" content=\"@cmf_w\" \/>\n<script type=\"application\/ld+json\" class=\"yoast-schema-graph\">{\"@context\":\"https:\\\/\\\/schema.org\",\"@graph\":[{\"@type\":\"ScholarlyArticle\",\"@id\":\"https:\\\/\\\/webdelmaestrocmf.com\\\/portal\\\/el-chisme-muere-cuando-llega-al-oido-de-la-persona-inteligente-6-consejos-para-acabar-con-el-chisme\\\/#article\",\"isPartOf\":{\"@id\":\"https:\\\/\\\/webdelmaestrocmf.com\\\/portal\\\/el-chisme-muere-cuando-llega-al-oido-de-la-persona-inteligente-6-consejos-para-acabar-con-el-chisme\\\/\"},\"author\":{\"name\":\"Web del Maestro CMF\",\"@id\":\"https:\\\/\\\/webdelmaestrocmf.com\\\/portal\\\/#\\\/schema\\\/person\\\/1072a2ed7bd960df8ef99a551fa35dc5\"},\"headline\":\"Conoces alg\u00fan docente chismoso: Seis consejos para acabar con el chisme en el colegio\",\"datePublished\":\"2019-03-08T22:38:20+00:00\",\"dateModified\":\"2023-07-20T01:13:55+00:00\",\"mainEntityOfPage\":{\"@id\":\"https:\\\/\\\/webdelmaestrocmf.com\\\/portal\\\/el-chisme-muere-cuando-llega-al-oido-de-la-persona-inteligente-6-consejos-para-acabar-con-el-chisme\\\/\"},\"wordCount\":829,\"commentCount\":1,\"publisher\":{\"@id\":\"https:\\\/\\\/webdelmaestrocmf.com\\\/portal\\\/#organization\"},\"image\":{\"@id\":\"https:\\\/\\\/webdelmaestrocmf.com\\\/portal\\\/el-chisme-muere-cuando-llega-al-oido-de-la-persona-inteligente-6-consejos-para-acabar-con-el-chisme\\\/#primaryimage\"},\"thumbnailUrl\":\"https:\\\/\\\/webdelmaestrocmf.com\\\/portal\\\/wp-content\\\/uploads\\\/2019\\\/03\\\/2-32.jpeg\",\"keywords\":[\"CHISME\",\"INTELIGENTE\",\"PERSONA\"],\"articleSection\":[\"Recursos\",\"violencia\"],\"inLanguage\":\"es\",\"potentialAction\":[{\"@type\":\"CommentAction\",\"name\":\"Comment\",\"target\":[\"https:\\\/\\\/webdelmaestrocmf.com\\\/portal\\\/el-chisme-muere-cuando-llega-al-oido-de-la-persona-inteligente-6-consejos-para-acabar-con-el-chisme\\\/#respond\"]}]},{\"@type\":\"WebPage\",\"@id\":\"https:\\\/\\\/webdelmaestrocmf.com\\\/portal\\\/el-chisme-muere-cuando-llega-al-oido-de-la-persona-inteligente-6-consejos-para-acabar-con-el-chisme\\\/\",\"url\":\"https:\\\/\\\/webdelmaestrocmf.com\\\/portal\\\/el-chisme-muere-cuando-llega-al-oido-de-la-persona-inteligente-6-consejos-para-acabar-con-el-chisme\\\/\",\"name\":\"Conoces alg\u00fan docente chismoso: Seis consejos para acabar con el chisme en el colegio - 2026\",\"isPartOf\":{\"@id\":\"https:\\\/\\\/webdelmaestrocmf.com\\\/portal\\\/#website\"},\"primaryImageOfPage\":{\"@id\":\"https:\\\/\\\/webdelmaestrocmf.com\\\/portal\\\/el-chisme-muere-cuando-llega-al-oido-de-la-persona-inteligente-6-consejos-para-acabar-con-el-chisme\\\/#primaryimage\"},\"image\":{\"@id\":\"https:\\\/\\\/webdelmaestrocmf.com\\\/portal\\\/el-chisme-muere-cuando-llega-al-oido-de-la-persona-inteligente-6-consejos-para-acabar-con-el-chisme\\\/#primaryimage\"},\"thumbnailUrl\":\"https:\\\/\\\/webdelmaestrocmf.com\\\/portal\\\/wp-content\\\/uploads\\\/2019\\\/03\\\/2-32.jpeg\",\"datePublished\":\"2019-03-08T22:38:20+00:00\",\"dateModified\":\"2023-07-20T01:13:55+00:00\",\"description\":\"En la mayor\u00eda de grupos de la vida cotidiana, existen personas da\u00f1inas para la sana convivencia,\u00a0personas que con su envidia y sus chismes...\",\"breadcrumb\":{\"@id\":\"https:\\\/\\\/webdelmaestrocmf.com\\\/portal\\\/el-chisme-muere-cuando-llega-al-oido-de-la-persona-inteligente-6-consejos-para-acabar-con-el-chisme\\\/#breadcrumb\"},\"inLanguage\":\"es\",\"potentialAction\":[{\"@type\":\"ReadAction\",\"target\":[\"https:\\\/\\\/webdelmaestrocmf.com\\\/portal\\\/el-chisme-muere-cuando-llega-al-oido-de-la-persona-inteligente-6-consejos-para-acabar-con-el-chisme\\\/\"]}]},{\"@type\":\"ImageObject\",\"inLanguage\":\"es\",\"@id\":\"https:\\\/\\\/webdelmaestrocmf.com\\\/portal\\\/el-chisme-muere-cuando-llega-al-oido-de-la-persona-inteligente-6-consejos-para-acabar-con-el-chisme\\\/#primaryimage\",\"url\":\"https:\\\/\\\/webdelmaestrocmf.com\\\/portal\\\/wp-content\\\/uploads\\\/2019\\\/03\\\/2-32.jpeg\",\"contentUrl\":\"https:\\\/\\\/webdelmaestrocmf.com\\\/portal\\\/wp-content\\\/uploads\\\/2019\\\/03\\\/2-32.jpeg\",\"width\":1100,\"height\":680},{\"@type\":\"BreadcrumbList\",\"@id\":\"https:\\\/\\\/webdelmaestrocmf.com\\\/portal\\\/el-chisme-muere-cuando-llega-al-oido-de-la-persona-inteligente-6-consejos-para-acabar-con-el-chisme\\\/#breadcrumb\",\"itemListElement\":[{\"@type\":\"ListItem\",\"position\":1,\"name\":\"Portada\",\"item\":\"https:\\\/\\\/webdelmaestrocmf.com\\\/portal\\\/\"},{\"@type\":\"ListItem\",\"position\":2,\"name\":\"Recursos\",\"item\":\"https:\\\/\\\/webdelmaestrocmf.com\\\/portal\\\/category\\\/pedagogia\\\/\"},{\"@type\":\"ListItem\",\"position\":3,\"name\":\"Conoces alg\u00fan docente chismoso: Seis consejos para acabar con el chisme en el colegio\"}]},{\"@type\":\"WebSite\",\"@id\":\"https:\\\/\\\/webdelmaestrocmf.com\\\/portal\\\/#website\",\"url\":\"https:\\\/\\\/webdelmaestrocmf.com\\\/portal\\\/\",\"name\":\"Web del Maestro CMF\",\"description\":\"Maestros al servicio de la educaci\u00f3n\",\"publisher\":{\"@id\":\"https:\\\/\\\/webdelmaestrocmf.com\\\/portal\\\/#organization\"},\"alternateName\":\"WMCMF\",\"potentialAction\":[{\"@type\":\"SearchAction\",\"target\":{\"@type\":\"EntryPoint\",\"urlTemplate\":\"https:\\\/\\\/webdelmaestrocmf.com\\\/portal\\\/?s={search_term_string}\"},\"query-input\":{\"@type\":\"PropertyValueSpecification\",\"valueRequired\":true,\"valueName\":\"search_term_string\"}}],\"inLanguage\":\"es\"},{\"@type\":\"Organization\",\"@id\":\"https:\\\/\\\/webdelmaestrocmf.com\\\/portal\\\/#organization\",\"name\":\"Web del Maestro CMF\",\"alternateName\":\"WMCMF\",\"url\":\"https:\\\/\\\/webdelmaestrocmf.com\\\/portal\\\/\",\"logo\":{\"@type\":\"ImageObject\",\"inLanguage\":\"es\",\"@id\":\"https:\\\/\\\/webdelmaestrocmf.com\\\/portal\\\/#\\\/schema\\\/logo\\\/image\\\/\",\"url\":\"https:\\\/\\\/webdelmaestrocmf.com\\\/portal\\\/wp-content\\\/uploads\\\/2023\\\/01\\\/logo-wmcmf-2.png\",\"contentUrl\":\"https:\\\/\\\/webdelmaestrocmf.com\\\/portal\\\/wp-content\\\/uploads\\\/2023\\\/01\\\/logo-wmcmf-2.png\",\"width\":200,\"height\":60,\"caption\":\"Web del Maestro CMF\"},\"image\":{\"@id\":\"https:\\\/\\\/webdelmaestrocmf.com\\\/portal\\\/#\\\/schema\\\/logo\\\/image\\\/\"},\"sameAs\":[\"https:\\\/\\\/www.facebook.com\\\/WebdelMaestroCMF\\\/\",\"https:\\\/\\\/x.com\\\/cmf_w\",\"https:\\\/\\\/www.pinterest.com\\\/WMCMF\\\/\",\"https:\\\/\\\/www.linkedin.com\\\/company\\\/web-del-maestro-cmf\\\/\",\"https:\\\/\\\/www.instagram.com\\\/wmcmf\\\/\",\"https:\\\/\\\/www.youtube.com\\\/channel\\\/UCDPSvjbdodE5sHnC3OxutHw\",\"https:\\\/\\\/mastodon.social\\\/@wmcmf\",\"https:\\\/\\\/www.tiktok.com\\\/@webdelmaestrocmf\"]},{\"@type\":\"Person\",\"@id\":\"https:\\\/\\\/webdelmaestrocmf.com\\\/portal\\\/#\\\/schema\\\/person\\\/1072a2ed7bd960df8ef99a551fa35dc5\",\"name\":\"Web del Maestro CMF\",\"image\":{\"@type\":\"ImageObject\",\"inLanguage\":\"es\",\"@id\":\"https:\\\/\\\/secure.gravatar.com\\\/avatar\\\/23291dd5b5ae1077dcff3dbb04c3e02bd28403fa75af6d8787d5e97c5bbbe30b?s=96&d=mm&r=g\",\"url\":\"https:\\\/\\\/secure.gravatar.com\\\/avatar\\\/23291dd5b5ae1077dcff3dbb04c3e02bd28403fa75af6d8787d5e97c5bbbe30b?s=96&d=mm&r=g\",\"contentUrl\":\"https:\\\/\\\/secure.gravatar.com\\\/avatar\\\/23291dd5b5ae1077dcff3dbb04c3e02bd28403fa75af6d8787d5e97c5bbbe30b?s=96&d=mm&r=g\",\"caption\":\"Web del Maestro CMF\"},\"description\":\"Esta Web se cre\u00f3 sin fines de lucro, con fines educativos, cient\u00edficos y acad\u00e9micos, para personas que tengan dificultades y\\\/o inconvenientes en visualizar el material original. El objetivo es entregar recursos, compartir experiencias y materiales que ayuden a los padres de familia, maestros y estudiantes en su actualizaci\u00f3n y formaci\u00f3n permanente, en bien de la Educaci\u00f3n.\",\"sameAs\":[\"http:\\\/\\\/webdelmaestrocmf.com\\\/portal\",\"https:\\\/\\\/www.facebook.com\\\/WebdelMaestroCMF\\\/\",\"https:\\\/\\\/www.instagram.com\\\/wmcmf\\\/\",\"https:\\\/\\\/cl.linkedin.com\\\/company\\\/web-del-maestro-cmf\",\"https:\\\/\\\/www.pinterest.com\\\/WMCMF\\\/publicaciones\\\/\",\"https:\\\/\\\/x.com\\\/cmf_w\",\"https:\\\/\\\/www.youtube.com\\\/@WMCMF\"]}]}<\/script>\n<!-- \/ Yoast SEO plugin. -->","yoast_head_json":{"title":"Conoces alg\u00fan docente chismoso: Seis consejos para acabar con el chisme en el colegio - 2026","description":"En la mayor\u00eda de grupos de la vida cotidiana, existen personas da\u00f1inas para la sana convivencia,\u00a0personas que con su envidia y sus chismes...","robots":{"index":"index","follow":"follow","max-snippet":"max-snippet:-1","max-image-preview":"max-image-preview:large","max-video-preview":"max-video-preview:-1"},"canonical":"https:\/\/webdelmaestrocmf.com\/portal\/el-chisme-muere-cuando-llega-al-oido-de-la-persona-inteligente-6-consejos-para-acabar-con-el-chisme\/","og_locale":"es_ES","og_type":"article","og_title":"Conoces alg\u00fan docente chismoso: Seis consejos para acabar con el chisme en el colegio - 2026","og_description":"En la mayor\u00eda de grupos de la vida cotidiana, existen personas da\u00f1inas para la sana convivencia,\u00a0personas que con su envidia y sus chismes...","og_url":"https:\/\/webdelmaestrocmf.com\/portal\/el-chisme-muere-cuando-llega-al-oido-de-la-persona-inteligente-6-consejos-para-acabar-con-el-chisme\/","og_site_name":"Web del Maestro CMF","article_publisher":"https:\/\/www.facebook.com\/WebdelMaestroCMF\/","article_author":"https:\/\/www.facebook.com\/WebdelMaestroCMF\/","article_published_time":"2019-03-08T22:38:20+00:00","article_modified_time":"2023-07-20T01:13:55+00:00","og_image":[{"width":1100,"height":680,"url":"https:\/\/i0.wp.com\/webdelmaestrocmf.com\/portal\/wp-content\/uploads\/2019\/03\/2-32.jpeg?fit=1100%2C680&ssl=1","type":"image\/jpeg"}],"author":"Web del Maestro CMF","twitter_card":"summary_large_image","twitter_creator":"@cmf_w","twitter_site":"@cmf_w","schema":{"@context":"https:\/\/schema.org","@graph":[{"@type":"ScholarlyArticle","@id":"https:\/\/webdelmaestrocmf.com\/portal\/el-chisme-muere-cuando-llega-al-oido-de-la-persona-inteligente-6-consejos-para-acabar-con-el-chisme\/#article","isPartOf":{"@id":"https:\/\/webdelmaestrocmf.com\/portal\/el-chisme-muere-cuando-llega-al-oido-de-la-persona-inteligente-6-consejos-para-acabar-con-el-chisme\/"},"author":{"name":"Web del Maestro CMF","@id":"https:\/\/webdelmaestrocmf.com\/portal\/#\/schema\/person\/1072a2ed7bd960df8ef99a551fa35dc5"},"headline":"Conoces alg\u00fan docente chismoso: Seis consejos para acabar con el chisme en el colegio","datePublished":"2019-03-08T22:38:20+00:00","dateModified":"2023-07-20T01:13:55+00:00","mainEntityOfPage":{"@id":"https:\/\/webdelmaestrocmf.com\/portal\/el-chisme-muere-cuando-llega-al-oido-de-la-persona-inteligente-6-consejos-para-acabar-con-el-chisme\/"},"wordCount":829,"commentCount":1,"publisher":{"@id":"https:\/\/webdelmaestrocmf.com\/portal\/#organization"},"image":{"@id":"https:\/\/webdelmaestrocmf.com\/portal\/el-chisme-muere-cuando-llega-al-oido-de-la-persona-inteligente-6-consejos-para-acabar-con-el-chisme\/#primaryimage"},"thumbnailUrl":"https:\/\/webdelmaestrocmf.com\/portal\/wp-content\/uploads\/2019\/03\/2-32.jpeg","keywords":["CHISME","INTELIGENTE","PERSONA"],"articleSection":["Recursos","violencia"],"inLanguage":"es","potentialAction":[{"@type":"CommentAction","name":"Comment","target":["https:\/\/webdelmaestrocmf.com\/portal\/el-chisme-muere-cuando-llega-al-oido-de-la-persona-inteligente-6-consejos-para-acabar-con-el-chisme\/#respond"]}]},{"@type":"WebPage","@id":"https:\/\/webdelmaestrocmf.com\/portal\/el-chisme-muere-cuando-llega-al-oido-de-la-persona-inteligente-6-consejos-para-acabar-con-el-chisme\/","url":"https:\/\/webdelmaestrocmf.com\/portal\/el-chisme-muere-cuando-llega-al-oido-de-la-persona-inteligente-6-consejos-para-acabar-con-el-chisme\/","name":"Conoces alg\u00fan docente chismoso: Seis consejos para acabar con el chisme en el colegio - 2026","isPartOf":{"@id":"https:\/\/webdelmaestrocmf.com\/portal\/#website"},"primaryImageOfPage":{"@id":"https:\/\/webdelmaestrocmf.com\/portal\/el-chisme-muere-cuando-llega-al-oido-de-la-persona-inteligente-6-consejos-para-acabar-con-el-chisme\/#primaryimage"},"image":{"@id":"https:\/\/webdelmaestrocmf.com\/portal\/el-chisme-muere-cuando-llega-al-oido-de-la-persona-inteligente-6-consejos-para-acabar-con-el-chisme\/#primaryimage"},"thumbnailUrl":"https:\/\/webdelmaestrocmf.com\/portal\/wp-content\/uploads\/2019\/03\/2-32.jpeg","datePublished":"2019-03-08T22:38:20+00:00","dateModified":"2023-07-20T01:13:55+00:00","description":"En la mayor\u00eda de grupos de la vida cotidiana, existen personas da\u00f1inas para la sana convivencia,\u00a0personas que con su envidia y sus chismes...","breadcrumb":{"@id":"https:\/\/webdelmaestrocmf.com\/portal\/el-chisme-muere-cuando-llega-al-oido-de-la-persona-inteligente-6-consejos-para-acabar-con-el-chisme\/#breadcrumb"},"inLanguage":"es","potentialAction":[{"@type":"ReadAction","target":["https:\/\/webdelmaestrocmf.com\/portal\/el-chisme-muere-cuando-llega-al-oido-de-la-persona-inteligente-6-consejos-para-acabar-con-el-chisme\/"]}]},{"@type":"ImageObject","inLanguage":"es","@id":"https:\/\/webdelmaestrocmf.com\/portal\/el-chisme-muere-cuando-llega-al-oido-de-la-persona-inteligente-6-consejos-para-acabar-con-el-chisme\/#primaryimage","url":"https:\/\/webdelmaestrocmf.com\/portal\/wp-content\/uploads\/2019\/03\/2-32.jpeg","contentUrl":"https:\/\/webdelmaestrocmf.com\/portal\/wp-content\/uploads\/2019\/03\/2-32.jpeg","width":1100,"height":680},{"@type":"BreadcrumbList","@id":"https:\/\/webdelmaestrocmf.com\/portal\/el-chisme-muere-cuando-llega-al-oido-de-la-persona-inteligente-6-consejos-para-acabar-con-el-chisme\/#breadcrumb","itemListElement":[{"@type":"ListItem","position":1,"name":"Portada","item":"https:\/\/webdelmaestrocmf.com\/portal\/"},{"@type":"ListItem","position":2,"name":"Recursos","item":"https:\/\/webdelmaestrocmf.com\/portal\/category\/pedagogia\/"},{"@type":"ListItem","position":3,"name":"Conoces alg\u00fan docente chismoso: Seis consejos para acabar con el chisme en el colegio"}]},{"@type":"WebSite","@id":"https:\/\/webdelmaestrocmf.com\/portal\/#website","url":"https:\/\/webdelmaestrocmf.com\/portal\/","name":"Web del Maestro CMF","description":"Maestros al servicio de la educaci\u00f3n","publisher":{"@id":"https:\/\/webdelmaestrocmf.com\/portal\/#organization"},"alternateName":"WMCMF","potentialAction":[{"@type":"SearchAction","target":{"@type":"EntryPoint","urlTemplate":"https:\/\/webdelmaestrocmf.com\/portal\/?s={search_term_string}"},"query-input":{"@type":"PropertyValueSpecification","valueRequired":true,"valueName":"search_term_string"}}],"inLanguage":"es"},{"@type":"Organization","@id":"https:\/\/webdelmaestrocmf.com\/portal\/#organization","name":"Web del Maestro CMF","alternateName":"WMCMF","url":"https:\/\/webdelmaestrocmf.com\/portal\/","logo":{"@type":"ImageObject","inLanguage":"es","@id":"https:\/\/webdelmaestrocmf.com\/portal\/#\/schema\/logo\/image\/","url":"https:\/\/webdelmaestrocmf.com\/portal\/wp-content\/uploads\/2023\/01\/logo-wmcmf-2.png","contentUrl":"https:\/\/webdelmaestrocmf.com\/portal\/wp-content\/uploads\/2023\/01\/logo-wmcmf-2.png","width":200,"height":60,"caption":"Web del Maestro CMF"},"image":{"@id":"https:\/\/webdelmaestrocmf.com\/portal\/#\/schema\/logo\/image\/"},"sameAs":["https:\/\/www.facebook.com\/WebdelMaestroCMF\/","https:\/\/x.com\/cmf_w","https:\/\/www.pinterest.com\/WMCMF\/","https:\/\/www.linkedin.com\/company\/web-del-maestro-cmf\/","https:\/\/www.instagram.com\/wmcmf\/","https:\/\/www.youtube.com\/channel\/UCDPSvjbdodE5sHnC3OxutHw","https:\/\/mastodon.social\/@wmcmf","https:\/\/www.tiktok.com\/@webdelmaestrocmf"]},{"@type":"Person","@id":"https:\/\/webdelmaestrocmf.com\/portal\/#\/schema\/person\/1072a2ed7bd960df8ef99a551fa35dc5","name":"Web del Maestro CMF","image":{"@type":"ImageObject","inLanguage":"es","@id":"https:\/\/secure.gravatar.com\/avatar\/23291dd5b5ae1077dcff3dbb04c3e02bd28403fa75af6d8787d5e97c5bbbe30b?s=96&d=mm&r=g","url":"https:\/\/secure.gravatar.com\/avatar\/23291dd5b5ae1077dcff3dbb04c3e02bd28403fa75af6d8787d5e97c5bbbe30b?s=96&d=mm&r=g","contentUrl":"https:\/\/secure.gravatar.com\/avatar\/23291dd5b5ae1077dcff3dbb04c3e02bd28403fa75af6d8787d5e97c5bbbe30b?s=96&d=mm&r=g","caption":"Web del Maestro CMF"},"description":"Esta Web se cre\u00f3 sin fines de lucro, con fines educativos, cient\u00edficos y acad\u00e9micos, para personas que tengan dificultades y\/o inconvenientes en visualizar el material original. El objetivo es entregar recursos, compartir experiencias y materiales que ayuden a los padres de familia, maestros y estudiantes en su actualizaci\u00f3n y formaci\u00f3n permanente, en bien de la Educaci\u00f3n.","sameAs":["http:\/\/webdelmaestrocmf.com\/portal","https:\/\/www.facebook.com\/WebdelMaestroCMF\/","https:\/\/www.instagram.com\/wmcmf\/","https:\/\/cl.linkedin.com\/company\/web-del-maestro-cmf","https:\/\/www.pinterest.com\/WMCMF\/publicaciones\/","https:\/\/x.com\/cmf_w","https:\/\/www.youtube.com\/@WMCMF"]}]}},"jetpack_featured_media_url":"https:\/\/webdelmaestrocmf.com\/portal\/wp-content\/uploads\/2019\/03\/2-32.jpeg","jetpack_sharing_enabled":true,"jetpack-related-posts":[{"id":35693,"url":"https:\/\/webdelmaestrocmf.com\/portal\/como-ganarse-el-respeto-de-tus-companeros-de-trabajo\/","url_meta":{"origin":35541,"position":0},"title":"\u00bfC\u00f3mo ganarse el respeto de tu compa\u00f1ero de trabajo y dem\u00e1s colegas?","author":"Web del Maestro CMF","date":"13 marzo, 2019","format":false,"excerpt":"Destacar en el\u00a0mundo laboral es una tarea complicada en estos d\u00edas debido a la competitividad. Y es a\u00fan m\u00e1s complicado ganarte el respeto de tus compa\u00f1eros de trabajo de manera r\u00e1pida. Ya sea que seas jefe o un compa\u00f1ero m\u00e1s, contar con el respeto del resto en el trabajo es\u2026","rel":"","context":"En \u00abBienestar Familiar\u00bb","block_context":{"text":"Bienestar Familiar","link":"https:\/\/webdelmaestrocmf.com\/portal\/category\/pedagogia\/bienestar-familiar\/"},"img":{"alt_text":"","src":"https:\/\/i0.wp.com\/webdelmaestrocmf.com\/portal\/wp-content\/uploads\/2019\/03\/2-9.jpg?resize=350%2C200&ssl=1","width":350,"height":200,"srcset":"https:\/\/i0.wp.com\/webdelmaestrocmf.com\/portal\/wp-content\/uploads\/2019\/03\/2-9.jpg?resize=350%2C200&ssl=1 1x, https:\/\/i0.wp.com\/webdelmaestrocmf.com\/portal\/wp-content\/uploads\/2019\/03\/2-9.jpg?resize=525%2C300&ssl=1 1.5x, https:\/\/i0.wp.com\/webdelmaestrocmf.com\/portal\/wp-content\/uploads\/2019\/03\/2-9.jpg?resize=700%2C400&ssl=1 2x, https:\/\/i0.wp.com\/webdelmaestrocmf.com\/portal\/wp-content\/uploads\/2019\/03\/2-9.jpg?resize=1050%2C600&ssl=1 3x"},"classes":[]},{"id":66383,"url":"https:\/\/webdelmaestrocmf.com\/portal\/normas-de-buen-uso-de-grupos-de-whatsapp-del-colegio\/","url_meta":{"origin":35541,"position":1},"title":"Normas de buen uso de Grupos de Whatsapp del colegio","author":"Web del Maestro CMF","date":"9 agosto, 2021","format":false,"excerpt":"El uso de la tecnolog\u00eda es fundamental en la forma de vida actual. Es casi imposible pensar que haya personas que no tengan y\/o no utilicen televisores, computadores, Tablet y, especialmente, tel\u00e9fonos celulares inteligentes, conocidos como Smartphones. Estos \u00faltimos, son dispositivos que la gran mayor\u00eda de la poblaci\u00f3n utiliza casi\u2026","rel":"","context":"En \u00abSoftware\u00bb","block_context":{"text":"Software","link":"https:\/\/webdelmaestrocmf.com\/portal\/category\/tecnologia\/software\/"},"img":{"alt_text":"","src":"https:\/\/i0.wp.com\/webdelmaestrocmf.com\/portal\/wp-content\/uploads\/2021\/08\/1-63.jpg?resize=350%2C200&ssl=1","width":350,"height":200,"srcset":"https:\/\/i0.wp.com\/webdelmaestrocmf.com\/portal\/wp-content\/uploads\/2021\/08\/1-63.jpg?resize=350%2C200&ssl=1 1x, https:\/\/i0.wp.com\/webdelmaestrocmf.com\/portal\/wp-content\/uploads\/2021\/08\/1-63.jpg?resize=525%2C300&ssl=1 1.5x, https:\/\/i0.wp.com\/webdelmaestrocmf.com\/portal\/wp-content\/uploads\/2021\/08\/1-63.jpg?resize=700%2C400&ssl=1 2x, https:\/\/i0.wp.com\/webdelmaestrocmf.com\/portal\/wp-content\/uploads\/2021\/08\/1-63.jpg?resize=1050%2C600&ssl=1 3x"},"classes":[]},{"id":52084,"url":"https:\/\/webdelmaestrocmf.com\/portal\/papa-francisco-el-comunicador-nunca-debe-ocultar-la-verdad-o-manipular-la-informacion\/","url_meta":{"origin":35541,"position":2},"title":"Papa Francisco: El comunicador nunca debe ocultar la verdad o manipular la informaci\u00f3n","author":"Web del Maestro CMF","date":"25 septiembre, 2020","format":false,"excerpt":"El Papa Francisco en su mensaje con motivo de la Jornada de las Comunicaciones Sociales 2020, nos dijo que \u201cen medio de la confusi\u00f3n de las voces y de los mensajes que nos rodean, necesitamos una narraci\u00f3n humana, que nos hable de nosotros y de la belleza que poseemos. Una\u2026","rel":"","context":"En \u00abMundo cart\u00f3lico\u00bb","block_context":{"text":"Mundo cart\u00f3lico","link":"https:\/\/webdelmaestrocmf.com\/portal\/category\/pastoral\/"},"img":{"alt_text":"","src":"https:\/\/i0.wp.com\/webdelmaestrocmf.com\/portal\/wp-content\/uploads\/2020\/09\/1-copia-91.jpg?resize=350%2C200&ssl=1","width":350,"height":200,"srcset":"https:\/\/i0.wp.com\/webdelmaestrocmf.com\/portal\/wp-content\/uploads\/2020\/09\/1-copia-91.jpg?resize=350%2C200&ssl=1 1x, https:\/\/i0.wp.com\/webdelmaestrocmf.com\/portal\/wp-content\/uploads\/2020\/09\/1-copia-91.jpg?resize=525%2C300&ssl=1 1.5x, https:\/\/i0.wp.com\/webdelmaestrocmf.com\/portal\/wp-content\/uploads\/2020\/09\/1-copia-91.jpg?resize=700%2C400&ssl=1 2x, https:\/\/i0.wp.com\/webdelmaestrocmf.com\/portal\/wp-content\/uploads\/2020\/09\/1-copia-91.jpg?resize=1050%2C600&ssl=1 3x"},"classes":[]},{"id":41391,"url":"https:\/\/webdelmaestrocmf.com\/portal\/el-bullying-entre-maestros-que-hacer-y-como-detectarlo\/","url_meta":{"origin":35541,"position":3},"title":"Y a usted le pas\u00f3: Bullying entre maestros \u00bfQu\u00e9 hacer y c\u00f3mo detectarlo?","author":"Web del Maestro CMF","date":"27 junio, 2024","format":false,"excerpt":"El 'bullying' es un concepto anglosaj\u00f3n que significa abuso, acoso o intimidaci\u00f3n. Aunque parezca y casi todos creamos que es algo solo aplicable a ni\u00f1os y adolescentes, en realidad, tambi\u00e9n sucede (y m\u00e1s de lo que crees) entre adultos. Pero, empecemos desde el principio. \u00bfQu\u00e9 significa bullying? La traducci\u00f3n como\u2026","rel":"","context":"En \u00abRecursos\u00bb","block_context":{"text":"Recursos","link":"https:\/\/webdelmaestrocmf.com\/portal\/category\/pedagogia\/"},"img":{"alt_text":"","src":"https:\/\/i0.wp.com\/webdelmaestrocmf.com\/portal\/wp-content\/uploads\/2021\/12\/Banner-1-portada-imagen-10-1-2024-06-27T202336.756.jpg?resize=350%2C200&ssl=1","width":350,"height":200,"srcset":"https:\/\/i0.wp.com\/webdelmaestrocmf.com\/portal\/wp-content\/uploads\/2021\/12\/Banner-1-portada-imagen-10-1-2024-06-27T202336.756.jpg?resize=350%2C200&ssl=1 1x, https:\/\/i0.wp.com\/webdelmaestrocmf.com\/portal\/wp-content\/uploads\/2021\/12\/Banner-1-portada-imagen-10-1-2024-06-27T202336.756.jpg?resize=525%2C300&ssl=1 1.5x, https:\/\/i0.wp.com\/webdelmaestrocmf.com\/portal\/wp-content\/uploads\/2021\/12\/Banner-1-portada-imagen-10-1-2024-06-27T202336.756.jpg?resize=700%2C400&ssl=1 2x"},"classes":[]},{"id":24859,"url":"https:\/\/webdelmaestrocmf.com\/portal\/maestro-aqui-tiene-8-cosas-que-puede-mejorar-para-este-2018\/","url_meta":{"origin":35541,"position":4},"title":"Maestro: Diez sugerencias, ideas y propuestas para mejorar","author":"Web del Maestro CMF","date":"23 diciembre, 2020","format":false,"excerpt":"Un buen profesor es la base de una educaci\u00f3n exitosa y para que esto sea as\u00ed precisa tener una serie de habilidades personales y profesionales.\u00a0Porque ense\u00f1ar no es solo transferir conocimientos, es mucho m\u00e1s, se trata de saber crear las condiciones necesarias para que los alumnos aprendan a pensar y\u00a0a\u2026","rel":"","context":"En \u00abConsejos\u00bb","block_context":{"text":"Consejos","link":"https:\/\/webdelmaestrocmf.com\/portal\/category\/pedagogia\/consejos\/"},"img":{"alt_text":"","src":"https:\/\/i0.wp.com\/webdelmaestrocmf.com\/portal\/wp-content\/uploads\/2020\/12\/1c.jpg?resize=350%2C200&ssl=1","width":350,"height":200,"srcset":"https:\/\/i0.wp.com\/webdelmaestrocmf.com\/portal\/wp-content\/uploads\/2020\/12\/1c.jpg?resize=350%2C200&ssl=1 1x, https:\/\/i0.wp.com\/webdelmaestrocmf.com\/portal\/wp-content\/uploads\/2020\/12\/1c.jpg?resize=525%2C300&ssl=1 1.5x, https:\/\/i0.wp.com\/webdelmaestrocmf.com\/portal\/wp-content\/uploads\/2020\/12\/1c.jpg?resize=700%2C400&ssl=1 2x"},"classes":[]},{"id":27542,"url":"https:\/\/webdelmaestrocmf.com\/portal\/los-6-tipos-de-acoso-escolar-que-existen\/","url_meta":{"origin":35541,"position":5},"title":"Los 6 tipos de acoso escolar: f\u00edsico, psicol\u00f3gico, verbal, sexual, social y ciberbullying. Descarga la \u00abGu\u00eda con t\u00e9cnicas y din\u00e1micas para la intervenci\u00f3n del bullying\u00bb","author":"Web del Maestro CMF","date":"28 marzo, 2026","format":false,"excerpt":"El bullying afecta a 4 de cada 10 estudiantes y adopta m\u00faltiples formas f\u00edsica, psicol\u00f3gica, verbal, sexual, social y digital, generando consecuencias emocionales que exigen prevenci\u00f3n e intervenci\u00f3n educativa oportuna.","rel":"","context":"En \u00abRecursos\u00bb","block_context":{"text":"Recursos","link":"https:\/\/webdelmaestrocmf.com\/portal\/category\/pedagogia\/"},"img":{"alt_text":"","src":"https:\/\/i0.wp.com\/webdelmaestrocmf.com\/portal\/wp-content\/uploads\/2019\/06\/1AA-Banner-1-portada-imagen-10-1-copia-13.webp?resize=350%2C200&ssl=1","width":350,"height":200,"srcset":"https:\/\/i0.wp.com\/webdelmaestrocmf.com\/portal\/wp-content\/uploads\/2019\/06\/1AA-Banner-1-portada-imagen-10-1-copia-13.webp?resize=350%2C200&ssl=1 1x, https:\/\/i0.wp.com\/webdelmaestrocmf.com\/portal\/wp-content\/uploads\/2019\/06\/1AA-Banner-1-portada-imagen-10-1-copia-13.webp?resize=525%2C300&ssl=1 1.5x, https:\/\/i0.wp.com\/webdelmaestrocmf.com\/portal\/wp-content\/uploads\/2019\/06\/1AA-Banner-1-portada-imagen-10-1-copia-13.webp?resize=700%2C400&ssl=1 2x, https:\/\/i0.wp.com\/webdelmaestrocmf.com\/portal\/wp-content\/uploads\/2019\/06\/1AA-Banner-1-portada-imagen-10-1-copia-13.webp?resize=1050%2C600&ssl=1 3x"},"classes":[]}],"_links":{"self":[{"href":"https:\/\/webdelmaestrocmf.com\/portal\/wp-json\/wp\/v2\/posts\/35541","targetHints":{"allow":["GET"]}}],"collection":[{"href":"https:\/\/webdelmaestrocmf.com\/portal\/wp-json\/wp\/v2\/posts"}],"about":[{"href":"https:\/\/webdelmaestrocmf.com\/portal\/wp-json\/wp\/v2\/types\/post"}],"author":[{"embeddable":true,"href":"https:\/\/webdelmaestrocmf.com\/portal\/wp-json\/wp\/v2\/users\/1"}],"replies":[{"embeddable":true,"href":"https:\/\/webdelmaestrocmf.com\/portal\/wp-json\/wp\/v2\/comments?post=35541"}],"version-history":[{"count":0,"href":"https:\/\/webdelmaestrocmf.com\/portal\/wp-json\/wp\/v2\/posts\/35541\/revisions"}],"wp:featuredmedia":[{"embeddable":true,"href":"https:\/\/webdelmaestrocmf.com\/portal\/wp-json\/wp\/v2\/media\/69368"}],"wp:attachment":[{"href":"https:\/\/webdelmaestrocmf.com\/portal\/wp-json\/wp\/v2\/media?parent=35541"}],"wp:term":[{"taxonomy":"category","embeddable":true,"href":"https:\/\/webdelmaestrocmf.com\/portal\/wp-json\/wp\/v2\/categories?post=35541"},{"taxonomy":"post_tag","embeddable":true,"href":"https:\/\/webdelmaestrocmf.com\/portal\/wp-json\/wp\/v2\/tags?post=35541"}],"curies":[{"name":"wp","href":"https:\/\/api.w.org\/{rel}","templated":true}]}}