{"id":35415,"date":"2024-05-17T18:00:45","date_gmt":"2024-05-17T22:00:45","guid":{"rendered":"http:\/\/webdelmaestrocmf.com\/portal\/?p=35415"},"modified":"2024-05-17T19:21:05","modified_gmt":"2024-05-17T23:21:05","slug":"100-peliculas-clasificadas-para-trabajar-en-clase","status":"publish","type":"post","link":"https:\/\/webdelmaestrocmf.com\/portal\/100-peliculas-clasificadas-para-trabajar-en-clase\/","title":{"rendered":"100 pel\u00edculas clasificadas para trabajar la resiliencia (Colegios y Universidades)"},"content":{"rendered":"<p style=\"text-align: justify;\"><strong>Cada vez m\u00e1s pedagogos entienden la importancia de incorporar innovadoras t\u00e9cnicas de aprendizaje en el aula. El\u00a0uso de recursos audiovisuales en el aula\u00a0estimula la adquisici\u00f3n de competencias asociadas a la creatividad y el pensamiento cr\u00edtico en los alumnos. Adem\u00e1s, las obras del s\u00e9ptimo arte pueden resultar una enorme\u00a0fuente de informaci\u00f3n que nos permite adentrarnos en el estudio de diversos fen\u00f3menos sociales, conocer culturas distintas, formar visiones sobre acontecimientos y personajes pasados, etc. Seg\u00fan un estudio de la\u00a0Universidad Aut\u00f3noma de Barcelona\u00a0(UAB), un\u00a040% de los docentes utiliza pel\u00edculas educativas en clase.<\/strong><!--more--><\/p>\n<p style=\"text-align: justify;\">El cine es un recurso muy visual que puede ayudarnos a complementar una explicaci\u00f3n. Por eso, compartimos con fines educativos\u00a0 la recopilaci\u00f3n de 10 pel\u00edculas que recomienda\u00a0<strong><a id=\"anchor-userprofile\" class=\"fn\" href=\"http:\/\/blogs.eltiempo.com\/el-tiempo-del-cine\/2016\/03\/17\/diez-peliculas-para-ver-en-clase\/#profile-author\" rel=\"author\">Jer\u00f3nimo Rivera<\/a><\/strong>\u00a0para el portal\u00a0<strong><a href=\"http:\/\/eltiempo.com\" target=\"_blank\" rel=\"noopener noreferrer\">El Tiempo<\/a> (Colombia)<\/strong>\u00a0y del mismo modo, compartimos con fines educativos del blog personal de\u00a0<b>Jeronimo Rivera<\/b> (jeronimorivera)\u00a0una recopilaci\u00f3n de <strong>100 pel\u00edculas para trabajar en clases. <\/strong><\/p>\n<p style=\"text-align: justify;\">En las siguiente recopilaci\u00f3n podr\u00e1 encontrar \u2018Pel\u00edculas para abordar la resiliencia en clase\u2019, \u2018Pel\u00edculas para apoyar las clases de Literatura\u2019, \u2018Pel\u00edculas para trabajar la inteligencia emocional\u2019 o \u2018Pel\u00edculas basadas en la asignatura de Biolog\u00eda para Bachillerato\u2019. En este caso, recogemos pel\u00edculas que todo docente o estudiante de Educaci\u00f3n tiene que ver.<\/p>\n<h5 class=\"entry-title\"><strong>Once pel\u00edculas para ver en clase<\/strong><\/h5>\n<h5><strong>1. Los ni\u00f1os del cielo (Children of heaven). Majid Majidi- Ir\u00e1n (1997).<\/strong><\/h5>\n<p style=\"text-align: justify;\">La historia de dos ni\u00f1os que, en medio de una precaria situaci\u00f3n econ\u00f3mica, deben compartir un \u00fanico par de zapatos para asistir a la escuela, no solo es conmovedora sino que pone en escena el valor de la solidaridad y la importancia del apoyo familiar. Su protagonista se ve enfrentado al reto de ganar el segundo lugar en una carrera atl\u00e9tica para obtener un nuevo par de tenis para su hermana menor. Ser el mejor no importa, lo que cuenta es obtener el preciado objeto.<\/p>\n<p style=\"text-align: justify;\">Temas: solidaridad, amor fraternal.<\/p>\n<p><iframe loading=\"lazy\" src=\"https:\/\/www.youtube.com\/embed\/PGLuaqb00Lc\" width=\"100%\" height=\"400\" frameborder=\"0\" allowfullscreen=\"allowfullscreen\"><span data-mce-type=\"bookmark\" style=\"display: inline-block; width: 0px; overflow: hidden; line-height: 0;\" class=\"mce_SELRES_start\">\ufeff<\/span><\/iframe><\/p>\n<h5><strong>2. Intensa-mente. Pete Docter, Ronnie del Carmen- USA 2015.<\/strong><\/h5>\n<p style=\"text-align: justify;\">Esta fant\u00e1stica pel\u00edcula animada de Pixar es una buena oportunidad para hablar en clase sobre el funcionamiento del cerebro y nuestras emociones. La historia, adem\u00e1s, pone en escena el tema de los cambios emocionales que se dan en el tr\u00e1nsito entre la infancia y la adolescencia; cuenta con un gui\u00f3n bien fundamentado en la psicolog\u00eda y puede ser una gran oportunidad para propiciar la reflexi\u00f3n en los alumnos.<\/p>\n<p style=\"text-align: justify;\">Temas: Unidad familiar, amistad, conocimiento de s\u00ed mismo, toma de decisiones.<\/p>\n<p><iframe loading=\"lazy\" src=\"https:\/\/www.youtube.com\/embed\/EB1oBuxD964\" width=\"100%\" height=\"400\" frameborder=\"0\" allowfullscreen=\"allowfullscreen\"><span data-mce-type=\"bookmark\" style=\"display: inline-block; width: 0px; overflow: hidden; line-height: 0;\" class=\"mce_SELRES_start\">\ufeff<\/span><\/iframe><\/p>\n<h5><strong>3. Cuenta conmigo (Stand by me). Rob Reiner- USA 1986.<\/strong><\/h5>\n<p style=\"text-align: justify;\">Cuatro amigos pre-adolescentes realizan una traves\u00eda por carretera enfrentando sus propios miedos con el objetivo de conocer un cad\u00e1ver. El viaje en esta historia, como en otras de su g\u00e9nero, es solo el pretexto para hablar de la amistad y del paso de la ni\u00f1ez a la adolescencia, por medio de un relato divertido y al mismo tiempo conmovedor.<\/p>\n<p style=\"text-align: justify;\">Temas: Amistad, vencer los miedos, crecer, toma de decisiones.<\/p>\n<p><iframe loading=\"lazy\" src=\"https:\/\/www.youtube.com\/embed\/_2RLnhXJA3w\" width=\"100%\" height=\"400\" frameborder=\"0\" allowfullscreen=\"allowfullscreen\"><span data-mce-type=\"bookmark\" style=\"display: inline-block; width: 0px; overflow: hidden; line-height: 0;\" class=\"mce_SELRES_start\">\ufeff<\/span><\/iframe><\/p>\n<h5><strong>4. Tiempos modernos (Modern times). Charles Chaplin- USA 1936.<\/strong><\/h5>\n<p style=\"text-align: justify;\">Cuando el famoso c\u00f3mico Chaplin realiz\u00f3 esta pel\u00edcula en pleno auge de la era industrial no estaba pensando solo en divertir a su p\u00fablico, sino tambi\u00e9n en propiciar una reflexi\u00f3n sobre el efecto de la m\u00e1quina y el capitalismo sobre los seres humanos y su calidad de vida. Esta cinta le gener\u00f3 al autor un injusto apelativo de comunista que, con el tiempo, lo llevar\u00eda a la expulsi\u00f3n definitiva de los Estados Unidos. No solo como documento hist\u00f3rico, esta pel\u00edcula pone sobre el tapete la reflexi\u00f3n sobre la importancia e influencia de los artefactos en nuestras vidas.<\/p>\n<p style=\"text-align: justify;\">Temas: Sociedad industrial, capitalismo.<\/p>\n<p><iframe loading=\"lazy\" title=\"Chaplin - Tiempos modernos\" width=\"1200\" height=\"900\" src=\"https:\/\/www.youtube.com\/embed\/KHAaYxMinC8?feature=oembed\" frameborder=\"0\" allow=\"accelerometer; autoplay; clipboard-write; encrypted-media; gyroscope; picture-in-picture; web-share\" referrerpolicy=\"strict-origin-when-cross-origin\" allowfullscreen><\/iframe><\/p>\n<h5><strong>5. La familia Belier (La famille Belier). Eric Lartagau- Francia 2014.<\/strong><\/h5>\n<p style=\"text-align: justify;\">Aunque se trata de una comedia, esta pel\u00edcula francesa aborda un tema que no es ligero. La historia de una adolescente que vive con sus padres y su hermano sordomudos y descubre que tiene una prodigiosa voz es casi una premisa tr\u00e1gica. Las dificultades de la vida adolescente son m\u00e1s complejas para la protagonista, quien ha asumido un rol de liderazgo en su familia y se ve abocada a dejarlos para luchar por su propio sue\u00f1o.<\/p>\n<p style=\"text-align: justify;\">Tema: la familia como n\u00facleo de apoyo, inclusi\u00f3n social, perseverancia y amor.<\/p>\n<p><iframe loading=\"lazy\" src=\"https:\/\/www.youtube.com\/embed\/y36W7P1FxJI\" width=\"100%\" height=\"400\" frameborder=\"0\" allowfullscreen=\"allowfullscreen\"><span data-mce-type=\"bookmark\" style=\"display: inline-block; width: 0px; overflow: hidden; line-height: 0;\" class=\"mce_SELRES_start\">\ufeff<\/span><\/iframe><\/p>\n<h5><strong>6. The Truman Show. Peter Weir- USA 1998.<\/strong><\/h5>\n<p style=\"text-align: justify;\">La historia de un hombre cuya vida es emitida en directo para millones de espectadores en el mundo result\u00f3 premonitoria. La influencia de los medios de comunicaci\u00f3n y las redes sociales en la vida de todos y la discusi\u00f3n sobre la privacidad y la fama fugaz se hacen cada vez m\u00e1s necesarias en una \u00e9poca como la actual en la que cualquiera, por cualquier raz\u00f3n, puede tener sus 15 minutos de fama aun sin desearlo.<\/p>\n<p style=\"text-align: justify;\">Temas: Privacidad, sociedad actual, medios de comunicaci\u00f3n.<\/p>\n<p><iframe loading=\"lazy\" title=\"Truman Show (1998) - final scene\" width=\"1200\" height=\"675\" src=\"https:\/\/www.youtube.com\/embed\/m0jIwJt9QwA?feature=oembed\" frameborder=\"0\" allow=\"accelerometer; autoplay; clipboard-write; encrypted-media; gyroscope; picture-in-picture; web-share\" referrerpolicy=\"strict-origin-when-cross-origin\" allowfullscreen><\/iframe><\/p>\n<h5><strong>7. En busca del destino (Good Will Hunting). Gus Van Sant- USA 1997.<\/strong><\/h5>\n<p style=\"text-align: justify;\">Will Hunting es un chico de escasos recursos econ\u00f3micos pero sobradas capacidades intelectuales. Es conflictivo y solo conf\u00eda en sus amigos m\u00e1s cercanos. Su relaci\u00f3n con un psic\u00f3logo que intenta orientarlo en la vida y un profesor que quiere promover sus habilidades, le presentan dos caminos muy diferentes pero dirigidos al mismo prop\u00f3sito: ser una mejor persona. Esta historia presenta grandes oportunidades para abordar el tema del proyecto de vida en los adolescentes y el aprovechamiento de las posibilidades mediante la toma de las mejores decisiones.<\/p>\n<p style=\"text-align: justify;\">Temas: Aprovechamiento de potencial intelectual, amistad, comunicaci\u00f3n, toma de decisiones.<\/p>\n<p><iframe loading=\"lazy\" src=\"https:\/\/www.youtube.com\/embed\/0vCaRgK_I3I\" width=\"100%\" height=\"400\" frameborder=\"0\" allowfullscreen=\"allowfullscreen\"><span data-mce-type=\"bookmark\" style=\"display: inline-block; width: 0px; overflow: hidden; line-height: 0;\" class=\"mce_SELRES_start\">\ufeff<\/span><\/iframe><\/p>\n<h5><strong>8. El d\u00eda de la marmota (Groundhog day). Harold Ramis- USA 1993.<\/strong><\/h5>\n<p style=\"text-align: justify;\">Hay d\u00edas en la vida de cada uno que quisi\u00e9ramos que se repitieran sin cesar. Al protagonista de esta pel\u00edcula le ocurre que debe vivir una y otra vez uno de los d\u00edas m\u00e1s aburridos de su vida. No obstante, al hacerlo, poco a poco explora posibilidades que le permiten mejorar su d\u00eda y mejorarse a s\u00ed mismo. El d\u00eda de la marmota es una met\u00e1fora de la posibilidad que tenemos de hacer de nuestra vida algo fant\u00e1stico o desastroso.<\/p>\n<p style=\"text-align: justify;\">Temas: Maduraci\u00f3n, toma de decisiones, actitud frente a la vida.<\/p>\n<p><iframe loading=\"lazy\" src=\"https:\/\/www.youtube.com\/embed\/Qv-DqxJATXA\" width=\"100%\" height=\"400\" frameborder=\"0\" allowfullscreen=\"allowfullscreen\"><span data-mce-type=\"bookmark\" style=\"display: inline-block; width: 0px; overflow: hidden; line-height: 0;\" class=\"mce_SELRES_start\">\ufeff<\/span><\/iframe><\/p>\n<h5><strong>9. Con honores (with honors). Alek Keshishian- USA 1994.<\/strong><\/h5>\n<p style=\"text-align: justify;\">Para el protagonista la vida consist\u00eda en obtener un reconocimiento de excelencia para su tesis de grado. Cuando conoce a un mendigo que lo chantajea, empieza a comprender que la academia no es el fin si no el medio para comprender la realidad y que la misma es compleja y no se agota en los libros. A partir de all\u00ed se desarrolla una historia de respeto y tolerancia de un personaje que termina aprendiendo de quien menos imaginaba.<\/p>\n<p style=\"text-align: justify;\">Temas: Respeto, solidaridad, compasi\u00f3n, aprendizaje.<\/p>\n<p><iframe loading=\"lazy\" src=\"https:\/\/www.youtube.com\/embed\/GmecTdRomuk\" width=\"100%\" height=\"400\" frameborder=\"0\" allowfullscreen=\"allowfullscreen\"><span data-mce-type=\"bookmark\" style=\"display: inline-block; width: 0px; overflow: hidden; line-height: 0;\" class=\"mce_SELRES_start\">\ufeff<\/span><\/iframe><\/p>\n<h5><strong>10. En busca de la felicidad. Gabriel Muccino- USA 2006.<\/strong><\/h5>\n<p style=\"text-align: justify;\">Este melodrama basado en la historia real de Chris Gardner parte de una trama inspiradora y aleccionadora de alguien que con perseverancia alcanza una meta casi imposible a pesar de tener todo en su contra.\u00a0 La pel\u00edcula puede ser un buen punto de partida para hablar de motivaci\u00f3n, deseos de superaci\u00f3n y del valor de la familia como punto de apoyo en las peores circunstancias.<\/p>\n<p style=\"text-align: justify;\">Temas: Unidad familiar, perseverancia, aprendizaje, tenacidad.<\/p>\n<p><iframe loading=\"lazy\" src=\"https:\/\/www.youtube.com\/embed\/rxtGMH7OrLc\" width=\"100%\" height=\"400\" frameborder=\"0\" allowfullscreen=\"allowfullscreen\"><span data-mce-type=\"bookmark\" style=\"display: inline-block; width: 0px; overflow: hidden; line-height: 0;\" class=\"mce_SELRES_start\">\ufeff<\/span><\/iframe><\/p>\n<h5><strong>11. Big Hero &#8211; USA 2014.<\/strong><\/h5>\n<p style=\"text-align: justify;\">Cuando un giro inesperado de eventos los sumerge en el medio de un peligroso plan, un ni\u00f1o prodigio, su robot y sus amigos se convierten en h\u00e9roes de alta tecnolog\u00eda en una misi\u00f3n para salvar su ciudad.<\/p>\n<p style=\"text-align: justify;\">Temas: Unidad familiar, p\u00e9rdida familiar, perseverancia, aprendizaje, tenacidad.<\/p>\n<p><iframe loading=\"lazy\" src=\"https:\/\/www.youtube.com\/embed\/pTx98Cr-mwE\" width=\"100%\" height=\"400\" frameborder=\"0\" allowfullscreen=\"allowfullscreen\"><span data-mce-type=\"bookmark\" style=\"display: inline-block; width: 0px; overflow: hidden; line-height: 0;\" class=\"mce_SELRES_start\">\ufeff<\/span><\/iframe><\/p>\n<h5><strong>12. Amigos Intocables<\/strong><\/h5>\n<p style=\"text-align: justify;\"><strong>Amigos intocables<\/strong>\u00a0es una comedia centrada en la inesperada amistad que surge entre dos personas con nada en com\u00fan y maneras muy diferentes de entender la vida: un millonario que se ha quedado tetrapl\u00e9jico debido a un accidente y el hombre que contrata para que lo cuide, un inmigrante proveniente de los suburbios de Par\u00eds que acaba de salir de la c\u00e1rcel.<\/p>\n<p><iframe loading=\"lazy\" title=\"YouTube video player\" src=\"https:\/\/www.youtube.com\/embed\/X4j7TsOyaJs\" width=\"100%\" height=\"400\" frameborder=\"0\" allowfullscreen=\"allowfullscreen\"><\/iframe><\/p>\n<h2>100 pel\u00edculas para trabajar en clase<\/h2>\n<p style=\"text-align: justify;\">Lista de 100 pel\u00edculas que pueden trabajarse para el tema de valores en colegios y universidades. Adem\u00e1s del t\u00edtulo con el que se conoci\u00f3 en Colombia, incluyo el t\u00edtulo original y la clasificaci\u00f3n <strong>(Todos (T), mayores de 13 a\u00f1os (PG-13) o solo para adultos (R)).<\/strong><\/p>\n<p><img loading=\"lazy\" decoding=\"async\" class=\"alignnone size-full wp-image-56594\" src=\"https:\/\/webdelmaestrocmf.com\/portal\/wp-content\/uploads\/2020\/04\/2-23.jpg\" alt=\"\" width=\"1100\" height=\"574\" srcset=\"https:\/\/webdelmaestrocmf.com\/portal\/wp-content\/uploads\/2020\/04\/2-23.jpg 1100w, https:\/\/webdelmaestrocmf.com\/portal\/wp-content\/uploads\/2020\/04\/2-23-300x157.jpg 300w, https:\/\/webdelmaestrocmf.com\/portal\/wp-content\/uploads\/2020\/04\/2-23-1024x534.jpg 1024w, https:\/\/webdelmaestrocmf.com\/portal\/wp-content\/uploads\/2020\/04\/2-23-768x401.jpg 768w, https:\/\/webdelmaestrocmf.com\/portal\/wp-content\/uploads\/2020\/04\/2-23-110x57.jpg 110w, https:\/\/webdelmaestrocmf.com\/portal\/wp-content\/uploads\/2020\/04\/2-23-200x104.jpg 200w, https:\/\/webdelmaestrocmf.com\/portal\/wp-content\/uploads\/2020\/04\/2-23-380x198.jpg 380w, https:\/\/webdelmaestrocmf.com\/portal\/wp-content\/uploads\/2020\/04\/2-23-255x133.jpg 255w, https:\/\/webdelmaestrocmf.com\/portal\/wp-content\/uploads\/2020\/04\/2-23-550x287.jpg 550w, https:\/\/webdelmaestrocmf.com\/portal\/wp-content\/uploads\/2020\/04\/2-23-800x417.jpg 800w, https:\/\/webdelmaestrocmf.com\/portal\/wp-content\/uploads\/2020\/04\/2-23-220x115.jpg 220w, https:\/\/webdelmaestrocmf.com\/portal\/wp-content\/uploads\/2020\/04\/2-23-400x209.jpg 400w, https:\/\/webdelmaestrocmf.com\/portal\/wp-content\/uploads\/2020\/04\/2-23-760x397.jpg 760w, https:\/\/webdelmaestrocmf.com\/portal\/wp-content\/uploads\/2020\/04\/2-23-510x266.jpg 510w, https:\/\/webdelmaestrocmf.com\/portal\/wp-content\/uploads\/2020\/04\/2-23-600x313.jpg 600w\" sizes=\"auto, (max-width: 1100px) 100vw, 1100px\" \/><\/p>\n<table width=\"100%\">\n<tbody>\n<tr>\n<td style=\"text-align: left;\" width=\"184\"><strong>T\u00edtulo en espa\u00f1ol<\/strong><\/td>\n<td style=\"text-align: left;\" width=\"184\"><strong>T\u00edtulo original<\/strong><\/td>\n<td style=\"text-align: left;\" width=\"134\"><strong>Pa\u00eds<\/strong><\/td>\n<td style=\"text-align: left;\" width=\"66\"><strong>Clas.<\/strong><\/td>\n<\/tr>\n<tr>\n<td>Un pasado imborrable<\/td>\n<td>A railway man<\/td>\n<td>Australia<\/td>\n<td>R<\/td>\n<\/tr>\n<tr>\n<td>La ola<\/td>\n<td>Die Welle<\/td>\n<td>Alemania<\/td>\n<td>PG-13<\/td>\n<\/tr>\n<tr>\n<td>Rojo como el cielo<\/td>\n<td>Rosso come il cielo<\/td>\n<td>Italia<\/td>\n<td>T<\/td>\n<\/tr>\n<tr>\n<td>Peque\u00f1a Miss Sunshine<\/td>\n<td>Little miss sunshine<\/td>\n<td>USA<\/td>\n<td>R<\/td>\n<\/tr>\n<tr>\n<td>El experimento<\/td>\n<td>Das experiment<\/td>\n<td>Alemania<\/td>\n<td>R<\/td>\n<\/tr>\n<tr>\n<td>Los ni\u00f1os del cielo<\/td>\n<td>Bacheha-Ye aseman<\/td>\n<td>Ir\u00e1n<\/td>\n<td>PG<\/td>\n<\/tr>\n<tr>\n<td>Car\u00e1cter<\/td>\n<td>Karakter<\/td>\n<td>Pa\u00edses Bajos<\/td>\n<td>R<\/td>\n<\/tr>\n<tr>\n<td>Todo o nada<\/td>\n<td>Full monty<\/td>\n<td>UK<\/td>\n<td>PG-13<\/td>\n<\/tr>\n<tr>\n<td>Cadena perpetua<\/td>\n<td>The shawshank redemption<\/td>\n<td>USA<\/td>\n<td>PG-13<\/td>\n<\/tr>\n<tr>\n<td>Cinema paradiso<\/td>\n<td>Nuovo Cinema Paradiso<\/td>\n<td>Italia<\/td>\n<td>T<\/td>\n<\/tr>\n<tr>\n<td>Intensa-mente<\/td>\n<td>Inside-out<\/td>\n<td>USA<\/td>\n<td>T<\/td>\n<\/tr>\n<tr>\n<td>Gente de bien<\/td>\n<td>Gente de bien<\/td>\n<td>Colombia<\/td>\n<td>T<\/td>\n<\/tr>\n<tr>\n<td>Toy story 3<\/td>\n<td>Toy story 3<\/td>\n<td>USA<\/td>\n<td>T<\/td>\n<\/tr>\n<tr>\n<td>Los colores de la monta\u00f1a<\/td>\n<td>Los colores de la monta\u00f1a<\/td>\n<td>Colombia<\/td>\n<td>T<\/td>\n<\/tr>\n<tr>\n<td>Up<\/td>\n<td>Up<\/td>\n<td>USA<\/td>\n<td>T<\/td>\n<\/tr>\n<tr>\n<td>Los falsificadores<\/td>\n<td>Die F\u00e4lscher<\/td>\n<td>Alemania<\/td>\n<td>PG-13<\/td>\n<\/tr>\n<tr>\n<td>Estrellas del cielo en la tierra<\/td>\n<td>Taare Zameen Par<\/td>\n<td>India<\/td>\n<td>T<\/td>\n<\/tr>\n<tr>\n<td>Machuca<\/td>\n<td>Machuca<\/td>\n<td>Chile<\/td>\n<td>T<\/td>\n<\/tr>\n<tr>\n<td>Amelie<\/td>\n<td>Amelie<\/td>\n<td>Francia<\/td>\n<td>T<\/td>\n<\/tr>\n<tr>\n<td>Shrek<\/td>\n<td>Shrek<\/td>\n<td>Shrek<\/td>\n<td>T<\/td>\n<\/tr>\n<tr>\n<td>Una historia sencilla<\/td>\n<td>A straight story<\/td>\n<td>USA<\/td>\n<td>T<\/td>\n<\/tr>\n<tr>\n<td>Camino a casa<\/td>\n<td>Wo de fu qin mu qin<\/td>\n<td>China<\/td>\n<td>T<\/td>\n<\/tr>\n<tr>\n<td>Historia americana X<\/td>\n<td>American Story X<\/td>\n<td>USA<\/td>\n<td>R<\/td>\n<\/tr>\n<tr>\n<td>Pena de muerte<\/td>\n<td>Dead man walking<\/td>\n<td>USA<\/td>\n<td>PG-13<\/td>\n<\/tr>\n<tr>\n<td>La estrategia del caracol<\/td>\n<td>La estrategia del caracol<\/td>\n<td>Colombia<\/td>\n<td>T<\/td>\n<\/tr>\n<tr>\n<td>De ratones y hombres<\/td>\n<td>Of mice and men<\/td>\n<td>USA<\/td>\n<td>PG-13<\/td>\n<\/tr>\n<tr>\n<td width=\"184\">La sociedad de los poetas muertos<\/td>\n<td width=\"184\">Dead poets society<\/td>\n<td width=\"134\">USA<\/td>\n<td>T<\/td>\n<\/tr>\n<tr>\n<td>Cuenta conmigo<\/td>\n<td>Stand by me<\/td>\n<td>USA<\/td>\n<td>T<\/td>\n<\/tr>\n<tr>\n<td>Kramer vs Kramer<\/td>\n<td>Kramer vs Kramer<\/td>\n<td>USA<\/td>\n<td>T<\/td>\n<\/tr>\n<tr>\n<td>Los cuatrocientos golpes<\/td>\n<td>Les quatre cent coups<\/td>\n<td>Francia<\/td>\n<td>T<\/td>\n<\/tr>\n<tr>\n<td>Ladr\u00f3n de bicicletas<\/td>\n<td>Ladri di biciclette<\/td>\n<td>Italia<\/td>\n<td>T<\/td>\n<\/tr>\n<tr>\n<td>Tiempos modernos<\/td>\n<td>Modern Times<\/td>\n<td>USA<\/td>\n<td>T<\/td>\n<\/tr>\n<tr>\n<td>La familia Belier<\/td>\n<td>La famille Belier<\/td>\n<td>Francia<\/td>\n<td>T<\/td>\n<\/tr>\n<tr>\n<td>12 a\u00f1os de esclavitud<\/td>\n<td>12 years of slave<\/td>\n<td>USA<\/td>\n<td>R<\/td>\n<\/tr>\n<tr>\n<td>12 hombres en pugna<\/td>\n<td>12 angry men<\/td>\n<td>USA<\/td>\n<td>PG-13<\/td>\n<\/tr>\n<tr>\n<td>Agosto<\/td>\n<td>August osage county<\/td>\n<td>USA<\/td>\n<td>R<\/td>\n<\/tr>\n<tr>\n<td>Cuesti\u00f3n de tiempo<\/td>\n<td>About time<\/td>\n<td>UK<\/td>\n<td>R<\/td>\n<\/tr>\n<tr>\n<td>Nebraska<\/td>\n<td>Nebraska<\/td>\n<td>USA<\/td>\n<td>R<\/td>\n<\/tr>\n<tr>\n<td>Her<\/td>\n<td>Her<\/td>\n<td>USA<\/td>\n<td>R<\/td>\n<\/tr>\n<tr>\n<td>El nombre<\/td>\n<td>Le prenom<\/td>\n<td>Francia<\/td>\n<td>PG-13<\/td>\n<\/tr>\n<tr>\n<td>The truman show<\/td>\n<td>The truman show<\/td>\n<td>USA<\/td>\n<td>T<\/td>\n<\/tr>\n<tr>\n<td>Lo imposible<\/td>\n<td>Lo imposible<\/td>\n<td>Espa\u00f1a<\/td>\n<td>PG-13<\/td>\n<\/tr>\n<tr>\n<td>Un cuento chino<\/td>\n<td>Un cuento chino<\/td>\n<td>Argentina<\/td>\n<td>PG-13<\/td>\n<\/tr>\n<tr>\n<td>Filadelfia<\/td>\n<td>Philadelphia<\/td>\n<td>USA<\/td>\n<td>PG-13<\/td>\n<\/tr>\n<tr>\n<td>Invictus<\/td>\n<td>Invictus<\/td>\n<td>USA<\/td>\n<td>PG-13<\/td>\n<\/tr>\n<tr>\n<td>Kung fu panda<\/td>\n<td>Kung fu Panda<\/td>\n<td>USA<\/td>\n<td>T<\/td>\n<\/tr>\n<tr>\n<td>Wall-E<\/td>\n<td>Wall-E<\/td>\n<td>USA<\/td>\n<td>T<\/td>\n<\/tr>\n<tr>\n<td>En busca de la felicidad<\/td>\n<td>The pursuit of happiness<\/td>\n<td>USA<\/td>\n<td>T<\/td>\n<\/tr>\n<tr>\n<td>Cars<\/td>\n<td>Cars<\/td>\n<td>USA<\/td>\n<td>T<\/td>\n<\/tr>\n<tr>\n<td>Dos hijos de Francisco<\/td>\n<td>Dos filhos de Francisco<\/td>\n<td>Brasil<\/td>\n<td>T<\/td>\n<\/tr>\n<tr>\n<td>El efecto mariposa<\/td>\n<td>The butterfly effect<\/td>\n<td>USA<\/td>\n<td>R<\/td>\n<\/tr>\n<tr>\n<td>Buscando a Nemo<\/td>\n<td>Finding Nemo<\/td>\n<td>USA<\/td>\n<td>T<\/td>\n<\/tr>\n<tr>\n<td>Big fish<\/td>\n<td>Big fish<\/td>\n<td>USA<\/td>\n<td>T<\/td>\n<\/tr>\n<tr>\n<td>El hijo de la novia<\/td>\n<td>El hijo de la novia<\/td>\n<td>USA<\/td>\n<td>T<\/td>\n<\/tr>\n<tr>\n<td>Billy Elliot<\/td>\n<td>Billy Elliot<\/td>\n<td>USA<\/td>\n<td>T<\/td>\n<\/tr>\n<tr>\n<td>La ducha<\/td>\n<td>Xizao<\/td>\n<td>China<\/td>\n<td>T<\/td>\n<\/tr>\n<tr>\n<td>Hormiguitaz<\/td>\n<td>Antz<\/td>\n<td>USA<\/td>\n<td>T<\/td>\n<\/tr>\n<tr>\n<td>Martin Hache<\/td>\n<td>Martin Hache<\/td>\n<td>Argentina<\/td>\n<td>PG-13<\/td>\n<\/tr>\n<tr>\n<td>En busca del destino<\/td>\n<td>Good will hunting<\/td>\n<td>USA<\/td>\n<td>T<\/td>\n<\/tr>\n<tr>\n<td>La vida es bella<\/td>\n<td>La vita e bella<\/td>\n<td>Italia<\/td>\n<td>T<\/td>\n<\/tr>\n<tr>\n<td>El abogado del diablo<\/td>\n<td>The Devil\u2019s advocate<\/td>\n<td>USA<\/td>\n<td>R<\/td>\n<\/tr>\n<tr>\n<td>El cuarto poder<\/td>\n<td>Mad city<\/td>\n<td>USA<\/td>\n<td>PG-13<\/td>\n<\/tr>\n<tr>\n<td>Gattaca<\/td>\n<td>Gattaca<\/td>\n<td>USA<\/td>\n<td>PG-13<\/td>\n<\/tr>\n<tr>\n<td>Maestro de ilusiones<\/td>\n<td>Mr Holland\u2019s Opus<\/td>\n<td>USA<\/td>\n<td>T<\/td>\n<\/tr>\n<tr>\n<td>Toy story<\/td>\n<td>Toy story<\/td>\n<td>USA<\/td>\n<td>T<\/td>\n<\/tr>\n<tr>\n<td>El rey le\u00f3n<\/td>\n<td>The lion king<\/td>\n<td>USA<\/td>\n<td>T<\/td>\n<\/tr>\n<tr>\n<td>Con honores<\/td>\n<td>With honors<\/td>\n<td>USA<\/td>\n<td>T<\/td>\n<\/tr>\n<tr>\n<td>Hechizo del tiempo<\/td>\n<td>Groundhog day<\/td>\n<td>USA<\/td>\n<td>T<\/td>\n<\/tr>\n<tr>\n<td>La lista de Schindler<\/td>\n<td>Schindler\u2019s list<\/td>\n<td>USA<\/td>\n<td>PG-13<\/td>\n<\/tr>\n<tr>\n<td>Rain man<\/td>\n<td>Rain man<\/td>\n<td>USA<\/td>\n<td>T<\/td>\n<\/tr>\n<tr>\n<td>La misi\u00f3n<\/td>\n<td>The mission<\/td>\n<td>USA<\/td>\n<td>T<\/td>\n<\/tr>\n<tr>\n<td>Fahrenheit 451<\/td>\n<td>Fahrenheit 451<\/td>\n<td>Francia<\/td>\n<td>T<\/td>\n<\/tr>\n<tr>\n<td>El se\u00f1or de las moscas<\/td>\n<td>The lord of the flies<\/td>\n<td>USA<\/td>\n<td>T<\/td>\n<\/tr>\n<tr>\n<td>La teor\u00eda del todo<\/td>\n<td>Theory of everything<\/td>\n<td>USA<\/td>\n<td>T<\/td>\n<\/tr>\n<tr>\n<td>Ralph el demoledor<\/td>\n<td>Wreck it Ralph<\/td>\n<td>USA<\/td>\n<td>T<\/td>\n<\/tr>\n<tr>\n<td>Tierra de osos<\/td>\n<td>Brother bear<\/td>\n<td>USA<\/td>\n<td>T<\/td>\n<\/tr>\n<tr>\n<td>Monsters Inc<\/td>\n<td>Monsters Inc<\/td>\n<td>USA<\/td>\n<td>T<\/td>\n<\/tr>\n<tr>\n<td>Bichos<\/td>\n<td>A bug\u2019s life<\/td>\n<td>USA<\/td>\n<td>T<\/td>\n<\/tr>\n<tr>\n<td>Patch Adams<\/td>\n<td>Patch Adams<\/td>\n<td>USA<\/td>\n<td>T<\/td>\n<\/tr>\n<tr>\n<td>M\u00e1s all\u00e1 de los sue\u00f1os<\/td>\n<td>What dreams may come<\/td>\n<td>USA<\/td>\n<td>PG-13<\/td>\n<\/tr>\n<tr>\n<td>Pap\u00e1 por siempre<\/td>\n<td>Mrs. Doubtfire<\/td>\n<td>USA<\/td>\n<td>T<\/td>\n<\/tr>\n<tr>\n<td>Mi villano favorito<\/td>\n<td>Despicable me<\/td>\n<td>USA<\/td>\n<td>T<\/td>\n<\/tr>\n<tr>\n<td>En tierra de nadie<\/td>\n<td>No man\u2019s land<\/td>\n<td>Bosnia-Herzegovina<\/td>\n<td>PG-13<\/td>\n<\/tr>\n<tr>\n<td>Tres idiotas<\/td>\n<td>3 idiots<\/td>\n<td>India<\/td>\n<td>T<\/td>\n<\/tr>\n<tr>\n<td>Ratatouille<\/td>\n<td>Ratatouille<\/td>\n<td>USA<\/td>\n<td>T<\/td>\n<\/tr>\n<tr>\n<td>Ni uno menos<\/td>\n<td>Yi ge dou bu neng shao<\/td>\n<td>China<\/td>\n<td>T<\/td>\n<\/tr>\n<tr>\n<td>M\u00e1s all\u00e1 del cielo<\/td>\n<td>Charlie st cloud<\/td>\n<td>USA<\/td>\n<td>T<\/td>\n<\/tr>\n<tr>\n<td>Si decido quedarme<\/td>\n<td>If I stay<\/td>\n<td>USA<\/td>\n<td>T<\/td>\n<\/tr>\n<tr>\n<td>Un sue\u00f1o posible<\/td>\n<td>The blind side<\/td>\n<td>USA<\/td>\n<td>T<\/td>\n<\/tr>\n<tr>\n<td>Gran Torino<\/td>\n<td>Gran Torino<\/td>\n<td>USA<\/td>\n<td>PG-13<\/td>\n<\/tr>\n<tr>\n<td>Amigos (Intocable)<\/td>\n<td>Intouchables<\/td>\n<td>Francia<\/td>\n<td>T<\/td>\n<\/tr>\n<tr>\n<td>Los fantasmas de Scrooge<\/td>\n<td>Disney\u2019s A Christmas Carol<\/td>\n<td>USA<\/td>\n<td>T<\/td>\n<\/tr>\n<tr>\n<td>Hachiko<\/td>\n<td>Hachiko<\/td>\n<td>USA<\/td>\n<td>T<\/td>\n<\/tr>\n<tr>\n<td>La lengua de las mariposas<\/td>\n<td>La lengua de las mariposas<\/td>\n<td>Espa\u00f1a<\/td>\n<td>T<\/td>\n<\/tr>\n<tr>\n<td>Fresa y chocolate<\/td>\n<td>Fresa y chocolate<\/td>\n<td>Cuba<\/td>\n<td>T<\/td>\n<\/tr>\n<tr>\n<td>La jaula de oro<\/td>\n<td>La jaula de oro<\/td>\n<td>M\u00e9xico<\/td>\n<td>PG-13<\/td>\n<\/tr>\n<tr>\n<td>Rocky<\/td>\n<td>Rocky<\/td>\n<td>USA<\/td>\n<td>T<\/td>\n<\/tr>\n<tr>\n<td>El hijo de Sa\u00fal<\/td>\n<td>Saul fila<\/td>\n<td>Hungr\u00eda<\/td>\n<td>R<\/td>\n<\/tr>\n<tr>\n<td>El abrazo de la serpiente<\/td>\n<td>El abrazo de la serpiente<\/td>\n<td>Colombia<\/td>\n<td>T<\/td>\n<\/tr>\n<\/tbody>\n<\/table>\n<p>Esperamos que la siguiente selecci\u00f3n de pel\u00edculas educativas sean de utilidad para la comunidad docente.<\/p>\n<p class=\"p1\" style=\"text-align: justify;\"><b>Este contenido ha sido publicado originalmente por\u00a0<strong><a href=\"http:\/\/eltiempo.com\" target=\"_blank\" rel=\"noopener noreferrer\">El Tiempo<\/a> (Colombia) \/\u00a0Jeronimo Rivera<\/strong><\/b><\/p>\n<p style=\"text-align: center;\">Recomendamos a la Comunidad Educativa Digital tener en cuenta que, el enlace y\/o la carpeta en donde est\u00e1n alojados los libros, recursos y\/o materiales, no es administrado por la Web del Maestro CMF, pueda ser que en cuesti\u00f3n de d\u00edas (o seg\u00fan el tiempo transcurrido desde su publicaci\u00f3n), los enlaces no funcionen y el material ya no se encuentre disponible. Gracias por su comprensi\u00f3n.<\/p>\n<p style=\"text-align: center;\"><strong>ENLACE DE LECTURA:\u00a0<\/strong><a href=\"https:\/\/mega.nz\/#F!GvoECSxb!Pdvtq6ubROT0s4ko2CCWfw\" target=\"_blank\" rel=\"noopener noreferrer\">LISTA DE PEL\u00cdCULAS PARA DESCARGAR<\/a><\/p>\n\t\t<div class=\"pk-inline-posts\">\n\t\t\t\n\t\t\t<div class=\"pk-inline-posts-container pk-inline-posts-template-list\"\n\t\t\t\tdata-columns=\"1\">\n\t\t\t\t\t\t<article id=\"post-66850\" class=\"post-66850 post type-post status-publish format-standard has-post-thumbnail category-peliculas category-pedagogia tag-aqui-estamos tag-escuchar tag-hermosa tag-invita tag-pelicula tag-planeta tag-tierra cs-entry cs-video-wrap\">\n\t\t\t<div class=\"pk-post-outer\">\n\n\t\t\t\t\t\t\t\t<div class=\"pk-post-inner\">\n\t\t\t\t\t<div class=\"entry-thumbnail\">\n\t\t\t\t\t\t<div class=\"pk-overlay pk-overlay-ratio pk-ratio-landscape\">\n\t\t\t\t\t\t\t<div class=\"pk-overlay-background\">\n\t\t\t\t\t\t\t\t<a href=\"https:\/\/webdelmaestrocmf.com\/portal\/aqui-estamos-una-hermosa-pelicula-que-nos-invita-a-escuchar-al-planeta-tierra\/\" class=\"pk-overlay-link\">\n\t\t\t\t\t\t\t\t\t<img loading=\"lazy\" decoding=\"async\" width=\"300\" height=\"225\" src=\"https:\/\/webdelmaestrocmf.com\/portal\/wp-content\/uploads\/2021\/08\/1a-15-300x225.jpg\" class=\"attachment-pk-thumbnail size-pk-thumbnail wp-post-image\" alt=\"\" srcset=\"https:\/\/webdelmaestrocmf.com\/portal\/wp-content\/uploads\/2021\/08\/1a-15-300x225.jpg 300w, https:\/\/webdelmaestrocmf.com\/portal\/wp-content\/uploads\/2021\/08\/1a-15-600x450.jpg 600w\" sizes=\"auto, (max-width: 300px) 100vw, 300px\" \/>\t\t\t\t\t\t\t\t<\/a>\n\t\t\t\t\t\t\t<\/div>\n\t\t\t\t\t\t<\/div>\n\t\t\t\t\t<\/div>\n\t\t\t\t<\/div>\n\t\t\t\t\n\t\t\t\t<div class=\"pk-post-inner\">\n\t\t\t\t\t<header>\n\t\t\t\t\t\t<h3 class=\"pk-title\"><a href=\"https:\/\/webdelmaestrocmf.com\/portal\/aqui-estamos-una-hermosa-pelicula-que-nos-invita-a-escuchar-al-planeta-tierra\/\" rel=\"bookmark\">\u00abAqu\u00ed estamos\u00bb, una hermosa pel\u00edcula que nos invita a escuchar al planeta Tierra | Descarga las 50 fichas para colorear en el d\u00eda de la tierra<\/a><\/h3>\t\t\t\t\t<\/header><!-- .entry-header -->\n\t\t\t\t<\/div><!-- .post-inner -->\n\n\t\t\t<\/div><!-- .post-outer -->\n\t\t<\/article>\n\t\t\t<article id=\"post-95717\" class=\"post-95717 post type-post status-publish format-video has-post-thumbnail category-charlas tag-aprendamos-juntos tag-aprendemos-juntos-2030 tag-aprender tag-aprendizaje tag-bbva tag-calificacion-por-notas tag-cerebro tag-compresion tag-descanso tag-dislexia tag-dormir tag-entrevista tag-error tag-escritura tag-fonologia tag-lectura tag-lenguaje-oral tag-matematica tag-memoria tag-neurociencia tag-neurona tag-para-sumar-por-la-educacion tag-pensamiento tag-sinapsis tag-stanislas-dehaene tag-sueno tag-tecnologia tag-videos post_format-post-format-video cs-entry cs-video-wrap\">\n\t\t\t<div class=\"pk-post-outer\">\n\n\t\t\t\t\t\t\t\t<div class=\"pk-post-inner\">\n\t\t\t\t\t<div class=\"entry-thumbnail\">\n\t\t\t\t\t\t<div class=\"pk-overlay pk-overlay-ratio pk-ratio-landscape\">\n\t\t\t\t\t\t\t<div class=\"pk-overlay-background\">\n\t\t\t\t\t\t\t\t<a href=\"https:\/\/webdelmaestrocmf.com\/portal\/stanislas-dehaene-el-mayor-talento-de-un-profesor-es-ser-capaz-de-dirigir-la-atencion-del-alumno-hacia-el-nivel-correcto\/\" class=\"pk-overlay-link\">\n\t\t\t\t\t\t\t\t\t<img loading=\"lazy\" decoding=\"async\" width=\"300\" height=\"225\" src=\"https:\/\/webdelmaestrocmf.com\/portal\/wp-content\/uploads\/2024\/02\/1AA-Banner-1-portada-imagen-10-1-copia-300x225.webp\" class=\"attachment-pk-thumbnail size-pk-thumbnail wp-post-image\" alt=\"\" \/>\t\t\t\t\t\t\t\t<\/a>\n\t\t\t\t\t\t\t<\/div>\n\t\t\t\t\t\t<\/div>\n\t\t\t\t\t<\/div>\n\t\t\t\t<\/div>\n\t\t\t\t\n\t\t\t\t<div class=\"pk-post-inner\">\n\t\t\t\t\t<header>\n\t\t\t\t\t\t<h3 class=\"pk-title\"><a href=\"https:\/\/webdelmaestrocmf.com\/portal\/stanislas-dehaene-el-mayor-talento-de-un-profesor-es-ser-capaz-de-dirigir-la-atencion-del-alumno-hacia-el-nivel-correcto\/\" rel=\"bookmark\">Stanislas Dehaene: El mayor talento de un profesor es ser capaz de dirigir la atenci\u00f3n del alumno, hacia el nivel correcto<\/a><\/h3>\t\t\t\t\t<\/header><!-- .entry-header -->\n\t\t\t\t<\/div><!-- .post-inner -->\n\n\t\t\t<\/div><!-- .post-outer -->\n\t\t<\/article>\n\t\t\t<article id=\"post-98898\" class=\"post-98898 post type-post status-publish format-video has-post-thumbnail category-charlas tag-duermen-poco tag-estudiantes tag-estudiantes-que-duermen-poco tag-javier-albares tag-problemas-escolares post_format-post-format-video cs-entry cs-video-wrap\">\n\t\t\t<div class=\"pk-post-outer\">\n\n\t\t\t\t\t\t\t\t<div class=\"pk-post-inner\">\n\t\t\t\t\t<div class=\"entry-thumbnail\">\n\t\t\t\t\t\t<div class=\"pk-overlay pk-overlay-ratio pk-ratio-landscape\">\n\t\t\t\t\t\t\t<div class=\"pk-overlay-background\">\n\t\t\t\t\t\t\t\t<a href=\"https:\/\/webdelmaestrocmf.com\/portal\/javier-albares-los-estudiantes-que-duermen-poco-tienen-muchisimos-mas-problemas-escolares\/\" class=\"pk-overlay-link\">\n\t\t\t\t\t\t\t\t\t<img loading=\"lazy\" decoding=\"async\" width=\"300\" height=\"225\" src=\"https:\/\/webdelmaestrocmf.com\/portal\/wp-content\/uploads\/2023\/10\/A12B3C4D-4-2-300x225.jpg\" class=\"attachment-pk-thumbnail size-pk-thumbnail wp-post-image\" alt=\"Javier Albares\" \/>\t\t\t\t\t\t\t\t<\/a>\n\t\t\t\t\t\t\t<\/div>\n\t\t\t\t\t\t<\/div>\n\t\t\t\t\t<\/div>\n\t\t\t\t<\/div>\n\t\t\t\t\n\t\t\t\t<div class=\"pk-post-inner\">\n\t\t\t\t\t<header>\n\t\t\t\t\t\t<h3 class=\"pk-title\"><a href=\"https:\/\/webdelmaestrocmf.com\/portal\/javier-albares-los-estudiantes-que-duermen-poco-tienen-muchisimos-mas-problemas-escolares\/\" rel=\"bookmark\">Javier Albares: Los estudiantes que duermen poco, tienen much\u00edsimos m\u00e1s problemas escolares<\/a><\/h3>\t\t\t\t\t<\/header><!-- .entry-header -->\n\t\t\t\t<\/div><!-- .post-inner -->\n\n\t\t\t<\/div><!-- .post-outer -->\n\t\t<\/article>\n\t\t\t\t<\/div>\n\t\t<\/div>\n\t\t\n","protected":false},"excerpt":{"rendered":"Cada vez m\u00e1s pedagogos entienden la importancia de incorporar innovadoras t\u00e9cnicas de aprendizaje en el aula. El\u00a0uso de&hellip;","protected":false},"author":1,"featured_media":105499,"comment_status":"open","ping_status":"closed","sticky":false,"template":"","format":"video","meta":{"csco_display_header_overlay":false,"csco_singular_sidebar":"default","csco_page_header_type":"default","csco_page_load_nextpost":"default","csco_post_video_location":[],"csco_post_video_location_hash":"","csco_post_video_url":"","csco_post_video_bg_start_time":0,"csco_post_video_bg_end_time":0,"csco_post_video_bg_volume":false,"_jetpack_memberships_contains_paid_content":false,"footnotes":""},"categories":[644,735,6518],"tags":[4152,692,4153,551,1173],"class_list":{"0":"post-35415","1":"post","2":"type-post","3":"status-publish","4":"format-video","5":"has-post-thumbnail","7":"category-peliculas","8":"category-pedagogia","9":"category-resiliencia","10":"tag-4152","11":"tag-clase","12":"tag-clasificadas","13":"tag-peliculas","14":"tag-trabajar","15":"post_format-post-format-video","16":"cs-entry","17":"cs-video-wrap"},"yoast_head":"<!-- This site is optimized with the Yoast SEO plugin v27.5 - https:\/\/yoast.com\/product\/yoast-seo-wordpress\/ -->\n<title>100 pel\u00edculas clasificadas para trabajar la resiliencia (Colegios y Universidades) - 2026<\/title>\n<meta name=\"description\" content=\"Seg\u00fan un estudio de la\u00a0Universidad Aut\u00f3noma de Barcelona\u00a0(UAB), un\u00a040% de los docentes utiliza pel\u00edculas educativas en clase.\" \/>\n<meta name=\"robots\" content=\"index, follow, max-snippet:-1, max-image-preview:large, max-video-preview:-1\" \/>\n<link rel=\"canonical\" href=\"https:\/\/webdelmaestrocmf.com\/portal\/100-peliculas-clasificadas-para-trabajar-en-clase\/\" \/>\n<meta property=\"og:locale\" content=\"es_ES\" \/>\n<meta property=\"og:type\" content=\"article\" \/>\n<meta property=\"og:title\" content=\"100 pel\u00edculas clasificadas para trabajar la resiliencia (Colegios y Universidades) - 2026\" \/>\n<meta property=\"og:description\" content=\"Seg\u00fan un estudio de la\u00a0Universidad Aut\u00f3noma de Barcelona\u00a0(UAB), un\u00a040% de los docentes utiliza pel\u00edculas educativas en clase.\" \/>\n<meta property=\"og:url\" content=\"https:\/\/webdelmaestrocmf.com\/portal\/100-peliculas-clasificadas-para-trabajar-en-clase\/\" \/>\n<meta property=\"og:site_name\" content=\"Web del Maestro CMF\" \/>\n<meta property=\"article:publisher\" content=\"https:\/\/www.facebook.com\/WebdelMaestroCMF\/\" \/>\n<meta property=\"article:author\" content=\"https:\/\/www.facebook.com\/WebdelMaestroCMF\/\" \/>\n<meta property=\"article:published_time\" content=\"2024-05-17T22:00:45+00:00\" \/>\n<meta property=\"article:modified_time\" content=\"2024-05-17T23:21:05+00:00\" \/>\n<meta property=\"og:image\" content=\"https:\/\/webdelmaestrocmf.com\/portal\/wp-content\/uploads\/2020\/04\/Banner-1-portada-imagen-10-1-2024-05-17T181849.141.jpg\" \/>\n\t<meta property=\"og:image:width\" content=\"1024\" \/>\n\t<meta property=\"og:image:height\" content=\"1024\" \/>\n\t<meta property=\"og:image:type\" content=\"image\/jpeg\" \/>\n<meta name=\"author\" content=\"Web del Maestro CMF\" \/>\n<meta name=\"twitter:card\" content=\"summary_large_image\" \/>\n<meta name=\"twitter:creator\" content=\"@cmf_w\" \/>\n<meta name=\"twitter:site\" content=\"@cmf_w\" \/>\n<script type=\"application\/ld+json\" class=\"yoast-schema-graph\">{\"@context\":\"https:\\\/\\\/schema.org\",\"@graph\":[{\"@type\":\"ScholarlyArticle\",\"@id\":\"https:\\\/\\\/webdelmaestrocmf.com\\\/portal\\\/100-peliculas-clasificadas-para-trabajar-en-clase\\\/#article\",\"isPartOf\":{\"@id\":\"https:\\\/\\\/webdelmaestrocmf.com\\\/portal\\\/100-peliculas-clasificadas-para-trabajar-en-clase\\\/\"},\"author\":{\"name\":\"Web del Maestro CMF\",\"@id\":\"https:\\\/\\\/webdelmaestrocmf.com\\\/portal\\\/#\\\/schema\\\/person\\\/1072a2ed7bd960df8ef99a551fa35dc5\"},\"headline\":\"100 pel\u00edculas clasificadas para trabajar la resiliencia (Colegios y Universidades)\",\"datePublished\":\"2024-05-17T22:00:45+00:00\",\"dateModified\":\"2024-05-17T23:21:05+00:00\",\"mainEntityOfPage\":{\"@id\":\"https:\\\/\\\/webdelmaestrocmf.com\\\/portal\\\/100-peliculas-clasificadas-para-trabajar-en-clase\\\/\"},\"wordCount\":2302,\"commentCount\":1,\"publisher\":{\"@id\":\"https:\\\/\\\/webdelmaestrocmf.com\\\/portal\\\/#organization\"},\"image\":{\"@id\":\"https:\\\/\\\/webdelmaestrocmf.com\\\/portal\\\/100-peliculas-clasificadas-para-trabajar-en-clase\\\/#primaryimage\"},\"thumbnailUrl\":\"https:\\\/\\\/webdelmaestrocmf.com\\\/portal\\\/wp-content\\\/uploads\\\/2020\\\/04\\\/Banner-1-portada-imagen-10-1-2024-05-17T181849.141.jpg\",\"keywords\":[\"100\",\"CLASE\",\"CLASIFICADAS\",\"PEL\u00cdCULAS\",\"TRABAJAR\"],\"articleSection\":[\"Pel\u00edculas\",\"Recursos\",\"resiliencia\"],\"inLanguage\":\"es\",\"potentialAction\":[{\"@type\":\"CommentAction\",\"name\":\"Comment\",\"target\":[\"https:\\\/\\\/webdelmaestrocmf.com\\\/portal\\\/100-peliculas-clasificadas-para-trabajar-en-clase\\\/#respond\"]}]},{\"@type\":\"WebPage\",\"@id\":\"https:\\\/\\\/webdelmaestrocmf.com\\\/portal\\\/100-peliculas-clasificadas-para-trabajar-en-clase\\\/\",\"url\":\"https:\\\/\\\/webdelmaestrocmf.com\\\/portal\\\/100-peliculas-clasificadas-para-trabajar-en-clase\\\/\",\"name\":\"100 pel\u00edculas clasificadas para trabajar la resiliencia (Colegios y Universidades) - 2026\",\"isPartOf\":{\"@id\":\"https:\\\/\\\/webdelmaestrocmf.com\\\/portal\\\/#website\"},\"primaryImageOfPage\":{\"@id\":\"https:\\\/\\\/webdelmaestrocmf.com\\\/portal\\\/100-peliculas-clasificadas-para-trabajar-en-clase\\\/#primaryimage\"},\"image\":{\"@id\":\"https:\\\/\\\/webdelmaestrocmf.com\\\/portal\\\/100-peliculas-clasificadas-para-trabajar-en-clase\\\/#primaryimage\"},\"thumbnailUrl\":\"https:\\\/\\\/webdelmaestrocmf.com\\\/portal\\\/wp-content\\\/uploads\\\/2020\\\/04\\\/Banner-1-portada-imagen-10-1-2024-05-17T181849.141.jpg\",\"datePublished\":\"2024-05-17T22:00:45+00:00\",\"dateModified\":\"2024-05-17T23:21:05+00:00\",\"description\":\"Seg\u00fan un estudio de la\u00a0Universidad Aut\u00f3noma de Barcelona\u00a0(UAB), un\u00a040% de los docentes utiliza pel\u00edculas educativas en clase.\",\"breadcrumb\":{\"@id\":\"https:\\\/\\\/webdelmaestrocmf.com\\\/portal\\\/100-peliculas-clasificadas-para-trabajar-en-clase\\\/#breadcrumb\"},\"inLanguage\":\"es\",\"potentialAction\":[{\"@type\":\"ReadAction\",\"target\":[\"https:\\\/\\\/webdelmaestrocmf.com\\\/portal\\\/100-peliculas-clasificadas-para-trabajar-en-clase\\\/\"]}]},{\"@type\":\"ImageObject\",\"inLanguage\":\"es\",\"@id\":\"https:\\\/\\\/webdelmaestrocmf.com\\\/portal\\\/100-peliculas-clasificadas-para-trabajar-en-clase\\\/#primaryimage\",\"url\":\"https:\\\/\\\/webdelmaestrocmf.com\\\/portal\\\/wp-content\\\/uploads\\\/2020\\\/04\\\/Banner-1-portada-imagen-10-1-2024-05-17T181849.141.jpg\",\"contentUrl\":\"https:\\\/\\\/webdelmaestrocmf.com\\\/portal\\\/wp-content\\\/uploads\\\/2020\\\/04\\\/Banner-1-portada-imagen-10-1-2024-05-17T181849.141.jpg\",\"width\":1024,\"height\":1024},{\"@type\":\"BreadcrumbList\",\"@id\":\"https:\\\/\\\/webdelmaestrocmf.com\\\/portal\\\/100-peliculas-clasificadas-para-trabajar-en-clase\\\/#breadcrumb\",\"itemListElement\":[{\"@type\":\"ListItem\",\"position\":1,\"name\":\"Portada\",\"item\":\"https:\\\/\\\/webdelmaestrocmf.com\\\/portal\\\/\"},{\"@type\":\"ListItem\",\"position\":2,\"name\":\"Recursos\",\"item\":\"https:\\\/\\\/webdelmaestrocmf.com\\\/portal\\\/category\\\/pedagogia\\\/\"},{\"@type\":\"ListItem\",\"position\":3,\"name\":\"100 pel\u00edculas clasificadas para trabajar la resiliencia (Colegios y Universidades)\"}]},{\"@type\":\"WebSite\",\"@id\":\"https:\\\/\\\/webdelmaestrocmf.com\\\/portal\\\/#website\",\"url\":\"https:\\\/\\\/webdelmaestrocmf.com\\\/portal\\\/\",\"name\":\"Web del Maestro CMF\",\"description\":\"Maestros al servicio de la educaci\u00f3n\",\"publisher\":{\"@id\":\"https:\\\/\\\/webdelmaestrocmf.com\\\/portal\\\/#organization\"},\"alternateName\":\"WMCMF\",\"potentialAction\":[{\"@type\":\"SearchAction\",\"target\":{\"@type\":\"EntryPoint\",\"urlTemplate\":\"https:\\\/\\\/webdelmaestrocmf.com\\\/portal\\\/?s={search_term_string}\"},\"query-input\":{\"@type\":\"PropertyValueSpecification\",\"valueRequired\":true,\"valueName\":\"search_term_string\"}}],\"inLanguage\":\"es\"},{\"@type\":\"Organization\",\"@id\":\"https:\\\/\\\/webdelmaestrocmf.com\\\/portal\\\/#organization\",\"name\":\"Web del Maestro CMF\",\"alternateName\":\"WMCMF\",\"url\":\"https:\\\/\\\/webdelmaestrocmf.com\\\/portal\\\/\",\"logo\":{\"@type\":\"ImageObject\",\"inLanguage\":\"es\",\"@id\":\"https:\\\/\\\/webdelmaestrocmf.com\\\/portal\\\/#\\\/schema\\\/logo\\\/image\\\/\",\"url\":\"https:\\\/\\\/webdelmaestrocmf.com\\\/portal\\\/wp-content\\\/uploads\\\/2023\\\/01\\\/logo-wmcmf-2.png\",\"contentUrl\":\"https:\\\/\\\/webdelmaestrocmf.com\\\/portal\\\/wp-content\\\/uploads\\\/2023\\\/01\\\/logo-wmcmf-2.png\",\"width\":200,\"height\":60,\"caption\":\"Web del Maestro CMF\"},\"image\":{\"@id\":\"https:\\\/\\\/webdelmaestrocmf.com\\\/portal\\\/#\\\/schema\\\/logo\\\/image\\\/\"},\"sameAs\":[\"https:\\\/\\\/www.facebook.com\\\/WebdelMaestroCMF\\\/\",\"https:\\\/\\\/x.com\\\/cmf_w\",\"https:\\\/\\\/www.pinterest.com\\\/WMCMF\\\/\",\"https:\\\/\\\/www.linkedin.com\\\/company\\\/web-del-maestro-cmf\\\/\",\"https:\\\/\\\/www.instagram.com\\\/wmcmf\\\/\",\"https:\\\/\\\/www.youtube.com\\\/channel\\\/UCDPSvjbdodE5sHnC3OxutHw\",\"https:\\\/\\\/mastodon.social\\\/@wmcmf\",\"https:\\\/\\\/www.tiktok.com\\\/@webdelmaestrocmf\"]},{\"@type\":\"Person\",\"@id\":\"https:\\\/\\\/webdelmaestrocmf.com\\\/portal\\\/#\\\/schema\\\/person\\\/1072a2ed7bd960df8ef99a551fa35dc5\",\"name\":\"Web del Maestro CMF\",\"image\":{\"@type\":\"ImageObject\",\"inLanguage\":\"es\",\"@id\":\"https:\\\/\\\/secure.gravatar.com\\\/avatar\\\/23291dd5b5ae1077dcff3dbb04c3e02bd28403fa75af6d8787d5e97c5bbbe30b?s=96&d=mm&r=g\",\"url\":\"https:\\\/\\\/secure.gravatar.com\\\/avatar\\\/23291dd5b5ae1077dcff3dbb04c3e02bd28403fa75af6d8787d5e97c5bbbe30b?s=96&d=mm&r=g\",\"contentUrl\":\"https:\\\/\\\/secure.gravatar.com\\\/avatar\\\/23291dd5b5ae1077dcff3dbb04c3e02bd28403fa75af6d8787d5e97c5bbbe30b?s=96&d=mm&r=g\",\"caption\":\"Web del Maestro CMF\"},\"description\":\"Esta Web se cre\u00f3 sin fines de lucro, con fines educativos, cient\u00edficos y acad\u00e9micos, para personas que tengan dificultades y\\\/o inconvenientes en visualizar el material original. El objetivo es entregar recursos, compartir experiencias y materiales que ayuden a los padres de familia, maestros y estudiantes en su actualizaci\u00f3n y formaci\u00f3n permanente, en bien de la Educaci\u00f3n.\",\"sameAs\":[\"http:\\\/\\\/webdelmaestrocmf.com\\\/portal\",\"https:\\\/\\\/www.facebook.com\\\/WebdelMaestroCMF\\\/\",\"https:\\\/\\\/www.instagram.com\\\/wmcmf\\\/\",\"https:\\\/\\\/cl.linkedin.com\\\/company\\\/web-del-maestro-cmf\",\"https:\\\/\\\/www.pinterest.com\\\/WMCMF\\\/publicaciones\\\/\",\"https:\\\/\\\/x.com\\\/cmf_w\",\"https:\\\/\\\/www.youtube.com\\\/@WMCMF\"]}]}<\/script>\n<!-- \/ Yoast SEO plugin. -->","yoast_head_json":{"title":"100 pel\u00edculas clasificadas para trabajar la resiliencia (Colegios y Universidades) - 2026","description":"Seg\u00fan un estudio de la\u00a0Universidad Aut\u00f3noma de Barcelona\u00a0(UAB), un\u00a040% de los docentes utiliza pel\u00edculas educativas en clase.","robots":{"index":"index","follow":"follow","max-snippet":"max-snippet:-1","max-image-preview":"max-image-preview:large","max-video-preview":"max-video-preview:-1"},"canonical":"https:\/\/webdelmaestrocmf.com\/portal\/100-peliculas-clasificadas-para-trabajar-en-clase\/","og_locale":"es_ES","og_type":"article","og_title":"100 pel\u00edculas clasificadas para trabajar la resiliencia (Colegios y Universidades) - 2026","og_description":"Seg\u00fan un estudio de la\u00a0Universidad Aut\u00f3noma de Barcelona\u00a0(UAB), un\u00a040% de los docentes utiliza pel\u00edculas educativas en clase.","og_url":"https:\/\/webdelmaestrocmf.com\/portal\/100-peliculas-clasificadas-para-trabajar-en-clase\/","og_site_name":"Web del Maestro CMF","article_publisher":"https:\/\/www.facebook.com\/WebdelMaestroCMF\/","article_author":"https:\/\/www.facebook.com\/WebdelMaestroCMF\/","article_published_time":"2024-05-17T22:00:45+00:00","article_modified_time":"2024-05-17T23:21:05+00:00","og_image":[{"width":1024,"height":1024,"url":"https:\/\/webdelmaestrocmf.com\/portal\/wp-content\/uploads\/2020\/04\/Banner-1-portada-imagen-10-1-2024-05-17T181849.141.jpg","type":"image\/jpeg"}],"author":"Web del Maestro CMF","twitter_card":"summary_large_image","twitter_creator":"@cmf_w","twitter_site":"@cmf_w","schema":{"@context":"https:\/\/schema.org","@graph":[{"@type":"ScholarlyArticle","@id":"https:\/\/webdelmaestrocmf.com\/portal\/100-peliculas-clasificadas-para-trabajar-en-clase\/#article","isPartOf":{"@id":"https:\/\/webdelmaestrocmf.com\/portal\/100-peliculas-clasificadas-para-trabajar-en-clase\/"},"author":{"name":"Web del Maestro CMF","@id":"https:\/\/webdelmaestrocmf.com\/portal\/#\/schema\/person\/1072a2ed7bd960df8ef99a551fa35dc5"},"headline":"100 pel\u00edculas clasificadas para trabajar la resiliencia (Colegios y Universidades)","datePublished":"2024-05-17T22:00:45+00:00","dateModified":"2024-05-17T23:21:05+00:00","mainEntityOfPage":{"@id":"https:\/\/webdelmaestrocmf.com\/portal\/100-peliculas-clasificadas-para-trabajar-en-clase\/"},"wordCount":2302,"commentCount":1,"publisher":{"@id":"https:\/\/webdelmaestrocmf.com\/portal\/#organization"},"image":{"@id":"https:\/\/webdelmaestrocmf.com\/portal\/100-peliculas-clasificadas-para-trabajar-en-clase\/#primaryimage"},"thumbnailUrl":"https:\/\/webdelmaestrocmf.com\/portal\/wp-content\/uploads\/2020\/04\/Banner-1-portada-imagen-10-1-2024-05-17T181849.141.jpg","keywords":["100","CLASE","CLASIFICADAS","PEL\u00cdCULAS","TRABAJAR"],"articleSection":["Pel\u00edculas","Recursos","resiliencia"],"inLanguage":"es","potentialAction":[{"@type":"CommentAction","name":"Comment","target":["https:\/\/webdelmaestrocmf.com\/portal\/100-peliculas-clasificadas-para-trabajar-en-clase\/#respond"]}]},{"@type":"WebPage","@id":"https:\/\/webdelmaestrocmf.com\/portal\/100-peliculas-clasificadas-para-trabajar-en-clase\/","url":"https:\/\/webdelmaestrocmf.com\/portal\/100-peliculas-clasificadas-para-trabajar-en-clase\/","name":"100 pel\u00edculas clasificadas para trabajar la resiliencia (Colegios y Universidades) - 2026","isPartOf":{"@id":"https:\/\/webdelmaestrocmf.com\/portal\/#website"},"primaryImageOfPage":{"@id":"https:\/\/webdelmaestrocmf.com\/portal\/100-peliculas-clasificadas-para-trabajar-en-clase\/#primaryimage"},"image":{"@id":"https:\/\/webdelmaestrocmf.com\/portal\/100-peliculas-clasificadas-para-trabajar-en-clase\/#primaryimage"},"thumbnailUrl":"https:\/\/webdelmaestrocmf.com\/portal\/wp-content\/uploads\/2020\/04\/Banner-1-portada-imagen-10-1-2024-05-17T181849.141.jpg","datePublished":"2024-05-17T22:00:45+00:00","dateModified":"2024-05-17T23:21:05+00:00","description":"Seg\u00fan un estudio de la\u00a0Universidad Aut\u00f3noma de Barcelona\u00a0(UAB), un\u00a040% de los docentes utiliza pel\u00edculas educativas en clase.","breadcrumb":{"@id":"https:\/\/webdelmaestrocmf.com\/portal\/100-peliculas-clasificadas-para-trabajar-en-clase\/#breadcrumb"},"inLanguage":"es","potentialAction":[{"@type":"ReadAction","target":["https:\/\/webdelmaestrocmf.com\/portal\/100-peliculas-clasificadas-para-trabajar-en-clase\/"]}]},{"@type":"ImageObject","inLanguage":"es","@id":"https:\/\/webdelmaestrocmf.com\/portal\/100-peliculas-clasificadas-para-trabajar-en-clase\/#primaryimage","url":"https:\/\/webdelmaestrocmf.com\/portal\/wp-content\/uploads\/2020\/04\/Banner-1-portada-imagen-10-1-2024-05-17T181849.141.jpg","contentUrl":"https:\/\/webdelmaestrocmf.com\/portal\/wp-content\/uploads\/2020\/04\/Banner-1-portada-imagen-10-1-2024-05-17T181849.141.jpg","width":1024,"height":1024},{"@type":"BreadcrumbList","@id":"https:\/\/webdelmaestrocmf.com\/portal\/100-peliculas-clasificadas-para-trabajar-en-clase\/#breadcrumb","itemListElement":[{"@type":"ListItem","position":1,"name":"Portada","item":"https:\/\/webdelmaestrocmf.com\/portal\/"},{"@type":"ListItem","position":2,"name":"Recursos","item":"https:\/\/webdelmaestrocmf.com\/portal\/category\/pedagogia\/"},{"@type":"ListItem","position":3,"name":"100 pel\u00edculas clasificadas para trabajar la resiliencia (Colegios y Universidades)"}]},{"@type":"WebSite","@id":"https:\/\/webdelmaestrocmf.com\/portal\/#website","url":"https:\/\/webdelmaestrocmf.com\/portal\/","name":"Web del Maestro CMF","description":"Maestros al servicio de la educaci\u00f3n","publisher":{"@id":"https:\/\/webdelmaestrocmf.com\/portal\/#organization"},"alternateName":"WMCMF","potentialAction":[{"@type":"SearchAction","target":{"@type":"EntryPoint","urlTemplate":"https:\/\/webdelmaestrocmf.com\/portal\/?s={search_term_string}"},"query-input":{"@type":"PropertyValueSpecification","valueRequired":true,"valueName":"search_term_string"}}],"inLanguage":"es"},{"@type":"Organization","@id":"https:\/\/webdelmaestrocmf.com\/portal\/#organization","name":"Web del Maestro CMF","alternateName":"WMCMF","url":"https:\/\/webdelmaestrocmf.com\/portal\/","logo":{"@type":"ImageObject","inLanguage":"es","@id":"https:\/\/webdelmaestrocmf.com\/portal\/#\/schema\/logo\/image\/","url":"https:\/\/webdelmaestrocmf.com\/portal\/wp-content\/uploads\/2023\/01\/logo-wmcmf-2.png","contentUrl":"https:\/\/webdelmaestrocmf.com\/portal\/wp-content\/uploads\/2023\/01\/logo-wmcmf-2.png","width":200,"height":60,"caption":"Web del Maestro CMF"},"image":{"@id":"https:\/\/webdelmaestrocmf.com\/portal\/#\/schema\/logo\/image\/"},"sameAs":["https:\/\/www.facebook.com\/WebdelMaestroCMF\/","https:\/\/x.com\/cmf_w","https:\/\/www.pinterest.com\/WMCMF\/","https:\/\/www.linkedin.com\/company\/web-del-maestro-cmf\/","https:\/\/www.instagram.com\/wmcmf\/","https:\/\/www.youtube.com\/channel\/UCDPSvjbdodE5sHnC3OxutHw","https:\/\/mastodon.social\/@wmcmf","https:\/\/www.tiktok.com\/@webdelmaestrocmf"]},{"@type":"Person","@id":"https:\/\/webdelmaestrocmf.com\/portal\/#\/schema\/person\/1072a2ed7bd960df8ef99a551fa35dc5","name":"Web del Maestro CMF","image":{"@type":"ImageObject","inLanguage":"es","@id":"https:\/\/secure.gravatar.com\/avatar\/23291dd5b5ae1077dcff3dbb04c3e02bd28403fa75af6d8787d5e97c5bbbe30b?s=96&d=mm&r=g","url":"https:\/\/secure.gravatar.com\/avatar\/23291dd5b5ae1077dcff3dbb04c3e02bd28403fa75af6d8787d5e97c5bbbe30b?s=96&d=mm&r=g","contentUrl":"https:\/\/secure.gravatar.com\/avatar\/23291dd5b5ae1077dcff3dbb04c3e02bd28403fa75af6d8787d5e97c5bbbe30b?s=96&d=mm&r=g","caption":"Web del Maestro CMF"},"description":"Esta Web se cre\u00f3 sin fines de lucro, con fines educativos, cient\u00edficos y acad\u00e9micos, para personas que tengan dificultades y\/o inconvenientes en visualizar el material original. El objetivo es entregar recursos, compartir experiencias y materiales que ayuden a los padres de familia, maestros y estudiantes en su actualizaci\u00f3n y formaci\u00f3n permanente, en bien de la Educaci\u00f3n.","sameAs":["http:\/\/webdelmaestrocmf.com\/portal","https:\/\/www.facebook.com\/WebdelMaestroCMF\/","https:\/\/www.instagram.com\/wmcmf\/","https:\/\/cl.linkedin.com\/company\/web-del-maestro-cmf","https:\/\/www.pinterest.com\/WMCMF\/publicaciones\/","https:\/\/x.com\/cmf_w","https:\/\/www.youtube.com\/@WMCMF"]}]}},"jetpack_featured_media_url":"https:\/\/webdelmaestrocmf.com\/portal\/wp-content\/uploads\/2020\/04\/Banner-1-portada-imagen-10-1-2024-05-17T181849.141.jpg","jetpack_sharing_enabled":true,"jetpack-related-posts":[{"id":106063,"url":"https:\/\/webdelmaestrocmf.com\/portal\/pelicula-corazon-de-campeon-una-leccion-de-liderazgo-para-docentes\/","url_meta":{"origin":35415,"position":0},"title":"Pel\u00edcula \u00abCoraz\u00f3n de Campe\u00f3n\u00bb: una lecci\u00f3n de liderazgo para docentes","author":"Web del Maestro CMF","date":"21 junio, 2024","format":false,"excerpt":"\"Coraz\u00f3n de Campe\u00f3n\" (2021), protagonizada por Michael Shannon, es una pel\u00edcula que ofrece una narrativa profundamente inspiradora sobre liderazgo, resiliencia y el poder de la transformaci\u00f3n. Ambientada en una prestigiosa universidad, la historia sigue a un equipo de remo que, tras a\u00f1os de derrotas, encuentra un rayo de esperanza cuando\u2026","rel":"","context":"En \u00abPel\u00edculas\u00bb","block_context":{"text":"Pel\u00edculas","link":"https:\/\/webdelmaestrocmf.com\/portal\/category\/pedagogia\/peliculas\/"},"img":{"alt_text":"","src":"https:\/\/i0.wp.com\/webdelmaestrocmf.com\/portal\/wp-content\/uploads\/2024\/06\/Banner-1-portada-imagen-10-1-2024-06-21T145626.863.jpg?resize=350%2C200&ssl=1","width":350,"height":200,"srcset":"https:\/\/i0.wp.com\/webdelmaestrocmf.com\/portal\/wp-content\/uploads\/2024\/06\/Banner-1-portada-imagen-10-1-2024-06-21T145626.863.jpg?resize=350%2C200&ssl=1 1x, https:\/\/i0.wp.com\/webdelmaestrocmf.com\/portal\/wp-content\/uploads\/2024\/06\/Banner-1-portada-imagen-10-1-2024-06-21T145626.863.jpg?resize=525%2C300&ssl=1 1.5x, https:\/\/i0.wp.com\/webdelmaestrocmf.com\/portal\/wp-content\/uploads\/2024\/06\/Banner-1-portada-imagen-10-1-2024-06-21T145626.863.jpg?resize=700%2C400&ssl=1 2x"},"classes":[]},{"id":26960,"url":"https:\/\/webdelmaestrocmf.com\/portal\/10-peliculas-imprescindibles-docentes-estudiantes-educacion\/","url_meta":{"origin":35415,"position":1},"title":"20 pel\u00edculas imprescindibles para docentes y estudiantes de educaci\u00f3n","author":"Web del Maestro CMF","date":"23 mayo, 2019","format":"video","excerpt":"El cine ha recreado los desaf\u00edos y el esp\u00edritu transformador de los maestros en la sociedad.\u00a0Escenas inspiradoras y emotivas enmarcadas en las m\u00e1s diversas realidades sociales, pol\u00edticas y culturales son la materia prima de las cintas que tienen a profesores como sus protagonistas. Tambi\u00e9n, el cine es un recurso muy\u2026","rel":"","context":"En \u00abPel\u00edculas\u00bb","block_context":{"text":"Pel\u00edculas","link":"https:\/\/webdelmaestrocmf.com\/portal\/category\/pedagogia\/peliculas\/"},"img":{"alt_text":"","src":"https:\/\/i0.wp.com\/webdelmaestrocmf.com\/portal\/wp-content\/uploads\/2019\/05\/Banner-1-portada-imagen-10-1-89.jpg?resize=350%2C200&ssl=1","width":350,"height":200,"srcset":"https:\/\/i0.wp.com\/webdelmaestrocmf.com\/portal\/wp-content\/uploads\/2019\/05\/Banner-1-portada-imagen-10-1-89.jpg?resize=350%2C200&ssl=1 1x, https:\/\/i0.wp.com\/webdelmaestrocmf.com\/portal\/wp-content\/uploads\/2019\/05\/Banner-1-portada-imagen-10-1-89.jpg?resize=525%2C300&ssl=1 1.5x, https:\/\/i0.wp.com\/webdelmaestrocmf.com\/portal\/wp-content\/uploads\/2019\/05\/Banner-1-portada-imagen-10-1-89.jpg?resize=700%2C400&ssl=1 2x"},"classes":[]},{"id":74406,"url":"https:\/\/webdelmaestrocmf.com\/portal\/trabaja-y-potencia-las-emociones-en-el-aula-con-las-siguientes-peliculas-porque-con-una-buena-base-emocional-el-aprendizaje-esta-garantizado\/","url_meta":{"origin":35415,"position":2},"title":"\u00a1Trabaja y potencia las emociones en el aula con las siguientes pel\u00edculas, porque con una buena base emocional, el aprendizaje est\u00e1 garantizado!","author":"Web del Maestro CMF","date":"17 febrero, 2022","format":false,"excerpt":"Gracias a diversos autores y\u00a0estudios cient\u00edficos, se ha demostrado que\u00a0la inteligencia emocional es muy importante para el desarrollo integral de los ni\u00f1os.\u00a0Por ello, en los \u00faltimos a\u00f1os, se ha puesto de manifiesto la necesidad de ense\u00f1ar a identificar las emociones, a analizarlas, a gestionarlas, etc., para mejorar, no solo el\u2026","rel":"","context":"En \u00abPel\u00edculas\u00bb","block_context":{"text":"Pel\u00edculas","link":"https:\/\/webdelmaestrocmf.com\/portal\/category\/pedagogia\/peliculas\/"},"img":{"alt_text":"","src":"https:\/\/i0.wp.com\/webdelmaestrocmf.com\/portal\/wp-content\/uploads\/2022\/02\/1ab-5.jpg?resize=350%2C200&ssl=1","width":350,"height":200,"srcset":"https:\/\/i0.wp.com\/webdelmaestrocmf.com\/portal\/wp-content\/uploads\/2022\/02\/1ab-5.jpg?resize=350%2C200&ssl=1 1x, https:\/\/i0.wp.com\/webdelmaestrocmf.com\/portal\/wp-content\/uploads\/2022\/02\/1ab-5.jpg?resize=525%2C300&ssl=1 1.5x, https:\/\/i0.wp.com\/webdelmaestrocmf.com\/portal\/wp-content\/uploads\/2022\/02\/1ab-5.jpg?resize=700%2C400&ssl=1 2x, https:\/\/i0.wp.com\/webdelmaestrocmf.com\/portal\/wp-content\/uploads\/2022\/02\/1ab-5.jpg?resize=1050%2C600&ssl=1 3x"},"classes":[]},{"id":12441,"url":"https:\/\/webdelmaestrocmf.com\/portal\/diez-peliculas-trabajar-la-resiliencia-tus-alumnos-hijos\/","url_meta":{"origin":35415,"position":3},"title":"400 pel\u00edculas para trabajar con tus alumnos y 20 para son sobre la resiliencia","author":"Web del Maestro CMF","date":"2 febrero, 2024","format":"video","excerpt":"Si en f\u00edsica la resiliencia se relaciona con la elasticidad de los materiales ante una energ\u00eda de deformaci\u00f3n, en psicolog\u00eda se aplica este mismo t\u00e9rmino a la capacidad de los seres humanos para adaptarse a situaciones de crisis y superarlas. Por desgracia, la vida pondr\u00e1 a sus alumnos o hijos\u2026","rel":"","context":"En \u00abLas m\u00e1s vistas\u00bb","block_context":{"text":"Las m\u00e1s vistas","link":"https:\/\/webdelmaestrocmf.com\/portal\/category\/pedagogia\/visitadas\/"},"img":{"alt_text":"","src":"https:\/\/i0.wp.com\/webdelmaestrocmf.com\/portal\/wp-content\/uploads\/2019\/05\/Banner-1-portada-imagen-10-1-13.jpg?resize=350%2C200&ssl=1","width":350,"height":200,"srcset":"https:\/\/i0.wp.com\/webdelmaestrocmf.com\/portal\/wp-content\/uploads\/2019\/05\/Banner-1-portada-imagen-10-1-13.jpg?resize=350%2C200&ssl=1 1x, https:\/\/i0.wp.com\/webdelmaestrocmf.com\/portal\/wp-content\/uploads\/2019\/05\/Banner-1-portada-imagen-10-1-13.jpg?resize=525%2C300&ssl=1 1.5x, https:\/\/i0.wp.com\/webdelmaestrocmf.com\/portal\/wp-content\/uploads\/2019\/05\/Banner-1-portada-imagen-10-1-13.jpg?resize=700%2C400&ssl=1 2x"},"classes":[]},{"id":45693,"url":"https:\/\/webdelmaestrocmf.com\/portal\/las-mejores-peliculas-sobre-educacion-imprescindibles-para-docentes-y-estudiantes\/","url_meta":{"origin":35415,"position":4},"title":"23 pel\u00edculas sobre educaci\u00f3n para docentes y estudiantes","author":"Web del Maestro CMF","date":"21 marzo, 2020","format":"video","excerpt":"En el amplio mundo del aprendizaje, la educaci\u00f3n trasciende las aulas y los libros de texto. Las pel\u00edculas, como poderosas herramientas visuales, desempe\u00f1an un papel fundamental en la formaci\u00f3n de docentes y estudiantes. Es por ello que hemos seleccionado con esmero 23 pel\u00edculas sobre educaci\u00f3n que consideramos indispensables para aquellos\u2026","rel":"","context":"En \u00abPel\u00edculas\u00bb","block_context":{"text":"Pel\u00edculas","link":"https:\/\/webdelmaestrocmf.com\/portal\/category\/pedagogia\/peliculas\/"},"img":{"alt_text":"Pel\u00edculas sobre educaci\u00f3n","src":"https:\/\/i0.wp.com\/webdelmaestrocmf.com\/portal\/wp-content\/uploads\/2020\/03\/1-12.jpeg?resize=350%2C200&ssl=1","width":350,"height":200,"srcset":"https:\/\/i0.wp.com\/webdelmaestrocmf.com\/portal\/wp-content\/uploads\/2020\/03\/1-12.jpeg?resize=350%2C200&ssl=1 1x, https:\/\/i0.wp.com\/webdelmaestrocmf.com\/portal\/wp-content\/uploads\/2020\/03\/1-12.jpeg?resize=525%2C300&ssl=1 1.5x, https:\/\/i0.wp.com\/webdelmaestrocmf.com\/portal\/wp-content\/uploads\/2020\/03\/1-12.jpeg?resize=700%2C400&ssl=1 2x, https:\/\/i0.wp.com\/webdelmaestrocmf.com\/portal\/wp-content\/uploads\/2020\/03\/1-12.jpeg?resize=1050%2C600&ssl=1 3x"},"classes":[]},{"id":89788,"url":"https:\/\/webdelmaestrocmf.com\/portal\/20-peliculas-para-educar-en-inteligencia-emocional-que-recomiendan-la-ia\/","url_meta":{"origin":35415,"position":5},"title":"20 pel\u00edculas para educar en Inteligencia Emocional que recomiendan la IA","author":"Web del Maestro CMF","date":"4 junio, 2023","format":false,"excerpt":"La educaci\u00f3n emocional es un componente esencial en el desarrollo integral de los estudiantes, ya que les permite comprender, gestionar y expresar adecuadamente sus emociones. Las pel\u00edculas, como herramientas pedag\u00f3gicas, tienen el poder de sumergirnos en diversas situaciones y despertar emociones en nosotros. Por lo tanto, el uso de pel\u00edculas\u2026","rel":"","context":"En \u00abPel\u00edculas\u00bb","block_context":{"text":"Pel\u00edculas","link":"https:\/\/webdelmaestrocmf.com\/portal\/category\/pedagogia\/peliculas\/"},"img":{"alt_text":"","src":"https:\/\/i0.wp.com\/webdelmaestrocmf.com\/portal\/wp-content\/uploads\/2023\/06\/A12B3C4D-2023-06-04T184411.849.jpg?resize=350%2C200&ssl=1","width":350,"height":200,"srcset":"https:\/\/i0.wp.com\/webdelmaestrocmf.com\/portal\/wp-content\/uploads\/2023\/06\/A12B3C4D-2023-06-04T184411.849.jpg?resize=350%2C200&ssl=1 1x, https:\/\/i0.wp.com\/webdelmaestrocmf.com\/portal\/wp-content\/uploads\/2023\/06\/A12B3C4D-2023-06-04T184411.849.jpg?resize=525%2C300&ssl=1 1.5x, https:\/\/i0.wp.com\/webdelmaestrocmf.com\/portal\/wp-content\/uploads\/2023\/06\/A12B3C4D-2023-06-04T184411.849.jpg?resize=700%2C400&ssl=1 2x"},"classes":[]}],"_links":{"self":[{"href":"https:\/\/webdelmaestrocmf.com\/portal\/wp-json\/wp\/v2\/posts\/35415","targetHints":{"allow":["GET"]}}],"collection":[{"href":"https:\/\/webdelmaestrocmf.com\/portal\/wp-json\/wp\/v2\/posts"}],"about":[{"href":"https:\/\/webdelmaestrocmf.com\/portal\/wp-json\/wp\/v2\/types\/post"}],"author":[{"embeddable":true,"href":"https:\/\/webdelmaestrocmf.com\/portal\/wp-json\/wp\/v2\/users\/1"}],"replies":[{"embeddable":true,"href":"https:\/\/webdelmaestrocmf.com\/portal\/wp-json\/wp\/v2\/comments?post=35415"}],"version-history":[{"count":0,"href":"https:\/\/webdelmaestrocmf.com\/portal\/wp-json\/wp\/v2\/posts\/35415\/revisions"}],"wp:featuredmedia":[{"embeddable":true,"href":"https:\/\/webdelmaestrocmf.com\/portal\/wp-json\/wp\/v2\/media\/105499"}],"wp:attachment":[{"href":"https:\/\/webdelmaestrocmf.com\/portal\/wp-json\/wp\/v2\/media?parent=35415"}],"wp:term":[{"taxonomy":"category","embeddable":true,"href":"https:\/\/webdelmaestrocmf.com\/portal\/wp-json\/wp\/v2\/categories?post=35415"},{"taxonomy":"post_tag","embeddable":true,"href":"https:\/\/webdelmaestrocmf.com\/portal\/wp-json\/wp\/v2\/tags?post=35415"}],"curies":[{"name":"wp","href":"https:\/\/api.w.org\/{rel}","templated":true}]}}