{"id":35340,"date":"2019-02-26T21:11:46","date_gmt":"2019-02-27T00:11:46","guid":{"rendered":"http:\/\/webdelmaestrocmf.com\/portal\/?p=35340"},"modified":"2019-03-08T20:24:30","modified_gmt":"2019-03-08T23:24:30","slug":"ernesto-gonzalez-el-nino-es-eso-simplemente-un-nino","status":"publish","type":"post","link":"https:\/\/webdelmaestrocmf.com\/portal\/ernesto-gonzalez-el-nino-es-eso-simplemente-un-nino\/","title":{"rendered":"[ERNESTO GONZ\u00c1LEZ] EL NI\u00d1O ES ESO. SIMPLEMENTE UN NI\u00d1O"},"content":{"rendered":"<h4 style=\"text-align: justify;\">Los adultos no <strong>podremos <\/strong>comprender al ni\u00f1o o la ni\u00f1a si no somos capaces de colocarnos desde su punto de vista interior para ver las cosas como \u00e9l nos ve. Solo con un grado elevado de empat\u00eda, le comprendemos y aceptamos incondicionalmente.<\/h4>\n<h4 style=\"text-align: justify;\">El ni\u00f1o o ni\u00f1a dispone de naturaleza sociable, est\u00e1 concebido para la convivencia, es capaz de asumir su responsabilidad como miembro de la sociedad y capaz de aportar a \u00e9sta su originalidad, que no debe confundirse con ego\u00edsmos caprichosos. Partiendo de esta base, y sabiendo que cuando nace el ni\u00f1o o la ni\u00f1a desconoce las normas y pautas de comportamiento de su grupo social, los padres, las madres y los educadores debemos ser facilitadores de experiencias y relaciones que estimulen su progresiva madurez social.<\/h4>\n<p><!--more--><\/p>\n<p style=\"text-align: justify;\">Si educamos al ni\u00f1o o la ni\u00f1a para la vida en sociedad, debemos reflexionar sobre el tipo de sociedad en la que va a desenvolverse, sus normas, pautas y valores, adem\u00e1s de las peque\u00f1as sutilezas impl\u00edcitas en las relaciones positivas. Determinando esta sociedad, sabremos el tipo de hombre o mujer que debemos promover y potenciar, pero siempre respetando su individualidad. No podemos imponer a los ni\u00f1os y ni\u00f1as las pautas de comportamiento de los adultos, pretendiendo que act\u00faen como \u00abhombres y mujeres con tama\u00f1o reducido\u00bb.<\/p>\n<p style=\"text-align: justify;\">La autoridad y la firmeza son necesarias para promover valores y capacidades. Es la actitud que facilita la interiorizaci\u00f3n de normas de conducta. La autoridad bien ejercida tiene el objetivo de alcanzar la progresiva madurez y responsabilidad de los ni\u00f1os y ni\u00f1as. La autoridad no debe confundirse con el autoritarismo que reprime la iniciativa, impide el desarrollo de los recursos internos y convierte al ni\u00f1o o la ni\u00f1a en conformista que acata los criterios de los dem\u00e1s o en continuo rebelde.<\/p>\n<p><img loading=\"lazy\" decoding=\"async\" class=\"alignnone size-full wp-image-35344\" src=\"http:\/\/webdelmaestrocmf.com\/portal\/wp-content\/uploads\/2019\/02\/2-6.jpg\" alt=\"\" width=\"1100\" height=\"680\" srcset=\"https:\/\/webdelmaestrocmf.com\/portal\/wp-content\/uploads\/2019\/02\/2-6.jpg 1100w, https:\/\/webdelmaestrocmf.com\/portal\/wp-content\/uploads\/2019\/02\/2-6-300x185.jpg 300w, https:\/\/webdelmaestrocmf.com\/portal\/wp-content\/uploads\/2019\/02\/2-6-768x475.jpg 768w, https:\/\/webdelmaestrocmf.com\/portal\/wp-content\/uploads\/2019\/02\/2-6-1024x633.jpg 1024w\" sizes=\"auto, (max-width: 1100px) 100vw, 1100px\" \/><\/p>\n<p style=\"text-align: justify;\">En el hogar hay que mantener la disciplina. Aunque este valor est\u00e1 desprestigiado, es imprescindible para establecer y conservar el orden, adaptando la conducta de los ni\u00f1os y ni\u00f1as a las normas y restricciones que impone la convivencia en sociedad. Los padres, las madres podemos y debemos fomentar la autoestima elevada en nuestros ni\u00f1os y ni\u00f1as. Con intuici\u00f3n y habilidad de empatizar comprenderemos sinceramente, desde su mundo interior, los sentimientos y las emociones, cuidando de no lesionar la opini\u00f3n que sobre s\u00ed mismos comienzan a forjar.<\/p>\n<p style=\"text-align: justify;\">Esta peque\u00f1a muestra de actitudes puede resumirse en el deseo de crear un clima afectivo y de seguridad para los ni\u00f1os y ni\u00f1as. Esto s\u00f3lo puede conseguirse cuando sentimos valoraci\u00f3n y sincero aprecio por los ni\u00f1os y ni\u00f1as simplemente porque existen, porque cada uno es un ser especial al que queremos, con independencia de que aprobemos o no lo que hace. Si conseguimos que cada ni\u00f1o o ni\u00f1a se sienta apreciado por ser como es, no por c\u00f3mo nos gustar\u00eda que fuese, si valoramos la cantidad y calidad de tiempo que les dedicamos en exclusiva con atenci\u00f3n concentrada y abierta a sus cualidades individuales, entonces estaremos formando hombres y mujeres libres y responsables. Sobre todo, cuando el ni\u00f1o o la ni\u00f1a sienten que le decimos \u00abme interesas y te quiero\u00bb. Por casualidad, \u00bfes usted de las personas que dedica el tiempo necesario a sus hijos?<\/p>\n<table border=\"0\" width=\"100%\" cellspacing=\"10\" cellpadding=\"10\">\n<tbody>\n<tr>\n<td width=\"30%\"><img loading=\"lazy\" decoding=\"async\" class=\"size-full wp-image-35086 alignleft\" src=\"http:\/\/webdelmaestrocmf.com\/portal\/wp-content\/uploads\/2019\/02\/1-6.jpg\" alt=\"\" width=\"200\" height=\"200\" srcset=\"https:\/\/webdelmaestrocmf.com\/portal\/wp-content\/uploads\/2019\/02\/1-6.jpg 200w, https:\/\/webdelmaestrocmf.com\/portal\/wp-content\/uploads\/2019\/02\/1-6-150x150.jpg 150w, https:\/\/webdelmaestrocmf.com\/portal\/wp-content\/uploads\/2019\/02\/1-6-109x109.jpg 109w, https:\/\/webdelmaestrocmf.com\/portal\/wp-content\/uploads\/2019\/02\/1-6-100x100.jpg 100w, https:\/\/webdelmaestrocmf.com\/portal\/wp-content\/uploads\/2019\/02\/1-6-65x65.jpg 65w\" sizes=\"auto, (max-width: 200px) 100vw, 200px\" \/><\/p>\n<p><strong>Autor: <\/strong>Ernesto Gonzalez , ciudadano nicarag\u00fcense, nacido en Cuba.<strong><br \/>\nExperiencia laboral:<\/strong> Lic. en Ciencias Pedag\u00f3gicas con menci\u00f3n en qu\u00edmica. 40 a\u00f1os de experiencia como docente en los niveles de educaci\u00f3n media y superior; cursos de posgrado propios de la especialidad y en pedagog\u00eda; autor de libros de texto para la ense\u00f1anza media tanto en ciencias naturales, como sociales. Articulista para los peri\u00f3dicos La Prensa, El Nuevo Diario (nicarag\u00fcenses 2000-2008), actualmente para el peri\u00f3dico El Siglo 21 guatemalteco.<strong><br \/>\nCorreo electr\u00f3nico:<\/strong> <a href=\"mailto:eglezvaldes@gmail.com\">eglezvaldes@gmail.com<\/a><br \/>\n<strong>Cuenta de twitter:<\/strong> <a href=\"https:\/\/twitter.com\/search?q=%40gonzlez_ernesto&amp;src=typd\" target=\"_blank\" rel=\"noopener noreferrer\">@gonzlez_ernesto<\/a><a href=\"mailto:achapa01@hotmail.com\" target=\"_blank\" rel=\"noopener noreferrer\"><br \/>\n<\/a><\/td>\n<\/tr>\n<\/tbody>\n<\/table>\n<p>.<\/p>\n","protected":false},"excerpt":{"rendered":"Los adultos no podremos comprender al ni\u00f1o o la ni\u00f1a si no somos capaces de colocarnos desde su&hellip;","protected":false},"author":1,"featured_media":35347,"comment_status":"open","ping_status":"closed","sticky":false,"template":"","format":"standard","meta":{"csco_display_header_overlay":false,"csco_singular_sidebar":"","csco_page_header_type":"","csco_page_load_nextpost":"","csco_post_video_location":[],"csco_post_video_location_hash":"","csco_post_video_url":"","csco_post_video_bg_start_time":0,"csco_post_video_bg_end_time":0,"csco_post_video_bg_volume":false,"_jetpack_memberships_contains_paid_content":false,"footnotes":""},"categories":[1790,4122],"tags":[4123,195,2693],"class_list":{"0":"post-35340","1":"post","2":"type-post","3":"status-publish","4":"format-standard","5":"has-post-thumbnail","7":"category-colaborador","8":"category-z-colaboradores-ernesto-gonzalez","9":"tag-ernesto-gonzalez","10":"tag-nino","11":"tag-simplemente","12":"cs-entry","13":"cs-video-wrap"},"yoast_head":"<!-- This site is optimized with the Yoast SEO plugin v27.5 - https:\/\/yoast.com\/product\/yoast-seo-wordpress\/ -->\n<title>[ERNESTO GONZ\u00c1LEZ] EL NI\u00d1O ES ESO. SIMPLEMENTE UN NI\u00d1O - 2026<\/title>\n<meta name=\"description\" content=\"Los adultos no podremos comprender al ni\u00f1o o la ni\u00f1a si no somos capaces de colocarnos desde su punto de vista interior para ver las cosas como \u00e9l nos ve.\" \/>\n<meta name=\"robots\" content=\"index, follow, max-snippet:-1, max-image-preview:large, max-video-preview:-1\" \/>\n<link rel=\"canonical\" href=\"https:\/\/webdelmaestrocmf.com\/portal\/ernesto-gonzalez-el-nino-es-eso-simplemente-un-nino\/\" \/>\n<meta property=\"og:locale\" content=\"es_ES\" \/>\n<meta property=\"og:type\" content=\"article\" \/>\n<meta property=\"og:title\" content=\"[ERNESTO GONZ\u00c1LEZ] EL NI\u00d1O ES ESO. SIMPLEMENTE UN NI\u00d1O - 2026\" \/>\n<meta property=\"og:description\" content=\"Los adultos no podremos comprender al ni\u00f1o o la ni\u00f1a si no somos capaces de colocarnos desde su punto de vista interior para ver las cosas como \u00e9l nos ve.\" \/>\n<meta property=\"og:url\" content=\"https:\/\/webdelmaestrocmf.com\/portal\/ernesto-gonzalez-el-nino-es-eso-simplemente-un-nino\/\" \/>\n<meta property=\"og:site_name\" content=\"Web del Maestro CMF\" \/>\n<meta property=\"article:publisher\" content=\"https:\/\/www.facebook.com\/WebdelMaestroCMF\/\" \/>\n<meta property=\"article:author\" content=\"https:\/\/www.facebook.com\/WebdelMaestroCMF\/\" \/>\n<meta property=\"article:published_time\" content=\"2019-02-27T00:11:46+00:00\" \/>\n<meta property=\"article:modified_time\" content=\"2019-03-08T23:24:30+00:00\" \/>\n<meta property=\"og:image\" content=\"https:\/\/i0.wp.com\/webdelmaestrocmf.com\/portal\/wp-content\/uploads\/2019\/02\/1-53.jpg?fit=1100%2C680&ssl=1\" \/>\n\t<meta property=\"og:image:width\" content=\"1100\" \/>\n\t<meta property=\"og:image:height\" content=\"680\" \/>\n\t<meta property=\"og:image:type\" content=\"image\/jpeg\" \/>\n<meta name=\"author\" content=\"Web del Maestro CMF\" \/>\n<meta name=\"twitter:card\" content=\"summary_large_image\" \/>\n<meta name=\"twitter:creator\" content=\"@cmf_w\" \/>\n<meta name=\"twitter:site\" content=\"@cmf_w\" \/>\n<script type=\"application\/ld+json\" class=\"yoast-schema-graph\">{\"@context\":\"https:\\\/\\\/schema.org\",\"@graph\":[{\"@type\":\"ScholarlyArticle\",\"@id\":\"https:\\\/\\\/webdelmaestrocmf.com\\\/portal\\\/ernesto-gonzalez-el-nino-es-eso-simplemente-un-nino\\\/#article\",\"isPartOf\":{\"@id\":\"https:\\\/\\\/webdelmaestrocmf.com\\\/portal\\\/ernesto-gonzalez-el-nino-es-eso-simplemente-un-nino\\\/\"},\"author\":{\"name\":\"Web del Maestro CMF\",\"@id\":\"https:\\\/\\\/webdelmaestrocmf.com\\\/portal\\\/#\\\/schema\\\/person\\\/1072a2ed7bd960df8ef99a551fa35dc5\"},\"headline\":\"[ERNESTO GONZ\u00c1LEZ] EL NI\u00d1O ES ESO. SIMPLEMENTE UN NI\u00d1O\",\"datePublished\":\"2019-02-27T00:11:46+00:00\",\"dateModified\":\"2019-03-08T23:24:30+00:00\",\"mainEntityOfPage\":{\"@id\":\"https:\\\/\\\/webdelmaestrocmf.com\\\/portal\\\/ernesto-gonzalez-el-nino-es-eso-simplemente-un-nino\\\/\"},\"wordCount\":674,\"commentCount\":0,\"publisher\":{\"@id\":\"https:\\\/\\\/webdelmaestrocmf.com\\\/portal\\\/#organization\"},\"image\":{\"@id\":\"https:\\\/\\\/webdelmaestrocmf.com\\\/portal\\\/ernesto-gonzalez-el-nino-es-eso-simplemente-un-nino\\\/#primaryimage\"},\"thumbnailUrl\":\"https:\\\/\\\/webdelmaestrocmf.com\\\/portal\\\/wp-content\\\/uploads\\\/2019\\\/02\\\/1-53.jpg\",\"keywords\":[\"ERNESTO GONZALEZ\",\"ni\u00f1o\",\"SIMPLEMENTE\"],\"articleSection\":[\"Z-Colaboradores\",\"Z-Colaboradores-Ernesto-Gonzalez\"],\"inLanguage\":\"es\",\"potentialAction\":[{\"@type\":\"CommentAction\",\"name\":\"Comment\",\"target\":[\"https:\\\/\\\/webdelmaestrocmf.com\\\/portal\\\/ernesto-gonzalez-el-nino-es-eso-simplemente-un-nino\\\/#respond\"]}]},{\"@type\":\"WebPage\",\"@id\":\"https:\\\/\\\/webdelmaestrocmf.com\\\/portal\\\/ernesto-gonzalez-el-nino-es-eso-simplemente-un-nino\\\/\",\"url\":\"https:\\\/\\\/webdelmaestrocmf.com\\\/portal\\\/ernesto-gonzalez-el-nino-es-eso-simplemente-un-nino\\\/\",\"name\":\"[ERNESTO GONZ\u00c1LEZ] EL NI\u00d1O ES ESO. SIMPLEMENTE UN NI\u00d1O - 2026\",\"isPartOf\":{\"@id\":\"https:\\\/\\\/webdelmaestrocmf.com\\\/portal\\\/#website\"},\"primaryImageOfPage\":{\"@id\":\"https:\\\/\\\/webdelmaestrocmf.com\\\/portal\\\/ernesto-gonzalez-el-nino-es-eso-simplemente-un-nino\\\/#primaryimage\"},\"image\":{\"@id\":\"https:\\\/\\\/webdelmaestrocmf.com\\\/portal\\\/ernesto-gonzalez-el-nino-es-eso-simplemente-un-nino\\\/#primaryimage\"},\"thumbnailUrl\":\"https:\\\/\\\/webdelmaestrocmf.com\\\/portal\\\/wp-content\\\/uploads\\\/2019\\\/02\\\/1-53.jpg\",\"datePublished\":\"2019-02-27T00:11:46+00:00\",\"dateModified\":\"2019-03-08T23:24:30+00:00\",\"description\":\"Los adultos no podremos comprender al ni\u00f1o o la ni\u00f1a si no somos capaces de colocarnos desde su punto de vista interior para ver las cosas como \u00e9l nos ve.\",\"breadcrumb\":{\"@id\":\"https:\\\/\\\/webdelmaestrocmf.com\\\/portal\\\/ernesto-gonzalez-el-nino-es-eso-simplemente-un-nino\\\/#breadcrumb\"},\"inLanguage\":\"es\",\"potentialAction\":[{\"@type\":\"ReadAction\",\"target\":[\"https:\\\/\\\/webdelmaestrocmf.com\\\/portal\\\/ernesto-gonzalez-el-nino-es-eso-simplemente-un-nino\\\/\"]}]},{\"@type\":\"ImageObject\",\"inLanguage\":\"es\",\"@id\":\"https:\\\/\\\/webdelmaestrocmf.com\\\/portal\\\/ernesto-gonzalez-el-nino-es-eso-simplemente-un-nino\\\/#primaryimage\",\"url\":\"https:\\\/\\\/webdelmaestrocmf.com\\\/portal\\\/wp-content\\\/uploads\\\/2019\\\/02\\\/1-53.jpg\",\"contentUrl\":\"https:\\\/\\\/webdelmaestrocmf.com\\\/portal\\\/wp-content\\\/uploads\\\/2019\\\/02\\\/1-53.jpg\",\"width\":1100,\"height\":680},{\"@type\":\"BreadcrumbList\",\"@id\":\"https:\\\/\\\/webdelmaestrocmf.com\\\/portal\\\/ernesto-gonzalez-el-nino-es-eso-simplemente-un-nino\\\/#breadcrumb\",\"itemListElement\":[{\"@type\":\"ListItem\",\"position\":1,\"name\":\"Portada\",\"item\":\"https:\\\/\\\/webdelmaestrocmf.com\\\/portal\\\/\"},{\"@type\":\"ListItem\",\"position\":2,\"name\":\"Z-Colaboradores\",\"item\":\"https:\\\/\\\/webdelmaestrocmf.com\\\/portal\\\/category\\\/colaborador\\\/\"},{\"@type\":\"ListItem\",\"position\":3,\"name\":\"[ERNESTO GONZ\u00c1LEZ] EL NI\u00d1O ES ESO. SIMPLEMENTE UN NI\u00d1O\"}]},{\"@type\":\"WebSite\",\"@id\":\"https:\\\/\\\/webdelmaestrocmf.com\\\/portal\\\/#website\",\"url\":\"https:\\\/\\\/webdelmaestrocmf.com\\\/portal\\\/\",\"name\":\"Web del Maestro CMF\",\"description\":\"Maestros al servicio de la educaci\u00f3n\",\"publisher\":{\"@id\":\"https:\\\/\\\/webdelmaestrocmf.com\\\/portal\\\/#organization\"},\"alternateName\":\"WMCMF\",\"potentialAction\":[{\"@type\":\"SearchAction\",\"target\":{\"@type\":\"EntryPoint\",\"urlTemplate\":\"https:\\\/\\\/webdelmaestrocmf.com\\\/portal\\\/?s={search_term_string}\"},\"query-input\":{\"@type\":\"PropertyValueSpecification\",\"valueRequired\":true,\"valueName\":\"search_term_string\"}}],\"inLanguage\":\"es\"},{\"@type\":\"Organization\",\"@id\":\"https:\\\/\\\/webdelmaestrocmf.com\\\/portal\\\/#organization\",\"name\":\"Web del Maestro CMF\",\"alternateName\":\"WMCMF\",\"url\":\"https:\\\/\\\/webdelmaestrocmf.com\\\/portal\\\/\",\"logo\":{\"@type\":\"ImageObject\",\"inLanguage\":\"es\",\"@id\":\"https:\\\/\\\/webdelmaestrocmf.com\\\/portal\\\/#\\\/schema\\\/logo\\\/image\\\/\",\"url\":\"https:\\\/\\\/webdelmaestrocmf.com\\\/portal\\\/wp-content\\\/uploads\\\/2023\\\/01\\\/logo-wmcmf-2.png\",\"contentUrl\":\"https:\\\/\\\/webdelmaestrocmf.com\\\/portal\\\/wp-content\\\/uploads\\\/2023\\\/01\\\/logo-wmcmf-2.png\",\"width\":200,\"height\":60,\"caption\":\"Web del Maestro CMF\"},\"image\":{\"@id\":\"https:\\\/\\\/webdelmaestrocmf.com\\\/portal\\\/#\\\/schema\\\/logo\\\/image\\\/\"},\"sameAs\":[\"https:\\\/\\\/www.facebook.com\\\/WebdelMaestroCMF\\\/\",\"https:\\\/\\\/x.com\\\/cmf_w\",\"https:\\\/\\\/www.pinterest.com\\\/WMCMF\\\/\",\"https:\\\/\\\/www.linkedin.com\\\/company\\\/web-del-maestro-cmf\\\/\",\"https:\\\/\\\/www.instagram.com\\\/wmcmf\\\/\",\"https:\\\/\\\/www.youtube.com\\\/channel\\\/UCDPSvjbdodE5sHnC3OxutHw\",\"https:\\\/\\\/mastodon.social\\\/@wmcmf\",\"https:\\\/\\\/www.tiktok.com\\\/@webdelmaestrocmf\"]},{\"@type\":\"Person\",\"@id\":\"https:\\\/\\\/webdelmaestrocmf.com\\\/portal\\\/#\\\/schema\\\/person\\\/1072a2ed7bd960df8ef99a551fa35dc5\",\"name\":\"Web del Maestro CMF\",\"image\":{\"@type\":\"ImageObject\",\"inLanguage\":\"es\",\"@id\":\"https:\\\/\\\/secure.gravatar.com\\\/avatar\\\/23291dd5b5ae1077dcff3dbb04c3e02bd28403fa75af6d8787d5e97c5bbbe30b?s=96&d=mm&r=g\",\"url\":\"https:\\\/\\\/secure.gravatar.com\\\/avatar\\\/23291dd5b5ae1077dcff3dbb04c3e02bd28403fa75af6d8787d5e97c5bbbe30b?s=96&d=mm&r=g\",\"contentUrl\":\"https:\\\/\\\/secure.gravatar.com\\\/avatar\\\/23291dd5b5ae1077dcff3dbb04c3e02bd28403fa75af6d8787d5e97c5bbbe30b?s=96&d=mm&r=g\",\"caption\":\"Web del Maestro CMF\"},\"description\":\"Esta Web se cre\u00f3 sin fines de lucro, con fines educativos, cient\u00edficos y acad\u00e9micos, para personas que tengan dificultades y\\\/o inconvenientes en visualizar el material original. El objetivo es entregar recursos, compartir experiencias y materiales que ayuden a los padres de familia, maestros y estudiantes en su actualizaci\u00f3n y formaci\u00f3n permanente, en bien de la Educaci\u00f3n.\",\"sameAs\":[\"http:\\\/\\\/webdelmaestrocmf.com\\\/portal\",\"https:\\\/\\\/www.facebook.com\\\/WebdelMaestroCMF\\\/\",\"https:\\\/\\\/www.instagram.com\\\/wmcmf\\\/\",\"https:\\\/\\\/cl.linkedin.com\\\/company\\\/web-del-maestro-cmf\",\"https:\\\/\\\/www.pinterest.com\\\/WMCMF\\\/publicaciones\\\/\",\"https:\\\/\\\/x.com\\\/cmf_w\",\"https:\\\/\\\/www.youtube.com\\\/@WMCMF\"]}]}<\/script>\n<!-- \/ Yoast SEO plugin. -->","yoast_head_json":{"title":"[ERNESTO GONZ\u00c1LEZ] EL NI\u00d1O ES ESO. SIMPLEMENTE UN NI\u00d1O - 2026","description":"Los adultos no podremos comprender al ni\u00f1o o la ni\u00f1a si no somos capaces de colocarnos desde su punto de vista interior para ver las cosas como \u00e9l nos ve.","robots":{"index":"index","follow":"follow","max-snippet":"max-snippet:-1","max-image-preview":"max-image-preview:large","max-video-preview":"max-video-preview:-1"},"canonical":"https:\/\/webdelmaestrocmf.com\/portal\/ernesto-gonzalez-el-nino-es-eso-simplemente-un-nino\/","og_locale":"es_ES","og_type":"article","og_title":"[ERNESTO GONZ\u00c1LEZ] EL NI\u00d1O ES ESO. SIMPLEMENTE UN NI\u00d1O - 2026","og_description":"Los adultos no podremos comprender al ni\u00f1o o la ni\u00f1a si no somos capaces de colocarnos desde su punto de vista interior para ver las cosas como \u00e9l nos ve.","og_url":"https:\/\/webdelmaestrocmf.com\/portal\/ernesto-gonzalez-el-nino-es-eso-simplemente-un-nino\/","og_site_name":"Web del Maestro CMF","article_publisher":"https:\/\/www.facebook.com\/WebdelMaestroCMF\/","article_author":"https:\/\/www.facebook.com\/WebdelMaestroCMF\/","article_published_time":"2019-02-27T00:11:46+00:00","article_modified_time":"2019-03-08T23:24:30+00:00","og_image":[{"width":1100,"height":680,"url":"https:\/\/i0.wp.com\/webdelmaestrocmf.com\/portal\/wp-content\/uploads\/2019\/02\/1-53.jpg?fit=1100%2C680&ssl=1","type":"image\/jpeg"}],"author":"Web del Maestro CMF","twitter_card":"summary_large_image","twitter_creator":"@cmf_w","twitter_site":"@cmf_w","schema":{"@context":"https:\/\/schema.org","@graph":[{"@type":"ScholarlyArticle","@id":"https:\/\/webdelmaestrocmf.com\/portal\/ernesto-gonzalez-el-nino-es-eso-simplemente-un-nino\/#article","isPartOf":{"@id":"https:\/\/webdelmaestrocmf.com\/portal\/ernesto-gonzalez-el-nino-es-eso-simplemente-un-nino\/"},"author":{"name":"Web del Maestro CMF","@id":"https:\/\/webdelmaestrocmf.com\/portal\/#\/schema\/person\/1072a2ed7bd960df8ef99a551fa35dc5"},"headline":"[ERNESTO GONZ\u00c1LEZ] EL NI\u00d1O ES ESO. SIMPLEMENTE UN NI\u00d1O","datePublished":"2019-02-27T00:11:46+00:00","dateModified":"2019-03-08T23:24:30+00:00","mainEntityOfPage":{"@id":"https:\/\/webdelmaestrocmf.com\/portal\/ernesto-gonzalez-el-nino-es-eso-simplemente-un-nino\/"},"wordCount":674,"commentCount":0,"publisher":{"@id":"https:\/\/webdelmaestrocmf.com\/portal\/#organization"},"image":{"@id":"https:\/\/webdelmaestrocmf.com\/portal\/ernesto-gonzalez-el-nino-es-eso-simplemente-un-nino\/#primaryimage"},"thumbnailUrl":"https:\/\/webdelmaestrocmf.com\/portal\/wp-content\/uploads\/2019\/02\/1-53.jpg","keywords":["ERNESTO GONZALEZ","ni\u00f1o","SIMPLEMENTE"],"articleSection":["Z-Colaboradores","Z-Colaboradores-Ernesto-Gonzalez"],"inLanguage":"es","potentialAction":[{"@type":"CommentAction","name":"Comment","target":["https:\/\/webdelmaestrocmf.com\/portal\/ernesto-gonzalez-el-nino-es-eso-simplemente-un-nino\/#respond"]}]},{"@type":"WebPage","@id":"https:\/\/webdelmaestrocmf.com\/portal\/ernesto-gonzalez-el-nino-es-eso-simplemente-un-nino\/","url":"https:\/\/webdelmaestrocmf.com\/portal\/ernesto-gonzalez-el-nino-es-eso-simplemente-un-nino\/","name":"[ERNESTO GONZ\u00c1LEZ] EL NI\u00d1O ES ESO. SIMPLEMENTE UN NI\u00d1O - 2026","isPartOf":{"@id":"https:\/\/webdelmaestrocmf.com\/portal\/#website"},"primaryImageOfPage":{"@id":"https:\/\/webdelmaestrocmf.com\/portal\/ernesto-gonzalez-el-nino-es-eso-simplemente-un-nino\/#primaryimage"},"image":{"@id":"https:\/\/webdelmaestrocmf.com\/portal\/ernesto-gonzalez-el-nino-es-eso-simplemente-un-nino\/#primaryimage"},"thumbnailUrl":"https:\/\/webdelmaestrocmf.com\/portal\/wp-content\/uploads\/2019\/02\/1-53.jpg","datePublished":"2019-02-27T00:11:46+00:00","dateModified":"2019-03-08T23:24:30+00:00","description":"Los adultos no podremos comprender al ni\u00f1o o la ni\u00f1a si no somos capaces de colocarnos desde su punto de vista interior para ver las cosas como \u00e9l nos ve.","breadcrumb":{"@id":"https:\/\/webdelmaestrocmf.com\/portal\/ernesto-gonzalez-el-nino-es-eso-simplemente-un-nino\/#breadcrumb"},"inLanguage":"es","potentialAction":[{"@type":"ReadAction","target":["https:\/\/webdelmaestrocmf.com\/portal\/ernesto-gonzalez-el-nino-es-eso-simplemente-un-nino\/"]}]},{"@type":"ImageObject","inLanguage":"es","@id":"https:\/\/webdelmaestrocmf.com\/portal\/ernesto-gonzalez-el-nino-es-eso-simplemente-un-nino\/#primaryimage","url":"https:\/\/webdelmaestrocmf.com\/portal\/wp-content\/uploads\/2019\/02\/1-53.jpg","contentUrl":"https:\/\/webdelmaestrocmf.com\/portal\/wp-content\/uploads\/2019\/02\/1-53.jpg","width":1100,"height":680},{"@type":"BreadcrumbList","@id":"https:\/\/webdelmaestrocmf.com\/portal\/ernesto-gonzalez-el-nino-es-eso-simplemente-un-nino\/#breadcrumb","itemListElement":[{"@type":"ListItem","position":1,"name":"Portada","item":"https:\/\/webdelmaestrocmf.com\/portal\/"},{"@type":"ListItem","position":2,"name":"Z-Colaboradores","item":"https:\/\/webdelmaestrocmf.com\/portal\/category\/colaborador\/"},{"@type":"ListItem","position":3,"name":"[ERNESTO GONZ\u00c1LEZ] EL NI\u00d1O ES ESO. SIMPLEMENTE UN NI\u00d1O"}]},{"@type":"WebSite","@id":"https:\/\/webdelmaestrocmf.com\/portal\/#website","url":"https:\/\/webdelmaestrocmf.com\/portal\/","name":"Web del Maestro CMF","description":"Maestros al servicio de la educaci\u00f3n","publisher":{"@id":"https:\/\/webdelmaestrocmf.com\/portal\/#organization"},"alternateName":"WMCMF","potentialAction":[{"@type":"SearchAction","target":{"@type":"EntryPoint","urlTemplate":"https:\/\/webdelmaestrocmf.com\/portal\/?s={search_term_string}"},"query-input":{"@type":"PropertyValueSpecification","valueRequired":true,"valueName":"search_term_string"}}],"inLanguage":"es"},{"@type":"Organization","@id":"https:\/\/webdelmaestrocmf.com\/portal\/#organization","name":"Web del Maestro CMF","alternateName":"WMCMF","url":"https:\/\/webdelmaestrocmf.com\/portal\/","logo":{"@type":"ImageObject","inLanguage":"es","@id":"https:\/\/webdelmaestrocmf.com\/portal\/#\/schema\/logo\/image\/","url":"https:\/\/webdelmaestrocmf.com\/portal\/wp-content\/uploads\/2023\/01\/logo-wmcmf-2.png","contentUrl":"https:\/\/webdelmaestrocmf.com\/portal\/wp-content\/uploads\/2023\/01\/logo-wmcmf-2.png","width":200,"height":60,"caption":"Web del Maestro CMF"},"image":{"@id":"https:\/\/webdelmaestrocmf.com\/portal\/#\/schema\/logo\/image\/"},"sameAs":["https:\/\/www.facebook.com\/WebdelMaestroCMF\/","https:\/\/x.com\/cmf_w","https:\/\/www.pinterest.com\/WMCMF\/","https:\/\/www.linkedin.com\/company\/web-del-maestro-cmf\/","https:\/\/www.instagram.com\/wmcmf\/","https:\/\/www.youtube.com\/channel\/UCDPSvjbdodE5sHnC3OxutHw","https:\/\/mastodon.social\/@wmcmf","https:\/\/www.tiktok.com\/@webdelmaestrocmf"]},{"@type":"Person","@id":"https:\/\/webdelmaestrocmf.com\/portal\/#\/schema\/person\/1072a2ed7bd960df8ef99a551fa35dc5","name":"Web del Maestro CMF","image":{"@type":"ImageObject","inLanguage":"es","@id":"https:\/\/secure.gravatar.com\/avatar\/23291dd5b5ae1077dcff3dbb04c3e02bd28403fa75af6d8787d5e97c5bbbe30b?s=96&d=mm&r=g","url":"https:\/\/secure.gravatar.com\/avatar\/23291dd5b5ae1077dcff3dbb04c3e02bd28403fa75af6d8787d5e97c5bbbe30b?s=96&d=mm&r=g","contentUrl":"https:\/\/secure.gravatar.com\/avatar\/23291dd5b5ae1077dcff3dbb04c3e02bd28403fa75af6d8787d5e97c5bbbe30b?s=96&d=mm&r=g","caption":"Web del Maestro CMF"},"description":"Esta Web se cre\u00f3 sin fines de lucro, con fines educativos, cient\u00edficos y acad\u00e9micos, para personas que tengan dificultades y\/o inconvenientes en visualizar el material original. El objetivo es entregar recursos, compartir experiencias y materiales que ayuden a los padres de familia, maestros y estudiantes en su actualizaci\u00f3n y formaci\u00f3n permanente, en bien de la Educaci\u00f3n.","sameAs":["http:\/\/webdelmaestrocmf.com\/portal","https:\/\/www.facebook.com\/WebdelMaestroCMF\/","https:\/\/www.instagram.com\/wmcmf\/","https:\/\/cl.linkedin.com\/company\/web-del-maestro-cmf","https:\/\/www.pinterest.com\/WMCMF\/publicaciones\/","https:\/\/x.com\/cmf_w","https:\/\/www.youtube.com\/@WMCMF"]}]}},"jetpack_featured_media_url":"https:\/\/webdelmaestrocmf.com\/portal\/wp-content\/uploads\/2019\/02\/1-53.jpg","jetpack_sharing_enabled":true,"jetpack-related-posts":[{"id":35210,"url":"https:\/\/webdelmaestrocmf.com\/portal\/ernesto-gonzalez-la-autoestima-y-la-seguridad-en-si-mismo\/","url_meta":{"origin":35340,"position":0},"title":"[ERNESTO GONZ\u00c1LEZ] LA AUTOESTIMA Y LA SEGURIDAD EN S\u00cd MISMO","author":"Web del Maestro CMF","date":"18 febrero, 2019","format":false,"excerpt":"No hay nada como al despertar \u2013 seguido por una taza de caf\u00e9 - o tras al regreso del trabajo o en un momento de descanso darle lectura a temas que nos haga reflexionar y posiblemente revisarnos a nosotros mismos o compartir con la familia, amigos, hijos, la importancia de\u2026","rel":"","context":"En \u00abZ-Colaboradores\u00bb","block_context":{"text":"Z-Colaboradores","link":"https:\/\/webdelmaestrocmf.com\/portal\/category\/colaborador\/"},"img":{"alt_text":"","src":"https:\/\/i0.wp.com\/webdelmaestrocmf.com\/portal\/wp-content\/uploads\/2019\/02\/1-26.jpg?resize=350%2C200&ssl=1","width":350,"height":200,"srcset":"https:\/\/i0.wp.com\/webdelmaestrocmf.com\/portal\/wp-content\/uploads\/2019\/02\/1-26.jpg?resize=350%2C200&ssl=1 1x, https:\/\/i0.wp.com\/webdelmaestrocmf.com\/portal\/wp-content\/uploads\/2019\/02\/1-26.jpg?resize=525%2C300&ssl=1 1.5x, https:\/\/i0.wp.com\/webdelmaestrocmf.com\/portal\/wp-content\/uploads\/2019\/02\/1-26.jpg?resize=700%2C400&ssl=1 2x, https:\/\/i0.wp.com\/webdelmaestrocmf.com\/portal\/wp-content\/uploads\/2019\/02\/1-26.jpg?resize=1050%2C600&ssl=1 3x"},"classes":[]},{"id":43762,"url":"https:\/\/webdelmaestrocmf.com\/portal\/ernesto-gonzalez-por-que-los-ninos-y-ninas-demuestran-inseguridad\/","url_meta":{"origin":35340,"position":1},"title":"[Ernesto Gonz\u00e1lez] \u00bfPor qu\u00e9 los ni\u00f1os y ni\u00f1as demuestran inseguridad?","author":"Web del Maestro CMF","date":"28 enero, 2020","format":false,"excerpt":"La seguridad en uno mismo no es una cualidad innata que poseen algunas personas. M\u00e1s bien es una consecuencia del nivel de autoestima conseguido. \u00bfDe qu\u00e9 factores depende la autoestima en un ni\u00f1o?, \u00bfC\u00f3mo podemos los padres incrementar el nivel de autoestima de nuestros hijos? Es posible que haya usted\u2026","rel":"","context":"En \u00abZ-Colaboradores\u00bb","block_context":{"text":"Z-Colaboradores","link":"https:\/\/webdelmaestrocmf.com\/portal\/category\/colaborador\/"},"img":{"alt_text":"","src":"https:\/\/i0.wp.com\/webdelmaestrocmf.com\/portal\/wp-content\/uploads\/2020\/01\/1-70.jpg?resize=350%2C200&ssl=1","width":350,"height":200,"srcset":"https:\/\/i0.wp.com\/webdelmaestrocmf.com\/portal\/wp-content\/uploads\/2020\/01\/1-70.jpg?resize=350%2C200&ssl=1 1x, https:\/\/i0.wp.com\/webdelmaestrocmf.com\/portal\/wp-content\/uploads\/2020\/01\/1-70.jpg?resize=525%2C300&ssl=1 1.5x, https:\/\/i0.wp.com\/webdelmaestrocmf.com\/portal\/wp-content\/uploads\/2020\/01\/1-70.jpg?resize=700%2C400&ssl=1 2x, https:\/\/i0.wp.com\/webdelmaestrocmf.com\/portal\/wp-content\/uploads\/2020\/01\/1-70.jpg?resize=1050%2C600&ssl=1 3x"},"classes":[]},{"id":35550,"url":"https:\/\/webdelmaestrocmf.com\/portal\/ernesto-gonzalez-inquieto-o-hiperactivo\/","url_meta":{"origin":35340,"position":2},"title":"[ERNESTO GONZ\u00c1LEZ] \u00bfINQUIETO O HIPERACTIVO?","author":"Web del Maestro CMF","date":"8 marzo, 2019","format":false,"excerpt":"No deja de moverse en la silla, tarda una eternidad en hacer los deberes, se distrae por tonter\u00edas, he de estar constantemente a su lado, he de repetir la misma orden cinco veces para que obedezca (si es que obedece) ... \u00bfte suenan estas quejas? La mayor\u00eda de padres y\u2026","rel":"","context":"En \u00abZ-Colaboradores\u00bb","block_context":{"text":"Z-Colaboradores","link":"https:\/\/webdelmaestrocmf.com\/portal\/category\/colaborador\/"},"img":{"alt_text":"","src":"https:\/\/i0.wp.com\/webdelmaestrocmf.com\/portal\/wp-content\/uploads\/2019\/03\/1-19.jpg?resize=350%2C200&ssl=1","width":350,"height":200,"srcset":"https:\/\/i0.wp.com\/webdelmaestrocmf.com\/portal\/wp-content\/uploads\/2019\/03\/1-19.jpg?resize=350%2C200&ssl=1 1x, https:\/\/i0.wp.com\/webdelmaestrocmf.com\/portal\/wp-content\/uploads\/2019\/03\/1-19.jpg?resize=525%2C300&ssl=1 1.5x, https:\/\/i0.wp.com\/webdelmaestrocmf.com\/portal\/wp-content\/uploads\/2019\/03\/1-19.jpg?resize=700%2C400&ssl=1 2x, https:\/\/i0.wp.com\/webdelmaestrocmf.com\/portal\/wp-content\/uploads\/2019\/03\/1-19.jpg?resize=1050%2C600&ssl=1 3x"},"classes":[]},{"id":66336,"url":"https:\/\/webdelmaestrocmf.com\/portal\/ernesto-gonzalez-eres-un-flojo-solo-te-gusta-estar-en-la-calle\/","url_meta":{"origin":35340,"position":3},"title":"[Ernesto Gonz\u00e1lez] \u00a1Eres un flojo!, \u00a1Solo te gusta estar en la calle!","author":"Web del Maestro CMF","date":"8 agosto, 2021","format":false,"excerpt":"Todas \u00e9stas y otras son frases que pueden escuchar nuestros hijos a lo largo de su per\u00edodo de crecimiento. L\u00f3gicamente, que en el caso de los padres y madres no solemos hacerlo en la mayor\u00eda de las ocasiones con una mala intenci\u00f3n, cuando realmente queremos expresar con ellas simplemente comentarios\u2026","rel":"","context":"En \u00abZ-Colaboradores\u00bb","block_context":{"text":"Z-Colaboradores","link":"https:\/\/webdelmaestrocmf.com\/portal\/category\/colaborador\/"},"img":{"alt_text":"","src":"https:\/\/i0.wp.com\/webdelmaestrocmf.com\/portal\/wp-content\/uploads\/2021\/08\/1-55.jpg?resize=350%2C200&ssl=1","width":350,"height":200,"srcset":"https:\/\/i0.wp.com\/webdelmaestrocmf.com\/portal\/wp-content\/uploads\/2021\/08\/1-55.jpg?resize=350%2C200&ssl=1 1x, https:\/\/i0.wp.com\/webdelmaestrocmf.com\/portal\/wp-content\/uploads\/2021\/08\/1-55.jpg?resize=525%2C300&ssl=1 1.5x, https:\/\/i0.wp.com\/webdelmaestrocmf.com\/portal\/wp-content\/uploads\/2021\/08\/1-55.jpg?resize=700%2C400&ssl=1 2x, https:\/\/i0.wp.com\/webdelmaestrocmf.com\/portal\/wp-content\/uploads\/2021\/08\/1-55.jpg?resize=1050%2C600&ssl=1 3x"},"classes":[]},{"id":77199,"url":"https:\/\/webdelmaestrocmf.com\/portal\/ernesto-gonzalez-tienes-autoridad-suficiente\/","url_meta":{"origin":35340,"position":4},"title":"[Ernesto Gonz\u00e1lez] \u00bfTienes autoridad suficiente?","author":"Web del Maestro CMF","date":"31 mayo, 2022","format":false,"excerpt":"\u201cMire profesora mi hijo, no me hace caso\u2026 \u00bfusted me puede ayudar? La frase antes mencionada, que no es primera vez que se me presenta o escucho en la televisi\u00f3n, en las redes, en los barrios, inclusive en conflictos cuyas consecuencias al no ser atajadas a tiempo conlleva a resultados\u2026","rel":"","context":"En \u00abZ-Colaboradores\u00bb","block_context":{"text":"Z-Colaboradores","link":"https:\/\/webdelmaestrocmf.com\/portal\/category\/colaborador\/"},"img":{"alt_text":"","src":"https:\/\/i0.wp.com\/webdelmaestrocmf.com\/portal\/wp-content\/uploads\/2022\/05\/0-3.jpg?resize=350%2C200&ssl=1","width":350,"height":200,"srcset":"https:\/\/i0.wp.com\/webdelmaestrocmf.com\/portal\/wp-content\/uploads\/2022\/05\/0-3.jpg?resize=350%2C200&ssl=1 1x, https:\/\/i0.wp.com\/webdelmaestrocmf.com\/portal\/wp-content\/uploads\/2022\/05\/0-3.jpg?resize=525%2C300&ssl=1 1.5x, https:\/\/i0.wp.com\/webdelmaestrocmf.com\/portal\/wp-content\/uploads\/2022\/05\/0-3.jpg?resize=700%2C400&ssl=1 2x, https:\/\/i0.wp.com\/webdelmaestrocmf.com\/portal\/wp-content\/uploads\/2022\/05\/0-3.jpg?resize=1050%2C600&ssl=1 3x"},"classes":[]},{"id":48068,"url":"https:\/\/webdelmaestrocmf.com\/portal\/ernesto-gonzalez-impacientes\/","url_meta":{"origin":35340,"position":5},"title":"[Ernesto Gonz\u00e1lez] \u00bfImpacientes?","author":"Web del Maestro CMF","date":"16 junio, 2020","format":false,"excerpt":"En la lectura del peri\u00f3dico (impreso) cada d\u00eda suelo \u201cdigerir\u201d todas las noticias, tal vez no con el mismo equilibrio, enti\u00e9ndase todo, pero inclusive por hobby suelo darles una pasadita a los empleos, les prometo, por simple curiosidad. Y sorpresivamente encontr\u00e9 lo siguiente lo cual copio (parte de ello) literalmente:\u2026","rel":"","context":"En \u00abZ-Colaboradores\u00bb","block_context":{"text":"Z-Colaboradores","link":"https:\/\/webdelmaestrocmf.com\/portal\/category\/colaborador\/"},"img":{"alt_text":"","src":"https:\/\/i0.wp.com\/webdelmaestrocmf.com\/portal\/wp-content\/uploads\/2020\/06\/1-98.jpg?resize=350%2C200&ssl=1","width":350,"height":200,"srcset":"https:\/\/i0.wp.com\/webdelmaestrocmf.com\/portal\/wp-content\/uploads\/2020\/06\/1-98.jpg?resize=350%2C200&ssl=1 1x, https:\/\/i0.wp.com\/webdelmaestrocmf.com\/portal\/wp-content\/uploads\/2020\/06\/1-98.jpg?resize=525%2C300&ssl=1 1.5x, https:\/\/i0.wp.com\/webdelmaestrocmf.com\/portal\/wp-content\/uploads\/2020\/06\/1-98.jpg?resize=700%2C400&ssl=1 2x, https:\/\/i0.wp.com\/webdelmaestrocmf.com\/portal\/wp-content\/uploads\/2020\/06\/1-98.jpg?resize=1050%2C600&ssl=1 3x"},"classes":[]}],"_links":{"self":[{"href":"https:\/\/webdelmaestrocmf.com\/portal\/wp-json\/wp\/v2\/posts\/35340","targetHints":{"allow":["GET"]}}],"collection":[{"href":"https:\/\/webdelmaestrocmf.com\/portal\/wp-json\/wp\/v2\/posts"}],"about":[{"href":"https:\/\/webdelmaestrocmf.com\/portal\/wp-json\/wp\/v2\/types\/post"}],"author":[{"embeddable":true,"href":"https:\/\/webdelmaestrocmf.com\/portal\/wp-json\/wp\/v2\/users\/1"}],"replies":[{"embeddable":true,"href":"https:\/\/webdelmaestrocmf.com\/portal\/wp-json\/wp\/v2\/comments?post=35340"}],"version-history":[{"count":0,"href":"https:\/\/webdelmaestrocmf.com\/portal\/wp-json\/wp\/v2\/posts\/35340\/revisions"}],"wp:featuredmedia":[{"embeddable":true,"href":"https:\/\/webdelmaestrocmf.com\/portal\/wp-json\/wp\/v2\/media\/35347"}],"wp:attachment":[{"href":"https:\/\/webdelmaestrocmf.com\/portal\/wp-json\/wp\/v2\/media?parent=35340"}],"wp:term":[{"taxonomy":"category","embeddable":true,"href":"https:\/\/webdelmaestrocmf.com\/portal\/wp-json\/wp\/v2\/categories?post=35340"},{"taxonomy":"post_tag","embeddable":true,"href":"https:\/\/webdelmaestrocmf.com\/portal\/wp-json\/wp\/v2\/tags?post=35340"}],"curies":[{"name":"wp","href":"https:\/\/api.w.org\/{rel}","templated":true}]}}