{"id":35216,"date":"2020-02-18T19:48:13","date_gmt":"2020-02-18T22:48:13","guid":{"rendered":"http:\/\/webdelmaestrocmf.com\/portal\/?p=35216"},"modified":"2020-12-06T20:35:27","modified_gmt":"2020-12-06T23:35:27","slug":"bbva-curso-gratuito-oline-para-padres-de-familia-y-profesores","status":"publish","type":"post","link":"https:\/\/webdelmaestrocmf.com\/portal\/bbva-curso-gratuito-oline-para-padres-de-familia-y-profesores\/","title":{"rendered":"Curso gratuito oline para padres de familia y profesores: \u00abAprender hablar en p\u00fablico\u00bb"},"content":{"rendered":"<h5 style=\"text-align: justify;\">El comunicar sentimientos, emociones, ideas, opiniones, informaci\u00f3n, es un proceso innato, que se va perfeccionando seg\u00fan el contexto sociocultural. El expresar por medios diversos, un mensaje, <strong>es biol\u00f3gicamente innato en los seres humanos<\/strong>. El sistema de comunicaci\u00f3n espec\u00edficamente humano es el lenguaje.<\/h5>\n<p><!--more--><\/p>\n<h5 style=\"text-align: justify;\">Y, por lo tanto, <strong>es una necesidad esencial interactiva<\/strong> y \u201ccon otro\u201d u \u201cotros\u201d, que se da en un contexto y que influye tanto en el que emite, como en el recibe el mensaje. Como educadores, <strong>la correcta comunicaci\u00f3n, nunca debemos dar por aprendida en casa y reforzada en la escuela,<\/strong> porque es un proceso en continuo crecimiento de madurez .<strong><a href=\"http:\/\/webdelmaestrocmf.com\/portal\/10-tecnicas-cientificas-hablar-publico\/\" target=\"_blank\" rel=\"noopener noreferrer\">11 T\u00c9CNICAS CIENT\u00cdFICAS PARA HABLAR EN P\u00daBLICO.<\/a><\/strong><\/h5>\n<p>Siendo muy probable, que cada uno nosotros tengamos escenarios educativos diferentes (aunque tengamos tambi\u00e9n muchas coincidencias), es bueno recordar que <strong>cada nuevo conocimiento busca un sustrato donde \u201cenraizar\u201d,<\/strong> y por ello nos perm\u00edtanos recomendarle este art\u00edculo: <strong><a href=\"http:\/\/webdelmaestrocmf.com\/portal\/8-metodologias-profesor-deberia-conocer-ahora\/\" target=\"_blank\" rel=\"noopener noreferrer\">METODOLOG\u00cdAS INNOVADORAS QUE TODO PROFESOR DEBER\u00cdA CONOCER AHORA.<\/a><\/strong><\/p>\n<p style=\"text-align: justify;\"><strong>Los curr\u00edculos educativos<\/strong>, de casi todos nuestros pa\u00edses, nos orientan sobre las <strong>competencias b\u00e1sicas, contenidos, m\u00e9todos pedag\u00f3gicos,<\/strong> para lograr el conocimiento de uno mismo y la autonom\u00eda personal; el descubrimiento del medio f\u00edsico y social; y todos (o casi todos) <strong>subrayan la importancia de la comunicaci\u00f3n<\/strong> y la representaci\u00f3n. de las destrezas motrices y de las habilidades que afinen los v\u00ednculos afectivos con los dem\u00e1s; porque su correcto asegura la expresi\u00f3n de los sentimientos y las emociones, como base de la sana convivencia, la tolerancia, la solidaridad y la inclusi\u00f3n. <strong><a href=\"http:\/\/webdelmaestrocmf.com\/portal\/es-facil-ser-profesor\/\" target=\"_blank\" rel=\"noopener noreferrer\">SER MAESTRO: COMUNICAR PARA FORMAR, NO ES F\u00c1CIL.<\/a><\/strong><\/p>\n<p style=\"text-align: justify;\">EL BBVA, una vez m\u00e1s, en su apoyo a la educaci\u00f3n, nos <strong>ofrece a los padres de familia y profesores un curso gratuito online<\/strong>, que nos permitir\u00e1 revisar y desarrollar nuestras capacidades de comunicaci\u00f3n; y <strong>una vez que los educadores nos hayamos capacitado, entonces podremos aprovechar <\/strong>mejor una \u201cmetodolog\u00eda eficaz, sencilla y divertida para ayudar a ni\u00f1os y adolescentes a conseguirlo\u201d. Como profesores, encontraremos en este curso, un apoyo para desarrollar las estrategias pedag\u00f3gicas, que tiene a los estudiantes como protagonistas, en alianza necesaria con todo el entorno escolar y familiar. El ABP (Aprendizaje Basado en Proyectos), que es una tendencia bastante divulgada; y que requiere una especial forma de comunicar el logro de sus objetivos. <a href=\"http:\/\/webdelmaestrocmf.com\/portal\/la-clave-del-abp-la-difusion-la-necesidad-narrar-proceso\/\" target=\"_blank\" rel=\"noopener noreferrer\"><strong>LA CLAVE DEL ABP ES LA DIFUSI\u00d3N Y LA NECESIDAD DE NARRAR SU PROCESO.<\/strong><\/a><\/p>\n<p style=\"text-align: justify;\">La metodolog\u00eda del curso \u201cMucho m\u00e1s que hablar\u201d, est\u00e1 claramente <strong>dise\u00f1ada para profesores que desean ayudar a sus estudiantes el alcanzar la competencia de hablar en p\u00fablico<\/strong>; y por otro lado se proporcionan metodolog\u00edas <strong>para los padres de familia para que apoyen a sus hijos a desarrollar la confianza de hablar libremente frente a una audiencia<\/strong>. As\u00ed que es una buena oportunidad de refrescar nuestra vocaci\u00f3n educativa compartida, y recordar que en toda comunidad que se precie de \u201ceducativa\u201d, tenemos que unir capacidades, habilidades, competencias, carismas, emociones y sue\u00f1os. Ojal\u00e1 lo podamos socializar y participar todos, por el bien de nuestros ni\u00f1os y adolescentes. Les sugerimos recordar este art\u00edculo, que reflexiona sobre este tema: <a href=\"http:\/\/webdelmaestrocmf.com\/portal\/los-padres-los-profesores-deben-remar-la-misma-direccion\/\" target=\"_blank\" rel=\"noopener noreferrer\"><strong>LOS PADRES Y LOS PROFESORES DEBEN REMAR EN LA MISMA DIRECCI\u00d3N.<\/strong><\/a><\/p>\n<p style=\"text-align: justify;\">El curso \u201cMucho m\u00e1s que hablar\u201d, ideado y planificadopor los mejores especialistas educativos <strong>para que profesores y padres, en el aula y en el hogar, aprendan junto a sus estudiantes y\/o sus hijos<\/strong>; consta de 29 video lecciones (ejercicios\u201d \u201cpara <strong>incorporar conocimientos de manera progresiva y acumulativa<\/strong>. Cada ejercicio ha sido <strong>creado desde el juego y el humor,<\/strong> porque todo entorno de aprendizaje debe hacer sentir al ni\u00f1o seguro para poder equivocarse y crecer\u201d. Las herramientas que nos proporcionan son:<\/p>\n<ol style=\"text-align: justify;\">\n<li><strong>V\u00eddeos de m\u00e1xima calidad<\/strong> para seguir el m\u00e9todo, paso a paso.<\/li>\n<li><strong>Gu\u00eda <\/strong>para ayudar a los profesores a formar a sus alumnos en el aula.<\/li>\n<li><strong>Materiales descargables<\/strong> y herramientas necesarias para realizar el ejercicio en clase.<\/li>\n<li><strong>Recursos para el alumno.<\/strong> Res\u00famenes de las ideas que merecen ser recordadas.<\/li>\n<\/ol>\n<p><img loading=\"lazy\" decoding=\"async\" class=\"alignnone size-full wp-image-55646\" src=\"https:\/\/webdelmaestrocmf.com\/portal\/wp-content\/uploads\/2019\/02\/0.jpg\" alt=\"\" width=\"2940\" height=\"1165\" srcset=\"https:\/\/webdelmaestrocmf.com\/portal\/wp-content\/uploads\/2019\/02\/0.jpg 2940w, https:\/\/webdelmaestrocmf.com\/portal\/wp-content\/uploads\/2019\/02\/0-300x119.jpg 300w, https:\/\/webdelmaestrocmf.com\/portal\/wp-content\/uploads\/2019\/02\/0-1024x406.jpg 1024w, https:\/\/webdelmaestrocmf.com\/portal\/wp-content\/uploads\/2019\/02\/0-768x304.jpg 768w, https:\/\/webdelmaestrocmf.com\/portal\/wp-content\/uploads\/2019\/02\/0-1536x609.jpg 1536w, https:\/\/webdelmaestrocmf.com\/portal\/wp-content\/uploads\/2019\/02\/0-2048x812.jpg 2048w, https:\/\/webdelmaestrocmf.com\/portal\/wp-content\/uploads\/2019\/02\/0-110x44.jpg 110w, https:\/\/webdelmaestrocmf.com\/portal\/wp-content\/uploads\/2019\/02\/0-200x79.jpg 200w, https:\/\/webdelmaestrocmf.com\/portal\/wp-content\/uploads\/2019\/02\/0-380x151.jpg 380w, https:\/\/webdelmaestrocmf.com\/portal\/wp-content\/uploads\/2019\/02\/0-255x101.jpg 255w, https:\/\/webdelmaestrocmf.com\/portal\/wp-content\/uploads\/2019\/02\/0-550x218.jpg 550w, https:\/\/webdelmaestrocmf.com\/portal\/wp-content\/uploads\/2019\/02\/0-800x317.jpg 800w, https:\/\/webdelmaestrocmf.com\/portal\/wp-content\/uploads\/2019\/02\/0-1160x460.jpg 1160w, https:\/\/webdelmaestrocmf.com\/portal\/wp-content\/uploads\/2019\/02\/0-220x87.jpg 220w, https:\/\/webdelmaestrocmf.com\/portal\/wp-content\/uploads\/2019\/02\/0-400x159.jpg 400w, https:\/\/webdelmaestrocmf.com\/portal\/wp-content\/uploads\/2019\/02\/0-760x301.jpg 760w, https:\/\/webdelmaestrocmf.com\/portal\/wp-content\/uploads\/2019\/02\/0-510x202.jpg 510w, https:\/\/webdelmaestrocmf.com\/portal\/wp-content\/uploads\/2019\/02\/0-600x238.jpg 600w, https:\/\/webdelmaestrocmf.com\/portal\/wp-content\/uploads\/2019\/02\/0-1100x436.jpg 1100w, https:\/\/webdelmaestrocmf.com\/portal\/wp-content\/uploads\/2019\/02\/0-1600x634.jpg 1600w, https:\/\/webdelmaestrocmf.com\/portal\/wp-content\/uploads\/2019\/02\/0-2320x919.jpg 2320w\" sizes=\"auto, (max-width: 2940px) 100vw, 2940px\" \/><\/p>\n<p style=\"text-align: justify;\">Los contenidos se resumir\u00edan en estos nueve puntos:<\/p>\n<h5 style=\"text-align: justify;\">MUCHO M\u00c1S QUE HABLAR<\/h5>\n<p style=\"text-align: justify;\">Tienes muchas cosas que decir y tu voz debe ser escuchada. Hablar en p\u00fablico es mucho m\u00e1s que hablar. Es expresar tus ideas y emociones, motivar, aclarar, ayudar a tomar decisiones, inspirar.<\/p>\n<h5 style=\"text-align: justify;\">HABLAS PARA QUIEN TE ESCUCHA<\/h5>\n<p style=\"text-align: justify;\">Hablamos porque alguien nos escucha. La audiencia es lo m\u00e1s importante de nuestra presentaci\u00f3n. Ay\u00fadales a seguir tu narraci\u00f3n.<\/p>\n<h5 style=\"text-align: justify;\">CONSTRUYE TU DISCURSO<\/h5>\n<p style=\"text-align: justify;\">Vamos a aprender a defender nuestras ideas con argumentos s\u00f3lidos y estructurados, con un punto de vista propio.<\/p>\n<h5 style=\"text-align: justify;\">TU \u201cGRAN IDEA\u201d<\/h5>\n<p style=\"text-align: justify;\">Toda tu exposici\u00f3n gira en torno a una \u00abGran Idea\u00bb. Encu\u00e9ntrala y que tu audiencia la entienda desde el inicio. Que nadie tenga dudas de para qu\u00e9 est\u00e1s aqu\u00ed.<\/p>\n<h5 style=\"text-align: justify;\">PERSIGUE UN OBJETIVO<\/h5>\n<p style=\"text-align: justify;\">Ayudar a la audiencia a entender un tema. Convencer a quien te escucha para provocar un cambio, para que algo mejore. Motivar, contagiar entusiasmo o compartir tu ilusi\u00f3n. Para eso sirve hablar en p\u00fablico. Elige tu objetivo.<\/p>\n<h5 style=\"text-align: justify;\">EL PODER DE TUS PALABRAS<\/h5>\n<p style=\"text-align: justify;\">Nuestra lengua es poderosa, no lo olvides: aprovecha su riqueza, utiliza todas las oportunidades que te ofrece, matiza, afina y s\u00e9 preciso.<\/p>\n<h5 style=\"text-align: justify;\">TU VOZ Y TU CUERPO HABLAN<\/h5>\n<p style=\"text-align: justify;\">Tu cuerpo, tu voz, tus gestos y tu mirada hablan tanto como tus palabras\u2026 o m\u00e1s. Conoce su poder, aprende a utilizarlos y podr\u00e1s convertirte en un gran orador.<\/p>\n<h5 style=\"text-align: justify;\">TRUCOS PARA CAPTAR ATENCI\u00d3N<\/h5>\n<p style=\"text-align: justify;\">Est\u00e1s m\u00e1s cerca del gran d\u00eda. Es el momento de pulir tu exposici\u00f3n. Utiliza peque\u00f1os recursos para empezar y cerrar tu presentaci\u00f3n por todo lo alto.<\/p>\n<h5 style=\"text-align: justify;\">PREPARA TU PRESENTACI\u00d3N<\/h5>\n<p style=\"text-align: justify;\">Aplica todas las herramientas que has aprendido y prepara una presentaci\u00f3n memorable. Vamos a hacer un ensayo final, antes del d\u00eda de tu exposici\u00f3n.\u201d<\/p>\n<p style=\"text-align: justify;\">Si despu\u00e9s de esta informaci\u00f3n b\u00e1sica, como en el anterior curso gratuito online: <a href=\"http:\/\/webdelmaestrocmf.com\/portal\/bbva-curso-gratuito-sobre-inteligencia-emocional-para-que-los-estudiantes-aprendan-a-desarrollar-gestionar-y-regular-sus-emociones\/\" target=\"_blank\" rel=\"noopener noreferrer\"><strong>SOBRE INTELIGENCIA EMOCIONAL PARA QUE LOS ESTUDIANTES APRENDAN A DESARROLLAR, GESTIONAR Y REGULAR SIS EMOCIONES,<\/strong><\/a><strong>\u00a0<\/strong>est\u00e1n animados a conocer, seguir y socializar; seguros que tratar\u00e1n de buscar y encontrar \u201cel esquivo tiempo\u201d que tenemos los profesores para la capacitaci\u00f3n permanente; les animamos a ingresar e inscribirse en este enlace: <strong><a href=\"https:\/\/www.bbvaaprendemosjuntos.com\/es\/muchomasquehablar?signin=1\" target=\"_blank\" rel=\"noopener noreferrer\">REGISTRARSE GRATUITAMENTE EN EL CURSO \u201cMUCHO M\u00c1S QUE HABLAR\u201d.<\/a><\/strong><\/p>\n<p style=\"text-align: justify;\">Quiz\u00e1 tambi\u00e9n le sea \u00fatil este art\u00edculo de la Profesora Beatriz Crist\u00f3bal: <strong><a href=\"http:\/\/webdelmaestrocmf.com\/portal\/beatriz-cristobal-abp-pros-y-contras-de-una-puerta-abierta-al-cambio\/\" target=\"_blank\" rel=\"noopener noreferrer\">ABP: PROS Y CONTRAS DE UNA PUERTA ABIERTA AL CAMBIO.<\/a><\/strong><\/p>\n<p style=\"text-align: center;\"><em>\u201cAceptar que la educaci\u00f3n sucede en cualquier momento y en cualquier lugar, aceptar que el aprendizaje es un proceso expandido que no sabemos cu\u00e1ndo empieza y cu\u00e1ndo acaba, nivela los conocimientos que se producen y distribuyen fuera de las instituciones con aquellos que se producen dentro\u201d<\/em> (Mar\u00eda Acaso).<\/p>\n<p style=\"text-align: right;\"><strong>REDACCI\u00d3N WEB DEL MAESTRO CMF<\/strong><\/p>\n<h3 class=\"p1\">ENLACE DEL CURSO:<\/h3>\n<p class=\"p3\" style=\"text-align: center;\">\u00a1Comparte y as\u00ed m\u00e1s docentes utilizar\u00e1n estos recursos\u00a0gratis! Muchas gracias.<\/p>\n<p class=\"p4\" style=\"text-align: center;\"><span class=\"s1\" style=\"color: #000000;\">ENLACE 1: <a style=\"color: #000000;\" href=\"https:\/\/www.bbvaaprendemosjuntos.com\/es\/muchomasquehablar?signin=1\" target=\"_blank\" rel=\"noopener noreferrer\">REGISTRARSE GRATUITAMENTE EN EL CURSO PARA PADRES DE FAMILIA Y PROFESORES: \u201cMUCHO M\u00c1S QUE HABLAR\u201d.<\/a><\/span><\/p>\n\t\t<div class=\"pk-inline-posts\">\n\t\t\t\n\t\t\t<div class=\"pk-inline-posts-container pk-inline-posts-template-list\"\n\t\t\t\tdata-columns=\"1\">\n\t\t\t\t\t\t<article id=\"post-7600\" class=\"post-7600 post type-post status-publish format-gallery has-post-thumbnail category-infraestructura category-pedagogia tag-aula tag-colegio-vittra tag-diseno tag-suecia post_format-post-format-gallery cs-entry cs-video-wrap\">\n\t\t\t<div class=\"pk-post-outer\">\n\n\t\t\t\t\t\t\t\t<div class=\"pk-post-inner\">\n\t\t\t\t\t<div class=\"entry-thumbnail\">\n\t\t\t\t\t\t<div class=\"pk-overlay pk-overlay-ratio pk-ratio-landscape\">\n\t\t\t\t\t\t\t<div class=\"pk-overlay-background\">\n\t\t\t\t\t\t\t\t<a href=\"https:\/\/webdelmaestrocmf.com\/portal\/cree-usted-que-el-diseno-de-las-aulas-es-un-tema-importante\/\" class=\"pk-overlay-link\">\n\t\t\t\t\t\t\t\t\t<img loading=\"lazy\" decoding=\"async\" width=\"300\" height=\"225\" src=\"https:\/\/webdelmaestrocmf.com\/portal\/wp-content\/uploads\/2020\/02\/1AA-Banner-1-portada-imagen-10-1-copia-6-300x225.webp\" class=\"attachment-pk-thumbnail size-pk-thumbnail wp-post-image\" alt=\"\" \/>\t\t\t\t\t\t\t\t<\/a>\n\t\t\t\t\t\t\t<\/div>\n\t\t\t\t\t\t<\/div>\n\t\t\t\t\t<\/div>\n\t\t\t\t<\/div>\n\t\t\t\t\n\t\t\t\t<div class=\"pk-post-inner\">\n\t\t\t\t\t<header>\n\t\t\t\t\t\t<h3 class=\"pk-title\"><a href=\"https:\/\/webdelmaestrocmf.com\/portal\/cree-usted-que-el-diseno-de-las-aulas-es-un-tema-importante\/\" rel=\"bookmark\">\u00bfImporta el dise\u00f1o del aula? \u00bfY la cantidad de alumnos? \u00bfLa distribuci\u00f3n?<\/a><\/h3>\t\t\t\t\t<\/header><!-- .entry-header -->\n\t\t\t\t<\/div><!-- .post-inner -->\n\n\t\t\t<\/div><!-- .post-outer -->\n\t\t<\/article>\n\t\t\t\t<\/div>\n\t\t<\/div>\n\t\t\n","protected":false},"excerpt":{"rendered":"El comunicar sentimientos, emociones, ideas, opiniones, informaci\u00f3n, es un proceso innato, que se va perfeccionando seg\u00fan el contexto&hellip;","protected":false},"author":1,"featured_media":55647,"comment_status":"open","ping_status":"closed","sticky":false,"template":"","format":"standard","meta":{"csco_display_header_overlay":false,"csco_singular_sidebar":"default","csco_page_header_type":"default","csco_page_load_nextpost":"default","csco_post_video_location":[],"csco_post_video_location_hash":"","csco_post_video_url":"","csco_post_video_bg_start_time":0,"csco_post_video_bg_end_time":0,"csco_post_video_bg_volume":false,"_jetpack_memberships_contains_paid_content":false,"footnotes":""},"categories":[1171,735],"tags":[1720,1722,3389,2414,4141,445,62],"class_list":{"0":"post-35216","1":"post","2":"type-post","3":"status-publish","4":"format-standard","5":"has-post-thumbnail","7":"category-cursos","8":"category-pedagogia","9":"tag-curso","10":"tag-gratuito","11":"tag-hablar","12":"tag-mucho","13":"tag-oline","14":"tag-padres-de-familia","15":"tag-profesores","16":"cs-entry","17":"cs-video-wrap"},"yoast_head":"<!-- This site is optimized with the Yoast SEO plugin v27.5 - https:\/\/yoast.com\/product\/yoast-seo-wordpress\/ -->\n<title>Curso gratuito oline para padres de familia y profesores: &quot;Aprender hablar en p\u00fablico&quot; - 2026<\/title>\n<meta name=\"description\" content=\"El comunicar sentimientos, emociones, ideas, opiniones, informaci\u00f3n, es un proceso innato, que se va perfeccionando seg\u00fan el...\" \/>\n<meta name=\"robots\" content=\"index, follow, max-snippet:-1, max-image-preview:large, max-video-preview:-1\" \/>\n<link rel=\"canonical\" href=\"https:\/\/webdelmaestrocmf.com\/portal\/bbva-curso-gratuito-oline-para-padres-de-familia-y-profesores\/\" \/>\n<meta property=\"og:locale\" content=\"es_ES\" \/>\n<meta property=\"og:type\" content=\"article\" \/>\n<meta property=\"og:title\" content=\"Curso gratuito oline para padres de familia y profesores: &quot;Aprender hablar en p\u00fablico&quot; - 2026\" \/>\n<meta property=\"og:description\" content=\"El comunicar sentimientos, emociones, ideas, opiniones, informaci\u00f3n, es un proceso innato, que se va perfeccionando seg\u00fan el...\" \/>\n<meta property=\"og:url\" content=\"https:\/\/webdelmaestrocmf.com\/portal\/bbva-curso-gratuito-oline-para-padres-de-familia-y-profesores\/\" \/>\n<meta property=\"og:site_name\" content=\"Web del Maestro CMF\" \/>\n<meta property=\"article:publisher\" content=\"https:\/\/www.facebook.com\/WebdelMaestroCMF\/\" \/>\n<meta property=\"article:author\" content=\"https:\/\/www.facebook.com\/WebdelMaestroCMF\/\" \/>\n<meta property=\"article:published_time\" content=\"2020-02-18T22:48:13+00:00\" \/>\n<meta property=\"article:modified_time\" content=\"2020-12-06T23:35:27+00:00\" \/>\n<meta property=\"og:image\" content=\"https:\/\/i0.wp.com\/webdelmaestrocmf.com\/portal\/wp-content\/uploads\/2019\/02\/0-1.jpg?fit=1100%2C680&ssl=1\" \/>\n\t<meta property=\"og:image:width\" content=\"1100\" \/>\n\t<meta property=\"og:image:height\" content=\"680\" \/>\n\t<meta property=\"og:image:type\" content=\"image\/jpeg\" \/>\n<meta name=\"author\" content=\"Web del Maestro CMF\" \/>\n<meta name=\"twitter:card\" content=\"summary_large_image\" \/>\n<meta name=\"twitter:creator\" content=\"@cmf_w\" \/>\n<meta name=\"twitter:site\" content=\"@cmf_w\" \/>\n<script type=\"application\/ld+json\" class=\"yoast-schema-graph\">{\"@context\":\"https:\\\/\\\/schema.org\",\"@graph\":[{\"@type\":\"ScholarlyArticle\",\"@id\":\"https:\\\/\\\/webdelmaestrocmf.com\\\/portal\\\/bbva-curso-gratuito-oline-para-padres-de-familia-y-profesores\\\/#article\",\"isPartOf\":{\"@id\":\"https:\\\/\\\/webdelmaestrocmf.com\\\/portal\\\/bbva-curso-gratuito-oline-para-padres-de-familia-y-profesores\\\/\"},\"author\":{\"name\":\"Web del Maestro CMF\",\"@id\":\"https:\\\/\\\/webdelmaestrocmf.com\\\/portal\\\/#\\\/schema\\\/person\\\/1072a2ed7bd960df8ef99a551fa35dc5\"},\"headline\":\"Curso gratuito oline para padres de familia y profesores: \u00abAprender hablar en p\u00fablico\u00bb\",\"datePublished\":\"2020-02-18T22:48:13+00:00\",\"dateModified\":\"2020-12-06T23:35:27+00:00\",\"mainEntityOfPage\":{\"@id\":\"https:\\\/\\\/webdelmaestrocmf.com\\\/portal\\\/bbva-curso-gratuito-oline-para-padres-de-familia-y-profesores\\\/\"},\"wordCount\":1202,\"commentCount\":0,\"publisher\":{\"@id\":\"https:\\\/\\\/webdelmaestrocmf.com\\\/portal\\\/#organization\"},\"image\":{\"@id\":\"https:\\\/\\\/webdelmaestrocmf.com\\\/portal\\\/bbva-curso-gratuito-oline-para-padres-de-familia-y-profesores\\\/#primaryimage\"},\"thumbnailUrl\":\"https:\\\/\\\/webdelmaestrocmf.com\\\/portal\\\/wp-content\\\/uploads\\\/2019\\\/02\\\/0-1.jpg\",\"keywords\":[\"CURSO\",\"GRATUITO\",\"HABLAR\",\"MUCHO\",\"OLINE\",\"Padres de Familia\",\"profesores\"],\"articleSection\":[\"Cursos\",\"Recursos\"],\"inLanguage\":\"es\",\"potentialAction\":[{\"@type\":\"CommentAction\",\"name\":\"Comment\",\"target\":[\"https:\\\/\\\/webdelmaestrocmf.com\\\/portal\\\/bbva-curso-gratuito-oline-para-padres-de-familia-y-profesores\\\/#respond\"]}]},{\"@type\":\"WebPage\",\"@id\":\"https:\\\/\\\/webdelmaestrocmf.com\\\/portal\\\/bbva-curso-gratuito-oline-para-padres-de-familia-y-profesores\\\/\",\"url\":\"https:\\\/\\\/webdelmaestrocmf.com\\\/portal\\\/bbva-curso-gratuito-oline-para-padres-de-familia-y-profesores\\\/\",\"name\":\"Curso gratuito oline para padres de familia y profesores: \\\"Aprender hablar en p\u00fablico\\\" - 2026\",\"isPartOf\":{\"@id\":\"https:\\\/\\\/webdelmaestrocmf.com\\\/portal\\\/#website\"},\"primaryImageOfPage\":{\"@id\":\"https:\\\/\\\/webdelmaestrocmf.com\\\/portal\\\/bbva-curso-gratuito-oline-para-padres-de-familia-y-profesores\\\/#primaryimage\"},\"image\":{\"@id\":\"https:\\\/\\\/webdelmaestrocmf.com\\\/portal\\\/bbva-curso-gratuito-oline-para-padres-de-familia-y-profesores\\\/#primaryimage\"},\"thumbnailUrl\":\"https:\\\/\\\/webdelmaestrocmf.com\\\/portal\\\/wp-content\\\/uploads\\\/2019\\\/02\\\/0-1.jpg\",\"datePublished\":\"2020-02-18T22:48:13+00:00\",\"dateModified\":\"2020-12-06T23:35:27+00:00\",\"description\":\"El comunicar sentimientos, emociones, ideas, opiniones, informaci\u00f3n, es un proceso innato, que se va perfeccionando seg\u00fan el...\",\"breadcrumb\":{\"@id\":\"https:\\\/\\\/webdelmaestrocmf.com\\\/portal\\\/bbva-curso-gratuito-oline-para-padres-de-familia-y-profesores\\\/#breadcrumb\"},\"inLanguage\":\"es\",\"potentialAction\":[{\"@type\":\"ReadAction\",\"target\":[\"https:\\\/\\\/webdelmaestrocmf.com\\\/portal\\\/bbva-curso-gratuito-oline-para-padres-de-familia-y-profesores\\\/\"]}]},{\"@type\":\"ImageObject\",\"inLanguage\":\"es\",\"@id\":\"https:\\\/\\\/webdelmaestrocmf.com\\\/portal\\\/bbva-curso-gratuito-oline-para-padres-de-familia-y-profesores\\\/#primaryimage\",\"url\":\"https:\\\/\\\/webdelmaestrocmf.com\\\/portal\\\/wp-content\\\/uploads\\\/2019\\\/02\\\/0-1.jpg\",\"contentUrl\":\"https:\\\/\\\/webdelmaestrocmf.com\\\/portal\\\/wp-content\\\/uploads\\\/2019\\\/02\\\/0-1.jpg\",\"width\":1100,\"height\":680},{\"@type\":\"BreadcrumbList\",\"@id\":\"https:\\\/\\\/webdelmaestrocmf.com\\\/portal\\\/bbva-curso-gratuito-oline-para-padres-de-familia-y-profesores\\\/#breadcrumb\",\"itemListElement\":[{\"@type\":\"ListItem\",\"position\":1,\"name\":\"Portada\",\"item\":\"https:\\\/\\\/webdelmaestrocmf.com\\\/portal\\\/\"},{\"@type\":\"ListItem\",\"position\":2,\"name\":\"Recursos\",\"item\":\"https:\\\/\\\/webdelmaestrocmf.com\\\/portal\\\/category\\\/pedagogia\\\/\"},{\"@type\":\"ListItem\",\"position\":3,\"name\":\"Curso gratuito oline para padres de familia y profesores: &#8220;Aprender hablar en p\u00fablico&#8221;\"}]},{\"@type\":\"WebSite\",\"@id\":\"https:\\\/\\\/webdelmaestrocmf.com\\\/portal\\\/#website\",\"url\":\"https:\\\/\\\/webdelmaestrocmf.com\\\/portal\\\/\",\"name\":\"Web del Maestro CMF\",\"description\":\"Maestros al servicio de la educaci\u00f3n\",\"publisher\":{\"@id\":\"https:\\\/\\\/webdelmaestrocmf.com\\\/portal\\\/#organization\"},\"alternateName\":\"WMCMF\",\"potentialAction\":[{\"@type\":\"SearchAction\",\"target\":{\"@type\":\"EntryPoint\",\"urlTemplate\":\"https:\\\/\\\/webdelmaestrocmf.com\\\/portal\\\/?s={search_term_string}\"},\"query-input\":{\"@type\":\"PropertyValueSpecification\",\"valueRequired\":true,\"valueName\":\"search_term_string\"}}],\"inLanguage\":\"es\"},{\"@type\":\"Organization\",\"@id\":\"https:\\\/\\\/webdelmaestrocmf.com\\\/portal\\\/#organization\",\"name\":\"Web del Maestro CMF\",\"alternateName\":\"WMCMF\",\"url\":\"https:\\\/\\\/webdelmaestrocmf.com\\\/portal\\\/\",\"logo\":{\"@type\":\"ImageObject\",\"inLanguage\":\"es\",\"@id\":\"https:\\\/\\\/webdelmaestrocmf.com\\\/portal\\\/#\\\/schema\\\/logo\\\/image\\\/\",\"url\":\"https:\\\/\\\/webdelmaestrocmf.com\\\/portal\\\/wp-content\\\/uploads\\\/2023\\\/01\\\/logo-wmcmf-2.png\",\"contentUrl\":\"https:\\\/\\\/webdelmaestrocmf.com\\\/portal\\\/wp-content\\\/uploads\\\/2023\\\/01\\\/logo-wmcmf-2.png\",\"width\":200,\"height\":60,\"caption\":\"Web del Maestro CMF\"},\"image\":{\"@id\":\"https:\\\/\\\/webdelmaestrocmf.com\\\/portal\\\/#\\\/schema\\\/logo\\\/image\\\/\"},\"sameAs\":[\"https:\\\/\\\/www.facebook.com\\\/WebdelMaestroCMF\\\/\",\"https:\\\/\\\/x.com\\\/cmf_w\",\"https:\\\/\\\/www.pinterest.com\\\/WMCMF\\\/\",\"https:\\\/\\\/www.linkedin.com\\\/company\\\/web-del-maestro-cmf\\\/\",\"https:\\\/\\\/www.instagram.com\\\/wmcmf\\\/\",\"https:\\\/\\\/www.youtube.com\\\/channel\\\/UCDPSvjbdodE5sHnC3OxutHw\",\"https:\\\/\\\/mastodon.social\\\/@wmcmf\",\"https:\\\/\\\/www.tiktok.com\\\/@webdelmaestrocmf\"]},{\"@type\":\"Person\",\"@id\":\"https:\\\/\\\/webdelmaestrocmf.com\\\/portal\\\/#\\\/schema\\\/person\\\/1072a2ed7bd960df8ef99a551fa35dc5\",\"name\":\"Web del Maestro CMF\",\"image\":{\"@type\":\"ImageObject\",\"inLanguage\":\"es\",\"@id\":\"https:\\\/\\\/secure.gravatar.com\\\/avatar\\\/23291dd5b5ae1077dcff3dbb04c3e02bd28403fa75af6d8787d5e97c5bbbe30b?s=96&d=mm&r=g\",\"url\":\"https:\\\/\\\/secure.gravatar.com\\\/avatar\\\/23291dd5b5ae1077dcff3dbb04c3e02bd28403fa75af6d8787d5e97c5bbbe30b?s=96&d=mm&r=g\",\"contentUrl\":\"https:\\\/\\\/secure.gravatar.com\\\/avatar\\\/23291dd5b5ae1077dcff3dbb04c3e02bd28403fa75af6d8787d5e97c5bbbe30b?s=96&d=mm&r=g\",\"caption\":\"Web del Maestro CMF\"},\"description\":\"Esta Web se cre\u00f3 sin fines de lucro, con fines educativos, cient\u00edficos y acad\u00e9micos, para personas que tengan dificultades y\\\/o inconvenientes en visualizar el material original. El objetivo es entregar recursos, compartir experiencias y materiales que ayuden a los padres de familia, maestros y estudiantes en su actualizaci\u00f3n y formaci\u00f3n permanente, en bien de la Educaci\u00f3n.\",\"sameAs\":[\"http:\\\/\\\/webdelmaestrocmf.com\\\/portal\",\"https:\\\/\\\/www.facebook.com\\\/WebdelMaestroCMF\\\/\",\"https:\\\/\\\/www.instagram.com\\\/wmcmf\\\/\",\"https:\\\/\\\/cl.linkedin.com\\\/company\\\/web-del-maestro-cmf\",\"https:\\\/\\\/www.pinterest.com\\\/WMCMF\\\/publicaciones\\\/\",\"https:\\\/\\\/x.com\\\/cmf_w\",\"https:\\\/\\\/www.youtube.com\\\/@WMCMF\"]}]}<\/script>\n<!-- \/ Yoast SEO plugin. -->","yoast_head_json":{"title":"Curso gratuito oline para padres de familia y profesores: \"Aprender hablar en p\u00fablico\" - 2026","description":"El comunicar sentimientos, emociones, ideas, opiniones, informaci\u00f3n, es un proceso innato, que se va perfeccionando seg\u00fan el...","robots":{"index":"index","follow":"follow","max-snippet":"max-snippet:-1","max-image-preview":"max-image-preview:large","max-video-preview":"max-video-preview:-1"},"canonical":"https:\/\/webdelmaestrocmf.com\/portal\/bbva-curso-gratuito-oline-para-padres-de-familia-y-profesores\/","og_locale":"es_ES","og_type":"article","og_title":"Curso gratuito oline para padres de familia y profesores: \"Aprender hablar en p\u00fablico\" - 2026","og_description":"El comunicar sentimientos, emociones, ideas, opiniones, informaci\u00f3n, es un proceso innato, que se va perfeccionando seg\u00fan el...","og_url":"https:\/\/webdelmaestrocmf.com\/portal\/bbva-curso-gratuito-oline-para-padres-de-familia-y-profesores\/","og_site_name":"Web del Maestro CMF","article_publisher":"https:\/\/www.facebook.com\/WebdelMaestroCMF\/","article_author":"https:\/\/www.facebook.com\/WebdelMaestroCMF\/","article_published_time":"2020-02-18T22:48:13+00:00","article_modified_time":"2020-12-06T23:35:27+00:00","og_image":[{"width":1100,"height":680,"url":"https:\/\/i0.wp.com\/webdelmaestrocmf.com\/portal\/wp-content\/uploads\/2019\/02\/0-1.jpg?fit=1100%2C680&ssl=1","type":"image\/jpeg"}],"author":"Web del Maestro CMF","twitter_card":"summary_large_image","twitter_creator":"@cmf_w","twitter_site":"@cmf_w","schema":{"@context":"https:\/\/schema.org","@graph":[{"@type":"ScholarlyArticle","@id":"https:\/\/webdelmaestrocmf.com\/portal\/bbva-curso-gratuito-oline-para-padres-de-familia-y-profesores\/#article","isPartOf":{"@id":"https:\/\/webdelmaestrocmf.com\/portal\/bbva-curso-gratuito-oline-para-padres-de-familia-y-profesores\/"},"author":{"name":"Web del Maestro CMF","@id":"https:\/\/webdelmaestrocmf.com\/portal\/#\/schema\/person\/1072a2ed7bd960df8ef99a551fa35dc5"},"headline":"Curso gratuito oline para padres de familia y profesores: \u00abAprender hablar en p\u00fablico\u00bb","datePublished":"2020-02-18T22:48:13+00:00","dateModified":"2020-12-06T23:35:27+00:00","mainEntityOfPage":{"@id":"https:\/\/webdelmaestrocmf.com\/portal\/bbva-curso-gratuito-oline-para-padres-de-familia-y-profesores\/"},"wordCount":1202,"commentCount":0,"publisher":{"@id":"https:\/\/webdelmaestrocmf.com\/portal\/#organization"},"image":{"@id":"https:\/\/webdelmaestrocmf.com\/portal\/bbva-curso-gratuito-oline-para-padres-de-familia-y-profesores\/#primaryimage"},"thumbnailUrl":"https:\/\/webdelmaestrocmf.com\/portal\/wp-content\/uploads\/2019\/02\/0-1.jpg","keywords":["CURSO","GRATUITO","HABLAR","MUCHO","OLINE","Padres de Familia","profesores"],"articleSection":["Cursos","Recursos"],"inLanguage":"es","potentialAction":[{"@type":"CommentAction","name":"Comment","target":["https:\/\/webdelmaestrocmf.com\/portal\/bbva-curso-gratuito-oline-para-padres-de-familia-y-profesores\/#respond"]}]},{"@type":"WebPage","@id":"https:\/\/webdelmaestrocmf.com\/portal\/bbva-curso-gratuito-oline-para-padres-de-familia-y-profesores\/","url":"https:\/\/webdelmaestrocmf.com\/portal\/bbva-curso-gratuito-oline-para-padres-de-familia-y-profesores\/","name":"Curso gratuito oline para padres de familia y profesores: \"Aprender hablar en p\u00fablico\" - 2026","isPartOf":{"@id":"https:\/\/webdelmaestrocmf.com\/portal\/#website"},"primaryImageOfPage":{"@id":"https:\/\/webdelmaestrocmf.com\/portal\/bbva-curso-gratuito-oline-para-padres-de-familia-y-profesores\/#primaryimage"},"image":{"@id":"https:\/\/webdelmaestrocmf.com\/portal\/bbva-curso-gratuito-oline-para-padres-de-familia-y-profesores\/#primaryimage"},"thumbnailUrl":"https:\/\/webdelmaestrocmf.com\/portal\/wp-content\/uploads\/2019\/02\/0-1.jpg","datePublished":"2020-02-18T22:48:13+00:00","dateModified":"2020-12-06T23:35:27+00:00","description":"El comunicar sentimientos, emociones, ideas, opiniones, informaci\u00f3n, es un proceso innato, que se va perfeccionando seg\u00fan el...","breadcrumb":{"@id":"https:\/\/webdelmaestrocmf.com\/portal\/bbva-curso-gratuito-oline-para-padres-de-familia-y-profesores\/#breadcrumb"},"inLanguage":"es","potentialAction":[{"@type":"ReadAction","target":["https:\/\/webdelmaestrocmf.com\/portal\/bbva-curso-gratuito-oline-para-padres-de-familia-y-profesores\/"]}]},{"@type":"ImageObject","inLanguage":"es","@id":"https:\/\/webdelmaestrocmf.com\/portal\/bbva-curso-gratuito-oline-para-padres-de-familia-y-profesores\/#primaryimage","url":"https:\/\/webdelmaestrocmf.com\/portal\/wp-content\/uploads\/2019\/02\/0-1.jpg","contentUrl":"https:\/\/webdelmaestrocmf.com\/portal\/wp-content\/uploads\/2019\/02\/0-1.jpg","width":1100,"height":680},{"@type":"BreadcrumbList","@id":"https:\/\/webdelmaestrocmf.com\/portal\/bbva-curso-gratuito-oline-para-padres-de-familia-y-profesores\/#breadcrumb","itemListElement":[{"@type":"ListItem","position":1,"name":"Portada","item":"https:\/\/webdelmaestrocmf.com\/portal\/"},{"@type":"ListItem","position":2,"name":"Recursos","item":"https:\/\/webdelmaestrocmf.com\/portal\/category\/pedagogia\/"},{"@type":"ListItem","position":3,"name":"Curso gratuito oline para padres de familia y profesores: &#8220;Aprender hablar en p\u00fablico&#8221;"}]},{"@type":"WebSite","@id":"https:\/\/webdelmaestrocmf.com\/portal\/#website","url":"https:\/\/webdelmaestrocmf.com\/portal\/","name":"Web del Maestro CMF","description":"Maestros al servicio de la educaci\u00f3n","publisher":{"@id":"https:\/\/webdelmaestrocmf.com\/portal\/#organization"},"alternateName":"WMCMF","potentialAction":[{"@type":"SearchAction","target":{"@type":"EntryPoint","urlTemplate":"https:\/\/webdelmaestrocmf.com\/portal\/?s={search_term_string}"},"query-input":{"@type":"PropertyValueSpecification","valueRequired":true,"valueName":"search_term_string"}}],"inLanguage":"es"},{"@type":"Organization","@id":"https:\/\/webdelmaestrocmf.com\/portal\/#organization","name":"Web del Maestro CMF","alternateName":"WMCMF","url":"https:\/\/webdelmaestrocmf.com\/portal\/","logo":{"@type":"ImageObject","inLanguage":"es","@id":"https:\/\/webdelmaestrocmf.com\/portal\/#\/schema\/logo\/image\/","url":"https:\/\/webdelmaestrocmf.com\/portal\/wp-content\/uploads\/2023\/01\/logo-wmcmf-2.png","contentUrl":"https:\/\/webdelmaestrocmf.com\/portal\/wp-content\/uploads\/2023\/01\/logo-wmcmf-2.png","width":200,"height":60,"caption":"Web del Maestro CMF"},"image":{"@id":"https:\/\/webdelmaestrocmf.com\/portal\/#\/schema\/logo\/image\/"},"sameAs":["https:\/\/www.facebook.com\/WebdelMaestroCMF\/","https:\/\/x.com\/cmf_w","https:\/\/www.pinterest.com\/WMCMF\/","https:\/\/www.linkedin.com\/company\/web-del-maestro-cmf\/","https:\/\/www.instagram.com\/wmcmf\/","https:\/\/www.youtube.com\/channel\/UCDPSvjbdodE5sHnC3OxutHw","https:\/\/mastodon.social\/@wmcmf","https:\/\/www.tiktok.com\/@webdelmaestrocmf"]},{"@type":"Person","@id":"https:\/\/webdelmaestrocmf.com\/portal\/#\/schema\/person\/1072a2ed7bd960df8ef99a551fa35dc5","name":"Web del Maestro CMF","image":{"@type":"ImageObject","inLanguage":"es","@id":"https:\/\/secure.gravatar.com\/avatar\/23291dd5b5ae1077dcff3dbb04c3e02bd28403fa75af6d8787d5e97c5bbbe30b?s=96&d=mm&r=g","url":"https:\/\/secure.gravatar.com\/avatar\/23291dd5b5ae1077dcff3dbb04c3e02bd28403fa75af6d8787d5e97c5bbbe30b?s=96&d=mm&r=g","contentUrl":"https:\/\/secure.gravatar.com\/avatar\/23291dd5b5ae1077dcff3dbb04c3e02bd28403fa75af6d8787d5e97c5bbbe30b?s=96&d=mm&r=g","caption":"Web del Maestro CMF"},"description":"Esta Web se cre\u00f3 sin fines de lucro, con fines educativos, cient\u00edficos y acad\u00e9micos, para personas que tengan dificultades y\/o inconvenientes en visualizar el material original. El objetivo es entregar recursos, compartir experiencias y materiales que ayuden a los padres de familia, maestros y estudiantes en su actualizaci\u00f3n y formaci\u00f3n permanente, en bien de la Educaci\u00f3n.","sameAs":["http:\/\/webdelmaestrocmf.com\/portal","https:\/\/www.facebook.com\/WebdelMaestroCMF\/","https:\/\/www.instagram.com\/wmcmf\/","https:\/\/cl.linkedin.com\/company\/web-del-maestro-cmf","https:\/\/www.pinterest.com\/WMCMF\/publicaciones\/","https:\/\/x.com\/cmf_w","https:\/\/www.youtube.com\/@WMCMF"]}]}},"jetpack_featured_media_url":"https:\/\/webdelmaestrocmf.com\/portal\/wp-content\/uploads\/2019\/02\/0-1.jpg","jetpack_sharing_enabled":true,"jetpack-related-posts":[{"id":35047,"url":"https:\/\/webdelmaestrocmf.com\/portal\/bbva-curso-gratuito-sobre-inteligencia-emocional-para-que-los-estudiantes-aprendan-a-desarrollar-gestionar-y-regular-sus-emociones\/","url_meta":{"origin":35216,"position":0},"title":"[BBVA] curso gratuito sobre Inteligencia Emocional para que los estudiantes aprendan a desarrollar, gestionar y regular sus emociones","author":"Web del Maestro CMF","date":"4 febrero, 2019","format":false,"excerpt":"Cuando hablamos de \u201cinteligencia emocional\u201d, no todos manejamos el mismo lenguaje, concepto, definici\u00f3n, significaci\u00f3n, idea, ... o entendemos lo mismo cuando opinamos sobre \u201cinteligencia\u201d e \u201cinteligencia emocional. Incluso los especialistas tienen diversas maneras de entender y definir si la inteligencia es \u00fanica y universal. Pero en lo que s\u00ed (creemos\u2026","rel":"","context":"En \u00abCursos\u00bb","block_context":{"text":"Cursos","link":"https:\/\/webdelmaestrocmf.com\/portal\/category\/cursos\/"},"img":{"alt_text":"","src":"https:\/\/i0.wp.com\/webdelmaestrocmf.com\/portal\/wp-content\/uploads\/2019\/02\/1-83.jpg?resize=350%2C200&ssl=1","width":350,"height":200,"srcset":"https:\/\/i0.wp.com\/webdelmaestrocmf.com\/portal\/wp-content\/uploads\/2019\/02\/1-83.jpg?resize=350%2C200&ssl=1 1x, https:\/\/i0.wp.com\/webdelmaestrocmf.com\/portal\/wp-content\/uploads\/2019\/02\/1-83.jpg?resize=525%2C300&ssl=1 1.5x, https:\/\/i0.wp.com\/webdelmaestrocmf.com\/portal\/wp-content\/uploads\/2019\/02\/1-83.jpg?resize=700%2C400&ssl=1 2x, https:\/\/i0.wp.com\/webdelmaestrocmf.com\/portal\/wp-content\/uploads\/2019\/02\/1-83.jpg?resize=1050%2C600&ssl=1 3x"},"classes":[]},{"id":58958,"url":"https:\/\/webdelmaestrocmf.com\/portal\/curso-gratuito-de-classdojo-para-docentes-aprenda-a-gamificar-crear-y-administrar-diferentes-tipos-de-aulas-virtuales\/","url_meta":{"origin":35216,"position":1},"title":"Curso gratuito de ClassDojo para docentes: Aprenda a gamificar, crear y administrar diferentes tipos de aulas virtuales","author":"Web del Maestro CMF","date":"6 febrero, 2021","format":false,"excerpt":"En este curso de Classdojo conocer\u00e1s la herramienta y la dejar\u00e1s lista para usar en tus clases. Es una propuesta para conectar a las familias con el d\u00eda a d\u00eda de las clases. Para que tus estudiantes se involucren y disfruten a\u00fan m\u00e1s tus clases. Como profe puedes crear tus\u2026","rel":"","context":"En \u00abCursos\u00bb","block_context":{"text":"Cursos","link":"https:\/\/webdelmaestrocmf.com\/portal\/category\/cursos\/"},"img":{"alt_text":"","src":"https:\/\/i0.wp.com\/webdelmaestrocmf.com\/portal\/wp-content\/uploads\/2021\/02\/1-copia-21.jpg?resize=350%2C200&ssl=1","width":350,"height":200,"srcset":"https:\/\/i0.wp.com\/webdelmaestrocmf.com\/portal\/wp-content\/uploads\/2021\/02\/1-copia-21.jpg?resize=350%2C200&ssl=1 1x, https:\/\/i0.wp.com\/webdelmaestrocmf.com\/portal\/wp-content\/uploads\/2021\/02\/1-copia-21.jpg?resize=525%2C300&ssl=1 1.5x, https:\/\/i0.wp.com\/webdelmaestrocmf.com\/portal\/wp-content\/uploads\/2021\/02\/1-copia-21.jpg?resize=700%2C400&ssl=1 2x, https:\/\/i0.wp.com\/webdelmaestrocmf.com\/portal\/wp-content\/uploads\/2021\/02\/1-copia-21.jpg?resize=1050%2C600&ssl=1 3x"},"classes":[]},{"id":28270,"url":"https:\/\/webdelmaestrocmf.com\/portal\/como-hablar-con-los-ninos-en-lenguaje-positivo\/","url_meta":{"origin":35216,"position":2},"title":"C\u00f3mo hablar con los ni\u00f1os en lenguaje positivo","author":"Web del Maestro CMF","date":"26 mayo, 2018","format":false,"excerpt":"El lenguaje positivo ayuda a mejorar la comunicaci\u00f3n y las relaciones con uno mismo y los dem\u00e1s, aseguran especialistas en neuroeducaci\u00f3n \u00bfCu\u00e1l es el lenguaje positivo? Aquel lenguaje ordinario que quita todas aquellas palabras ofensivas, palabras chocantes, groseras, dictatoriales y poco corteses; y usa t\u00e9rminos que transmiten cordialidad, tolerancia, aceptaci\u00f3n,\u2026","rel":"","context":"En \u00abYo opino - WMCMF\u00bb","block_context":{"text":"Yo opino - WMCMF","link":"https:\/\/webdelmaestrocmf.com\/portal\/category\/jamb\/"},"img":{"alt_text":"","src":"https:\/\/i0.wp.com\/webdelmaestrocmf.com\/portal\/wp-content\/uploads\/2018\/05\/1-copia-3.jpg?resize=350%2C200&ssl=1","width":350,"height":200,"srcset":"https:\/\/i0.wp.com\/webdelmaestrocmf.com\/portal\/wp-content\/uploads\/2018\/05\/1-copia-3.jpg?resize=350%2C200&ssl=1 1x, https:\/\/i0.wp.com\/webdelmaestrocmf.com\/portal\/wp-content\/uploads\/2018\/05\/1-copia-3.jpg?resize=525%2C300&ssl=1 1.5x, https:\/\/i0.wp.com\/webdelmaestrocmf.com\/portal\/wp-content\/uploads\/2018\/05\/1-copia-3.jpg?resize=700%2C400&ssl=1 2x, https:\/\/i0.wp.com\/webdelmaestrocmf.com\/portal\/wp-content\/uploads\/2018\/05\/1-copia-3.jpg?resize=1050%2C600&ssl=1 3x"},"classes":[]},{"id":61656,"url":"https:\/\/webdelmaestrocmf.com\/portal\/seminario-evangelizador-digital-recurso-para-educacion-religiosa-gratuito\/","url_meta":{"origin":35216,"position":3},"title":"Seminario \u201cEvangelizador Digital\u201d: recurso para Educaci\u00f3n Religiosa (GRATUITO)","author":"Web del Maestro CMF","date":"12 abril, 2021","format":false,"excerpt":"El cierre de las escuelas, las estrictas medidas de confinamiento y la singular, in\u00e9dita y \u201cheroica\u201d tarea que han realizado (y realizan) los profesores y padres de familia para hacer funcional y efectiva la Educaci\u00f3n a Distancia, y que ahora nos lleva a revisar sobre la necesidad de innovar la\u2026","rel":"","context":"En \u00abCursos\u00bb","block_context":{"text":"Cursos","link":"https:\/\/webdelmaestrocmf.com\/portal\/category\/cursos\/"},"img":{"alt_text":"","src":"https:\/\/i0.wp.com\/webdelmaestrocmf.com\/portal\/wp-content\/uploads\/2021\/04\/1-40.jpg?resize=350%2C200&ssl=1","width":350,"height":200,"srcset":"https:\/\/i0.wp.com\/webdelmaestrocmf.com\/portal\/wp-content\/uploads\/2021\/04\/1-40.jpg?resize=350%2C200&ssl=1 1x, https:\/\/i0.wp.com\/webdelmaestrocmf.com\/portal\/wp-content\/uploads\/2021\/04\/1-40.jpg?resize=525%2C300&ssl=1 1.5x, https:\/\/i0.wp.com\/webdelmaestrocmf.com\/portal\/wp-content\/uploads\/2021\/04\/1-40.jpg?resize=700%2C400&ssl=1 2x, https:\/\/i0.wp.com\/webdelmaestrocmf.com\/portal\/wp-content\/uploads\/2021\/04\/1-40.jpg?resize=1050%2C600&ssl=1 3x"},"classes":[]},{"id":114311,"url":"https:\/\/webdelmaestrocmf.com\/portal\/cursos-gratuitos-de-canva-para-docentes-2026-formacion-practica-con-certificacion-incluida\/","url_meta":{"origin":35216,"position":4},"title":"Cursos gratuitos de Canva para docentes 2026: formaci\u00f3n pr\u00e1ctica con certificaci\u00f3n incluida","author":"Web del Maestro CMF","date":"26 diciembre, 2025","format":false,"excerpt":"En la actualidad, el dise\u00f1o de materiales visuales se ha convertido en una competencia esencial para el trabajo docente. Presentaciones claras, recursos visuales atractivos, gu\u00edas did\u00e1cticas, infograf\u00edas o materiales para comunicaci\u00f3n institucional forman parte del quehacer diario. En este contexto, la plataforma Cursa ofrece tres cursos gratuitos en l\u00ednea sobre\u2026","rel":"","context":"En \u00abCursos\u00bb","block_context":{"text":"Cursos","link":"https:\/\/webdelmaestrocmf.com\/portal\/category\/cursos\/"},"img":{"alt_text":"","src":"https:\/\/i0.wp.com\/webdelmaestrocmf.com\/portal\/wp-content\/uploads\/2025\/12\/1A-Banner-1-portada-imagen-10-1-copia-1-16.webp?resize=350%2C200&ssl=1","width":350,"height":200,"srcset":"https:\/\/i0.wp.com\/webdelmaestrocmf.com\/portal\/wp-content\/uploads\/2025\/12\/1A-Banner-1-portada-imagen-10-1-copia-1-16.webp?resize=350%2C200&ssl=1 1x, https:\/\/i0.wp.com\/webdelmaestrocmf.com\/portal\/wp-content\/uploads\/2025\/12\/1A-Banner-1-portada-imagen-10-1-copia-1-16.webp?resize=525%2C300&ssl=1 1.5x, https:\/\/i0.wp.com\/webdelmaestrocmf.com\/portal\/wp-content\/uploads\/2025\/12\/1A-Banner-1-portada-imagen-10-1-copia-1-16.webp?resize=700%2C400&ssl=1 2x"},"classes":[]},{"id":44077,"url":"https:\/\/webdelmaestrocmf.com\/portal\/10-cursos-gratuitos-online-2020-para-maestros-docentes-profesores-y-educadores\/","url_meta":{"origin":35216,"position":5},"title":"10 nuevos cursos gratuitos online para maestros, docentes, profesores y educadores","author":"Web del Maestro CMF","date":"8 febrero, 2020","format":false,"excerpt":"Como en a\u00f1os anteriores, la Universidad Aut\u00f3noma de M\u00e9xico (M\u00e9xico), nos ofrece cursos gratuitos (algunos con ayuda econ\u00f3mica disponible), para actualizar, mejorar nuestros conocimientos y apoyar el desarrollo de una mejor educaci\u00f3n. Los cursos que ofrece la UNAM son muchos y de distintas tem\u00e1ticas, la Web del Maestro CMF ha\u2026","rel":"","context":"En \u00abCursos\u00bb","block_context":{"text":"Cursos","link":"https:\/\/webdelmaestrocmf.com\/portal\/category\/cursos\/"},"img":{"alt_text":"","src":"https:\/\/i0.wp.com\/webdelmaestrocmf.com\/portal\/wp-content\/uploads\/2020\/02\/2-7.jpg?resize=350%2C200&ssl=1","width":350,"height":200,"srcset":"https:\/\/i0.wp.com\/webdelmaestrocmf.com\/portal\/wp-content\/uploads\/2020\/02\/2-7.jpg?resize=350%2C200&ssl=1 1x, https:\/\/i0.wp.com\/webdelmaestrocmf.com\/portal\/wp-content\/uploads\/2020\/02\/2-7.jpg?resize=525%2C300&ssl=1 1.5x, https:\/\/i0.wp.com\/webdelmaestrocmf.com\/portal\/wp-content\/uploads\/2020\/02\/2-7.jpg?resize=700%2C400&ssl=1 2x, https:\/\/i0.wp.com\/webdelmaestrocmf.com\/portal\/wp-content\/uploads\/2020\/02\/2-7.jpg?resize=1050%2C600&ssl=1 3x"},"classes":[]}],"_links":{"self":[{"href":"https:\/\/webdelmaestrocmf.com\/portal\/wp-json\/wp\/v2\/posts\/35216","targetHints":{"allow":["GET"]}}],"collection":[{"href":"https:\/\/webdelmaestrocmf.com\/portal\/wp-json\/wp\/v2\/posts"}],"about":[{"href":"https:\/\/webdelmaestrocmf.com\/portal\/wp-json\/wp\/v2\/types\/post"}],"author":[{"embeddable":true,"href":"https:\/\/webdelmaestrocmf.com\/portal\/wp-json\/wp\/v2\/users\/1"}],"replies":[{"embeddable":true,"href":"https:\/\/webdelmaestrocmf.com\/portal\/wp-json\/wp\/v2\/comments?post=35216"}],"version-history":[{"count":0,"href":"https:\/\/webdelmaestrocmf.com\/portal\/wp-json\/wp\/v2\/posts\/35216\/revisions"}],"wp:featuredmedia":[{"embeddable":true,"href":"https:\/\/webdelmaestrocmf.com\/portal\/wp-json\/wp\/v2\/media\/55647"}],"wp:attachment":[{"href":"https:\/\/webdelmaestrocmf.com\/portal\/wp-json\/wp\/v2\/media?parent=35216"}],"wp:term":[{"taxonomy":"category","embeddable":true,"href":"https:\/\/webdelmaestrocmf.com\/portal\/wp-json\/wp\/v2\/categories?post=35216"},{"taxonomy":"post_tag","embeddable":true,"href":"https:\/\/webdelmaestrocmf.com\/portal\/wp-json\/wp\/v2\/tags?post=35216"}],"curies":[{"name":"wp","href":"https:\/\/api.w.org\/{rel}","templated":true}]}}