{"id":34929,"date":"2019-01-28T21:05:35","date_gmt":"2019-01-29T00:05:35","guid":{"rendered":"http:\/\/webdelmaestrocmf.com\/portal\/?p=34929"},"modified":"2023-10-28T10:27:54","modified_gmt":"2023-10-28T13:27:54","slug":"emilio-calatayud-hemos-pasado-del-padre-autoritario-al-padre-colega","status":"publish","type":"post","link":"https:\/\/webdelmaestrocmf.com\/portal\/emilio-calatayud-hemos-pasado-del-padre-autoritario-al-padre-colega\/","title":{"rendered":"Emilio Calatayud: Hemos pasado del padre autoritario al padre colega"},"content":{"rendered":"<p style=\"text-align: justify;\"><strong>Aunque sea una realidad social, cultural, legal, &#8230; (la espa\u00f1ola) diferente a nuestro actual panorama educativo, con fines de apoyo a la formaci\u00f3n permanente, nos animamos a compartir las opiniones del Doctor Emilio Calatayud P\u00e9rez conocido por dictar sentencias basadas en el trabajo social y la reeducaci\u00f3n a los menores, y por ser autor de obras como Reflexiones de un juez de menores (2007) y Mis sentencias ejemplares (2008). \u00c9l nos habla sobre los principales problemas que afectan a ni\u00f1os y j\u00f3venes, as\u00ed como los desaf\u00edos que en la actualidad enfrenta la sociedad, especialmente en el \u00e1mbito de la educaci\u00f3n.<\/strong><\/p>\n<p><!--more--><\/p>\n<p style=\"text-align: justify;\">El video de la reuni\u00f3n de prensa ha sido colgado en YouTube por Oculta Violencia, y la parte de la Conferencia por la Fundaci\u00f3n Mariano Ruiz-Funes. Escuchar al Doctor Calatayud \u201cpuede ayudarnos\u201d a los padres de familia y maestros a conocer y tener mayores elementos de juicio sobre los or\u00edgenes y consecuencias de la trasgresi\u00f3n que hacen algunos menores a las normas sociales de convivencia. Los educadores tenemos que <strong>aprender siempre y escuchar a todos,<\/strong> pues toda autosuficiencia, creyendo que ya lo sabemos todo, o un estancamiento en la formaci\u00f3n permanente, es una contradicci\u00f3n a nuestra labor<\/p>\n<p style=\"text-align: justify;\">Vale la pena poner sobre aviso (por la experiencia de algunos comentarios desacertados), que<strong> el vocabulario y los giros ling\u00fc\u00edsticos del Juez Calatayud, propios de su cultura, pueden herir susceptibilidades.<\/strong> El propio entrevistador Carlos Gonz\u00e1lez Agull\u00f3 opina que, en este video, Emilio Calatayud, \u201co puede decir m\u00e1s alto, pero no m\u00e1s claro. <strong>Con su dosis de gracejo, dice verdades como pu\u00f1os<\/strong>, de las que no gustan ser o\u00eddas por \u00abpapa\u00edtos modelnos y coleguillas de sus ninios\u00bb y esa chusmilla de pol\u00edticos de izquierda demag\u00f3gica, de los que <strong>quieren igualar a ni\u00f1os y j\u00f3venes por el nivel del m\u00e1s bajo,<\/strong> del m\u00e1s ignorante y del m\u00e1s viciado. Merece la pena o\u00edrlo\u201d. \u00bfDispone de un poquito de tiempo?&#8230; seguro que les interesar\u00e1, e incluso le pueda ser \u00fatil para una socializaci\u00f3n. <a href=\"https:\/\/www.elcorreodemadrid.com\/nacional\/147762618\/VIDEO-entrevista-con-el-Juez-de-Menores-de-Granada-Emilio-Calatayud.html\" target=\"_blank\" rel=\"noopener noreferrer\"><strong>V\u00cdDEO ENTREVISTA CON EL JUEZ DE MENORES DE GRANADA EMILIO CALATAYUD.<\/strong><\/a><\/p>\n<h4><strong>EL JUEZ EMILIO CALATAYUD HABLA DE EDUCACI\u00d3N Y VIOLENCIA EN LA INFANCIA APART\u00c1NDOSE DEL FEMINISMO\u00a0<\/strong><\/h4>\n<p><iframe loading=\"lazy\" src=\"https:\/\/www.youtube.com\/embed\/w52RTnYPlRU\" width=\"100%\" height=\"400\" frameborder=\"0\" allowfullscreen=\"allowfullscreen\"><span data-mce-type=\"bookmark\" style=\"display: inline-block; width: 0px; overflow: hidden; line-height: 0;\" class=\"mce_SELRES_start\">\ufeff<\/span><\/iframe><\/p>\n<p style=\"text-align: justify;\">Para complementar esta conferencia de prensa, hemos elegido algunos di\u00e1logos de entrevistas hechas por Granada Digital, el Peri\u00f3dico La Semana (Fran Ricardo), la Redacci\u00f3n de El Nazareno, y El Mundo (Pedro Sim\u00f3n). Recomendamos leer enteramente en los enlaces que indicamos al final de cada di\u00e1logo.<\/p>\n<h5><strong>GRANADA DIGITAL:\u00a0 Cuando tiene un menor delante en su juzgado, \u00bfempatiza con \u00e9l, recuerda el adolescente que usted fue?<\/strong><\/h5>\n<p style=\"text-align: justify;\"><strong>EMILIO CALATAYUD: <\/strong>\u201c\u00a1Hombre claro, claro\u2026! A m\u00ed me han llegado a decir, y me hizo gracia, <strong>\u201cno me condene usted a estudiar porque puedo llegar a ser ministro\u201d<\/strong>. Y yo le dije, \u201cpues tienes raz\u00f3n\u201d. Y otra vez en un caso de hace unos a\u00f1os, de cuatro o cinco chavales que entraron en una casa de veraneo. Y estaban sus padres deseando que yo les condenase, que les pusiese una condena del \u2018cop\u00f3n\u2019 y tal, porque realmente era una travesura\u2026 ese hecho lo hice yo cuando ten\u00eda trece a\u00f1os. Entonces se me ocurri\u00f3 decirle: <strong>\u2018no os preocup\u00e9is, que lo m\u00e1s que puede pasar es que llegu\u00e9is a ser jueces de menores\u201d<\/strong>.<\/p>\n<p><img loading=\"lazy\" decoding=\"async\" class=\"alignnone size-full wp-image-39273\" src=\"http:\/\/webdelmaestrocmf.com\/portal\/wp-content\/uploads\/2019\/01\/1-65.jpg\" alt=\"\" width=\"980\" height=\"654\" srcset=\"https:\/\/webdelmaestrocmf.com\/portal\/wp-content\/uploads\/2019\/01\/1-65.jpg 980w, https:\/\/webdelmaestrocmf.com\/portal\/wp-content\/uploads\/2019\/01\/1-65-300x200.jpg 300w, https:\/\/webdelmaestrocmf.com\/portal\/wp-content\/uploads\/2019\/01\/1-65-768x513.jpg 768w, https:\/\/webdelmaestrocmf.com\/portal\/wp-content\/uploads\/2019\/01\/1-65-110x73.jpg 110w, https:\/\/webdelmaestrocmf.com\/portal\/wp-content\/uploads\/2019\/01\/1-65-200x133.jpg 200w, https:\/\/webdelmaestrocmf.com\/portal\/wp-content\/uploads\/2019\/01\/1-65-380x254.jpg 380w, https:\/\/webdelmaestrocmf.com\/portal\/wp-content\/uploads\/2019\/01\/1-65-255x170.jpg 255w, https:\/\/webdelmaestrocmf.com\/portal\/wp-content\/uploads\/2019\/01\/1-65-550x367.jpg 550w, https:\/\/webdelmaestrocmf.com\/portal\/wp-content\/uploads\/2019\/01\/1-65-800x534.jpg 800w\" sizes=\"auto, (max-width: 980px) 100vw, 980px\" \/><\/p>\n<h5><strong>GRANADA DIGITAL:\u00a0 No s\u00e9 si conoce o es consciente de los grupos de whatsapp de los padres, que hablan entre ellos para enterarse de lo que hacen los hijos, incluso de los deberes que les han mandado, a d\u00f3nde van\u2026<\/strong><\/h5>\n<p style=\"text-align: justify;\"><strong>EMILIO CALATAYUD: <\/strong>\u201cQue conozcan a los padres de sus amigos me parece muy bien, pero que se metan en cuestiones de los deberes que les mandan, me parece una \u2018tont\u00e1\u2019. <strong>Hay padres que quieren controlarlo todo, y tampoco se puede controlar tanto<\/strong>. Y <strong>hay que recordar que los deberes son de los ni\u00f1os, no son de los padres<\/strong>. Yo ya hice mis deberes cuando era ni\u00f1o, a veces los super protegemos mucho a los padres\u201d. <a href=\"http:\/\/www.granadadigital.es\/entrevista-juez-calatayud\/\" target=\"_blank\" rel=\"noopener noreferrer\"><strong>EMILIO CALATAYUD: \u201cHE TENIDO MUCHAS BRONCAS, SOBRE TODO CON MI HIJO\u201d.<\/strong><\/a><\/p>\n<p>Quiz\u00e1 le interese leer el art\u00edculo <a href=\"http:\/\/webdelmaestrocmf.com\/portal\/la-expulsion-no-conduce-ningun-lado-los-ninos-tienen-estar-la-escuela\/\" target=\"_blank\" rel=\"noopener noreferrer\"><strong>LA EXPULSI\u00d3N NO CONDUCE A NING\u00daN LADO, LOS NI\u00d1OS TIENEN QUE ESTAR EN LA ESCUELA<\/strong><\/a><\/p>\n<p>Compartimos, con fines \u00fanicamente educativos, el video de la conferencia del Juez Calatayud y colgada por la Fundaci\u00f3n Mariano Ruiz-Funes<\/p>\n<h4><strong>FAMILIA, ESCUELA Y EDUCACI\u00d3N\u00a0\u00a0<\/strong>(4\u00b426\u201d)<\/h4>\n<p><iframe loading=\"lazy\" style=\"border: none; overflow: hidden;\" src=\"https:\/\/www.facebook.com\/plugins\/video.php?href=https%3A%2F%2Fwww.facebook.com%2FFMRFMurcia%2Fvideos%2F445368682545902%2F&amp;show_text=0&amp;width=560\" width=\"100%\" height=\"400\" frameborder=\"0\" scrolling=\"no\" allowfullscreen=\"allowfullscreen\"><span data-mce-type=\"bookmark\" style=\"display: inline-block; width: 0px; overflow: hidden; line-height: 0;\" class=\"mce_SELRES_start\">\ufeff<\/span><\/iframe><\/p>\n<h5><strong>FRAN RICARDO: \u00bfCuando falla algo en la educaci\u00f3n la culpa es siempre del profesorado?<\/strong><\/h5>\n<p style=\"text-align: justify;\"><strong>EMILIO CALATAYUD:<\/strong> \u201cLa culpa no es de los profesores, s\u00f3lo que los ni\u00f1os tienen que estudiar, <strong>no hay que motivarlos<\/strong>. \u00bfO t\u00fa est\u00e1s motivado para trabajar y te levantas diciendo que te vas a realizar? Hay d\u00edas que te apetecen y otros que no, pero tienes que hacerlo. Igual con el menor, que tiene que estudiar y estar en el colegio. Y aquellos padres que fomentan que sus hijos no vayan al cole, le quito el paro, la ayuda familiar y vivir del cuento. <strong>Es muy triste que en el siglo XXI un chico de 17 a\u00f1os no sepa leer o escribir\u201d<\/strong>. <a href=\"https:\/\/www.periodicolasemana.es\/20181002\/63549\/es-noticia\/entrevista-a-emilio-calatayud\/\" target=\"_blank\" rel=\"noopener noreferrer\"><strong>ENTREVISTA A EMILIO CALATAYUD<\/strong><\/a><\/p>\n<h5><strong>EL NAZARENO: Tiene claro, pues, que la educaci\u00f3n comienza en la casa.<\/strong><\/h5>\n<p style=\"text-align: justify;\"><strong>EMILIO CALATAYUD:<\/strong> \u201c\u00a1Hombre claro! <strong>La educaci\u00f3n empieza en casa y los responsables son los padres. <\/strong>La escuela es el lugar de transmisi\u00f3n del conocimiento, pero hay cosas que no pueden ser. <strong>No se puede aprobar por ley<\/strong>. Me duele que haya una sentencia que dicto 25 veces al a\u00f1o a chavales de 16 y 17 a\u00f1os a que aprendan a leer y escribir o a que saquen la ESO. <strong>Hay muchos que no saben ni juntar letras, ni entienden.<\/strong> As\u00ed no es, y as\u00ed vamos, que cada vez hay m\u00e1s tontos\u201d.<\/p>\n<h5><strong>EL NAZARENO: \u00bfSiempre ha sido as\u00ed o ha habido un cambio?<\/strong><\/h5>\n<p style=\"text-align: justify;\"><strong>EMILIO CALATAYUD:<\/strong> \u201cHemos pasado de un extremo a otro, <strong>del padre autoritario al padre colega,<\/strong> del maestro dictador al amigo y se han perdido las formas. En el t\u00e9rmino medio est\u00e1 la virtud y en este pa\u00eds no hay t\u00e9rmino medio, hay extremos. Y as\u00ed nos va en todo, en el Congreso cada vez gente m\u00e1s joven, m\u00e1s analfabetos y m\u00e1s mal educados\u201d. <a href=\"http:\/\/www.periodicoelnazareno.es\/emilio-calatayud-y-la-educacion-de-los-adolescentes-hoy-en-dia\/\" target=\"_blank\" rel=\"noopener noreferrer\"><strong>EMILIO CALATAYUD Y LA EDUCACI\u00d3N DE LOS ADOLESCENTES HOY EN D\u00cdA.<\/strong><\/a><\/p>\n<h5><strong>PEDRO SIMON: Hay muchos pedagogos que dicen que castigar a un ni\u00f1o es una abominaci\u00f3n.<\/strong><\/h5>\n<p style=\"text-align: justify;\"><strong>EMILIO CALATAYUD: <\/strong>\u201cEso es un disparate. <strong>Yo soy lo que soy gracias a mis padres<\/strong>. Y a m\u00ed me han castigado lo que no est\u00e1 escrito. <strong>Si mis padres no me hubiesen castigado seguro que no era juez<\/strong>&#8230; A ver, <strong>\u00bfc\u00f3mo puedes evitar que un ni\u00f1o de tres a\u00f1os meta los dedos en un enchufe?<\/strong>\u201d<\/p>\n<p><img loading=\"lazy\" decoding=\"async\" class=\"alignnone size-full wp-image-34939\" src=\"http:\/\/webdelmaestrocmf.com\/portal\/wp-content\/uploads\/2019\/01\/1-41.jpg\" alt=\"\" width=\"1100\" height=\"680\" srcset=\"https:\/\/webdelmaestrocmf.com\/portal\/wp-content\/uploads\/2019\/01\/1-41.jpg 1100w, https:\/\/webdelmaestrocmf.com\/portal\/wp-content\/uploads\/2019\/01\/1-41-300x185.jpg 300w, https:\/\/webdelmaestrocmf.com\/portal\/wp-content\/uploads\/2019\/01\/1-41-768x475.jpg 768w, https:\/\/webdelmaestrocmf.com\/portal\/wp-content\/uploads\/2019\/01\/1-41-1024x633.jpg 1024w\" sizes=\"auto, (max-width: 1100px) 100vw, 1100px\" \/><\/p>\n<h5><strong>PEDRO SIMON: F\u00e1cil<\/strong><\/h5>\n<p style=\"text-align: justify;\"><strong>EMILIO CALATAYUD: <\/strong>\u201cHay dos posibilidades. Cuando vaya a meter los dedos le das en la mano: \u00abPupa, nene\u00bb. La otra es que le digas: \u00abNo introduzcas los dedos en el enchufe porque puedes originar un cortocircuito con unas consecuencias para tu salud\u00bb. <strong>Te pones a razonar con el ni\u00f1o y se te electrocuta el ni\u00f1o<\/strong>&#8230; \u201c<\/p>\n<h5><strong>PEDRO SIMON: Muchos ni\u00f1os quieren las cosas aqu\u00ed y ahora. Y los padres van corriendo con la red debajo.<\/strong><\/h5>\n<p style=\"text-align: justify;\"><strong>EMILIO CALATAYUD: <\/strong>\u201cEl problema es que los ni\u00f1os no admiten la frustraci\u00f3n. Y la frustraci\u00f3n es muy buena. <strong>Estamos haciendo unos ni\u00f1os muy light.<\/strong> Y la vida es dura\u201d<\/p>\n<h5><strong>PEDRO SIMON: <\/strong><strong>\u00bfQu\u00e9 hace m\u00e1s da\u00f1o a un ni\u00f1o, la abundancia o la carest\u00eda?<\/strong><\/h5>\n<p style=\"text-align: justify;\"><strong>EMILIO CALATAYUD: <\/strong>\u201c<strong>Las dos<\/strong>. Hay chavales que lo tienen todo y cometen un delito. Chicas a las que les he quitado el m\u00f3vil de 800 euros un fin de semana e intentan un suicidio. Otro que le rompi\u00f3 la nariz a su madre ciega por desconectarle el ordenador: el chico llevaba meses enganchado a un juego en red sin dormir&#8230; \u201c.<\/p>\n<h5><strong>PEDRO SIMON: \u00bfLos m\u00f3viles est\u00e1n cambiando a los chicos?<\/strong><\/h5>\n<p style=\"text-align: justify;\"><strong>EMILIO CALATAYUD: <\/strong>\u201c<strong>Much\u00edsimo.<\/strong> Recuerdo el caso de una ni\u00f1a de 12 a\u00f1os que se pele\u00f3 con su noviete de 14, entonces una coleguilla del chico le dice a la chica que si quiere ser su nuevo novio. Y le pide una prueba de amor. [Da un golpe en la mesa. En lo que queda de respuesta la grabadora registrar\u00e1 hasta cuatro veces un golpe del pu\u00f1o en la mesa]. La ni\u00f1a se hace una foto y se la manda por WhatsApp. El nuevo novio le pide una prueba de amor m\u00e1s fuerte. La ni\u00f1a le manda una foto en tetas. El nuevo novio le pide una tercera prueba de amor. La ni\u00f1a le manda un v\u00eddeo de seis minutos masturb\u00e1ndose. El nuevo novio se lo manda al antiguo. Y \u00e9ste lo cuelga.\u201d.<\/p>\n<h5><strong>PEDRO SIMON: <\/strong><strong>Las palizas ahora no se dan en los recreos sino en las redes.<\/strong><\/h5>\n<p style=\"text-align: justify;\"><strong>EMILIO CALATAYUD: <\/strong>\u201cEsto [coge su tel\u00e9fono] <strong>nos est\u00e1 ocasionando tres problemas. 1) es una droga; 2) es un instrumento muy peligroso para cometer hechos delictivos. Y 3) es un instrumento muy peligroso para ser v\u00edctima de un hecho delictivo. <\/strong>Yo soy fumador, pero a m\u00ed nunca se me ha ocurrido darle un cigarro a mi hijo con dos a\u00f1os. Pero estoy harto de ver a padres que le dan la tablet a beb\u00e9s para que no den la murga en un restaurante. Yo lo primero que hago nada m\u00e1s levantarme es encenderme un cigarro. Cualquiera que haga lo mismo con el m\u00f3vil tiene un problema\u201d. <strong>\u00a0<a href=\"https:\/\/www.elmundo.es\/papel\/historias\/2018\/01\/20\/5a6222cee5fdeaf36b8b4685.html\" target=\"_blank\" rel=\"noopener noreferrer\">JUEZ CALATAYUD: \u00abCONFUNDIR UN CACHETE A UN HIJO CON MALTRATO ES UNA BARBARIDAD\u00bb.<\/a><\/strong><\/p>\n<p style=\"text-align: center;\">\u00abHace ya mucho tiempo que Internet se nos ha ido de las manos; est\u00e1n unos padres que no son conscientes de que eso es una droga y un instrumento perfecto para cometer hechos delictivos; y, por supuesto, los colegios\u00bb.<\/p>\n<p style=\"text-align: right;\"><strong>REDACCI\u00d3N WEB DEL MAESTRO CMF<\/strong><\/p>\n\t\t<div class=\"pk-inline-posts\">\n\t\t\t\n\t\t\t<div class=\"pk-inline-posts-container pk-inline-posts-template-list\"\n\t\t\t\tdata-columns=\"1\">\n\t\t\t\t\t\t<article id=\"post-118510\" class=\"post-118510 post type-post status-publish format-standard has-post-thumbnail category-entrevistas category-noticias tag-aprendizaje tag-aula tag-docentes tag-educacion-2 tag-estudiantes tag-filosofia-2 tag-formacion-2 tag-inteligencia tag-jose-antonio-marina tag-pedagogia-2 tag-pensamiento-critico-2 cs-entry cs-video-wrap\">\n\t\t\t<div class=\"pk-post-outer\">\n\n\t\t\t\t\t\t\t\t<div class=\"pk-post-inner\">\n\t\t\t\t\t<div class=\"entry-thumbnail\">\n\t\t\t\t\t\t<div class=\"pk-overlay pk-overlay-ratio pk-ratio-landscape\">\n\t\t\t\t\t\t\t<div class=\"pk-overlay-background\">\n\t\t\t\t\t\t\t\t<a href=\"https:\/\/webdelmaestrocmf.com\/portal\/jose-antonio-marina-si-no-teneis-pensamiento-critico-o-si-no-hay-pensamiento-critico-la-manipulacion-va-a-ser-muy-sencilla\/\" class=\"pk-overlay-link\">\n\t\t\t\t\t\t\t\t\t<img loading=\"lazy\" decoding=\"async\" width=\"300\" height=\"225\" src=\"https:\/\/webdelmaestrocmf.com\/portal\/wp-content\/uploads\/2026\/04\/1AA-Banner-1-portada-imagen-10-1-copia-5-6-300x225.webp\" class=\"attachment-pk-thumbnail size-pk-thumbnail wp-post-image\" alt=\"\" \/>\t\t\t\t\t\t\t\t<\/a>\n\t\t\t\t\t\t\t<\/div>\n\t\t\t\t\t\t<\/div>\n\t\t\t\t\t<\/div>\n\t\t\t\t<\/div>\n\t\t\t\t\n\t\t\t\t<div class=\"pk-post-inner\">\n\t\t\t\t\t<header>\n\t\t\t\t\t\t<h3 class=\"pk-title\"><a href=\"https:\/\/webdelmaestrocmf.com\/portal\/jose-antonio-marina-si-no-teneis-pensamiento-critico-o-si-no-hay-pensamiento-critico-la-manipulacion-va-a-ser-muy-sencilla\/\" rel=\"bookmark\">Jos\u00e9 Antonio Marina: Si no ten\u00e9is pensamiento cr\u00edtico, o si no hay pensamiento cr\u00edtico, la manipulaci\u00f3n va a ser muy sencilla<\/a><\/h3>\t\t\t\t\t<\/header><!-- .entry-header -->\n\t\t\t\t<\/div><!-- .post-inner -->\n\n\t\t\t<\/div><!-- .post-outer -->\n\t\t<\/article>\n\t\t\t<article id=\"post-113504\" class=\"post-113504 post type-post status-publish format-standard has-post-thumbnail category-entrevistas category-noticias tag-alumno tag-begona-ibarrola-2 tag-desmotivado tag-vago cs-entry cs-video-wrap\">\n\t\t\t<div class=\"pk-post-outer\">\n\n\t\t\t\t\t\t\t\t<div class=\"pk-post-inner\">\n\t\t\t\t\t<div class=\"entry-thumbnail\">\n\t\t\t\t\t\t<div class=\"pk-overlay pk-overlay-ratio pk-ratio-landscape\">\n\t\t\t\t\t\t\t<div class=\"pk-overlay-background\">\n\t\t\t\t\t\t\t\t<a href=\"https:\/\/webdelmaestrocmf.com\/portal\/begona-ibarrola-debemos-distinguir-entre-un-alumno-verdaderamente-vago-y-uno-que-esta-desmotivado-porque-anticipa-el-fracaso\/\" class=\"pk-overlay-link\">\n\t\t\t\t\t\t\t\t\t<img loading=\"lazy\" decoding=\"async\" width=\"300\" height=\"225\" src=\"https:\/\/webdelmaestrocmf.com\/portal\/wp-content\/uploads\/2025\/11\/1AA-Banner-1-portada-imagen-10-1-copia-3-300x225.webp\" class=\"attachment-pk-thumbnail size-pk-thumbnail wp-post-image\" alt=\"\" \/>\t\t\t\t\t\t\t\t<\/a>\n\t\t\t\t\t\t\t<\/div>\n\t\t\t\t\t\t<\/div>\n\t\t\t\t\t<\/div>\n\t\t\t\t<\/div>\n\t\t\t\t\n\t\t\t\t<div class=\"pk-post-inner\">\n\t\t\t\t\t<header>\n\t\t\t\t\t\t<h3 class=\"pk-title\"><a href=\"https:\/\/webdelmaestrocmf.com\/portal\/begona-ibarrola-debemos-distinguir-entre-un-alumno-verdaderamente-vago-y-uno-que-esta-desmotivado-porque-anticipa-el-fracaso\/\" rel=\"bookmark\">Bego\u00f1a Ibarrola: Debemos distinguir entre un alumno verdaderamente vago y uno que est\u00e1 desmotivado porque anticipa el fracaso<\/a><\/h3>\t\t\t\t\t<\/header><!-- .entry-header -->\n\t\t\t\t<\/div><!-- .post-inner -->\n\n\t\t\t<\/div><!-- .post-outer -->\n\t\t<\/article>\n\t\t\t<article id=\"post-118480\" class=\"post-118480 post type-post status-publish format-standard has-post-thumbnail category-entrevistas category-noticias tag-aprendizaje tag-autonomia-3 tag-desarrollo tag-docentes tag-educacion-2 tag-ensenanza-2 tag-escuela tag-infancia tag-juego tag-pedagogia-2 cs-entry cs-video-wrap\">\n\t\t\t<div class=\"pk-post-outer\">\n\n\t\t\t\t\t\t\t\t<div class=\"pk-post-inner\">\n\t\t\t\t\t<div class=\"entry-thumbnail\">\n\t\t\t\t\t\t<div class=\"pk-overlay pk-overlay-ratio pk-ratio-landscape\">\n\t\t\t\t\t\t\t<div class=\"pk-overlay-background\">\n\t\t\t\t\t\t\t\t<a href=\"https:\/\/webdelmaestrocmf.com\/portal\/francesco-tonucci-hoy-la-escuela-esta-asumiendo-un-error-fatal-que-es-hacer-mas-un-papel-de-ninera-que-de-estructura-educativa\/\" class=\"pk-overlay-link\">\n\t\t\t\t\t\t\t\t\t<img loading=\"lazy\" decoding=\"async\" width=\"300\" height=\"225\" src=\"https:\/\/webdelmaestrocmf.com\/portal\/wp-content\/uploads\/2026\/04\/1AA-Banner-1-portada-imagen-10-1-copia-2-9-300x225.webp\" class=\"attachment-pk-thumbnail size-pk-thumbnail wp-post-image\" alt=\"\" \/>\t\t\t\t\t\t\t\t<\/a>\n\t\t\t\t\t\t\t<\/div>\n\t\t\t\t\t\t<\/div>\n\t\t\t\t\t<\/div>\n\t\t\t\t<\/div>\n\t\t\t\t\n\t\t\t\t<div class=\"pk-post-inner\">\n\t\t\t\t\t<header>\n\t\t\t\t\t\t<h3 class=\"pk-title\"><a href=\"https:\/\/webdelmaestrocmf.com\/portal\/francesco-tonucci-hoy-la-escuela-esta-asumiendo-un-error-fatal-que-es-hacer-mas-un-papel-de-ninera-que-de-estructura-educativa\/\" rel=\"bookmark\">Francesco Tonucci: Hoy la escuela est\u00e1 asumiendo un error fatal que es hacer m\u00e1s un papel de ni\u00f1era que de estructura educativa<\/a><\/h3>\t\t\t\t\t<\/header><!-- .entry-header -->\n\t\t\t\t<\/div><!-- .post-inner -->\n\n\t\t\t<\/div><!-- .post-outer -->\n\t\t<\/article>\n\t\t\t\t<\/div>\n\t\t<\/div>\n\t\t\n","protected":false},"excerpt":{"rendered":"Aunque sea una realidad social, cultural, legal, &#8230; (la espa\u00f1ola) diferente a nuestro actual panorama educativo, con fines&hellip;","protected":false},"author":2,"featured_media":34942,"comment_status":"open","ping_status":"closed","sticky":false,"template":"","format":"standard","meta":{"csco_display_header_overlay":false,"csco_singular_sidebar":"default","csco_page_header_type":"default","csco_page_load_nextpost":"default","csco_post_video_location":[],"csco_post_video_location_hash":"","csco_post_video_url":"","csco_post_video_bg_start_time":0,"csco_post_video_bg_end_time":0,"csco_post_video_bg_volume":false,"_jetpack_memberships_contains_paid_content":false,"footnotes":""},"categories":[48,47],"tags":[4109,4108,4110,4107,4106,1289],"class_list":{"0":"post-34929","1":"post","2":"type-post","3":"status-publish","4":"format-standard","5":"has-post-thumbnail","7":"category-entrevistas","8":"category-noticias","9":"tag-autoritario","10":"tag-calatayud","11":"tag-colega","12":"tag-emilio","13":"tag-emilio-calatayud","14":"tag-padre","15":"cs-entry","16":"cs-video-wrap"},"yoast_head":"<!-- This site is optimized with the Yoast SEO plugin v27.5 - https:\/\/yoast.com\/product\/yoast-seo-wordpress\/ -->\n<title>Emilio Calatayud: Hemos pasado del padre autoritario al padre colega - 2026<\/title>\n<meta name=\"description\" content=\"Vale la pena poner sobre aviso (por la experiencia de algunos comentarios desacertados), que el vocabulario y los giros ling\u00fc\u00edsticos del...\" \/>\n<meta name=\"robots\" content=\"index, follow, max-snippet:-1, max-image-preview:large, max-video-preview:-1\" \/>\n<link rel=\"canonical\" href=\"https:\/\/webdelmaestrocmf.com\/portal\/emilio-calatayud-hemos-pasado-del-padre-autoritario-al-padre-colega\/\" \/>\n<meta property=\"og:locale\" content=\"es_ES\" \/>\n<meta property=\"og:type\" content=\"article\" \/>\n<meta property=\"og:title\" content=\"Emilio Calatayud: Hemos pasado del padre autoritario al padre colega - 2026\" \/>\n<meta property=\"og:description\" content=\"Vale la pena poner sobre aviso (por la experiencia de algunos comentarios desacertados), que el vocabulario y los giros ling\u00fc\u00edsticos del...\" \/>\n<meta property=\"og:url\" content=\"https:\/\/webdelmaestrocmf.com\/portal\/emilio-calatayud-hemos-pasado-del-padre-autoritario-al-padre-colega\/\" \/>\n<meta property=\"og:site_name\" content=\"Web del Maestro CMF\" \/>\n<meta property=\"article:publisher\" content=\"https:\/\/www.facebook.com\/WebdelMaestroCMF\/\" \/>\n<meta property=\"article:author\" content=\"https:\/\/www.facebook.com\/WebdelMaestroCMF\/\" \/>\n<meta property=\"article:published_time\" content=\"2019-01-29T00:05:35+00:00\" \/>\n<meta property=\"article:modified_time\" content=\"2023-10-28T13:27:54+00:00\" \/>\n<meta property=\"og:image\" content=\"https:\/\/webdelmaestrocmf.com\/portal\/wp-content\/uploads\/2019\/01\/2-12.jpg\" \/>\n\t<meta property=\"og:image:width\" content=\"1100\" \/>\n\t<meta property=\"og:image:height\" content=\"680\" \/>\n\t<meta property=\"og:image:type\" content=\"image\/jpeg\" \/>\n<meta name=\"author\" content=\"Web del Maestro CMF\" \/>\n<meta name=\"twitter:card\" content=\"summary_large_image\" \/>\n<meta name=\"twitter:creator\" content=\"@cmf_w\" \/>\n<meta name=\"twitter:site\" content=\"@cmf_w\" \/>\n<script type=\"application\/ld+json\" class=\"yoast-schema-graph\">{\"@context\":\"https:\\\/\\\/schema.org\",\"@graph\":[{\"@type\":\"ScholarlyArticle\",\"@id\":\"https:\\\/\\\/webdelmaestrocmf.com\\\/portal\\\/emilio-calatayud-hemos-pasado-del-padre-autoritario-al-padre-colega\\\/#article\",\"isPartOf\":{\"@id\":\"https:\\\/\\\/webdelmaestrocmf.com\\\/portal\\\/emilio-calatayud-hemos-pasado-del-padre-autoritario-al-padre-colega\\\/\"},\"author\":{\"name\":\"Web del Maestro CMF\",\"@id\":\"https:\\\/\\\/webdelmaestrocmf.com\\\/portal\\\/#\\\/schema\\\/person\\\/ebc57e23d318c9c4270c6f41367015b5\"},\"headline\":\"Emilio Calatayud: Hemos pasado del padre autoritario al padre colega\",\"datePublished\":\"2019-01-29T00:05:35+00:00\",\"dateModified\":\"2023-10-28T13:27:54+00:00\",\"mainEntityOfPage\":{\"@id\":\"https:\\\/\\\/webdelmaestrocmf.com\\\/portal\\\/emilio-calatayud-hemos-pasado-del-padre-autoritario-al-padre-colega\\\/\"},\"wordCount\":1687,\"commentCount\":0,\"publisher\":{\"@id\":\"https:\\\/\\\/webdelmaestrocmf.com\\\/portal\\\/#organization\"},\"image\":{\"@id\":\"https:\\\/\\\/webdelmaestrocmf.com\\\/portal\\\/emilio-calatayud-hemos-pasado-del-padre-autoritario-al-padre-colega\\\/#primaryimage\"},\"thumbnailUrl\":\"https:\\\/\\\/webdelmaestrocmf.com\\\/portal\\\/wp-content\\\/uploads\\\/2019\\\/01\\\/2-12.jpg\",\"keywords\":[\"AUTORITARIO\",\"CALATAYUD\",\"C\u00d3LEGA\",\"EMILIO\",\"EMILIO CALATAYUD\",\"padre\"],\"articleSection\":[\"Entrevistas\",\"Noticias\"],\"inLanguage\":\"es\",\"potentialAction\":[{\"@type\":\"CommentAction\",\"name\":\"Comment\",\"target\":[\"https:\\\/\\\/webdelmaestrocmf.com\\\/portal\\\/emilio-calatayud-hemos-pasado-del-padre-autoritario-al-padre-colega\\\/#respond\"]}]},{\"@type\":\"WebPage\",\"@id\":\"https:\\\/\\\/webdelmaestrocmf.com\\\/portal\\\/emilio-calatayud-hemos-pasado-del-padre-autoritario-al-padre-colega\\\/\",\"url\":\"https:\\\/\\\/webdelmaestrocmf.com\\\/portal\\\/emilio-calatayud-hemos-pasado-del-padre-autoritario-al-padre-colega\\\/\",\"name\":\"Emilio Calatayud: Hemos pasado del padre autoritario al padre colega - 2026\",\"isPartOf\":{\"@id\":\"https:\\\/\\\/webdelmaestrocmf.com\\\/portal\\\/#website\"},\"primaryImageOfPage\":{\"@id\":\"https:\\\/\\\/webdelmaestrocmf.com\\\/portal\\\/emilio-calatayud-hemos-pasado-del-padre-autoritario-al-padre-colega\\\/#primaryimage\"},\"image\":{\"@id\":\"https:\\\/\\\/webdelmaestrocmf.com\\\/portal\\\/emilio-calatayud-hemos-pasado-del-padre-autoritario-al-padre-colega\\\/#primaryimage\"},\"thumbnailUrl\":\"https:\\\/\\\/webdelmaestrocmf.com\\\/portal\\\/wp-content\\\/uploads\\\/2019\\\/01\\\/2-12.jpg\",\"datePublished\":\"2019-01-29T00:05:35+00:00\",\"dateModified\":\"2023-10-28T13:27:54+00:00\",\"description\":\"Vale la pena poner sobre aviso (por la experiencia de algunos comentarios desacertados), que el vocabulario y los giros ling\u00fc\u00edsticos del...\",\"breadcrumb\":{\"@id\":\"https:\\\/\\\/webdelmaestrocmf.com\\\/portal\\\/emilio-calatayud-hemos-pasado-del-padre-autoritario-al-padre-colega\\\/#breadcrumb\"},\"inLanguage\":\"es\",\"potentialAction\":[{\"@type\":\"ReadAction\",\"target\":[\"https:\\\/\\\/webdelmaestrocmf.com\\\/portal\\\/emilio-calatayud-hemos-pasado-del-padre-autoritario-al-padre-colega\\\/\"]}]},{\"@type\":\"ImageObject\",\"inLanguage\":\"es\",\"@id\":\"https:\\\/\\\/webdelmaestrocmf.com\\\/portal\\\/emilio-calatayud-hemos-pasado-del-padre-autoritario-al-padre-colega\\\/#primaryimage\",\"url\":\"https:\\\/\\\/webdelmaestrocmf.com\\\/portal\\\/wp-content\\\/uploads\\\/2019\\\/01\\\/2-12.jpg\",\"contentUrl\":\"https:\\\/\\\/webdelmaestrocmf.com\\\/portal\\\/wp-content\\\/uploads\\\/2019\\\/01\\\/2-12.jpg\",\"width\":1100,\"height\":680},{\"@type\":\"BreadcrumbList\",\"@id\":\"https:\\\/\\\/webdelmaestrocmf.com\\\/portal\\\/emilio-calatayud-hemos-pasado-del-padre-autoritario-al-padre-colega\\\/#breadcrumb\",\"itemListElement\":[{\"@type\":\"ListItem\",\"position\":1,\"name\":\"Portada\",\"item\":\"https:\\\/\\\/webdelmaestrocmf.com\\\/portal\\\/\"},{\"@type\":\"ListItem\",\"position\":2,\"name\":\"Noticias\",\"item\":\"https:\\\/\\\/webdelmaestrocmf.com\\\/portal\\\/category\\\/noticias\\\/\"},{\"@type\":\"ListItem\",\"position\":3,\"name\":\"Emilio Calatayud: Hemos pasado del padre autoritario al padre colega\"}]},{\"@type\":\"WebSite\",\"@id\":\"https:\\\/\\\/webdelmaestrocmf.com\\\/portal\\\/#website\",\"url\":\"https:\\\/\\\/webdelmaestrocmf.com\\\/portal\\\/\",\"name\":\"Web del Maestro CMF\",\"description\":\"Maestros al servicio de la educaci\u00f3n\",\"publisher\":{\"@id\":\"https:\\\/\\\/webdelmaestrocmf.com\\\/portal\\\/#organization\"},\"alternateName\":\"WMCMF\",\"potentialAction\":[{\"@type\":\"SearchAction\",\"target\":{\"@type\":\"EntryPoint\",\"urlTemplate\":\"https:\\\/\\\/webdelmaestrocmf.com\\\/portal\\\/?s={search_term_string}\"},\"query-input\":{\"@type\":\"PropertyValueSpecification\",\"valueRequired\":true,\"valueName\":\"search_term_string\"}}],\"inLanguage\":\"es\"},{\"@type\":\"Organization\",\"@id\":\"https:\\\/\\\/webdelmaestrocmf.com\\\/portal\\\/#organization\",\"name\":\"Web del Maestro CMF\",\"alternateName\":\"WMCMF\",\"url\":\"https:\\\/\\\/webdelmaestrocmf.com\\\/portal\\\/\",\"logo\":{\"@type\":\"ImageObject\",\"inLanguage\":\"es\",\"@id\":\"https:\\\/\\\/webdelmaestrocmf.com\\\/portal\\\/#\\\/schema\\\/logo\\\/image\\\/\",\"url\":\"https:\\\/\\\/webdelmaestrocmf.com\\\/portal\\\/wp-content\\\/uploads\\\/2023\\\/01\\\/logo-wmcmf-2.png\",\"contentUrl\":\"https:\\\/\\\/webdelmaestrocmf.com\\\/portal\\\/wp-content\\\/uploads\\\/2023\\\/01\\\/logo-wmcmf-2.png\",\"width\":200,\"height\":60,\"caption\":\"Web del Maestro CMF\"},\"image\":{\"@id\":\"https:\\\/\\\/webdelmaestrocmf.com\\\/portal\\\/#\\\/schema\\\/logo\\\/image\\\/\"},\"sameAs\":[\"https:\\\/\\\/www.facebook.com\\\/WebdelMaestroCMF\\\/\",\"https:\\\/\\\/x.com\\\/cmf_w\",\"https:\\\/\\\/www.pinterest.com\\\/WMCMF\\\/\",\"https:\\\/\\\/www.linkedin.com\\\/company\\\/web-del-maestro-cmf\\\/\",\"https:\\\/\\\/www.instagram.com\\\/wmcmf\\\/\",\"https:\\\/\\\/www.youtube.com\\\/channel\\\/UCDPSvjbdodE5sHnC3OxutHw\",\"https:\\\/\\\/mastodon.social\\\/@wmcmf\",\"https:\\\/\\\/www.tiktok.com\\\/@webdelmaestrocmf\"]},{\"@type\":\"Person\",\"@id\":\"https:\\\/\\\/webdelmaestrocmf.com\\\/portal\\\/#\\\/schema\\\/person\\\/ebc57e23d318c9c4270c6f41367015b5\",\"name\":\"Web del Maestro CMF\",\"image\":{\"@type\":\"ImageObject\",\"inLanguage\":\"es\",\"@id\":\"https:\\\/\\\/secure.gravatar.com\\\/avatar\\\/718b2df46e711f63dc8c16a160d16cc0104e961fe3c231eaaed2426975fc5e2d?s=96&d=mm&r=g\",\"url\":\"https:\\\/\\\/secure.gravatar.com\\\/avatar\\\/718b2df46e711f63dc8c16a160d16cc0104e961fe3c231eaaed2426975fc5e2d?s=96&d=mm&r=g\",\"contentUrl\":\"https:\\\/\\\/secure.gravatar.com\\\/avatar\\\/718b2df46e711f63dc8c16a160d16cc0104e961fe3c231eaaed2426975fc5e2d?s=96&d=mm&r=g\",\"caption\":\"Web del Maestro CMF\"},\"description\":\"Esta Web se cre\u00f3 sin fines de lucro, con fines educativos, cient\u00edficos y acad\u00e9micos, para personas que tengan dificultades y\\\/o inconvenientes en visualizar el material original. El objetivo es entregar recursos, compartir experiencias y materiales que ayuden a los padres de familia, maestros y estudiantes en su actualizaci\u00f3n y formaci\u00f3n permanente, en bien de la Educaci\u00f3n.\",\"sameAs\":[\"http:\\\/\\\/webdelmaestrocmf.com\\\/portal\",\"https:\\\/\\\/www.facebook.com\\\/WebdelMaestroCMF\\\/\",\"https:\\\/\\\/www.instagram.com\\\/wmcmf\\\/\",\"https:\\\/\\\/cl.linkedin.com\\\/company\\\/web-del-maestro-cmf\",\"https:\\\/\\\/www.pinterest.com\\\/WMCMF\\\/publicaciones\\\/\",\"https:\\\/\\\/x.com\\\/cmf_w\",\"https:\\\/\\\/www.youtube.com\\\/@WMCMF\"]}]}<\/script>\n<!-- \/ Yoast SEO plugin. -->","yoast_head_json":{"title":"Emilio Calatayud: Hemos pasado del padre autoritario al padre colega - 2026","description":"Vale la pena poner sobre aviso (por la experiencia de algunos comentarios desacertados), que el vocabulario y los giros ling\u00fc\u00edsticos del...","robots":{"index":"index","follow":"follow","max-snippet":"max-snippet:-1","max-image-preview":"max-image-preview:large","max-video-preview":"max-video-preview:-1"},"canonical":"https:\/\/webdelmaestrocmf.com\/portal\/emilio-calatayud-hemos-pasado-del-padre-autoritario-al-padre-colega\/","og_locale":"es_ES","og_type":"article","og_title":"Emilio Calatayud: Hemos pasado del padre autoritario al padre colega - 2026","og_description":"Vale la pena poner sobre aviso (por la experiencia de algunos comentarios desacertados), que el vocabulario y los giros ling\u00fc\u00edsticos del...","og_url":"https:\/\/webdelmaestrocmf.com\/portal\/emilio-calatayud-hemos-pasado-del-padre-autoritario-al-padre-colega\/","og_site_name":"Web del Maestro CMF","article_publisher":"https:\/\/www.facebook.com\/WebdelMaestroCMF\/","article_author":"https:\/\/www.facebook.com\/WebdelMaestroCMF\/","article_published_time":"2019-01-29T00:05:35+00:00","article_modified_time":"2023-10-28T13:27:54+00:00","og_image":[{"width":1100,"height":680,"url":"https:\/\/webdelmaestrocmf.com\/portal\/wp-content\/uploads\/2019\/01\/2-12.jpg","type":"image\/jpeg"}],"author":"Web del Maestro CMF","twitter_card":"summary_large_image","twitter_creator":"@cmf_w","twitter_site":"@cmf_w","schema":{"@context":"https:\/\/schema.org","@graph":[{"@type":"ScholarlyArticle","@id":"https:\/\/webdelmaestrocmf.com\/portal\/emilio-calatayud-hemos-pasado-del-padre-autoritario-al-padre-colega\/#article","isPartOf":{"@id":"https:\/\/webdelmaestrocmf.com\/portal\/emilio-calatayud-hemos-pasado-del-padre-autoritario-al-padre-colega\/"},"author":{"name":"Web del Maestro CMF","@id":"https:\/\/webdelmaestrocmf.com\/portal\/#\/schema\/person\/ebc57e23d318c9c4270c6f41367015b5"},"headline":"Emilio Calatayud: Hemos pasado del padre autoritario al padre colega","datePublished":"2019-01-29T00:05:35+00:00","dateModified":"2023-10-28T13:27:54+00:00","mainEntityOfPage":{"@id":"https:\/\/webdelmaestrocmf.com\/portal\/emilio-calatayud-hemos-pasado-del-padre-autoritario-al-padre-colega\/"},"wordCount":1687,"commentCount":0,"publisher":{"@id":"https:\/\/webdelmaestrocmf.com\/portal\/#organization"},"image":{"@id":"https:\/\/webdelmaestrocmf.com\/portal\/emilio-calatayud-hemos-pasado-del-padre-autoritario-al-padre-colega\/#primaryimage"},"thumbnailUrl":"https:\/\/webdelmaestrocmf.com\/portal\/wp-content\/uploads\/2019\/01\/2-12.jpg","keywords":["AUTORITARIO","CALATAYUD","C\u00d3LEGA","EMILIO","EMILIO CALATAYUD","padre"],"articleSection":["Entrevistas","Noticias"],"inLanguage":"es","potentialAction":[{"@type":"CommentAction","name":"Comment","target":["https:\/\/webdelmaestrocmf.com\/portal\/emilio-calatayud-hemos-pasado-del-padre-autoritario-al-padre-colega\/#respond"]}]},{"@type":"WebPage","@id":"https:\/\/webdelmaestrocmf.com\/portal\/emilio-calatayud-hemos-pasado-del-padre-autoritario-al-padre-colega\/","url":"https:\/\/webdelmaestrocmf.com\/portal\/emilio-calatayud-hemos-pasado-del-padre-autoritario-al-padre-colega\/","name":"Emilio Calatayud: Hemos pasado del padre autoritario al padre colega - 2026","isPartOf":{"@id":"https:\/\/webdelmaestrocmf.com\/portal\/#website"},"primaryImageOfPage":{"@id":"https:\/\/webdelmaestrocmf.com\/portal\/emilio-calatayud-hemos-pasado-del-padre-autoritario-al-padre-colega\/#primaryimage"},"image":{"@id":"https:\/\/webdelmaestrocmf.com\/portal\/emilio-calatayud-hemos-pasado-del-padre-autoritario-al-padre-colega\/#primaryimage"},"thumbnailUrl":"https:\/\/webdelmaestrocmf.com\/portal\/wp-content\/uploads\/2019\/01\/2-12.jpg","datePublished":"2019-01-29T00:05:35+00:00","dateModified":"2023-10-28T13:27:54+00:00","description":"Vale la pena poner sobre aviso (por la experiencia de algunos comentarios desacertados), que el vocabulario y los giros ling\u00fc\u00edsticos del...","breadcrumb":{"@id":"https:\/\/webdelmaestrocmf.com\/portal\/emilio-calatayud-hemos-pasado-del-padre-autoritario-al-padre-colega\/#breadcrumb"},"inLanguage":"es","potentialAction":[{"@type":"ReadAction","target":["https:\/\/webdelmaestrocmf.com\/portal\/emilio-calatayud-hemos-pasado-del-padre-autoritario-al-padre-colega\/"]}]},{"@type":"ImageObject","inLanguage":"es","@id":"https:\/\/webdelmaestrocmf.com\/portal\/emilio-calatayud-hemos-pasado-del-padre-autoritario-al-padre-colega\/#primaryimage","url":"https:\/\/webdelmaestrocmf.com\/portal\/wp-content\/uploads\/2019\/01\/2-12.jpg","contentUrl":"https:\/\/webdelmaestrocmf.com\/portal\/wp-content\/uploads\/2019\/01\/2-12.jpg","width":1100,"height":680},{"@type":"BreadcrumbList","@id":"https:\/\/webdelmaestrocmf.com\/portal\/emilio-calatayud-hemos-pasado-del-padre-autoritario-al-padre-colega\/#breadcrumb","itemListElement":[{"@type":"ListItem","position":1,"name":"Portada","item":"https:\/\/webdelmaestrocmf.com\/portal\/"},{"@type":"ListItem","position":2,"name":"Noticias","item":"https:\/\/webdelmaestrocmf.com\/portal\/category\/noticias\/"},{"@type":"ListItem","position":3,"name":"Emilio Calatayud: Hemos pasado del padre autoritario al padre colega"}]},{"@type":"WebSite","@id":"https:\/\/webdelmaestrocmf.com\/portal\/#website","url":"https:\/\/webdelmaestrocmf.com\/portal\/","name":"Web del Maestro CMF","description":"Maestros al servicio de la educaci\u00f3n","publisher":{"@id":"https:\/\/webdelmaestrocmf.com\/portal\/#organization"},"alternateName":"WMCMF","potentialAction":[{"@type":"SearchAction","target":{"@type":"EntryPoint","urlTemplate":"https:\/\/webdelmaestrocmf.com\/portal\/?s={search_term_string}"},"query-input":{"@type":"PropertyValueSpecification","valueRequired":true,"valueName":"search_term_string"}}],"inLanguage":"es"},{"@type":"Organization","@id":"https:\/\/webdelmaestrocmf.com\/portal\/#organization","name":"Web del Maestro CMF","alternateName":"WMCMF","url":"https:\/\/webdelmaestrocmf.com\/portal\/","logo":{"@type":"ImageObject","inLanguage":"es","@id":"https:\/\/webdelmaestrocmf.com\/portal\/#\/schema\/logo\/image\/","url":"https:\/\/webdelmaestrocmf.com\/portal\/wp-content\/uploads\/2023\/01\/logo-wmcmf-2.png","contentUrl":"https:\/\/webdelmaestrocmf.com\/portal\/wp-content\/uploads\/2023\/01\/logo-wmcmf-2.png","width":200,"height":60,"caption":"Web del Maestro CMF"},"image":{"@id":"https:\/\/webdelmaestrocmf.com\/portal\/#\/schema\/logo\/image\/"},"sameAs":["https:\/\/www.facebook.com\/WebdelMaestroCMF\/","https:\/\/x.com\/cmf_w","https:\/\/www.pinterest.com\/WMCMF\/","https:\/\/www.linkedin.com\/company\/web-del-maestro-cmf\/","https:\/\/www.instagram.com\/wmcmf\/","https:\/\/www.youtube.com\/channel\/UCDPSvjbdodE5sHnC3OxutHw","https:\/\/mastodon.social\/@wmcmf","https:\/\/www.tiktok.com\/@webdelmaestrocmf"]},{"@type":"Person","@id":"https:\/\/webdelmaestrocmf.com\/portal\/#\/schema\/person\/ebc57e23d318c9c4270c6f41367015b5","name":"Web del Maestro CMF","image":{"@type":"ImageObject","inLanguage":"es","@id":"https:\/\/secure.gravatar.com\/avatar\/718b2df46e711f63dc8c16a160d16cc0104e961fe3c231eaaed2426975fc5e2d?s=96&d=mm&r=g","url":"https:\/\/secure.gravatar.com\/avatar\/718b2df46e711f63dc8c16a160d16cc0104e961fe3c231eaaed2426975fc5e2d?s=96&d=mm&r=g","contentUrl":"https:\/\/secure.gravatar.com\/avatar\/718b2df46e711f63dc8c16a160d16cc0104e961fe3c231eaaed2426975fc5e2d?s=96&d=mm&r=g","caption":"Web del Maestro CMF"},"description":"Esta Web se cre\u00f3 sin fines de lucro, con fines educativos, cient\u00edficos y acad\u00e9micos, para personas que tengan dificultades y\/o inconvenientes en visualizar el material original. El objetivo es entregar recursos, compartir experiencias y materiales que ayuden a los padres de familia, maestros y estudiantes en su actualizaci\u00f3n y formaci\u00f3n permanente, en bien de la Educaci\u00f3n.","sameAs":["http:\/\/webdelmaestrocmf.com\/portal","https:\/\/www.facebook.com\/WebdelMaestroCMF\/","https:\/\/www.instagram.com\/wmcmf\/","https:\/\/cl.linkedin.com\/company\/web-del-maestro-cmf","https:\/\/www.pinterest.com\/WMCMF\/publicaciones\/","https:\/\/x.com\/cmf_w","https:\/\/www.youtube.com\/@WMCMF"]}]}},"jetpack_featured_media_url":"https:\/\/webdelmaestrocmf.com\/portal\/wp-content\/uploads\/2019\/01\/2-12.jpg","jetpack_sharing_enabled":true,"jetpack-related-posts":[{"id":78618,"url":"https:\/\/webdelmaestrocmf.com\/portal\/emilio-calatayud-un-maestro-no-puede-ser-el-colega-de-sus-alumnos-ni-tampoco-su-tiktoker-tiene-que-ser-su-maestro\/","url_meta":{"origin":34929,"position":0},"title":"Emilio Calatayud: Un maestro no puede ser el colega de sus alumnos\u2026 ni tampoco su \u2018tiktoker\u2019, tiene que ser su maestro","author":"Web del Maestro CMF","date":"17 julio, 2022","format":false,"excerpt":"El docente no debe convertirse en amigo ni figura de entretenimiento; su rol es guiar, formar y mantener autoridad pedag\u00f3gica para garantizar respeto, aprendizaje efectivo y l\u00edmites claros dentro del aula.","rel":"","context":"En \u00abEntrevistas\u00bb","block_context":{"text":"Entrevistas","link":"https:\/\/webdelmaestrocmf.com\/portal\/category\/noticias\/entrevistas\/"},"img":{"alt_text":"","src":"https:\/\/i0.wp.com\/webdelmaestrocmf.com\/portal\/wp-content\/uploads\/2022\/07\/1A-Banner-1-portada-imagen-10-1-copia-10.webp?resize=350%2C200&ssl=1","width":350,"height":200,"srcset":"https:\/\/i0.wp.com\/webdelmaestrocmf.com\/portal\/wp-content\/uploads\/2022\/07\/1A-Banner-1-portada-imagen-10-1-copia-10.webp?resize=350%2C200&ssl=1 1x, https:\/\/i0.wp.com\/webdelmaestrocmf.com\/portal\/wp-content\/uploads\/2022\/07\/1A-Banner-1-portada-imagen-10-1-copia-10.webp?resize=525%2C300&ssl=1 1.5x, https:\/\/i0.wp.com\/webdelmaestrocmf.com\/portal\/wp-content\/uploads\/2022\/07\/1A-Banner-1-portada-imagen-10-1-copia-10.webp?resize=700%2C400&ssl=1 2x"},"classes":[]},{"id":96722,"url":"https:\/\/webdelmaestrocmf.com\/portal\/emilio-calatayud-si-solo-vas-al-colegio-para-renir-a-los-maestros-porque-han-renido-a-tu-hijo-no-eres-su-padre-eres-su-colega\/","url_meta":{"origin":34929,"position":1},"title":"Emilio Calatayud: Si solo vas al colegio para re\u00f1ir a los maestros porque han re\u00f1ido a tu hijo, no eres su padre, eres su colega","author":"Web del Maestro CMF","date":"20 junio, 2025","format":false,"excerpt":"Hay padres que solo van al colegio para abroncar a los maestros porque han corregido o castigado a su hijo.","rel":"","context":"En \u00abEntrevistas\u00bb","block_context":{"text":"Entrevistas","link":"https:\/\/webdelmaestrocmf.com\/portal\/category\/noticias\/entrevistas\/"},"img":{"alt_text":"","src":"https:\/\/i0.wp.com\/webdelmaestrocmf.com\/portal\/wp-content\/uploads\/2023\/10\/1A-Banner-1-portada-imagen-10-1-copia-13.jpg?resize=350%2C200&ssl=1","width":350,"height":200,"srcset":"https:\/\/i0.wp.com\/webdelmaestrocmf.com\/portal\/wp-content\/uploads\/2023\/10\/1A-Banner-1-portada-imagen-10-1-copia-13.jpg?resize=350%2C200&ssl=1 1x, https:\/\/i0.wp.com\/webdelmaestrocmf.com\/portal\/wp-content\/uploads\/2023\/10\/1A-Banner-1-portada-imagen-10-1-copia-13.jpg?resize=525%2C300&ssl=1 1.5x, https:\/\/i0.wp.com\/webdelmaestrocmf.com\/portal\/wp-content\/uploads\/2023\/10\/1A-Banner-1-portada-imagen-10-1-copia-13.jpg?resize=700%2C400&ssl=1 2x"},"classes":[]},{"id":36716,"url":"https:\/\/webdelmaestrocmf.com\/portal\/decalogo-de-emilio-calatayud-para-hacer-de-tu-hijo-un-delincuente\/","url_meta":{"origin":34929,"position":2},"title":"Dec\u00e1logo del juez Emilio Calatayud para hacer de su hijo un delincuente","author":"Web del Maestro CMF","date":"28 marzo, 2020","format":false,"excerpt":"Cuando contaba con trece a\u00f1os, en 1968, su padre le intern\u00f3 por d\u00edscolo en el colegio internado San Jos\u00e9 de Campillos (M\u00e1laga), un lugar con fama de estricto correccional; esta experiencia le marc\u00f3 profundamente y orient\u00f3 su futura especializaci\u00f3n profesional. En 1977 se licenci\u00f3 en Derecho (ICADE) en la Universidad\u2026","rel":"","context":"En \u00abEntrevistas\u00bb","block_context":{"text":"Entrevistas","link":"https:\/\/webdelmaestrocmf.com\/portal\/category\/noticias\/entrevistas\/"},"img":{"alt_text":"","src":"https:\/\/i0.wp.com\/webdelmaestrocmf.com\/portal\/wp-content\/uploads\/2019\/05\/4-2.jpg?resize=350%2C200&ssl=1","width":350,"height":200,"srcset":"https:\/\/i0.wp.com\/webdelmaestrocmf.com\/portal\/wp-content\/uploads\/2019\/05\/4-2.jpg?resize=350%2C200&ssl=1 1x, https:\/\/i0.wp.com\/webdelmaestrocmf.com\/portal\/wp-content\/uploads\/2019\/05\/4-2.jpg?resize=525%2C300&ssl=1 1.5x, https:\/\/i0.wp.com\/webdelmaestrocmf.com\/portal\/wp-content\/uploads\/2019\/05\/4-2.jpg?resize=700%2C400&ssl=1 2x, https:\/\/i0.wp.com\/webdelmaestrocmf.com\/portal\/wp-content\/uploads\/2019\/05\/4-2.jpg?resize=1050%2C600&ssl=1 3x"},"classes":[]},{"id":96015,"url":"https:\/\/webdelmaestrocmf.com\/portal\/emilio-calatayud-tener-un-hijo-es-como-si-tuvieras-siempre-algo-puesto-en-el-fuego-de-la-cocina\/","url_meta":{"origin":34929,"position":3},"title":"Emilio Calatayud: Tener un hijo es como si tuvieras siempre algo puesto en el fuego de la cocina","author":"Web del Maestro CMF","date":"10 febrero, 2024","format":false,"excerpt":"Emilio Calatayud (1955) es un abogado, escritor, magistrado espa\u00f1ol y juez de menores de Granada. Se licenci\u00f3 en Derecho por la Universidad de Deusto (Espa\u00f1a) en 1977. Tras un breve paso por la abogac\u00eda y la empresa, accedi\u00f3 a la carrera judicial en 1980. Desde diciembre de 1988 es titular\u2026","rel":"","context":"En \u00abEntrevistas\u00bb","block_context":{"text":"Entrevistas","link":"https:\/\/webdelmaestrocmf.com\/portal\/category\/noticias\/entrevistas\/"},"img":{"alt_text":"Emilio Calatayud","src":"https:\/\/i0.wp.com\/webdelmaestrocmf.com\/portal\/wp-content\/uploads\/2023\/09\/A12B3C4D-39.webp?resize=350%2C200&ssl=1","width":350,"height":200,"srcset":"https:\/\/i0.wp.com\/webdelmaestrocmf.com\/portal\/wp-content\/uploads\/2023\/09\/A12B3C4D-39.webp?resize=350%2C200&ssl=1 1x, https:\/\/i0.wp.com\/webdelmaestrocmf.com\/portal\/wp-content\/uploads\/2023\/09\/A12B3C4D-39.webp?resize=525%2C300&ssl=1 1.5x, https:\/\/i0.wp.com\/webdelmaestrocmf.com\/portal\/wp-content\/uploads\/2023\/09\/A12B3C4D-39.webp?resize=700%2C400&ssl=1 2x"},"classes":[]},{"id":22935,"url":"https:\/\/webdelmaestrocmf.com\/portal\/la-expulsion-no-conduce-ningun-lado-los-ninos-tienen-estar-la-escuela\/","url_meta":{"origin":34929,"position":4},"title":"Emilio Calatayud: La expulsi\u00f3n no conduce a ning\u00fan lado, los ni\u00f1os tienen que estar en la escuela","author":"Web del Maestro CMF","date":"24 junio, 2024","format":false,"excerpt":"Emilio Juan Ildefonso Calatayud P\u00e9rez es un abogado, escritor y magistrado espa\u00f1ol, juez de menores de Granada, muy conocido por sus sentencias rehabilitatorias y ejemplares (Wikipedia). Se licenci\u00f3 en Derecho en la Universidad de Deusto, y es titular del Juzgado de Menores de Granada y decano de los juzgados de\u2026","rel":"","context":"En \u00abEntrevistas\u00bb","block_context":{"text":"Entrevistas","link":"https:\/\/webdelmaestrocmf.com\/portal\/category\/noticias\/entrevistas\/"},"img":{"alt_text":"","src":"https:\/\/i0.wp.com\/webdelmaestrocmf.com\/portal\/wp-content\/uploads\/2019\/09\/Banner-1-portada-imagen-10-1-56.jpg?resize=350%2C200&ssl=1","width":350,"height":200,"srcset":"https:\/\/i0.wp.com\/webdelmaestrocmf.com\/portal\/wp-content\/uploads\/2019\/09\/Banner-1-portada-imagen-10-1-56.jpg?resize=350%2C200&ssl=1 1x, https:\/\/i0.wp.com\/webdelmaestrocmf.com\/portal\/wp-content\/uploads\/2019\/09\/Banner-1-portada-imagen-10-1-56.jpg?resize=525%2C300&ssl=1 1.5x, https:\/\/i0.wp.com\/webdelmaestrocmf.com\/portal\/wp-content\/uploads\/2019\/09\/Banner-1-portada-imagen-10-1-56.jpg?resize=700%2C400&ssl=1 2x"},"classes":[]},{"id":96246,"url":"https:\/\/webdelmaestrocmf.com\/portal\/poner-limites-a-los-hijos-es-respetarlos\/","url_meta":{"origin":34929,"position":5},"title":"Emilio Calatayud: Poner l\u00edmites a los hijos es respetarlos","author":"Web del Maestro CMF","date":"21 octubre, 2025","format":false,"excerpt":"Poner l\u00edmites con amor y equilibrio no es castigar, es educar con respeto. Los l\u00edmites forman personas responsables, seguras y emocionalmente sanas.","rel":"","context":"En \u00abEntrevistas\u00bb","block_context":{"text":"Entrevistas","link":"https:\/\/webdelmaestrocmf.com\/portal\/category\/noticias\/entrevistas\/"},"img":{"alt_text":"","src":"https:\/\/i0.wp.com\/webdelmaestrocmf.com\/portal\/wp-content\/uploads\/2023\/09\/1A-Banner-1-portada-imagen-10-1-copia-11.jpg?resize=350%2C200&ssl=1","width":350,"height":200,"srcset":"https:\/\/i0.wp.com\/webdelmaestrocmf.com\/portal\/wp-content\/uploads\/2023\/09\/1A-Banner-1-portada-imagen-10-1-copia-11.jpg?resize=350%2C200&ssl=1 1x, https:\/\/i0.wp.com\/webdelmaestrocmf.com\/portal\/wp-content\/uploads\/2023\/09\/1A-Banner-1-portada-imagen-10-1-copia-11.jpg?resize=525%2C300&ssl=1 1.5x, https:\/\/i0.wp.com\/webdelmaestrocmf.com\/portal\/wp-content\/uploads\/2023\/09\/1A-Banner-1-portada-imagen-10-1-copia-11.jpg?resize=700%2C400&ssl=1 2x"},"classes":[]}],"_links":{"self":[{"href":"https:\/\/webdelmaestrocmf.com\/portal\/wp-json\/wp\/v2\/posts\/34929","targetHints":{"allow":["GET"]}}],"collection":[{"href":"https:\/\/webdelmaestrocmf.com\/portal\/wp-json\/wp\/v2\/posts"}],"about":[{"href":"https:\/\/webdelmaestrocmf.com\/portal\/wp-json\/wp\/v2\/types\/post"}],"author":[{"embeddable":true,"href":"https:\/\/webdelmaestrocmf.com\/portal\/wp-json\/wp\/v2\/users\/2"}],"replies":[{"embeddable":true,"href":"https:\/\/webdelmaestrocmf.com\/portal\/wp-json\/wp\/v2\/comments?post=34929"}],"version-history":[{"count":1,"href":"https:\/\/webdelmaestrocmf.com\/portal\/wp-json\/wp\/v2\/posts\/34929\/revisions"}],"predecessor-version":[{"id":114562,"href":"https:\/\/webdelmaestrocmf.com\/portal\/wp-json\/wp\/v2\/posts\/34929\/revisions\/114562"}],"wp:featuredmedia":[{"embeddable":true,"href":"https:\/\/webdelmaestrocmf.com\/portal\/wp-json\/wp\/v2\/media\/34942"}],"wp:attachment":[{"href":"https:\/\/webdelmaestrocmf.com\/portal\/wp-json\/wp\/v2\/media?parent=34929"}],"wp:term":[{"taxonomy":"category","embeddable":true,"href":"https:\/\/webdelmaestrocmf.com\/portal\/wp-json\/wp\/v2\/categories?post=34929"},{"taxonomy":"post_tag","embeddable":true,"href":"https:\/\/webdelmaestrocmf.com\/portal\/wp-json\/wp\/v2\/tags?post=34929"}],"curies":[{"name":"wp","href":"https:\/\/api.w.org\/{rel}","templated":true}]}}