{"id":34853,"date":"2022-03-22T20:20:07","date_gmt":"2022-03-22T23:20:07","guid":{"rendered":"http:\/\/webdelmaestrocmf.com\/portal\/?p=34853"},"modified":"2022-03-22T22:30:16","modified_gmt":"2022-03-23T01:30:16","slug":"el-profesor-como-gestor-pedagogico-curso-on-line-y-modulo-gratuitos","status":"publish","type":"post","link":"https:\/\/webdelmaestrocmf.com\/portal\/el-profesor-como-gestor-pedagogico-curso-on-line-y-modulo-gratuitos\/","title":{"rendered":"Curso on line y m\u00f3dulo gratuitos: El profesor como gestor pedag\u00f3gico"},"content":{"rendered":"<h5 style=\"text-align: justify;\">El encontrar los caminos educativos que respondan a la realidad, en que cada uno desarrolla su tarea educativa, debe comenzar por una motivaci\u00f3n humilde de aceptar que no sabemos todo. \u201cEl secreto de la sabidur\u00eda, del poder y del conocimiento es la humildad\u201d (Ernest Hemingway). Y tambi\u00e9n estamos seguros que es de sabios aprender y desaprender, interrogar razonablemente, escuchar con atenci\u00f3n, a responder serenamente, respetar las diferencias y callar cuando no se tenga nada que decir. Nuestros estudiantes merecen profesores competentes en ense\u00f1ar a aprender y desaprender; ayud\u00e1ndoles a adquirir las capacidades necesarias para discernir, de tal manera que tomen resoluciones libres y responsables, para elegir \u201cqu\u00e9 puente hay que cruzar y qu\u00e9 puente hay que quemar\u00bb (cf Bertrand Russell).<\/h5>\n<p><!--more--><\/p>\n<p style=\"text-align: justify;\">El educador norteamericano Henry Bennion Eyring, afirma que los profesores, y con mayor responsabilidad los directivos, deben \u201caprender a prepararse para las preguntas, a crearlas, a preguntarlas y a responderlas\u201d con la mayor rigurosidad que los avances pedag\u00f3gicos nos ofrecen, casi siempre desde experiencias exitosas. La mejor forma en que un profesor aprende y ense\u00f1a, es <strong>capacit\u00e1ndose para tener la habilidad de orientar el descubrimiento de las respuestas<\/strong>. El profesor l\u00edder sabe que \u201cel formular y responder preguntas se encuentra en el coraz\u00f3n mismo del aprendizaje y de la ense\u00f1anza\u201d. Todo profesor tiene el imperativo de ayudar a sus estudiantes a adquirir esa destreza, cuya efectividad se alcanza solo y \u00fanicamente por medio de la estimulaci\u00f3n, el cuidado, el di\u00e1logo, el consejo y la pr\u00e1ctica.<\/p>\n<p style=\"text-align: justify;\">El Profesor Tim Elmore opina que los l\u00edderes son los que <strong>hacen cosas que requieren valent\u00eda<\/strong>, y por eso siempre les recuerda a sus estudiantes para profesores que, \u201cSi no est\u00e1s dispuesto a hacer lo que pides a los dem\u00e1s, ni empieces\u201d. Toda comunidad educativa <strong>necesita personas que sirvan, no que vengan a servirse,<\/strong> que se involucren en el desarrollo de los planes y programas escolares; necesita de personas <strong>capaces de unir esfuerzos, de trabajar con los otros<\/strong>, de aceptar sus limitaciones y la de los dem\u00e1s, buscar caminos de construcci\u00f3n, y sobre todo ser <strong>tolerante, resiliente e inclusivo<\/strong>. Le sugerimos ampliar estas ideas con nuestra anterior publicaci\u00f3n:<\/p>\n<p><iframe loading=\"lazy\" class=\"wp-embedded-content\" title=\"\u00abT\u00da ERES EL L\u00cdDER DE TU APRENDIZAJE, T\u00da TE INVOLUCRAS EN TU APRENDIZAJE M\u00c1S QUE YO\u00bb \u2014 Web del Maestro CMF\" src=\"https:\/\/webdelmaestrocmf.com\/portal\/tu-eres-el-lider-de-tu-aprendizaje-tu-te-involucras-en-tu-aprendizaje-mas-que-yo\/embed\/#?secret=C19Im4axfR\" width=\"100%\" height=\"270\" frameborder=\"0\" marginwidth=\"0\" marginheight=\"0\" scrolling=\"no\" sandbox=\"allow-scripts\" data-secret=\"C19Im4axfR\"><span data-mce-type=\"bookmark\" style=\"display: inline-block; width: 0px; overflow: hidden; line-height: 0;\" class=\"mce_SELRES_start\">\ufeff<\/span><\/iframe><script type=\"text\/javascript\">\n\/*! This file is auto-generated *\/\n!function(c,d){\"use strict\";var e=!1,o=!1;if(d.querySelector)if(c.addEventListener)e=!0;if(c.wp=c.wp||{},!c.wp.receiveEmbedMessage)if(c.wp.receiveEmbedMessage=function(e){var t=e.data;if(t)if(t.secret||t.message||t.value)if(!\/[^a-zA-Z0-9]\/.test(t.secret)){for(var r,a,i,s=d.querySelectorAll('iframe[data-secret=\"'+t.secret+'\"]'),n=d.querySelectorAll('blockquote[data-secret=\"'+t.secret+'\"]'),o=0;o<n.length;o++)n[o].style.display=\"none\";for(o=0;o<s.length;o++)if(r=s[o],e.source===r.contentWindow){if(r.removeAttribute(\"style\"),\"height\"===t.message){if(1e3<(i=parseInt(t.value,10)))i=1e3;else if(~~i<200)i=200;r.height=i}if(\"link\"===t.message)if(a=d.createElement(\"a\"),i=d.createElement(\"a\"),a.href=r.getAttribute(\"src\"),i.href=t.value,i.host===a.host)if(d.activeElement===r)c.top.location.href=t.value}}},e)c.addEventListener(\"message\",c.wp.receiveEmbedMessage,!1),d.addEventListener(\"DOMContentLoaded\",t,!1),c.addEventListener(\"load\",t,!1);function t(){if(!o){o=!0;for(var e,t,r,a=-1!==navigator.appVersion.indexOf(\"MSIE 10\"),i=!!navigator.userAgent.match(\/Trident.*rv:11\\.\/),s=d.querySelectorAll(\"iframe.wp-embedded-content\"),n=0;n<s.length;n++){if(!(r=(t=s[n]).getAttribute(\"data-secret\")))r=Math.random().toString(36).substr(2,10),t.src+=\"#?secret=\"+r,t.setAttribute(\"data-secret\",r);if(a||i)(e=t.cloneNode(!0)).removeAttribute(\"security\"),t.parentNode.replaceChild(e,t);t.contentWindow.postMessage({message:\"ready\",secret:r},\"*\")}}}}(window,document);\n<\/script><\/p>\n<p style=\"text-align: justify;\">Hoy necesitamos <strong>profesores capaces de hacer so\u00f1ar a sus alumnos<\/strong>, convencidos que para triunfar no se requiere derrotar a otro, sino que la m\u00e1xima victoria es la conquista de uno mismo (cf Miguel \u00c1ngel Cornejo). Los desaf\u00edos del Siglo XXI, nos obligan a dedicarnos humilde, pero perseverantemente (Paulo Freire), a prepararnos acad\u00e9micamente, ser practicantes y defensores de los valores y , como una exigencia vital: ser excelentes en la <strong>gesti\u00f3n del aprendizaje,<\/strong> para <strong>lograr la \u201cestrecha vinculaci\u00f3n con la formaci\u00f3n cognitiva, afectiva, val\u00f3rica y motriz,<\/strong> a partir de la visi\u00f3n hol\u00edstica que se requiere para poder mirar los fen\u00f3menos desde <strong>una \u00f3ptica m\u00e1s global<\/strong> que nos permita ver el proceso ante nosotros como una complejidad justo en la medida de lo que es\u201d (cf Polis, Revista latinoamericana, Santos Soubal Caballero). Porque \u201ccasi sin darnos cuenta, <strong>los profesores hemos estado prestando m\u00e1s atenci\u00f3n a lo que tenemos que hacer nosotros para ense\u00f1ar<\/strong> (como es preparar clases, explicar, examinar), que a lo que tienen que hacer los alumnos para aprender\u201d. Dejando de lado lo importante es el profesor, quien crea el ambiente de aprendizaje, da oportunidades para aprender, pero <strong>luego el sujeto importante es ya el alumno<\/strong> que utiliza esas oportunidades y aprende.<\/p>\n<p><img loading=\"lazy\" decoding=\"async\" class=\"alignnone wp-image-75727\" src=\"https:\/\/webdelmaestrocmf.com\/portal\/wp-content\/uploads\/2019\/01\/1-4.png\" alt=\"\" width=\"756\" height=\"424\" srcset=\"https:\/\/webdelmaestrocmf.com\/portal\/wp-content\/uploads\/2019\/01\/1-4.png 640w, https:\/\/webdelmaestrocmf.com\/portal\/wp-content\/uploads\/2019\/01\/1-4-300x168.png 300w, https:\/\/webdelmaestrocmf.com\/portal\/wp-content\/uploads\/2019\/01\/1-4-110x62.png 110w, https:\/\/webdelmaestrocmf.com\/portal\/wp-content\/uploads\/2019\/01\/1-4-200x112.png 200w, https:\/\/webdelmaestrocmf.com\/portal\/wp-content\/uploads\/2019\/01\/1-4-380x213.png 380w, https:\/\/webdelmaestrocmf.com\/portal\/wp-content\/uploads\/2019\/01\/1-4-255x143.png 255w, https:\/\/webdelmaestrocmf.com\/portal\/wp-content\/uploads\/2019\/01\/1-4-550x309.png 550w\" sizes=\"auto, (max-width: 756px) 100vw, 756px\" \/><\/p>\n<p style=\"text-align: justify;\">Ahora necesitamos <strong>profesores con competencias de gesti\u00f3n<\/strong>, para que la educaci\u00f3n sea real y aut\u00e9nticamente un instrumento de cambio, y se supere la mentalidad industrial de los sistemas anteriores. Los profesores deben promover el que sus asignaturas susciten el desarrollo del pensamiento cr\u00edtico, reflexivo personal y comunitario, que trabajen en forma multidisciplinar<strong>, centrado en el aprendizaje hol\u00edstico, interactivo, natural y social...<\/strong> \u201cCreemos que la educaci\u00f3n debe conectar al educando con las maravillas del mundo natural por medio de m\u00e9todos que lo hagan embeberse en la vida y en la naturaleza. La educaci\u00f3n <strong>debe conectar al educando con el funcionamiento integral de la sociedad<\/strong>\" (Jos\u00e9 \u00c1ngel L\u00f3pez Herrer\u00edas). de la cf <a href=\"http:\/\/web.upcomillas.es\/eees\/Documentos\/ense\u00f1anza_centrada_%20aprendizaje.pdf\" target=\"_blank\" rel=\"noopener noreferrer\"><strong>IMPLICACIONES PARA EL PROFESOR DE UNA ENSE\u00d1ANZA CENTRADA EN EL ALUMNO<\/strong><\/a><\/p>\n<p style=\"text-align: justify;\">Algunos profesores, sabemos por experiencia, que <strong>no es f\u00e1cil encontrar el tiempo para la formaci\u00f3n permanente,<\/strong> pero hemos aprendido a encontrarlo, porque para hacer so\u00f1ar a nuestros estudiantes, con la magia de aprender nuevos conocimientos (al estilo Harry Potter), es necesario <strong>creer que somos capaces de hacer posible lo imposible<\/strong>, como nos dijo el ilustre motivador mexicano, Don Miguel \u00c1ngel Cornejo, refiri\u00e9ndose a la tarea del maestro. Cuanto m\u00e1s leemos y <strong>aprendemos <\/strong>(no copiar o replicar)<strong> las experiencias educativas de otros o vamos creando comunitariamente las propias<\/strong>, m\u00e1s seguros estaremos de lograr que nuestros alumnos adquieran las <strong>actitudes, h\u00e1bitos, capacidades y las habilidades<\/strong> suficientes para estimular su voluntad, su compromiso y su confianza en s\u00ed mismos y en el equipo de trabajo.<\/p>\n<p style=\"text-align: justify;\">El gestor educativo anima al trabajo colaborativo y cooperativo, fortalece la seguridad de cada miembro para llevar a cabo <strong>las tareas orientadas al bien com\u00fan<\/strong>. Y esta parece ser la orientaci\u00f3n del futuro. Para la responsable de Aol Jobs, el trabajo en equipo es como una orquesta: \u201cun solo m\u00fasico puede arruinar el trabajo del resto de compa\u00f1eros, por lo que hay que prestar atenci\u00f3n y dar todo de s\u00ed para que salga bien\u201d.<\/p>\n<p style=\"text-align: justify;\">Quiz\u00e1 le interesa ampliar este tema en:<\/p>\n<p><iframe loading=\"lazy\" class=\"wp-embedded-content\" title=\"\u00abDe la gesti\u00f3n de la ense\u00f1anza a la gesti\u00f3n del aprendizaje\u00bb \u2014 Web del Maestro CMF\" src=\"https:\/\/webdelmaestrocmf.com\/portal\/la-gestion-la-ensenanza-la-gestion-del-aprendizaje\/embed\/#?secret=BZZD1pQAjJ\" width=\"100%\" height=\"270\" frameborder=\"0\" marginwidth=\"0\" marginheight=\"0\" scrolling=\"no\" sandbox=\"allow-scripts\" data-secret=\"BZZD1pQAjJ\"><span data-mce-type=\"bookmark\" style=\"display: inline-block; width: 0px; overflow: hidden; line-height: 0;\" class=\"mce_SELRES_start\">\ufeff<\/span><\/iframe><script type=\"text\/javascript\">\n\/*! This file is auto-generated *\/\n!function(c,d){\"use strict\";var e=!1,o=!1;if(d.querySelector)if(c.addEventListener)e=!0;if(c.wp=c.wp||{},!c.wp.receiveEmbedMessage)if(c.wp.receiveEmbedMessage=function(e){var t=e.data;if(t)if(t.secret||t.message||t.value)if(!\/[^a-zA-Z0-9]\/.test(t.secret)){for(var r,a,i,s=d.querySelectorAll('iframe[data-secret=\"'+t.secret+'\"]'),n=d.querySelectorAll('blockquote[data-secret=\"'+t.secret+'\"]'),o=0;o<n.length;o++)n[o].style.display=\"none\";for(o=0;o<s.length;o++)if(r=s[o],e.source===r.contentWindow){if(r.removeAttribute(\"style\"),\"height\"===t.message){if(1e3<(i=parseInt(t.value,10)))i=1e3;else if(~~i<200)i=200;r.height=i}if(\"link\"===t.message)if(a=d.createElement(\"a\"),i=d.createElement(\"a\"),a.href=r.getAttribute(\"src\"),i.href=t.value,i.host===a.host)if(d.activeElement===r)c.top.location.href=t.value}}},e)c.addEventListener(\"message\",c.wp.receiveEmbedMessage,!1),d.addEventListener(\"DOMContentLoaded\",t,!1),c.addEventListener(\"load\",t,!1);function t(){if(!o){o=!0;for(var e,t,r,a=-1!==navigator.appVersion.indexOf(\"MSIE 10\"),i=!!navigator.userAgent.match(\/Trident.*rv:11\\.\/),s=d.querySelectorAll(\"iframe.wp-embedded-content\"),n=0;n<s.length;n++){if(!(r=(t=s[n]).getAttribute(\"data-secret\")))r=Math.random().toString(36).substr(2,10),t.src+=\"#?secret=\"+r,t.setAttribute(\"data-secret\",r);if(a||i)(e=t.cloneNode(!0)).removeAttribute(\"security\"),t.parentNode.replaceChild(e,t);t.contentWindow.postMessage({message:\"ready\",secret:r},\"*\")}}}}(window,document);\n<\/script><\/p>\n<p style=\"text-align: justify;\">La b\u00fasqueda y la conciliaci\u00f3n de fuerzas <strong>para lograr la excelencia y la calidad educativas<\/strong>, de cualquier comunidad educativa, se fundamenta en tener profesores, personal directivo, administrativo y de apoyo <strong>que quieran realizarse plenamente<\/strong>, no ser asalariados, ni cumplidores de horarios y planes curriculares o administrativos, sino <strong>animadores importantes de la educaci\u00f3n<\/strong>. Sabemos que <strong>gestionar la vida en el aula y en la escuela<\/strong>, como profesores, no puede ser confiando en los conocimientos previos o creyendo en \u201clos buenos deseos o intenciones\u201d, o quiz\u00e1 en \u201ciluminaciones\u201d.<\/p>\n<p style=\"text-align: justify;\">Los profesores tenemos que ser <strong>expertos en gesti\u00f3n educativa<\/strong>; ser capaces de crear un <strong>ambiente de armon\u00eda, confianza y cooperaci\u00f3n<\/strong> que facilite el di\u00e1logo para llegar al logro de objetivos. El ense\u00f1ar a aprender y mejorar el <strong>trabajo \u201ccon los otros\u201d, es ahora una tarea docente fundamental,<\/strong> para manejar toda la informaci\u00f3n (tan grande como las redes) para que cada uno lo exponga o presente a consideraci\u00f3n del grupo.<\/p>\n<p style=\"text-align: justify;\"><strong>El buen gestor educativo <\/strong>debe tener la habilidad para crear espacios y pr\u00e1cticas que sean cuidadosas, dedicadas, respetables, respetuosas, confiables, estimulantes, preocupadas, y que contribuyan a desarrollar comunidades de aprendizaje donde se favorezcan la democracia, la equidad, la diversidad y la justicia social.<\/p>\n<p style=\"text-align: justify;\"><strong>El buen gestor educativo<\/strong> es capaz de gestionar todos los recursos que la comunidad escolar tiene, para lograr las condiciones \u00f3ptimas e indispensables para que \u00e9l y los profesores desempe\u00f1en bien la funci\u00f3n educativa.<\/p>\n<p style=\"text-align: justify;\"><strong>Un gestor y l\u00edder educativo<\/strong> busca la consolidaci\u00f3n de su formaci\u00f3n inicial y su formaci\u00f3n permanente; preocup\u00e1ndose por renovarse y capacitarse d\u00eda a d\u00eda, con la finalidad de cubrir las exigencias de los alumnos, de los docentes, de la instituci\u00f3n y de la sociedad en general. <a href=\"https:\/\/www.monografias.com\/trabajos104\/caracteristicas-lideres-educativos\/caracteristicas-lideres-educativos.shtml\" target=\"_blank\" rel=\"noopener noreferrer\">(cf <strong>LOS GESTORES Y L\u00cdDERES EDUCATIVOS).<\/strong><\/a><\/p>\n<p style=\"text-align: justify;\">Para quienes dispongan de tiempo y de internet, quiz\u00e1 les interese y les pueda ser \u00fatil (aunque sea para empresas en general) el<strong> CURSO VIRTUAL QUE OFRECEN GRATUITAMENTE<\/strong> (la certificaci\u00f3n si es pagada) la plataforma <strong>Coursera<\/strong>, y la <strong>Pontifica Universidad Cat\u00f3lica de Chile<\/strong>, sobre la <strong>planificaci\u00f3n y gesti\u00f3n de proyectos<\/strong> de media y alta envergadura, ingresando a este enlace:<a href=\"http:\/\/trabajohumanitario.org\/curso-virtual-gestion-de-proyectos\/\" target=\"_blank\" rel=\"noopener noreferrer\"><strong> CURSO VIRTUAL: GESTI\u00d3N DE PROYECTOS<\/strong><\/a><\/p>\n<p style=\"text-align: justify;\">Perm\u00edtanos recomendarle <strong>DESCARGAR GRATUITAMENTE<\/strong> (por motivos \u00fanicamente educativos) el M\u00f3dulo sobre gesti\u00f3n y liderazgo en la escuela peruana, que puede ser adaptada a la diversidad geogr\u00e1fica, social y cultural de los educadores de la comunidad digital de la Web del Maestro CMF. Basta con hacer el enlace aqu\u00ed: <a href=\"https:\/\/drive.google.com\/file\/d\/1hYfjQChFbBKpXSzAJNwzEIOczYwxLcst\/view\" target=\"_blank\" rel=\"noopener noreferrer\"><strong>GESTI\u00d3N CURRICULAR, COMUNIDADES DE APRENDIZAJE Y LIDERAZGO PEDAG\u00d3GICO<\/strong><\/a><\/p>\n<p><em>\u201cLa calidad nunca es un accidente, siempre es resultado de un esfuerzo de la inteligencia\u201d<\/em> (John Ruskiin).<\/p>\n<p style=\"text-align: right;\"><strong>REDACCI\u00d3N WEB DEL MAESTRO CMF<\/strong><\/p>\n\t\t<div class=\"pk-inline-posts\">\n\t\t\t\n\t\t\t<div class=\"pk-inline-posts-container pk-inline-posts-template-list\"\n\t\t\t\tdata-columns=\"1\">\n\t\t\t\t\t\t<article id=\"post-118538\" class=\"post-118538 post type-post status-publish format-standard has-post-thumbnail category-descargas-manuales-pdf category-pedagogia category-tea tag-aprendizaje tag-aula tag-crisis-educativa tag-docentes tag-educacion-3 tag-escuela tag-pedagogia-3 tag-reflexion-docente-2 tag-rol-docente tag-sistema-educativo cs-entry cs-video-wrap\">\n\t\t\t<div class=\"pk-post-outer\">\n\n\t\t\t\t\t\t\t\t<div class=\"pk-post-inner\">\n\t\t\t\t\t<div class=\"entry-thumbnail\">\n\t\t\t\t\t\t<div class=\"pk-overlay pk-overlay-ratio pk-ratio-landscape\">\n\t\t\t\t\t\t\t<div class=\"pk-overlay-background\">\n\t\t\t\t\t\t\t\t<a href=\"https:\/\/webdelmaestrocmf.com\/portal\/nuevo-recurso-clave-para-el-aula-descarga-una-lista-de-control-para-la-deteccion-inicial-del-tea-trastorno-del-espectro-autista\/\" class=\"pk-overlay-link\">\n\t\t\t\t\t\t\t\t\t<img loading=\"lazy\" decoding=\"async\" width=\"300\" height=\"225\" src=\"https:\/\/webdelmaestrocmf.com\/portal\/wp-content\/uploads\/2026\/05\/1AA-Banner-1-portada-imagen-10-1-copia-1-300x225.webp\" class=\"attachment-pk-thumbnail size-pk-thumbnail wp-post-image\" alt=\"\" \/>\t\t\t\t\t\t\t\t<\/a>\n\t\t\t\t\t\t\t<\/div>\n\t\t\t\t\t\t<\/div>\n\t\t\t\t\t<\/div>\n\t\t\t\t<\/div>\n\t\t\t\t\n\t\t\t\t<div class=\"pk-post-inner\">\n\t\t\t\t\t<header>\n\t\t\t\t\t\t<h3 class=\"pk-title\"><a href=\"https:\/\/webdelmaestrocmf.com\/portal\/nuevo-recurso-clave-para-el-aula-descarga-una-lista-de-control-para-la-deteccion-inicial-del-tea-trastorno-del-espectro-autista\/\" rel=\"bookmark\">Nuevo recurso clave para el aula: descarga una lista de control para la detecci\u00f3n inicial del TEA (Trastorno del Espectro Autista)<\/a><\/h3>\t\t\t\t\t<\/header><!-- .entry-header -->\n\t\t\t\t<\/div><!-- .post-inner -->\n\n\t\t\t<\/div><!-- .post-outer -->\n\t\t<\/article>\n\t\t\t\t<\/div>\n\t\t<\/div>\n\t\t\n","protected":false},"excerpt":{"rendered":"El encontrar los caminos educativos que respondan a la realidad, en que cada uno desarrolla su tarea educativa,&hellip;","protected":false},"author":1,"featured_media":75729,"comment_status":"open","ping_status":"closed","sticky":false,"template":"","format":"standard","meta":{"csco_display_header_overlay":false,"csco_singular_sidebar":"default","csco_page_header_type":"default","csco_page_load_nextpost":"default","csco_post_video_location":[],"csco_post_video_location_hash":"","csco_post_video_url":"","csco_post_video_bg_start_time":0,"csco_post_video_bg_end_time":0,"csco_post_video_bg_volume":false,"_jetpack_memberships_contains_paid_content":false,"footnotes":""},"categories":[1171,735],"tags":[1720,4092,1730,4093,4077,1961,342],"class_list":{"0":"post-34853","1":"post","2":"type-post","3":"status-publish","4":"format-standard","5":"has-post-thumbnail","7":"category-cursos","8":"category-pedagogia","9":"tag-curso","10":"tag-gestor","11":"tag-gratuitos","12":"tag-modulo","13":"tag-on-line","14":"tag-pedagogico","15":"tag-profesor","16":"cs-entry","17":"cs-video-wrap"},"yoast_head":"<!-- This site is optimized with the Yoast SEO plugin v27.5 - https:\/\/yoast.com\/product\/yoast-seo-wordpress\/ -->\n<title>Curso on line y m\u00f3dulo gratuitos: El profesor como gestor pedag\u00f3gico - 2026<\/title>\n<meta name=\"description\" content=\"El encontrar los caminos educativos que respondan a la realidad, en que cada uno desarrolla su tarea educativa, debe comenzar por una...\" \/>\n<meta name=\"robots\" content=\"index, follow, max-snippet:-1, max-image-preview:large, max-video-preview:-1\" \/>\n<link rel=\"canonical\" href=\"https:\/\/webdelmaestrocmf.com\/portal\/el-profesor-como-gestor-pedagogico-curso-on-line-y-modulo-gratuitos\/\" \/>\n<meta property=\"og:locale\" content=\"es_ES\" \/>\n<meta property=\"og:type\" content=\"article\" \/>\n<meta property=\"og:title\" content=\"Curso on line y m\u00f3dulo gratuitos: El profesor como gestor pedag\u00f3gico - 2026\" \/>\n<meta property=\"og:description\" content=\"El encontrar los caminos educativos que respondan a la realidad, en que cada uno desarrolla su tarea educativa, debe comenzar por una...\" \/>\n<meta property=\"og:url\" content=\"https:\/\/webdelmaestrocmf.com\/portal\/el-profesor-como-gestor-pedagogico-curso-on-line-y-modulo-gratuitos\/\" \/>\n<meta property=\"og:site_name\" content=\"Web del Maestro CMF\" \/>\n<meta property=\"article:publisher\" content=\"https:\/\/www.facebook.com\/WebdelMaestroCMF\/\" \/>\n<meta property=\"article:author\" content=\"https:\/\/www.facebook.com\/WebdelMaestroCMF\/\" \/>\n<meta property=\"article:published_time\" content=\"2022-03-22T23:20:07+00:00\" \/>\n<meta property=\"article:modified_time\" content=\"2022-03-23T01:30:16+00:00\" \/>\n<meta property=\"og:image\" content=\"https:\/\/i0.wp.com\/webdelmaestrocmf.com\/portal\/wp-content\/uploads\/2019\/01\/1-105.jpg?fit=1100%2C680&ssl=1\" \/>\n\t<meta property=\"og:image:width\" content=\"1100\" \/>\n\t<meta property=\"og:image:height\" content=\"680\" \/>\n\t<meta property=\"og:image:type\" content=\"image\/jpeg\" \/>\n<meta name=\"author\" content=\"Web del Maestro CMF\" \/>\n<meta name=\"twitter:card\" content=\"summary_large_image\" \/>\n<meta name=\"twitter:creator\" content=\"@cmf_w\" \/>\n<meta name=\"twitter:site\" content=\"@cmf_w\" \/>\n<script type=\"application\/ld+json\" class=\"yoast-schema-graph\">{\"@context\":\"https:\\\/\\\/schema.org\",\"@graph\":[{\"@type\":\"ScholarlyArticle\",\"@id\":\"https:\\\/\\\/webdelmaestrocmf.com\\\/portal\\\/el-profesor-como-gestor-pedagogico-curso-on-line-y-modulo-gratuitos\\\/#article\",\"isPartOf\":{\"@id\":\"https:\\\/\\\/webdelmaestrocmf.com\\\/portal\\\/el-profesor-como-gestor-pedagogico-curso-on-line-y-modulo-gratuitos\\\/\"},\"author\":{\"name\":\"Web del Maestro CMF\",\"@id\":\"https:\\\/\\\/webdelmaestrocmf.com\\\/portal\\\/#\\\/schema\\\/person\\\/1072a2ed7bd960df8ef99a551fa35dc5\"},\"headline\":\"Curso on line y m\u00f3dulo gratuitos: El profesor como gestor pedag\u00f3gico\",\"datePublished\":\"2022-03-22T23:20:07+00:00\",\"dateModified\":\"2022-03-23T01:30:16+00:00\",\"mainEntityOfPage\":{\"@id\":\"https:\\\/\\\/webdelmaestrocmf.com\\\/portal\\\/el-profesor-como-gestor-pedagogico-curso-on-line-y-modulo-gratuitos\\\/\"},\"wordCount\":1412,\"commentCount\":0,\"publisher\":{\"@id\":\"https:\\\/\\\/webdelmaestrocmf.com\\\/portal\\\/#organization\"},\"image\":{\"@id\":\"https:\\\/\\\/webdelmaestrocmf.com\\\/portal\\\/el-profesor-como-gestor-pedagogico-curso-on-line-y-modulo-gratuitos\\\/#primaryimage\"},\"thumbnailUrl\":\"https:\\\/\\\/webdelmaestrocmf.com\\\/portal\\\/wp-content\\\/uploads\\\/2019\\\/01\\\/1-105.jpg\",\"keywords\":[\"CURSO\",\"GESTOR\",\"GRATUITOS\",\"M\u00d3DULO\",\"ON LINE\",\"pedag\u00f3gico\",\"profesor\"],\"articleSection\":[\"Cursos\",\"Recursos\"],\"inLanguage\":\"es\",\"potentialAction\":[{\"@type\":\"CommentAction\",\"name\":\"Comment\",\"target\":[\"https:\\\/\\\/webdelmaestrocmf.com\\\/portal\\\/el-profesor-como-gestor-pedagogico-curso-on-line-y-modulo-gratuitos\\\/#respond\"]}]},{\"@type\":\"WebPage\",\"@id\":\"https:\\\/\\\/webdelmaestrocmf.com\\\/portal\\\/el-profesor-como-gestor-pedagogico-curso-on-line-y-modulo-gratuitos\\\/\",\"url\":\"https:\\\/\\\/webdelmaestrocmf.com\\\/portal\\\/el-profesor-como-gestor-pedagogico-curso-on-line-y-modulo-gratuitos\\\/\",\"name\":\"Curso on line y m\u00f3dulo gratuitos: El profesor como gestor pedag\u00f3gico - 2026\",\"isPartOf\":{\"@id\":\"https:\\\/\\\/webdelmaestrocmf.com\\\/portal\\\/#website\"},\"primaryImageOfPage\":{\"@id\":\"https:\\\/\\\/webdelmaestrocmf.com\\\/portal\\\/el-profesor-como-gestor-pedagogico-curso-on-line-y-modulo-gratuitos\\\/#primaryimage\"},\"image\":{\"@id\":\"https:\\\/\\\/webdelmaestrocmf.com\\\/portal\\\/el-profesor-como-gestor-pedagogico-curso-on-line-y-modulo-gratuitos\\\/#primaryimage\"},\"thumbnailUrl\":\"https:\\\/\\\/webdelmaestrocmf.com\\\/portal\\\/wp-content\\\/uploads\\\/2019\\\/01\\\/1-105.jpg\",\"datePublished\":\"2022-03-22T23:20:07+00:00\",\"dateModified\":\"2022-03-23T01:30:16+00:00\",\"description\":\"El encontrar los caminos educativos que respondan a la realidad, en que cada uno desarrolla su tarea educativa, debe comenzar por una...\",\"breadcrumb\":{\"@id\":\"https:\\\/\\\/webdelmaestrocmf.com\\\/portal\\\/el-profesor-como-gestor-pedagogico-curso-on-line-y-modulo-gratuitos\\\/#breadcrumb\"},\"inLanguage\":\"es\",\"potentialAction\":[{\"@type\":\"ReadAction\",\"target\":[\"https:\\\/\\\/webdelmaestrocmf.com\\\/portal\\\/el-profesor-como-gestor-pedagogico-curso-on-line-y-modulo-gratuitos\\\/\"]}]},{\"@type\":\"ImageObject\",\"inLanguage\":\"es\",\"@id\":\"https:\\\/\\\/webdelmaestrocmf.com\\\/portal\\\/el-profesor-como-gestor-pedagogico-curso-on-line-y-modulo-gratuitos\\\/#primaryimage\",\"url\":\"https:\\\/\\\/webdelmaestrocmf.com\\\/portal\\\/wp-content\\\/uploads\\\/2019\\\/01\\\/1-105.jpg\",\"contentUrl\":\"https:\\\/\\\/webdelmaestrocmf.com\\\/portal\\\/wp-content\\\/uploads\\\/2019\\\/01\\\/1-105.jpg\",\"width\":1100,\"height\":680},{\"@type\":\"BreadcrumbList\",\"@id\":\"https:\\\/\\\/webdelmaestrocmf.com\\\/portal\\\/el-profesor-como-gestor-pedagogico-curso-on-line-y-modulo-gratuitos\\\/#breadcrumb\",\"itemListElement\":[{\"@type\":\"ListItem\",\"position\":1,\"name\":\"Portada\",\"item\":\"https:\\\/\\\/webdelmaestrocmf.com\\\/portal\\\/\"},{\"@type\":\"ListItem\",\"position\":2,\"name\":\"Recursos\",\"item\":\"https:\\\/\\\/webdelmaestrocmf.com\\\/portal\\\/category\\\/pedagogia\\\/\"},{\"@type\":\"ListItem\",\"position\":3,\"name\":\"Curso on line y m\u00f3dulo gratuitos: El profesor como gestor pedag\u00f3gico\"}]},{\"@type\":\"WebSite\",\"@id\":\"https:\\\/\\\/webdelmaestrocmf.com\\\/portal\\\/#website\",\"url\":\"https:\\\/\\\/webdelmaestrocmf.com\\\/portal\\\/\",\"name\":\"Web del Maestro CMF\",\"description\":\"Maestros al servicio de la educaci\u00f3n\",\"publisher\":{\"@id\":\"https:\\\/\\\/webdelmaestrocmf.com\\\/portal\\\/#organization\"},\"alternateName\":\"WMCMF\",\"potentialAction\":[{\"@type\":\"SearchAction\",\"target\":{\"@type\":\"EntryPoint\",\"urlTemplate\":\"https:\\\/\\\/webdelmaestrocmf.com\\\/portal\\\/?s={search_term_string}\"},\"query-input\":{\"@type\":\"PropertyValueSpecification\",\"valueRequired\":true,\"valueName\":\"search_term_string\"}}],\"inLanguage\":\"es\"},{\"@type\":\"Organization\",\"@id\":\"https:\\\/\\\/webdelmaestrocmf.com\\\/portal\\\/#organization\",\"name\":\"Web del Maestro CMF\",\"alternateName\":\"WMCMF\",\"url\":\"https:\\\/\\\/webdelmaestrocmf.com\\\/portal\\\/\",\"logo\":{\"@type\":\"ImageObject\",\"inLanguage\":\"es\",\"@id\":\"https:\\\/\\\/webdelmaestrocmf.com\\\/portal\\\/#\\\/schema\\\/logo\\\/image\\\/\",\"url\":\"https:\\\/\\\/webdelmaestrocmf.com\\\/portal\\\/wp-content\\\/uploads\\\/2023\\\/01\\\/logo-wmcmf-2.png\",\"contentUrl\":\"https:\\\/\\\/webdelmaestrocmf.com\\\/portal\\\/wp-content\\\/uploads\\\/2023\\\/01\\\/logo-wmcmf-2.png\",\"width\":200,\"height\":60,\"caption\":\"Web del Maestro CMF\"},\"image\":{\"@id\":\"https:\\\/\\\/webdelmaestrocmf.com\\\/portal\\\/#\\\/schema\\\/logo\\\/image\\\/\"},\"sameAs\":[\"https:\\\/\\\/www.facebook.com\\\/WebdelMaestroCMF\\\/\",\"https:\\\/\\\/x.com\\\/cmf_w\",\"https:\\\/\\\/www.pinterest.com\\\/WMCMF\\\/\",\"https:\\\/\\\/www.linkedin.com\\\/company\\\/web-del-maestro-cmf\\\/\",\"https:\\\/\\\/www.instagram.com\\\/wmcmf\\\/\",\"https:\\\/\\\/www.youtube.com\\\/channel\\\/UCDPSvjbdodE5sHnC3OxutHw\",\"https:\\\/\\\/mastodon.social\\\/@wmcmf\",\"https:\\\/\\\/www.tiktok.com\\\/@webdelmaestrocmf\"]},{\"@type\":\"Person\",\"@id\":\"https:\\\/\\\/webdelmaestrocmf.com\\\/portal\\\/#\\\/schema\\\/person\\\/1072a2ed7bd960df8ef99a551fa35dc5\",\"name\":\"Web del Maestro CMF\",\"image\":{\"@type\":\"ImageObject\",\"inLanguage\":\"es\",\"@id\":\"https:\\\/\\\/secure.gravatar.com\\\/avatar\\\/23291dd5b5ae1077dcff3dbb04c3e02bd28403fa75af6d8787d5e97c5bbbe30b?s=96&d=mm&r=g\",\"url\":\"https:\\\/\\\/secure.gravatar.com\\\/avatar\\\/23291dd5b5ae1077dcff3dbb04c3e02bd28403fa75af6d8787d5e97c5bbbe30b?s=96&d=mm&r=g\",\"contentUrl\":\"https:\\\/\\\/secure.gravatar.com\\\/avatar\\\/23291dd5b5ae1077dcff3dbb04c3e02bd28403fa75af6d8787d5e97c5bbbe30b?s=96&d=mm&r=g\",\"caption\":\"Web del Maestro CMF\"},\"description\":\"Esta Web se cre\u00f3 sin fines de lucro, con fines educativos, cient\u00edficos y acad\u00e9micos, para personas que tengan dificultades y\\\/o inconvenientes en visualizar el material original. El objetivo es entregar recursos, compartir experiencias y materiales que ayuden a los padres de familia, maestros y estudiantes en su actualizaci\u00f3n y formaci\u00f3n permanente, en bien de la Educaci\u00f3n.\",\"sameAs\":[\"http:\\\/\\\/webdelmaestrocmf.com\\\/portal\",\"https:\\\/\\\/www.facebook.com\\\/WebdelMaestroCMF\\\/\",\"https:\\\/\\\/www.instagram.com\\\/wmcmf\\\/\",\"https:\\\/\\\/cl.linkedin.com\\\/company\\\/web-del-maestro-cmf\",\"https:\\\/\\\/www.pinterest.com\\\/WMCMF\\\/publicaciones\\\/\",\"https:\\\/\\\/x.com\\\/cmf_w\",\"https:\\\/\\\/www.youtube.com\\\/@WMCMF\"]}]}<\/script>\n<!-- \/ Yoast SEO plugin. -->","yoast_head_json":{"title":"Curso on line y m\u00f3dulo gratuitos: El profesor como gestor pedag\u00f3gico - 2026","description":"El encontrar los caminos educativos que respondan a la realidad, en que cada uno desarrolla su tarea educativa, debe comenzar por una...","robots":{"index":"index","follow":"follow","max-snippet":"max-snippet:-1","max-image-preview":"max-image-preview:large","max-video-preview":"max-video-preview:-1"},"canonical":"https:\/\/webdelmaestrocmf.com\/portal\/el-profesor-como-gestor-pedagogico-curso-on-line-y-modulo-gratuitos\/","og_locale":"es_ES","og_type":"article","og_title":"Curso on line y m\u00f3dulo gratuitos: El profesor como gestor pedag\u00f3gico - 2026","og_description":"El encontrar los caminos educativos que respondan a la realidad, en que cada uno desarrolla su tarea educativa, debe comenzar por una...","og_url":"https:\/\/webdelmaestrocmf.com\/portal\/el-profesor-como-gestor-pedagogico-curso-on-line-y-modulo-gratuitos\/","og_site_name":"Web del Maestro CMF","article_publisher":"https:\/\/www.facebook.com\/WebdelMaestroCMF\/","article_author":"https:\/\/www.facebook.com\/WebdelMaestroCMF\/","article_published_time":"2022-03-22T23:20:07+00:00","article_modified_time":"2022-03-23T01:30:16+00:00","og_image":[{"width":1100,"height":680,"url":"https:\/\/i0.wp.com\/webdelmaestrocmf.com\/portal\/wp-content\/uploads\/2019\/01\/1-105.jpg?fit=1100%2C680&ssl=1","type":"image\/jpeg"}],"author":"Web del Maestro CMF","twitter_card":"summary_large_image","twitter_creator":"@cmf_w","twitter_site":"@cmf_w","schema":{"@context":"https:\/\/schema.org","@graph":[{"@type":"ScholarlyArticle","@id":"https:\/\/webdelmaestrocmf.com\/portal\/el-profesor-como-gestor-pedagogico-curso-on-line-y-modulo-gratuitos\/#article","isPartOf":{"@id":"https:\/\/webdelmaestrocmf.com\/portal\/el-profesor-como-gestor-pedagogico-curso-on-line-y-modulo-gratuitos\/"},"author":{"name":"Web del Maestro CMF","@id":"https:\/\/webdelmaestrocmf.com\/portal\/#\/schema\/person\/1072a2ed7bd960df8ef99a551fa35dc5"},"headline":"Curso on line y m\u00f3dulo gratuitos: El profesor como gestor pedag\u00f3gico","datePublished":"2022-03-22T23:20:07+00:00","dateModified":"2022-03-23T01:30:16+00:00","mainEntityOfPage":{"@id":"https:\/\/webdelmaestrocmf.com\/portal\/el-profesor-como-gestor-pedagogico-curso-on-line-y-modulo-gratuitos\/"},"wordCount":1412,"commentCount":0,"publisher":{"@id":"https:\/\/webdelmaestrocmf.com\/portal\/#organization"},"image":{"@id":"https:\/\/webdelmaestrocmf.com\/portal\/el-profesor-como-gestor-pedagogico-curso-on-line-y-modulo-gratuitos\/#primaryimage"},"thumbnailUrl":"https:\/\/webdelmaestrocmf.com\/portal\/wp-content\/uploads\/2019\/01\/1-105.jpg","keywords":["CURSO","GESTOR","GRATUITOS","M\u00d3DULO","ON LINE","pedag\u00f3gico","profesor"],"articleSection":["Cursos","Recursos"],"inLanguage":"es","potentialAction":[{"@type":"CommentAction","name":"Comment","target":["https:\/\/webdelmaestrocmf.com\/portal\/el-profesor-como-gestor-pedagogico-curso-on-line-y-modulo-gratuitos\/#respond"]}]},{"@type":"WebPage","@id":"https:\/\/webdelmaestrocmf.com\/portal\/el-profesor-como-gestor-pedagogico-curso-on-line-y-modulo-gratuitos\/","url":"https:\/\/webdelmaestrocmf.com\/portal\/el-profesor-como-gestor-pedagogico-curso-on-line-y-modulo-gratuitos\/","name":"Curso on line y m\u00f3dulo gratuitos: El profesor como gestor pedag\u00f3gico - 2026","isPartOf":{"@id":"https:\/\/webdelmaestrocmf.com\/portal\/#website"},"primaryImageOfPage":{"@id":"https:\/\/webdelmaestrocmf.com\/portal\/el-profesor-como-gestor-pedagogico-curso-on-line-y-modulo-gratuitos\/#primaryimage"},"image":{"@id":"https:\/\/webdelmaestrocmf.com\/portal\/el-profesor-como-gestor-pedagogico-curso-on-line-y-modulo-gratuitos\/#primaryimage"},"thumbnailUrl":"https:\/\/webdelmaestrocmf.com\/portal\/wp-content\/uploads\/2019\/01\/1-105.jpg","datePublished":"2022-03-22T23:20:07+00:00","dateModified":"2022-03-23T01:30:16+00:00","description":"El encontrar los caminos educativos que respondan a la realidad, en que cada uno desarrolla su tarea educativa, debe comenzar por una...","breadcrumb":{"@id":"https:\/\/webdelmaestrocmf.com\/portal\/el-profesor-como-gestor-pedagogico-curso-on-line-y-modulo-gratuitos\/#breadcrumb"},"inLanguage":"es","potentialAction":[{"@type":"ReadAction","target":["https:\/\/webdelmaestrocmf.com\/portal\/el-profesor-como-gestor-pedagogico-curso-on-line-y-modulo-gratuitos\/"]}]},{"@type":"ImageObject","inLanguage":"es","@id":"https:\/\/webdelmaestrocmf.com\/portal\/el-profesor-como-gestor-pedagogico-curso-on-line-y-modulo-gratuitos\/#primaryimage","url":"https:\/\/webdelmaestrocmf.com\/portal\/wp-content\/uploads\/2019\/01\/1-105.jpg","contentUrl":"https:\/\/webdelmaestrocmf.com\/portal\/wp-content\/uploads\/2019\/01\/1-105.jpg","width":1100,"height":680},{"@type":"BreadcrumbList","@id":"https:\/\/webdelmaestrocmf.com\/portal\/el-profesor-como-gestor-pedagogico-curso-on-line-y-modulo-gratuitos\/#breadcrumb","itemListElement":[{"@type":"ListItem","position":1,"name":"Portada","item":"https:\/\/webdelmaestrocmf.com\/portal\/"},{"@type":"ListItem","position":2,"name":"Recursos","item":"https:\/\/webdelmaestrocmf.com\/portal\/category\/pedagogia\/"},{"@type":"ListItem","position":3,"name":"Curso on line y m\u00f3dulo gratuitos: El profesor como gestor pedag\u00f3gico"}]},{"@type":"WebSite","@id":"https:\/\/webdelmaestrocmf.com\/portal\/#website","url":"https:\/\/webdelmaestrocmf.com\/portal\/","name":"Web del Maestro CMF","description":"Maestros al servicio de la educaci\u00f3n","publisher":{"@id":"https:\/\/webdelmaestrocmf.com\/portal\/#organization"},"alternateName":"WMCMF","potentialAction":[{"@type":"SearchAction","target":{"@type":"EntryPoint","urlTemplate":"https:\/\/webdelmaestrocmf.com\/portal\/?s={search_term_string}"},"query-input":{"@type":"PropertyValueSpecification","valueRequired":true,"valueName":"search_term_string"}}],"inLanguage":"es"},{"@type":"Organization","@id":"https:\/\/webdelmaestrocmf.com\/portal\/#organization","name":"Web del Maestro CMF","alternateName":"WMCMF","url":"https:\/\/webdelmaestrocmf.com\/portal\/","logo":{"@type":"ImageObject","inLanguage":"es","@id":"https:\/\/webdelmaestrocmf.com\/portal\/#\/schema\/logo\/image\/","url":"https:\/\/webdelmaestrocmf.com\/portal\/wp-content\/uploads\/2023\/01\/logo-wmcmf-2.png","contentUrl":"https:\/\/webdelmaestrocmf.com\/portal\/wp-content\/uploads\/2023\/01\/logo-wmcmf-2.png","width":200,"height":60,"caption":"Web del Maestro CMF"},"image":{"@id":"https:\/\/webdelmaestrocmf.com\/portal\/#\/schema\/logo\/image\/"},"sameAs":["https:\/\/www.facebook.com\/WebdelMaestroCMF\/","https:\/\/x.com\/cmf_w","https:\/\/www.pinterest.com\/WMCMF\/","https:\/\/www.linkedin.com\/company\/web-del-maestro-cmf\/","https:\/\/www.instagram.com\/wmcmf\/","https:\/\/www.youtube.com\/channel\/UCDPSvjbdodE5sHnC3OxutHw","https:\/\/mastodon.social\/@wmcmf","https:\/\/www.tiktok.com\/@webdelmaestrocmf"]},{"@type":"Person","@id":"https:\/\/webdelmaestrocmf.com\/portal\/#\/schema\/person\/1072a2ed7bd960df8ef99a551fa35dc5","name":"Web del Maestro CMF","image":{"@type":"ImageObject","inLanguage":"es","@id":"https:\/\/secure.gravatar.com\/avatar\/23291dd5b5ae1077dcff3dbb04c3e02bd28403fa75af6d8787d5e97c5bbbe30b?s=96&d=mm&r=g","url":"https:\/\/secure.gravatar.com\/avatar\/23291dd5b5ae1077dcff3dbb04c3e02bd28403fa75af6d8787d5e97c5bbbe30b?s=96&d=mm&r=g","contentUrl":"https:\/\/secure.gravatar.com\/avatar\/23291dd5b5ae1077dcff3dbb04c3e02bd28403fa75af6d8787d5e97c5bbbe30b?s=96&d=mm&r=g","caption":"Web del Maestro CMF"},"description":"Esta Web se cre\u00f3 sin fines de lucro, con fines educativos, cient\u00edficos y acad\u00e9micos, para personas que tengan dificultades y\/o inconvenientes en visualizar el material original. El objetivo es entregar recursos, compartir experiencias y materiales que ayuden a los padres de familia, maestros y estudiantes en su actualizaci\u00f3n y formaci\u00f3n permanente, en bien de la Educaci\u00f3n.","sameAs":["http:\/\/webdelmaestrocmf.com\/portal","https:\/\/www.facebook.com\/WebdelMaestroCMF\/","https:\/\/www.instagram.com\/wmcmf\/","https:\/\/cl.linkedin.com\/company\/web-del-maestro-cmf","https:\/\/www.pinterest.com\/WMCMF\/publicaciones\/","https:\/\/x.com\/cmf_w","https:\/\/www.youtube.com\/@WMCMF"]}]}},"jetpack_featured_media_url":"https:\/\/webdelmaestrocmf.com\/portal\/wp-content\/uploads\/2019\/01\/1-105.jpg","jetpack_sharing_enabled":true,"jetpack-related-posts":[{"id":26727,"url":"https:\/\/webdelmaestrocmf.com\/portal\/3-cursos-on-line-gratis-profesores-neurobiologia-moodle-lecto-escritura\/","url_meta":{"origin":34853,"position":0},"title":"3 cursos On Line y gratis, para profesores sobre Neurobiolog\u00eda, Moodle y Lectoescritura","author":"Web del Maestro CMF","date":"22 enero, 2023","format":false,"excerpt":"El esmero y deseo de los profesores por su capacitaci\u00f3n profesional permanente, no siempre es materialmente posible y menos accesible.\u00a0 Sin embargo, el consolidar la formaci\u00f3n inicial decente sigue siendo fundamental para lograr la educaci\u00f3n de calidad, que tanto se recalca en los proyectos y planificaciones educativas. En la Web\u2026","rel":"","context":"En \u00abCursos\u00bb","block_context":{"text":"Cursos","link":"https:\/\/webdelmaestrocmf.com\/portal\/category\/cursos\/"},"img":{"alt_text":"","src":"https:\/\/i0.wp.com\/webdelmaestrocmf.com\/portal\/wp-content\/uploads\/2023\/01\/1-63.jpg?resize=350%2C200&ssl=1","width":350,"height":200,"srcset":"https:\/\/i0.wp.com\/webdelmaestrocmf.com\/portal\/wp-content\/uploads\/2023\/01\/1-63.jpg?resize=350%2C200&ssl=1 1x, https:\/\/i0.wp.com\/webdelmaestrocmf.com\/portal\/wp-content\/uploads\/2023\/01\/1-63.jpg?resize=525%2C300&ssl=1 1.5x, https:\/\/i0.wp.com\/webdelmaestrocmf.com\/portal\/wp-content\/uploads\/2023\/01\/1-63.jpg?resize=700%2C400&ssl=1 2x"},"classes":[]},{"id":57550,"url":"https:\/\/webdelmaestrocmf.com\/portal\/mar-romera-cada-docente-no-puede-seguir-siendolo-sin-estudiar-cada-dia-sin-leer-sin-evolucionar-sin-cambiar-sin-desaprender-para-aprender\/","url_meta":{"origin":34853,"position":1},"title":"Mar Romera: Cada docente no puede seguir si\u00e9ndolo sin estudiar cada d\u00eda, sin leer, sin evolucionar, sin cambiar, sin desaprender para aprender","author":"Web del Maestro CMF","date":"15 mayo, 2022","format":false,"excerpt":"La profesora Mar Romera, pedagoga y psicopedagoga, es presidenta de la Asociaci\u00f3n pedag\u00f3gica Francesco Tonucci (APFRATO) y autora del modelo pedag\u00f3gico 'Educar con tres ces: capacidades, competencias y coraz\u00f3n'. Realiza formaci\u00f3n permanente del profesorado en diferentes comunidades aut\u00f3nomas en colaboraci\u00f3n con las consejer\u00edas de educaci\u00f3n, y es ponente en multitud\u2026","rel":"","context":"En \u00abEntrevistas\u00bb","block_context":{"text":"Entrevistas","link":"https:\/\/webdelmaestrocmf.com\/portal\/category\/noticias\/entrevistas\/"},"img":{"alt_text":"","src":"https:\/\/i0.wp.com\/webdelmaestrocmf.com\/portal\/wp-content\/uploads\/2021\/01\/2-23.jpg?resize=350%2C200&ssl=1","width":350,"height":200,"srcset":"https:\/\/i0.wp.com\/webdelmaestrocmf.com\/portal\/wp-content\/uploads\/2021\/01\/2-23.jpg?resize=350%2C200&ssl=1 1x, https:\/\/i0.wp.com\/webdelmaestrocmf.com\/portal\/wp-content\/uploads\/2021\/01\/2-23.jpg?resize=525%2C300&ssl=1 1.5x, https:\/\/i0.wp.com\/webdelmaestrocmf.com\/portal\/wp-content\/uploads\/2021\/01\/2-23.jpg?resize=700%2C400&ssl=1 2x, https:\/\/i0.wp.com\/webdelmaestrocmf.com\/portal\/wp-content\/uploads\/2021\/01\/2-23.jpg?resize=1050%2C600&ssl=1 3x"},"classes":[]},{"id":49663,"url":"https:\/\/webdelmaestrocmf.com\/portal\/david-auris-pedagogia-del-desaprendizaje-en-tiempos-de-coronavirus\/","url_meta":{"origin":34853,"position":2},"title":"[David Auris] Pedagog\u00eda del desaprendizaje en tiempos de coronavirus","author":"Web del Maestro CMF","date":"2 agosto, 2020","format":false,"excerpt":"No solo eres t\u00fa, somos todos. Cobijado bajo la t\u00fanica de la esperanza que ma\u00f1ana las estrellas volver\u00e1n a brillar m\u00e1s intensamente, escribo desde mi trinchera pedag\u00f3gica. \u00a0Habr\u00e1 en la historia de la humanidad un antes, esta sugestiva experiencia del cual hoy reflexiono y un post coronavirus que transformar\u00e1 profundamente\u2026","rel":"","context":"En \u00abZ-Colaborador-David-Auris\u00bb","block_context":{"text":"Z-Colaborador-David-Auris","link":"https:\/\/webdelmaestrocmf.com\/portal\/category\/colaborador\/z-colaborador-david-auris\/"},"img":{"alt_text":"","src":"https:\/\/i0.wp.com\/webdelmaestrocmf.com\/portal\/wp-content\/uploads\/2020\/08\/1-4.jpg?resize=350%2C200&ssl=1","width":350,"height":200,"srcset":"https:\/\/i0.wp.com\/webdelmaestrocmf.com\/portal\/wp-content\/uploads\/2020\/08\/1-4.jpg?resize=350%2C200&ssl=1 1x, https:\/\/i0.wp.com\/webdelmaestrocmf.com\/portal\/wp-content\/uploads\/2020\/08\/1-4.jpg?resize=525%2C300&ssl=1 1.5x, https:\/\/i0.wp.com\/webdelmaestrocmf.com\/portal\/wp-content\/uploads\/2020\/08\/1-4.jpg?resize=700%2C400&ssl=1 2x, https:\/\/i0.wp.com\/webdelmaestrocmf.com\/portal\/wp-content\/uploads\/2020\/08\/1-4.jpg?resize=1050%2C600&ssl=1 3x"},"classes":[]},{"id":114311,"url":"https:\/\/webdelmaestrocmf.com\/portal\/cursos-gratuitos-de-canva-para-docentes-2026-formacion-practica-con-certificacion-incluida\/","url_meta":{"origin":34853,"position":3},"title":"Cursos gratuitos de Canva para docentes 2026: formaci\u00f3n pr\u00e1ctica con certificaci\u00f3n incluida","author":"Web del Maestro CMF","date":"26 diciembre, 2025","format":false,"excerpt":"En la actualidad, el dise\u00f1o de materiales visuales se ha convertido en una competencia esencial para el trabajo docente. Presentaciones claras, recursos visuales atractivos, gu\u00edas did\u00e1cticas, infograf\u00edas o materiales para comunicaci\u00f3n institucional forman parte del quehacer diario. En este contexto, la plataforma Cursa ofrece tres cursos gratuitos en l\u00ednea sobre\u2026","rel":"","context":"En \u00abCursos\u00bb","block_context":{"text":"Cursos","link":"https:\/\/webdelmaestrocmf.com\/portal\/category\/cursos\/"},"img":{"alt_text":"","src":"https:\/\/i0.wp.com\/webdelmaestrocmf.com\/portal\/wp-content\/uploads\/2025\/12\/1A-Banner-1-portada-imagen-10-1-copia-1-16.webp?resize=350%2C200&ssl=1","width":350,"height":200,"srcset":"https:\/\/i0.wp.com\/webdelmaestrocmf.com\/portal\/wp-content\/uploads\/2025\/12\/1A-Banner-1-portada-imagen-10-1-copia-1-16.webp?resize=350%2C200&ssl=1 1x, https:\/\/i0.wp.com\/webdelmaestrocmf.com\/portal\/wp-content\/uploads\/2025\/12\/1A-Banner-1-portada-imagen-10-1-copia-1-16.webp?resize=525%2C300&ssl=1 1.5x, https:\/\/i0.wp.com\/webdelmaestrocmf.com\/portal\/wp-content\/uploads\/2025\/12\/1A-Banner-1-portada-imagen-10-1-copia-1-16.webp?resize=700%2C400&ssl=1 2x"},"classes":[]},{"id":41589,"url":"https:\/\/webdelmaestrocmf.com\/portal\/curso-gratuito-para-empoderar-a-los-maestros-khan-academy\/","url_meta":{"origin":34853,"position":4},"title":"Curso \u201cgratuito\u201d para Empoderar a los Maestros \u2013 Khan Academy","author":"Web del Maestro CMF","date":"31 marzo, 2020","format":false,"excerpt":"Khan Academy, es una organizaci\u00f3n educativa y un sitio web creados por el profesor Salman Khan (Nueva Orleans, USA, 1976), egresado del Instituto Tecnol\u00f3gico de Massachusetts y de la Universidad de Harvard. \u200b Su objetivo es brindar educaci\u00f3n gratuita de clase mundial para cualquier persona desde cualquier lugar, por medio\u2026","rel":"","context":"En \u00abCursos\u00bb","block_context":{"text":"Cursos","link":"https:\/\/webdelmaestrocmf.com\/portal\/category\/cursos\/"},"img":{"alt_text":"","src":"https:\/\/i0.wp.com\/webdelmaestrocmf.com\/portal\/wp-content\/uploads\/2019\/11\/4a.jpg?resize=350%2C200&ssl=1","width":350,"height":200,"srcset":"https:\/\/i0.wp.com\/webdelmaestrocmf.com\/portal\/wp-content\/uploads\/2019\/11\/4a.jpg?resize=350%2C200&ssl=1 1x, https:\/\/i0.wp.com\/webdelmaestrocmf.com\/portal\/wp-content\/uploads\/2019\/11\/4a.jpg?resize=525%2C300&ssl=1 1.5x, https:\/\/i0.wp.com\/webdelmaestrocmf.com\/portal\/wp-content\/uploads\/2019\/11\/4a.jpg?resize=700%2C400&ssl=1 2x, https:\/\/i0.wp.com\/webdelmaestrocmf.com\/portal\/wp-content\/uploads\/2019\/11\/4a.jpg?resize=1050%2C600&ssl=1 3x"},"classes":[]},{"id":105310,"url":"https:\/\/webdelmaestrocmf.com\/portal\/curso-para-docentes-uso-y-dominio-de-chatgpt\/","url_meta":{"origin":34853,"position":5},"title":"Curso para docentes: Uso y dominio de ChatGPT","author":"Web del Maestro CMF","date":"5 mayo, 2024","format":false,"excerpt":"En la era digital actual, la tecnolog\u00eda est\u00e1 transformando la forma en que ense\u00f1amos y aprendemos. En este curso, a trav\u00e9s de videos tutoriales, exploraremos una de las herramientas m\u00e1s innovadoras en el \u00e1mbito educativo: ChatGPT. ChatGPT es una inteligencia artificial desarrollada por OpenAI, dise\u00f1ada para generar texto de manera\u2026","rel":"","context":"En \u00abChatGPT\u00bb","block_context":{"text":"ChatGPT","link":"https:\/\/webdelmaestrocmf.com\/portal\/category\/tecnologia\/chatgpt\/"},"img":{"alt_text":"","src":"https:\/\/i0.wp.com\/webdelmaestrocmf.com\/portal\/wp-content\/uploads\/2024\/05\/Banner-1-portada-imagen-10-1-12.jpg?resize=350%2C200&ssl=1","width":350,"height":200,"srcset":"https:\/\/i0.wp.com\/webdelmaestrocmf.com\/portal\/wp-content\/uploads\/2024\/05\/Banner-1-portada-imagen-10-1-12.jpg?resize=350%2C200&ssl=1 1x, https:\/\/i0.wp.com\/webdelmaestrocmf.com\/portal\/wp-content\/uploads\/2024\/05\/Banner-1-portada-imagen-10-1-12.jpg?resize=525%2C300&ssl=1 1.5x, https:\/\/i0.wp.com\/webdelmaestrocmf.com\/portal\/wp-content\/uploads\/2024\/05\/Banner-1-portada-imagen-10-1-12.jpg?resize=700%2C400&ssl=1 2x"},"classes":[]}],"_links":{"self":[{"href":"https:\/\/webdelmaestrocmf.com\/portal\/wp-json\/wp\/v2\/posts\/34853","targetHints":{"allow":["GET"]}}],"collection":[{"href":"https:\/\/webdelmaestrocmf.com\/portal\/wp-json\/wp\/v2\/posts"}],"about":[{"href":"https:\/\/webdelmaestrocmf.com\/portal\/wp-json\/wp\/v2\/types\/post"}],"author":[{"embeddable":true,"href":"https:\/\/webdelmaestrocmf.com\/portal\/wp-json\/wp\/v2\/users\/1"}],"replies":[{"embeddable":true,"href":"https:\/\/webdelmaestrocmf.com\/portal\/wp-json\/wp\/v2\/comments?post=34853"}],"version-history":[{"count":0,"href":"https:\/\/webdelmaestrocmf.com\/portal\/wp-json\/wp\/v2\/posts\/34853\/revisions"}],"wp:featuredmedia":[{"embeddable":true,"href":"https:\/\/webdelmaestrocmf.com\/portal\/wp-json\/wp\/v2\/media\/75729"}],"wp:attachment":[{"href":"https:\/\/webdelmaestrocmf.com\/portal\/wp-json\/wp\/v2\/media?parent=34853"}],"wp:term":[{"taxonomy":"category","embeddable":true,"href":"https:\/\/webdelmaestrocmf.com\/portal\/wp-json\/wp\/v2\/categories?post=34853"},{"taxonomy":"post_tag","embeddable":true,"href":"https:\/\/webdelmaestrocmf.com\/portal\/wp-json\/wp\/v2\/tags?post=34853"}],"curies":[{"name":"wp","href":"https:\/\/api.w.org\/{rel}","templated":true}]}}