{"id":34798,"date":"2019-08-23T21:06:34","date_gmt":"2019-08-24T01:06:34","guid":{"rendered":"http:\/\/webdelmaestrocmf.com\/portal\/?p=34798"},"modified":"2023-09-09T11:57:16","modified_gmt":"2023-09-09T14:57:16","slug":"si-no-lees-no-sabes-escribir-si-no-sabes-escribir-no-sabes-pensar","status":"publish","type":"post","link":"https:\/\/webdelmaestrocmf.com\/portal\/si-no-lees-no-sabes-escribir-si-no-sabes-escribir-no-sabes-pensar\/","title":{"rendered":"Si no lees, no sabes escribir. Si no sabes escribir no sabes pensar"},"content":{"rendered":"<p style=\"text-align: justify;\"><strong>Para muchas personas es m\u00e1s atractivo escribir, tiene m\u00e1s\u00a0<em>glamour,<\/em>\u00a0pero grandes escritores nos\u00a0dicen que la felicidad en realidad est\u00e1 en la lectura. Borges es especialmente f\u00e9rtil en este sentido: \u00abla\u00a0felicidad, cuando eres\u00a0lector, es frecuente\u00bb. Y la c\u00e9lebre: \u00abQue otros se jacten de las p\u00e1ginas que han escrito; a m\u00ed me enorgullecen las que he le\u00eddo\u00bb.<\/strong><\/p>\n<p><!--more--><\/p>\n<p style=\"text-align: justify;\">Hay una frase contundente, que si no mal recuerdo\u00a0es de Juan Jos\u00e9 Arreola,<strong> \u00abSi no lees, no sabes escribir. Si no sabes escribir no sabes pensar\u00bb.<\/strong> Una sencillez afor\u00edstica que debe ser el fruto de la labor intelectual de un buen lector.<\/p>\n<p style=\"text-align: justify;\">Edmund Husserl escribe en su\u00a0<em>L\u00f3gica formal y L\u00f3gica trascendental:\u00a0<\/em>\u00abEl pensamiento siempre se hace en el lenguaje y est\u00e1 totalmente ligado a la palabra. Pensar, de forma distinta a otras modalidades de la conciencia, es siempre ling\u00fc\u00edstico, siempre un uso del lenguaje\u00bb. As\u00ed que si no tenemos palabras, si no tenemos lecturas en nuestra memoria que enriquezcan nuestro lenguaje, nuestro pensamiento ser\u00e1 muy pobre. Las personas toleran no ser buenos lectores, pero si se les dice que no saben pensar, esto lastima su orgullo\u00a0y, sin embargo, una condiciona a la otra. As\u00ed, la lectura es una herramienta de\u00a0desarrollo fundamental. Y donde mejor se desenvuelve esta herramienta es\u00a0en los libros, no en los peque\u00f1os art\u00edculos que dominan la circulaci\u00f3n de la Web; el encuentro con el lenguaje merece un espacio de concentraci\u00f3n \u2013el medio es tambi\u00e9n el mensaje\u2013, un encuentro a fondo con la mente de un autor que puede haber muerto hace cientos de a\u00f1os pero que vive, al menos mem\u00e9ticamente, en el texto que se trasvasa a nuestra mente. Usted puede seguir leyendo la siguiente introducci\u00f3n en el siguiente enlace:\u00a0<strong><a href=\"https:\/\/pijamasurf.com\/2016\/10\/si_no_lees_no_sabes_escribir_y_si_no_sabes_escribir_no_sabes_pensar\/\" target=\"_blank\" rel=\"noopener noreferrer\">SI NO LEES, NO SABES ESCRIBIR, Y SI NO SABES ESCRIBIR, NO SABES PENSAR<\/a>.<\/strong><\/p>\n<p style=\"text-align: justify;\">A continuaci\u00f3n compartimos con fines \u00fanicamente educativos la publicaci\u00f3n de\u00a0<a href=\"http:\/\/www.scielo.org.mx\/scielo.php\" target=\"_blank\" rel=\"noopener noreferrer\"><b>Scientific Electronic Library Online<\/b><\/a>\u00a0(<a href=\"http:\/\/www.scielo.org\/\">SciELO<\/a>) que cuenta con\u00a0 licencia <strong>Creative Commons <\/strong>el tema sobre\u00a0<strong>La lectura como medio para desarrollar el pensamiento cr\u00edtico,<\/strong> elaborado por\u00a0<b>Bego\u00f1a Oliveras y <a href=\"http:\/\/webdelmaestrocmf.com\/portal\/neus-sanmarti-estudiar-aprobar-no-lo-aprender\/\" target=\"_blank\" rel=\"noopener noreferrer\">Neus Sanmart\u00ed<\/a><\/b>. Esperamos que la siguiente publicaci\u00f3n sea de utilidad para la comunidad Docente y para los padres de familia.<\/p>\n<p style=\"text-align: justify;\">Articulo relacionado: <a href=\"https:\/\/webdelmaestrocmf.com\/portal\/neus-sanmarti-estudiar-aprobar-no-lo-aprender\/\" target=\"_blank\" rel=\"noopener\">Neus Sanmart\u00ed: Estudiar para aprobar no es lo mismo que aprender<\/a><\/p>\n<h3><b>La lectura como medio para desarrollar el pensamiento cr\u00edtico<\/b><\/h3>\n<p style=\"text-align: justify;\" align=\"justify\">Educar para la sustentabilidad del planeta comporta desarrollar la capacidad de leer todo tipo de textos y modos comunicativos, y de analizar cr\u00edticamente la informaci\u00f3n. Actualmente transmitir informaci\u00f3n no es un reto de la escuela, pero s\u00ed lo es desarrollar la capacidad de los j\u00f3venes para saber encontrarla, comprenderla y leerla cr\u00edticamente, de manera que posibilite su toma de decisiones fundamentadas. Cuando como lectores nos enfrentamos a un texto podemos tomar distintas posiciones, pero sin duda la m\u00e1s dif\u00edcil es la posici\u00f3n cr\u00edtica, en la que el lector ha de llevar a cabo un proceso de negociaci\u00f3n entre el texto y sus conocimientos para poder construir su propia interpretaci\u00f3n.<\/p>\n<p style=\"text-align: justify;\" align=\"justify\">En esta l\u00ednea, el proyecto PISA prioriza la competencia de comprensi\u00f3n lectora, defini\u00e9ndola como \u00abla capacidad de comprender, utilizar y analizar textos escritos para alcanzar los objetivos del lector, desarrollar sus conocimientos y posibilidades y participar en la sociedad\u00bb (OECD, 2006). Pero tal como indica Cassany (2006), no se trata s\u00f3lo de comprender el texto, sino de situarlo en su contexto sociocultural y reconocer c\u00f3mo el autor utiliza el g\u00e9nero discursivo y con qu\u00e9 finalidades.<\/p>\n<p align=\"justify\"><img loading=\"lazy\" decoding=\"async\" class=\"alignnone wp-image-41696 size-full\" src=\"https:\/\/webdelmaestrocmf.com\/portal\/wp-content\/uploads\/2019\/08\/1-85.jpg\" alt=\"escribir\" width=\"1100\" height=\"680\" srcset=\"https:\/\/webdelmaestrocmf.com\/portal\/wp-content\/uploads\/2019\/08\/1-85.jpg 1100w, https:\/\/webdelmaestrocmf.com\/portal\/wp-content\/uploads\/2019\/08\/1-85-300x185.jpg 300w, https:\/\/webdelmaestrocmf.com\/portal\/wp-content\/uploads\/2019\/08\/1-85-1024x633.jpg 1024w, https:\/\/webdelmaestrocmf.com\/portal\/wp-content\/uploads\/2019\/08\/1-85-768x475.jpg 768w, https:\/\/webdelmaestrocmf.com\/portal\/wp-content\/uploads\/2019\/08\/1-85-110x68.jpg 110w, https:\/\/webdelmaestrocmf.com\/portal\/wp-content\/uploads\/2019\/08\/1-85-200x124.jpg 200w, https:\/\/webdelmaestrocmf.com\/portal\/wp-content\/uploads\/2019\/08\/1-85-380x235.jpg 380w, https:\/\/webdelmaestrocmf.com\/portal\/wp-content\/uploads\/2019\/08\/1-85-255x158.jpg 255w, https:\/\/webdelmaestrocmf.com\/portal\/wp-content\/uploads\/2019\/08\/1-85-550x340.jpg 550w, https:\/\/webdelmaestrocmf.com\/portal\/wp-content\/uploads\/2019\/08\/1-85-800x495.jpg 800w\" sizes=\"auto, (max-width: 1100px) 100vw, 1100px\" \/><\/p>\n<p style=\"text-align: justify;\" align=\"justify\">Adquirir una buena competencia lectora contribuye a la alfabetizaci\u00f3n o, tal como se tiende a nombrar actualmente, la literacidad cient\u00edfica, teniendo en cuenta que estar alfabetizado cient\u00edficamente implica no s\u00f3lo comprender las grandes ideas de la ciencia sino tambi\u00e9n ser capaz de hablar, leer y escribir argumentando en funci\u00f3n de estas ideas y problematiz\u00e1ndolas.<\/p>\n<p style=\"text-align: justify;\" align=\"justify\">Podemos acceder a la producci\u00f3n cient\u00edfica a partir de la lectura de todo tipo de textos: Internet, peri\u00f3dicos, libros de divulgaci\u00f3n cient\u00edfica, art\u00edculos cient\u00edficos&#8230; Por ello la ense\u00f1anza de las ciencias no puede obviar la formaci\u00f3n de los estudiantes como lectores de escritos distintos de los del libro de texto. Esta formaci\u00f3n pasa tambi\u00e9n por despertar el inter\u00e9s de los que aprenden para seguir leyendo sobre ciencias una vez finalizados los estudios, es decir, para seguir aprendiendo (Da Silva y Almeida, 1998). Leer no es un simple instrumento de transmisi\u00f3n de la ciencia, sino que es una parte constitutiva de la ciencia, una manera de aprenderla (Norris y Phillips, 2003).<\/p>\n<p style=\"text-align: justify;\" align=\"justify\">En este art\u00edculo se analizan algunas actividades aplicadas en clases de Qu\u00edmica de secundaria (14-16 a\u00f1os) orientadas a desarrollar la capacidad del alumnado de leer cr\u00edticamente y se discute su fundamentaci\u00f3n y algunos de los resultados obtenidos.<\/p>\n<p><!--Comentario en html--><\/p>\n<p style=\"text-align: center;\"><script async src=\"https:\/\/pagead2.googlesyndication.com\/pagead\/js\/adsbygoogle.js?client=ca-pub-9544854023617669\" crossorigin=\"anonymous\"><\/script><br \/>\n<ins class=\"adsbygoogle\" style=\"display: block; text-align: center;\" data-ad-layout=\"in-article\" data-ad-format=\"fluid\" data-ad-client=\"ca-pub-9544854023617669\" data-ad-slot=\"3571244963\"><\/ins><br \/>\n<script>\n     (adsbygoogle = window.adsbygoogle || []).push({});\n<\/script><\/p>\n<h5 align=\"justify\"><strong>\u00bfQu\u00e9 se entiende por leer cr\u00edticamente?<\/strong><\/h5>\n<p style=\"text-align: justify;\" align=\"justify\">Tradicionalmente los profesores de ciencia han tenido poca preocupaci\u00f3n por el texto, y el leer no se ha considerado una parte importante de la educaci\u00f3n cient\u00edfica (Wellington y Osborne, 2001). Pese a ello, la lectura ha sido, y contin\u00faa siendo, uno de los recursos m\u00e1s utilizados en las clases de ciencias.<\/p>\n<p style=\"text-align: justify;\" align=\"justify\">Los estudiantes creen que \u00ableer es ser capaz de decir las palabras correctamente\u00bb (Baker y Brown, 1984) y, generalmente, los textos cient\u00edficos se les presentan como una herramienta para almacenar y transmitir conocimiento. Se les pide que localicen alguna informaci\u00f3n y la recuerden, y los que son capaces de realizar estas tareas se consideran buenos lectores desde un punto de vista tradicional y, al mismo tiempo, buenos aprendices. Pero estos mismos alumnos pueden tener dificultades cuando se les pide que analicen, sinteticen, valoren o interpreten un texto. Es decir, cuando han de integrar la informaci\u00f3n que proporciona el texto con sus propios conocimientos y crear uno de nuevo, una interpretaci\u00f3n que vaya m\u00e1s all\u00e1 del contenido de la lectura en s\u00ed, y que tenga en cuenta las intenciones del autor y lo que hab\u00eda previamente en la mente del lector (Phillips, 2002).<\/p>\n<p style=\"text-align: justify;\" align=\"justify\">La lectura es un proceso constructivo. Leer implica establecer relaciones entre el autor, el texto y el lector del texto. Leer no es conocer las palabras, ni un proceso lineal de acumulaci\u00f3n de significados, ni una simple localizaci\u00f3n y repetici\u00f3n de la informaci\u00f3n. La lectura depende de los conocimientos previos del lector y requiere contextualizar e inferir las intenciones del autor y la construcci\u00f3n activa de nuevos conocimientos (Craig y Yore, 1996; Yore, Craig y Maguire, 1998). Es crucial reconocer qu\u00e9 hay en el texto, qu\u00e9 pretende el autor y qu\u00e9 estaba en la mente del lector antes de leerlo. No todas las interpretaciones del texto son igualmente buenas, aunque normalmente puede haber m\u00e1s de una interpretaci\u00f3n v\u00e1lida.<\/p>\n<p><!--Comentario en html--><\/p>\n<p style=\"text-align: center;\"><script async src=\"https:\/\/pagead2.googlesyndication.com\/pagead\/js\/adsbygoogle.js?client=ca-pub-9544854023617669\" crossorigin=\"anonymous\"><\/script><br \/>\n<ins class=\"adsbygoogle\" style=\"display: block; text-align: center;\" data-ad-layout=\"in-article\" data-ad-format=\"fluid\" data-ad-client=\"ca-pub-9544854023617669\" data-ad-slot=\"3571244963\"><\/ins><br \/>\n<script>\n     (adsbygoogle = window.adsbygoogle || []).push({});\n<\/script><\/p>\n<p style=\"text-align: justify;\" align=\"justify\">Cuando se encuentran el mundo del lector, definido como las creencias conocimientos y emociones que \u00e9ste tiene antes de leer un texto (Phillips y Norris, 1999), y el mundo del papel, conceptualizado como la comprensi\u00f3n del mundo que viene definida en el texto (Olson, 1994), los lectores pueden posicionarse epistemol\u00f3gicamente de diferentes maneras respecto a dicho texto (Norris y Phillips, 1987):<\/p>\n<ul>\n<li>Una primera posibilidad es que adopten una posici\u00f3n dominante y permitan que sus ideas previas condicionen la informaci\u00f3n del texto, forzando una interpretaci\u00f3n que no sea consistente con su contenido.<\/li>\n<li>Otra posibilidad es que los lectores permitan que el texto condicione sus ideas previas y hagan interpretaciones en contra de ellas.<\/li>\n<li>Finalmente, pueden adoptar una postura cr\u00edtica e iniciar una negociaci\u00f3n interactiva entre el texto y sus creencias u opiniones para conseguir una interpretaci\u00f3n sea lo m\u00e1s consistente y completa posible y, al mismo tiempo que tenga en cuenta sus ideas previas y la informaci\u00f3n del texto. \u00c9sta es la posici\u00f3n que m\u00e1s nos interesa en este trabajo.<\/li>\n<\/ul>\n<p style=\"text-align: justify;\" align=\"justify\">Un estudio hecho por Phillips y Norris (1999) con estudiantes de secundar\u00eda que hab\u00edan hecho cuatro cursos de ciencia demuestra que los estudiantes no acostumbran a integrar bien sus ideas previas con la informaci\u00f3n del texto. La mayor\u00eda aceptan las afirmaciones del texto e impl\u00edcitamente conf\u00edan en los autores y en raras ocasiones cuestionan su autoridad. Pocos estudiantes eval\u00faan el contenido del texto contrast\u00e1ndolo con sus ideas previas. Ello explica que las ideas de ciencia que ten\u00edan antes y despu\u00e9s de leer cambien muy poco. Para una gran parte de los alumnos el texto tiene un peso m\u00e1s importante que sus propias creencias o lo que es lo mismo, el mundo del papel es m\u00e1s importante que el mundo propio.<\/p>\n<p style=\"text-align: justify;\" align=\"justify\">Si Olson (1994) tiene raz\u00f3n cuando dice que comprender la ciencia es el resultado de comprender los textos, ser\u00e1 muy importante que los profesores aprendamos a ayudar a los estudiantes a encontrar c\u00f3mo establecer puentes entre estos dos mundos (y tambi\u00e9n con el mundo del entorno sociocultural). El conocimiento es siempre contextualizado, y cada lector construye su interpretaci\u00f3n desde su comunidad y en funci\u00f3n de su cultura. La literacidad cient\u00edfica pasa no s\u00f3lo por recordar lo que dicen los textos con contenidos cient\u00edficos sino tambi\u00e9n por tener una posici\u00f3n cr\u00edtica ante ellos. Leer significa comprender, interpretar, analizar y criticar los textos. \u00c9ste es el sentido fundamental de literacidad (Cassany, 2006).<\/p>\n<p><!--Comentario en html--><\/p>\n<p style=\"text-align: center;\"><script async src=\"https:\/\/pagead2.googlesyndication.com\/pagead\/js\/adsbygoogle.js?client=ca-pub-9544854023617669\" crossorigin=\"anonymous\"><\/script><br \/>\n<ins class=\"adsbygoogle\" style=\"display: block; text-align: center;\" data-ad-layout=\"in-article\" data-ad-format=\"fluid\" data-ad-client=\"ca-pub-9544854023617669\" data-ad-slot=\"3571244963\"><\/ins><br \/>\n<script>\n     (adsbygoogle = window.adsbygoogle || []).push({});\n<\/script><\/p>\n<p style=\"text-align: justify;\" align=\"justify\">Esta capacidad de analizar cr\u00edticamente los textos \u2014los datos y argumentos que aportan\u2014, y de justificar el propio punto de vista, requiere el desarrollo del pensamiento cr\u00edtico, campo en el cual se est\u00e1 investigando desde diferentes perspectivas (Ennis, 1996; Paul y Elder, 2005; Phillips y Norris, 1999; Geert, 2004). Desde los distintos puntos de vista se coincide en que para promover el pensamiento cr\u00edtico se debe prestar atenci\u00f3n al desarrollo de las creencias epistemol\u00f3gicas de los estudiantes, facilitar un aprendizaje activo alrededor de problemas relacionados con situaciones de la vida real y estimular interacciones entre los estudiantes que posibiliten hablar y compartir distintas formas de ver.<\/p>\n<p align=\"justify\"><img loading=\"lazy\" decoding=\"async\" class=\"alignnone wp-image-34803\" src=\"http:\/\/webdelmaestrocmf.com\/portal\/wp-content\/uploads\/2019\/01\/3-3.jpg\" alt=\"escribir\" width=\"925\" height=\"540\" srcset=\"https:\/\/webdelmaestrocmf.com\/portal\/wp-content\/uploads\/2019\/01\/3-3.jpg 601w, https:\/\/webdelmaestrocmf.com\/portal\/wp-content\/uploads\/2019\/01\/3-3-300x175.jpg 300w\" sizes=\"auto, (max-width: 925px) 100vw, 925px\" \/><\/p>\n<p style=\"text-align: justify;\" align=\"justify\">El pensamiento cr\u00edtico incluye formular hip\u00f3tesis, ver un problema desde puntos de vista alternativos, plantear nuevas preguntas y posibles soluciones, y planificar estrategias para investigar. Pero tambi\u00e9n el desarrollo de un conjunto de actitudes. Ennis (1991) y Kennedy\u00a0et al.\u00a0(1991) distinguen entre habilidades \u2014analizar argumentos, juzgar la credibilidad de las fuentes, identificar el foco del asunto, preguntar dudas y responderlas o poner en entredicho las cuestiones\u2014, y actitudes o disposiciones \u2014estar interesado por plantear preguntas y por llegar a conclusiones, estar dispuesto a tener cuenta la situaci\u00f3n globalmente y a buscar y dar razones, ser sensible a estar bien informado y a buscar alternativas, y tender a juzgar si las evidencias y razones aportadas son insuficientes.<\/p>\n<p style=\"text-align: justify;\" align=\"justify\">La comprensi\u00f3n cr\u00edtica de textos comporta asumir que el discurso no refleja la realidad con objetividad, sino que ofrece una mirada particular y contextualizada. El lector cr\u00edtico examina la informaci\u00f3n y el conocimiento que aporta el texto desde su perspectiva, lo discute y propone alternativas (Cassany, 2006). Para construir esta interpretaci\u00f3n cr\u00edtica, el lector realiza inferencias pragm\u00e1ticas, estrat\u00e9gicas o proyectivas. Estas inferencias requieren bastantes recursos cognitivos, son conscientes y no se aplican forzosamente durante la lectura propiamente dicha.<\/p>\n<p><!--Comentario en html--><\/p>\n<p style=\"text-align: center;\"><script async src=\"https:\/\/pagead2.googlesyndication.com\/pagead\/js\/adsbygoogle.js?client=ca-pub-9544854023617669\" crossorigin=\"anonymous\"><\/script><br \/>\n<ins class=\"adsbygoogle\" style=\"display: block; text-align: center;\" data-ad-layout=\"in-article\" data-ad-format=\"fluid\" data-ad-client=\"ca-pub-9544854023617669\" data-ad-slot=\"3571244963\"><\/ins><br \/>\n<script>\n     (adsbygoogle = window.adsbygoogle || []).push({});\n<\/script><\/p>\n<h5 align=\"justify\"><strong>\u00bfC\u00f3mo ense\u00f1ar a leer cr\u00edticamente?<\/strong><\/h5>\n<p style=\"text-align: justify;\" align=\"justify\">Para poder analizar, interpretar y criticar un texto de contenido cient\u00edfico se requiere haber integrado en la memoria conocimientos abstractos y complejos. Al leer un texto encontramos unas pistas que nos llevan a activar un determinado modelo te\u00f3rico, a partir del cual realizamos inferencias, lo evaluamos y aprendemos, estableciendo relaciones entre lo que conocemos y las nuevas ideas. Sin activar un modelo te\u00f3rico, o bien la lectura no tiene sentido, o bien adquiere sentidos que no posibilitan conectar con los del autor.<\/p>\n<p style=\"text-align: justify;\" align=\"justify\">Por tanto, ense\u00f1ar a leer cr\u00edticamente en las clases de ciencias pasa en primer lugar por disponer de saberes bien articulados en esquemas. El aprendizaje de la ciencia tiene que ser algo m\u00e1s que dar respuestas condicionadas y memorizar informaciones o conocimientos aislados. Los estudiantes han de poder acercarse a los escritos con referentes cient\u00edficos a partir de un proceso interactivo-constructivista (Holliday\u00a0et al.,\u00a01994).<\/p>\n<p align=\"justify\"><img loading=\"lazy\" decoding=\"async\" class=\"alignnone wp-image-34804 size-full\" src=\"https:\/\/webdelmaestrocmf.com\/portal\/wp-content\/uploads\/2019\/01\/1-28.jpg\" alt=\"escribir\" width=\"960\" height=\"720\" srcset=\"https:\/\/webdelmaestrocmf.com\/portal\/wp-content\/uploads\/2019\/01\/1-28.jpg 960w, https:\/\/webdelmaestrocmf.com\/portal\/wp-content\/uploads\/2019\/01\/1-28-300x225.jpg 300w, https:\/\/webdelmaestrocmf.com\/portal\/wp-content\/uploads\/2019\/01\/1-28-768x576.jpg 768w\" sizes=\"auto, (max-width: 960px) 100vw, 960px\" \/><\/p>\n<p style=\"text-align: justify;\" align=\"justify\">De acuerdo con Brown (1997) creemos que el pensamiento cr\u00edtico se desarrolla en el contexto de una disciplina espec\u00edfica, y en relaci\u00f3n a situaciones o problemas de la vida cotidiana. \u00c9stos tienen una funci\u00f3n de motivaci\u00f3n, dando sentido al aprendizaje (Geert, 2004), pero muy especialmente son importantes para promover el desarrollo del pensamiento cr\u00edtico (Halpern,1998; Kennedy\u00a0et al.,\u00a01991). Cada disciplina proporciona modelos de referencia \u2014o maneras de mirar para analizar el problema y sin ellos es dif\u00edcil poder pensar sobre \u00e9l de forma cr\u00edtica. Muchas veces, para poder interpretar el problema desde su complejidad, distintos modelos provinentes de disciplinas diferentes habr\u00e1n de dialogar entre s\u00ed (Bonil\u00a0et al.,\u00a02004), pero s\u00f3lo se podr\u00e1 establecer este di\u00e1logo si se conocen, si al menos se han construido en una primera versi\u00f3n general.<\/p>\n<p style=\"text-align: justify;\" align=\"justify\">Pero activar el modelo o modelos te\u00f3ricos asociados a la lectura de un texto con contenido cient\u00edfico no es f\u00e1cil ya que generalmente son impl\u00edcitos, cosa que dificulta su comprensi\u00f3n y valoraci\u00f3n (Marb\u00e0\u00a0et al.,\u00a02005; 2008). Por eso ser\u00e1 importante trabajar la lectura de textos cient\u00edficos en la misma clase de ciencias, para poder ayudar al alumnado a conectar su contenido con los saberes que dan sentido a lo que se lee y aprender a hacer las inferencias necesarias.<\/p>\n<p><!--Comentario en html--><\/p>\n<p style=\"text-align: center;\"><script async src=\"https:\/\/pagead2.googlesyndication.com\/pagead\/js\/adsbygoogle.js?client=ca-pub-9544854023617669\" crossorigin=\"anonymous\"><\/script><br \/>\n<ins class=\"adsbygoogle\" style=\"display: block; text-align: center;\" data-ad-layout=\"in-article\" data-ad-format=\"fluid\" data-ad-client=\"ca-pub-9544854023617669\" data-ad-slot=\"3571244963\"><\/ins><br \/>\n<script>\n     (adsbygoogle = window.adsbygoogle || []).push({});\n<\/script><\/p>\n<p style=\"text-align: justify;\" align=\"justify\">Pero no es suficiente leer y comprender un texto, sino que es necesario ser capaz de leerlo cr\u00edticamente e inferir, por ejemplo, la credibilidad de los datos y argumentos que aporta. Desde esta perspectiva, leer supone reconocer que el texto es un instrumento cultural, con valores y situado en una \u00e9poca hist\u00f3rica. Es decir, que su autor no es una persona neutra, sino que tiene unos conocimientos, una cultura y unas intenciones que se plasman en el texto y que el lector tiene que llegar a interpretar. As\u00ed, en un texto hace falta reconocer la ideolog\u00eda y el estatus y grado de certeza de los argumentos cient\u00edficos que aparecen en \u00e9l, diferenciando entre afirmaciones, hip\u00f3tesis, especulaciones, predicciones&#8230; (Cassany, 2006).<\/p>\n<p style=\"text-align: justify;\" align=\"justify\">Se considera que el aprendizaje cooperativo y la discusi\u00f3n en grupo fomentan el aumento de habilidades de orden superior, como criticar, analizar y juzgar, y mejora las estrategias de razonamiento. Paul (1992) propugna que los profesores pueden ayudar a sus alumnos a trabajar el pensamiento cr\u00edtico discutiendo las ideas encontradas en los textos, promoviendo que hablen de sus ideas y puntos de vista, estimulando la discusi\u00f3n entre ellos sobre los problemas y sus posibles soluciones, y planteando tareas para que construyan categor\u00edas de clasificaci\u00f3n en lugar de d\u00e1rselas hechas.<\/p>\n<p style=\"text-align: justify;\" align=\"justify\">Tambi\u00e9n se considera importante prestar atenci\u00f3n a las creencias epistemol\u00f3gicas de los estudiantes y a las emociones que despierta el hecho de leer. Los valores, los sentimientos y las emociones forman parte de la lectura y tambi\u00e9n han de ser objeto de an\u00e1lisis y reflexi\u00f3n.<\/p>\n<p style=\"text-align: justify;\" align=\"justify\">Entendemos que leer es el resultado de una actividad social compartida. Los alumnos entienden mejor un texto y retienen mejor la informaci\u00f3n cuando \u00e9ste se ha analizado en grupo que cuando el texto se ha trabajado \u00fanicamente de manera individual (Dansereau, 1987; Colomer, 2002). Las estrategias de lectura cooperativa se han demostrado muy \u00fatiles tanto para estimular el placer de los alumnos por la lectura, como para hacerlo cr\u00edticamente (M\u00e1rquez y Prat, 2005; Prat\u00a0et al.,\u00a02007).<\/p>\n<p style=\"text-align: justify;\" align=\"justify\">Tambi\u00e9n es necesario promover estrategias orientadas a la reflexi\u00f3n metacognitiva sobre c\u00f3mo leemos y a la autorregulaci\u00f3n (Sard\u00e0\u00a0et al.,\u00a02006). Estas estrategias son b\u00e1sicas para aprender a participar cr\u00edticamente en la propia comunidad y en sus pr\u00e1cticas sociales. La participaci\u00f3n es otra idea clave asociada al pensamiento cr\u00edtico, y la escuela deber\u00eda ofrecer oportunidades para observar c\u00f3mo se participa, imitar pr\u00e1cticas y\/o generarlas, as\u00ed como para reflexionar sobre todo ello. Un texto no se puede analizar si no se establecen relaciones entre la comunidad del autor y la del lector (Welligton y Osborne, 2001; Marb\u00e0\u00a0et al.,\u00a02009) y los contextos de aprendizaje que se elijan se deben escoger de manera que posibiliten a los estudiantes tomar decisiones y responsabilizarse.<\/p>\n<p align=\"justify\"><img loading=\"lazy\" decoding=\"async\" class=\"alignnone wp-image-87739 size-full\" src=\"https:\/\/webdelmaestrocmf.com\/portal\/wp-content\/uploads\/2019\/08\/ZA12B3C4D-87-17.jpg\" alt=\"escribir\" width=\"700\" height=\"365\" srcset=\"https:\/\/webdelmaestrocmf.com\/portal\/wp-content\/uploads\/2019\/08\/ZA12B3C4D-87-17.jpg 700w, https:\/\/webdelmaestrocmf.com\/portal\/wp-content\/uploads\/2019\/08\/ZA12B3C4D-87-17-300x156.jpg 300w, https:\/\/webdelmaestrocmf.com\/portal\/wp-content\/uploads\/2019\/08\/ZA12B3C4D-87-17-110x57.jpg 110w, https:\/\/webdelmaestrocmf.com\/portal\/wp-content\/uploads\/2019\/08\/ZA12B3C4D-87-17-200x104.jpg 200w, https:\/\/webdelmaestrocmf.com\/portal\/wp-content\/uploads\/2019\/08\/ZA12B3C4D-87-17-380x198.jpg 380w, https:\/\/webdelmaestrocmf.com\/portal\/wp-content\/uploads\/2019\/08\/ZA12B3C4D-87-17-255x133.jpg 255w, https:\/\/webdelmaestrocmf.com\/portal\/wp-content\/uploads\/2019\/08\/ZA12B3C4D-87-17-550x287.jpg 550w\" sizes=\"auto, (max-width: 700px) 100vw, 700px\" \/><\/p>\n<p><!--Comentario en html--><\/p>\n<p style=\"text-align: center;\"><script async src=\"https:\/\/pagead2.googlesyndication.com\/pagead\/js\/adsbygoogle.js?client=ca-pub-9544854023617669\" crossorigin=\"anonymous\"><\/script><br \/>\n<ins class=\"adsbygoogle\" style=\"display: block; text-align: center;\" data-ad-layout=\"in-article\" data-ad-format=\"fluid\" data-ad-client=\"ca-pub-9544854023617669\" data-ad-slot=\"3571244963\"><\/ins><br \/>\n<script>\n     (adsbygoogle = window.adsbygoogle || []).push({});\n<\/script><\/p>\n<h5 align=\"justify\"><strong>Actividades para aprender a leer cr\u00edticamente textos con contenido cient\u00edfico<\/strong><\/h5>\n<p style=\"text-align: justify;\" align=\"justify\">En el\u00a0<a href=\"http:\/\/www.scielo.org.mx\/img\/revistas\/eq\/v20s1\/html\/a5anex.html\" target=\"_blank\" rel=\"noopener noreferrer\">anexo<\/a>\u00a0se reproducen 2 ejemplos de actividades realizadas en el contexto de clases de Qu\u00edmica (14-16 a\u00f1os). Los textos se han seleccionado teniendo en cuenta los contenidos trabajados previamente y la relevancia social del problema que tratan, sin olvidar su posible potencial para despertar el inter\u00e9s del alumnado.<\/p>\n<p style=\"text-align: justify;\" align=\"justify\">En el dise\u00f1o de estas actividades se han aplicado distintos tipos de estrategias did\u00e1cticas:<\/p>\n<p style=\"text-align: justify;\" align=\"justify\">a) En primer lugar, hemos utilizado un cuestionario para afrontar la lectura del texto, adaptado de Bartz (2002) a partir de aportaciones provinentes de Paul y Elder (2005), Norris y Ennis (1990), Scalan (2006), Cassany (2006), OECD (2006) y del grupo de investigaci\u00f3n LIEC\u00a0(Llenguatge i Ensenyament de les Ci\u00e8ncies)\u00a0de la UAB (Prat\u00a0et al.,\u00a02008).<\/p>\n<p style=\"text-align: justify;\" align=\"justify\">Este cuestionario trata de promover que el alumnado identifique las principales afirmaciones del discurso y los intereses que mueven al autor a construirlo y el punto de vista que adopta, valore la solidez, fiabilidad y validez de las evidencias y argumentos aportados y detecte incoherencias, imprecisiones, errores i\/o contradicciones, que son formas de aproximarse al texto que le han de posibilitar una lectura significativa y cr\u00edtica.<\/p>\n<p style=\"text-align: justify;\" align=\"justify\">Hemos comprobado que el cuestionario es una gu\u00eda aplicable al an\u00e1lisis de todo tipo de textos. Con anterioridad lo hab\u00edamos aplicado al an\u00e1lisis de anuncios del peri\u00f3dico (ver el ejemplo de la figura 1), anuncios en Internet (ejemplo de la figura 2) y textos audiovisuales como una pel\u00edcula (por ejemplo, \u00abUna verdad inconveniente\u00bb de Al Gore sobre el cambio clim\u00e1tico).<\/p>\n<p style=\"text-align: justify;\" align=\"justify\">En esta ocasi\u00f3n el cuestionario se ha aplicado al an\u00e1lisis de art\u00edculos period\u00edsticos y de divulgaci\u00f3n cient\u00edfica (ver actividades del\u00a0<a href=\"http:\/\/www.scielo.org.mx\/img\/revistas\/eq\/v20s1\/html\/a5anex.html\" target=\"_blank\" rel=\"noopener noreferrer\">anexo<\/a>).<\/p>\n<p><!--Comentario en html--><\/p>\n<p style=\"text-align: justify;\" align=\"justify\">El\u00a0<a href=\"http:\/\/www.scielo.org.mx\/img\/revistas\/eq\/v20s1\/a5c1.jpg\" target=\"_blank\" rel=\"noopener noreferrer\">cuadro 1<\/a>\u00a0reproduce el cuestionario-tipo aplicado y las capacidades cognitivas asociadas que consideramos se ayudan a desarrollar. En funci\u00f3n del contenido del texto, del problema que plantea y de los objetivos de la lectura, las preguntas pueden variar y no tiene por qu\u00e9 aplicarse siempre de la misma forma.<\/p>\n<p style=\"text-align: justify;\" align=\"justify\">b) En el dise\u00f1o de cada actividad tambi\u00e9n se han teniendo en cuenta las tres fases del proceso lector:\u00a0fase previa\u00a0(activaci\u00f3n de ideas previas y formulaci\u00f3n de hip\u00f3tesis iniciales),\u00a0durante la lectura(regulaci\u00f3n del proceso de lectura) y\u00a0despu\u00e9s de la lectura\u00a0(evaluaci\u00f3n y b\u00fasqueda de implicaciones).<\/p>\n<p style=\"text-align: justify;\" align=\"justify\">Cuando se escoge un texto como parte central de una actividad de aprendizaje, antes de la lectura propiamente dicha es importante compartir con el alumnado su prop\u00f3sito, cu\u00e1l es el producto final esperado y el proceso para llegar a \u00e9l, as\u00ed como las razones de todo ello. Sin este conocimiento es dif\u00edcil que los que aprenden puedan regular su aprendizaje, ya que les es imposible encontrar sentido a todo aquello que se les pide que lleven a cabo (Sanmart\u00ed y Jorba, 1995).<\/p>\n<p style=\"text-align: justify;\" align=\"justify\">Las tareas previas a la lectura realizadas tienen como finalidad contextualizar la lectura en el conjunto de la secuencia did\u00e1ctica, introducir el objetivo del trabajo a realizar, explorar las representaciones iniciales sobre el contenido de la lectura y sobre su autor, y activar conocimientos previos. Los distintos miembros del grupo-clase exponen sus puntos de vista, se comparan y se discuten y regulan siempre que sea necesario.<\/p>\n<p style=\"text-align: justify;\" align=\"justify\">Durante la lectura\u00a0se promueve que el lector identifique el problema que plantea, las soluciones que defiende el autor, las evidencias y todo tipo de argumentos que aporta, las conclusiones, los valores asociados a su contenido&#8230;<\/p>\n<p style=\"text-align: justify;\" align=\"justify\">Como veremos en el apartado siguiente, hemos promovido que la lectura se lleve a cabo en el marco de peque\u00f1os grupos cooperativos, de forma que sus miembros comparen las distintas representaciones y las regulen.<\/p>\n<p style=\"text-align: justify;\" align=\"justify\">Despu\u00e9s de la lectura\u00a0se anima a los estudiantes a establecer relaciones entre lo le\u00eddo y la producci\u00f3n final que se espera de ellos. En general las tareas se orientan a profundizar en el rol cient\u00edfico y en el rol comunicador.<\/p>\n<p style=\"text-align: justify;\" align=\"justify\">Desde el rol cient\u00edfico se promueve que piensen c\u00f3mo se plantear\u00eda el problema un cient\u00edfico, c\u00f3mo planificar\u00eda la b\u00fasqueda de soluciones o comprobar\u00eda las tesis del autor o autora del art\u00edculo, qu\u00e9 conocimientos que se necesitan para poder elaborar la producci\u00f3n final y c\u00f3mo encontrar la informaci\u00f3n necesaria.<\/p>\n<p style=\"text-align: justify;\" align=\"justify\">Desde el rol comunicador, se discuten las caracter\u00edsticas del tipo de texto o modo comunicativo elegido, c\u00f3mo planificar su realizaci\u00f3n y los criterios de avaluaci\u00f3n que han de posibilitar valorar la calidad del producto final. Pueden ser textos escritos de distintos tipos \u2014un art\u00edculo para la revista de la escuela u otros, una carta al peri\u00f3dico, una presentaci\u00f3n en PowerPoint para dar a conocer el tema a alumnos de otros cursos, una participaci\u00f3n en debates en forums, blogs u otros instrumentos que actualmente son de f\u00e1cil manejo y gran difusi\u00f3n, etc.<\/p>\n<p><!--Comentario en html--><\/p>\n<p style=\"text-align: center;\"><script async src=\"https:\/\/pagead2.googlesyndication.com\/pagead\/js\/adsbygoogle.js?client=ca-pub-9544854023617669\" crossorigin=\"anonymous\"><\/script><br \/>\n<ins class=\"adsbygoogle\" style=\"display: block; text-align: center;\" data-ad-layout=\"in-article\" data-ad-format=\"fluid\" data-ad-client=\"ca-pub-9544854023617669\" data-ad-slot=\"3571244963\"><\/ins><br \/>\n<script>\n     (adsbygoogle = window.adsbygoogle || []).push({});\n<\/script><\/p>\n<p style=\"text-align: justify;\" align=\"justify\">c) Finalmente se ha promovido la lectura cooperativa, la ayuda mutua y la co-regulaci\u00f3n del pensamiento y de la acci\u00f3n a lo largo de toda la actividad.<\/p>\n<p style=\"text-align: justify;\" align=\"justify\">El aula se organiza en grupos de 4 alumnos y se combina el trabajo y la reflexi\u00f3n individual con la puesta en com\u00fan en el marco del peque\u00f1o grupo y, posteriormente, en gran grupo. Por ejemplo, durante la lectura a veces todos los miembros del grupo leen el texto completo pero en funci\u00f3n de una pregunta distinta (Kock y Eckstein, 1991), y posteriormente ponen en com\u00fan las diversas respuestas. As\u00ed un alumno o alumna lo puede leer con la finalidad de identificar el problema que se discute y el objetivo con que posiblemente el autor escribi\u00f3 el texto, otro los argumentos y evidencias que aporta y su posible inter\u00e9s, otro los valores asociados al problema planteado, etc.<\/p>\n<p style=\"text-align: justify;\" align=\"justify\">Otras veces el texto se divide en partes y cada estudiante lee una de ellas y resume su contenido para los dem\u00e1s. Y otras veces leen todos a la vez, pero van comparando qu\u00e9 entienden y las ideas que extraen. Cuando ya tienen experiencia en distintas formas de organizar la lectura, los mismos alumnos pueden escoger el m\u00e9todo que creen que les funcionar\u00e1 mejor.<\/p>\n<p style=\"text-align: justify;\" align=\"justify\">Al mismo tiempo, en las distintas etapas de realizaci\u00f3n de la actividad se estimula que los estudiantes lleven a cabo procesos de autorregulaci\u00f3n, a partir de comparar sus ideas con las de los compa\u00f1eros, de discutir las razones de las diferencias, y de coevaluar las producciones. Tambi\u00e9n se discuten los criterios de evaluaci\u00f3n de la producci\u00f3n final, tanto del contenido cient\u00edfico como de las formas de expresarlo, y luego se aplican al an\u00e1lisis de otros escritos o de los propios. Siempre se parte de una reflexi\u00f3n o escrito individual, para poder compararlo posteriormente con otros. Cuando se llevan a cabo coevaluaciones, la finalidad es adem\u00e1s sugerir nuevas reflexiones o mejoras a los compa\u00f1eros y compa\u00f1eras evaluados.<\/p>\n<p style=\"text-align: justify;\" align=\"justify\">Los ejemplos de actividades que se presentan en el\u00a0<a href=\"http:\/\/www.scielo.org.mx\/img\/revistas\/eq\/v20s1\/html\/a5anex.html\" target=\"_blank\" rel=\"noopener noreferrer\">anexo<\/a>\u00a0se realizaron como actividades de aplicaci\u00f3n, despu\u00e9s de haber trabajado el modelo te\u00f3rico cient\u00edfico que los estudiantes ten\u00edan que activar para analizar el texto. Ocuparon entre tres y cuatro horas de trabajo en el aula.<\/p>\n<p><!--Comentario en html--><\/p>\n<p style=\"text-align: center;\"><script async src=\"https:\/\/pagead2.googlesyndication.com\/pagead\/js\/adsbygoogle.js?client=ca-pub-9544854023617669\" crossorigin=\"anonymous\"><\/script><br \/>\n<ins class=\"adsbygoogle\" style=\"display: block; text-align: center;\" data-ad-layout=\"in-article\" data-ad-format=\"fluid\" data-ad-client=\"ca-pub-9544854023617669\" data-ad-slot=\"3571244963\"><\/ins><br \/>\n<script>\n     (adsbygoogle = window.adsbygoogle || []).push({});\n<\/script><\/p>\n<h5 align=\"justify\"><strong>Primeros resultados<\/strong><\/h5>\n<p style=\"text-align: justify;\" align=\"justify\">El an\u00e1lisis de las respuestas del alumnado muestran que no es f\u00e1cil aplicar un pensamiento cr\u00edtico al an\u00e1lisis de los distintos textos trabajados.<\/p>\n<p style=\"text-align: justify;\" align=\"justify\">A leer los art\u00edculos la mayor\u00eda piensa que los autores tienen visiones pesimistas de los problemas que tratan; en cambio cu\u00e1ndo se les pide su opini\u00f3n personal, son m\u00e1s positivos, demostrando una confianza plena en que los avances cient\u00edficos podr\u00e1n resolverlos. Dicen frases del tipo: \u00abcon un poco de investigaci\u00f3n se pueden encontrar soluciones\u00bb.<\/p>\n<p style=\"text-align: justify;\" align=\"justify\">En todas las actividades hemos comprobado que los estudiantes presuponen que un periodista es una persona informada y documentada. Si el texto contiene alguna palabra que ellos consideran cient\u00edfica (\u00e1cido, mercurio, concentraci\u00f3n, residuos&#8230;.), la consideran un indicador suficiente para avalar el fundamento cient\u00edfico de la noticia. Para validar su contenido, muchos alumnos argumentan que en el texto se hace referencia a estudios que demuestran las afirmaciones que contienen, aunque no se especifique qui\u00e9n y c\u00f3mo se han realizado.<\/p>\n<p style=\"text-align: justify;\" align=\"justify\">La mayor\u00eda opina sobre el contenido del documento a partir de sus ideas previas, sin relacionarlo con los aprendizajes realizados en la clase de ciencias. Tienen muchas dificultades para establecer conexiones con los contenidos cient\u00edficos que conocen y s\u00f3lo aport\u00e1ndoles alguna pista u orient\u00e1ndolos son capaces de reconocer los conocimientos que han de activar para interpretar la noticia o para proponer soluciones al problema planteado.<\/p>\n<p style=\"text-align: justify;\" align=\"justify\">Por ejemplo, en la primera actividad del\u00a0<a href=\"http:\/\/www.scielo.org.mx\/img\/revistas\/eq\/v20s1\/html\/a5anex.html\" target=\"_blank\" rel=\"noopener noreferrer\">anexo<\/a>\u00a0(\u00abGraffiti a prueba de bomba\u00bb),\u00a0cuando se pide a los estudiantes que piensen c\u00f3mo plantear\u00eda el problema una persona cient\u00edfica y c\u00f3mo planificar\u00eda su resoluci\u00f3n, se centran en ampliar la informaci\u00f3n sobre los productos utilizados para realizar los\u00a0graffiti\u00a0diciendo frases como:\u00a0\u00abDescubrir la composici\u00f3n qu\u00edmica de los &#8216;esprais&#8217;\u00a0\u00bb o\u00a0\u00abestudiar las caracter\u00edsticas de los \u00e1cidos\u00bb.\u00a0Ning\u00fan alumno plantea el problema en t\u00e9rminos de investigar c\u00f3mo interaccionan los \u00e1cidos con el vidrio. S\u00f3lo se fijan en una de las variables a investigar y no en la interacci\u00f3n entre ambas, y tienen grandes dificultades para plantear problemas cient\u00edficamente investigables.<\/p>\n<p><!--Comentario en html--><\/p>\n<p style=\"text-align: center;\"><script async src=\"https:\/\/pagead2.googlesyndication.com\/pagead\/js\/adsbygoogle.js?client=ca-pub-9544854023617669\" crossorigin=\"anonymous\"><\/script><br \/>\n<ins class=\"adsbygoogle\" style=\"display: block; text-align: center;\" data-ad-layout=\"in-article\" data-ad-format=\"fluid\" data-ad-client=\"ca-pub-9544854023617669\" data-ad-slot=\"3571244963\"><\/ins><br \/>\n<script>\n     (adsbygoogle = window.adsbygoogle || []).push({});\n<\/script><\/p>\n<p style=\"text-align: justify;\" align=\"justify\">Consecuentemente tampoco son capaces de buscar evidencias cient\u00edficas en el texto o en otros de los consultados para ampliar la informaci\u00f3n y, por tanto, de criticar el fundamento cient\u00edfico del art\u00edculo. Inicialmente piensan en los productos para realizar grafitos sobre vidrios como pinturas y creen que el problema se puede resolver encontrando un compuesto que disuelva estas \u00abpintadas\u00bb. Tampoco piensan en relacionar el mundo macrosc\u00f3pico del que habla el art\u00edculo (propiedades del vidrio), con el mundo microsc\u00f3pico (estructura de este material), ni para explicar el hecho, ni para pensar en soluciones. En el momento en que se les anim\u00f3 a establecer estas relaciones fue cuando detectaron contradicciones entre el conocimiento cient\u00edfico y las ideas que el autor expon\u00eda en el art\u00edculo.<\/p>\n<p style=\"text-align: justify;\" align=\"justify\">La pauta dada para guiar su trabajo planteada en esta actividad (ver p\u00e1gina 242) ayud\u00f3 al alumnado a centrarse en la cuesti\u00f3n, analizarla y pensar en c\u00f3mo resolver el problema. Est\u00e1 por comprobar si estos mismos estudiantes, con m\u00e1s pr\u00e1ctica en la realizaci\u00f3n de este tipo de actividades, ser\u00edan capaces de aproximarse cient\u00edficamente al problema m\u00e1s aut\u00f3nomamente.<\/p>\n<p style=\"text-align: justify;\" align=\"justify\">En la segunda actividad, en la cual los alumnos han de comparar el contenido de art\u00edculos que hablan del mismo tema, muestran dificultades para identificar diferencias significativas, aunque hemos constatado que si se les ayuda a fijarse en las distintas variables, las detectan mejor. Por ejemplo, se dan cuenta de que en un art\u00edculo se citan las fuentes expl\u00edcitamente y en el otro no, que la informaci\u00f3n aportada no siempre est\u00e1 bien estructurada, que las concentraciones de mercurio que se citan son diferentes, que las conclusiones tienen finalidades diferentes&#8230;, aspectos que sin esta gu\u00eda no los hubieran percibido. Tambi\u00e9n hemos comprobado que al comparar dos textos les es m\u00e1s f\u00e1cil detectar las intenciones de los autores.<\/p>\n<p style=\"text-align: justify;\" align=\"justify\">La b\u00fasqueda en Internet de informaciones complementarias ha permitido al alumnado darse cuenta de que la informaci\u00f3n puede variar en funci\u00f3n de la fuente y que es necesario validarlas a partir de criterios propios, pero fundamentados.<\/p>\n<p><!--Comentario en html--><\/p>\n<p style=\"text-align: center;\"><script async src=\"https:\/\/pagead2.googlesyndication.com\/pagead\/js\/adsbygoogle.js?client=ca-pub-9544854023617669\" crossorigin=\"anonymous\"><\/script><br \/>\n<ins class=\"adsbygoogle\" style=\"display: block; text-align: center;\" data-ad-layout=\"in-article\" data-ad-format=\"fluid\" data-ad-client=\"ca-pub-9544854023617669\" data-ad-slot=\"3571244963\"><\/ins><br \/>\n<script>\n     (adsbygoogle = window.adsbygoogle || []).push({});\n<\/script><\/p>\n<p><!--Comentario en html--><\/p>\n<p style=\"text-align: justify;\" align=\"justify\">Finalmente, los alumnos acaban las actividades realizando una producci\u00f3n escrita. En la primera actividad realizan un texto argumentativo y este texto permite comprobar si los alumnos han logrado los objetivos que nos plante\u00e1bamos y son capaces de rebatir el fundamento cient\u00edfico del autor. La mayor\u00eda de textos son coherentes aunque hemos detectado que tienden a argumentar s\u00f3lo sobre alguna de las variables posibles, pero no en relaci\u00f3n a todas. Tambi\u00e9n valoramos positivamente la iniciativa de uno de los grupos-clase que realiz\u00f3 esta actividad, al proponer como tarea final escribir una carta al director del peri\u00f3dico argumentado que la noticia publicada ten\u00eda algunos errores.<\/p>\n<p style=\"text-align: justify;\" align=\"justify\">En cuanto a la segunda actividad, los alumnos como producto final escriben un texto comparando los dos art\u00edculos. Es importante destacar que en este caso tuvieron en cuenta un mayor n\u00famero de variables entre las posibles, por lo que se puede afirmar que, a medio plazo, aumenta el grado de complejidad de los textos producidos. Hemos constatado que la comparaci\u00f3n de art\u00edculos a partir de una serie de rasgos esenciales establecidos mejora su an\u00e1lisis cr\u00edtico y que el hecho de contrastar la informaci\u00f3n ha ayudado a cuestionar la fiabilidad de algunos datos o fuentes.<\/p>\n<p style=\"text-align: justify;\" align=\"justify\">Despu\u00e9s de la realizaci\u00f3n de estas actividades el alumnado tiene m\u00e1s interrogantes que antes respecto a los temas cient\u00edficos estudiados. Y pidi\u00f3 realizar m\u00e1s tareas de este tipo, con lo que se puede afirmar que se capt\u00f3 su inter\u00e9s por la lectura de textos de actualidad y por su an\u00e1lisis cr\u00edtico.<\/p>\n<p><!--Comentario en html--><\/p>\n<p style=\"text-align: center;\"><script async src=\"https:\/\/pagead2.googlesyndication.com\/pagead\/js\/adsbygoogle.js?client=ca-pub-9544854023617669\" crossorigin=\"anonymous\"><\/script><br \/>\n<ins class=\"adsbygoogle\" style=\"display: block; text-align: center;\" data-ad-layout=\"in-article\" data-ad-format=\"fluid\" data-ad-client=\"ca-pub-9544854023617669\" data-ad-slot=\"3571244963\"><\/ins><br \/>\n<script>\n     (adsbygoogle = window.adsbygoogle || []).push({});\n<\/script><\/p>\n<h5 align=\"justify\"><strong>Reflexiones finales<\/strong><\/h5>\n<p style=\"text-align: justify;\" align=\"justify\">La lectura de estos art\u00edculos ha ayudado al alumnado a conectar la ciencia escolar con el mundo real. Pensamos que la lectura de textos con contenido cient\u00edfico de diferentes fuentes tiene un papel fundamental en el aprendizaje de las ciencias, no s\u00f3lo para mejorar la comprensi\u00f3n de fen\u00f3menos cient\u00edficos sino tambi\u00e9n para ayudar al alumnado a desarrollar una serie de capacidades para desenvolverse en el mundo y poder discutir con argumentos cient\u00edficos y con esp\u00edritu cr\u00edtico problemas de relevancia social.<\/p>\n<p style=\"text-align: justify;\" align=\"justify\">Destacar\u00edamos especialmente que el tipo de preguntas planteadas a los estudiantes en las actividades, derivadas del cuestionario C.R.I.T.I.C, y la organizaci\u00f3n del trabajo en peque\u00f1os grupos cooperativos, posibilitaron la implicaci\u00f3n de todo tipo de alumnos y su aprendizaje. Cuestionaron no s\u00f3lo los puntos de vista de los autores de los art\u00edculos, sino tambi\u00e9n los suyos propios, lo que les llev\u00f3 a autorregular sus ideas iniciales.<\/p>\n<p style=\"text-align: justify;\" align=\"justify\">Valoramos que la secuencia de las tareas, propuesta en cada actividad, es otro de los aspectos-clave para un buen funcionamiento de este tipo de actividades. Es importante que los alumnos se representen desde el inicio las razones por las que se les propone realizarlas y qu\u00e9 se espera que al final sean capaces producir.<\/p>\n<p style=\"text-align: justify;\" align=\"justify\">Tambi\u00e9n que, al menos en las primeras actividades de este tipo que se lleven a cabo, es necesario ayudarles a conectar el mundo sobre el que leen con el mundo de la ciencia. Sorprende que, a pesar de realizarlas en el marco de las clases de Qu\u00edmica, no se les ocurra hacerlo de forma espont\u00e1nea. Pero cuando reconocen la conexi\u00f3n y que les posibilita buscar y encontrar informaciones complementarias \u00fatiles para fundamentar mejor su opini\u00f3n, se sienten muy motivados.<\/p>\n<p><!--Comentario en html--><\/p>\n<p style=\"text-align: center;\"><script async src=\"https:\/\/pagead2.googlesyndication.com\/pagead\/js\/adsbygoogle.js?client=ca-pub-9544854023617669\" crossorigin=\"anonymous\"><\/script><br \/>\n<ins class=\"adsbygoogle\" style=\"display: block; text-align: center;\" data-ad-layout=\"in-article\" data-ad-format=\"fluid\" data-ad-client=\"ca-pub-9544854023617669\" data-ad-slot=\"3571244963\"><\/ins><br \/>\n<script>\n     (adsbygoogle = window.adsbygoogle || []).push({});\n<\/script><\/p>\n<p style=\"text-align: justify;\" align=\"justify\">Otro aspecto a destacar es la dificultad en reconocer evidencias, en el texto o provinentes de su experiencia, que sean significativas para poder validar la informaci\u00f3n que aportan los distintos documentos consultados, ya que a priori todos piensan que la informaci\u00f3n escrita es siempre cierta e imparcial.<\/p>\n<p style=\"text-align: justify;\" align=\"justify\">Finalmente, valoramos como muy importante que la actividad finalice con la realizaci\u00f3n de alguna acci\u00f3n en la que los estudiantes tengan que comunicar las conclusiones a las que han llegado, argument\u00e1ndolas, y que autoeval\u00faen su producci\u00f3n. El hecho de hablar o escribir les ayuda a reorganizar sus ideas, teniendo en cuenta el modelo cient\u00edfico de referencia, y a interiorizarlas.<\/p>\n<p style=\"text-align: justify;\" align=\"justify\">En estos momentos en que desde distintos entornos sociales y marcos te\u00f3ricos se postula la necesidad de orientar los curr\u00edculos hacia el desarrollo de competencias en el alumnado, creemos que este tipo de actividades son id\u00f3neas. No en vano se define a la competencia cient\u00edfica como\u00a0\u00abCapacidad de utilizar el conocimiento cient\u00edfico para identificar preguntas y obtener conclusiones a partir de evidencias, con la finalidad de comprender y ayudar a tomar decisiones acerca del mundo natural y de los cambios que la actividad humana produce en \u00e9l\u00bb\u00a0(PISA, 2000). Sin olvidar, siguiendo a Paulo Freire (1978), que \u00abNo leemos ni comprendemos significados neutros; leemos discursos de nuestro entorno y comprendemos datos e informaciones que nos permiten interactuar y modificar nuestra vida\u00bb.<\/p>\n<p><!--Comentario en html--><\/p>\n<p style=\"text-align: center;\"><script async src=\"https:\/\/pagead2.googlesyndication.com\/pagead\/js\/adsbygoogle.js?client=ca-pub-9544854023617669\" crossorigin=\"anonymous\"><\/script><br \/>\n<ins class=\"adsbygoogle\" style=\"display: block; text-align: center;\" data-ad-layout=\"in-article\" data-ad-format=\"fluid\" data-ad-client=\"ca-pub-9544854023617669\" data-ad-slot=\"3571244963\"><\/ins><br \/>\n<script>\n     (adsbygoogle = window.adsbygoogle || []).push({});\n<\/script><\/p>\n<h5 align=\"justify\"><strong>Bibliograf\u00eca<\/strong><\/h5>\n<ul>\n<li style=\"text-align: justify;\">Baker, L. y Brown, A.L., \u00abMetacognitive skills and reading\u00bb, en P.D. Pearson, R. Barr, M.L. Kamil, P. Mosenthal (eds.),\u00a0Handbook of reading research,\u00a0(pp.353-394), New York, EEUU: Longman, 1984. \u00a0\u00a0\u00a0\u00a0\u00a0\u00a0\u00a0\u00a0[\u00a0<a>Links<\/a>\u00a0]<\/li>\n<li style=\"text-align: justify;\">Bartz, W.R., Teaching Skepticism via the CRITIC Acronym and the Skeptical Inquirer,\u00a0The Skeptical Inquirer,26(5), 42-44, 2002. \u00a0\u00a0\u00a0\u00a0\u00a0\u00a0\u00a0\u00a0[\u00a0<a>Links<\/a>\u00a0]<\/li>\n<li style=\"text-align: justify;\">Bonil, J., Calafell, G., Orellana, L., Espinet, M., Pujol, R.M., Bonil, J.; Calafell, G., El di\u00e1logo disciplinar, un camino necesario para avanzar hacia la complejidad,\u00a0Investigaci\u00f3n en\u00a0la escuela,\u00a053, 83-97, 2004. \u00a0\u00a0\u00a0\u00a0\u00a0\u00a0\u00a0\u00a0[\u00a0<a>Links<\/a>\u00a0]<\/li>\n<li style=\"text-align: justify;\">Brown, A., Transforming schools into communities of thinking and learning about serious matters,\u00a0American Psychologist,\u00a052, 399-413, 1997. \u00a0\u00a0\u00a0\u00a0\u00a0\u00a0\u00a0\u00a0[\u00a0<a>Links<\/a>\u00a0]<\/li>\n<li style=\"text-align: justify;\">Cassany, D.,\u00a0Tras las l\u00edneas: sobre la lectura contempor\u00e1nea,\u00a0Barcelona, Espa\u00f1a: Anagrama, 2006. \u00a0\u00a0\u00a0\u00a0\u00a0\u00a0\u00a0\u00a0[\u00a0<a>Links<\/a>\u00a0]<\/li>\n<li style=\"text-align: justify;\">Colomer, T., La ense\u00f1anza y el aprendizaje de la comprensi\u00f3n lectora, en: Lomas, C. (eds.),\u00a0El aprendizaje de la comunicaci\u00f3n en las aulas,\u00a0(pp. 85-106) Barcelona, Espa\u00f1a: Ed. Paid\u00f3s, 2002. \u00a0\u00a0\u00a0\u00a0\u00a0\u00a0\u00a0\u00a0[\u00a0<a>Links<\/a>\u00a0]<\/li>\n<li style=\"text-align: justify;\">Craig, M.T.; Yore, L.D., Middle school students&#8217;awareness of strategies for resolving reading comprehension difficulties in science reading,\u00a0Journal of Research in Development in Education,\u00a029, 226-238, 1996. \u00a0\u00a0\u00a0\u00a0\u00a0\u00a0\u00a0\u00a0[\u00a0<a>Links<\/a>\u00a0]<\/li>\n<li style=\"text-align: justify;\">Da Silva, C.; Almeida, M.J., Condicoes de produ\u00e7ao da leitura em aulas de f\u00edsica no ensino m\u00e9dio: um estudo de caso, en: Almeida, M.J. y Da Silva, C. (editores),\u00a0Linguagens, leituras e ensino da ciencias,\u00a0Campinas, Brasil: Associa\u00e7ao de Leitura do Brasil, 1998. \u00a0\u00a0\u00a0\u00a0\u00a0\u00a0\u00a0\u00a0[\u00a0<a>Links<\/a>\u00a0]<\/li>\n<li style=\"text-align: justify;\">Dansereau, D., Transfer from cooperative to individual studing,\u00a0Journal of Reading,\u00a030 (7), 614-619, 1987. \u00a0\u00a0\u00a0\u00a0\u00a0\u00a0\u00a0\u00a0[\u00a0<a>Links<\/a>\u00a0]<\/li>\n<li style=\"text-align: justify;\">Ennis, R.H., Applying soundness standards to qualified reasoning,\u00a0Informal Logic,\u00a024(1), 23-39, 2004. \u00a0\u00a0\u00a0\u00a0\u00a0\u00a0\u00a0\u00a0[\u00a0<a>Links<\/a>\u00a0]<\/li>\n<li style=\"text-align: justify;\">Ennis, R.H., Critical Thinking: A Streamlined Conception,\u00a0Teaching Philosophy,\u00a014, 5-25, 1991. \u00a0\u00a0\u00a0\u00a0\u00a0\u00a0\u00a0\u00a0[\u00a0<a>Links<\/a>\u00a0]<\/li>\n<li style=\"text-align: justify;\">Ennis, R.H.,\u00a0Critical Thinking,\u00a0Englewood Cliffs, EEUU: Prentice Hall, 1996. \u00a0\u00a0\u00a0\u00a0\u00a0\u00a0\u00a0\u00a0[\u00a0<a>Links<\/a>\u00a0]<\/li>\n<li style=\"text-align: justify;\">Geert Ten Dam, Critical thinking as a citizenship competence: teaching strategies,\u00a0Learning and Instruction,\u00a014, 359-379, 2004. \u00a0\u00a0\u00a0\u00a0\u00a0\u00a0\u00a0\u00a0[\u00a0<a>Links<\/a>\u00a0]<\/li>\n<li style=\"text-align: justify;\">Hager, P., Sleet, R., Logan, P., Hooper, M., Teaching Critical Thinking in Undergraduate Science Courses,\u00a0Science &amp; Education,\u00a012, 303-313, 2003. \u00a0\u00a0\u00a0\u00a0\u00a0\u00a0\u00a0\u00a0[\u00a0<a>Links<\/a>\u00a0]<\/li>\n<li style=\"text-align: justify;\">Halpern, D.F., Teaching critical thinking for transfer across domains. Dispositions, skills, structure training, and meta-cognitive monitoring,\u00a0American Psychologist,\u00a053, 449-455, 1998. \u00a0\u00a0\u00a0\u00a0\u00a0\u00a0\u00a0\u00a0[\u00a0<a>Links<\/a>\u00a0]<\/li>\n<li style=\"text-align: justify;\">Holliday, W.G., Yore, L.D., Alvermann, D.E., The reader-science learning-writing connection: Breakthroughs, barriers, and promises,\u00a0Journal of Research in Science Teaching,\u00a031, 877-893, 1994. \u00a0\u00a0\u00a0\u00a0\u00a0\u00a0\u00a0\u00a0[\u00a0<a>Links<\/a>\u00a0]<\/li>\n<li style=\"text-align: justify;\">Kennedy, M., Fisher, M.B., Ennis, R.H., Critical thinking: literature review and hended research, en: L. Idol, and B. Fly Jones (eds.),\u00a0Educational values and cognitive instruction:\u00a0Implications for reform\u00a0(pp. 11-40), Hillsdale, EEUU: Lawrence Erlbaum, 1991. \u00a0\u00a0\u00a0\u00a0\u00a0\u00a0\u00a0\u00a0[\u00a0<a>Links<\/a>\u00a0]<\/li>\n<li style=\"text-align: justify;\">Kock, A., Eckstein, S.G., Improvement of Reading Comprehension of Physics Texts by Students&#8217; question Formulation,\u00a0International Journal of Science Education,\u00a013(4), 473485, 1991. \u00a0\u00a0\u00a0\u00a0\u00a0\u00a0\u00a0\u00a0[\u00a0<a>Links<\/a>\u00a0]<\/li>\n<li style=\"text-align: justify;\">Marb\u00e0, A., M\u00e1rquez, C., El conocimiento cient\u00edfico, los textos de ciencias y la lectura en el aula,\u00a0Ense\u00f1anza de las ciencias,\u00a0N\u00famero extra, 2005. \u00a0\u00a0\u00a0\u00a0\u00a0\u00a0\u00a0\u00a0[\u00a0<a>Links<\/a>\u00a0]<\/li>\n<li style=\"text-align: justify;\">Marb\u00e0, A., M\u00e1rquez, C., Sanmart\u00ed, N., \u00bfQu\u00e9 implica leer en clase de ciencias?,\u00a0Alambique,\u00a059, 102-111, 2009. \u00a0\u00a0\u00a0\u00a0\u00a0\u00a0\u00a0\u00a0[\u00a0<a>Links<\/a>\u00a0]<\/li>\n<li style=\"text-align: justify;\">M\u00e1rquez, C., Prat, A., Leer en clase de ciencias,\u00a0Ense\u00f1anza de las Ciencias,\u00a023(3), 431-440, 2005. \u00a0\u00a0\u00a0\u00a0\u00a0\u00a0\u00a0\u00a0[\u00a0<a>Links<\/a>\u00a0]<\/li>\n<li style=\"text-align: justify;\">Norris, S.P., Ennis, R.H.,\u00a0Evaluating Critical Thinking,\u00a0Melbourne, Australia: Hawker Brownlow, 1990. \u00a0\u00a0\u00a0\u00a0\u00a0\u00a0\u00a0\u00a0[\u00a0<a>Links<\/a>\u00a0]<\/li>\n<li style=\"text-align: justify;\">Norris, S.P., Phillips, L.M., Explanations of reading comprehension: Schema theory and critical thinking theory,\u00a0Teachers College Record,\u00a089, 281-306, 1987. \u00a0\u00a0\u00a0\u00a0\u00a0\u00a0\u00a0\u00a0[\u00a0<a>Links<\/a>\u00a0]<\/li>\n<li style=\"text-align: justify;\">Norris, S.P., Phillips, L.M., How literacy in its fundamental sense is central to scientific literacy,\u00a0Science Education,87, 224-240, 2003. \u00a0\u00a0\u00a0\u00a0\u00a0\u00a0\u00a0\u00a0[\u00a0<a>Links<\/a>\u00a0]<\/li>\n<li style=\"text-align: justify;\">OECD\/PISA, Assessing Scientific,\u00a0Reading and Mathematical Literacy: A Framework,\u00a0Paris, Francia: OECD Pub. Service, 2006. \u00a0\u00a0\u00a0\u00a0\u00a0\u00a0\u00a0\u00a0[\u00a0<a>Links<\/a>\u00a0]<\/li>\n<li style=\"text-align: justify;\">Oliveras, B., Sanmart\u00ed, N., Treballant les compet\u00e8ncies a la classe de Qu\u00edmica,\u00a0Educaci\u00f3 Qu\u00edmica,\u00a01, 17-23, 2008. \u00a0\u00a0\u00a0\u00a0\u00a0\u00a0\u00a0\u00a0[\u00a0<a>Links<\/a>\u00a0]<\/li>\n<li style=\"text-align: justify;\">Olson, D.R.,\u00a0The world on paper,\u00a0Cambridge, UK: Cambridge University Press, 1994. \u00a0\u00a0\u00a0\u00a0\u00a0\u00a0\u00a0\u00a0[\u00a0<a>Links<\/a>\u00a0]<\/li>\n<li style=\"text-align: justify;\">Paul, R., Elder, L.,\u00a0The Miniature Guide to Critical Thinking Concepts and Tools,\u00a0Foundation for critical thinking, consultada por \u00faltima vez en marzo 20, 2009 en la URL\u00a0<a href=\"http:\/\/www.criticalthinking.org\/files\/Concepts_Tools.pdf\" target=\"_blank\" rel=\"noopener noreferrer\">http:\/\/www.criticalthinking.org\/files\/Concepts_Tools.pdf<\/a>, 2005. \u00a0\u00a0\u00a0\u00a0\u00a0\u00a0\u00a0\u00a0[\u00a0<a>Links<\/a>\u00a0]<\/li>\n<li style=\"text-align: justify;\">Paul, R.C.,\u00a0Critical thinking: What every person needs to survive in a rapidly changing world\u00a0(2nd\u00a0revised ed.), Santa Rosa, EEUU: Foundation for Critical Thinking, 1992. \u00a0\u00a0\u00a0\u00a0\u00a0\u00a0\u00a0\u00a0[\u00a0<a>Links<\/a>\u00a0]<\/li>\n<li style=\"text-align: justify;\">Phillips, L.M., Making new and making do: Epistemological, normative and pragmatic bases of literacy, en: D.R. Olson, D. Kamala, &amp; J. Brockmeier (eds.),\u00a0Literacy and conceptions of language and mind,\u00a0(pp. 283-300), Cambridge, UK: Cambridge University Press, 2002. \u00a0\u00a0\u00a0\u00a0\u00a0\u00a0\u00a0\u00a0[\u00a0<a>Links<\/a>\u00a0]<\/li>\n<li style=\"text-align: justify;\">Phillips, L.M., Norris, S.P., Interpreting popular reports of science: what happens when the reader&#8217;s world meets the world on paper?,\u00a0International Journal of Science Education,\u00a021(3), 317-327, 1999. \u00a0\u00a0\u00a0\u00a0\u00a0\u00a0\u00a0\u00a0[\u00a0<a>Links<\/a>\u00a0]<\/li>\n<li style=\"text-align: justify;\">Prat, A., M\u00e1rquez, C., Marb\u00e0, A., Literacitat cient\u00edfica i lectura,\u00a0Temps d&#8217;Educaci\u00f3,\u00a034, 67-82, 2008. \u00a0\u00a0\u00a0\u00a0\u00a0\u00a0\u00a0\u00a0[\u00a0<a>Links<\/a>\u00a0]<\/li>\n<li style=\"text-align: justify;\">Prat, A., M\u00e1rquez, C., Marb\u00e0, A., Reading critically press advertisements in the science class, VIIth ESERA Conference, Malm\u00f6 University, 2007. \u00a0\u00a0\u00a0\u00a0\u00a0\u00a0\u00a0\u00a0[\u00a0<a>Links<\/a>\u00a0]<\/li>\n<li style=\"text-align: justify;\">Sanmart\u00ed, N., Jorba, J., Autorregulaci\u00f3n de los procesos de aprendizaje y construcci\u00f3n de conocimientos,\u00a0Alambique,\u00a04, 59-77, 1995. \u00a0\u00a0\u00a0\u00a0\u00a0\u00a0\u00a0\u00a0[\u00a0<a>Links<\/a>\u00a0]<\/li>\n<li style=\"text-align: justify;\">Sard\u00e0, A., M\u00e1rquez, C., Sanmart\u00ed, N., C\u00f3mo promover distintos niveles de lectura de los textos de ciencias,\u00a0Revista Electr\u00f3nica de Ense\u00f1anza de las Ciencias,\u00a05(2), 2006. \u00a0\u00a0\u00a0\u00a0\u00a0\u00a0\u00a0\u00a0[\u00a0<a>Links<\/a>\u00a0]<\/li>\n<li style=\"text-align: justify;\">Scanlan. J.S.,\u00a0The effect of Richard Paul&#8217;s Universal Elements and Standards of Reasoning on twelfth grade composition,\u00a0Foundation for critical thinking, consultada por \u00faltima vez en marzo 20, 2009 en la URL\u00a0<a href=\"http:\/\/www.criticalthinking.org\/resources\/SScanlan.pdf\" target=\"_blank\" rel=\"noopener noreferrer\">http:\/\/www.criticalthinking.org\/resources\/SScanlan.pdf<\/a>\u00a0\u00a0\u00a0\u00a0\u00a0\u00a0\u00a0\u00a0[\u00a0<a>Links<\/a>\u00a0]<\/li>\n<li style=\"text-align: justify;\">Wellington, J., Osborne, J.,\u00a0Language and literacy in science education,\u00a0Buckingham, UK: Open University Press, 2001. \u00a0\u00a0\u00a0\u00a0\u00a0\u00a0\u00a0\u00a0[\u00a0<a>Links<\/a>\u00a0]<\/li>\n<li style=\"text-align: justify;\">Yore, L.D., Craig, M.T, Maguire, T.O., Index of science reading awareness: An interactiveconstructive model, text verification, and grades 4-8 results,\u00a0Journal of Research in Science Teaching,\u00a035, 27-51, 1998. \u00a0\u00a0\u00a0\u00a0\u00a0\u00a0\u00a0\u00a0[\u00a0<a>Links<\/a>\u00a0]<\/li>\n<\/ul>\n<p class=\"p1\"><b>Este contenido ha sido publicado originalmente por\u00a0Scientific Electronic Library Online en la siguiente direcci\u00f3n:\u00a0<a href=\"http:\/\/scielo.org.mx\" target=\"_blank\" rel=\"noopener noreferrer\">scielo.org.mx<\/a><\/b><\/p>\n\t\t<div class=\"pk-inline-posts\">\n\t\t\t\n\t\t\t<div class=\"pk-inline-posts-container pk-inline-posts-template-list\"\n\t\t\t\tdata-columns=\"1\">\n\t\t\t\t\t\t<article id=\"post-118051\" class=\"post-118051 post type-post status-publish format-standard has-post-thumbnail category-lectoescritura category-leer category-libros category-pedagogia tag-aula tag-comprension-lectora tag-creatividad tag-dia-del-libro tag-docentes tag-fichas-educativas tag-lectura tag-manualidades tag-material-didactico tag-recursos-educativos cs-entry cs-video-wrap\">\n\t\t\t<div class=\"pk-post-outer\">\n\n\t\t\t\t\t\t\t\t<div class=\"pk-post-inner\">\n\t\t\t\t\t<div class=\"entry-thumbnail\">\n\t\t\t\t\t\t<div class=\"pk-overlay pk-overlay-ratio pk-ratio-landscape\">\n\t\t\t\t\t\t\t<div class=\"pk-overlay-background\">\n\t\t\t\t\t\t\t\t<a href=\"https:\/\/webdelmaestrocmf.com\/portal\/dia-del-libro-23-de-abril-descarga-las-actividades-recursos-fichas-manualidades-y-materiales-motivadores-para-transformar-la-lectura-en-el-aula\/\" class=\"pk-overlay-link\">\n\t\t\t\t\t\t\t\t\t<img loading=\"lazy\" decoding=\"async\" width=\"300\" height=\"225\" src=\"https:\/\/webdelmaestrocmf.com\/portal\/wp-content\/uploads\/2026\/04\/1AA-Banner-1-portada-imagen-10-1-copia-23-300x225.webp\" class=\"attachment-pk-thumbnail size-pk-thumbnail wp-post-image\" alt=\"\" \/>\t\t\t\t\t\t\t\t<\/a>\n\t\t\t\t\t\t\t<\/div>\n\t\t\t\t\t\t<\/div>\n\t\t\t\t\t<\/div>\n\t\t\t\t<\/div>\n\t\t\t\t\n\t\t\t\t<div class=\"pk-post-inner\">\n\t\t\t\t\t<header>\n\t\t\t\t\t\t<h3 class=\"pk-title\"><a href=\"https:\/\/webdelmaestrocmf.com\/portal\/dia-del-libro-23-de-abril-descarga-las-actividades-recursos-fichas-manualidades-y-materiales-motivadores-para-transformar-la-lectura-en-el-aula\/\" rel=\"bookmark\">D\u00eda del Libro (23 de abril): Descarga las actividades, recursos, fichas, manualidades, materiales y pulseras motivadores para transformar la lectura en el aula<\/a><\/h3>\t\t\t\t\t<\/header><!-- .entry-header -->\n\t\t\t\t<\/div><!-- .post-inner -->\n\n\t\t\t<\/div><!-- .post-outer -->\n\t\t<\/article>\n\t\t\t<article id=\"post-97674\" class=\"post-97674 post type-post status-publish format-standard has-post-thumbnail category-comprencion category-comprension-lectora category-cuadernillos category-lectoescritura category-leer tag-1o-de-primaria tag-2o-de-primaria tag-actividades tag-comprension-lectora tag-cuadernillo tag-cuaderno tag-lecturas cs-entry cs-video-wrap\">\n\t\t\t<div class=\"pk-post-outer\">\n\n\t\t\t\t\t\t\t\t<div class=\"pk-post-inner\">\n\t\t\t\t\t<div class=\"entry-thumbnail\">\n\t\t\t\t\t\t<div class=\"pk-overlay pk-overlay-ratio pk-ratio-landscape\">\n\t\t\t\t\t\t\t<div class=\"pk-overlay-background\">\n\t\t\t\t\t\t\t\t<a href=\"https:\/\/webdelmaestrocmf.com\/portal\/cuadernillo-de-comprension-lectora-lecturas-y-actividades-para-1o-y-2o-de-primaria\/\" class=\"pk-overlay-link\">\n\t\t\t\t\t\t\t\t\t<img loading=\"lazy\" decoding=\"async\" width=\"300\" height=\"225\" src=\"https:\/\/webdelmaestrocmf.com\/portal\/wp-content\/uploads\/2026\/02\/1A-Banner-1-portada-imagen-10-1-copia-1-4-300x225.webp\" class=\"attachment-pk-thumbnail size-pk-thumbnail wp-post-image\" alt=\"\" \/>\t\t\t\t\t\t\t\t<\/a>\n\t\t\t\t\t\t\t<\/div>\n\t\t\t\t\t\t<\/div>\n\t\t\t\t\t<\/div>\n\t\t\t\t<\/div>\n\t\t\t\t\n\t\t\t\t<div class=\"pk-post-inner\">\n\t\t\t\t\t<header>\n\t\t\t\t\t\t<h3 class=\"pk-title\"><a href=\"https:\/\/webdelmaestrocmf.com\/portal\/cuadernillo-de-comprension-lectora-lecturas-y-actividades-para-1o-y-2o-de-primaria\/\" rel=\"bookmark\">Descarga el cuadernillo de comprensi\u00f3n lectora, las 300 lecturas cortas, lecturas piramidales y las actividades para 1\u00ba y 2\u00ba de primaria<\/a><\/h3>\t\t\t\t\t<\/header><!-- .entry-header -->\n\t\t\t\t<\/div><!-- .post-inner -->\n\n\t\t\t<\/div><!-- .post-outer -->\n\t\t<\/article>\n\t\t\t<article id=\"post-80386\" class=\"post-80386 post type-post status-publish format-standard has-post-thumbnail category-leer category-pedagogia tag-comprension tag-lectora tag-niveles cs-entry cs-video-wrap\">\n\t\t\t<div class=\"pk-post-outer\">\n\n\t\t\t\t\t\t\t\t<div class=\"pk-post-inner\">\n\t\t\t\t\t<div class=\"entry-thumbnail\">\n\t\t\t\t\t\t<div class=\"pk-overlay pk-overlay-ratio pk-ratio-landscape\">\n\t\t\t\t\t\t\t<div class=\"pk-overlay-background\">\n\t\t\t\t\t\t\t\t<a href=\"https:\/\/webdelmaestrocmf.com\/portal\/niveles-de-comprension-lectora\/\" class=\"pk-overlay-link\">\n\t\t\t\t\t\t\t\t\t<img loading=\"lazy\" decoding=\"async\" width=\"300\" height=\"225\" src=\"https:\/\/webdelmaestrocmf.com\/portal\/wp-content\/uploads\/2022\/09\/Banner-1-portada-imagen-10-1-50-300x225.jpg\" class=\"attachment-pk-thumbnail size-pk-thumbnail wp-post-image\" alt=\"\" \/>\t\t\t\t\t\t\t\t<\/a>\n\t\t\t\t\t\t\t<\/div>\n\t\t\t\t\t\t<\/div>\n\t\t\t\t\t<\/div>\n\t\t\t\t<\/div>\n\t\t\t\t\n\t\t\t\t<div class=\"pk-post-inner\">\n\t\t\t\t\t<header>\n\t\t\t\t\t\t<h3 class=\"pk-title\"><a href=\"https:\/\/webdelmaestrocmf.com\/portal\/niveles-de-comprension-lectora\/\" rel=\"bookmark\">Niveles de comprensi\u00f3n lectora: descarga el cuadernillo<\/a><\/h3>\t\t\t\t\t<\/header><!-- .entry-header -->\n\t\t\t\t<\/div><!-- .post-inner -->\n\n\t\t\t<\/div><!-- .post-outer -->\n\t\t<\/article>\n\t\t\t\t<\/div>\n\t\t<\/div>\n\t\t\n","protected":false},"excerpt":{"rendered":"Para muchas personas es m\u00e1s atractivo escribir, tiene m\u00e1s\u00a0glamour,\u00a0pero grandes escritores nos\u00a0dicen que la felicidad en realidad est\u00e1&hellip;","protected":false},"author":1,"featured_media":86229,"comment_status":"open","ping_status":"closed","sticky":false,"template":"","format":"standard","meta":{"csco_display_header_overlay":false,"csco_singular_sidebar":"default","csco_page_header_type":"default","csco_page_load_nextpost":"default","csco_post_video_location":[],"csco_post_video_location_hash":"","csco_post_video_url":"","csco_post_video_bg_start_time":0,"csco_post_video_bg_end_time":0,"csco_post_video_bg_volume":false,"_jetpack_memberships_contains_paid_content":false,"footnotes":""},"categories":[3058,735],"tags":[50,1215,2412,628,1719,2165,1196,15780],"class_list":{"0":"post-34798","1":"post","2":"type-post","3":"status-publish","4":"format-standard","5":"has-post-thumbnail","7":"category-leer","8":"category-pedagogia","9":"tag-aprende","10":"tag-critico","11":"tag-escribir","12":"tag-leer","13":"tag-mejor","14":"tag-pensamiento","15":"tag-pensar","16":"tag-saber-pensar","17":"cs-entry","18":"cs-video-wrap"},"yoast_head":"<!-- This site is optimized with the Yoast SEO plugin v27.5 - https:\/\/yoast.com\/product\/yoast-seo-wordpress\/ -->\n<title>Si no lees, no sabes escribir. Si no sabes escribir no sabes pensar - 2026<\/title>\n<meta name=\"description\" content=\"Para muchas personas es m\u00e1s atractivo escribir, tiene m\u00e1s\u00a0glamour,\u00a0pero grandes escritores nos\u00a0dicen que la felicidad...\" \/>\n<meta name=\"robots\" content=\"index, follow, max-snippet:-1, max-image-preview:large, max-video-preview:-1\" \/>\n<link rel=\"canonical\" href=\"https:\/\/webdelmaestrocmf.com\/portal\/si-no-lees-no-sabes-escribir-si-no-sabes-escribir-no-sabes-pensar\/\" \/>\n<meta property=\"og:locale\" content=\"es_ES\" \/>\n<meta property=\"og:type\" content=\"article\" \/>\n<meta property=\"og:title\" content=\"Si no lees, no sabes escribir. Si no sabes escribir no sabes pensar - 2026\" \/>\n<meta property=\"og:description\" content=\"Para muchas personas es m\u00e1s atractivo escribir, tiene m\u00e1s\u00a0glamour,\u00a0pero grandes escritores nos\u00a0dicen que la felicidad...\" \/>\n<meta property=\"og:url\" content=\"https:\/\/webdelmaestrocmf.com\/portal\/si-no-lees-no-sabes-escribir-si-no-sabes-escribir-no-sabes-pensar\/\" \/>\n<meta property=\"og:site_name\" content=\"Web del Maestro CMF\" \/>\n<meta property=\"article:publisher\" content=\"https:\/\/www.facebook.com\/WebdelMaestroCMF\/\" \/>\n<meta property=\"article:author\" content=\"https:\/\/www.facebook.com\/WebdelMaestroCMF\/\" \/>\n<meta property=\"article:published_time\" content=\"2019-08-24T01:06:34+00:00\" \/>\n<meta property=\"article:modified_time\" content=\"2023-09-09T14:57:16+00:00\" \/>\n<meta property=\"og:image\" content=\"https:\/\/i0.wp.com\/webdelmaestrocmf.com\/portal\/wp-content\/uploads\/2019\/08\/A12B3C4D-41.jpg?fit=900%2C556&ssl=1\" \/>\n\t<meta property=\"og:image:width\" content=\"900\" \/>\n\t<meta property=\"og:image:height\" content=\"556\" \/>\n\t<meta property=\"og:image:type\" content=\"image\/jpeg\" \/>\n<meta name=\"author\" content=\"Web del Maestro CMF\" \/>\n<meta name=\"twitter:card\" content=\"summary_large_image\" \/>\n<meta name=\"twitter:creator\" content=\"@cmf_w\" \/>\n<meta name=\"twitter:site\" content=\"@cmf_w\" \/>\n<script type=\"application\/ld+json\" class=\"yoast-schema-graph\">{\"@context\":\"https:\\\/\\\/schema.org\",\"@graph\":[{\"@type\":\"ScholarlyArticle\",\"@id\":\"https:\\\/\\\/webdelmaestrocmf.com\\\/portal\\\/si-no-lees-no-sabes-escribir-si-no-sabes-escribir-no-sabes-pensar\\\/#article\",\"isPartOf\":{\"@id\":\"https:\\\/\\\/webdelmaestrocmf.com\\\/portal\\\/si-no-lees-no-sabes-escribir-si-no-sabes-escribir-no-sabes-pensar\\\/\"},\"author\":{\"name\":\"Web del Maestro CMF\",\"@id\":\"https:\\\/\\\/webdelmaestrocmf.com\\\/portal\\\/#\\\/schema\\\/person\\\/1072a2ed7bd960df8ef99a551fa35dc5\"},\"headline\":\"Si no lees, no sabes escribir. Si no sabes escribir no sabes pensar\",\"datePublished\":\"2019-08-24T01:06:34+00:00\",\"dateModified\":\"2023-09-09T14:57:16+00:00\",\"mainEntityOfPage\":{\"@id\":\"https:\\\/\\\/webdelmaestrocmf.com\\\/portal\\\/si-no-lees-no-sabes-escribir-si-no-sabes-escribir-no-sabes-pensar\\\/\"},\"wordCount\":6453,\"commentCount\":2,\"publisher\":{\"@id\":\"https:\\\/\\\/webdelmaestrocmf.com\\\/portal\\\/#organization\"},\"image\":{\"@id\":\"https:\\\/\\\/webdelmaestrocmf.com\\\/portal\\\/si-no-lees-no-sabes-escribir-si-no-sabes-escribir-no-sabes-pensar\\\/#primaryimage\"},\"thumbnailUrl\":\"https:\\\/\\\/webdelmaestrocmf.com\\\/portal\\\/wp-content\\\/uploads\\\/2019\\\/08\\\/A12B3C4D-41.jpg\",\"keywords\":[\"APRENDE\",\"CR\u00cdTICO\",\"ESCRIBIR\",\"LEER\",\"MEJOR\",\"PENSAMIENTO\",\"pensar\",\"saber pensar\"],\"articleSection\":[\"Leer\",\"Recursos\"],\"inLanguage\":\"es\",\"potentialAction\":[{\"@type\":\"CommentAction\",\"name\":\"Comment\",\"target\":[\"https:\\\/\\\/webdelmaestrocmf.com\\\/portal\\\/si-no-lees-no-sabes-escribir-si-no-sabes-escribir-no-sabes-pensar\\\/#respond\"]}]},{\"@type\":\"WebPage\",\"@id\":\"https:\\\/\\\/webdelmaestrocmf.com\\\/portal\\\/si-no-lees-no-sabes-escribir-si-no-sabes-escribir-no-sabes-pensar\\\/\",\"url\":\"https:\\\/\\\/webdelmaestrocmf.com\\\/portal\\\/si-no-lees-no-sabes-escribir-si-no-sabes-escribir-no-sabes-pensar\\\/\",\"name\":\"Si no lees, no sabes escribir. Si no sabes escribir no sabes pensar - 2026\",\"isPartOf\":{\"@id\":\"https:\\\/\\\/webdelmaestrocmf.com\\\/portal\\\/#website\"},\"primaryImageOfPage\":{\"@id\":\"https:\\\/\\\/webdelmaestrocmf.com\\\/portal\\\/si-no-lees-no-sabes-escribir-si-no-sabes-escribir-no-sabes-pensar\\\/#primaryimage\"},\"image\":{\"@id\":\"https:\\\/\\\/webdelmaestrocmf.com\\\/portal\\\/si-no-lees-no-sabes-escribir-si-no-sabes-escribir-no-sabes-pensar\\\/#primaryimage\"},\"thumbnailUrl\":\"https:\\\/\\\/webdelmaestrocmf.com\\\/portal\\\/wp-content\\\/uploads\\\/2019\\\/08\\\/A12B3C4D-41.jpg\",\"datePublished\":\"2019-08-24T01:06:34+00:00\",\"dateModified\":\"2023-09-09T14:57:16+00:00\",\"description\":\"Para muchas personas es m\u00e1s atractivo escribir, tiene m\u00e1s\u00a0glamour,\u00a0pero grandes escritores nos\u00a0dicen que la felicidad...\",\"breadcrumb\":{\"@id\":\"https:\\\/\\\/webdelmaestrocmf.com\\\/portal\\\/si-no-lees-no-sabes-escribir-si-no-sabes-escribir-no-sabes-pensar\\\/#breadcrumb\"},\"inLanguage\":\"es\",\"potentialAction\":[{\"@type\":\"ReadAction\",\"target\":[\"https:\\\/\\\/webdelmaestrocmf.com\\\/portal\\\/si-no-lees-no-sabes-escribir-si-no-sabes-escribir-no-sabes-pensar\\\/\"]}]},{\"@type\":\"ImageObject\",\"inLanguage\":\"es\",\"@id\":\"https:\\\/\\\/webdelmaestrocmf.com\\\/portal\\\/si-no-lees-no-sabes-escribir-si-no-sabes-escribir-no-sabes-pensar\\\/#primaryimage\",\"url\":\"https:\\\/\\\/webdelmaestrocmf.com\\\/portal\\\/wp-content\\\/uploads\\\/2019\\\/08\\\/A12B3C4D-41.jpg\",\"contentUrl\":\"https:\\\/\\\/webdelmaestrocmf.com\\\/portal\\\/wp-content\\\/uploads\\\/2019\\\/08\\\/A12B3C4D-41.jpg\",\"width\":900,\"height\":556,\"caption\":\"escribir\"},{\"@type\":\"BreadcrumbList\",\"@id\":\"https:\\\/\\\/webdelmaestrocmf.com\\\/portal\\\/si-no-lees-no-sabes-escribir-si-no-sabes-escribir-no-sabes-pensar\\\/#breadcrumb\",\"itemListElement\":[{\"@type\":\"ListItem\",\"position\":1,\"name\":\"Portada\",\"item\":\"https:\\\/\\\/webdelmaestrocmf.com\\\/portal\\\/\"},{\"@type\":\"ListItem\",\"position\":2,\"name\":\"Recursos\",\"item\":\"https:\\\/\\\/webdelmaestrocmf.com\\\/portal\\\/category\\\/pedagogia\\\/\"},{\"@type\":\"ListItem\",\"position\":3,\"name\":\"Si no lees, no sabes escribir. Si no sabes escribir no sabes pensar\"}]},{\"@type\":\"WebSite\",\"@id\":\"https:\\\/\\\/webdelmaestrocmf.com\\\/portal\\\/#website\",\"url\":\"https:\\\/\\\/webdelmaestrocmf.com\\\/portal\\\/\",\"name\":\"Web del Maestro CMF\",\"description\":\"Maestros al servicio de la educaci\u00f3n\",\"publisher\":{\"@id\":\"https:\\\/\\\/webdelmaestrocmf.com\\\/portal\\\/#organization\"},\"alternateName\":\"WMCMF\",\"potentialAction\":[{\"@type\":\"SearchAction\",\"target\":{\"@type\":\"EntryPoint\",\"urlTemplate\":\"https:\\\/\\\/webdelmaestrocmf.com\\\/portal\\\/?s={search_term_string}\"},\"query-input\":{\"@type\":\"PropertyValueSpecification\",\"valueRequired\":true,\"valueName\":\"search_term_string\"}}],\"inLanguage\":\"es\"},{\"@type\":\"Organization\",\"@id\":\"https:\\\/\\\/webdelmaestrocmf.com\\\/portal\\\/#organization\",\"name\":\"Web del Maestro CMF\",\"alternateName\":\"WMCMF\",\"url\":\"https:\\\/\\\/webdelmaestrocmf.com\\\/portal\\\/\",\"logo\":{\"@type\":\"ImageObject\",\"inLanguage\":\"es\",\"@id\":\"https:\\\/\\\/webdelmaestrocmf.com\\\/portal\\\/#\\\/schema\\\/logo\\\/image\\\/\",\"url\":\"https:\\\/\\\/webdelmaestrocmf.com\\\/portal\\\/wp-content\\\/uploads\\\/2023\\\/01\\\/logo-wmcmf-2.png\",\"contentUrl\":\"https:\\\/\\\/webdelmaestrocmf.com\\\/portal\\\/wp-content\\\/uploads\\\/2023\\\/01\\\/logo-wmcmf-2.png\",\"width\":200,\"height\":60,\"caption\":\"Web del Maestro CMF\"},\"image\":{\"@id\":\"https:\\\/\\\/webdelmaestrocmf.com\\\/portal\\\/#\\\/schema\\\/logo\\\/image\\\/\"},\"sameAs\":[\"https:\\\/\\\/www.facebook.com\\\/WebdelMaestroCMF\\\/\",\"https:\\\/\\\/x.com\\\/cmf_w\",\"https:\\\/\\\/www.pinterest.com\\\/WMCMF\\\/\",\"https:\\\/\\\/www.linkedin.com\\\/company\\\/web-del-maestro-cmf\\\/\",\"https:\\\/\\\/www.instagram.com\\\/wmcmf\\\/\",\"https:\\\/\\\/www.youtube.com\\\/channel\\\/UCDPSvjbdodE5sHnC3OxutHw\",\"https:\\\/\\\/mastodon.social\\\/@wmcmf\",\"https:\\\/\\\/www.tiktok.com\\\/@webdelmaestrocmf\"]},{\"@type\":\"Person\",\"@id\":\"https:\\\/\\\/webdelmaestrocmf.com\\\/portal\\\/#\\\/schema\\\/person\\\/1072a2ed7bd960df8ef99a551fa35dc5\",\"name\":\"Web del Maestro CMF\",\"image\":{\"@type\":\"ImageObject\",\"inLanguage\":\"es\",\"@id\":\"https:\\\/\\\/secure.gravatar.com\\\/avatar\\\/23291dd5b5ae1077dcff3dbb04c3e02bd28403fa75af6d8787d5e97c5bbbe30b?s=96&d=mm&r=g\",\"url\":\"https:\\\/\\\/secure.gravatar.com\\\/avatar\\\/23291dd5b5ae1077dcff3dbb04c3e02bd28403fa75af6d8787d5e97c5bbbe30b?s=96&d=mm&r=g\",\"contentUrl\":\"https:\\\/\\\/secure.gravatar.com\\\/avatar\\\/23291dd5b5ae1077dcff3dbb04c3e02bd28403fa75af6d8787d5e97c5bbbe30b?s=96&d=mm&r=g\",\"caption\":\"Web del Maestro CMF\"},\"description\":\"Esta Web se cre\u00f3 sin fines de lucro, con fines educativos, cient\u00edficos y acad\u00e9micos, para personas que tengan dificultades y\\\/o inconvenientes en visualizar el material original. El objetivo es entregar recursos, compartir experiencias y materiales que ayuden a los padres de familia, maestros y estudiantes en su actualizaci\u00f3n y formaci\u00f3n permanente, en bien de la Educaci\u00f3n.\",\"sameAs\":[\"http:\\\/\\\/webdelmaestrocmf.com\\\/portal\",\"https:\\\/\\\/www.facebook.com\\\/WebdelMaestroCMF\\\/\",\"https:\\\/\\\/www.instagram.com\\\/wmcmf\\\/\",\"https:\\\/\\\/cl.linkedin.com\\\/company\\\/web-del-maestro-cmf\",\"https:\\\/\\\/www.pinterest.com\\\/WMCMF\\\/publicaciones\\\/\",\"https:\\\/\\\/x.com\\\/cmf_w\",\"https:\\\/\\\/www.youtube.com\\\/@WMCMF\"]}]}<\/script>\n<!-- \/ Yoast SEO plugin. -->","yoast_head_json":{"title":"Si no lees, no sabes escribir. Si no sabes escribir no sabes pensar - 2026","description":"Para muchas personas es m\u00e1s atractivo escribir, tiene m\u00e1s\u00a0glamour,\u00a0pero grandes escritores nos\u00a0dicen que la felicidad...","robots":{"index":"index","follow":"follow","max-snippet":"max-snippet:-1","max-image-preview":"max-image-preview:large","max-video-preview":"max-video-preview:-1"},"canonical":"https:\/\/webdelmaestrocmf.com\/portal\/si-no-lees-no-sabes-escribir-si-no-sabes-escribir-no-sabes-pensar\/","og_locale":"es_ES","og_type":"article","og_title":"Si no lees, no sabes escribir. Si no sabes escribir no sabes pensar - 2026","og_description":"Para muchas personas es m\u00e1s atractivo escribir, tiene m\u00e1s\u00a0glamour,\u00a0pero grandes escritores nos\u00a0dicen que la felicidad...","og_url":"https:\/\/webdelmaestrocmf.com\/portal\/si-no-lees-no-sabes-escribir-si-no-sabes-escribir-no-sabes-pensar\/","og_site_name":"Web del Maestro CMF","article_publisher":"https:\/\/www.facebook.com\/WebdelMaestroCMF\/","article_author":"https:\/\/www.facebook.com\/WebdelMaestroCMF\/","article_published_time":"2019-08-24T01:06:34+00:00","article_modified_time":"2023-09-09T14:57:16+00:00","og_image":[{"width":900,"height":556,"url":"https:\/\/i0.wp.com\/webdelmaestrocmf.com\/portal\/wp-content\/uploads\/2019\/08\/A12B3C4D-41.jpg?fit=900%2C556&ssl=1","type":"image\/jpeg"}],"author":"Web del Maestro CMF","twitter_card":"summary_large_image","twitter_creator":"@cmf_w","twitter_site":"@cmf_w","schema":{"@context":"https:\/\/schema.org","@graph":[{"@type":"ScholarlyArticle","@id":"https:\/\/webdelmaestrocmf.com\/portal\/si-no-lees-no-sabes-escribir-si-no-sabes-escribir-no-sabes-pensar\/#article","isPartOf":{"@id":"https:\/\/webdelmaestrocmf.com\/portal\/si-no-lees-no-sabes-escribir-si-no-sabes-escribir-no-sabes-pensar\/"},"author":{"name":"Web del Maestro CMF","@id":"https:\/\/webdelmaestrocmf.com\/portal\/#\/schema\/person\/1072a2ed7bd960df8ef99a551fa35dc5"},"headline":"Si no lees, no sabes escribir. Si no sabes escribir no sabes pensar","datePublished":"2019-08-24T01:06:34+00:00","dateModified":"2023-09-09T14:57:16+00:00","mainEntityOfPage":{"@id":"https:\/\/webdelmaestrocmf.com\/portal\/si-no-lees-no-sabes-escribir-si-no-sabes-escribir-no-sabes-pensar\/"},"wordCount":6453,"commentCount":2,"publisher":{"@id":"https:\/\/webdelmaestrocmf.com\/portal\/#organization"},"image":{"@id":"https:\/\/webdelmaestrocmf.com\/portal\/si-no-lees-no-sabes-escribir-si-no-sabes-escribir-no-sabes-pensar\/#primaryimage"},"thumbnailUrl":"https:\/\/webdelmaestrocmf.com\/portal\/wp-content\/uploads\/2019\/08\/A12B3C4D-41.jpg","keywords":["APRENDE","CR\u00cdTICO","ESCRIBIR","LEER","MEJOR","PENSAMIENTO","pensar","saber pensar"],"articleSection":["Leer","Recursos"],"inLanguage":"es","potentialAction":[{"@type":"CommentAction","name":"Comment","target":["https:\/\/webdelmaestrocmf.com\/portal\/si-no-lees-no-sabes-escribir-si-no-sabes-escribir-no-sabes-pensar\/#respond"]}]},{"@type":"WebPage","@id":"https:\/\/webdelmaestrocmf.com\/portal\/si-no-lees-no-sabes-escribir-si-no-sabes-escribir-no-sabes-pensar\/","url":"https:\/\/webdelmaestrocmf.com\/portal\/si-no-lees-no-sabes-escribir-si-no-sabes-escribir-no-sabes-pensar\/","name":"Si no lees, no sabes escribir. Si no sabes escribir no sabes pensar - 2026","isPartOf":{"@id":"https:\/\/webdelmaestrocmf.com\/portal\/#website"},"primaryImageOfPage":{"@id":"https:\/\/webdelmaestrocmf.com\/portal\/si-no-lees-no-sabes-escribir-si-no-sabes-escribir-no-sabes-pensar\/#primaryimage"},"image":{"@id":"https:\/\/webdelmaestrocmf.com\/portal\/si-no-lees-no-sabes-escribir-si-no-sabes-escribir-no-sabes-pensar\/#primaryimage"},"thumbnailUrl":"https:\/\/webdelmaestrocmf.com\/portal\/wp-content\/uploads\/2019\/08\/A12B3C4D-41.jpg","datePublished":"2019-08-24T01:06:34+00:00","dateModified":"2023-09-09T14:57:16+00:00","description":"Para muchas personas es m\u00e1s atractivo escribir, tiene m\u00e1s\u00a0glamour,\u00a0pero grandes escritores nos\u00a0dicen que la felicidad...","breadcrumb":{"@id":"https:\/\/webdelmaestrocmf.com\/portal\/si-no-lees-no-sabes-escribir-si-no-sabes-escribir-no-sabes-pensar\/#breadcrumb"},"inLanguage":"es","potentialAction":[{"@type":"ReadAction","target":["https:\/\/webdelmaestrocmf.com\/portal\/si-no-lees-no-sabes-escribir-si-no-sabes-escribir-no-sabes-pensar\/"]}]},{"@type":"ImageObject","inLanguage":"es","@id":"https:\/\/webdelmaestrocmf.com\/portal\/si-no-lees-no-sabes-escribir-si-no-sabes-escribir-no-sabes-pensar\/#primaryimage","url":"https:\/\/webdelmaestrocmf.com\/portal\/wp-content\/uploads\/2019\/08\/A12B3C4D-41.jpg","contentUrl":"https:\/\/webdelmaestrocmf.com\/portal\/wp-content\/uploads\/2019\/08\/A12B3C4D-41.jpg","width":900,"height":556,"caption":"escribir"},{"@type":"BreadcrumbList","@id":"https:\/\/webdelmaestrocmf.com\/portal\/si-no-lees-no-sabes-escribir-si-no-sabes-escribir-no-sabes-pensar\/#breadcrumb","itemListElement":[{"@type":"ListItem","position":1,"name":"Portada","item":"https:\/\/webdelmaestrocmf.com\/portal\/"},{"@type":"ListItem","position":2,"name":"Recursos","item":"https:\/\/webdelmaestrocmf.com\/portal\/category\/pedagogia\/"},{"@type":"ListItem","position":3,"name":"Si no lees, no sabes escribir. Si no sabes escribir no sabes pensar"}]},{"@type":"WebSite","@id":"https:\/\/webdelmaestrocmf.com\/portal\/#website","url":"https:\/\/webdelmaestrocmf.com\/portal\/","name":"Web del Maestro CMF","description":"Maestros al servicio de la educaci\u00f3n","publisher":{"@id":"https:\/\/webdelmaestrocmf.com\/portal\/#organization"},"alternateName":"WMCMF","potentialAction":[{"@type":"SearchAction","target":{"@type":"EntryPoint","urlTemplate":"https:\/\/webdelmaestrocmf.com\/portal\/?s={search_term_string}"},"query-input":{"@type":"PropertyValueSpecification","valueRequired":true,"valueName":"search_term_string"}}],"inLanguage":"es"},{"@type":"Organization","@id":"https:\/\/webdelmaestrocmf.com\/portal\/#organization","name":"Web del Maestro CMF","alternateName":"WMCMF","url":"https:\/\/webdelmaestrocmf.com\/portal\/","logo":{"@type":"ImageObject","inLanguage":"es","@id":"https:\/\/webdelmaestrocmf.com\/portal\/#\/schema\/logo\/image\/","url":"https:\/\/webdelmaestrocmf.com\/portal\/wp-content\/uploads\/2023\/01\/logo-wmcmf-2.png","contentUrl":"https:\/\/webdelmaestrocmf.com\/portal\/wp-content\/uploads\/2023\/01\/logo-wmcmf-2.png","width":200,"height":60,"caption":"Web del Maestro CMF"},"image":{"@id":"https:\/\/webdelmaestrocmf.com\/portal\/#\/schema\/logo\/image\/"},"sameAs":["https:\/\/www.facebook.com\/WebdelMaestroCMF\/","https:\/\/x.com\/cmf_w","https:\/\/www.pinterest.com\/WMCMF\/","https:\/\/www.linkedin.com\/company\/web-del-maestro-cmf\/","https:\/\/www.instagram.com\/wmcmf\/","https:\/\/www.youtube.com\/channel\/UCDPSvjbdodE5sHnC3OxutHw","https:\/\/mastodon.social\/@wmcmf","https:\/\/www.tiktok.com\/@webdelmaestrocmf"]},{"@type":"Person","@id":"https:\/\/webdelmaestrocmf.com\/portal\/#\/schema\/person\/1072a2ed7bd960df8ef99a551fa35dc5","name":"Web del Maestro CMF","image":{"@type":"ImageObject","inLanguage":"es","@id":"https:\/\/secure.gravatar.com\/avatar\/23291dd5b5ae1077dcff3dbb04c3e02bd28403fa75af6d8787d5e97c5bbbe30b?s=96&d=mm&r=g","url":"https:\/\/secure.gravatar.com\/avatar\/23291dd5b5ae1077dcff3dbb04c3e02bd28403fa75af6d8787d5e97c5bbbe30b?s=96&d=mm&r=g","contentUrl":"https:\/\/secure.gravatar.com\/avatar\/23291dd5b5ae1077dcff3dbb04c3e02bd28403fa75af6d8787d5e97c5bbbe30b?s=96&d=mm&r=g","caption":"Web del Maestro CMF"},"description":"Esta Web se cre\u00f3 sin fines de lucro, con fines educativos, cient\u00edficos y acad\u00e9micos, para personas que tengan dificultades y\/o inconvenientes en visualizar el material original. El objetivo es entregar recursos, compartir experiencias y materiales que ayuden a los padres de familia, maestros y estudiantes en su actualizaci\u00f3n y formaci\u00f3n permanente, en bien de la Educaci\u00f3n.","sameAs":["http:\/\/webdelmaestrocmf.com\/portal","https:\/\/www.facebook.com\/WebdelMaestroCMF\/","https:\/\/www.instagram.com\/wmcmf\/","https:\/\/cl.linkedin.com\/company\/web-del-maestro-cmf","https:\/\/www.pinterest.com\/WMCMF\/publicaciones\/","https:\/\/x.com\/cmf_w","https:\/\/www.youtube.com\/@WMCMF"]}]}},"jetpack_featured_media_url":"https:\/\/webdelmaestrocmf.com\/portal\/wp-content\/uploads\/2019\/08\/A12B3C4D-41.jpg","jetpack_sharing_enabled":true,"jetpack-related-posts":[{"id":36839,"url":"https:\/\/webdelmaestrocmf.com\/portal\/cuando-escribir-a-ver-y-haber-para-leer-entender-y-escribir-correctamente\/","url_meta":{"origin":34798,"position":0},"title":"Cu\u00e1ndo escribir \u00aba ver\u00bb y \u00abhaber\u00bb","author":"Web del Maestro CMF","date":"11 junio, 2020","format":false,"excerpt":"Sin importar la profesi\u00f3n o \u00e1mbito en que las personas se desenvuelvan, el \u201cescribir de forma correcta no es s\u00f3lo respetar las reglas ortogr\u00e1ficas que nos indican el uso adecuado del lenguaje, va m\u00e1s all\u00e1, habla bien de la persona que redacta determinado texto para presentarlo\u201d; y de manera especial\u2026","rel":"","context":"En \u00abYo opino - WMCMF\u00bb","block_context":{"text":"Yo opino - WMCMF","link":"https:\/\/webdelmaestrocmf.com\/portal\/category\/jamb\/"},"img":{"alt_text":"","src":"https:\/\/i0.wp.com\/webdelmaestrocmf.com\/portal\/wp-content\/uploads\/2019\/05\/2-49.jpg?resize=350%2C200&ssl=1","width":350,"height":200,"srcset":"https:\/\/i0.wp.com\/webdelmaestrocmf.com\/portal\/wp-content\/uploads\/2019\/05\/2-49.jpg?resize=350%2C200&ssl=1 1x, https:\/\/i0.wp.com\/webdelmaestrocmf.com\/portal\/wp-content\/uploads\/2019\/05\/2-49.jpg?resize=525%2C300&ssl=1 1.5x, https:\/\/i0.wp.com\/webdelmaestrocmf.com\/portal\/wp-content\/uploads\/2019\/05\/2-49.jpg?resize=700%2C400&ssl=1 2x, https:\/\/i0.wp.com\/webdelmaestrocmf.com\/portal\/wp-content\/uploads\/2019\/05\/2-49.jpg?resize=1050%2C600&ssl=1 3x"},"classes":[]},{"id":84702,"url":"https:\/\/webdelmaestrocmf.com\/portal\/carlos-javier-gonzalez-escribir-a-mano-mejora-la-atencion-la-memoria-la-comprension-el-aprendizaje-y-nos-obliga-a-parar-requiere-un-tiempo-una-pausa-y-eso-es-algo-que-se-esta-olvidando\/","url_meta":{"origin":34798,"position":1},"title":"Carlos Javier Gonz\u00e1lez: Escribir a mano mejora la atenci\u00f3n, la memoria, la comprensi\u00f3n, el aprendizaje, y nos obliga a parar","author":"Web del Maestro CMF","date":"22 junio, 2025","format":false,"excerpt":"Requiere un tiempo, una pausa... y eso es algo que se est\u00e1 olvidando.","rel":"","context":"En \u00abEntrevistas\u00bb","block_context":{"text":"Entrevistas","link":"https:\/\/webdelmaestrocmf.com\/portal\/category\/noticias\/entrevistas\/"},"img":{"alt_text":"","src":"https:\/\/i0.wp.com\/webdelmaestrocmf.com\/portal\/wp-content\/uploads\/2025\/06\/1A-Banner-1-portada-imagen-10-1-copia-19.webp?resize=350%2C200&ssl=1","width":350,"height":200,"srcset":"https:\/\/i0.wp.com\/webdelmaestrocmf.com\/portal\/wp-content\/uploads\/2025\/06\/1A-Banner-1-portada-imagen-10-1-copia-19.webp?resize=350%2C200&ssl=1 1x, https:\/\/i0.wp.com\/webdelmaestrocmf.com\/portal\/wp-content\/uploads\/2025\/06\/1A-Banner-1-portada-imagen-10-1-copia-19.webp?resize=525%2C300&ssl=1 1.5x, https:\/\/i0.wp.com\/webdelmaestrocmf.com\/portal\/wp-content\/uploads\/2025\/06\/1A-Banner-1-portada-imagen-10-1-copia-19.webp?resize=700%2C400&ssl=1 2x"},"classes":[]},{"id":54225,"url":"https:\/\/webdelmaestrocmf.com\/portal\/no-hay-otro-modo-de-apropiarte-de-palabras-nuevas-si-no-es-leyendo\/","url_meta":{"origin":34798,"position":2},"title":"No hay otro modo de apropiarte de palabras nuevas si no es leyendo","author":"Web del Maestro CMF","date":"7 noviembre, 2020","format":"video","excerpt":"Eduardo Alfredo Sacheri (1967), es un profesor universitario y escritor argentino. Estudi\u00f3 la carrera de Historia y dio inicio a su carrera como autor literario escribiendo relatos cortos, en especial cuentos en torno al mundo del f\u00fatbol. Ha publico los libros de relatos \u201cLos Traidores y Otros Cuentos\u201d (2000) (llamado\u2026","rel":"","context":"En \u00abCharlas\u00bb","block_context":{"text":"Charlas","link":"https:\/\/webdelmaestrocmf.com\/portal\/category\/charlas\/"},"img":{"alt_text":"","src":"https:\/\/i0.wp.com\/webdelmaestrocmf.com\/portal\/wp-content\/uploads\/2020\/11\/1-copia-24.jpg?resize=350%2C200&ssl=1","width":350,"height":200,"srcset":"https:\/\/i0.wp.com\/webdelmaestrocmf.com\/portal\/wp-content\/uploads\/2020\/11\/1-copia-24.jpg?resize=350%2C200&ssl=1 1x, https:\/\/i0.wp.com\/webdelmaestrocmf.com\/portal\/wp-content\/uploads\/2020\/11\/1-copia-24.jpg?resize=525%2C300&ssl=1 1.5x, https:\/\/i0.wp.com\/webdelmaestrocmf.com\/portal\/wp-content\/uploads\/2020\/11\/1-copia-24.jpg?resize=700%2C400&ssl=1 2x, https:\/\/i0.wp.com\/webdelmaestrocmf.com\/portal\/wp-content\/uploads\/2020\/11\/1-copia-24.jpg?resize=1050%2C600&ssl=1 3x"},"classes":[]},{"id":118144,"url":"https:\/\/webdelmaestrocmf.com\/portal\/gregorio-luri-para-fomentar-el-pensamiento-critico-garanticemos-que-todos-salen-de-la-secundaria-sabiendo-leer-y-escribir\/","url_meta":{"origin":34798,"position":3},"title":"Gregorio Luri: Para fomentar el pensamiento cr\u00edtico, garanticemos que todos salen de la secundaria sabiendo leer y escribir","author":"Web del Maestro CMF","date":"22 abril, 2026","format":false,"excerpt":"Y si no, estamos diciendo tonter\u00edas. Uno de cada cuatro alumnos termina su escolaridad sin poder entender un texto m\u00ednimamente complejo.","rel":"","context":"En \u00abEntrevistas\u00bb","block_context":{"text":"Entrevistas","link":"https:\/\/webdelmaestrocmf.com\/portal\/category\/noticias\/entrevistas\/"},"img":{"alt_text":"","src":"https:\/\/i0.wp.com\/webdelmaestrocmf.com\/portal\/wp-content\/uploads\/2026\/04\/Portada-articulos-1.jpg?resize=350%2C200&ssl=1","width":350,"height":200,"srcset":"https:\/\/i0.wp.com\/webdelmaestrocmf.com\/portal\/wp-content\/uploads\/2026\/04\/Portada-articulos-1.jpg?resize=350%2C200&ssl=1 1x, https:\/\/i0.wp.com\/webdelmaestrocmf.com\/portal\/wp-content\/uploads\/2026\/04\/Portada-articulos-1.jpg?resize=525%2C300&ssl=1 1.5x, https:\/\/i0.wp.com\/webdelmaestrocmf.com\/portal\/wp-content\/uploads\/2026\/04\/Portada-articulos-1.jpg?resize=700%2C400&ssl=1 2x, https:\/\/i0.wp.com\/webdelmaestrocmf.com\/portal\/wp-content\/uploads\/2026\/04\/Portada-articulos-1.jpg?resize=1050%2C600&ssl=1 3x"},"classes":[]},{"id":116941,"url":"https:\/\/webdelmaestrocmf.com\/portal\/el-analfabetismo-ha-llegado-a-la-universidad-tengo-alumnos-que-no-saben-leer-ni-escribir\/","url_meta":{"origin":34798,"position":4},"title":"El analfabetismo ha llegado a la universidad: tengo alumnos que no saben leer ni escribir","author":"Web del Maestro CMF","date":"25 marzo, 2026","format":false,"excerpt":"El deterioro educativo avanza hasta la universidad: estudiantes con dificultades b\u00e1sicas reflejan una cultura digital superficial. Casos como no leer relojes evidencian una p\u00e9rdida preocupante de comprensi\u00f3n, an\u00e1lisis y pensamiento cr\u00edtico.","rel":"","context":"En \u00abNoticias Internacionales\u00bb","block_context":{"text":"Noticias Internacionales","link":"https:\/\/webdelmaestrocmf.com\/portal\/category\/noticias-internacionales\/"},"img":{"alt_text":"","src":"https:\/\/i0.wp.com\/webdelmaestrocmf.com\/portal\/wp-content\/uploads\/2026\/03\/1AA-Banner-1-portada-imagen-10-1-copia-5-2.webp?resize=350%2C200&ssl=1","width":350,"height":200,"srcset":"https:\/\/i0.wp.com\/webdelmaestrocmf.com\/portal\/wp-content\/uploads\/2026\/03\/1AA-Banner-1-portada-imagen-10-1-copia-5-2.webp?resize=350%2C200&ssl=1 1x, https:\/\/i0.wp.com\/webdelmaestrocmf.com\/portal\/wp-content\/uploads\/2026\/03\/1AA-Banner-1-portada-imagen-10-1-copia-5-2.webp?resize=525%2C300&ssl=1 1.5x, https:\/\/i0.wp.com\/webdelmaestrocmf.com\/portal\/wp-content\/uploads\/2026\/03\/1AA-Banner-1-portada-imagen-10-1-copia-5-2.webp?resize=700%2C400&ssl=1 2x, https:\/\/i0.wp.com\/webdelmaestrocmf.com\/portal\/wp-content\/uploads\/2026\/03\/1AA-Banner-1-portada-imagen-10-1-copia-5-2.webp?resize=1050%2C600&ssl=1 3x"},"classes":[]},{"id":31404,"url":"https:\/\/webdelmaestrocmf.com\/portal\/estrategias-para-ensenar-a-leer-y-escribir\/","url_meta":{"origin":34798,"position":5},"title":"Estrategias para ense\u00f1ar a leer y escribir","author":"Web del Maestro CMF","date":"19 enero, 2020","format":false,"excerpt":"Nos hemos acostumbrado a pensar que la lectura y escritura son aprendizajes mec\u00e1nicos y puramente instrumentales, pero en realidad son aprendizajes fundamentales cuya transferencia cognitiva y afectiva va mucho m\u00e1s all\u00e1 de lo que podr\u00edamos imaginar; por algo, a nivel universal, se consideran tres aprendizajes esenciales para la vida: la\u2026","rel":"","context":"En \u00abConsejos\u00bb","block_context":{"text":"Consejos","link":"https:\/\/webdelmaestrocmf.com\/portal\/category\/pedagogia\/consejos\/"},"img":{"alt_text":"","src":"https:\/\/i0.wp.com\/webdelmaestrocmf.com\/portal\/wp-content\/uploads\/2018\/09\/1-127.jpg?resize=350%2C200&ssl=1","width":350,"height":200,"srcset":"https:\/\/i0.wp.com\/webdelmaestrocmf.com\/portal\/wp-content\/uploads\/2018\/09\/1-127.jpg?resize=350%2C200&ssl=1 1x, https:\/\/i0.wp.com\/webdelmaestrocmf.com\/portal\/wp-content\/uploads\/2018\/09\/1-127.jpg?resize=525%2C300&ssl=1 1.5x, https:\/\/i0.wp.com\/webdelmaestrocmf.com\/portal\/wp-content\/uploads\/2018\/09\/1-127.jpg?resize=700%2C400&ssl=1 2x, https:\/\/i0.wp.com\/webdelmaestrocmf.com\/portal\/wp-content\/uploads\/2018\/09\/1-127.jpg?resize=1050%2C600&ssl=1 3x"},"classes":[]}],"_links":{"self":[{"href":"https:\/\/webdelmaestrocmf.com\/portal\/wp-json\/wp\/v2\/posts\/34798","targetHints":{"allow":["GET"]}}],"collection":[{"href":"https:\/\/webdelmaestrocmf.com\/portal\/wp-json\/wp\/v2\/posts"}],"about":[{"href":"https:\/\/webdelmaestrocmf.com\/portal\/wp-json\/wp\/v2\/types\/post"}],"author":[{"embeddable":true,"href":"https:\/\/webdelmaestrocmf.com\/portal\/wp-json\/wp\/v2\/users\/1"}],"replies":[{"embeddable":true,"href":"https:\/\/webdelmaestrocmf.com\/portal\/wp-json\/wp\/v2\/comments?post=34798"}],"version-history":[{"count":0,"href":"https:\/\/webdelmaestrocmf.com\/portal\/wp-json\/wp\/v2\/posts\/34798\/revisions"}],"wp:featuredmedia":[{"embeddable":true,"href":"https:\/\/webdelmaestrocmf.com\/portal\/wp-json\/wp\/v2\/media\/86229"}],"wp:attachment":[{"href":"https:\/\/webdelmaestrocmf.com\/portal\/wp-json\/wp\/v2\/media?parent=34798"}],"wp:term":[{"taxonomy":"category","embeddable":true,"href":"https:\/\/webdelmaestrocmf.com\/portal\/wp-json\/wp\/v2\/categories?post=34798"},{"taxonomy":"post_tag","embeddable":true,"href":"https:\/\/webdelmaestrocmf.com\/portal\/wp-json\/wp\/v2\/tags?post=34798"}],"curies":[{"name":"wp","href":"https:\/\/api.w.org\/{rel}","templated":true}]}}