{"id":34479,"date":"2019-01-02T13:28:43","date_gmt":"2019-01-02T16:28:43","guid":{"rendered":"http:\/\/webdelmaestrocmf.com\/portal\/?p=34479"},"modified":"2019-01-02T13:31:41","modified_gmt":"2019-01-02T16:31:41","slug":"el-premio-afrocolombiano-2018-en-educacion-otorgado-al-p-luis-valencia-cmf","status":"publish","type":"post","link":"https:\/\/webdelmaestrocmf.com\/portal\/el-premio-afrocolombiano-2018-en-educacion-otorgado-al-p-luis-valencia-cmf\/","title":{"rendered":"EL PREMIO AFROCOLOMBIANO 2018 EN EDUCACI\u00d3N, OTORGADO AL P. LUIS VALENCIA, CMF"},"content":{"rendered":"<h4 style=\"text-align: justify;\">El peri\u00f3dico colombiano El Espectador cuya sede principal se encuentra en Bogot\u00e1, fue fundado en 1887 en Medell\u00edn; y la Fundaci\u00f3n Color de Colombia, creada en 2006, con el objetivo de promover los intereses estrat\u00e9gicos de la poblaci\u00f3n negra o afro alrededor de la igualdad y el reconocimiento, con una visi\u00f3n de integraci\u00f3n a la naci\u00f3n y al desarrollo, otorgan desde el a\u00f1o 2010 los Premios Afrocolombianos 2018.<\/h4>\n<p><!--more--><\/p>\n<p style=\"text-align: justify;\">En la Categor\u00eda EDUCACI\u00d3N, ha sido elegido, para recibir esta distinci\u00f3n el Padre <strong>Luis Armando Valencia Valencia<\/strong>. Superior Provincial de Colombia y Venezuela de los Misioneros Claretianos (CMF). \u201cEs Licenciado en Filosof\u00eda pura de la Universidad Santo Tom\u00e1s de Bogot\u00e1, Licenciado en Teolog\u00eda de la Universidad Pontificia Bolivariana de Medell\u00edn y Magister en Antropolog\u00eda de la Universidad de los Andes de Bogot\u00e1. Nacido en Tutunendo, Quibd\u00f3, Choc\u00f3\u201d.<\/p>\n<p><img loading=\"lazy\" decoding=\"async\" class=\"alignnone wp-image-34483\" src=\"http:\/\/webdelmaestrocmf.com\/portal\/wp-content\/uploads\/2019\/01\/1-9.jpeg\" alt=\"\" width=\"962\" height=\"542\" srcset=\"https:\/\/webdelmaestrocmf.com\/portal\/wp-content\/uploads\/2019\/01\/1-9.jpeg 948w, https:\/\/webdelmaestrocmf.com\/portal\/wp-content\/uploads\/2019\/01\/1-9-300x169.jpeg 300w, https:\/\/webdelmaestrocmf.com\/portal\/wp-content\/uploads\/2019\/01\/1-9-768x433.jpeg 768w\" sizes=\"auto, (max-width: 962px) 100vw, 962px\" \/><\/p>\n<p style=\"text-align: justify;\">Valencia \u201corienta los colegios de los Misioneros Claretianos: cuatro en Cali y Bogot\u00e1, con cerca de 10.000 mil estudiantes, y dos en Venezuela, con 2000 estudiantes, que se distinguen por su buen nivel acad\u00e9mico y la formaci\u00f3n cr\u00edtica en valores. Es regente de la instituci\u00f3n universitaria UniClaretiana, fundada hace 11 a\u00f1os en Quibd\u00f3, con 1900 estudiantes en todo el pa\u00eds. Dirige tambi\u00e9n las 11 parroquias en Colombia, las cinco en Venezuela, y las misiones populares\u201d. <a href=\"https:\/\/www.elespectador.com\/noticias\/cultura\/afrocolombianos-del-ano-2018-ultimos-nominados-articulo-827520\" target=\"_blank\" rel=\"noopener\"><strong>AFROCOLOMBIANOS DEL A\u00d1O 2018: \u00daLTIMOS NOMINADOS.<\/strong><\/a><\/p>\n<p><img loading=\"lazy\" decoding=\"async\" class=\"alignnone size-full wp-image-34484\" src=\"http:\/\/webdelmaestrocmf.com\/portal\/wp-content\/uploads\/2019\/01\/1-1.jpg\" alt=\"\" width=\"900\" height=\"506\" srcset=\"https:\/\/webdelmaestrocmf.com\/portal\/wp-content\/uploads\/2019\/01\/1-1.jpg 900w, https:\/\/webdelmaestrocmf.com\/portal\/wp-content\/uploads\/2019\/01\/1-1-300x169.jpg 300w, https:\/\/webdelmaestrocmf.com\/portal\/wp-content\/uploads\/2019\/01\/1-1-768x432.jpg 768w\" sizes=\"auto, (max-width: 900px) 100vw, 900px\" \/><\/p>\n<p style=\"text-align: justify;\">El P. Valencia ha sido proclamado ganador de los Premios Afrocolombianos 2018 en la categor\u00eda de Educaci\u00f3n, y que manifiesta que el color de la piel no implica l\u00edmites para so\u00f1ar, esforzarse y tener \u00e9xito. <a href=\"http:\/\/www.claret.org\/superior-provincial-de-colombia-venezuela-galardonado-en-los-premios-afrocolombianos-2018-categoria-educacion\/?lang=es\" target=\"_blank\" rel=\"noopener\"><strong>SUPERIOR PROVINCIAL DE COLOMBIA \u2013 VENEZUELA GALARDONADO EN LOS PREMIOS AFROCOLOMBIANOS 2018 \u2013 CATEGOR\u00cdA EDUCACI\u00d3N.<\/strong><\/a><\/p>\n<p style=\"text-align: right;\"><strong>REDACCI\u00d3N WEB DEL MAESTRO CMF<\/strong><\/p>\n<p><iframe loading=\"lazy\" src=\"https:\/\/www.youtube.com\/embed\/OBQi2xSRNEg\" width=\"900\" height=\"400\" frameborder=\"0\" allowfullscreen=\"allowfullscreen\"><span data-mce-type=\"bookmark\" style=\"display: inline-block; width: 0px; overflow: hidden; line-height: 0;\" class=\"mce_SELRES_start\">\ufeff<\/span><\/iframe><\/p>\n","protected":false},"excerpt":{"rendered":"El peri\u00f3dico colombiano El Espectador cuya sede principal se encuentra en Bogot\u00e1, fue fundado en 1887 en Medell\u00edn;&hellip;","protected":false},"author":1,"featured_media":34485,"comment_status":"open","ping_status":"closed","sticky":false,"template":"","format":"standard","meta":{"csco_display_header_overlay":false,"csco_singular_sidebar":"","csco_page_header_type":"","csco_page_load_nextpost":"","csco_post_video_location":[],"csco_post_video_location_hash":"","csco_post_video_url":"","csco_post_video_bg_start_time":0,"csco_post_video_bg_end_time":0,"csco_post_video_bg_volume":false,"_jetpack_memberships_contains_paid_content":false,"footnotes":""},"categories":[3721],"tags":[3162,4059,55,3965,4060,74,4061],"class_list":{"0":"post-34479","1":"post","2":"type-post","3":"status-publish","4":"format-standard","5":"has-post-thumbnail","7":"category-noticias-educacion","8":"tag-3162","9":"tag-afrocolombiano","10":"tag-educacion","11":"tag-luis","12":"tag-luis-valencia","13":"tag-premio","14":"tag-valencia","15":"cs-entry","16":"cs-video-wrap"},"yoast_head":"<!-- This site is optimized with the Yoast SEO plugin v27.5 - https:\/\/yoast.com\/product\/yoast-seo-wordpress\/ -->\n<title>EL PREMIO AFROCOLOMBIANO 2018 EN EDUCACI\u00d3N, OTORGADO AL P. LUIS VALENCIA, CMF - 2026<\/title>\n<meta name=\"description\" content=\"El peri\u00f3dico colombiano El Espectador cuya sede principal se encuentra en Bogot\u00e1, fue fundado en 1887 en Medell\u00edn; y la Fundaci\u00f3n Color de Colombia...\" \/>\n<meta name=\"robots\" content=\"index, follow, max-snippet:-1, max-image-preview:large, max-video-preview:-1\" \/>\n<link rel=\"canonical\" href=\"https:\/\/webdelmaestrocmf.com\/portal\/el-premio-afrocolombiano-2018-en-educacion-otorgado-al-p-luis-valencia-cmf\/\" \/>\n<meta property=\"og:locale\" content=\"es_ES\" \/>\n<meta property=\"og:type\" content=\"article\" \/>\n<meta property=\"og:title\" content=\"EL PREMIO AFROCOLOMBIANO 2018 EN EDUCACI\u00d3N, OTORGADO AL P. LUIS VALENCIA, CMF - 2026\" \/>\n<meta property=\"og:description\" content=\"El peri\u00f3dico colombiano El Espectador cuya sede principal se encuentra en Bogot\u00e1, fue fundado en 1887 en Medell\u00edn; y la Fundaci\u00f3n Color de Colombia...\" \/>\n<meta property=\"og:url\" content=\"https:\/\/webdelmaestrocmf.com\/portal\/el-premio-afrocolombiano-2018-en-educacion-otorgado-al-p-luis-valencia-cmf\/\" \/>\n<meta property=\"og:site_name\" content=\"Web del Maestro CMF\" \/>\n<meta property=\"article:publisher\" content=\"https:\/\/www.facebook.com\/WebdelMaestroCMF\/\" \/>\n<meta property=\"article:author\" content=\"https:\/\/www.facebook.com\/WebdelMaestroCMF\/\" \/>\n<meta property=\"article:published_time\" content=\"2019-01-02T16:28:43+00:00\" \/>\n<meta property=\"article:modified_time\" content=\"2019-01-02T16:31:41+00:00\" \/>\n<meta property=\"og:image\" content=\"https:\/\/i0.wp.com\/webdelmaestrocmf.com\/portal\/wp-content\/uploads\/2019\/01\/1-2.jpg?fit=1100%2C680&ssl=1\" \/>\n\t<meta property=\"og:image:width\" content=\"1100\" \/>\n\t<meta property=\"og:image:height\" content=\"680\" \/>\n\t<meta property=\"og:image:type\" content=\"image\/jpeg\" \/>\n<meta name=\"author\" content=\"Web del Maestro CMF\" \/>\n<meta name=\"twitter:card\" content=\"summary_large_image\" \/>\n<meta name=\"twitter:creator\" content=\"@cmf_w\" \/>\n<meta name=\"twitter:site\" content=\"@cmf_w\" \/>\n<script type=\"application\/ld+json\" class=\"yoast-schema-graph\">{\"@context\":\"https:\\\/\\\/schema.org\",\"@graph\":[{\"@type\":\"ScholarlyArticle\",\"@id\":\"https:\\\/\\\/webdelmaestrocmf.com\\\/portal\\\/el-premio-afrocolombiano-2018-en-educacion-otorgado-al-p-luis-valencia-cmf\\\/#article\",\"isPartOf\":{\"@id\":\"https:\\\/\\\/webdelmaestrocmf.com\\\/portal\\\/el-premio-afrocolombiano-2018-en-educacion-otorgado-al-p-luis-valencia-cmf\\\/\"},\"author\":{\"name\":\"Web del Maestro CMF\",\"@id\":\"https:\\\/\\\/webdelmaestrocmf.com\\\/portal\\\/#\\\/schema\\\/person\\\/1072a2ed7bd960df8ef99a551fa35dc5\"},\"headline\":\"EL PREMIO AFROCOLOMBIANO 2018 EN EDUCACI\u00d3N, OTORGADO AL P. LUIS VALENCIA, CMF\",\"datePublished\":\"2019-01-02T16:28:43+00:00\",\"dateModified\":\"2019-01-02T16:31:41+00:00\",\"mainEntityOfPage\":{\"@id\":\"https:\\\/\\\/webdelmaestrocmf.com\\\/portal\\\/el-premio-afrocolombiano-2018-en-educacion-otorgado-al-p-luis-valencia-cmf\\\/\"},\"wordCount\":301,\"commentCount\":0,\"publisher\":{\"@id\":\"https:\\\/\\\/webdelmaestrocmf.com\\\/portal\\\/#organization\"},\"image\":{\"@id\":\"https:\\\/\\\/webdelmaestrocmf.com\\\/portal\\\/el-premio-afrocolombiano-2018-en-educacion-otorgado-al-p-luis-valencia-cmf\\\/#primaryimage\"},\"thumbnailUrl\":\"https:\\\/\\\/webdelmaestrocmf.com\\\/portal\\\/wp-content\\\/uploads\\\/2019\\\/01\\\/1-2.jpg\",\"keywords\":[\"2018\",\"AFROCOLOMBIANO\",\"EDUCACI\u00d3N\",\"Luis\",\"LUIS VALENCIA\",\"Premio\",\"VALENCIA\"],\"articleSection\":[\"INTER\u00c9S\"],\"inLanguage\":\"es\",\"potentialAction\":[{\"@type\":\"CommentAction\",\"name\":\"Comment\",\"target\":[\"https:\\\/\\\/webdelmaestrocmf.com\\\/portal\\\/el-premio-afrocolombiano-2018-en-educacion-otorgado-al-p-luis-valencia-cmf\\\/#respond\"]}]},{\"@type\":\"WebPage\",\"@id\":\"https:\\\/\\\/webdelmaestrocmf.com\\\/portal\\\/el-premio-afrocolombiano-2018-en-educacion-otorgado-al-p-luis-valencia-cmf\\\/\",\"url\":\"https:\\\/\\\/webdelmaestrocmf.com\\\/portal\\\/el-premio-afrocolombiano-2018-en-educacion-otorgado-al-p-luis-valencia-cmf\\\/\",\"name\":\"EL PREMIO AFROCOLOMBIANO 2018 EN EDUCACI\u00d3N, OTORGADO AL P. LUIS VALENCIA, CMF - 2026\",\"isPartOf\":{\"@id\":\"https:\\\/\\\/webdelmaestrocmf.com\\\/portal\\\/#website\"},\"primaryImageOfPage\":{\"@id\":\"https:\\\/\\\/webdelmaestrocmf.com\\\/portal\\\/el-premio-afrocolombiano-2018-en-educacion-otorgado-al-p-luis-valencia-cmf\\\/#primaryimage\"},\"image\":{\"@id\":\"https:\\\/\\\/webdelmaestrocmf.com\\\/portal\\\/el-premio-afrocolombiano-2018-en-educacion-otorgado-al-p-luis-valencia-cmf\\\/#primaryimage\"},\"thumbnailUrl\":\"https:\\\/\\\/webdelmaestrocmf.com\\\/portal\\\/wp-content\\\/uploads\\\/2019\\\/01\\\/1-2.jpg\",\"datePublished\":\"2019-01-02T16:28:43+00:00\",\"dateModified\":\"2019-01-02T16:31:41+00:00\",\"description\":\"El peri\u00f3dico colombiano El Espectador cuya sede principal se encuentra en Bogot\u00e1, fue fundado en 1887 en Medell\u00edn; y la Fundaci\u00f3n Color de Colombia...\",\"breadcrumb\":{\"@id\":\"https:\\\/\\\/webdelmaestrocmf.com\\\/portal\\\/el-premio-afrocolombiano-2018-en-educacion-otorgado-al-p-luis-valencia-cmf\\\/#breadcrumb\"},\"inLanguage\":\"es\",\"potentialAction\":[{\"@type\":\"ReadAction\",\"target\":[\"https:\\\/\\\/webdelmaestrocmf.com\\\/portal\\\/el-premio-afrocolombiano-2018-en-educacion-otorgado-al-p-luis-valencia-cmf\\\/\"]}]},{\"@type\":\"ImageObject\",\"inLanguage\":\"es\",\"@id\":\"https:\\\/\\\/webdelmaestrocmf.com\\\/portal\\\/el-premio-afrocolombiano-2018-en-educacion-otorgado-al-p-luis-valencia-cmf\\\/#primaryimage\",\"url\":\"https:\\\/\\\/webdelmaestrocmf.com\\\/portal\\\/wp-content\\\/uploads\\\/2019\\\/01\\\/1-2.jpg\",\"contentUrl\":\"https:\\\/\\\/webdelmaestrocmf.com\\\/portal\\\/wp-content\\\/uploads\\\/2019\\\/01\\\/1-2.jpg\",\"width\":1100,\"height\":680},{\"@type\":\"BreadcrumbList\",\"@id\":\"https:\\\/\\\/webdelmaestrocmf.com\\\/portal\\\/el-premio-afrocolombiano-2018-en-educacion-otorgado-al-p-luis-valencia-cmf\\\/#breadcrumb\",\"itemListElement\":[{\"@type\":\"ListItem\",\"position\":1,\"name\":\"Portada\",\"item\":\"https:\\\/\\\/webdelmaestrocmf.com\\\/portal\\\/\"},{\"@type\":\"ListItem\",\"position\":2,\"name\":\"INTER\u00c9S\",\"item\":\"https:\\\/\\\/webdelmaestrocmf.com\\\/portal\\\/category\\\/noticias-educacion\\\/\"},{\"@type\":\"ListItem\",\"position\":3,\"name\":\"EL PREMIO AFROCOLOMBIANO 2018 EN EDUCACI\u00d3N, OTORGADO AL P. LUIS VALENCIA, CMF\"}]},{\"@type\":\"WebSite\",\"@id\":\"https:\\\/\\\/webdelmaestrocmf.com\\\/portal\\\/#website\",\"url\":\"https:\\\/\\\/webdelmaestrocmf.com\\\/portal\\\/\",\"name\":\"Web del Maestro CMF\",\"description\":\"Maestros al servicio de la educaci\u00f3n\",\"publisher\":{\"@id\":\"https:\\\/\\\/webdelmaestrocmf.com\\\/portal\\\/#organization\"},\"alternateName\":\"WMCMF\",\"potentialAction\":[{\"@type\":\"SearchAction\",\"target\":{\"@type\":\"EntryPoint\",\"urlTemplate\":\"https:\\\/\\\/webdelmaestrocmf.com\\\/portal\\\/?s={search_term_string}\"},\"query-input\":{\"@type\":\"PropertyValueSpecification\",\"valueRequired\":true,\"valueName\":\"search_term_string\"}}],\"inLanguage\":\"es\"},{\"@type\":\"Organization\",\"@id\":\"https:\\\/\\\/webdelmaestrocmf.com\\\/portal\\\/#organization\",\"name\":\"Web del Maestro CMF\",\"alternateName\":\"WMCMF\",\"url\":\"https:\\\/\\\/webdelmaestrocmf.com\\\/portal\\\/\",\"logo\":{\"@type\":\"ImageObject\",\"inLanguage\":\"es\",\"@id\":\"https:\\\/\\\/webdelmaestrocmf.com\\\/portal\\\/#\\\/schema\\\/logo\\\/image\\\/\",\"url\":\"https:\\\/\\\/webdelmaestrocmf.com\\\/portal\\\/wp-content\\\/uploads\\\/2023\\\/01\\\/logo-wmcmf-2.png\",\"contentUrl\":\"https:\\\/\\\/webdelmaestrocmf.com\\\/portal\\\/wp-content\\\/uploads\\\/2023\\\/01\\\/logo-wmcmf-2.png\",\"width\":200,\"height\":60,\"caption\":\"Web del Maestro CMF\"},\"image\":{\"@id\":\"https:\\\/\\\/webdelmaestrocmf.com\\\/portal\\\/#\\\/schema\\\/logo\\\/image\\\/\"},\"sameAs\":[\"https:\\\/\\\/www.facebook.com\\\/WebdelMaestroCMF\\\/\",\"https:\\\/\\\/x.com\\\/cmf_w\",\"https:\\\/\\\/www.pinterest.com\\\/WMCMF\\\/\",\"https:\\\/\\\/www.linkedin.com\\\/company\\\/web-del-maestro-cmf\\\/\",\"https:\\\/\\\/www.instagram.com\\\/wmcmf\\\/\",\"https:\\\/\\\/www.youtube.com\\\/channel\\\/UCDPSvjbdodE5sHnC3OxutHw\",\"https:\\\/\\\/mastodon.social\\\/@wmcmf\",\"https:\\\/\\\/www.tiktok.com\\\/@webdelmaestrocmf\"]},{\"@type\":\"Person\",\"@id\":\"https:\\\/\\\/webdelmaestrocmf.com\\\/portal\\\/#\\\/schema\\\/person\\\/1072a2ed7bd960df8ef99a551fa35dc5\",\"name\":\"Web del Maestro CMF\",\"image\":{\"@type\":\"ImageObject\",\"inLanguage\":\"es\",\"@id\":\"https:\\\/\\\/secure.gravatar.com\\\/avatar\\\/23291dd5b5ae1077dcff3dbb04c3e02bd28403fa75af6d8787d5e97c5bbbe30b?s=96&d=mm&r=g\",\"url\":\"https:\\\/\\\/secure.gravatar.com\\\/avatar\\\/23291dd5b5ae1077dcff3dbb04c3e02bd28403fa75af6d8787d5e97c5bbbe30b?s=96&d=mm&r=g\",\"contentUrl\":\"https:\\\/\\\/secure.gravatar.com\\\/avatar\\\/23291dd5b5ae1077dcff3dbb04c3e02bd28403fa75af6d8787d5e97c5bbbe30b?s=96&d=mm&r=g\",\"caption\":\"Web del Maestro CMF\"},\"description\":\"Esta Web se cre\u00f3 sin fines de lucro, con fines educativos, cient\u00edficos y acad\u00e9micos, para personas que tengan dificultades y\\\/o inconvenientes en visualizar el material original. El objetivo es entregar recursos, compartir experiencias y materiales que ayuden a los padres de familia, maestros y estudiantes en su actualizaci\u00f3n y formaci\u00f3n permanente, en bien de la Educaci\u00f3n.\",\"sameAs\":[\"http:\\\/\\\/webdelmaestrocmf.com\\\/portal\",\"https:\\\/\\\/www.facebook.com\\\/WebdelMaestroCMF\\\/\",\"https:\\\/\\\/www.instagram.com\\\/wmcmf\\\/\",\"https:\\\/\\\/cl.linkedin.com\\\/company\\\/web-del-maestro-cmf\",\"https:\\\/\\\/www.pinterest.com\\\/WMCMF\\\/publicaciones\\\/\",\"https:\\\/\\\/x.com\\\/cmf_w\",\"https:\\\/\\\/www.youtube.com\\\/@WMCMF\"]}]}<\/script>\n<!-- \/ Yoast SEO plugin. -->","yoast_head_json":{"title":"EL PREMIO AFROCOLOMBIANO 2018 EN EDUCACI\u00d3N, OTORGADO AL P. LUIS VALENCIA, CMF - 2026","description":"El peri\u00f3dico colombiano El Espectador cuya sede principal se encuentra en Bogot\u00e1, fue fundado en 1887 en Medell\u00edn; y la Fundaci\u00f3n Color de Colombia...","robots":{"index":"index","follow":"follow","max-snippet":"max-snippet:-1","max-image-preview":"max-image-preview:large","max-video-preview":"max-video-preview:-1"},"canonical":"https:\/\/webdelmaestrocmf.com\/portal\/el-premio-afrocolombiano-2018-en-educacion-otorgado-al-p-luis-valencia-cmf\/","og_locale":"es_ES","og_type":"article","og_title":"EL PREMIO AFROCOLOMBIANO 2018 EN EDUCACI\u00d3N, OTORGADO AL P. LUIS VALENCIA, CMF - 2026","og_description":"El peri\u00f3dico colombiano El Espectador cuya sede principal se encuentra en Bogot\u00e1, fue fundado en 1887 en Medell\u00edn; y la Fundaci\u00f3n Color de Colombia...","og_url":"https:\/\/webdelmaestrocmf.com\/portal\/el-premio-afrocolombiano-2018-en-educacion-otorgado-al-p-luis-valencia-cmf\/","og_site_name":"Web del Maestro CMF","article_publisher":"https:\/\/www.facebook.com\/WebdelMaestroCMF\/","article_author":"https:\/\/www.facebook.com\/WebdelMaestroCMF\/","article_published_time":"2019-01-02T16:28:43+00:00","article_modified_time":"2019-01-02T16:31:41+00:00","og_image":[{"width":1100,"height":680,"url":"https:\/\/i0.wp.com\/webdelmaestrocmf.com\/portal\/wp-content\/uploads\/2019\/01\/1-2.jpg?fit=1100%2C680&ssl=1","type":"image\/jpeg"}],"author":"Web del Maestro CMF","twitter_card":"summary_large_image","twitter_creator":"@cmf_w","twitter_site":"@cmf_w","schema":{"@context":"https:\/\/schema.org","@graph":[{"@type":"ScholarlyArticle","@id":"https:\/\/webdelmaestrocmf.com\/portal\/el-premio-afrocolombiano-2018-en-educacion-otorgado-al-p-luis-valencia-cmf\/#article","isPartOf":{"@id":"https:\/\/webdelmaestrocmf.com\/portal\/el-premio-afrocolombiano-2018-en-educacion-otorgado-al-p-luis-valencia-cmf\/"},"author":{"name":"Web del Maestro CMF","@id":"https:\/\/webdelmaestrocmf.com\/portal\/#\/schema\/person\/1072a2ed7bd960df8ef99a551fa35dc5"},"headline":"EL PREMIO AFROCOLOMBIANO 2018 EN EDUCACI\u00d3N, OTORGADO AL P. LUIS VALENCIA, CMF","datePublished":"2019-01-02T16:28:43+00:00","dateModified":"2019-01-02T16:31:41+00:00","mainEntityOfPage":{"@id":"https:\/\/webdelmaestrocmf.com\/portal\/el-premio-afrocolombiano-2018-en-educacion-otorgado-al-p-luis-valencia-cmf\/"},"wordCount":301,"commentCount":0,"publisher":{"@id":"https:\/\/webdelmaestrocmf.com\/portal\/#organization"},"image":{"@id":"https:\/\/webdelmaestrocmf.com\/portal\/el-premio-afrocolombiano-2018-en-educacion-otorgado-al-p-luis-valencia-cmf\/#primaryimage"},"thumbnailUrl":"https:\/\/webdelmaestrocmf.com\/portal\/wp-content\/uploads\/2019\/01\/1-2.jpg","keywords":["2018","AFROCOLOMBIANO","EDUCACI\u00d3N","Luis","LUIS VALENCIA","Premio","VALENCIA"],"articleSection":["INTER\u00c9S"],"inLanguage":"es","potentialAction":[{"@type":"CommentAction","name":"Comment","target":["https:\/\/webdelmaestrocmf.com\/portal\/el-premio-afrocolombiano-2018-en-educacion-otorgado-al-p-luis-valencia-cmf\/#respond"]}]},{"@type":"WebPage","@id":"https:\/\/webdelmaestrocmf.com\/portal\/el-premio-afrocolombiano-2018-en-educacion-otorgado-al-p-luis-valencia-cmf\/","url":"https:\/\/webdelmaestrocmf.com\/portal\/el-premio-afrocolombiano-2018-en-educacion-otorgado-al-p-luis-valencia-cmf\/","name":"EL PREMIO AFROCOLOMBIANO 2018 EN EDUCACI\u00d3N, OTORGADO AL P. LUIS VALENCIA, CMF - 2026","isPartOf":{"@id":"https:\/\/webdelmaestrocmf.com\/portal\/#website"},"primaryImageOfPage":{"@id":"https:\/\/webdelmaestrocmf.com\/portal\/el-premio-afrocolombiano-2018-en-educacion-otorgado-al-p-luis-valencia-cmf\/#primaryimage"},"image":{"@id":"https:\/\/webdelmaestrocmf.com\/portal\/el-premio-afrocolombiano-2018-en-educacion-otorgado-al-p-luis-valencia-cmf\/#primaryimage"},"thumbnailUrl":"https:\/\/webdelmaestrocmf.com\/portal\/wp-content\/uploads\/2019\/01\/1-2.jpg","datePublished":"2019-01-02T16:28:43+00:00","dateModified":"2019-01-02T16:31:41+00:00","description":"El peri\u00f3dico colombiano El Espectador cuya sede principal se encuentra en Bogot\u00e1, fue fundado en 1887 en Medell\u00edn; y la Fundaci\u00f3n Color de Colombia...","breadcrumb":{"@id":"https:\/\/webdelmaestrocmf.com\/portal\/el-premio-afrocolombiano-2018-en-educacion-otorgado-al-p-luis-valencia-cmf\/#breadcrumb"},"inLanguage":"es","potentialAction":[{"@type":"ReadAction","target":["https:\/\/webdelmaestrocmf.com\/portal\/el-premio-afrocolombiano-2018-en-educacion-otorgado-al-p-luis-valencia-cmf\/"]}]},{"@type":"ImageObject","inLanguage":"es","@id":"https:\/\/webdelmaestrocmf.com\/portal\/el-premio-afrocolombiano-2018-en-educacion-otorgado-al-p-luis-valencia-cmf\/#primaryimage","url":"https:\/\/webdelmaestrocmf.com\/portal\/wp-content\/uploads\/2019\/01\/1-2.jpg","contentUrl":"https:\/\/webdelmaestrocmf.com\/portal\/wp-content\/uploads\/2019\/01\/1-2.jpg","width":1100,"height":680},{"@type":"BreadcrumbList","@id":"https:\/\/webdelmaestrocmf.com\/portal\/el-premio-afrocolombiano-2018-en-educacion-otorgado-al-p-luis-valencia-cmf\/#breadcrumb","itemListElement":[{"@type":"ListItem","position":1,"name":"Portada","item":"https:\/\/webdelmaestrocmf.com\/portal\/"},{"@type":"ListItem","position":2,"name":"INTER\u00c9S","item":"https:\/\/webdelmaestrocmf.com\/portal\/category\/noticias-educacion\/"},{"@type":"ListItem","position":3,"name":"EL PREMIO AFROCOLOMBIANO 2018 EN EDUCACI\u00d3N, OTORGADO AL P. LUIS VALENCIA, CMF"}]},{"@type":"WebSite","@id":"https:\/\/webdelmaestrocmf.com\/portal\/#website","url":"https:\/\/webdelmaestrocmf.com\/portal\/","name":"Web del Maestro CMF","description":"Maestros al servicio de la educaci\u00f3n","publisher":{"@id":"https:\/\/webdelmaestrocmf.com\/portal\/#organization"},"alternateName":"WMCMF","potentialAction":[{"@type":"SearchAction","target":{"@type":"EntryPoint","urlTemplate":"https:\/\/webdelmaestrocmf.com\/portal\/?s={search_term_string}"},"query-input":{"@type":"PropertyValueSpecification","valueRequired":true,"valueName":"search_term_string"}}],"inLanguage":"es"},{"@type":"Organization","@id":"https:\/\/webdelmaestrocmf.com\/portal\/#organization","name":"Web del Maestro CMF","alternateName":"WMCMF","url":"https:\/\/webdelmaestrocmf.com\/portal\/","logo":{"@type":"ImageObject","inLanguage":"es","@id":"https:\/\/webdelmaestrocmf.com\/portal\/#\/schema\/logo\/image\/","url":"https:\/\/webdelmaestrocmf.com\/portal\/wp-content\/uploads\/2023\/01\/logo-wmcmf-2.png","contentUrl":"https:\/\/webdelmaestrocmf.com\/portal\/wp-content\/uploads\/2023\/01\/logo-wmcmf-2.png","width":200,"height":60,"caption":"Web del Maestro CMF"},"image":{"@id":"https:\/\/webdelmaestrocmf.com\/portal\/#\/schema\/logo\/image\/"},"sameAs":["https:\/\/www.facebook.com\/WebdelMaestroCMF\/","https:\/\/x.com\/cmf_w","https:\/\/www.pinterest.com\/WMCMF\/","https:\/\/www.linkedin.com\/company\/web-del-maestro-cmf\/","https:\/\/www.instagram.com\/wmcmf\/","https:\/\/www.youtube.com\/channel\/UCDPSvjbdodE5sHnC3OxutHw","https:\/\/mastodon.social\/@wmcmf","https:\/\/www.tiktok.com\/@webdelmaestrocmf"]},{"@type":"Person","@id":"https:\/\/webdelmaestrocmf.com\/portal\/#\/schema\/person\/1072a2ed7bd960df8ef99a551fa35dc5","name":"Web del Maestro CMF","image":{"@type":"ImageObject","inLanguage":"es","@id":"https:\/\/secure.gravatar.com\/avatar\/23291dd5b5ae1077dcff3dbb04c3e02bd28403fa75af6d8787d5e97c5bbbe30b?s=96&d=mm&r=g","url":"https:\/\/secure.gravatar.com\/avatar\/23291dd5b5ae1077dcff3dbb04c3e02bd28403fa75af6d8787d5e97c5bbbe30b?s=96&d=mm&r=g","contentUrl":"https:\/\/secure.gravatar.com\/avatar\/23291dd5b5ae1077dcff3dbb04c3e02bd28403fa75af6d8787d5e97c5bbbe30b?s=96&d=mm&r=g","caption":"Web del Maestro CMF"},"description":"Esta Web se cre\u00f3 sin fines de lucro, con fines educativos, cient\u00edficos y acad\u00e9micos, para personas que tengan dificultades y\/o inconvenientes en visualizar el material original. El objetivo es entregar recursos, compartir experiencias y materiales que ayuden a los padres de familia, maestros y estudiantes en su actualizaci\u00f3n y formaci\u00f3n permanente, en bien de la Educaci\u00f3n.","sameAs":["http:\/\/webdelmaestrocmf.com\/portal","https:\/\/www.facebook.com\/WebdelMaestroCMF\/","https:\/\/www.instagram.com\/wmcmf\/","https:\/\/cl.linkedin.com\/company\/web-del-maestro-cmf","https:\/\/www.pinterest.com\/WMCMF\/publicaciones\/","https:\/\/x.com\/cmf_w","https:\/\/www.youtube.com\/@WMCMF"]}]}},"jetpack_featured_media_url":"https:\/\/webdelmaestrocmf.com\/portal\/wp-content\/uploads\/2019\/01\/1-2.jpg","jetpack_sharing_enabled":true,"jetpack-related-posts":[{"id":20409,"url":"https:\/\/webdelmaestrocmf.com\/portal\/cuatro-respuestas-educar-cerebro-hiperconectado-la-generacion-z\/","url_meta":{"origin":34479,"position":0},"title":"C\u00f3mo educar el cerebro hiperconectado de la generaci\u00f3n Z","author":"Web del Maestro CMF","date":"7 julio, 2022","format":false,"excerpt":"La mayor\u00eda de los nacidos despu\u00e9s de 1994 hasta el 2004, son llamados la Generaci\u00f3n Z, no superan los 23 a\u00f1os, y est\u00e1n planteando, poco a poco, un cambio interesante en la din\u00e1mica de la sociedad y, por consiguiente, de la educaci\u00f3n. Se la considera la primera que est\u00e1 puramente\u2026","rel":"","context":"En \u00abYo opino - WMCMF\u00bb","block_context":{"text":"Yo opino - WMCMF","link":"https:\/\/webdelmaestrocmf.com\/portal\/category\/jamb\/"},"img":{"alt_text":"","src":"https:\/\/i0.wp.com\/webdelmaestrocmf.com\/portal\/wp-content\/uploads\/2022\/04\/1-11.jpg?resize=350%2C200&ssl=1","width":350,"height":200,"srcset":"https:\/\/i0.wp.com\/webdelmaestrocmf.com\/portal\/wp-content\/uploads\/2022\/04\/1-11.jpg?resize=350%2C200&ssl=1 1x, https:\/\/i0.wp.com\/webdelmaestrocmf.com\/portal\/wp-content\/uploads\/2022\/04\/1-11.jpg?resize=525%2C300&ssl=1 1.5x, https:\/\/i0.wp.com\/webdelmaestrocmf.com\/portal\/wp-content\/uploads\/2022\/04\/1-11.jpg?resize=700%2C400&ssl=1 2x"},"classes":[]},{"id":10435,"url":"https:\/\/webdelmaestrocmf.com\/portal\/el-cancer-de-nuestra-educacion\/","url_meta":{"origin":34479,"position":1},"title":"[Mat\u00edas M\u00e9ndez P\u00e9rez] El c\u00e1ncer de nuestra educaci\u00f3n","author":"Web del Maestro CMF","date":"30 julio, 2018","format":false,"excerpt":"El pasado martes visit\u00f3 mi colegio D. Carlos Blanco, el afamado egipt\u00f3logo que apareci\u00f3 en su d\u00eda en \u201cCr\u00f3nicas Marcianas\u201d. Empez\u00f3 la universidad con 15 a\u00f1os, Doctor en Filosof\u00eda y Doctor en Teolog\u00eda por Harvard. Con 30 a\u00f1os ha publicado 16 libros. Es el miembro m\u00e1s joven del mundo de\u2026","rel":"","context":"En \u00abZ-Colaboradores\u00bb","block_context":{"text":"Z-Colaboradores","link":"https:\/\/webdelmaestrocmf.com\/portal\/category\/colaborador\/"},"img":{"alt_text":"","src":"https:\/\/i0.wp.com\/webdelmaestrocmf.com\/portal\/wp-content\/uploads\/2018\/07\/1a.jpg?resize=350%2C200&ssl=1","width":350,"height":200,"srcset":"https:\/\/i0.wp.com\/webdelmaestrocmf.com\/portal\/wp-content\/uploads\/2018\/07\/1a.jpg?resize=350%2C200&ssl=1 1x, https:\/\/i0.wp.com\/webdelmaestrocmf.com\/portal\/wp-content\/uploads\/2018\/07\/1a.jpg?resize=525%2C300&ssl=1 1.5x, https:\/\/i0.wp.com\/webdelmaestrocmf.com\/portal\/wp-content\/uploads\/2018\/07\/1a.jpg?resize=700%2C400&ssl=1 2x"},"classes":[]},{"id":91285,"url":"https:\/\/webdelmaestrocmf.com\/portal\/maria-laura-espido-freire-cree-usted-que-habla-mejor-o-peor-que-sus-abuelos\/","url_meta":{"origin":34479,"position":2},"title":"\u00bfCree usted que habla mejor o peor que sus abuelos?","author":"Web del Maestro CMF","date":"2 agosto, 2023","format":"video","excerpt":"Mar\u00eda Laura Espido Freire, \u200bconocida como Espido Freire (Bilbao, Espa\u00f1a,1974), creci\u00f3 en Llodio (\u00c1lava) en una familia de origen gallego. Se licenci\u00f3 en Filolog\u00eda Inglesa y diplom\u00f3 en Edici\u00f3n y Publicaci\u00f3n de Textos en la Universidad de Deusto (Espa\u00f1a). Estudi\u00f3 tambi\u00e9n m\u00fasica y canto en el Conservatorio Superior de Bilbao\u2026","rel":"","context":"En \u00abAdolescente\u00bb","block_context":{"text":"Adolescente","link":"https:\/\/webdelmaestrocmf.com\/portal\/category\/adolescente\/"},"img":{"alt_text":"Mar\u00eda Laura Espido Freire","src":"https:\/\/i0.wp.com\/webdelmaestrocmf.com\/portal\/wp-content\/uploads\/2023\/08\/A12B3C4D-16-1.jpg?resize=350%2C200&ssl=1","width":350,"height":200,"srcset":"https:\/\/i0.wp.com\/webdelmaestrocmf.com\/portal\/wp-content\/uploads\/2023\/08\/A12B3C4D-16-1.jpg?resize=350%2C200&ssl=1 1x, https:\/\/i0.wp.com\/webdelmaestrocmf.com\/portal\/wp-content\/uploads\/2023\/08\/A12B3C4D-16-1.jpg?resize=525%2C300&ssl=1 1.5x, https:\/\/i0.wp.com\/webdelmaestrocmf.com\/portal\/wp-content\/uploads\/2023\/08\/A12B3C4D-16-1.jpg?resize=700%2C400&ssl=1 2x"},"classes":[]},{"id":29664,"url":"https:\/\/webdelmaestrocmf.com\/portal\/apostolado-educativo-claretiano-en-el-mundo\/","url_meta":{"origin":34479,"position":3},"title":"Apostolado educativo claretiano en el mundo (Colegios CMF)","author":"Web del Maestro CMF","date":"31 julio, 2018","format":false,"excerpt":"\u201cUna de las cosas que m\u00e1s me ha impelido a ense\u00f1ar a los ni\u00f1os ha sido el ejemplo de Jesucristo y de los Santos\u201d (P. Claret, Aut 276). Jes\u00fas, el Maestro, rog\u00f3 \u00abPadre santo, cuida en tu nombre a los que me has dado, para que sean uno, como nosotros\u2026\u2026","rel":"","context":"En \u00abComunicados\u00bb","block_context":{"text":"Comunicados","link":"https:\/\/webdelmaestrocmf.com\/portal\/category\/cmf\/"},"img":{"alt_text":"","src":"https:\/\/i0.wp.com\/webdelmaestrocmf.com\/portal\/wp-content\/uploads\/2018\/07\/1-105.jpg?resize=350%2C200&ssl=1","width":350,"height":200,"srcset":"https:\/\/i0.wp.com\/webdelmaestrocmf.com\/portal\/wp-content\/uploads\/2018\/07\/1-105.jpg?resize=350%2C200&ssl=1 1x, https:\/\/i0.wp.com\/webdelmaestrocmf.com\/portal\/wp-content\/uploads\/2018\/07\/1-105.jpg?resize=525%2C300&ssl=1 1.5x, https:\/\/i0.wp.com\/webdelmaestrocmf.com\/portal\/wp-content\/uploads\/2018\/07\/1-105.jpg?resize=700%2C400&ssl=1 2x, https:\/\/i0.wp.com\/webdelmaestrocmf.com\/portal\/wp-content\/uploads\/2018\/07\/1-105.jpg?resize=1050%2C600&ssl=1 3x"},"classes":[]},{"id":105557,"url":"https:\/\/webdelmaestrocmf.com\/portal\/david-auris-los-libros-clave-para-el-exito-educativo\/","url_meta":{"origin":34479,"position":4},"title":"[David Auris] Los libros, clave para el \u00e9xito educativo","author":"Web del Maestro CMF","date":"18 mayo, 2024","format":false,"excerpt":"Abril, un mes repleto de significado. El pasado 23 de abril, celebramos el D\u00eda del Libro. Este formidable instrumento ha transformado a la humanidad y contin\u00faa empoder\u00e1ndonos a quienes leemos a: Cervantes, Shakespeare, el Inca Garcilaso de la Vega y a tantos escritores. La lectura otorga poder a los estudiantes\u2026","rel":"","context":"En \u00abZ-Colaborador-David-Auris\u00bb","block_context":{"text":"Z-Colaborador-David-Auris","link":"https:\/\/webdelmaestrocmf.com\/portal\/category\/colaborador\/z-colaborador-david-auris\/"},"img":{"alt_text":"","src":"https:\/\/i0.wp.com\/webdelmaestrocmf.com\/portal\/wp-content\/uploads\/2024\/05\/Banner-1-portada-imagen-10-1-2024-05-18T195401.950.jpg?resize=350%2C200&ssl=1","width":350,"height":200,"srcset":"https:\/\/i0.wp.com\/webdelmaestrocmf.com\/portal\/wp-content\/uploads\/2024\/05\/Banner-1-portada-imagen-10-1-2024-05-18T195401.950.jpg?resize=350%2C200&ssl=1 1x, https:\/\/i0.wp.com\/webdelmaestrocmf.com\/portal\/wp-content\/uploads\/2024\/05\/Banner-1-portada-imagen-10-1-2024-05-18T195401.950.jpg?resize=525%2C300&ssl=1 1.5x, https:\/\/i0.wp.com\/webdelmaestrocmf.com\/portal\/wp-content\/uploads\/2024\/05\/Banner-1-portada-imagen-10-1-2024-05-18T195401.950.jpg?resize=700%2C400&ssl=1 2x"},"classes":[]},{"id":52598,"url":"https:\/\/webdelmaestrocmf.com\/portal\/miguel-gonzalez-jugar-con-los-estudiantes-es-el-mejor-vehiculo-del-aprendizaje\/","url_meta":{"origin":34479,"position":5},"title":"[Miguel Gonz\u00e1lez] Jugar con los estudiantes es el mejor veh\u00edculo del aprendizaje","author":"Web del Maestro CMF","date":"7 octubre, 2020","format":false,"excerpt":"La Secretar\u00eda de Educaci\u00f3n del Distrito (SED) del Concejo de Bogot\u00e1 (Colombia), como responsable de la educaci\u00f3n inicial (preescolar), b\u00e1sica (primaria y secundaria), en Ciudad Bol\u00edvar, tiene como tarea principal el orientar y liderar la formulaci\u00f3n y ejecuci\u00f3n de pol\u00edticas, planes y programas para garantizar el derecho a la educaci\u00f3n\u2026","rel":"","context":"En \u00abZ-Colaboradores\u00bb","block_context":{"text":"Z-Colaboradores","link":"https:\/\/webdelmaestrocmf.com\/portal\/category\/colaborador\/"},"img":{"alt_text":"","src":"https:\/\/i0.wp.com\/webdelmaestrocmf.com\/portal\/wp-content\/uploads\/2020\/10\/1-copia-21.jpg?resize=350%2C200&ssl=1","width":350,"height":200,"srcset":"https:\/\/i0.wp.com\/webdelmaestrocmf.com\/portal\/wp-content\/uploads\/2020\/10\/1-copia-21.jpg?resize=350%2C200&ssl=1 1x, https:\/\/i0.wp.com\/webdelmaestrocmf.com\/portal\/wp-content\/uploads\/2020\/10\/1-copia-21.jpg?resize=525%2C300&ssl=1 1.5x, https:\/\/i0.wp.com\/webdelmaestrocmf.com\/portal\/wp-content\/uploads\/2020\/10\/1-copia-21.jpg?resize=700%2C400&ssl=1 2x, https:\/\/i0.wp.com\/webdelmaestrocmf.com\/portal\/wp-content\/uploads\/2020\/10\/1-copia-21.jpg?resize=1050%2C600&ssl=1 3x"},"classes":[]}],"_links":{"self":[{"href":"https:\/\/webdelmaestrocmf.com\/portal\/wp-json\/wp\/v2\/posts\/34479","targetHints":{"allow":["GET"]}}],"collection":[{"href":"https:\/\/webdelmaestrocmf.com\/portal\/wp-json\/wp\/v2\/posts"}],"about":[{"href":"https:\/\/webdelmaestrocmf.com\/portal\/wp-json\/wp\/v2\/types\/post"}],"author":[{"embeddable":true,"href":"https:\/\/webdelmaestrocmf.com\/portal\/wp-json\/wp\/v2\/users\/1"}],"replies":[{"embeddable":true,"href":"https:\/\/webdelmaestrocmf.com\/portal\/wp-json\/wp\/v2\/comments?post=34479"}],"version-history":[{"count":0,"href":"https:\/\/webdelmaestrocmf.com\/portal\/wp-json\/wp\/v2\/posts\/34479\/revisions"}],"wp:featuredmedia":[{"embeddable":true,"href":"https:\/\/webdelmaestrocmf.com\/portal\/wp-json\/wp\/v2\/media\/34485"}],"wp:attachment":[{"href":"https:\/\/webdelmaestrocmf.com\/portal\/wp-json\/wp\/v2\/media?parent=34479"}],"wp:term":[{"taxonomy":"category","embeddable":true,"href":"https:\/\/webdelmaestrocmf.com\/portal\/wp-json\/wp\/v2\/categories?post=34479"},{"taxonomy":"post_tag","embeddable":true,"href":"https:\/\/webdelmaestrocmf.com\/portal\/wp-json\/wp\/v2\/tags?post=34479"}],"curies":[{"name":"wp","href":"https:\/\/api.w.org\/{rel}","templated":true}]}}