{"id":34369,"date":"2018-12-28T13:22:01","date_gmt":"2018-12-28T16:22:01","guid":{"rendered":"http:\/\/webdelmaestrocmf.com\/portal\/?p=34369"},"modified":"2022-03-13T16:36:05","modified_gmt":"2022-03-13T19:36:05","slug":"papa-francisco-mi-deseo-al-comienzo-del-nuevo-ano-paz-a-esta-casa","status":"publish","type":"post","link":"https:\/\/webdelmaestrocmf.com\/portal\/papa-francisco-mi-deseo-al-comienzo-del-nuevo-ano-paz-a-esta-casa\/","title":{"rendered":"Papa Francisco: mi deseo al comienzo del nuevo a\u00f1o: \u201cpaz a esta casa\u201d"},"content":{"rendered":"<h5 style=\"text-align: justify;\">\u201cLa paz, en efecto, es <strong>fruto de un gran proyecto pol\u00edtico que se funda en la responsabilidad rec\u00edproca y la interdependencia de los seres humanos<\/strong>, pero es tambi\u00e9n un desaf\u00edo que exige ser acogido d\u00eda tras d\u00eda. La paz es una conversi\u00f3n del coraz\u00f3n y del alma, y es f\u00e1cil reconocer <strong>tres dimensiones inseparables de esta paz interior y comunitaria<\/strong>:<\/h5>\n<p><!--more--><\/p>\n<p style=\"text-align: justify;\">\u2014 la paz <strong>con nosotros mismos<\/strong>, rechazando la intransigencia, la ira, la impaciencia y \u2015como aconsejaba san Francisco de Sales\u2015 teniendo \u201cun poco de dulzura consigo mismo\u201d, para ofrecer \u201cun poco de dulzura a los dem\u00e1s\u201d;<\/p>\n<p style=\"text-align: justify;\">\u2014 la paz <strong>con el otro<\/strong>: el familiar, el amigo, el extranjero, el pobre, el que sufre&#8230;; atrevi\u00e9ndose al encuentro y escuchando el mensaje que lleva consigo;<\/p>\n<p style=\"text-align: justify;\">\u2014 la paz <strong>con la creaci\u00f3n<\/strong>, redescubriendo la grandeza del don de Dios y la parte de responsabilidad que corresponde a cada uno de nosotros, como habitantes del mundo, ciudadanos y art\u00edfices del futuro\u201d.<\/p>\n<p style=\"text-align: justify;\">Perm\u00edtanos compartir el video CANTEMOS JUNTOS colgado en YouTube, con la participaci\u00f3n de los ni\u00f1os y j\u00f3venes de coro Los K&#8217;ana Wawakuna de Espinar, Cusco (Per\u00fa) y coro del Valle Shenandoah de Virginia (USA), quienes se alternan para cantar en quechua y en ingl\u00e9s, un poema musical a la paz del autor y compositor peruano Am\u00edlcar Soto M.<\/p>\n<h3><strong>CANTEMOS JUNTOS (KUSKA TAKISUN &#8211; TOGETHER WE SING)<\/strong><\/h3>\n<p><iframe loading=\"lazy\" src=\"https:\/\/www.youtube.com\/embed\/k9wp5Eohjkg\" width=\"100%\" height=\"400\" frameborder=\"0\" allowfullscreen=\"allowfullscreen\"><span data-mce-type=\"bookmark\" style=\"display: inline-block; width: 0px; overflow: hidden; line-height: 0;\" class=\"mce_SELRES_start\">\ufeff<\/span><span data-mce-type=\"bookmark\" style=\"display: inline-block; width: 0px; overflow: hidden; line-height: 0;\" class=\"mce_SELRES_start\">\ufeff<\/span><\/iframe><\/p>\n<h3><strong>PENSAMIENTOS DEL PAPA FRANCISCO PARA LA CELEBRACI\u00d3N DE LA 52 JORNADA MUNDIAL DE LA PAZ (2019)<\/strong><\/h3>\n<h4><strong>LA POL\u00cdTICA Y LA PAZ<\/strong><\/h4>\n<p>\u201cLa paz es como una flor fr\u00e1gil que trata de florecer entre las piedras de la violencia\u201d<\/p>\n<p>\u201cLa pol\u00edtica es un veh\u00edculo fundamental para edificar la ciudadan\u00eda y la actividad del hombre\u201d.<\/p>\n<p>\u201cLa pol\u00edtica, si se lleva a cabo en el respeto fundamental de la vida, la libertad y la dignidad de las personas, puede convertirse verdaderamente en una forma eminente de la caridad\u201d.<\/p>\n<p>\u201cA este respecto, merece la pena recordar las \u201cbienaventuranzas del pol\u00edtico\u201d, propuestas por el cardenal vietnamita Fran\u00e7ois-Xavier Nguy\u1ec5n V\u00e3n Thu\u1eadn, fallecido en el a\u00f1o 2002, y que fue un fiel testigo del Evangelio:<\/p>\n<ul>\n<li><strong>Bienaventurado el pol\u00edtico<\/strong> que tiene una alta consideraci\u00f3n y una profunda conciencia de su papel.<\/li>\n<li><strong>Bienaventurado el pol\u00edtico<\/strong> cuya persona refleja credibilidad.<\/li>\n<li><strong>Bienaventurado el pol\u00edtico <\/strong>que trabaja por el bien com\u00fan y no por su propio inter\u00e9s.<\/li>\n<li><strong>Bienaventurado el pol\u00edtico<\/strong> que permanece fielmente coherente.<\/li>\n<li><strong>Bienaventurado el pol\u00edtico<\/strong> que realiza la unidad.<\/li>\n<li><strong>Bienaventurado el pol\u00edtico<\/strong> que est\u00e1 comprometido en llevar a cabo un cambio radical.<\/li>\n<li><strong>Bienaventurado el pol\u00edtico<\/strong> que sabe escuchar.<\/li>\n<li><strong>Bienaventurado el pol\u00edtico<\/strong> que no tiene miedo\u201d [Discurso en la exposici\u00f3n-congreso \u201cCivitas\u201d de Padua: \u201c30giorni\u201d (2002), 5].<\/li>\n<\/ul>\n<p>\u201cCada renovaci\u00f3n de las funciones electivas, cada cita electoral, cada etapa de la vida p\u00fablica es una oportunidad para volver a la fuente y a los puntos de referencia que inspiran la justicia y el derecho\u201d.<\/p>\n<p><img loading=\"lazy\" decoding=\"async\" class=\"alignnone size-full wp-image-34374\" src=\"http:\/\/webdelmaestrocmf.com\/portal\/wp-content\/uploads\/2018\/12\/2-9.jpg\" alt=\"\" width=\"900\" height=\"500\" srcset=\"https:\/\/webdelmaestrocmf.com\/portal\/wp-content\/uploads\/2018\/12\/2-9.jpg 900w, https:\/\/webdelmaestrocmf.com\/portal\/wp-content\/uploads\/2018\/12\/2-9-300x167.jpg 300w, https:\/\/webdelmaestrocmf.com\/portal\/wp-content\/uploads\/2018\/12\/2-9-768x427.jpg 768w\" sizes=\"auto, (max-width: 900px) 100vw, 900px\" \/><\/p>\n<p>\u201cEstamos convencidos de que la buena pol\u00edtica est\u00e1 al servicio de la paz; respeta y promueve los derechos humanos fundamentales\u201d.<\/p>\n<p>\u201cCuando el ejercicio del poder pol\u00edtico apunta \u00fanicamente a proteger los intereses de ciertos individuos privilegiados, el futuro est\u00e1 en peligro y los j\u00f3venes pueden sentirse tentados por la desconfianza, porque se ven condenados a quedar al margen de la sociedad, sin la posibilidad de participar en un proyecto para el futuro\u201d.<\/p>\n<p>\u201cEn la pol\u00edtica, desgraciadamente, junto a las virtudes no faltan los vicios, debidos tanto a la ineptitud personal como a distorsiones en el ambiente y en las instituciones\u201d.<\/p>\n<h4><strong>LA PAZ ES RESPONSABILIDAD PERSONAL Y SOCIAL<\/strong><\/h4>\n<p>\u201cCada uno puede aportar su propia piedra para la construcci\u00f3n de la casa com\u00fan\u201d.<\/p>\n<p>\u201cHoy m\u00e1s que nunca, nuestras sociedades necesitan \u201cartesanos de la paz\u201d.<\/p>\n<p>\u201cConocemos mejor que nunca la terrible ense\u00f1anza de las guerras fratricidas, es decir que la paz jam\u00e1s puede reducirse al simple equilibrio de la fuerza y el miedo\u201d.<\/p>\n<p>\u201cMantener al otro bajo amenaza significa reducirlo al estado de objeto y negarle la dignidad\u201d.<\/p>\n<p>\u201cLa paz se basa en el respeto de cada persona, independientemente de su historia, en el respeto del derecho y del bien com\u00fan, de la creaci\u00f3n que nos ha sido confiada y de la riqueza moral transmitida por las generaciones pasadas\u201d.<\/p>\n<p>El contenido de esta publicaci\u00f3n ha sido tomado libremente de: <a href=\"http:\/\/w2.vatican.va\/content\/francesco\/es\/messages\/peace\/documents\/papa-francesco_20181208_messaggio-52giornatamondiale-pace2019.html\" target=\"_blank\" rel=\"noopener\"><strong>LA BUENA POL\u00cdTICA EST\u00c1 AL SERVICIO DE LA PAZ.<\/strong><\/a><\/p>\n<p style=\"text-align: right;\"><strong>REDACCI\u00d3N WEB DEL MAESTRO CMF<\/strong><\/p>\n\t\t<div class=\"pk-inline-posts\">\n\t\t\t\n\t\t\t<div class=\"pk-inline-posts-container pk-inline-posts-template-list\"\n\t\t\t\tdata-columns=\"1\">\n\t\t\t\t\t\t<article id=\"post-117930\" class=\"post-117930 post type-post status-publish format-standard has-post-thumbnail category-pastoral category-noticias-internacionales category-papa-leon-xiv tag-conflictos tag-derechos-humanos tag-educacion-en-valores-2 tag-etica-3 tag-justicia-social tag-liderazgo tag-papa-2 tag-paz tag-reflexion-2 tag-solidaridad cs-entry cs-video-wrap\">\n\t\t\t<div class=\"pk-post-outer\">\n\n\t\t\t\t\t\t\t\t<div class=\"pk-post-inner\">\n\t\t\t\t\t<div class=\"entry-thumbnail\">\n\t\t\t\t\t\t<div class=\"pk-overlay pk-overlay-ratio pk-ratio-landscape\">\n\t\t\t\t\t\t\t<div class=\"pk-overlay-background\">\n\t\t\t\t\t\t\t\t<a href=\"https:\/\/webdelmaestrocmf.com\/portal\/papa-leon-xiv-el-mundo-esta-siendo-destruido-por-unos-pocos-tiranos-en-referencia-a-trump\/\" class=\"pk-overlay-link\">\n\t\t\t\t\t\t\t\t\t<img loading=\"lazy\" decoding=\"async\" width=\"300\" height=\"225\" src=\"https:\/\/webdelmaestrocmf.com\/portal\/wp-content\/uploads\/2026\/04\/1AA-Banner-1-portada-imagen-10-1-copia-30-300x225.webp\" class=\"attachment-pk-thumbnail size-pk-thumbnail wp-post-image\" alt=\"\" \/>\t\t\t\t\t\t\t\t<\/a>\n\t\t\t\t\t\t\t<\/div>\n\t\t\t\t\t\t<\/div>\n\t\t\t\t\t<\/div>\n\t\t\t\t<\/div>\n\t\t\t\t\n\t\t\t\t<div class=\"pk-post-inner\">\n\t\t\t\t\t<header>\n\t\t\t\t\t\t<h3 class=\"pk-title\"><a href=\"https:\/\/webdelmaestrocmf.com\/portal\/papa-leon-xiv-el-mundo-esta-siendo-destruido-por-unos-pocos-tiranos-en-referencia-a-trump\/\" rel=\"bookmark\">Papa Le\u00f3n XIV: \u201cEl mundo est\u00e1 siendo destruido por unos pocos tiranos\u201d, en referencia a Trump<\/a><\/h3>\t\t\t\t\t<\/header><!-- .entry-header -->\n\t\t\t\t<\/div><!-- .post-inner -->\n\n\t\t\t<\/div><!-- .post-outer -->\n\t\t<\/article>\n\t\t\t\t<\/div>\n\t\t<\/div>\n\t\t\n","protected":false},"excerpt":{"rendered":"\u201cLa paz, en efecto, es fruto de un gran proyecto pol\u00edtico que se funda en la responsabilidad rec\u00edproca&hellip;","protected":false},"author":1,"featured_media":34373,"comment_status":"open","ping_status":"closed","sticky":false,"template":"","format":"standard","meta":{"csco_display_header_overlay":false,"csco_singular_sidebar":"default","csco_page_header_type":"default","csco_page_load_nextpost":"default","csco_post_video_location":[],"csco_post_video_location_hash":"","csco_post_video_url":"","csco_post_video_bg_start_time":0,"csco_post_video_bg_end_time":0,"csco_post_video_bg_volume":false,"_jetpack_memberships_contains_paid_content":false,"footnotes":""},"categories":[431,467],"tags":[1838,218,4050],"class_list":{"0":"post-34369","1":"post","2":"type-post","3":"status-publish","4":"format-standard","5":"has-post-thumbnail","7":"category-pastoral","8":"category-papa-francisco","9":"tag-casa","10":"tag-papa-francisco","11":"tag-paz-a","12":"cs-entry","13":"cs-video-wrap"},"yoast_head":"<!-- This site is optimized with the Yoast SEO plugin v27.5 - https:\/\/yoast.com\/product\/yoast-seo-wordpress\/ -->\n<title>Papa Francisco: mi deseo al comienzo del nuevo a\u00f1o: \u201cpaz a esta casa\u201d - 2026<\/title>\n<meta name=\"description\" content=\"Comunidad de Maestros, Docentes y Profesores, en donde encontrar\u00e1s material, informaci\u00f3n y noticias del \u00e1mbito nacional y mundial.\" \/>\n<meta name=\"robots\" content=\"index, follow, max-snippet:-1, max-image-preview:large, max-video-preview:-1\" \/>\n<link rel=\"canonical\" href=\"https:\/\/webdelmaestrocmf.com\/portal\/papa-francisco-mi-deseo-al-comienzo-del-nuevo-ano-paz-a-esta-casa\/\" \/>\n<meta property=\"og:locale\" content=\"es_ES\" \/>\n<meta property=\"og:type\" content=\"article\" \/>\n<meta property=\"og:title\" content=\"Papa Francisco: mi deseo al comienzo del nuevo a\u00f1o: \u201cpaz a esta casa\u201d - 2026\" \/>\n<meta property=\"og:description\" content=\"Comunidad de Maestros, Docentes y Profesores, en donde encontrar\u00e1s material, informaci\u00f3n y noticias del \u00e1mbito nacional y mundial.\" \/>\n<meta property=\"og:url\" content=\"https:\/\/webdelmaestrocmf.com\/portal\/papa-francisco-mi-deseo-al-comienzo-del-nuevo-ano-paz-a-esta-casa\/\" \/>\n<meta property=\"og:site_name\" content=\"Web del Maestro CMF\" \/>\n<meta property=\"article:publisher\" content=\"https:\/\/www.facebook.com\/WebdelMaestroCMF\/\" \/>\n<meta property=\"article:author\" content=\"https:\/\/www.facebook.com\/WebdelMaestroCMF\/\" \/>\n<meta property=\"article:published_time\" content=\"2018-12-28T16:22:01+00:00\" \/>\n<meta property=\"article:modified_time\" content=\"2022-03-13T19:36:05+00:00\" \/>\n<meta property=\"og:image\" content=\"https:\/\/i0.wp.com\/webdelmaestrocmf.com\/portal\/wp-content\/uploads\/2018\/12\/2-8.jpg?fit=1100%2C680&ssl=1\" \/>\n\t<meta property=\"og:image:width\" content=\"1100\" \/>\n\t<meta property=\"og:image:height\" content=\"680\" \/>\n\t<meta property=\"og:image:type\" content=\"image\/jpeg\" \/>\n<meta name=\"author\" content=\"Web del Maestro CMF\" \/>\n<meta name=\"twitter:card\" content=\"summary_large_image\" \/>\n<meta name=\"twitter:creator\" content=\"@cmf_w\" \/>\n<meta name=\"twitter:site\" content=\"@cmf_w\" \/>\n<script type=\"application\/ld+json\" class=\"yoast-schema-graph\">{\"@context\":\"https:\\\/\\\/schema.org\",\"@graph\":[{\"@type\":\"ScholarlyArticle\",\"@id\":\"https:\\\/\\\/webdelmaestrocmf.com\\\/portal\\\/papa-francisco-mi-deseo-al-comienzo-del-nuevo-ano-paz-a-esta-casa\\\/#article\",\"isPartOf\":{\"@id\":\"https:\\\/\\\/webdelmaestrocmf.com\\\/portal\\\/papa-francisco-mi-deseo-al-comienzo-del-nuevo-ano-paz-a-esta-casa\\\/\"},\"author\":{\"name\":\"Web del Maestro CMF\",\"@id\":\"https:\\\/\\\/webdelmaestrocmf.com\\\/portal\\\/#\\\/schema\\\/person\\\/1072a2ed7bd960df8ef99a551fa35dc5\"},\"headline\":\"Papa Francisco: mi deseo al comienzo del nuevo a\u00f1o: \u201cpaz a esta casa\u201d\",\"datePublished\":\"2018-12-28T16:22:01+00:00\",\"dateModified\":\"2022-03-13T19:36:05+00:00\",\"mainEntityOfPage\":{\"@id\":\"https:\\\/\\\/webdelmaestrocmf.com\\\/portal\\\/papa-francisco-mi-deseo-al-comienzo-del-nuevo-ano-paz-a-esta-casa\\\/\"},\"wordCount\":773,\"commentCount\":0,\"publisher\":{\"@id\":\"https:\\\/\\\/webdelmaestrocmf.com\\\/portal\\\/#organization\"},\"image\":{\"@id\":\"https:\\\/\\\/webdelmaestrocmf.com\\\/portal\\\/papa-francisco-mi-deseo-al-comienzo-del-nuevo-ano-paz-a-esta-casa\\\/#primaryimage\"},\"thumbnailUrl\":\"https:\\\/\\\/webdelmaestrocmf.com\\\/portal\\\/wp-content\\\/uploads\\\/2018\\\/12\\\/2-8.jpg\",\"keywords\":[\"CASA\",\"Papa Francisco\",\"PAZ A\"],\"articleSection\":[\"Mundo cart\u00f3lico\",\"Papa Francisco\"],\"inLanguage\":\"es\",\"potentialAction\":[{\"@type\":\"CommentAction\",\"name\":\"Comment\",\"target\":[\"https:\\\/\\\/webdelmaestrocmf.com\\\/portal\\\/papa-francisco-mi-deseo-al-comienzo-del-nuevo-ano-paz-a-esta-casa\\\/#respond\"]}]},{\"@type\":\"WebPage\",\"@id\":\"https:\\\/\\\/webdelmaestrocmf.com\\\/portal\\\/papa-francisco-mi-deseo-al-comienzo-del-nuevo-ano-paz-a-esta-casa\\\/\",\"url\":\"https:\\\/\\\/webdelmaestrocmf.com\\\/portal\\\/papa-francisco-mi-deseo-al-comienzo-del-nuevo-ano-paz-a-esta-casa\\\/\",\"name\":\"Papa Francisco: mi deseo al comienzo del nuevo a\u00f1o: \u201cpaz a esta casa\u201d - 2026\",\"isPartOf\":{\"@id\":\"https:\\\/\\\/webdelmaestrocmf.com\\\/portal\\\/#website\"},\"primaryImageOfPage\":{\"@id\":\"https:\\\/\\\/webdelmaestrocmf.com\\\/portal\\\/papa-francisco-mi-deseo-al-comienzo-del-nuevo-ano-paz-a-esta-casa\\\/#primaryimage\"},\"image\":{\"@id\":\"https:\\\/\\\/webdelmaestrocmf.com\\\/portal\\\/papa-francisco-mi-deseo-al-comienzo-del-nuevo-ano-paz-a-esta-casa\\\/#primaryimage\"},\"thumbnailUrl\":\"https:\\\/\\\/webdelmaestrocmf.com\\\/portal\\\/wp-content\\\/uploads\\\/2018\\\/12\\\/2-8.jpg\",\"datePublished\":\"2018-12-28T16:22:01+00:00\",\"dateModified\":\"2022-03-13T19:36:05+00:00\",\"description\":\"Comunidad de Maestros, Docentes y Profesores, en donde encontrar\u00e1s material, informaci\u00f3n y noticias del \u00e1mbito nacional y mundial.\",\"breadcrumb\":{\"@id\":\"https:\\\/\\\/webdelmaestrocmf.com\\\/portal\\\/papa-francisco-mi-deseo-al-comienzo-del-nuevo-ano-paz-a-esta-casa\\\/#breadcrumb\"},\"inLanguage\":\"es\",\"potentialAction\":[{\"@type\":\"ReadAction\",\"target\":[\"https:\\\/\\\/webdelmaestrocmf.com\\\/portal\\\/papa-francisco-mi-deseo-al-comienzo-del-nuevo-ano-paz-a-esta-casa\\\/\"]}]},{\"@type\":\"ImageObject\",\"inLanguage\":\"es\",\"@id\":\"https:\\\/\\\/webdelmaestrocmf.com\\\/portal\\\/papa-francisco-mi-deseo-al-comienzo-del-nuevo-ano-paz-a-esta-casa\\\/#primaryimage\",\"url\":\"https:\\\/\\\/webdelmaestrocmf.com\\\/portal\\\/wp-content\\\/uploads\\\/2018\\\/12\\\/2-8.jpg\",\"contentUrl\":\"https:\\\/\\\/webdelmaestrocmf.com\\\/portal\\\/wp-content\\\/uploads\\\/2018\\\/12\\\/2-8.jpg\",\"width\":1100,\"height\":680},{\"@type\":\"BreadcrumbList\",\"@id\":\"https:\\\/\\\/webdelmaestrocmf.com\\\/portal\\\/papa-francisco-mi-deseo-al-comienzo-del-nuevo-ano-paz-a-esta-casa\\\/#breadcrumb\",\"itemListElement\":[{\"@type\":\"ListItem\",\"position\":1,\"name\":\"Portada\",\"item\":\"https:\\\/\\\/webdelmaestrocmf.com\\\/portal\\\/\"},{\"@type\":\"ListItem\",\"position\":2,\"name\":\"Mundo cart\u00f3lico\",\"item\":\"https:\\\/\\\/webdelmaestrocmf.com\\\/portal\\\/category\\\/pastoral\\\/\"},{\"@type\":\"ListItem\",\"position\":3,\"name\":\"Papa Francisco: mi deseo al comienzo del nuevo a\u00f1o: \u201cpaz a esta casa\u201d\"}]},{\"@type\":\"WebSite\",\"@id\":\"https:\\\/\\\/webdelmaestrocmf.com\\\/portal\\\/#website\",\"url\":\"https:\\\/\\\/webdelmaestrocmf.com\\\/portal\\\/\",\"name\":\"Web del Maestro CMF\",\"description\":\"Maestros al servicio de la educaci\u00f3n\",\"publisher\":{\"@id\":\"https:\\\/\\\/webdelmaestrocmf.com\\\/portal\\\/#organization\"},\"alternateName\":\"WMCMF\",\"potentialAction\":[{\"@type\":\"SearchAction\",\"target\":{\"@type\":\"EntryPoint\",\"urlTemplate\":\"https:\\\/\\\/webdelmaestrocmf.com\\\/portal\\\/?s={search_term_string}\"},\"query-input\":{\"@type\":\"PropertyValueSpecification\",\"valueRequired\":true,\"valueName\":\"search_term_string\"}}],\"inLanguage\":\"es\"},{\"@type\":\"Organization\",\"@id\":\"https:\\\/\\\/webdelmaestrocmf.com\\\/portal\\\/#organization\",\"name\":\"Web del Maestro CMF\",\"alternateName\":\"WMCMF\",\"url\":\"https:\\\/\\\/webdelmaestrocmf.com\\\/portal\\\/\",\"logo\":{\"@type\":\"ImageObject\",\"inLanguage\":\"es\",\"@id\":\"https:\\\/\\\/webdelmaestrocmf.com\\\/portal\\\/#\\\/schema\\\/logo\\\/image\\\/\",\"url\":\"https:\\\/\\\/webdelmaestrocmf.com\\\/portal\\\/wp-content\\\/uploads\\\/2023\\\/01\\\/logo-wmcmf-2.png\",\"contentUrl\":\"https:\\\/\\\/webdelmaestrocmf.com\\\/portal\\\/wp-content\\\/uploads\\\/2023\\\/01\\\/logo-wmcmf-2.png\",\"width\":200,\"height\":60,\"caption\":\"Web del Maestro CMF\"},\"image\":{\"@id\":\"https:\\\/\\\/webdelmaestrocmf.com\\\/portal\\\/#\\\/schema\\\/logo\\\/image\\\/\"},\"sameAs\":[\"https:\\\/\\\/www.facebook.com\\\/WebdelMaestroCMF\\\/\",\"https:\\\/\\\/x.com\\\/cmf_w\",\"https:\\\/\\\/www.pinterest.com\\\/WMCMF\\\/\",\"https:\\\/\\\/www.linkedin.com\\\/company\\\/web-del-maestro-cmf\\\/\",\"https:\\\/\\\/www.instagram.com\\\/wmcmf\\\/\",\"https:\\\/\\\/www.youtube.com\\\/channel\\\/UCDPSvjbdodE5sHnC3OxutHw\",\"https:\\\/\\\/mastodon.social\\\/@wmcmf\",\"https:\\\/\\\/www.tiktok.com\\\/@webdelmaestrocmf\"]},{\"@type\":\"Person\",\"@id\":\"https:\\\/\\\/webdelmaestrocmf.com\\\/portal\\\/#\\\/schema\\\/person\\\/1072a2ed7bd960df8ef99a551fa35dc5\",\"name\":\"Web del Maestro CMF\",\"image\":{\"@type\":\"ImageObject\",\"inLanguage\":\"es\",\"@id\":\"https:\\\/\\\/secure.gravatar.com\\\/avatar\\\/23291dd5b5ae1077dcff3dbb04c3e02bd28403fa75af6d8787d5e97c5bbbe30b?s=96&d=mm&r=g\",\"url\":\"https:\\\/\\\/secure.gravatar.com\\\/avatar\\\/23291dd5b5ae1077dcff3dbb04c3e02bd28403fa75af6d8787d5e97c5bbbe30b?s=96&d=mm&r=g\",\"contentUrl\":\"https:\\\/\\\/secure.gravatar.com\\\/avatar\\\/23291dd5b5ae1077dcff3dbb04c3e02bd28403fa75af6d8787d5e97c5bbbe30b?s=96&d=mm&r=g\",\"caption\":\"Web del Maestro CMF\"},\"description\":\"Esta Web se cre\u00f3 sin fines de lucro, con fines educativos, cient\u00edficos y acad\u00e9micos, para personas que tengan dificultades y\\\/o inconvenientes en visualizar el material original. El objetivo es entregar recursos, compartir experiencias y materiales que ayuden a los padres de familia, maestros y estudiantes en su actualizaci\u00f3n y formaci\u00f3n permanente, en bien de la Educaci\u00f3n.\",\"sameAs\":[\"http:\\\/\\\/webdelmaestrocmf.com\\\/portal\",\"https:\\\/\\\/www.facebook.com\\\/WebdelMaestroCMF\\\/\",\"https:\\\/\\\/www.instagram.com\\\/wmcmf\\\/\",\"https:\\\/\\\/cl.linkedin.com\\\/company\\\/web-del-maestro-cmf\",\"https:\\\/\\\/www.pinterest.com\\\/WMCMF\\\/publicaciones\\\/\",\"https:\\\/\\\/x.com\\\/cmf_w\",\"https:\\\/\\\/www.youtube.com\\\/@WMCMF\"]}]}<\/script>\n<!-- \/ Yoast SEO plugin. -->","yoast_head_json":{"title":"Papa Francisco: mi deseo al comienzo del nuevo a\u00f1o: \u201cpaz a esta casa\u201d - 2026","description":"Comunidad de Maestros, Docentes y Profesores, en donde encontrar\u00e1s material, informaci\u00f3n y noticias del \u00e1mbito nacional y mundial.","robots":{"index":"index","follow":"follow","max-snippet":"max-snippet:-1","max-image-preview":"max-image-preview:large","max-video-preview":"max-video-preview:-1"},"canonical":"https:\/\/webdelmaestrocmf.com\/portal\/papa-francisco-mi-deseo-al-comienzo-del-nuevo-ano-paz-a-esta-casa\/","og_locale":"es_ES","og_type":"article","og_title":"Papa Francisco: mi deseo al comienzo del nuevo a\u00f1o: \u201cpaz a esta casa\u201d - 2026","og_description":"Comunidad de Maestros, Docentes y Profesores, en donde encontrar\u00e1s material, informaci\u00f3n y noticias del \u00e1mbito nacional y mundial.","og_url":"https:\/\/webdelmaestrocmf.com\/portal\/papa-francisco-mi-deseo-al-comienzo-del-nuevo-ano-paz-a-esta-casa\/","og_site_name":"Web del Maestro CMF","article_publisher":"https:\/\/www.facebook.com\/WebdelMaestroCMF\/","article_author":"https:\/\/www.facebook.com\/WebdelMaestroCMF\/","article_published_time":"2018-12-28T16:22:01+00:00","article_modified_time":"2022-03-13T19:36:05+00:00","og_image":[{"width":1100,"height":680,"url":"https:\/\/i0.wp.com\/webdelmaestrocmf.com\/portal\/wp-content\/uploads\/2018\/12\/2-8.jpg?fit=1100%2C680&ssl=1","type":"image\/jpeg"}],"author":"Web del Maestro CMF","twitter_card":"summary_large_image","twitter_creator":"@cmf_w","twitter_site":"@cmf_w","schema":{"@context":"https:\/\/schema.org","@graph":[{"@type":"ScholarlyArticle","@id":"https:\/\/webdelmaestrocmf.com\/portal\/papa-francisco-mi-deseo-al-comienzo-del-nuevo-ano-paz-a-esta-casa\/#article","isPartOf":{"@id":"https:\/\/webdelmaestrocmf.com\/portal\/papa-francisco-mi-deseo-al-comienzo-del-nuevo-ano-paz-a-esta-casa\/"},"author":{"name":"Web del Maestro CMF","@id":"https:\/\/webdelmaestrocmf.com\/portal\/#\/schema\/person\/1072a2ed7bd960df8ef99a551fa35dc5"},"headline":"Papa Francisco: mi deseo al comienzo del nuevo a\u00f1o: \u201cpaz a esta casa\u201d","datePublished":"2018-12-28T16:22:01+00:00","dateModified":"2022-03-13T19:36:05+00:00","mainEntityOfPage":{"@id":"https:\/\/webdelmaestrocmf.com\/portal\/papa-francisco-mi-deseo-al-comienzo-del-nuevo-ano-paz-a-esta-casa\/"},"wordCount":773,"commentCount":0,"publisher":{"@id":"https:\/\/webdelmaestrocmf.com\/portal\/#organization"},"image":{"@id":"https:\/\/webdelmaestrocmf.com\/portal\/papa-francisco-mi-deseo-al-comienzo-del-nuevo-ano-paz-a-esta-casa\/#primaryimage"},"thumbnailUrl":"https:\/\/webdelmaestrocmf.com\/portal\/wp-content\/uploads\/2018\/12\/2-8.jpg","keywords":["CASA","Papa Francisco","PAZ A"],"articleSection":["Mundo cart\u00f3lico","Papa Francisco"],"inLanguage":"es","potentialAction":[{"@type":"CommentAction","name":"Comment","target":["https:\/\/webdelmaestrocmf.com\/portal\/papa-francisco-mi-deseo-al-comienzo-del-nuevo-ano-paz-a-esta-casa\/#respond"]}]},{"@type":"WebPage","@id":"https:\/\/webdelmaestrocmf.com\/portal\/papa-francisco-mi-deseo-al-comienzo-del-nuevo-ano-paz-a-esta-casa\/","url":"https:\/\/webdelmaestrocmf.com\/portal\/papa-francisco-mi-deseo-al-comienzo-del-nuevo-ano-paz-a-esta-casa\/","name":"Papa Francisco: mi deseo al comienzo del nuevo a\u00f1o: \u201cpaz a esta casa\u201d - 2026","isPartOf":{"@id":"https:\/\/webdelmaestrocmf.com\/portal\/#website"},"primaryImageOfPage":{"@id":"https:\/\/webdelmaestrocmf.com\/portal\/papa-francisco-mi-deseo-al-comienzo-del-nuevo-ano-paz-a-esta-casa\/#primaryimage"},"image":{"@id":"https:\/\/webdelmaestrocmf.com\/portal\/papa-francisco-mi-deseo-al-comienzo-del-nuevo-ano-paz-a-esta-casa\/#primaryimage"},"thumbnailUrl":"https:\/\/webdelmaestrocmf.com\/portal\/wp-content\/uploads\/2018\/12\/2-8.jpg","datePublished":"2018-12-28T16:22:01+00:00","dateModified":"2022-03-13T19:36:05+00:00","description":"Comunidad de Maestros, Docentes y Profesores, en donde encontrar\u00e1s material, informaci\u00f3n y noticias del \u00e1mbito nacional y mundial.","breadcrumb":{"@id":"https:\/\/webdelmaestrocmf.com\/portal\/papa-francisco-mi-deseo-al-comienzo-del-nuevo-ano-paz-a-esta-casa\/#breadcrumb"},"inLanguage":"es","potentialAction":[{"@type":"ReadAction","target":["https:\/\/webdelmaestrocmf.com\/portal\/papa-francisco-mi-deseo-al-comienzo-del-nuevo-ano-paz-a-esta-casa\/"]}]},{"@type":"ImageObject","inLanguage":"es","@id":"https:\/\/webdelmaestrocmf.com\/portal\/papa-francisco-mi-deseo-al-comienzo-del-nuevo-ano-paz-a-esta-casa\/#primaryimage","url":"https:\/\/webdelmaestrocmf.com\/portal\/wp-content\/uploads\/2018\/12\/2-8.jpg","contentUrl":"https:\/\/webdelmaestrocmf.com\/portal\/wp-content\/uploads\/2018\/12\/2-8.jpg","width":1100,"height":680},{"@type":"BreadcrumbList","@id":"https:\/\/webdelmaestrocmf.com\/portal\/papa-francisco-mi-deseo-al-comienzo-del-nuevo-ano-paz-a-esta-casa\/#breadcrumb","itemListElement":[{"@type":"ListItem","position":1,"name":"Portada","item":"https:\/\/webdelmaestrocmf.com\/portal\/"},{"@type":"ListItem","position":2,"name":"Mundo cart\u00f3lico","item":"https:\/\/webdelmaestrocmf.com\/portal\/category\/pastoral\/"},{"@type":"ListItem","position":3,"name":"Papa Francisco: mi deseo al comienzo del nuevo a\u00f1o: \u201cpaz a esta casa\u201d"}]},{"@type":"WebSite","@id":"https:\/\/webdelmaestrocmf.com\/portal\/#website","url":"https:\/\/webdelmaestrocmf.com\/portal\/","name":"Web del Maestro CMF","description":"Maestros al servicio de la educaci\u00f3n","publisher":{"@id":"https:\/\/webdelmaestrocmf.com\/portal\/#organization"},"alternateName":"WMCMF","potentialAction":[{"@type":"SearchAction","target":{"@type":"EntryPoint","urlTemplate":"https:\/\/webdelmaestrocmf.com\/portal\/?s={search_term_string}"},"query-input":{"@type":"PropertyValueSpecification","valueRequired":true,"valueName":"search_term_string"}}],"inLanguage":"es"},{"@type":"Organization","@id":"https:\/\/webdelmaestrocmf.com\/portal\/#organization","name":"Web del Maestro CMF","alternateName":"WMCMF","url":"https:\/\/webdelmaestrocmf.com\/portal\/","logo":{"@type":"ImageObject","inLanguage":"es","@id":"https:\/\/webdelmaestrocmf.com\/portal\/#\/schema\/logo\/image\/","url":"https:\/\/webdelmaestrocmf.com\/portal\/wp-content\/uploads\/2023\/01\/logo-wmcmf-2.png","contentUrl":"https:\/\/webdelmaestrocmf.com\/portal\/wp-content\/uploads\/2023\/01\/logo-wmcmf-2.png","width":200,"height":60,"caption":"Web del Maestro CMF"},"image":{"@id":"https:\/\/webdelmaestrocmf.com\/portal\/#\/schema\/logo\/image\/"},"sameAs":["https:\/\/www.facebook.com\/WebdelMaestroCMF\/","https:\/\/x.com\/cmf_w","https:\/\/www.pinterest.com\/WMCMF\/","https:\/\/www.linkedin.com\/company\/web-del-maestro-cmf\/","https:\/\/www.instagram.com\/wmcmf\/","https:\/\/www.youtube.com\/channel\/UCDPSvjbdodE5sHnC3OxutHw","https:\/\/mastodon.social\/@wmcmf","https:\/\/www.tiktok.com\/@webdelmaestrocmf"]},{"@type":"Person","@id":"https:\/\/webdelmaestrocmf.com\/portal\/#\/schema\/person\/1072a2ed7bd960df8ef99a551fa35dc5","name":"Web del Maestro CMF","image":{"@type":"ImageObject","inLanguage":"es","@id":"https:\/\/secure.gravatar.com\/avatar\/23291dd5b5ae1077dcff3dbb04c3e02bd28403fa75af6d8787d5e97c5bbbe30b?s=96&d=mm&r=g","url":"https:\/\/secure.gravatar.com\/avatar\/23291dd5b5ae1077dcff3dbb04c3e02bd28403fa75af6d8787d5e97c5bbbe30b?s=96&d=mm&r=g","contentUrl":"https:\/\/secure.gravatar.com\/avatar\/23291dd5b5ae1077dcff3dbb04c3e02bd28403fa75af6d8787d5e97c5bbbe30b?s=96&d=mm&r=g","caption":"Web del Maestro CMF"},"description":"Esta Web se cre\u00f3 sin fines de lucro, con fines educativos, cient\u00edficos y acad\u00e9micos, para personas que tengan dificultades y\/o inconvenientes en visualizar el material original. El objetivo es entregar recursos, compartir experiencias y materiales que ayuden a los padres de familia, maestros y estudiantes en su actualizaci\u00f3n y formaci\u00f3n permanente, en bien de la Educaci\u00f3n.","sameAs":["http:\/\/webdelmaestrocmf.com\/portal","https:\/\/www.facebook.com\/WebdelMaestroCMF\/","https:\/\/www.instagram.com\/wmcmf\/","https:\/\/cl.linkedin.com\/company\/web-del-maestro-cmf","https:\/\/www.pinterest.com\/WMCMF\/publicaciones\/","https:\/\/x.com\/cmf_w","https:\/\/www.youtube.com\/@WMCMF"]}]}},"jetpack_featured_media_url":"https:\/\/webdelmaestrocmf.com\/portal\/wp-content\/uploads\/2018\/12\/2-8.jpg","jetpack_sharing_enabled":true,"jetpack-related-posts":[{"id":110059,"url":"https:\/\/webdelmaestrocmf.com\/portal\/el-papa-leon-xiv-clama-por-la-paz-cada-conflicto-es-una-derrota-para-la-humanidad\/","url_meta":{"origin":34369,"position":0},"title":"El Papa Le\u00f3n XIV clama por la paz: Cada conflicto es una derrota para la humanidad","author":"Web del Maestro CMF","date":"18 junio, 2025","format":false,"excerpt":"\u201cLa guerra es siempre una derrota\u201d, dice citando al Papa Francisco. Y evocando a P\u00edo XII, afirma: \u201cNada se pierde con la paz. Todo puede perderse con la guerra\u201d.","rel":"","context":"En \u00abMundo cart\u00f3lico\u00bb","block_context":{"text":"Mundo cart\u00f3lico","link":"https:\/\/webdelmaestrocmf.com\/portal\/category\/pastoral\/"},"img":{"alt_text":"","src":"https:\/\/i0.wp.com\/webdelmaestrocmf.com\/portal\/wp-content\/uploads\/2025\/06\/1A-Banner-1-portada-imagen-10-1-copia-1-1.jpg?resize=350%2C200&ssl=1","width":350,"height":200,"srcset":"https:\/\/i0.wp.com\/webdelmaestrocmf.com\/portal\/wp-content\/uploads\/2025\/06\/1A-Banner-1-portada-imagen-10-1-copia-1-1.jpg?resize=350%2C200&ssl=1 1x, https:\/\/i0.wp.com\/webdelmaestrocmf.com\/portal\/wp-content\/uploads\/2025\/06\/1A-Banner-1-portada-imagen-10-1-copia-1-1.jpg?resize=525%2C300&ssl=1 1.5x, https:\/\/i0.wp.com\/webdelmaestrocmf.com\/portal\/wp-content\/uploads\/2025\/06\/1A-Banner-1-portada-imagen-10-1-copia-1-1.jpg?resize=700%2C400&ssl=1 2x"},"classes":[]},{"id":23056,"url":"https:\/\/webdelmaestrocmf.com\/portal\/papa-francisco-la-resignacion-no-cristiana-cristiano-se-arriesga-bien\/","url_meta":{"origin":34369,"position":1},"title":"Papa Francisco: la resignaci\u00f3n no es cristiana. un cristiano se arriesga para hacer el bien","author":"Web del Maestro CMF","date":"18 octubre, 2017","format":false,"excerpt":"Como de costumbre miles de peregrinos recibieron al Papa con entusiasmo en la plaza de San Pedro. Algunos, desde luego no pasaron desapercibidos. Durante la catequesis el Papa explic\u00f3 dos cosas: que un cristiano no puede mirar al mundo con resignaci\u00f3n y que debe estar dispuesto a arriesgarse para cambiar\u2026","rel":"","context":"En \u00abMundo cart\u00f3lico\u00bb","block_context":{"text":"Mundo cart\u00f3lico","link":"https:\/\/webdelmaestrocmf.com\/portal\/category\/pastoral\/"},"img":{"alt_text":"","src":"https:\/\/i0.wp.com\/webdelmaestrocmf.com\/portal\/wp-content\/uploads\/2017\/10\/1ss.jpg?resize=350%2C200&ssl=1","width":350,"height":200,"srcset":"https:\/\/i0.wp.com\/webdelmaestrocmf.com\/portal\/wp-content\/uploads\/2017\/10\/1ss.jpg?resize=350%2C200&ssl=1 1x, https:\/\/i0.wp.com\/webdelmaestrocmf.com\/portal\/wp-content\/uploads\/2017\/10\/1ss.jpg?resize=525%2C300&ssl=1 1.5x"},"classes":[]},{"id":40535,"url":"https:\/\/webdelmaestrocmf.com\/portal\/el-papa-francisco-celebra-el-intercambio-de-presos-entre-rusia-y-ucrania-y-reza-por-la-paz\/","url_meta":{"origin":34369,"position":2},"title":"El Papa Francisco celebra el intercambio de presos entre Rusia y Ucrania y reza por la paz","author":"Web del Maestro CMF","date":"16 septiembre, 2019","format":false,"excerpt":"Durante el rezo del \u00c1ngelus el Papa no quiso pasar por alto el acuerdo entre Rusia y Ucrania. Los dos pa\u00edses pactaron un intercambio de presos que se materializ\u00f3 el s\u00e1bado 7 de septiembre. \"Me alegro por las personas liberadas, las cuales han podido abrazar a sus seres queridos, y\u2026","rel":"","context":"En \u00abMundo cart\u00f3lico\u00bb","block_context":{"text":"Mundo cart\u00f3lico","link":"https:\/\/webdelmaestrocmf.com\/portal\/category\/pastoral\/"},"img":{"alt_text":"","src":"https:\/\/i0.wp.com\/webdelmaestrocmf.com\/portal\/wp-content\/uploads\/2019\/09\/1-50.jpg?resize=350%2C200&ssl=1","width":350,"height":200,"srcset":"https:\/\/i0.wp.com\/webdelmaestrocmf.com\/portal\/wp-content\/uploads\/2019\/09\/1-50.jpg?resize=350%2C200&ssl=1 1x, https:\/\/i0.wp.com\/webdelmaestrocmf.com\/portal\/wp-content\/uploads\/2019\/09\/1-50.jpg?resize=525%2C300&ssl=1 1.5x, https:\/\/i0.wp.com\/webdelmaestrocmf.com\/portal\/wp-content\/uploads\/2019\/09\/1-50.jpg?resize=700%2C400&ssl=1 2x, https:\/\/i0.wp.com\/webdelmaestrocmf.com\/portal\/wp-content\/uploads\/2019\/09\/1-50.jpg?resize=1050%2C600&ssl=1 3x"},"classes":[]},{"id":24904,"url":"https:\/\/webdelmaestrocmf.com\/portal\/papa-francisco-generosidad-ayudar-los-refugiados\/","url_meta":{"origin":34369,"position":3},"title":"Papa Francisco: generosidad para ayudar a los refugiados","author":"Web del Maestro CMF","date":"3 enero, 2018","format":false,"excerpt":"En el\u00a0primer \u00e1ngelus del a\u00f1o, el Papa tuvo una breve homil\u00eda en la que explic\u00f3 qu\u00e9 significa que la Virgen Mar\u00eda sea \u201cMadre de Dios\u201d. Dijo que adem\u00e1s de que dio la vida a Jes\u00fas, gracias a su fe,\u00a0Mar\u00eda fue la primera disc\u00edpula\u00a0y eso ensancha su maternidad. FRANCISCO \u201cComo madre,\u2026","rel":"","context":"En \u00abMundo cart\u00f3lico\u00bb","block_context":{"text":"Mundo cart\u00f3lico","link":"https:\/\/webdelmaestrocmf.com\/portal\/category\/pastoral\/"},"img":{"alt_text":"","src":"https:\/\/i0.wp.com\/webdelmaestrocmf.com\/portal\/wp-content\/uploads\/2018\/01\/Papa-francisco.jpg?resize=350%2C200&ssl=1","width":350,"height":200,"srcset":"https:\/\/i0.wp.com\/webdelmaestrocmf.com\/portal\/wp-content\/uploads\/2018\/01\/Papa-francisco.jpg?resize=350%2C200&ssl=1 1x, https:\/\/i0.wp.com\/webdelmaestrocmf.com\/portal\/wp-content\/uploads\/2018\/01\/Papa-francisco.jpg?resize=525%2C300&ssl=1 1.5x, https:\/\/i0.wp.com\/webdelmaestrocmf.com\/portal\/wp-content\/uploads\/2018\/01\/Papa-francisco.jpg?resize=700%2C400&ssl=1 2x"},"classes":[]},{"id":26335,"url":"https:\/\/webdelmaestrocmf.com\/portal\/papa-francisco-las-victorias-obtenidas-violencia-falsas-victorias\/","url_meta":{"origin":34369,"position":4},"title":"Papa Francisco: las victorias obtenidas con violencia son falsas victorias","author":"Web del Maestro CMF","date":"8 febrero, 2018","format":false,"excerpt":"Ante unos 20.000 fieles, el Papa Francisco\u00a0explic\u00f3 que Jes\u00fas vivi\u00f3 junto a las personas, acompa\u00f1\u00e1ndolas en sus problemas y sus dificultades. \u201cJes\u00fas no vino para traer la salvaci\u00f3n en un laboratorio. No hace una predicaci\u00f3n de laboratorio, separado de la gente. \u00a1Est\u00e1 en medio de la gente, en medio del\u2026","rel":"","context":"En \u00abMundo cart\u00f3lico\u00bb","block_context":{"text":"Mundo cart\u00f3lico","link":"https:\/\/webdelmaestrocmf.com\/portal\/category\/pastoral\/"},"img":{"alt_text":"","src":"https:\/\/i0.wp.com\/webdelmaestrocmf.com\/portal\/wp-content\/uploads\/2018\/02\/21GumucioEs2-master1050.jpg?resize=350%2C200&ssl=1","width":350,"height":200,"srcset":"https:\/\/i0.wp.com\/webdelmaestrocmf.com\/portal\/wp-content\/uploads\/2018\/02\/21GumucioEs2-master1050.jpg?resize=350%2C200&ssl=1 1x, https:\/\/i0.wp.com\/webdelmaestrocmf.com\/portal\/wp-content\/uploads\/2018\/02\/21GumucioEs2-master1050.jpg?resize=525%2C300&ssl=1 1.5x, https:\/\/i0.wp.com\/webdelmaestrocmf.com\/portal\/wp-content\/uploads\/2018\/02\/21GumucioEs2-master1050.jpg?resize=700%2C400&ssl=1 2x, https:\/\/i0.wp.com\/webdelmaestrocmf.com\/portal\/wp-content\/uploads\/2018\/02\/21GumucioEs2-master1050.jpg?resize=1050%2C600&ssl=1 3x"},"classes":[]},{"id":110903,"url":"https:\/\/webdelmaestrocmf.com\/portal\/leon-xiv-midamos-el-lenguaje-porque-tambien-se-puede-herir-y-matar-con-las-palabras-no-solo-con-las-armas\/","url_meta":{"origin":34369,"position":5},"title":"Le\u00f3n XIV: Midamos el lenguaje, porque tambi\u00e9n se puede herir y matar con las palabras, no s\u00f3lo con las armas","author":"Web del Maestro CMF","date":"5 julio, 2025","format":false,"excerpt":"El nuevo Papa pidi\u00f3 remediar las desigualdades globales, fortalecer la familia y promover la paz con justicia y verdad","rel":"","context":"En \u00abMundo cart\u00f3lico\u00bb","block_context":{"text":"Mundo cart\u00f3lico","link":"https:\/\/webdelmaestrocmf.com\/portal\/category\/pastoral\/"},"img":{"alt_text":"","src":"https:\/\/i0.wp.com\/webdelmaestrocmf.com\/portal\/wp-content\/uploads\/2025\/07\/1A-Banner-1-portada-imagen-10-1-copia-29.webp?resize=350%2C200&ssl=1","width":350,"height":200,"srcset":"https:\/\/i0.wp.com\/webdelmaestrocmf.com\/portal\/wp-content\/uploads\/2025\/07\/1A-Banner-1-portada-imagen-10-1-copia-29.webp?resize=350%2C200&ssl=1 1x, https:\/\/i0.wp.com\/webdelmaestrocmf.com\/portal\/wp-content\/uploads\/2025\/07\/1A-Banner-1-portada-imagen-10-1-copia-29.webp?resize=525%2C300&ssl=1 1.5x, https:\/\/i0.wp.com\/webdelmaestrocmf.com\/portal\/wp-content\/uploads\/2025\/07\/1A-Banner-1-portada-imagen-10-1-copia-29.webp?resize=700%2C400&ssl=1 2x"},"classes":[]}],"_links":{"self":[{"href":"https:\/\/webdelmaestrocmf.com\/portal\/wp-json\/wp\/v2\/posts\/34369","targetHints":{"allow":["GET"]}}],"collection":[{"href":"https:\/\/webdelmaestrocmf.com\/portal\/wp-json\/wp\/v2\/posts"}],"about":[{"href":"https:\/\/webdelmaestrocmf.com\/portal\/wp-json\/wp\/v2\/types\/post"}],"author":[{"embeddable":true,"href":"https:\/\/webdelmaestrocmf.com\/portal\/wp-json\/wp\/v2\/users\/1"}],"replies":[{"embeddable":true,"href":"https:\/\/webdelmaestrocmf.com\/portal\/wp-json\/wp\/v2\/comments?post=34369"}],"version-history":[{"count":0,"href":"https:\/\/webdelmaestrocmf.com\/portal\/wp-json\/wp\/v2\/posts\/34369\/revisions"}],"wp:featuredmedia":[{"embeddable":true,"href":"https:\/\/webdelmaestrocmf.com\/portal\/wp-json\/wp\/v2\/media\/34373"}],"wp:attachment":[{"href":"https:\/\/webdelmaestrocmf.com\/portal\/wp-json\/wp\/v2\/media?parent=34369"}],"wp:term":[{"taxonomy":"category","embeddable":true,"href":"https:\/\/webdelmaestrocmf.com\/portal\/wp-json\/wp\/v2\/categories?post=34369"},{"taxonomy":"post_tag","embeddable":true,"href":"https:\/\/webdelmaestrocmf.com\/portal\/wp-json\/wp\/v2\/tags?post=34369"}],"curies":[{"name":"wp","href":"https:\/\/api.w.org\/{rel}","templated":true}]}}