{"id":34020,"date":"2021-12-21T22:32:04","date_gmt":"2021-12-22T01:32:04","guid":{"rendered":"http:\/\/webdelmaestrocmf.com\/portal\/?p=34020"},"modified":"2023-08-10T12:07:25","modified_gmt":"2023-08-10T16:07:25","slug":"educados-con-el-metodo-montessori-garcia-marquez-jeff-bezos-sergey-brin-y-larry-page","status":"publish","type":"post","link":"https:\/\/webdelmaestrocmf.com\/portal\/educados-con-el-metodo-montessori-garcia-marquez-jeff-bezos-sergey-brin-y-larry-page\/","title":{"rendered":"Garc\u00eda M\u00e1rquez, Jeff Bezos, Sergey Brin y Larry Page, fueron educados con el \u00abM\u00e9todo Montessori\u00bb"},"content":{"rendered":"<p style=\"text-align: justify;\"><strong>La educadora italiana Mar\u00eda Montessori (1870 \u2013 1952), cuyo nombre completo fue Maria Tecla Artemisia Montessori, fue tambi\u00e9n pedagoga, cient\u00edfica, m\u00e9dica, psiquiatra, fil\u00f3sofa, antrop\u00f3loga, bi\u00f3loga, psic\u00f3loga, feminista y humanista, \u201ccre\u00eda que el entorno del aprendizaje del ni\u00f1o deb\u00eda adaptarse a su nivel de desarrollo y no al rev\u00e9s. Para ello era vital la observaci\u00f3n del profesor sobre la actividad del ni\u00f1o, lo que promueve la colaboraci\u00f3n entre el adulto y el menor\u201d.<\/strong><\/p>\n<p><!--more--><\/p>\n<p style=\"text-align: justify;\">Seg\u00fan \u201cFrontiers in Psychology\u201d, \u201cla educaci\u00f3n Montessori bien implementada <strong>puede ser una forma poderosa de ayudar a los ni\u00f1os desfavorecidos<\/strong>, tanto por su condici\u00f3n econ\u00f3mica como por una funci\u00f3n ejecutiva m\u00e1s baja en su aprendizaje, a alcanzar su potencial acad\u00e9mico. Se hall\u00f3 que estos resultados se deben a que los ni\u00f1os en las aulas Montessori pueden moverse libremente, elegir entre diversas actividades educativas que quieran realizar y no recibir calificaciones o recompensas por su desempe\u00f1o\u201d. <a href=\"https:\/\/rpp.pe\/campanas\/contenido-patrocinado\/el-metodo-montessori-el-modelo-educativo-bajo-el-que-se-educaron-los-creadores-de-google-noticia-1086368\" target=\"_blank\" rel=\"noopener noreferrer\"><strong>EL M\u00c9TODO MONTESSORI: EL MODELO EDUCATIVO BAJO EL QUE SE EDUCARON LOS CREADORES DE GOOGLE.<\/strong><\/a><\/p>\n<p style=\"text-align: justify;\">BBC News Mundo publica un art\u00edculo de Anal\u00eda Llorente, sobre el M\u00e9todo Montessori y la coincidencia de algunos hombres exitosos que pasaron por el modelo Montessori en su primera educaci\u00f3n. Nosotros compartimos parte de este art\u00edculo por motivos \u00fanicamente educativos, recomendando leer el contenido completo en el enlace que indicamos al final de esta publicaci\u00f3n.<\/p>\n<h4 style=\"text-align: justify;\">EL M\u00c9TODO MONTESSORI<\/h4>\n<p style=\"text-align: justify;\">Es un modelo educativo que \u201cpone \u00e9nfasis en un ambiente de colaboraci\u00f3n en donde no existen las calificaciones o los ex\u00e1menes. Adem\u00e1s, los salones de clases est\u00e1n formados por estudiantes de edades variadas que oscilan sobre todo entre los 2 a\u00f1os y medio hasta los 7 (aunque existen programas hasta los 18 a\u00f1os), en donde el aprendizaje y descubrimiento es individual de cada alumno y sucede durante largos per\u00edodos de tiempo\u201d.<\/p>\n<blockquote><p><em>La vida social debe fundarse en la educaci\u00f3n social. Mar\u00eda Montessori.<\/em><\/p><\/blockquote>\n<p style=\"text-align: justify;\">La Asociaci\u00f3n Internacional Montessori (AMI), indica en su Web que su \u201cprincipal preocupaci\u00f3n debe ser <strong>educar a la humanidad, los seres humanos de todas las naciones<\/strong>, a fin de guiarla hacia la b\u00fasqueda de objetivos comunes\u00bb, \u00abLo que destaca la educaci\u00f3n Montessori es el desarrollo individual de las personas. <strong>No crea un sistema centrado en el maestro<\/strong> sino en el desarrollo de las necesidades del individuo. Y no es solo acad\u00e9mico sino tambi\u00e9n f\u00edsico, social y emocional\u201d [&#8230;] Aparte del aspecto acad\u00e9mico, tambi\u00e9n ense\u00f1a habilidades para emprender. \u201cEs lo que se denomina habilidades de funci\u00f3n ejecutiva, que es <strong>prestar atenci\u00f3n, organizar, planificar, iniciar tareas y hacer foco en ellas, controlar las emociones y la auto observaci\u00f3n<\/strong>\u00ab, \u00abY es por esto que los graduados de Montessori se convierten en grandes l\u00edderes: porque todas las funciones ejecutivas para ser exitosos las aprendieron en preescolar y primaria\u00bb, sostiene Scott Akridge, propietario de la Academia Riverstone Montessori en Georgia, (USA).<\/p>\n<p style=\"text-align: justify;\">La corriente Montessori \u201cdefiende una educaci\u00f3n flexible en la que los ni\u00f1os absorban las informaciones que necesitan como si se tratase de esponjas, aprendiendo a hablar, leer y escribir de manera espont\u00e1nea. Es decir, que propone facilitar, desde el principio, un espacio de libertad donde se fomente el deseo natural de aprender y la capacidad de adaptaci\u00f3n al medio\u201d. \u00abEl ni\u00f1o marca el ritmo de su aprendizaje, y no su edad ni sus notas\u00bb. Todas las actividades est\u00e1n orientadas para que los estudiantes \u201cdesarrollen las aptitudes de liderazgo, toma de decisiones y capacidad de trabajo, requisitos extremadamente necesarios dentro de las sociedades modernas\u00bb (\u00c1ngeles Pedrero, Presidenta de la Asociaci\u00f3n Montessori en M\u00e1laga, Espa\u00f1a). <a href=\"https:\/\/www.elmundo.es\/yodona\/2016\/01\/08\/568e4fe7268e3ed1488b457a.html\" target=\"_blank\" rel=\"noopener noreferrer\"><strong>POR QU\u00c9 EL PR\u00cdNCIPE GEORGE APRENDE CON EL M\u00c9TODO MONTESSORI.<\/strong><\/a><\/p>\n<h4 style=\"text-align: left;\">ESTUDIARON CON EL M\u00c9TODO MONTESSORI UN PREMIO NOBEL DE LITERATURA Y LOS CREADORES DE AMAZON Y GOOGLE<\/h4>\n<p style=\"text-align: justify;\">Gabriel Garc\u00eda M\u00e1rquez (1927 \u2013 2014) PREMIO NOBEL DE LITERATURA 1982, estudi\u00f3 con el m\u00e9todo Montessori, seg\u00fan lo narra en su obra autobiogr\u00e1fica \u00abVivir para contarla\u00bb: \u00abNo creo que haya m\u00e9todo mejor que el Montessoriano para sensibilizar a los ni\u00f1os en las bellezas del mundo y para despertarles la curiosidad por los secretos de la vida\u00bb-<\/p>\n<p><img loading=\"lazy\" decoding=\"async\" class=\"alignnone wp-image-34026 size-full\" src=\"http:\/\/webdelmaestrocmf.com\/portal\/wp-content\/uploads\/2018\/12\/1-46.jpg\" alt=\"Montessori\" width=\"1798\" height=\"890\" srcset=\"https:\/\/webdelmaestrocmf.com\/portal\/wp-content\/uploads\/2018\/12\/1-46.jpg 1798w, https:\/\/webdelmaestrocmf.com\/portal\/wp-content\/uploads\/2018\/12\/1-46-300x148.jpg 300w, https:\/\/webdelmaestrocmf.com\/portal\/wp-content\/uploads\/2018\/12\/1-46-768x380.jpg 768w, https:\/\/webdelmaestrocmf.com\/portal\/wp-content\/uploads\/2018\/12\/1-46-1024x507.jpg 1024w\" sizes=\"auto, (max-width: 1798px) 100vw, 1798px\" \/><\/p>\n<p style=\"text-align: justify;\">Jeffrey Preston Bezos (1964), empresario estadounidense, fundador y director ejecutivo de AMAZON, \u201casisti\u00f3 a una escuela Montessori en Albuquerque, (USA), durante aproximadamente un a\u00f1o y medio. asisti\u00f3 a una escuela Montessori en Albuquerque, Estados Unidos, durante aproximadamente un a\u00f1o y medio. \u00abQu\u00e9 buen programa fue\u00bb, declar\u00f3, para luego afirmar que \u00abIntuitivamente creo que fue una experiencia muy formadora haber ido a esas clases, en ese ambiente y haber sido estimulado desde muy temprana edad\u00bb.<\/p>\n<p style=\"text-align: justify;\">Los fundadores de GOOGLE, Sergey Brin (1973), cient\u00edfico de la computaci\u00f3n y empresario de Internet estadounidense de origen ruso y Larry Page (1973), graduado en Ingenier\u00eda de Computadores y Doctor en Ciencias de la computaci\u00f3n por la Universidad de Stanford en la Universidad Estatal de M\u00edchigan (USA),\u00a0 tambi\u00e9n resaltaron en el pasado la importancia de la educaci\u00f3n primaria que recibieron para alcanzar sus logros: \u00abLos dos fuimos a la escuela Montessori y creo que parte del entrenamiento de no seguir \u00f3rdenes y reglas nos motiv\u00f3 a pensar qu\u00e9 estaba pasando en el mundo y pensar las cosas diferentes\u00bb, dijo Larry Page en una entrevista a la cadena estadounidense ABC en 2004.<\/p>\n<p style=\"text-align: justify;\">El art\u00edculo tambi\u00e9n menciona que fueron educados con el m\u00e9todo Montessori Jimmy Wales (1963), uno de los creadores de WIKIPEDIA, Will Wright (1960), dise\u00f1ador de videojuegos y creador del conocido SimCity, y la estrella de la m\u00fasica y referente feminista Beyonc\u00e9 (1981).<\/p>\n<blockquote><p><em>No basta con ense\u00f1ar a los hombres una especialidad. Con ello se convierten en algo as\u00ed como m\u00e1quinas utilizables pero no se les edifica. Mar\u00eda Montessori.<\/em><\/p><\/blockquote>\n<h4 style=\"text-align: justify;\">NO TODOS LOS COMENTARIOS SON POSITIVOS<\/h4>\n<p style=\"text-align: justify;\">\u201cAlgunos cr\u00edticos creen que el <strong>ambiente en el aula es demasiado libre<\/strong>, cuestionan las prioridades de ense\u00f1anza de Montessori o el hecho de que los ni\u00f1os normalmente <strong>no lleven tarea a la casa<\/strong>.<\/p>\n<p style=\"text-align: justify;\">Tambi\u00e9n est\u00e1n los que critican que los alumnos tengan libertad para elegir lo que estudian, porque creen que eso provoca que algunos no dominar\u00e1n en el futuro ciertas \u00e1reas importantes.<\/p>\n<p style=\"text-align: justify;\">Como tampoco existen ex\u00e1menes formales, hay quienes temen que la falta de estructura deje al ni\u00f1o en desventaja a la hora de hacer la transici\u00f3n entre la escuela Montessori y una tradicional, seg\u00fan un art\u00edculo de la Universidad Concordia en Oreg\u00f3n, USA.<\/p>\n<p style=\"text-align: justify;\">Lo cierto es que en un estudio de 2017 publicado en la revista Frontiers in Psychology, investigadores evaluaron al inicio de la escuela preescolar en Estados Unidos a unos 70 alumnos de Montessori y a 70 de una escuela tradicional.<\/p>\n<p style=\"text-align: justify;\">Todos ellos comenzaron sus estudios con puntajes similares.<\/p>\n<p style=\"text-align: justify;\">En los siguientes tres a\u00f1os, los 70 ni\u00f1os de Montessori tuvieron mejores resultados en los ex\u00e1menes de matem\u00e1ticas y alfabetizaci\u00f3n. Al final del preescolar, los alumnos de Montessori tuvieron un rendimiento significativamente mayor en esas \u00e1reas.<\/p>\n<p style=\"text-align: justify;\">Sin embargo, en la resoluci\u00f3n de problemas grupales, la funci\u00f3n ejecutiva y la creatividad no hubo diferencias significativas en ambos grupos.<\/p>\n<p style=\"text-align: justify;\">Sin embargo, otro estudio de 2017 publicado en la revista Nature destac\u00f3 que no hay evidencia de que los resultados en alumnos de Montessori indiquen un mayor \u00e9xito.<\/p>\n<p style=\"text-align: justify;\">La investigaci\u00f3n, del Departamento de Psicolog\u00eda y Desarrollo Humano del University College de Londres, Reino Unido, analiz\u00f3 las investigaciones hechas sobre el sistema educativo y resalt\u00f3 que \u00abno hay elementos individuales del m\u00e9todo Montessori que podr\u00edan explicar alguno de los efectos positivos que dicen encontrarse\u00bb en los alumnos.<\/p>\n<p style=\"text-align: justify;\">Lo que est\u00e1 claro es que medir el \u00e9xito es muy dif\u00edcil. Y atribuirlo a la educaci\u00f3n temprana, como la de varios millonarios exitosos, tambi\u00e9n lo es.<\/p>\n<p style=\"text-align: justify;\"><strong>\u00abLa historia detr\u00e1s del \u00e9xito de las personas de negocios es de ellos. Si ellos se lo atribuyen a su educaci\u00f3n en Montessori, tambi\u00e9n es su decisi\u00f3n\u00bb,<\/strong> aseguraron a BBC Mundo desde la Asociaci\u00f3n Internacional Montessori.<\/p>\n<p style=\"text-align: justify;\">\u00abTodos son personas de negocios inspirados en la tecnolog\u00eda y, en ese sentido, sus mentes son, por supuesto, curiosas, inquisitivas e impulsadas por el deseo de descubrir\u00bb, concluyeron\u201d.<\/p>\n<p style=\"text-align: justify;\">Les sugerimos leer el art\u00edculo completo en: <a href=\"https:\/\/www.bbc.com\/mundo\/noticias-46478286\" target=\"_blank\" rel=\"noopener noreferrer\"><strong>M\u00c9TODO MONTESSORI: C\u00d3MO ES LA EDUCACI\u00d3N QUE RECIBIERON LOS CREADORES DE AMAZON, GOOGLE Y WIKIPEDIA <\/strong><\/a><\/p>\n<blockquote>\n<p style=\"text-align: left;\"><em>La paz comienza con una sonrisa. Mar\u00eda Montessori\u00a0<\/em><\/p>\n<\/blockquote>\n<p style=\"text-align: right;\"><strong>REDACCI\u00d3N WEB DEL MAESTRO CMF<\/strong><\/p>\n\t\t<div class=\"pk-inline-posts\">\n\t\t\t\n\t\t\t<div class=\"pk-inline-posts-container pk-inline-posts-template-list\"\n\t\t\t\tdata-columns=\"1\">\n\t\t\t\t\t\t<article id=\"post-118333\" class=\"post-118333 post type-post status-publish format-standard has-post-thumbnail category-jamb tag-apego tag-crianza tag-docentes tag-educacion tag-escuela tag-familia tag-infancia tag-responsabilidad tag-vinculo cs-entry cs-video-wrap\">\n\t\t\t<div class=\"pk-post-outer\">\n\n\t\t\t\t\t\t\t\t<div class=\"pk-post-inner\">\n\t\t\t\t\t<div class=\"entry-thumbnail\">\n\t\t\t\t\t\t<div class=\"pk-overlay pk-overlay-ratio pk-ratio-landscape\">\n\t\t\t\t\t\t\t<div class=\"pk-overlay-background\">\n\t\t\t\t\t\t\t\t<a href=\"https:\/\/webdelmaestrocmf.com\/portal\/el-sistema-nos-rompe-a-todos-y-a-los-ninos-primero\/\" class=\"pk-overlay-link\">\n\t\t\t\t\t\t\t\t\t<img loading=\"lazy\" decoding=\"async\" width=\"300\" height=\"225\" src=\"https:\/\/webdelmaestrocmf.com\/portal\/wp-content\/uploads\/2026\/04\/1AA-Banner-1-portada-imagen-10-1-copia-2-300x225.jpg\" class=\"attachment-pk-thumbnail size-pk-thumbnail wp-post-image\" alt=\"\" \/>\t\t\t\t\t\t\t\t<\/a>\n\t\t\t\t\t\t\t<\/div>\n\t\t\t\t\t\t<\/div>\n\t\t\t\t\t<\/div>\n\t\t\t\t<\/div>\n\t\t\t\t\n\t\t\t\t<div class=\"pk-post-inner\">\n\t\t\t\t\t<header>\n\t\t\t\t\t\t<h3 class=\"pk-title\"><a href=\"https:\/\/webdelmaestrocmf.com\/portal\/el-sistema-nos-rompe-a-todos-y-a-los-ninos-primero\/\" rel=\"bookmark\">El sistema nos rompe a todos\u2026 y a los ni\u00f1os primero<\/a><\/h3>\t\t\t\t\t<\/header><!-- .entry-header -->\n\t\t\t\t<\/div><!-- .post-inner -->\n\n\t\t\t<\/div><!-- .post-outer -->\n\t\t<\/article>\n\t\t\t\t<\/div>\n\t\t<\/div>\n\t\t\n","protected":false},"excerpt":{"rendered":"La educadora italiana Mar\u00eda Montessori (1870 \u2013 1952), cuyo nombre completo fue Maria Tecla Artemisia Montessori, fue tambi\u00e9n&hellip;","protected":false},"author":2,"featured_media":79992,"comment_status":"open","ping_status":"closed","sticky":false,"template":"","format":"standard","meta":{"csco_display_header_overlay":false,"csco_singular_sidebar":"default","csco_page_header_type":"default","csco_page_load_nextpost":"default","csco_post_video_location":[],"csco_post_video_location_hash":"","csco_post_video_url":"","csco_post_video_bg_start_time":0,"csco_post_video_bg_end_time":0,"csco_post_video_bg_volume":false,"_jetpack_memberships_contains_paid_content":false,"footnotes":""},"categories":[61],"tags":[4023,1976,788,4021,4022,1669,4025,4024],"class_list":{"0":"post-34020","1":"post","2":"type-post","3":"status-publish","4":"format-standard","5":"has-post-thumbnail","7":"category-jamb","8":"tag-amazon","9":"tag-gabriel-garcia-marquez","10":"tag-google","11":"tag-jeff-bezos-sergey-brin","12":"tag-larry-page","13":"tag-montessori","14":"tag-simcity","15":"tag-wikipedia","16":"cs-entry","17":"cs-video-wrap"},"yoast_head":"<!-- This site is optimized with the Yoast SEO plugin v27.5 - https:\/\/yoast.com\/product\/yoast-seo-wordpress\/ -->\n<title>Garc\u00eda M\u00e1rquez, Jeff Bezos, Sergey Brin y Larry Page, fueron educados con el &quot;M\u00e9todo Montessori&quot; - 2026<\/title>\n<meta name=\"description\" content=\"La educadora italiana Mar\u00eda Montessori (1870 \u2013 1952), cuyo nombre completo fue Maria Tecla Artemisia Montessori...\" \/>\n<meta name=\"robots\" content=\"index, follow, max-snippet:-1, max-image-preview:large, max-video-preview:-1\" \/>\n<link rel=\"canonical\" href=\"https:\/\/webdelmaestrocmf.com\/portal\/educados-con-el-metodo-montessori-garcia-marquez-jeff-bezos-sergey-brin-y-larry-page\/\" \/>\n<meta property=\"og:locale\" content=\"es_ES\" \/>\n<meta property=\"og:type\" content=\"article\" \/>\n<meta property=\"og:title\" content=\"Garc\u00eda M\u00e1rquez, Jeff Bezos, Sergey Brin y Larry Page, fueron educados con el &quot;M\u00e9todo Montessori&quot; - 2026\" \/>\n<meta property=\"og:description\" content=\"La educadora italiana Mar\u00eda Montessori (1870 \u2013 1952), cuyo nombre completo fue Maria Tecla Artemisia Montessori...\" \/>\n<meta property=\"og:url\" content=\"https:\/\/webdelmaestrocmf.com\/portal\/educados-con-el-metodo-montessori-garcia-marquez-jeff-bezos-sergey-brin-y-larry-page\/\" \/>\n<meta property=\"og:site_name\" content=\"Web del Maestro CMF\" \/>\n<meta property=\"article:publisher\" content=\"https:\/\/www.facebook.com\/WebdelMaestroCMF\/\" \/>\n<meta property=\"article:author\" content=\"https:\/\/www.facebook.com\/WebdelMaestroCMF\/\" \/>\n<meta property=\"article:published_time\" content=\"2021-12-22T01:32:04+00:00\" \/>\n<meta property=\"article:modified_time\" content=\"2023-08-10T16:07:25+00:00\" \/>\n<meta property=\"og:image\" content=\"https:\/\/i0.wp.com\/webdelmaestrocmf.com\/portal\/wp-content\/uploads\/2018\/12\/1-3.jpg?fit=900%2C556&ssl=1\" \/>\n\t<meta property=\"og:image:width\" content=\"900\" \/>\n\t<meta property=\"og:image:height\" content=\"556\" \/>\n\t<meta property=\"og:image:type\" content=\"image\/jpeg\" \/>\n<meta name=\"author\" content=\"Web del Maestro CMF\" \/>\n<meta name=\"twitter:card\" content=\"summary_large_image\" \/>\n<meta name=\"twitter:creator\" content=\"@cmf_w\" \/>\n<meta name=\"twitter:site\" content=\"@cmf_w\" \/>\n<script type=\"application\/ld+json\" class=\"yoast-schema-graph\">{\"@context\":\"https:\\\/\\\/schema.org\",\"@graph\":[{\"@type\":\"ScholarlyArticle\",\"@id\":\"https:\\\/\\\/webdelmaestrocmf.com\\\/portal\\\/educados-con-el-metodo-montessori-garcia-marquez-jeff-bezos-sergey-brin-y-larry-page\\\/#article\",\"isPartOf\":{\"@id\":\"https:\\\/\\\/webdelmaestrocmf.com\\\/portal\\\/educados-con-el-metodo-montessori-garcia-marquez-jeff-bezos-sergey-brin-y-larry-page\\\/\"},\"author\":{\"name\":\"Web del Maestro CMF\",\"@id\":\"https:\\\/\\\/webdelmaestrocmf.com\\\/portal\\\/#\\\/schema\\\/person\\\/ebc57e23d318c9c4270c6f41367015b5\"},\"headline\":\"Garc\u00eda M\u00e1rquez, Jeff Bezos, Sergey Brin y Larry Page, fueron educados con el \u00abM\u00e9todo Montessori\u00bb\",\"datePublished\":\"2021-12-22T01:32:04+00:00\",\"dateModified\":\"2023-08-10T16:07:25+00:00\",\"mainEntityOfPage\":{\"@id\":\"https:\\\/\\\/webdelmaestrocmf.com\\\/portal\\\/educados-con-el-metodo-montessori-garcia-marquez-jeff-bezos-sergey-brin-y-larry-page\\\/\"},\"wordCount\":1453,\"commentCount\":0,\"publisher\":{\"@id\":\"https:\\\/\\\/webdelmaestrocmf.com\\\/portal\\\/#organization\"},\"image\":{\"@id\":\"https:\\\/\\\/webdelmaestrocmf.com\\\/portal\\\/educados-con-el-metodo-montessori-garcia-marquez-jeff-bezos-sergey-brin-y-larry-page\\\/#primaryimage\"},\"thumbnailUrl\":\"https:\\\/\\\/webdelmaestrocmf.com\\\/portal\\\/wp-content\\\/uploads\\\/2018\\\/12\\\/1-3.jpg\",\"keywords\":[\"AMAZON\",\"GABRIEL GARC\u00cdA M\u00c1RQUEZ\",\"Google\",\"JEFF BEZOS\\\/ SERGEY BRIN\",\"LARRY PAGE\",\"MONTESSORI\",\"SIMCITY\",\"WIKIPEDIA\"],\"articleSection\":[\"Yo opino - WMCMF\"],\"inLanguage\":\"es\",\"potentialAction\":[{\"@type\":\"CommentAction\",\"name\":\"Comment\",\"target\":[\"https:\\\/\\\/webdelmaestrocmf.com\\\/portal\\\/educados-con-el-metodo-montessori-garcia-marquez-jeff-bezos-sergey-brin-y-larry-page\\\/#respond\"]}]},{\"@type\":\"WebPage\",\"@id\":\"https:\\\/\\\/webdelmaestrocmf.com\\\/portal\\\/educados-con-el-metodo-montessori-garcia-marquez-jeff-bezos-sergey-brin-y-larry-page\\\/\",\"url\":\"https:\\\/\\\/webdelmaestrocmf.com\\\/portal\\\/educados-con-el-metodo-montessori-garcia-marquez-jeff-bezos-sergey-brin-y-larry-page\\\/\",\"name\":\"Garc\u00eda M\u00e1rquez, Jeff Bezos, Sergey Brin y Larry Page, fueron educados con el \\\"M\u00e9todo Montessori\\\" - 2026\",\"isPartOf\":{\"@id\":\"https:\\\/\\\/webdelmaestrocmf.com\\\/portal\\\/#website\"},\"primaryImageOfPage\":{\"@id\":\"https:\\\/\\\/webdelmaestrocmf.com\\\/portal\\\/educados-con-el-metodo-montessori-garcia-marquez-jeff-bezos-sergey-brin-y-larry-page\\\/#primaryimage\"},\"image\":{\"@id\":\"https:\\\/\\\/webdelmaestrocmf.com\\\/portal\\\/educados-con-el-metodo-montessori-garcia-marquez-jeff-bezos-sergey-brin-y-larry-page\\\/#primaryimage\"},\"thumbnailUrl\":\"https:\\\/\\\/webdelmaestrocmf.com\\\/portal\\\/wp-content\\\/uploads\\\/2018\\\/12\\\/1-3.jpg\",\"datePublished\":\"2021-12-22T01:32:04+00:00\",\"dateModified\":\"2023-08-10T16:07:25+00:00\",\"description\":\"La educadora italiana Mar\u00eda Montessori (1870 \u2013 1952), cuyo nombre completo fue Maria Tecla Artemisia Montessori...\",\"breadcrumb\":{\"@id\":\"https:\\\/\\\/webdelmaestrocmf.com\\\/portal\\\/educados-con-el-metodo-montessori-garcia-marquez-jeff-bezos-sergey-brin-y-larry-page\\\/#breadcrumb\"},\"inLanguage\":\"es\",\"potentialAction\":[{\"@type\":\"ReadAction\",\"target\":[\"https:\\\/\\\/webdelmaestrocmf.com\\\/portal\\\/educados-con-el-metodo-montessori-garcia-marquez-jeff-bezos-sergey-brin-y-larry-page\\\/\"]}]},{\"@type\":\"ImageObject\",\"inLanguage\":\"es\",\"@id\":\"https:\\\/\\\/webdelmaestrocmf.com\\\/portal\\\/educados-con-el-metodo-montessori-garcia-marquez-jeff-bezos-sergey-brin-y-larry-page\\\/#primaryimage\",\"url\":\"https:\\\/\\\/webdelmaestrocmf.com\\\/portal\\\/wp-content\\\/uploads\\\/2018\\\/12\\\/1-3.jpg\",\"contentUrl\":\"https:\\\/\\\/webdelmaestrocmf.com\\\/portal\\\/wp-content\\\/uploads\\\/2018\\\/12\\\/1-3.jpg\",\"width\":900,\"height\":556,\"caption\":\"Montessori\"},{\"@type\":\"BreadcrumbList\",\"@id\":\"https:\\\/\\\/webdelmaestrocmf.com\\\/portal\\\/educados-con-el-metodo-montessori-garcia-marquez-jeff-bezos-sergey-brin-y-larry-page\\\/#breadcrumb\",\"itemListElement\":[{\"@type\":\"ListItem\",\"position\":1,\"name\":\"Portada\",\"item\":\"https:\\\/\\\/webdelmaestrocmf.com\\\/portal\\\/\"},{\"@type\":\"ListItem\",\"position\":2,\"name\":\"Yo opino - WMCMF\",\"item\":\"https:\\\/\\\/webdelmaestrocmf.com\\\/portal\\\/category\\\/jamb\\\/\"},{\"@type\":\"ListItem\",\"position\":3,\"name\":\"Garc\u00eda M\u00e1rquez, Jeff Bezos, Sergey Brin y Larry Page, fueron educados con el &#8220;M\u00e9todo Montessori&#8221;\"}]},{\"@type\":\"WebSite\",\"@id\":\"https:\\\/\\\/webdelmaestrocmf.com\\\/portal\\\/#website\",\"url\":\"https:\\\/\\\/webdelmaestrocmf.com\\\/portal\\\/\",\"name\":\"Web del Maestro CMF\",\"description\":\"Maestros al servicio de la educaci\u00f3n\",\"publisher\":{\"@id\":\"https:\\\/\\\/webdelmaestrocmf.com\\\/portal\\\/#organization\"},\"alternateName\":\"WMCMF\",\"potentialAction\":[{\"@type\":\"SearchAction\",\"target\":{\"@type\":\"EntryPoint\",\"urlTemplate\":\"https:\\\/\\\/webdelmaestrocmf.com\\\/portal\\\/?s={search_term_string}\"},\"query-input\":{\"@type\":\"PropertyValueSpecification\",\"valueRequired\":true,\"valueName\":\"search_term_string\"}}],\"inLanguage\":\"es\"},{\"@type\":\"Organization\",\"@id\":\"https:\\\/\\\/webdelmaestrocmf.com\\\/portal\\\/#organization\",\"name\":\"Web del Maestro CMF\",\"alternateName\":\"WMCMF\",\"url\":\"https:\\\/\\\/webdelmaestrocmf.com\\\/portal\\\/\",\"logo\":{\"@type\":\"ImageObject\",\"inLanguage\":\"es\",\"@id\":\"https:\\\/\\\/webdelmaestrocmf.com\\\/portal\\\/#\\\/schema\\\/logo\\\/image\\\/\",\"url\":\"https:\\\/\\\/webdelmaestrocmf.com\\\/portal\\\/wp-content\\\/uploads\\\/2023\\\/01\\\/logo-wmcmf-2.png\",\"contentUrl\":\"https:\\\/\\\/webdelmaestrocmf.com\\\/portal\\\/wp-content\\\/uploads\\\/2023\\\/01\\\/logo-wmcmf-2.png\",\"width\":200,\"height\":60,\"caption\":\"Web del Maestro CMF\"},\"image\":{\"@id\":\"https:\\\/\\\/webdelmaestrocmf.com\\\/portal\\\/#\\\/schema\\\/logo\\\/image\\\/\"},\"sameAs\":[\"https:\\\/\\\/www.facebook.com\\\/WebdelMaestroCMF\\\/\",\"https:\\\/\\\/x.com\\\/cmf_w\",\"https:\\\/\\\/www.pinterest.com\\\/WMCMF\\\/\",\"https:\\\/\\\/www.linkedin.com\\\/company\\\/web-del-maestro-cmf\\\/\",\"https:\\\/\\\/www.instagram.com\\\/wmcmf\\\/\",\"https:\\\/\\\/www.youtube.com\\\/channel\\\/UCDPSvjbdodE5sHnC3OxutHw\",\"https:\\\/\\\/mastodon.social\\\/@wmcmf\",\"https:\\\/\\\/www.tiktok.com\\\/@webdelmaestrocmf\"]},{\"@type\":\"Person\",\"@id\":\"https:\\\/\\\/webdelmaestrocmf.com\\\/portal\\\/#\\\/schema\\\/person\\\/ebc57e23d318c9c4270c6f41367015b5\",\"name\":\"Web del Maestro CMF\",\"image\":{\"@type\":\"ImageObject\",\"inLanguage\":\"es\",\"@id\":\"https:\\\/\\\/secure.gravatar.com\\\/avatar\\\/718b2df46e711f63dc8c16a160d16cc0104e961fe3c231eaaed2426975fc5e2d?s=96&d=mm&r=g\",\"url\":\"https:\\\/\\\/secure.gravatar.com\\\/avatar\\\/718b2df46e711f63dc8c16a160d16cc0104e961fe3c231eaaed2426975fc5e2d?s=96&d=mm&r=g\",\"contentUrl\":\"https:\\\/\\\/secure.gravatar.com\\\/avatar\\\/718b2df46e711f63dc8c16a160d16cc0104e961fe3c231eaaed2426975fc5e2d?s=96&d=mm&r=g\",\"caption\":\"Web del Maestro CMF\"},\"description\":\"Esta Web se cre\u00f3 sin fines de lucro, con fines educativos, cient\u00edficos y acad\u00e9micos, para personas que tengan dificultades y\\\/o inconvenientes en visualizar el material original. El objetivo es entregar recursos, compartir experiencias y materiales que ayuden a los padres de familia, maestros y estudiantes en su actualizaci\u00f3n y formaci\u00f3n permanente, en bien de la Educaci\u00f3n.\",\"sameAs\":[\"http:\\\/\\\/webdelmaestrocmf.com\\\/portal\",\"https:\\\/\\\/www.facebook.com\\\/WebdelMaestroCMF\\\/\",\"https:\\\/\\\/www.instagram.com\\\/wmcmf\\\/\",\"https:\\\/\\\/cl.linkedin.com\\\/company\\\/web-del-maestro-cmf\",\"https:\\\/\\\/www.pinterest.com\\\/WMCMF\\\/publicaciones\\\/\",\"https:\\\/\\\/x.com\\\/cmf_w\",\"https:\\\/\\\/www.youtube.com\\\/@WMCMF\"]}]}<\/script>\n<!-- \/ Yoast SEO plugin. -->","yoast_head_json":{"title":"Garc\u00eda M\u00e1rquez, Jeff Bezos, Sergey Brin y Larry Page, fueron educados con el \"M\u00e9todo Montessori\" - 2026","description":"La educadora italiana Mar\u00eda Montessori (1870 \u2013 1952), cuyo nombre completo fue Maria Tecla Artemisia Montessori...","robots":{"index":"index","follow":"follow","max-snippet":"max-snippet:-1","max-image-preview":"max-image-preview:large","max-video-preview":"max-video-preview:-1"},"canonical":"https:\/\/webdelmaestrocmf.com\/portal\/educados-con-el-metodo-montessori-garcia-marquez-jeff-bezos-sergey-brin-y-larry-page\/","og_locale":"es_ES","og_type":"article","og_title":"Garc\u00eda M\u00e1rquez, Jeff Bezos, Sergey Brin y Larry Page, fueron educados con el \"M\u00e9todo Montessori\" - 2026","og_description":"La educadora italiana Mar\u00eda Montessori (1870 \u2013 1952), cuyo nombre completo fue Maria Tecla Artemisia Montessori...","og_url":"https:\/\/webdelmaestrocmf.com\/portal\/educados-con-el-metodo-montessori-garcia-marquez-jeff-bezos-sergey-brin-y-larry-page\/","og_site_name":"Web del Maestro CMF","article_publisher":"https:\/\/www.facebook.com\/WebdelMaestroCMF\/","article_author":"https:\/\/www.facebook.com\/WebdelMaestroCMF\/","article_published_time":"2021-12-22T01:32:04+00:00","article_modified_time":"2023-08-10T16:07:25+00:00","og_image":[{"width":900,"height":556,"url":"https:\/\/i0.wp.com\/webdelmaestrocmf.com\/portal\/wp-content\/uploads\/2018\/12\/1-3.jpg?fit=900%2C556&ssl=1","type":"image\/jpeg"}],"author":"Web del Maestro CMF","twitter_card":"summary_large_image","twitter_creator":"@cmf_w","twitter_site":"@cmf_w","schema":{"@context":"https:\/\/schema.org","@graph":[{"@type":"ScholarlyArticle","@id":"https:\/\/webdelmaestrocmf.com\/portal\/educados-con-el-metodo-montessori-garcia-marquez-jeff-bezos-sergey-brin-y-larry-page\/#article","isPartOf":{"@id":"https:\/\/webdelmaestrocmf.com\/portal\/educados-con-el-metodo-montessori-garcia-marquez-jeff-bezos-sergey-brin-y-larry-page\/"},"author":{"name":"Web del Maestro CMF","@id":"https:\/\/webdelmaestrocmf.com\/portal\/#\/schema\/person\/ebc57e23d318c9c4270c6f41367015b5"},"headline":"Garc\u00eda M\u00e1rquez, Jeff Bezos, Sergey Brin y Larry Page, fueron educados con el \u00abM\u00e9todo Montessori\u00bb","datePublished":"2021-12-22T01:32:04+00:00","dateModified":"2023-08-10T16:07:25+00:00","mainEntityOfPage":{"@id":"https:\/\/webdelmaestrocmf.com\/portal\/educados-con-el-metodo-montessori-garcia-marquez-jeff-bezos-sergey-brin-y-larry-page\/"},"wordCount":1453,"commentCount":0,"publisher":{"@id":"https:\/\/webdelmaestrocmf.com\/portal\/#organization"},"image":{"@id":"https:\/\/webdelmaestrocmf.com\/portal\/educados-con-el-metodo-montessori-garcia-marquez-jeff-bezos-sergey-brin-y-larry-page\/#primaryimage"},"thumbnailUrl":"https:\/\/webdelmaestrocmf.com\/portal\/wp-content\/uploads\/2018\/12\/1-3.jpg","keywords":["AMAZON","GABRIEL GARC\u00cdA M\u00c1RQUEZ","Google","JEFF BEZOS\/ SERGEY BRIN","LARRY PAGE","MONTESSORI","SIMCITY","WIKIPEDIA"],"articleSection":["Yo opino - WMCMF"],"inLanguage":"es","potentialAction":[{"@type":"CommentAction","name":"Comment","target":["https:\/\/webdelmaestrocmf.com\/portal\/educados-con-el-metodo-montessori-garcia-marquez-jeff-bezos-sergey-brin-y-larry-page\/#respond"]}]},{"@type":"WebPage","@id":"https:\/\/webdelmaestrocmf.com\/portal\/educados-con-el-metodo-montessori-garcia-marquez-jeff-bezos-sergey-brin-y-larry-page\/","url":"https:\/\/webdelmaestrocmf.com\/portal\/educados-con-el-metodo-montessori-garcia-marquez-jeff-bezos-sergey-brin-y-larry-page\/","name":"Garc\u00eda M\u00e1rquez, Jeff Bezos, Sergey Brin y Larry Page, fueron educados con el \"M\u00e9todo Montessori\" - 2026","isPartOf":{"@id":"https:\/\/webdelmaestrocmf.com\/portal\/#website"},"primaryImageOfPage":{"@id":"https:\/\/webdelmaestrocmf.com\/portal\/educados-con-el-metodo-montessori-garcia-marquez-jeff-bezos-sergey-brin-y-larry-page\/#primaryimage"},"image":{"@id":"https:\/\/webdelmaestrocmf.com\/portal\/educados-con-el-metodo-montessori-garcia-marquez-jeff-bezos-sergey-brin-y-larry-page\/#primaryimage"},"thumbnailUrl":"https:\/\/webdelmaestrocmf.com\/portal\/wp-content\/uploads\/2018\/12\/1-3.jpg","datePublished":"2021-12-22T01:32:04+00:00","dateModified":"2023-08-10T16:07:25+00:00","description":"La educadora italiana Mar\u00eda Montessori (1870 \u2013 1952), cuyo nombre completo fue Maria Tecla Artemisia Montessori...","breadcrumb":{"@id":"https:\/\/webdelmaestrocmf.com\/portal\/educados-con-el-metodo-montessori-garcia-marquez-jeff-bezos-sergey-brin-y-larry-page\/#breadcrumb"},"inLanguage":"es","potentialAction":[{"@type":"ReadAction","target":["https:\/\/webdelmaestrocmf.com\/portal\/educados-con-el-metodo-montessori-garcia-marquez-jeff-bezos-sergey-brin-y-larry-page\/"]}]},{"@type":"ImageObject","inLanguage":"es","@id":"https:\/\/webdelmaestrocmf.com\/portal\/educados-con-el-metodo-montessori-garcia-marquez-jeff-bezos-sergey-brin-y-larry-page\/#primaryimage","url":"https:\/\/webdelmaestrocmf.com\/portal\/wp-content\/uploads\/2018\/12\/1-3.jpg","contentUrl":"https:\/\/webdelmaestrocmf.com\/portal\/wp-content\/uploads\/2018\/12\/1-3.jpg","width":900,"height":556,"caption":"Montessori"},{"@type":"BreadcrumbList","@id":"https:\/\/webdelmaestrocmf.com\/portal\/educados-con-el-metodo-montessori-garcia-marquez-jeff-bezos-sergey-brin-y-larry-page\/#breadcrumb","itemListElement":[{"@type":"ListItem","position":1,"name":"Portada","item":"https:\/\/webdelmaestrocmf.com\/portal\/"},{"@type":"ListItem","position":2,"name":"Yo opino - WMCMF","item":"https:\/\/webdelmaestrocmf.com\/portal\/category\/jamb\/"},{"@type":"ListItem","position":3,"name":"Garc\u00eda M\u00e1rquez, Jeff Bezos, Sergey Brin y Larry Page, fueron educados con el &#8220;M\u00e9todo Montessori&#8221;"}]},{"@type":"WebSite","@id":"https:\/\/webdelmaestrocmf.com\/portal\/#website","url":"https:\/\/webdelmaestrocmf.com\/portal\/","name":"Web del Maestro CMF","description":"Maestros al servicio de la educaci\u00f3n","publisher":{"@id":"https:\/\/webdelmaestrocmf.com\/portal\/#organization"},"alternateName":"WMCMF","potentialAction":[{"@type":"SearchAction","target":{"@type":"EntryPoint","urlTemplate":"https:\/\/webdelmaestrocmf.com\/portal\/?s={search_term_string}"},"query-input":{"@type":"PropertyValueSpecification","valueRequired":true,"valueName":"search_term_string"}}],"inLanguage":"es"},{"@type":"Organization","@id":"https:\/\/webdelmaestrocmf.com\/portal\/#organization","name":"Web del Maestro CMF","alternateName":"WMCMF","url":"https:\/\/webdelmaestrocmf.com\/portal\/","logo":{"@type":"ImageObject","inLanguage":"es","@id":"https:\/\/webdelmaestrocmf.com\/portal\/#\/schema\/logo\/image\/","url":"https:\/\/webdelmaestrocmf.com\/portal\/wp-content\/uploads\/2023\/01\/logo-wmcmf-2.png","contentUrl":"https:\/\/webdelmaestrocmf.com\/portal\/wp-content\/uploads\/2023\/01\/logo-wmcmf-2.png","width":200,"height":60,"caption":"Web del Maestro CMF"},"image":{"@id":"https:\/\/webdelmaestrocmf.com\/portal\/#\/schema\/logo\/image\/"},"sameAs":["https:\/\/www.facebook.com\/WebdelMaestroCMF\/","https:\/\/x.com\/cmf_w","https:\/\/www.pinterest.com\/WMCMF\/","https:\/\/www.linkedin.com\/company\/web-del-maestro-cmf\/","https:\/\/www.instagram.com\/wmcmf\/","https:\/\/www.youtube.com\/channel\/UCDPSvjbdodE5sHnC3OxutHw","https:\/\/mastodon.social\/@wmcmf","https:\/\/www.tiktok.com\/@webdelmaestrocmf"]},{"@type":"Person","@id":"https:\/\/webdelmaestrocmf.com\/portal\/#\/schema\/person\/ebc57e23d318c9c4270c6f41367015b5","name":"Web del Maestro CMF","image":{"@type":"ImageObject","inLanguage":"es","@id":"https:\/\/secure.gravatar.com\/avatar\/718b2df46e711f63dc8c16a160d16cc0104e961fe3c231eaaed2426975fc5e2d?s=96&d=mm&r=g","url":"https:\/\/secure.gravatar.com\/avatar\/718b2df46e711f63dc8c16a160d16cc0104e961fe3c231eaaed2426975fc5e2d?s=96&d=mm&r=g","contentUrl":"https:\/\/secure.gravatar.com\/avatar\/718b2df46e711f63dc8c16a160d16cc0104e961fe3c231eaaed2426975fc5e2d?s=96&d=mm&r=g","caption":"Web del Maestro CMF"},"description":"Esta Web se cre\u00f3 sin fines de lucro, con fines educativos, cient\u00edficos y acad\u00e9micos, para personas que tengan dificultades y\/o inconvenientes en visualizar el material original. El objetivo es entregar recursos, compartir experiencias y materiales que ayuden a los padres de familia, maestros y estudiantes en su actualizaci\u00f3n y formaci\u00f3n permanente, en bien de la Educaci\u00f3n.","sameAs":["http:\/\/webdelmaestrocmf.com\/portal","https:\/\/www.facebook.com\/WebdelMaestroCMF\/","https:\/\/www.instagram.com\/wmcmf\/","https:\/\/cl.linkedin.com\/company\/web-del-maestro-cmf","https:\/\/www.pinterest.com\/WMCMF\/publicaciones\/","https:\/\/x.com\/cmf_w","https:\/\/www.youtube.com\/@WMCMF"]}]}},"jetpack_featured_media_url":"https:\/\/webdelmaestrocmf.com\/portal\/wp-content\/uploads\/2018\/12\/1-3.jpg","jetpack_sharing_enabled":true,"jetpack-related-posts":[{"id":107863,"url":"https:\/\/webdelmaestrocmf.com\/portal\/las-cualidades-de-un-buen-docente-por-maria-montessori\/","url_meta":{"origin":34020,"position":0},"title":"Las cualidades de un buen docente por Mar\u00eda Montessori","author":"Web del Maestro CMF","date":"25 junio, 2025","format":false,"excerpt":"Ser docente es mucho m\u00e1s que transmitir conocimientos. Es acompa\u00f1ar, observar, preparar el ambiente y confiar en el potencial de cada ni\u00f1o.","rel":"","context":"En \u00abCualidades caracter\u00edsticas habilidades\u00bb","block_context":{"text":"Cualidades caracter\u00edsticas habilidades","link":"https:\/\/webdelmaestrocmf.com\/portal\/category\/pedagogia\/cualidades-caracteristicas-habilidades\/"},"img":{"alt_text":"","src":"https:\/\/i0.wp.com\/webdelmaestrocmf.com\/portal\/wp-content\/uploads\/2025\/02\/1A-Banner-1-portada-imagen-10-1-59.jpg?resize=350%2C200&ssl=1","width":350,"height":200,"srcset":"https:\/\/i0.wp.com\/webdelmaestrocmf.com\/portal\/wp-content\/uploads\/2025\/02\/1A-Banner-1-portada-imagen-10-1-59.jpg?resize=350%2C200&ssl=1 1x, https:\/\/i0.wp.com\/webdelmaestrocmf.com\/portal\/wp-content\/uploads\/2025\/02\/1A-Banner-1-portada-imagen-10-1-59.jpg?resize=525%2C300&ssl=1 1.5x, https:\/\/i0.wp.com\/webdelmaestrocmf.com\/portal\/wp-content\/uploads\/2025\/02\/1A-Banner-1-portada-imagen-10-1-59.jpg?resize=700%2C400&ssl=1 2x"},"classes":[]},{"id":108471,"url":"https:\/\/webdelmaestrocmf.com\/portal\/el-triangulo-montessori-la-clave-de-una-pedagogia-transformadora\/","url_meta":{"origin":34020,"position":1},"title":"El tri\u00e1ngulo Montessori: La clave de una pedagog\u00eda transformadora","author":"Web del Maestro CMF","date":"26 marzo, 2025","format":false,"excerpt":"La pedagog\u00eda Montessori no se basa en f\u00f3rmulas r\u00edgidas ni en m\u00e9todos de ense\u00f1anza tradicionales. Su esencia est\u00e1 en un equilibrio sutil pero poderoso entre tres elementos fundamentales que forman lo que se conoce como el tri\u00e1ngulo Montessori: el ni\u00f1o, el adulto preparado y el ambiente. Comprender c\u00f3mo se relacionan\u2026","rel":"","context":"En \u00abMontessori\u00bb","block_context":{"text":"Montessori","link":"https:\/\/webdelmaestrocmf.com\/portal\/category\/pedagogia\/montessori\/"},"img":{"alt_text":"","src":"https:\/\/i0.wp.com\/webdelmaestrocmf.com\/portal\/wp-content\/uploads\/2025\/03\/1A-Banner-1-portada-imagen-10-1-10.jpg?resize=350%2C200&ssl=1","width":350,"height":200,"srcset":"https:\/\/i0.wp.com\/webdelmaestrocmf.com\/portal\/wp-content\/uploads\/2025\/03\/1A-Banner-1-portada-imagen-10-1-10.jpg?resize=350%2C200&ssl=1 1x, https:\/\/i0.wp.com\/webdelmaestrocmf.com\/portal\/wp-content\/uploads\/2025\/03\/1A-Banner-1-portada-imagen-10-1-10.jpg?resize=525%2C300&ssl=1 1.5x, https:\/\/i0.wp.com\/webdelmaestrocmf.com\/portal\/wp-content\/uploads\/2025\/03\/1A-Banner-1-portada-imagen-10-1-10.jpg?resize=700%2C400&ssl=1 2x"},"classes":[]},{"id":117790,"url":"https:\/\/webdelmaestrocmf.com\/portal\/maria-montessori-facilitar-las-cosas-al-nino-sin-necesidad-en-lugar-de-ayudarle-solo-sirve-para-estancarlo\/","url_meta":{"origin":34020,"position":2},"title":"Mar\u00eda Montessori: \u00abFacilitar las cosas al ni\u00f1o sin necesidad, en lugar de ayudarle, solo sirve para estancarlo\u00bb","author":"Web del Maestro CMF","date":"15 abril, 2026","format":false,"excerpt":"Ayudar en exceso limita la autonom\u00eda del ni\u00f1o. Permitirle intentar, equivocarse y resolver por s\u00ed mismo fortalece su aprendizaje, pensamiento cr\u00edtico y confianza, formando personas capaces de enfrentar desaf\u00edos reales.","rel":"","context":"En \u00abMontessori\u00bb","block_context":{"text":"Montessori","link":"https:\/\/webdelmaestrocmf.com\/portal\/category\/pedagogia\/montessori\/"},"img":{"alt_text":"","src":"https:\/\/i0.wp.com\/webdelmaestrocmf.com\/portal\/wp-content\/uploads\/2026\/04\/1AA-Banner-1-portada-imagen-10-1-copia-17-1.webp?resize=350%2C200&ssl=1","width":350,"height":200,"srcset":"https:\/\/i0.wp.com\/webdelmaestrocmf.com\/portal\/wp-content\/uploads\/2026\/04\/1AA-Banner-1-portada-imagen-10-1-copia-17-1.webp?resize=350%2C200&ssl=1 1x, https:\/\/i0.wp.com\/webdelmaestrocmf.com\/portal\/wp-content\/uploads\/2026\/04\/1AA-Banner-1-portada-imagen-10-1-copia-17-1.webp?resize=525%2C300&ssl=1 1.5x, https:\/\/i0.wp.com\/webdelmaestrocmf.com\/portal\/wp-content\/uploads\/2026\/04\/1AA-Banner-1-portada-imagen-10-1-copia-17-1.webp?resize=700%2C400&ssl=1 2x, https:\/\/i0.wp.com\/webdelmaestrocmf.com\/portal\/wp-content\/uploads\/2026\/04\/1AA-Banner-1-portada-imagen-10-1-copia-17-1.webp?resize=1050%2C600&ssl=1 3x"},"classes":[]},{"id":37803,"url":"https:\/\/webdelmaestrocmf.com\/portal\/maria-montessori-pelicula-que-todo-educador-y-estudiante-de-educacion-tendria-que-ver\/","url_meta":{"origin":34020,"position":3},"title":"Mar\u00eda Montessori: pel\u00edcula para docentes y estudiantes","author":"Web del Maestro CMF","date":"20 junio, 2019","format":false,"excerpt":"Mar\u00eda Montessori, (Ancona, Italia 1870), fue la primera mujer en ingresar en la Facultad de Medicina y Cirug\u00eda en Italia, en 1892, provoc\u00e1ndole la experiencia de ser mal recibida por la mayor\u00eda de sus compa\u00f1eros de estudios, que en lugar de desanimarla, le sirvi\u00f3 de provocaci\u00f3n para superar ese \u201chostil\u201d\u2026","rel":"","context":"En \u00abYo opino - WMCMF\u00bb","block_context":{"text":"Yo opino - WMCMF","link":"https:\/\/webdelmaestrocmf.com\/portal\/category\/jamb\/"},"img":{"alt_text":"Mar\u00eda Montessori","src":"https:\/\/i0.wp.com\/webdelmaestrocmf.com\/portal\/wp-content\/uploads\/2019\/06\/2-10.jpg?resize=350%2C200&ssl=1","width":350,"height":200,"srcset":"https:\/\/i0.wp.com\/webdelmaestrocmf.com\/portal\/wp-content\/uploads\/2019\/06\/2-10.jpg?resize=350%2C200&ssl=1 1x, https:\/\/i0.wp.com\/webdelmaestrocmf.com\/portal\/wp-content\/uploads\/2019\/06\/2-10.jpg?resize=525%2C300&ssl=1 1.5x, https:\/\/i0.wp.com\/webdelmaestrocmf.com\/portal\/wp-content\/uploads\/2019\/06\/2-10.jpg?resize=700%2C400&ssl=1 2x, https:\/\/i0.wp.com\/webdelmaestrocmf.com\/portal\/wp-content\/uploads\/2019\/06\/2-10.jpg?resize=1050%2C600&ssl=1 3x"},"classes":[]},{"id":50754,"url":"https:\/\/webdelmaestrocmf.com\/portal\/maria-montessori-que-nos-diria-a-los-maestros-que-estamos-en-la-crisis-del-covid-19\/","url_meta":{"origin":34020,"position":4},"title":"Mar\u00eda Montessori: \u00bfQu\u00e9 nos dir\u00eda a los maestros que estamos en la crisis del Covid 19?","author":"Web del Maestro CMF","date":"1 septiembre, 2020","format":false,"excerpt":"Mar\u00eda Montessori (1870), excelente referente para quienes estamos en la el mundo de la educaci\u00f3n por su creatividad, fuerza interior, resiliencia y amor por educar. En este 2020 celebramos 150 a\u00f1os de su nacimiento en Chiaravalle, Ancona, Italia, y agradecemos nos haya dejado una filosof\u00eda de la educaci\u00f3n tan humana\u2026","rel":"","context":"En \u00abYo opino - WMCMF\u00bb","block_context":{"text":"Yo opino - WMCMF","link":"https:\/\/webdelmaestrocmf.com\/portal\/category\/jamb\/"},"img":{"alt_text":"","src":"https:\/\/i0.wp.com\/webdelmaestrocmf.com\/portal\/wp-content\/uploads\/2020\/09\/1-2.jpg?resize=350%2C200&ssl=1","width":350,"height":200,"srcset":"https:\/\/i0.wp.com\/webdelmaestrocmf.com\/portal\/wp-content\/uploads\/2020\/09\/1-2.jpg?resize=350%2C200&ssl=1 1x, https:\/\/i0.wp.com\/webdelmaestrocmf.com\/portal\/wp-content\/uploads\/2020\/09\/1-2.jpg?resize=525%2C300&ssl=1 1.5x, https:\/\/i0.wp.com\/webdelmaestrocmf.com\/portal\/wp-content\/uploads\/2020\/09\/1-2.jpg?resize=700%2C400&ssl=1 2x, https:\/\/i0.wp.com\/webdelmaestrocmf.com\/portal\/wp-content\/uploads\/2020\/09\/1-2.jpg?resize=1050%2C600&ssl=1 3x"},"classes":[]},{"id":102072,"url":"https:\/\/webdelmaestrocmf.com\/portal\/que-es-el-alfabeto-movil-y-para-que-sirve\/","url_meta":{"origin":34020,"position":5},"title":"Descarga el alfabeto Montessori y Alfabeto m\u00f3vil","author":"Web del Maestro CMF","date":"14 febrero, 2024","format":false,"excerpt":"El alfabeto Montessori y el alfabeto m\u00f3vil son herramientas que fomentan el aprendizaje del abecedario de forma sensorial, aut\u00f3noma y divertida. Permiten al ni\u00f1o explorar las letras con sus sentidos, desarrollar la motricidad fina, la concentraci\u00f3n, la creatividad y la fon\u00e9tica. Adem\u00e1s, preparan al ni\u00f1o para la lectoescritura de forma\u2026","rel":"","context":"En \u00abAlfabeto\u00bb","block_context":{"text":"Alfabeto","link":"https:\/\/webdelmaestrocmf.com\/portal\/category\/pedagogia\/alfabeto\/"},"img":{"alt_text":"","src":"https:\/\/i0.wp.com\/webdelmaestrocmf.com\/portal\/wp-content\/uploads\/2024\/01\/Banner-1-portada-imagen-10-1-9.jpg?resize=350%2C200&ssl=1","width":350,"height":200,"srcset":"https:\/\/i0.wp.com\/webdelmaestrocmf.com\/portal\/wp-content\/uploads\/2024\/01\/Banner-1-portada-imagen-10-1-9.jpg?resize=350%2C200&ssl=1 1x, https:\/\/i0.wp.com\/webdelmaestrocmf.com\/portal\/wp-content\/uploads\/2024\/01\/Banner-1-portada-imagen-10-1-9.jpg?resize=525%2C300&ssl=1 1.5x, https:\/\/i0.wp.com\/webdelmaestrocmf.com\/portal\/wp-content\/uploads\/2024\/01\/Banner-1-portada-imagen-10-1-9.jpg?resize=700%2C400&ssl=1 2x"},"classes":[]}],"_links":{"self":[{"href":"https:\/\/webdelmaestrocmf.com\/portal\/wp-json\/wp\/v2\/posts\/34020","targetHints":{"allow":["GET"]}}],"collection":[{"href":"https:\/\/webdelmaestrocmf.com\/portal\/wp-json\/wp\/v2\/posts"}],"about":[{"href":"https:\/\/webdelmaestrocmf.com\/portal\/wp-json\/wp\/v2\/types\/post"}],"author":[{"embeddable":true,"href":"https:\/\/webdelmaestrocmf.com\/portal\/wp-json\/wp\/v2\/users\/2"}],"replies":[{"embeddable":true,"href":"https:\/\/webdelmaestrocmf.com\/portal\/wp-json\/wp\/v2\/comments?post=34020"}],"version-history":[{"count":0,"href":"https:\/\/webdelmaestrocmf.com\/portal\/wp-json\/wp\/v2\/posts\/34020\/revisions"}],"wp:featuredmedia":[{"embeddable":true,"href":"https:\/\/webdelmaestrocmf.com\/portal\/wp-json\/wp\/v2\/media\/79992"}],"wp:attachment":[{"href":"https:\/\/webdelmaestrocmf.com\/portal\/wp-json\/wp\/v2\/media?parent=34020"}],"wp:term":[{"taxonomy":"category","embeddable":true,"href":"https:\/\/webdelmaestrocmf.com\/portal\/wp-json\/wp\/v2\/categories?post=34020"},{"taxonomy":"post_tag","embeddable":true,"href":"https:\/\/webdelmaestrocmf.com\/portal\/wp-json\/wp\/v2\/tags?post=34020"}],"curies":[{"name":"wp","href":"https:\/\/api.w.org\/{rel}","templated":true}]}}