{"id":34000,"date":"2018-12-20T19:22:43","date_gmt":"2018-12-20T22:22:43","guid":{"rendered":"http:\/\/webdelmaestrocmf.com\/portal\/?p=34000"},"modified":"2018-12-20T19:22:43","modified_gmt":"2018-12-20T22:22:43","slug":"en-esta-navidad-nuestra-gratitud-y-respeto","status":"publish","type":"post","link":"https:\/\/webdelmaestrocmf.com\/portal\/en-esta-navidad-nuestra-gratitud-y-respeto\/","title":{"rendered":"EN ESTA NAVIDAD, NUESTRA GRATITUD Y RESPETO"},"content":{"rendered":"<h4 style=\"text-align: justify;\">Pienso en este a\u00f1o 2018 recorrido juntos. En nuestro encuentro frecuente en el ciberespacio, y en el <strong>intercambio de opiniones, experiencias, sue\u00f1os, deseos, propuestas y utop\u00edas <\/strong>desde realidades tan diversas y singulares. \u00a1Qu\u00e9 riqueza educativa! \u00a1Gracias a todos y cada uno de los miembros de la comunidad educativa digital de la <a href=\"http:\/\/webdelmaestrocmf.com\/portal\/\" target=\"_blank\" rel=\"noopener\"><strong>Web del Maestro CMF<\/strong>!<\/a><\/h4>\n<p><!--more--><\/p>\n<p style=\"text-align: justify;\">Comenzamos esta red educativa con mucho entusiasmo, en un tiempo de Navidad, semejante al de ahora, y <strong>nos hemos encontrando, en esos esquivos momentos que nos permiten nuestras obligaciones docentes, <\/strong>y hemos compartido tantos conocimientos. Quiz\u00e1 por eso nos miramos y comunicamos de coraz\u00f3n educador a coraz\u00f3n educador. Ahora <strong>somos m\u00e1s de 600,000<\/strong> los que caminamos juntos este camino de formaci\u00f3n y capacitaci\u00f3n permanente. Percibo que cada d\u00eda estamos m\u00e1s convencidos y motivados por el testimonio de tantos y tan buenos educadores, que nos animan para continuar <strong>construyendo puentes<\/strong> de acercamiento a otras experiencias educativas; <strong>derribando los muros<\/strong> de la autosuficiencia, de la indiferencia, de la exclusi\u00f3n o el descarte; <strong>compartiendo con otros educadores<\/strong> la emoci\u00f3n y el valor que tiene el colaborar en el proceso de cimentar una educaci\u00f3n capaz de <strong>crear esperanza, encender la imaginaci\u00f3n e inspirar amor por la ense\u00f1anza, el aprendizaje y el desaprendizaje<\/strong> (cf Brad Henry).<\/p>\n<p style=\"text-align: justify;\">Sea propicio este tiempo de Navidad, para sentirnos m\u00e1s unidos y motivados en la hermosa y trascendental tarea de ser maestros de ni\u00f1os y j\u00f3venes que,<strong> junto al aprendizaje de las ciencias y los valores,<\/strong> tambi\u00e9n reflexionan sobre la importancia de <strong>reconocer y valorar la tarea de sus profesores<\/strong>, de tal manera que, cuando est\u00e9 en sus manos la legislaci\u00f3n de sus pa\u00edses, nos den la alegr\u00eda de comprobar que hemos educado hombres y mujeres <strong>que aprecian y dan a los profesores su lugar en la sociedad<\/strong>, porque aprendieron en la escuela que: \u201ca valorar se aprende valorando y a participar se aprende participando\u201d (Mariano Mart\u00edn Gordillo).<\/p>\n<p><img loading=\"lazy\" decoding=\"async\" class=\"alignnone size-full wp-image-34005\" src=\"http:\/\/webdelmaestrocmf.com\/portal\/wp-content\/uploads\/2018\/12\/2-6.jpg\" alt=\"\" width=\"900\" height=\"547\" srcset=\"https:\/\/webdelmaestrocmf.com\/portal\/wp-content\/uploads\/2018\/12\/2-6.jpg 900w, https:\/\/webdelmaestrocmf.com\/portal\/wp-content\/uploads\/2018\/12\/2-6-300x182.jpg 300w, https:\/\/webdelmaestrocmf.com\/portal\/wp-content\/uploads\/2018\/12\/2-6-768x467.jpg 768w\" sizes=\"auto, (max-width: 900px) 100vw, 900px\" \/><\/p>\n<p style=\"text-align: justify;\">En esta Navidad, <strong>\u00bfqu\u00e9 podemos regalar a cada maestro, padre de familia y amigo de la educaci\u00f3n, que entra en nuestro ciberespacio? <\/strong>Creo que, con mucha humildad, quisi\u00e9ramos que <strong>acepten nuestra GRATITUD Y RESPETO.<\/strong> Nos sentimos bendecidos y honrados por cada uno de Ustedes, porque nos animan y motivan a seguir mejorando d\u00eda a d\u00eda, <strong>en el apoyo de la formaci\u00f3n permanente y la revalorizaci\u00f3n de la tarea docente.<\/strong> Gracias, porque estamos haciendo realidad una formaci\u00f3n integral \u201chumanista y trascendental, viva y entusiasmante, realmente inclusiva\u201d (Papa Francisco), que educa la mente y el coraz\u00f3n, que ofrece m\u00e1s y mejores recursos para desarrollar las habilidades y los conocimientos para la vida, y que refuerza los principios y valores ense\u00f1ados y aprendidos en la familia.<\/p>\n<p style=\"text-align: justify;\">Reafirmamos nuestro deseo de seguir con Ustedes, con los excelentes estudiosos de la educaci\u00f3n que nos permiten compartir sus publicaciones, y con nuestros generosos y entusiastas colaboradores, continuar <strong>buscando, descubriendo y compartiendo nuevos y mejores itinerarios pedag\u00f3gicos, que nos permitan enfrentar los desaf\u00edos educativos del Siglo XXI<\/strong>, aprovechando los valiosos <strong>recursos tecnol\u00f3gicos que se van creando<\/strong>, as\u00ed como reflexionando y adaptando, a nuestras realidades, los descubrimientos de <strong>las investigaciones<\/strong> en todas las ciencias de la educaci\u00f3n. \u201cY es que la sociedad se desmorona al fallar la educaci\u00f3n. Con ella una civilizaci\u00f3n se levanta y sin ella se destruye\u201d (Federico Fern\u00e1ndez de Buj\u00e1n).<\/p>\n<p style=\"text-align: justify;\">Sabemos que <strong>ser educador es un servicio, una realizaci\u00f3n personal<\/strong>, cuya mejor recompensa es <strong>la gratitud y el respeto<\/strong> de nuestros ni\u00f1os y j\u00f3venes, que gracias a su educaci\u00f3n son <strong>m\u00e1s humanizados, libres y responsables, que hacen el bien y rechazan el mal, <\/strong><strong>y que est\u00e9n comprometidos con el respeto de la Naturaleza y sus elecciones tienen en cuenta el bien com\u00fan.<\/strong> Porque, como nos dice la Profesora Bego\u00f1a Ibarrola: \u201cuna buena educaci\u00f3n no consiste s\u00f3lo en tener normas de conducta adecuadas, sino tambi\u00e9n en saber reflexionar, tomar decisiones, emitir juicios, expresar las emociones de forma adecuada, ser emp\u00e1tico, trabajar en equipo, ser creativo y actuar de forma responsable\u201d.<\/p>\n<p style=\"text-align: justify;\">Es nuestro deseo que Usted tenga, en estos \u00faltimos d\u00edas del a\u00f1o 2018, momentos de mucha<strong> cercan\u00eda, afecto y alegr\u00eda con sus seres queridos,<\/strong> y se sienta m\u00e1s motivado a superar las limitaciones y dificultades con la fuerza vocacional de educador(a) que nadie, ni nada le podr\u00e1 quitar.<\/p>\n<p style=\"text-align: justify;\">\u00a1Que nadie nos robe la esperanza de una mejor educaci\u00f3n!<\/p>\n<p style=\"text-align: center;\"><strong>\u00a1FELIZ NAVIDAD Y UN EXCELENTE 2019!<\/strong><\/p>\n<p style=\"text-align: right;\"><strong>\u00a0DICIEMBRE 2018 \u2013 ENERO 2019<\/strong><br \/>\n<strong>REDACCI\u00d3N WEB DEL MAESTRO CMF<\/strong><\/p>\n","protected":false},"excerpt":{"rendered":"Pienso en este a\u00f1o 2018 recorrido juntos. En nuestro encuentro frecuente en el ciberespacio, y en el intercambio&hellip;","protected":false},"author":1,"featured_media":34004,"comment_status":"open","ping_status":"closed","sticky":false,"template":"","format":"standard","meta":{"csco_display_header_overlay":false,"csco_singular_sidebar":"","csco_page_header_type":"","csco_page_load_nextpost":"","csco_post_video_location":[],"csco_post_video_location_hash":"","csco_post_video_url":"","csco_post_video_bg_start_time":0,"csco_post_video_bg_end_time":0,"csco_post_video_bg_volume":false,"_jetpack_memberships_contains_paid_content":false,"footnotes":""},"categories":[61],"tags":[3718,227,1582,4016,1576],"class_list":{"0":"post-34000","1":"post","2":"type-post","3":"status-publish","4":"format-standard","5":"has-post-thumbnail","7":"category-jamb","8":"tag-3718","9":"tag-gratitud","10":"tag-navidad","11":"tag-nuestra","12":"tag-respeto","13":"cs-entry","14":"cs-video-wrap"},"yoast_head":"<!-- This site is optimized with the Yoast SEO plugin v27.5 - https:\/\/yoast.com\/product\/yoast-seo-wordpress\/ -->\n<title>EN ESTA NAVIDAD, NUESTRA GRATITUD Y RESPETO - 2026<\/title>\n<meta name=\"description\" content=\"Comenzamos esta red educativa con mucho entusiasmo, en un tiempo de Navidad, semejante al de ahora, y nos hemos encontrando...\" \/>\n<meta name=\"robots\" content=\"index, follow, max-snippet:-1, max-image-preview:large, max-video-preview:-1\" \/>\n<link rel=\"canonical\" href=\"https:\/\/webdelmaestrocmf.com\/portal\/en-esta-navidad-nuestra-gratitud-y-respeto\/\" \/>\n<meta property=\"og:locale\" content=\"es_ES\" \/>\n<meta property=\"og:type\" content=\"article\" \/>\n<meta property=\"og:title\" content=\"EN ESTA NAVIDAD, NUESTRA GRATITUD Y RESPETO - 2026\" \/>\n<meta property=\"og:description\" content=\"Comenzamos esta red educativa con mucho entusiasmo, en un tiempo de Navidad, semejante al de ahora, y nos hemos encontrando...\" \/>\n<meta property=\"og:url\" content=\"https:\/\/webdelmaestrocmf.com\/portal\/en-esta-navidad-nuestra-gratitud-y-respeto\/\" \/>\n<meta property=\"og:site_name\" content=\"Web del Maestro CMF\" \/>\n<meta property=\"article:publisher\" content=\"https:\/\/www.facebook.com\/WebdelMaestroCMF\/\" \/>\n<meta property=\"article:author\" content=\"https:\/\/www.facebook.com\/WebdelMaestroCMF\/\" \/>\n<meta property=\"article:published_time\" content=\"2018-12-20T22:22:43+00:00\" \/>\n<meta property=\"og:image\" content=\"https:\/\/i0.wp.com\/webdelmaestrocmf.com\/portal\/wp-content\/uploads\/2018\/12\/1-42.jpg?fit=1100%2C680&ssl=1\" \/>\n\t<meta property=\"og:image:width\" content=\"1100\" \/>\n\t<meta property=\"og:image:height\" content=\"680\" \/>\n\t<meta property=\"og:image:type\" content=\"image\/jpeg\" \/>\n<meta name=\"author\" content=\"Web del Maestro CMF\" \/>\n<meta name=\"twitter:card\" content=\"summary_large_image\" \/>\n<meta name=\"twitter:creator\" content=\"@cmf_w\" \/>\n<meta name=\"twitter:site\" content=\"@cmf_w\" \/>\n<script type=\"application\/ld+json\" class=\"yoast-schema-graph\">{\"@context\":\"https:\\\/\\\/schema.org\",\"@graph\":[{\"@type\":\"ScholarlyArticle\",\"@id\":\"https:\\\/\\\/webdelmaestrocmf.com\\\/portal\\\/en-esta-navidad-nuestra-gratitud-y-respeto\\\/#article\",\"isPartOf\":{\"@id\":\"https:\\\/\\\/webdelmaestrocmf.com\\\/portal\\\/en-esta-navidad-nuestra-gratitud-y-respeto\\\/\"},\"author\":{\"name\":\"Web del Maestro CMF\",\"@id\":\"https:\\\/\\\/webdelmaestrocmf.com\\\/portal\\\/#\\\/schema\\\/person\\\/1072a2ed7bd960df8ef99a551fa35dc5\"},\"headline\":\"EN ESTA NAVIDAD, NUESTRA GRATITUD Y RESPETO\",\"datePublished\":\"2018-12-20T22:22:43+00:00\",\"mainEntityOfPage\":{\"@id\":\"https:\\\/\\\/webdelmaestrocmf.com\\\/portal\\\/en-esta-navidad-nuestra-gratitud-y-respeto\\\/\"},\"wordCount\":783,\"commentCount\":0,\"publisher\":{\"@id\":\"https:\\\/\\\/webdelmaestrocmf.com\\\/portal\\\/#organization\"},\"image\":{\"@id\":\"https:\\\/\\\/webdelmaestrocmf.com\\\/portal\\\/en-esta-navidad-nuestra-gratitud-y-respeto\\\/#primaryimage\"},\"thumbnailUrl\":\"https:\\\/\\\/webdelmaestrocmf.com\\\/portal\\\/wp-content\\\/uploads\\\/2018\\\/12\\\/1-42.jpg\",\"keywords\":[\"2019\",\"gratitud\",\"NAVIDAD\",\"NUESTRA\",\"RESPETO\"],\"articleSection\":[\"Yo opino - WMCMF\"],\"inLanguage\":\"es\",\"potentialAction\":[{\"@type\":\"CommentAction\",\"name\":\"Comment\",\"target\":[\"https:\\\/\\\/webdelmaestrocmf.com\\\/portal\\\/en-esta-navidad-nuestra-gratitud-y-respeto\\\/#respond\"]}]},{\"@type\":\"WebPage\",\"@id\":\"https:\\\/\\\/webdelmaestrocmf.com\\\/portal\\\/en-esta-navidad-nuestra-gratitud-y-respeto\\\/\",\"url\":\"https:\\\/\\\/webdelmaestrocmf.com\\\/portal\\\/en-esta-navidad-nuestra-gratitud-y-respeto\\\/\",\"name\":\"EN ESTA NAVIDAD, NUESTRA GRATITUD Y RESPETO - 2026\",\"isPartOf\":{\"@id\":\"https:\\\/\\\/webdelmaestrocmf.com\\\/portal\\\/#website\"},\"primaryImageOfPage\":{\"@id\":\"https:\\\/\\\/webdelmaestrocmf.com\\\/portal\\\/en-esta-navidad-nuestra-gratitud-y-respeto\\\/#primaryimage\"},\"image\":{\"@id\":\"https:\\\/\\\/webdelmaestrocmf.com\\\/portal\\\/en-esta-navidad-nuestra-gratitud-y-respeto\\\/#primaryimage\"},\"thumbnailUrl\":\"https:\\\/\\\/webdelmaestrocmf.com\\\/portal\\\/wp-content\\\/uploads\\\/2018\\\/12\\\/1-42.jpg\",\"datePublished\":\"2018-12-20T22:22:43+00:00\",\"description\":\"Comenzamos esta red educativa con mucho entusiasmo, en un tiempo de Navidad, semejante al de ahora, y nos hemos encontrando...\",\"breadcrumb\":{\"@id\":\"https:\\\/\\\/webdelmaestrocmf.com\\\/portal\\\/en-esta-navidad-nuestra-gratitud-y-respeto\\\/#breadcrumb\"},\"inLanguage\":\"es\",\"potentialAction\":[{\"@type\":\"ReadAction\",\"target\":[\"https:\\\/\\\/webdelmaestrocmf.com\\\/portal\\\/en-esta-navidad-nuestra-gratitud-y-respeto\\\/\"]}]},{\"@type\":\"ImageObject\",\"inLanguage\":\"es\",\"@id\":\"https:\\\/\\\/webdelmaestrocmf.com\\\/portal\\\/en-esta-navidad-nuestra-gratitud-y-respeto\\\/#primaryimage\",\"url\":\"https:\\\/\\\/webdelmaestrocmf.com\\\/portal\\\/wp-content\\\/uploads\\\/2018\\\/12\\\/1-42.jpg\",\"contentUrl\":\"https:\\\/\\\/webdelmaestrocmf.com\\\/portal\\\/wp-content\\\/uploads\\\/2018\\\/12\\\/1-42.jpg\",\"width\":1100,\"height\":680},{\"@type\":\"BreadcrumbList\",\"@id\":\"https:\\\/\\\/webdelmaestrocmf.com\\\/portal\\\/en-esta-navidad-nuestra-gratitud-y-respeto\\\/#breadcrumb\",\"itemListElement\":[{\"@type\":\"ListItem\",\"position\":1,\"name\":\"Portada\",\"item\":\"https:\\\/\\\/webdelmaestrocmf.com\\\/portal\\\/\"},{\"@type\":\"ListItem\",\"position\":2,\"name\":\"Yo opino - WMCMF\",\"item\":\"https:\\\/\\\/webdelmaestrocmf.com\\\/portal\\\/category\\\/jamb\\\/\"},{\"@type\":\"ListItem\",\"position\":3,\"name\":\"EN ESTA NAVIDAD, NUESTRA GRATITUD Y RESPETO\"}]},{\"@type\":\"WebSite\",\"@id\":\"https:\\\/\\\/webdelmaestrocmf.com\\\/portal\\\/#website\",\"url\":\"https:\\\/\\\/webdelmaestrocmf.com\\\/portal\\\/\",\"name\":\"Web del Maestro CMF\",\"description\":\"Maestros al servicio de la educaci\u00f3n\",\"publisher\":{\"@id\":\"https:\\\/\\\/webdelmaestrocmf.com\\\/portal\\\/#organization\"},\"alternateName\":\"WMCMF\",\"potentialAction\":[{\"@type\":\"SearchAction\",\"target\":{\"@type\":\"EntryPoint\",\"urlTemplate\":\"https:\\\/\\\/webdelmaestrocmf.com\\\/portal\\\/?s={search_term_string}\"},\"query-input\":{\"@type\":\"PropertyValueSpecification\",\"valueRequired\":true,\"valueName\":\"search_term_string\"}}],\"inLanguage\":\"es\"},{\"@type\":\"Organization\",\"@id\":\"https:\\\/\\\/webdelmaestrocmf.com\\\/portal\\\/#organization\",\"name\":\"Web del Maestro CMF\",\"alternateName\":\"WMCMF\",\"url\":\"https:\\\/\\\/webdelmaestrocmf.com\\\/portal\\\/\",\"logo\":{\"@type\":\"ImageObject\",\"inLanguage\":\"es\",\"@id\":\"https:\\\/\\\/webdelmaestrocmf.com\\\/portal\\\/#\\\/schema\\\/logo\\\/image\\\/\",\"url\":\"https:\\\/\\\/webdelmaestrocmf.com\\\/portal\\\/wp-content\\\/uploads\\\/2023\\\/01\\\/logo-wmcmf-2.png\",\"contentUrl\":\"https:\\\/\\\/webdelmaestrocmf.com\\\/portal\\\/wp-content\\\/uploads\\\/2023\\\/01\\\/logo-wmcmf-2.png\",\"width\":200,\"height\":60,\"caption\":\"Web del Maestro CMF\"},\"image\":{\"@id\":\"https:\\\/\\\/webdelmaestrocmf.com\\\/portal\\\/#\\\/schema\\\/logo\\\/image\\\/\"},\"sameAs\":[\"https:\\\/\\\/www.facebook.com\\\/WebdelMaestroCMF\\\/\",\"https:\\\/\\\/x.com\\\/cmf_w\",\"https:\\\/\\\/www.pinterest.com\\\/WMCMF\\\/\",\"https:\\\/\\\/www.linkedin.com\\\/company\\\/web-del-maestro-cmf\\\/\",\"https:\\\/\\\/www.instagram.com\\\/wmcmf\\\/\",\"https:\\\/\\\/www.youtube.com\\\/channel\\\/UCDPSvjbdodE5sHnC3OxutHw\",\"https:\\\/\\\/mastodon.social\\\/@wmcmf\",\"https:\\\/\\\/www.tiktok.com\\\/@webdelmaestrocmf\"]},{\"@type\":\"Person\",\"@id\":\"https:\\\/\\\/webdelmaestrocmf.com\\\/portal\\\/#\\\/schema\\\/person\\\/1072a2ed7bd960df8ef99a551fa35dc5\",\"name\":\"Web del Maestro CMF\",\"image\":{\"@type\":\"ImageObject\",\"inLanguage\":\"es\",\"@id\":\"https:\\\/\\\/secure.gravatar.com\\\/avatar\\\/23291dd5b5ae1077dcff3dbb04c3e02bd28403fa75af6d8787d5e97c5bbbe30b?s=96&d=mm&r=g\",\"url\":\"https:\\\/\\\/secure.gravatar.com\\\/avatar\\\/23291dd5b5ae1077dcff3dbb04c3e02bd28403fa75af6d8787d5e97c5bbbe30b?s=96&d=mm&r=g\",\"contentUrl\":\"https:\\\/\\\/secure.gravatar.com\\\/avatar\\\/23291dd5b5ae1077dcff3dbb04c3e02bd28403fa75af6d8787d5e97c5bbbe30b?s=96&d=mm&r=g\",\"caption\":\"Web del Maestro CMF\"},\"description\":\"Esta Web se cre\u00f3 sin fines de lucro, con fines educativos, cient\u00edficos y acad\u00e9micos, para personas que tengan dificultades y\\\/o inconvenientes en visualizar el material original. El objetivo es entregar recursos, compartir experiencias y materiales que ayuden a los padres de familia, maestros y estudiantes en su actualizaci\u00f3n y formaci\u00f3n permanente, en bien de la Educaci\u00f3n.\",\"sameAs\":[\"http:\\\/\\\/webdelmaestrocmf.com\\\/portal\",\"https:\\\/\\\/www.facebook.com\\\/WebdelMaestroCMF\\\/\",\"https:\\\/\\\/www.instagram.com\\\/wmcmf\\\/\",\"https:\\\/\\\/cl.linkedin.com\\\/company\\\/web-del-maestro-cmf\",\"https:\\\/\\\/www.pinterest.com\\\/WMCMF\\\/publicaciones\\\/\",\"https:\\\/\\\/x.com\\\/cmf_w\",\"https:\\\/\\\/www.youtube.com\\\/@WMCMF\"]}]}<\/script>\n<!-- \/ Yoast SEO plugin. -->","yoast_head_json":{"title":"EN ESTA NAVIDAD, NUESTRA GRATITUD Y RESPETO - 2026","description":"Comenzamos esta red educativa con mucho entusiasmo, en un tiempo de Navidad, semejante al de ahora, y nos hemos encontrando...","robots":{"index":"index","follow":"follow","max-snippet":"max-snippet:-1","max-image-preview":"max-image-preview:large","max-video-preview":"max-video-preview:-1"},"canonical":"https:\/\/webdelmaestrocmf.com\/portal\/en-esta-navidad-nuestra-gratitud-y-respeto\/","og_locale":"es_ES","og_type":"article","og_title":"EN ESTA NAVIDAD, NUESTRA GRATITUD Y RESPETO - 2026","og_description":"Comenzamos esta red educativa con mucho entusiasmo, en un tiempo de Navidad, semejante al de ahora, y nos hemos encontrando...","og_url":"https:\/\/webdelmaestrocmf.com\/portal\/en-esta-navidad-nuestra-gratitud-y-respeto\/","og_site_name":"Web del Maestro CMF","article_publisher":"https:\/\/www.facebook.com\/WebdelMaestroCMF\/","article_author":"https:\/\/www.facebook.com\/WebdelMaestroCMF\/","article_published_time":"2018-12-20T22:22:43+00:00","og_image":[{"width":1100,"height":680,"url":"https:\/\/i0.wp.com\/webdelmaestrocmf.com\/portal\/wp-content\/uploads\/2018\/12\/1-42.jpg?fit=1100%2C680&ssl=1","type":"image\/jpeg"}],"author":"Web del Maestro CMF","twitter_card":"summary_large_image","twitter_creator":"@cmf_w","twitter_site":"@cmf_w","schema":{"@context":"https:\/\/schema.org","@graph":[{"@type":"ScholarlyArticle","@id":"https:\/\/webdelmaestrocmf.com\/portal\/en-esta-navidad-nuestra-gratitud-y-respeto\/#article","isPartOf":{"@id":"https:\/\/webdelmaestrocmf.com\/portal\/en-esta-navidad-nuestra-gratitud-y-respeto\/"},"author":{"name":"Web del Maestro CMF","@id":"https:\/\/webdelmaestrocmf.com\/portal\/#\/schema\/person\/1072a2ed7bd960df8ef99a551fa35dc5"},"headline":"EN ESTA NAVIDAD, NUESTRA GRATITUD Y RESPETO","datePublished":"2018-12-20T22:22:43+00:00","mainEntityOfPage":{"@id":"https:\/\/webdelmaestrocmf.com\/portal\/en-esta-navidad-nuestra-gratitud-y-respeto\/"},"wordCount":783,"commentCount":0,"publisher":{"@id":"https:\/\/webdelmaestrocmf.com\/portal\/#organization"},"image":{"@id":"https:\/\/webdelmaestrocmf.com\/portal\/en-esta-navidad-nuestra-gratitud-y-respeto\/#primaryimage"},"thumbnailUrl":"https:\/\/webdelmaestrocmf.com\/portal\/wp-content\/uploads\/2018\/12\/1-42.jpg","keywords":["2019","gratitud","NAVIDAD","NUESTRA","RESPETO"],"articleSection":["Yo opino - WMCMF"],"inLanguage":"es","potentialAction":[{"@type":"CommentAction","name":"Comment","target":["https:\/\/webdelmaestrocmf.com\/portal\/en-esta-navidad-nuestra-gratitud-y-respeto\/#respond"]}]},{"@type":"WebPage","@id":"https:\/\/webdelmaestrocmf.com\/portal\/en-esta-navidad-nuestra-gratitud-y-respeto\/","url":"https:\/\/webdelmaestrocmf.com\/portal\/en-esta-navidad-nuestra-gratitud-y-respeto\/","name":"EN ESTA NAVIDAD, NUESTRA GRATITUD Y RESPETO - 2026","isPartOf":{"@id":"https:\/\/webdelmaestrocmf.com\/portal\/#website"},"primaryImageOfPage":{"@id":"https:\/\/webdelmaestrocmf.com\/portal\/en-esta-navidad-nuestra-gratitud-y-respeto\/#primaryimage"},"image":{"@id":"https:\/\/webdelmaestrocmf.com\/portal\/en-esta-navidad-nuestra-gratitud-y-respeto\/#primaryimage"},"thumbnailUrl":"https:\/\/webdelmaestrocmf.com\/portal\/wp-content\/uploads\/2018\/12\/1-42.jpg","datePublished":"2018-12-20T22:22:43+00:00","description":"Comenzamos esta red educativa con mucho entusiasmo, en un tiempo de Navidad, semejante al de ahora, y nos hemos encontrando...","breadcrumb":{"@id":"https:\/\/webdelmaestrocmf.com\/portal\/en-esta-navidad-nuestra-gratitud-y-respeto\/#breadcrumb"},"inLanguage":"es","potentialAction":[{"@type":"ReadAction","target":["https:\/\/webdelmaestrocmf.com\/portal\/en-esta-navidad-nuestra-gratitud-y-respeto\/"]}]},{"@type":"ImageObject","inLanguage":"es","@id":"https:\/\/webdelmaestrocmf.com\/portal\/en-esta-navidad-nuestra-gratitud-y-respeto\/#primaryimage","url":"https:\/\/webdelmaestrocmf.com\/portal\/wp-content\/uploads\/2018\/12\/1-42.jpg","contentUrl":"https:\/\/webdelmaestrocmf.com\/portal\/wp-content\/uploads\/2018\/12\/1-42.jpg","width":1100,"height":680},{"@type":"BreadcrumbList","@id":"https:\/\/webdelmaestrocmf.com\/portal\/en-esta-navidad-nuestra-gratitud-y-respeto\/#breadcrumb","itemListElement":[{"@type":"ListItem","position":1,"name":"Portada","item":"https:\/\/webdelmaestrocmf.com\/portal\/"},{"@type":"ListItem","position":2,"name":"Yo opino - WMCMF","item":"https:\/\/webdelmaestrocmf.com\/portal\/category\/jamb\/"},{"@type":"ListItem","position":3,"name":"EN ESTA NAVIDAD, NUESTRA GRATITUD Y RESPETO"}]},{"@type":"WebSite","@id":"https:\/\/webdelmaestrocmf.com\/portal\/#website","url":"https:\/\/webdelmaestrocmf.com\/portal\/","name":"Web del Maestro CMF","description":"Maestros al servicio de la educaci\u00f3n","publisher":{"@id":"https:\/\/webdelmaestrocmf.com\/portal\/#organization"},"alternateName":"WMCMF","potentialAction":[{"@type":"SearchAction","target":{"@type":"EntryPoint","urlTemplate":"https:\/\/webdelmaestrocmf.com\/portal\/?s={search_term_string}"},"query-input":{"@type":"PropertyValueSpecification","valueRequired":true,"valueName":"search_term_string"}}],"inLanguage":"es"},{"@type":"Organization","@id":"https:\/\/webdelmaestrocmf.com\/portal\/#organization","name":"Web del Maestro CMF","alternateName":"WMCMF","url":"https:\/\/webdelmaestrocmf.com\/portal\/","logo":{"@type":"ImageObject","inLanguage":"es","@id":"https:\/\/webdelmaestrocmf.com\/portal\/#\/schema\/logo\/image\/","url":"https:\/\/webdelmaestrocmf.com\/portal\/wp-content\/uploads\/2023\/01\/logo-wmcmf-2.png","contentUrl":"https:\/\/webdelmaestrocmf.com\/portal\/wp-content\/uploads\/2023\/01\/logo-wmcmf-2.png","width":200,"height":60,"caption":"Web del Maestro CMF"},"image":{"@id":"https:\/\/webdelmaestrocmf.com\/portal\/#\/schema\/logo\/image\/"},"sameAs":["https:\/\/www.facebook.com\/WebdelMaestroCMF\/","https:\/\/x.com\/cmf_w","https:\/\/www.pinterest.com\/WMCMF\/","https:\/\/www.linkedin.com\/company\/web-del-maestro-cmf\/","https:\/\/www.instagram.com\/wmcmf\/","https:\/\/www.youtube.com\/channel\/UCDPSvjbdodE5sHnC3OxutHw","https:\/\/mastodon.social\/@wmcmf","https:\/\/www.tiktok.com\/@webdelmaestrocmf"]},{"@type":"Person","@id":"https:\/\/webdelmaestrocmf.com\/portal\/#\/schema\/person\/1072a2ed7bd960df8ef99a551fa35dc5","name":"Web del Maestro CMF","image":{"@type":"ImageObject","inLanguage":"es","@id":"https:\/\/secure.gravatar.com\/avatar\/23291dd5b5ae1077dcff3dbb04c3e02bd28403fa75af6d8787d5e97c5bbbe30b?s=96&d=mm&r=g","url":"https:\/\/secure.gravatar.com\/avatar\/23291dd5b5ae1077dcff3dbb04c3e02bd28403fa75af6d8787d5e97c5bbbe30b?s=96&d=mm&r=g","contentUrl":"https:\/\/secure.gravatar.com\/avatar\/23291dd5b5ae1077dcff3dbb04c3e02bd28403fa75af6d8787d5e97c5bbbe30b?s=96&d=mm&r=g","caption":"Web del Maestro CMF"},"description":"Esta Web se cre\u00f3 sin fines de lucro, con fines educativos, cient\u00edficos y acad\u00e9micos, para personas que tengan dificultades y\/o inconvenientes en visualizar el material original. El objetivo es entregar recursos, compartir experiencias y materiales que ayuden a los padres de familia, maestros y estudiantes en su actualizaci\u00f3n y formaci\u00f3n permanente, en bien de la Educaci\u00f3n.","sameAs":["http:\/\/webdelmaestrocmf.com\/portal","https:\/\/www.facebook.com\/WebdelMaestroCMF\/","https:\/\/www.instagram.com\/wmcmf\/","https:\/\/cl.linkedin.com\/company\/web-del-maestro-cmf","https:\/\/www.pinterest.com\/WMCMF\/publicaciones\/","https:\/\/x.com\/cmf_w","https:\/\/www.youtube.com\/@WMCMF"]}]}},"jetpack_featured_media_url":"https:\/\/webdelmaestrocmf.com\/portal\/wp-content\/uploads\/2018\/12\/1-42.jpg","jetpack_sharing_enabled":true,"jetpack-related-posts":[{"id":13266,"url":"https:\/\/webdelmaestrocmf.com\/portal\/valoramos-celebramos-caminar-los-40-000-seguidores-la-web-del-maestro-cmf\/","url_meta":{"origin":34000,"position":0},"title":"Valoramos y celebramos el caminar de los 40, 000 seguidores de la Web del Maestro CMF","author":"Web del Maestro CMF","date":"9 enero, 2017","format":false,"excerpt":"El n\u00famero 40 en la Biblia, no es casual, sino un signo constitutivo de la pedagog\u00eda de Dios en la historia de la salvaci\u00f3n. \u201cEl n\u00famero cuatro simboliza el universo material, seguido de ceros significa el tiempo de nuestra vida en la tierra, seguido de pruebas y dificultades\u201d (Aciprensa). Y\u2026","rel":"","context":"En \u00abYo opino - WMCMF\u00bb","block_context":{"text":"Yo opino - WMCMF","link":"https:\/\/webdelmaestrocmf.com\/portal\/category\/jamb\/"},"img":{"alt_text":"","src":"https:\/\/i0.wp.com\/webdelmaestrocmf.com\/portal\/wp-content\/uploads\/2017\/01\/a2-4.jpg?resize=350%2C200&ssl=1","width":350,"height":200,"srcset":"https:\/\/i0.wp.com\/webdelmaestrocmf.com\/portal\/wp-content\/uploads\/2017\/01\/a2-4.jpg?resize=350%2C200&ssl=1 1x, https:\/\/i0.wp.com\/webdelmaestrocmf.com\/portal\/wp-content\/uploads\/2017\/01\/a2-4.jpg?resize=525%2C300&ssl=1 1.5x, https:\/\/i0.wp.com\/webdelmaestrocmf.com\/portal\/wp-content\/uploads\/2017\/01\/a2-4.jpg?resize=700%2C400&ssl=1 2x, https:\/\/i0.wp.com\/webdelmaestrocmf.com\/portal\/wp-content\/uploads\/2017\/01\/a2-4.jpg?resize=1050%2C600&ssl=1 3x"},"classes":[]},{"id":45092,"url":"https:\/\/webdelmaestrocmf.com\/portal\/todas-las-mujeres-del-mundo-educan-gratitud-y-homenaje-al-genio-femenino-educador\/","url_meta":{"origin":34000,"position":1},"title":"Todas las mujeres del mundo educan: \u00a1Gratitud y homenaje al genio femenino educador!","author":"Web del Maestro CMF","date":"6 marzo, 2020","format":false,"excerpt":"Nuestra gratitud a la mujer, porque todas son educadoras, porque es la primera educadora que encontramos en nuestras vidas, cuya presencia la descubrimos y se queda para siempre en el alma y en el coraz\u00f3n de quienes hemos venido a este mundo por su generosidad total, parodiando al recordado cantante\u2026","rel":"","context":"En \u00abYo opino - WMCMF\u00bb","block_context":{"text":"Yo opino - WMCMF","link":"https:\/\/webdelmaestrocmf.com\/portal\/category\/jamb\/"},"img":{"alt_text":"","src":"https:\/\/i0.wp.com\/webdelmaestrocmf.com\/portal\/wp-content\/uploads\/2020\/03\/1-5.jpeg?resize=350%2C200&ssl=1","width":350,"height":200,"srcset":"https:\/\/i0.wp.com\/webdelmaestrocmf.com\/portal\/wp-content\/uploads\/2020\/03\/1-5.jpeg?resize=350%2C200&ssl=1 1x, https:\/\/i0.wp.com\/webdelmaestrocmf.com\/portal\/wp-content\/uploads\/2020\/03\/1-5.jpeg?resize=525%2C300&ssl=1 1.5x, https:\/\/i0.wp.com\/webdelmaestrocmf.com\/portal\/wp-content\/uploads\/2020\/03\/1-5.jpeg?resize=700%2C400&ssl=1 2x, https:\/\/i0.wp.com\/webdelmaestrocmf.com\/portal\/wp-content\/uploads\/2020\/03\/1-5.jpeg?resize=1050%2C600&ssl=1 3x"},"classes":[]},{"id":72259,"url":"https:\/\/webdelmaestrocmf.com\/portal\/con-motivo-de-la-navidad-2021\/","url_meta":{"origin":34000,"position":2},"title":"Con motivo de la Navidad","author":"Web del Maestro CMF","date":"25 diciembre, 2021","format":false,"excerpt":"En estas circunstancias hist\u00f3ricas tan especiales, al tener la oportunidad de celebrar la Navidad como un acontecimiento global de paz y buenos deseos, desde la Web del Maestro CMF queremos darles las gracias a todos los educadores que nos encontramos en la magia digital del ciberespacio, porque el cierre de\u2026","rel":"","context":"En \u00abYo opino - WMCMF\u00bb","block_context":{"text":"Yo opino - WMCMF","link":"https:\/\/webdelmaestrocmf.com\/portal\/category\/jamb\/"},"img":{"alt_text":"","src":"https:\/\/i0.wp.com\/webdelmaestrocmf.com\/portal\/wp-content\/uploads\/2021\/12\/1REW-5.jpg?resize=350%2C200&ssl=1","width":350,"height":200,"srcset":"https:\/\/i0.wp.com\/webdelmaestrocmf.com\/portal\/wp-content\/uploads\/2021\/12\/1REW-5.jpg?resize=350%2C200&ssl=1 1x, https:\/\/i0.wp.com\/webdelmaestrocmf.com\/portal\/wp-content\/uploads\/2021\/12\/1REW-5.jpg?resize=525%2C300&ssl=1 1.5x, https:\/\/i0.wp.com\/webdelmaestrocmf.com\/portal\/wp-content\/uploads\/2021\/12\/1REW-5.jpg?resize=700%2C400&ssl=1 2x, https:\/\/i0.wp.com\/webdelmaestrocmf.com\/portal\/wp-content\/uploads\/2021\/12\/1REW-5.jpg?resize=1050%2C600&ssl=1 3x"},"classes":[]},{"id":42961,"url":"https:\/\/webdelmaestrocmf.com\/portal\/felices-y-merecidas-fiestas-navidenas\/","url_meta":{"origin":34000,"position":3},"title":"Felices y merecidas fiestas navide\u00f1as","author":"Web del Maestro CMF","date":"23 diciembre, 2019","format":false,"excerpt":"Para los profesores, y para quienes apoyan cercanamente la tarea educativa en los centros escolares, este tiempo de la Navidad viene a ser como un \u201calto en el camino\u201d. Para muchos de nosotros, las fiestas de Navidad son un espacio de tiempo para tomar un descanso, un poco de respiro,\u2026","rel":"","context":"En \u00abYo opino - WMCMF\u00bb","block_context":{"text":"Yo opino - WMCMF","link":"https:\/\/webdelmaestrocmf.com\/portal\/category\/jamb\/"},"img":{"alt_text":"","src":"https:\/\/i0.wp.com\/webdelmaestrocmf.com\/portal\/wp-content\/uploads\/2019\/12\/1-65.jpg?resize=350%2C200&ssl=1","width":350,"height":200,"srcset":"https:\/\/i0.wp.com\/webdelmaestrocmf.com\/portal\/wp-content\/uploads\/2019\/12\/1-65.jpg?resize=350%2C200&ssl=1 1x, https:\/\/i0.wp.com\/webdelmaestrocmf.com\/portal\/wp-content\/uploads\/2019\/12\/1-65.jpg?resize=525%2C300&ssl=1 1.5x, https:\/\/i0.wp.com\/webdelmaestrocmf.com\/portal\/wp-content\/uploads\/2019\/12\/1-65.jpg?resize=700%2C400&ssl=1 2x, https:\/\/i0.wp.com\/webdelmaestrocmf.com\/portal\/wp-content\/uploads\/2019\/12\/1-65.jpg?resize=1050%2C600&ssl=1 3x"},"classes":[]},{"id":56503,"url":"https:\/\/webdelmaestrocmf.com\/portal\/navidad-ocasion-de-dejar-que-salga-la-luz-que-necesitamos-para-recorrer-junto-a-otros-el-camino\/","url_meta":{"origin":34000,"position":4},"title":"Navidad: Ocasi\u00f3n de dejar que salga la luz que necesitamos para recorrer junto a otros el camino","author":"Web del Maestro CMF","date":"28 diciembre, 2020","format":false,"excerpt":"Para los profesores del \u00e1rea de Educaci\u00f3n Religiosa, y todos los que est\u00e9n interesados, este tiempo de Navidad, en medio de una pandemia inesperada y llena de incertidumbres y temores, puede ser una oportunidad para revisar nuestro encuentro con Dios por medio de la oraci\u00f3n, ese acto de encuentro y\u2026","rel":"","context":"En \u00abYo opino - WMCMF\u00bb","block_context":{"text":"Yo opino - WMCMF","link":"https:\/\/webdelmaestrocmf.com\/portal\/category\/jamb\/"},"img":{"alt_text":"","src":"https:\/\/i0.wp.com\/webdelmaestrocmf.com\/portal\/wp-content\/uploads\/2020\/12\/1-copia-81.jpg?resize=350%2C200&ssl=1","width":350,"height":200,"srcset":"https:\/\/i0.wp.com\/webdelmaestrocmf.com\/portal\/wp-content\/uploads\/2020\/12\/1-copia-81.jpg?resize=350%2C200&ssl=1 1x, https:\/\/i0.wp.com\/webdelmaestrocmf.com\/portal\/wp-content\/uploads\/2020\/12\/1-copia-81.jpg?resize=525%2C300&ssl=1 1.5x, https:\/\/i0.wp.com\/webdelmaestrocmf.com\/portal\/wp-content\/uploads\/2020\/12\/1-copia-81.jpg?resize=700%2C400&ssl=1 2x, https:\/\/i0.wp.com\/webdelmaestrocmf.com\/portal\/wp-content\/uploads\/2020\/12\/1-copia-81.jpg?resize=1050%2C600&ssl=1 3x"},"classes":[]},{"id":12450,"url":"https:\/\/webdelmaestrocmf.com\/portal\/antonio-mansen-feliz-navidad-maestros-corazon\/","url_meta":{"origin":34000,"position":5},"title":"Feliz navidad maestros de coraz\u00f3n","author":"Web del Maestro CMF","date":"23 diciembre, 2016","format":false,"excerpt":"La Navidad nos invita a dejarnos educar por Dios, para entender que su pedagog\u00eda es la de la sencillez, la de la espera, la del di\u00e1logo, la de la humildad, la de la generosidad, la del creer en el otro, la del amor generoso, la que convoca\u00a0y ense\u00f1a que el\u2026","rel":"","context":"En \u00abYo opino - WMCMF\u00bb","block_context":{"text":"Yo opino - WMCMF","link":"https:\/\/webdelmaestrocmf.com\/portal\/category\/jamb\/"},"img":{"alt_text":"","src":"https:\/\/i0.wp.com\/webdelmaestrocmf.com\/portal\/wp-content\/uploads\/2016\/12\/a2-1.jpg?resize=350%2C200&ssl=1","width":350,"height":200,"srcset":"https:\/\/i0.wp.com\/webdelmaestrocmf.com\/portal\/wp-content\/uploads\/2016\/12\/a2-1.jpg?resize=350%2C200&ssl=1 1x, https:\/\/i0.wp.com\/webdelmaestrocmf.com\/portal\/wp-content\/uploads\/2016\/12\/a2-1.jpg?resize=525%2C300&ssl=1 1.5x, https:\/\/i0.wp.com\/webdelmaestrocmf.com\/portal\/wp-content\/uploads\/2016\/12\/a2-1.jpg?resize=700%2C400&ssl=1 2x, https:\/\/i0.wp.com\/webdelmaestrocmf.com\/portal\/wp-content\/uploads\/2016\/12\/a2-1.jpg?resize=1050%2C600&ssl=1 3x"},"classes":[]}],"_links":{"self":[{"href":"https:\/\/webdelmaestrocmf.com\/portal\/wp-json\/wp\/v2\/posts\/34000","targetHints":{"allow":["GET"]}}],"collection":[{"href":"https:\/\/webdelmaestrocmf.com\/portal\/wp-json\/wp\/v2\/posts"}],"about":[{"href":"https:\/\/webdelmaestrocmf.com\/portal\/wp-json\/wp\/v2\/types\/post"}],"author":[{"embeddable":true,"href":"https:\/\/webdelmaestrocmf.com\/portal\/wp-json\/wp\/v2\/users\/1"}],"replies":[{"embeddable":true,"href":"https:\/\/webdelmaestrocmf.com\/portal\/wp-json\/wp\/v2\/comments?post=34000"}],"version-history":[{"count":0,"href":"https:\/\/webdelmaestrocmf.com\/portal\/wp-json\/wp\/v2\/posts\/34000\/revisions"}],"wp:featuredmedia":[{"embeddable":true,"href":"https:\/\/webdelmaestrocmf.com\/portal\/wp-json\/wp\/v2\/media\/34004"}],"wp:attachment":[{"href":"https:\/\/webdelmaestrocmf.com\/portal\/wp-json\/wp\/v2\/media?parent=34000"}],"wp:term":[{"taxonomy":"category","embeddable":true,"href":"https:\/\/webdelmaestrocmf.com\/portal\/wp-json\/wp\/v2\/categories?post=34000"},{"taxonomy":"post_tag","embeddable":true,"href":"https:\/\/webdelmaestrocmf.com\/portal\/wp-json\/wp\/v2\/tags?post=34000"}],"curies":[{"name":"wp","href":"https:\/\/api.w.org\/{rel}","templated":true}]}}