{"id":33782,"date":"2018-12-11T13:21:49","date_gmt":"2018-12-11T16:21:49","guid":{"rendered":"http:\/\/webdelmaestrocmf.com\/portal\/?p=33782"},"modified":"2022-03-13T16:37:12","modified_gmt":"2022-03-13T19:37:12","slug":"papa-francisco-preparemonos-para-la-navidad-a-traves-de-la-reconciliacion-y-el-perdon","status":"publish","type":"post","link":"https:\/\/webdelmaestrocmf.com\/portal\/papa-francisco-preparemonos-para-la-navidad-a-traves-de-la-reconciliacion-y-el-perdon\/","title":{"rendered":"Papa Francisco: prepar\u00e9monos para la navidad a trav\u00e9s de la reconciliaci\u00f3n y el perd\u00f3n"},"content":{"rendered":"<h5 class=\"paragraph text-block__paragraph text-block__element\" style=\"text-align: justify;\">En el \u00c1ngelus del domingo el Papa reflexion\u00f3 sobre el mensaje del segundo domingo de Adviento y su invitaci\u00f3n para preparar la Navidad.<\/h5>\n<h5 class=\"paragraph text-block__paragraph text-block__element\" style=\"text-align: justify;\">Francisco remarc\u00f3 la necesidad de una conversi\u00f3n personal durante este tiempo de espera. Dijo que lo primoero es estar disponibles para ayudar a los dem\u00e1s.<\/h5>\n<h5><!--more--><\/h5>\n<h5 class=\"paragraph text-block__paragraph text-block__element\" style=\"text-align: justify;\">\u201cAnte todo, estamos llamados a recuperar lo que se ha perdido por la frialdad y la indiferencia, abri\u00e9ndonos a los dem\u00e1s con los mismos sentimientos de Jes\u00fas, es decir, con esa cordialidad y atenci\u00f3n fraterna que se hace cargo de las necesidades del pr\u00f3jimo\u201d.<\/h5>\n<p class=\"paragraph text-block__paragraph text-block__element\" style=\"text-align: justify;\">El Papa dijo que no puede haber una relaci\u00f3n verdadera de amor si no se resuelven algunos puntos pendientes. Dijo que este es el momento de hacer gestos concretos de reconciliaci\u00f3n con el pr\u00f3jimo.<\/p>\n<p><img loading=\"lazy\" decoding=\"async\" class=\"alignnone size-full wp-image-33787\" src=\"http:\/\/webdelmaestrocmf.com\/portal\/wp-content\/uploads\/2018\/12\/1-23.jpg\" alt=\"\" width=\"1100\" height=\"680\" srcset=\"https:\/\/webdelmaestrocmf.com\/portal\/wp-content\/uploads\/2018\/12\/1-23.jpg 1100w, https:\/\/webdelmaestrocmf.com\/portal\/wp-content\/uploads\/2018\/12\/1-23-300x185.jpg 300w, https:\/\/webdelmaestrocmf.com\/portal\/wp-content\/uploads\/2018\/12\/1-23-768x475.jpg 768w, https:\/\/webdelmaestrocmf.com\/portal\/wp-content\/uploads\/2018\/12\/1-23-1024x633.jpg 1024w\" sizes=\"auto, (max-width: 1100px) 100vw, 1100px\" \/><\/p>\n<h4 class=\"paragraph text-block__paragraph text-block__element\"><strong>FRANCISCO<\/strong><\/h4>\n<p style=\"text-align: justify;\">\u201cSe deben limar las asperezas causadas por el orgullo y la soberbia. Cu\u00e1nta gente, quiz\u00e1s sin darse cuenta, es soberbia, es \u00e1spera, no tiene esa relaci\u00f3n cordial. Es necesario superar esto compliendo gestos concretos de reconciliaci\u00f3n con nuestros hermanos y pidiendo perd\u00f3n por nuestras culpas\u201d.<\/p>\n<p class=\"paragraph text-block__paragraph text-block__element\" style=\"text-align: justify;\">Record\u00f3 el ejemplo de Juan el Bautista, quien infudi\u00f3 esperanza en la gente a pesar de los errores y derrotas que sufrieron en el pasado.<\/p>\n<p class=\"paragraph text-block__paragraph text-block__element\" style=\"text-align: justify;\">El Papa termin\u00f3 la oraci\u00f3n pidiendo a la Virgen Mar\u00eda que ayude a los cristianos a preparar la Navidad a trav\u00e9s de la paciencia, sembrando la paz, la justicia y la fraternidad.<\/p>\n<p><strong>Este contenido ha sido publicado originalmente por ROME REPORTS en la siguiente direcci\u00f3n:\u00a0<a href=\"http:\/\/romereports.com\" target=\"_blank\" rel=\"noopener\">romereports.com<\/a><\/strong><\/p>\n<p><iframe loading=\"lazy\" src=\"https:\/\/www.youtube.com\/embed\/XkjQgA598tI\" width=\"100%\" height=\"400\" frameborder=\"0\" allowfullscreen=\"allowfullscreen\"><span data-mce-type=\"bookmark\" style=\"display: inline-block; width: 0px; overflow: hidden; line-height: 0;\" class=\"mce_SELRES_start\">\ufeff<\/span><span data-mce-type=\"bookmark\" style=\"display: inline-block; width: 0px; overflow: hidden; line-height: 0;\" class=\"mce_SELRES_start\">\ufeff<\/span><\/iframe><\/p>\n\t\t<div class=\"pk-inline-posts\">\n\t\t\t\n\t\t\t<div class=\"pk-inline-posts-container pk-inline-posts-template-list\"\n\t\t\t\tdata-columns=\"1\">\n\t\t\t\t\t\t<article id=\"post-117930\" class=\"post-117930 post type-post status-publish format-standard has-post-thumbnail category-pastoral category-noticias-internacionales category-papa-leon-xiv tag-conflictos tag-derechos-humanos tag-educacion-en-valores-2 tag-etica-3 tag-justicia-social tag-liderazgo tag-papa-2 tag-paz tag-reflexion-2 tag-solidaridad cs-entry cs-video-wrap\">\n\t\t\t<div class=\"pk-post-outer\">\n\n\t\t\t\t\t\t\t\t<div class=\"pk-post-inner\">\n\t\t\t\t\t<div class=\"entry-thumbnail\">\n\t\t\t\t\t\t<div class=\"pk-overlay pk-overlay-ratio pk-ratio-landscape\">\n\t\t\t\t\t\t\t<div class=\"pk-overlay-background\">\n\t\t\t\t\t\t\t\t<a href=\"https:\/\/webdelmaestrocmf.com\/portal\/papa-leon-xiv-el-mundo-esta-siendo-destruido-por-unos-pocos-tiranos-en-referencia-a-trump\/\" class=\"pk-overlay-link\">\n\t\t\t\t\t\t\t\t\t<img loading=\"lazy\" decoding=\"async\" width=\"300\" height=\"225\" src=\"https:\/\/webdelmaestrocmf.com\/portal\/wp-content\/uploads\/2026\/04\/1AA-Banner-1-portada-imagen-10-1-copia-30-300x225.webp\" class=\"attachment-pk-thumbnail size-pk-thumbnail wp-post-image\" alt=\"\" \/>\t\t\t\t\t\t\t\t<\/a>\n\t\t\t\t\t\t\t<\/div>\n\t\t\t\t\t\t<\/div>\n\t\t\t\t\t<\/div>\n\t\t\t\t<\/div>\n\t\t\t\t\n\t\t\t\t<div class=\"pk-post-inner\">\n\t\t\t\t\t<header>\n\t\t\t\t\t\t<h3 class=\"pk-title\"><a href=\"https:\/\/webdelmaestrocmf.com\/portal\/papa-leon-xiv-el-mundo-esta-siendo-destruido-por-unos-pocos-tiranos-en-referencia-a-trump\/\" rel=\"bookmark\">Papa Le\u00f3n XIV: \u201cEl mundo est\u00e1 siendo destruido por unos pocos tiranos\u201d, en referencia a Trump<\/a><\/h3>\t\t\t\t\t<\/header><!-- .entry-header -->\n\t\t\t\t<\/div><!-- .post-inner -->\n\n\t\t\t<\/div><!-- .post-outer -->\n\t\t<\/article>\n\t\t\t\t<\/div>\n\t\t<\/div>\n\t\t\n","protected":false},"excerpt":{"rendered":"En el \u00c1ngelus del domingo el Papa reflexion\u00f3 sobre el mensaje del segundo domingo de Adviento y su&hellip;","protected":false},"author":1,"featured_media":33788,"comment_status":"open","ping_status":"closed","sticky":false,"template":"","format":"standard","meta":{"csco_display_header_overlay":false,"csco_singular_sidebar":"default","csco_page_header_type":"default","csco_page_load_nextpost":"default","csco_post_video_location":[],"csco_post_video_location_hash":"","csco_post_video_url":"","csco_post_video_bg_start_time":0,"csco_post_video_bg_end_time":0,"csco_post_video_bg_volume":false,"_jetpack_memberships_contains_paid_content":false,"footnotes":""},"categories":[431,467],"tags":[1582,218,3996,3995],"class_list":{"0":"post-33782","1":"post","2":"type-post","3":"status-publish","4":"format-standard","5":"has-post-thumbnail","7":"category-pastoral","8":"category-papa-francisco","9":"tag-navidad","10":"tag-papa-francisco","11":"tag-perdon","12":"tag-reconciliacion","13":"cs-entry","14":"cs-video-wrap"},"yoast_head":"<!-- This site is optimized with the Yoast SEO plugin v27.5 - https:\/\/yoast.com\/product\/yoast-seo-wordpress\/ -->\n<title>Papa Francisco: prepar\u00e9monos para la navidad a trav\u00e9s de la reconciliaci\u00f3n y el perd\u00f3n - 2026<\/title>\n<meta name=\"description\" content=\"Ante todo, estamos llamados a recuperar lo que se ha perdido por la frialdad y la indiferencia, abri\u00e9ndonos a los dem\u00e1s con los...\" \/>\n<meta name=\"robots\" content=\"index, follow, max-snippet:-1, max-image-preview:large, max-video-preview:-1\" \/>\n<link rel=\"canonical\" href=\"https:\/\/webdelmaestrocmf.com\/portal\/papa-francisco-preparemonos-para-la-navidad-a-traves-de-la-reconciliacion-y-el-perdon\/\" \/>\n<meta property=\"og:locale\" content=\"es_ES\" \/>\n<meta property=\"og:type\" content=\"article\" \/>\n<meta property=\"og:title\" content=\"Papa Francisco: prepar\u00e9monos para la navidad a trav\u00e9s de la reconciliaci\u00f3n y el perd\u00f3n - 2026\" \/>\n<meta property=\"og:description\" content=\"Ante todo, estamos llamados a recuperar lo que se ha perdido por la frialdad y la indiferencia, abri\u00e9ndonos a los dem\u00e1s con los...\" \/>\n<meta property=\"og:url\" content=\"https:\/\/webdelmaestrocmf.com\/portal\/papa-francisco-preparemonos-para-la-navidad-a-traves-de-la-reconciliacion-y-el-perdon\/\" \/>\n<meta property=\"og:site_name\" content=\"Web del Maestro CMF\" \/>\n<meta property=\"article:publisher\" content=\"https:\/\/www.facebook.com\/WebdelMaestroCMF\/\" \/>\n<meta property=\"article:author\" content=\"https:\/\/www.facebook.com\/WebdelMaestroCMF\/\" \/>\n<meta property=\"article:published_time\" content=\"2018-12-11T16:21:49+00:00\" \/>\n<meta property=\"article:modified_time\" content=\"2022-03-13T19:37:12+00:00\" \/>\n<meta property=\"og:image\" content=\"https:\/\/i0.wp.com\/webdelmaestrocmf.com\/portal\/wp-content\/uploads\/2018\/12\/1-24.jpg?fit=1024%2C682&ssl=1\" \/>\n\t<meta property=\"og:image:width\" content=\"1024\" \/>\n\t<meta property=\"og:image:height\" content=\"682\" \/>\n\t<meta property=\"og:image:type\" content=\"image\/jpeg\" \/>\n<meta name=\"author\" content=\"Web del Maestro CMF\" \/>\n<meta name=\"twitter:card\" content=\"summary_large_image\" \/>\n<meta name=\"twitter:creator\" content=\"@cmf_w\" \/>\n<meta name=\"twitter:site\" content=\"@cmf_w\" \/>\n<script type=\"application\/ld+json\" class=\"yoast-schema-graph\">{\"@context\":\"https:\\\/\\\/schema.org\",\"@graph\":[{\"@type\":\"ScholarlyArticle\",\"@id\":\"https:\\\/\\\/webdelmaestrocmf.com\\\/portal\\\/papa-francisco-preparemonos-para-la-navidad-a-traves-de-la-reconciliacion-y-el-perdon\\\/#article\",\"isPartOf\":{\"@id\":\"https:\\\/\\\/webdelmaestrocmf.com\\\/portal\\\/papa-francisco-preparemonos-para-la-navidad-a-traves-de-la-reconciliacion-y-el-perdon\\\/\"},\"author\":{\"name\":\"Web del Maestro CMF\",\"@id\":\"https:\\\/\\\/webdelmaestrocmf.com\\\/portal\\\/#\\\/schema\\\/person\\\/1072a2ed7bd960df8ef99a551fa35dc5\"},\"headline\":\"Papa Francisco: prepar\u00e9monos para la navidad a trav\u00e9s de la reconciliaci\u00f3n y el perd\u00f3n\",\"datePublished\":\"2018-12-11T16:21:49+00:00\",\"dateModified\":\"2022-03-13T19:37:12+00:00\",\"mainEntityOfPage\":{\"@id\":\"https:\\\/\\\/webdelmaestrocmf.com\\\/portal\\\/papa-francisco-preparemonos-para-la-navidad-a-traves-de-la-reconciliacion-y-el-perdon\\\/\"},\"wordCount\":284,\"commentCount\":0,\"publisher\":{\"@id\":\"https:\\\/\\\/webdelmaestrocmf.com\\\/portal\\\/#organization\"},\"image\":{\"@id\":\"https:\\\/\\\/webdelmaestrocmf.com\\\/portal\\\/papa-francisco-preparemonos-para-la-navidad-a-traves-de-la-reconciliacion-y-el-perdon\\\/#primaryimage\"},\"thumbnailUrl\":\"https:\\\/\\\/webdelmaestrocmf.com\\\/portal\\\/wp-content\\\/uploads\\\/2018\\\/12\\\/1-24.jpg\",\"keywords\":[\"NAVIDAD\",\"Papa Francisco\",\"PERD\u00d3N\",\"RECONCILIACI\u00d3N\"],\"articleSection\":[\"Mundo cart\u00f3lico\",\"Papa Francisco\"],\"inLanguage\":\"es\",\"potentialAction\":[{\"@type\":\"CommentAction\",\"name\":\"Comment\",\"target\":[\"https:\\\/\\\/webdelmaestrocmf.com\\\/portal\\\/papa-francisco-preparemonos-para-la-navidad-a-traves-de-la-reconciliacion-y-el-perdon\\\/#respond\"]}]},{\"@type\":\"WebPage\",\"@id\":\"https:\\\/\\\/webdelmaestrocmf.com\\\/portal\\\/papa-francisco-preparemonos-para-la-navidad-a-traves-de-la-reconciliacion-y-el-perdon\\\/\",\"url\":\"https:\\\/\\\/webdelmaestrocmf.com\\\/portal\\\/papa-francisco-preparemonos-para-la-navidad-a-traves-de-la-reconciliacion-y-el-perdon\\\/\",\"name\":\"Papa Francisco: prepar\u00e9monos para la navidad a trav\u00e9s de la reconciliaci\u00f3n y el perd\u00f3n - 2026\",\"isPartOf\":{\"@id\":\"https:\\\/\\\/webdelmaestrocmf.com\\\/portal\\\/#website\"},\"primaryImageOfPage\":{\"@id\":\"https:\\\/\\\/webdelmaestrocmf.com\\\/portal\\\/papa-francisco-preparemonos-para-la-navidad-a-traves-de-la-reconciliacion-y-el-perdon\\\/#primaryimage\"},\"image\":{\"@id\":\"https:\\\/\\\/webdelmaestrocmf.com\\\/portal\\\/papa-francisco-preparemonos-para-la-navidad-a-traves-de-la-reconciliacion-y-el-perdon\\\/#primaryimage\"},\"thumbnailUrl\":\"https:\\\/\\\/webdelmaestrocmf.com\\\/portal\\\/wp-content\\\/uploads\\\/2018\\\/12\\\/1-24.jpg\",\"datePublished\":\"2018-12-11T16:21:49+00:00\",\"dateModified\":\"2022-03-13T19:37:12+00:00\",\"description\":\"Ante todo, estamos llamados a recuperar lo que se ha perdido por la frialdad y la indiferencia, abri\u00e9ndonos a los dem\u00e1s con los...\",\"breadcrumb\":{\"@id\":\"https:\\\/\\\/webdelmaestrocmf.com\\\/portal\\\/papa-francisco-preparemonos-para-la-navidad-a-traves-de-la-reconciliacion-y-el-perdon\\\/#breadcrumb\"},\"inLanguage\":\"es\",\"potentialAction\":[{\"@type\":\"ReadAction\",\"target\":[\"https:\\\/\\\/webdelmaestrocmf.com\\\/portal\\\/papa-francisco-preparemonos-para-la-navidad-a-traves-de-la-reconciliacion-y-el-perdon\\\/\"]}]},{\"@type\":\"ImageObject\",\"inLanguage\":\"es\",\"@id\":\"https:\\\/\\\/webdelmaestrocmf.com\\\/portal\\\/papa-francisco-preparemonos-para-la-navidad-a-traves-de-la-reconciliacion-y-el-perdon\\\/#primaryimage\",\"url\":\"https:\\\/\\\/webdelmaestrocmf.com\\\/portal\\\/wp-content\\\/uploads\\\/2018\\\/12\\\/1-24.jpg\",\"contentUrl\":\"https:\\\/\\\/webdelmaestrocmf.com\\\/portal\\\/wp-content\\\/uploads\\\/2018\\\/12\\\/1-24.jpg\",\"width\":1024,\"height\":682},{\"@type\":\"BreadcrumbList\",\"@id\":\"https:\\\/\\\/webdelmaestrocmf.com\\\/portal\\\/papa-francisco-preparemonos-para-la-navidad-a-traves-de-la-reconciliacion-y-el-perdon\\\/#breadcrumb\",\"itemListElement\":[{\"@type\":\"ListItem\",\"position\":1,\"name\":\"Portada\",\"item\":\"https:\\\/\\\/webdelmaestrocmf.com\\\/portal\\\/\"},{\"@type\":\"ListItem\",\"position\":2,\"name\":\"Mundo cart\u00f3lico\",\"item\":\"https:\\\/\\\/webdelmaestrocmf.com\\\/portal\\\/category\\\/pastoral\\\/\"},{\"@type\":\"ListItem\",\"position\":3,\"name\":\"Papa Francisco: prepar\u00e9monos para la navidad a trav\u00e9s de la reconciliaci\u00f3n y el perd\u00f3n\"}]},{\"@type\":\"WebSite\",\"@id\":\"https:\\\/\\\/webdelmaestrocmf.com\\\/portal\\\/#website\",\"url\":\"https:\\\/\\\/webdelmaestrocmf.com\\\/portal\\\/\",\"name\":\"Web del Maestro CMF\",\"description\":\"Maestros al servicio de la educaci\u00f3n\",\"publisher\":{\"@id\":\"https:\\\/\\\/webdelmaestrocmf.com\\\/portal\\\/#organization\"},\"alternateName\":\"WMCMF\",\"potentialAction\":[{\"@type\":\"SearchAction\",\"target\":{\"@type\":\"EntryPoint\",\"urlTemplate\":\"https:\\\/\\\/webdelmaestrocmf.com\\\/portal\\\/?s={search_term_string}\"},\"query-input\":{\"@type\":\"PropertyValueSpecification\",\"valueRequired\":true,\"valueName\":\"search_term_string\"}}],\"inLanguage\":\"es\"},{\"@type\":\"Organization\",\"@id\":\"https:\\\/\\\/webdelmaestrocmf.com\\\/portal\\\/#organization\",\"name\":\"Web del Maestro CMF\",\"alternateName\":\"WMCMF\",\"url\":\"https:\\\/\\\/webdelmaestrocmf.com\\\/portal\\\/\",\"logo\":{\"@type\":\"ImageObject\",\"inLanguage\":\"es\",\"@id\":\"https:\\\/\\\/webdelmaestrocmf.com\\\/portal\\\/#\\\/schema\\\/logo\\\/image\\\/\",\"url\":\"https:\\\/\\\/webdelmaestrocmf.com\\\/portal\\\/wp-content\\\/uploads\\\/2023\\\/01\\\/logo-wmcmf-2.png\",\"contentUrl\":\"https:\\\/\\\/webdelmaestrocmf.com\\\/portal\\\/wp-content\\\/uploads\\\/2023\\\/01\\\/logo-wmcmf-2.png\",\"width\":200,\"height\":60,\"caption\":\"Web del Maestro CMF\"},\"image\":{\"@id\":\"https:\\\/\\\/webdelmaestrocmf.com\\\/portal\\\/#\\\/schema\\\/logo\\\/image\\\/\"},\"sameAs\":[\"https:\\\/\\\/www.facebook.com\\\/WebdelMaestroCMF\\\/\",\"https:\\\/\\\/x.com\\\/cmf_w\",\"https:\\\/\\\/www.pinterest.com\\\/WMCMF\\\/\",\"https:\\\/\\\/www.linkedin.com\\\/company\\\/web-del-maestro-cmf\\\/\",\"https:\\\/\\\/www.instagram.com\\\/wmcmf\\\/\",\"https:\\\/\\\/www.youtube.com\\\/channel\\\/UCDPSvjbdodE5sHnC3OxutHw\",\"https:\\\/\\\/mastodon.social\\\/@wmcmf\",\"https:\\\/\\\/www.tiktok.com\\\/@webdelmaestrocmf\"]},{\"@type\":\"Person\",\"@id\":\"https:\\\/\\\/webdelmaestrocmf.com\\\/portal\\\/#\\\/schema\\\/person\\\/1072a2ed7bd960df8ef99a551fa35dc5\",\"name\":\"Web del Maestro CMF\",\"image\":{\"@type\":\"ImageObject\",\"inLanguage\":\"es\",\"@id\":\"https:\\\/\\\/secure.gravatar.com\\\/avatar\\\/23291dd5b5ae1077dcff3dbb04c3e02bd28403fa75af6d8787d5e97c5bbbe30b?s=96&d=mm&r=g\",\"url\":\"https:\\\/\\\/secure.gravatar.com\\\/avatar\\\/23291dd5b5ae1077dcff3dbb04c3e02bd28403fa75af6d8787d5e97c5bbbe30b?s=96&d=mm&r=g\",\"contentUrl\":\"https:\\\/\\\/secure.gravatar.com\\\/avatar\\\/23291dd5b5ae1077dcff3dbb04c3e02bd28403fa75af6d8787d5e97c5bbbe30b?s=96&d=mm&r=g\",\"caption\":\"Web del Maestro CMF\"},\"description\":\"Esta Web se cre\u00f3 sin fines de lucro, con fines educativos, cient\u00edficos y acad\u00e9micos, para personas que tengan dificultades y\\\/o inconvenientes en visualizar el material original. El objetivo es entregar recursos, compartir experiencias y materiales que ayuden a los padres de familia, maestros y estudiantes en su actualizaci\u00f3n y formaci\u00f3n permanente, en bien de la Educaci\u00f3n.\",\"sameAs\":[\"http:\\\/\\\/webdelmaestrocmf.com\\\/portal\",\"https:\\\/\\\/www.facebook.com\\\/WebdelMaestroCMF\\\/\",\"https:\\\/\\\/www.instagram.com\\\/wmcmf\\\/\",\"https:\\\/\\\/cl.linkedin.com\\\/company\\\/web-del-maestro-cmf\",\"https:\\\/\\\/www.pinterest.com\\\/WMCMF\\\/publicaciones\\\/\",\"https:\\\/\\\/x.com\\\/cmf_w\",\"https:\\\/\\\/www.youtube.com\\\/@WMCMF\"]}]}<\/script>\n<!-- \/ Yoast SEO plugin. -->","yoast_head_json":{"title":"Papa Francisco: prepar\u00e9monos para la navidad a trav\u00e9s de la reconciliaci\u00f3n y el perd\u00f3n - 2026","description":"Ante todo, estamos llamados a recuperar lo que se ha perdido por la frialdad y la indiferencia, abri\u00e9ndonos a los dem\u00e1s con los...","robots":{"index":"index","follow":"follow","max-snippet":"max-snippet:-1","max-image-preview":"max-image-preview:large","max-video-preview":"max-video-preview:-1"},"canonical":"https:\/\/webdelmaestrocmf.com\/portal\/papa-francisco-preparemonos-para-la-navidad-a-traves-de-la-reconciliacion-y-el-perdon\/","og_locale":"es_ES","og_type":"article","og_title":"Papa Francisco: prepar\u00e9monos para la navidad a trav\u00e9s de la reconciliaci\u00f3n y el perd\u00f3n - 2026","og_description":"Ante todo, estamos llamados a recuperar lo que se ha perdido por la frialdad y la indiferencia, abri\u00e9ndonos a los dem\u00e1s con los...","og_url":"https:\/\/webdelmaestrocmf.com\/portal\/papa-francisco-preparemonos-para-la-navidad-a-traves-de-la-reconciliacion-y-el-perdon\/","og_site_name":"Web del Maestro CMF","article_publisher":"https:\/\/www.facebook.com\/WebdelMaestroCMF\/","article_author":"https:\/\/www.facebook.com\/WebdelMaestroCMF\/","article_published_time":"2018-12-11T16:21:49+00:00","article_modified_time":"2022-03-13T19:37:12+00:00","og_image":[{"width":1024,"height":682,"url":"https:\/\/i0.wp.com\/webdelmaestrocmf.com\/portal\/wp-content\/uploads\/2018\/12\/1-24.jpg?fit=1024%2C682&ssl=1","type":"image\/jpeg"}],"author":"Web del Maestro CMF","twitter_card":"summary_large_image","twitter_creator":"@cmf_w","twitter_site":"@cmf_w","schema":{"@context":"https:\/\/schema.org","@graph":[{"@type":"ScholarlyArticle","@id":"https:\/\/webdelmaestrocmf.com\/portal\/papa-francisco-preparemonos-para-la-navidad-a-traves-de-la-reconciliacion-y-el-perdon\/#article","isPartOf":{"@id":"https:\/\/webdelmaestrocmf.com\/portal\/papa-francisco-preparemonos-para-la-navidad-a-traves-de-la-reconciliacion-y-el-perdon\/"},"author":{"name":"Web del Maestro CMF","@id":"https:\/\/webdelmaestrocmf.com\/portal\/#\/schema\/person\/1072a2ed7bd960df8ef99a551fa35dc5"},"headline":"Papa Francisco: prepar\u00e9monos para la navidad a trav\u00e9s de la reconciliaci\u00f3n y el perd\u00f3n","datePublished":"2018-12-11T16:21:49+00:00","dateModified":"2022-03-13T19:37:12+00:00","mainEntityOfPage":{"@id":"https:\/\/webdelmaestrocmf.com\/portal\/papa-francisco-preparemonos-para-la-navidad-a-traves-de-la-reconciliacion-y-el-perdon\/"},"wordCount":284,"commentCount":0,"publisher":{"@id":"https:\/\/webdelmaestrocmf.com\/portal\/#organization"},"image":{"@id":"https:\/\/webdelmaestrocmf.com\/portal\/papa-francisco-preparemonos-para-la-navidad-a-traves-de-la-reconciliacion-y-el-perdon\/#primaryimage"},"thumbnailUrl":"https:\/\/webdelmaestrocmf.com\/portal\/wp-content\/uploads\/2018\/12\/1-24.jpg","keywords":["NAVIDAD","Papa Francisco","PERD\u00d3N","RECONCILIACI\u00d3N"],"articleSection":["Mundo cart\u00f3lico","Papa Francisco"],"inLanguage":"es","potentialAction":[{"@type":"CommentAction","name":"Comment","target":["https:\/\/webdelmaestrocmf.com\/portal\/papa-francisco-preparemonos-para-la-navidad-a-traves-de-la-reconciliacion-y-el-perdon\/#respond"]}]},{"@type":"WebPage","@id":"https:\/\/webdelmaestrocmf.com\/portal\/papa-francisco-preparemonos-para-la-navidad-a-traves-de-la-reconciliacion-y-el-perdon\/","url":"https:\/\/webdelmaestrocmf.com\/portal\/papa-francisco-preparemonos-para-la-navidad-a-traves-de-la-reconciliacion-y-el-perdon\/","name":"Papa Francisco: prepar\u00e9monos para la navidad a trav\u00e9s de la reconciliaci\u00f3n y el perd\u00f3n - 2026","isPartOf":{"@id":"https:\/\/webdelmaestrocmf.com\/portal\/#website"},"primaryImageOfPage":{"@id":"https:\/\/webdelmaestrocmf.com\/portal\/papa-francisco-preparemonos-para-la-navidad-a-traves-de-la-reconciliacion-y-el-perdon\/#primaryimage"},"image":{"@id":"https:\/\/webdelmaestrocmf.com\/portal\/papa-francisco-preparemonos-para-la-navidad-a-traves-de-la-reconciliacion-y-el-perdon\/#primaryimage"},"thumbnailUrl":"https:\/\/webdelmaestrocmf.com\/portal\/wp-content\/uploads\/2018\/12\/1-24.jpg","datePublished":"2018-12-11T16:21:49+00:00","dateModified":"2022-03-13T19:37:12+00:00","description":"Ante todo, estamos llamados a recuperar lo que se ha perdido por la frialdad y la indiferencia, abri\u00e9ndonos a los dem\u00e1s con los...","breadcrumb":{"@id":"https:\/\/webdelmaestrocmf.com\/portal\/papa-francisco-preparemonos-para-la-navidad-a-traves-de-la-reconciliacion-y-el-perdon\/#breadcrumb"},"inLanguage":"es","potentialAction":[{"@type":"ReadAction","target":["https:\/\/webdelmaestrocmf.com\/portal\/papa-francisco-preparemonos-para-la-navidad-a-traves-de-la-reconciliacion-y-el-perdon\/"]}]},{"@type":"ImageObject","inLanguage":"es","@id":"https:\/\/webdelmaestrocmf.com\/portal\/papa-francisco-preparemonos-para-la-navidad-a-traves-de-la-reconciliacion-y-el-perdon\/#primaryimage","url":"https:\/\/webdelmaestrocmf.com\/portal\/wp-content\/uploads\/2018\/12\/1-24.jpg","contentUrl":"https:\/\/webdelmaestrocmf.com\/portal\/wp-content\/uploads\/2018\/12\/1-24.jpg","width":1024,"height":682},{"@type":"BreadcrumbList","@id":"https:\/\/webdelmaestrocmf.com\/portal\/papa-francisco-preparemonos-para-la-navidad-a-traves-de-la-reconciliacion-y-el-perdon\/#breadcrumb","itemListElement":[{"@type":"ListItem","position":1,"name":"Portada","item":"https:\/\/webdelmaestrocmf.com\/portal\/"},{"@type":"ListItem","position":2,"name":"Mundo cart\u00f3lico","item":"https:\/\/webdelmaestrocmf.com\/portal\/category\/pastoral\/"},{"@type":"ListItem","position":3,"name":"Papa Francisco: prepar\u00e9monos para la navidad a trav\u00e9s de la reconciliaci\u00f3n y el perd\u00f3n"}]},{"@type":"WebSite","@id":"https:\/\/webdelmaestrocmf.com\/portal\/#website","url":"https:\/\/webdelmaestrocmf.com\/portal\/","name":"Web del Maestro CMF","description":"Maestros al servicio de la educaci\u00f3n","publisher":{"@id":"https:\/\/webdelmaestrocmf.com\/portal\/#organization"},"alternateName":"WMCMF","potentialAction":[{"@type":"SearchAction","target":{"@type":"EntryPoint","urlTemplate":"https:\/\/webdelmaestrocmf.com\/portal\/?s={search_term_string}"},"query-input":{"@type":"PropertyValueSpecification","valueRequired":true,"valueName":"search_term_string"}}],"inLanguage":"es"},{"@type":"Organization","@id":"https:\/\/webdelmaestrocmf.com\/portal\/#organization","name":"Web del Maestro CMF","alternateName":"WMCMF","url":"https:\/\/webdelmaestrocmf.com\/portal\/","logo":{"@type":"ImageObject","inLanguage":"es","@id":"https:\/\/webdelmaestrocmf.com\/portal\/#\/schema\/logo\/image\/","url":"https:\/\/webdelmaestrocmf.com\/portal\/wp-content\/uploads\/2023\/01\/logo-wmcmf-2.png","contentUrl":"https:\/\/webdelmaestrocmf.com\/portal\/wp-content\/uploads\/2023\/01\/logo-wmcmf-2.png","width":200,"height":60,"caption":"Web del Maestro CMF"},"image":{"@id":"https:\/\/webdelmaestrocmf.com\/portal\/#\/schema\/logo\/image\/"},"sameAs":["https:\/\/www.facebook.com\/WebdelMaestroCMF\/","https:\/\/x.com\/cmf_w","https:\/\/www.pinterest.com\/WMCMF\/","https:\/\/www.linkedin.com\/company\/web-del-maestro-cmf\/","https:\/\/www.instagram.com\/wmcmf\/","https:\/\/www.youtube.com\/channel\/UCDPSvjbdodE5sHnC3OxutHw","https:\/\/mastodon.social\/@wmcmf","https:\/\/www.tiktok.com\/@webdelmaestrocmf"]},{"@type":"Person","@id":"https:\/\/webdelmaestrocmf.com\/portal\/#\/schema\/person\/1072a2ed7bd960df8ef99a551fa35dc5","name":"Web del Maestro CMF","image":{"@type":"ImageObject","inLanguage":"es","@id":"https:\/\/secure.gravatar.com\/avatar\/23291dd5b5ae1077dcff3dbb04c3e02bd28403fa75af6d8787d5e97c5bbbe30b?s=96&d=mm&r=g","url":"https:\/\/secure.gravatar.com\/avatar\/23291dd5b5ae1077dcff3dbb04c3e02bd28403fa75af6d8787d5e97c5bbbe30b?s=96&d=mm&r=g","contentUrl":"https:\/\/secure.gravatar.com\/avatar\/23291dd5b5ae1077dcff3dbb04c3e02bd28403fa75af6d8787d5e97c5bbbe30b?s=96&d=mm&r=g","caption":"Web del Maestro CMF"},"description":"Esta Web se cre\u00f3 sin fines de lucro, con fines educativos, cient\u00edficos y acad\u00e9micos, para personas que tengan dificultades y\/o inconvenientes en visualizar el material original. El objetivo es entregar recursos, compartir experiencias y materiales que ayuden a los padres de familia, maestros y estudiantes en su actualizaci\u00f3n y formaci\u00f3n permanente, en bien de la Educaci\u00f3n.","sameAs":["http:\/\/webdelmaestrocmf.com\/portal","https:\/\/www.facebook.com\/WebdelMaestroCMF\/","https:\/\/www.instagram.com\/wmcmf\/","https:\/\/cl.linkedin.com\/company\/web-del-maestro-cmf","https:\/\/www.pinterest.com\/WMCMF\/publicaciones\/","https:\/\/x.com\/cmf_w","https:\/\/www.youtube.com\/@WMCMF"]}]}},"jetpack_featured_media_url":"https:\/\/webdelmaestrocmf.com\/portal\/wp-content\/uploads\/2018\/12\/1-24.jpg","jetpack_sharing_enabled":true,"jetpack-related-posts":[{"id":12363,"url":"https:\/\/webdelmaestrocmf.com\/portal\/papa-francisco-ante-la-llegada-de-la-navidad-espero-en-dios-o-en-mis-propias-seguridades\/","url_meta":{"origin":33782,"position":0},"title":"Papa Francisco ante la llegada de la navidad: \u00bfespero en dios o en mis propias seguridades?","author":"Web del Maestro CMF","date":"21 diciembre, 2016","format":false,"excerpt":"Fue la \u00faltima catequesis antes de la Navidad y en el ambiente se notaba una calidez especial. A los lados del pasillo central los peregrinos llenos de afecto reclamaban la atenci\u00f3n del Papa para estrechar su mano o pedir la bendici\u00f3n. Francisco continu\u00f3 con sus audiencias sobre la esperanza. El\u2026","rel":"","context":"En \u00abMundo cart\u00f3lico\u00bb","block_context":{"text":"Mundo cart\u00f3lico","link":"https:\/\/webdelmaestrocmf.com\/portal\/category\/pastoral\/"},"img":{"alt_text":"","src":"https:\/\/i0.wp.com\/webdelmaestrocmf.com\/portal\/wp-content\/uploads\/2017\/10\/1ss.jpg?resize=350%2C200&ssl=1","width":350,"height":200,"srcset":"https:\/\/i0.wp.com\/webdelmaestrocmf.com\/portal\/wp-content\/uploads\/2017\/10\/1ss.jpg?resize=350%2C200&ssl=1 1x, https:\/\/i0.wp.com\/webdelmaestrocmf.com\/portal\/wp-content\/uploads\/2017\/10\/1ss.jpg?resize=525%2C300&ssl=1 1.5x"},"classes":[]},{"id":24374,"url":"https:\/\/webdelmaestrocmf.com\/portal\/consejos-del-papa-los-ninos-navidad\/","url_meta":{"origin":33782,"position":1},"title":"Consejos del Papa Francisco a los ni\u00f1os por navidad","author":"Web del Maestro CMF","date":"22 diciembre, 2017","format":false,"excerpt":"As\u00ed recibieron los 25.000 peregrinos al Papa Francisco, cuando se asom\u00f3 a su ventana para el \u00c1ngelus del domingo.\u00a0Adem\u00e1s de ser el llamado \u201cdomingo de los bambinelli\u201d, era el 81 cumplea\u00f1os del Papa. \u201cTanti auguri a te\u201d... El Papa les dio las gracias antes de cumplir la tradici\u00f3n romana de\u2026","rel":"","context":"En \u00abMundo cart\u00f3lico\u00bb","block_context":{"text":"Mundo cart\u00f3lico","link":"https:\/\/webdelmaestrocmf.com\/portal\/category\/pastoral\/"},"img":{"alt_text":"","src":"https:\/\/i0.wp.com\/webdelmaestrocmf.com\/portal\/wp-content\/uploads\/2018\/02\/papa-francisco2.jpg?resize=350%2C200&ssl=1","width":350,"height":200,"srcset":"https:\/\/i0.wp.com\/webdelmaestrocmf.com\/portal\/wp-content\/uploads\/2018\/02\/papa-francisco2.jpg?resize=350%2C200&ssl=1 1x, https:\/\/i0.wp.com\/webdelmaestrocmf.com\/portal\/wp-content\/uploads\/2018\/02\/papa-francisco2.jpg?resize=525%2C300&ssl=1 1.5x, https:\/\/i0.wp.com\/webdelmaestrocmf.com\/portal\/wp-content\/uploads\/2018\/02\/papa-francisco2.jpg?resize=700%2C400&ssl=1 2x"},"classes":[]},{"id":18128,"url":"https:\/\/webdelmaestrocmf.com\/portal\/papa-francisco-rezar-los-cristianos-africa\/","url_meta":{"origin":33782,"position":2},"title":"Papa Francisco: rezar por los cristianos de \u00e1frica","author":"Web del Maestro CMF","date":"10 mayo, 2017","format":false,"excerpt":"Para el mes de mayo, el Papa Francisco propone rezar por el continente africano y sus cristianos. En el v\u00eddeo de este mes, el Papa elogia el rico patrimonio cultural, intelectual y religioso del continente. Tambi\u00e9n lamenta las guerras que destruyen esas riquezas. Por eso, invita a los cristianos de\u2026","rel":"","context":"En \u00abMundo cart\u00f3lico\u00bb","block_context":{"text":"Mundo cart\u00f3lico","link":"https:\/\/webdelmaestrocmf.com\/portal\/category\/pastoral\/"},"img":{"alt_text":"","src":"https:\/\/i0.wp.com\/webdelmaestrocmf.com\/portal\/wp-content\/uploads\/2017\/10\/1ss.jpg?resize=350%2C200&ssl=1","width":350,"height":200,"srcset":"https:\/\/i0.wp.com\/webdelmaestrocmf.com\/portal\/wp-content\/uploads\/2017\/10\/1ss.jpg?resize=350%2C200&ssl=1 1x, https:\/\/i0.wp.com\/webdelmaestrocmf.com\/portal\/wp-content\/uploads\/2017\/10\/1ss.jpg?resize=525%2C300&ssl=1 1.5x"},"classes":[]},{"id":10500,"url":"https:\/\/webdelmaestrocmf.com\/portal\/carta-del-papa-francisco-la-misericordia-y-la-miserable\/","url_meta":{"origin":33782,"position":3},"title":"Carta del Papa Francisco: \u00abla misericordia y la miserable\u201d","author":"Web del Maestro CMF","date":"23 noviembre, 2016","format":false,"excerpt":"El Papa ha utilizado una expresi\u00f3n de San Agust\u00edn, para recordar la escena del evangelio en la que quer\u00edan lapidar a una mujer adultera y Jes\u00fas la perdona (Jn 8, 3-11): \u201cElla le respondi\u00f3: \u00abNadie, Se\u00f1or\u00bb. \u00abYo tampoco te condeno, le dijo Jes\u00fas. Vete, no peques m\u00e1s en adelante\u00bb.\u201d Gracias\u2026","rel":"","context":"En \u00abMundo cart\u00f3lico\u00bb","block_context":{"text":"Mundo cart\u00f3lico","link":"https:\/\/webdelmaestrocmf.com\/portal\/category\/pastoral\/"},"img":{"alt_text":"","src":"https:\/\/i0.wp.com\/webdelmaestrocmf.com\/portal\/wp-content\/uploads\/2017\/10\/1ss.jpg?resize=350%2C200&ssl=1","width":350,"height":200,"srcset":"https:\/\/i0.wp.com\/webdelmaestrocmf.com\/portal\/wp-content\/uploads\/2017\/10\/1ss.jpg?resize=350%2C200&ssl=1 1x, https:\/\/i0.wp.com\/webdelmaestrocmf.com\/portal\/wp-content\/uploads\/2017\/10\/1ss.jpg?resize=525%2C300&ssl=1 1.5x"},"classes":[]},{"id":12271,"url":"https:\/\/webdelmaestrocmf.com\/portal\/papa-francisco-significado-de-la-navidad-navidad-de-jesus\/","url_meta":{"origin":33782,"position":4},"title":"Papa Francisco: significado de la navidad &#8211; navidad de Jes\u00fas","author":"Web del Maestro CMF","date":"19 diciembre, 2016","format":false,"excerpt":"Llamados a ser portadores de esperanza y a entender la Navidad como un tiempo de recibir bendiciones y de bendecir al pr\u00f3jimo. Video de Rome Reports que nos puede servir de recurso en este tiempo, en que somos \u201cbombardeados\u201d por la publicidad mercantil. \ufeff","rel":"","context":"En \u00abIglesia cat\u00f3lica\u00bb","block_context":{"text":"Iglesia cat\u00f3lica","link":"https:\/\/webdelmaestrocmf.com\/portal\/category\/video\/iglesia\/"},"img":{"alt_text":"","src":"","width":0,"height":0},"classes":[]},{"id":35703,"url":"https:\/\/webdelmaestrocmf.com\/portal\/los-momentos-mas-duros-y-los-mas-emotivos-de-los-6-anos-de-pontificado-de-francisco\/","url_meta":{"origin":33782,"position":5},"title":"Los momentos m\u00e1s duros y los m\u00e1s emotivos de los 6 a\u00f1os de pontificado de Francisco","author":"Web del Maestro CMF","date":"13 marzo, 2019","format":false,"excerpt":"El Papa Francisco celebra este mi\u00e9rcoles 13 de marzo 6 a\u00f1os de Pontificado, aniversario que se produce cuando el Santo Padre se encuentra de ejercicios espirituales de Cuaresma en la Casa Divino Maestro de la localidad italiana de Ariccia. Durante estos 6 a\u00f1os, desde el 13 de marzo de 2013\u2026","rel":"","context":"En \u00abMundo cart\u00f3lico\u00bb","block_context":{"text":"Mundo cart\u00f3lico","link":"https:\/\/webdelmaestrocmf.com\/portal\/category\/pastoral\/"},"img":{"alt_text":"","src":"https:\/\/i0.wp.com\/webdelmaestrocmf.com\/portal\/wp-content\/uploads\/2019\/03\/1-34.jpg?resize=350%2C200&ssl=1","width":350,"height":200,"srcset":"https:\/\/i0.wp.com\/webdelmaestrocmf.com\/portal\/wp-content\/uploads\/2019\/03\/1-34.jpg?resize=350%2C200&ssl=1 1x, https:\/\/i0.wp.com\/webdelmaestrocmf.com\/portal\/wp-content\/uploads\/2019\/03\/1-34.jpg?resize=525%2C300&ssl=1 1.5x, https:\/\/i0.wp.com\/webdelmaestrocmf.com\/portal\/wp-content\/uploads\/2019\/03\/1-34.jpg?resize=700%2C400&ssl=1 2x, https:\/\/i0.wp.com\/webdelmaestrocmf.com\/portal\/wp-content\/uploads\/2019\/03\/1-34.jpg?resize=1050%2C600&ssl=1 3x"},"classes":[]}],"_links":{"self":[{"href":"https:\/\/webdelmaestrocmf.com\/portal\/wp-json\/wp\/v2\/posts\/33782","targetHints":{"allow":["GET"]}}],"collection":[{"href":"https:\/\/webdelmaestrocmf.com\/portal\/wp-json\/wp\/v2\/posts"}],"about":[{"href":"https:\/\/webdelmaestrocmf.com\/portal\/wp-json\/wp\/v2\/types\/post"}],"author":[{"embeddable":true,"href":"https:\/\/webdelmaestrocmf.com\/portal\/wp-json\/wp\/v2\/users\/1"}],"replies":[{"embeddable":true,"href":"https:\/\/webdelmaestrocmf.com\/portal\/wp-json\/wp\/v2\/comments?post=33782"}],"version-history":[{"count":0,"href":"https:\/\/webdelmaestrocmf.com\/portal\/wp-json\/wp\/v2\/posts\/33782\/revisions"}],"wp:featuredmedia":[{"embeddable":true,"href":"https:\/\/webdelmaestrocmf.com\/portal\/wp-json\/wp\/v2\/media\/33788"}],"wp:attachment":[{"href":"https:\/\/webdelmaestrocmf.com\/portal\/wp-json\/wp\/v2\/media?parent=33782"}],"wp:term":[{"taxonomy":"category","embeddable":true,"href":"https:\/\/webdelmaestrocmf.com\/portal\/wp-json\/wp\/v2\/categories?post=33782"},{"taxonomy":"post_tag","embeddable":true,"href":"https:\/\/webdelmaestrocmf.com\/portal\/wp-json\/wp\/v2\/tags?post=33782"}],"curies":[{"name":"wp","href":"https:\/\/api.w.org\/{rel}","templated":true}]}}