{"id":33759,"date":"2026-01-04T11:01:00","date_gmt":"2026-01-04T14:01:00","guid":{"rendered":"http:\/\/webdelmaestrocmf.com\/portal\/?p=33759"},"modified":"2026-01-04T13:06:12","modified_gmt":"2026-01-04T16:06:12","slug":"si-no-hay-pensamiento-critico-cualquiera-te-manipula","status":"publish","type":"post","link":"https:\/\/webdelmaestrocmf.com\/portal\/si-no-hay-pensamiento-critico-cualquiera-te-manipula\/","title":{"rendered":"Mar\u00eda Ang\u00e9lica Lucas S\u00e1tiro: Si no hay pensamiento cr\u00edtico, cualquiera te manipula"},"content":{"rendered":"\n<p>La Educadora Mar\u00eda Ang\u00e9lica Lucas S\u00e1tiro ha impartido cursos y conferencias en Brasil, Guatemala, El Salvador, Colombia, Argentina, Uruguay, Per\u00fa, Costa Rica, M\u00e9xico, EUA, Cabo Verde, Portugal, B\u00e9lgica, Italia y Espa\u00f1a. Es Doctora en Pedagog\u00eda por la Universidad de Barcelona (Espa\u00f1a), Mag\u00edster en Creatividad Aplicada por la Universidad de Santiago de Compostela (Espa\u00f1a), Posgraduada en Temas Filos\u00f3ficos por la Universidad Federal de Minas Gerais (Brasil) y en Pedagog\u00eda Empresarial por la Universidad Estatal de Minas Gerais (Brasil), especialista en Filosof\u00eda para Ni\u00f1os por el IAPC (Institut for the Advancement of Philosophy for Children) por Montclair State University (E.E.UU) y Licenciada en Pedagog\u00eda por la Universidad Estatal de Minas Gerais (Brasil).<\/p>\n\n\n\n<!--more-->\n\n\n\n<p>Actualmente Ang\u00e9lica S\u00e1tiro es directora de la<strong> CASA CREATIVA,<\/strong> organizaci\u00f3n que ofrece consultor\u00eda, es presidenta de la asociaci\u00f3n <strong>CREARMUNDOS<\/strong> y creadora de la Red de Redes iberoamericana <strong>CREARMUNDOS<\/strong>, cuyos objetivos son facilitar la creaci\u00f3n, la producci\u00f3n y la comunicaci\u00f3n de procesos y productos \u00e9tico-creativos y conectar proyectos afines. Es Directora del <strong>PROYECTO NORIA.<\/strong> Tiene m\u00e1s de 400 publicaciones en espa\u00f1ol, catal\u00e1n, italiano y portugu\u00e9s.<\/p>\n\n\n\n<p>Siguiendo con nuestra serie <strong>APRENDAMOS JUNTOS, PARA SUMAR POR LA EDUCACI\u00d3N,<\/strong> compartimos por motivos \u00fanicamente educativos, parte de la publicaci\u00f3n de El Pa\u00eds (Espa\u00f1a), BBVA y Editorial Santillana, en la cual la Profesora Ang\u00e9lica S\u00e1tiro dialoga con Juana Garc\u00eda, M\u00e1ster en Gesti\u00f3n y Liderazgo de Proyectos Culturales por la Universidad Rey Juan Carlos.<\/p>\n\n\n\n<p>Entregamos los enlaces del video completo y el momento m\u00e1s destacado, as\u00ed como partes del di\u00e1logo. Deseamos que esta publicaci\u00f3n sea<strong> una invitaci\u00f3n para ingresar al enlace que se\u00f1alemos al final y tener la informaci\u00f3n completa<\/strong>. Hacemos presente que las letras en negritas y cursivas son nuestras.<\/p>\n\n\n\n<p>Entrada relacionada: <a href=\"https:\/\/webdelmaestrocmf.com\/portal\/yo-apuesto-por-el-pensamiento-critico-como-una-inversion-de-futuro\/\" target=\"_top\" rel=\"noopener\">Jos\u00e9 Carlos Ruiz: Yo apuesto por el pensamiento cr\u00edtico como una inversi\u00f3n de futuro<\/a><\/p>\n\n\n\n<h5 class=\"wp-block-heading\"><strong><em>JUANA GARC\u00cdA: \u2026 qu\u00e9 es para ti la creatividad y por qu\u00e9 estamos tan obsesionados \u00faltimamente con que los ni\u00f1os deben ser creativos.<\/em><\/strong><\/h5>\n\n\n\n<p><strong>ANG\u00c9LICA S\u00c1TIRO:<\/strong> \u201c[&#8230;] la creatividad es un campo que digamos que es reciente a nivel de investigaci\u00f3n te\u00f3rica. Y <strong>es un campo tambi\u00e9n interdisciplinar<\/strong>. [&#8230;] Y la propia palabra \u201ccreatividad\u201d es polis\u00e9mica. Se pueden decir muchos significados. [&#8230;] <strong>es muy importante entender la creatividad como una capacidad<\/strong>, \u00bfno? Todos los seres humanos la tenemos en potencia, digamos. Significa que podemos desarrollar esa capacidad. No existe, desde mi manera de entender, una persona creativa y otra no creativa. Existen niveles de desarrollo de esta capacidad. [&#8230;] la gente dice que <strong>los ni\u00f1os y las ni\u00f1as suelen ser m\u00e1s creativos que los adultos<\/strong>. Entonces, tu pregunta <strong>me hace pensar en ese mito<\/strong>. Porque la verdad es que <strong>Vygotsky<\/strong>, un te\u00f3rico que me gusta mucho, tiene un librito finito que vale la pena leer sobre la imaginaci\u00f3n infantil, sobre la capacidad creativa infantil. Y \u00e9l comenta que, de hecho, las criaturas no son m\u00e1s creativas que los adultos. Lo que pasa es que <strong>conf\u00edan m\u00e1s en su capacidad creativa.<\/strong> Con lo cual, se atreven m\u00e1s que los adultos. [&#8230;] todav\u00eda <strong>el sistema educativo m\u00e1s bien no favorece el desarrollo de la capacidad creativa<\/strong>. Y por la manera como se estructuran los procesos de aprendizaje y de ense\u00f1anza muchas veces lo que veo es m\u00e1s bien un embotamiento de esa capacidad. [&#8230;]\u201d.<\/p>\n\n\n\n<h5 class=\"wp-block-heading\"><strong>C\u00d3MO DESPERTAR LA CREATIVIDAD&nbsp;<\/strong>(MOMENTO DESTACADO 4\u00b428\u201d)<\/h5>\n\n\n\n<p><iframe loading=\"lazy\" title=\"C\u00f3mo despertar la creatividad. Ang\u00e9lica S\u00e1tiro, pedagoga experta en creatividad\" src=\"https:\/\/www.youtube.com\/embed\/CgHaqeOTkwE\" width=\"100%\" height=\"315\" frameborder=\"0\" allowfullscreen=\"allowfullscreen\"><span data-mce-type=\"bookmark\" style=\"display: inline-block; width: 0px; overflow: hidden; line-height: 0;\" class=\"mce_SELRES_start\">\ufeff<\/span><span data-mce-type=\"bookmark\" style=\"display: inline-block; width: 0px; overflow: hidden; line-height: 0;\" class=\"mce_SELRES_start\">\ufeff<\/span><\/iframe><\/p>\n\n\n\n<h5 class=\"wp-block-heading\"><strong><em>JUANA GARC\u00cdA: \u2026 \u00bfQu\u00e9 caracter\u00edsticas tiene la persona creativa para ti?<\/em><\/strong><\/h5>\n\n\n\n<p><strong>ANG\u00c9LICA S\u00c1TIRO: <\/strong>\u201d[&#8230;] encontr\u00e9 a un autor que a m\u00ed me resulta m\u00e1s interesante que otros, que es Mih\u00e1ly Cs\u00edkszentmih\u00e1lyi. \u00c9l lo que busca hablar sobre el tema de la persona creativa es que no es tan f\u00e1cil de etiquetar, que uno tiene c\u00f3mo hacer linealmente, delinear un perfil y ya est\u00e1. Que cuando alguien es verdaderamente creativo en el sentido de que est\u00e1 muy involucrado en el desarrollo de esta capacidad creativa pues a veces tiene incluso caracter\u00edsticas contradictorias. [&#8230;] lo que Mih\u00e1ly nos ayuda a ver es esta <strong>complejidad de lo que caracterizar\u00eda a una persona creativa<\/strong>. [&#8230;] m\u00e1s que querer delinear a la gente con un perfil de persona creativa, yo creo que hacemos mejor favor en las familias, en las escuelas, ayudando a que estas criaturas, desde muy peque\u00f1itas, <strong>puedan ir desarrollando estos recursos internos<\/strong> para dar respuestas creativas a su propia vida al nivel de los problemas a los que se enfrentan\u201d. [&#8230;] La primera cosa que creo que es importante entender es que <strong>todos tenemos la capacidad<\/strong>.<\/p>\n\n\n\n<p>Entrada relacionada: <a href=\"https:\/\/webdelmaestrocmf.com\/portal\/mas-que-buscar-la-obediencia-ciega-debemos-fomentar-el-pensamiento-critico\/\" target=\"_top\" rel=\"noopener\">M\u00e1s que buscar la obediencia ciega, debemos fomentar el pensamiento cr\u00edtico<\/a><\/p>\n\n\n\n<p>No olvidar eso nunca. Porque si en alg\u00fan momento pensamos que alguien no es creativo y que tenemos que ense\u00f1arle a serlo, yo creo que ah\u00ed ya es una gran equivocaci\u00f3n. <strong>La capacidad creativa no se ense\u00f1a.<\/strong> Ella ya est\u00e1 dada. Lo que s\u00ed podemos hacer es crear las condiciones para que ella se desarrolle. Estimularla para que salga. [&#8230;]\u201d<\/p>\n\n\n\n<h5 class=\"wp-block-heading\"><strong>LA CREATIVIDAD ES IMPRESCINDIBLE PARA PENSAR MEJOR&nbsp;<\/strong>(VIDEO COMPLETO 59\u00b4 13\u201d)<\/h5>\n\n\n\n<p><iframe loading=\"lazy\" title=\"V. Completa. La creatividad es imprescindible para pensar mejor. Ang\u00e9lica S\u00e1tiro, pedagoga\" src=\"https:\/\/www.youtube.com\/embed\/Uhu-EoslGw4\" width=\"100%\" height=\"315\" frameborder=\"0\" allowfullscreen=\"allowfullscreen\"><span data-mce-type=\"bookmark\" style=\"display: inline-block; width: 0px; overflow: hidden; line-height: 0;\" class=\"mce_SELRES_start\">\ufeff<\/span><\/iframe><\/p>\n\n\n\n<h5 class=\"wp-block-heading\"><strong><em>JUANA GARC\u00cdA: \u2026 \u00bfC\u00f3mo puede un profesor en su aula, conviviendo con ese sistema, fomentar la creatividad?<\/em><\/strong><\/h5>\n\n\n\n<p><strong>ANG\u00c9LICA S\u00c1TIRO:<\/strong> \u201c[&#8230;] La primera cosa que tenemos que tener muy muy muy presente es vernos a nosotras mismas tambi\u00e9n como <strong>personas creativas<\/strong>. Porque en la educaci\u00f3n muchas veces se ense\u00f1a aquello que no se es. Segunda cosa: <strong>hacer un esfuerzo<\/strong>, vamos a decirlo as\u00ed, para <strong>dejar de hacer lo que nos ense\u00f1aron que debemos hacer<\/strong>. Que es ense\u00f1ar, ense\u00f1ar y ense\u00f1ar, as\u00ed, mira mi dedo, adoctrinando al otro.<\/p>\n\n\n\n<p>Entrada relacionada: <a href=\"https:\/\/webdelmaestrocmf.com\/portal\/silvia-alava-tenemos-que-fomentar-el-pensamiento-critico-con-preguntas-como-tu-que-crees-que-piensas\/\" target=\"_top\" rel=\"noopener\">Silvia \u00c1lava: Tenemos que fomentar el pensamiento cr\u00edtico con preguntas como \u201c\u00bfT\u00fa, qu\u00e9 crees?, \u00bfqu\u00e9 piensas?\u201d<\/a><\/p>\n\n\n\n<p>Porque cuanto m\u00e1s hacemos esto menos les generamos la posibilidad de <strong>emancipaci\u00f3n de pensamiento, de autonom\u00eda de pensamiento<\/strong>. \u00bfPor qu\u00e9 es importante desarrollar la capacidad creativa en la educaci\u00f3n? Entre otras cosas, porque <strong>desarrolla la capacidad de pensar aut\u00f3nomamente<\/strong>, por s\u00ed mismo, con criterios, y con capacidad de dar respuestas nuevas a los problemas nuevos o antiguos. [&#8230;] Porque si entendemos el aprendizaje como investigaci\u00f3n, eso es un no parar. [&#8230;] Si tratamos el aula como una <strong>comunidad de investigaci\u00f3n<\/strong>, todos all\u00ed, incluidos nosotros, vamos a estar investigando continuamente. Investigar es estar buscando respuestas, planteando nuevas preguntas, indagando, cuestionando las verdades que tenemos como dogmas, cuestionando los estereotipos, no rindi\u00e9ndose a las respuestas banales y r\u00e1pidas. [&#8230;]\u201d.<\/p>\n\n\n\n<h5 class=\"wp-block-heading\"><strong><em>JUANA GARC\u00cdA: \u00bfC\u00f3mo podemos ense\u00f1ar a los ni\u00f1os a pensar por s\u00ed mismos? \u00bfO ya lo hacen y no nos damos cuenta?<\/em><\/strong><\/h5>\n\n\n\n<p><strong>ANG\u00c9LICA S\u00c1TIRO:<\/strong> \u201cPensar ya piensan. Y esta es la gran cuesti\u00f3n que tenemos que tener siempre presente. <strong>No ense\u00f1amos a pensar.<\/strong> Lo que pasa es que podemos crear las condiciones para favorecer que <strong>aprendan a pensar mejor<\/strong>: por s\u00ed mismos, de forma cr\u00edtica, creativa y \u00e9tica. \u00bfC\u00f3mo lo hacemos? Pues con todo aquello que dec\u00edamos antes. Teniendo presente <strong>la metodolog\u00eda que favorezca que esto ocurra, creando el ambiente propicio para eso,<\/strong> podemos utilizar distintos recursos que pueden ser cuentos, juegos, arte\u2026 [&#8230;] Un tema fundamental es tener como antenas parab\u00f3licas aqu\u00ed. \u00bfSabes? En las orejas. <strong>Escuchar de verdad, escuchar en profundidad<\/strong>. Y a partir de lo que dicen, ir tray\u00e9ndolos a que piensen cada vez mejor. Es escuchar e ir ayudando a que ampl\u00eden, a que profundicen a que hagan relaciones, a que conecten con m\u00e1s. [&#8230;]\u201d.<\/p>\n\n\n\n<p>La transcripci\u00f3n completa de este conversatorio lo puede Usted leer aqu\u00ed<strong>: <a href=\"https:\/\/aprendemosjuntos.elpais.com\/especial\/como-despertar-la-creatividad-angelica-satiro\/\" target=\"_blank\" rel=\"noopener noreferrer\">C\u00d3MO DESPERTAR LA CREATIVIDAD.<\/a><\/strong><\/p>\n\n\n\n<p>Esta publicaci\u00f3n corresponde a<a href=\"http:\/\/webdelmaestrocmf.com\/portal\/serie-de-videos-aprendamos-juntos-para-sumar-por-la-educacion\/\" target=\"_blank\" rel=\"noopener noreferrer\"><strong> SERIE DE VIDEOS: APRENDAMOS JUNTOS, PARA SUMAR POR LA EDUCACI\u00d3N<\/strong><\/a><\/p>\n\n\n\n<p class=\"has-text-align-center\"><em>\u201cSabemos c\u00f3mo son las estrategias o c\u00f3mo conducir el pensamiento colectivo, pero nunca sabemos qu\u00e9 es lo que cada ni\u00f1o va a decir, siempre hay sorpresas. Es una dimensi\u00f3n que a m\u00ed me sigue provocando asombro\u201d (29\/09\/2016).<\/em><\/p>\n\n\n\n<p class=\"has-text-align-right\"><strong>REDACCI\u00d3N WEB DEL MAESTRO CMF<\/strong><\/p>\n\n\n\t\t<div class=\"pk-inline-posts\">\n\t\t\t\n\t\t\t<div class=\"pk-inline-posts-container pk-inline-posts-template-list\"\n\t\t\t\tdata-columns=\"1\">\n\t\t\t\t\t\t<article id=\"post-95717\" class=\"post-95717 post type-post status-publish format-video has-post-thumbnail category-charlas tag-aprendamos-juntos tag-aprendemos-juntos-2030 tag-aprender tag-aprendizaje tag-bbva tag-calificacion-por-notas tag-cerebro tag-compresion tag-descanso tag-dislexia tag-dormir tag-entrevista tag-error tag-escritura tag-fonologia tag-lectura tag-lenguaje-oral tag-matematica tag-memoria tag-neurociencia tag-neurona tag-para-sumar-por-la-educacion tag-pensamiento tag-sinapsis tag-stanislas-dehaene tag-sueno tag-tecnologia tag-videos post_format-post-format-video cs-entry cs-video-wrap\">\n\t\t\t<div class=\"pk-post-outer\">\n\n\t\t\t\t\t\t\t\t<div class=\"pk-post-inner\">\n\t\t\t\t\t<div class=\"entry-thumbnail\">\n\t\t\t\t\t\t<div class=\"pk-overlay pk-overlay-ratio pk-ratio-landscape\">\n\t\t\t\t\t\t\t<div class=\"pk-overlay-background\">\n\t\t\t\t\t\t\t\t<a href=\"https:\/\/webdelmaestrocmf.com\/portal\/stanislas-dehaene-el-mayor-talento-de-un-profesor-es-ser-capaz-de-dirigir-la-atencion-del-alumno-hacia-el-nivel-correcto\/\" class=\"pk-overlay-link\">\n\t\t\t\t\t\t\t\t\t<img loading=\"lazy\" decoding=\"async\" width=\"300\" height=\"225\" src=\"https:\/\/webdelmaestrocmf.com\/portal\/wp-content\/uploads\/2024\/02\/1AA-Banner-1-portada-imagen-10-1-copia-300x225.webp\" class=\"attachment-pk-thumbnail size-pk-thumbnail wp-post-image\" alt=\"\" \/>\t\t\t\t\t\t\t\t<\/a>\n\t\t\t\t\t\t\t<\/div>\n\t\t\t\t\t\t<\/div>\n\t\t\t\t\t<\/div>\n\t\t\t\t<\/div>\n\t\t\t\t\n\t\t\t\t<div class=\"pk-post-inner\">\n\t\t\t\t\t<header>\n\t\t\t\t\t\t<h3 class=\"pk-title\"><a href=\"https:\/\/webdelmaestrocmf.com\/portal\/stanislas-dehaene-el-mayor-talento-de-un-profesor-es-ser-capaz-de-dirigir-la-atencion-del-alumno-hacia-el-nivel-correcto\/\" rel=\"bookmark\">Stanislas Dehaene: El mayor talento de un profesor es ser capaz de dirigir la atenci\u00f3n del alumno, hacia el nivel correcto<\/a><\/h3>\t\t\t\t\t<\/header><!-- .entry-header -->\n\t\t\t\t<\/div><!-- .post-inner -->\n\n\t\t\t<\/div><!-- .post-outer -->\n\t\t<\/article>\n\t\t\t<article id=\"post-98898\" class=\"post-98898 post type-post status-publish format-video has-post-thumbnail category-charlas tag-duermen-poco tag-estudiantes tag-estudiantes-que-duermen-poco tag-javier-albares tag-problemas-escolares post_format-post-format-video cs-entry cs-video-wrap\">\n\t\t\t<div class=\"pk-post-outer\">\n\n\t\t\t\t\t\t\t\t<div class=\"pk-post-inner\">\n\t\t\t\t\t<div class=\"entry-thumbnail\">\n\t\t\t\t\t\t<div class=\"pk-overlay pk-overlay-ratio pk-ratio-landscape\">\n\t\t\t\t\t\t\t<div class=\"pk-overlay-background\">\n\t\t\t\t\t\t\t\t<a href=\"https:\/\/webdelmaestrocmf.com\/portal\/javier-albares-los-estudiantes-que-duermen-poco-tienen-muchisimos-mas-problemas-escolares\/\" class=\"pk-overlay-link\">\n\t\t\t\t\t\t\t\t\t<img loading=\"lazy\" decoding=\"async\" width=\"300\" height=\"225\" src=\"https:\/\/webdelmaestrocmf.com\/portal\/wp-content\/uploads\/2023\/10\/A12B3C4D-4-2-300x225.jpg\" class=\"attachment-pk-thumbnail size-pk-thumbnail wp-post-image\" alt=\"Javier Albares\" \/>\t\t\t\t\t\t\t\t<\/a>\n\t\t\t\t\t\t\t<\/div>\n\t\t\t\t\t\t<\/div>\n\t\t\t\t\t<\/div>\n\t\t\t\t<\/div>\n\t\t\t\t\n\t\t\t\t<div class=\"pk-post-inner\">\n\t\t\t\t\t<header>\n\t\t\t\t\t\t<h3 class=\"pk-title\"><a href=\"https:\/\/webdelmaestrocmf.com\/portal\/javier-albares-los-estudiantes-que-duermen-poco-tienen-muchisimos-mas-problemas-escolares\/\" rel=\"bookmark\">Javier Albares: Los estudiantes que duermen poco, tienen much\u00edsimos m\u00e1s problemas escolares<\/a><\/h3>\t\t\t\t\t<\/header><!-- .entry-header -->\n\t\t\t\t<\/div><!-- .post-inner -->\n\n\t\t\t<\/div><!-- .post-outer -->\n\t\t<\/article>\n\t\t\t<article id=\"post-77345\" class=\"post-77345 post type-post status-publish format-video has-post-thumbnail category-charlas tag-amor tag-antonio-rios-sarrio tag-autoridad tag-hijo post_format-post-format-video cs-entry cs-video-wrap\">\n\t\t\t<div class=\"pk-post-outer\">\n\n\t\t\t\t\t\t\t\t<div class=\"pk-post-inner\">\n\t\t\t\t\t<div class=\"entry-thumbnail\">\n\t\t\t\t\t\t<div class=\"pk-overlay pk-overlay-ratio pk-ratio-landscape\">\n\t\t\t\t\t\t\t<div class=\"pk-overlay-background\">\n\t\t\t\t\t\t\t\t<a href=\"https:\/\/webdelmaestrocmf.com\/portal\/mucho-amor-eso-no-puede-faltar-nunca-en-la-vida-de-un-hijo-y-mucha-autoridad\/\" class=\"pk-overlay-link\">\n\t\t\t\t\t\t\t\t\t<img loading=\"lazy\" decoding=\"async\" width=\"300\" height=\"225\" src=\"https:\/\/webdelmaestrocmf.com\/portal\/wp-content\/uploads\/2025\/06\/1AA-Banner-1-portada-imagen-10-1-copia-5-300x225.webp\" class=\"attachment-pk-thumbnail size-pk-thumbnail wp-post-image\" alt=\"\" \/>\t\t\t\t\t\t\t\t<\/a>\n\t\t\t\t\t\t\t<\/div>\n\t\t\t\t\t\t<\/div>\n\t\t\t\t\t<\/div>\n\t\t\t\t<\/div>\n\t\t\t\t\n\t\t\t\t<div class=\"pk-post-inner\">\n\t\t\t\t\t<header>\n\t\t\t\t\t\t<h3 class=\"pk-title\"><a href=\"https:\/\/webdelmaestrocmf.com\/portal\/mucho-amor-eso-no-puede-faltar-nunca-en-la-vida-de-un-hijo-y-mucha-autoridad\/\" rel=\"bookmark\">Antonio R\u00edos: Mucho amor, eso no puede faltar nunca en la vida de un hijo, y mucha autoridad<\/a><\/h3>\t\t\t\t\t<\/header><!-- .entry-header -->\n\t\t\t\t<\/div><!-- .post-inner -->\n\n\t\t\t<\/div><!-- .post-outer -->\n\t\t<\/article>\n\t\t\t\t<\/div>\n\t\t<\/div>\n\t\t\n","protected":false},"excerpt":{"rendered":"La Educadora Mar\u00eda Ang\u00e9lica Lucas S\u00e1tiro ha impartido cursos y conferencias en Brasil, Guatemala, El Salvador, Colombia, Argentina,&hellip;","protected":false},"author":1,"featured_media":114513,"comment_status":"open","ping_status":"closed","sticky":false,"template":"","format":"video","meta":{"csco_display_header_overlay":false,"csco_singular_sidebar":"disabled","csco_page_header_type":"large","csco_page_load_nextpost":"default","csco_post_video_location":[],"csco_post_video_location_hash":"","csco_post_video_url":"","csco_post_video_bg_start_time":0,"csco_post_video_bg_end_time":0,"csco_post_video_bg_volume":false,"_jetpack_memberships_contains_paid_content":false,"footnotes":""},"categories":[3453],"tags":[3992,1215,3993,3989,3991,3990,2165,3988,3994],"class_list":{"0":"post-33759","1":"post","2":"type-post","3":"status-publish","4":"format-video","5":"has-post-thumbnail","7":"category-charlas","8":"tag-angelica","9":"tag-critico","10":"tag-lucas","11":"tag-manipular","12":"tag-maria","13":"tag-maria-angelica-lucas-satiro","14":"tag-pensamiento","15":"tag-pensamiento-critico","16":"tag-satiro","17":"post_format-post-format-video","18":"cs-entry","19":"cs-video-wrap"},"yoast_head":"<!-- This site is optimized with the Yoast SEO plugin v27.5 - https:\/\/yoast.com\/product\/yoast-seo-wordpress\/ -->\n<title>Mar\u00eda Ang\u00e9lica Lucas S\u00e1tiro: Si no hay pensamiento cr\u00edtico, cualquiera te manipula - 2026<\/title>\n<meta name=\"description\" content=\"La Educadora Mar\u00eda Ang\u00e9lica Lucas S\u00e1tiro ha impartido cursos y conferencias en Brasil, Guatemala, El Salvador, Colombia...\" \/>\n<meta name=\"robots\" content=\"index, follow, max-snippet:-1, max-image-preview:large, max-video-preview:-1\" \/>\n<link rel=\"canonical\" href=\"https:\/\/webdelmaestrocmf.com\/portal\/si-no-hay-pensamiento-critico-cualquiera-te-manipula\/\" \/>\n<meta property=\"og:locale\" content=\"es_ES\" \/>\n<meta property=\"og:type\" content=\"article\" \/>\n<meta property=\"og:title\" content=\"Mar\u00eda Ang\u00e9lica Lucas S\u00e1tiro: Si no hay pensamiento cr\u00edtico, cualquiera te manipula - 2026\" \/>\n<meta property=\"og:description\" content=\"La Educadora Mar\u00eda Ang\u00e9lica Lucas S\u00e1tiro ha impartido cursos y conferencias en Brasil, Guatemala, El Salvador, Colombia...\" \/>\n<meta property=\"og:url\" content=\"https:\/\/webdelmaestrocmf.com\/portal\/si-no-hay-pensamiento-critico-cualquiera-te-manipula\/\" \/>\n<meta property=\"og:site_name\" content=\"Web del Maestro CMF\" \/>\n<meta property=\"article:publisher\" content=\"https:\/\/www.facebook.com\/WebdelMaestroCMF\/\" \/>\n<meta property=\"article:author\" content=\"https:\/\/www.facebook.com\/WebdelMaestroCMF\/\" \/>\n<meta property=\"article:published_time\" content=\"2026-01-04T14:01:00+00:00\" \/>\n<meta property=\"article:modified_time\" content=\"2026-01-04T16:06:12+00:00\" \/>\n<meta property=\"og:image\" content=\"https:\/\/webdelmaestrocmf.com\/portal\/wp-content\/uploads\/2024\/01\/Portada-articulos-.jpg\" \/>\n\t<meta property=\"og:image:width\" content=\"1000\" \/>\n\t<meta property=\"og:image:height\" content=\"667\" \/>\n\t<meta property=\"og:image:type\" content=\"image\/jpeg\" \/>\n<meta name=\"author\" content=\"Web del Maestro CMF\" \/>\n<meta name=\"twitter:card\" content=\"summary_large_image\" \/>\n<meta name=\"twitter:creator\" content=\"@cmf_w\" \/>\n<meta name=\"twitter:site\" content=\"@cmf_w\" \/>\n<script type=\"application\/ld+json\" class=\"yoast-schema-graph\">{\"@context\":\"https:\\\/\\\/schema.org\",\"@graph\":[{\"@type\":\"ScholarlyArticle\",\"@id\":\"https:\\\/\\\/webdelmaestrocmf.com\\\/portal\\\/si-no-hay-pensamiento-critico-cualquiera-te-manipula\\\/#article\",\"isPartOf\":{\"@id\":\"https:\\\/\\\/webdelmaestrocmf.com\\\/portal\\\/si-no-hay-pensamiento-critico-cualquiera-te-manipula\\\/\"},\"author\":{\"name\":\"Web del Maestro CMF\",\"@id\":\"https:\\\/\\\/webdelmaestrocmf.com\\\/portal\\\/#\\\/schema\\\/person\\\/1072a2ed7bd960df8ef99a551fa35dc5\"},\"headline\":\"Mar\u00eda Ang\u00e9lica Lucas S\u00e1tiro: Si no hay pensamiento cr\u00edtico, cualquiera te manipula\",\"datePublished\":\"2026-01-04T14:01:00+00:00\",\"dateModified\":\"2026-01-04T16:06:12+00:00\",\"mainEntityOfPage\":{\"@id\":\"https:\\\/\\\/webdelmaestrocmf.com\\\/portal\\\/si-no-hay-pensamiento-critico-cualquiera-te-manipula\\\/\"},\"wordCount\":1388,\"commentCount\":1,\"publisher\":{\"@id\":\"https:\\\/\\\/webdelmaestrocmf.com\\\/portal\\\/#organization\"},\"image\":{\"@id\":\"https:\\\/\\\/webdelmaestrocmf.com\\\/portal\\\/si-no-hay-pensamiento-critico-cualquiera-te-manipula\\\/#primaryimage\"},\"thumbnailUrl\":\"https:\\\/\\\/webdelmaestrocmf.com\\\/portal\\\/wp-content\\\/uploads\\\/2024\\\/01\\\/Portada-articulos-.jpg\",\"keywords\":[\"Ang\u00e9lica\",\"CR\u00cdTICO\",\"Lucas\",\"MANIPULAR\",\"Mar\u00eda\",\"Mar\u00eda Ang\u00e9lica Lucas S\u00e1tiro\",\"PENSAMIENTO\",\"PENSAMIENTO CR\u00cdTICO\",\"S\u00e1tiro\"],\"articleSection\":[\"Charlas\"],\"inLanguage\":\"es\",\"potentialAction\":[{\"@type\":\"CommentAction\",\"name\":\"Comment\",\"target\":[\"https:\\\/\\\/webdelmaestrocmf.com\\\/portal\\\/si-no-hay-pensamiento-critico-cualquiera-te-manipula\\\/#respond\"]}]},{\"@type\":\"WebPage\",\"@id\":\"https:\\\/\\\/webdelmaestrocmf.com\\\/portal\\\/si-no-hay-pensamiento-critico-cualquiera-te-manipula\\\/\",\"url\":\"https:\\\/\\\/webdelmaestrocmf.com\\\/portal\\\/si-no-hay-pensamiento-critico-cualquiera-te-manipula\\\/\",\"name\":\"Mar\u00eda Ang\u00e9lica Lucas S\u00e1tiro: Si no hay pensamiento cr\u00edtico, cualquiera te manipula - 2026\",\"isPartOf\":{\"@id\":\"https:\\\/\\\/webdelmaestrocmf.com\\\/portal\\\/#website\"},\"primaryImageOfPage\":{\"@id\":\"https:\\\/\\\/webdelmaestrocmf.com\\\/portal\\\/si-no-hay-pensamiento-critico-cualquiera-te-manipula\\\/#primaryimage\"},\"image\":{\"@id\":\"https:\\\/\\\/webdelmaestrocmf.com\\\/portal\\\/si-no-hay-pensamiento-critico-cualquiera-te-manipula\\\/#primaryimage\"},\"thumbnailUrl\":\"https:\\\/\\\/webdelmaestrocmf.com\\\/portal\\\/wp-content\\\/uploads\\\/2024\\\/01\\\/Portada-articulos-.jpg\",\"datePublished\":\"2026-01-04T14:01:00+00:00\",\"dateModified\":\"2026-01-04T16:06:12+00:00\",\"description\":\"La Educadora Mar\u00eda Ang\u00e9lica Lucas S\u00e1tiro ha impartido cursos y conferencias en Brasil, Guatemala, El Salvador, Colombia...\",\"breadcrumb\":{\"@id\":\"https:\\\/\\\/webdelmaestrocmf.com\\\/portal\\\/si-no-hay-pensamiento-critico-cualquiera-te-manipula\\\/#breadcrumb\"},\"inLanguage\":\"es\",\"potentialAction\":[{\"@type\":\"ReadAction\",\"target\":[\"https:\\\/\\\/webdelmaestrocmf.com\\\/portal\\\/si-no-hay-pensamiento-critico-cualquiera-te-manipula\\\/\"]}]},{\"@type\":\"ImageObject\",\"inLanguage\":\"es\",\"@id\":\"https:\\\/\\\/webdelmaestrocmf.com\\\/portal\\\/si-no-hay-pensamiento-critico-cualquiera-te-manipula\\\/#primaryimage\",\"url\":\"https:\\\/\\\/webdelmaestrocmf.com\\\/portal\\\/wp-content\\\/uploads\\\/2024\\\/01\\\/Portada-articulos-.jpg\",\"contentUrl\":\"https:\\\/\\\/webdelmaestrocmf.com\\\/portal\\\/wp-content\\\/uploads\\\/2024\\\/01\\\/Portada-articulos-.jpg\",\"width\":1000,\"height\":667},{\"@type\":\"BreadcrumbList\",\"@id\":\"https:\\\/\\\/webdelmaestrocmf.com\\\/portal\\\/si-no-hay-pensamiento-critico-cualquiera-te-manipula\\\/#breadcrumb\",\"itemListElement\":[{\"@type\":\"ListItem\",\"position\":1,\"name\":\"Portada\",\"item\":\"https:\\\/\\\/webdelmaestrocmf.com\\\/portal\\\/\"},{\"@type\":\"ListItem\",\"position\":2,\"name\":\"Charlas\",\"item\":\"https:\\\/\\\/webdelmaestrocmf.com\\\/portal\\\/category\\\/charlas\\\/\"},{\"@type\":\"ListItem\",\"position\":3,\"name\":\"Mar\u00eda Ang\u00e9lica Lucas S\u00e1tiro: Si no hay pensamiento cr\u00edtico, cualquiera te manipula\"}]},{\"@type\":\"WebSite\",\"@id\":\"https:\\\/\\\/webdelmaestrocmf.com\\\/portal\\\/#website\",\"url\":\"https:\\\/\\\/webdelmaestrocmf.com\\\/portal\\\/\",\"name\":\"Web del Maestro CMF\",\"description\":\"Maestros al servicio de la educaci\u00f3n\",\"publisher\":{\"@id\":\"https:\\\/\\\/webdelmaestrocmf.com\\\/portal\\\/#organization\"},\"alternateName\":\"WMCMF\",\"potentialAction\":[{\"@type\":\"SearchAction\",\"target\":{\"@type\":\"EntryPoint\",\"urlTemplate\":\"https:\\\/\\\/webdelmaestrocmf.com\\\/portal\\\/?s={search_term_string}\"},\"query-input\":{\"@type\":\"PropertyValueSpecification\",\"valueRequired\":true,\"valueName\":\"search_term_string\"}}],\"inLanguage\":\"es\"},{\"@type\":\"Organization\",\"@id\":\"https:\\\/\\\/webdelmaestrocmf.com\\\/portal\\\/#organization\",\"name\":\"Web del Maestro CMF\",\"alternateName\":\"WMCMF\",\"url\":\"https:\\\/\\\/webdelmaestrocmf.com\\\/portal\\\/\",\"logo\":{\"@type\":\"ImageObject\",\"inLanguage\":\"es\",\"@id\":\"https:\\\/\\\/webdelmaestrocmf.com\\\/portal\\\/#\\\/schema\\\/logo\\\/image\\\/\",\"url\":\"https:\\\/\\\/webdelmaestrocmf.com\\\/portal\\\/wp-content\\\/uploads\\\/2023\\\/01\\\/logo-wmcmf-2.png\",\"contentUrl\":\"https:\\\/\\\/webdelmaestrocmf.com\\\/portal\\\/wp-content\\\/uploads\\\/2023\\\/01\\\/logo-wmcmf-2.png\",\"width\":200,\"height\":60,\"caption\":\"Web del Maestro CMF\"},\"image\":{\"@id\":\"https:\\\/\\\/webdelmaestrocmf.com\\\/portal\\\/#\\\/schema\\\/logo\\\/image\\\/\"},\"sameAs\":[\"https:\\\/\\\/www.facebook.com\\\/WebdelMaestroCMF\\\/\",\"https:\\\/\\\/x.com\\\/cmf_w\",\"https:\\\/\\\/www.pinterest.com\\\/WMCMF\\\/\",\"https:\\\/\\\/www.linkedin.com\\\/company\\\/web-del-maestro-cmf\\\/\",\"https:\\\/\\\/www.instagram.com\\\/wmcmf\\\/\",\"https:\\\/\\\/www.youtube.com\\\/channel\\\/UCDPSvjbdodE5sHnC3OxutHw\",\"https:\\\/\\\/mastodon.social\\\/@wmcmf\",\"https:\\\/\\\/www.tiktok.com\\\/@webdelmaestrocmf\"]},{\"@type\":\"Person\",\"@id\":\"https:\\\/\\\/webdelmaestrocmf.com\\\/portal\\\/#\\\/schema\\\/person\\\/1072a2ed7bd960df8ef99a551fa35dc5\",\"name\":\"Web del Maestro CMF\",\"image\":{\"@type\":\"ImageObject\",\"inLanguage\":\"es\",\"@id\":\"https:\\\/\\\/secure.gravatar.com\\\/avatar\\\/23291dd5b5ae1077dcff3dbb04c3e02bd28403fa75af6d8787d5e97c5bbbe30b?s=96&d=mm&r=g\",\"url\":\"https:\\\/\\\/secure.gravatar.com\\\/avatar\\\/23291dd5b5ae1077dcff3dbb04c3e02bd28403fa75af6d8787d5e97c5bbbe30b?s=96&d=mm&r=g\",\"contentUrl\":\"https:\\\/\\\/secure.gravatar.com\\\/avatar\\\/23291dd5b5ae1077dcff3dbb04c3e02bd28403fa75af6d8787d5e97c5bbbe30b?s=96&d=mm&r=g\",\"caption\":\"Web del Maestro CMF\"},\"description\":\"Esta Web se cre\u00f3 sin fines de lucro, con fines educativos, cient\u00edficos y acad\u00e9micos, para personas que tengan dificultades y\\\/o inconvenientes en visualizar el material original. El objetivo es entregar recursos, compartir experiencias y materiales que ayuden a los padres de familia, maestros y estudiantes en su actualizaci\u00f3n y formaci\u00f3n permanente, en bien de la Educaci\u00f3n.\",\"sameAs\":[\"http:\\\/\\\/webdelmaestrocmf.com\\\/portal\",\"https:\\\/\\\/www.facebook.com\\\/WebdelMaestroCMF\\\/\",\"https:\\\/\\\/www.instagram.com\\\/wmcmf\\\/\",\"https:\\\/\\\/cl.linkedin.com\\\/company\\\/web-del-maestro-cmf\",\"https:\\\/\\\/www.pinterest.com\\\/WMCMF\\\/publicaciones\\\/\",\"https:\\\/\\\/x.com\\\/cmf_w\",\"https:\\\/\\\/www.youtube.com\\\/@WMCMF\"]}]}<\/script>\n<!-- \/ Yoast SEO plugin. -->","yoast_head_json":{"title":"Mar\u00eda Ang\u00e9lica Lucas S\u00e1tiro: Si no hay pensamiento cr\u00edtico, cualquiera te manipula - 2026","description":"La Educadora Mar\u00eda Ang\u00e9lica Lucas S\u00e1tiro ha impartido cursos y conferencias en Brasil, Guatemala, El Salvador, Colombia...","robots":{"index":"index","follow":"follow","max-snippet":"max-snippet:-1","max-image-preview":"max-image-preview:large","max-video-preview":"max-video-preview:-1"},"canonical":"https:\/\/webdelmaestrocmf.com\/portal\/si-no-hay-pensamiento-critico-cualquiera-te-manipula\/","og_locale":"es_ES","og_type":"article","og_title":"Mar\u00eda Ang\u00e9lica Lucas S\u00e1tiro: Si no hay pensamiento cr\u00edtico, cualquiera te manipula - 2026","og_description":"La Educadora Mar\u00eda Ang\u00e9lica Lucas S\u00e1tiro ha impartido cursos y conferencias en Brasil, Guatemala, El Salvador, Colombia...","og_url":"https:\/\/webdelmaestrocmf.com\/portal\/si-no-hay-pensamiento-critico-cualquiera-te-manipula\/","og_site_name":"Web del Maestro CMF","article_publisher":"https:\/\/www.facebook.com\/WebdelMaestroCMF\/","article_author":"https:\/\/www.facebook.com\/WebdelMaestroCMF\/","article_published_time":"2026-01-04T14:01:00+00:00","article_modified_time":"2026-01-04T16:06:12+00:00","og_image":[{"width":1000,"height":667,"url":"https:\/\/webdelmaestrocmf.com\/portal\/wp-content\/uploads\/2024\/01\/Portada-articulos-.jpg","type":"image\/jpeg"}],"author":"Web del Maestro CMF","twitter_card":"summary_large_image","twitter_creator":"@cmf_w","twitter_site":"@cmf_w","schema":{"@context":"https:\/\/schema.org","@graph":[{"@type":"ScholarlyArticle","@id":"https:\/\/webdelmaestrocmf.com\/portal\/si-no-hay-pensamiento-critico-cualquiera-te-manipula\/#article","isPartOf":{"@id":"https:\/\/webdelmaestrocmf.com\/portal\/si-no-hay-pensamiento-critico-cualquiera-te-manipula\/"},"author":{"name":"Web del Maestro CMF","@id":"https:\/\/webdelmaestrocmf.com\/portal\/#\/schema\/person\/1072a2ed7bd960df8ef99a551fa35dc5"},"headline":"Mar\u00eda Ang\u00e9lica Lucas S\u00e1tiro: Si no hay pensamiento cr\u00edtico, cualquiera te manipula","datePublished":"2026-01-04T14:01:00+00:00","dateModified":"2026-01-04T16:06:12+00:00","mainEntityOfPage":{"@id":"https:\/\/webdelmaestrocmf.com\/portal\/si-no-hay-pensamiento-critico-cualquiera-te-manipula\/"},"wordCount":1388,"commentCount":1,"publisher":{"@id":"https:\/\/webdelmaestrocmf.com\/portal\/#organization"},"image":{"@id":"https:\/\/webdelmaestrocmf.com\/portal\/si-no-hay-pensamiento-critico-cualquiera-te-manipula\/#primaryimage"},"thumbnailUrl":"https:\/\/webdelmaestrocmf.com\/portal\/wp-content\/uploads\/2024\/01\/Portada-articulos-.jpg","keywords":["Ang\u00e9lica","CR\u00cdTICO","Lucas","MANIPULAR","Mar\u00eda","Mar\u00eda Ang\u00e9lica Lucas S\u00e1tiro","PENSAMIENTO","PENSAMIENTO CR\u00cdTICO","S\u00e1tiro"],"articleSection":["Charlas"],"inLanguage":"es","potentialAction":[{"@type":"CommentAction","name":"Comment","target":["https:\/\/webdelmaestrocmf.com\/portal\/si-no-hay-pensamiento-critico-cualquiera-te-manipula\/#respond"]}]},{"@type":"WebPage","@id":"https:\/\/webdelmaestrocmf.com\/portal\/si-no-hay-pensamiento-critico-cualquiera-te-manipula\/","url":"https:\/\/webdelmaestrocmf.com\/portal\/si-no-hay-pensamiento-critico-cualquiera-te-manipula\/","name":"Mar\u00eda Ang\u00e9lica Lucas S\u00e1tiro: Si no hay pensamiento cr\u00edtico, cualquiera te manipula - 2026","isPartOf":{"@id":"https:\/\/webdelmaestrocmf.com\/portal\/#website"},"primaryImageOfPage":{"@id":"https:\/\/webdelmaestrocmf.com\/portal\/si-no-hay-pensamiento-critico-cualquiera-te-manipula\/#primaryimage"},"image":{"@id":"https:\/\/webdelmaestrocmf.com\/portal\/si-no-hay-pensamiento-critico-cualquiera-te-manipula\/#primaryimage"},"thumbnailUrl":"https:\/\/webdelmaestrocmf.com\/portal\/wp-content\/uploads\/2024\/01\/Portada-articulos-.jpg","datePublished":"2026-01-04T14:01:00+00:00","dateModified":"2026-01-04T16:06:12+00:00","description":"La Educadora Mar\u00eda Ang\u00e9lica Lucas S\u00e1tiro ha impartido cursos y conferencias en Brasil, Guatemala, El Salvador, Colombia...","breadcrumb":{"@id":"https:\/\/webdelmaestrocmf.com\/portal\/si-no-hay-pensamiento-critico-cualquiera-te-manipula\/#breadcrumb"},"inLanguage":"es","potentialAction":[{"@type":"ReadAction","target":["https:\/\/webdelmaestrocmf.com\/portal\/si-no-hay-pensamiento-critico-cualquiera-te-manipula\/"]}]},{"@type":"ImageObject","inLanguage":"es","@id":"https:\/\/webdelmaestrocmf.com\/portal\/si-no-hay-pensamiento-critico-cualquiera-te-manipula\/#primaryimage","url":"https:\/\/webdelmaestrocmf.com\/portal\/wp-content\/uploads\/2024\/01\/Portada-articulos-.jpg","contentUrl":"https:\/\/webdelmaestrocmf.com\/portal\/wp-content\/uploads\/2024\/01\/Portada-articulos-.jpg","width":1000,"height":667},{"@type":"BreadcrumbList","@id":"https:\/\/webdelmaestrocmf.com\/portal\/si-no-hay-pensamiento-critico-cualquiera-te-manipula\/#breadcrumb","itemListElement":[{"@type":"ListItem","position":1,"name":"Portada","item":"https:\/\/webdelmaestrocmf.com\/portal\/"},{"@type":"ListItem","position":2,"name":"Charlas","item":"https:\/\/webdelmaestrocmf.com\/portal\/category\/charlas\/"},{"@type":"ListItem","position":3,"name":"Mar\u00eda Ang\u00e9lica Lucas S\u00e1tiro: Si no hay pensamiento cr\u00edtico, cualquiera te manipula"}]},{"@type":"WebSite","@id":"https:\/\/webdelmaestrocmf.com\/portal\/#website","url":"https:\/\/webdelmaestrocmf.com\/portal\/","name":"Web del Maestro CMF","description":"Maestros al servicio de la educaci\u00f3n","publisher":{"@id":"https:\/\/webdelmaestrocmf.com\/portal\/#organization"},"alternateName":"WMCMF","potentialAction":[{"@type":"SearchAction","target":{"@type":"EntryPoint","urlTemplate":"https:\/\/webdelmaestrocmf.com\/portal\/?s={search_term_string}"},"query-input":{"@type":"PropertyValueSpecification","valueRequired":true,"valueName":"search_term_string"}}],"inLanguage":"es"},{"@type":"Organization","@id":"https:\/\/webdelmaestrocmf.com\/portal\/#organization","name":"Web del Maestro CMF","alternateName":"WMCMF","url":"https:\/\/webdelmaestrocmf.com\/portal\/","logo":{"@type":"ImageObject","inLanguage":"es","@id":"https:\/\/webdelmaestrocmf.com\/portal\/#\/schema\/logo\/image\/","url":"https:\/\/webdelmaestrocmf.com\/portal\/wp-content\/uploads\/2023\/01\/logo-wmcmf-2.png","contentUrl":"https:\/\/webdelmaestrocmf.com\/portal\/wp-content\/uploads\/2023\/01\/logo-wmcmf-2.png","width":200,"height":60,"caption":"Web del Maestro CMF"},"image":{"@id":"https:\/\/webdelmaestrocmf.com\/portal\/#\/schema\/logo\/image\/"},"sameAs":["https:\/\/www.facebook.com\/WebdelMaestroCMF\/","https:\/\/x.com\/cmf_w","https:\/\/www.pinterest.com\/WMCMF\/","https:\/\/www.linkedin.com\/company\/web-del-maestro-cmf\/","https:\/\/www.instagram.com\/wmcmf\/","https:\/\/www.youtube.com\/channel\/UCDPSvjbdodE5sHnC3OxutHw","https:\/\/mastodon.social\/@wmcmf","https:\/\/www.tiktok.com\/@webdelmaestrocmf"]},{"@type":"Person","@id":"https:\/\/webdelmaestrocmf.com\/portal\/#\/schema\/person\/1072a2ed7bd960df8ef99a551fa35dc5","name":"Web del Maestro CMF","image":{"@type":"ImageObject","inLanguage":"es","@id":"https:\/\/secure.gravatar.com\/avatar\/23291dd5b5ae1077dcff3dbb04c3e02bd28403fa75af6d8787d5e97c5bbbe30b?s=96&d=mm&r=g","url":"https:\/\/secure.gravatar.com\/avatar\/23291dd5b5ae1077dcff3dbb04c3e02bd28403fa75af6d8787d5e97c5bbbe30b?s=96&d=mm&r=g","contentUrl":"https:\/\/secure.gravatar.com\/avatar\/23291dd5b5ae1077dcff3dbb04c3e02bd28403fa75af6d8787d5e97c5bbbe30b?s=96&d=mm&r=g","caption":"Web del Maestro CMF"},"description":"Esta Web se cre\u00f3 sin fines de lucro, con fines educativos, cient\u00edficos y acad\u00e9micos, para personas que tengan dificultades y\/o inconvenientes en visualizar el material original. El objetivo es entregar recursos, compartir experiencias y materiales que ayuden a los padres de familia, maestros y estudiantes en su actualizaci\u00f3n y formaci\u00f3n permanente, en bien de la Educaci\u00f3n.","sameAs":["http:\/\/webdelmaestrocmf.com\/portal","https:\/\/www.facebook.com\/WebdelMaestroCMF\/","https:\/\/www.instagram.com\/wmcmf\/","https:\/\/cl.linkedin.com\/company\/web-del-maestro-cmf","https:\/\/www.pinterest.com\/WMCMF\/publicaciones\/","https:\/\/x.com\/cmf_w","https:\/\/www.youtube.com\/@WMCMF"]}]}},"jetpack_featured_media_url":"https:\/\/webdelmaestrocmf.com\/portal\/wp-content\/uploads\/2024\/01\/Portada-articulos-.jpg","jetpack_sharing_enabled":true,"jetpack-related-posts":[{"id":91233,"url":"https:\/\/webdelmaestrocmf.com\/portal\/david-pastor-vico-la-falta-de-pensamiento-critico-tambien-te-hace-cobarde\/","url_meta":{"origin":33759,"position":0},"title":"David Pastor Vico: La falta de pensamiento cr\u00edtico tambi\u00e9n te hace cobarde","author":"Web del Maestro CMF","date":"1 agosto, 2023","format":false,"excerpt":"David Pastor Vico (1976) naci\u00f3 en B\u00e9lgica donde viv\u00edan y trabajaban sus padres, en 1976. Tras a\u00f1os de ejercicio en la Universidad de Sevilla (Espa\u00f1a), el fil\u00f3sofo, escritor, divulgador y poeta imparte clases desde hace una d\u00e9cada en la Universidad Nacional Aut\u00f3noma de M\u00e9xico (UNAM), y se considera mexicano por\u2026","rel":"","context":"En \u00abEntrevistas\u00bb","block_context":{"text":"Entrevistas","link":"https:\/\/webdelmaestrocmf.com\/portal\/category\/noticias\/entrevistas\/"},"img":{"alt_text":"David Pastor Vico","src":"https:\/\/i0.wp.com\/webdelmaestrocmf.com\/portal\/wp-content\/uploads\/2023\/08\/A12B3C4D-20.jpg?resize=350%2C200&ssl=1","width":350,"height":200,"srcset":"https:\/\/i0.wp.com\/webdelmaestrocmf.com\/portal\/wp-content\/uploads\/2023\/08\/A12B3C4D-20.jpg?resize=350%2C200&ssl=1 1x, https:\/\/i0.wp.com\/webdelmaestrocmf.com\/portal\/wp-content\/uploads\/2023\/08\/A12B3C4D-20.jpg?resize=525%2C300&ssl=1 1.5x, https:\/\/i0.wp.com\/webdelmaestrocmf.com\/portal\/wp-content\/uploads\/2023\/08\/A12B3C4D-20.jpg?resize=700%2C400&ssl=1 2x"},"classes":[]},{"id":110415,"url":"https:\/\/webdelmaestrocmf.com\/portal\/docente-y-didactica-acercamientos-polemicos-una-guia-fundamental-para-transformar-la-ensenanza\/","url_meta":{"origin":33759,"position":1},"title":"\u201cDocente y did\u00e1ctica: Acercamientos pol\u00e9micos\u201d: una gu\u00eda fundamental para transformar la ense\u00f1anza","author":"Web del Maestro CMF","date":"24 junio, 2025","format":false,"excerpt":"Una obra imprescindible para repensar la ense\u00f1anza y renovar la pr\u00e1ctica docente en tiempos de cambio.","rel":"","context":"En \u00abDescarga\u00bb","block_context":{"text":"Descarga","link":"https:\/\/webdelmaestrocmf.com\/portal\/category\/descarga\/"},"img":{"alt_text":"","src":"https:\/\/i0.wp.com\/webdelmaestrocmf.com\/portal\/wp-content\/uploads\/2025\/06\/1A-Banner-1-portada-imagen-10-1-copia-5.webp?resize=350%2C200&ssl=1","width":350,"height":200,"srcset":"https:\/\/i0.wp.com\/webdelmaestrocmf.com\/portal\/wp-content\/uploads\/2025\/06\/1A-Banner-1-portada-imagen-10-1-copia-5.webp?resize=350%2C200&ssl=1 1x, https:\/\/i0.wp.com\/webdelmaestrocmf.com\/portal\/wp-content\/uploads\/2025\/06\/1A-Banner-1-portada-imagen-10-1-copia-5.webp?resize=525%2C300&ssl=1 1.5x, https:\/\/i0.wp.com\/webdelmaestrocmf.com\/portal\/wp-content\/uploads\/2025\/06\/1A-Banner-1-portada-imagen-10-1-copia-5.webp?resize=700%2C400&ssl=1 2x"},"classes":[]},{"id":9099,"url":"https:\/\/webdelmaestrocmf.com\/portal\/20-libros-de-paulo-freire-para-descargar\/","url_meta":{"origin":33759,"position":2},"title":"8 libros de Paulo Freire recomendado para docentes","author":"Web del Maestro CMF","date":"9 agosto, 2018","format":false,"excerpt":"Laberintos del Tiempo, ofrece 8 Libros de Paulo Freire para descargar. Sabemos la importancia que tiene para los profesores, estudiantes de educaci\u00f3n y padres de familia, conocer que la PEDAG\u00d3GICA CR\u00cdTICA como un excelente camino de la ense\u00f1anza \u2013 aprendizaje, invita \u201ca las dos partes involucradas a construir sociedad desde\u2026","rel":"","context":"En \u00abEducaci\u00f3n y Familia\u00bb","block_context":{"text":"Educaci\u00f3n y Familia","link":"https:\/\/webdelmaestrocmf.com\/portal\/category\/pedagogia\/educacion-y-familia\/"},"img":{"alt_text":"","src":"https:\/\/i0.wp.com\/webdelmaestrocmf.com\/portal\/wp-content\/uploads\/2018\/08\/Banner-1-portada-imagen-10-1-4.jpg?resize=350%2C200&ssl=1","width":350,"height":200,"srcset":"https:\/\/i0.wp.com\/webdelmaestrocmf.com\/portal\/wp-content\/uploads\/2018\/08\/Banner-1-portada-imagen-10-1-4.jpg?resize=350%2C200&ssl=1 1x, https:\/\/i0.wp.com\/webdelmaestrocmf.com\/portal\/wp-content\/uploads\/2018\/08\/Banner-1-portada-imagen-10-1-4.jpg?resize=525%2C300&ssl=1 1.5x, https:\/\/i0.wp.com\/webdelmaestrocmf.com\/portal\/wp-content\/uploads\/2018\/08\/Banner-1-portada-imagen-10-1-4.jpg?resize=700%2C400&ssl=1 2x"},"classes":[]},{"id":110484,"url":"https:\/\/webdelmaestrocmf.com\/portal\/libro-para-docentes-teoria-y-educacion-una-mirada-critica-a-la-pedagogia-desde-la-epistemologia-y-la-ontologia\/","url_meta":{"origin":33759,"position":3},"title":"Libro para docentes \u00abTeor\u00eda y educaci\u00f3n: una mirada cr\u00edtica a la pedagog\u00eda desde la epistemolog\u00eda y la ontolog\u00eda\u00bb","author":"Web del Maestro CMF","date":"25 junio, 2025","format":false,"excerpt":"Una obra fundamental para repensar la pedagog\u00eda desde sus ra\u00edces filos\u00f3ficas y afrontar los desaf\u00edos educativos del presente","rel":"","context":"En \u00abDescarga\u00bb","block_context":{"text":"Descarga","link":"https:\/\/webdelmaestrocmf.com\/portal\/category\/descarga\/"},"img":{"alt_text":"","src":"https:\/\/i0.wp.com\/webdelmaestrocmf.com\/portal\/wp-content\/uploads\/2025\/06\/1A-Banner-1-portada-imagen-10-1-copia-8.webp?resize=350%2C200&ssl=1","width":350,"height":200,"srcset":"https:\/\/i0.wp.com\/webdelmaestrocmf.com\/portal\/wp-content\/uploads\/2025\/06\/1A-Banner-1-portada-imagen-10-1-copia-8.webp?resize=350%2C200&ssl=1 1x, https:\/\/i0.wp.com\/webdelmaestrocmf.com\/portal\/wp-content\/uploads\/2025\/06\/1A-Banner-1-portada-imagen-10-1-copia-8.webp?resize=525%2C300&ssl=1 1.5x, https:\/\/i0.wp.com\/webdelmaestrocmf.com\/portal\/wp-content\/uploads\/2025\/06\/1A-Banner-1-portada-imagen-10-1-copia-8.webp?resize=700%2C400&ssl=1 2x"},"classes":[]},{"id":64022,"url":"https:\/\/webdelmaestrocmf.com\/portal\/maria-acaso-hay-que-acabar-con-la-pedagogia-toxica-y-aplicar-nuevas-formulas-para-despertar-el-deseo-de-los-estudiantes-por-aprender\/","url_meta":{"origin":33759,"position":4},"title":"Mar\u00eda Acaso: Hay que acabar con la pedagog\u00eda t\u00f3xica y aplicar nuevas f\u00f3rmulas para despertar el deseo de los estudiantes por aprender","author":"Web del Maestro CMF","date":"18 marzo, 2025","format":false,"excerpt":"Mar\u00eda Acaso, experta en innovaci\u00f3n educativa y\u00a0profesora de la Universidad Complutense. Su m\u00e9todo, al que han llamado\u00a0Art Thinking, tiene como base los descubrimientos de la\u00a0neuroeducaci\u00f3n, que estudia c\u00f3mo aprende el cerebro, y cuyo principal hallazgo es que para que se produzca el aprendizaje es necesario encender una emoci\u00f3n, despertar la\u2026","rel":"","context":"En \u00abEntrevistas\u00bb","block_context":{"text":"Entrevistas","link":"https:\/\/webdelmaestrocmf.com\/portal\/category\/noticias\/entrevistas\/"},"img":{"alt_text":"","src":"https:\/\/i0.wp.com\/webdelmaestrocmf.com\/portal\/wp-content\/uploads\/2025\/03\/1A-Banner-1-portada-imagen-10-1-2-3.jpg?resize=350%2C200&ssl=1","width":350,"height":200,"srcset":"https:\/\/i0.wp.com\/webdelmaestrocmf.com\/portal\/wp-content\/uploads\/2025\/03\/1A-Banner-1-portada-imagen-10-1-2-3.jpg?resize=350%2C200&ssl=1 1x, https:\/\/i0.wp.com\/webdelmaestrocmf.com\/portal\/wp-content\/uploads\/2025\/03\/1A-Banner-1-portada-imagen-10-1-2-3.jpg?resize=525%2C300&ssl=1 1.5x, https:\/\/i0.wp.com\/webdelmaestrocmf.com\/portal\/wp-content\/uploads\/2025\/03\/1A-Banner-1-portada-imagen-10-1-2-3.jpg?resize=700%2C400&ssl=1 2x"},"classes":[]},{"id":110853,"url":"https:\/\/webdelmaestrocmf.com\/portal\/maria-jesus-alava-no-hay-salario-que-pague-el-sufrimiento-de-una-persona-en-el-trabajo\/","url_meta":{"origin":33759,"position":5},"title":"Mar\u00eda Jes\u00fas \u00c1lava: No hay salario que pague el sufrimiento de una persona en el trabajo\u00a0\u00a0\u00a0\u00a0\u00a0\u00a0","author":"Web del Maestro CMF","date":"3 julio, 2025","format":false,"excerpt":"Es sano tener diferencias, intercambiar puntos de vista, debatir y defender lo que pensamos. Pero para que sea \u00fatil, hay que estar dispuestos a escuchar, analizar lo que dice la otra persona y aceptar lo que tenga sentido.","rel":"","context":"En \u00abEntrevistas\u00bb","block_context":{"text":"Entrevistas","link":"https:\/\/webdelmaestrocmf.com\/portal\/category\/noticias\/entrevistas\/"},"img":{"alt_text":"","src":"https:\/\/i0.wp.com\/webdelmaestrocmf.com\/portal\/wp-content\/uploads\/2025\/07\/1A-Banner-1-portada-imagen-10-1-copia-26.webp?resize=350%2C200&ssl=1","width":350,"height":200,"srcset":"https:\/\/i0.wp.com\/webdelmaestrocmf.com\/portal\/wp-content\/uploads\/2025\/07\/1A-Banner-1-portada-imagen-10-1-copia-26.webp?resize=350%2C200&ssl=1 1x, https:\/\/i0.wp.com\/webdelmaestrocmf.com\/portal\/wp-content\/uploads\/2025\/07\/1A-Banner-1-portada-imagen-10-1-copia-26.webp?resize=525%2C300&ssl=1 1.5x, https:\/\/i0.wp.com\/webdelmaestrocmf.com\/portal\/wp-content\/uploads\/2025\/07\/1A-Banner-1-portada-imagen-10-1-copia-26.webp?resize=700%2C400&ssl=1 2x"},"classes":[]}],"_links":{"self":[{"href":"https:\/\/webdelmaestrocmf.com\/portal\/wp-json\/wp\/v2\/posts\/33759","targetHints":{"allow":["GET"]}}],"collection":[{"href":"https:\/\/webdelmaestrocmf.com\/portal\/wp-json\/wp\/v2\/posts"}],"about":[{"href":"https:\/\/webdelmaestrocmf.com\/portal\/wp-json\/wp\/v2\/types\/post"}],"author":[{"embeddable":true,"href":"https:\/\/webdelmaestrocmf.com\/portal\/wp-json\/wp\/v2\/users\/1"}],"replies":[{"embeddable":true,"href":"https:\/\/webdelmaestrocmf.com\/portal\/wp-json\/wp\/v2\/comments?post=33759"}],"version-history":[{"count":1,"href":"https:\/\/webdelmaestrocmf.com\/portal\/wp-json\/wp\/v2\/posts\/33759\/revisions"}],"predecessor-version":[{"id":114514,"href":"https:\/\/webdelmaestrocmf.com\/portal\/wp-json\/wp\/v2\/posts\/33759\/revisions\/114514"}],"wp:featuredmedia":[{"embeddable":true,"href":"https:\/\/webdelmaestrocmf.com\/portal\/wp-json\/wp\/v2\/media\/114513"}],"wp:attachment":[{"href":"https:\/\/webdelmaestrocmf.com\/portal\/wp-json\/wp\/v2\/media?parent=33759"}],"wp:term":[{"taxonomy":"category","embeddable":true,"href":"https:\/\/webdelmaestrocmf.com\/portal\/wp-json\/wp\/v2\/categories?post=33759"},{"taxonomy":"post_tag","embeddable":true,"href":"https:\/\/webdelmaestrocmf.com\/portal\/wp-json\/wp\/v2\/tags?post=33759"}],"curies":[{"name":"wp","href":"https:\/\/api.w.org\/{rel}","templated":true}]}}